{"id":425702,"date":"2023-07-06T07:49:53","date_gmt":"2023-07-06T10:49:53","guid":{"rendered":"https:\/\/www.suno.com.br\/noticias\/?p=425702"},"modified":"2023-07-06T07:49:56","modified_gmt":"2023-07-06T10:49:56","slug":"piso-da-enfermagem-lula-pagamento-retroativo-evm","status":"publish","type":"post","link":"https:\/\/www.suno.com.br\/noticias\/piso-da-enfermagem-lula-pagamento-retroativo-evm\/","title":{"rendered":"Piso da Enfermagem: Lula confirma que governo ir\u00e1 pagar retroativo desde maio"},"content":{"rendered":"<p>O presidente <a href=\"https:\/\/www.suno.com.br\/noticias\/lula-dificuldade-acordo-mercosul-ue-agro-franca\/\" target=\"_blank\" rel=\"noreferrer noopener\">Lula (PT)<\/a> confirmou durante discurso nesta quarta-feira (5) que o governo deve pagar o <strong><a href=\"https:\/\/www.suno.com.br\/noticias\/web-stories\/piso-salarial-enfermagem-resistencia-entenda\/\" target=\"_blank\" rel=\"noreferrer noopener\">piso da enfermagem<\/a><\/strong> de forma retroativa desde maio. A fala se deu na 17\u00aa Confer\u00eancia Nacional de Sa\u00fade, em Bras\u00edlia.<\/p>\t<div class=\"wrapper-featured-image\">\n\t\t<figure class=\"spotlightImg\">\n\n\t\t\t<picture>\n\t\t\t\t<source media=\"(max-width: 768px)\" srcset=\"https:\/\/files.sunoresearch.com.br\/n\/uploads\/2023\/03\/lula-entrevista-arcabouco-fiscal-foto-tv247-youtube-400x200.jpg\">\n\t\t\t\t<img loading=\"lazy\" decoding=\"async\" class=\"newsContent__article__imgCapa lazyloadDisabled \" src=\"https:\/\/files.sunoresearch.com.br\/n\/uploads\/2023\/03\/lula-entrevista-arcabouco-fiscal-foto-tv247-youtube-800x450.jpg\" width=\"800\" height=\"450\" alt=\"Piso da Enfermagem: Lula confirma que governo ir\u00e1 pagar retroativo desde maio\" fetchpriority=high \/>\n\t\t\t<\/picture>\n\n\t\t\t<figcaption class=\"wp-caption-text wp-caption-text--show\">&#039;Vamos diminuir mais ainda a infla\u00e7\u00e3o&#039;, afirma Lula \u00e0s v\u00e9speras do Copom. Foto: Reprodu\u00e7\u00e3o\/YouTube<\/figcaption>\n\t\t<\/figure>\n\t<\/div>\n\n\n\n\n\n\t<p>\n\t\t<a href=\"\" target=\"_blank\" data-element=\"shortcode-suno-banner\" title=\"Banner SUNO, clique e saiba mais\">\n\t\t\t<picture>\n\t\t\t\t<source media=\"(max-width: 500px)\" srcset=\"\">\n\t\t\t\t<img class=\"newsContent__article__imgCapa newsContent__article__imgCapa--banner\"\n\t\t\t\t\tsrc=\"\"\n\t\t\t\t\tdata-promo-id=\"240038\"\t\t\t\t\t\t\t\t\t\t\t\t\t\t\talt=\"\"\n\t\t\t\t>\n\t\t\t<\/picture>\n\t\t<\/a>\n\t<\/p>\n\n\n\n\n\n\n\n<p>&#8220;A companheira N\u00edsia (Trindade, ministra da Sa\u00fade) tomou a decis\u00e3o. Ela vai pagar o piso da enfermagem e o atrasado desde maio, mais o 13\u00ba, para que a gente aprenda a valorizar o ser humano nesse Pa\u00eds&#8221;, declarou o chefe do Executivo.<\/p>\n\n\n\n<p>&#8220;Quem cuida da gente \u00e9 o pessoal da enfermagem. E esse trabalho n\u00e3o pode ser considerado menor&#8221;, comentou <strong>Lula<\/strong>. &#8220;\u00c9 preciso que a gente avalie efetivamente o valor do trabalho por aquilo que ele representa na nossa vida.&#8221;<\/p>\n\n\n\n<p>A <strong>ministra N\u00edsia Trindade<\/strong> tamb\u00e9m discursou no evento. Segundo ela, o <strong>governo <\/strong>trabalha para a implementa\u00e7\u00e3o do piso. <\/p>\n\n\n\n<p>&#8220;N\u00f3s vamos implement\u00e1-lo no setor p\u00fablico e vamos garantir as nove <strong>parcelas <\/strong>previstas para 2023&#8243;, declarou. <\/p>\n\n\n\n<p>&#8220;O nosso governo respeita os poderes da Rep\u00fablica, tanto o Legislativo quanto o Judici\u00e1rio. O <strong>presidente <\/strong>acompanha todas essas decis\u00f5es juntamente com o Minist\u00e9rio.&#8221;<\/p>\n\n\n\n<p>Na segunda-feira (3) o <a href=\"https:\/\/www.suno.com.br\/noticias\/piso-enfermagem-stf-voto-favoravel\/\" target=\"_blank\" rel=\"noreferrer noopener\">Supremo Tribunal Federal (<strong>STF<\/strong>)<\/a> definiu, por oito votos a dois, que o piso nacional da enfermagem deve ser pago aos trabalhadores do setor p\u00fablico pelos Estados e munic\u00edpios na medida dos repasses federais. <\/p>\n\n\n\n<p>O tribunal definiu que prevalece a exig\u00eancia de negocia\u00e7\u00e3o sindical coletiva como requisito procedimental obrigat\u00f3rio, mas que, se n\u00e3o houver acordo, o <strong>piso da enfermagem<\/strong> deve ser pago conforme fixado em lei.<\/p>\n\n\n\n<p>Com Estad\u00e3o Conte\u00fado<\/p>\n\n\n\t<p>\n\t\t<a href=\"https:\/\/lp.suno.com.br\/ebook-gratuito-investindo-no-exterior\/\" target=\"_blank\" data-element=\"shortcode-suno-banner\" title=\"Banner SUNO, clique e saiba mais\">\n\t\t\t<picture>\n\t\t\t\t<source media=\"(max-width: 500px)\" srcset=\"https:\/\/files.sunoresearch.com.br\/n\/uploads\/2023\/03\/400x300-Investindo-no-exterior.png\">\n\t\t\t\t<img class=\"newsContent__article__imgCapa newsContent__article__imgCapa--banner\"\n\t\t\t\t\tsrc=\"https:\/\/files.sunoresearch.com.br\/n\/uploads\/2023\/03\/1420x240-Investindo-no-exterior.png\"\n\t\t\t\t\tdata-promo-id=\"383161\"\t\t\t\t\t\t\t\t\t\twidth='1420' height='240'\t\t\t\t\talt=\"https:\/\/files.sunoresearch.com.br\/n\/uploads\/2023\/03\/1420x240-Investindo-no-exterior.png\"\n\t\t\t\t>\n\t\t\t<\/picture>\n\t\t<\/a>\n\t<\/p>\n\n\n","protected":false},"excerpt":{"rendered":"<p>O presidente Lula (PT) confirmou durante discurso nesta quarta-feira (5) que o governo deve pagar o piso da enfermagem de forma retroativa desde maio. A fala se deu na 17\u00aa Confer\u00eancia Nacional de Sa\u00fade, em Bras\u00edlia. &#039;Vamos diminuir mais ainda a infla\u00e7\u00e3o&#039;, afirma Lula \u00e0s v\u00e9speras do Copom. Foto: Reprodu\u00e7\u00e3o\/YouTube &#8220;A companheira N\u00edsia (Trindade, ministra [&hellip;]<\/p>\n","protected":false},"author":73,"featured_media":378743,"comment_status":"closed","ping_status":"closed","sticky":false,"template":"","format":"standard","meta":[],"categories":[61],"tags":[106444,1556,709],"suno_strategy":[],"class_list":["post-425702","post","type-post","status-publish","format-standard","has-post-thumbnail","hentry","category-politica","tag-agencias","tag-governo-federal","tag-lula"],"yoast_head":"<!-- This site is optimized with the Yoast SEO plugin v24.4 - https:\/\/yoast.com\/wordpress\/plugins\/seo\/ -->\n<title>Piso da Enfermagem: Lula confirma pagamento retroativo desde maio<\/title>\n<meta name=\"description\" content=\"Ainda nesta semana o STF definiu, por oito votos a dois, que o piso nacional da enfermagem deve ser pago aos trabalhadores\" \/>\n<meta name=\"robots\" content=\"index, follow, max-snippet:-1, max-image-preview:large, max-video-preview:-1\" \/>\n<link rel=\"canonical\" href=\"https:\/\/www.suno.com.br\/noticias\/piso-da-enfermagem-lula-pagamento-retroativo-evm\/\" \/>\n<meta property=\"og:locale\" content=\"pt_BR\" \/>\n<meta property=\"og:type\" content=\"article\" \/>\n<meta property=\"og:title\" content=\"Piso da Enfermagem: Lula confirma pagamento retroativo desde maio\" \/>\n<meta property=\"og:description\" content=\"Ainda nesta semana o STF definiu, por oito votos a dois, que o piso nacional da enfermagem deve ser pago aos trabalhadores\" \/>\n<meta property=\"og:url\" content=\"https:\/\/www.suno.com.br\/noticias\/piso-da-enfermagem-lula-pagamento-retroativo-evm\/\" \/>\n<meta property=\"og:site_name\" content=\"Suno Not\u00edcias\" \/>\n<meta property=\"article:publisher\" content=\"https:\/\/facebook.com\/sunoresearch\" \/>\n<meta property=\"og:image\" content=\"https:\/\/files.sunoresearch.com.br\/n\/uploads\/2023\/03\/lula-entrevista-arcabouco-fiscal-foto-tv247-youtube.jpg\" \/>\n\t<meta property=\"og:image:width\" content=\"1200\" \/>\n\t<meta property=\"og:image:height\" content=\"675\" \/>\n\t<meta property=\"og:image:type\" content=\"image\/jpeg\" \/>\n<meta name=\"author\" content=\"Eduardo Vargas\" \/>\n<meta name=\"twitter:card\" content=\"summary_large_image\" \/>\n<meta name=\"twitter:creator\" content=\"@sunoresearch\" \/>\n<meta name=\"twitter:site\" content=\"@sunoresearch\" \/>\n<meta name=\"twitter:label1\" content=\"Escrito por\" \/>\n\t<meta name=\"twitter:data1\" content=\"Eduardo Vargas\" \/>\n\t<meta name=\"twitter:label2\" content=\"Est. tempo de leitura\" \/>\n\t<meta name=\"twitter:data2\" content=\"2 minutos\" \/>\n<script type=\"application\/ld+json\" class=\"yoast-schema-graph\">{\"@context\":\"https:\/\/schema.org\",\"@graph\":[{\"@type\":\"NewsArticle\",\"@id\":\"https:\/\/www.suno.com.br\/noticias\/piso-da-enfermagem-lula-pagamento-retroativo-evm\/#article\",\"isPartOf\":{\"@id\":\"https:\/\/www.suno.com.br\/noticias\/piso-da-enfermagem-lula-pagamento-retroativo-evm\/\"},\"author\":{\"name\":\"Eduardo Vargas\",\"@id\":\"https:\/\/www.suno.com.br\/noticias\/#\/schema\/person\/7f4d362bf3518e76090143ae77bb49a5\"},\"headline\":\"Piso da Enfermagem: Lula confirma que governo ir\u00e1 pagar retroativo desde maio\",\"datePublished\":\"2023-07-06T10:49:53+00:00\",\"dateModified\":\"2023-07-06T10:49:56+00:00\",\"mainEntityOfPage\":{\"@id\":\"https:\/\/www.suno.com.br\/noticias\/piso-da-enfermagem-lula-pagamento-retroativo-evm\/\"},\"wordCount\":283,\"publisher\":{\"@id\":\"https:\/\/www.suno.com.br\/noticias\/#organization\"},\"image\":{\"@id\":\"https:\/\/www.suno.com.br\/noticias\/piso-da-enfermagem-lula-pagamento-retroativo-evm\/#primaryimage\"},\"thumbnailUrl\":\"https:\/\/files.sunoresearch.com.br\/n\/uploads\/2023\/03\/lula-entrevista-arcabouco-fiscal-foto-tv247-youtube.jpg\",\"keywords\":[\"Ag\u00eancias\",\"governo federal\",\"Lula\"],\"articleSection\":[\"Pol\u00edtica\"],\"inLanguage\":\"pt-BR\"},{\"@type\":\"WebPage\",\"@id\":\"https:\/\/www.suno.com.br\/noticias\/piso-da-enfermagem-lula-pagamento-retroativo-evm\/\",\"url\":\"https:\/\/www.suno.com.br\/noticias\/piso-da-enfermagem-lula-pagamento-retroativo-evm\/\",\"name\":\"Piso da Enfermagem: Lula confirma pagamento retroativo desde maio\",\"isPartOf\":{\"@id\":\"https:\/\/www.suno.com.br\/noticias\/#website\"},\"primaryImageOfPage\":{\"@id\":\"https:\/\/www.suno.com.br\/noticias\/piso-da-enfermagem-lula-pagamento-retroativo-evm\/#primaryimage\"},\"image\":{\"@id\":\"https:\/\/www.suno.com.br\/noticias\/piso-da-enfermagem-lula-pagamento-retroativo-evm\/#primaryimage\"},\"thumbnailUrl\":\"https:\/\/files.sunoresearch.com.br\/n\/uploads\/2023\/03\/lula-entrevista-arcabouco-fiscal-foto-tv247-youtube.jpg\",\"datePublished\":\"2023-07-06T10:49:53+00:00\",\"dateModified\":\"2023-07-06T10:49:56+00:00\",\"description\":\"Ainda nesta semana o STF definiu, por oito votos a dois, que o piso nacional da enfermagem deve ser pago aos trabalhadores\",\"breadcrumb\":{\"@id\":\"https:\/\/www.suno.com.br\/noticias\/piso-da-enfermagem-lula-pagamento-retroativo-evm\/#breadcrumb\"},\"inLanguage\":\"pt-BR\",\"potentialAction\":[{\"@type\":\"ReadAction\",\"target\":[\"https:\/\/www.suno.com.br\/noticias\/piso-da-enfermagem-lula-pagamento-retroativo-evm\/\"]}]},{\"@type\":\"ImageObject\",\"inLanguage\":\"pt-BR\",\"@id\":\"https:\/\/www.suno.com.br\/noticias\/piso-da-enfermagem-lula-pagamento-retroativo-evm\/#primaryimage\",\"url\":\"https:\/\/files.sunoresearch.com.br\/n\/uploads\/2023\/03\/lula-entrevista-arcabouco-fiscal-foto-tv247-youtube.jpg\",\"contentUrl\":\"https:\/\/files.sunoresearch.com.br\/n\/uploads\/2023\/03\/lula-entrevista-arcabouco-fiscal-foto-tv247-youtube.jpg\",\"width\":1200,\"height\":675,\"caption\":\"'Vamos diminuir mais ainda a infla\u00e7\u00e3o', afirma Lula \u00e0s v\u00e9speras do Copom. Foto: Reprodu\u00e7\u00e3o\/YouTube\"},{\"@type\":\"BreadcrumbList\",\"@id\":\"https:\/\/www.suno.com.br\/noticias\/piso-da-enfermagem-lula-pagamento-retroativo-evm\/#breadcrumb\",\"itemListElement\":[{\"@type\":\"ListItem\",\"position\":1,\"name\":\"Not\u00edcias\",\"item\":\"https:\/\/www.suno.com.br\/noticias\/\"},{\"@type\":\"ListItem\",\"position\":2,\"name\":\"Pol\u00edtica\",\"item\":\"https:\/\/www.suno.com.br\/noticias\/politica\/\"},{\"@type\":\"ListItem\",\"position\":3,\"name\":\"Piso da Enfermagem: Lula confirma que governo ir\u00e1 pagar retroativo desde maio\"}]},{\"@type\":\"WebSite\",\"@id\":\"https:\/\/www.suno.com.br\/noticias\/#website\",\"url\":\"https:\/\/www.suno.com.br\/noticias\/\",\"name\":\"Suno Not\u00edcias\",\"description\":\"Seu portal de informa\u00e7\u00e3o sobre o mundo dos investimentos\",\"publisher\":{\"@id\":\"https:\/\/www.suno.com.br\/noticias\/#organization\"},\"potentialAction\":[{\"@type\":\"SearchAction\",\"target\":{\"@type\":\"EntryPoint\",\"urlTemplate\":\"https:\/\/www.suno.com.br\/noticias\/?s={search_term_string}\"},\"query-input\":{\"@type\":\"PropertyValueSpecification\",\"valueRequired\":true,\"valueName\":\"search_term_string\"}}],\"inLanguage\":\"pt-BR\"},{\"@type\":\"Organization\",\"@id\":\"https:\/\/www.suno.com.br\/noticias\/#organization\",\"name\":\"Suno Not\u00edcias\",\"url\":\"https:\/\/www.suno.com.br\/noticias\/\",\"logo\":{\"@type\":\"ImageObject\",\"inLanguage\":\"pt-BR\",\"@id\":\"https:\/\/www.suno.com.br\/noticias\/#\/schema\/logo\/image\/\",\"url\":\"https:\/\/files.sunoresearch.com.br\/n\/uploads\/2021\/09\/suno-logo.png\",\"contentUrl\":\"https:\/\/files.sunoresearch.com.br\/n\/uploads\/2021\/09\/suno-logo.png\",\"width\":180,\"height\":180,\"caption\":\"Suno Not\u00edcias\"},\"image\":{\"@id\":\"https:\/\/www.suno.com.br\/noticias\/#\/schema\/logo\/image\/\"},\"sameAs\":[\"https:\/\/facebook.com\/sunoresearch\",\"https:\/\/x.com\/sunoresearch\",\"https:\/\/www.instagram.com\/suno\",\"https:\/\/www.linkedin.com\/company\/suno-research\/\",\"https:\/\/www.youtube.com\/c\/sunoresearch\"]},{\"@type\":\"Person\",\"@id\":\"https:\/\/www.suno.com.br\/noticias\/#\/schema\/person\/7f4d362bf3518e76090143ae77bb49a5\",\"name\":\"Eduardo Vargas\",\"image\":{\"@type\":\"ImageObject\",\"inLanguage\":\"pt-BR\",\"@id\":\"https:\/\/www.suno.com.br\/noticias\/#\/schema\/person\/image\/\",\"url\":\"https:\/\/secure.gravatar.com\/avatar\/dac340933427a22924c9f99d1eb2e3f2?s=96&r=g\",\"contentUrl\":\"https:\/\/secure.gravatar.com\/avatar\/dac340933427a22924c9f99d1eb2e3f2?s=96&r=g\",\"caption\":\"Eduardo Vargas\"},\"description\":\"Jornalista formado pela UFSC, cobre macroeconomia, neg\u00f3cios e startups para o Suno Not\u00edcias, escrevendo principalmente not\u00edcias sobre o mercado financeiro e a bolsa de valores. No YouTube e no Instagram, \u00e9 respons\u00e1vel pela produ\u00e7\u00e3o de Reels e Shorts do Suno Not\u00edcias. Anteriormente, trabalhou cobrindo economia e cotidiano no ND+ e para o ND, maior jornal impresso de Santa Catarina. Cursou um semestre letivo de Estudos de M\u00eddia na Universidad de Buenos Aires.\",\"url\":\"https:\/\/www.suno.com.br\/noticias\/author\/eduardo-vargas\/\"}]}<\/script>\n<!-- \/ Yoast SEO plugin. -->","yoast_head_json":{"title":"Piso da Enfermagem: Lula confirma pagamento retroativo desde maio","description":"Ainda nesta semana o STF definiu, por oito votos a dois, que o piso nacional da enfermagem deve ser pago aos trabalhadores","robots":{"index":"index","follow":"follow","max-snippet":"max-snippet:-1","max-image-preview":"max-image-preview:large","max-video-preview":"max-video-preview:-1"},"canonical":"https:\/\/www.suno.com.br\/noticias\/piso-da-enfermagem-lula-pagamento-retroativo-evm\/","og_locale":"pt_BR","og_type":"article","og_title":"Piso da Enfermagem: Lula confirma pagamento retroativo desde maio","og_description":"Ainda nesta semana o STF definiu, por oito votos a dois, que o piso nacional da enfermagem deve ser pago aos trabalhadores","og_url":"https:\/\/www.suno.com.br\/noticias\/piso-da-enfermagem-lula-pagamento-retroativo-evm\/","og_site_name":"Suno Not\u00edcias","article_publisher":"https:\/\/facebook.com\/sunoresearch","og_image":[{"width":1200,"height":675,"url":"https:\/\/files.sunoresearch.com.br\/n\/uploads\/2023\/03\/lula-entrevista-arcabouco-fiscal-foto-tv247-youtube.jpg","type":"image\/jpeg"}],"author":"Eduardo Vargas","twitter_card":"summary_large_image","twitter_creator":"@sunoresearch","twitter_site":"@sunoresearch","twitter_misc":{"Escrito por":"Eduardo Vargas","Est. tempo de leitura":"2 minutos"},"schema":{"@context":"https:\/\/schema.org","@graph":[{"@type":"NewsArticle","@id":"https:\/\/www.suno.com.br\/noticias\/piso-da-enfermagem-lula-pagamento-retroativo-evm\/#article","isPartOf":{"@id":"https:\/\/www.suno.com.br\/noticias\/piso-da-enfermagem-lula-pagamento-retroativo-evm\/"},"author":{"name":"Eduardo Vargas","@id":"https:\/\/www.suno.com.br\/noticias\/#\/schema\/person\/7f4d362bf3518e76090143ae77bb49a5"},"headline":"Piso da Enfermagem: Lula confirma que governo ir\u00e1 pagar retroativo desde maio","datePublished":"2023-07-06T10:49:53+00:00","dateModified":"2023-07-06T10:49:56+00:00","mainEntityOfPage":{"@id":"https:\/\/www.suno.com.br\/noticias\/piso-da-enfermagem-lula-pagamento-retroativo-evm\/"},"wordCount":283,"publisher":{"@id":"https:\/\/www.suno.com.br\/noticias\/#organization"},"image":{"@id":"https:\/\/www.suno.com.br\/noticias\/piso-da-enfermagem-lula-pagamento-retroativo-evm\/#primaryimage"},"thumbnailUrl":"https:\/\/files.sunoresearch.com.br\/n\/uploads\/2023\/03\/lula-entrevista-arcabouco-fiscal-foto-tv247-youtube.jpg","keywords":["Ag\u00eancias","governo federal","Lula"],"articleSection":["Pol\u00edtica"],"inLanguage":"pt-BR"},{"@type":"WebPage","@id":"https:\/\/www.suno.com.br\/noticias\/piso-da-enfermagem-lula-pagamento-retroativo-evm\/","url":"https:\/\/www.suno.com.br\/noticias\/piso-da-enfermagem-lula-pagamento-retroativo-evm\/","name":"Piso da Enfermagem: Lula confirma pagamento retroativo desde maio","isPartOf":{"@id":"https:\/\/www.suno.com.br\/noticias\/#website"},"primaryImageOfPage":{"@id":"https:\/\/www.suno.com.br\/noticias\/piso-da-enfermagem-lula-pagamento-retroativo-evm\/#primaryimage"},"image":{"@id":"https:\/\/www.suno.com.br\/noticias\/piso-da-enfermagem-lula-pagamento-retroativo-evm\/#primaryimage"},"thumbnailUrl":"https:\/\/files.sunoresearch.com.br\/n\/uploads\/2023\/03\/lula-entrevista-arcabouco-fiscal-foto-tv247-youtube.jpg","datePublished":"2023-07-06T10:49:53+00:00","dateModified":"2023-07-06T10:49:56+00:00","description":"Ainda nesta semana o STF definiu, por oito votos a dois, que o piso nacional da enfermagem deve ser pago aos trabalhadores","breadcrumb":{"@id":"https:\/\/www.suno.com.br\/noticias\/piso-da-enfermagem-lula-pagamento-retroativo-evm\/#breadcrumb"},"inLanguage":"pt-BR","potentialAction":[{"@type":"ReadAction","target":["https:\/\/www.suno.com.br\/noticias\/piso-da-enfermagem-lula-pagamento-retroativo-evm\/"]}]},{"@type":"ImageObject","inLanguage":"pt-BR","@id":"https:\/\/www.suno.com.br\/noticias\/piso-da-enfermagem-lula-pagamento-retroativo-evm\/#primaryimage","url":"https:\/\/files.sunoresearch.com.br\/n\/uploads\/2023\/03\/lula-entrevista-arcabouco-fiscal-foto-tv247-youtube.jpg","contentUrl":"https:\/\/files.sunoresearch.com.br\/n\/uploads\/2023\/03\/lula-entrevista-arcabouco-fiscal-foto-tv247-youtube.jpg","width":1200,"height":675,"caption":"'Vamos diminuir mais ainda a infla\u00e7\u00e3o', afirma Lula \u00e0s v\u00e9speras do Copom. Foto: Reprodu\u00e7\u00e3o\/YouTube"},{"@type":"BreadcrumbList","@id":"https:\/\/www.suno.com.br\/noticias\/piso-da-enfermagem-lula-pagamento-retroativo-evm\/#breadcrumb","itemListElement":[{"@type":"ListItem","position":1,"name":"Not\u00edcias","item":"https:\/\/www.suno.com.br\/noticias\/"},{"@type":"ListItem","position":2,"name":"Pol\u00edtica","item":"https:\/\/www.suno.com.br\/noticias\/politica\/"},{"@type":"ListItem","position":3,"name":"Piso da Enfermagem: Lula confirma que governo ir\u00e1 pagar retroativo desde maio"}]},{"@type":"WebSite","@id":"https:\/\/www.suno.com.br\/noticias\/#website","url":"https:\/\/www.suno.com.br\/noticias\/","name":"Suno Not\u00edcias","description":"Seu portal de informa\u00e7\u00e3o sobre o mundo dos investimentos","publisher":{"@id":"https:\/\/www.suno.com.br\/noticias\/#organization"},"potentialAction":[{"@type":"SearchAction","target":{"@type":"EntryPoint","urlTemplate":"https:\/\/www.suno.com.br\/noticias\/?s={search_term_string}"},"query-input":{"@type":"PropertyValueSpecification","valueRequired":true,"valueName":"search_term_string"}}],"inLanguage":"pt-BR"},{"@type":"Organization","@id":"https:\/\/www.suno.com.br\/noticias\/#organization","name":"Suno Not\u00edcias","url":"https:\/\/www.suno.com.br\/noticias\/","logo":{"@type":"ImageObject","inLanguage":"pt-BR","@id":"https:\/\/www.suno.com.br\/noticias\/#\/schema\/logo\/image\/","url":"https:\/\/files.sunoresearch.com.br\/n\/uploads\/2021\/09\/suno-logo.png","contentUrl":"https:\/\/files.sunoresearch.com.br\/n\/uploads\/2021\/09\/suno-logo.png","width":180,"height":180,"caption":"Suno Not\u00edcias"},"image":{"@id":"https:\/\/www.suno.com.br\/noticias\/#\/schema\/logo\/image\/"},"sameAs":["https:\/\/facebook.com\/sunoresearch","https:\/\/x.com\/sunoresearch","https:\/\/www.instagram.com\/suno","https:\/\/www.linkedin.com\/company\/suno-research\/","https:\/\/www.youtube.com\/c\/sunoresearch"]},{"@type":"Person","@id":"https:\/\/www.suno.com.br\/noticias\/#\/schema\/person\/7f4d362bf3518e76090143ae77bb49a5","name":"Eduardo Vargas","image":{"@type":"ImageObject","inLanguage":"pt-BR","@id":"https:\/\/www.suno.com.br\/noticias\/#\/schema\/person\/image\/","url":"https:\/\/secure.gravatar.com\/avatar\/dac340933427a22924c9f99d1eb2e3f2?s=96&r=g","contentUrl":"https:\/\/secure.gravatar.com\/avatar\/dac340933427a22924c9f99d1eb2e3f2?s=96&r=g","caption":"Eduardo Vargas"},"description":"Jornalista formado pela UFSC, cobre macroeconomia, neg\u00f3cios e startups para o Suno Not\u00edcias, escrevendo principalmente not\u00edcias sobre o mercado financeiro e a bolsa de valores. No YouTube e no Instagram, \u00e9 respons\u00e1vel pela produ\u00e7\u00e3o de Reels e Shorts do Suno Not\u00edcias. Anteriormente, trabalhou cobrindo economia e cotidiano no ND+ e para o ND, maior jornal impresso de Santa Catarina. Cursou um semestre letivo de Estudos de M\u00eddia na Universidad de Buenos Aires.","url":"https:\/\/www.suno.com.br\/noticias\/author\/eduardo-vargas\/"}]}},"default_loop_html":"<div class=\"cardsPage__listCard__boxs\"><div class=\"cardsPage__listCard__boxs__img\"><a href=\"https:\/\/www.suno.com.br\/noticias\/piso-da-enfermagem-lula-pagamento-retroativo-evm\/\"><img class=\"mask\" src=\"https:\/\/www.suno.com.br\/noticias\/wp-content\/themes\/suno\/resources\/images\/spotlight\/spotlight1img\/bg-mask.png\" alt=\"Image Mask\"\/><img src=\"https:\/\/files.sunoresearch.com.br\/n\/uploads\/2023\/03\/lula-entrevista-arcabouco-fiscal-foto-tv247-youtube-400x200.jpg\" alt=\"Piso da Enfermagem: Lula confirma que governo ir\u00e1 pagar retroativo desde maio\"\/><\/a><span class=\"spotlightCategory\"><a href=\"https:\/\/www.suno.com.br\/noticias\/politica\/\">Pol\u00edtica<\/a><\/span><\/div><div class=\"cardsPage__listCard__boxs__content\"><a href=\"https:\/\/www.suno.com.br\/noticias\/piso-da-enfermagem-lula-pagamento-retroativo-evm\/\"><h2 class=\"content__title\">Piso da Enfermagem: Lula confirma que governo ir\u00e1 pagar retroativo desde maio<\/h2><\/a><div class=\"newsContent__article__meta\"><div class=\"newsContent__article__meta__authorBox\"><a href=\"https:\/\/www.suno.com.br\/noticias\/author\/eduardo-vargas\/\" class=\"authorBox__avatar noMobi\"><img src=\"https:\/\/secure.gravatar.com\/avatar\/dac340933427a22924c9f99d1eb2e3f2?s=96&#038;r=g\" alt=\"Eduardo Vargas\"><\/a><div class=\"authorBox__name\"><span>por\n\t\t\t<a href=\"https:\/\/www.suno.com.br\/noticias\/author\/eduardo-vargas\/\"><span itemprop=\"author\">Eduardo Vargas<\/span><\/a><\/span><time datetime=\"2023-07-06T07:49:53-03:00\" itemprop=\"datePublished\">06\/07\/2023 07:49<\/time><\/div><\/div><\/div><\/div><\/div>","single_layout":"posts","amp_enabled":true,"_links":{"self":[{"href":"https:\/\/www.suno.com.br\/noticias\/wp-json\/wp\/v2\/posts\/425702"}],"collection":[{"href":"https:\/\/www.suno.com.br\/noticias\/wp-json\/wp\/v2\/posts"}],"about":[{"href":"https:\/\/www.suno.com.br\/noticias\/wp-json\/wp\/v2\/types\/post"}],"author":[{"embeddable":true,"href":"https:\/\/www.suno.com.br\/noticias\/wp-json\/wp\/v2\/users\/73"}],"replies":[{"embeddable":true,"href":"https:\/\/www.suno.com.br\/noticias\/wp-json\/wp\/v2\/comments?post=425702"}],"version-history":[{"count":3,"href":"https:\/\/www.suno.com.br\/noticias\/wp-json\/wp\/v2\/posts\/425702\/revisions"}],"predecessor-version":[{"id":425719,"href":"https:\/\/www.suno.com.br\/noticias\/wp-json\/wp\/v2\/posts\/425702\/revisions\/425719"}],"wp:featuredmedia":[{"embeddable":true,"href":"https:\/\/www.suno.com.br\/noticias\/wp-json\/wp\/v2\/media\/378743"}],"wp:attachment":[{"href":"https:\/\/www.suno.com.br\/noticias\/wp-json\/wp\/v2\/media?parent=425702"}],"wp:term":[{"taxonomy":"category","embeddable":true,"href":"https:\/\/www.suno.com.br\/noticias\/wp-json\/wp\/v2\/categories?post=425702"},{"taxonomy":"post_tag","embeddable":true,"href":"https:\/\/www.suno.com.br\/noticias\/wp-json\/wp\/v2\/tags?post=425702"},{"taxonomy":"suno_strategy","embeddable":true,"href":"https:\/\/www.suno.com.br\/noticias\/wp-json\/wp\/v2\/suno_strategy?post=425702"}],"curies":[{"name":"wp","href":"https:\/\/api.w.org\/{rel}","templated":true}]}}