{"id":425624,"date":"2023-07-05T19:33:07","date_gmt":"2023-07-05T22:33:07","guid":{"rendered":"https:\/\/www.suno.com.br\/noticias\/?p=425624"},"modified":"2023-07-05T19:47:06","modified_gmt":"2023-07-05T22:47:06","slug":"petrobras-petr4-mudancas-politica-dividendos","status":"publish","type":"post","link":"https:\/\/www.suno.com.br\/noticias\/petrobras-petr4-mudancas-politica-dividendos\/","title":{"rendered":"Petrobras (PETR4) esclarece sobre mudan\u00e7as na pol\u00edtica de dividendos. Veja o que diz o comunicado"},"content":{"rendered":"<p>A <strong>Petrobras<\/strong> (<a href=\"https:\/\/www.suno.com.br\/acoes\/petr4\/\" target=\"_blank\" rel=\"noreferrer noopener\">PETR4<\/a>) trouxe novos esclarecimentos ap\u00f3s a veicula\u00e7\u00e3o na m\u00eddia de uma not\u00edcia sobre o pagamento de seus <a class=\"suno-keyword\" data-force=\"no\" data-priority=\"1\" href=\"https:\/\/www.suno.com.br\/guias\/dividendos\/\" target=\"_blank\" rel=\"noopener\">dividendos<\/a> e <a class=\"suno-keyword\" data-force=\"no\" data-priority=\"1\" href=\"https:\/\/www.suno.com.br\/artigos\/recompra-de-acoes\/\" target=\"_blank\" rel=\"noopener\">recompra de a\u00e7\u00f5es<\/a>.<\/p>\t<div class=\"wrapper-featured-image\">\n\t\t<figure class=\"spotlightImg\">\n\n\t\t\t<picture>\n\t\t\t\t<source media=\"(max-width: 768px)\" srcset=\"https:\/\/files.sunoresearch.com.br\/n\/uploads\/2023\/04\/edificio-sede-da-Petrobras-Edise-400x200.jpg\">\n\t\t\t\t<img loading=\"lazy\" decoding=\"async\" class=\"newsContent__article__imgCapa lazyloadDisabled \" src=\"https:\/\/files.sunoresearch.com.br\/n\/uploads\/2023\/04\/edificio-sede-da-Petrobras-Edise-800x450.jpg\" width=\"800\" height=\"450\" alt=\"Petrobras (PETR4) esclarece sobre mudan\u00e7as na pol\u00edtica de dividendos. Veja o que diz o comunicado\" fetchpriority=high \/>\n\t\t\t<\/picture>\n\n\t\t\t<figcaption class=\"wp-caption-text wp-caption-text--show\">Petrobras (PETR4) - Foto: Ag\u00eancia Petrobras<\/figcaption>\n\t\t<\/figure>\n\t<\/div>\n\n\n\n\n\n\t<p>\n\t\t<a href=\"https:\/\/lp2.suno.com.br\/cl\/black-friday-2025\/?utm_campaign=_SNCDF0E4858_\" target=\"_blank\" data-element=\"shortcode-suno-banner\" title=\"Banner SUNO, clique e saiba mais\">\n\t\t\t<picture>\n\t\t\t\t<source media=\"(max-width: 500px)\" srcset=\"https:\/\/files.sunoresearch.com.br\/n\/uploads\/2025\/10\/Artigos-e-Noticias-Banner-Home-artigos-01-Mobile_-400x300-1-png.webp\">\n\t\t\t\t<img class=\"newsContent__article__imgCapa newsContent__article__imgCapa--banner\"\n\t\t\t\t\tsrc=\"https:\/\/files.sunoresearch.com.br\/n\/uploads\/2025\/10\/Artigos-e-Noticias-Banner-Home-artigos-01-Desktop_-1420x240-1-png.webp\"\n\t\t\t\t\tdata-promo-id=\"311259\"\t\t\t\t\t\t\t\t\t\twidth='1420' height='240'\t\t\t\t\talt=\"https:\/\/files.sunoresearch.com.br\/n\/uploads\/2025\/10\/Artigos-e-Noticias-Banner-Home-artigos-01-Desktop_-1420x240-1-png.webp\"\n\t\t\t\t>\n\t\t\t<\/picture>\n\t\t<\/a>\n\t<\/p>\n\n\n\n\n\n<p>A Petrobras informou que seu <a class=\"suno-keyword\" target=\"_blank\" data-force=\"no\" data-priority=\"1\" href=\"https:\/\/www.suno.com.br\/artigos\/conselho-administracao\/\" rel=\"noopener\">conselho de administra\u00e7\u00e3o<\/a> j\u00e1 havia determinado que a diretoria executiva elaborasse uma proposta de aperfei\u00e7oamento da pol\u00edtica de remunera\u00e7\u00e3o aos acionistas, incluindo a possibilidade de <strong>recompra de a\u00e7\u00f5es<\/strong>.<\/p>\n\n\n\n<p>Por outro lado, a estatal diz que os estudos para o aperfei\u00e7oamento da pol\u00edtica de <strong>remunera\u00e7\u00e3o aos acionistas<\/strong> ainda est\u00e3o em andamento, e que at\u00e9 agora n\u00e3o houve qualquer decis\u00e3o da diretoria executiva ou delibera\u00e7\u00e3o do conselho de administra\u00e7\u00e3o sobre o assunto.<\/p>\n\n\n\t<div data-element=\"shortcode-read-more\" class=\"knowMore\">\n\t\t\t\t<span class=\"knowMore__title\">Leia mais<\/span>\n\t\t\t\t<a class=\"knowMore__link\" href=\"https:\/\/www.suno.com.br\/noticias\/santander-compra-vivo-vivt3-tim-tims3-venda-oi-oibr3\/\">\n\t\t\tBanco recomenda compra das a\u00e7\u00f5es da Vivo (VIVT3) e Tim (TIMS3), e refor\u00e7a venda da Oi (OIBR3)\t\t<\/a>\n\t<\/div>\n\n\n\n\n<p>\u201cA companhia entende que as informa\u00e7\u00f5es relevantes foram devidamente divulgadas ao mercado, n\u00e3o havendo fato novo a ser reportado\u201d, conclui a Petrobras em comunicado. <\/p>\n\n\n\n<p>Os esclarecimentos da Petrobras vieram ap\u00f3s uma not\u00edcia veiculada pela ag\u00eancia Broadcast.<\/p>\n\n\n\n<p>A mat\u00e9ria dizia que, conforme fontes, os <strong>dividendos da Petrobras<\/strong> poderiam continuar na casa de \u201cdois d\u00edgitos\u201d, se referindo ao retorno gerado por esses proventos em dividend yield.<\/p>\n\n\n\n<p>Em outras palavras, a sinaliza\u00e7\u00e3o era de que a rela\u00e7\u00e3o do valor de <strong>proventos da Petrobras<\/strong> pelo pre\u00e7o da a\u00e7\u00e3o poderia ficar em pelo menos 10% para os investidores da companhia.<\/p>\n\n\n\n<h2 class=\"wp-block-heading\">Pr\u00f3ximos dividendos da Petrobras<\/h2>\n\n\n\n<p>Nesse segundo semestre de 2023, a petroleira j\u00e1 tem <strong>novos dividendos<\/strong> para distribuir aos seus acionistas. No dia 18 de agosto a estatal vai pagar R$ 0,946788 por a\u00e7\u00e3o, aos investidores que estiveram posicionados nos pap\u00e9is da companhia at\u00e9 o final da sess\u00e3o do dia 12 de junho.<\/p>\n\n\n\n<p>Essa data de corte tamb\u00e9m servir\u00e1 para os investidores que v\u00e3o receber <strong>proventos da Petrobras<\/strong> no dia 20 de setembro, com o mesmo valor de R$ 0,946788 por a\u00e7\u00e3o.<\/p>\n\n\n\n<p>Segundo o portal Status Invest, a Petrobras j\u00e1 pagou R$ 14,8521 por a\u00e7\u00e3o em dividendos nos \u00faltimos 12 meses. Assim, o dividend yield da empresa \u00e9 de impressionantes 49,46%.<\/p>\n\n\n\n<p>Ainda de acordo com o portal, os dividendos da Petrobras somam R$ 4,7593 por a\u00e7\u00e3o em 2023, referente ao primeiro semestre deste ano, enquanto no mesmo per\u00edodo do ano passado a quantia acumulada era de R$ 6,6857 por a\u00e7\u00e3o. Assim, os proventos da empresa tiveram uma baixa de 28,81% neste ano.<\/p>\n\n\n\n<p>Nesta quarta-feira (5), as <a class=\"suno-keyword\" data-force=\"no\" data-priority=\"1\" href=\"https:\/\/www.suno.com.br\/artigos\/acoes-preferenciais\/\" target=\"_blank\" rel=\"noopener\">a\u00e7\u00f5es preferenciais<\/a> da <strong>Petrobras<\/strong> tiveram uma ligeira queda de 0,13%, enquanto as <a class=\"suno-keyword\" data-force=\"no\" data-priority=\"1\" href=\"https:\/\/www.suno.com.br\/artigos\/o-que-sao-acoes-ordinarias-preferenciais-e-units\/\" target=\"_blank\" rel=\"noopener\">a\u00e7\u00f5es ordin\u00e1rias<\/a> (<strong><a href=\"https:\/\/www.suno.com.br\/acoes\/petr3\/\" target=\"_blank\" rel=\"noreferrer noopener\">PETR3<\/a><\/strong>) terminaram o dia em baixa de 0,03%, pr\u00f3ximo a estabilidade.<\/p>\n\n\n\t<p>\n\t\t<a href=\"https:\/\/lp.suno.com.br\/ebook-como-analisar-uma-acao\/\" target=\"_blank\" data-element=\"shortcode-suno-banner\" title=\"Banner SUNO, clique e saiba mais\">\n\t\t\t<picture>\n\t\t\t\t<source media=\"(max-width: 500px)\" srcset=\"https:\/\/files.sunoresearch.com.br\/n\/uploads\/2023\/12\/Ebook-Acoes-Mobile.jpg\">\n\t\t\t\t<img class=\"newsContent__article__imgCapa newsContent__article__imgCapa--banner\"\n\t\t\t\t\tsrc=\"https:\/\/files.sunoresearch.com.br\/n\/uploads\/2023\/12\/Ebook-Acoes-Desktop.webp\"\n\t\t\t\t\tdata-promo-id=\"311260\"\t\t\t\t\t\t\t\t\t\twidth='1420' height='286'\t\t\t\t\talt=\"https:\/\/files.sunoresearch.com.br\/n\/uploads\/2023\/12\/Ebook-Acoes-Desktop.webp\"\n\t\t\t\t>\n\t\t\t<\/picture>\n\t\t<\/a>\n\t<\/p>\n\n\n","protected":false},"excerpt":{"rendered":"<p>A Petrobras (PETR4) trouxe novos esclarecimentos ap\u00f3s a veicula\u00e7\u00e3o na m\u00eddia de uma not\u00edcia sobre o pagamento de seus dividendos e recompra de a\u00e7\u00f5es. Petrobras (PETR4) &#8211; Foto: Ag\u00eancia Petrobras A Petrobras informou que seu conselho de administra\u00e7\u00e3o j\u00e1 havia determinado que a diretoria executiva elaborasse uma proposta de aperfei\u00e7oamento da pol\u00edtica de remunera\u00e7\u00e3o aos [&hellip;]<\/p>\n","protected":false},"author":173,"featured_media":385140,"comment_status":"closed","ping_status":"closed","sticky":false,"template":"","format":"standard","meta":[],"categories":[64],"tags":[295,595],"suno_strategy":[],"class_list":["post-425624","post","type-post","status-publish","format-standard","has-post-thumbnail","hentry","category-negocios","tag-dividendos","tag-petrobras-petr4"],"yoast_head":"<!-- This site is optimized with the Yoast SEO plugin v24.4 - https:\/\/yoast.com\/wordpress\/plugins\/seo\/ -->\n<title>A Petrobras (PETR4) esclarece sobre mudan\u00e7as na pol\u00edtica de dividendos<\/title>\n<meta name=\"description\" content=\"A Petrobras (PETR4) esclareceu sobre poss\u00edveis mudan\u00e7as em sua pol\u00edtica de dividendos; Veja o que foi dito pela Petrobras.\" \/>\n<meta name=\"robots\" content=\"index, follow, max-snippet:-1, max-image-preview:large, max-video-preview:-1\" \/>\n<link rel=\"canonical\" href=\"https:\/\/www.suno.com.br\/noticias\/petrobras-petr4-mudancas-politica-dividendos\/\" \/>\n<meta property=\"og:locale\" content=\"pt_BR\" \/>\n<meta property=\"og:type\" content=\"article\" \/>\n<meta property=\"og:title\" content=\"A Petrobras (PETR4) esclarece sobre mudan\u00e7as na pol\u00edtica de dividendos\" \/>\n<meta property=\"og:description\" content=\"A Petrobras (PETR4) esclareceu sobre poss\u00edveis mudan\u00e7as em sua pol\u00edtica de dividendos; Veja o que foi dito pela Petrobras.\" \/>\n<meta property=\"og:url\" content=\"https:\/\/www.suno.com.br\/noticias\/petrobras-petr4-mudancas-politica-dividendos\/\" \/>\n<meta property=\"og:site_name\" content=\"Suno Not\u00edcias\" \/>\n<meta property=\"article:publisher\" content=\"https:\/\/facebook.com\/sunoresearch\" \/>\n<meta property=\"og:image\" content=\"https:\/\/files.sunoresearch.com.br\/n\/uploads\/2023\/04\/edificio-sede-da-Petrobras-Edise.jpg\" \/>\n\t<meta property=\"og:image:width\" content=\"1200\" \/>\n\t<meta property=\"og:image:height\" content=\"800\" \/>\n\t<meta property=\"og:image:type\" content=\"image\/jpeg\" \/>\n<meta name=\"author\" content=\"Jo\u00e3o Vitor\" \/>\n<meta name=\"twitter:card\" content=\"summary_large_image\" \/>\n<meta name=\"twitter:creator\" content=\"@sunoresearch\" \/>\n<meta name=\"twitter:site\" content=\"@sunoresearch\" \/>\n<meta name=\"twitter:label1\" content=\"Escrito por\" \/>\n\t<meta name=\"twitter:data1\" content=\"Jo\u00e3o Vitor\" \/>\n\t<meta name=\"twitter:label2\" content=\"Est. tempo de leitura\" \/>\n\t<meta name=\"twitter:data2\" content=\"3 minutos\" \/>\n<script type=\"application\/ld+json\" class=\"yoast-schema-graph\">{\"@context\":\"https:\/\/schema.org\",\"@graph\":[{\"@type\":\"NewsArticle\",\"@id\":\"https:\/\/www.suno.com.br\/noticias\/petrobras-petr4-mudancas-politica-dividendos\/#article\",\"isPartOf\":{\"@id\":\"https:\/\/www.suno.com.br\/noticias\/petrobras-petr4-mudancas-politica-dividendos\/\"},\"author\":{\"name\":\"Jo\u00e3o Vitor\",\"@id\":\"https:\/\/www.suno.com.br\/noticias\/#\/schema\/person\/87fc6973867c52dd884811905c43afba\"},\"headline\":\"Petrobras (PETR4) esclarece sobre mudan\u00e7as na pol\u00edtica de dividendos. Veja o que diz o comunicado\",\"datePublished\":\"2023-07-05T22:33:07+00:00\",\"dateModified\":\"2023-07-05T22:47:06+00:00\",\"mainEntityOfPage\":{\"@id\":\"https:\/\/www.suno.com.br\/noticias\/petrobras-petr4-mudancas-politica-dividendos\/\"},\"wordCount\":433,\"publisher\":{\"@id\":\"https:\/\/www.suno.com.br\/noticias\/#organization\"},\"image\":{\"@id\":\"https:\/\/www.suno.com.br\/noticias\/petrobras-petr4-mudancas-politica-dividendos\/#primaryimage\"},\"thumbnailUrl\":\"https:\/\/files.sunoresearch.com.br\/n\/uploads\/2023\/04\/edificio-sede-da-Petrobras-Edise.jpg\",\"keywords\":[\"dividendos\",\"Petrobras (PETR4)\"],\"articleSection\":[\"Neg\u00f3cios\"],\"inLanguage\":\"pt-BR\"},{\"@type\":\"WebPage\",\"@id\":\"https:\/\/www.suno.com.br\/noticias\/petrobras-petr4-mudancas-politica-dividendos\/\",\"url\":\"https:\/\/www.suno.com.br\/noticias\/petrobras-petr4-mudancas-politica-dividendos\/\",\"name\":\"A Petrobras (PETR4) esclarece sobre mudan\u00e7as na pol\u00edtica de dividendos\",\"isPartOf\":{\"@id\":\"https:\/\/www.suno.com.br\/noticias\/#website\"},\"primaryImageOfPage\":{\"@id\":\"https:\/\/www.suno.com.br\/noticias\/petrobras-petr4-mudancas-politica-dividendos\/#primaryimage\"},\"image\":{\"@id\":\"https:\/\/www.suno.com.br\/noticias\/petrobras-petr4-mudancas-politica-dividendos\/#primaryimage\"},\"thumbnailUrl\":\"https:\/\/files.sunoresearch.com.br\/n\/uploads\/2023\/04\/edificio-sede-da-Petrobras-Edise.jpg\",\"datePublished\":\"2023-07-05T22:33:07+00:00\",\"dateModified\":\"2023-07-05T22:47:06+00:00\",\"description\":\"A Petrobras (PETR4) esclareceu sobre poss\u00edveis mudan\u00e7as em sua pol\u00edtica de dividendos; Veja o que foi dito pela Petrobras.\",\"breadcrumb\":{\"@id\":\"https:\/\/www.suno.com.br\/noticias\/petrobras-petr4-mudancas-politica-dividendos\/#breadcrumb\"},\"inLanguage\":\"pt-BR\",\"potentialAction\":[{\"@type\":\"ReadAction\",\"target\":[\"https:\/\/www.suno.com.br\/noticias\/petrobras-petr4-mudancas-politica-dividendos\/\"]}]},{\"@type\":\"ImageObject\",\"inLanguage\":\"pt-BR\",\"@id\":\"https:\/\/www.suno.com.br\/noticias\/petrobras-petr4-mudancas-politica-dividendos\/#primaryimage\",\"url\":\"https:\/\/files.sunoresearch.com.br\/n\/uploads\/2023\/04\/edificio-sede-da-Petrobras-Edise.jpg\",\"contentUrl\":\"https:\/\/files.sunoresearch.com.br\/n\/uploads\/2023\/04\/edificio-sede-da-Petrobras-Edise.jpg\",\"width\":1200,\"height\":800,\"caption\":\"Petrobras (PETR4) - Foto: Ag\u00eancia Petrobras\"},{\"@type\":\"BreadcrumbList\",\"@id\":\"https:\/\/www.suno.com.br\/noticias\/petrobras-petr4-mudancas-politica-dividendos\/#breadcrumb\",\"itemListElement\":[{\"@type\":\"ListItem\",\"position\":1,\"name\":\"Not\u00edcias\",\"item\":\"https:\/\/www.suno.com.br\/noticias\/\"},{\"@type\":\"ListItem\",\"position\":2,\"name\":\"Neg\u00f3cios\",\"item\":\"https:\/\/www.suno.com.br\/noticias\/negocios\/\"},{\"@type\":\"ListItem\",\"position\":3,\"name\":\"Petrobras (PETR4) esclarece sobre mudan\u00e7as na pol\u00edtica de dividendos. Veja o que diz o comunicado\"}]},{\"@type\":\"WebSite\",\"@id\":\"https:\/\/www.suno.com.br\/noticias\/#website\",\"url\":\"https:\/\/www.suno.com.br\/noticias\/\",\"name\":\"Suno Not\u00edcias\",\"description\":\"Seu portal de informa\u00e7\u00e3o sobre o mundo dos investimentos\",\"publisher\":{\"@id\":\"https:\/\/www.suno.com.br\/noticias\/#organization\"},\"potentialAction\":[{\"@type\":\"SearchAction\",\"target\":{\"@type\":\"EntryPoint\",\"urlTemplate\":\"https:\/\/www.suno.com.br\/noticias\/?s={search_term_string}\"},\"query-input\":{\"@type\":\"PropertyValueSpecification\",\"valueRequired\":true,\"valueName\":\"search_term_string\"}}],\"inLanguage\":\"pt-BR\"},{\"@type\":\"Organization\",\"@id\":\"https:\/\/www.suno.com.br\/noticias\/#organization\",\"name\":\"Suno Not\u00edcias\",\"url\":\"https:\/\/www.suno.com.br\/noticias\/\",\"logo\":{\"@type\":\"ImageObject\",\"inLanguage\":\"pt-BR\",\"@id\":\"https:\/\/www.suno.com.br\/noticias\/#\/schema\/logo\/image\/\",\"url\":\"https:\/\/files.sunoresearch.com.br\/n\/uploads\/2021\/09\/suno-logo.png\",\"contentUrl\":\"https:\/\/files.sunoresearch.com.br\/n\/uploads\/2021\/09\/suno-logo.png\",\"width\":180,\"height\":180,\"caption\":\"Suno Not\u00edcias\"},\"image\":{\"@id\":\"https:\/\/www.suno.com.br\/noticias\/#\/schema\/logo\/image\/\"},\"sameAs\":[\"https:\/\/facebook.com\/sunoresearch\",\"https:\/\/x.com\/sunoresearch\",\"https:\/\/www.instagram.com\/suno\",\"https:\/\/www.linkedin.com\/company\/suno-research\/\",\"https:\/\/www.youtube.com\/c\/sunoresearch\"]},{\"@type\":\"Person\",\"@id\":\"https:\/\/www.suno.com.br\/noticias\/#\/schema\/person\/87fc6973867c52dd884811905c43afba\",\"name\":\"Jo\u00e3o Vitor\",\"image\":{\"@type\":\"ImageObject\",\"inLanguage\":\"pt-BR\",\"@id\":\"https:\/\/www.suno.com.br\/noticias\/#\/schema\/person\/image\/\",\"url\":\"https:\/\/secure.gravatar.com\/avatar\/2843227ca03ccf8cc7ccca45204c127e?s=96&r=g\",\"contentUrl\":\"https:\/\/secure.gravatar.com\/avatar\/2843227ca03ccf8cc7ccca45204c127e?s=96&r=g\",\"caption\":\"Jo\u00e3o Vitor\"},\"description\":\"Redator profissional, com atua\u00e7\u00e3o no mercado editorial na produ\u00e7\u00e3o de not\u00edcias e conte\u00fados sobre o mercado de a\u00e7\u00f5es, fundos imobili\u00e1rios e economia popular. Graduando em Engenharia Qu\u00edmica pela Unesp, tamb\u00e9m j\u00e1 atuou como consultor financeiro.\",\"url\":\"https:\/\/www.suno.com.br\/noticias\/author\/joao-vitor-jacintho\/\"}]}<\/script>\n<!-- \/ Yoast SEO plugin. -->","yoast_head_json":{"title":"A Petrobras (PETR4) esclarece sobre mudan\u00e7as na pol\u00edtica de dividendos","description":"A Petrobras (PETR4) esclareceu sobre poss\u00edveis mudan\u00e7as em sua pol\u00edtica de dividendos; Veja o que foi dito pela Petrobras.","robots":{"index":"index","follow":"follow","max-snippet":"max-snippet:-1","max-image-preview":"max-image-preview:large","max-video-preview":"max-video-preview:-1"},"canonical":"https:\/\/www.suno.com.br\/noticias\/petrobras-petr4-mudancas-politica-dividendos\/","og_locale":"pt_BR","og_type":"article","og_title":"A Petrobras (PETR4) esclarece sobre mudan\u00e7as na pol\u00edtica de dividendos","og_description":"A Petrobras (PETR4) esclareceu sobre poss\u00edveis mudan\u00e7as em sua pol\u00edtica de dividendos; Veja o que foi dito pela Petrobras.","og_url":"https:\/\/www.suno.com.br\/noticias\/petrobras-petr4-mudancas-politica-dividendos\/","og_site_name":"Suno Not\u00edcias","article_publisher":"https:\/\/facebook.com\/sunoresearch","og_image":[{"width":1200,"height":800,"url":"https:\/\/files.sunoresearch.com.br\/n\/uploads\/2023\/04\/edificio-sede-da-Petrobras-Edise.jpg","type":"image\/jpeg"}],"author":"Jo\u00e3o Vitor","twitter_card":"summary_large_image","twitter_creator":"@sunoresearch","twitter_site":"@sunoresearch","twitter_misc":{"Escrito por":"Jo\u00e3o Vitor","Est. tempo de leitura":"3 minutos"},"schema":{"@context":"https:\/\/schema.org","@graph":[{"@type":"NewsArticle","@id":"https:\/\/www.suno.com.br\/noticias\/petrobras-petr4-mudancas-politica-dividendos\/#article","isPartOf":{"@id":"https:\/\/www.suno.com.br\/noticias\/petrobras-petr4-mudancas-politica-dividendos\/"},"author":{"name":"Jo\u00e3o Vitor","@id":"https:\/\/www.suno.com.br\/noticias\/#\/schema\/person\/87fc6973867c52dd884811905c43afba"},"headline":"Petrobras (PETR4) esclarece sobre mudan\u00e7as na pol\u00edtica de dividendos. Veja o que diz o comunicado","datePublished":"2023-07-05T22:33:07+00:00","dateModified":"2023-07-05T22:47:06+00:00","mainEntityOfPage":{"@id":"https:\/\/www.suno.com.br\/noticias\/petrobras-petr4-mudancas-politica-dividendos\/"},"wordCount":433,"publisher":{"@id":"https:\/\/www.suno.com.br\/noticias\/#organization"},"image":{"@id":"https:\/\/www.suno.com.br\/noticias\/petrobras-petr4-mudancas-politica-dividendos\/#primaryimage"},"thumbnailUrl":"https:\/\/files.sunoresearch.com.br\/n\/uploads\/2023\/04\/edificio-sede-da-Petrobras-Edise.jpg","keywords":["dividendos","Petrobras (PETR4)"],"articleSection":["Neg\u00f3cios"],"inLanguage":"pt-BR"},{"@type":"WebPage","@id":"https:\/\/www.suno.com.br\/noticias\/petrobras-petr4-mudancas-politica-dividendos\/","url":"https:\/\/www.suno.com.br\/noticias\/petrobras-petr4-mudancas-politica-dividendos\/","name":"A Petrobras (PETR4) esclarece sobre mudan\u00e7as na pol\u00edtica de dividendos","isPartOf":{"@id":"https:\/\/www.suno.com.br\/noticias\/#website"},"primaryImageOfPage":{"@id":"https:\/\/www.suno.com.br\/noticias\/petrobras-petr4-mudancas-politica-dividendos\/#primaryimage"},"image":{"@id":"https:\/\/www.suno.com.br\/noticias\/petrobras-petr4-mudancas-politica-dividendos\/#primaryimage"},"thumbnailUrl":"https:\/\/files.sunoresearch.com.br\/n\/uploads\/2023\/04\/edificio-sede-da-Petrobras-Edise.jpg","datePublished":"2023-07-05T22:33:07+00:00","dateModified":"2023-07-05T22:47:06+00:00","description":"A Petrobras (PETR4) esclareceu sobre poss\u00edveis mudan\u00e7as em sua pol\u00edtica de dividendos; Veja o que foi dito pela Petrobras.","breadcrumb":{"@id":"https:\/\/www.suno.com.br\/noticias\/petrobras-petr4-mudancas-politica-dividendos\/#breadcrumb"},"inLanguage":"pt-BR","potentialAction":[{"@type":"ReadAction","target":["https:\/\/www.suno.com.br\/noticias\/petrobras-petr4-mudancas-politica-dividendos\/"]}]},{"@type":"ImageObject","inLanguage":"pt-BR","@id":"https:\/\/www.suno.com.br\/noticias\/petrobras-petr4-mudancas-politica-dividendos\/#primaryimage","url":"https:\/\/files.sunoresearch.com.br\/n\/uploads\/2023\/04\/edificio-sede-da-Petrobras-Edise.jpg","contentUrl":"https:\/\/files.sunoresearch.com.br\/n\/uploads\/2023\/04\/edificio-sede-da-Petrobras-Edise.jpg","width":1200,"height":800,"caption":"Petrobras (PETR4) - Foto: Ag\u00eancia Petrobras"},{"@type":"BreadcrumbList","@id":"https:\/\/www.suno.com.br\/noticias\/petrobras-petr4-mudancas-politica-dividendos\/#breadcrumb","itemListElement":[{"@type":"ListItem","position":1,"name":"Not\u00edcias","item":"https:\/\/www.suno.com.br\/noticias\/"},{"@type":"ListItem","position":2,"name":"Neg\u00f3cios","item":"https:\/\/www.suno.com.br\/noticias\/negocios\/"},{"@type":"ListItem","position":3,"name":"Petrobras (PETR4) esclarece sobre mudan\u00e7as na pol\u00edtica de dividendos. Veja o que diz o comunicado"}]},{"@type":"WebSite","@id":"https:\/\/www.suno.com.br\/noticias\/#website","url":"https:\/\/www.suno.com.br\/noticias\/","name":"Suno Not\u00edcias","description":"Seu portal de informa\u00e7\u00e3o sobre o mundo dos investimentos","publisher":{"@id":"https:\/\/www.suno.com.br\/noticias\/#organization"},"potentialAction":[{"@type":"SearchAction","target":{"@type":"EntryPoint","urlTemplate":"https:\/\/www.suno.com.br\/noticias\/?s={search_term_string}"},"query-input":{"@type":"PropertyValueSpecification","valueRequired":true,"valueName":"search_term_string"}}],"inLanguage":"pt-BR"},{"@type":"Organization","@id":"https:\/\/www.suno.com.br\/noticias\/#organization","name":"Suno Not\u00edcias","url":"https:\/\/www.suno.com.br\/noticias\/","logo":{"@type":"ImageObject","inLanguage":"pt-BR","@id":"https:\/\/www.suno.com.br\/noticias\/#\/schema\/logo\/image\/","url":"https:\/\/files.sunoresearch.com.br\/n\/uploads\/2021\/09\/suno-logo.png","contentUrl":"https:\/\/files.sunoresearch.com.br\/n\/uploads\/2021\/09\/suno-logo.png","width":180,"height":180,"caption":"Suno Not\u00edcias"},"image":{"@id":"https:\/\/www.suno.com.br\/noticias\/#\/schema\/logo\/image\/"},"sameAs":["https:\/\/facebook.com\/sunoresearch","https:\/\/x.com\/sunoresearch","https:\/\/www.instagram.com\/suno","https:\/\/www.linkedin.com\/company\/suno-research\/","https:\/\/www.youtube.com\/c\/sunoresearch"]},{"@type":"Person","@id":"https:\/\/www.suno.com.br\/noticias\/#\/schema\/person\/87fc6973867c52dd884811905c43afba","name":"Jo\u00e3o Vitor","image":{"@type":"ImageObject","inLanguage":"pt-BR","@id":"https:\/\/www.suno.com.br\/noticias\/#\/schema\/person\/image\/","url":"https:\/\/secure.gravatar.com\/avatar\/2843227ca03ccf8cc7ccca45204c127e?s=96&r=g","contentUrl":"https:\/\/secure.gravatar.com\/avatar\/2843227ca03ccf8cc7ccca45204c127e?s=96&r=g","caption":"Jo\u00e3o Vitor"},"description":"Redator profissional, com atua\u00e7\u00e3o no mercado editorial na produ\u00e7\u00e3o de not\u00edcias e conte\u00fados sobre o mercado de a\u00e7\u00f5es, fundos imobili\u00e1rios e economia popular. Graduando em Engenharia Qu\u00edmica pela Unesp, tamb\u00e9m j\u00e1 atuou como consultor financeiro.","url":"https:\/\/www.suno.com.br\/noticias\/author\/joao-vitor-jacintho\/"}]}},"default_loop_html":"<div class=\"cardsPage__listCard__boxs\"><div class=\"cardsPage__listCard__boxs__img\"><a href=\"https:\/\/www.suno.com.br\/noticias\/petrobras-petr4-mudancas-politica-dividendos\/\"><img class=\"mask\" src=\"https:\/\/www.suno.com.br\/noticias\/wp-content\/themes\/suno\/resources\/images\/spotlight\/spotlight1img\/bg-mask.png\" alt=\"Image Mask\"\/><img src=\"https:\/\/files.sunoresearch.com.br\/n\/uploads\/2023\/04\/edificio-sede-da-Petrobras-Edise-400x200.jpg\" alt=\"Petrobras (PETR4) esclarece sobre mudan\u00e7as na pol\u00edtica de dividendos. Veja o que diz o comunicado\"\/><\/a><span class=\"spotlightCategory\"><a href=\"https:\/\/www.suno.com.br\/noticias\/negocios\/\">Neg\u00f3cios<\/a><\/span><\/div><div class=\"cardsPage__listCard__boxs__content\"><a href=\"https:\/\/www.suno.com.br\/noticias\/petrobras-petr4-mudancas-politica-dividendos\/\"><h2 class=\"content__title\">Petrobras (PETR4) esclarece sobre mudan\u00e7as na pol\u00edtica de dividendos. Veja o que diz o comunicado<\/h2><\/a><div class=\"newsContent__article__meta\"><div class=\"newsContent__article__meta__authorBox\"><a href=\"https:\/\/www.suno.com.br\/noticias\/author\/joao-vitor-jacintho\/\" class=\"authorBox__avatar noMobi\"><img src=\"https:\/\/secure.gravatar.com\/avatar\/2843227ca03ccf8cc7ccca45204c127e?s=96&#038;r=g\" alt=\"Jo\u00e3o Vitor Jacintho\"><\/a><div class=\"authorBox__name\"><span>por\n\t\t\t<a href=\"https:\/\/www.suno.com.br\/noticias\/author\/joao-vitor-jacintho\/\"><span itemprop=\"author\">Jo\u00e3o Vitor Jacintho<\/span><\/a><\/span><time datetime=\"2023-07-05T19:33:07-03:00\" itemprop=\"datePublished\">05\/07\/2023 19:33<\/time><\/div><\/div><\/div><\/div><\/div>","single_layout":"posts","amp_enabled":true,"_links":{"self":[{"href":"https:\/\/www.suno.com.br\/noticias\/wp-json\/wp\/v2\/posts\/425624"}],"collection":[{"href":"https:\/\/www.suno.com.br\/noticias\/wp-json\/wp\/v2\/posts"}],"about":[{"href":"https:\/\/www.suno.com.br\/noticias\/wp-json\/wp\/v2\/types\/post"}],"author":[{"embeddable":true,"href":"https:\/\/www.suno.com.br\/noticias\/wp-json\/wp\/v2\/users\/173"}],"replies":[{"embeddable":true,"href":"https:\/\/www.suno.com.br\/noticias\/wp-json\/wp\/v2\/comments?post=425624"}],"version-history":[{"count":2,"href":"https:\/\/www.suno.com.br\/noticias\/wp-json\/wp\/v2\/posts\/425624\/revisions"}],"predecessor-version":[{"id":425637,"href":"https:\/\/www.suno.com.br\/noticias\/wp-json\/wp\/v2\/posts\/425624\/revisions\/425637"}],"wp:featuredmedia":[{"embeddable":true,"href":"https:\/\/www.suno.com.br\/noticias\/wp-json\/wp\/v2\/media\/385140"}],"wp:attachment":[{"href":"https:\/\/www.suno.com.br\/noticias\/wp-json\/wp\/v2\/media?parent=425624"}],"wp:term":[{"taxonomy":"category","embeddable":true,"href":"https:\/\/www.suno.com.br\/noticias\/wp-json\/wp\/v2\/categories?post=425624"},{"taxonomy":"post_tag","embeddable":true,"href":"https:\/\/www.suno.com.br\/noticias\/wp-json\/wp\/v2\/tags?post=425624"},{"taxonomy":"suno_strategy","embeddable":true,"href":"https:\/\/www.suno.com.br\/noticias\/wp-json\/wp\/v2\/suno_strategy?post=425624"}],"curies":[{"name":"wp","href":"https:\/\/api.w.org\/{rel}","templated":true}]}}