{"id":425603,"date":"2023-07-05T19:24:19","date_gmt":"2023-07-05T22:24:19","guid":{"rendered":"https:\/\/www.suno.com.br\/noticias\/?p=425603"},"modified":"2023-07-05T19:24:28","modified_gmt":"2023-07-05T22:24:28","slug":"santander-compra-vivo-vivt3-tim-tims3-venda-oi-oibr3","status":"publish","type":"post","link":"https:\/\/www.suno.com.br\/noticias\/santander-compra-vivo-vivt3-tim-tims3-venda-oi-oibr3\/","title":{"rendered":"Banco recomenda compra das a\u00e7\u00f5es da Vivo (VIVT3) e Tim (TIMS3), e refor\u00e7a venda da Oi (OIBR3)"},"content":{"rendered":"<p>Em relat\u00f3rio divulgado, nesta quarta-feira (5), o Santander refor\u00e7ou a recomenda\u00e7\u00e3o de venda dos pap\u00e9is da <a class=\"suno-keyword\" data-force=\"yes\" data-priority=\"2\" href=\"https:\/\/www.suno.com.br\/acoes\/OIBR3\/\" target=\"_blank\" rel=\"noopener\"><strong>Oi<\/strong> (OIBR3)<\/a>. Para <a class=\"suno-keyword\" data-force=\"yes\" data-priority=\"2\" href=\"https:\/\/www.suno.com.br\/acoes\/VIVT3\/\" target=\"_blank\" rel=\"noopener\">Telef\u00f4nica Vivo (VIVT3)<\/a> e <a class=\"suno-keyword\" data-force=\"yes\" data-priority=\"2\" href=\"https:\/\/www.suno.com.br\/acoes\/TIMS3\/\" target=\"_blank\" rel=\"noopener\">TIM (TIMS3)<\/a>, a recomenda\u00e7\u00e3o \u00e9 de compra com pre\u00e7os-alvo de, respectivamente, R$ 55 e R$ 17.<\/p>\t<div class=\"wrapper-featured-image\">\n\t\t<figure class=\"spotlightImg\">\n\n\t\t\t<picture>\n\t\t\t\t<source media=\"(max-width: 768px)\" srcset=\"https:\/\/files.sunoresearch.com.br\/n\/uploads\/2021\/02\/2ad2106d-1200px-telefonica01-400x200.webp\">\n\t\t\t\t<img loading=\"lazy\" decoding=\"async\" class=\"newsContent__article__imgCapa lazyloadDisabled \" src=\"https:\/\/files.sunoresearch.com.br\/n\/uploads\/2021\/02\/2ad2106d-1200px-telefonica01-800x450.webp\" width=\"800\" height=\"450\" alt=\"Banco recomenda compra das a\u00e7\u00f5es da Vivo (VIVT3) e Tim (TIMS3), e refor\u00e7a venda da Oi (OIBR3)\" fetchpriority=high \/>\n\t\t\t<\/picture>\n\n\t\t\t<figcaption class=\"wp-caption-text wp-caption-text--show\">Telef\u00f4nica Brasil. Foto: Divulga\u00e7\u00e3o<\/figcaption>\n\t\t<\/figure>\n\t<\/div>\n\n\n\n\n\n\t<p>\n\t\t<a href=\"\" target=\"_blank\" data-element=\"shortcode-suno-banner\" title=\"Banner SUNO, clique e saiba mais\">\n\t\t\t<picture>\n\t\t\t\t<source media=\"(max-width: 500px)\" srcset=\"\">\n\t\t\t\t<img class=\"newsContent__article__imgCapa newsContent__article__imgCapa--banner\"\n\t\t\t\t\tsrc=\"\"\n\t\t\t\t\tdata-promo-id=\"250705\"\t\t\t\t\t\t\t\t\t\t\t\t\t\t\talt=\"\"\n\t\t\t\t>\n\t\t\t<\/picture>\n\t\t<\/a>\n\t<\/p>\n\n\n\n\n\n\n\n<p>Segundo o banco, a expectativa \u00e9 de que as <strong>operadoras de telecomunica\u00e7\u00f5es<\/strong> reportem bons resultados no 2T23, por causa de um crescimento s\u00f3lido de receita e margens de Ebitda ((Lucros antes de juros, impostos, deprecia\u00e7\u00e3o e amortiza\u00e7\u00e3o) saud\u00e1veis. \u201cAs boas tend\u00eancias de crescimento de receita devem ser impulsionadas principalmente pelo segmento m\u00f3vel, j\u00e1 que as operadoras continuam implementando aumentos de pre\u00e7os consider\u00e1veis para suas bases de clientes de controle e p\u00f3s-pagos.\u201d<\/p>\n\n\n\n<p>Com isso, a<strong> equipe do Santander<\/strong> espera que a Vivo supere a Tim no crescimento de primeira linha, com uma taxa de crescimento de 8% em compara\u00e7\u00e3o com 5%. Quanto \u00e0 lucratividade, ambas devem mostrar melhorias na <a class=\"suno-keyword\" data-force=\"no\" data-priority=\"1\" href=\"https:\/\/www.suno.com.br\/artigos\/margem-ebitda\/\" target=\"_blank\" rel=\"noopener\">margem Ebitda<\/a>. Em compara\u00e7\u00e3o ao ano anterior, a TIM est\u00e1 projetada para registrar uma expans\u00e3o de aproximadamente 220 pontos-base (bps) na margem Ebitda e a Vivo aumento de 20 pontos-base (bps).<\/p>\n\n\n\n<p>Em meio a sua <a href=\"https:\/\/www.suno.com.br\/noticias\/oi-oibr3-justica-autoriza-financiamento-bilionaria\/\">segunda recupera\u00e7\u00e3o judicial<\/a>, a Oi (OIBR3) teve recomenda\u00e7\u00e3o de venda e pre\u00e7o-alvo de R$ 0,15 pelo banco &#8211; ante a cota\u00e7\u00e3o atual, de R$ 1,03%. Nos \u00faltimos doze meses a <strong>a\u00e7\u00e3o da Oi <\/strong>acumula queda de 81%. <\/p>\n\n\n\n<div class=\"pluginQuotation\">\n  <p class=\"ticker\">\n    Cota\u00e7\u00e3o <span>OIBR3<\/span>\n  <\/p>\n  <div class=\"info\">\n    <div class=\"leftSide\">\n      Gr\u00e1fico gerado em: 05\/07\/2023    <\/div>\n\t\t\t\t\t<div class=\"rightSide\">\n\t\t\t\t\t<span class=\"period\">\n\t\t\t\t\t\t1 M\u00eas\t\t\t\t\t<\/span>\n\t\t\t<\/div>\n\t\t  <\/div>\n\n  <div id=\"chart-ce9f236dbcc77bcea9f0e0713d985f8d\" data-block-hash=\"ce9f236dbcc77bcea9f0e0713d985f8d\"  class=\"chart\" style=\"width:100%;height:400px;\"><\/div>\n\n  <div class=\"pluginQuotation__footer\">\n    <div class=\"dataChart\">\n\n      <div class=\"dataChart__div1 variation\">\n        <div class=\"value-negative\">\n          0,00 (0,00%)        <\/div>\n        <div class=\"text\">\n          Varia\u00e7\u00e3o do per\u00edodo\n        <\/div>\n      <\/div>\n\n      <div class=\"dataChart__div2 minMax\">\n        <div class=\"value\">\n          R$\u00a01,03        <\/div>\n        <div class=\"text\">\n          M\u00ednima\n        <\/div>\n      <\/div>\n\n      <div class=\"dataChart__div3 minMax\">\n        <div class=\"value\">\n          R$\u00a01,19        <\/div>\n        <div class=\"text\">\n          M\u00e1xima\n        <\/div>\n      <\/div>\n\n\t\t\t<div class=\"dataChart__div4 rightSide\">\n\t\t\t\t<div class=\"analiticaSource\">\n\t\t\t\t\t<span>\n\t\t\t\t\t\tFonte:\n\t\t\t\t\t<\/span>\n\t\t\t\t\t<img decoding=\"async\" class=\"analiticaLogo\" src=\"https:\/\/www.suno.com.br\/noticias\/wp-content\/plugins\/suno-block-ticker-quotation\/src\/suno-analitica-logo.png\" alt=\"Logo Suno Anal\u00edtica\" \/>\n\t\t\t\t<\/div>\n\n\t\t\t\t<a href=\"https:\/\/www.suno.com.br\/analitica\/acoes\/OIBR3\" target=\"_blank\">\n\t\t\t\t\t<span>\n\t\t\t\t\t\tVer mais cota\u00e7\u00f5es\n\t\t\t\t\t<\/span>\n\t\t\t\t\t<svg xmlns=\"http:\/\/www.w3.org\/2000\/svg\" width=\"9\" height=\"8\" viewBox=\"0 0 9 8\" fill=\"none\">\n\t\t\t\t\t\t<path d=\"M4.20996 0L3.50496 0.705L6.29496 3.5H0.209961V4.5H6.29496L3.50496 7.295L4.20996 8L8.20996 4L4.20996 0Z\" fill=\"#D42126\" \/>\n\t\t\t\t\t<\/svg>\n\t\t\t\t<\/a>\n    <\/div>\n\n    <\/div>\n  <\/div>\n<\/div>\n\n\n<script type=\"text\/javascript\">\n  let chart_ce9f236dbcc77bcea9f0e0713d985f8d = document.getElementById('chart-ce9f236dbcc77bcea9f0e0713d985f8d');\n  let data_json_ce9f236dbcc77bcea9f0e0713d985f8d = \"[{\\\"date\\\":\\\"05\\\\\\\/06\\\\\\\/23 \\\",\\\"value\\\":1.03},{\\\"date\\\":\\\"06\\\\\\\/06\\\\\\\/23 \\\",\\\"value\\\":1.03},{\\\"date\\\":\\\"07\\\\\\\/06\\\\\\\/23 \\\",\\\"value\\\":1.03},{\\\"date\\\":\\\"09\\\\\\\/06\\\\\\\/23 \\\",\\\"value\\\":1.05},{\\\"date\\\":\\\"12\\\\\\\/06\\\\\\\/23 \\\",\\\"value\\\":1.04},{\\\"date\\\":\\\"13\\\\\\\/06\\\\\\\/23 \\\",\\\"value\\\":1.04},{\\\"date\\\":\\\"14\\\\\\\/06\\\\\\\/23 \\\",\\\"value\\\":1.07},{\\\"date\\\":\\\"15\\\\\\\/06\\\\\\\/23 \\\",\\\"value\\\":1.03},{\\\"date\\\":\\\"16\\\\\\\/06\\\\\\\/23 \\\",\\\"value\\\":1.03},{\\\"date\\\":\\\"19\\\\\\\/06\\\\\\\/23 \\\",\\\"value\\\":1.04},{\\\"date\\\":\\\"20\\\\\\\/06\\\\\\\/23 \\\",\\\"value\\\":1.07},{\\\"date\\\":\\\"21\\\\\\\/06\\\\\\\/23 \\\",\\\"value\\\":1.19},{\\\"date\\\":\\\"22\\\\\\\/06\\\\\\\/23 \\\",\\\"value\\\":1.08},{\\\"date\\\":\\\"23\\\\\\\/06\\\\\\\/23 \\\",\\\"value\\\":1.07},{\\\"date\\\":\\\"26\\\\\\\/06\\\\\\\/23 \\\",\\\"value\\\":1.04},{\\\"date\\\":\\\"27\\\\\\\/06\\\\\\\/23 \\\",\\\"value\\\":1.03},{\\\"date\\\":\\\"28\\\\\\\/06\\\\\\\/23 \\\",\\\"value\\\":1.04},{\\\"date\\\":\\\"29\\\\\\\/06\\\\\\\/23 \\\",\\\"value\\\":1.04},{\\\"date\\\":\\\"30\\\\\\\/06\\\\\\\/23 \\\",\\\"value\\\":1.05},{\\\"date\\\":\\\"03\\\\\\\/07\\\\\\\/23 \\\",\\\"value\\\":1.04},{\\\"date\\\":\\\"04\\\\\\\/07\\\\\\\/23 \\\",\\\"value\\\":1.04},{\\\"date\\\":\\\"05\\\\\\\/07\\\\\\\/23 \\\",\\\"value\\\":1.03}]\";\n  let isPositive_ce9f236dbcc77bcea9f0e0713d985f8d = true;\n\n  let color_ce9f236dbcc77bcea9f0e0713d985f8d = isPositive_ce9f236dbcc77bcea9f0e0713d985f8d ? '#3AB53A' : '#D92C2D';\n\n  let data_ce9f236dbcc77bcea9f0e0713d985f8d = JSON.parse(data_json_ce9f236dbcc77bcea9f0e0713d985f8d);\n\n  const result_ce9f236dbcc77bcea9f0e0713d985f8d = {\n    date: [],\n    value: [],\n  };\n\n  data_ce9f236dbcc77bcea9f0e0713d985f8d.forEach((item) => {\n    result_ce9f236dbcc77bcea9f0e0713d985f8d.date.push(item.date);\n    result_ce9f236dbcc77bcea9f0e0713d985f8d.value.push(Number(item.value));\n  });\n\n  let option_ce9f236dbcc77bcea9f0e0713d985f8d = {\n    \/\/ variavel de cor global\n    color: [color_ce9f236dbcc77bcea9f0e0713d985f8d],\n    title: {\n      text: '',\n    },\n    tooltip: {\n      trigger: 'axis',\n      axisPointer: {\n        type: 'cross',\n        label: {\n          \/\/ cor dos valores em X e Y\n          backgroundColor: color_ce9f236dbcc77bcea9f0e0713d985f8d,\n          formatter: (value) => {\n            if (typeof value.value === 'number') {\n              return Number(value.value).toLocaleString('pt-br', {\n                style: 'currency',\n                currency: 'BRL'\n              });\n            }\n            return value.value;\n          },\n        },\n      },\n      valueFormatter: (value) => Number(value).toLocaleString('pt-br', {\n        style: 'currency',\n        currency: 'BRL'\n      }),\n    },\n    legend: {\n      \/\/ data: ['Valor de Fechamento'],\n      show: false,\n    },\n    toolbox: {\n      feature: {\n        saveAsImage: {\n          show: false,\n        },\n      },\n    },\n    grid: {\n      left: '0px',\n      right: '0px',\n      bottom: '0px',\n      containLabel: true,\n    },\n    xAxis: [{\n      type: 'category',\n      data: result_ce9f236dbcc77bcea9f0e0713d985f8d.date,\n      boundaryGap: true,\n    }],\n    yAxis: [{\n      type: 'value',\n      min: Math.min(...result_ce9f236dbcc77bcea9f0e0713d985f8d.value),\n      max: Math.max(...result_ce9f236dbcc77bcea9f0e0713d985f8d.value),\n      axisLabel: {\n        formatter: (value) => value.toLocaleString('pt-br', {\n          style: 'currency',\n          currency: 'BRL'\n        }),\n      },\n    }],\n    series: [{\n      name: 'Valor de Fechamento',\n      type: 'line',\n      stack: 'Total',\n      \/\/ cor do grafico\n      areaStyle: {},\n      emphasis: {\n        focus: 'series',\n      },\n      data: result_ce9f236dbcc77bcea9f0e0713d985f8d.value,\n      \/\/ cor da linha\n      lineStyle: {\n        color: color_ce9f236dbcc77bcea9f0e0713d985f8d,\n      },\n    }, ],\n  };\n\n\twindow.chart_ce9f236dbcc77bcea9f0e0713d985f8d = {\n\t\tel: chart_ce9f236dbcc77bcea9f0e0713d985f8d,\n\t\toption: option_ce9f236dbcc77bcea9f0e0713d985f8d\t};\n\n\n<\/script>\n\n\n\t<p>\n\t\t<a href=\"https:\/\/lp.suno.com.br\/suno-one\/?utm_campaign=_SNC6964518A_\" target=\"_blank\" data-element=\"shortcode-suno-banner\" title=\"Banner SUNO, clique e saiba mais\">\n\t\t\t<picture>\n\t\t\t\t<source media=\"(max-width: 500px)\" srcset=\"https:\/\/files.sunoresearch.com.br\/n\/uploads\/2025\/09\/400x300-Suno-One-png.webp\">\n\t\t\t\t<img class=\"newsContent__article__imgCapa newsContent__article__imgCapa--banner\"\n\t\t\t\t\tsrc=\"https:\/\/files.sunoresearch.com.br\/n\/uploads\/2025\/09\/1420x240-Suno-One-png.webp\"\n\t\t\t\t\tdata-promo-id=\"383121\"\t\t\t\t\t\t\t\t\t\twidth='1420' height='240'\t\t\t\t\talt=\"https:\/\/files.sunoresearch.com.br\/n\/uploads\/2025\/09\/1420x240-Suno-One-png.webp\"\n\t\t\t\t>\n\t\t\t<\/picture>\n\t\t<\/a>\n\t<\/p>\n\n\n\n\n\n<h2 class=\"wp-block-heading\">Santander projeta crescimento s\u00f3lido em margem ebitda e nas receitas da Telef\u00f4nica e TIM<\/h2>\n\n\n\n<p>De acordo com a equipe do Santander, a <strong>Telef\u00f4nica<\/strong>, dona da Vivo,<strong> <\/strong>ter\u00e1 um bom desempenho em termos de <a class=\"suno-keyword\" data-force=\"no\" data-priority=\"1\" href=\"https:\/\/www.suno.com.br\/artigos\/o-que-receita-liquida\/\" target=\"_blank\" rel=\"noopener\">receita l\u00edquida<\/a>. A expectativa \u00e9 de uma receita l\u00edquida de R$ 12,7 bilh\u00f5es, representando um crescimento org\u00e2nico de 7,5% em rela\u00e7\u00e3o ao ano anterior. \u201cEsperamos um forte crescimento no segmento m\u00f3vel, enquanto a telefonia fixa deve desacelerar ligeiramente.\u201d<\/p>\n\n\n\n<p>A <strong>proje\u00e7\u00e3o para a Telef\u00f4nica<\/strong> \u00e9 de um aumento de 9,5% na receita de servi\u00e7o m\u00f3vel (MSR) em compara\u00e7\u00e3o ao ano anterior. No segmento de telefonia fixa, projeta-se um crescimento de receita de 2,9% em rela\u00e7\u00e3o ao ano anterior, um pouco abaixo do \u00faltimo trimestre.<\/p>\n\n\n\n<p>\u201cDo lado da rentabilidade, projetamos um Ebitda de R$ 4,9 bilh\u00f5es. Para o <a class=\"suno-keyword\" data-force=\"no\" data-priority=\"1\" href=\"https:\/\/www.suno.com.br\/artigos\/lucro-liquido\/\" target=\"_blank\" rel=\"noopener\">lucro l\u00edquido<\/a>,<br>esperamos crescimento de 12% em rela\u00e7\u00e3o ao ano anterior, para R$ 835 milh\u00f5es\u201d, afirmam os analistas do banco.<\/p>\n\n\n\n\t<div data-element=\"shortcode-read-more\" class=\"readToo\">\n\t\t\t\t<span class=\"readToo__title\">Leia mais<\/span>\n\t\t\t\t<ul class=\"readToo__list\">\n\t\t\t<li><a href=\"https:\/\/www.suno.com.br\/noticias\/oi-oibr3-titulo-divida-externa-bondholders-gestores\/\">Oi (OIBR3) deve individualizar detentores de t\u00edtulos de d\u00edvida externa, recomendam gestores judiciais; entenda<\/a><\/li><li><a href=\"https:\/\/www.suno.com.br\/noticias\/telefonica-brasil-vivo-vivt3-compra-startup-saude\/\">Telef\u00f4nica Vivo (VIVT3) anuncia compra da startup Vale Sa\u00fade por R$ 60 milh\u00f5es<\/a><\/li>\t\t<\/ul>\n\t<\/div>\n\n\n\n\n<p>Sobre a Tim, tamb\u00e9m \u00e9 esperado um bom desempenho nas receitas, com proje\u00e7\u00f5es de que a tele alcance R$ 5,8 bilh\u00f5es, representando um crescimento anual de 8,8%. No segmento m\u00f3vel, \u00e9 estimada uma alta de 9,0% na receita de servi\u00e7o m\u00f3vel (MSR) em compara\u00e7\u00e3o ao ano anterior.<\/p>\n\n\n\n<p>\u201cEm rela\u00e7\u00e3o \u00e0 rentabilidade, projetamos um Ebitda de R$ 2,8 bilh\u00f5es. Para <a class=\"suno-keyword\" data-force=\"no\" data-priority=\"1\" href=\"https:\/\/www.suno.com.br\/artigos\/lucro-liquido\/\" target=\"_blank\" rel=\"noopener\">lucro l\u00edquido<\/a>, projetamos R$ 593 milh\u00f5es, o que seria um aumento de 89,6% ante o ano anterior\u201d, conclui o banco.<\/p>\n\n\n\n<p>Para Vivo e Tim, um dos principais riscos <strong>destacados pelo Santander <\/strong>em sua tese de investimentos s\u00e3o volatilidade do cen\u00e1rio macroecon\u00f4mico, problemas de execu\u00e7\u00e3o relacionados \u00e0 <strong>integra\u00e7\u00e3o do Oi M\u00f3vel <\/strong>e irracionalidade de pre\u00e7os no segmento m\u00f3vel.<\/p>\n\n\n\n<h2 class=\"wp-block-heading\">Oi reverteu lucro e registrou preju\u00edzo de R$ 1,26 bilh\u00e3o no 1T23<\/h2>\n\n\n\n<p>A Oi (OIBR3) registrou um preju\u00edzo l\u00edquido de R$ 1,267 bilh\u00e3o no primeiro trimestre de 2023 (1T23). Assim, a companhia reverteu o lucro l\u00edquido de R$ 1,623 bilh\u00e3o observado no mesmo per\u00edodo do ano passado.<\/p>\n\n\n\n<p>O Ebitda de rotina da Oi, que representa o lucro antes juros, impostos, <a class=\"suno-keyword\" target=\"_blank\" data-force=\"no\" data-priority=\"1\" href=\"https:\/\/www.suno.com.br\/artigos\/depreciacao-amortizacao\/\" rel=\"noopener\">deprecia\u00e7\u00e3o e amortiza\u00e7\u00e3o<\/a>, foi de R$ 234 milh\u00f5es no primeiro trimestre de 2023, o que representa uma queda de 81,3% na compara\u00e7\u00e3o com igual etapa do ano passado.<\/p>\n\n\n\n<p>A margem Ebitda de rotina da Oi alcan\u00e7ou 7,7% no 1T23, com recuo de 20,1 pontos percentuais em compara\u00e7\u00e3o ao primeiro trimestre de 2022 (1T22).<\/p>\n\n\n\n<p>Al\u00e9m disso, a Oi registrou uma receita l\u00edquida de R$ 2,2 bilh\u00f5es no 1T23, com crescimento de 4,8% quando comparado ao mesmo per\u00edodo do ano anterior.<\/p>\n\n\n\n<p>Em teleconfer\u00eancia ap\u00f3s a divulga\u00e7\u00e3o dos n\u00fameros, o&nbsp;<strong>CEO, Rodrigo Modesto de Abreu<\/strong>, citou por diversas vezes as expectativas sobre a&nbsp;<strong>reestrutura\u00e7\u00e3o&nbsp;<\/strong>da companhia e da redu\u00e7\u00e3o da sua d\u00edvida financeira.<\/p>\n\n\n\n<p>Atualmente, a&nbsp;<strong>d\u00edvida total da Oi<\/strong>&nbsp;j\u00e1 est\u00e1 na casa dos R$ 30 bilh\u00f5es.<\/p>\n\n\n\n<p>A perspectiva da gest\u00e3o \u00e9 de um corte de 50% no&nbsp;<a href=\"https:\/\/www.suno.com.br\/artigos\/valor-de-face\/\" target=\"_blank\" rel=\"noreferrer noopener\">valor de face<\/a>&nbsp;relativo \u00e0 d\u00edvida financeira, com o curso do plano de desinvestimentos atual e tamb\u00e9m as quest\u00f5es operacionais da empresa.<\/p>\n\n\n\n<p>O \u2018alvo\u2019 \u00e9 fruto de novas perspectivas ap\u00f3s a aprova\u00e7\u00e3o do novo plano de&nbsp;<strong>recupera\u00e7\u00e3o judicial<\/strong>, na \u00faltima sexta-feira (19).<\/p>\n\n\n\n<p>\u201cFizemos uma dilui\u00e7\u00e3o de 80% dos principais acionistas com a capitaliza\u00e7\u00e3o e reestrutura\u00e7\u00e3o da&nbsp;<strong>d\u00edvida&nbsp;<\/strong>da empresa. Al\u00e9m disso, temos contratos de take-or-pay que se mostraram essenciais. Com implementa\u00e7\u00e3o do plano, esperamos uma redu\u00e7\u00e3o de 50% da d\u00edvida financeira com a convers\u00e3o para o&nbsp;<a href=\"https:\/\/www.suno.com.br\/artigos\/capital-proprio\/\" target=\"_blank\" rel=\"noreferrer noopener\">capital pr\u00f3prio<\/a>\u201c, diz o CEO.<\/p>\n\n\n\n<p>Al\u00e9m disso, no radar da companhia est\u00e3o pontos como a rolagem da amortiza\u00e7\u00e3o, que inicialmente seria para 2025, mas agora deve ficar para 2027 e 2028.<\/p>\n\n\n\n<p>\u201cCom rela\u00e7\u00e3o ao&nbsp;<a href=\"https:\/\/www.suno.com.br\/artigos\/passivo-oneroso-2\/\" target=\"_blank\" rel=\"noreferrer noopener\">passivo oneroso<\/a>, t\u00ednhamos consumo de caixa de R$ 11 bilh\u00f5es no in\u00edcio do plano e, com as renegocia\u00e7\u00f5es, esperamos uma queda de 50% nesse valor, incluindo as negocia\u00e7\u00f5es com sat\u00e9lites, cabos e submarino\u201d.<\/p>\n\n\n\n<h2 class=\"wp-block-heading\">Cota\u00e7\u00e3o da Oi<\/h2>\n\n\n\n<p>Hoje, a <strong>Oi<\/strong> teve queda de 0.96%, cotada em R$ 1,03. J\u00e1 a TIM caiu 0.55%, com a\u00e7\u00f5es fixadas em R$ 14,37. Por fim, a Telef\u00f4nica Vivo teve alta de 0.75%, cotada em R$ 43,15<\/p>\n\n\n\t<p>\n\t\t<a href=\"https:\/\/lp.suno.com.br\/plataforma-de-controle-de-investimentos\/\" target=\"_blank\" data-element=\"shortcode-suno-banner\" title=\"Banner SUNO, clique e saiba mais\">\n\t\t\t<picture>\n\t\t\t\t<source media=\"(max-width: 500px)\" srcset=\"https:\/\/files.sunoresearch.com.br\/n\/uploads\/2023\/03\/400x300-Controle-de-Investimentos.png\">\n\t\t\t\t<img class=\"newsContent__article__imgCapa newsContent__article__imgCapa--banner\"\n\t\t\t\t\tsrc=\"https:\/\/files.sunoresearch.com.br\/n\/uploads\/2023\/03\/1420x240-Controle-de-Investimentos.png\"\n\t\t\t\t\tdata-promo-id=\"383162\"\t\t\t\t\t\t\t\t\t\twidth='1420' height='240'\t\t\t\t\talt=\"https:\/\/files.sunoresearch.com.br\/n\/uploads\/2023\/03\/1420x240-Controle-de-Investimentos.png\"\n\t\t\t\t>\n\t\t\t<\/picture>\n\t\t<\/a>\n\t<\/p>\n\n\n","protected":false},"excerpt":{"rendered":"<p>Em relat\u00f3rio divulgado, nesta quarta-feira (5), o Santander refor\u00e7ou a recomenda\u00e7\u00e3o de venda dos pap\u00e9is da Oi (OIBR3). Para Telef\u00f4nica Vivo (VIVT3) e TIM (TIMS3), a recomenda\u00e7\u00e3o \u00e9 de compra com pre\u00e7os-alvo de, respectivamente, R$ 55 e R$ 17. Telef\u00f4nica Brasil. Foto: Divulga\u00e7\u00e3o Segundo o banco, a expectativa \u00e9 de que as operadoras de telecomunica\u00e7\u00f5es [&hellip;]<\/p>\n","protected":false},"author":301,"featured_media":121537,"comment_status":"closed","ping_status":"closed","sticky":false,"template":"","format":"standard","meta":[],"categories":[60],"tags":[286,584,624,937,659,1141],"suno_strategy":[],"class_list":["post-425603","post","type-post","status-publish","format-standard","has-post-thumbnail","hentry","category-mercado","tag-acoes","tag-oi-oibr3-oibr4","tag-santander-sanb11-sanb3-sanb4","tag-telecomunicacoes","tag-telefonica-vivt3","tag-vivo"],"yoast_head":"<!-- This site is optimized with the Yoast SEO plugin v24.4 - https:\/\/yoast.com\/wordpress\/plugins\/seo\/ -->\n<title>Banco sugere Telef\u00f4nica (VIVT3) e Tim (TIMS3), e venda de OI (OIBR3)<\/title>\n<meta name=\"description\" content=\"Para o Santander, a expectativa \u00e9 de que as operadoras reportem bons resultados no 2T23, por causa de um crescimento s\u00f3lido de receita.\" \/>\n<meta name=\"robots\" content=\"index, follow, max-snippet:-1, max-image-preview:large, max-video-preview:-1\" \/>\n<link rel=\"canonical\" href=\"https:\/\/www.suno.com.br\/noticias\/santander-compra-vivo-vivt3-tim-tims3-venda-oi-oibr3\/\" \/>\n<meta property=\"og:locale\" content=\"pt_BR\" \/>\n<meta property=\"og:type\" content=\"article\" \/>\n<meta property=\"og:title\" content=\"Banco sugere Telef\u00f4nica (VIVT3) e Tim (TIMS3), e venda de OI (OIBR3)\" \/>\n<meta property=\"og:description\" content=\"Para o Santander, a expectativa \u00e9 de que as operadoras reportem bons resultados no 2T23, por causa de um crescimento s\u00f3lido de receita.\" \/>\n<meta property=\"og:url\" content=\"https:\/\/www.suno.com.br\/noticias\/santander-compra-vivo-vivt3-tim-tims3-venda-oi-oibr3\/\" \/>\n<meta property=\"og:site_name\" content=\"Suno Not\u00edcias\" \/>\n<meta property=\"article:publisher\" content=\"https:\/\/facebook.com\/sunoresearch\" \/>\n<meta property=\"og:image\" content=\"https:\/\/files.sunoresearch.com.br\/n\/uploads\/2021\/02\/2ad2106d-1200px-telefonica01.jpg\" \/>\n\t<meta property=\"og:image:width\" content=\"1200\" \/>\n\t<meta property=\"og:image:height\" content=\"900\" \/>\n\t<meta property=\"og:image:type\" content=\"image\/jpeg\" \/>\n<meta name=\"author\" content=\"Vin\u00edcius Alves\" \/>\n<meta name=\"twitter:card\" content=\"summary_large_image\" \/>\n<meta name=\"twitter:creator\" content=\"@sunoresearch\" \/>\n<meta name=\"twitter:site\" content=\"@sunoresearch\" \/>\n<meta name=\"twitter:label1\" content=\"Escrito por\" \/>\n\t<meta name=\"twitter:data1\" content=\"Vin\u00edcius Alves\" \/>\n\t<meta name=\"twitter:label2\" content=\"Est. tempo de leitura\" \/>\n\t<meta name=\"twitter:data2\" content=\"5 minutos\" \/>\n<script type=\"application\/ld+json\" class=\"yoast-schema-graph\">{\"@context\":\"https:\/\/schema.org\",\"@graph\":[{\"@type\":\"NewsArticle\",\"@id\":\"https:\/\/www.suno.com.br\/noticias\/santander-compra-vivo-vivt3-tim-tims3-venda-oi-oibr3\/#article\",\"isPartOf\":{\"@id\":\"https:\/\/www.suno.com.br\/noticias\/santander-compra-vivo-vivt3-tim-tims3-venda-oi-oibr3\/\"},\"author\":{\"name\":\"Vin\u00edcius Alves\",\"@id\":\"https:\/\/www.suno.com.br\/noticias\/#\/schema\/person\/4a180549702d0e236b3e420862bcded3\"},\"headline\":\"Banco recomenda compra das a\u00e7\u00f5es da Vivo (VIVT3) e Tim (TIMS3), e refor\u00e7a venda da Oi (OIBR3)\",\"datePublished\":\"2023-07-05T22:24:19+00:00\",\"dateModified\":\"2023-07-05T22:24:28+00:00\",\"mainEntityOfPage\":{\"@id\":\"https:\/\/www.suno.com.br\/noticias\/santander-compra-vivo-vivt3-tim-tims3-venda-oi-oibr3\/\"},\"wordCount\":967,\"publisher\":{\"@id\":\"https:\/\/www.suno.com.br\/noticias\/#organization\"},\"image\":{\"@id\":\"https:\/\/www.suno.com.br\/noticias\/santander-compra-vivo-vivt3-tim-tims3-venda-oi-oibr3\/#primaryimage\"},\"thumbnailUrl\":\"https:\/\/files.sunoresearch.com.br\/n\/uploads\/2021\/02\/2ad2106d-1200px-telefonica01-jpg.webp\",\"keywords\":[\"A\u00e7\u00f5es\",\"Oi (OIBR3\/OIBR4)\",\"Santander (SANB11\/SANB3\/SANB4)\",\"telecomunica\u00e7\u00f5es\",\"Telef\u00f4nica (VIVT3)\",\"Vivo\"],\"articleSection\":[\"Mercado\"],\"inLanguage\":\"pt-BR\"},{\"@type\":\"WebPage\",\"@id\":\"https:\/\/www.suno.com.br\/noticias\/santander-compra-vivo-vivt3-tim-tims3-venda-oi-oibr3\/\",\"url\":\"https:\/\/www.suno.com.br\/noticias\/santander-compra-vivo-vivt3-tim-tims3-venda-oi-oibr3\/\",\"name\":\"Banco sugere Telef\u00f4nica (VIVT3) e Tim (TIMS3), e venda de OI (OIBR3)\",\"isPartOf\":{\"@id\":\"https:\/\/www.suno.com.br\/noticias\/#website\"},\"primaryImageOfPage\":{\"@id\":\"https:\/\/www.suno.com.br\/noticias\/santander-compra-vivo-vivt3-tim-tims3-venda-oi-oibr3\/#primaryimage\"},\"image\":{\"@id\":\"https:\/\/www.suno.com.br\/noticias\/santander-compra-vivo-vivt3-tim-tims3-venda-oi-oibr3\/#primaryimage\"},\"thumbnailUrl\":\"https:\/\/files.sunoresearch.com.br\/n\/uploads\/2021\/02\/2ad2106d-1200px-telefonica01-jpg.webp\",\"datePublished\":\"2023-07-05T22:24:19+00:00\",\"dateModified\":\"2023-07-05T22:24:28+00:00\",\"description\":\"Para o Santander, a expectativa \u00e9 de que as operadoras reportem bons resultados no 2T23, por causa de um crescimento s\u00f3lido de receita.\",\"breadcrumb\":{\"@id\":\"https:\/\/www.suno.com.br\/noticias\/santander-compra-vivo-vivt3-tim-tims3-venda-oi-oibr3\/#breadcrumb\"},\"inLanguage\":\"pt-BR\",\"potentialAction\":[{\"@type\":\"ReadAction\",\"target\":[\"https:\/\/www.suno.com.br\/noticias\/santander-compra-vivo-vivt3-tim-tims3-venda-oi-oibr3\/\"]}]},{\"@type\":\"ImageObject\",\"inLanguage\":\"pt-BR\",\"@id\":\"https:\/\/www.suno.com.br\/noticias\/santander-compra-vivo-vivt3-tim-tims3-venda-oi-oibr3\/#primaryimage\",\"url\":\"https:\/\/files.sunoresearch.com.br\/n\/uploads\/2021\/02\/2ad2106d-1200px-telefonica01-jpg.webp\",\"contentUrl\":\"https:\/\/files.sunoresearch.com.br\/n\/uploads\/2021\/02\/2ad2106d-1200px-telefonica01-jpg.webp\",\"width\":1200,\"height\":900,\"caption\":\"Telef\u00f4nica Brasil. Foto: Divulga\u00e7\u00e3o\"},{\"@type\":\"BreadcrumbList\",\"@id\":\"https:\/\/www.suno.com.br\/noticias\/santander-compra-vivo-vivt3-tim-tims3-venda-oi-oibr3\/#breadcrumb\",\"itemListElement\":[{\"@type\":\"ListItem\",\"position\":1,\"name\":\"Not\u00edcias\",\"item\":\"https:\/\/www.suno.com.br\/noticias\/\"},{\"@type\":\"ListItem\",\"position\":2,\"name\":\"Mercado\",\"item\":\"https:\/\/www.suno.com.br\/noticias\/mercado\/\"},{\"@type\":\"ListItem\",\"position\":3,\"name\":\"Banco recomenda compra das a\u00e7\u00f5es da Vivo (VIVT3) e Tim (TIMS3), e refor\u00e7a venda da Oi (OIBR3)\"}]},{\"@type\":\"WebSite\",\"@id\":\"https:\/\/www.suno.com.br\/noticias\/#website\",\"url\":\"https:\/\/www.suno.com.br\/noticias\/\",\"name\":\"Suno Not\u00edcias\",\"description\":\"Seu portal de informa\u00e7\u00e3o sobre o mundo dos investimentos\",\"publisher\":{\"@id\":\"https:\/\/www.suno.com.br\/noticias\/#organization\"},\"potentialAction\":[{\"@type\":\"SearchAction\",\"target\":{\"@type\":\"EntryPoint\",\"urlTemplate\":\"https:\/\/www.suno.com.br\/noticias\/?s={search_term_string}\"},\"query-input\":{\"@type\":\"PropertyValueSpecification\",\"valueRequired\":true,\"valueName\":\"search_term_string\"}}],\"inLanguage\":\"pt-BR\"},{\"@type\":\"Organization\",\"@id\":\"https:\/\/www.suno.com.br\/noticias\/#organization\",\"name\":\"Suno Not\u00edcias\",\"url\":\"https:\/\/www.suno.com.br\/noticias\/\",\"logo\":{\"@type\":\"ImageObject\",\"inLanguage\":\"pt-BR\",\"@id\":\"https:\/\/www.suno.com.br\/noticias\/#\/schema\/logo\/image\/\",\"url\":\"https:\/\/files.sunoresearch.com.br\/n\/uploads\/2021\/09\/suno-logo.png\",\"contentUrl\":\"https:\/\/files.sunoresearch.com.br\/n\/uploads\/2021\/09\/suno-logo.png\",\"width\":180,\"height\":180,\"caption\":\"Suno Not\u00edcias\"},\"image\":{\"@id\":\"https:\/\/www.suno.com.br\/noticias\/#\/schema\/logo\/image\/\"},\"sameAs\":[\"https:\/\/facebook.com\/sunoresearch\",\"https:\/\/x.com\/sunoresearch\",\"https:\/\/www.instagram.com\/suno\",\"https:\/\/www.linkedin.com\/company\/suno-research\/\",\"https:\/\/www.youtube.com\/c\/sunoresearch\"]},{\"@type\":\"Person\",\"@id\":\"https:\/\/www.suno.com.br\/noticias\/#\/schema\/person\/4a180549702d0e236b3e420862bcded3\",\"name\":\"Vin\u00edcius Alves\",\"image\":{\"@type\":\"ImageObject\",\"inLanguage\":\"pt-BR\",\"@id\":\"https:\/\/www.suno.com.br\/noticias\/#\/schema\/person\/image\/\",\"url\":\"https:\/\/secure.gravatar.com\/avatar\/a95b7fe6d1b813f7907d4f476d5a39e1?s=96&r=g\",\"contentUrl\":\"https:\/\/secure.gravatar.com\/avatar\/a95b7fe6d1b813f7907d4f476d5a39e1?s=96&r=g\",\"caption\":\"Vin\u00edcius Alves\"},\"description\":\"Jornalista formado na Faculdade C\u00e1sper L\u00edbero. Com passagens pela Ag\u00eancia Estado, InfoMoney e Editora Globo.\",\"url\":\"https:\/\/www.suno.com.br\/noticias\/author\/vini08correiagmail-com\/\"}]}<\/script>\n<!-- \/ Yoast SEO plugin. -->","yoast_head_json":{"title":"Banco sugere Telef\u00f4nica (VIVT3) e Tim (TIMS3), e venda de OI (OIBR3)","description":"Para o Santander, a expectativa \u00e9 de que as operadoras reportem bons resultados no 2T23, por causa de um crescimento s\u00f3lido de receita.","robots":{"index":"index","follow":"follow","max-snippet":"max-snippet:-1","max-image-preview":"max-image-preview:large","max-video-preview":"max-video-preview:-1"},"canonical":"https:\/\/www.suno.com.br\/noticias\/santander-compra-vivo-vivt3-tim-tims3-venda-oi-oibr3\/","og_locale":"pt_BR","og_type":"article","og_title":"Banco sugere Telef\u00f4nica (VIVT3) e Tim (TIMS3), e venda de OI (OIBR3)","og_description":"Para o Santander, a expectativa \u00e9 de que as operadoras reportem bons resultados no 2T23, por causa de um crescimento s\u00f3lido de receita.","og_url":"https:\/\/www.suno.com.br\/noticias\/santander-compra-vivo-vivt3-tim-tims3-venda-oi-oibr3\/","og_site_name":"Suno Not\u00edcias","article_publisher":"https:\/\/facebook.com\/sunoresearch","og_image":[{"width":1200,"height":900,"url":"https:\/\/files.sunoresearch.com.br\/n\/uploads\/2021\/02\/2ad2106d-1200px-telefonica01.jpg","type":"image\/jpeg"}],"author":"Vin\u00edcius Alves","twitter_card":"summary_large_image","twitter_creator":"@sunoresearch","twitter_site":"@sunoresearch","twitter_misc":{"Escrito por":"Vin\u00edcius Alves","Est. tempo de leitura":"5 minutos"},"schema":{"@context":"https:\/\/schema.org","@graph":[{"@type":"NewsArticle","@id":"https:\/\/www.suno.com.br\/noticias\/santander-compra-vivo-vivt3-tim-tims3-venda-oi-oibr3\/#article","isPartOf":{"@id":"https:\/\/www.suno.com.br\/noticias\/santander-compra-vivo-vivt3-tim-tims3-venda-oi-oibr3\/"},"author":{"name":"Vin\u00edcius Alves","@id":"https:\/\/www.suno.com.br\/noticias\/#\/schema\/person\/4a180549702d0e236b3e420862bcded3"},"headline":"Banco recomenda compra das a\u00e7\u00f5es da Vivo (VIVT3) e Tim (TIMS3), e refor\u00e7a venda da Oi (OIBR3)","datePublished":"2023-07-05T22:24:19+00:00","dateModified":"2023-07-05T22:24:28+00:00","mainEntityOfPage":{"@id":"https:\/\/www.suno.com.br\/noticias\/santander-compra-vivo-vivt3-tim-tims3-venda-oi-oibr3\/"},"wordCount":967,"publisher":{"@id":"https:\/\/www.suno.com.br\/noticias\/#organization"},"image":{"@id":"https:\/\/www.suno.com.br\/noticias\/santander-compra-vivo-vivt3-tim-tims3-venda-oi-oibr3\/#primaryimage"},"thumbnailUrl":"https:\/\/files.sunoresearch.com.br\/n\/uploads\/2021\/02\/2ad2106d-1200px-telefonica01-jpg.webp","keywords":["A\u00e7\u00f5es","Oi (OIBR3\/OIBR4)","Santander (SANB11\/SANB3\/SANB4)","telecomunica\u00e7\u00f5es","Telef\u00f4nica (VIVT3)","Vivo"],"articleSection":["Mercado"],"inLanguage":"pt-BR"},{"@type":"WebPage","@id":"https:\/\/www.suno.com.br\/noticias\/santander-compra-vivo-vivt3-tim-tims3-venda-oi-oibr3\/","url":"https:\/\/www.suno.com.br\/noticias\/santander-compra-vivo-vivt3-tim-tims3-venda-oi-oibr3\/","name":"Banco sugere Telef\u00f4nica (VIVT3) e Tim (TIMS3), e venda de OI (OIBR3)","isPartOf":{"@id":"https:\/\/www.suno.com.br\/noticias\/#website"},"primaryImageOfPage":{"@id":"https:\/\/www.suno.com.br\/noticias\/santander-compra-vivo-vivt3-tim-tims3-venda-oi-oibr3\/#primaryimage"},"image":{"@id":"https:\/\/www.suno.com.br\/noticias\/santander-compra-vivo-vivt3-tim-tims3-venda-oi-oibr3\/#primaryimage"},"thumbnailUrl":"https:\/\/files.sunoresearch.com.br\/n\/uploads\/2021\/02\/2ad2106d-1200px-telefonica01-jpg.webp","datePublished":"2023-07-05T22:24:19+00:00","dateModified":"2023-07-05T22:24:28+00:00","description":"Para o Santander, a expectativa \u00e9 de que as operadoras reportem bons resultados no 2T23, por causa de um crescimento s\u00f3lido de receita.","breadcrumb":{"@id":"https:\/\/www.suno.com.br\/noticias\/santander-compra-vivo-vivt3-tim-tims3-venda-oi-oibr3\/#breadcrumb"},"inLanguage":"pt-BR","potentialAction":[{"@type":"ReadAction","target":["https:\/\/www.suno.com.br\/noticias\/santander-compra-vivo-vivt3-tim-tims3-venda-oi-oibr3\/"]}]},{"@type":"ImageObject","inLanguage":"pt-BR","@id":"https:\/\/www.suno.com.br\/noticias\/santander-compra-vivo-vivt3-tim-tims3-venda-oi-oibr3\/#primaryimage","url":"https:\/\/files.sunoresearch.com.br\/n\/uploads\/2021\/02\/2ad2106d-1200px-telefonica01-jpg.webp","contentUrl":"https:\/\/files.sunoresearch.com.br\/n\/uploads\/2021\/02\/2ad2106d-1200px-telefonica01-jpg.webp","width":1200,"height":900,"caption":"Telef\u00f4nica Brasil. Foto: Divulga\u00e7\u00e3o"},{"@type":"BreadcrumbList","@id":"https:\/\/www.suno.com.br\/noticias\/santander-compra-vivo-vivt3-tim-tims3-venda-oi-oibr3\/#breadcrumb","itemListElement":[{"@type":"ListItem","position":1,"name":"Not\u00edcias","item":"https:\/\/www.suno.com.br\/noticias\/"},{"@type":"ListItem","position":2,"name":"Mercado","item":"https:\/\/www.suno.com.br\/noticias\/mercado\/"},{"@type":"ListItem","position":3,"name":"Banco recomenda compra das a\u00e7\u00f5es da Vivo (VIVT3) e Tim (TIMS3), e refor\u00e7a venda da Oi (OIBR3)"}]},{"@type":"WebSite","@id":"https:\/\/www.suno.com.br\/noticias\/#website","url":"https:\/\/www.suno.com.br\/noticias\/","name":"Suno Not\u00edcias","description":"Seu portal de informa\u00e7\u00e3o sobre o mundo dos investimentos","publisher":{"@id":"https:\/\/www.suno.com.br\/noticias\/#organization"},"potentialAction":[{"@type":"SearchAction","target":{"@type":"EntryPoint","urlTemplate":"https:\/\/www.suno.com.br\/noticias\/?s={search_term_string}"},"query-input":{"@type":"PropertyValueSpecification","valueRequired":true,"valueName":"search_term_string"}}],"inLanguage":"pt-BR"},{"@type":"Organization","@id":"https:\/\/www.suno.com.br\/noticias\/#organization","name":"Suno Not\u00edcias","url":"https:\/\/www.suno.com.br\/noticias\/","logo":{"@type":"ImageObject","inLanguage":"pt-BR","@id":"https:\/\/www.suno.com.br\/noticias\/#\/schema\/logo\/image\/","url":"https:\/\/files.sunoresearch.com.br\/n\/uploads\/2021\/09\/suno-logo.png","contentUrl":"https:\/\/files.sunoresearch.com.br\/n\/uploads\/2021\/09\/suno-logo.png","width":180,"height":180,"caption":"Suno Not\u00edcias"},"image":{"@id":"https:\/\/www.suno.com.br\/noticias\/#\/schema\/logo\/image\/"},"sameAs":["https:\/\/facebook.com\/sunoresearch","https:\/\/x.com\/sunoresearch","https:\/\/www.instagram.com\/suno","https:\/\/www.linkedin.com\/company\/suno-research\/","https:\/\/www.youtube.com\/c\/sunoresearch"]},{"@type":"Person","@id":"https:\/\/www.suno.com.br\/noticias\/#\/schema\/person\/4a180549702d0e236b3e420862bcded3","name":"Vin\u00edcius Alves","image":{"@type":"ImageObject","inLanguage":"pt-BR","@id":"https:\/\/www.suno.com.br\/noticias\/#\/schema\/person\/image\/","url":"https:\/\/secure.gravatar.com\/avatar\/a95b7fe6d1b813f7907d4f476d5a39e1?s=96&r=g","contentUrl":"https:\/\/secure.gravatar.com\/avatar\/a95b7fe6d1b813f7907d4f476d5a39e1?s=96&r=g","caption":"Vin\u00edcius Alves"},"description":"Jornalista formado na Faculdade C\u00e1sper L\u00edbero. Com passagens pela Ag\u00eancia Estado, InfoMoney e Editora Globo.","url":"https:\/\/www.suno.com.br\/noticias\/author\/vini08correiagmail-com\/"}]}},"default_loop_html":"<div class=\"cardsPage__listCard__boxs\"><div class=\"cardsPage__listCard__boxs__img\"><a href=\"https:\/\/www.suno.com.br\/noticias\/santander-compra-vivo-vivt3-tim-tims3-venda-oi-oibr3\/\"><img class=\"mask\" src=\"https:\/\/www.suno.com.br\/noticias\/wp-content\/themes\/suno\/resources\/images\/spotlight\/spotlight1img\/bg-mask.png\" alt=\"Image Mask\"\/><img src=\"https:\/\/files.sunoresearch.com.br\/n\/uploads\/2021\/02\/2ad2106d-1200px-telefonica01-400x200.webp\" alt=\"Banco recomenda compra das a\u00e7\u00f5es da Vivo (VIVT3) e Tim (TIMS3), e refor\u00e7a venda da Oi (OIBR3)\"\/><\/a><span class=\"spotlightCategory\"><a href=\"https:\/\/www.suno.com.br\/noticias\/mercado\/\">Mercado<\/a><\/span><\/div><div class=\"cardsPage__listCard__boxs__content\"><a href=\"https:\/\/www.suno.com.br\/noticias\/santander-compra-vivo-vivt3-tim-tims3-venda-oi-oibr3\/\"><h2 class=\"content__title\">Banco recomenda compra das a\u00e7\u00f5es da Vivo (VIVT3) e Tim (TIMS3), e refor\u00e7a venda da Oi (OIBR3)<\/h2><\/a><div class=\"newsContent__article__meta\"><div class=\"newsContent__article__meta__authorBox\"><a href=\"https:\/\/www.suno.com.br\/noticias\/author\/marco-lopes\/\" class=\"authorBox__avatar noMobi\"><img src=\"https:\/\/secure.gravatar.com\/avatar\/385167b012fbc1cde32c5446ee253313?s=96&#038;r=g\" alt=\"Marco Ant\u00f4nio Lopes\"><\/a><div class=\"authorBox__name\"><span>por\n\t\t\t<a href=\"https:\/\/www.suno.com.br\/noticias\/author\/marco-lopes\/\"><span itemprop=\"author\">Marco Ant\u00f4nio Lopes<\/span><\/a><\/span><time datetime=\"2023-07-05T19:24:19-03:00\" itemprop=\"datePublished\">05\/07\/2023 19:24<\/time><\/div><\/div><\/div><\/div><\/div>","single_layout":"posts","amp_enabled":true,"_links":{"self":[{"href":"https:\/\/www.suno.com.br\/noticias\/wp-json\/wp\/v2\/posts\/425603"}],"collection":[{"href":"https:\/\/www.suno.com.br\/noticias\/wp-json\/wp\/v2\/posts"}],"about":[{"href":"https:\/\/www.suno.com.br\/noticias\/wp-json\/wp\/v2\/types\/post"}],"author":[{"embeddable":true,"href":"https:\/\/www.suno.com.br\/noticias\/wp-json\/wp\/v2\/users\/301"}],"replies":[{"embeddable":true,"href":"https:\/\/www.suno.com.br\/noticias\/wp-json\/wp\/v2\/comments?post=425603"}],"version-history":[{"count":3,"href":"https:\/\/www.suno.com.br\/noticias\/wp-json\/wp\/v2\/posts\/425603\/revisions"}],"predecessor-version":[{"id":425634,"href":"https:\/\/www.suno.com.br\/noticias\/wp-json\/wp\/v2\/posts\/425603\/revisions\/425634"}],"wp:featuredmedia":[{"embeddable":true,"href":"https:\/\/www.suno.com.br\/noticias\/wp-json\/wp\/v2\/media\/121537"}],"wp:attachment":[{"href":"https:\/\/www.suno.com.br\/noticias\/wp-json\/wp\/v2\/media?parent=425603"}],"wp:term":[{"taxonomy":"category","embeddable":true,"href":"https:\/\/www.suno.com.br\/noticias\/wp-json\/wp\/v2\/categories?post=425603"},{"taxonomy":"post_tag","embeddable":true,"href":"https:\/\/www.suno.com.br\/noticias\/wp-json\/wp\/v2\/tags?post=425603"},{"taxonomy":"suno_strategy","embeddable":true,"href":"https:\/\/www.suno.com.br\/noticias\/wp-json\/wp\/v2\/suno_strategy?post=425603"}],"curies":[{"name":"wp","href":"https:\/\/api.w.org\/{rel}","templated":true}]}}