{"id":42548,"date":"2019-10-26T16:54:56","date_gmt":"2019-10-26T18:54:56","guid":{"rendered":"https:\/\/www.suno.com.br\/noticias\/?p=42548"},"modified":"2019-10-26T16:56:05","modified_gmt":"2019-10-26T18:56:05","slug":"value-summit-palestras-small-caps","status":"publish","type":"post","link":"https:\/\/www.suno.com.br\/noticias\/value-summit-palestras-small-caps\/","title":{"rendered":"Value Summit: Confira destaques de palestras sobre Small Caps"},"content":{"rendered":"<p>E continua acontecendo, neste s\u00e1bado (26) , em S\u00e3o Paulo, o Value Summit, o maior evento sobre <strong>Value Investing<\/strong> no Brasil.<\/p>\t<div class=\"wrapper-featured-image\">\n\t\t<figure class=\"spotlightImg\">\n\n\t\t\t<picture>\n\t\t\t\t<source media=\"(max-width: 768px)\" srcset=\"https:\/\/files.sunoresearch.com.br\/n\/uploads\/2018\/11\/325681b9-small-caps-400x200.webp\">\n\t\t\t\t<img loading=\"lazy\" decoding=\"async\" class=\"newsContent__article__imgCapa lazyloadDisabled newsContent__article__imgCapa--noCaption\" src=\"https:\/\/files.sunoresearch.com.br\/n\/uploads\/2018\/11\/325681b9-small-caps-800x450.webp\" width=\"800\" height=\"450\" alt=\"Value Summit: Confira destaques de palestras sobre Small Caps\" fetchpriority=high \/>\n\t\t\t<\/picture>\n\n\t\t\t<figcaption class=\"wp-caption-text wp-caption-text--hide\">Veja as small caps que mais valorizaram em junho<\/figcaption>\n\t\t<\/figure>\n\t<\/div>\n\n\n\n<p>Confira alguns destaques sobre palestras voltadas a Small Caps que ocorreram no <strong>Value Summit<\/strong>:<\/p>\n<h2>Palestra sobre cases de investimento no Value Summit<\/h2>\n<p>\u00c0s 12h, ocorreu a palestra &#8220;Panorama e Cases de Investimento&#8221; com <strong>Werner Roger,<\/strong> da <strong>Tr\u00edgono Capital.<\/strong> Roger apresentou diversas empresas com grandes chances de sucesso.<\/p>\n<p>Entre as empresas, destacam-se setores como:<\/p>\n<ul>\n<li><strong>Metalurgia;<\/strong><\/li>\n<li><strong>Transportes;<\/strong><\/li>\n<li><strong>Min\u00e9rios.<\/strong><\/li>\n<\/ul>\n<p><strong>Werner<\/strong> tamb\u00e9m mostrou as etapas de produ\u00e7\u00e3o destas empresas, al\u00e9m de dar argumentos sobre o por qu\u00ea investir neste tipo de a\u00e7\u00f5es.<\/p>\n<h2>Value Investing e Small Caps<\/h2>\n<p>\u00c0s 14h30, o escritor e professor <strong>Anderson lueders,<\/strong> realizou uma apresenta\u00e7\u00e3o sobre como investir em Small Caps.<\/p>\n<p><a href=\"https:\/\/www.suno.com.br\/noticias\/value-summit-value-investing-brasil\/\">Confira tamb\u00e9m: come\u00e7a o maior evento sobre Value Investing no Brasil<\/a><\/p>\n<p>O autor do livro &#8220;Investindo em Small Caps&#8221;, praticamente deu, de fato, uma aula para os presentes no audit\u00f3rio.<\/p>\n<p>Lueders explicou como saber quais empresas investir, quando comprar e vender, al\u00e9m de saber contornar os momentos do mercado. E destacou, que para ser um bom investidor, \u00e9 necess\u00e1rio, acima de tudo, ter humildade e aprender com seus pr\u00f3prios erros.<\/p>\n<h2>C\u00e9sar Paiva: Como investir com Senso Cr\u00edtico<\/h2>\n<p><span style=\"font-size: 1.21429rem;\">\u00c0s 15h25, o fundador da Real Investor Gest\u00e3o de Recursos, <a href=\"https:\/\/www.suno.com.br\/tudo-sobre\/cesar-paiva\/\"><strong>C\u00e9sar<\/strong> <strong>Paiva<\/strong><\/a>, deu uma palestra explicando como fez sua empresa chegar a mais de 1000% de lucro, enquanto o Ibovespa chegou a 181% no mesmo per\u00edodo de tempo.<\/span><\/p>\n<p>O palestrante come\u00e7ou sua apresenta\u00e7\u00e3o lembrando que come\u00e7ou com 17 anos a investir, estudando, principalmente, atrav\u00e9s de livros escritos por <strong>Warren Bufett.<\/strong><\/p>\n\t<p>\n\t\t<a href=\"https:\/\/lp.suno.com.br\/planilha-da-vida-financeira\/\" target=\"_blank\" data-element=\"shortcode-suno-banner\" title=\"Banner SUNO, clique e saiba mais\">\n\t\t\t<picture>\n\t\t\t\t<source media=\"(max-width: 500px)\" srcset=\"https:\/\/files.sunoresearch.com.br\/n\/uploads\/2023\/04\/400x300-Planilha-vida-financeira-true.png\">\n\t\t\t\t<img class=\"newsContent__article__imgCapa newsContent__article__imgCapa--banner\"\n\t\t\t\t\tsrc=\"https:\/\/files.sunoresearch.com.br\/n\/uploads\/2023\/04\/1420x240-Planilha-vida-financeira-true.png\"\n\t\t\t\t\tdata-promo-id=\"106682\"\t\t\t\t\t\t\t\t\t\twidth='1420' height='240'\t\t\t\t\talt=\"https:\/\/files.sunoresearch.com.br\/n\/uploads\/2023\/04\/1420x240-Planilha-vida-financeira-true.png\"\n\t\t\t\t>\n\t\t\t<\/picture>\n\t\t<\/a>\n\t<\/p>\n\n\n<p>Paiva explicou a diferen\u00e7a entre <strong>Senso Comum<\/strong> e <strong>Senso Cr\u00edtico,<\/strong> dando \u00e0 \u00faltima, como o principal fator de seu sucesso. &#8220;\u00c9 necess\u00e1rio entender o filme inteiro, n\u00e3o apenas o que voc\u00ea enxerga na hora.&#8221;, afirmou Paiva.<\/p>\n<p>Mostrando gr\u00e1ficos para exemplificar sua tese, <strong>Paiva<\/strong> demonstrou que deve-se entender os ciclos atuais macroecon\u00f4micos, tentando, da melhor maneira poss\u00edvel, enxergar o &#8220;filme inteiro&#8221;.<\/p>\n","protected":false},"excerpt":{"rendered":"<p>E continua acontecendo, neste s\u00e1bado (26) , em S\u00e3o Paulo, o Value Summit, o maior evento sobre Value Investing no Brasil. Veja as small caps que mais valorizaram em junho Confira alguns destaques sobre palestras voltadas a Small Caps que ocorreram no Value Summit: Palestra sobre cases de investimento no Value Summit \u00c0s 12h, ocorreu [&hellip;]<\/p>\n","protected":false},"author":23,"featured_media":6222,"comment_status":"closed","ping_status":"closed","sticky":false,"template":"","format":"standard","meta":[],"categories":[64],"tags":[304],"suno_strategy":[],"class_list":["post-42548","post","type-post","status-publish","format-standard","has-post-thumbnail","hentry","category-negocios","tag-small-caps"],"yoast_head":"<!-- This site is optimized with the Yoast SEO plugin v24.4 - https:\/\/yoast.com\/wordpress\/plugins\/seo\/ -->\n<title>Value Summit: Confira destaques de palestras sobre Small Caps<\/title>\n<meta name=\"description\" content=\"E continua acontecendo, neste s\u00e1bado (26) , em S\u00e3o Paulo, o Value Summit, o maior evento sobre Value Investing no Brasil. Clique para mais.\" \/>\n<meta name=\"robots\" content=\"index, follow, max-snippet:-1, max-image-preview:large, max-video-preview:-1\" \/>\n<link rel=\"canonical\" href=\"https:\/\/www.suno.com.br\/noticias\/value-summit-palestras-small-caps\/\" \/>\n<meta property=\"og:locale\" content=\"pt_BR\" \/>\n<meta property=\"og:type\" content=\"article\" \/>\n<meta property=\"og:title\" content=\"Value Summit: Confira destaques de palestras sobre Small Caps\" \/>\n<meta property=\"og:description\" content=\"E continua acontecendo, neste s\u00e1bado (26) , em S\u00e3o Paulo, o Value Summit, o maior evento sobre Value Investing no Brasil. Clique para mais.\" \/>\n<meta property=\"og:url\" content=\"https:\/\/www.suno.com.br\/noticias\/value-summit-palestras-small-caps\/\" \/>\n<meta property=\"og:site_name\" content=\"Suno Not\u00edcias\" \/>\n<meta property=\"article:publisher\" content=\"https:\/\/facebook.com\/sunoresearch\" \/>\n<meta property=\"og:image\" content=\"https:\/\/files.sunoresearch.com.br\/n\/uploads\/2018\/11\/325681b9-small-caps.jpg\" \/>\n\t<meta property=\"og:image:width\" content=\"1024\" \/>\n\t<meta property=\"og:image:height\" content=\"767\" \/>\n\t<meta property=\"og:image:type\" content=\"image\/jpeg\" \/>\n<meta name=\"author\" content=\"Rafael Lara\" \/>\n<meta name=\"twitter:card\" content=\"summary_large_image\" \/>\n<meta name=\"twitter:creator\" content=\"@sunoresearch\" \/>\n<meta name=\"twitter:site\" content=\"@sunoresearch\" \/>\n<meta name=\"twitter:label1\" content=\"Escrito por\" \/>\n\t<meta name=\"twitter:data1\" content=\"Rafael Lara\" \/>\n\t<meta name=\"twitter:label2\" content=\"Est. tempo de leitura\" \/>\n\t<meta name=\"twitter:data2\" content=\"2 minutos\" \/>\n<script type=\"application\/ld+json\" class=\"yoast-schema-graph\">{\"@context\":\"https:\/\/schema.org\",\"@graph\":[{\"@type\":\"NewsArticle\",\"@id\":\"https:\/\/www.suno.com.br\/noticias\/value-summit-palestras-small-caps\/#article\",\"isPartOf\":{\"@id\":\"https:\/\/www.suno.com.br\/noticias\/value-summit-palestras-small-caps\/\"},\"author\":{\"name\":\"Rafael Lara\",\"@id\":\"https:\/\/www.suno.com.br\/noticias\/#\/schema\/person\/098743caeed97b37f51315c9576c4078\"},\"headline\":\"Value Summit: Confira destaques de palestras sobre Small Caps\",\"datePublished\":\"2019-10-26T18:54:56+00:00\",\"dateModified\":\"2019-10-26T18:56:05+00:00\",\"mainEntityOfPage\":{\"@id\":\"https:\/\/www.suno.com.br\/noticias\/value-summit-palestras-small-caps\/\"},\"wordCount\":355,\"publisher\":{\"@id\":\"https:\/\/www.suno.com.br\/noticias\/#organization\"},\"image\":{\"@id\":\"https:\/\/www.suno.com.br\/noticias\/value-summit-palestras-small-caps\/#primaryimage\"},\"thumbnailUrl\":\"https:\/\/files.sunoresearch.com.br\/n\/uploads\/2018\/11\/325681b9-small-caps-jpg.webp\",\"keywords\":[\"Small Caps\"],\"articleSection\":[\"Neg\u00f3cios\"],\"inLanguage\":\"pt-BR\"},{\"@type\":\"WebPage\",\"@id\":\"https:\/\/www.suno.com.br\/noticias\/value-summit-palestras-small-caps\/\",\"url\":\"https:\/\/www.suno.com.br\/noticias\/value-summit-palestras-small-caps\/\",\"name\":\"Value Summit: Confira destaques de palestras sobre Small Caps\",\"isPartOf\":{\"@id\":\"https:\/\/www.suno.com.br\/noticias\/#website\"},\"primaryImageOfPage\":{\"@id\":\"https:\/\/www.suno.com.br\/noticias\/value-summit-palestras-small-caps\/#primaryimage\"},\"image\":{\"@id\":\"https:\/\/www.suno.com.br\/noticias\/value-summit-palestras-small-caps\/#primaryimage\"},\"thumbnailUrl\":\"https:\/\/files.sunoresearch.com.br\/n\/uploads\/2018\/11\/325681b9-small-caps-jpg.webp\",\"datePublished\":\"2019-10-26T18:54:56+00:00\",\"dateModified\":\"2019-10-26T18:56:05+00:00\",\"description\":\"E continua acontecendo, neste s\u00e1bado (26) , em S\u00e3o Paulo, o Value Summit, o maior evento sobre Value Investing no Brasil. Clique para mais.\",\"breadcrumb\":{\"@id\":\"https:\/\/www.suno.com.br\/noticias\/value-summit-palestras-small-caps\/#breadcrumb\"},\"inLanguage\":\"pt-BR\",\"potentialAction\":[{\"@type\":\"ReadAction\",\"target\":[\"https:\/\/www.suno.com.br\/noticias\/value-summit-palestras-small-caps\/\"]}]},{\"@type\":\"ImageObject\",\"inLanguage\":\"pt-BR\",\"@id\":\"https:\/\/www.suno.com.br\/noticias\/value-summit-palestras-small-caps\/#primaryimage\",\"url\":\"https:\/\/files.sunoresearch.com.br\/n\/uploads\/2018\/11\/325681b9-small-caps-jpg.webp\",\"contentUrl\":\"https:\/\/files.sunoresearch.com.br\/n\/uploads\/2018\/11\/325681b9-small-caps-jpg.webp\",\"width\":1024,\"height\":767,\"caption\":\"Veja as small caps que mais valorizaram em junho\"},{\"@type\":\"BreadcrumbList\",\"@id\":\"https:\/\/www.suno.com.br\/noticias\/value-summit-palestras-small-caps\/#breadcrumb\",\"itemListElement\":[{\"@type\":\"ListItem\",\"position\":1,\"name\":\"Not\u00edcias\",\"item\":\"https:\/\/www.suno.com.br\/noticias\/\"},{\"@type\":\"ListItem\",\"position\":2,\"name\":\"Neg\u00f3cios\",\"item\":\"https:\/\/www.suno.com.br\/noticias\/negocios\/\"},{\"@type\":\"ListItem\",\"position\":3,\"name\":\"Value Summit: Confira destaques de palestras sobre Small Caps\"}]},{\"@type\":\"WebSite\",\"@id\":\"https:\/\/www.suno.com.br\/noticias\/#website\",\"url\":\"https:\/\/www.suno.com.br\/noticias\/\",\"name\":\"Suno Not\u00edcias\",\"description\":\"Seu portal de informa\u00e7\u00e3o sobre o mundo dos investimentos\",\"publisher\":{\"@id\":\"https:\/\/www.suno.com.br\/noticias\/#organization\"},\"potentialAction\":[{\"@type\":\"SearchAction\",\"target\":{\"@type\":\"EntryPoint\",\"urlTemplate\":\"https:\/\/www.suno.com.br\/noticias\/?s={search_term_string}\"},\"query-input\":{\"@type\":\"PropertyValueSpecification\",\"valueRequired\":true,\"valueName\":\"search_term_string\"}}],\"inLanguage\":\"pt-BR\"},{\"@type\":\"Organization\",\"@id\":\"https:\/\/www.suno.com.br\/noticias\/#organization\",\"name\":\"Suno Not\u00edcias\",\"url\":\"https:\/\/www.suno.com.br\/noticias\/\",\"logo\":{\"@type\":\"ImageObject\",\"inLanguage\":\"pt-BR\",\"@id\":\"https:\/\/www.suno.com.br\/noticias\/#\/schema\/logo\/image\/\",\"url\":\"https:\/\/files.sunoresearch.com.br\/n\/uploads\/2021\/09\/suno-logo.png\",\"contentUrl\":\"https:\/\/files.sunoresearch.com.br\/n\/uploads\/2021\/09\/suno-logo.png\",\"width\":180,\"height\":180,\"caption\":\"Suno Not\u00edcias\"},\"image\":{\"@id\":\"https:\/\/www.suno.com.br\/noticias\/#\/schema\/logo\/image\/\"},\"sameAs\":[\"https:\/\/facebook.com\/sunoresearch\",\"https:\/\/x.com\/sunoresearch\",\"https:\/\/www.instagram.com\/suno\",\"https:\/\/www.linkedin.com\/company\/suno-research\/\",\"https:\/\/www.youtube.com\/c\/sunoresearch\"]},{\"@type\":\"Person\",\"@id\":\"https:\/\/www.suno.com.br\/noticias\/#\/schema\/person\/098743caeed97b37f51315c9576c4078\",\"name\":\"Rafael Lara\",\"image\":{\"@type\":\"ImageObject\",\"inLanguage\":\"pt-BR\",\"@id\":\"https:\/\/www.suno.com.br\/noticias\/#\/schema\/person\/image\/\",\"url\":\"https:\/\/secure.gravatar.com\/avatar\/dfc254ab9bb2ea1895d98b9e9dae4bdd?s=96&r=g\",\"contentUrl\":\"https:\/\/secure.gravatar.com\/avatar\/dfc254ab9bb2ea1895d98b9e9dae4bdd?s=96&r=g\",\"caption\":\"Rafael Lara\"},\"description\":\"Rafael Lara cursa jornalismo na Faculdade C\u00e1sper L\u00edbero. Escreve sobre pol\u00edtica, economia e neg\u00f3cios para o portal Suno Not\u00edcias. Antes, colaborou na TV Gazeta na produ\u00e7\u00e3o do programa Edi\u00e7\u00e3o Extra.\",\"url\":\"https:\/\/www.suno.com.br\/noticias\/author\/rafael\/\"}]}<\/script>\n<!-- \/ Yoast SEO plugin. -->","yoast_head_json":{"title":"Value Summit: Confira destaques de palestras sobre Small Caps","description":"E continua acontecendo, neste s\u00e1bado (26) , em S\u00e3o Paulo, o Value Summit, o maior evento sobre Value Investing no Brasil. Clique para mais.","robots":{"index":"index","follow":"follow","max-snippet":"max-snippet:-1","max-image-preview":"max-image-preview:large","max-video-preview":"max-video-preview:-1"},"canonical":"https:\/\/www.suno.com.br\/noticias\/value-summit-palestras-small-caps\/","og_locale":"pt_BR","og_type":"article","og_title":"Value Summit: Confira destaques de palestras sobre Small Caps","og_description":"E continua acontecendo, neste s\u00e1bado (26) , em S\u00e3o Paulo, o Value Summit, o maior evento sobre Value Investing no Brasil. Clique para mais.","og_url":"https:\/\/www.suno.com.br\/noticias\/value-summit-palestras-small-caps\/","og_site_name":"Suno Not\u00edcias","article_publisher":"https:\/\/facebook.com\/sunoresearch","og_image":[{"width":1024,"height":767,"url":"https:\/\/files.sunoresearch.com.br\/n\/uploads\/2018\/11\/325681b9-small-caps.jpg","type":"image\/jpeg"}],"author":"Rafael Lara","twitter_card":"summary_large_image","twitter_creator":"@sunoresearch","twitter_site":"@sunoresearch","twitter_misc":{"Escrito por":"Rafael Lara","Est. tempo de leitura":"2 minutos"},"schema":{"@context":"https:\/\/schema.org","@graph":[{"@type":"NewsArticle","@id":"https:\/\/www.suno.com.br\/noticias\/value-summit-palestras-small-caps\/#article","isPartOf":{"@id":"https:\/\/www.suno.com.br\/noticias\/value-summit-palestras-small-caps\/"},"author":{"name":"Rafael Lara","@id":"https:\/\/www.suno.com.br\/noticias\/#\/schema\/person\/098743caeed97b37f51315c9576c4078"},"headline":"Value Summit: Confira destaques de palestras sobre Small Caps","datePublished":"2019-10-26T18:54:56+00:00","dateModified":"2019-10-26T18:56:05+00:00","mainEntityOfPage":{"@id":"https:\/\/www.suno.com.br\/noticias\/value-summit-palestras-small-caps\/"},"wordCount":355,"publisher":{"@id":"https:\/\/www.suno.com.br\/noticias\/#organization"},"image":{"@id":"https:\/\/www.suno.com.br\/noticias\/value-summit-palestras-small-caps\/#primaryimage"},"thumbnailUrl":"https:\/\/files.sunoresearch.com.br\/n\/uploads\/2018\/11\/325681b9-small-caps-jpg.webp","keywords":["Small Caps"],"articleSection":["Neg\u00f3cios"],"inLanguage":"pt-BR"},{"@type":"WebPage","@id":"https:\/\/www.suno.com.br\/noticias\/value-summit-palestras-small-caps\/","url":"https:\/\/www.suno.com.br\/noticias\/value-summit-palestras-small-caps\/","name":"Value Summit: Confira destaques de palestras sobre Small Caps","isPartOf":{"@id":"https:\/\/www.suno.com.br\/noticias\/#website"},"primaryImageOfPage":{"@id":"https:\/\/www.suno.com.br\/noticias\/value-summit-palestras-small-caps\/#primaryimage"},"image":{"@id":"https:\/\/www.suno.com.br\/noticias\/value-summit-palestras-small-caps\/#primaryimage"},"thumbnailUrl":"https:\/\/files.sunoresearch.com.br\/n\/uploads\/2018\/11\/325681b9-small-caps-jpg.webp","datePublished":"2019-10-26T18:54:56+00:00","dateModified":"2019-10-26T18:56:05+00:00","description":"E continua acontecendo, neste s\u00e1bado (26) , em S\u00e3o Paulo, o Value Summit, o maior evento sobre Value Investing no Brasil. Clique para mais.","breadcrumb":{"@id":"https:\/\/www.suno.com.br\/noticias\/value-summit-palestras-small-caps\/#breadcrumb"},"inLanguage":"pt-BR","potentialAction":[{"@type":"ReadAction","target":["https:\/\/www.suno.com.br\/noticias\/value-summit-palestras-small-caps\/"]}]},{"@type":"ImageObject","inLanguage":"pt-BR","@id":"https:\/\/www.suno.com.br\/noticias\/value-summit-palestras-small-caps\/#primaryimage","url":"https:\/\/files.sunoresearch.com.br\/n\/uploads\/2018\/11\/325681b9-small-caps-jpg.webp","contentUrl":"https:\/\/files.sunoresearch.com.br\/n\/uploads\/2018\/11\/325681b9-small-caps-jpg.webp","width":1024,"height":767,"caption":"Veja as small caps que mais valorizaram em junho"},{"@type":"BreadcrumbList","@id":"https:\/\/www.suno.com.br\/noticias\/value-summit-palestras-small-caps\/#breadcrumb","itemListElement":[{"@type":"ListItem","position":1,"name":"Not\u00edcias","item":"https:\/\/www.suno.com.br\/noticias\/"},{"@type":"ListItem","position":2,"name":"Neg\u00f3cios","item":"https:\/\/www.suno.com.br\/noticias\/negocios\/"},{"@type":"ListItem","position":3,"name":"Value Summit: Confira destaques de palestras sobre Small Caps"}]},{"@type":"WebSite","@id":"https:\/\/www.suno.com.br\/noticias\/#website","url":"https:\/\/www.suno.com.br\/noticias\/","name":"Suno Not\u00edcias","description":"Seu portal de informa\u00e7\u00e3o sobre o mundo dos investimentos","publisher":{"@id":"https:\/\/www.suno.com.br\/noticias\/#organization"},"potentialAction":[{"@type":"SearchAction","target":{"@type":"EntryPoint","urlTemplate":"https:\/\/www.suno.com.br\/noticias\/?s={search_term_string}"},"query-input":{"@type":"PropertyValueSpecification","valueRequired":true,"valueName":"search_term_string"}}],"inLanguage":"pt-BR"},{"@type":"Organization","@id":"https:\/\/www.suno.com.br\/noticias\/#organization","name":"Suno Not\u00edcias","url":"https:\/\/www.suno.com.br\/noticias\/","logo":{"@type":"ImageObject","inLanguage":"pt-BR","@id":"https:\/\/www.suno.com.br\/noticias\/#\/schema\/logo\/image\/","url":"https:\/\/files.sunoresearch.com.br\/n\/uploads\/2021\/09\/suno-logo.png","contentUrl":"https:\/\/files.sunoresearch.com.br\/n\/uploads\/2021\/09\/suno-logo.png","width":180,"height":180,"caption":"Suno Not\u00edcias"},"image":{"@id":"https:\/\/www.suno.com.br\/noticias\/#\/schema\/logo\/image\/"},"sameAs":["https:\/\/facebook.com\/sunoresearch","https:\/\/x.com\/sunoresearch","https:\/\/www.instagram.com\/suno","https:\/\/www.linkedin.com\/company\/suno-research\/","https:\/\/www.youtube.com\/c\/sunoresearch"]},{"@type":"Person","@id":"https:\/\/www.suno.com.br\/noticias\/#\/schema\/person\/098743caeed97b37f51315c9576c4078","name":"Rafael Lara","image":{"@type":"ImageObject","inLanguage":"pt-BR","@id":"https:\/\/www.suno.com.br\/noticias\/#\/schema\/person\/image\/","url":"https:\/\/secure.gravatar.com\/avatar\/dfc254ab9bb2ea1895d98b9e9dae4bdd?s=96&r=g","contentUrl":"https:\/\/secure.gravatar.com\/avatar\/dfc254ab9bb2ea1895d98b9e9dae4bdd?s=96&r=g","caption":"Rafael Lara"},"description":"Rafael Lara cursa jornalismo na Faculdade C\u00e1sper L\u00edbero. Escreve sobre pol\u00edtica, economia e neg\u00f3cios para o portal Suno Not\u00edcias. Antes, colaborou na TV Gazeta na produ\u00e7\u00e3o do programa Edi\u00e7\u00e3o Extra.","url":"https:\/\/www.suno.com.br\/noticias\/author\/rafael\/"}]}},"default_loop_html":"<div class=\"cardsPage__listCard__boxs\"><div class=\"cardsPage__listCard__boxs__img\"><a href=\"https:\/\/www.suno.com.br\/noticias\/value-summit-palestras-small-caps\/\"><img class=\"mask\" src=\"https:\/\/www.suno.com.br\/noticias\/wp-content\/themes\/suno\/resources\/images\/spotlight\/spotlight1img\/bg-mask.png\" alt=\"Image Mask\"\/><img src=\"https:\/\/files.sunoresearch.com.br\/n\/uploads\/2018\/11\/325681b9-small-caps-400x200.webp\" alt=\"Value Summit: Confira destaques de palestras sobre Small Caps\"\/><\/a><span class=\"spotlightCategory\"><a href=\"https:\/\/www.suno.com.br\/noticias\/negocios\/\">Neg\u00f3cios<\/a><\/span><\/div><div class=\"cardsPage__listCard__boxs__content\"><a href=\"https:\/\/www.suno.com.br\/noticias\/value-summit-palestras-small-caps\/\"><h2 class=\"content__title\">Value Summit: Confira destaques de palestras sobre Small Caps<\/h2><\/a><div class=\"newsContent__article__meta\"><div class=\"newsContent__article__meta__authorBox\"><a href=\"https:\/\/www.suno.com.br\/noticias\/author\/rafael\/\" class=\"authorBox__avatar noMobi\"><img src=\"https:\/\/secure.gravatar.com\/avatar\/dfc254ab9bb2ea1895d98b9e9dae4bdd?s=96&#038;r=g\" alt=\"Rafael Lara\"><\/a><div class=\"authorBox__name\"><span>por\n\t\t\t<a href=\"https:\/\/www.suno.com.br\/noticias\/author\/rafael\/\"><span itemprop=\"author\">Rafael Lara<\/span><\/a><\/span><time datetime=\"2019-10-26T16:54:56-03:00\" itemprop=\"datePublished\">26\/10\/2019 16:54<\/time><\/div><\/div><\/div><\/div><\/div>","single_layout":"posts","amp_enabled":true,"_links":{"self":[{"href":"https:\/\/www.suno.com.br\/noticias\/wp-json\/wp\/v2\/posts\/42548"}],"collection":[{"href":"https:\/\/www.suno.com.br\/noticias\/wp-json\/wp\/v2\/posts"}],"about":[{"href":"https:\/\/www.suno.com.br\/noticias\/wp-json\/wp\/v2\/types\/post"}],"author":[{"embeddable":true,"href":"https:\/\/www.suno.com.br\/noticias\/wp-json\/wp\/v2\/users\/23"}],"replies":[{"embeddable":true,"href":"https:\/\/www.suno.com.br\/noticias\/wp-json\/wp\/v2\/comments?post=42548"}],"version-history":[{"count":0,"href":"https:\/\/www.suno.com.br\/noticias\/wp-json\/wp\/v2\/posts\/42548\/revisions"}],"wp:featuredmedia":[{"embeddable":true,"href":"https:\/\/www.suno.com.br\/noticias\/wp-json\/wp\/v2\/media\/6222"}],"wp:attachment":[{"href":"https:\/\/www.suno.com.br\/noticias\/wp-json\/wp\/v2\/media?parent=42548"}],"wp:term":[{"taxonomy":"category","embeddable":true,"href":"https:\/\/www.suno.com.br\/noticias\/wp-json\/wp\/v2\/categories?post=42548"},{"taxonomy":"post_tag","embeddable":true,"href":"https:\/\/www.suno.com.br\/noticias\/wp-json\/wp\/v2\/tags?post=42548"},{"taxonomy":"suno_strategy","embeddable":true,"href":"https:\/\/www.suno.com.br\/noticias\/wp-json\/wp\/v2\/suno_strategy?post=42548"}],"curies":[{"name":"wp","href":"https:\/\/api.w.org\/{rel}","templated":true}]}}