{"id":425372,"date":"2023-07-05T12:03:07","date_gmt":"2023-07-05T15:03:07","guid":{"rendered":"https:\/\/www.suno.com.br\/noticias\/?p=425372"},"modified":"2023-07-05T12:03:41","modified_gmt":"2023-07-05T15:03:41","slug":"braskem-brkm5-nega-acordo-bilionario-recomendacao-cortada-jvj","status":"publish","type":"post","link":"https:\/\/www.suno.com.br\/noticias\/braskem-brkm5-nega-acordo-bilionario-recomendacao-cortada-jvj\/","title":{"rendered":"Braskem (BRKM5) nega acordo bilion\u00e1rio e tem recomenda\u00e7\u00e3o cortada por banco; A\u00e7\u00f5es tombam"},"content":{"rendered":"<p>A <strong>Braskem<\/strong> (<a href=\"https:\/\/www.suno.com.br\/acoes\/brkm5\/\" target=\"_blank\" rel=\"noreferrer noopener\">BRKM5<\/a>) comunicou nesta quarta-feira (5) que tem avan\u00e7ado nas tratativas com entes p\u00fablicos, incluindo o munic\u00edpio de Macei\u00f3, em rela\u00e7\u00e3o a pleitos indenizat\u00f3rios que podem resultar em um acordo entre as partes.<\/p>\t<div class=\"wrapper-featured-image\">\n\t\t<figure class=\"spotlightImg\">\n\n\t\t\t<picture>\n\t\t\t\t<source media=\"(max-width: 768px)\" srcset=\"https:\/\/files.sunoresearch.com.br\/n\/uploads\/2022\/11\/braskem-brkm5-bofa-eleva-preco-alvo-upside-400x200.jpg\">\n\t\t\t\t<img loading=\"lazy\" decoding=\"async\" class=\"newsContent__article__imgCapa lazyloadDisabled \" src=\"https:\/\/files.sunoresearch.com.br\/n\/uploads\/2022\/11\/braskem-brkm5-bofa-eleva-preco-alvo-upside-800x450.jpg\" width=\"800\" height=\"450\" alt=\"Braskem (BRKM5) nega acordo bilion\u00e1rio e tem recomenda\u00e7\u00e3o cortada por banco; A\u00e7\u00f5es tombam\" fetchpriority=high \/>\n\t\t\t<\/picture>\n\n\t\t\t<figcaption class=\"wp-caption-text wp-caption-text--show\">Braskem (BRKM5). Foto: Divulga\u00e7\u00e3o<\/figcaption>\n\t\t<\/figure>\n\t<\/div>\n\n\n\n\n\n\t<p>\n\t\t<a href=\"https:\/\/lp2.suno.com.br\/cl\/black-friday-2025\/?utm_campaign=_SNCDF0E4858_\" target=\"_blank\" data-element=\"shortcode-suno-banner\" title=\"Banner SUNO, clique e saiba mais\">\n\t\t\t<picture>\n\t\t\t\t<source media=\"(max-width: 500px)\" srcset=\"https:\/\/files.sunoresearch.com.br\/n\/uploads\/2025\/10\/Artigos-e-Noticias-Banner-Home-artigos-01-Mobile_-400x300-1-png.webp\">\n\t\t\t\t<img class=\"newsContent__article__imgCapa newsContent__article__imgCapa--banner\"\n\t\t\t\t\tsrc=\"https:\/\/files.sunoresearch.com.br\/n\/uploads\/2025\/10\/Artigos-e-Noticias-Banner-Home-artigos-01-Desktop_-1420x240-1-png.webp\"\n\t\t\t\t\tdata-promo-id=\"311259\"\t\t\t\t\t\t\t\t\t\twidth='1420' height='240'\t\t\t\t\talt=\"https:\/\/files.sunoresearch.com.br\/n\/uploads\/2025\/10\/Artigos-e-Noticias-Banner-Home-artigos-01-Desktop_-1420x240-1-png.webp\"\n\t\t\t\t>\n\t\t\t<\/picture>\n\t\t<\/a>\n\t<\/p>\n\n\n\n\n\n<p>Por\u00e9m, a Braskem disse em comunicado que o fechamento de um acordo de R$ 1,7 bilh\u00e3o com a prefeitura de Macei\u00f3 n\u00e3o foi realizado, prestando esclarecimentos \u00e0 <a href=\"https:\/\/www.suno.com.br\/artigos\/cvm\/\" target=\"_blank\" rel=\"noreferrer noopener\">CVM<\/a> ap\u00f3s uma not\u00edcia publicada pelo jornal Valor Econ\u00f4mico.<\/p>\n\n\n\n<p>Segundo o Valor, a Braskem e a<strong> prefeitura de Macei\u00f3 <\/strong>estariam em tratativas para um acordo em rela\u00e7\u00e3o ao afundamento do solo nos bairros da capital de Alagoas, cujo pagamento adicional envolveria R$ 1,7 bilh\u00e3o pela empresa petroqu\u00edmica.<\/p>\n\n\n\t<div data-element=\"shortcode-read-more\" class=\"knowMore\">\n\t\t\t\t<span class=\"knowMore__title\">Leia mais<\/span>\n\t\t\t\t<a class=\"knowMore__link\" href=\"https:\/\/www.suno.com.br\/noticias\/ibovespa-hoje-04072023-petr4-sobe-vale3-cai-jvj\/\">\n\t\t\tIbovespa fecha em alta, aos 119 mil pontos; Petrobras (PETR4) e Vale (VALE3) recuam\t\t<\/a>\n\t<\/div>\n\n\n\n\n<p>A quantia se refere aos preju\u00edzos que Macei\u00f3 sofreu devido ao problema geol\u00f3gico, gerando negocia\u00e7\u00f5es que j\u00e1 perduram h\u00e1 alguns meses. Entre as perdas do munic\u00edpio, se incluem tamb\u00e9m as arrecadat\u00f3rias.<\/p>\n\n\n\n<p>A Braskem disse que, embora a mat\u00e9ria noticiada \u201creflita substancialmente o est\u00e1gio atual das discuss\u00f5es com o <strong>munic\u00edpio de Macei\u00f3<\/strong>\u201d, nenhum acordo foi assinado at\u00e9 o momento.<\/p>\n\n\n\n<p>Al\u00e9m disso, a companhia acrescenta que os termos e condi\u00e7\u00f5es de um eventual acordo ainda dever\u00e3o ser submetidos \u00e0 aprova\u00e7\u00e3o dos \u00f3rg\u00e3os de governan\u00e7a e de outras partes envolvidas.<\/p>\n\n\n\n<h2 class=\"wp-block-heading\"><a><\/a>JPMorgan corta recomenda\u00e7\u00e3o da Braskem para neutra e diminui pre\u00e7o-alvo em 5%; A\u00e7\u00f5es tombam<\/h2>\n\n\n\n<p>O <strong>JPMorgan<\/strong> cortou sua recomenda\u00e7\u00e3o para neutra nas a\u00e7\u00f5es da Braskem, al\u00e9m de ter reduzido o pre\u00e7o-alvo dos pap\u00e9is em 5%, que passaram de R$ 30 para R$ 28,50.<\/p>\n\n\n\n<p>Por volta das 11h50, as <strong>a\u00e7\u00f5es da Braskem<\/strong>, negociadas sob o ticker <strong>BRKM5<\/strong>, lideravam as maiores perdas do Ibovespa hoje, com baixa de 3,39%, cotadas a R$ 27,96.<\/p>\n\n\n\n<p>O JPMorgan afirma que a maior preocupa\u00e7\u00e3o do banco em rela\u00e7\u00e3o ao setor petroqu\u00edmico est\u00e1 nas estimativas de spreads, que representa a diferen\u00e7a entre o pre\u00e7o dos produtos e os custos associados \u00e0s mat\u00e9rias-primas.<\/p>\n\n\n\n<p>Al\u00e9m disso, o banco tamb\u00e9m est\u00e1 analisando qual seria o atual momento do ciclo do setor petroqu\u00edmico.<\/p>\n\n\n\n<p>O banco diz em relat\u00f3rio que mantinha sua posi\u00e7\u00e3o overweight em raz\u00e3o dos valuations descontados que eram vistos no segmento petroqu\u00edmico. Por\u00e9m, as expectativas do JPMorgan n\u00e3o s\u00e3o muito positivas com o setor para este ano e para 2024.<\/p>\n\n\n\n<p>\u201cPara essa pergunta, respondemos ver uma normaliza\u00e7\u00e3o dos spreads, sugerindo um ciclo de baixa para 2023 e 2024, recuperando-se a partir de 2025. Ao mesmo tempo, argumentamos que os valuations com desconto sustentavam nosso overweight no segmento\u201d.<\/p>\n\n\n\n<p>Assim, conforme a vis\u00e3o do banco, o corte na recomenda\u00e7\u00e3o das a\u00e7\u00f5es da <strong>Braskem <\/strong>acontece enquanto a companhia se aproxima do seu <a class=\"suno-keyword\" target=\"_blank\" data-force=\"no\" data-priority=\"1\" href=\"https:\/\/www.suno.com.br\/artigos\/valor-justo\/\" rel=\"noopener\">valor justo<\/a>, somado ao enfraquecimento dos spreads para o 2\u00ba trimestre de 2023 e para 2024.<\/p>\n\n\n\t<p>\n\t\t<a href=\"https:\/\/lp.suno.com.br\/ebook-como-analisar-uma-acao\/\" target=\"_blank\" data-element=\"shortcode-suno-banner\" title=\"Banner SUNO, clique e saiba mais\">\n\t\t\t<picture>\n\t\t\t\t<source media=\"(max-width: 500px)\" srcset=\"https:\/\/files.sunoresearch.com.br\/n\/uploads\/2023\/12\/Ebook-Acoes-Mobile.jpg\">\n\t\t\t\t<img class=\"newsContent__article__imgCapa newsContent__article__imgCapa--banner\"\n\t\t\t\t\tsrc=\"https:\/\/files.sunoresearch.com.br\/n\/uploads\/2023\/12\/Ebook-Acoes-Desktop.webp\"\n\t\t\t\t\tdata-promo-id=\"311260\"\t\t\t\t\t\t\t\t\t\twidth='1420' height='286'\t\t\t\t\talt=\"https:\/\/files.sunoresearch.com.br\/n\/uploads\/2023\/12\/Ebook-Acoes-Desktop.webp\"\n\t\t\t\t>\n\t\t\t<\/picture>\n\t\t<\/a>\n\t<\/p>\n\n\n","protected":false},"excerpt":{"rendered":"<p>A Braskem (BRKM5) comunicou nesta quarta-feira (5) que tem avan\u00e7ado nas tratativas com entes p\u00fablicos, incluindo o munic\u00edpio de Macei\u00f3, em rela\u00e7\u00e3o a pleitos indenizat\u00f3rios que podem resultar em um acordo entre as partes. Braskem (BRKM5). Foto: Divulga\u00e7\u00e3o Por\u00e9m, a Braskem disse em comunicado que o fechamento de um acordo de R$ 1,7 bilh\u00e3o com [&hellip;]<\/p>\n","protected":false},"author":173,"featured_media":325787,"comment_status":"closed","ping_status":"closed","sticky":false,"template":"","format":"standard","meta":[],"categories":[64],"tags":[395],"suno_strategy":[],"class_list":["post-425372","post","type-post","status-publish","format-standard","has-post-thumbnail","hentry","category-negocios","tag-braskem-brkm3-brkm5-brkm6"],"yoast_head":"<!-- This site is optimized with the Yoast SEO plugin v24.4 - https:\/\/yoast.com\/wordpress\/plugins\/seo\/ -->\n<title>Braskem (BRKM5) nega acordo bilion\u00e1rio e a\u00e7\u00f5es tombam na bolsa<\/title>\n<meta name=\"description\" content=\"A Braskem (BRKM5) negou ter fechado um acordo bilion\u00e1rio e teve sua recomenda\u00e7\u00e3o cortada por banco, com as a\u00e7\u00f5es tombando na Bolsa. Confira.\" \/>\n<meta name=\"robots\" content=\"index, follow, max-snippet:-1, max-image-preview:large, max-video-preview:-1\" \/>\n<link rel=\"canonical\" href=\"https:\/\/www.suno.com.br\/noticias\/braskem-brkm5-nega-acordo-bilionario-recomendacao-cortada-jvj\/\" \/>\n<meta property=\"og:locale\" content=\"pt_BR\" \/>\n<meta property=\"og:type\" content=\"article\" \/>\n<meta property=\"og:title\" content=\"Braskem (BRKM5) nega acordo bilion\u00e1rio e a\u00e7\u00f5es tombam na bolsa\" \/>\n<meta property=\"og:description\" content=\"A Braskem (BRKM5) negou ter fechado um acordo bilion\u00e1rio e teve sua recomenda\u00e7\u00e3o cortada por banco, com as a\u00e7\u00f5es tombando na Bolsa. Confira.\" \/>\n<meta property=\"og:url\" content=\"https:\/\/www.suno.com.br\/noticias\/braskem-brkm5-nega-acordo-bilionario-recomendacao-cortada-jvj\/\" \/>\n<meta property=\"og:site_name\" content=\"Suno Not\u00edcias\" \/>\n<meta property=\"article:publisher\" content=\"https:\/\/facebook.com\/sunoresearch\" \/>\n<meta property=\"og:image\" content=\"https:\/\/files.sunoresearch.com.br\/n\/uploads\/2022\/11\/braskem-brkm5-bofa-eleva-preco-alvo-upside.jpg\" \/>\n\t<meta property=\"og:image:width\" content=\"1200\" \/>\n\t<meta property=\"og:image:height\" content=\"800\" \/>\n\t<meta property=\"og:image:type\" content=\"image\/jpeg\" \/>\n<meta name=\"author\" content=\"Jo\u00e3o Vitor\" \/>\n<meta name=\"twitter:card\" content=\"summary_large_image\" \/>\n<meta name=\"twitter:creator\" content=\"@sunoresearch\" \/>\n<meta name=\"twitter:site\" content=\"@sunoresearch\" \/>\n<meta name=\"twitter:label1\" content=\"Escrito por\" \/>\n\t<meta name=\"twitter:data1\" content=\"Jo\u00e3o Vitor\" \/>\n\t<meta name=\"twitter:label2\" content=\"Est. tempo de leitura\" \/>\n\t<meta name=\"twitter:data2\" content=\"3 minutos\" \/>\n<script type=\"application\/ld+json\" class=\"yoast-schema-graph\">{\"@context\":\"https:\/\/schema.org\",\"@graph\":[{\"@type\":\"NewsArticle\",\"@id\":\"https:\/\/www.suno.com.br\/noticias\/braskem-brkm5-nega-acordo-bilionario-recomendacao-cortada-jvj\/#article\",\"isPartOf\":{\"@id\":\"https:\/\/www.suno.com.br\/noticias\/braskem-brkm5-nega-acordo-bilionario-recomendacao-cortada-jvj\/\"},\"author\":{\"name\":\"Jo\u00e3o Vitor\",\"@id\":\"https:\/\/www.suno.com.br\/noticias\/#\/schema\/person\/87fc6973867c52dd884811905c43afba\"},\"headline\":\"Braskem (BRKM5) nega acordo bilion\u00e1rio e tem recomenda\u00e7\u00e3o cortada por banco; A\u00e7\u00f5es tombam\",\"datePublished\":\"2023-07-05T15:03:07+00:00\",\"dateModified\":\"2023-07-05T15:03:41+00:00\",\"mainEntityOfPage\":{\"@id\":\"https:\/\/www.suno.com.br\/noticias\/braskem-brkm5-nega-acordo-bilionario-recomendacao-cortada-jvj\/\"},\"wordCount\":494,\"publisher\":{\"@id\":\"https:\/\/www.suno.com.br\/noticias\/#organization\"},\"image\":{\"@id\":\"https:\/\/www.suno.com.br\/noticias\/braskem-brkm5-nega-acordo-bilionario-recomendacao-cortada-jvj\/#primaryimage\"},\"thumbnailUrl\":\"https:\/\/files.sunoresearch.com.br\/n\/uploads\/2022\/11\/braskem-brkm5-bofa-eleva-preco-alvo-upside.jpg\",\"keywords\":[\"Braskem (BRKM3\/BRKM5\/BRKM6)\"],\"articleSection\":[\"Neg\u00f3cios\"],\"inLanguage\":\"pt-BR\"},{\"@type\":\"WebPage\",\"@id\":\"https:\/\/www.suno.com.br\/noticias\/braskem-brkm5-nega-acordo-bilionario-recomendacao-cortada-jvj\/\",\"url\":\"https:\/\/www.suno.com.br\/noticias\/braskem-brkm5-nega-acordo-bilionario-recomendacao-cortada-jvj\/\",\"name\":\"Braskem (BRKM5) nega acordo bilion\u00e1rio e a\u00e7\u00f5es tombam na bolsa\",\"isPartOf\":{\"@id\":\"https:\/\/www.suno.com.br\/noticias\/#website\"},\"primaryImageOfPage\":{\"@id\":\"https:\/\/www.suno.com.br\/noticias\/braskem-brkm5-nega-acordo-bilionario-recomendacao-cortada-jvj\/#primaryimage\"},\"image\":{\"@id\":\"https:\/\/www.suno.com.br\/noticias\/braskem-brkm5-nega-acordo-bilionario-recomendacao-cortada-jvj\/#primaryimage\"},\"thumbnailUrl\":\"https:\/\/files.sunoresearch.com.br\/n\/uploads\/2022\/11\/braskem-brkm5-bofa-eleva-preco-alvo-upside.jpg\",\"datePublished\":\"2023-07-05T15:03:07+00:00\",\"dateModified\":\"2023-07-05T15:03:41+00:00\",\"description\":\"A Braskem (BRKM5) negou ter fechado um acordo bilion\u00e1rio e teve sua recomenda\u00e7\u00e3o cortada por banco, com as a\u00e7\u00f5es tombando na Bolsa. Confira.\",\"breadcrumb\":{\"@id\":\"https:\/\/www.suno.com.br\/noticias\/braskem-brkm5-nega-acordo-bilionario-recomendacao-cortada-jvj\/#breadcrumb\"},\"inLanguage\":\"pt-BR\",\"potentialAction\":[{\"@type\":\"ReadAction\",\"target\":[\"https:\/\/www.suno.com.br\/noticias\/braskem-brkm5-nega-acordo-bilionario-recomendacao-cortada-jvj\/\"]}]},{\"@type\":\"ImageObject\",\"inLanguage\":\"pt-BR\",\"@id\":\"https:\/\/www.suno.com.br\/noticias\/braskem-brkm5-nega-acordo-bilionario-recomendacao-cortada-jvj\/#primaryimage\",\"url\":\"https:\/\/files.sunoresearch.com.br\/n\/uploads\/2022\/11\/braskem-brkm5-bofa-eleva-preco-alvo-upside.jpg\",\"contentUrl\":\"https:\/\/files.sunoresearch.com.br\/n\/uploads\/2022\/11\/braskem-brkm5-bofa-eleva-preco-alvo-upside.jpg\",\"width\":1200,\"height\":800,\"caption\":\"Braskem (BRKM5). Foto: Divulga\u00e7\u00e3o\"},{\"@type\":\"BreadcrumbList\",\"@id\":\"https:\/\/www.suno.com.br\/noticias\/braskem-brkm5-nega-acordo-bilionario-recomendacao-cortada-jvj\/#breadcrumb\",\"itemListElement\":[{\"@type\":\"ListItem\",\"position\":1,\"name\":\"Not\u00edcias\",\"item\":\"https:\/\/www.suno.com.br\/noticias\/\"},{\"@type\":\"ListItem\",\"position\":2,\"name\":\"Neg\u00f3cios\",\"item\":\"https:\/\/www.suno.com.br\/noticias\/negocios\/\"},{\"@type\":\"ListItem\",\"position\":3,\"name\":\"Braskem (BRKM5) nega acordo bilion\u00e1rio e tem recomenda\u00e7\u00e3o cortada por banco; A\u00e7\u00f5es tombam\"}]},{\"@type\":\"WebSite\",\"@id\":\"https:\/\/www.suno.com.br\/noticias\/#website\",\"url\":\"https:\/\/www.suno.com.br\/noticias\/\",\"name\":\"Suno Not\u00edcias\",\"description\":\"Seu portal de informa\u00e7\u00e3o sobre o mundo dos investimentos\",\"publisher\":{\"@id\":\"https:\/\/www.suno.com.br\/noticias\/#organization\"},\"potentialAction\":[{\"@type\":\"SearchAction\",\"target\":{\"@type\":\"EntryPoint\",\"urlTemplate\":\"https:\/\/www.suno.com.br\/noticias\/?s={search_term_string}\"},\"query-input\":{\"@type\":\"PropertyValueSpecification\",\"valueRequired\":true,\"valueName\":\"search_term_string\"}}],\"inLanguage\":\"pt-BR\"},{\"@type\":\"Organization\",\"@id\":\"https:\/\/www.suno.com.br\/noticias\/#organization\",\"name\":\"Suno Not\u00edcias\",\"url\":\"https:\/\/www.suno.com.br\/noticias\/\",\"logo\":{\"@type\":\"ImageObject\",\"inLanguage\":\"pt-BR\",\"@id\":\"https:\/\/www.suno.com.br\/noticias\/#\/schema\/logo\/image\/\",\"url\":\"https:\/\/files.sunoresearch.com.br\/n\/uploads\/2021\/09\/suno-logo.png\",\"contentUrl\":\"https:\/\/files.sunoresearch.com.br\/n\/uploads\/2021\/09\/suno-logo.png\",\"width\":180,\"height\":180,\"caption\":\"Suno Not\u00edcias\"},\"image\":{\"@id\":\"https:\/\/www.suno.com.br\/noticias\/#\/schema\/logo\/image\/\"},\"sameAs\":[\"https:\/\/facebook.com\/sunoresearch\",\"https:\/\/x.com\/sunoresearch\",\"https:\/\/www.instagram.com\/suno\",\"https:\/\/www.linkedin.com\/company\/suno-research\/\",\"https:\/\/www.youtube.com\/c\/sunoresearch\"]},{\"@type\":\"Person\",\"@id\":\"https:\/\/www.suno.com.br\/noticias\/#\/schema\/person\/87fc6973867c52dd884811905c43afba\",\"name\":\"Jo\u00e3o Vitor\",\"image\":{\"@type\":\"ImageObject\",\"inLanguage\":\"pt-BR\",\"@id\":\"https:\/\/www.suno.com.br\/noticias\/#\/schema\/person\/image\/\",\"url\":\"https:\/\/secure.gravatar.com\/avatar\/2843227ca03ccf8cc7ccca45204c127e?s=96&r=g\",\"contentUrl\":\"https:\/\/secure.gravatar.com\/avatar\/2843227ca03ccf8cc7ccca45204c127e?s=96&r=g\",\"caption\":\"Jo\u00e3o Vitor\"},\"description\":\"Redator profissional, com atua\u00e7\u00e3o no mercado editorial na produ\u00e7\u00e3o de not\u00edcias e conte\u00fados sobre o mercado de a\u00e7\u00f5es, fundos imobili\u00e1rios e economia popular. Graduando em Engenharia Qu\u00edmica pela Unesp, tamb\u00e9m j\u00e1 atuou como consultor financeiro.\",\"url\":\"https:\/\/www.suno.com.br\/noticias\/author\/joao-vitor-jacintho\/\"}]}<\/script>\n<!-- \/ Yoast SEO plugin. -->","yoast_head_json":{"title":"Braskem (BRKM5) nega acordo bilion\u00e1rio e a\u00e7\u00f5es tombam na bolsa","description":"A Braskem (BRKM5) negou ter fechado um acordo bilion\u00e1rio e teve sua recomenda\u00e7\u00e3o cortada por banco, com as a\u00e7\u00f5es tombando na Bolsa. Confira.","robots":{"index":"index","follow":"follow","max-snippet":"max-snippet:-1","max-image-preview":"max-image-preview:large","max-video-preview":"max-video-preview:-1"},"canonical":"https:\/\/www.suno.com.br\/noticias\/braskem-brkm5-nega-acordo-bilionario-recomendacao-cortada-jvj\/","og_locale":"pt_BR","og_type":"article","og_title":"Braskem (BRKM5) nega acordo bilion\u00e1rio e a\u00e7\u00f5es tombam na bolsa","og_description":"A Braskem (BRKM5) negou ter fechado um acordo bilion\u00e1rio e teve sua recomenda\u00e7\u00e3o cortada por banco, com as a\u00e7\u00f5es tombando na Bolsa. Confira.","og_url":"https:\/\/www.suno.com.br\/noticias\/braskem-brkm5-nega-acordo-bilionario-recomendacao-cortada-jvj\/","og_site_name":"Suno Not\u00edcias","article_publisher":"https:\/\/facebook.com\/sunoresearch","og_image":[{"width":1200,"height":800,"url":"https:\/\/files.sunoresearch.com.br\/n\/uploads\/2022\/11\/braskem-brkm5-bofa-eleva-preco-alvo-upside.jpg","type":"image\/jpeg"}],"author":"Jo\u00e3o Vitor","twitter_card":"summary_large_image","twitter_creator":"@sunoresearch","twitter_site":"@sunoresearch","twitter_misc":{"Escrito por":"Jo\u00e3o Vitor","Est. tempo de leitura":"3 minutos"},"schema":{"@context":"https:\/\/schema.org","@graph":[{"@type":"NewsArticle","@id":"https:\/\/www.suno.com.br\/noticias\/braskem-brkm5-nega-acordo-bilionario-recomendacao-cortada-jvj\/#article","isPartOf":{"@id":"https:\/\/www.suno.com.br\/noticias\/braskem-brkm5-nega-acordo-bilionario-recomendacao-cortada-jvj\/"},"author":{"name":"Jo\u00e3o Vitor","@id":"https:\/\/www.suno.com.br\/noticias\/#\/schema\/person\/87fc6973867c52dd884811905c43afba"},"headline":"Braskem (BRKM5) nega acordo bilion\u00e1rio e tem recomenda\u00e7\u00e3o cortada por banco; A\u00e7\u00f5es tombam","datePublished":"2023-07-05T15:03:07+00:00","dateModified":"2023-07-05T15:03:41+00:00","mainEntityOfPage":{"@id":"https:\/\/www.suno.com.br\/noticias\/braskem-brkm5-nega-acordo-bilionario-recomendacao-cortada-jvj\/"},"wordCount":494,"publisher":{"@id":"https:\/\/www.suno.com.br\/noticias\/#organization"},"image":{"@id":"https:\/\/www.suno.com.br\/noticias\/braskem-brkm5-nega-acordo-bilionario-recomendacao-cortada-jvj\/#primaryimage"},"thumbnailUrl":"https:\/\/files.sunoresearch.com.br\/n\/uploads\/2022\/11\/braskem-brkm5-bofa-eleva-preco-alvo-upside.jpg","keywords":["Braskem (BRKM3\/BRKM5\/BRKM6)"],"articleSection":["Neg\u00f3cios"],"inLanguage":"pt-BR"},{"@type":"WebPage","@id":"https:\/\/www.suno.com.br\/noticias\/braskem-brkm5-nega-acordo-bilionario-recomendacao-cortada-jvj\/","url":"https:\/\/www.suno.com.br\/noticias\/braskem-brkm5-nega-acordo-bilionario-recomendacao-cortada-jvj\/","name":"Braskem (BRKM5) nega acordo bilion\u00e1rio e a\u00e7\u00f5es tombam na bolsa","isPartOf":{"@id":"https:\/\/www.suno.com.br\/noticias\/#website"},"primaryImageOfPage":{"@id":"https:\/\/www.suno.com.br\/noticias\/braskem-brkm5-nega-acordo-bilionario-recomendacao-cortada-jvj\/#primaryimage"},"image":{"@id":"https:\/\/www.suno.com.br\/noticias\/braskem-brkm5-nega-acordo-bilionario-recomendacao-cortada-jvj\/#primaryimage"},"thumbnailUrl":"https:\/\/files.sunoresearch.com.br\/n\/uploads\/2022\/11\/braskem-brkm5-bofa-eleva-preco-alvo-upside.jpg","datePublished":"2023-07-05T15:03:07+00:00","dateModified":"2023-07-05T15:03:41+00:00","description":"A Braskem (BRKM5) negou ter fechado um acordo bilion\u00e1rio e teve sua recomenda\u00e7\u00e3o cortada por banco, com as a\u00e7\u00f5es tombando na Bolsa. Confira.","breadcrumb":{"@id":"https:\/\/www.suno.com.br\/noticias\/braskem-brkm5-nega-acordo-bilionario-recomendacao-cortada-jvj\/#breadcrumb"},"inLanguage":"pt-BR","potentialAction":[{"@type":"ReadAction","target":["https:\/\/www.suno.com.br\/noticias\/braskem-brkm5-nega-acordo-bilionario-recomendacao-cortada-jvj\/"]}]},{"@type":"ImageObject","inLanguage":"pt-BR","@id":"https:\/\/www.suno.com.br\/noticias\/braskem-brkm5-nega-acordo-bilionario-recomendacao-cortada-jvj\/#primaryimage","url":"https:\/\/files.sunoresearch.com.br\/n\/uploads\/2022\/11\/braskem-brkm5-bofa-eleva-preco-alvo-upside.jpg","contentUrl":"https:\/\/files.sunoresearch.com.br\/n\/uploads\/2022\/11\/braskem-brkm5-bofa-eleva-preco-alvo-upside.jpg","width":1200,"height":800,"caption":"Braskem (BRKM5). Foto: Divulga\u00e7\u00e3o"},{"@type":"BreadcrumbList","@id":"https:\/\/www.suno.com.br\/noticias\/braskem-brkm5-nega-acordo-bilionario-recomendacao-cortada-jvj\/#breadcrumb","itemListElement":[{"@type":"ListItem","position":1,"name":"Not\u00edcias","item":"https:\/\/www.suno.com.br\/noticias\/"},{"@type":"ListItem","position":2,"name":"Neg\u00f3cios","item":"https:\/\/www.suno.com.br\/noticias\/negocios\/"},{"@type":"ListItem","position":3,"name":"Braskem (BRKM5) nega acordo bilion\u00e1rio e tem recomenda\u00e7\u00e3o cortada por banco; A\u00e7\u00f5es tombam"}]},{"@type":"WebSite","@id":"https:\/\/www.suno.com.br\/noticias\/#website","url":"https:\/\/www.suno.com.br\/noticias\/","name":"Suno Not\u00edcias","description":"Seu portal de informa\u00e7\u00e3o sobre o mundo dos investimentos","publisher":{"@id":"https:\/\/www.suno.com.br\/noticias\/#organization"},"potentialAction":[{"@type":"SearchAction","target":{"@type":"EntryPoint","urlTemplate":"https:\/\/www.suno.com.br\/noticias\/?s={search_term_string}"},"query-input":{"@type":"PropertyValueSpecification","valueRequired":true,"valueName":"search_term_string"}}],"inLanguage":"pt-BR"},{"@type":"Organization","@id":"https:\/\/www.suno.com.br\/noticias\/#organization","name":"Suno Not\u00edcias","url":"https:\/\/www.suno.com.br\/noticias\/","logo":{"@type":"ImageObject","inLanguage":"pt-BR","@id":"https:\/\/www.suno.com.br\/noticias\/#\/schema\/logo\/image\/","url":"https:\/\/files.sunoresearch.com.br\/n\/uploads\/2021\/09\/suno-logo.png","contentUrl":"https:\/\/files.sunoresearch.com.br\/n\/uploads\/2021\/09\/suno-logo.png","width":180,"height":180,"caption":"Suno Not\u00edcias"},"image":{"@id":"https:\/\/www.suno.com.br\/noticias\/#\/schema\/logo\/image\/"},"sameAs":["https:\/\/facebook.com\/sunoresearch","https:\/\/x.com\/sunoresearch","https:\/\/www.instagram.com\/suno","https:\/\/www.linkedin.com\/company\/suno-research\/","https:\/\/www.youtube.com\/c\/sunoresearch"]},{"@type":"Person","@id":"https:\/\/www.suno.com.br\/noticias\/#\/schema\/person\/87fc6973867c52dd884811905c43afba","name":"Jo\u00e3o Vitor","image":{"@type":"ImageObject","inLanguage":"pt-BR","@id":"https:\/\/www.suno.com.br\/noticias\/#\/schema\/person\/image\/","url":"https:\/\/secure.gravatar.com\/avatar\/2843227ca03ccf8cc7ccca45204c127e?s=96&r=g","contentUrl":"https:\/\/secure.gravatar.com\/avatar\/2843227ca03ccf8cc7ccca45204c127e?s=96&r=g","caption":"Jo\u00e3o Vitor"},"description":"Redator profissional, com atua\u00e7\u00e3o no mercado editorial na produ\u00e7\u00e3o de not\u00edcias e conte\u00fados sobre o mercado de a\u00e7\u00f5es, fundos imobili\u00e1rios e economia popular. Graduando em Engenharia Qu\u00edmica pela Unesp, tamb\u00e9m j\u00e1 atuou como consultor financeiro.","url":"https:\/\/www.suno.com.br\/noticias\/author\/joao-vitor-jacintho\/"}]}},"default_loop_html":"<div class=\"cardsPage__listCard__boxs\"><div class=\"cardsPage__listCard__boxs__img\"><a href=\"https:\/\/www.suno.com.br\/noticias\/braskem-brkm5-nega-acordo-bilionario-recomendacao-cortada-jvj\/\"><img class=\"mask\" src=\"https:\/\/www.suno.com.br\/noticias\/wp-content\/themes\/suno\/resources\/images\/spotlight\/spotlight1img\/bg-mask.png\" alt=\"Image Mask\"\/><img src=\"https:\/\/files.sunoresearch.com.br\/n\/uploads\/2022\/11\/braskem-brkm5-bofa-eleva-preco-alvo-upside-400x200.jpg\" alt=\"Braskem (BRKM5) nega acordo bilion\u00e1rio e tem recomenda\u00e7\u00e3o cortada por banco; A\u00e7\u00f5es tombam\"\/><\/a><span class=\"spotlightCategory\"><a href=\"https:\/\/www.suno.com.br\/noticias\/negocios\/\">Neg\u00f3cios<\/a><\/span><\/div><div class=\"cardsPage__listCard__boxs__content\"><a href=\"https:\/\/www.suno.com.br\/noticias\/braskem-brkm5-nega-acordo-bilionario-recomendacao-cortada-jvj\/\"><h2 class=\"content__title\">Braskem (BRKM5) nega acordo bilion\u00e1rio e tem recomenda\u00e7\u00e3o cortada por banco; A\u00e7\u00f5es tombam<\/h2><\/a><div class=\"newsContent__article__meta\"><div class=\"newsContent__article__meta__authorBox\"><a href=\"https:\/\/www.suno.com.br\/noticias\/author\/joao-vitor-jacintho\/\" class=\"authorBox__avatar noMobi\"><img src=\"https:\/\/secure.gravatar.com\/avatar\/2843227ca03ccf8cc7ccca45204c127e?s=96&#038;r=g\" alt=\"Jo\u00e3o Vitor Jacintho\"><\/a><div class=\"authorBox__name\"><span>por\n\t\t\t<a href=\"https:\/\/www.suno.com.br\/noticias\/author\/joao-vitor-jacintho\/\"><span itemprop=\"author\">Jo\u00e3o Vitor Jacintho<\/span><\/a><\/span><time datetime=\"2023-07-05T12:03:07-03:00\" itemprop=\"datePublished\">05\/07\/2023 12:03<\/time><\/div><\/div><\/div><\/div><\/div>","single_layout":"posts","amp_enabled":true,"_links":{"self":[{"href":"https:\/\/www.suno.com.br\/noticias\/wp-json\/wp\/v2\/posts\/425372"}],"collection":[{"href":"https:\/\/www.suno.com.br\/noticias\/wp-json\/wp\/v2\/posts"}],"about":[{"href":"https:\/\/www.suno.com.br\/noticias\/wp-json\/wp\/v2\/types\/post"}],"author":[{"embeddable":true,"href":"https:\/\/www.suno.com.br\/noticias\/wp-json\/wp\/v2\/users\/173"}],"replies":[{"embeddable":true,"href":"https:\/\/www.suno.com.br\/noticias\/wp-json\/wp\/v2\/comments?post=425372"}],"version-history":[{"count":2,"href":"https:\/\/www.suno.com.br\/noticias\/wp-json\/wp\/v2\/posts\/425372\/revisions"}],"predecessor-version":[{"id":425380,"href":"https:\/\/www.suno.com.br\/noticias\/wp-json\/wp\/v2\/posts\/425372\/revisions\/425380"}],"wp:featuredmedia":[{"embeddable":true,"href":"https:\/\/www.suno.com.br\/noticias\/wp-json\/wp\/v2\/media\/325787"}],"wp:attachment":[{"href":"https:\/\/www.suno.com.br\/noticias\/wp-json\/wp\/v2\/media?parent=425372"}],"wp:term":[{"taxonomy":"category","embeddable":true,"href":"https:\/\/www.suno.com.br\/noticias\/wp-json\/wp\/v2\/categories?post=425372"},{"taxonomy":"post_tag","embeddable":true,"href":"https:\/\/www.suno.com.br\/noticias\/wp-json\/wp\/v2\/tags?post=425372"},{"taxonomy":"suno_strategy","embeddable":true,"href":"https:\/\/www.suno.com.br\/noticias\/wp-json\/wp\/v2\/suno_strategy?post=425372"}],"curies":[{"name":"wp","href":"https:\/\/api.w.org\/{rel}","templated":true}]}}