{"id":42535,"date":"2019-10-26T11:07:26","date_gmt":"2019-10-26T13:07:26","guid":{"rendered":"https:\/\/www.suno.com.br\/noticias\/?p=42535"},"modified":"2020-12-04T10:46:29","modified_gmt":"2020-12-04T13:46:29","slug":"value-summit-value-investing-brasil","status":"publish","type":"post","link":"https:\/\/www.suno.com.br\/noticias\/value-summit-value-investing-brasil\/","title":{"rendered":"Value Summit: come\u00e7a o maior evento sobre Value Investing no Brasil"},"content":{"rendered":"<p>Come\u00e7ou, neste s\u00e1bado (20), em S\u00e3o Paulo, o Value Summit, o maior evento sobre investimentos do Brasil. Idealizado e organizado pela <strong>SUNO Research,<\/strong> o evento prop\u00f5e uma s\u00e9rie de encontros, palestras e mesas redondas com os principais especialistas do setor.<\/p>\t<div class=\"wrapper-featured-image\">\n\t\t<figure class=\"spotlightImg\">\n\n\t\t\t<picture>\n\t\t\t\t<source media=\"(max-width: 768px)\" srcset=\"https:\/\/files.sunoresearch.com.br\/n\/uploads\/2019\/10\/25232726-value-summit-400x200.webp\">\n\t\t\t\t<img loading=\"lazy\" decoding=\"async\" class=\"newsContent__article__imgCapa lazyloadDisabled newsContent__article__imgCapa--noCaption\" src=\"https:\/\/files.sunoresearch.com.br\/n\/uploads\/2019\/10\/25232726-value-summit-jpg.webp\" width=\"800\" height=\"450\" alt=\"Value Summit: come\u00e7a o maior evento sobre Value Investing no Brasil\" fetchpriority=high \/>\n\t\t\t<\/picture>\n\n\t\t\t<figcaption class=\"wp-caption-text wp-caption-text--hide\">Value Summit: come\u00e7a o maior evento sobre Value Investing no Brasil<\/figcaption>\n\t\t<\/figure>\n\t<\/div>\n\n\n\n<p>Realizado no World Trade Center, na capital paulista, o <strong>Value Summit<\/strong> foi aberto pelo fundador da <strong>SUNO Research, <a href=\"https:\/\/www.suno.com.br\/autor\/tiago-reis\/\">Tiago\u00a0Reis<\/a>.<\/strong><\/p>\n<p>Reis afirmou que: &#8220;\u00c9 um evento muito nobre que estamos realizando aqui. Conseguimos reunir excelentes nomes do mercado, que, se eu estivesse na plateia com certeza seriam as pessoas que eu gostaria de ouvir, com grande experi\u00eancia e bagagem na \u00e1rea.&#8221;<\/p>\n<p><a href=\"https:\/\/www.suno.com.br\/noticias\/resumo-da-semana-reforma-da-previdencia-brexit-principais-resultados\/\">Leia tamb\u00e9m: Resumo da Semana: Reforma da Previd\u00eancia; Brexit; principais resultados<\/a><\/p>\n<p>&#8220;Creio que conseguiremos fazer um evento que alie tanto a parte mais explicativa e te\u00f3rica, quanto cases reais. Quem vier neste evento, com certeza sair\u00e1 melhor do que quando entrou, e tamb\u00e9m sair\u00e1 com alguns <strong>insights<\/strong> de investimentos j\u00e1 pra aplicar na segunda-feira.&#8221;, completou o fundador da <strong>SUNO Research<\/strong>.<\/p>\n<h2>Confira o cronograma do evento<\/h2>\n<p>Al\u00e9m de Reis, estar\u00e3o no evento:<\/p>\n<ul>\n<li><a href=\"https:\/\/www.youtube.com\/watch?v=_oSxrEmpJX4\"><strong>Andr\u00e9 Ribeiro<\/strong><\/a> (PM Brasil Capital), que discutir\u00e1 sobre cases de investimentos;<\/li>\n<li><a href=\"https:\/\/www.youtube.com\/watch?v=zlrUcvqIG9M\"><strong>Rodrigo Medeiros<\/strong><\/a> (DesmistificandoFII);<\/li>\n<li><strong>Guilherme Bueno<\/strong> (RBR Asset Management);<\/li>\n<li><strong>Rafael Campagnaro<\/strong> (Fiis.com.br).<\/li>\n<\/ul>\n<p>Estes \u00faltimos tr\u00eas falar\u00e3o sobre Fundos Imobili\u00e1rios.<\/p>\n<p>\u00c0s 12:00, <strong>Werner Roger,<\/strong> da <strong>Tr\u00edgono Capital,<\/strong> falar\u00e1 sobre <strong>Panoramas<\/strong> e <strong>Cases de Investimento.<\/strong><\/p>\n<p><a href=\"https:\/\/www.suno.com.br\/noticias\/crescimento-voltara-em-2021-diz-luis-figueiredo-da-maua-capital\/\">Confira tamb\u00e9m: Crescimento voltar\u00e1 em 2021, diz Luis Figueiredo da Mau\u00e1 Capital<\/a><\/p>\n<p>Ap\u00f3s a parada para almo\u00e7o, haver\u00e3o palestras sobre <strong>Value Investing<\/strong> e <strong>Small Caps,<\/strong> com <strong>Anderson Lueders<\/strong> (Investindo em Small Caps) e tamb\u00e9m uma palestra sobre &#8220;investir com senso cr\u00edtico&#8221;, que ser\u00e1 apresentada por <strong><a href=\"https:\/\/www.suno.com.br\/tudo-sobre\/cesar-paiva\/\">C\u00e9sar Paiva<\/a>,<\/strong> da Real Investor Gest\u00e3o de Recursos.<\/p>\n\t<p>\n\t\t<a href=\"https:\/\/lp.suno.com.br\/ao\/sessao-estrategica-consultoria-c\/?utm_source=suno-noticias&#038;utm_medium=banner&#038;utm_campaing=dolar-cair-juros\" target=\"_blank\" data-element=\"shortcode-suno-banner\" title=\"Banner SUNO, clique e saiba mais\">\n\t\t\t<picture>\n\t\t\t\t<source media=\"(max-width: 500px)\" srcset=\"https:\/\/files.sunoresearch.com.br\/n\/uploads\/2025\/09\/300x400.webp\">\n\t\t\t\t<img class=\"newsContent__article__imgCapa newsContent__article__imgCapa--banner\"\n\t\t\t\t\tsrc=\"https:\/\/files.sunoresearch.com.br\/n\/uploads\/2025\/09\/SN-DT-1420x240-1.webp\"\n\t\t\t\t\tdata-promo-id=\"624946\"\t\t\t\t\t\t\t\t\t\twidth='1420' height='240'\t\t\t\t\talt=\"https:\/\/files.sunoresearch.com.br\/n\/uploads\/2025\/09\/SN-DT-1420x240-1.webp\"\n\t\t\t\t>\n\t\t\t<\/picture>\n\t\t<\/a>\n\t<\/p>\n\n\n<p>O <strong>Value Summit<\/strong> ser\u00e1 finalizado com uma palestra com o tema &#8220;Buscando assimetrias no mercado de capitais&#8221;, com <strong>Gabriela Mosmann<\/strong> e <strong>Alberto Amparo,<\/strong> analistas da <strong>SUNO Research<\/strong> e <strong>Luis Felipe Teixeira<\/strong> <strong>do Amaral,<\/strong> da Equitas.<\/p>\n","protected":false},"excerpt":{"rendered":"<p>Come\u00e7ou, neste s\u00e1bado (20), em S\u00e3o Paulo, o Value Summit, o maior evento sobre investimentos do Brasil. Idealizado e organizado pela SUNO Research, o evento prop\u00f5e uma s\u00e9rie de encontros, palestras e mesas redondas com os principais especialistas do setor. Value Summit: come\u00e7a o maior evento sobre Value Investing no Brasil Realizado no World Trade [&hellip;]<\/p>\n","protected":false},"author":23,"featured_media":42536,"comment_status":"closed","ping_status":"closed","sticky":false,"template":"","format":"standard","meta":[],"categories":[64],"tags":[1293,2156],"suno_strategy":[],"class_list":["post-42535","post","type-post","status-publish","format-standard","has-post-thumbnail","hentry","category-negocios","tag-suno-invest","tag-value-investing"],"yoast_head":"<!-- This site is optimized with the Yoast SEO plugin v24.4 - https:\/\/yoast.com\/wordpress\/plugins\/seo\/ -->\n<title>Value Summit: come\u00e7a o maior evento sobre Value Investing no Brasil<\/title>\n<meta name=\"description\" content=\"Come\u00e7ou, neste s\u00e1bado (20), em S\u00e3o Paulo, o Value Summit, o maior evento sobre investimentos do Brasil. Clique aqui e saiba mais.\" \/>\n<meta name=\"robots\" content=\"index, follow, max-snippet:-1, max-image-preview:large, max-video-preview:-1\" \/>\n<link rel=\"canonical\" href=\"https:\/\/www.suno.com.br\/noticias\/value-summit-value-investing-brasil\/\" \/>\n<meta property=\"og:locale\" content=\"pt_BR\" \/>\n<meta property=\"og:type\" content=\"article\" \/>\n<meta property=\"og:title\" content=\"Value Summit: come\u00e7a o maior evento sobre Value Investing no Brasil\" \/>\n<meta property=\"og:description\" content=\"Come\u00e7ou, neste s\u00e1bado (20), em S\u00e3o Paulo, o Value Summit, o maior evento sobre investimentos do Brasil. Clique aqui e saiba mais.\" \/>\n<meta property=\"og:url\" content=\"https:\/\/www.suno.com.br\/noticias\/value-summit-value-investing-brasil\/\" \/>\n<meta property=\"og:site_name\" content=\"Suno Not\u00edcias\" \/>\n<meta property=\"article:publisher\" content=\"https:\/\/facebook.com\/sunoresearch\" \/>\n<meta property=\"og:image\" content=\"https:\/\/files.sunoresearch.com.br\/n\/uploads\/2019\/10\/25232726-value-summit.jpg\" \/>\n\t<meta property=\"og:image:width\" content=\"525\" \/>\n\t<meta property=\"og:image:height\" content=\"275\" \/>\n\t<meta property=\"og:image:type\" content=\"image\/jpeg\" \/>\n<meta name=\"author\" content=\"Rafael Lara\" \/>\n<meta name=\"twitter:card\" content=\"summary_large_image\" \/>\n<meta name=\"twitter:creator\" content=\"@sunoresearch\" \/>\n<meta name=\"twitter:site\" content=\"@sunoresearch\" \/>\n<meta name=\"twitter:label1\" content=\"Escrito por\" \/>\n\t<meta name=\"twitter:data1\" content=\"Rafael Lara\" \/>\n\t<meta name=\"twitter:label2\" content=\"Est. tempo de leitura\" \/>\n\t<meta name=\"twitter:data2\" content=\"2 minutos\" \/>\n<script type=\"application\/ld+json\" class=\"yoast-schema-graph\">{\"@context\":\"https:\/\/schema.org\",\"@graph\":[{\"@type\":\"NewsArticle\",\"@id\":\"https:\/\/www.suno.com.br\/noticias\/value-summit-value-investing-brasil\/#article\",\"isPartOf\":{\"@id\":\"https:\/\/www.suno.com.br\/noticias\/value-summit-value-investing-brasil\/\"},\"author\":{\"name\":\"Rafael Lara\",\"@id\":\"https:\/\/www.suno.com.br\/noticias\/#\/schema\/person\/098743caeed97b37f51315c9576c4078\"},\"headline\":\"Value Summit: come\u00e7a o maior evento sobre Value Investing no Brasil\",\"datePublished\":\"2019-10-26T13:07:26+00:00\",\"dateModified\":\"2020-12-04T13:46:29+00:00\",\"mainEntityOfPage\":{\"@id\":\"https:\/\/www.suno.com.br\/noticias\/value-summit-value-investing-brasil\/\"},\"wordCount\":342,\"publisher\":{\"@id\":\"https:\/\/www.suno.com.br\/noticias\/#organization\"},\"image\":{\"@id\":\"https:\/\/www.suno.com.br\/noticias\/value-summit-value-investing-brasil\/#primaryimage\"},\"thumbnailUrl\":\"https:\/\/files.sunoresearch.com.br\/n\/uploads\/2019\/10\/25232726-value-summit-jpg.webp\",\"keywords\":[\"Suno Invest\",\"Value Investing\"],\"articleSection\":[\"Neg\u00f3cios\"],\"inLanguage\":\"pt-BR\"},{\"@type\":\"WebPage\",\"@id\":\"https:\/\/www.suno.com.br\/noticias\/value-summit-value-investing-brasil\/\",\"url\":\"https:\/\/www.suno.com.br\/noticias\/value-summit-value-investing-brasil\/\",\"name\":\"Value Summit: come\u00e7a o maior evento sobre Value Investing no Brasil\",\"isPartOf\":{\"@id\":\"https:\/\/www.suno.com.br\/noticias\/#website\"},\"primaryImageOfPage\":{\"@id\":\"https:\/\/www.suno.com.br\/noticias\/value-summit-value-investing-brasil\/#primaryimage\"},\"image\":{\"@id\":\"https:\/\/www.suno.com.br\/noticias\/value-summit-value-investing-brasil\/#primaryimage\"},\"thumbnailUrl\":\"https:\/\/files.sunoresearch.com.br\/n\/uploads\/2019\/10\/25232726-value-summit-jpg.webp\",\"datePublished\":\"2019-10-26T13:07:26+00:00\",\"dateModified\":\"2020-12-04T13:46:29+00:00\",\"description\":\"Come\u00e7ou, neste s\u00e1bado (20), em S\u00e3o Paulo, o Value Summit, o maior evento sobre investimentos do Brasil. Clique aqui e saiba mais.\",\"breadcrumb\":{\"@id\":\"https:\/\/www.suno.com.br\/noticias\/value-summit-value-investing-brasil\/#breadcrumb\"},\"inLanguage\":\"pt-BR\",\"potentialAction\":[{\"@type\":\"ReadAction\",\"target\":[\"https:\/\/www.suno.com.br\/noticias\/value-summit-value-investing-brasil\/\"]}]},{\"@type\":\"ImageObject\",\"inLanguage\":\"pt-BR\",\"@id\":\"https:\/\/www.suno.com.br\/noticias\/value-summit-value-investing-brasil\/#primaryimage\",\"url\":\"https:\/\/files.sunoresearch.com.br\/n\/uploads\/2019\/10\/25232726-value-summit-jpg.webp\",\"contentUrl\":\"https:\/\/files.sunoresearch.com.br\/n\/uploads\/2019\/10\/25232726-value-summit-jpg.webp\",\"width\":525,\"height\":275,\"caption\":\"Value Summit: come\u00e7a o maior evento sobre Value Investing no Brasil\"},{\"@type\":\"BreadcrumbList\",\"@id\":\"https:\/\/www.suno.com.br\/noticias\/value-summit-value-investing-brasil\/#breadcrumb\",\"itemListElement\":[{\"@type\":\"ListItem\",\"position\":1,\"name\":\"Not\u00edcias\",\"item\":\"https:\/\/www.suno.com.br\/noticias\/\"},{\"@type\":\"ListItem\",\"position\":2,\"name\":\"Neg\u00f3cios\",\"item\":\"https:\/\/www.suno.com.br\/noticias\/negocios\/\"},{\"@type\":\"ListItem\",\"position\":3,\"name\":\"Value Summit: come\u00e7a o maior evento sobre Value Investing no Brasil\"}]},{\"@type\":\"WebSite\",\"@id\":\"https:\/\/www.suno.com.br\/noticias\/#website\",\"url\":\"https:\/\/www.suno.com.br\/noticias\/\",\"name\":\"Suno Not\u00edcias\",\"description\":\"Seu portal de informa\u00e7\u00e3o sobre o mundo dos investimentos\",\"publisher\":{\"@id\":\"https:\/\/www.suno.com.br\/noticias\/#organization\"},\"potentialAction\":[{\"@type\":\"SearchAction\",\"target\":{\"@type\":\"EntryPoint\",\"urlTemplate\":\"https:\/\/www.suno.com.br\/noticias\/?s={search_term_string}\"},\"query-input\":{\"@type\":\"PropertyValueSpecification\",\"valueRequired\":true,\"valueName\":\"search_term_string\"}}],\"inLanguage\":\"pt-BR\"},{\"@type\":\"Organization\",\"@id\":\"https:\/\/www.suno.com.br\/noticias\/#organization\",\"name\":\"Suno Not\u00edcias\",\"url\":\"https:\/\/www.suno.com.br\/noticias\/\",\"logo\":{\"@type\":\"ImageObject\",\"inLanguage\":\"pt-BR\",\"@id\":\"https:\/\/www.suno.com.br\/noticias\/#\/schema\/logo\/image\/\",\"url\":\"https:\/\/files.sunoresearch.com.br\/n\/uploads\/2021\/09\/suno-logo.png\",\"contentUrl\":\"https:\/\/files.sunoresearch.com.br\/n\/uploads\/2021\/09\/suno-logo.png\",\"width\":180,\"height\":180,\"caption\":\"Suno Not\u00edcias\"},\"image\":{\"@id\":\"https:\/\/www.suno.com.br\/noticias\/#\/schema\/logo\/image\/\"},\"sameAs\":[\"https:\/\/facebook.com\/sunoresearch\",\"https:\/\/x.com\/sunoresearch\",\"https:\/\/www.instagram.com\/suno\",\"https:\/\/www.linkedin.com\/company\/suno-research\/\",\"https:\/\/www.youtube.com\/c\/sunoresearch\"]},{\"@type\":\"Person\",\"@id\":\"https:\/\/www.suno.com.br\/noticias\/#\/schema\/person\/098743caeed97b37f51315c9576c4078\",\"name\":\"Rafael Lara\",\"image\":{\"@type\":\"ImageObject\",\"inLanguage\":\"pt-BR\",\"@id\":\"https:\/\/www.suno.com.br\/noticias\/#\/schema\/person\/image\/\",\"url\":\"https:\/\/secure.gravatar.com\/avatar\/dfc254ab9bb2ea1895d98b9e9dae4bdd?s=96&r=g\",\"contentUrl\":\"https:\/\/secure.gravatar.com\/avatar\/dfc254ab9bb2ea1895d98b9e9dae4bdd?s=96&r=g\",\"caption\":\"Rafael Lara\"},\"description\":\"Rafael Lara cursa jornalismo na Faculdade C\u00e1sper L\u00edbero. Escreve sobre pol\u00edtica, economia e neg\u00f3cios para o portal Suno Not\u00edcias. Antes, colaborou na TV Gazeta na produ\u00e7\u00e3o do programa Edi\u00e7\u00e3o Extra.\",\"url\":\"https:\/\/www.suno.com.br\/noticias\/author\/rafael\/\"}]}<\/script>\n<!-- \/ Yoast SEO plugin. -->","yoast_head_json":{"title":"Value Summit: come\u00e7a o maior evento sobre Value Investing no Brasil","description":"Come\u00e7ou, neste s\u00e1bado (20), em S\u00e3o Paulo, o Value Summit, o maior evento sobre investimentos do Brasil. Clique aqui e saiba mais.","robots":{"index":"index","follow":"follow","max-snippet":"max-snippet:-1","max-image-preview":"max-image-preview:large","max-video-preview":"max-video-preview:-1"},"canonical":"https:\/\/www.suno.com.br\/noticias\/value-summit-value-investing-brasil\/","og_locale":"pt_BR","og_type":"article","og_title":"Value Summit: come\u00e7a o maior evento sobre Value Investing no Brasil","og_description":"Come\u00e7ou, neste s\u00e1bado (20), em S\u00e3o Paulo, o Value Summit, o maior evento sobre investimentos do Brasil. Clique aqui e saiba mais.","og_url":"https:\/\/www.suno.com.br\/noticias\/value-summit-value-investing-brasil\/","og_site_name":"Suno Not\u00edcias","article_publisher":"https:\/\/facebook.com\/sunoresearch","og_image":[{"width":525,"height":275,"url":"https:\/\/files.sunoresearch.com.br\/n\/uploads\/2019\/10\/25232726-value-summit.jpg","type":"image\/jpeg"}],"author":"Rafael Lara","twitter_card":"summary_large_image","twitter_creator":"@sunoresearch","twitter_site":"@sunoresearch","twitter_misc":{"Escrito por":"Rafael Lara","Est. tempo de leitura":"2 minutos"},"schema":{"@context":"https:\/\/schema.org","@graph":[{"@type":"NewsArticle","@id":"https:\/\/www.suno.com.br\/noticias\/value-summit-value-investing-brasil\/#article","isPartOf":{"@id":"https:\/\/www.suno.com.br\/noticias\/value-summit-value-investing-brasil\/"},"author":{"name":"Rafael Lara","@id":"https:\/\/www.suno.com.br\/noticias\/#\/schema\/person\/098743caeed97b37f51315c9576c4078"},"headline":"Value Summit: come\u00e7a o maior evento sobre Value Investing no Brasil","datePublished":"2019-10-26T13:07:26+00:00","dateModified":"2020-12-04T13:46:29+00:00","mainEntityOfPage":{"@id":"https:\/\/www.suno.com.br\/noticias\/value-summit-value-investing-brasil\/"},"wordCount":342,"publisher":{"@id":"https:\/\/www.suno.com.br\/noticias\/#organization"},"image":{"@id":"https:\/\/www.suno.com.br\/noticias\/value-summit-value-investing-brasil\/#primaryimage"},"thumbnailUrl":"https:\/\/files.sunoresearch.com.br\/n\/uploads\/2019\/10\/25232726-value-summit-jpg.webp","keywords":["Suno Invest","Value Investing"],"articleSection":["Neg\u00f3cios"],"inLanguage":"pt-BR"},{"@type":"WebPage","@id":"https:\/\/www.suno.com.br\/noticias\/value-summit-value-investing-brasil\/","url":"https:\/\/www.suno.com.br\/noticias\/value-summit-value-investing-brasil\/","name":"Value Summit: come\u00e7a o maior evento sobre Value Investing no Brasil","isPartOf":{"@id":"https:\/\/www.suno.com.br\/noticias\/#website"},"primaryImageOfPage":{"@id":"https:\/\/www.suno.com.br\/noticias\/value-summit-value-investing-brasil\/#primaryimage"},"image":{"@id":"https:\/\/www.suno.com.br\/noticias\/value-summit-value-investing-brasil\/#primaryimage"},"thumbnailUrl":"https:\/\/files.sunoresearch.com.br\/n\/uploads\/2019\/10\/25232726-value-summit-jpg.webp","datePublished":"2019-10-26T13:07:26+00:00","dateModified":"2020-12-04T13:46:29+00:00","description":"Come\u00e7ou, neste s\u00e1bado (20), em S\u00e3o Paulo, o Value Summit, o maior evento sobre investimentos do Brasil. Clique aqui e saiba mais.","breadcrumb":{"@id":"https:\/\/www.suno.com.br\/noticias\/value-summit-value-investing-brasil\/#breadcrumb"},"inLanguage":"pt-BR","potentialAction":[{"@type":"ReadAction","target":["https:\/\/www.suno.com.br\/noticias\/value-summit-value-investing-brasil\/"]}]},{"@type":"ImageObject","inLanguage":"pt-BR","@id":"https:\/\/www.suno.com.br\/noticias\/value-summit-value-investing-brasil\/#primaryimage","url":"https:\/\/files.sunoresearch.com.br\/n\/uploads\/2019\/10\/25232726-value-summit-jpg.webp","contentUrl":"https:\/\/files.sunoresearch.com.br\/n\/uploads\/2019\/10\/25232726-value-summit-jpg.webp","width":525,"height":275,"caption":"Value Summit: come\u00e7a o maior evento sobre Value Investing no Brasil"},{"@type":"BreadcrumbList","@id":"https:\/\/www.suno.com.br\/noticias\/value-summit-value-investing-brasil\/#breadcrumb","itemListElement":[{"@type":"ListItem","position":1,"name":"Not\u00edcias","item":"https:\/\/www.suno.com.br\/noticias\/"},{"@type":"ListItem","position":2,"name":"Neg\u00f3cios","item":"https:\/\/www.suno.com.br\/noticias\/negocios\/"},{"@type":"ListItem","position":3,"name":"Value Summit: come\u00e7a o maior evento sobre Value Investing no Brasil"}]},{"@type":"WebSite","@id":"https:\/\/www.suno.com.br\/noticias\/#website","url":"https:\/\/www.suno.com.br\/noticias\/","name":"Suno Not\u00edcias","description":"Seu portal de informa\u00e7\u00e3o sobre o mundo dos investimentos","publisher":{"@id":"https:\/\/www.suno.com.br\/noticias\/#organization"},"potentialAction":[{"@type":"SearchAction","target":{"@type":"EntryPoint","urlTemplate":"https:\/\/www.suno.com.br\/noticias\/?s={search_term_string}"},"query-input":{"@type":"PropertyValueSpecification","valueRequired":true,"valueName":"search_term_string"}}],"inLanguage":"pt-BR"},{"@type":"Organization","@id":"https:\/\/www.suno.com.br\/noticias\/#organization","name":"Suno Not\u00edcias","url":"https:\/\/www.suno.com.br\/noticias\/","logo":{"@type":"ImageObject","inLanguage":"pt-BR","@id":"https:\/\/www.suno.com.br\/noticias\/#\/schema\/logo\/image\/","url":"https:\/\/files.sunoresearch.com.br\/n\/uploads\/2021\/09\/suno-logo.png","contentUrl":"https:\/\/files.sunoresearch.com.br\/n\/uploads\/2021\/09\/suno-logo.png","width":180,"height":180,"caption":"Suno Not\u00edcias"},"image":{"@id":"https:\/\/www.suno.com.br\/noticias\/#\/schema\/logo\/image\/"},"sameAs":["https:\/\/facebook.com\/sunoresearch","https:\/\/x.com\/sunoresearch","https:\/\/www.instagram.com\/suno","https:\/\/www.linkedin.com\/company\/suno-research\/","https:\/\/www.youtube.com\/c\/sunoresearch"]},{"@type":"Person","@id":"https:\/\/www.suno.com.br\/noticias\/#\/schema\/person\/098743caeed97b37f51315c9576c4078","name":"Rafael Lara","image":{"@type":"ImageObject","inLanguage":"pt-BR","@id":"https:\/\/www.suno.com.br\/noticias\/#\/schema\/person\/image\/","url":"https:\/\/secure.gravatar.com\/avatar\/dfc254ab9bb2ea1895d98b9e9dae4bdd?s=96&r=g","contentUrl":"https:\/\/secure.gravatar.com\/avatar\/dfc254ab9bb2ea1895d98b9e9dae4bdd?s=96&r=g","caption":"Rafael Lara"},"description":"Rafael Lara cursa jornalismo na Faculdade C\u00e1sper L\u00edbero. Escreve sobre pol\u00edtica, economia e neg\u00f3cios para o portal Suno Not\u00edcias. Antes, colaborou na TV Gazeta na produ\u00e7\u00e3o do programa Edi\u00e7\u00e3o Extra.","url":"https:\/\/www.suno.com.br\/noticias\/author\/rafael\/"}]}},"default_loop_html":"<div class=\"cardsPage__listCard__boxs\"><div class=\"cardsPage__listCard__boxs__img\"><a href=\"https:\/\/www.suno.com.br\/noticias\/value-summit-value-investing-brasil\/\"><img class=\"mask\" src=\"https:\/\/www.suno.com.br\/noticias\/wp-content\/themes\/suno\/resources\/images\/spotlight\/spotlight1img\/bg-mask.png\" alt=\"Image Mask\"\/><img src=\"https:\/\/files.sunoresearch.com.br\/n\/uploads\/2019\/10\/25232726-value-summit-400x200.webp\" alt=\"Value Summit: come\u00e7a o maior evento sobre Value Investing no Brasil\"\/><\/a><span class=\"spotlightCategory\"><a href=\"https:\/\/www.suno.com.br\/noticias\/negocios\/\">Neg\u00f3cios<\/a><\/span><\/div><div class=\"cardsPage__listCard__boxs__content\"><a href=\"https:\/\/www.suno.com.br\/noticias\/value-summit-value-investing-brasil\/\"><h2 class=\"content__title\">Value Summit: come\u00e7a o maior evento sobre Value Investing no Brasil<\/h2><\/a><div class=\"newsContent__article__meta\"><div class=\"newsContent__article__meta__authorBox\"><a href=\"https:\/\/www.suno.com.br\/noticias\/author\/rafael\/\" class=\"authorBox__avatar noMobi\"><img src=\"https:\/\/secure.gravatar.com\/avatar\/dfc254ab9bb2ea1895d98b9e9dae4bdd?s=96&#038;r=g\" alt=\"Rafael Lara\"><\/a><div class=\"authorBox__name\"><span>por\n\t\t\t<a href=\"https:\/\/www.suno.com.br\/noticias\/author\/rafael\/\"><span itemprop=\"author\">Rafael Lara<\/span><\/a><\/span><time datetime=\"2019-10-26T11:07:26-03:00\" itemprop=\"datePublished\">26\/10\/2019 11:07<\/time><\/div><\/div><\/div><\/div><\/div>","single_layout":"posts","amp_enabled":true,"_links":{"self":[{"href":"https:\/\/www.suno.com.br\/noticias\/wp-json\/wp\/v2\/posts\/42535"}],"collection":[{"href":"https:\/\/www.suno.com.br\/noticias\/wp-json\/wp\/v2\/posts"}],"about":[{"href":"https:\/\/www.suno.com.br\/noticias\/wp-json\/wp\/v2\/types\/post"}],"author":[{"embeddable":true,"href":"https:\/\/www.suno.com.br\/noticias\/wp-json\/wp\/v2\/users\/23"}],"replies":[{"embeddable":true,"href":"https:\/\/www.suno.com.br\/noticias\/wp-json\/wp\/v2\/comments?post=42535"}],"version-history":[{"count":0,"href":"https:\/\/www.suno.com.br\/noticias\/wp-json\/wp\/v2\/posts\/42535\/revisions"}],"wp:featuredmedia":[{"embeddable":true,"href":"https:\/\/www.suno.com.br\/noticias\/wp-json\/wp\/v2\/media\/42536"}],"wp:attachment":[{"href":"https:\/\/www.suno.com.br\/noticias\/wp-json\/wp\/v2\/media?parent=42535"}],"wp:term":[{"taxonomy":"category","embeddable":true,"href":"https:\/\/www.suno.com.br\/noticias\/wp-json\/wp\/v2\/categories?post=42535"},{"taxonomy":"post_tag","embeddable":true,"href":"https:\/\/www.suno.com.br\/noticias\/wp-json\/wp\/v2\/tags?post=42535"},{"taxonomy":"suno_strategy","embeddable":true,"href":"https:\/\/www.suno.com.br\/noticias\/wp-json\/wp\/v2\/suno_strategy?post=42535"}],"curies":[{"name":"wp","href":"https:\/\/api.w.org\/{rel}","templated":true}]}}