{"id":42524,"date":"2019-10-26T18:00:42","date_gmt":"2019-10-26T20:00:42","guid":{"rendered":"https:\/\/www.suno.com.br\/noticias\/?p=42524"},"modified":"2019-11-08T21:51:55","modified_gmt":"2019-11-08T23:51:55","slug":"dolar-semana-queda-reforma-da-previdencia","status":"publish","type":"post","link":"https:\/\/www.suno.com.br\/noticias\/dolar-semana-queda-reforma-da-previdencia\/","title":{"rendered":"D\u00f3lar fecha a semana em queda de 2,69% com reforma da Previd\u00eancia"},"content":{"rendered":"<p>O d\u00f3lar encerrou a semana em queda de 2,69% e chegou a ter uma m\u00ednima na sess\u00e3o de sexta (25) a R$ 3,9928. A semana foi marcada por como o mercado reagiu \u00e0 reforma da Previd\u00eancia e tamb\u00e9m ao poss\u00edvel adiamento do <strong>Brexit.<\/strong><\/p>\t<div class=\"wrapper-featured-image\">\n\t\t<figure class=\"spotlightImg\">\n\n\t\t\t<picture>\n\t\t\t\t<source media=\"(max-width: 768px)\" srcset=\"https:\/\/files.sunoresearch.com.br\/n\/uploads\/2019\/01\/c27f20d7-d\u00f3lar-400x200.webp\">\n\t\t\t\t<img loading=\"lazy\" decoding=\"async\" class=\"newsContent__article__imgCapa lazyloadDisabled newsContent__article__imgCapa--noCaption\" src=\"https:\/\/files.sunoresearch.com.br\/n\/uploads\/2019\/01\/c27f20d7-d\u00f3lar-800x450.webp\" width=\"800\" height=\"450\" alt=\"D\u00f3lar fecha a semana em queda de 2,69% com reforma da Previd\u00eancia\" fetchpriority=high \/>\n\t\t\t<\/picture>\n\n\t\t\t<figcaption class=\"wp-caption-text wp-caption-text--hide\">D\u00f3lar<\/figcaption>\n\t\t<\/figure>\n\t<\/div>\n\n\n\n<p>Confira quais s\u00e3o os principais fatores que explicam a queda do <strong>d\u00f3lar<\/strong> no acumulado desta semana:<\/p>\n<ul>\n<li><strong>Segunda-feira:<\/strong> subiu +0,272%\u00a0 ap\u00f3s expectativa sobre <strong>reforma da Previd\u00eancia;<\/strong><\/li>\n<li><strong>Ter\u00e7a-feira:<\/strong>\u00a0caiu -1,79% ap\u00f3s vota\u00e7\u00e3o da <strong>reforma da Previd\u00eancia\u00a0<\/strong>no <strong>Senado;<\/strong><\/li>\n<li><strong>Quarta-feira:<\/strong> caiu -1,05% ap\u00f3s aprova\u00e7\u00e3o da <strong>Previd\u00eancia<\/strong> e <strong>startup brasileira;<\/strong><\/li>\n<li><strong>Quinta-feira:<\/strong> subiu +0,3% com poss\u00edvel adiamento do <strong>Brexit;<\/strong><\/li>\n<li><strong>Sexta-feira:<\/strong> caiu -0,878% ainda sob impacto positivo no mercado da aprova\u00e7\u00e3o da reforma da <strong>Previd\u00eancia.<\/strong><\/li>\n<\/ul>\n<h2>Segunda-feira<\/h2>\n<p>O <a href=\"https:\/\/www.suno.com.br\/artigos\/investir-em-dolar\/\">d\u00f3lar<\/a> encerrou, na segunda-feira (21), em alta de +0,272% sendo vendido a R$ 4,1305.<\/p>\n<p><a href=\"https:\/\/www.suno.com.br\/noticias\/dolar-encerra-alta-reforma-da-previdencia-211019\/\">Saiba mais: D\u00f3lar encerra em alta ap\u00f3s novidade sobre reforma da Previd\u00eancia<\/a><\/p>\n<p>A moeda norte-americana<strong>\u00a0<\/strong>subiu devido a v\u00e1rios fatores. O principal deles, a declara\u00e7\u00e3o do <strong>secret\u00e1rio especial de Previd\u00eancia e Trabalho<\/strong> do <strong>Minist\u00e9rio da Economia<\/strong> em que afirma a expectativa de\u00a0conclus\u00e3o da vota\u00e7\u00e3o da <strong>reforma da Previd\u00eancia<\/strong> seja na ter\u00e7a-feira (22).<\/p>\n<h2>Ter\u00e7a-feira<\/h2>\n<p>O d\u00f3lar encerrou na ter\u00e7a-feira (22) em sua maior queda em quase sete semanas, desde 4 de setembro, quando a moeda norte-americana registrou varia\u00e7\u00e3o negativa de 1,79%. A vota\u00e7\u00e3o da <strong>reforma da Previd\u00eancia\u00a0<\/strong>no Senado contribuiu para o otimismo do mercado.<\/p>\n<p><a href=\"https:\/\/www.suno.com.br\/noticias\/dolar-queda-reforma-previdencia-22102019\/\">Saiba mais: D\u00f3lar cai mais de 1% com reforma da Previd\u00eancia no Senado<\/a><\/p>\n<p>Com varia\u00e7\u00e3o negativa de 1,327%, a moeda fechou vendida a R$ 4,0757. A cota\u00e7\u00e3o m\u00e1xima foi de R$ 4,1245, por volta das 9h10. A m\u00ednima foi de R$ 4,0639, \u00e0s 15h.<\/p>\n<h2>Quarta-feira<\/h2>\n<p>O <a href=\"https:\/\/www.suno.com.br\/artigos\/investir-em-dolar\/\">d\u00f3lar<\/a> fechou em queda na quarta-feira (23) ap\u00f3s o Brasil amea\u00e7ar deixar o <strong>Mercosul<\/strong> caso a <strong>Argentina<\/strong> n\u00e3o concorde em reduzir as al\u00edquotas de importa\u00e7\u00e3o a serem praticadas pelo bloco dentro de um per\u00edodo de quatro anos.<\/p>\n<p><a href=\"https:\/\/www.suno.com.br\/noticias\/dolar-queda-brasil-ameacar-mercosul-23102019\/\">Saiba mais: D\u00f3lar fecha em queda de -1,05% ap\u00f3s aprova\u00e7\u00e3o da Previd\u00eancia<\/a><\/p>\n<p>A moeda norte-americana fechou em queda de -1,05% sendo vendida a R$ 4,0329.<\/p>\n<h2>Quinta-feira<\/h2>\n<p>O <a href=\"https:\/\/www.suno.com.br\/artigos\/alta-do-dolar\/\">d\u00f3lar<\/a> encerrou em alta, na quinta-feira (24), ap\u00f3s novas turbul\u00eancias envolvendo a sa\u00edda do <strong>Reino Unido<\/strong> da <a href=\"https:\/\/www.suno.com.br\/artigos\/uniao-europeia\/\">Uni\u00e3o Europeia<\/a>.<\/p>\n<p><a href=\"https:\/\/www.suno.com.br\/noticias\/dolar-alta-adiamento-brexit-24102019\/\">Saiba mais: D\u00f3lar encerra em alta de 0,3% com poss\u00edvel adiamento do Brexit<\/a><\/p>\n<p>A moeda norte-americana fechou em sua m\u00e1xima do dia, com varia\u00e7\u00e3o positiva de 0,298%, cotada em R$ 4,0449. A m\u00ednima do <strong>d\u00f3lar<\/strong> foi de R$ 4,0031.<\/p>\n\t<p>\n\t\t<a href=\"https:\/\/lp2.suno.com.br\/pv\/bolsa-para-iniciantes?utm_campaign=_SNC757A2733_rs.mpr26---meu-primeiro-rendimento---venda---not\u00edcias&#038;utm_source=suno-not\u00edcias&#038;utm_medium=banner.noticias\" target=\"_blank\" data-element=\"shortcode-suno-banner\" title=\"Banner SUNO, clique e saiba mais\">\n\t\t\t<picture>\n\t\t\t\t<source media=\"(max-width: 500px)\" srcset=\"https:\/\/files.sunoresearch.com.br\/n\/uploads\/2026\/04\/400x300-Banner-Materias-01-png.webp\">\n\t\t\t\t<img class=\"newsContent__article__imgCapa newsContent__article__imgCapa--banner\"\n\t\t\t\t\tsrc=\"https:\/\/files.sunoresearch.com.br\/n\/uploads\/2026\/04\/1420x240-Banner-Materias-01-png.webp\"\n\t\t\t\t\tdata-promo-id=\"647482\"\t\t\t\t\t\t\t\t\t\twidth='1420' height='240'\t\t\t\t\talt=\"https:\/\/files.sunoresearch.com.br\/n\/uploads\/2026\/04\/1420x240-Banner-Materias-01-png.webp\"\n\t\t\t\t>\n\t\t\t<\/picture>\n\t\t<\/a>\n\t<\/p>\n\n\n<p>Al\u00e9m disso, a isen\u00e7\u00e3o de vistos para chineses no <strong>Brasil,<\/strong> anunciada por <strong>Jair Bolsonaro<\/strong>, e a queda do Pa\u00eds para a 124\u00aa posi\u00e7\u00e3o em ranking de ambiente de neg\u00f3cios tamb\u00e9m movimentaram o mercado.<\/p>\n<h2>Sexta-feira<\/h2>\n<p>A moeda norte-americana fechou em queda na sexta-feira (25) ainda sob impacto da aprova\u00e7\u00e3o da <strong>reforma<\/strong> <strong>da Previd\u00eancia<\/strong> nesta semana.<\/p>\n<p><a href=\"https:\/\/www.suno.com.br\/noticias\/dolar-fecha-queda-reforma-da-previdencia-25102019\/\">Saiba mais: D\u00f3lar fecha em queda ainda sob impacto da reforma da Previd\u00eancia<\/a><\/p>\n<p>O <strong><a href=\"https:\/\/www.suno.com.br\/artigos\/investir-em-dolar\/\">d\u00f3lar<\/a><\/strong> encerrou em queda de -0,878% sendo vendida a R$ 4,0094.<\/p>\n","protected":false},"excerpt":{"rendered":"<p>O d\u00f3lar encerrou a semana em queda de 2,69% e chegou a ter uma m\u00ednima na sess\u00e3o de sexta (25) a R$ 3,9928. A semana foi marcada por como o mercado reagiu \u00e0 reforma da Previd\u00eancia e tamb\u00e9m ao poss\u00edvel adiamento do Brexit. D\u00f3lar Confira quais s\u00e3o os principais fatores que explicam a queda do [&hellip;]<\/p>\n","protected":false},"author":23,"featured_media":12372,"comment_status":"closed","ping_status":"closed","sticky":false,"template":"","format":"standard","meta":[],"categories":[60],"tags":[753,326,940],"suno_strategy":[],"class_list":["post-42524","post","type-post","status-publish","format-standard","has-post-thumbnail","hentry","category-mercado","tag-brexit","tag-dolar","tag-reforma-da-previdencia"],"yoast_head":"<!-- This site is optimized with the Yoast SEO plugin v24.4 - https:\/\/yoast.com\/wordpress\/plugins\/seo\/ -->\n<title>D\u00f3lar fecha a semana em queda de 2,69% com reforma da Previd\u00eancia<\/title>\n<meta name=\"description\" content=\"O d\u00f3lar encerrou a semana em queda de 2,69% e chegou a ter uma m\u00ednima na sess\u00e3o de sexta (25) a R$ 3,9928. Clique aqui para saber mais.\" \/>\n<meta name=\"robots\" content=\"index, follow, max-snippet:-1, max-image-preview:large, max-video-preview:-1\" \/>\n<link rel=\"canonical\" href=\"https:\/\/www.suno.com.br\/noticias\/dolar-semana-queda-reforma-da-previdencia\/\" \/>\n<meta property=\"og:locale\" content=\"pt_BR\" \/>\n<meta property=\"og:type\" content=\"article\" \/>\n<meta property=\"og:title\" content=\"D\u00f3lar fecha a semana em queda de 2,69% com reforma da Previd\u00eancia\" \/>\n<meta property=\"og:description\" content=\"O d\u00f3lar encerrou a semana em queda de 2,69% e chegou a ter uma m\u00ednima na sess\u00e3o de sexta (25) a R$ 3,9928. Clique aqui para saber mais.\" \/>\n<meta property=\"og:url\" content=\"https:\/\/www.suno.com.br\/noticias\/dolar-semana-queda-reforma-da-previdencia\/\" \/>\n<meta property=\"og:site_name\" content=\"Suno Not\u00edcias\" \/>\n<meta property=\"article:publisher\" content=\"https:\/\/facebook.com\/sunoresearch\" \/>\n<meta property=\"og:image\" content=\"https:\/\/files.sunoresearch.com.br\/n\/uploads\/2019\/01\/c27f20d7-d\u00f3lar-1024x681.jpg\" \/>\n\t<meta property=\"og:image:width\" content=\"1024\" \/>\n\t<meta property=\"og:image:height\" content=\"681\" \/>\n\t<meta property=\"og:image:type\" content=\"image\/jpeg\" \/>\n<meta name=\"author\" content=\"Rafael Lara\" \/>\n<meta name=\"twitter:card\" content=\"summary_large_image\" \/>\n<meta name=\"twitter:creator\" content=\"@sunoresearch\" \/>\n<meta name=\"twitter:site\" content=\"@sunoresearch\" \/>\n<meta name=\"twitter:label1\" content=\"Escrito por\" \/>\n\t<meta name=\"twitter:data1\" content=\"Rafael Lara\" \/>\n\t<meta name=\"twitter:label2\" content=\"Est. tempo de leitura\" \/>\n\t<meta name=\"twitter:data2\" content=\"3 minutos\" \/>\n<script type=\"application\/ld+json\" class=\"yoast-schema-graph\">{\"@context\":\"https:\/\/schema.org\",\"@graph\":[{\"@type\":\"NewsArticle\",\"@id\":\"https:\/\/www.suno.com.br\/noticias\/dolar-semana-queda-reforma-da-previdencia\/#article\",\"isPartOf\":{\"@id\":\"https:\/\/www.suno.com.br\/noticias\/dolar-semana-queda-reforma-da-previdencia\/\"},\"author\":{\"name\":\"Rafael Lara\",\"@id\":\"https:\/\/www.suno.com.br\/noticias\/#\/schema\/person\/098743caeed97b37f51315c9576c4078\"},\"headline\":\"D\u00f3lar fecha a semana em queda de 2,69% com reforma da Previd\u00eancia\",\"datePublished\":\"2019-10-26T20:00:42+00:00\",\"dateModified\":\"2019-11-08T23:51:55+00:00\",\"mainEntityOfPage\":{\"@id\":\"https:\/\/www.suno.com.br\/noticias\/dolar-semana-queda-reforma-da-previdencia\/\"},\"wordCount\":538,\"publisher\":{\"@id\":\"https:\/\/www.suno.com.br\/noticias\/#organization\"},\"image\":{\"@id\":\"https:\/\/www.suno.com.br\/noticias\/dolar-semana-queda-reforma-da-previdencia\/#primaryimage\"},\"thumbnailUrl\":\"https:\/\/files.sunoresearch.com.br\/n\/uploads\/2019\/01\/c27f20d7-d\u00f3lar-scaled.webp\",\"keywords\":[\"Brexit\",\"d\u00f3lar\",\"Reforma da Previd\u00eancia\"],\"articleSection\":[\"Mercado\"],\"inLanguage\":\"pt-BR\"},{\"@type\":\"WebPage\",\"@id\":\"https:\/\/www.suno.com.br\/noticias\/dolar-semana-queda-reforma-da-previdencia\/\",\"url\":\"https:\/\/www.suno.com.br\/noticias\/dolar-semana-queda-reforma-da-previdencia\/\",\"name\":\"D\u00f3lar fecha a semana em queda de 2,69% com reforma da Previd\u00eancia\",\"isPartOf\":{\"@id\":\"https:\/\/www.suno.com.br\/noticias\/#website\"},\"primaryImageOfPage\":{\"@id\":\"https:\/\/www.suno.com.br\/noticias\/dolar-semana-queda-reforma-da-previdencia\/#primaryimage\"},\"image\":{\"@id\":\"https:\/\/www.suno.com.br\/noticias\/dolar-semana-queda-reforma-da-previdencia\/#primaryimage\"},\"thumbnailUrl\":\"https:\/\/files.sunoresearch.com.br\/n\/uploads\/2019\/01\/c27f20d7-d\u00f3lar-scaled.webp\",\"datePublished\":\"2019-10-26T20:00:42+00:00\",\"dateModified\":\"2019-11-08T23:51:55+00:00\",\"description\":\"O d\u00f3lar encerrou a semana em queda de 2,69% e chegou a ter uma m\u00ednima na sess\u00e3o de sexta (25) a R$ 3,9928. Clique aqui para saber mais.\",\"breadcrumb\":{\"@id\":\"https:\/\/www.suno.com.br\/noticias\/dolar-semana-queda-reforma-da-previdencia\/#breadcrumb\"},\"inLanguage\":\"pt-BR\",\"potentialAction\":[{\"@type\":\"ReadAction\",\"target\":[\"https:\/\/www.suno.com.br\/noticias\/dolar-semana-queda-reforma-da-previdencia\/\"]}]},{\"@type\":\"ImageObject\",\"inLanguage\":\"pt-BR\",\"@id\":\"https:\/\/www.suno.com.br\/noticias\/dolar-semana-queda-reforma-da-previdencia\/#primaryimage\",\"url\":\"https:\/\/files.sunoresearch.com.br\/n\/uploads\/2019\/01\/c27f20d7-d\u00f3lar-scaled.webp\",\"contentUrl\":\"https:\/\/files.sunoresearch.com.br\/n\/uploads\/2019\/01\/c27f20d7-d\u00f3lar-scaled.webp\",\"width\":2560,\"height\":1702,\"caption\":\"D\u00f3lar\"},{\"@type\":\"BreadcrumbList\",\"@id\":\"https:\/\/www.suno.com.br\/noticias\/dolar-semana-queda-reforma-da-previdencia\/#breadcrumb\",\"itemListElement\":[{\"@type\":\"ListItem\",\"position\":1,\"name\":\"Not\u00edcias\",\"item\":\"https:\/\/www.suno.com.br\/noticias\/\"},{\"@type\":\"ListItem\",\"position\":2,\"name\":\"Mercado\",\"item\":\"https:\/\/www.suno.com.br\/noticias\/mercado\/\"},{\"@type\":\"ListItem\",\"position\":3,\"name\":\"D\u00f3lar fecha a semana em queda de 2,69% com reforma da Previd\u00eancia\"}]},{\"@type\":\"WebSite\",\"@id\":\"https:\/\/www.suno.com.br\/noticias\/#website\",\"url\":\"https:\/\/www.suno.com.br\/noticias\/\",\"name\":\"Suno Not\u00edcias\",\"description\":\"Seu portal de informa\u00e7\u00e3o sobre o mundo dos investimentos\",\"publisher\":{\"@id\":\"https:\/\/www.suno.com.br\/noticias\/#organization\"},\"potentialAction\":[{\"@type\":\"SearchAction\",\"target\":{\"@type\":\"EntryPoint\",\"urlTemplate\":\"https:\/\/www.suno.com.br\/noticias\/?s={search_term_string}\"},\"query-input\":{\"@type\":\"PropertyValueSpecification\",\"valueRequired\":true,\"valueName\":\"search_term_string\"}}],\"inLanguage\":\"pt-BR\"},{\"@type\":\"Organization\",\"@id\":\"https:\/\/www.suno.com.br\/noticias\/#organization\",\"name\":\"Suno Not\u00edcias\",\"url\":\"https:\/\/www.suno.com.br\/noticias\/\",\"logo\":{\"@type\":\"ImageObject\",\"inLanguage\":\"pt-BR\",\"@id\":\"https:\/\/www.suno.com.br\/noticias\/#\/schema\/logo\/image\/\",\"url\":\"https:\/\/files.sunoresearch.com.br\/n\/uploads\/2021\/09\/suno-logo.png\",\"contentUrl\":\"https:\/\/files.sunoresearch.com.br\/n\/uploads\/2021\/09\/suno-logo.png\",\"width\":180,\"height\":180,\"caption\":\"Suno Not\u00edcias\"},\"image\":{\"@id\":\"https:\/\/www.suno.com.br\/noticias\/#\/schema\/logo\/image\/\"},\"sameAs\":[\"https:\/\/facebook.com\/sunoresearch\",\"https:\/\/x.com\/sunoresearch\",\"https:\/\/www.instagram.com\/suno\",\"https:\/\/www.linkedin.com\/company\/suno-research\/\",\"https:\/\/www.youtube.com\/c\/sunoresearch\"]},{\"@type\":\"Person\",\"@id\":\"https:\/\/www.suno.com.br\/noticias\/#\/schema\/person\/098743caeed97b37f51315c9576c4078\",\"name\":\"Rafael Lara\",\"image\":{\"@type\":\"ImageObject\",\"inLanguage\":\"pt-BR\",\"@id\":\"https:\/\/www.suno.com.br\/noticias\/#\/schema\/person\/image\/\",\"url\":\"https:\/\/secure.gravatar.com\/avatar\/dfc254ab9bb2ea1895d98b9e9dae4bdd?s=96&r=g\",\"contentUrl\":\"https:\/\/secure.gravatar.com\/avatar\/dfc254ab9bb2ea1895d98b9e9dae4bdd?s=96&r=g\",\"caption\":\"Rafael Lara\"},\"description\":\"Rafael Lara cursa jornalismo na Faculdade C\u00e1sper L\u00edbero. Escreve sobre pol\u00edtica, economia e neg\u00f3cios para o portal Suno Not\u00edcias. Antes, colaborou na TV Gazeta na produ\u00e7\u00e3o do programa Edi\u00e7\u00e3o Extra.\",\"url\":\"https:\/\/www.suno.com.br\/noticias\/author\/rafael\/\"}]}<\/script>\n<!-- \/ Yoast SEO plugin. -->","yoast_head_json":{"title":"D\u00f3lar fecha a semana em queda de 2,69% com reforma da Previd\u00eancia","description":"O d\u00f3lar encerrou a semana em queda de 2,69% e chegou a ter uma m\u00ednima na sess\u00e3o de sexta (25) a R$ 3,9928. Clique aqui para saber mais.","robots":{"index":"index","follow":"follow","max-snippet":"max-snippet:-1","max-image-preview":"max-image-preview:large","max-video-preview":"max-video-preview:-1"},"canonical":"https:\/\/www.suno.com.br\/noticias\/dolar-semana-queda-reforma-da-previdencia\/","og_locale":"pt_BR","og_type":"article","og_title":"D\u00f3lar fecha a semana em queda de 2,69% com reforma da Previd\u00eancia","og_description":"O d\u00f3lar encerrou a semana em queda de 2,69% e chegou a ter uma m\u00ednima na sess\u00e3o de sexta (25) a R$ 3,9928. Clique aqui para saber mais.","og_url":"https:\/\/www.suno.com.br\/noticias\/dolar-semana-queda-reforma-da-previdencia\/","og_site_name":"Suno Not\u00edcias","article_publisher":"https:\/\/facebook.com\/sunoresearch","og_image":[{"width":1024,"height":681,"url":"https:\/\/files.sunoresearch.com.br\/n\/uploads\/2019\/01\/c27f20d7-d\u00f3lar-1024x681.jpg","type":"image\/jpeg"}],"author":"Rafael Lara","twitter_card":"summary_large_image","twitter_creator":"@sunoresearch","twitter_site":"@sunoresearch","twitter_misc":{"Escrito por":"Rafael Lara","Est. tempo de leitura":"3 minutos"},"schema":{"@context":"https:\/\/schema.org","@graph":[{"@type":"NewsArticle","@id":"https:\/\/www.suno.com.br\/noticias\/dolar-semana-queda-reforma-da-previdencia\/#article","isPartOf":{"@id":"https:\/\/www.suno.com.br\/noticias\/dolar-semana-queda-reforma-da-previdencia\/"},"author":{"name":"Rafael Lara","@id":"https:\/\/www.suno.com.br\/noticias\/#\/schema\/person\/098743caeed97b37f51315c9576c4078"},"headline":"D\u00f3lar fecha a semana em queda de 2,69% com reforma da Previd\u00eancia","datePublished":"2019-10-26T20:00:42+00:00","dateModified":"2019-11-08T23:51:55+00:00","mainEntityOfPage":{"@id":"https:\/\/www.suno.com.br\/noticias\/dolar-semana-queda-reforma-da-previdencia\/"},"wordCount":538,"publisher":{"@id":"https:\/\/www.suno.com.br\/noticias\/#organization"},"image":{"@id":"https:\/\/www.suno.com.br\/noticias\/dolar-semana-queda-reforma-da-previdencia\/#primaryimage"},"thumbnailUrl":"https:\/\/files.sunoresearch.com.br\/n\/uploads\/2019\/01\/c27f20d7-d\u00f3lar-scaled.webp","keywords":["Brexit","d\u00f3lar","Reforma da Previd\u00eancia"],"articleSection":["Mercado"],"inLanguage":"pt-BR"},{"@type":"WebPage","@id":"https:\/\/www.suno.com.br\/noticias\/dolar-semana-queda-reforma-da-previdencia\/","url":"https:\/\/www.suno.com.br\/noticias\/dolar-semana-queda-reforma-da-previdencia\/","name":"D\u00f3lar fecha a semana em queda de 2,69% com reforma da Previd\u00eancia","isPartOf":{"@id":"https:\/\/www.suno.com.br\/noticias\/#website"},"primaryImageOfPage":{"@id":"https:\/\/www.suno.com.br\/noticias\/dolar-semana-queda-reforma-da-previdencia\/#primaryimage"},"image":{"@id":"https:\/\/www.suno.com.br\/noticias\/dolar-semana-queda-reforma-da-previdencia\/#primaryimage"},"thumbnailUrl":"https:\/\/files.sunoresearch.com.br\/n\/uploads\/2019\/01\/c27f20d7-d\u00f3lar-scaled.webp","datePublished":"2019-10-26T20:00:42+00:00","dateModified":"2019-11-08T23:51:55+00:00","description":"O d\u00f3lar encerrou a semana em queda de 2,69% e chegou a ter uma m\u00ednima na sess\u00e3o de sexta (25) a R$ 3,9928. Clique aqui para saber mais.","breadcrumb":{"@id":"https:\/\/www.suno.com.br\/noticias\/dolar-semana-queda-reforma-da-previdencia\/#breadcrumb"},"inLanguage":"pt-BR","potentialAction":[{"@type":"ReadAction","target":["https:\/\/www.suno.com.br\/noticias\/dolar-semana-queda-reforma-da-previdencia\/"]}]},{"@type":"ImageObject","inLanguage":"pt-BR","@id":"https:\/\/www.suno.com.br\/noticias\/dolar-semana-queda-reforma-da-previdencia\/#primaryimage","url":"https:\/\/files.sunoresearch.com.br\/n\/uploads\/2019\/01\/c27f20d7-d\u00f3lar-scaled.webp","contentUrl":"https:\/\/files.sunoresearch.com.br\/n\/uploads\/2019\/01\/c27f20d7-d\u00f3lar-scaled.webp","width":2560,"height":1702,"caption":"D\u00f3lar"},{"@type":"BreadcrumbList","@id":"https:\/\/www.suno.com.br\/noticias\/dolar-semana-queda-reforma-da-previdencia\/#breadcrumb","itemListElement":[{"@type":"ListItem","position":1,"name":"Not\u00edcias","item":"https:\/\/www.suno.com.br\/noticias\/"},{"@type":"ListItem","position":2,"name":"Mercado","item":"https:\/\/www.suno.com.br\/noticias\/mercado\/"},{"@type":"ListItem","position":3,"name":"D\u00f3lar fecha a semana em queda de 2,69% com reforma da Previd\u00eancia"}]},{"@type":"WebSite","@id":"https:\/\/www.suno.com.br\/noticias\/#website","url":"https:\/\/www.suno.com.br\/noticias\/","name":"Suno Not\u00edcias","description":"Seu portal de informa\u00e7\u00e3o sobre o mundo dos investimentos","publisher":{"@id":"https:\/\/www.suno.com.br\/noticias\/#organization"},"potentialAction":[{"@type":"SearchAction","target":{"@type":"EntryPoint","urlTemplate":"https:\/\/www.suno.com.br\/noticias\/?s={search_term_string}"},"query-input":{"@type":"PropertyValueSpecification","valueRequired":true,"valueName":"search_term_string"}}],"inLanguage":"pt-BR"},{"@type":"Organization","@id":"https:\/\/www.suno.com.br\/noticias\/#organization","name":"Suno Not\u00edcias","url":"https:\/\/www.suno.com.br\/noticias\/","logo":{"@type":"ImageObject","inLanguage":"pt-BR","@id":"https:\/\/www.suno.com.br\/noticias\/#\/schema\/logo\/image\/","url":"https:\/\/files.sunoresearch.com.br\/n\/uploads\/2021\/09\/suno-logo.png","contentUrl":"https:\/\/files.sunoresearch.com.br\/n\/uploads\/2021\/09\/suno-logo.png","width":180,"height":180,"caption":"Suno Not\u00edcias"},"image":{"@id":"https:\/\/www.suno.com.br\/noticias\/#\/schema\/logo\/image\/"},"sameAs":["https:\/\/facebook.com\/sunoresearch","https:\/\/x.com\/sunoresearch","https:\/\/www.instagram.com\/suno","https:\/\/www.linkedin.com\/company\/suno-research\/","https:\/\/www.youtube.com\/c\/sunoresearch"]},{"@type":"Person","@id":"https:\/\/www.suno.com.br\/noticias\/#\/schema\/person\/098743caeed97b37f51315c9576c4078","name":"Rafael Lara","image":{"@type":"ImageObject","inLanguage":"pt-BR","@id":"https:\/\/www.suno.com.br\/noticias\/#\/schema\/person\/image\/","url":"https:\/\/secure.gravatar.com\/avatar\/dfc254ab9bb2ea1895d98b9e9dae4bdd?s=96&r=g","contentUrl":"https:\/\/secure.gravatar.com\/avatar\/dfc254ab9bb2ea1895d98b9e9dae4bdd?s=96&r=g","caption":"Rafael Lara"},"description":"Rafael Lara cursa jornalismo na Faculdade C\u00e1sper L\u00edbero. Escreve sobre pol\u00edtica, economia e neg\u00f3cios para o portal Suno Not\u00edcias. Antes, colaborou na TV Gazeta na produ\u00e7\u00e3o do programa Edi\u00e7\u00e3o Extra.","url":"https:\/\/www.suno.com.br\/noticias\/author\/rafael\/"}]}},"default_loop_html":"<div class=\"cardsPage__listCard__boxs\"><div class=\"cardsPage__listCard__boxs__img\"><a href=\"https:\/\/www.suno.com.br\/noticias\/dolar-semana-queda-reforma-da-previdencia\/\"><img class=\"mask\" src=\"https:\/\/www.suno.com.br\/noticias\/wp-content\/themes\/suno\/resources\/images\/spotlight\/spotlight1img\/bg-mask.png\" alt=\"Image Mask\"\/><img src=\"https:\/\/files.sunoresearch.com.br\/n\/uploads\/2019\/01\/c27f20d7-d\u00f3lar-400x200.webp\" alt=\"D\u00f3lar fecha a semana em queda de 2,69% com reforma da Previd\u00eancia\"\/><\/a><span class=\"spotlightCategory\"><a href=\"https:\/\/www.suno.com.br\/noticias\/mercado\/\">Mercado<\/a><\/span><\/div><div class=\"cardsPage__listCard__boxs__content\"><a href=\"https:\/\/www.suno.com.br\/noticias\/dolar-semana-queda-reforma-da-previdencia\/\"><h2 class=\"content__title\">D\u00f3lar fecha a semana em queda de 2,69% com reforma da Previd\u00eancia<\/h2><\/a><div class=\"newsContent__article__meta\"><div class=\"newsContent__article__meta__authorBox\"><a href=\"https:\/\/www.suno.com.br\/noticias\/author\/rafael\/\" class=\"authorBox__avatar noMobi\"><img src=\"https:\/\/secure.gravatar.com\/avatar\/dfc254ab9bb2ea1895d98b9e9dae4bdd?s=96&#038;r=g\" alt=\"Rafael Lara\"><\/a><div class=\"authorBox__name\"><span>por\n\t\t\t<a href=\"https:\/\/www.suno.com.br\/noticias\/author\/rafael\/\"><span itemprop=\"author\">Rafael Lara<\/span><\/a><\/span><time datetime=\"2019-10-26T18:00:42-03:00\" itemprop=\"datePublished\">26\/10\/2019 18:00<\/time><\/div><\/div><\/div><\/div><\/div>","single_layout":"posts","amp_enabled":true,"_links":{"self":[{"href":"https:\/\/www.suno.com.br\/noticias\/wp-json\/wp\/v2\/posts\/42524"}],"collection":[{"href":"https:\/\/www.suno.com.br\/noticias\/wp-json\/wp\/v2\/posts"}],"about":[{"href":"https:\/\/www.suno.com.br\/noticias\/wp-json\/wp\/v2\/types\/post"}],"author":[{"embeddable":true,"href":"https:\/\/www.suno.com.br\/noticias\/wp-json\/wp\/v2\/users\/23"}],"replies":[{"embeddable":true,"href":"https:\/\/www.suno.com.br\/noticias\/wp-json\/wp\/v2\/comments?post=42524"}],"version-history":[{"count":0,"href":"https:\/\/www.suno.com.br\/noticias\/wp-json\/wp\/v2\/posts\/42524\/revisions"}],"wp:featuredmedia":[{"embeddable":true,"href":"https:\/\/www.suno.com.br\/noticias\/wp-json\/wp\/v2\/media\/12372"}],"wp:attachment":[{"href":"https:\/\/www.suno.com.br\/noticias\/wp-json\/wp\/v2\/media?parent=42524"}],"wp:term":[{"taxonomy":"category","embeddable":true,"href":"https:\/\/www.suno.com.br\/noticias\/wp-json\/wp\/v2\/categories?post=42524"},{"taxonomy":"post_tag","embeddable":true,"href":"https:\/\/www.suno.com.br\/noticias\/wp-json\/wp\/v2\/tags?post=42524"},{"taxonomy":"suno_strategy","embeddable":true,"href":"https:\/\/www.suno.com.br\/noticias\/wp-json\/wp\/v2\/suno_strategy?post=42524"}],"curies":[{"name":"wp","href":"https:\/\/api.w.org\/{rel}","templated":true}]}}