{"id":425198,"date":"2023-07-04T21:55:01","date_gmt":"2023-07-05T00:55:01","guid":{"rendered":"https:\/\/www.suno.com.br\/noticias\/?p=425198"},"modified":"2023-07-04T21:55:15","modified_gmt":"2023-07-05T00:55:15","slug":"radar-gpa-pcar3-magazine-luiza-mglu3-vamos-vamo3","status":"publish","type":"post","link":"https:\/\/www.suno.com.br\/noticias\/radar-gpa-pcar3-magazine-luiza-mglu3-vamos-vamo3\/","title":{"rendered":"Radar: GPA (PCAR3) sobe (muito) na Bolsa com not\u00edcia de bilion\u00e1rio, a\u00e7\u00f5es de Magazine Luiza (MGLU3) sofrem e Vamos (VAMO3) anuncia JCP milion\u00e1rio"},"content":{"rendered":"<p>As a\u00e7\u00f5es da Companhia Brasileira de Distribui\u00e7\u00e3o (<strong>GPA<\/strong>), dona do Grupo&nbsp;<a href=\"https:\/\/www.suno.com.br\/acoes\/PCAR3\/\" target=\"_blank\" rel=\"noreferrer noopener\">P\u00e3o de A\u00e7\u00facar (PCAR3)<\/a>, disparam nesta ter\u00e7a-feira (4) no Ibovespa, com a not\u00edcia de que o bilion\u00e1rio colombiano Jaime Gilinsky, que lan\u00e7ou na semana passada uma oferta pelo \u00c9xito, est\u00e1 no Brasil para tentar convencer investidores do GPA a se alinharem com ele, de acordo com informa\u00e7\u00f5es do colunista Lauro Jardim, do jornal O Globo.<\/p>\t<div class=\"wrapper-featured-image\">\n\t\t<figure class=\"spotlightImg\">\n\n\t\t\t<picture>\n\t\t\t\t<source media=\"(max-width: 768px)\" srcset=\"https:\/\/files.sunoresearch.com.br\/n\/uploads\/2021\/06\/b72fab5a-gpa-400x200.webp\">\n\t\t\t\t<img loading=\"lazy\" decoding=\"async\" class=\"newsContent__article__imgCapa lazyloadDisabled \" src=\"https:\/\/files.sunoresearch.com.br\/n\/uploads\/2021\/06\/b72fab5a-gpa-800x450.webp\" width=\"800\" height=\"450\" alt=\"Radar: GPA (PCAR3) sobe (muito) na Bolsa com not\u00edcia de bilion\u00e1rio, a\u00e7\u00f5es de Magazine Luiza (MGLU3) sofrem e Vamos (VAMO3) anuncia JCP milion\u00e1rio\" fetchpriority=high \/>\n\t\t\t<\/picture>\n\n\t\t\t<figcaption class=\"wp-caption-text wp-caption-text--show\">Grupo P\u00e3o de A\u00e7\u00facar (PCAR3). Foto: Divulga\u00e7\u00e3o.<\/figcaption>\n\t\t<\/figure>\n\t<\/div>\n\n\n\n\n\n\t<p>\n\t\t<a href=\"https:\/\/lp.suno.com.br\/planilha-da-vida-financeira\/\" target=\"_blank\" data-element=\"shortcode-suno-banner\" title=\"Banner SUNO, clique e saiba mais\">\n\t\t\t<picture>\n\t\t\t\t<source media=\"(max-width: 500px)\" srcset=\"https:\/\/files.sunoresearch.com.br\/n\/uploads\/2023\/04\/400x300-Planilha-vida-financeira-true.png\">\n\t\t\t\t<img class=\"newsContent__article__imgCapa newsContent__article__imgCapa--banner\"\n\t\t\t\t\tsrc=\"https:\/\/files.sunoresearch.com.br\/n\/uploads\/2023\/04\/1420x240-Planilha-vida-financeira-true.png\"\n\t\t\t\t\tdata-promo-id=\"106682\"\t\t\t\t\t\t\t\t\t\twidth='1420' height='240'\t\t\t\t\talt=\"https:\/\/files.sunoresearch.com.br\/n\/uploads\/2023\/04\/1420x240-Planilha-vida-financeira-true.png\"\n\t\t\t\t>\n\t\t\t<\/picture>\n\t\t<\/a>\n\t<\/p>\n\n\n\n\n\n\n\n<p>No fechamento, as\u00a0<strong>a\u00e7\u00f5es ordin\u00e1rias do GPA<\/strong>\u00a0subiram 9,94%, cotadas a R$ 20,35, liderando os ganhos do Ibovespa. A alta de hoje das\u00a0<strong>a\u00e7\u00f5es do P\u00e3o de A\u00e7\u00facar<\/strong>\u00a0se deve uma possibilidade de efetiva\u00e7\u00e3o do neg\u00f3cio. <\/p>\n\n\n\n<p>Segundo o colunista Lauro Jardim, do jornal O Globo, o mercado avalia que a proposta de Gilinsky foi extremamente baixa, pr\u00f3xima da metade do valor justo do \u00c9xito.<\/p>\n\n\n\n<p>O magnata da Col\u00f4mbia prop\u00f4s a compra de 96,52% das&nbsp;<strong>a\u00e7\u00f5es do \u00c9xito<\/strong>, pelo valor de US$ 836 milh\u00f5es, o equivalente a cerca de R$ 4,06 bilh\u00f5es. A&nbsp;<strong>proposta feita ao GPA<\/strong>&nbsp;se referia a uma oferta n\u00e3o solicitada e n\u00e3o havia sido negociada previamente com a administra\u00e7\u00e3o, cujo objetivo era a aquisi\u00e7\u00e3o de 100% da participa\u00e7\u00e3o do grupo no&nbsp;<strong>\u00c9xito<\/strong>, que faz parte do guarda-chuva do grupo.<\/p>\n\n\n\n<p>A decis\u00e3o de recusar o acordo foi tomada pelo&nbsp;<a href=\"https:\/\/www.suno.com.br\/artigos\/conselho-administracao\/\" target=\"_blank\" rel=\"noreferrer noopener\">conselho de administra\u00e7\u00e3o<\/a>&nbsp;do GPA, em reuni\u00e3o realizada na \u00faltima quinta-feira (29). O conselho se reuniu e analisou a oferta juntamente com seus assessores financeiros e legais, decidindo por unanimidade pela recusa.<\/p>\n\n\n\n<p>Al\u00e9m de GPA, confira outros destaques desta ter\u00e7a-feira:<\/p>\n\n\n\n<h2 class=\"wp-block-heading\">Via (VIIA3) e Magazine Luiza (MGLU3): a\u00e7\u00f5es derrapam em dia sofrido no Ibovespa nesta ter\u00e7a; veja motivos<\/h2>\n\n\n\n<ul class=\"wp-block-list\">\n<li>As a\u00e7\u00f5es de&nbsp;<strong><a href=\"https:\/\/www.suno.com.br\/acoes\/viia3\/\">Via<\/a><\/strong><a href=\"https:\/\/www.suno.com.br\/acoes\/viia3\/\">&nbsp;(VIIA3)<\/a>&nbsp;e&nbsp;<a href=\"https:\/\/www.suno.com.br\/acoes\/MGLU3\/\" target=\"_blank\" rel=\"noreferrer noopener\">Magazine Luiza (MGLU3)<\/a>&nbsp;derraparam no Ibovespa nesta ter\u00e7a-feira (4), com o mercado ainda penalizando as empresas do setor ap\u00f3s a divulga\u00e7\u00e3o da ata da Copom, na qual o Banco Central (BC) decidiu manter a taxa de juros em 13,75%.<\/li>\n<\/ul>\n\n\n\n<ul class=\"wp-block-list\">\n<li>No&nbsp;<strong>fechamento<\/strong>, os&nbsp;<strong>pap\u00e9is da Via<\/strong>&nbsp;recuaram 0,46%, cotados a R$ 2,17, enquanto os&nbsp;<strong>ativos do Magazine Luiza<\/strong>&nbsp;tamb\u00e9m ca\u00edram 2,04%, a R$ 3,37.<\/li>\n<\/ul>\n\n\n\n<ul class=\"wp-block-list\">\n<li>Segundo Heitor De Nicola, especialista de renda vari\u00e1vel e s\u00f3cio da Acqua Vero, as<strong>&nbsp;duas varejistas<\/strong>&nbsp;v\u00eam de duas semanas consecutivas de queda, com a redu\u00e7\u00e3o na expectativa trazida pela Ata do Comit\u00ea de&nbsp;<a href=\"https:\/\/www.suno.com.br\/artigos\/politica-monetaria\/\" target=\"_blank\" rel=\"noreferrer noopener\">Pol\u00edtica Monet\u00e1ria<\/a>&nbsp;(<strong>Copom<\/strong>).&nbsp;<\/li>\n<\/ul>\n\n\n\n<ul class=\"wp-block-list\">\n<li>O \u00faltimo documento do Banco Central (BC) justificou a manuten\u00e7\u00e3o da taxa no patamar atual \u201cat\u00e9 que se consolide n\u00e3o apenas o processo de desinfla\u00e7\u00e3o como tamb\u00e9m a ancoragem das expectativas em torno de suas metas\u201d. Al\u00e9m disso, mostrou diverg\u00eancias sobre os pr\u00f3ximos passos da&nbsp;<strong>pol\u00edtica monet\u00e1ria<\/strong>&nbsp;do Brasil, destacando que j\u00e1 h\u00e1 consenso para \u201cum processo parcimonioso de inflex\u00e3o na pr\u00f3xima reuni\u00e3o\u201d.<\/li>\n<\/ul>\n\n\n\n<ul class=\"wp-block-list\">\n<li>\u201cA ata jogou um certo \u2018banho de \u00e1gua fria\u2019 nessas varejistas, porque deixou bem claro que o processo de desinfla\u00e7\u00e3o \u00e9 doloroso. O BC entende como algo que se exige paci\u00eancia, uma vez que eles n\u00e3o devem fazer redu\u00e7\u00f5es contundentes nos juros sem antes analisar os dados de infla\u00e7\u00e3o, principalmente para ver como a economia vai responder a esse eventual ciclo de baixa nos juros\u201d, disse Nicola.<\/li>\n<\/ul>\n\n\n\n<ul class=\"wp-block-list\">\n<li>Na segunda-feira (3), a atual presidente do&nbsp;<a href=\"https:\/\/www.suno.com.br\/artigos\/conselho-administracao\/\" target=\"_blank\" rel=\"noreferrer noopener\">conselho de administra\u00e7\u00e3o<\/a>&nbsp;do&nbsp;<strong>Magazine Luiza<\/strong>, Luiza Trajano, ligou diretamente para integrantes do \u201cConselh\u00e3o\u201d de Lula em busca de apoio para um abaixo-assinado para pressionar o BC, segundo apura\u00e7\u00e3o do colunista Lauro Jardim, do O Globo.<\/li>\n<\/ul>\n\n\n\n<ul class=\"wp-block-list\">\n<li>Trajano tem feito cobran\u00e7as cont\u00ednuas a&nbsp;<strong>Campos Neto<\/strong>&nbsp;sobre uma sinaliza\u00e7\u00e3o de&nbsp;<strong>corte na taxa de juros<\/strong>, mantida na \u00faltima reuni\u00e3o do Copom em junho a 13,75% ao ano. \u201cEu estou lutando para abaixar os juros. Espero [que venha na pr\u00f3xima reuni\u00e3o] pelo menos um sinal. Se n\u00e3o vier, vai ser muito triste. O pequeno e o m\u00e9dio est\u00e3o sofrendo muito\u201d, comentou&nbsp;com jornalistas ap\u00f3s participar de um semin\u00e1rio do Banco Nacional de&nbsp;<a href=\"https:\/\/www.suno.com.br\/artigos\/desenvolvimento-economico\/\" target=\"_blank\" rel=\"noreferrer noopener\">Desenvolvimento Econ\u00f4mico<\/a>&nbsp;e Social (BNDES) em maio.<\/li>\n<\/ul>\n\n\n\n<ul class=\"wp-block-list\">\n<li>\u201cIsso ajuda a gente a perceber como o Magazine Luiza est\u00e1 sofrendo desde que a gente est\u00e1 neste ciclo de juros altos\u201d, completou Nicola.<\/li>\n<\/ul>\n\n\n\n<h2 class=\"wp-block-heading\">Empresa da Bolsa brasileira anuncia JCP milion\u00e1rio; Confira qual<\/h2>\n\n\n\n<ul class=\"wp-block-list\">\n<li>A&nbsp;<strong>Vamos<\/strong>&nbsp;(<a href=\"https:\/\/www.suno.com.br\/acoes\/vamo3\/\" target=\"_blank\" rel=\"noreferrer noopener\">VAMO3<\/a>) comunicou o pagamento de proventos no valor de R$ 17,6 milh\u00f5es, na forma de&nbsp;<a href=\"https:\/\/www.suno.com.br\/artigos\/entenda-o-jcp\/\" target=\"_blank\" rel=\"noreferrer noopener\">juros sobre capital pr\u00f3prio<\/a>&nbsp;(JCP) conforme anunciado pela empresa da Bolsa brasileira nesta ter\u00e7a-feira (4).<\/li>\n<\/ul>\n\n\n\n<ul class=\"wp-block-list\">\n<li>Os<strong>&nbsp;JCP da Vamos<\/strong>&nbsp;foram divulgados ap\u00f3s delibera\u00e7\u00e3o em&nbsp;<a href=\"https:\/\/www.suno.com.br\/artigos\/assembleia-geral-ordinaria\/\" target=\"_blank\" rel=\"noreferrer noopener\">assembleia geral ordin\u00e1ria<\/a>, que foi realizada no dia 28 de abril de 2023.<\/li>\n<\/ul>\n\n\n\n<ul class=\"wp-block-list\">\n<li>Os proventos da companhia v\u00e3o ser distribu\u00eddos aos investidores com posi\u00e7\u00e3o acion\u00e1ria ao final da sess\u00e3o de 5 de maio de 2023.<\/li>\n<\/ul>\n\n\n\n<ul class=\"wp-block-list\">\n<li>Os&nbsp;<strong>proventos da Vamos&nbsp;<\/strong>representam R$ 0,017298436 por a\u00e7\u00e3o, considerando o n\u00famero de a\u00e7\u00f5es em que se divide o capital social da empresa em 28 de abril de 2023. Nesse c\u00e1lculo s\u00e3o exclu\u00eddos os pap\u00e9is em tesouraria.<\/li>\n<\/ul>\n\n\n\n<ul class=\"wp-block-list\">\n<li>A data do pagamento dos&nbsp;<strong>Juros Sobre o Capital Pr\u00f3prio da Vamos<\/strong>&nbsp;vai ocorrer no dia 5 de julho de 2023, ou seja, amanh\u00e3.<\/li>\n<\/ul>\n\n\n\n<ul class=\"wp-block-list\">\n<li>Os investidores cujo cadastro n\u00e3o contenham o CPF ou CNPJ, ou n\u00e3o tenham indica\u00e7\u00e3o de banco\/ag\u00eancia e&nbsp;<a href=\"https:\/\/www.suno.com.br\/artigos\/conta-corrente\/\" target=\"_blank\" rel=\"noreferrer noopener\">conta corrente<\/a>, ter\u00e3o os seus valores creditados logo ap\u00f3s a devida regulariza\u00e7\u00e3o do seu cadastro em uma ag\u00eancia do Bradesco.<\/li>\n<\/ul>\n\n\n\n<ul class=\"wp-block-list\">\n<li>No caso dos acionistas com&nbsp;<strong>a\u00e7\u00f5es da Vamos<\/strong>&nbsp;custodiadas na Companhia Brasileira de Liquida\u00e7\u00e3o e Cust\u00f3dia (CBLC), eles dever\u00e3o confirmar ou alterar seus dados banc\u00e1rios e cadastrais por meio do seu&nbsp;<a href=\"https:\/\/www.suno.com.br\/artigos\/agente-custodia\/\" target=\"_blank\" rel=\"noreferrer noopener\">agente de cust\u00f3dia<\/a>.<\/li>\n<\/ul>\n\n\n\n<h2 class=\"wp-block-heading\">JCP da Vamos<\/h2>\n\n\n\n<ul class=\"wp-block-list\">\n<li>Valor total: R$ 17.600.000,00<\/li>\n\n\n\n<li>Valor por a\u00e7\u00e3o: R$ 0,017298436<\/li>\n\n\n\n<li>Data de corte: 5 de maio de 2023<\/li>\n\n\n\n<li>Data do pagamento: 5 de julho de 2023<\/li>\n<\/ul>\n\n\n\n<ul class=\"wp-block-list\">\n<li>O \u00faltimo provento pago pela Vamos foi no dia 4 de abril, no valor de R$ 0,26144227 por a\u00e7\u00e3o, o primeiro deste ano. Assim, o JCP que ser\u00e1 pago amanh\u00e3 (5) seria o segundo provento da empresa em 2023.<\/li>\n<\/ul>\n\n\n\t<p>\n\t\t<a href=\"https:\/\/lp.suno.com.br\/ebook-como-analisar-uma-acao\/\" target=\"_blank\" data-element=\"shortcode-suno-banner\" title=\"Banner SUNO, clique e saiba mais\">\n\t\t\t<picture>\n\t\t\t\t<source media=\"(max-width: 500px)\" srcset=\"https:\/\/files.sunoresearch.com.br\/n\/uploads\/2023\/03\/Ebook-Acoes-Mobile.jpg\">\n\t\t\t\t<img class=\"newsContent__article__imgCapa newsContent__article__imgCapa--banner\"\n\t\t\t\t\tsrc=\"https:\/\/files.sunoresearch.com.br\/n\/uploads\/2023\/03\/Ebook-Acoes-Desktop.jpg\"\n\t\t\t\t\tdata-promo-id=\"378302\"\t\t\t\t\t\t\t\t\t\twidth='1420' height='286'\t\t\t\t\talt=\"https:\/\/files.sunoresearch.com.br\/n\/uploads\/2023\/03\/Ebook-Acoes-Desktop.jpg\"\n\t\t\t\t>\n\t\t\t<\/picture>\n\t\t<\/a>\n\t<\/p>\n\n\n\n\n\n<h2 class=\"wp-block-heading\">Usiminas (USIM5) elege novo CEO; a\u00e7\u00f5es sobem<\/h2>\n\n\n\n<ul class=\"wp-block-list\">\n<li>As a\u00e7\u00f5es da&nbsp;<a href=\"https:\/\/www.suno.com.br\/acoes\/usim5\/\" target=\"_blank\" rel=\"noreferrer noopener\"><strong>Usiminas<\/strong>&nbsp;(USIM5)<\/a>&nbsp;fecharam em alta nesta ter\u00e7a-feira (4), com o mercado reagindo \u00e0 not\u00edcia divulgada primeiro pelo jornal Valor Econ\u00f4mico de que o ex-diretor industrial da sider\u00fargica mineira e atual presidente da Ternium Brasil, Marcelo Chara, ser\u00e1 o novo presidente da companhia, ap\u00f3s decis\u00e3o do&nbsp;<a href=\"http:\/\/xn--conselho%20de%20administrao-7jc9i\/\">conselho de administra\u00e7\u00e3o.<\/a>&nbsp;A empresa confirmou a escolha.<\/li>\n<\/ul>\n\n\n\n<ul class=\"wp-block-list\">\n<li>No fechamento, as a\u00e7\u00f5es da Usiminas avan\u00e7aram 0,97%, cotadas a R$ 7,32.<\/li>\n<\/ul>\n\n\n\n<ul class=\"wp-block-list\">\n<li><strong>Marcelo Chara<\/strong>&nbsp;assumir\u00e1 a<strong>&nbsp;presid\u00eancia da Usiminas<\/strong>&nbsp;o lugar de&nbsp;<strong>Alberto Ono<\/strong>, indicado ao cargo pela Nippon Steel h\u00e1 cerca de dois anos, e que agora ser\u00e1 alocado ao colegiado da companhia.<\/li>\n<\/ul>\n\n\n\n<ul class=\"wp-block-list\">\n<li>Em fato relevante divulgado na segunda-feira (3), a Usiminas comunicou que a Ternium concluiu a aquisi\u00e7\u00e3o de 68.667.964 a\u00e7\u00f5es de emiss\u00e3o do Grupo NSC (Nippon Steel Corporation, Mitsubishi Corporation e Metal One Corporation), as quais representam 14,20% do total de a\u00e7\u00f5es e 9,74% do total de a\u00e7\u00f5es ordin\u00e1rias de emiss\u00e3o da companhia, pelo pre\u00e7o de R$ 10, equivalente a R$ 687 milh\u00f5es.<\/li>\n<\/ul>\n\n\n\n<ul class=\"wp-block-list\">\n<li>Com o fechamento da opera\u00e7\u00e3o, o&nbsp;<strong>Grupo Ternium<\/strong>&nbsp;passa a deter uma participa\u00e7\u00e3o relativa de aproximadamente 61,3% das a\u00e7\u00f5es da companhia, enquanto o Grupo NSC e o fundo de pens\u00e3o dos empregados da Usiminas (PU) passam a deter cerca de 31,7% e 7,1% das a\u00e7\u00f5es, respectivamente.<\/li>\n<\/ul>\n\n\n\n<ul class=\"wp-block-list\">\n<li>J\u00e1 em rela\u00e7\u00e3o ao total de<strong>&nbsp;a\u00e7\u00f5es ordin\u00e1rias de emiss\u00e3o da Usiminas<\/strong>, o Grupo NSC passa a deter cerca de 22,8% e a Ternium passa a deter cerca de 49,5%.<\/li>\n<\/ul>\n\n\n\n<ul class=\"wp-block-list\">\n<li>Al\u00e9m disso, o Grupo Ternium, o Grupo NSC e a PU celebraram um novo acordo de acionistas da companhia, \u201co qual reflete a nova estrutura de governan\u00e7a acordada entre seus membros\u201d, disse a Usiminas.<\/li>\n<\/ul>\n\n\n\n<h2 class=\"wp-block-heading\">Banco do Brasil (BBAS3): XP \u2018aumenta aposta\u2019 em dividendos<\/h2>\n\n\n\n<ul class=\"wp-block-list\">\n<li>Em novo relat\u00f3rio sobre sua carteira de&nbsp;<a href=\"https:\/\/www.suno.com.br\/guias\/dividendos\/\" target=\"_blank\" rel=\"noreferrer noopener\">dividendos<\/a>, a XP elevou a posi\u00e7\u00e3o em a\u00e7\u00f5es do&nbsp;<a href=\"https:\/\/www.suno.com.br\/acoes\/BBAS3\/\" target=\"_blank\" rel=\"noreferrer noopener\"><strong>Banco do Brasil&nbsp;<\/strong>(BBAS3)<\/a>&nbsp;de 10% para 15%, tornando-a a segunda empresa com uma fatia deste patamar na carteira \u2013 ante 5% ou 10% para as demais recomenda\u00e7\u00f5es.<\/li>\n<\/ul>\n\n\n\n<ul class=\"wp-block-list\">\n<li>Atualmente a casa mant\u00e9m recomenda\u00e7\u00e3o de compra para as&nbsp;<strong>a\u00e7\u00f5es do Banco do Brasil<\/strong>, com pre\u00e7o-alvo de R$ 61, ao passo que os pap\u00e9is s\u00e3o negociados pouco acima de R$ 50.<\/li>\n<\/ul>\n\n\n\n<ul class=\"wp-block-list\">\n<li>Sobre os&nbsp;<strong>dividendos do Banco do Brasil<\/strong>, a XP destaca o patamar do dividend yeidl (DY) de cerca de 10% dos pap\u00e9is.<\/li>\n<\/ul>\n\n\n\n<ul class=\"wp-block-list\">\n<li>Vale destacar que, simultaneamente ao aumento da recomenda\u00e7\u00e3o de&nbsp;<strong><a href=\"https:\/\/statusinvest.com.br\/acoes\/bbas3?__hstc=189907700.57003753d8805be60d3d8f1693f0228c.1666093829288.1688425219805.1688511299747.174&amp;__hssc=189907700.8.1688511299747&amp;__hsfp=4004565108\" target=\"_blank\" rel=\"noreferrer noopener\">BBAS3<\/a><\/strong>&nbsp;na carteira de&nbsp;<a href=\"https:\/\/www.suno.com.br\/guias\/dividendos\/\" target=\"_blank\" rel=\"noreferrer noopener\">dividendos<\/a>, os especialistas cortaram o peso da posi\u00e7\u00e3o em&nbsp;<a href=\"https:\/\/www.suno.com.br\/acoes\/ITUB4\/\" target=\"_blank\" rel=\"noreferrer noopener\">Ita\u00fa (ITUB4)<\/a>&nbsp;de 15% para 10%.<\/li>\n<\/ul>\n\n\n\n<ul class=\"wp-block-list\">\n<li>\u201cEmbora mantenhamos a vis\u00e3o positiva de ambos os nomes, em grande parte devido ao momento operacional positivo, vemos as a\u00e7\u00f5es do BBAS3 negociando com m\u00faltiplos excessivamente descontados dados os n\u00edveis atuais de ROEs entregues por ambos. Por fim, esperamos um dividend yield maior para o BB nos pr\u00f3ximos anos\u201d, diz a casa.<\/li>\n<\/ul>\n\n\n\n<h3 class=\"wp-block-heading\">Veja a carteira de dividendos da XP:<\/h3>\n\n\n\n<ul class=\"wp-block-list\">\n<li>Banco do Brasil (BBAS3): 15%<\/li>\n\n\n\n<li>Engie (EGIE3): 15%<\/li>\n\n\n\n<li>Copel (CPLE6): 10%<\/li>\n\n\n\n<li>Gerdau (GGBR4): 10%<\/li>\n\n\n\n<li>Ita\u00fa (ITUB4): 10%<\/li>\n\n\n\n<li>Klabin (KLBN11): 10%<\/li>\n\n\n\n<li>Petrobras (PETR4): 10%<\/li>\n\n\n\n<li>Tim (TIMS3): 10%<\/li>\n\n\n\n<li>Isa CTEEP (TRPL4): 5%<\/li>\n\n\n\n<li>Auren (AURE3): 5%<\/li>\n<\/ul>\n\n\n\n<h2 class=\"wp-block-heading\">EXCLUSIVA: Braskem (BRKM5) deve dar \u2018sinal verde\u2019 para oferta da Unipar (UNIP6) em breve<\/h2>\n\n\n\n<ul class=\"wp-block-list\">\n<li>A&nbsp;<a href=\"https:\/\/www.suno.com.br\/acoes\/BRKM5\/\" target=\"_blank\" rel=\"noreferrer noopener\"><strong>Braskem&nbsp;<\/strong>(BRKM5)<\/a>, que tem sido mais assediada por compradores nos \u00faltimos meses, pode dar sinal positivo para fechar neg\u00f3cio com a&nbsp;<a href=\"https:\/\/www.suno.com.br\/acoes\/UNIP6\/\" target=\"_blank\" rel=\"noreferrer noopener\">Unipar (UNIP6)<\/a>&nbsp;nos pr\u00f3ximos dias, segundo fontes a par do assunto consultadas pelo Suno Not\u00edcias.<\/li>\n<\/ul>\n\n\n\n<ul class=\"wp-block-list\">\n<li>A&nbsp;<strong>oferta da Unipar pela Braskem<\/strong>&nbsp;foi feita no dia 10 de junho, de 34% da companhia a um pre\u00e7o de R$ 36,50 por a\u00e7\u00e3o, totalizando R$ 10 bilh\u00f5es.<\/li>\n<\/ul>\n\n\n\n<ul class=\"wp-block-list\">\n<li>A&nbsp;<a href=\"https:\/\/www.suno.com.br\/acoes\/PETR4\/\" target=\"_blank\" rel=\"noreferrer noopener\"><strong>Petrobras&nbsp;<\/strong>(PETR4)<\/a>, a Novonor \u2013 antiga Oderbrecht \u2013 e seus credores ainda mant\u00eam contato com executivos da Unipar, dando sinaliza\u00e7\u00f5es construtivas sobre o car\u00e1ter da&nbsp;<strong>oferta pela Braskem<\/strong>.<\/li>\n<\/ul>\n\n\n\n<ul class=\"wp-block-list\">\n<li>O \u2018ponto-chave\u2019 para o aperto de m\u00e3os da oferta, segundo as fontes sob condi\u00e7\u00e3o de anonimato, \u2018\u00e9 uma converg\u00eancia entre o que os bancos credores topam e a Petrobras tamb\u00e9m\u2019.<\/li>\n<\/ul>\n\n\n\n<ul class=\"wp-block-list\">\n<li>O fechamento da&nbsp;<strong>compra da Braskem<\/strong>\u2013 cujas ofertas j\u00e1 se arrastam h\u00e1 mais de dois anos \u2013 devem balizar, ent\u00e3o, discuss\u00f5es sobre como ficaria a disposi\u00e7\u00e3o societ\u00e1ria e a influ\u00eancia na gest\u00e3o da empresa.<\/li>\n<\/ul>\n\n\n\n<ul class=\"wp-block-list\">\n<li>Diferentemente da oferta da Apollo e da Empresa de Petr\u00f3leo de Abu Dhabi (ADNOC), feita em conjunto, a Unipar entrou sozinha no p\u00e1reo por uma fatia societ\u00e1ria da Braskem.<\/li>\n<\/ul>\n\n\n\n<ul class=\"wp-block-list\">\n<li>Apesar disso, e em meio a discuss\u00f5es, alguns&nbsp;<a href=\"https:\/\/www.suno.com.br\/artigos\/fundos-de-investimento-exterior\/\" target=\"_blank\" rel=\"noreferrer noopener\">fundos de investimento<\/a>&nbsp;haviam manifestado interesse em entrar na oferta em conjunto com a&nbsp;<strong>Unipar<\/strong>, mas esse arranjo acabou n\u00e3o se concretizando, ao menos at\u00e9 ent\u00e3o.<\/li>\n<\/ul>\n\n\n\n<ul class=\"wp-block-list\">\n<li>Vale destacar que o&nbsp;<a href=\"https:\/\/www.suno.com.br\/artigos\/passivo-financeiro\/\" target=\"_blank\" rel=\"noreferrer noopener\">passivo financeiro<\/a>&nbsp;da Braskem n\u00e3o deve ser uma dor de cabe\u00e7a nesse caso, dado que a d\u00edvida da petroqu\u00edmica tem um car\u00e1ter que a mant\u00e9m \u2018isolada\u2019 dentro estrutura da empresa, sem garantia de acionistas ou afetando os ofertantes.<\/li>\n<\/ul>\n\n\n\n<ul class=\"wp-block-list\">\n<li>A&nbsp;<a href=\"https:\/\/www.suno.com.br\/artigos\/divida-liquida\/\" target=\"_blank\" rel=\"noreferrer noopener\">d\u00edvida l\u00edquida<\/a>&nbsp;da Braskem \u00e9&nbsp;<a href=\"https:\/\/statusinvest.com.br\/acoes\/brkm5?__hstc=189907700.57003753d8805be60d3d8f1693f0228c.1666093829288.1688425219805.1688511299747.174&amp;__hssc=189907700.56.1688511299747&amp;__hsfp=4004565108\" target=\"_blank\" rel=\"noreferrer noopener\">de R$ 22,4 bilh\u00f5es conforme o Status Invest<\/a>&nbsp;e, assim, deve afetar a consolida\u00e7\u00e3o cont\u00e1bil do balan\u00e7o financeiro da Unipar ap\u00f3s o fechamento do neg\u00f3cio, mas n\u00e3o \u2018contamin\u00e1-la\u2019.<\/li>\n<\/ul>\n\n\n\n<ul class=\"wp-block-list\">\n<li>Quando rumores surgiram sobre uma eventual \u2013 e improv\u00e1vel \u2013&nbsp;<strong>oferta da Petrobras por 100% da Braskem<\/strong>, o volume do&nbsp;<a href=\"https:\/\/www.suno.com.br\/artigos\/passivo-financeiro\/\" target=\"_blank\" rel=\"noreferrer noopener\">passivo financeiro<\/a>&nbsp;foi citado por analistas como um ponto negativo e que poderia afetar a gest\u00e3o da estatal e sua&nbsp;<a href=\"https:\/\/www.suno.com.br\/artigos\/saude-financeira\/\" target=\"_blank\" rel=\"noreferrer noopener\">sa\u00fade financeira<\/a>.<\/li>\n<\/ul>\n\n\n\n<p>Do GPA \u00e0 Vamos, essas foram as empresas que se destacaram hoje. Para ler todas as mat\u00e9rias&nbsp;<strong><a href=\"https:\/\/www.suno.com.br\/noticias\/todos\/?utm_content=XYOE2ItQuUY.20201113&amp;utm_campaign=Track%2B&amp;utm_medium=video&amp;utm_source=telegram.sunoresearch\" target=\"_blank\" rel=\"noreferrer noopener\">clique aqui<\/a><\/strong>.<a href=\"https:\/\/lp.suno.com.br\/pv\/sr-fiis\/oferta-relampago-40off\/\" target=\"_blank\" rel=\"noreferrer noopener\"><\/a><a href=\"https:\/\/lp.suno.com.br\/suno-one\/\" target=\"_blank\" rel=\"noreferrer noopener\"><\/a><a href=\"https:\/\/lp.suno.com.br\/pv\/sr-start\/aniversario-2023\/\" target=\"_blank\" rel=\"noreferrer noopener\"><\/a><a href=\"https:\/\/lp.suno.com.br\/suno-one\/\" target=\"_blank\" rel=\"noreferrer noopener\"><\/a><a href=\"https:\/\/lp.suno.com.br\/suno-one\/\" target=\"_blank\" rel=\"noreferrer noopener\"><\/a><a href=\"https:\/\/lp.suno.com.br\/suno-one\/\" target=\"_blank\" rel=\"noreferrer noopener\"><\/a><a href=\"https:\/\/lp.suno.com.br\/pv\/sr-premium\/1-real-para-investir\/\" target=\"_blank\" rel=\"noreferrer noopener\"><\/a><a href=\"https:\/\/lp.suno.com.br\/pv\/sr-premium\/1-real-para-investir\/\" target=\"_blank\" rel=\"noreferrer noopener\"><\/a><\/p>\n\n\n\t<p>\n\t\t<a href=\"https:\/\/lp.suno.com.br\/suno-one\/?utm_campaign=_SNC6964518A_\" target=\"_blank\" data-element=\"shortcode-suno-banner\" title=\"Banner SUNO, clique e saiba mais\">\n\t\t\t<picture>\n\t\t\t\t<source media=\"(max-width: 500px)\" srcset=\"https:\/\/files.sunoresearch.com.br\/n\/uploads\/2025\/09\/400x300-Suno-One-png.webp\">\n\t\t\t\t<img class=\"newsContent__article__imgCapa newsContent__article__imgCapa--banner\"\n\t\t\t\t\tsrc=\"https:\/\/files.sunoresearch.com.br\/n\/uploads\/2025\/09\/1420x240-Suno-One-png.webp\"\n\t\t\t\t\tdata-promo-id=\"383121\"\t\t\t\t\t\t\t\t\t\twidth='1420' height='240'\t\t\t\t\talt=\"https:\/\/files.sunoresearch.com.br\/n\/uploads\/2025\/09\/1420x240-Suno-One-png.webp\"\n\t\t\t\t>\n\t\t\t<\/picture>\n\t\t<\/a>\n\t<\/p>\n\n\n","protected":false},"excerpt":{"rendered":"<p>As a\u00e7\u00f5es da Companhia Brasileira de Distribui\u00e7\u00e3o (GPA), dona do Grupo&nbsp;P\u00e3o de A\u00e7\u00facar (PCAR3), disparam nesta ter\u00e7a-feira (4) no Ibovespa, com a not\u00edcia de que o bilion\u00e1rio colombiano Jaime Gilinsky, que lan\u00e7ou na semana passada uma oferta pelo \u00c9xito, est\u00e1 no Brasil para tentar convencer investidores do GPA a se alinharem com ele, de acordo [&hellip;]<\/p>\n","protected":false},"author":227,"featured_media":160206,"comment_status":"closed","ping_status":"closed","sticky":false,"template":"","format":"standard","meta":[],"categories":[64],"tags":[732,395,548,673,2609,675,105973,106935],"suno_strategy":[],"class_list":["post-425198","post","type-post","status-publish","format-standard","has-post-thumbnail","hentry","category-negocios","tag-banco-do-brasil-bbas3","tag-braskem-brkm3-brkm5-brkm6","tag-magazine-luiza-mglu3","tag-unipar-unip3-unip5-unip6","tag-usim5","tag-usiminas","tag-vamos-vamo3","tag-via-viia3"],"yoast_head":"<!-- This site is optimized with the Yoast SEO plugin v24.4 - https:\/\/yoast.com\/wordpress\/plugins\/seo\/ -->\n<title>Radar: GPA (PCAR3) sobe (muito) na Bolsa com not\u00edcia de bilion\u00e1rio, a\u00e7\u00f5es de Magazine Luiza (MGLU3) sofrem e Vamos (VAMO3) anuncia JCP milion\u00e1rio<\/title>\n<meta name=\"description\" content=\"GPA (PCAR3) sobe com not\u00edcia de bilion\u00e1rio, a\u00e7\u00f5es de Magazine Luiza (MGLU3) sofrem com infla\u00e7\u00e3o alta e Vamos (VAMO3) pagar\u00e1 JCP milion\u00e1rio\" \/>\n<meta name=\"robots\" content=\"index, follow, max-snippet:-1, max-image-preview:large, max-video-preview:-1\" \/>\n<link rel=\"canonical\" href=\"https:\/\/www.suno.com.br\/noticias\/radar-gpa-pcar3-magazine-luiza-mglu3-vamos-vamo3\/\" \/>\n<meta property=\"og:locale\" content=\"pt_BR\" \/>\n<meta property=\"og:type\" content=\"article\" \/>\n<meta property=\"og:title\" content=\"Radar: GPA (PCAR3) sobe (muito) na Bolsa com not\u00edcia de bilion\u00e1rio, a\u00e7\u00f5es de Magazine Luiza (MGLU3) sofrem e Vamos (VAMO3) anuncia JCP milion\u00e1rio\" \/>\n<meta property=\"og:description\" content=\"GPA (PCAR3) sobe com not\u00edcia de bilion\u00e1rio, a\u00e7\u00f5es de Magazine Luiza (MGLU3) sofrem com infla\u00e7\u00e3o alta e Vamos (VAMO3) pagar\u00e1 JCP milion\u00e1rio\" \/>\n<meta property=\"og:url\" content=\"https:\/\/www.suno.com.br\/noticias\/radar-gpa-pcar3-magazine-luiza-mglu3-vamos-vamo3\/\" \/>\n<meta property=\"og:site_name\" content=\"Suno Not\u00edcias\" \/>\n<meta property=\"article:publisher\" content=\"https:\/\/facebook.com\/sunoresearch\" \/>\n<meta property=\"og:image\" content=\"https:\/\/files.sunoresearch.com.br\/n\/uploads\/2021\/06\/b72fab5a-gpa.jpg\" \/>\n\t<meta property=\"og:image:width\" content=\"1228\" \/>\n\t<meta property=\"og:image:height\" content=\"856\" \/>\n\t<meta property=\"og:image:type\" content=\"image\/jpeg\" \/>\n<meta name=\"author\" content=\"Vanessa Loiola\" \/>\n<meta name=\"twitter:card\" content=\"summary_large_image\" \/>\n<meta name=\"twitter:creator\" content=\"@sunoresearch\" \/>\n<meta name=\"twitter:site\" content=\"@sunoresearch\" \/>\n<meta name=\"twitter:label1\" content=\"Escrito por\" \/>\n\t<meta name=\"twitter:data1\" content=\"Vanessa Loiola\" \/>\n\t<meta name=\"twitter:label2\" content=\"Est. tempo de leitura\" \/>\n\t<meta name=\"twitter:data2\" content=\"10 minutos\" \/>\n<script type=\"application\/ld+json\" class=\"yoast-schema-graph\">{\"@context\":\"https:\/\/schema.org\",\"@graph\":[{\"@type\":\"NewsArticle\",\"@id\":\"https:\/\/www.suno.com.br\/noticias\/radar-gpa-pcar3-magazine-luiza-mglu3-vamos-vamo3\/#article\",\"isPartOf\":{\"@id\":\"https:\/\/www.suno.com.br\/noticias\/radar-gpa-pcar3-magazine-luiza-mglu3-vamos-vamo3\/\"},\"author\":{\"name\":\"Vanessa Loiola\",\"@id\":\"https:\/\/www.suno.com.br\/noticias\/#\/schema\/person\/450c455ecff319bab1f1a0e643451479\"},\"headline\":\"Radar: GPA (PCAR3) sobe (muito) na Bolsa com not\u00edcia de bilion\u00e1rio, a\u00e7\u00f5es de Magazine Luiza (MGLU3) sofrem e Vamos (VAMO3) anuncia JCP milion\u00e1rio\",\"datePublished\":\"2023-07-05T00:55:01+00:00\",\"dateModified\":\"2023-07-05T00:55:15+00:00\",\"mainEntityOfPage\":{\"@id\":\"https:\/\/www.suno.com.br\/noticias\/radar-gpa-pcar3-magazine-luiza-mglu3-vamos-vamo3\/\"},\"wordCount\":2064,\"publisher\":{\"@id\":\"https:\/\/www.suno.com.br\/noticias\/#organization\"},\"image\":{\"@id\":\"https:\/\/www.suno.com.br\/noticias\/radar-gpa-pcar3-magazine-luiza-mglu3-vamos-vamo3\/#primaryimage\"},\"thumbnailUrl\":\"https:\/\/files.sunoresearch.com.br\/n\/uploads\/2021\/06\/b72fab5a-gpa-jpg.webp\",\"keywords\":[\"Banco do Brasil (BBAS3)\",\"Braskem (BRKM3\/BRKM5\/BRKM6)\",\"Magazine Luiza (MGLU3)\",\"Unipar (UNIP3\/UNIP5\/UNIP6)\",\"USIM5\",\"Usiminas\",\"Vamos (VAMO3)\",\"Via (VIIA3)\"],\"articleSection\":[\"Neg\u00f3cios\"],\"inLanguage\":\"pt-BR\"},{\"@type\":\"WebPage\",\"@id\":\"https:\/\/www.suno.com.br\/noticias\/radar-gpa-pcar3-magazine-luiza-mglu3-vamos-vamo3\/\",\"url\":\"https:\/\/www.suno.com.br\/noticias\/radar-gpa-pcar3-magazine-luiza-mglu3-vamos-vamo3\/\",\"name\":\"Radar: GPA (PCAR3) sobe (muito) na Bolsa com not\u00edcia de bilion\u00e1rio, a\u00e7\u00f5es de Magazine Luiza (MGLU3) sofrem e Vamos (VAMO3) anuncia JCP milion\u00e1rio\",\"isPartOf\":{\"@id\":\"https:\/\/www.suno.com.br\/noticias\/#website\"},\"primaryImageOfPage\":{\"@id\":\"https:\/\/www.suno.com.br\/noticias\/radar-gpa-pcar3-magazine-luiza-mglu3-vamos-vamo3\/#primaryimage\"},\"image\":{\"@id\":\"https:\/\/www.suno.com.br\/noticias\/radar-gpa-pcar3-magazine-luiza-mglu3-vamos-vamo3\/#primaryimage\"},\"thumbnailUrl\":\"https:\/\/files.sunoresearch.com.br\/n\/uploads\/2021\/06\/b72fab5a-gpa-jpg.webp\",\"datePublished\":\"2023-07-05T00:55:01+00:00\",\"dateModified\":\"2023-07-05T00:55:15+00:00\",\"description\":\"GPA (PCAR3) sobe com not\u00edcia de bilion\u00e1rio, a\u00e7\u00f5es de Magazine Luiza (MGLU3) sofrem com infla\u00e7\u00e3o alta e Vamos (VAMO3) pagar\u00e1 JCP milion\u00e1rio\",\"breadcrumb\":{\"@id\":\"https:\/\/www.suno.com.br\/noticias\/radar-gpa-pcar3-magazine-luiza-mglu3-vamos-vamo3\/#breadcrumb\"},\"inLanguage\":\"pt-BR\",\"potentialAction\":[{\"@type\":\"ReadAction\",\"target\":[\"https:\/\/www.suno.com.br\/noticias\/radar-gpa-pcar3-magazine-luiza-mglu3-vamos-vamo3\/\"]}]},{\"@type\":\"ImageObject\",\"inLanguage\":\"pt-BR\",\"@id\":\"https:\/\/www.suno.com.br\/noticias\/radar-gpa-pcar3-magazine-luiza-mglu3-vamos-vamo3\/#primaryimage\",\"url\":\"https:\/\/files.sunoresearch.com.br\/n\/uploads\/2021\/06\/b72fab5a-gpa-jpg.webp\",\"contentUrl\":\"https:\/\/files.sunoresearch.com.br\/n\/uploads\/2021\/06\/b72fab5a-gpa-jpg.webp\",\"width\":1228,\"height\":856,\"caption\":\"Grupo P\u00e3o de A\u00e7\u00facar (PCAR3). Foto: Divulga\u00e7\u00e3o.\"},{\"@type\":\"BreadcrumbList\",\"@id\":\"https:\/\/www.suno.com.br\/noticias\/radar-gpa-pcar3-magazine-luiza-mglu3-vamos-vamo3\/#breadcrumb\",\"itemListElement\":[{\"@type\":\"ListItem\",\"position\":1,\"name\":\"Not\u00edcias\",\"item\":\"https:\/\/www.suno.com.br\/noticias\/\"},{\"@type\":\"ListItem\",\"position\":2,\"name\":\"Neg\u00f3cios\",\"item\":\"https:\/\/www.suno.com.br\/noticias\/negocios\/\"},{\"@type\":\"ListItem\",\"position\":3,\"name\":\"Radar: GPA (PCAR3) sobe (muito) na Bolsa com not\u00edcia de bilion\u00e1rio, a\u00e7\u00f5es de Magazine Luiza (MGLU3) sofrem e Vamos (VAMO3) anuncia JCP milion\u00e1rio\"}]},{\"@type\":\"WebSite\",\"@id\":\"https:\/\/www.suno.com.br\/noticias\/#website\",\"url\":\"https:\/\/www.suno.com.br\/noticias\/\",\"name\":\"Suno Not\u00edcias\",\"description\":\"Seu portal de informa\u00e7\u00e3o sobre o mundo dos investimentos\",\"publisher\":{\"@id\":\"https:\/\/www.suno.com.br\/noticias\/#organization\"},\"potentialAction\":[{\"@type\":\"SearchAction\",\"target\":{\"@type\":\"EntryPoint\",\"urlTemplate\":\"https:\/\/www.suno.com.br\/noticias\/?s={search_term_string}\"},\"query-input\":{\"@type\":\"PropertyValueSpecification\",\"valueRequired\":true,\"valueName\":\"search_term_string\"}}],\"inLanguage\":\"pt-BR\"},{\"@type\":\"Organization\",\"@id\":\"https:\/\/www.suno.com.br\/noticias\/#organization\",\"name\":\"Suno Not\u00edcias\",\"url\":\"https:\/\/www.suno.com.br\/noticias\/\",\"logo\":{\"@type\":\"ImageObject\",\"inLanguage\":\"pt-BR\",\"@id\":\"https:\/\/www.suno.com.br\/noticias\/#\/schema\/logo\/image\/\",\"url\":\"https:\/\/files.sunoresearch.com.br\/n\/uploads\/2021\/09\/suno-logo.png\",\"contentUrl\":\"https:\/\/files.sunoresearch.com.br\/n\/uploads\/2021\/09\/suno-logo.png\",\"width\":180,\"height\":180,\"caption\":\"Suno Not\u00edcias\"},\"image\":{\"@id\":\"https:\/\/www.suno.com.br\/noticias\/#\/schema\/logo\/image\/\"},\"sameAs\":[\"https:\/\/facebook.com\/sunoresearch\",\"https:\/\/x.com\/sunoresearch\",\"https:\/\/www.instagram.com\/suno\",\"https:\/\/www.linkedin.com\/company\/suno-research\/\",\"https:\/\/www.youtube.com\/c\/sunoresearch\"]},{\"@type\":\"Person\",\"@id\":\"https:\/\/www.suno.com.br\/noticias\/#\/schema\/person\/450c455ecff319bab1f1a0e643451479\",\"name\":\"Vanessa Loiola\",\"image\":{\"@type\":\"ImageObject\",\"inLanguage\":\"pt-BR\",\"@id\":\"https:\/\/www.suno.com.br\/noticias\/#\/schema\/person\/image\/\",\"url\":\"https:\/\/secure.gravatar.com\/avatar\/8b41117f9780831919eb38da349c3f20?s=96&r=g\",\"contentUrl\":\"https:\/\/secure.gravatar.com\/avatar\/8b41117f9780831919eb38da349c3f20?s=96&r=g\",\"caption\":\"Vanessa Loiola\"},\"description\":\"Jornalista formada pela PUC-SP, com experi\u00eancia na cobertura das editorias de economia, finan\u00e7as, bolsa de valores, pol\u00edtica, energia solar e entretenimento. Com passagem pela BM&amp;C News e RedeTV!\",\"url\":\"https:\/\/www.suno.com.br\/noticias\/author\/vanessal-loiolagmail-com\/\"}]}<\/script>\n<!-- \/ Yoast SEO plugin. -->","yoast_head_json":{"title":"Radar: GPA (PCAR3) sobe (muito) na Bolsa com not\u00edcia de bilion\u00e1rio, a\u00e7\u00f5es de Magazine Luiza (MGLU3) sofrem e Vamos (VAMO3) anuncia JCP milion\u00e1rio","description":"GPA (PCAR3) sobe com not\u00edcia de bilion\u00e1rio, a\u00e7\u00f5es de Magazine Luiza (MGLU3) sofrem com infla\u00e7\u00e3o alta e Vamos (VAMO3) pagar\u00e1 JCP milion\u00e1rio","robots":{"index":"index","follow":"follow","max-snippet":"max-snippet:-1","max-image-preview":"max-image-preview:large","max-video-preview":"max-video-preview:-1"},"canonical":"https:\/\/www.suno.com.br\/noticias\/radar-gpa-pcar3-magazine-luiza-mglu3-vamos-vamo3\/","og_locale":"pt_BR","og_type":"article","og_title":"Radar: GPA (PCAR3) sobe (muito) na Bolsa com not\u00edcia de bilion\u00e1rio, a\u00e7\u00f5es de Magazine Luiza (MGLU3) sofrem e Vamos (VAMO3) anuncia JCP milion\u00e1rio","og_description":"GPA (PCAR3) sobe com not\u00edcia de bilion\u00e1rio, a\u00e7\u00f5es de Magazine Luiza (MGLU3) sofrem com infla\u00e7\u00e3o alta e Vamos (VAMO3) pagar\u00e1 JCP milion\u00e1rio","og_url":"https:\/\/www.suno.com.br\/noticias\/radar-gpa-pcar3-magazine-luiza-mglu3-vamos-vamo3\/","og_site_name":"Suno Not\u00edcias","article_publisher":"https:\/\/facebook.com\/sunoresearch","og_image":[{"width":1228,"height":856,"url":"https:\/\/files.sunoresearch.com.br\/n\/uploads\/2021\/06\/b72fab5a-gpa.jpg","type":"image\/jpeg"}],"author":"Vanessa Loiola","twitter_card":"summary_large_image","twitter_creator":"@sunoresearch","twitter_site":"@sunoresearch","twitter_misc":{"Escrito por":"Vanessa Loiola","Est. tempo de leitura":"10 minutos"},"schema":{"@context":"https:\/\/schema.org","@graph":[{"@type":"NewsArticle","@id":"https:\/\/www.suno.com.br\/noticias\/radar-gpa-pcar3-magazine-luiza-mglu3-vamos-vamo3\/#article","isPartOf":{"@id":"https:\/\/www.suno.com.br\/noticias\/radar-gpa-pcar3-magazine-luiza-mglu3-vamos-vamo3\/"},"author":{"name":"Vanessa Loiola","@id":"https:\/\/www.suno.com.br\/noticias\/#\/schema\/person\/450c455ecff319bab1f1a0e643451479"},"headline":"Radar: GPA (PCAR3) sobe (muito) na Bolsa com not\u00edcia de bilion\u00e1rio, a\u00e7\u00f5es de Magazine Luiza (MGLU3) sofrem e Vamos (VAMO3) anuncia JCP milion\u00e1rio","datePublished":"2023-07-05T00:55:01+00:00","dateModified":"2023-07-05T00:55:15+00:00","mainEntityOfPage":{"@id":"https:\/\/www.suno.com.br\/noticias\/radar-gpa-pcar3-magazine-luiza-mglu3-vamos-vamo3\/"},"wordCount":2064,"publisher":{"@id":"https:\/\/www.suno.com.br\/noticias\/#organization"},"image":{"@id":"https:\/\/www.suno.com.br\/noticias\/radar-gpa-pcar3-magazine-luiza-mglu3-vamos-vamo3\/#primaryimage"},"thumbnailUrl":"https:\/\/files.sunoresearch.com.br\/n\/uploads\/2021\/06\/b72fab5a-gpa-jpg.webp","keywords":["Banco do Brasil (BBAS3)","Braskem (BRKM3\/BRKM5\/BRKM6)","Magazine Luiza (MGLU3)","Unipar (UNIP3\/UNIP5\/UNIP6)","USIM5","Usiminas","Vamos (VAMO3)","Via (VIIA3)"],"articleSection":["Neg\u00f3cios"],"inLanguage":"pt-BR"},{"@type":"WebPage","@id":"https:\/\/www.suno.com.br\/noticias\/radar-gpa-pcar3-magazine-luiza-mglu3-vamos-vamo3\/","url":"https:\/\/www.suno.com.br\/noticias\/radar-gpa-pcar3-magazine-luiza-mglu3-vamos-vamo3\/","name":"Radar: GPA (PCAR3) sobe (muito) na Bolsa com not\u00edcia de bilion\u00e1rio, a\u00e7\u00f5es de Magazine Luiza (MGLU3) sofrem e Vamos (VAMO3) anuncia JCP milion\u00e1rio","isPartOf":{"@id":"https:\/\/www.suno.com.br\/noticias\/#website"},"primaryImageOfPage":{"@id":"https:\/\/www.suno.com.br\/noticias\/radar-gpa-pcar3-magazine-luiza-mglu3-vamos-vamo3\/#primaryimage"},"image":{"@id":"https:\/\/www.suno.com.br\/noticias\/radar-gpa-pcar3-magazine-luiza-mglu3-vamos-vamo3\/#primaryimage"},"thumbnailUrl":"https:\/\/files.sunoresearch.com.br\/n\/uploads\/2021\/06\/b72fab5a-gpa-jpg.webp","datePublished":"2023-07-05T00:55:01+00:00","dateModified":"2023-07-05T00:55:15+00:00","description":"GPA (PCAR3) sobe com not\u00edcia de bilion\u00e1rio, a\u00e7\u00f5es de Magazine Luiza (MGLU3) sofrem com infla\u00e7\u00e3o alta e Vamos (VAMO3) pagar\u00e1 JCP milion\u00e1rio","breadcrumb":{"@id":"https:\/\/www.suno.com.br\/noticias\/radar-gpa-pcar3-magazine-luiza-mglu3-vamos-vamo3\/#breadcrumb"},"inLanguage":"pt-BR","potentialAction":[{"@type":"ReadAction","target":["https:\/\/www.suno.com.br\/noticias\/radar-gpa-pcar3-magazine-luiza-mglu3-vamos-vamo3\/"]}]},{"@type":"ImageObject","inLanguage":"pt-BR","@id":"https:\/\/www.suno.com.br\/noticias\/radar-gpa-pcar3-magazine-luiza-mglu3-vamos-vamo3\/#primaryimage","url":"https:\/\/files.sunoresearch.com.br\/n\/uploads\/2021\/06\/b72fab5a-gpa-jpg.webp","contentUrl":"https:\/\/files.sunoresearch.com.br\/n\/uploads\/2021\/06\/b72fab5a-gpa-jpg.webp","width":1228,"height":856,"caption":"Grupo P\u00e3o de A\u00e7\u00facar (PCAR3). Foto: Divulga\u00e7\u00e3o."},{"@type":"BreadcrumbList","@id":"https:\/\/www.suno.com.br\/noticias\/radar-gpa-pcar3-magazine-luiza-mglu3-vamos-vamo3\/#breadcrumb","itemListElement":[{"@type":"ListItem","position":1,"name":"Not\u00edcias","item":"https:\/\/www.suno.com.br\/noticias\/"},{"@type":"ListItem","position":2,"name":"Neg\u00f3cios","item":"https:\/\/www.suno.com.br\/noticias\/negocios\/"},{"@type":"ListItem","position":3,"name":"Radar: GPA (PCAR3) sobe (muito) na Bolsa com not\u00edcia de bilion\u00e1rio, a\u00e7\u00f5es de Magazine Luiza (MGLU3) sofrem e Vamos (VAMO3) anuncia JCP milion\u00e1rio"}]},{"@type":"WebSite","@id":"https:\/\/www.suno.com.br\/noticias\/#website","url":"https:\/\/www.suno.com.br\/noticias\/","name":"Suno Not\u00edcias","description":"Seu portal de informa\u00e7\u00e3o sobre o mundo dos investimentos","publisher":{"@id":"https:\/\/www.suno.com.br\/noticias\/#organization"},"potentialAction":[{"@type":"SearchAction","target":{"@type":"EntryPoint","urlTemplate":"https:\/\/www.suno.com.br\/noticias\/?s={search_term_string}"},"query-input":{"@type":"PropertyValueSpecification","valueRequired":true,"valueName":"search_term_string"}}],"inLanguage":"pt-BR"},{"@type":"Organization","@id":"https:\/\/www.suno.com.br\/noticias\/#organization","name":"Suno Not\u00edcias","url":"https:\/\/www.suno.com.br\/noticias\/","logo":{"@type":"ImageObject","inLanguage":"pt-BR","@id":"https:\/\/www.suno.com.br\/noticias\/#\/schema\/logo\/image\/","url":"https:\/\/files.sunoresearch.com.br\/n\/uploads\/2021\/09\/suno-logo.png","contentUrl":"https:\/\/files.sunoresearch.com.br\/n\/uploads\/2021\/09\/suno-logo.png","width":180,"height":180,"caption":"Suno Not\u00edcias"},"image":{"@id":"https:\/\/www.suno.com.br\/noticias\/#\/schema\/logo\/image\/"},"sameAs":["https:\/\/facebook.com\/sunoresearch","https:\/\/x.com\/sunoresearch","https:\/\/www.instagram.com\/suno","https:\/\/www.linkedin.com\/company\/suno-research\/","https:\/\/www.youtube.com\/c\/sunoresearch"]},{"@type":"Person","@id":"https:\/\/www.suno.com.br\/noticias\/#\/schema\/person\/450c455ecff319bab1f1a0e643451479","name":"Vanessa Loiola","image":{"@type":"ImageObject","inLanguage":"pt-BR","@id":"https:\/\/www.suno.com.br\/noticias\/#\/schema\/person\/image\/","url":"https:\/\/secure.gravatar.com\/avatar\/8b41117f9780831919eb38da349c3f20?s=96&r=g","contentUrl":"https:\/\/secure.gravatar.com\/avatar\/8b41117f9780831919eb38da349c3f20?s=96&r=g","caption":"Vanessa Loiola"},"description":"Jornalista formada pela PUC-SP, com experi\u00eancia na cobertura das editorias de economia, finan\u00e7as, bolsa de valores, pol\u00edtica, energia solar e entretenimento. Com passagem pela BM&amp;C News e RedeTV!","url":"https:\/\/www.suno.com.br\/noticias\/author\/vanessal-loiolagmail-com\/"}]}},"default_loop_html":"<div class=\"cardsPage__listCard__boxs\"><div class=\"cardsPage__listCard__boxs__img\"><a href=\"https:\/\/www.suno.com.br\/noticias\/radar-gpa-pcar3-magazine-luiza-mglu3-vamos-vamo3\/\"><img class=\"mask\" src=\"https:\/\/www.suno.com.br\/noticias\/wp-content\/themes\/suno\/resources\/images\/spotlight\/spotlight1img\/bg-mask.png\" alt=\"Image Mask\"\/><img src=\"https:\/\/files.sunoresearch.com.br\/n\/uploads\/2021\/06\/b72fab5a-gpa-400x200.webp\" alt=\"Radar: GPA (PCAR3) sobe (muito) na Bolsa com not\u00edcia de bilion\u00e1rio, a\u00e7\u00f5es de Magazine Luiza (MGLU3) sofrem e Vamos (VAMO3) anuncia JCP milion\u00e1rio\"\/><\/a><span class=\"spotlightCategory\"><a href=\"https:\/\/www.suno.com.br\/noticias\/negocios\/\">Neg\u00f3cios<\/a><\/span><\/div><div class=\"cardsPage__listCard__boxs__content\"><a href=\"https:\/\/www.suno.com.br\/noticias\/radar-gpa-pcar3-magazine-luiza-mglu3-vamos-vamo3\/\"><h2 class=\"content__title\">Radar: GPA (PCAR3) sobe (muito) na Bolsa com not\u00edcia de bilion\u00e1rio, a\u00e7\u00f5es de Magazine Luiza (MGLU3) sofrem e Vamos (VAMO3) anuncia JCP milion\u00e1rio<\/h2><\/a><div class=\"newsContent__article__meta\"><div class=\"newsContent__article__meta__authorBox\"><a href=\"https:\/\/www.suno.com.br\/noticias\/author\/vanessal-loiolagmail-com\/\" class=\"authorBox__avatar noMobi\"><img src=\"https:\/\/secure.gravatar.com\/avatar\/8b41117f9780831919eb38da349c3f20?s=96&#038;r=g\" alt=\"Vanessa Loiola\"><\/a><div class=\"authorBox__name\"><span>por\n\t\t\t<a href=\"https:\/\/www.suno.com.br\/noticias\/author\/vanessal-loiolagmail-com\/\"><span itemprop=\"author\">Vanessa Loiola<\/span><\/a><\/span><time datetime=\"2023-07-04T21:55:01-03:00\" itemprop=\"datePublished\">04\/07\/2023 21:55<\/time><\/div><\/div><\/div><\/div><\/div>","single_layout":"posts","amp_enabled":true,"_links":{"self":[{"href":"https:\/\/www.suno.com.br\/noticias\/wp-json\/wp\/v2\/posts\/425198"}],"collection":[{"href":"https:\/\/www.suno.com.br\/noticias\/wp-json\/wp\/v2\/posts"}],"about":[{"href":"https:\/\/www.suno.com.br\/noticias\/wp-json\/wp\/v2\/types\/post"}],"author":[{"embeddable":true,"href":"https:\/\/www.suno.com.br\/noticias\/wp-json\/wp\/v2\/users\/227"}],"replies":[{"embeddable":true,"href":"https:\/\/www.suno.com.br\/noticias\/wp-json\/wp\/v2\/comments?post=425198"}],"version-history":[{"count":2,"href":"https:\/\/www.suno.com.br\/noticias\/wp-json\/wp\/v2\/posts\/425198\/revisions"}],"predecessor-version":[{"id":425234,"href":"https:\/\/www.suno.com.br\/noticias\/wp-json\/wp\/v2\/posts\/425198\/revisions\/425234"}],"wp:featuredmedia":[{"embeddable":true,"href":"https:\/\/www.suno.com.br\/noticias\/wp-json\/wp\/v2\/media\/160206"}],"wp:attachment":[{"href":"https:\/\/www.suno.com.br\/noticias\/wp-json\/wp\/v2\/media?parent=425198"}],"wp:term":[{"taxonomy":"category","embeddable":true,"href":"https:\/\/www.suno.com.br\/noticias\/wp-json\/wp\/v2\/categories?post=425198"},{"taxonomy":"post_tag","embeddable":true,"href":"https:\/\/www.suno.com.br\/noticias\/wp-json\/wp\/v2\/tags?post=425198"},{"taxonomy":"suno_strategy","embeddable":true,"href":"https:\/\/www.suno.com.br\/noticias\/wp-json\/wp\/v2\/suno_strategy?post=425198"}],"curies":[{"name":"wp","href":"https:\/\/api.w.org\/{rel}","templated":true}]}}