{"id":4251,"date":"2018-09-21T17:49:31","date_gmt":"2018-09-21T20:49:31","guid":{"rendered":"https:\/\/www.suno.com.br\/noticias\/?p=4251"},"modified":"2021-02-18T15:25:45","modified_gmt":"2021-02-18T18:25:45","slug":"ibovespa-alta-dolar-baixa","status":"publish","type":"post","link":"https:\/\/www.suno.com.br\/noticias\/ibovespa-alta-dolar-baixa\/","title":{"rendered":"Ibovespa fecha dia com valoriza\u00e7\u00e3o de 1,6% e tem a melhor semana desde janeiro"},"content":{"rendered":"<p>O Ibovespa fechou a semana em alta, com os investidores refletindo a \u00faltima pesquisa eleitoral publicada pela XP\/Ipespe, na qual Jair Bolsonaro (PSL) continua na lideran\u00e7a, seguido por Fernando Haddad (PT) que sobe a cada semana. A somat\u00f3ria semanal do \u00edndice do Ibovespa teve o melhor rendimento desde janeiro.<\/p>\t<div class=\"wrapper-featured-image\">\n\t\t<figure class=\"spotlightImg\">\n\n\t\t\t<picture>\n\t\t\t\t<source media=\"(max-width: 768px)\" srcset=\"https:\/\/files.sunoresearch.com.br\/n\/uploads\/2018\/09\/fa20779a-ibovespa-dolar-400x200.webp\">\n\t\t\t\t<img loading=\"lazy\" decoding=\"async\" class=\"newsContent__article__imgCapa lazyloadDisabled newsContent__article__imgCapa--noCaption\" src=\"https:\/\/files.sunoresearch.com.br\/n\/uploads\/2018\/09\/fa20779a-ibovespa-dolar-800x450.webp\" width=\"800\" height=\"450\" alt=\"Ibovespa fecha dia com valoriza\u00e7\u00e3o de 1,6% e tem a melhor semana desde janeiro\" fetchpriority=high \/>\n\t\t\t<\/picture>\n\n\t\t\t<figcaption class=\"wp-caption-text wp-caption-text--hide\">infla\u00e7\u00e3o na Am\u00e9rica Latina deve bater as metas apenas em 2024<\/figcaption>\n\t\t<\/figure>\n\t<\/div>\n\n\n<p>O \u00edndice fechou o dia de hoje com valoriza\u00e7\u00e3o de 1,6%, a 79.314 pontos, acumulado um total de 5,15% de ganhos semanais. O d\u00f3lar comercial, por sua vez, caiu 0,59% cotado a R$ 4,0477 na venda. A desvaloriza\u00e7\u00e3o da moeda americana para o Real na semana foi de 2,9%.<\/p>\n<p>Faltando 16 dias para o primeiro turno das elei\u00e7\u00f5es a pesquisa da XP\/Ipespe mostra Bolsonaro aparecendo com 28% das inten\u00e7\u00f5es de voto. Em segundo lugar, Fernando Haddad (PT) tem 16% &#8211; no caso de ser citado como &#8220;apoiado por Lula&#8221;, ganha um ponto percentual. Ciro Gomes (PDT) aparece com 11% das inten\u00e7\u00f5es, contra 7% de Geraldo Alckmin (PSDB) e 6% de Marina Silva (Rede), empatada com os que &#8220;n\u00e3o sabem&#8221;.<\/p>\n<p>Jo\u00e3o Amo\u00eado (Novo) e \u00c1lvaro Dias (Podemos) t\u00eam 3% das inten\u00e7\u00f5es de voto cada, e Henrique Meirelles (MDB) aparece com 2%. Cabo Daciolo (Patriotas) tem 1%, e os demais n\u00e3o pontuaram.<\/p>\n<p>No cen\u00e1rio de voto espont\u00e2neo, Lula ainda aparece com 7% das inten\u00e7\u00f5es de voto, apesar de oficialmente n\u00e3o poder mais concorrer \u00e0 presid\u00eancia.<\/p>\n<p>O Petr\u00f3leo conseguiu segurar os ganhos e o patamar de \u00a0U$ 70 pelo terceiro dia consecutivo. Entretanto a sess\u00e3o continuou vol\u00e1til, como ontem, ap\u00f3s Donald Trump pedir que a OPEP diminua o pre\u00e7o da commodity.<\/p>\n<p>Enquanto isso na Europa as bolsas fecharam em alta ap\u00f3s alta desvaloriza\u00e7\u00e3o da libra. A moeda brit\u00e2nica est\u00e1 vol\u00e1til nos \u00faltimos dias a espera de um desfecho no div\u00f3rcio entre Reino Unido e Uni\u00e3o Europeia. Entretanto, o baixo valor da moeda faz com que as empresas de exporta\u00e7\u00e3o brit\u00e2nica tenha bons ganhos e consequentemente trazendo ganhos para a Bolsa de Londres<\/p>\n","protected":false},"excerpt":{"rendered":"<p>O Ibovespa fechou a semana em alta, com os investidores refletindo a \u00faltima pesquisa eleitoral publicada pela XP\/Ipespe, na qual Jair Bolsonaro (PSL) continua na lideran\u00e7a, seguido por Fernando Haddad (PT) que sobe a cada semana. A somat\u00f3ria semanal do \u00edndice do Ibovespa teve o melhor rendimento desde janeiro. infla\u00e7\u00e3o na Am\u00e9rica Latina deve bater [&hellip;]<\/p>\n","protected":false},"author":6,"featured_media":3757,"comment_status":"closed","ping_status":"closed","sticky":false,"template":"","format":"standard","meta":[],"categories":[65],"tags":[309],"suno_strategy":[],"class_list":["post-4251","post","type-post","status-publish","format-standard","has-post-thumbnail","hentry","category-financas-pessoais","tag-bolsa-de-valores"],"yoast_head":"<!-- This site is optimized with the Yoast SEO plugin v24.4 - https:\/\/yoast.com\/wordpress\/plugins\/seo\/ -->\n<title>Ibovespa fecha dia com valoriza\u00e7\u00e3o de 1,6% e tem a melhor semana desde janeiro<\/title>\n<meta name=\"robots\" content=\"index, follow, max-snippet:-1, max-image-preview:large, max-video-preview:-1\" \/>\n<link rel=\"canonical\" href=\"https:\/\/www.suno.com.br\/noticias\/ibovespa-alta-dolar-baixa\/\" \/>\n<meta property=\"og:locale\" content=\"pt_BR\" \/>\n<meta property=\"og:type\" content=\"article\" \/>\n<meta property=\"og:title\" content=\"Ibovespa fecha dia com valoriza\u00e7\u00e3o de 1,6% e tem a melhor semana desde janeiro\" \/>\n<meta property=\"og:description\" content=\"O Ibovespa fechou a semana em alta, com os investidores refletindo a \u00faltima pesquisa eleitoral publicada pela XP\/Ipespe, na qual Jair Bolsonaro (PSL) continua na lideran\u00e7a, seguido por Fernando Haddad (PT) que sobe a cada semana. A somat\u00f3ria semanal do \u00edndice do Ibovespa teve o melhor rendimento desde janeiro. infla\u00e7\u00e3o na Am\u00e9rica Latina deve bater [&hellip;]\" \/>\n<meta property=\"og:url\" content=\"https:\/\/www.suno.com.br\/noticias\/ibovespa-alta-dolar-baixa\/\" \/>\n<meta property=\"og:site_name\" content=\"Suno Not\u00edcias\" \/>\n<meta property=\"article:publisher\" content=\"https:\/\/facebook.com\/sunoresearch\" \/>\n<meta property=\"article:author\" content=\"https:\/\/www.linkedin.com\/in\/paulo-jaschke-328221168\/\" \/>\n<meta property=\"og:image\" content=\"https:\/\/files.sunoresearch.com.br\/n\/uploads\/2018\/09\/fa20779a-ibovespa-dolar.jpg\" \/>\n\t<meta property=\"og:image:width\" content=\"1920\" \/>\n\t<meta property=\"og:image:height\" content=\"1280\" \/>\n\t<meta property=\"og:image:type\" content=\"image\/jpeg\" \/>\n<meta name=\"author\" content=\"Paulo Jaschke\" \/>\n<meta name=\"twitter:card\" content=\"summary_large_image\" \/>\n<meta name=\"twitter:creator\" content=\"@sunoresearch\" \/>\n<meta name=\"twitter:site\" content=\"@sunoresearch\" \/>\n<meta name=\"twitter:label1\" content=\"Escrito por\" \/>\n\t<meta name=\"twitter:data1\" content=\"Paulo Jaschke\" \/>\n\t<meta name=\"twitter:label2\" content=\"Est. tempo de leitura\" \/>\n\t<meta name=\"twitter:data2\" content=\"2 minutos\" \/>\n<script type=\"application\/ld+json\" class=\"yoast-schema-graph\">{\"@context\":\"https:\/\/schema.org\",\"@graph\":[{\"@type\":\"NewsArticle\",\"@id\":\"https:\/\/www.suno.com.br\/noticias\/ibovespa-alta-dolar-baixa\/#article\",\"isPartOf\":{\"@id\":\"https:\/\/www.suno.com.br\/noticias\/ibovespa-alta-dolar-baixa\/\"},\"author\":{\"name\":\"Paulo Jaschke\",\"@id\":\"https:\/\/www.suno.com.br\/noticias\/#\/schema\/person\/edc78e26bff487bcad4a7d5e75ca2938\"},\"headline\":\"Ibovespa fecha dia com valoriza\u00e7\u00e3o de 1,6% e tem a melhor semana desde janeiro\",\"datePublished\":\"2018-09-21T20:49:31+00:00\",\"dateModified\":\"2021-02-18T18:25:45+00:00\",\"mainEntityOfPage\":{\"@id\":\"https:\/\/www.suno.com.br\/noticias\/ibovespa-alta-dolar-baixa\/\"},\"wordCount\":348,\"publisher\":{\"@id\":\"https:\/\/www.suno.com.br\/noticias\/#organization\"},\"image\":{\"@id\":\"https:\/\/www.suno.com.br\/noticias\/ibovespa-alta-dolar-baixa\/#primaryimage\"},\"thumbnailUrl\":\"https:\/\/files.sunoresearch.com.br\/n\/uploads\/2018\/09\/fa20779a-ibovespa-dolar-jpg.webp\",\"keywords\":[\"Bolsa de Valores\"],\"articleSection\":[\"Finan\u00e7as Pessoais\"],\"inLanguage\":\"pt-BR\"},{\"@type\":\"WebPage\",\"@id\":\"https:\/\/www.suno.com.br\/noticias\/ibovespa-alta-dolar-baixa\/\",\"url\":\"https:\/\/www.suno.com.br\/noticias\/ibovespa-alta-dolar-baixa\/\",\"name\":\"Ibovespa fecha dia com valoriza\u00e7\u00e3o de 1,6% e tem a melhor semana desde janeiro\",\"isPartOf\":{\"@id\":\"https:\/\/www.suno.com.br\/noticias\/#website\"},\"primaryImageOfPage\":{\"@id\":\"https:\/\/www.suno.com.br\/noticias\/ibovespa-alta-dolar-baixa\/#primaryimage\"},\"image\":{\"@id\":\"https:\/\/www.suno.com.br\/noticias\/ibovespa-alta-dolar-baixa\/#primaryimage\"},\"thumbnailUrl\":\"https:\/\/files.sunoresearch.com.br\/n\/uploads\/2018\/09\/fa20779a-ibovespa-dolar-jpg.webp\",\"datePublished\":\"2018-09-21T20:49:31+00:00\",\"dateModified\":\"2021-02-18T18:25:45+00:00\",\"breadcrumb\":{\"@id\":\"https:\/\/www.suno.com.br\/noticias\/ibovespa-alta-dolar-baixa\/#breadcrumb\"},\"inLanguage\":\"pt-BR\",\"potentialAction\":[{\"@type\":\"ReadAction\",\"target\":[\"https:\/\/www.suno.com.br\/noticias\/ibovespa-alta-dolar-baixa\/\"]}]},{\"@type\":\"ImageObject\",\"inLanguage\":\"pt-BR\",\"@id\":\"https:\/\/www.suno.com.br\/noticias\/ibovespa-alta-dolar-baixa\/#primaryimage\",\"url\":\"https:\/\/files.sunoresearch.com.br\/n\/uploads\/2018\/09\/fa20779a-ibovespa-dolar-jpg.webp\",\"contentUrl\":\"https:\/\/files.sunoresearch.com.br\/n\/uploads\/2018\/09\/fa20779a-ibovespa-dolar-jpg.webp\",\"width\":1920,\"height\":1280,\"caption\":\"infla\u00e7\u00e3o na Am\u00e9rica Latina deve bater as metas apenas em 2024\"},{\"@type\":\"BreadcrumbList\",\"@id\":\"https:\/\/www.suno.com.br\/noticias\/ibovespa-alta-dolar-baixa\/#breadcrumb\",\"itemListElement\":[{\"@type\":\"ListItem\",\"position\":1,\"name\":\"Not\u00edcias\",\"item\":\"https:\/\/www.suno.com.br\/noticias\/\"},{\"@type\":\"ListItem\",\"position\":2,\"name\":\"Finan\u00e7as Pessoais\",\"item\":\"https:\/\/www.suno.com.br\/noticias\/financas-pessoais\/\"},{\"@type\":\"ListItem\",\"position\":3,\"name\":\"Ibovespa fecha dia com valoriza\u00e7\u00e3o de 1,6% e tem a melhor semana desde janeiro\"}]},{\"@type\":\"WebSite\",\"@id\":\"https:\/\/www.suno.com.br\/noticias\/#website\",\"url\":\"https:\/\/www.suno.com.br\/noticias\/\",\"name\":\"Suno Not\u00edcias\",\"description\":\"Seu portal de informa\u00e7\u00e3o sobre o mundo dos investimentos\",\"publisher\":{\"@id\":\"https:\/\/www.suno.com.br\/noticias\/#organization\"},\"potentialAction\":[{\"@type\":\"SearchAction\",\"target\":{\"@type\":\"EntryPoint\",\"urlTemplate\":\"https:\/\/www.suno.com.br\/noticias\/?s={search_term_string}\"},\"query-input\":{\"@type\":\"PropertyValueSpecification\",\"valueRequired\":true,\"valueName\":\"search_term_string\"}}],\"inLanguage\":\"pt-BR\"},{\"@type\":\"Organization\",\"@id\":\"https:\/\/www.suno.com.br\/noticias\/#organization\",\"name\":\"Suno Not\u00edcias\",\"url\":\"https:\/\/www.suno.com.br\/noticias\/\",\"logo\":{\"@type\":\"ImageObject\",\"inLanguage\":\"pt-BR\",\"@id\":\"https:\/\/www.suno.com.br\/noticias\/#\/schema\/logo\/image\/\",\"url\":\"https:\/\/files.sunoresearch.com.br\/n\/uploads\/2021\/09\/suno-logo.png\",\"contentUrl\":\"https:\/\/files.sunoresearch.com.br\/n\/uploads\/2021\/09\/suno-logo.png\",\"width\":180,\"height\":180,\"caption\":\"Suno Not\u00edcias\"},\"image\":{\"@id\":\"https:\/\/www.suno.com.br\/noticias\/#\/schema\/logo\/image\/\"},\"sameAs\":[\"https:\/\/facebook.com\/sunoresearch\",\"https:\/\/x.com\/sunoresearch\",\"https:\/\/www.instagram.com\/suno\",\"https:\/\/www.linkedin.com\/company\/suno-research\/\",\"https:\/\/www.youtube.com\/c\/sunoresearch\"]},{\"@type\":\"Person\",\"@id\":\"https:\/\/www.suno.com.br\/noticias\/#\/schema\/person\/edc78e26bff487bcad4a7d5e75ca2938\",\"name\":\"Paulo Jaschke\",\"image\":{\"@type\":\"ImageObject\",\"inLanguage\":\"pt-BR\",\"@id\":\"https:\/\/www.suno.com.br\/noticias\/#\/schema\/person\/image\/\",\"url\":\"https:\/\/secure.gravatar.com\/avatar\/d866ede420b0a0e4741620ba27841b8f?s=96&r=g\",\"contentUrl\":\"https:\/\/secure.gravatar.com\/avatar\/d866ede420b0a0e4741620ba27841b8f?s=96&r=g\",\"caption\":\"Paulo Jaschke\"},\"description\":\"Paulo Jaschke \u00e9 estudante de jornalismo na ESPM-SP. Escreve sobre o mercado financeiro, economia e pol\u00edtica internacional para o portal da Suno Research. Tamb\u00e9m escreve sobre economia internacional na ag\u00eancia CMA e \u00e9 rep\u00f3rter esportivo pela Web r\u00e1dio EsportesNet. Em 2018, foi rep\u00f3rter esportivo pela R\u00e1dio ESPM na Copa do Mundo 2018 e escreveu para a Revista Plural ESPM.\",\"sameAs\":[\"https:\/\/www.suno.com.br\/\",\"https:\/\/www.linkedin.com\/in\/paulo-jaschke-328221168\/\"],\"url\":\"https:\/\/www.suno.com.br\/noticias\/author\/paulo-jaschke\/\"}]}<\/script>\n<!-- \/ Yoast SEO plugin. -->","yoast_head_json":{"title":"Ibovespa fecha dia com valoriza\u00e7\u00e3o de 1,6% e tem a melhor semana desde janeiro","robots":{"index":"index","follow":"follow","max-snippet":"max-snippet:-1","max-image-preview":"max-image-preview:large","max-video-preview":"max-video-preview:-1"},"canonical":"https:\/\/www.suno.com.br\/noticias\/ibovespa-alta-dolar-baixa\/","og_locale":"pt_BR","og_type":"article","og_title":"Ibovespa fecha dia com valoriza\u00e7\u00e3o de 1,6% e tem a melhor semana desde janeiro","og_description":"O Ibovespa fechou a semana em alta, com os investidores refletindo a \u00faltima pesquisa eleitoral publicada pela XP\/Ipespe, na qual Jair Bolsonaro (PSL) continua na lideran\u00e7a, seguido por Fernando Haddad (PT) que sobe a cada semana. A somat\u00f3ria semanal do \u00edndice do Ibovespa teve o melhor rendimento desde janeiro. infla\u00e7\u00e3o na Am\u00e9rica Latina deve bater [&hellip;]","og_url":"https:\/\/www.suno.com.br\/noticias\/ibovespa-alta-dolar-baixa\/","og_site_name":"Suno Not\u00edcias","article_publisher":"https:\/\/facebook.com\/sunoresearch","article_author":"https:\/\/www.linkedin.com\/in\/paulo-jaschke-328221168\/","og_image":[{"width":1920,"height":1280,"url":"https:\/\/files.sunoresearch.com.br\/n\/uploads\/2018\/09\/fa20779a-ibovespa-dolar.jpg","type":"image\/jpeg"}],"author":"Paulo Jaschke","twitter_card":"summary_large_image","twitter_creator":"@sunoresearch","twitter_site":"@sunoresearch","twitter_misc":{"Escrito por":"Paulo Jaschke","Est. tempo de leitura":"2 minutos"},"schema":{"@context":"https:\/\/schema.org","@graph":[{"@type":"NewsArticle","@id":"https:\/\/www.suno.com.br\/noticias\/ibovespa-alta-dolar-baixa\/#article","isPartOf":{"@id":"https:\/\/www.suno.com.br\/noticias\/ibovespa-alta-dolar-baixa\/"},"author":{"name":"Paulo Jaschke","@id":"https:\/\/www.suno.com.br\/noticias\/#\/schema\/person\/edc78e26bff487bcad4a7d5e75ca2938"},"headline":"Ibovespa fecha dia com valoriza\u00e7\u00e3o de 1,6% e tem a melhor semana desde janeiro","datePublished":"2018-09-21T20:49:31+00:00","dateModified":"2021-02-18T18:25:45+00:00","mainEntityOfPage":{"@id":"https:\/\/www.suno.com.br\/noticias\/ibovespa-alta-dolar-baixa\/"},"wordCount":348,"publisher":{"@id":"https:\/\/www.suno.com.br\/noticias\/#organization"},"image":{"@id":"https:\/\/www.suno.com.br\/noticias\/ibovespa-alta-dolar-baixa\/#primaryimage"},"thumbnailUrl":"https:\/\/files.sunoresearch.com.br\/n\/uploads\/2018\/09\/fa20779a-ibovespa-dolar-jpg.webp","keywords":["Bolsa de Valores"],"articleSection":["Finan\u00e7as Pessoais"],"inLanguage":"pt-BR"},{"@type":"WebPage","@id":"https:\/\/www.suno.com.br\/noticias\/ibovespa-alta-dolar-baixa\/","url":"https:\/\/www.suno.com.br\/noticias\/ibovespa-alta-dolar-baixa\/","name":"Ibovespa fecha dia com valoriza\u00e7\u00e3o de 1,6% e tem a melhor semana desde janeiro","isPartOf":{"@id":"https:\/\/www.suno.com.br\/noticias\/#website"},"primaryImageOfPage":{"@id":"https:\/\/www.suno.com.br\/noticias\/ibovespa-alta-dolar-baixa\/#primaryimage"},"image":{"@id":"https:\/\/www.suno.com.br\/noticias\/ibovespa-alta-dolar-baixa\/#primaryimage"},"thumbnailUrl":"https:\/\/files.sunoresearch.com.br\/n\/uploads\/2018\/09\/fa20779a-ibovespa-dolar-jpg.webp","datePublished":"2018-09-21T20:49:31+00:00","dateModified":"2021-02-18T18:25:45+00:00","breadcrumb":{"@id":"https:\/\/www.suno.com.br\/noticias\/ibovespa-alta-dolar-baixa\/#breadcrumb"},"inLanguage":"pt-BR","potentialAction":[{"@type":"ReadAction","target":["https:\/\/www.suno.com.br\/noticias\/ibovespa-alta-dolar-baixa\/"]}]},{"@type":"ImageObject","inLanguage":"pt-BR","@id":"https:\/\/www.suno.com.br\/noticias\/ibovespa-alta-dolar-baixa\/#primaryimage","url":"https:\/\/files.sunoresearch.com.br\/n\/uploads\/2018\/09\/fa20779a-ibovespa-dolar-jpg.webp","contentUrl":"https:\/\/files.sunoresearch.com.br\/n\/uploads\/2018\/09\/fa20779a-ibovespa-dolar-jpg.webp","width":1920,"height":1280,"caption":"infla\u00e7\u00e3o na Am\u00e9rica Latina deve bater as metas apenas em 2024"},{"@type":"BreadcrumbList","@id":"https:\/\/www.suno.com.br\/noticias\/ibovespa-alta-dolar-baixa\/#breadcrumb","itemListElement":[{"@type":"ListItem","position":1,"name":"Not\u00edcias","item":"https:\/\/www.suno.com.br\/noticias\/"},{"@type":"ListItem","position":2,"name":"Finan\u00e7as Pessoais","item":"https:\/\/www.suno.com.br\/noticias\/financas-pessoais\/"},{"@type":"ListItem","position":3,"name":"Ibovespa fecha dia com valoriza\u00e7\u00e3o de 1,6% e tem a melhor semana desde janeiro"}]},{"@type":"WebSite","@id":"https:\/\/www.suno.com.br\/noticias\/#website","url":"https:\/\/www.suno.com.br\/noticias\/","name":"Suno Not\u00edcias","description":"Seu portal de informa\u00e7\u00e3o sobre o mundo dos investimentos","publisher":{"@id":"https:\/\/www.suno.com.br\/noticias\/#organization"},"potentialAction":[{"@type":"SearchAction","target":{"@type":"EntryPoint","urlTemplate":"https:\/\/www.suno.com.br\/noticias\/?s={search_term_string}"},"query-input":{"@type":"PropertyValueSpecification","valueRequired":true,"valueName":"search_term_string"}}],"inLanguage":"pt-BR"},{"@type":"Organization","@id":"https:\/\/www.suno.com.br\/noticias\/#organization","name":"Suno Not\u00edcias","url":"https:\/\/www.suno.com.br\/noticias\/","logo":{"@type":"ImageObject","inLanguage":"pt-BR","@id":"https:\/\/www.suno.com.br\/noticias\/#\/schema\/logo\/image\/","url":"https:\/\/files.sunoresearch.com.br\/n\/uploads\/2021\/09\/suno-logo.png","contentUrl":"https:\/\/files.sunoresearch.com.br\/n\/uploads\/2021\/09\/suno-logo.png","width":180,"height":180,"caption":"Suno Not\u00edcias"},"image":{"@id":"https:\/\/www.suno.com.br\/noticias\/#\/schema\/logo\/image\/"},"sameAs":["https:\/\/facebook.com\/sunoresearch","https:\/\/x.com\/sunoresearch","https:\/\/www.instagram.com\/suno","https:\/\/www.linkedin.com\/company\/suno-research\/","https:\/\/www.youtube.com\/c\/sunoresearch"]},{"@type":"Person","@id":"https:\/\/www.suno.com.br\/noticias\/#\/schema\/person\/edc78e26bff487bcad4a7d5e75ca2938","name":"Paulo Jaschke","image":{"@type":"ImageObject","inLanguage":"pt-BR","@id":"https:\/\/www.suno.com.br\/noticias\/#\/schema\/person\/image\/","url":"https:\/\/secure.gravatar.com\/avatar\/d866ede420b0a0e4741620ba27841b8f?s=96&r=g","contentUrl":"https:\/\/secure.gravatar.com\/avatar\/d866ede420b0a0e4741620ba27841b8f?s=96&r=g","caption":"Paulo Jaschke"},"description":"Paulo Jaschke \u00e9 estudante de jornalismo na ESPM-SP. Escreve sobre o mercado financeiro, economia e pol\u00edtica internacional para o portal da Suno Research. Tamb\u00e9m escreve sobre economia internacional na ag\u00eancia CMA e \u00e9 rep\u00f3rter esportivo pela Web r\u00e1dio EsportesNet. Em 2018, foi rep\u00f3rter esportivo pela R\u00e1dio ESPM na Copa do Mundo 2018 e escreveu para a Revista Plural ESPM.","sameAs":["https:\/\/www.suno.com.br\/","https:\/\/www.linkedin.com\/in\/paulo-jaschke-328221168\/"],"url":"https:\/\/www.suno.com.br\/noticias\/author\/paulo-jaschke\/"}]}},"default_loop_html":"<div class=\"cardsPage__listCard__boxs\"><div class=\"cardsPage__listCard__boxs__img\"><a href=\"https:\/\/www.suno.com.br\/noticias\/ibovespa-alta-dolar-baixa\/\"><img class=\"mask\" src=\"https:\/\/www.suno.com.br\/noticias\/wp-content\/themes\/suno\/resources\/images\/spotlight\/spotlight1img\/bg-mask.png\" alt=\"Image Mask\"\/><img src=\"https:\/\/files.sunoresearch.com.br\/n\/uploads\/2018\/09\/fa20779a-ibovespa-dolar-400x200.webp\" alt=\"Ibovespa fecha dia com valoriza\u00e7\u00e3o de 1,6% e tem a melhor semana desde janeiro\"\/><\/a><span class=\"spotlightCategory\"><a href=\"https:\/\/www.suno.com.br\/noticias\/financas-pessoais\/\">Finan\u00e7as Pessoais<\/a><\/span><\/div><div class=\"cardsPage__listCard__boxs__content\"><a href=\"https:\/\/www.suno.com.br\/noticias\/ibovespa-alta-dolar-baixa\/\"><h2 class=\"content__title\">Ibovespa fecha dia com valoriza\u00e7\u00e3o de 1,6% e tem a melhor semana desde janeiro<\/h2><\/a><div class=\"newsContent__article__meta\"><div class=\"newsContent__article__meta__authorBox\"><a href=\"https:\/\/www.suno.com.br\/noticias\/author\/paulo-jaschke\/\" class=\"authorBox__avatar noMobi\"><img src=\"https:\/\/secure.gravatar.com\/avatar\/d866ede420b0a0e4741620ba27841b8f?s=96&#038;r=g\" alt=\"Paulo Jaschke\"><\/a><div class=\"authorBox__name\"><span>por\n\t\t\t<a href=\"https:\/\/www.suno.com.br\/noticias\/author\/paulo-jaschke\/\"><span itemprop=\"author\">Paulo Jaschke<\/span><\/a><\/span><time datetime=\"2018-09-21T17:49:31-03:00\" itemprop=\"datePublished\">21\/09\/2018 17:49<\/time><\/div><\/div><\/div><\/div><\/div>","single_layout":"posts","amp_enabled":true,"_links":{"self":[{"href":"https:\/\/www.suno.com.br\/noticias\/wp-json\/wp\/v2\/posts\/4251"}],"collection":[{"href":"https:\/\/www.suno.com.br\/noticias\/wp-json\/wp\/v2\/posts"}],"about":[{"href":"https:\/\/www.suno.com.br\/noticias\/wp-json\/wp\/v2\/types\/post"}],"author":[{"embeddable":true,"href":"https:\/\/www.suno.com.br\/noticias\/wp-json\/wp\/v2\/users\/6"}],"replies":[{"embeddable":true,"href":"https:\/\/www.suno.com.br\/noticias\/wp-json\/wp\/v2\/comments?post=4251"}],"version-history":[{"count":0,"href":"https:\/\/www.suno.com.br\/noticias\/wp-json\/wp\/v2\/posts\/4251\/revisions"}],"wp:featuredmedia":[{"embeddable":true,"href":"https:\/\/www.suno.com.br\/noticias\/wp-json\/wp\/v2\/media\/3757"}],"wp:attachment":[{"href":"https:\/\/www.suno.com.br\/noticias\/wp-json\/wp\/v2\/media?parent=4251"}],"wp:term":[{"taxonomy":"category","embeddable":true,"href":"https:\/\/www.suno.com.br\/noticias\/wp-json\/wp\/v2\/categories?post=4251"},{"taxonomy":"post_tag","embeddable":true,"href":"https:\/\/www.suno.com.br\/noticias\/wp-json\/wp\/v2\/tags?post=4251"},{"taxonomy":"suno_strategy","embeddable":true,"href":"https:\/\/www.suno.com.br\/noticias\/wp-json\/wp\/v2\/suno_strategy?post=4251"}],"curies":[{"name":"wp","href":"https:\/\/api.w.org\/{rel}","templated":true}]}}