{"id":42475,"date":"2019-10-25T17:49:22","date_gmt":"2019-10-25T19:49:22","guid":{"rendered":"https:\/\/www.suno.com.br\/noticias\/?p=42475"},"modified":"2021-02-18T15:25:01","modified_gmt":"2021-02-18T18:25:01","slug":"edp-brasil-investimento-2-bi-sao-paulo","status":"publish","type":"post","link":"https:\/\/www.suno.com.br\/noticias\/edp-brasil-investimento-2-bi-sao-paulo\/","title":{"rendered":"EDP Brasil anuncia investimento de R$ 2,5 bi no Estado de S\u00e3o Paulo"},"content":{"rendered":"<p>A EDP Brasil informou que investir\u00e1 R$ 2,5 bilh\u00f5es no Estado de S\u00e3o Paulo. O an\u00fancio ocorreu, nesta sexta-feira (25), durante uma cerim\u00f4nia no Pal\u00e1cio dos Bandeirantes com a presen\u00e7a do governador Jo\u00e3o Doria (PSDB).<\/p>\t<div class=\"wrapper-featured-image\">\n\t\t<figure class=\"spotlightImg\">\n\n\t\t\t<picture>\n\t\t\t\t<source media=\"(max-width: 768px)\" srcset=\"https:\/\/files.sunoresearch.com.br\/n\/uploads\/2019\/03\/a3382974-equatorial-400x200.webp\">\n\t\t\t\t<img loading=\"lazy\" decoding=\"async\" class=\"newsContent__article__imgCapa lazyloadDisabled newsContent__article__imgCapa--noCaption\" src=\"https:\/\/files.sunoresearch.com.br\/n\/uploads\/2019\/03\/a3382974-equatorial-800x450.webp\" width=\"800\" height=\"450\" alt=\"EDP Brasil anuncia investimento de R$ 2,5 bi no Estado de S\u00e3o Paulo\" fetchpriority=high \/>\n\t\t\t<\/picture>\n\n\t\t\t<figcaption class=\"wp-caption-text wp-caption-text--hide\">Equatorial (EQTL3) obt\u00e9m financiamento de R$ 2,150 bilh\u00f5es do BNDES<\/figcaption>\n\t\t<\/figure>\n\t<\/div>\n\n\n\n<p>Entre 2019 e 2023, a unidade de S\u00e3o Paulo da companhia de eletricidade far\u00e1 um <strong>investimento<\/strong> de R$ 1,5 bilh\u00e3o. De acordo com a <strong>EDP Brasil<\/strong>, a medida ocorrer\u00e1 para melhorar os servi\u00e7os que s\u00e3o prestados aos consumidores.<\/p>\n<p>A companhia destinar\u00e1 R$ 32 milh\u00f5es para o projeto de recupera\u00e7\u00e3o dos museus do Ipiranga e da L\u00edngua Portuguesa. Al\u00e9m disso, R$ 35 milh\u00f5es ser\u00e3o utilizados para causas socioambientais.<\/p>\n<p>O pacote de investimentos conta tamb\u00e9m com a instala\u00e7\u00e3o de uma usina solar, com capacidade de 205 MW, no munic\u00edpio de Pereira Barreto. A constru\u00e7\u00e3o custar\u00e1 R$ 700 milh\u00f5es.<\/p>\n<p>A EDP investir\u00e1 R$ 41 milh\u00f5es para a constru\u00e7\u00e3o de postos de recarga para ve\u00edculos el\u00e9tricos. Com este valor, 30 eletropostos ser\u00e3o instalados nas principais rodovias paulistas e dois ser\u00e3o implementados no Aeroporto de Guarulhos.<\/p>\n<h2>Lote 18 entre S\u00e3o Paulo e Minas Gerais<\/h2>\n<p>Uma parte dos investimentos ser\u00e1 destinada a constru\u00e7\u00e3o de uma linha de transmiss\u00e3o de <strong>energia<\/strong> entre S\u00e3o Paulo e Minas Gerais. O &#8220;lote 18&#8221;, como \u00e9 denominado o trecho, possu\u00ed 375 quil\u00f4metros e interliga os munic\u00edpios de Estreito, em MG, e Cachoeira Paulista, em SP.<\/p>\n\t<p>\n\t\t<a href=\"https:\/\/lp.suno.com.br\/ao\/servico-especializado-suno-tf\/?utm_source=adwords&#038;utm_medium=search&#038;utm_campaign=search.servico.funilconsultoria&#038;utm_content=1147_responsivo-a&#038;hsa_acc=2326072784&#038;hsa_cam=18022897917&#038;hsa_grp=141470255993&#038;hsa_ad=616145467912&#038;hsa_src=g&#038;hsa_tgt=kwd-303658942458&#038;hsa_kw=gestora+de+investimentos&#038;hsa_mt=b&#038;hsa_net=adwords&#038;hsa_ver=3&#038;gad_source=1&#038;gclid=CjwKCAjw1emzBhB8EiwAHwZZxQMvA3xJVRzLGZ70LmuSzR55X-KvxijSay8c5Hm88Sznnq97j8XbORoC-sMQAvD_BwE\" target=\"_blank\" data-element=\"shortcode-suno-banner\" title=\"Banner SUNO, clique e saiba mais\">\n\t\t\t<picture>\n\t\t\t\t<source media=\"(max-width: 500px)\" srcset=\"https:\/\/files.sunoresearch.com.br\/n\/uploads\/2024\/06\/400x300-Mobile-Artigos-5.png\">\n\t\t\t\t<img class=\"newsContent__article__imgCapa newsContent__article__imgCapa--banner\"\n\t\t\t\t\tsrc=\"https:\/\/files.sunoresearch.com.br\/n\/uploads\/2024\/06\/1420x240-Banner-Artigos-1-_-Banner-Materias-3.png\"\n\t\t\t\t\tdata-promo-id=\"563605\"\t\t\t\t\t\t\t\t\t\twidth='1420' height='240'\t\t\t\t\talt=\"https:\/\/files.sunoresearch.com.br\/n\/uploads\/2024\/06\/1420x240-Banner-Artigos-1-_-Banner-Materias-3.png\"\n\t\t\t\t>\n\t\t\t<\/picture>\n\t\t<\/a>\n\t<\/p>\n\n\n<p>A implementa\u00e7\u00e3o desta linha custar\u00e1 R$ 1,48 bilh\u00e3o. Deste montante, R$ 150 milh\u00f5es s\u00e3o direcionados ao trecho localizado em S\u00e3o Paulo.<\/p>\n<p>De acordo com o presidente da companhia, Miguel Setas, a empresa possui R$ 800 milh\u00f5es oriundos de uma emiss\u00e3o de <strong><a href=\"https:\/\/www.suno.com.br\/artigos\/o-que-sao-debentures\/\">deb\u00eantures<\/a><\/strong> para financiar a constru\u00e7\u00e3o. Ademais, o executivo falou sobre a possibilidade de uma nova emiss\u00e3o de R$ 500 milh\u00f5es em t\u00edtulos de d\u00edvida, caso necess\u00e1rio.<\/p>\n<h2>Resultados da EDP Brasil<\/h2>\n<p>A companhia de energia obteve\u00a0um <a href=\"https:\/\/www.suno.com.br\/artigos\/lucro-liquido\/\">lucro l\u00edquido<\/a> 15,3% maior no 3\u00ba trimestre de 2019, em compara\u00e7\u00e3o ao mesmo per\u00edodo do ano anterior. Entre julho e setembro de 2019, a empresa obteve ganho de R$ 353,97 milh\u00f5es, frente a R$ 306,94 milh\u00f5es do terceiro trimestre do ano passado.<\/p>\n<p><a href=\"https:\/\/www.suno.com.br\/noticias\/edp-brasil-reporta-353-milhoes-lucro-liquido-3t2019\/\">Saiba mais: EDP Brasil reporta lucro l\u00edquido de R$ 353,9 milh\u00f5es no 3T2019<\/a><\/p>\n<p>A <a href=\"https:\/\/www.suno.com.br\/artigos\/divida-liquida\/\">d\u00edvida l\u00edquida<\/a> da companhia, na mesma compara\u00e7\u00e3o anual, cresceu 20,6%, saindo de R$ 4,39 bilh\u00f5es para R$ 5,3 bilh\u00f5es.<\/p>\n<p>A <a href=\"https:\/\/www.suno.com.br\/artigos\/o-que-receita-liquida\/\">receita l\u00edquida<\/a> da <strong>EDP Brasil<\/strong> retraiu 9,58%, chegando a R$ 3,439 bilh\u00f5es. O <a href=\"https:\/\/www.suno.com.br\/artigos\/o-que-e-ebitda\/\">Ebitda<\/a> (lucro antes de juros, impostos, deprecia\u00e7\u00e3o e amortiza\u00e7\u00e3o) atingiu R$ 778,8 milh\u00f5es, aumentando 14,6%.<\/p>\n","protected":false},"excerpt":{"rendered":"<p>A EDP Brasil informou que investir\u00e1 R$ 2,5 bilh\u00f5es no Estado de S\u00e3o Paulo. O an\u00fancio ocorreu, nesta sexta-feira (25), durante uma cerim\u00f4nia no Pal\u00e1cio dos Bandeirantes com a presen\u00e7a do governador Jo\u00e3o Doria (PSDB). Equatorial (EQTL3) obt\u00e9m financiamento de R$ 2,150 bilh\u00f5es do BNDES Entre 2019 e 2023, a unidade de S\u00e3o Paulo da [&hellip;]<\/p>\n","protected":false},"author":18,"featured_media":18985,"comment_status":"closed","ping_status":"closed","sticky":false,"template":"","format":"standard","meta":[],"categories":[64],"tags":[1151,1207],"suno_strategy":[],"class_list":["post-42475","post","type-post","status-publish","format-standard","has-post-thumbnail","hentry","category-negocios","tag-debentures","tag-edp-brasil-enbr3"],"yoast_head":"<!-- This site is optimized with the Yoast SEO plugin v24.4 - https:\/\/yoast.com\/wordpress\/plugins\/seo\/ -->\n<title>EDP Brasil anuncia investimento de R$ 2,5 bi no Estado de S\u00e3o Paulo<\/title>\n<meta name=\"description\" content=\"A EDP Brasil informou, nesta sexta-feira (25), um pacote de investimentos de R$ 2,5 bilh\u00f5es no Estado de S\u00e3o Paulo. Clique para saber mais.\" \/>\n<meta name=\"robots\" content=\"index, follow, max-snippet:-1, max-image-preview:large, max-video-preview:-1\" \/>\n<link rel=\"canonical\" href=\"https:\/\/www.suno.com.br\/noticias\/edp-brasil-investimento-2-bi-sao-paulo\/\" \/>\n<meta property=\"og:locale\" content=\"pt_BR\" \/>\n<meta property=\"og:type\" content=\"article\" \/>\n<meta property=\"og:title\" content=\"EDP Brasil anuncia investimento de R$ 2,5 bi no Estado de S\u00e3o Paulo\" \/>\n<meta property=\"og:description\" content=\"A EDP Brasil informou, nesta sexta-feira (25), um pacote de investimentos de R$ 2,5 bilh\u00f5es no Estado de S\u00e3o Paulo. Clique para saber mais.\" \/>\n<meta property=\"og:url\" content=\"https:\/\/www.suno.com.br\/noticias\/edp-brasil-investimento-2-bi-sao-paulo\/\" \/>\n<meta property=\"og:site_name\" content=\"Suno Not\u00edcias\" \/>\n<meta property=\"article:publisher\" content=\"https:\/\/facebook.com\/sunoresearch\" \/>\n<meta property=\"og:image\" content=\"https:\/\/files.sunoresearch.com.br\/n\/uploads\/2019\/03\/a3382974-equatorial.jpg\" \/>\n\t<meta property=\"og:image:width\" content=\"960\" \/>\n\t<meta property=\"og:image:height\" content=\"640\" \/>\n\t<meta property=\"og:image:type\" content=\"image\/jpeg\" \/>\n<meta name=\"author\" content=\"Giovanna Oliveira\" \/>\n<meta name=\"twitter:card\" content=\"summary_large_image\" \/>\n<meta name=\"twitter:creator\" content=\"@sunoresearch\" \/>\n<meta name=\"twitter:site\" content=\"@sunoresearch\" \/>\n<meta name=\"twitter:label1\" content=\"Escrito por\" \/>\n\t<meta name=\"twitter:data1\" content=\"Giovanna Oliveira\" \/>\n\t<meta name=\"twitter:label2\" content=\"Est. tempo de leitura\" \/>\n\t<meta name=\"twitter:data2\" content=\"2 minutos\" \/>\n<script type=\"application\/ld+json\" class=\"yoast-schema-graph\">{\"@context\":\"https:\/\/schema.org\",\"@graph\":[{\"@type\":\"NewsArticle\",\"@id\":\"https:\/\/www.suno.com.br\/noticias\/edp-brasil-investimento-2-bi-sao-paulo\/#article\",\"isPartOf\":{\"@id\":\"https:\/\/www.suno.com.br\/noticias\/edp-brasil-investimento-2-bi-sao-paulo\/\"},\"author\":{\"name\":\"Giovanna Oliveira\",\"@id\":\"https:\/\/www.suno.com.br\/noticias\/#\/schema\/person\/4e19e3d2575736e5283d58eb3199d120\"},\"headline\":\"EDP Brasil anuncia investimento de R$ 2,5 bi no Estado de S\u00e3o Paulo\",\"datePublished\":\"2019-10-25T19:49:22+00:00\",\"dateModified\":\"2021-02-18T18:25:01+00:00\",\"mainEntityOfPage\":{\"@id\":\"https:\/\/www.suno.com.br\/noticias\/edp-brasil-investimento-2-bi-sao-paulo\/\"},\"wordCount\":450,\"publisher\":{\"@id\":\"https:\/\/www.suno.com.br\/noticias\/#organization\"},\"image\":{\"@id\":\"https:\/\/www.suno.com.br\/noticias\/edp-brasil-investimento-2-bi-sao-paulo\/#primaryimage\"},\"thumbnailUrl\":\"https:\/\/files.sunoresearch.com.br\/n\/uploads\/2019\/03\/a3382974-equatorial-jpg.webp\",\"keywords\":[\"deb\u00eantures\",\"EDP Brasil (ENBR3)\"],\"articleSection\":[\"Neg\u00f3cios\"],\"inLanguage\":\"pt-BR\"},{\"@type\":\"WebPage\",\"@id\":\"https:\/\/www.suno.com.br\/noticias\/edp-brasil-investimento-2-bi-sao-paulo\/\",\"url\":\"https:\/\/www.suno.com.br\/noticias\/edp-brasil-investimento-2-bi-sao-paulo\/\",\"name\":\"EDP Brasil anuncia investimento de R$ 2,5 bi no Estado de S\u00e3o Paulo\",\"isPartOf\":{\"@id\":\"https:\/\/www.suno.com.br\/noticias\/#website\"},\"primaryImageOfPage\":{\"@id\":\"https:\/\/www.suno.com.br\/noticias\/edp-brasil-investimento-2-bi-sao-paulo\/#primaryimage\"},\"image\":{\"@id\":\"https:\/\/www.suno.com.br\/noticias\/edp-brasil-investimento-2-bi-sao-paulo\/#primaryimage\"},\"thumbnailUrl\":\"https:\/\/files.sunoresearch.com.br\/n\/uploads\/2019\/03\/a3382974-equatorial-jpg.webp\",\"datePublished\":\"2019-10-25T19:49:22+00:00\",\"dateModified\":\"2021-02-18T18:25:01+00:00\",\"description\":\"A EDP Brasil informou, nesta sexta-feira (25), um pacote de investimentos de R$ 2,5 bilh\u00f5es no Estado de S\u00e3o Paulo. Clique para saber mais.\",\"breadcrumb\":{\"@id\":\"https:\/\/www.suno.com.br\/noticias\/edp-brasil-investimento-2-bi-sao-paulo\/#breadcrumb\"},\"inLanguage\":\"pt-BR\",\"potentialAction\":[{\"@type\":\"ReadAction\",\"target\":[\"https:\/\/www.suno.com.br\/noticias\/edp-brasil-investimento-2-bi-sao-paulo\/\"]}]},{\"@type\":\"ImageObject\",\"inLanguage\":\"pt-BR\",\"@id\":\"https:\/\/www.suno.com.br\/noticias\/edp-brasil-investimento-2-bi-sao-paulo\/#primaryimage\",\"url\":\"https:\/\/files.sunoresearch.com.br\/n\/uploads\/2019\/03\/a3382974-equatorial-jpg.webp\",\"contentUrl\":\"https:\/\/files.sunoresearch.com.br\/n\/uploads\/2019\/03\/a3382974-equatorial-jpg.webp\",\"width\":960,\"height\":640,\"caption\":\"Equatorial (EQTL3) obt\u00e9m financiamento de R$ 2,150 bilh\u00f5es do BNDES\"},{\"@type\":\"BreadcrumbList\",\"@id\":\"https:\/\/www.suno.com.br\/noticias\/edp-brasil-investimento-2-bi-sao-paulo\/#breadcrumb\",\"itemListElement\":[{\"@type\":\"ListItem\",\"position\":1,\"name\":\"Not\u00edcias\",\"item\":\"https:\/\/www.suno.com.br\/noticias\/\"},{\"@type\":\"ListItem\",\"position\":2,\"name\":\"Neg\u00f3cios\",\"item\":\"https:\/\/www.suno.com.br\/noticias\/negocios\/\"},{\"@type\":\"ListItem\",\"position\":3,\"name\":\"EDP Brasil anuncia investimento de R$ 2,5 bi no Estado de S\u00e3o Paulo\"}]},{\"@type\":\"WebSite\",\"@id\":\"https:\/\/www.suno.com.br\/noticias\/#website\",\"url\":\"https:\/\/www.suno.com.br\/noticias\/\",\"name\":\"Suno Not\u00edcias\",\"description\":\"Seu portal de informa\u00e7\u00e3o sobre o mundo dos investimentos\",\"publisher\":{\"@id\":\"https:\/\/www.suno.com.br\/noticias\/#organization\"},\"potentialAction\":[{\"@type\":\"SearchAction\",\"target\":{\"@type\":\"EntryPoint\",\"urlTemplate\":\"https:\/\/www.suno.com.br\/noticias\/?s={search_term_string}\"},\"query-input\":{\"@type\":\"PropertyValueSpecification\",\"valueRequired\":true,\"valueName\":\"search_term_string\"}}],\"inLanguage\":\"pt-BR\"},{\"@type\":\"Organization\",\"@id\":\"https:\/\/www.suno.com.br\/noticias\/#organization\",\"name\":\"Suno Not\u00edcias\",\"url\":\"https:\/\/www.suno.com.br\/noticias\/\",\"logo\":{\"@type\":\"ImageObject\",\"inLanguage\":\"pt-BR\",\"@id\":\"https:\/\/www.suno.com.br\/noticias\/#\/schema\/logo\/image\/\",\"url\":\"https:\/\/files.sunoresearch.com.br\/n\/uploads\/2021\/09\/suno-logo.png\",\"contentUrl\":\"https:\/\/files.sunoresearch.com.br\/n\/uploads\/2021\/09\/suno-logo.png\",\"width\":180,\"height\":180,\"caption\":\"Suno Not\u00edcias\"},\"image\":{\"@id\":\"https:\/\/www.suno.com.br\/noticias\/#\/schema\/logo\/image\/\"},\"sameAs\":[\"https:\/\/facebook.com\/sunoresearch\",\"https:\/\/x.com\/sunoresearch\",\"https:\/\/www.instagram.com\/suno\",\"https:\/\/www.linkedin.com\/company\/suno-research\/\",\"https:\/\/www.youtube.com\/c\/sunoresearch\"]},{\"@type\":\"Person\",\"@id\":\"https:\/\/www.suno.com.br\/noticias\/#\/schema\/person\/4e19e3d2575736e5283d58eb3199d120\",\"name\":\"Giovanna Oliveira\",\"image\":{\"@type\":\"ImageObject\",\"inLanguage\":\"pt-BR\",\"@id\":\"https:\/\/www.suno.com.br\/noticias\/#\/schema\/person\/image\/\",\"url\":\"https:\/\/secure.gravatar.com\/avatar\/9a37b3ae208962ac568992d0ffdbc2eb?s=96&r=g\",\"contentUrl\":\"https:\/\/secure.gravatar.com\/avatar\/9a37b3ae208962ac568992d0ffdbc2eb?s=96&r=g\",\"caption\":\"Giovanna Oliveira\"},\"description\":\"Giovanna Oliveira escreve sobre economia e pol\u00edtica. Foi rep\u00f3rter do portal de jornalismo da ESPM-SP e produziu conte\u00fado para a Corinthians TV. \u00c9 estudante da ESPM.\",\"url\":\"https:\/\/www.suno.com.br\/noticias\/author\/giovanna\/\"}]}<\/script>\n<!-- \/ Yoast SEO plugin. -->","yoast_head_json":{"title":"EDP Brasil anuncia investimento de R$ 2,5 bi no Estado de S\u00e3o Paulo","description":"A EDP Brasil informou, nesta sexta-feira (25), um pacote de investimentos de R$ 2,5 bilh\u00f5es no Estado de S\u00e3o Paulo. Clique para saber mais.","robots":{"index":"index","follow":"follow","max-snippet":"max-snippet:-1","max-image-preview":"max-image-preview:large","max-video-preview":"max-video-preview:-1"},"canonical":"https:\/\/www.suno.com.br\/noticias\/edp-brasil-investimento-2-bi-sao-paulo\/","og_locale":"pt_BR","og_type":"article","og_title":"EDP Brasil anuncia investimento de R$ 2,5 bi no Estado de S\u00e3o Paulo","og_description":"A EDP Brasil informou, nesta sexta-feira (25), um pacote de investimentos de R$ 2,5 bilh\u00f5es no Estado de S\u00e3o Paulo. Clique para saber mais.","og_url":"https:\/\/www.suno.com.br\/noticias\/edp-brasil-investimento-2-bi-sao-paulo\/","og_site_name":"Suno Not\u00edcias","article_publisher":"https:\/\/facebook.com\/sunoresearch","og_image":[{"width":960,"height":640,"url":"https:\/\/files.sunoresearch.com.br\/n\/uploads\/2019\/03\/a3382974-equatorial.jpg","type":"image\/jpeg"}],"author":"Giovanna Oliveira","twitter_card":"summary_large_image","twitter_creator":"@sunoresearch","twitter_site":"@sunoresearch","twitter_misc":{"Escrito por":"Giovanna Oliveira","Est. tempo de leitura":"2 minutos"},"schema":{"@context":"https:\/\/schema.org","@graph":[{"@type":"NewsArticle","@id":"https:\/\/www.suno.com.br\/noticias\/edp-brasil-investimento-2-bi-sao-paulo\/#article","isPartOf":{"@id":"https:\/\/www.suno.com.br\/noticias\/edp-brasil-investimento-2-bi-sao-paulo\/"},"author":{"name":"Giovanna Oliveira","@id":"https:\/\/www.suno.com.br\/noticias\/#\/schema\/person\/4e19e3d2575736e5283d58eb3199d120"},"headline":"EDP Brasil anuncia investimento de R$ 2,5 bi no Estado de S\u00e3o Paulo","datePublished":"2019-10-25T19:49:22+00:00","dateModified":"2021-02-18T18:25:01+00:00","mainEntityOfPage":{"@id":"https:\/\/www.suno.com.br\/noticias\/edp-brasil-investimento-2-bi-sao-paulo\/"},"wordCount":450,"publisher":{"@id":"https:\/\/www.suno.com.br\/noticias\/#organization"},"image":{"@id":"https:\/\/www.suno.com.br\/noticias\/edp-brasil-investimento-2-bi-sao-paulo\/#primaryimage"},"thumbnailUrl":"https:\/\/files.sunoresearch.com.br\/n\/uploads\/2019\/03\/a3382974-equatorial-jpg.webp","keywords":["deb\u00eantures","EDP Brasil (ENBR3)"],"articleSection":["Neg\u00f3cios"],"inLanguage":"pt-BR"},{"@type":"WebPage","@id":"https:\/\/www.suno.com.br\/noticias\/edp-brasil-investimento-2-bi-sao-paulo\/","url":"https:\/\/www.suno.com.br\/noticias\/edp-brasil-investimento-2-bi-sao-paulo\/","name":"EDP Brasil anuncia investimento de R$ 2,5 bi no Estado de S\u00e3o Paulo","isPartOf":{"@id":"https:\/\/www.suno.com.br\/noticias\/#website"},"primaryImageOfPage":{"@id":"https:\/\/www.suno.com.br\/noticias\/edp-brasil-investimento-2-bi-sao-paulo\/#primaryimage"},"image":{"@id":"https:\/\/www.suno.com.br\/noticias\/edp-brasil-investimento-2-bi-sao-paulo\/#primaryimage"},"thumbnailUrl":"https:\/\/files.sunoresearch.com.br\/n\/uploads\/2019\/03\/a3382974-equatorial-jpg.webp","datePublished":"2019-10-25T19:49:22+00:00","dateModified":"2021-02-18T18:25:01+00:00","description":"A EDP Brasil informou, nesta sexta-feira (25), um pacote de investimentos de R$ 2,5 bilh\u00f5es no Estado de S\u00e3o Paulo. Clique para saber mais.","breadcrumb":{"@id":"https:\/\/www.suno.com.br\/noticias\/edp-brasil-investimento-2-bi-sao-paulo\/#breadcrumb"},"inLanguage":"pt-BR","potentialAction":[{"@type":"ReadAction","target":["https:\/\/www.suno.com.br\/noticias\/edp-brasil-investimento-2-bi-sao-paulo\/"]}]},{"@type":"ImageObject","inLanguage":"pt-BR","@id":"https:\/\/www.suno.com.br\/noticias\/edp-brasil-investimento-2-bi-sao-paulo\/#primaryimage","url":"https:\/\/files.sunoresearch.com.br\/n\/uploads\/2019\/03\/a3382974-equatorial-jpg.webp","contentUrl":"https:\/\/files.sunoresearch.com.br\/n\/uploads\/2019\/03\/a3382974-equatorial-jpg.webp","width":960,"height":640,"caption":"Equatorial (EQTL3) obt\u00e9m financiamento de R$ 2,150 bilh\u00f5es do BNDES"},{"@type":"BreadcrumbList","@id":"https:\/\/www.suno.com.br\/noticias\/edp-brasil-investimento-2-bi-sao-paulo\/#breadcrumb","itemListElement":[{"@type":"ListItem","position":1,"name":"Not\u00edcias","item":"https:\/\/www.suno.com.br\/noticias\/"},{"@type":"ListItem","position":2,"name":"Neg\u00f3cios","item":"https:\/\/www.suno.com.br\/noticias\/negocios\/"},{"@type":"ListItem","position":3,"name":"EDP Brasil anuncia investimento de R$ 2,5 bi no Estado de S\u00e3o Paulo"}]},{"@type":"WebSite","@id":"https:\/\/www.suno.com.br\/noticias\/#website","url":"https:\/\/www.suno.com.br\/noticias\/","name":"Suno Not\u00edcias","description":"Seu portal de informa\u00e7\u00e3o sobre o mundo dos investimentos","publisher":{"@id":"https:\/\/www.suno.com.br\/noticias\/#organization"},"potentialAction":[{"@type":"SearchAction","target":{"@type":"EntryPoint","urlTemplate":"https:\/\/www.suno.com.br\/noticias\/?s={search_term_string}"},"query-input":{"@type":"PropertyValueSpecification","valueRequired":true,"valueName":"search_term_string"}}],"inLanguage":"pt-BR"},{"@type":"Organization","@id":"https:\/\/www.suno.com.br\/noticias\/#organization","name":"Suno Not\u00edcias","url":"https:\/\/www.suno.com.br\/noticias\/","logo":{"@type":"ImageObject","inLanguage":"pt-BR","@id":"https:\/\/www.suno.com.br\/noticias\/#\/schema\/logo\/image\/","url":"https:\/\/files.sunoresearch.com.br\/n\/uploads\/2021\/09\/suno-logo.png","contentUrl":"https:\/\/files.sunoresearch.com.br\/n\/uploads\/2021\/09\/suno-logo.png","width":180,"height":180,"caption":"Suno Not\u00edcias"},"image":{"@id":"https:\/\/www.suno.com.br\/noticias\/#\/schema\/logo\/image\/"},"sameAs":["https:\/\/facebook.com\/sunoresearch","https:\/\/x.com\/sunoresearch","https:\/\/www.instagram.com\/suno","https:\/\/www.linkedin.com\/company\/suno-research\/","https:\/\/www.youtube.com\/c\/sunoresearch"]},{"@type":"Person","@id":"https:\/\/www.suno.com.br\/noticias\/#\/schema\/person\/4e19e3d2575736e5283d58eb3199d120","name":"Giovanna Oliveira","image":{"@type":"ImageObject","inLanguage":"pt-BR","@id":"https:\/\/www.suno.com.br\/noticias\/#\/schema\/person\/image\/","url":"https:\/\/secure.gravatar.com\/avatar\/9a37b3ae208962ac568992d0ffdbc2eb?s=96&r=g","contentUrl":"https:\/\/secure.gravatar.com\/avatar\/9a37b3ae208962ac568992d0ffdbc2eb?s=96&r=g","caption":"Giovanna Oliveira"},"description":"Giovanna Oliveira escreve sobre economia e pol\u00edtica. Foi rep\u00f3rter do portal de jornalismo da ESPM-SP e produziu conte\u00fado para a Corinthians TV. \u00c9 estudante da ESPM.","url":"https:\/\/www.suno.com.br\/noticias\/author\/giovanna\/"}]}},"default_loop_html":"<div class=\"cardsPage__listCard__boxs\"><div class=\"cardsPage__listCard__boxs__img\"><a href=\"https:\/\/www.suno.com.br\/noticias\/edp-brasil-investimento-2-bi-sao-paulo\/\"><img class=\"mask\" src=\"https:\/\/www.suno.com.br\/noticias\/wp-content\/themes\/suno\/resources\/images\/spotlight\/spotlight1img\/bg-mask.png\" alt=\"Image Mask\"\/><img src=\"https:\/\/files.sunoresearch.com.br\/n\/uploads\/2019\/03\/a3382974-equatorial-400x200.webp\" alt=\"EDP Brasil anuncia investimento de R$ 2,5 bi no Estado de S\u00e3o Paulo\"\/><\/a><span class=\"spotlightCategory\"><a href=\"https:\/\/www.suno.com.br\/noticias\/negocios\/\">Neg\u00f3cios<\/a><\/span><\/div><div class=\"cardsPage__listCard__boxs__content\"><a href=\"https:\/\/www.suno.com.br\/noticias\/edp-brasil-investimento-2-bi-sao-paulo\/\"><h2 class=\"content__title\">EDP Brasil anuncia investimento de R$ 2,5 bi no Estado de S\u00e3o Paulo<\/h2><\/a><div class=\"newsContent__article__meta\"><div class=\"newsContent__article__meta__authorBox\"><a href=\"https:\/\/www.suno.com.br\/noticias\/author\/giovanna\/\" class=\"authorBox__avatar noMobi\"><img src=\"https:\/\/files.sunoresearch.com.br\/n\/uploads\/2019\/06\/952a89ca-screenshot_20190608-171507-150x150.webp\" alt=\"Giovanna Oliveira\"><\/a><div class=\"authorBox__name\"><span>por\n\t\t\t<a href=\"https:\/\/www.suno.com.br\/noticias\/author\/giovanna\/\"><span itemprop=\"author\">Giovanna Oliveira<\/span><\/a><\/span><time datetime=\"2019-10-25T17:49:22-03:00\" itemprop=\"datePublished\">25\/10\/2019 17:49<\/time><\/div><\/div><\/div><\/div><\/div>","single_layout":"posts","amp_enabled":true,"_links":{"self":[{"href":"https:\/\/www.suno.com.br\/noticias\/wp-json\/wp\/v2\/posts\/42475"}],"collection":[{"href":"https:\/\/www.suno.com.br\/noticias\/wp-json\/wp\/v2\/posts"}],"about":[{"href":"https:\/\/www.suno.com.br\/noticias\/wp-json\/wp\/v2\/types\/post"}],"author":[{"embeddable":true,"href":"https:\/\/www.suno.com.br\/noticias\/wp-json\/wp\/v2\/users\/18"}],"replies":[{"embeddable":true,"href":"https:\/\/www.suno.com.br\/noticias\/wp-json\/wp\/v2\/comments?post=42475"}],"version-history":[{"count":0,"href":"https:\/\/www.suno.com.br\/noticias\/wp-json\/wp\/v2\/posts\/42475\/revisions"}],"wp:featuredmedia":[{"embeddable":true,"href":"https:\/\/www.suno.com.br\/noticias\/wp-json\/wp\/v2\/media\/18985"}],"wp:attachment":[{"href":"https:\/\/www.suno.com.br\/noticias\/wp-json\/wp\/v2\/media?parent=42475"}],"wp:term":[{"taxonomy":"category","embeddable":true,"href":"https:\/\/www.suno.com.br\/noticias\/wp-json\/wp\/v2\/categories?post=42475"},{"taxonomy":"post_tag","embeddable":true,"href":"https:\/\/www.suno.com.br\/noticias\/wp-json\/wp\/v2\/tags?post=42475"},{"taxonomy":"suno_strategy","embeddable":true,"href":"https:\/\/www.suno.com.br\/noticias\/wp-json\/wp\/v2\/suno_strategy?post=42475"}],"curies":[{"name":"wp","href":"https:\/\/api.w.org\/{rel}","templated":true}]}}