{"id":42470,"date":"2019-10-25T21:51:29","date_gmt":"2019-10-25T23:51:29","guid":{"rendered":"https:\/\/www.suno.com.br\/noticias\/?p=42470"},"modified":"2019-10-28T17:50:27","modified_gmt":"2019-10-28T19:50:27","slug":"crescimento-voltara-em-2021-diz-luis-figueiredo-da-maua-capital","status":"publish","type":"post","link":"https:\/\/www.suno.com.br\/noticias\/crescimento-voltara-em-2021-diz-luis-figueiredo-da-maua-capital\/","title":{"rendered":"Crescimento voltar\u00e1 em 2021, diz Luiz Figueiredo da Mau\u00e1 Capital"},"content":{"rendered":"<p>O Brasil deve voltar a ter um crescimento robusto, acima de 3%, s\u00f3 a partir de 20121. A avalia\u00e7\u00e3o \u00e9 de <a href=\"https:\/\/www.suno.com.br\/tudo-sobre\/luiz-fernando-figueiredo\/\"><strong>Luiz Fernando Figueiredo<\/strong><\/a>, s\u00f3cio fundador e CEO da gestora de recursos <strong>Mau\u00e1 Capital<\/strong>, empresa de gest\u00e3o de recursos independentes que tem cerca de R$ 6,5 bilh\u00f5es sob sua tutela.<\/p>\t<div class=\"wrapper-featured-image\">\n\t\t<figure class=\"spotlightImg\">\n\n\t\t\t<picture>\n\t\t\t\t<source media=\"(max-width: 768px)\" srcset=\"https:\/\/files.sunoresearch.com.br\/n\/uploads\/2019\/10\/0e81fb44-luiz-fernando-figueiredo-400x200.webp\">\n\t\t\t\t<img loading=\"lazy\" decoding=\"async\" class=\"newsContent__article__imgCapa lazyloadDisabled newsContent__article__imgCapa--noCaption\" src=\"https:\/\/files.sunoresearch.com.br\/n\/uploads\/2019\/10\/0e81fb44-luiz-fernando-figueiredo-jpg.webp\" width=\"800\" height=\"450\" alt=\"Crescimento voltar\u00e1 em 2021, diz Luiz Figueiredo da Mau\u00e1 Capital\" fetchpriority=high \/>\n\t\t\t<\/picture>\n\n\t\t\t<figcaption class=\"wp-caption-text wp-caption-text--hide\">Crescimento voltar\u00e1 em 2021, diz Luis Figueiredo da Mau\u00e1 Capital<\/figcaption>\n\t\t<\/figure>\n\t<\/div>\n\n\n\n<p>Em entrevista exclusiva ao <strong>SUNO Not\u00edcias<\/strong>,<strong> Luiz Fernando Figueiredo<\/strong>, que tamb\u00e9m foi diretor do <a href=\"https:\/\/www.suno.com.br\/artigos\/bacen\/\">Banco Central (BC)<\/a> e um dos fundadores da <strong>G\u00e1vea Investimentos<\/strong>, afirmou que os ativos listados na <a href=\"https:\/\/www.suno.com.br\/artigos\/b3\/\">Bolsa de Valores de S\u00e3o Paulo (B3)<\/a> est\u00e3o baratos.<\/p>\n<p>&#8220;S\u00f3 \u00e9 recorde porque estamos comparando com um pa\u00eds quebrado, \u00e9 s\u00f3 por isso, n\u00e3o \u00e9 nenhuma exuber\u00e2ncia&#8221;, explicou.<\/p>\n<p>Al\u00e9m disso, o CEO da <strong>Mau\u00e1 Capital<\/strong> tamb\u00e9m prev\u00ea problemas para os gestores de fundos brasileiros, acostumados aos produtos de renda fixa atrelados a uma Selic alta, que n\u00e3o deve retornar t\u00e3o cedo.<\/p>\n<p>&#8220;Acho que alguns v\u00e3o ficar pelo caminho. N\u00e3o quebrar, mas v\u00e3o ter problemas at\u00e9 se adaptarem [a realidade de <strong><a href=\"https:\/\/www.suno.com.br\/artigos\/taxa-selic\/\">Selic<\/a> <\/strong>baixa]&#8221;, concluiu. Confira a entrevista exclusiva:<\/p>\n<p>[tnm_video layout=&#8221;mnmd-post-media&#8221;]https:\/\/www.youtube.com\/watch?v=EPV1dQxrdGY[\/tnm_video]<\/p>\n<p><strong>SUNO Not\u00edcias: como voc\u00ea come\u00e7ou no mercado financeiro e qual foi sua trajet\u00f3ria profissional at\u00e9 chegar ao Banco Central e a Mau\u00e1 Capital?<br \/>\n<\/strong>Luis Fernando Figueiredo: comecei no in\u00edcio dos anos 1980, o mercado brasileiro era onde a intelig\u00eancia financeira estava nas corretoras, os bancos eram muito de servi\u00e7os, de conta corrente, e eu comecei a trajet\u00f3ria em uma corretora.<\/p>\n<p>A minha forma\u00e7\u00e3o acad\u00eamica n\u00e3o \u00e9 das melhores, pelo contr\u00e1rio, \u00e9 uma forma\u00e7\u00e3o mais pobre. Eu fiz administra\u00e7\u00e3o de empresas com especializa\u00e7\u00e3o em finan\u00e7as na FAAP (Funda\u00e7\u00e3o Armando Alvares Penteado), ent\u00e3o minha trajet\u00f3ria foi muito com o desenvolvimento do mercado no Brasil.<\/p>\n<p>Eu trabalhei em algumas corretoras, at\u00e9 que eu fui para o JP Morgan, que era um banco dos melhores do mundo em termos de tecnologia de investimentos, tecnologia financeira.<\/p>\n<p>Acabei fazendo uma esp\u00e9cie de MBA l\u00e1, onde fiquei at\u00e9 1992 depois tive uma passagem r\u00e1pida no banco Nacional. Em 1999, o Arm\u00ednio Fraga foi convidado para ser presidente do BC e, dentre v\u00e1rias pessoas, ele acabou optando, meio maluco, por me levar e foi uma terceira, digamos, etapa da minha carreira que foi transformacional.<\/p>\n\t<p>\n\t\t<a href=\"https:\/\/lp.suno.com.br\/minicurso-contabilidade\/\" target=\"_blank\" data-element=\"shortcode-suno-banner\" title=\"Banner SUNO, clique e saiba mais\">\n\t\t\t<picture>\n\t\t\t\t<source media=\"(max-width: 500px)\" srcset=\"https:\/\/files.sunoresearch.com.br\/n\/uploads\/2023\/03\/400x300-Minicurso-Contabilidade.png\">\n\t\t\t\t<img class=\"newsContent__article__imgCapa newsContent__article__imgCapa--banner\"\n\t\t\t\t\tsrc=\"https:\/\/files.sunoresearch.com.br\/n\/uploads\/2023\/03\/1420x240-Minicurso-Contabilidade.png\"\n\t\t\t\t\tdata-promo-id=\"383158\"\t\t\t\t\t\t\t\t\t\twidth='1420' height='240'\t\t\t\t\talt=\"https:\/\/files.sunoresearch.com.br\/n\/uploads\/2023\/03\/1420x240-Minicurso-Contabilidade.png\"\n\t\t\t\t>\n\t\t\t<\/picture>\n\t\t<\/a>\n\t<\/p>\n\n\n<p>Por que? Porque, primeiro, diretor de pol\u00edtica monet\u00e1ria, na minha vis\u00e3o, at\u00e9 ent\u00e3o era eu na terra e esse cara no c\u00e9u, era um patamar completamente diferente, foi um upgrade inesperado e impressionante e de um aprendizado que n\u00e3o h\u00e1 PHD no MIT que d\u00ea, em termos de conhecimento, entendimento do que ocorre no mundo, maturidade.<\/p>\n<p>Ent\u00e3o foram quatro anos nos quais o Brasil passou por muitas crises a gente at\u00e9 que saiu direitinho, fizemos muitas coisas legais, uma das coisas bacanas que fiz foi capitanear uma mudan\u00e7a do sistema de pagamentos brasileiro, que \u00e9 uma revolu\u00e7\u00e3o no sistema financeiro, algo muito interessante e isso me transformou como profissional e eu tive uma rela\u00e7\u00e3o praticamente de irm\u00e3o com o Arm\u00ednio durante quatro anos.<\/p>\n<p>Da\u00ed fundamos a G\u00e1vea, uma Asset que faz Brasil, mas \u00e9 mais global e faz Private Equity.<\/p>\n<p><strong>Isso no come\u00e7o dos anos 2000? Perto de 2002, 2003, certo?<\/strong><br \/>\nA partir de 2003 at\u00e9 2005 n\u00f3s fundamos e tocamos juntos a G\u00e1vea at\u00e9 em 2005, quando sempre por uma quest\u00e3o meio boba. O Arm\u00ednio queria muito que as coisas estivessem no Rio de Janeiro e eu disse que eu n\u00e3o iria para o Rio, achava tudo bem passar uns dias por l\u00e1, mas achava que at\u00e9 pelos business era melhor. No final, ele disse para n\u00f3s continuarmos amigos e separar. Separamos em 2005, eu continuei s\u00f3cio da G\u00e1vea por mais tr\u00eas anos <span style=\"font-size: 1.21429rem;\">e foi uma parceria a partir dali, mas com vidas independentes.<\/span><\/p>\n\t<p>\n\t\t<a href=\"https:\/\/lp2.suno.com.br\/pv\/eu-invisto-2026\/?utm_source=suno-noticias&#038;utm_medium=banner&#038;utm_campaign=_SNC4CCF8112_\" target=\"_blank\" data-element=\"shortcode-suno-banner\" title=\"Banner SUNO, clique e saiba mais\">\n\t\t\t<picture>\n\t\t\t\t<source media=\"(max-width: 500px)\" srcset=\"https:\/\/files.sunoresearch.com.br\/n\/uploads\/2025\/12\/Banner-Materias-01-Mbl_-400x300-1-png.webp\">\n\t\t\t\t<img class=\"newsContent__article__imgCapa newsContent__article__imgCapa--banner\"\n\t\t\t\t\tsrc=\"https:\/\/files.sunoresearch.com.br\/n\/uploads\/2025\/12\/Banner-Materias-01-Dkp_-1420x240-1-png.webp\"\n\t\t\t\t\tdata-promo-id=\"635514\"\t\t\t\t\t\t\t\t\t\twidth='1420' height='240'\t\t\t\t\talt=\"https:\/\/files.sunoresearch.com.br\/n\/uploads\/2025\/12\/Banner-Materias-01-Dkp_-1420x240-1-png.webp\"\n\t\t\t\t>\n\t\t\t<\/picture>\n\t\t<\/a>\n\t<\/p>\n\n\n<p>Vivemos esses altos e baixos do Brasil, nos desenvolvemos, e hoje temos v\u00e1rios tipos de neg\u00f3cio, multimercados, fundos de <a href=\"https:\/\/www.suno.com.br\/artigos\/financiamento-imobiliario\/\"><strong>cr\u00e9dito imobili\u00e1rio<\/strong><\/a> em geral. Temos um neg\u00f3cio de a\u00e7\u00f5es que vamos falar um pouco, que acaba de fazer dois anos, que est\u00e1 indo espetacularmente bem, tocadas pelo Renato Ometto [s\u00f3cio da Mau\u00e1] e mais cinco pessoas. Eu participo de todos os comit\u00eas de investimento, etc, e acho que \u00e9 uma das \u00e1reas que mais tem pessoal, que est\u00e1 se tornando relevante, mas \u00e9 um processo que vai crescer muito.<\/p>\n<p><a href=\"https:\/\/www.suno.com.br\/noticias\/crise-de-1929-90-anos\/\">Leia tamb\u00e9m: Crise de 1929: Quebra da Bolsa de Nova York completa 90 anos<\/a><\/p>\n<p>A Mau\u00e1 tem multimercados, cr\u00e9dito imobili\u00e1rio, a\u00e7\u00f5es, estamos agora come\u00e7ando fundos de cr\u00e9dito e tamb\u00e9m montamos uma plataforma digital para fazer cr\u00e9dito imobili\u00e1rios e cr\u00e9ditos com garantia, chama-se Pontte, e tem o prop\u00f3sito de tornar a vida de quem toma cr\u00e9dito no Brasil uma vida boa.<\/p>\n<p><strong>Voc\u00ea acha que esse ano que se o governo come\u00e7ar a engatilhar a reforma Tribut\u00e1ria, o pacto federativo, reformas que mexam com a burocracia, o senhor acha que ano que vem teremos uma boa surpresa, superior a previs\u00e3o dos analistas para o PIB?<br \/>\n<\/strong>Acho muito dif\u00edcil crescer. O nosso n\u00famero \u00e9 2,4% para o ano que vem e acho muito dif\u00edcil crescer muito mais do que isso. Na nossa vis\u00e3o, crescer mais que 3% \u00e9 a partir de 2021.<\/p>\n\t<p>\n\t\t<a href=\"https:\/\/www.suno.com.br\/asset\/fundos\/suno-acoes-xp-seg-prev\/\" target=\"_blank\" data-element=\"shortcode-suno-banner\" title=\"Banner SUNO, clique e saiba mais\">\n\t\t\t<picture>\n\t\t\t\t<source media=\"(max-width: 500px)\" srcset=\"https:\/\/files.sunoresearch.com.br\/n\/uploads\/2023\/10\/SUNOPREV-v2-400x300-Mobile-Artigos-3.png\">\n\t\t\t\t<img class=\"newsContent__article__imgCapa newsContent__article__imgCapa--banner\"\n\t\t\t\t\tsrc=\"https:\/\/files.sunoresearch.com.br\/n\/uploads\/2023\/10\/SUNOPREV-v2-1420x240-Banner-Artigos-1-_-Banner-Materias-1.png\"\n\t\t\t\t\tdata-promo-id=\"476311\"\t\t\t\t\t\t\t\t\t\twidth='1420' height='240'\t\t\t\t\talt=\"https:\/\/files.sunoresearch.com.br\/n\/uploads\/2023\/10\/SUNOPREV-v2-1420x240-Banner-Artigos-1-_-Banner-Materias-1.png\"\n\t\t\t\t>\n\t\t\t<\/picture>\n\t\t<\/a>\n\t<\/p>\n\n\n<p><strong>Ao mesmo tempo das previs\u00f5es contidas para o crescimento deste ano e do pr\u00f3ximo, a Bolsa est\u00e1 muito mais otimista, batendo m\u00e1ximas hist\u00f3ricas e cresceu muito em rela\u00e7\u00e3o ao ano passado. O que voc\u00ea acha? O mercado financeiro est\u00e1 euf\u00f3rico, otimista demais ou est\u00e3o prevendo o que vai acontecer e se posicionando antes?<br \/>\n<\/strong>Eu acho que a Bolsa est\u00e1 muito barata, ela est\u00e1 um pre\u00e7o hist\u00f3rico? Claro. At\u00e9 um ano atr\u00e1s, at\u00e9 hoje na verdade, o pa\u00eds estava quebrado. Ent\u00e3o pre\u00e7o de pa\u00eds quebrado, se passa a um pa\u00eds n\u00e3o quebrado, \u00e9 outro pre\u00e7o. S\u00f3 \u00e9 recorde porque estamos comparando com um pa\u00eds quebrado, \u00e9 s\u00f3 por isso, n\u00e3o \u00e9 nenhuma exuber\u00e2ncia.<\/p>\n<p>[tnm_video layout=&#8221;mnmd-post-media&#8221;]https:\/\/www.youtube.com\/watch?v=y_uLQsiOvxk&amp;t=10s[\/tnm_video]<\/p>\n<p>Ent\u00e3o o pre\u00e7o de hoje, se o pa\u00eds minimamente endere\u00e7ar essa agenda, voc\u00ea est\u00e1 falando de outro tipo de pre\u00e7o. Se voc\u00ea hoje investe em um fundo DI que \u00e9 de renda fixa, muito parecido com 70%, 80% de uma ind\u00fastria de fundos que \u00e9 de quase R$ 5,5 trilh\u00f5es, voc\u00ea n\u00e3o consegue muito mais que infla\u00e7\u00e3o n\u00e3o. Antes, voc\u00ea ganhava 5%, 6%, 7% ao ano, ent\u00e3o a realidade mudou.<\/p>\n<p>O que isso quer dizer? Ativos financeiros tendem a perder valor comparados com ativos da economia real. Sempre se olhou muito para o estrangeiro, com raz\u00e3o, porque o estrangeiro foi sempre um investidor marginal, aquele que se o fluxo de entrada, a Bolsa sobe, se o fluxo desce, a Bolsa cai.<\/p>\n<p>Isso mudou pois voc\u00ea tem uma migra\u00e7\u00e3o, uma mudan\u00e7a muito grande, muito profunda, gradual, mas muito profunda do portf\u00f3lio dos investidores locais. S\u00e3o quase R$ 6 trilh\u00f5es, que est\u00e1 70% em renda fixa, ent\u00e3o o investidor marginal desta vez n\u00e3o ser\u00e1 o estrangeiro. S\u00f3 os fundos de pens\u00e3o, eles est\u00e3o fritos porque est\u00e3o todos na renda fixa, todos t\u00eam uma passivo atuarial superior a 4% mais infla\u00e7\u00e3o, a chance deles chegarem a esse atuarial \u00e9 zero. E, se n\u00e3o chegar, a patrocinadora tem que aportar capital, n\u00e3o tem conversa.<\/p>\n<p><strong>Voc\u00ea acha que vai ter problema de fundo que n\u00e3o vai conseguir respeitar esses resultados e quebrar?<\/strong><br \/>\nQuebrar n\u00e3o, mas problemas atuariais ser\u00e3o muitos. Porque eles ir\u00e3o migrar para uma coisa mais decente que \u00e9 o que acontece com o mundo que \u00e9 uma rentabilidade maior, com mais risco, de uma maneira saud\u00e1vel, s\u00f3 que esse \u00e9 um processo lento. Vai dar tempo? Acho que alguns v\u00e3o ficar pelo caminho. N\u00e3o quebrar, mas v\u00e3o ter problemas at\u00e9 se adaptarem.<\/p>\n<p><strong>Sobre essa migra\u00e7\u00e3o para a Bolsa. Onde voc\u00ea acha que a Bolsa pode chegar, neste ano e no pr\u00f3ximo, se tudo ocorrer sem grandes repercuss\u00f5es?<\/strong><br \/>\nFalar de n\u00fameros \u00e9 sempre um chute. A chance de acertar \u00e9 pr\u00f3xima do 0. Mas, para uma no\u00e7\u00e3o, eu acho que a Bolsa pode terminar muito bem entre 120 mil e 130 mil pontos. E, no ano que vem, se essa agenda de reformas continuar e l\u00e1 fora a gente n\u00e3o se esborrachar, voc\u00ea pode ver a Bolsa em 150 mil pontos.<\/p>\n\t<p>\n\t\t<a href=\"https:\/\/lp.statusinvest.com.br\/ao\/assessoria-status-invest\/\" target=\"_blank\" data-element=\"shortcode-suno-banner\" title=\"Banner SUNO, clique e saiba mais\">\n\t\t\t<picture>\n\t\t\t\t<source media=\"(max-width: 500px)\" srcset=\"https:\/\/files.sunoresearch.com.br\/n\/uploads\/2024\/03\/400x300-Mobile.png\">\n\t\t\t\t<img class=\"newsContent__article__imgCapa newsContent__article__imgCapa--banner\"\n\t\t\t\t\tsrc=\"https:\/\/files.sunoresearch.com.br\/n\/uploads\/2024\/03\/1420x240-Desktop.png\"\n\t\t\t\t\tdata-promo-id=\"537248\"\t\t\t\t\t\t\t\t\t\twidth='1400' height='240'\t\t\t\t\talt=\"https:\/\/files.sunoresearch.com.br\/n\/uploads\/2024\/03\/1420x240-Desktop.png\"\n\t\t\t\t>\n\t\t\t<\/picture>\n\t\t<\/a>\n\t<\/p>\n\n\n<p><strong>Essa redu\u00e7\u00e3o da Selic tamb\u00e9m est\u00e1 levando muita gente da renda fixa para a vari\u00e1vel. Voc\u00ea n\u00e3o acha que \u00e9 uma quest\u00e3o mais ligada ao baixo crescimento da economia, ent\u00e3o \u00e9 uma quest\u00e3o necess\u00e1ria e n\u00e3o dever\u00e1 levar a melhora econ\u00f4mica do pa\u00eds?<\/strong><br \/>\nO que n\u00f3s estamos vivendo, ainda \u00e9 uma situa\u00e7\u00e3o ruim. Quando voc\u00ea tem 12 milh\u00f5es de desempregados, voc\u00ea n\u00e3o pode falar que estamos numa boa, mas a margem est\u00e1 melhorando, o pa\u00eds est\u00e1 formando mais empregos do que mandando gente embora. Infelizmente, n\u00f3s ficamos dez, 15 anos para tr\u00e1s, ent\u00e3o vamos com calma que \u00e9 um processo devagar. Crescer mais \u00e9 para 2021.<\/p>\n","protected":false},"excerpt":{"rendered":"<p>O Brasil deve voltar a ter um crescimento robusto, acima de 3%, s\u00f3 a partir de 20121. A avalia\u00e7\u00e3o \u00e9 de Luiz Fernando Figueiredo, s\u00f3cio fundador e CEO da gestora de recursos Mau\u00e1 Capital, empresa de gest\u00e3o de recursos independentes que tem cerca de R$ 6,5 bilh\u00f5es sob sua tutela. Crescimento voltar\u00e1 em 2021, diz [&hellip;]<\/p>\n","protected":false},"author":27,"featured_media":42477,"comment_status":"closed","ping_status":"closed","sticky":false,"template":"","format":"standard","meta":[],"categories":[1278],"tags":[2154,1635,807],"suno_strategy":[],"class_list":["post-42470","post","type-post","status-publish","format-standard","has-post-thumbnail","hentry","category-entrevistas","tag-maua-capital","tag-mercado-financeiro","tag-produto-interno-bruto-pib"],"yoast_head":"<!-- This site is optimized with the Yoast SEO plugin v24.4 - https:\/\/yoast.com\/wordpress\/plugins\/seo\/ -->\n<title>Crescimento voltar\u00e1 em 2021, diz Luis Figueiredo da Mau\u00e1 Capital<\/title>\n<meta name=\"description\" content=\"O Brasil deve voltar a ter um crescimento robusto, acima de 3%, s\u00f3 a partir de 20121, segundo Luiz Fernando Figueiredo, CEO da Mau\u00e1 Capital.\" \/>\n<meta name=\"robots\" content=\"index, follow, max-snippet:-1, max-image-preview:large, max-video-preview:-1\" \/>\n<link rel=\"canonical\" href=\"https:\/\/www.suno.com.br\/noticias\/crescimento-voltara-em-2021-diz-luis-figueiredo-da-maua-capital\/\" \/>\n<meta property=\"og:locale\" content=\"pt_BR\" \/>\n<meta property=\"og:type\" content=\"article\" \/>\n<meta property=\"og:title\" content=\"Crescimento voltar\u00e1 em 2021, diz Luis Figueiredo da Mau\u00e1 Capital\" \/>\n<meta property=\"og:description\" content=\"O Brasil deve voltar a ter um crescimento robusto, acima de 3%, s\u00f3 a partir de 20121, segundo Luiz Fernando Figueiredo, CEO da Mau\u00e1 Capital.\" \/>\n<meta property=\"og:url\" content=\"https:\/\/www.suno.com.br\/noticias\/crescimento-voltara-em-2021-diz-luis-figueiredo-da-maua-capital\/\" \/>\n<meta property=\"og:site_name\" content=\"Suno Not\u00edcias\" \/>\n<meta property=\"article:publisher\" content=\"https:\/\/facebook.com\/sunoresearch\" \/>\n<meta property=\"og:image\" content=\"https:\/\/files.sunoresearch.com.br\/n\/uploads\/2019\/10\/0e81fb44-luiz-fernando-figueiredo.jpg\" \/>\n\t<meta property=\"og:image:width\" content=\"768\" \/>\n\t<meta property=\"og:image:height\" content=\"512\" \/>\n\t<meta property=\"og:image:type\" content=\"image\/jpeg\" \/>\n<meta name=\"author\" content=\"Vinicius Pereira\" \/>\n<meta name=\"twitter:card\" content=\"summary_large_image\" \/>\n<meta name=\"twitter:creator\" content=\"@https:\/\/twitter.com\/viniciuspjornal\" \/>\n<meta name=\"twitter:site\" content=\"@sunoresearch\" \/>\n<meta name=\"twitter:label1\" content=\"Escrito por\" \/>\n\t<meta name=\"twitter:data1\" content=\"Vinicius Pereira\" \/>\n\t<meta name=\"twitter:label2\" content=\"Est. tempo de leitura\" \/>\n\t<meta name=\"twitter:data2\" content=\"8 minutos\" \/>\n<script type=\"application\/ld+json\" class=\"yoast-schema-graph\">{\"@context\":\"https:\/\/schema.org\",\"@graph\":[{\"@type\":\"NewsArticle\",\"@id\":\"https:\/\/www.suno.com.br\/noticias\/crescimento-voltara-em-2021-diz-luis-figueiredo-da-maua-capital\/#article\",\"isPartOf\":{\"@id\":\"https:\/\/www.suno.com.br\/noticias\/crescimento-voltara-em-2021-diz-luis-figueiredo-da-maua-capital\/\"},\"author\":{\"name\":\"Vinicius Pereira\",\"@id\":\"https:\/\/www.suno.com.br\/noticias\/#\/schema\/person\/a20761b96e4df7eb57f1f9e41be1dbf3\"},\"headline\":\"Crescimento voltar\u00e1 em 2021, diz Luiz Figueiredo da Mau\u00e1 Capital\",\"datePublished\":\"2019-10-25T23:51:29+00:00\",\"dateModified\":\"2019-10-28T19:50:27+00:00\",\"mainEntityOfPage\":{\"@id\":\"https:\/\/www.suno.com.br\/noticias\/crescimento-voltara-em-2021-diz-luis-figueiredo-da-maua-capital\/\"},\"wordCount\":1582,\"publisher\":{\"@id\":\"https:\/\/www.suno.com.br\/noticias\/#organization\"},\"image\":{\"@id\":\"https:\/\/www.suno.com.br\/noticias\/crescimento-voltara-em-2021-diz-luis-figueiredo-da-maua-capital\/#primaryimage\"},\"thumbnailUrl\":\"https:\/\/files.sunoresearch.com.br\/n\/uploads\/2019\/10\/0e81fb44-luiz-fernando-figueiredo-jpg.webp\",\"keywords\":[\"Mau\u00e1 Capital\",\"mercado financeiro\",\"Produto Interno Bruto (PIB)\"],\"articleSection\":[\"Entrevistas\"],\"inLanguage\":\"pt-BR\"},{\"@type\":\"WebPage\",\"@id\":\"https:\/\/www.suno.com.br\/noticias\/crescimento-voltara-em-2021-diz-luis-figueiredo-da-maua-capital\/\",\"url\":\"https:\/\/www.suno.com.br\/noticias\/crescimento-voltara-em-2021-diz-luis-figueiredo-da-maua-capital\/\",\"name\":\"Crescimento voltar\u00e1 em 2021, diz Luis Figueiredo da Mau\u00e1 Capital\",\"isPartOf\":{\"@id\":\"https:\/\/www.suno.com.br\/noticias\/#website\"},\"primaryImageOfPage\":{\"@id\":\"https:\/\/www.suno.com.br\/noticias\/crescimento-voltara-em-2021-diz-luis-figueiredo-da-maua-capital\/#primaryimage\"},\"image\":{\"@id\":\"https:\/\/www.suno.com.br\/noticias\/crescimento-voltara-em-2021-diz-luis-figueiredo-da-maua-capital\/#primaryimage\"},\"thumbnailUrl\":\"https:\/\/files.sunoresearch.com.br\/n\/uploads\/2019\/10\/0e81fb44-luiz-fernando-figueiredo-jpg.webp\",\"datePublished\":\"2019-10-25T23:51:29+00:00\",\"dateModified\":\"2019-10-28T19:50:27+00:00\",\"description\":\"O Brasil deve voltar a ter um crescimento robusto, acima de 3%, s\u00f3 a partir de 20121, segundo Luiz Fernando Figueiredo, CEO da Mau\u00e1 Capital.\",\"breadcrumb\":{\"@id\":\"https:\/\/www.suno.com.br\/noticias\/crescimento-voltara-em-2021-diz-luis-figueiredo-da-maua-capital\/#breadcrumb\"},\"inLanguage\":\"pt-BR\",\"potentialAction\":[{\"@type\":\"ReadAction\",\"target\":[\"https:\/\/www.suno.com.br\/noticias\/crescimento-voltara-em-2021-diz-luis-figueiredo-da-maua-capital\/\"]}]},{\"@type\":\"ImageObject\",\"inLanguage\":\"pt-BR\",\"@id\":\"https:\/\/www.suno.com.br\/noticias\/crescimento-voltara-em-2021-diz-luis-figueiredo-da-maua-capital\/#primaryimage\",\"url\":\"https:\/\/files.sunoresearch.com.br\/n\/uploads\/2019\/10\/0e81fb44-luiz-fernando-figueiredo-jpg.webp\",\"contentUrl\":\"https:\/\/files.sunoresearch.com.br\/n\/uploads\/2019\/10\/0e81fb44-luiz-fernando-figueiredo-jpg.webp\",\"width\":768,\"height\":512,\"caption\":\"Crescimento voltar\u00e1 em 2021, diz Luis Figueiredo da Mau\u00e1 Capital\"},{\"@type\":\"BreadcrumbList\",\"@id\":\"https:\/\/www.suno.com.br\/noticias\/crescimento-voltara-em-2021-diz-luis-figueiredo-da-maua-capital\/#breadcrumb\",\"itemListElement\":[{\"@type\":\"ListItem\",\"position\":1,\"name\":\"Not\u00edcias\",\"item\":\"https:\/\/www.suno.com.br\/noticias\/\"},{\"@type\":\"ListItem\",\"position\":2,\"name\":\"Entrevistas\",\"item\":\"https:\/\/www.suno.com.br\/noticias\/entrevistas\/\"},{\"@type\":\"ListItem\",\"position\":3,\"name\":\"Crescimento voltar\u00e1 em 2021, diz Luiz Figueiredo da Mau\u00e1 Capital\"}]},{\"@type\":\"WebSite\",\"@id\":\"https:\/\/www.suno.com.br\/noticias\/#website\",\"url\":\"https:\/\/www.suno.com.br\/noticias\/\",\"name\":\"Suno Not\u00edcias\",\"description\":\"Seu portal de informa\u00e7\u00e3o sobre o mundo dos investimentos\",\"publisher\":{\"@id\":\"https:\/\/www.suno.com.br\/noticias\/#organization\"},\"potentialAction\":[{\"@type\":\"SearchAction\",\"target\":{\"@type\":\"EntryPoint\",\"urlTemplate\":\"https:\/\/www.suno.com.br\/noticias\/?s={search_term_string}\"},\"query-input\":{\"@type\":\"PropertyValueSpecification\",\"valueRequired\":true,\"valueName\":\"search_term_string\"}}],\"inLanguage\":\"pt-BR\"},{\"@type\":\"Organization\",\"@id\":\"https:\/\/www.suno.com.br\/noticias\/#organization\",\"name\":\"Suno Not\u00edcias\",\"url\":\"https:\/\/www.suno.com.br\/noticias\/\",\"logo\":{\"@type\":\"ImageObject\",\"inLanguage\":\"pt-BR\",\"@id\":\"https:\/\/www.suno.com.br\/noticias\/#\/schema\/logo\/image\/\",\"url\":\"https:\/\/files.sunoresearch.com.br\/n\/uploads\/2021\/09\/suno-logo.png\",\"contentUrl\":\"https:\/\/files.sunoresearch.com.br\/n\/uploads\/2021\/09\/suno-logo.png\",\"width\":180,\"height\":180,\"caption\":\"Suno Not\u00edcias\"},\"image\":{\"@id\":\"https:\/\/www.suno.com.br\/noticias\/#\/schema\/logo\/image\/\"},\"sameAs\":[\"https:\/\/facebook.com\/sunoresearch\",\"https:\/\/x.com\/sunoresearch\",\"https:\/\/www.instagram.com\/suno\",\"https:\/\/www.linkedin.com\/company\/suno-research\/\",\"https:\/\/www.youtube.com\/c\/sunoresearch\"]},{\"@type\":\"Person\",\"@id\":\"https:\/\/www.suno.com.br\/noticias\/#\/schema\/person\/a20761b96e4df7eb57f1f9e41be1dbf3\",\"name\":\"Vinicius Pereira\",\"image\":{\"@type\":\"ImageObject\",\"inLanguage\":\"pt-BR\",\"@id\":\"https:\/\/www.suno.com.br\/noticias\/#\/schema\/person\/image\/\",\"url\":\"https:\/\/secure.gravatar.com\/avatar\/783866b933198f5cc4c5d03fcc8b1301?s=96&r=g\",\"contentUrl\":\"https:\/\/secure.gravatar.com\/avatar\/783866b933198f5cc4c5d03fcc8b1301?s=96&r=g\",\"caption\":\"Vinicius Pereira\"},\"description\":\"Vinicius Pereira foi rep\u00f3rter de economia da Folha de S.Paulo, stringer do jornal no Canad\u00e1 e colaborador de VEJA. J\u00e1 escreveu tamb\u00e9m para BBC Brasil, The Intercept Brasil e UOL. Tem MBA em Informa\u00e7\u00f5es Econ\u00f4mico-Financeiras e Mercado de Capitais pela FIA\/B3.\",\"sameAs\":[\"https:\/\/x.com\/https:\/\/twitter.com\/viniciuspjornal\"],\"url\":\"https:\/\/www.suno.com.br\/noticias\/author\/vinicius-pereira\/\"}]}<\/script>\n<!-- \/ Yoast SEO plugin. -->","yoast_head_json":{"title":"Crescimento voltar\u00e1 em 2021, diz Luis Figueiredo da Mau\u00e1 Capital","description":"O Brasil deve voltar a ter um crescimento robusto, acima de 3%, s\u00f3 a partir de 20121, segundo Luiz Fernando Figueiredo, CEO da Mau\u00e1 Capital.","robots":{"index":"index","follow":"follow","max-snippet":"max-snippet:-1","max-image-preview":"max-image-preview:large","max-video-preview":"max-video-preview:-1"},"canonical":"https:\/\/www.suno.com.br\/noticias\/crescimento-voltara-em-2021-diz-luis-figueiredo-da-maua-capital\/","og_locale":"pt_BR","og_type":"article","og_title":"Crescimento voltar\u00e1 em 2021, diz Luis Figueiredo da Mau\u00e1 Capital","og_description":"O Brasil deve voltar a ter um crescimento robusto, acima de 3%, s\u00f3 a partir de 20121, segundo Luiz Fernando Figueiredo, CEO da Mau\u00e1 Capital.","og_url":"https:\/\/www.suno.com.br\/noticias\/crescimento-voltara-em-2021-diz-luis-figueiredo-da-maua-capital\/","og_site_name":"Suno Not\u00edcias","article_publisher":"https:\/\/facebook.com\/sunoresearch","og_image":[{"width":768,"height":512,"url":"https:\/\/files.sunoresearch.com.br\/n\/uploads\/2019\/10\/0e81fb44-luiz-fernando-figueiredo.jpg","type":"image\/jpeg"}],"author":"Vinicius Pereira","twitter_card":"summary_large_image","twitter_creator":"@https:\/\/twitter.com\/viniciuspjornal","twitter_site":"@sunoresearch","twitter_misc":{"Escrito por":"Vinicius Pereira","Est. tempo de leitura":"8 minutos"},"schema":{"@context":"https:\/\/schema.org","@graph":[{"@type":"NewsArticle","@id":"https:\/\/www.suno.com.br\/noticias\/crescimento-voltara-em-2021-diz-luis-figueiredo-da-maua-capital\/#article","isPartOf":{"@id":"https:\/\/www.suno.com.br\/noticias\/crescimento-voltara-em-2021-diz-luis-figueiredo-da-maua-capital\/"},"author":{"name":"Vinicius Pereira","@id":"https:\/\/www.suno.com.br\/noticias\/#\/schema\/person\/a20761b96e4df7eb57f1f9e41be1dbf3"},"headline":"Crescimento voltar\u00e1 em 2021, diz Luiz Figueiredo da Mau\u00e1 Capital","datePublished":"2019-10-25T23:51:29+00:00","dateModified":"2019-10-28T19:50:27+00:00","mainEntityOfPage":{"@id":"https:\/\/www.suno.com.br\/noticias\/crescimento-voltara-em-2021-diz-luis-figueiredo-da-maua-capital\/"},"wordCount":1582,"publisher":{"@id":"https:\/\/www.suno.com.br\/noticias\/#organization"},"image":{"@id":"https:\/\/www.suno.com.br\/noticias\/crescimento-voltara-em-2021-diz-luis-figueiredo-da-maua-capital\/#primaryimage"},"thumbnailUrl":"https:\/\/files.sunoresearch.com.br\/n\/uploads\/2019\/10\/0e81fb44-luiz-fernando-figueiredo-jpg.webp","keywords":["Mau\u00e1 Capital","mercado financeiro","Produto Interno Bruto (PIB)"],"articleSection":["Entrevistas"],"inLanguage":"pt-BR"},{"@type":"WebPage","@id":"https:\/\/www.suno.com.br\/noticias\/crescimento-voltara-em-2021-diz-luis-figueiredo-da-maua-capital\/","url":"https:\/\/www.suno.com.br\/noticias\/crescimento-voltara-em-2021-diz-luis-figueiredo-da-maua-capital\/","name":"Crescimento voltar\u00e1 em 2021, diz Luis Figueiredo da Mau\u00e1 Capital","isPartOf":{"@id":"https:\/\/www.suno.com.br\/noticias\/#website"},"primaryImageOfPage":{"@id":"https:\/\/www.suno.com.br\/noticias\/crescimento-voltara-em-2021-diz-luis-figueiredo-da-maua-capital\/#primaryimage"},"image":{"@id":"https:\/\/www.suno.com.br\/noticias\/crescimento-voltara-em-2021-diz-luis-figueiredo-da-maua-capital\/#primaryimage"},"thumbnailUrl":"https:\/\/files.sunoresearch.com.br\/n\/uploads\/2019\/10\/0e81fb44-luiz-fernando-figueiredo-jpg.webp","datePublished":"2019-10-25T23:51:29+00:00","dateModified":"2019-10-28T19:50:27+00:00","description":"O Brasil deve voltar a ter um crescimento robusto, acima de 3%, s\u00f3 a partir de 20121, segundo Luiz Fernando Figueiredo, CEO da Mau\u00e1 Capital.","breadcrumb":{"@id":"https:\/\/www.suno.com.br\/noticias\/crescimento-voltara-em-2021-diz-luis-figueiredo-da-maua-capital\/#breadcrumb"},"inLanguage":"pt-BR","potentialAction":[{"@type":"ReadAction","target":["https:\/\/www.suno.com.br\/noticias\/crescimento-voltara-em-2021-diz-luis-figueiredo-da-maua-capital\/"]}]},{"@type":"ImageObject","inLanguage":"pt-BR","@id":"https:\/\/www.suno.com.br\/noticias\/crescimento-voltara-em-2021-diz-luis-figueiredo-da-maua-capital\/#primaryimage","url":"https:\/\/files.sunoresearch.com.br\/n\/uploads\/2019\/10\/0e81fb44-luiz-fernando-figueiredo-jpg.webp","contentUrl":"https:\/\/files.sunoresearch.com.br\/n\/uploads\/2019\/10\/0e81fb44-luiz-fernando-figueiredo-jpg.webp","width":768,"height":512,"caption":"Crescimento voltar\u00e1 em 2021, diz Luis Figueiredo da Mau\u00e1 Capital"},{"@type":"BreadcrumbList","@id":"https:\/\/www.suno.com.br\/noticias\/crescimento-voltara-em-2021-diz-luis-figueiredo-da-maua-capital\/#breadcrumb","itemListElement":[{"@type":"ListItem","position":1,"name":"Not\u00edcias","item":"https:\/\/www.suno.com.br\/noticias\/"},{"@type":"ListItem","position":2,"name":"Entrevistas","item":"https:\/\/www.suno.com.br\/noticias\/entrevistas\/"},{"@type":"ListItem","position":3,"name":"Crescimento voltar\u00e1 em 2021, diz Luiz Figueiredo da Mau\u00e1 Capital"}]},{"@type":"WebSite","@id":"https:\/\/www.suno.com.br\/noticias\/#website","url":"https:\/\/www.suno.com.br\/noticias\/","name":"Suno Not\u00edcias","description":"Seu portal de informa\u00e7\u00e3o sobre o mundo dos investimentos","publisher":{"@id":"https:\/\/www.suno.com.br\/noticias\/#organization"},"potentialAction":[{"@type":"SearchAction","target":{"@type":"EntryPoint","urlTemplate":"https:\/\/www.suno.com.br\/noticias\/?s={search_term_string}"},"query-input":{"@type":"PropertyValueSpecification","valueRequired":true,"valueName":"search_term_string"}}],"inLanguage":"pt-BR"},{"@type":"Organization","@id":"https:\/\/www.suno.com.br\/noticias\/#organization","name":"Suno Not\u00edcias","url":"https:\/\/www.suno.com.br\/noticias\/","logo":{"@type":"ImageObject","inLanguage":"pt-BR","@id":"https:\/\/www.suno.com.br\/noticias\/#\/schema\/logo\/image\/","url":"https:\/\/files.sunoresearch.com.br\/n\/uploads\/2021\/09\/suno-logo.png","contentUrl":"https:\/\/files.sunoresearch.com.br\/n\/uploads\/2021\/09\/suno-logo.png","width":180,"height":180,"caption":"Suno Not\u00edcias"},"image":{"@id":"https:\/\/www.suno.com.br\/noticias\/#\/schema\/logo\/image\/"},"sameAs":["https:\/\/facebook.com\/sunoresearch","https:\/\/x.com\/sunoresearch","https:\/\/www.instagram.com\/suno","https:\/\/www.linkedin.com\/company\/suno-research\/","https:\/\/www.youtube.com\/c\/sunoresearch"]},{"@type":"Person","@id":"https:\/\/www.suno.com.br\/noticias\/#\/schema\/person\/a20761b96e4df7eb57f1f9e41be1dbf3","name":"Vinicius Pereira","image":{"@type":"ImageObject","inLanguage":"pt-BR","@id":"https:\/\/www.suno.com.br\/noticias\/#\/schema\/person\/image\/","url":"https:\/\/secure.gravatar.com\/avatar\/783866b933198f5cc4c5d03fcc8b1301?s=96&r=g","contentUrl":"https:\/\/secure.gravatar.com\/avatar\/783866b933198f5cc4c5d03fcc8b1301?s=96&r=g","caption":"Vinicius Pereira"},"description":"Vinicius Pereira foi rep\u00f3rter de economia da Folha de S.Paulo, stringer do jornal no Canad\u00e1 e colaborador de VEJA. J\u00e1 escreveu tamb\u00e9m para BBC Brasil, The Intercept Brasil e UOL. Tem MBA em Informa\u00e7\u00f5es Econ\u00f4mico-Financeiras e Mercado de Capitais pela FIA\/B3.","sameAs":["https:\/\/x.com\/https:\/\/twitter.com\/viniciuspjornal"],"url":"https:\/\/www.suno.com.br\/noticias\/author\/vinicius-pereira\/"}]}},"default_loop_html":"<div class=\"cardsPage__listCard__boxs\"><div class=\"cardsPage__listCard__boxs__img\"><a href=\"https:\/\/www.suno.com.br\/noticias\/crescimento-voltara-em-2021-diz-luis-figueiredo-da-maua-capital\/\"><img class=\"mask\" src=\"https:\/\/www.suno.com.br\/noticias\/wp-content\/themes\/suno\/resources\/images\/spotlight\/spotlight1img\/bg-mask.png\" alt=\"Image Mask\"\/><img src=\"https:\/\/files.sunoresearch.com.br\/n\/uploads\/2019\/10\/0e81fb44-luiz-fernando-figueiredo-400x200.webp\" alt=\"Crescimento voltar\u00e1 em 2021, diz Luiz Figueiredo da Mau\u00e1 Capital\"\/><\/a><span class=\"spotlightCategory\"><a href=\"https:\/\/www.suno.com.br\/noticias\/entrevistas\/\">Entrevistas<\/a><\/span><\/div><div class=\"cardsPage__listCard__boxs__content\"><a href=\"https:\/\/www.suno.com.br\/noticias\/crescimento-voltara-em-2021-diz-luis-figueiredo-da-maua-capital\/\"><h2 class=\"content__title\">Crescimento voltar\u00e1 em 2021, diz Luiz Figueiredo da Mau\u00e1 Capital<\/h2><\/a><div class=\"newsContent__article__meta\"><div class=\"newsContent__article__meta__authorBox\"><a href=\"https:\/\/www.suno.com.br\/noticias\/author\/vinicius-pereira\/\" class=\"authorBox__avatar noMobi\"><img src=\"https:\/\/files.sunoresearch.com.br\/n\/uploads\/2020\/08\/77510613-whatsapp-image-2020-08-03-at-13.40.40-150x150.webp\" alt=\"Vinicius Pereira\"><\/a><div class=\"authorBox__name\"><span>por\n\t\t\t<a href=\"https:\/\/www.suno.com.br\/noticias\/author\/vinicius-pereira\/\"><span itemprop=\"author\">Vinicius Pereira<\/span><\/a><\/span><time datetime=\"2019-10-25T21:51:29-03:00\" itemprop=\"datePublished\">25\/10\/2019 21:51<\/time><\/div><\/div><\/div><\/div><\/div>","single_layout":"posts","amp_enabled":true,"_links":{"self":[{"href":"https:\/\/www.suno.com.br\/noticias\/wp-json\/wp\/v2\/posts\/42470"}],"collection":[{"href":"https:\/\/www.suno.com.br\/noticias\/wp-json\/wp\/v2\/posts"}],"about":[{"href":"https:\/\/www.suno.com.br\/noticias\/wp-json\/wp\/v2\/types\/post"}],"author":[{"embeddable":true,"href":"https:\/\/www.suno.com.br\/noticias\/wp-json\/wp\/v2\/users\/27"}],"replies":[{"embeddable":true,"href":"https:\/\/www.suno.com.br\/noticias\/wp-json\/wp\/v2\/comments?post=42470"}],"version-history":[{"count":0,"href":"https:\/\/www.suno.com.br\/noticias\/wp-json\/wp\/v2\/posts\/42470\/revisions"}],"wp:featuredmedia":[{"embeddable":true,"href":"https:\/\/www.suno.com.br\/noticias\/wp-json\/wp\/v2\/media\/42477"}],"wp:attachment":[{"href":"https:\/\/www.suno.com.br\/noticias\/wp-json\/wp\/v2\/media?parent=42470"}],"wp:term":[{"taxonomy":"category","embeddable":true,"href":"https:\/\/www.suno.com.br\/noticias\/wp-json\/wp\/v2\/categories?post=42470"},{"taxonomy":"post_tag","embeddable":true,"href":"https:\/\/www.suno.com.br\/noticias\/wp-json\/wp\/v2\/tags?post=42470"},{"taxonomy":"suno_strategy","embeddable":true,"href":"https:\/\/www.suno.com.br\/noticias\/wp-json\/wp\/v2\/suno_strategy?post=42470"}],"curies":[{"name":"wp","href":"https:\/\/api.w.org\/{rel}","templated":true}]}}