{"id":424639,"date":"2023-07-03T22:23:47","date_gmt":"2023-07-04T01:23:47","guid":{"rendered":"https:\/\/www.suno.com.br\/noticias\/?p=424639"},"modified":"2023-07-03T22:24:01","modified_gmt":"2023-07-04T01:24:01","slug":"radar-brf-brfs3-mrv-mrve3-prio-prio3-vl","status":"publish","type":"post","link":"https:\/\/www.suno.com.br\/noticias\/radar-brf-brfs3-mrv-mrve3-prio-prio3-vl\/","title":{"rendered":"Radar: BRF (BRFS3) far\u00e1 aumento de capital,  MRV (MRVE3) contrata bancos para follow-on e PRIO (PRIO3) anuncia JCP milion\u00e1rio"},"content":{"rendered":"<p>O conselho de administra\u00e7\u00e3o da&nbsp;<a href=\"https:\/\/www.suno.com.br\/acoes\/BRFS3\/\"><strong>BRF<\/strong>&nbsp;(BRFS3)<\/a>&nbsp;aprovou nesta segunda-feira (3) um aumento de capital de 500 milh\u00f5es de a\u00e7\u00f5es de emiss\u00e3o da empresa, passando das atuais 1,325 bilh\u00e3o para 1,825 bilh\u00e3o de a\u00e7\u00f5es ordin\u00e1rias.<\/p>\t<div class=\"wrapper-featured-image\">\n\t\t<figure class=\"spotlightImg\">\n\n\t\t\t<picture>\n\t\t\t\t<source media=\"(max-width: 768px)\" srcset=\"https:\/\/files.sunoresearch.com.br\/n\/uploads\/2019\/11\/c790d7a1-brf-400x200.webp\">\n\t\t\t\t<img loading=\"lazy\" decoding=\"async\" class=\"newsContent__article__imgCapa lazyloadDisabled \" src=\"https:\/\/files.sunoresearch.com.br\/n\/uploads\/2019\/11\/c790d7a1-brf-800x450.webp\" width=\"800\" height=\"450\" alt=\"Radar: BRF (BRFS3) far\u00e1 aumento de capital,  MRV (MRVE3) contrata bancos para follow-on e PRIO (PRIO3) anuncia JCP milion\u00e1rio\" fetchpriority=high \/>\n\t\t\t<\/picture>\n\n\t\t\t<figcaption class=\"wp-caption-text wp-caption-text--show\">BRF (BRFS3) dispara quase 11% e Marfrig (MRFG3) avan\u00e7a 6%; Entenda o que aconteceu. Divulga\u00e7\u00e3o BRF<\/figcaption>\n\t\t<\/figure>\n\t<\/div>\n\n\n\n\n\n\t<p>\n\t\t<a href=\"https:\/\/lp.suno.com.br\/planilha-da-vida-financeira\/\" target=\"_blank\" data-element=\"shortcode-suno-banner\" title=\"Banner SUNO, clique e saiba mais\">\n\t\t\t<picture>\n\t\t\t\t<source media=\"(max-width: 500px)\" srcset=\"https:\/\/files.sunoresearch.com.br\/n\/uploads\/2023\/04\/400x300-Planilha-vida-financeira-true.png\">\n\t\t\t\t<img class=\"newsContent__article__imgCapa newsContent__article__imgCapa--banner\"\n\t\t\t\t\tsrc=\"https:\/\/files.sunoresearch.com.br\/n\/uploads\/2023\/04\/1420x240-Planilha-vida-financeira-true.png\"\n\t\t\t\t\tdata-promo-id=\"106682\"\t\t\t\t\t\t\t\t\t\twidth='1420' height='240'\t\t\t\t\talt=\"https:\/\/files.sunoresearch.com.br\/n\/uploads\/2023\/04\/1420x240-Planilha-vida-financeira-true.png\"\n\t\t\t\t>\n\t\t\t<\/picture>\n\t\t<\/a>\n\t<\/p>\n\n\n\n\n\n\n\n<p>Al\u00e9m do&nbsp;<strong>aumento de capital da BRF<\/strong>, nesta segunda a companhia se manifestou a respeito de uma potencial<strong>&nbsp;oferta p\u00fablica&nbsp;<\/strong>de distribui\u00e7\u00e3o de a\u00e7\u00f5es envolvendo o fundo soberano da Ar\u00e1bia Saudita, Salic, e a&nbsp;<a href=\"https:\/\/www.suno.com.br\/acoes\/mrfg3\/\">Marfrig (MRFG3)<\/a>, do empres\u00e1rio Marcos Molina, divulgada pelo jornal Valor Econ\u00f4mico na \u00faltima sexta-feira (30).<\/p>\n\n\n\n<p>De acordo com a BRF, \u201cat\u00e9 o presente momento, n\u00e3o existem informa\u00e7\u00f5es precisas e concretas a respeito do cronograma da oferta, uma vez que a realiza\u00e7\u00e3o da oferta est\u00e1 condicionada a aprova\u00e7\u00f5es societ\u00e1rias ainda n\u00e3o obtidas\u201d.<\/p>\n\n\n\n<p>Segundo o Valor, a&nbsp;<strong>opera\u00e7\u00e3o da BRF<\/strong>&nbsp;injetar\u00e1 R$ 4,5 bilh\u00f5es na dona das marcas Sadia e Perdig\u00e3o, sendo metade de cada fundo. A negocia\u00e7\u00e3o ser\u00e1 precificada apenas na semana do dia 10 de julho, de acordo com fontes.<\/p>\n\n\n\n<p>Com isso, a Marfrig, que possui 33% do capital da companhia, dever\u00e1 passar a uma fatia de 38,7%, enquanto a Salic, que tamb\u00e9m \u00e9 acionista da&nbsp;<a href=\"https:\/\/www.suno.com.br\/acoes\/beef3\/\">Minerva (BEEF3)<\/a>, passar\u00e1 a deter uma participa\u00e7\u00e3o de 16% na empresa.<\/p>\n\n\n\n<p>Ainda de acordo com a apura\u00e7\u00e3o do Valor Econ\u00f4mico, as fatias podem mudar caso haja demanda dos investidores. Os coordenadores da oferta incluem JP Morgan, Bradesco BBI,&nbsp;<a href=\"https:\/\/www.suno.com.br\/acoes\/bpac11\/\">BTG Pactual (BPAC11)<\/a>, Citi, Ita\u00fa BBA, Safra, UBS BB e&nbsp;<a href=\"https:\/\/www.suno.com.br\/bdrs\/xpbr31\/\">XP (XPBR31)<\/a>.<\/p>\n\n\n\n<p>Al\u00e9m de BRF, confira outros destaques desta segunda-feira:<\/p>\n\n\n\n<h2 class=\"wp-block-heading\">MRV (MRVE3) contrata bancos para realizar follow-on e a\u00e7\u00f5es caem; entenda<\/h2>\n\n\n\n<ul class=\"wp-block-list\">\n<li>As a\u00e7\u00f5es da&nbsp;<a href=\"https:\/\/www.suno.com.br\/acoes\/mrve3\/\" target=\"_blank\" rel=\"noreferrer noopener\"><strong>MRV<\/strong>&nbsp;(MRVE3)<\/a>&nbsp;fecharam em queda nesta segunda-feira (3), com o mercado repercutindo a not\u00edcia divulgada pelo jornal Valor Econ\u00f4mico de que a construtora contratou um sindicato de bancos para estruturar sua oferta subsequente de a\u00e7\u00f5es&nbsp;<a href=\"https:\/\/www.suno.com.br\/guias\/follow-on\/\" target=\"_blank\" rel=\"noreferrer noopener\">(follow-on)<\/a>.<\/li>\n<\/ul>\n\n\n\n<ul class=\"wp-block-list\">\n<li>No fechamento, as&nbsp;<strong>a\u00e7\u00f5es ordin\u00e1rias da MRV<\/strong>&nbsp;ca\u00edram 3,11%, a R$ 11,21.<\/li>\n<\/ul>\n\n\n\n<ul class=\"wp-block-list\">\n<li>Segundo a publica\u00e7\u00e3o,&nbsp;<a href=\"https:\/\/www.suno.com.br\/acoes\/bpac11\/\">BTG Pactual (BPAC11)<\/a>, Ita\u00fa BBA e Bradesco BBI s\u00e3o algumas das institui\u00e7\u00f5es que fazem parte do grupo.<\/li>\n<\/ul>\n\n\n\n<ul class=\"wp-block-list\">\n<li>Segundo informa\u00e7\u00f5es do Brazil Journal, a empresa pretende captar entre R$ 500 mi e R$ 1 bi.<\/li>\n<\/ul>\n\n\n\n<ul class=\"wp-block-list\">\n<li>A ideia da companhia \u00e9 aproveitar o momento favor\u00e1vel para lan\u00e7ar sua oferta para captar dinheiro e fazer frente aos investimentos do&nbsp;<strong>programa Minha Casa, Minha Vida<\/strong>. A expectativa \u00e9 de que a&nbsp;<strong>oferta da MRV<\/strong>&nbsp;seja lan\u00e7ada nos pr\u00f3ximos dias, disse o Valor.<\/li>\n<\/ul>\n\n\n\n<ul class=\"wp-block-list\">\n<li>A queda pode ter sido um movimento de corre\u00e7\u00e3o: na sexta, os pap\u00e9is da MRV subiram 3,58% \u2013 era terceiro dia seguido de altas.<\/li>\n<\/ul>\n\n\n\n<ul class=\"wp-block-list\">\n<li>Na \u00faltima sexta-feira (30), a&nbsp;<a href=\"https:\/\/suno.com.br\/acoes\/dirr3\/\">Direcional&nbsp;(DIRR3)<\/a>&nbsp;comunicou \u00e0&nbsp;<a href=\"https:\/\/www.suno.com.br\/artigos\/cvm\/\" target=\"_blank\" rel=\"noreferrer noopener\">Comiss\u00e3o de Valores Mobili\u00e1rios (CVM)<\/a>&nbsp;a precifica\u00e7\u00e3o de oferta p\u00fablica de distribui\u00e7\u00e3o prim\u00e1ria de&nbsp;<a href=\"https:\/\/www.suno.com.br\/artigos\/o-que-sao-acoes-ordinarias-preferenciais-e-units\/\" target=\"_blank\" rel=\"noreferrer noopener\">a\u00e7\u00f5es ordin\u00e1rias<\/a>. As negocia\u00e7\u00f5es tiveram inicio na bolsa de valores brasileira, B3 \u2013 Brasil, Bolsa, Balc\u00e3o (B3SA3) nesta segunda-feira (3). Na ter\u00e7a-feira (4), ocorrer\u00e1 a liquida\u00e7\u00e3o f\u00edsica e financeira dos ativos.<\/li>\n<\/ul>\n\n\n\n<ul class=\"wp-block-list\">\n<li>De acordo com a&nbsp;Direcional, o pre\u00e7o de subscri\u00e7\u00e3o por a\u00e7\u00e3o inicialmente ser\u00e1 de R$ 18,25. O valor foi fixado pelo&nbsp;<a href=\"https:\/\/www.suno.com.br\/artigos\/conselho-administracao\/\" target=\"_blank\" rel=\"noreferrer noopener\">conselho de administra\u00e7\u00e3o<\/a>&nbsp;ap\u00f3s a an\u00e1lise de inten\u00e7\u00f5es dos investidores na construtora.<\/li>\n<\/ul>\n\n\n\n<h2 class=\"wp-block-heading\">PRIO (PRIO3) anuncia pagamento milion\u00e1rio de JCP; veja valor por a\u00e7\u00e3o<\/h2>\n\n\n\n<ul class=\"wp-block-list\">\n<li>O conselho de administra\u00e7\u00e3o da&nbsp;<strong>PRIO<\/strong>, ex-<a href=\"https:\/\/www.suno.com.br\/acoes\/PRIO3\/\" target=\"_blank\" rel=\"noreferrer noopener\">PetroRio (PRIO3)<\/a>, aprovou na \u00faltima sexta-feira (30) o pagamento de juros sobre capital pr\u00f3prio (JCP) relativo ao exerc\u00edcio de 2023.<\/li>\n<\/ul>\n\n\n\n<ul class=\"wp-block-list\">\n<li>O valor total dos&nbsp;<strong>JCP da PRIO<\/strong>&nbsp;ser\u00e1 de R$ 188,9 milh\u00f5es, equivalente a R$ 0,00037 por a\u00e7\u00e3o. O pagamento ser\u00e1 realizado em at\u00e9 123 dias ap\u00f3s a aprova\u00e7\u00e3o.<\/li>\n<\/ul>\n\n\n\n<ul class=\"wp-block-list\">\n<li>O pagamentos dos juros sobre capital pr\u00f3prio estar\u00e1 sujeito \u00e0 incid\u00eancia de 15% de Imposto de Renda, na forma da legisla\u00e7\u00e3o vigente.<\/li>\n<\/ul>\n\n\n\n<h2 class=\"wp-block-heading\">Alupar (ALUP11) e CPFL (CPFE3) entram na carteira de dividendos do BTG para julho; B3 (B3SA3) sai da lista<\/h2>\n\n\n\n<ul class=\"wp-block-list\">\n<li>O BTG Pactual anunciou, nesta segunda-feira (3), que fez altera\u00e7\u00f5es em sua carteira de&nbsp;<strong>dividendos<\/strong>, recomendando novas a\u00e7\u00f5es para o m\u00eas de julho.<\/li>\n<\/ul>\n\n\n\n<ul class=\"wp-block-list\">\n<li>Para o m\u00eas foram inseridas as a\u00e7\u00f5es da&nbsp;<a href=\"https:\/\/www.suno.com.br\/acoes\/ALUP11\/\" target=\"_blank\" rel=\"noreferrer noopener\">Alupar (ALUP11)<\/a>,&nbsp;<a href=\"https:\/\/www.suno.com.br\/acoes\/CPFE3\/\" target=\"_blank\" rel=\"noreferrer noopener\">CPFL (CPFE3)<\/a>,&nbsp;<a href=\"https:\/\/www.suno.com.br\/acoes\/PSSA3\/\" target=\"_blank\" rel=\"noreferrer noopener\">Porto Seguro (PSSA3)<\/a>,&nbsp;<a href=\"https:\/\/www.suno.com.br\/acoes\/BEEF3\/\" target=\"_blank\" rel=\"noreferrer noopener\">Minerva (BEEF3)<\/a>&nbsp;e&nbsp;<a href=\"https:\/\/www.suno.com.br\/acoes\/GGBR4\/\" target=\"_blank\" rel=\"noreferrer noopener\">Gerdau (GGBR4)<\/a>. Dessa forma, os pap\u00e9is do&nbsp;<a href=\"https:\/\/www.suno.com.br\/acoes\/BBAS3\/\" target=\"_blank\" rel=\"noreferrer noopener\">Banco do Brasil (BBAS3)<\/a>,&nbsp;<a href=\"https:\/\/www.suno.com.br\/acoes\/B3SA3\/\" target=\"_blank\" rel=\"noreferrer noopener\">B3 (B3SA3)<\/a>,&nbsp;<a href=\"https:\/\/www.suno.com.br\/acoes\/TIMS3\/\" target=\"_blank\" rel=\"noreferrer noopener\">Tim (TIMS3)<\/a>&nbsp;e&nbsp;<a href=\"https:\/\/www.suno.com.br\/acoes\/BBSE3\/\" target=\"_blank\" rel=\"noreferrer noopener\">BB Seguridade (BBSE3)<\/a>&nbsp;foram retirados.<\/li>\n<\/ul>\n\n\n\n<h2 class=\"wp-block-heading\">Dividendos maiores na Alupar<\/h2>\n\n\n\n<ul class=\"wp-block-list\">\n<li>Os&nbsp;<strong>analistas do BTG&nbsp;<\/strong>avaliam que a&nbsp;<strong>Alupa<\/strong>r, a partir da entrada em opera\u00e7\u00e3o dos empreendimentos em constru\u00e7\u00e3o, tem espa\u00e7o para pagamentos maiores de&nbsp;<a href=\"https:\/\/www.suno.com.br\/guias\/dividendos\/\" target=\"_blank\" rel=\"noreferrer noopener\">dividendos<\/a>&nbsp;nos pr\u00f3ximos trimestres, tendo em vista sua nova pol\u00edtica em vigor desde novembro.<\/li>\n<\/ul>\n\n\n\n<ul class=\"wp-block-list\">\n<li>\u201cA empresa tem um \u00f3timo hist\u00f3rico de&nbsp;<strong>aloca\u00e7\u00e3o de capita<\/strong>l, o que nos deixa tranquilos caso ela decida buscar crescimento adicional, principalmente os grandes valores a serem leiloados nos pr\u00f3ximos dois anos. Suas a\u00e7\u00f5es est\u00e3o sendo negociadas a uma TIR real de 7%\u201d, dizem os analistas do BTG.<\/li>\n<\/ul>\n\n\n\n<ul class=\"wp-block-list\">\n<li>No caso das&nbsp;<strong>a\u00e7\u00f5es da CPFL<\/strong>, o banco espera outra&nbsp;<strong>parcela de&nbsp;<a href=\"https:\/\/www.suno.com.br\/guias\/dividendos\/\" target=\"_blank\" rel=\"noreferrer noopener\">dividendos<\/a><\/strong>&nbsp;a ser anunciada este ano, a depender dos processos de M&amp;As em potencial.<\/li>\n<\/ul>\n\n\n\n<ul class=\"wp-block-list\">\n<li>Sobre a Porto Seguro, a&nbsp;<strong>equipe do BTG<\/strong>&nbsp;destaca o valuation atraente e um forte momento operacional, que pode impulsionar um bom desempenho das a\u00e7\u00f5es nos pr\u00f3ximos meses. \u201cCom o mercado aparentemente positivamente surpreendido com o desempenho da companhia, \u00e9 razo\u00e1vel esperar revis\u00f5es de lucros\u201d, explica o relat\u00f3rio do BTG.<a href=\"https:\/\/lp.suno.com.br\/pv\/sr-premium\/1-real-para-investir\/\" target=\"_blank\" rel=\"noreferrer noopener\"><\/a><\/li>\n<\/ul>\n\n\n\t<p>\n\t\t<a href=\"https:\/\/lp.suno.com.br\/ebook-como-analisar-uma-acao\/\" target=\"_blank\" data-element=\"shortcode-suno-banner\" title=\"Banner SUNO, clique e saiba mais\">\n\t\t\t<picture>\n\t\t\t\t<source media=\"(max-width: 500px)\" srcset=\"https:\/\/files.sunoresearch.com.br\/n\/uploads\/2023\/03\/Ebook-Acoes-Mobile.jpg\">\n\t\t\t\t<img class=\"newsContent__article__imgCapa newsContent__article__imgCapa--banner\"\n\t\t\t\t\tsrc=\"https:\/\/files.sunoresearch.com.br\/n\/uploads\/2023\/03\/Ebook-Acoes-Desktop.jpg\"\n\t\t\t\t\tdata-promo-id=\"378302\"\t\t\t\t\t\t\t\t\t\twidth='1420' height='286'\t\t\t\t\talt=\"https:\/\/files.sunoresearch.com.br\/n\/uploads\/2023\/03\/Ebook-Acoes-Desktop.jpg\"\n\t\t\t\t>\n\t\t\t<\/picture>\n\t\t<\/a>\n\t<\/p>\n\n\n\n\n\n<h2 class=\"wp-block-heading\">Via (VIIA3) e Tim (TIMS3) ficam de fora da carteira do BB Investimentos para julho; veja lista<\/h2>\n\n\n\n<ul class=\"wp-block-list\">\n<li>O&nbsp;<strong>BB Investimento<\/strong>&nbsp;renovou, nesta segunda-feira (3), 100% de sua&nbsp;<a href=\"https:\/\/www.suno.com.br\/artigos\/carteira-recomendada\/\" target=\"_blank\" rel=\"noreferrer noopener\">carteira recomendada<\/a>&nbsp;de a\u00e7\u00f5es para julho, que tem por objetivo superar o \u00edndice Ibovespa. Para o m\u00eas de julho sa\u00edram&nbsp;<a href=\"https:\/\/www.suno.com.br\/acoes\/CRFB3\/\" target=\"_blank\" rel=\"noreferrer noopener\">Carrefour (CRFB3)<\/a>,&nbsp;<a href=\"https:\/\/www.suno.com.br\/acoes\/TIMS3\/\" target=\"_blank\" rel=\"noreferrer noopener\">Tim (TIMS3)<\/a>,&nbsp;<a href=\"https:\/\/www.suno.com.br\/acoes\/SOMA3\/\" target=\"_blank\" rel=\"noreferrer noopener\">Grupo Soma (SOMA3)<\/a>,Via (VIIA3) e&nbsp;<a href=\"https:\/\/www.suno.com.br\/acoes\/PETZ3\/\" target=\"_blank\" rel=\"noreferrer noopener\">Petz (PETZ3)<\/a>. Foram inclu\u00eddas no lugar:&nbsp;<a href=\"https:\/\/www.suno.com.br\/acoes\/AZUL4\/\" target=\"_blank\" rel=\"noreferrer noopener\">Azul (AZUL4)<\/a>,&nbsp;<a href=\"https:\/\/www.suno.com.br\/acoes\/UGPA3\/\" target=\"_blank\" rel=\"noreferrer noopener\">Ultrapar (UGPA3)<\/a>, Gerdau Metal\u00fargica (GOAU4),&nbsp;<a href=\"https:\/\/www.suno.com.br\/acoes\/PETR4\/\" target=\"_blank\" rel=\"noreferrer noopener\">Petrobras (PETR4)<\/a>&nbsp;e&nbsp;<a href=\"https:\/\/www.suno.com.br\/acoes\/HYPE3\/\" target=\"_blank\" rel=\"noreferrer noopener\">Hypera (HYPE3)<\/a>.<\/li>\n<\/ul>\n\n\n\n<ul class=\"wp-block-list\">\n<li>Com isso, a exposi\u00e7\u00e3o para o setor de \u00f3leo e g\u00e1s chegou a 40%. O&nbsp;<strong>setor de consumo<\/strong>, que no m\u00eas de junho representou 80% dos ativos, neste m\u00eas \u00e9 representado por apenas 20%. O restante \u00e9 complementado por transporte e log\u00edstica (20%) e materiais b\u00e1sicos (20%).<\/li>\n<\/ul>\n\n\n\n<ul class=\"wp-block-list\">\n<li>Segundo o<strong>&nbsp;BB-BI<\/strong>, a carteira \u00e9 voltada para investidores que buscam exposi\u00e7\u00e3o \u00e0s oscila\u00e7\u00f5es de&nbsp;<a href=\"https:\/\/www.suno.com.br\/artigos\/curto-prazo\/\" target=\"_blank\" rel=\"noreferrer noopener\">curto prazo<\/a>&nbsp;do mercado. Em maio, a&nbsp;<strong>rentabilidade da carteira<\/strong>&nbsp;foi de 17,75%.<\/li>\n<\/ul>\n\n\n\n<h2 class=\"wp-block-heading\">BTG retira Petrobras (PETR4) e inclui Banco do Brasil (BBAS3) na carteira recomendada para julho; veja as mudan\u00e7as<\/h2>\n\n\n\n<ul class=\"wp-block-list\">\n<li><strong>&nbsp;<\/strong>BTG Pactual<strong>&nbsp;<\/strong>divulgou, nesta segunda-feira (03), as a\u00e7\u00f5es que comp\u00f5em sua&nbsp;<a href=\"https:\/\/www.suno.com.br\/artigos\/carteira-recomendada\/\" target=\"_blank\" rel=\"noreferrer noopener\">carteira recomendada<\/a>&nbsp;para o m\u00eas de julho. O banco realizou quatro trocas, incluindo&nbsp;<a href=\"https:\/\/www.suno.com.br\/acoes\/BBAS3\/\" target=\"_blank\" rel=\"noreferrer noopener\">Banco do Brasil (BBAS3)<\/a>,&nbsp;<a href=\"https:\/\/www.suno.com.br\/acoes\/EQTL3\/\" target=\"_blank\" rel=\"noreferrer noopener\">Equatorial (EQTL3)<\/a>,&nbsp;<a href=\"https:\/\/www.suno.com.br\/acoes\/GGBR4\/\" target=\"_blank\" rel=\"noreferrer noopener\">Gerdau (GGBR4)<\/a>&nbsp;e&nbsp;<a href=\"https:\/\/www.suno.com.br\/acoes\/ARZZ3\/\" target=\"_blank\" rel=\"noreferrer noopener\">Arezzo (ARZZ3)<\/a>&nbsp;nos lugares de&nbsp;<a href=\"https:\/\/www.suno.com.br\/acoes\/BBSE3\/\" target=\"_blank\" rel=\"noreferrer noopener\">BB Seguridade (BBSE3)<\/a>,&nbsp;<a href=\"https:\/\/www.suno.com.br\/acoes\/vbbr3\/\" target=\"_blank\" rel=\"noreferrer noopener\">Vibra (VBBR3)<\/a>,&nbsp;<a href=\"https:\/\/www.suno.com.br\/acoes\/PETR4\/\" target=\"_blank\" rel=\"noreferrer noopener\"><strong>Petrobras<\/strong>&nbsp;(PETR4)<\/a>&nbsp;e Smart Fit (SMFT3).<\/li>\n<\/ul>\n\n\n\n<ul class=\"wp-block-list\">\n<li>Segundo o&nbsp;<strong>BTG<\/strong>, ap\u00f3s forte performance do real, a&nbsp;<strong>carteira de julho<\/strong>&nbsp;aumentou a exposi\u00e7\u00e3o ao d\u00f3lar, o que levou a inclus\u00e3o da Gerdau, empresa que se beneficia de uma forte economia nos Estados Unidos.<\/li>\n<\/ul>\n\n\n\n<h2 class=\"wp-block-heading\">SNEL11: veja o que movimentou o fundo imobili\u00e1rio focado em energia limpa em maio<\/h2>\n\n\n\n<ul class=\"wp-block-list\">\n<li>Recentemente a Suno Asset publicou o&nbsp;<a href=\"https:\/\/www.suno.com.br\/asset\/wp-content\/uploads\/2022\/11\/Relatorio-de-Monitoramento-SNEL-05.2023.pdf\" target=\"_blank\" rel=\"noreferrer noopener\">primeiro relat\u00f3rio de monitoramento de risco<\/a>&nbsp;do&nbsp;<strong><a href=\"https:\/\/www.suno.com.br\/asset\/fundos\/snel11\/\" target=\"_blank\" rel=\"noreferrer noopener\">SNEL11<\/a><\/strong>, o seu fundo imobili\u00e1rio focado em energia limpa. No documento a gestora detalha o principal movimento dentro do fundo no m\u00eas de maio \u2013 aquisi\u00e7\u00e3o das obras das Usinas fotovoltaicas (UVF) San Remo 1 e 2, em parceria com a Impetus Energy.<\/li>\n<\/ul>\n\n\n\n<ul class=\"wp-block-list\">\n<li>Os projetos ficam em Jo\u00e3o Pinheiro (MG), da distribuidora&nbsp;<a href=\"https:\/\/www.suno.com.br\/acoes\/CMIG4\/\" target=\"_blank\" rel=\"noreferrer noopener\">Cemig (CMIG4)<\/a>, e possuem Capex de R$ 19,1 milh\u00f5es, al\u00e9m de pot\u00eancia instalada projetada de 4,76MW (1,4MW San Remo 1 e 3,36MW San Remo 2).<\/li>\n<\/ul>\n\n\n\n<ul class=\"wp-block-list\">\n<li>\u201cA energia gerada pelas usinas ser\u00e1 vendida pelas comercializadoras, tendo como p\u00fablico-alvo pessoas f\u00edsicas e pequenos neg\u00f3cios. A proje\u00e7\u00e3o desse fluxo de comercializa\u00e7\u00e3o corrobora com uma TIR de 24,95% a.a. para os projetos\u201d, diz a&nbsp;<strong>Suno Asset<\/strong>, no relat\u00f3rio.<\/li>\n<\/ul>\n\n\n\n<ul class=\"wp-block-list\">\n<li>O m\u00eas de maio foi o primeiro m\u00eas das atividades de obras da usina, ou seja, ainda de atividades preliminares como terraplanagem. O andamento da obra, contudo, j\u00e1 demonstrou um andamento acima do esperado, com uma m\u00e9dia de 11,25% de adiantamento.<\/li>\n<\/ul>\n\n\n\n<ul class=\"wp-block-list\">\n<li>Com isso, o cronograma esperado \u00e9 que, ainda em julho, a obra que faz parte da&nbsp;<strong>carteira do SNEL11<\/strong>&nbsp;tenha avan\u00e7o na constru\u00e7\u00e3o de 800 metros da rede nova, perfura\u00e7\u00e3o do solo para implanta\u00e7\u00e3o de estacas, entrega e implanta\u00e7\u00e3o 1500 pilares e o in\u00edcio da implanta\u00e7\u00e3o da drenagem.<\/li>\n<\/ul>\n\n\n\n<ul class=\"wp-block-list\">\n<li>Os meses a seguir, ali\u00e1s, favorecem positivamente o andamento das obras por causa de quest\u00f5es clim\u00e1ticas.<\/li>\n<\/ul>\n\n\n\n<ul class=\"wp-block-list\">\n<li>\u201cRessaltamos que historicamente a regi\u00e3o de Jo\u00e3o Pinheiro apresenta a menor precipita\u00e7\u00e3o hist\u00f3rica nos meses de maio, junho, julho, agosto e setembro, que s\u00e3o justamente os meses de maior avan\u00e7o previsto no cronograma de obras\u201d, diz a Suno Asset.<\/li>\n<\/ul>\n\n\n\n<ul class=\"wp-block-list\">\n<li>Segundo o relat\u00f3rio, a previs\u00e3o \u00e9 de que os 40% remanescentes para o t\u00e9rmino da instala\u00e7\u00e3o tamb\u00e9m ocorram at\u00e9 a metade do m\u00eas de junho.<\/li>\n<\/ul>\n\n\n\n<h2 class=\"wp-block-heading\">Americanas (AMER3) tem R$ 1,17 bilh\u00e3o em caixa, segundo documento de administradores judiciais<\/h2>\n\n\n\n<ul class=\"wp-block-list\">\n<li>Em relat\u00f3rio de atividades mensais, a&nbsp;<strong>Americanas<\/strong>&nbsp;(<a href=\"https:\/\/www.suno.com.br\/acoes\/amer3\" target=\"_blank\" rel=\"noreferrer noopener\">AMER3<\/a>) revelou ter encerrado o m\u00eas de maio com caixa dispon\u00edvel final de R$ 1,178 bilh\u00e3o. O documento que cont\u00e9m essas informa\u00e7\u00f5es foi divulgado pelos administradores judiciais.<\/li>\n<\/ul>\n\n\n\n<ul class=\"wp-block-list\">\n<li>Essa cifra \u00e9 cerca de 38% a menos do que o saldo inicial registrado no in\u00edcio de junho de 2022 pela Americanas.<\/li>\n<\/ul>\n\n\n\n<ul class=\"wp-block-list\">\n<li>Al\u00e9m disso, a d\u00edvida da empresa em maio foi de R$ 20,599 bilh\u00f5es em maio, sem incluir o endividamento banc\u00e1rio que \u00e9 relativo \u00e0s opera\u00e7\u00f5es de risco sacado.<\/li>\n<\/ul>\n\n\n\n<ul class=\"wp-block-list\">\n<li>O total investido, por sua vez, \u00e9 de R$ 4,77 milh\u00f5es em maio de 2023, sendo 95% menor do que a m\u00e9dia de investimentos da varejista entre junho e dezembro de 2022, de R$ 143,4 milh\u00f5es.<\/li>\n<\/ul>\n\n\n\n<ul class=\"wp-block-list\">\n<li>A Americanas tamb\u00e9m fechou 48 lojas ao longo dos \u00faltimos 12 meses, sendo 4 lojas encerradas entre junho a dezembro de 2022 e outras 38 de janeiro a maio deste ano.<\/li>\n<\/ul>\n\n\n\n<ul class=\"wp-block-list\">\n<li>No fim de maio, foram contabilizadas 1.842 lojas da Americanas ativas.<\/li>\n<\/ul>\n\n\n\n<h2 class=\"wp-block-heading\">Taxa no Tesouro Direto come\u00e7a a ser cobrada dos investidores nesta segunda-feira (3)<\/h2>\n\n\n\n<ul class=\"wp-block-list\">\n<li>Para os investidores de renda fixa do&nbsp;<strong>Tesouro Direto<\/strong>, a taxa de cust\u00f3dia da B3 S.A. \u2013 Brasil, Bolsa, Balc\u00e3o come\u00e7ou a se cobrada nesta segunda-feira (3).<\/li>\n<\/ul>\n\n\n\n<ul class=\"wp-block-list\">\n<li>Ao todo, s\u00e3o mais de dois milh\u00f5es de<strong>&nbsp;<\/strong>investidores do&nbsp;<strong>Tesouro Direto<\/strong>&nbsp;que dever\u00e3o pagar a tarifa \u00e0 bolsa de valores brasileira, a&nbsp;<a href=\"https:\/\/www.suno.com.br\/acoes\/B3SA3\/\" target=\"_blank\" rel=\"noreferrer noopener\">B3 (B3SA3)<\/a>. Essa \u00e9 a forma de a institui\u00e7\u00e3o financeira cobrar pela manuten\u00e7\u00e3o dos&nbsp;<a href=\"https:\/\/www.suno.com.br\/artigos\/titulos-publicos\/\" target=\"_blank\" rel=\"noreferrer noopener\">t\u00edtulos p\u00fablicos<\/a>&nbsp;e movimenta\u00e7\u00f5es e saldos das aplica\u00e7\u00f5es.<\/li>\n<\/ul>\n\n\n\n<ul class=\"wp-block-list\">\n<li>Vale lembrar que essa&nbsp;<strong>taxa de cust\u00f3dia<\/strong>&nbsp;pode ser cobrada de formas diferentes a depender do canal utilizado para investir. Para quem aplicou no Tesouro por um&nbsp;<a href=\"https:\/\/www.suno.com.br\/artigos\/mercado-secundario\/\" target=\"_blank\" rel=\"noreferrer noopener\">mercado secund\u00e1rio<\/a>&nbsp;\u2013 ou seja, por corretoras \u2013, a cust\u00f3dia acontece no&nbsp;<a href=\"https:\/\/www.suno.com.br\/artigos\/sistema-especial-liquidacao-custodia\/\" target=\"_blank\" rel=\"noreferrer noopener\">Sistema Especial de Liquida\u00e7\u00e3o e Cust\u00f3dia<\/a>&nbsp;(<strong>Selic<\/strong>).<\/li>\n<\/ul>\n\n\n\n<ul class=\"wp-block-list\">\n<li>Os investidores do&nbsp;<a href=\"https:\/\/www.suno.com.br\/artigos\/mercado-primario\/\" target=\"_blank\" rel=\"noreferrer noopener\">mercado prim\u00e1rio<\/a>, com saldo acima de R$ 10 mil em aplica\u00e7\u00f5es, ser\u00e3o cobrados com a taxa de cust\u00f3dia. Em janeiro, um reajuste reduziu a tarifa para 0,2% (ante 0,25% anterior), a ser descontada anualmente, em duas \u201cparcelas\u201d de 0,1% sobre o valor aplicado, proporcional ao n\u00famero de dias que o valor ficou investido. A cobran\u00e7a aconteceu no 1\u00ba dia \u00fatil de janeiro e nesta segunda-feira (3), o 1\u00ba dia \u00fatil de julho.<\/li>\n<\/ul>\n\n\n\n<p>Da BRF \u00e0 PetroRio, essas foram as empresas que se destacaram hoje. Para ler todas as mat\u00e9rias&nbsp;<strong><a href=\"https:\/\/www.suno.com.br\/noticias\/todos\/?utm_content=XYOE2ItQuUY.20201113&amp;utm_campaign=Track%2B&amp;utm_medium=video&amp;utm_source=telegram.sunoresearch\" target=\"_blank\" rel=\"noreferrer noopener\">clique aqui<\/a><\/strong>.<a href=\"https:\/\/lp.suno.com.br\/pv\/sr-fiis\/oferta-relampago-40off\/\" target=\"_blank\" rel=\"noreferrer noopener\"><\/a><a href=\"https:\/\/lp.suno.com.br\/suno-one\/\" target=\"_blank\" rel=\"noreferrer noopener\"><\/a><a href=\"https:\/\/lp.suno.com.br\/pv\/sr-start\/aniversario-2023\/\" target=\"_blank\" rel=\"noreferrer noopener\"><\/a><a href=\"https:\/\/lp.suno.com.br\/suno-one\/\" target=\"_blank\" rel=\"noreferrer noopener\"><\/a><a href=\"https:\/\/lp.suno.com.br\/suno-one\/\" target=\"_blank\" rel=\"noreferrer noopener\"><\/a><a href=\"https:\/\/lp.suno.com.br\/suno-one\/\" target=\"_blank\" rel=\"noreferrer noopener\"><\/a><a href=\"https:\/\/lp.suno.com.br\/pv\/sr-premium\/1-real-para-investir\/\" target=\"_blank\" rel=\"noreferrer noopener\"><\/a><\/p>\n\n\n\t<p>\n\t\t<a href=\"https:\/\/lp.suno.com.br\/suno-one\/?utm_campaign=_SNC6964518A_\" target=\"_blank\" data-element=\"shortcode-suno-banner\" title=\"Banner SUNO, clique e saiba mais\">\n\t\t\t<picture>\n\t\t\t\t<source media=\"(max-width: 500px)\" srcset=\"https:\/\/files.sunoresearch.com.br\/n\/uploads\/2025\/09\/400x300-Suno-One-png.webp\">\n\t\t\t\t<img class=\"newsContent__article__imgCapa newsContent__article__imgCapa--banner\"\n\t\t\t\t\tsrc=\"https:\/\/files.sunoresearch.com.br\/n\/uploads\/2025\/09\/1420x240-Suno-One-png.webp\"\n\t\t\t\t\tdata-promo-id=\"383121\"\t\t\t\t\t\t\t\t\t\twidth='1420' height='240'\t\t\t\t\talt=\"https:\/\/files.sunoresearch.com.br\/n\/uploads\/2025\/09\/1420x240-Suno-One-png.webp\"\n\t\t\t\t>\n\t\t\t<\/picture>\n\t\t<\/a>\n\t<\/p>\n\n\n","protected":false},"excerpt":{"rendered":"<p>O conselho de administra\u00e7\u00e3o da&nbsp;BRF&nbsp;(BRFS3)&nbsp;aprovou nesta segunda-feira (3) um aumento de capital de 500 milh\u00f5es de a\u00e7\u00f5es de emiss\u00e3o da empresa, passando das atuais 1,325 bilh\u00e3o para 1,825 bilh\u00e3o de a\u00e7\u00f5es ordin\u00e1rias. BRF (BRFS3) dispara quase 11% e Marfrig (MRFG3) avan\u00e7a 6%; Entenda o que aconteceu. Divulga\u00e7\u00e3o BRF Al\u00e9m do&nbsp;aumento de capital da BRF, nesta [&hellip;]<\/p>\n","protected":false},"author":227,"featured_media":44244,"comment_status":"closed","ping_status":"closed","sticky":false,"template":"","format":"standard","meta":[],"categories":[64],"tags":[357,106605,367,732,397,436,2054,595,597,663,106935],"suno_strategy":[],"class_list":["post-424639","post","type-post","status-publish","format-standard","has-post-thumbnail","hentry","category-negocios","tag-alupar-alup11-alup3-alup4","tag-americanas-s-a-amer3","tag-b3-b3sa3","tag-banco-do-brasil-bbas3","tag-brf-brfs3","tag-cpfl-cpfe3","tag-mrv-mrve3","tag-petrobras-petr4","tag-petrorio-prio3","tag-tim-tims3","tag-via-viia3"],"yoast_head":"<!-- This site is optimized with the Yoast SEO plugin v24.4 - https:\/\/yoast.com\/wordpress\/plugins\/seo\/ -->\n<title>Radar: BRF (BRFS3) far\u00e1 aumento de capital, MRV (MRVE3) contrata bancos para follow-on e PRIO (PRIO3) anuncia JCP milion\u00e1rio<\/title>\n<meta name=\"description\" content=\"BRF (BRFS3) far\u00e1 aumento de capital milion\u00e1rio de a\u00e7\u00f5es, movimenta\u00e7\u00e3o de MRV (MRVE3) n\u00e3o agrada mercado e PRIO (PRIO3) anuncia JCP atrativo\" \/>\n<meta name=\"robots\" content=\"index, follow, max-snippet:-1, max-image-preview:large, max-video-preview:-1\" \/>\n<link rel=\"canonical\" href=\"https:\/\/www.suno.com.br\/noticias\/radar-brf-brfs3-mrv-mrve3-prio-prio3-vl\/\" \/>\n<meta property=\"og:locale\" content=\"pt_BR\" \/>\n<meta property=\"og:type\" content=\"article\" \/>\n<meta property=\"og:title\" content=\"Radar: BRF (BRFS3) far\u00e1 aumento de capital, MRV (MRVE3) contrata bancos para follow-on e PRIO (PRIO3) anuncia JCP milion\u00e1rio\" \/>\n<meta property=\"og:description\" content=\"BRF (BRFS3) far\u00e1 aumento de capital milion\u00e1rio de a\u00e7\u00f5es, movimenta\u00e7\u00e3o de MRV (MRVE3) n\u00e3o agrada mercado e PRIO (PRIO3) anuncia JCP atrativo\" \/>\n<meta property=\"og:url\" content=\"https:\/\/www.suno.com.br\/noticias\/radar-brf-brfs3-mrv-mrve3-prio-prio3-vl\/\" \/>\n<meta property=\"og:site_name\" content=\"Suno Not\u00edcias\" \/>\n<meta property=\"article:publisher\" content=\"https:\/\/facebook.com\/sunoresearch\" \/>\n<meta property=\"og:image\" content=\"https:\/\/files.sunoresearch.com.br\/n\/uploads\/2019\/11\/c790d7a1-brf.jpeg\" \/>\n\t<meta property=\"og:image:width\" content=\"1920\" \/>\n\t<meta property=\"og:image:height\" content=\"1277\" \/>\n\t<meta property=\"og:image:type\" content=\"image\/jpeg\" \/>\n<meta name=\"author\" content=\"Vanessa Loiola\" \/>\n<meta name=\"twitter:card\" content=\"summary_large_image\" \/>\n<meta name=\"twitter:creator\" content=\"@sunoresearch\" \/>\n<meta name=\"twitter:site\" content=\"@sunoresearch\" \/>\n<meta name=\"twitter:label1\" content=\"Escrito por\" \/>\n\t<meta name=\"twitter:data1\" content=\"Vanessa Loiola\" \/>\n\t<meta name=\"twitter:label2\" content=\"Est. tempo de leitura\" \/>\n\t<meta name=\"twitter:data2\" content=\"10 minutos\" \/>\n<script type=\"application\/ld+json\" class=\"yoast-schema-graph\">{\"@context\":\"https:\/\/schema.org\",\"@graph\":[{\"@type\":\"NewsArticle\",\"@id\":\"https:\/\/www.suno.com.br\/noticias\/radar-brf-brfs3-mrv-mrve3-prio-prio3-vl\/#article\",\"isPartOf\":{\"@id\":\"https:\/\/www.suno.com.br\/noticias\/radar-brf-brfs3-mrv-mrve3-prio-prio3-vl\/\"},\"author\":{\"name\":\"Vanessa Loiola\",\"@id\":\"https:\/\/www.suno.com.br\/noticias\/#\/schema\/person\/450c455ecff319bab1f1a0e643451479\"},\"headline\":\"Radar: BRF (BRFS3) far\u00e1 aumento de capital, MRV (MRVE3) contrata bancos para follow-on e PRIO (PRIO3) anuncia JCP milion\u00e1rio\",\"datePublished\":\"2023-07-04T01:23:47+00:00\",\"dateModified\":\"2023-07-04T01:24:01+00:00\",\"mainEntityOfPage\":{\"@id\":\"https:\/\/www.suno.com.br\/noticias\/radar-brf-brfs3-mrv-mrve3-prio-prio3-vl\/\"},\"wordCount\":2063,\"publisher\":{\"@id\":\"https:\/\/www.suno.com.br\/noticias\/#organization\"},\"image\":{\"@id\":\"https:\/\/www.suno.com.br\/noticias\/radar-brf-brfs3-mrv-mrve3-prio-prio3-vl\/#primaryimage\"},\"thumbnailUrl\":\"https:\/\/files.sunoresearch.com.br\/n\/uploads\/2019\/11\/c790d7a1-brf-jpeg.webp\",\"keywords\":[\"Alupar (ALUP11\/ALUP3\/ALUP4)\",\"Americanas (AMER3)\",\"B3 (B3SA3)\",\"Banco do Brasil (BBAS3)\",\"BRF (BRFS3)\",\"CPFL (CPFE3)\",\"MRV (MRVE3)\",\"Petrobras (PETR4)\",\"PetroRio (PRIO3)\",\"TIM (TIMS3)\",\"Via (VIIA3)\"],\"articleSection\":[\"Neg\u00f3cios\"],\"inLanguage\":\"pt-BR\"},{\"@type\":\"WebPage\",\"@id\":\"https:\/\/www.suno.com.br\/noticias\/radar-brf-brfs3-mrv-mrve3-prio-prio3-vl\/\",\"url\":\"https:\/\/www.suno.com.br\/noticias\/radar-brf-brfs3-mrv-mrve3-prio-prio3-vl\/\",\"name\":\"Radar: BRF (BRFS3) far\u00e1 aumento de capital, MRV (MRVE3) contrata bancos para follow-on e PRIO (PRIO3) anuncia JCP milion\u00e1rio\",\"isPartOf\":{\"@id\":\"https:\/\/www.suno.com.br\/noticias\/#website\"},\"primaryImageOfPage\":{\"@id\":\"https:\/\/www.suno.com.br\/noticias\/radar-brf-brfs3-mrv-mrve3-prio-prio3-vl\/#primaryimage\"},\"image\":{\"@id\":\"https:\/\/www.suno.com.br\/noticias\/radar-brf-brfs3-mrv-mrve3-prio-prio3-vl\/#primaryimage\"},\"thumbnailUrl\":\"https:\/\/files.sunoresearch.com.br\/n\/uploads\/2019\/11\/c790d7a1-brf-jpeg.webp\",\"datePublished\":\"2023-07-04T01:23:47+00:00\",\"dateModified\":\"2023-07-04T01:24:01+00:00\",\"description\":\"BRF (BRFS3) far\u00e1 aumento de capital milion\u00e1rio de a\u00e7\u00f5es, movimenta\u00e7\u00e3o de MRV (MRVE3) n\u00e3o agrada mercado e PRIO (PRIO3) anuncia JCP atrativo\",\"breadcrumb\":{\"@id\":\"https:\/\/www.suno.com.br\/noticias\/radar-brf-brfs3-mrv-mrve3-prio-prio3-vl\/#breadcrumb\"},\"inLanguage\":\"pt-BR\",\"potentialAction\":[{\"@type\":\"ReadAction\",\"target\":[\"https:\/\/www.suno.com.br\/noticias\/radar-brf-brfs3-mrv-mrve3-prio-prio3-vl\/\"]}]},{\"@type\":\"ImageObject\",\"inLanguage\":\"pt-BR\",\"@id\":\"https:\/\/www.suno.com.br\/noticias\/radar-brf-brfs3-mrv-mrve3-prio-prio3-vl\/#primaryimage\",\"url\":\"https:\/\/files.sunoresearch.com.br\/n\/uploads\/2019\/11\/c790d7a1-brf-jpeg.webp\",\"contentUrl\":\"https:\/\/files.sunoresearch.com.br\/n\/uploads\/2019\/11\/c790d7a1-brf-jpeg.webp\",\"width\":1920,\"height\":1277,\"caption\":\"BRF (BRFS3) dispara quase 11% e Marfrig (MRFG3) avan\u00e7a 6%; Entenda o que aconteceu. Divulga\u00e7\u00e3o BRF\"},{\"@type\":\"BreadcrumbList\",\"@id\":\"https:\/\/www.suno.com.br\/noticias\/radar-brf-brfs3-mrv-mrve3-prio-prio3-vl\/#breadcrumb\",\"itemListElement\":[{\"@type\":\"ListItem\",\"position\":1,\"name\":\"Not\u00edcias\",\"item\":\"https:\/\/www.suno.com.br\/noticias\/\"},{\"@type\":\"ListItem\",\"position\":2,\"name\":\"Neg\u00f3cios\",\"item\":\"https:\/\/www.suno.com.br\/noticias\/negocios\/\"},{\"@type\":\"ListItem\",\"position\":3,\"name\":\"Radar: BRF (BRFS3) far\u00e1 aumento de capital, MRV (MRVE3) contrata bancos para follow-on e PRIO (PRIO3) anuncia JCP milion\u00e1rio\"}]},{\"@type\":\"WebSite\",\"@id\":\"https:\/\/www.suno.com.br\/noticias\/#website\",\"url\":\"https:\/\/www.suno.com.br\/noticias\/\",\"name\":\"Suno Not\u00edcias\",\"description\":\"Seu portal de informa\u00e7\u00e3o sobre o mundo dos investimentos\",\"publisher\":{\"@id\":\"https:\/\/www.suno.com.br\/noticias\/#organization\"},\"potentialAction\":[{\"@type\":\"SearchAction\",\"target\":{\"@type\":\"EntryPoint\",\"urlTemplate\":\"https:\/\/www.suno.com.br\/noticias\/?s={search_term_string}\"},\"query-input\":{\"@type\":\"PropertyValueSpecification\",\"valueRequired\":true,\"valueName\":\"search_term_string\"}}],\"inLanguage\":\"pt-BR\"},{\"@type\":\"Organization\",\"@id\":\"https:\/\/www.suno.com.br\/noticias\/#organization\",\"name\":\"Suno Not\u00edcias\",\"url\":\"https:\/\/www.suno.com.br\/noticias\/\",\"logo\":{\"@type\":\"ImageObject\",\"inLanguage\":\"pt-BR\",\"@id\":\"https:\/\/www.suno.com.br\/noticias\/#\/schema\/logo\/image\/\",\"url\":\"https:\/\/files.sunoresearch.com.br\/n\/uploads\/2021\/09\/suno-logo.png\",\"contentUrl\":\"https:\/\/files.sunoresearch.com.br\/n\/uploads\/2021\/09\/suno-logo.png\",\"width\":180,\"height\":180,\"caption\":\"Suno Not\u00edcias\"},\"image\":{\"@id\":\"https:\/\/www.suno.com.br\/noticias\/#\/schema\/logo\/image\/\"},\"sameAs\":[\"https:\/\/facebook.com\/sunoresearch\",\"https:\/\/x.com\/sunoresearch\",\"https:\/\/www.instagram.com\/suno\",\"https:\/\/www.linkedin.com\/company\/suno-research\/\",\"https:\/\/www.youtube.com\/c\/sunoresearch\"]},{\"@type\":\"Person\",\"@id\":\"https:\/\/www.suno.com.br\/noticias\/#\/schema\/person\/450c455ecff319bab1f1a0e643451479\",\"name\":\"Vanessa Loiola\",\"image\":{\"@type\":\"ImageObject\",\"inLanguage\":\"pt-BR\",\"@id\":\"https:\/\/www.suno.com.br\/noticias\/#\/schema\/person\/image\/\",\"url\":\"https:\/\/secure.gravatar.com\/avatar\/8b41117f9780831919eb38da349c3f20?s=96&r=g\",\"contentUrl\":\"https:\/\/secure.gravatar.com\/avatar\/8b41117f9780831919eb38da349c3f20?s=96&r=g\",\"caption\":\"Vanessa Loiola\"},\"description\":\"Jornalista formada pela PUC-SP, com experi\u00eancia na cobertura das editorias de economia, finan\u00e7as, bolsa de valores, pol\u00edtica, energia solar e entretenimento. Com passagem pela BM&amp;C News e RedeTV!\",\"url\":\"https:\/\/www.suno.com.br\/noticias\/author\/vanessal-loiolagmail-com\/\"}]}<\/script>\n<!-- \/ Yoast SEO plugin. -->","yoast_head_json":{"title":"Radar: BRF (BRFS3) far\u00e1 aumento de capital, MRV (MRVE3) contrata bancos para follow-on e PRIO (PRIO3) anuncia JCP milion\u00e1rio","description":"BRF (BRFS3) far\u00e1 aumento de capital milion\u00e1rio de a\u00e7\u00f5es, movimenta\u00e7\u00e3o de MRV (MRVE3) n\u00e3o agrada mercado e PRIO (PRIO3) anuncia JCP atrativo","robots":{"index":"index","follow":"follow","max-snippet":"max-snippet:-1","max-image-preview":"max-image-preview:large","max-video-preview":"max-video-preview:-1"},"canonical":"https:\/\/www.suno.com.br\/noticias\/radar-brf-brfs3-mrv-mrve3-prio-prio3-vl\/","og_locale":"pt_BR","og_type":"article","og_title":"Radar: BRF (BRFS3) far\u00e1 aumento de capital, MRV (MRVE3) contrata bancos para follow-on e PRIO (PRIO3) anuncia JCP milion\u00e1rio","og_description":"BRF (BRFS3) far\u00e1 aumento de capital milion\u00e1rio de a\u00e7\u00f5es, movimenta\u00e7\u00e3o de MRV (MRVE3) n\u00e3o agrada mercado e PRIO (PRIO3) anuncia JCP atrativo","og_url":"https:\/\/www.suno.com.br\/noticias\/radar-brf-brfs3-mrv-mrve3-prio-prio3-vl\/","og_site_name":"Suno Not\u00edcias","article_publisher":"https:\/\/facebook.com\/sunoresearch","og_image":[{"width":1920,"height":1277,"url":"https:\/\/files.sunoresearch.com.br\/n\/uploads\/2019\/11\/c790d7a1-brf.jpeg","type":"image\/jpeg"}],"author":"Vanessa Loiola","twitter_card":"summary_large_image","twitter_creator":"@sunoresearch","twitter_site":"@sunoresearch","twitter_misc":{"Escrito por":"Vanessa Loiola","Est. tempo de leitura":"10 minutos"},"schema":{"@context":"https:\/\/schema.org","@graph":[{"@type":"NewsArticle","@id":"https:\/\/www.suno.com.br\/noticias\/radar-brf-brfs3-mrv-mrve3-prio-prio3-vl\/#article","isPartOf":{"@id":"https:\/\/www.suno.com.br\/noticias\/radar-brf-brfs3-mrv-mrve3-prio-prio3-vl\/"},"author":{"name":"Vanessa Loiola","@id":"https:\/\/www.suno.com.br\/noticias\/#\/schema\/person\/450c455ecff319bab1f1a0e643451479"},"headline":"Radar: BRF (BRFS3) far\u00e1 aumento de capital, MRV (MRVE3) contrata bancos para follow-on e PRIO (PRIO3) anuncia JCP milion\u00e1rio","datePublished":"2023-07-04T01:23:47+00:00","dateModified":"2023-07-04T01:24:01+00:00","mainEntityOfPage":{"@id":"https:\/\/www.suno.com.br\/noticias\/radar-brf-brfs3-mrv-mrve3-prio-prio3-vl\/"},"wordCount":2063,"publisher":{"@id":"https:\/\/www.suno.com.br\/noticias\/#organization"},"image":{"@id":"https:\/\/www.suno.com.br\/noticias\/radar-brf-brfs3-mrv-mrve3-prio-prio3-vl\/#primaryimage"},"thumbnailUrl":"https:\/\/files.sunoresearch.com.br\/n\/uploads\/2019\/11\/c790d7a1-brf-jpeg.webp","keywords":["Alupar (ALUP11\/ALUP3\/ALUP4)","Americanas (AMER3)","B3 (B3SA3)","Banco do Brasil (BBAS3)","BRF (BRFS3)","CPFL (CPFE3)","MRV (MRVE3)","Petrobras (PETR4)","PetroRio (PRIO3)","TIM (TIMS3)","Via (VIIA3)"],"articleSection":["Neg\u00f3cios"],"inLanguage":"pt-BR"},{"@type":"WebPage","@id":"https:\/\/www.suno.com.br\/noticias\/radar-brf-brfs3-mrv-mrve3-prio-prio3-vl\/","url":"https:\/\/www.suno.com.br\/noticias\/radar-brf-brfs3-mrv-mrve3-prio-prio3-vl\/","name":"Radar: BRF (BRFS3) far\u00e1 aumento de capital, MRV (MRVE3) contrata bancos para follow-on e PRIO (PRIO3) anuncia JCP milion\u00e1rio","isPartOf":{"@id":"https:\/\/www.suno.com.br\/noticias\/#website"},"primaryImageOfPage":{"@id":"https:\/\/www.suno.com.br\/noticias\/radar-brf-brfs3-mrv-mrve3-prio-prio3-vl\/#primaryimage"},"image":{"@id":"https:\/\/www.suno.com.br\/noticias\/radar-brf-brfs3-mrv-mrve3-prio-prio3-vl\/#primaryimage"},"thumbnailUrl":"https:\/\/files.sunoresearch.com.br\/n\/uploads\/2019\/11\/c790d7a1-brf-jpeg.webp","datePublished":"2023-07-04T01:23:47+00:00","dateModified":"2023-07-04T01:24:01+00:00","description":"BRF (BRFS3) far\u00e1 aumento de capital milion\u00e1rio de a\u00e7\u00f5es, movimenta\u00e7\u00e3o de MRV (MRVE3) n\u00e3o agrada mercado e PRIO (PRIO3) anuncia JCP atrativo","breadcrumb":{"@id":"https:\/\/www.suno.com.br\/noticias\/radar-brf-brfs3-mrv-mrve3-prio-prio3-vl\/#breadcrumb"},"inLanguage":"pt-BR","potentialAction":[{"@type":"ReadAction","target":["https:\/\/www.suno.com.br\/noticias\/radar-brf-brfs3-mrv-mrve3-prio-prio3-vl\/"]}]},{"@type":"ImageObject","inLanguage":"pt-BR","@id":"https:\/\/www.suno.com.br\/noticias\/radar-brf-brfs3-mrv-mrve3-prio-prio3-vl\/#primaryimage","url":"https:\/\/files.sunoresearch.com.br\/n\/uploads\/2019\/11\/c790d7a1-brf-jpeg.webp","contentUrl":"https:\/\/files.sunoresearch.com.br\/n\/uploads\/2019\/11\/c790d7a1-brf-jpeg.webp","width":1920,"height":1277,"caption":"BRF (BRFS3) dispara quase 11% e Marfrig (MRFG3) avan\u00e7a 6%; Entenda o que aconteceu. Divulga\u00e7\u00e3o BRF"},{"@type":"BreadcrumbList","@id":"https:\/\/www.suno.com.br\/noticias\/radar-brf-brfs3-mrv-mrve3-prio-prio3-vl\/#breadcrumb","itemListElement":[{"@type":"ListItem","position":1,"name":"Not\u00edcias","item":"https:\/\/www.suno.com.br\/noticias\/"},{"@type":"ListItem","position":2,"name":"Neg\u00f3cios","item":"https:\/\/www.suno.com.br\/noticias\/negocios\/"},{"@type":"ListItem","position":3,"name":"Radar: BRF (BRFS3) far\u00e1 aumento de capital, MRV (MRVE3) contrata bancos para follow-on e PRIO (PRIO3) anuncia JCP milion\u00e1rio"}]},{"@type":"WebSite","@id":"https:\/\/www.suno.com.br\/noticias\/#website","url":"https:\/\/www.suno.com.br\/noticias\/","name":"Suno Not\u00edcias","description":"Seu portal de informa\u00e7\u00e3o sobre o mundo dos investimentos","publisher":{"@id":"https:\/\/www.suno.com.br\/noticias\/#organization"},"potentialAction":[{"@type":"SearchAction","target":{"@type":"EntryPoint","urlTemplate":"https:\/\/www.suno.com.br\/noticias\/?s={search_term_string}"},"query-input":{"@type":"PropertyValueSpecification","valueRequired":true,"valueName":"search_term_string"}}],"inLanguage":"pt-BR"},{"@type":"Organization","@id":"https:\/\/www.suno.com.br\/noticias\/#organization","name":"Suno Not\u00edcias","url":"https:\/\/www.suno.com.br\/noticias\/","logo":{"@type":"ImageObject","inLanguage":"pt-BR","@id":"https:\/\/www.suno.com.br\/noticias\/#\/schema\/logo\/image\/","url":"https:\/\/files.sunoresearch.com.br\/n\/uploads\/2021\/09\/suno-logo.png","contentUrl":"https:\/\/files.sunoresearch.com.br\/n\/uploads\/2021\/09\/suno-logo.png","width":180,"height":180,"caption":"Suno Not\u00edcias"},"image":{"@id":"https:\/\/www.suno.com.br\/noticias\/#\/schema\/logo\/image\/"},"sameAs":["https:\/\/facebook.com\/sunoresearch","https:\/\/x.com\/sunoresearch","https:\/\/www.instagram.com\/suno","https:\/\/www.linkedin.com\/company\/suno-research\/","https:\/\/www.youtube.com\/c\/sunoresearch"]},{"@type":"Person","@id":"https:\/\/www.suno.com.br\/noticias\/#\/schema\/person\/450c455ecff319bab1f1a0e643451479","name":"Vanessa Loiola","image":{"@type":"ImageObject","inLanguage":"pt-BR","@id":"https:\/\/www.suno.com.br\/noticias\/#\/schema\/person\/image\/","url":"https:\/\/secure.gravatar.com\/avatar\/8b41117f9780831919eb38da349c3f20?s=96&r=g","contentUrl":"https:\/\/secure.gravatar.com\/avatar\/8b41117f9780831919eb38da349c3f20?s=96&r=g","caption":"Vanessa Loiola"},"description":"Jornalista formada pela PUC-SP, com experi\u00eancia na cobertura das editorias de economia, finan\u00e7as, bolsa de valores, pol\u00edtica, energia solar e entretenimento. Com passagem pela BM&amp;C News e RedeTV!","url":"https:\/\/www.suno.com.br\/noticias\/author\/vanessal-loiolagmail-com\/"}]}},"default_loop_html":"<div class=\"cardsPage__listCard__boxs\"><div class=\"cardsPage__listCard__boxs__img\"><a href=\"https:\/\/www.suno.com.br\/noticias\/radar-brf-brfs3-mrv-mrve3-prio-prio3-vl\/\"><img class=\"mask\" src=\"https:\/\/www.suno.com.br\/noticias\/wp-content\/themes\/suno\/resources\/images\/spotlight\/spotlight1img\/bg-mask.png\" alt=\"Image Mask\"\/><img src=\"https:\/\/files.sunoresearch.com.br\/n\/uploads\/2019\/11\/c790d7a1-brf-400x200.webp\" alt=\"Radar: BRF (BRFS3) far\u00e1 aumento de capital,  MRV (MRVE3) contrata bancos para follow-on e PRIO (PRIO3) anuncia JCP milion\u00e1rio\"\/><\/a><span class=\"spotlightCategory\"><a href=\"https:\/\/www.suno.com.br\/noticias\/negocios\/\">Neg\u00f3cios<\/a><\/span><\/div><div class=\"cardsPage__listCard__boxs__content\"><a href=\"https:\/\/www.suno.com.br\/noticias\/radar-brf-brfs3-mrv-mrve3-prio-prio3-vl\/\"><h2 class=\"content__title\">Radar: BRF (BRFS3) far\u00e1 aumento de capital,  MRV (MRVE3) contrata bancos para follow-on e PRIO (PRIO3) anuncia JCP milion\u00e1rio<\/h2><\/a><div class=\"newsContent__article__meta\"><div class=\"newsContent__article__meta__authorBox\"><a href=\"https:\/\/www.suno.com.br\/noticias\/author\/vanessal-loiolagmail-com\/\" class=\"authorBox__avatar noMobi\"><img src=\"https:\/\/secure.gravatar.com\/avatar\/8b41117f9780831919eb38da349c3f20?s=96&#038;r=g\" alt=\"Vanessa Loiola\"><\/a><div class=\"authorBox__name\"><span>por\n\t\t\t<a href=\"https:\/\/www.suno.com.br\/noticias\/author\/vanessal-loiolagmail-com\/\"><span itemprop=\"author\">Vanessa Loiola<\/span><\/a><\/span><time datetime=\"2023-07-03T22:23:47-03:00\" itemprop=\"datePublished\">03\/07\/2023 22:23<\/time><\/div><\/div><\/div><\/div><\/div>","single_layout":"posts","amp_enabled":true,"_links":{"self":[{"href":"https:\/\/www.suno.com.br\/noticias\/wp-json\/wp\/v2\/posts\/424639"}],"collection":[{"href":"https:\/\/www.suno.com.br\/noticias\/wp-json\/wp\/v2\/posts"}],"about":[{"href":"https:\/\/www.suno.com.br\/noticias\/wp-json\/wp\/v2\/types\/post"}],"author":[{"embeddable":true,"href":"https:\/\/www.suno.com.br\/noticias\/wp-json\/wp\/v2\/users\/227"}],"replies":[{"embeddable":true,"href":"https:\/\/www.suno.com.br\/noticias\/wp-json\/wp\/v2\/comments?post=424639"}],"version-history":[{"count":2,"href":"https:\/\/www.suno.com.br\/noticias\/wp-json\/wp\/v2\/posts\/424639\/revisions"}],"predecessor-version":[{"id":424671,"href":"https:\/\/www.suno.com.br\/noticias\/wp-json\/wp\/v2\/posts\/424639\/revisions\/424671"}],"wp:featuredmedia":[{"embeddable":true,"href":"https:\/\/www.suno.com.br\/noticias\/wp-json\/wp\/v2\/media\/44244"}],"wp:attachment":[{"href":"https:\/\/www.suno.com.br\/noticias\/wp-json\/wp\/v2\/media?parent=424639"}],"wp:term":[{"taxonomy":"category","embeddable":true,"href":"https:\/\/www.suno.com.br\/noticias\/wp-json\/wp\/v2\/categories?post=424639"},{"taxonomy":"post_tag","embeddable":true,"href":"https:\/\/www.suno.com.br\/noticias\/wp-json\/wp\/v2\/tags?post=424639"},{"taxonomy":"suno_strategy","embeddable":true,"href":"https:\/\/www.suno.com.br\/noticias\/wp-json\/wp\/v2\/suno_strategy?post=424639"}],"curies":[{"name":"wp","href":"https:\/\/api.w.org\/{rel}","templated":true}]}}