{"id":424578,"date":"2023-07-03T20:40:59","date_gmt":"2023-07-03T23:40:59","guid":{"rendered":"https:\/\/www.suno.com.br\/noticias\/?p=424578"},"modified":"2023-07-03T20:41:07","modified_gmt":"2023-07-03T23:41:07","slug":"via-viia3-tim-tims3-bb-investimentos-carteira-julho-va","status":"publish","type":"post","link":"https:\/\/www.suno.com.br\/noticias\/via-viia3-tim-tims3-bb-investimentos-carteira-julho-va\/","title":{"rendered":"Via (VIIA3) e Tim (TIMS3) ficam de fora da carteira do BB Investimentos para julho; veja lista"},"content":{"rendered":"<p>O <strong>BB Investimento<\/strong> renovou, nesta segunda-feira (3), 100% de sua <a class=\"suno-keyword\" data-force=\"no\" data-priority=\"1\" href=\"https:\/\/www.suno.com.br\/artigos\/carteira-recomendada\/\" target=\"_blank\" rel=\"noopener\">carteira recomendada<\/a> de a\u00e7\u00f5es para julho, que tem por objetivo superar o \u00edndice Ibovespa. Para o m\u00eas de julho sa\u00edram <a href=\"https:\/\/www.suno.com.br\/acoes\/CRFB3\/\" target=\"_blank\" rel=\"noreferrer noopener\">Carrefour (CRFB3)<\/a>, <a href=\"https:\/\/www.suno.com.br\/acoes\/TIMS3\/\" target=\"_blank\" rel=\"noreferrer noopener\">Tim (TIMS3)<\/a>, <a href=\"https:\/\/www.suno.com.br\/acoes\/SOMA3\/\" target=\"_blank\" rel=\"noreferrer noopener\">Grupo Soma (SOMA3)<\/a>,Via (VIIA3) e <a href=\"https:\/\/www.suno.com.br\/acoes\/PETZ3\/\" target=\"_blank\" rel=\"noreferrer noopener\">Petz (PETZ3)<\/a>. Foram inclu\u00eddas no lugar: <a href=\"https:\/\/www.suno.com.br\/acoes\/AZUL4\/\" target=\"_blank\" rel=\"noreferrer noopener\">Azul (AZUL4)<\/a>, <a href=\"https:\/\/www.suno.com.br\/acoes\/UGPA3\/\" target=\"_blank\" rel=\"noreferrer noopener\">Ultrapar (UGPA3)<\/a>, Gerdau Metal\u00fargica (GOAU4), <a href=\"https:\/\/www.suno.com.br\/acoes\/PETR4\/\" target=\"_blank\" rel=\"noreferrer noopener\">Petrobras (PETR4)<\/a> e <a href=\"https:\/\/www.suno.com.br\/acoes\/HYPE3\/\" target=\"_blank\" rel=\"noreferrer noopener\">Hypera (HYPE3)<\/a>.<\/p>\t<div class=\"wrapper-featured-image\">\n\t\t<figure class=\"spotlightImg\">\n\n\t\t\t<picture>\n\t\t\t\t<source media=\"(max-width: 768px)\" srcset=\"https:\/\/files.sunoresearch.com.br\/n\/uploads\/2023\/04\/stock-gc9c03637e_1920-400x200.jpg\">\n\t\t\t\t<img loading=\"lazy\" decoding=\"async\" class=\"newsContent__article__imgCapa lazyloadDisabled \" src=\"https:\/\/files.sunoresearch.com.br\/n\/uploads\/2023\/04\/stock-gc9c03637e_1920-800x450.jpg\" width=\"800\" height=\"450\" alt=\"Via (VIIA3) e Tim (TIMS3) ficam de fora da carteira do BB Investimentos para julho; veja lista\" fetchpriority=high \/>\n\t\t\t<\/picture>\n\n\t\t\t<figcaption class=\"wp-caption-text wp-caption-text--show\">Ibovespa cai 0,49% e encerra aos 145 mil pontos em meio ao risco de shutdown nos EUA. Foto: Pixabay<\/figcaption>\n\t\t<\/figure>\n\t<\/div>\n\n\n\n\n\n\t<p>\n\t\t<a href=\"https:\/\/lp.suno.com.br\/planilha-da-vida-financeira\/\" target=\"_blank\" data-element=\"shortcode-suno-banner\" title=\"Banner SUNO, clique e saiba mais\">\n\t\t\t<picture>\n\t\t\t\t<source media=\"(max-width: 500px)\" srcset=\"https:\/\/files.sunoresearch.com.br\/n\/uploads\/2023\/04\/400x300-Planilha-vida-financeira-true.png\">\n\t\t\t\t<img class=\"newsContent__article__imgCapa newsContent__article__imgCapa--banner\"\n\t\t\t\t\tsrc=\"https:\/\/files.sunoresearch.com.br\/n\/uploads\/2023\/04\/1420x240-Planilha-vida-financeira-true.png\"\n\t\t\t\t\tdata-promo-id=\"106682\"\t\t\t\t\t\t\t\t\t\twidth='1420' height='240'\t\t\t\t\talt=\"https:\/\/files.sunoresearch.com.br\/n\/uploads\/2023\/04\/1420x240-Planilha-vida-financeira-true.png\"\n\t\t\t\t>\n\t\t\t<\/picture>\n\t\t<\/a>\n\t<\/p>\n\n\n\n\n\n\n\n<p>Com isso, a exposi\u00e7\u00e3o para o setor de \u00f3leo e g\u00e1s chegou a 40%. O <strong>setor de consumo<\/strong>, que no m\u00eas de junho representou 80% dos ativos, neste m\u00eas \u00e9 representado por apenas 20%. O restante \u00e9 complementado por transporte e log\u00edstica (20%) e materiais b\u00e1sicos (20%).<\/p>\n\n\n\n<p>Segundo o<strong> BB-BI<\/strong>, a carteira \u00e9 voltada para investidores que buscam exposi\u00e7\u00e3o \u00e0s oscila\u00e7\u00f5es de <a class=\"suno-keyword\" data-force=\"no\" data-priority=\"1\" href=\"https:\/\/www.suno.com.br\/artigos\/curto-prazo\/\" target=\"_blank\" rel=\"noopener\">curto prazo<\/a> do mercado. Em maio, a <strong>rentabilidade da carteira<\/strong> foi de 17,75%.<\/p>\n\n\n\n<figure class=\"wp-block-image size-full\"><img loading=\"lazy\" decoding=\"async\" width=\"801\" height=\"465\" src=\"https:\/\/files.sunoresearch.com.br\/n\/uploads\/2023\/07\/carteira-BB-BI-grafico.jpg\" alt=\"\" class=\"wp-image-424623\" srcset=\"https:\/\/files.sunoresearch.com.br\/n\/uploads\/2023\/07\/carteira-BB-BI-grafico.jpg 801w, https:\/\/files.sunoresearch.com.br\/n\/uploads\/2023\/07\/carteira-BB-BI-grafico-300x174.jpg 300w, https:\/\/files.sunoresearch.com.br\/n\/uploads\/2023\/07\/carteira-BB-BI-grafico-768x446.jpg 768w, https:\/\/files.sunoresearch.com.br\/n\/uploads\/2023\/07\/carteira-BB-BI-grafico-150x87.jpg 150w\" sizes=\"(max-width: 801px) 100vw, 801px\" \/><figcaption class=\"wp-element-caption\">As a\u00e7\u00f5es recomendadas para julho pelo BB-BI<\/figcaption><\/figure>\n\n\n\n<figure class=\"wp-block-image size-full\"><img loading=\"lazy\" decoding=\"async\" width=\"595\" height=\"773\" src=\"https:\/\/files.sunoresearch.com.br\/n\/uploads\/2023\/07\/carteira-BB-BI.jpg\" alt=\"\" class=\"wp-image-424624\" srcset=\"https:\/\/files.sunoresearch.com.br\/n\/uploads\/2023\/07\/carteira-BB-BI.jpg 595w, https:\/\/files.sunoresearch.com.br\/n\/uploads\/2023\/07\/carteira-BB-BI-231x300.jpg 231w, https:\/\/files.sunoresearch.com.br\/n\/uploads\/2023\/07\/carteira-BB-BI-150x195.jpg 150w\" sizes=\"(max-width: 595px) 100vw, 595px\" \/><figcaption class=\"wp-element-caption\">O desempenho das a\u00e7\u00f5es nas carteiras do BB Investimento de junho e maio<\/figcaption><\/figure>\n\n\n\t<p>\n\t\t<a href=\"https:\/\/lp.suno.com.br\/ebook-como-analisar-uma-acao\/\" target=\"_blank\" data-element=\"shortcode-suno-banner\" title=\"Banner SUNO, clique e saiba mais\">\n\t\t\t<picture>\n\t\t\t\t<source media=\"(max-width: 500px)\" srcset=\"https:\/\/files.sunoresearch.com.br\/n\/uploads\/2023\/03\/Ebook-Acoes-Mobile.jpg\">\n\t\t\t\t<img class=\"newsContent__article__imgCapa newsContent__article__imgCapa--banner\"\n\t\t\t\t\tsrc=\"https:\/\/files.sunoresearch.com.br\/n\/uploads\/2023\/03\/Ebook-Acoes-Desktop.jpg\"\n\t\t\t\t\tdata-promo-id=\"378302\"\t\t\t\t\t\t\t\t\t\twidth='1420' height='286'\t\t\t\t\talt=\"https:\/\/files.sunoresearch.com.br\/n\/uploads\/2023\/03\/Ebook-Acoes-Desktop.jpg\"\n\t\t\t\t>\n\t\t\t<\/picture>\n\t\t<\/a>\n\t<\/p>\n\n\n\n\n\n<h2 class=\"wp-block-heading\">Via (VIIA3) faz mudan\u00e7as na gest\u00e3o e troca CFO<\/h2>\n\n\n\n<p>A\u00a0<strong>Via<\/strong>\u00a0(<a href=\"https:\/\/www.suno.com.br\/acoes\/viia3\" target=\"_blank\" rel=\"noreferrer noopener\">VIIA3<\/a>) fez mudan\u00e7as recentes na sua gest\u00e3o, conforme comunicado pela companhia no \u00faltimo dia 21 de junho.<\/p>\n\n\n\n<p>A varejista aprovou a elei\u00e7\u00f5es de Elcio Mitsuhiro para diretor vice-presidente financeiro (CFO). Mitushiro assumir\u00e1 o cargo de&nbsp;<strong>CFO da Via<\/strong>&nbsp;no dia 10 de julho de 2023, substituindo Orivaldo Padilha, que permanecer\u00e1 na companhia at\u00e9 o dia da troca.<\/p>\n\n\n\n<p>O executivo j\u00e1 foi CFO da&nbsp;<a target=\"_blank\" href=\"https:\/\/www.suno.com.br\/acoes\/BRFS3\/\" rel=\"noreferrer noopener\">BRF (BRFS3)<\/a>&nbsp;e tamb\u00e9m atuou como diretor financeiro da&nbsp;<a target=\"_blank\" href=\"https:\/\/www.suno.com.br\/acoes\/MYPK3\/\" rel=\"noreferrer noopener\">Iochpe-Maxion (MYPK3)<\/a>.<\/p>\n\n\n\n<p>Mitushiro \u00e9 formado em Administra\u00e7\u00e3o de Empresas pela Funda\u00e7\u00e3o Armando \u00c1lvares Penteado (FAAP), MBA Finan\u00e7as pela Saint Mary\u2019s University no Canad\u00e1 e Mestrado em Economia Pol\u00edtica pela PUC-SP.<\/p>\n\n\n\n<p>\u201cOrivaldo Padilha encerrar\u00e1 o seu ciclo como CFO na companhia ap\u00f3s 4 anos de inestim\u00e1vel empenho, dedica\u00e7\u00e3o e contribui\u00e7\u00e3o \u00e0 Via, pelos quais a Companhia consigna sua mais profunda gratid\u00e3o e admira\u00e7\u00e3o\u201d, diz a varejista sobre seu antigo CFO.<\/p>\n\n\n\n<h2 class=\"wp-block-heading\">Varejista faz demiss\u00f5es no alto escal\u00e3o em meio a processo de reestrutura\u00e7\u00e3o<\/h2>\n\n\n\n<p>A Via demitiu, nas \u00faltimas semanas, diretores e funcion\u00e1rios do alto escal\u00e3o da companhia, com foco no banQi, o banco digital da varejista.<\/p>\n\n\n\n<p>Ainda em meados de mar\u00e7o, o&nbsp;<strong>banQi<\/strong>&nbsp;fez uma demiss\u00e3o que reduziu sua for\u00e7a de trabalho em cerca de 10%. Ainda n\u00e3o foram divulgados detalhes sobre quantos funcion\u00e1rios foram desligados do banco digital da Via.<\/p>\n\n\n\n<p>O presidente da opera\u00e7\u00e3o, Andr\u00e9 Calabro, j\u00e1 havia sido demitido em uma ocasi\u00e3o anterior, e essa nova leva de desligamentos tem foco em diretores.<\/p>\n\n\n\n<p>Segundo o Broadcast, al\u00e9m dos diretores do banQi foram demitidos um diretor de contabilidade corporativa, um diretor regional do Rio de Janeiro, o chefe de comunica\u00e7\u00e3o e&nbsp;<a target=\"_blank\" href=\"https:\/\/www.suno.com.br\/guias\/esg\/\" rel=\"noreferrer noopener\">ESG<\/a>&nbsp;e a chefe da divis\u00e3o de marketing e experi\u00eancia do consumidor.<\/p>\n\n\n\n<p>A empresa, em nota, destacou que \u201cas mudan\u00e7as fazem parte de uma reconfigura\u00e7\u00e3o estrat\u00e9gica de neg\u00f3cios com o objetivo de manter a&nbsp;<a target=\"_blank\" href=\"https:\/\/www.suno.com.br\/artigos\/eficiencia-operacional\/\" rel=\"noreferrer noopener\">efici\u00eancia operacional<\/a>\u201c.<\/p>\n\n\n\n<p>O movimento pode sinalizar uma perda de relev\u00e2ncia do banQi dentro da opera\u00e7\u00e3o da Via, que concluiu a aquisi\u00e7\u00e3o do banco digital ainda em meados de 2020.<\/p>\n\n\n\n<p>Segundo informa\u00e7\u00f5es do Broadcast, as mudan\u00e7as devem reverter o avan\u00e7o do bra\u00e7o financeiro em empr\u00e9stimos pessoais do banco \u2013 sendo um ponto visto como relevante para a varejista.<\/p>\n\n\n\n<p>Conforme o balan\u00e7o mais recente da\u00a0<strong>Via<\/strong>, referente ao primeiro trimestre, o banQi movimentou R$ 11,9 bilh\u00f5es em volume de pagamentos, crescimento de 6% ante igual etapa do ano anterior.<a href=\"https:\/\/lp.suno.com.br\/pv\/sr-premium\/1-real-para-investir\/\" target=\"_blank\" rel=\"noreferrer noopener\"><\/a><a href=\"https:\/\/lp.suno.com.br\/cl\/semana-do-assinante-2023\/\" target=\"_blank\" rel=\"noreferrer noopener\"><\/a><\/p>\n\n\n\n<h2 class=\"wp-block-heading\">Ibovespa fecha em alta. Veja cota\u00e7\u00e3o da Via<\/h2>\n\n\n\n<p>O Ibovespa hoje (3) encerrou a sess\u00e3o em alta de 1,34%, aos 119.672,78 pontos. A m\u00ednima do dia foi de 118.092,02 pontos, que foi a cota\u00e7\u00e3o de abertura, enquanto a m\u00e1xima foi de 119.877,04 pontos. O volume financeiro totalizou R$ 21,3 bilh\u00f5es.<\/p>\n\n\n\n<p>A <a class=\"suno-keyword\" data-force=\"yes\" data-priority=\"2\" href=\"https:\/\/www.suno.com.br\/acoes\/VALE3\/\" target=\"_blank\" rel=\"noopener\">Vale (VALE3)<\/a> ficou entre as 5 maiores altas do Ibovespa hoje, com uma forte valoriza\u00e7\u00e3o de 3,13%. Enquanto isso, a <a class=\"suno-keyword\" data-force=\"yes\" data-priority=\"2\" href=\"https:\/\/www.suno.com.br\/acoes\/PETR4\/\" target=\"_blank\" rel=\"noopener\">Petrobras (PETR4)<\/a> encerrou a sess\u00e3o com ganhos de 1,86% nas <a class=\"suno-keyword\" data-force=\"no\" data-priority=\"1\" href=\"https:\/\/www.suno.com.br\/artigos\/acoes-preferenciais\/\" target=\"_blank\" rel=\"noopener\">a\u00e7\u00f5es preferenciais<\/a> e de 1,72% nas <a class=\"suno-keyword\" data-force=\"no\" data-priority=\"1\" href=\"https:\/\/www.suno.com.br\/artigos\/o-que-sao-acoes-ordinarias-preferenciais-e-units\/\" target=\"_blank\" rel=\"noopener\">a\u00e7\u00f5es ordin\u00e1rias<\/a> (PETR3).<\/p>\n\n\n\n\t<div data-element=\"shortcode-read-more\" class=\"readToo\">\n\t\t\t\t<span class=\"readToo__title\">Leia mais<\/span>\n\t\t\t\t<ul class=\"readToo__list\">\n\t\t\t<li><a href=\"https:\/\/www.suno.com.br\/noticias\/acoes-maiores-quedas-ibovespa-1-semestre-2023-vale-vale3\/\">Vale (VALE3) tomba 26%; Veja as 5 a\u00e7\u00f5es que mais ca\u00edram no 1\u00ba semestre de 2023<\/a><\/li><li><a href=\"https:\/\/www.suno.com.br\/noticias\/selic-btg-eleva-pib-possibilidade-corte-juros-agosto\/\">Selic: BTG refor\u00e7a possibilidade de corte dos juros em agosto; entenda os motivos<\/a><\/li>\t\t<\/ul>\n\t<\/div>\n\n\n\n\n<p>Liderou os ganhos do Ibovespa a <a class=\"suno-keyword\" data-force=\"yes\" data-priority=\"2\" href=\"https:\/\/www.suno.com.br\/acoes\/LWSA3\/\" target=\"_blank\" rel=\"noopener\">Locaweb (LWSA3)<\/a>, com alta de 3,96%. J\u00e1 as perdas tiveram como principal destaque a <a class=\"suno-keyword\" data-force=\"yes\" data-priority=\"2\" href=\"https:\/\/www.suno.com.br\/acoes\/MRVE3\/\" target=\"_blank\" rel=\"noopener\">MRV (MRVE3)<\/a>, que caiu 3,11%.<\/p>\n\n\n\n<p>A Via encerrou a sess\u00e3o com alta de 1,43%, cotada a R$ 2,18.<\/p>\n\n\n\t<p>\n\t\t<a href=\"https:\/\/lp.suno.com.br\/suno-one\/?utm_campaign=_SNC6964518A_\" target=\"_blank\" data-element=\"shortcode-suno-banner\" title=\"Banner SUNO, clique e saiba mais\">\n\t\t\t<picture>\n\t\t\t\t<source media=\"(max-width: 500px)\" srcset=\"https:\/\/files.sunoresearch.com.br\/n\/uploads\/2025\/09\/400x300-Suno-One-png.webp\">\n\t\t\t\t<img class=\"newsContent__article__imgCapa newsContent__article__imgCapa--banner\"\n\t\t\t\t\tsrc=\"https:\/\/files.sunoresearch.com.br\/n\/uploads\/2025\/09\/1420x240-Suno-One-png.webp\"\n\t\t\t\t\tdata-promo-id=\"383121\"\t\t\t\t\t\t\t\t\t\twidth='1420' height='240'\t\t\t\t\talt=\"https:\/\/files.sunoresearch.com.br\/n\/uploads\/2025\/09\/1420x240-Suno-One-png.webp\"\n\t\t\t\t>\n\t\t\t<\/picture>\n\t\t<\/a>\n\t<\/p>\n\n\n","protected":false},"excerpt":{"rendered":"<p>O BB Investimento renovou, nesta segunda-feira (3), 100% de sua carteira recomendada de a\u00e7\u00f5es para julho, que tem por objetivo superar o \u00edndice Ibovespa. Para o m\u00eas de julho sa\u00edram Carrefour (CRFB3), Tim (TIMS3), Grupo Soma (SOMA3),Via (VIIA3) e Petz (PETZ3). Foram inclu\u00eddas no lugar: Azul (AZUL4), Ultrapar (UGPA3), Gerdau Metal\u00fargica (GOAU4), Petrobras (PETR4) e [&hellip;]<\/p>\n","protected":false},"author":301,"featured_media":384559,"comment_status":"closed","ping_status":"closed","sticky":false,"template":"","format":"standard","meta":[],"categories":[60],"tags":[286,104988,2465,2634,595,663,106935],"suno_strategy":[],"class_list":["post-424578","post","type-post","status-publish","format-standard","has-post-thumbnail","hentry","category-mercado","tag-acoes","tag-bb-investimentos","tag-carteiras-recomendadas","tag-gerdau-metalurgica-goau3-goau4","tag-petrobras-petr4","tag-tim-tims3","tag-via-viia3"],"yoast_head":"<!-- This site is optimized with the Yoast SEO plugin v24.4 - https:\/\/yoast.com\/wordpress\/plugins\/seo\/ -->\n<title>Via (VIIA3) e Tim (TIMS3) ficam de fora da carteira do BB para julho<\/title>\n<meta name=\"description\" content=\"Via e Tim saem da carteira do BB Investimentos, voltada para investidores que buscam exposi\u00e7\u00e3o \u00e0s oscila\u00e7\u00f5es de curto prazo do mercado.\" \/>\n<meta name=\"robots\" content=\"index, follow, max-snippet:-1, max-image-preview:large, max-video-preview:-1\" \/>\n<link rel=\"canonical\" href=\"https:\/\/www.suno.com.br\/noticias\/via-viia3-tim-tims3-bb-investimentos-carteira-julho-va\/\" \/>\n<meta property=\"og:locale\" content=\"pt_BR\" \/>\n<meta property=\"og:type\" content=\"article\" \/>\n<meta property=\"og:title\" content=\"Via (VIIA3) e Tim (TIMS3) ficam de fora da carteira do BB para julho\" \/>\n<meta property=\"og:description\" content=\"Via e Tim saem da carteira do BB Investimentos, voltada para investidores que buscam exposi\u00e7\u00e3o \u00e0s oscila\u00e7\u00f5es de curto prazo do mercado.\" \/>\n<meta property=\"og:url\" content=\"https:\/\/www.suno.com.br\/noticias\/via-viia3-tim-tims3-bb-investimentos-carteira-julho-va\/\" \/>\n<meta property=\"og:site_name\" content=\"Suno Not\u00edcias\" \/>\n<meta property=\"article:publisher\" content=\"https:\/\/facebook.com\/sunoresearch\" \/>\n<meta property=\"og:image\" content=\"https:\/\/files.sunoresearch.com.br\/n\/uploads\/2023\/04\/stock-gc9c03637e_1920.jpg\" \/>\n\t<meta property=\"og:image:width\" content=\"1920\" \/>\n\t<meta property=\"og:image:height\" content=\"1280\" \/>\n\t<meta property=\"og:image:type\" content=\"image\/jpeg\" \/>\n<meta name=\"author\" content=\"Vin\u00edcius Alves\" \/>\n<meta name=\"twitter:card\" content=\"summary_large_image\" \/>\n<meta name=\"twitter:creator\" content=\"@sunoresearch\" \/>\n<meta name=\"twitter:site\" content=\"@sunoresearch\" \/>\n<meta name=\"twitter:label1\" content=\"Escrito por\" \/>\n\t<meta name=\"twitter:data1\" content=\"Vin\u00edcius Alves\" \/>\n\t<meta name=\"twitter:label2\" content=\"Est. tempo de leitura\" \/>\n\t<meta name=\"twitter:data2\" content=\"5 minutos\" \/>\n<script type=\"application\/ld+json\" class=\"yoast-schema-graph\">{\"@context\":\"https:\/\/schema.org\",\"@graph\":[{\"@type\":\"NewsArticle\",\"@id\":\"https:\/\/www.suno.com.br\/noticias\/via-viia3-tim-tims3-bb-investimentos-carteira-julho-va\/#article\",\"isPartOf\":{\"@id\":\"https:\/\/www.suno.com.br\/noticias\/via-viia3-tim-tims3-bb-investimentos-carteira-julho-va\/\"},\"author\":{\"name\":\"Vin\u00edcius Alves\",\"@id\":\"https:\/\/www.suno.com.br\/noticias\/#\/schema\/person\/4a180549702d0e236b3e420862bcded3\"},\"headline\":\"Via (VIIA3) e Tim (TIMS3) ficam de fora da carteira do BB Investimentos para julho; veja lista\",\"datePublished\":\"2023-07-03T23:40:59+00:00\",\"dateModified\":\"2023-07-03T23:41:07+00:00\",\"mainEntityOfPage\":{\"@id\":\"https:\/\/www.suno.com.br\/noticias\/via-viia3-tim-tims3-bb-investimentos-carteira-julho-va\/\"},\"wordCount\":750,\"publisher\":{\"@id\":\"https:\/\/www.suno.com.br\/noticias\/#organization\"},\"image\":{\"@id\":\"https:\/\/www.suno.com.br\/noticias\/via-viia3-tim-tims3-bb-investimentos-carteira-julho-va\/#primaryimage\"},\"thumbnailUrl\":\"https:\/\/files.sunoresearch.com.br\/n\/uploads\/2023\/04\/stock-gc9c03637e_1920.jpg\",\"keywords\":[\"A\u00e7\u00f5es\",\"BB Investimentos\",\"Carteiras recomendadas\",\"Gerdau Metal\u00fargica (GOAU3\/GOAU4)\",\"Petrobras (PETR4)\",\"TIM (TIMS3)\",\"Via (VIIA3)\"],\"articleSection\":[\"Mercado\"],\"inLanguage\":\"pt-BR\"},{\"@type\":\"WebPage\",\"@id\":\"https:\/\/www.suno.com.br\/noticias\/via-viia3-tim-tims3-bb-investimentos-carteira-julho-va\/\",\"url\":\"https:\/\/www.suno.com.br\/noticias\/via-viia3-tim-tims3-bb-investimentos-carteira-julho-va\/\",\"name\":\"Via (VIIA3) e Tim (TIMS3) ficam de fora da carteira do BB para julho\",\"isPartOf\":{\"@id\":\"https:\/\/www.suno.com.br\/noticias\/#website\"},\"primaryImageOfPage\":{\"@id\":\"https:\/\/www.suno.com.br\/noticias\/via-viia3-tim-tims3-bb-investimentos-carteira-julho-va\/#primaryimage\"},\"image\":{\"@id\":\"https:\/\/www.suno.com.br\/noticias\/via-viia3-tim-tims3-bb-investimentos-carteira-julho-va\/#primaryimage\"},\"thumbnailUrl\":\"https:\/\/files.sunoresearch.com.br\/n\/uploads\/2023\/04\/stock-gc9c03637e_1920.jpg\",\"datePublished\":\"2023-07-03T23:40:59+00:00\",\"dateModified\":\"2023-07-03T23:41:07+00:00\",\"description\":\"Via e Tim saem da carteira do BB Investimentos, voltada para investidores que buscam exposi\u00e7\u00e3o \u00e0s oscila\u00e7\u00f5es de curto prazo do mercado.\",\"breadcrumb\":{\"@id\":\"https:\/\/www.suno.com.br\/noticias\/via-viia3-tim-tims3-bb-investimentos-carteira-julho-va\/#breadcrumb\"},\"inLanguage\":\"pt-BR\",\"potentialAction\":[{\"@type\":\"ReadAction\",\"target\":[\"https:\/\/www.suno.com.br\/noticias\/via-viia3-tim-tims3-bb-investimentos-carteira-julho-va\/\"]}]},{\"@type\":\"ImageObject\",\"inLanguage\":\"pt-BR\",\"@id\":\"https:\/\/www.suno.com.br\/noticias\/via-viia3-tim-tims3-bb-investimentos-carteira-julho-va\/#primaryimage\",\"url\":\"https:\/\/files.sunoresearch.com.br\/n\/uploads\/2023\/04\/stock-gc9c03637e_1920.jpg\",\"contentUrl\":\"https:\/\/files.sunoresearch.com.br\/n\/uploads\/2023\/04\/stock-gc9c03637e_1920.jpg\",\"width\":1920,\"height\":1280,\"caption\":\"Ibovespa cai 0,49% e encerra aos 145 mil pontos em meio ao risco de shutdown nos EUA. Foto: Pixabay\"},{\"@type\":\"BreadcrumbList\",\"@id\":\"https:\/\/www.suno.com.br\/noticias\/via-viia3-tim-tims3-bb-investimentos-carteira-julho-va\/#breadcrumb\",\"itemListElement\":[{\"@type\":\"ListItem\",\"position\":1,\"name\":\"Not\u00edcias\",\"item\":\"https:\/\/www.suno.com.br\/noticias\/\"},{\"@type\":\"ListItem\",\"position\":2,\"name\":\"Mercado\",\"item\":\"https:\/\/www.suno.com.br\/noticias\/mercado\/\"},{\"@type\":\"ListItem\",\"position\":3,\"name\":\"Via (VIIA3) e Tim (TIMS3) ficam de fora da carteira do BB Investimentos para julho; veja lista\"}]},{\"@type\":\"WebSite\",\"@id\":\"https:\/\/www.suno.com.br\/noticias\/#website\",\"url\":\"https:\/\/www.suno.com.br\/noticias\/\",\"name\":\"Suno Not\u00edcias\",\"description\":\"Seu portal de informa\u00e7\u00e3o sobre o mundo dos investimentos\",\"publisher\":{\"@id\":\"https:\/\/www.suno.com.br\/noticias\/#organization\"},\"potentialAction\":[{\"@type\":\"SearchAction\",\"target\":{\"@type\":\"EntryPoint\",\"urlTemplate\":\"https:\/\/www.suno.com.br\/noticias\/?s={search_term_string}\"},\"query-input\":{\"@type\":\"PropertyValueSpecification\",\"valueRequired\":true,\"valueName\":\"search_term_string\"}}],\"inLanguage\":\"pt-BR\"},{\"@type\":\"Organization\",\"@id\":\"https:\/\/www.suno.com.br\/noticias\/#organization\",\"name\":\"Suno Not\u00edcias\",\"url\":\"https:\/\/www.suno.com.br\/noticias\/\",\"logo\":{\"@type\":\"ImageObject\",\"inLanguage\":\"pt-BR\",\"@id\":\"https:\/\/www.suno.com.br\/noticias\/#\/schema\/logo\/image\/\",\"url\":\"https:\/\/files.sunoresearch.com.br\/n\/uploads\/2021\/09\/suno-logo.png\",\"contentUrl\":\"https:\/\/files.sunoresearch.com.br\/n\/uploads\/2021\/09\/suno-logo.png\",\"width\":180,\"height\":180,\"caption\":\"Suno Not\u00edcias\"},\"image\":{\"@id\":\"https:\/\/www.suno.com.br\/noticias\/#\/schema\/logo\/image\/\"},\"sameAs\":[\"https:\/\/facebook.com\/sunoresearch\",\"https:\/\/x.com\/sunoresearch\",\"https:\/\/www.instagram.com\/suno\",\"https:\/\/www.linkedin.com\/company\/suno-research\/\",\"https:\/\/www.youtube.com\/c\/sunoresearch\"]},{\"@type\":\"Person\",\"@id\":\"https:\/\/www.suno.com.br\/noticias\/#\/schema\/person\/4a180549702d0e236b3e420862bcded3\",\"name\":\"Vin\u00edcius Alves\",\"image\":{\"@type\":\"ImageObject\",\"inLanguage\":\"pt-BR\",\"@id\":\"https:\/\/www.suno.com.br\/noticias\/#\/schema\/person\/image\/\",\"url\":\"https:\/\/secure.gravatar.com\/avatar\/a95b7fe6d1b813f7907d4f476d5a39e1?s=96&r=g\",\"contentUrl\":\"https:\/\/secure.gravatar.com\/avatar\/a95b7fe6d1b813f7907d4f476d5a39e1?s=96&r=g\",\"caption\":\"Vin\u00edcius Alves\"},\"description\":\"Jornalista formado na Faculdade C\u00e1sper L\u00edbero. Com passagens pela Ag\u00eancia Estado, InfoMoney e Editora Globo.\",\"url\":\"https:\/\/www.suno.com.br\/noticias\/author\/vini08correiagmail-com\/\"}]}<\/script>\n<!-- \/ Yoast SEO plugin. -->","yoast_head_json":{"title":"Via (VIIA3) e Tim (TIMS3) ficam de fora da carteira do BB para julho","description":"Via e Tim saem da carteira do BB Investimentos, voltada para investidores que buscam exposi\u00e7\u00e3o \u00e0s oscila\u00e7\u00f5es de curto prazo do mercado.","robots":{"index":"index","follow":"follow","max-snippet":"max-snippet:-1","max-image-preview":"max-image-preview:large","max-video-preview":"max-video-preview:-1"},"canonical":"https:\/\/www.suno.com.br\/noticias\/via-viia3-tim-tims3-bb-investimentos-carteira-julho-va\/","og_locale":"pt_BR","og_type":"article","og_title":"Via (VIIA3) e Tim (TIMS3) ficam de fora da carteira do BB para julho","og_description":"Via e Tim saem da carteira do BB Investimentos, voltada para investidores que buscam exposi\u00e7\u00e3o \u00e0s oscila\u00e7\u00f5es de curto prazo do mercado.","og_url":"https:\/\/www.suno.com.br\/noticias\/via-viia3-tim-tims3-bb-investimentos-carteira-julho-va\/","og_site_name":"Suno Not\u00edcias","article_publisher":"https:\/\/facebook.com\/sunoresearch","og_image":[{"width":1920,"height":1280,"url":"https:\/\/files.sunoresearch.com.br\/n\/uploads\/2023\/04\/stock-gc9c03637e_1920.jpg","type":"image\/jpeg"}],"author":"Vin\u00edcius Alves","twitter_card":"summary_large_image","twitter_creator":"@sunoresearch","twitter_site":"@sunoresearch","twitter_misc":{"Escrito por":"Vin\u00edcius Alves","Est. tempo de leitura":"5 minutos"},"schema":{"@context":"https:\/\/schema.org","@graph":[{"@type":"NewsArticle","@id":"https:\/\/www.suno.com.br\/noticias\/via-viia3-tim-tims3-bb-investimentos-carteira-julho-va\/#article","isPartOf":{"@id":"https:\/\/www.suno.com.br\/noticias\/via-viia3-tim-tims3-bb-investimentos-carteira-julho-va\/"},"author":{"name":"Vin\u00edcius Alves","@id":"https:\/\/www.suno.com.br\/noticias\/#\/schema\/person\/4a180549702d0e236b3e420862bcded3"},"headline":"Via (VIIA3) e Tim (TIMS3) ficam de fora da carteira do BB Investimentos para julho; veja lista","datePublished":"2023-07-03T23:40:59+00:00","dateModified":"2023-07-03T23:41:07+00:00","mainEntityOfPage":{"@id":"https:\/\/www.suno.com.br\/noticias\/via-viia3-tim-tims3-bb-investimentos-carteira-julho-va\/"},"wordCount":750,"publisher":{"@id":"https:\/\/www.suno.com.br\/noticias\/#organization"},"image":{"@id":"https:\/\/www.suno.com.br\/noticias\/via-viia3-tim-tims3-bb-investimentos-carteira-julho-va\/#primaryimage"},"thumbnailUrl":"https:\/\/files.sunoresearch.com.br\/n\/uploads\/2023\/04\/stock-gc9c03637e_1920.jpg","keywords":["A\u00e7\u00f5es","BB Investimentos","Carteiras recomendadas","Gerdau Metal\u00fargica (GOAU3\/GOAU4)","Petrobras (PETR4)","TIM (TIMS3)","Via (VIIA3)"],"articleSection":["Mercado"],"inLanguage":"pt-BR"},{"@type":"WebPage","@id":"https:\/\/www.suno.com.br\/noticias\/via-viia3-tim-tims3-bb-investimentos-carteira-julho-va\/","url":"https:\/\/www.suno.com.br\/noticias\/via-viia3-tim-tims3-bb-investimentos-carteira-julho-va\/","name":"Via (VIIA3) e Tim (TIMS3) ficam de fora da carteira do BB para julho","isPartOf":{"@id":"https:\/\/www.suno.com.br\/noticias\/#website"},"primaryImageOfPage":{"@id":"https:\/\/www.suno.com.br\/noticias\/via-viia3-tim-tims3-bb-investimentos-carteira-julho-va\/#primaryimage"},"image":{"@id":"https:\/\/www.suno.com.br\/noticias\/via-viia3-tim-tims3-bb-investimentos-carteira-julho-va\/#primaryimage"},"thumbnailUrl":"https:\/\/files.sunoresearch.com.br\/n\/uploads\/2023\/04\/stock-gc9c03637e_1920.jpg","datePublished":"2023-07-03T23:40:59+00:00","dateModified":"2023-07-03T23:41:07+00:00","description":"Via e Tim saem da carteira do BB Investimentos, voltada para investidores que buscam exposi\u00e7\u00e3o \u00e0s oscila\u00e7\u00f5es de curto prazo do mercado.","breadcrumb":{"@id":"https:\/\/www.suno.com.br\/noticias\/via-viia3-tim-tims3-bb-investimentos-carteira-julho-va\/#breadcrumb"},"inLanguage":"pt-BR","potentialAction":[{"@type":"ReadAction","target":["https:\/\/www.suno.com.br\/noticias\/via-viia3-tim-tims3-bb-investimentos-carteira-julho-va\/"]}]},{"@type":"ImageObject","inLanguage":"pt-BR","@id":"https:\/\/www.suno.com.br\/noticias\/via-viia3-tim-tims3-bb-investimentos-carteira-julho-va\/#primaryimage","url":"https:\/\/files.sunoresearch.com.br\/n\/uploads\/2023\/04\/stock-gc9c03637e_1920.jpg","contentUrl":"https:\/\/files.sunoresearch.com.br\/n\/uploads\/2023\/04\/stock-gc9c03637e_1920.jpg","width":1920,"height":1280,"caption":"Ibovespa cai 0,49% e encerra aos 145 mil pontos em meio ao risco de shutdown nos EUA. Foto: Pixabay"},{"@type":"BreadcrumbList","@id":"https:\/\/www.suno.com.br\/noticias\/via-viia3-tim-tims3-bb-investimentos-carteira-julho-va\/#breadcrumb","itemListElement":[{"@type":"ListItem","position":1,"name":"Not\u00edcias","item":"https:\/\/www.suno.com.br\/noticias\/"},{"@type":"ListItem","position":2,"name":"Mercado","item":"https:\/\/www.suno.com.br\/noticias\/mercado\/"},{"@type":"ListItem","position":3,"name":"Via (VIIA3) e Tim (TIMS3) ficam de fora da carteira do BB Investimentos para julho; veja lista"}]},{"@type":"WebSite","@id":"https:\/\/www.suno.com.br\/noticias\/#website","url":"https:\/\/www.suno.com.br\/noticias\/","name":"Suno Not\u00edcias","description":"Seu portal de informa\u00e7\u00e3o sobre o mundo dos investimentos","publisher":{"@id":"https:\/\/www.suno.com.br\/noticias\/#organization"},"potentialAction":[{"@type":"SearchAction","target":{"@type":"EntryPoint","urlTemplate":"https:\/\/www.suno.com.br\/noticias\/?s={search_term_string}"},"query-input":{"@type":"PropertyValueSpecification","valueRequired":true,"valueName":"search_term_string"}}],"inLanguage":"pt-BR"},{"@type":"Organization","@id":"https:\/\/www.suno.com.br\/noticias\/#organization","name":"Suno Not\u00edcias","url":"https:\/\/www.suno.com.br\/noticias\/","logo":{"@type":"ImageObject","inLanguage":"pt-BR","@id":"https:\/\/www.suno.com.br\/noticias\/#\/schema\/logo\/image\/","url":"https:\/\/files.sunoresearch.com.br\/n\/uploads\/2021\/09\/suno-logo.png","contentUrl":"https:\/\/files.sunoresearch.com.br\/n\/uploads\/2021\/09\/suno-logo.png","width":180,"height":180,"caption":"Suno Not\u00edcias"},"image":{"@id":"https:\/\/www.suno.com.br\/noticias\/#\/schema\/logo\/image\/"},"sameAs":["https:\/\/facebook.com\/sunoresearch","https:\/\/x.com\/sunoresearch","https:\/\/www.instagram.com\/suno","https:\/\/www.linkedin.com\/company\/suno-research\/","https:\/\/www.youtube.com\/c\/sunoresearch"]},{"@type":"Person","@id":"https:\/\/www.suno.com.br\/noticias\/#\/schema\/person\/4a180549702d0e236b3e420862bcded3","name":"Vin\u00edcius Alves","image":{"@type":"ImageObject","inLanguage":"pt-BR","@id":"https:\/\/www.suno.com.br\/noticias\/#\/schema\/person\/image\/","url":"https:\/\/secure.gravatar.com\/avatar\/a95b7fe6d1b813f7907d4f476d5a39e1?s=96&r=g","contentUrl":"https:\/\/secure.gravatar.com\/avatar\/a95b7fe6d1b813f7907d4f476d5a39e1?s=96&r=g","caption":"Vin\u00edcius Alves"},"description":"Jornalista formado na Faculdade C\u00e1sper L\u00edbero. Com passagens pela Ag\u00eancia Estado, InfoMoney e Editora Globo.","url":"https:\/\/www.suno.com.br\/noticias\/author\/vini08correiagmail-com\/"}]}},"default_loop_html":"<div class=\"cardsPage__listCard__boxs\"><div class=\"cardsPage__listCard__boxs__img\"><a href=\"https:\/\/www.suno.com.br\/noticias\/via-viia3-tim-tims3-bb-investimentos-carteira-julho-va\/\"><img class=\"mask\" src=\"https:\/\/www.suno.com.br\/noticias\/wp-content\/themes\/suno\/resources\/images\/spotlight\/spotlight1img\/bg-mask.png\" alt=\"Image Mask\"\/><img src=\"https:\/\/files.sunoresearch.com.br\/n\/uploads\/2023\/04\/stock-gc9c03637e_1920-400x200.jpg\" alt=\"Via (VIIA3) e Tim (TIMS3) ficam de fora da carteira do BB Investimentos para julho; veja lista\"\/><\/a><span class=\"spotlightCategory\"><a href=\"https:\/\/www.suno.com.br\/noticias\/mercado\/\">Mercado<\/a><\/span><\/div><div class=\"cardsPage__listCard__boxs__content\"><a href=\"https:\/\/www.suno.com.br\/noticias\/via-viia3-tim-tims3-bb-investimentos-carteira-julho-va\/\"><h2 class=\"content__title\">Via (VIIA3) e Tim (TIMS3) ficam de fora da carteira do BB Investimentos para julho; veja lista<\/h2><\/a><div class=\"newsContent__article__meta\"><div class=\"newsContent__article__meta__authorBox\"><a href=\"https:\/\/www.suno.com.br\/noticias\/author\/vini08correiagmail-com\/\" class=\"authorBox__avatar noMobi\"><img src=\"https:\/\/files.sunoresearch.com.br\/n\/uploads\/2026\/04\/WhatsApp-Image-2026-04-20-at-19.35.48-150x150.webp\" alt=\"Vin\u00edcius Alves\"><\/a><div class=\"authorBox__name\"><span>por\n\t\t\t<a href=\"https:\/\/www.suno.com.br\/noticias\/author\/vini08correiagmail-com\/\"><span itemprop=\"author\">Vin\u00edcius Alves<\/span><\/a><\/span><time datetime=\"2023-07-03T20:40:59-03:00\" itemprop=\"datePublished\">03\/07\/2023 20:40<\/time><\/div><\/div><\/div><\/div><\/div>","single_layout":"posts","amp_enabled":true,"_links":{"self":[{"href":"https:\/\/www.suno.com.br\/noticias\/wp-json\/wp\/v2\/posts\/424578"}],"collection":[{"href":"https:\/\/www.suno.com.br\/noticias\/wp-json\/wp\/v2\/posts"}],"about":[{"href":"https:\/\/www.suno.com.br\/noticias\/wp-json\/wp\/v2\/types\/post"}],"author":[{"embeddable":true,"href":"https:\/\/www.suno.com.br\/noticias\/wp-json\/wp\/v2\/users\/301"}],"replies":[{"embeddable":true,"href":"https:\/\/www.suno.com.br\/noticias\/wp-json\/wp\/v2\/comments?post=424578"}],"version-history":[{"count":2,"href":"https:\/\/www.suno.com.br\/noticias\/wp-json\/wp\/v2\/posts\/424578\/revisions"}],"predecessor-version":[{"id":424629,"href":"https:\/\/www.suno.com.br\/noticias\/wp-json\/wp\/v2\/posts\/424578\/revisions\/424629"}],"wp:featuredmedia":[{"embeddable":true,"href":"https:\/\/www.suno.com.br\/noticias\/wp-json\/wp\/v2\/media\/384559"}],"wp:attachment":[{"href":"https:\/\/www.suno.com.br\/noticias\/wp-json\/wp\/v2\/media?parent=424578"}],"wp:term":[{"taxonomy":"category","embeddable":true,"href":"https:\/\/www.suno.com.br\/noticias\/wp-json\/wp\/v2\/categories?post=424578"},{"taxonomy":"post_tag","embeddable":true,"href":"https:\/\/www.suno.com.br\/noticias\/wp-json\/wp\/v2\/tags?post=424578"},{"taxonomy":"suno_strategy","embeddable":true,"href":"https:\/\/www.suno.com.br\/noticias\/wp-json\/wp\/v2\/suno_strategy?post=424578"}],"curies":[{"name":"wp","href":"https:\/\/api.w.org\/{rel}","templated":true}]}}