{"id":42457,"date":"2019-10-25T15:06:17","date_gmt":"2019-10-25T17:06:17","guid":{"rendered":"https:\/\/www.suno.com.br\/noticias\/?p=42457"},"modified":"2019-10-25T16:11:49","modified_gmt":"2019-10-25T18:11:49","slug":"cade-processo-itau-rede-pratica-anticompetitiva","status":"publish","type":"post","link":"https:\/\/www.suno.com.br\/noticias\/cade-processo-itau-rede-pratica-anticompetitiva\/","title":{"rendered":"Cade instaura processo administrativo contra Ita\u00fa e Rede por pr\u00e1tica anticompetitiva"},"content":{"rendered":"<p>A <a href=\"https:\/\/www.suno.com.br\/artigos\/cade\/\">Superintend\u00eancia-Geral do Conselho Administrativo de Defesa Econ\u00f4mica<\/a> (Cade) abriu, na \u00faltima quinta-feira (24), um processo administrativo contra o<strong> Ita\u00fa Unibanco<\/strong> e a credenciadora de cart\u00f5es <strong>Redecard<\/strong>. A opera\u00e7\u00e3o, iniciada em abril, busca apurar supostas condutas anticompetitivas no mercado de meios de pagamento.<\/p>\t<div class=\"wrapper-featured-image\">\n\t\t<figure class=\"spotlightImg\">\n\n\t\t\t<picture>\n\t\t\t\t<source media=\"(max-width: 768px)\" srcset=\"https:\/\/files.sunoresearch.com.br\/n\/uploads\/2019\/10\/9249cd61-cade-redecard-400x200.webp\">\n\t\t\t\t<img loading=\"lazy\" decoding=\"async\" class=\"newsContent__article__imgCapa lazyloadDisabled newsContent__article__imgCapa--noCaption\" src=\"https:\/\/files.sunoresearch.com.br\/n\/uploads\/2019\/10\/9249cd61-cade-redecard-800x450.webp\" width=\"800\" height=\"450\" alt=\"Cade instaura processo administrativo contra Ita\u00fa e Rede por pr\u00e1tica anticompetitiva\" fetchpriority=high \/>\n\t\t\t<\/picture>\n\n\t\t\t<figcaption class=\"wp-caption-text wp-caption-text--hide\">Rede amplia isen\u00e7\u00e3o de taxa de antecipa\u00e7\u00e3o para todos os clientes<\/figcaption>\n\t\t<\/figure>\n\t<\/div>\n\n\n\n<p>Al\u00e9m das medidas anticompetitivas de mercado, o processo do <strong>Cade<\/strong> tamb\u00e9m leva em considera\u00e7\u00e3o a infra\u00e7\u00e3o a ordem econ\u00f4mica e a concorr\u00eancia desleal causada no setor.<\/p>\n<p>Tanto o Ita\u00fa quanto a Rede foram obrigados a paralisar a\u00e7\u00f5es comerciais vistas como abusivas pelo \u00f3rg\u00e3o. Vale ressaltar que se as empresas n\u00e3o obedecerem a ordem do Conselho, elas ter\u00e3o de arcar com uma multa de R$ 500 mil por dia.<\/p>\n<p>O Cade investiga uma campanha feita pela Rede que come\u00e7ou a ser veiculada em maio deste ano. Por meio de um an\u00fancio publicit\u00e1rio, a companhia oferecia a redu\u00e7\u00e3o para dois dias, do prazo de liquida\u00e7\u00e3o das transa\u00e7\u00f5es \u00e0 vista feitas com cart\u00e3o de cr\u00e9dito, para estabelecimentos comerciais que possu\u00edam conta no Ita\u00fa.<\/p>\n<p><a href=\"https:\/\/www.suno.com.br\/noticias\/vale-pagamento-dividendos-recuperacao-brumadinho\/\">Veja tamb\u00e9m: Vale s\u00f3 abordar\u00e1 pagamento de dividendos ap\u00f3s reestrutura\u00e7\u00e3o de Brumadinho<\/a><\/p>\n<p>Al\u00e9m disso, o \u00f3rg\u00e3o ordenou o <strong>Ita\u00fa<\/strong> a se comunicar diretamente com os clientes da Rede que fizeram conta na institui\u00e7\u00e3o financeira ap\u00f3s o come\u00e7o da campanha. Dessa forma, o banco ter\u00e1 que avisar os clientes que n\u00e3o \u00e9 obrigat\u00f3rio manter essa conta para possuir acesso \u00e0 liquida\u00e7\u00e3o de suas vendas no cr\u00e9dito \u00e0 vista em cinco dias.<\/p>\n\t<p>\n\t\t<a href=\"https:\/\/lp.suno.com.br\/asset\/fundos\/suno-fiagro-snag11\/\" target=\"_blank\" data-element=\"shortcode-suno-banner\" title=\"Banner SUNO, clique e saiba mais\">\n\t\t\t<picture>\n\t\t\t\t<source media=\"(max-width: 500px)\" srcset=\"https:\/\/files.sunoresearch.com.br\/n\/uploads\/2024\/03\/400x300-Mobile-Artigos-1_SNAG.png\">\n\t\t\t\t<img class=\"newsContent__article__imgCapa newsContent__article__imgCapa--banner\"\n\t\t\t\t\tsrc=\"https:\/\/files.sunoresearch.com.br\/n\/uploads\/2024\/03\/1420x240-Banner-Artigos-1-_-Banner-Materias-1_SNAG.png\"\n\t\t\t\t\tdata-promo-id=\"364416\"\t\t\t\t\t\t\t\t\t\twidth='1420' height='240'\t\t\t\t\talt=\"https:\/\/files.sunoresearch.com.br\/n\/uploads\/2024\/03\/1420x240-Banner-Artigos-1-_-Banner-Materias-1_SNAG.png\"\n\t\t\t\t>\n\t\t\t<\/picture>\n\t\t<\/a>\n\t<\/p>\n\n\n<p>A Superintend\u00eancia do Cade avaliou que a competi\u00e7\u00e3o no setor, com as pr\u00e1ticas que estavam sendo exercidas pelas duas empresas, poderia ser comprometida em m\u00e9dio prazo.<\/p>\n<p>Em nota, o Cade comunicou que &#8220;para evitar efeitos lesivos \u00e0 concorr\u00eancia, a SG\/Cade decidiu adotar medida preventiva contra a Rede e o Ita\u00fa. Com isso, determinou a cessa\u00e7\u00e3o da exig\u00eancia de domic\u00edlio banc\u00e1rio no Ita\u00fa como condi\u00e7\u00e3o para oferecer o prazo de dois dias para liquida\u00e7\u00e3o de vendas no cr\u00e9dito \u00e0 vista&#8221;.<\/p>\n<p>O Ita\u00fa mandou seu posicionamento sobre o processo do <strong>Cade<\/strong> para a reportagem da Suno Not\u00edcias. &#8220;A Rede n\u00e3o foi intimada ainda, mas refor\u00e7a sua vis\u00e3o de que sua opera\u00e7\u00e3o \u00e9 pr\u00f3-competitiva e beneficia milh\u00f5es de clientes ao isent\u00e1-los de uma taxa que impacta de maneira relevante o pequeno e m\u00e9dio neg\u00f3cio&#8221;, informou a institui\u00e7\u00e3o.<\/p>\n","protected":false},"excerpt":{"rendered":"<p>A Superintend\u00eancia-Geral do Conselho Administrativo de Defesa Econ\u00f4mica (Cade) abriu, na \u00faltima quinta-feira (24), um processo administrativo contra o Ita\u00fa Unibanco e a credenciadora de cart\u00f5es Redecard. A opera\u00e7\u00e3o, iniciada em abril, busca apurar supostas condutas anticompetitivas no mercado de meios de pagamento. Rede amplia isen\u00e7\u00e3o de taxa de antecipa\u00e7\u00e3o para todos os clientes Al\u00e9m [&hellip;]<\/p>\n","protected":false},"author":19,"featured_media":42465,"comment_status":"closed","ping_status":"closed","sticky":false,"template":"","format":"standard","meta":[],"categories":[64],"tags":[],"suno_strategy":[],"class_list":["post-42457","post","type-post","status-publish","format-standard","has-post-thumbnail","hentry","category-negocios"],"yoast_head":"<!-- This site is optimized with the Yoast SEO plugin v24.4 - https:\/\/yoast.com\/wordpress\/plugins\/seo\/ -->\n<title>Cade instaura processo contra Ita\u00fa e Rede por pr\u00e1tica anticompetitiva<\/title>\n<meta name=\"description\" content=\"A Superintend\u00eancia-Geral do Cade abriu um processo administrativo contra o Ita\u00fa Unibanco e a credenciadora de cart\u00f5es Redecard. Saiba mais.\" \/>\n<meta name=\"robots\" content=\"index, follow, max-snippet:-1, max-image-preview:large, max-video-preview:-1\" \/>\n<link rel=\"canonical\" href=\"https:\/\/www.suno.com.br\/noticias\/cade-processo-itau-rede-pratica-anticompetitiva\/\" \/>\n<meta property=\"og:locale\" content=\"pt_BR\" \/>\n<meta property=\"og:type\" content=\"article\" \/>\n<meta property=\"og:title\" content=\"Cade instaura processo contra Ita\u00fa e Rede por pr\u00e1tica anticompetitiva\" \/>\n<meta property=\"og:description\" content=\"A Superintend\u00eancia-Geral do Cade abriu um processo administrativo contra o Ita\u00fa Unibanco e a credenciadora de cart\u00f5es Redecard. Saiba mais.\" \/>\n<meta property=\"og:url\" content=\"https:\/\/www.suno.com.br\/noticias\/cade-processo-itau-rede-pratica-anticompetitiva\/\" \/>\n<meta property=\"og:site_name\" content=\"Suno Not\u00edcias\" \/>\n<meta property=\"article:publisher\" content=\"https:\/\/facebook.com\/sunoresearch\" \/>\n<meta property=\"og:image\" content=\"https:\/\/files.sunoresearch.com.br\/n\/uploads\/2019\/10\/9249cd61-cade-redecard.jpg\" \/>\n\t<meta property=\"og:image:width\" content=\"1600\" \/>\n\t<meta property=\"og:image:height\" content=\"800\" \/>\n\t<meta property=\"og:image:type\" content=\"image\/jpeg\" \/>\n<meta name=\"author\" content=\"Juliano Passaro\" \/>\n<meta name=\"twitter:card\" content=\"summary_large_image\" \/>\n<meta name=\"twitter:creator\" content=\"@sunoresearch\" \/>\n<meta name=\"twitter:site\" content=\"@sunoresearch\" \/>\n<meta name=\"twitter:label1\" content=\"Escrito por\" \/>\n\t<meta name=\"twitter:data1\" content=\"Juliano Passaro\" \/>\n\t<meta name=\"twitter:label2\" content=\"Est. tempo de leitura\" \/>\n\t<meta name=\"twitter:data2\" content=\"2 minutos\" \/>\n<script type=\"application\/ld+json\" class=\"yoast-schema-graph\">{\"@context\":\"https:\/\/schema.org\",\"@graph\":[{\"@type\":\"NewsArticle\",\"@id\":\"https:\/\/www.suno.com.br\/noticias\/cade-processo-itau-rede-pratica-anticompetitiva\/#article\",\"isPartOf\":{\"@id\":\"https:\/\/www.suno.com.br\/noticias\/cade-processo-itau-rede-pratica-anticompetitiva\/\"},\"author\":{\"name\":\"Juliano Passaro\",\"@id\":\"https:\/\/www.suno.com.br\/noticias\/#\/schema\/person\/1db762f78ffd8919a648a63e425953e3\"},\"headline\":\"Cade instaura processo administrativo contra Ita\u00fa e Rede por pr\u00e1tica anticompetitiva\",\"datePublished\":\"2019-10-25T17:06:17+00:00\",\"dateModified\":\"2019-10-25T18:11:49+00:00\",\"mainEntityOfPage\":{\"@id\":\"https:\/\/www.suno.com.br\/noticias\/cade-processo-itau-rede-pratica-anticompetitiva\/\"},\"wordCount\":434,\"publisher\":{\"@id\":\"https:\/\/www.suno.com.br\/noticias\/#organization\"},\"image\":{\"@id\":\"https:\/\/www.suno.com.br\/noticias\/cade-processo-itau-rede-pratica-anticompetitiva\/#primaryimage\"},\"thumbnailUrl\":\"https:\/\/files.sunoresearch.com.br\/n\/uploads\/2019\/10\/9249cd61-cade-redecard-jpg.webp\",\"articleSection\":[\"Neg\u00f3cios\"],\"inLanguage\":\"pt-BR\"},{\"@type\":\"WebPage\",\"@id\":\"https:\/\/www.suno.com.br\/noticias\/cade-processo-itau-rede-pratica-anticompetitiva\/\",\"url\":\"https:\/\/www.suno.com.br\/noticias\/cade-processo-itau-rede-pratica-anticompetitiva\/\",\"name\":\"Cade instaura processo contra Ita\u00fa e Rede por pr\u00e1tica anticompetitiva\",\"isPartOf\":{\"@id\":\"https:\/\/www.suno.com.br\/noticias\/#website\"},\"primaryImageOfPage\":{\"@id\":\"https:\/\/www.suno.com.br\/noticias\/cade-processo-itau-rede-pratica-anticompetitiva\/#primaryimage\"},\"image\":{\"@id\":\"https:\/\/www.suno.com.br\/noticias\/cade-processo-itau-rede-pratica-anticompetitiva\/#primaryimage\"},\"thumbnailUrl\":\"https:\/\/files.sunoresearch.com.br\/n\/uploads\/2019\/10\/9249cd61-cade-redecard-jpg.webp\",\"datePublished\":\"2019-10-25T17:06:17+00:00\",\"dateModified\":\"2019-10-25T18:11:49+00:00\",\"description\":\"A Superintend\u00eancia-Geral do Cade abriu um processo administrativo contra o Ita\u00fa Unibanco e a credenciadora de cart\u00f5es Redecard. Saiba mais.\",\"breadcrumb\":{\"@id\":\"https:\/\/www.suno.com.br\/noticias\/cade-processo-itau-rede-pratica-anticompetitiva\/#breadcrumb\"},\"inLanguage\":\"pt-BR\",\"potentialAction\":[{\"@type\":\"ReadAction\",\"target\":[\"https:\/\/www.suno.com.br\/noticias\/cade-processo-itau-rede-pratica-anticompetitiva\/\"]}]},{\"@type\":\"ImageObject\",\"inLanguage\":\"pt-BR\",\"@id\":\"https:\/\/www.suno.com.br\/noticias\/cade-processo-itau-rede-pratica-anticompetitiva\/#primaryimage\",\"url\":\"https:\/\/files.sunoresearch.com.br\/n\/uploads\/2019\/10\/9249cd61-cade-redecard-jpg.webp\",\"contentUrl\":\"https:\/\/files.sunoresearch.com.br\/n\/uploads\/2019\/10\/9249cd61-cade-redecard-jpg.webp\",\"width\":1600,\"height\":800,\"caption\":\"Rede amplia isen\u00e7\u00e3o de taxa de antecipa\u00e7\u00e3o para todos os clientes\"},{\"@type\":\"BreadcrumbList\",\"@id\":\"https:\/\/www.suno.com.br\/noticias\/cade-processo-itau-rede-pratica-anticompetitiva\/#breadcrumb\",\"itemListElement\":[{\"@type\":\"ListItem\",\"position\":1,\"name\":\"Not\u00edcias\",\"item\":\"https:\/\/www.suno.com.br\/noticias\/\"},{\"@type\":\"ListItem\",\"position\":2,\"name\":\"Neg\u00f3cios\",\"item\":\"https:\/\/www.suno.com.br\/noticias\/negocios\/\"},{\"@type\":\"ListItem\",\"position\":3,\"name\":\"Cade instaura processo administrativo contra Ita\u00fa e Rede por pr\u00e1tica anticompetitiva\"}]},{\"@type\":\"WebSite\",\"@id\":\"https:\/\/www.suno.com.br\/noticias\/#website\",\"url\":\"https:\/\/www.suno.com.br\/noticias\/\",\"name\":\"Suno Not\u00edcias\",\"description\":\"Seu portal de informa\u00e7\u00e3o sobre o mundo dos investimentos\",\"publisher\":{\"@id\":\"https:\/\/www.suno.com.br\/noticias\/#organization\"},\"potentialAction\":[{\"@type\":\"SearchAction\",\"target\":{\"@type\":\"EntryPoint\",\"urlTemplate\":\"https:\/\/www.suno.com.br\/noticias\/?s={search_term_string}\"},\"query-input\":{\"@type\":\"PropertyValueSpecification\",\"valueRequired\":true,\"valueName\":\"search_term_string\"}}],\"inLanguage\":\"pt-BR\"},{\"@type\":\"Organization\",\"@id\":\"https:\/\/www.suno.com.br\/noticias\/#organization\",\"name\":\"Suno Not\u00edcias\",\"url\":\"https:\/\/www.suno.com.br\/noticias\/\",\"logo\":{\"@type\":\"ImageObject\",\"inLanguage\":\"pt-BR\",\"@id\":\"https:\/\/www.suno.com.br\/noticias\/#\/schema\/logo\/image\/\",\"url\":\"https:\/\/files.sunoresearch.com.br\/n\/uploads\/2021\/09\/suno-logo.png\",\"contentUrl\":\"https:\/\/files.sunoresearch.com.br\/n\/uploads\/2021\/09\/suno-logo.png\",\"width\":180,\"height\":180,\"caption\":\"Suno Not\u00edcias\"},\"image\":{\"@id\":\"https:\/\/www.suno.com.br\/noticias\/#\/schema\/logo\/image\/\"},\"sameAs\":[\"https:\/\/facebook.com\/sunoresearch\",\"https:\/\/x.com\/sunoresearch\",\"https:\/\/www.instagram.com\/suno\",\"https:\/\/www.linkedin.com\/company\/suno-research\/\",\"https:\/\/www.youtube.com\/c\/sunoresearch\"]},{\"@type\":\"Person\",\"@id\":\"https:\/\/www.suno.com.br\/noticias\/#\/schema\/person\/1db762f78ffd8919a648a63e425953e3\",\"name\":\"Juliano Passaro\",\"image\":{\"@type\":\"ImageObject\",\"inLanguage\":\"pt-BR\",\"@id\":\"https:\/\/www.suno.com.br\/noticias\/#\/schema\/person\/image\/\",\"url\":\"https:\/\/secure.gravatar.com\/avatar\/743d4df28eebf6dcc46b4ad03c319e92?s=96&r=g\",\"contentUrl\":\"https:\/\/secure.gravatar.com\/avatar\/743d4df28eebf6dcc46b4ad03c319e92?s=96&r=g\",\"caption\":\"Juliano Passaro\"},\"description\":\"Juliano Passaro escreve sobre pol\u00edtica, economia e neg\u00f3cios para o portal da Suno Research. Antes da Suno, trabalhou no Portal da Band. \u00c9 formado em jornalismo pela Universidade Presbiteriana Mackenzie.\",\"url\":\"https:\/\/www.suno.com.br\/noticias\/author\/juliano\/\"}]}<\/script>\n<!-- \/ Yoast SEO plugin. -->","yoast_head_json":{"title":"Cade instaura processo contra Ita\u00fa e Rede por pr\u00e1tica anticompetitiva","description":"A Superintend\u00eancia-Geral do Cade abriu um processo administrativo contra o Ita\u00fa Unibanco e a credenciadora de cart\u00f5es Redecard. Saiba mais.","robots":{"index":"index","follow":"follow","max-snippet":"max-snippet:-1","max-image-preview":"max-image-preview:large","max-video-preview":"max-video-preview:-1"},"canonical":"https:\/\/www.suno.com.br\/noticias\/cade-processo-itau-rede-pratica-anticompetitiva\/","og_locale":"pt_BR","og_type":"article","og_title":"Cade instaura processo contra Ita\u00fa e Rede por pr\u00e1tica anticompetitiva","og_description":"A Superintend\u00eancia-Geral do Cade abriu um processo administrativo contra o Ita\u00fa Unibanco e a credenciadora de cart\u00f5es Redecard. Saiba mais.","og_url":"https:\/\/www.suno.com.br\/noticias\/cade-processo-itau-rede-pratica-anticompetitiva\/","og_site_name":"Suno Not\u00edcias","article_publisher":"https:\/\/facebook.com\/sunoresearch","og_image":[{"width":1600,"height":800,"url":"https:\/\/files.sunoresearch.com.br\/n\/uploads\/2019\/10\/9249cd61-cade-redecard.jpg","type":"image\/jpeg"}],"author":"Juliano Passaro","twitter_card":"summary_large_image","twitter_creator":"@sunoresearch","twitter_site":"@sunoresearch","twitter_misc":{"Escrito por":"Juliano Passaro","Est. tempo de leitura":"2 minutos"},"schema":{"@context":"https:\/\/schema.org","@graph":[{"@type":"NewsArticle","@id":"https:\/\/www.suno.com.br\/noticias\/cade-processo-itau-rede-pratica-anticompetitiva\/#article","isPartOf":{"@id":"https:\/\/www.suno.com.br\/noticias\/cade-processo-itau-rede-pratica-anticompetitiva\/"},"author":{"name":"Juliano Passaro","@id":"https:\/\/www.suno.com.br\/noticias\/#\/schema\/person\/1db762f78ffd8919a648a63e425953e3"},"headline":"Cade instaura processo administrativo contra Ita\u00fa e Rede por pr\u00e1tica anticompetitiva","datePublished":"2019-10-25T17:06:17+00:00","dateModified":"2019-10-25T18:11:49+00:00","mainEntityOfPage":{"@id":"https:\/\/www.suno.com.br\/noticias\/cade-processo-itau-rede-pratica-anticompetitiva\/"},"wordCount":434,"publisher":{"@id":"https:\/\/www.suno.com.br\/noticias\/#organization"},"image":{"@id":"https:\/\/www.suno.com.br\/noticias\/cade-processo-itau-rede-pratica-anticompetitiva\/#primaryimage"},"thumbnailUrl":"https:\/\/files.sunoresearch.com.br\/n\/uploads\/2019\/10\/9249cd61-cade-redecard-jpg.webp","articleSection":["Neg\u00f3cios"],"inLanguage":"pt-BR"},{"@type":"WebPage","@id":"https:\/\/www.suno.com.br\/noticias\/cade-processo-itau-rede-pratica-anticompetitiva\/","url":"https:\/\/www.suno.com.br\/noticias\/cade-processo-itau-rede-pratica-anticompetitiva\/","name":"Cade instaura processo contra Ita\u00fa e Rede por pr\u00e1tica anticompetitiva","isPartOf":{"@id":"https:\/\/www.suno.com.br\/noticias\/#website"},"primaryImageOfPage":{"@id":"https:\/\/www.suno.com.br\/noticias\/cade-processo-itau-rede-pratica-anticompetitiva\/#primaryimage"},"image":{"@id":"https:\/\/www.suno.com.br\/noticias\/cade-processo-itau-rede-pratica-anticompetitiva\/#primaryimage"},"thumbnailUrl":"https:\/\/files.sunoresearch.com.br\/n\/uploads\/2019\/10\/9249cd61-cade-redecard-jpg.webp","datePublished":"2019-10-25T17:06:17+00:00","dateModified":"2019-10-25T18:11:49+00:00","description":"A Superintend\u00eancia-Geral do Cade abriu um processo administrativo contra o Ita\u00fa Unibanco e a credenciadora de cart\u00f5es Redecard. Saiba mais.","breadcrumb":{"@id":"https:\/\/www.suno.com.br\/noticias\/cade-processo-itau-rede-pratica-anticompetitiva\/#breadcrumb"},"inLanguage":"pt-BR","potentialAction":[{"@type":"ReadAction","target":["https:\/\/www.suno.com.br\/noticias\/cade-processo-itau-rede-pratica-anticompetitiva\/"]}]},{"@type":"ImageObject","inLanguage":"pt-BR","@id":"https:\/\/www.suno.com.br\/noticias\/cade-processo-itau-rede-pratica-anticompetitiva\/#primaryimage","url":"https:\/\/files.sunoresearch.com.br\/n\/uploads\/2019\/10\/9249cd61-cade-redecard-jpg.webp","contentUrl":"https:\/\/files.sunoresearch.com.br\/n\/uploads\/2019\/10\/9249cd61-cade-redecard-jpg.webp","width":1600,"height":800,"caption":"Rede amplia isen\u00e7\u00e3o de taxa de antecipa\u00e7\u00e3o para todos os clientes"},{"@type":"BreadcrumbList","@id":"https:\/\/www.suno.com.br\/noticias\/cade-processo-itau-rede-pratica-anticompetitiva\/#breadcrumb","itemListElement":[{"@type":"ListItem","position":1,"name":"Not\u00edcias","item":"https:\/\/www.suno.com.br\/noticias\/"},{"@type":"ListItem","position":2,"name":"Neg\u00f3cios","item":"https:\/\/www.suno.com.br\/noticias\/negocios\/"},{"@type":"ListItem","position":3,"name":"Cade instaura processo administrativo contra Ita\u00fa e Rede por pr\u00e1tica anticompetitiva"}]},{"@type":"WebSite","@id":"https:\/\/www.suno.com.br\/noticias\/#website","url":"https:\/\/www.suno.com.br\/noticias\/","name":"Suno Not\u00edcias","description":"Seu portal de informa\u00e7\u00e3o sobre o mundo dos investimentos","publisher":{"@id":"https:\/\/www.suno.com.br\/noticias\/#organization"},"potentialAction":[{"@type":"SearchAction","target":{"@type":"EntryPoint","urlTemplate":"https:\/\/www.suno.com.br\/noticias\/?s={search_term_string}"},"query-input":{"@type":"PropertyValueSpecification","valueRequired":true,"valueName":"search_term_string"}}],"inLanguage":"pt-BR"},{"@type":"Organization","@id":"https:\/\/www.suno.com.br\/noticias\/#organization","name":"Suno Not\u00edcias","url":"https:\/\/www.suno.com.br\/noticias\/","logo":{"@type":"ImageObject","inLanguage":"pt-BR","@id":"https:\/\/www.suno.com.br\/noticias\/#\/schema\/logo\/image\/","url":"https:\/\/files.sunoresearch.com.br\/n\/uploads\/2021\/09\/suno-logo.png","contentUrl":"https:\/\/files.sunoresearch.com.br\/n\/uploads\/2021\/09\/suno-logo.png","width":180,"height":180,"caption":"Suno Not\u00edcias"},"image":{"@id":"https:\/\/www.suno.com.br\/noticias\/#\/schema\/logo\/image\/"},"sameAs":["https:\/\/facebook.com\/sunoresearch","https:\/\/x.com\/sunoresearch","https:\/\/www.instagram.com\/suno","https:\/\/www.linkedin.com\/company\/suno-research\/","https:\/\/www.youtube.com\/c\/sunoresearch"]},{"@type":"Person","@id":"https:\/\/www.suno.com.br\/noticias\/#\/schema\/person\/1db762f78ffd8919a648a63e425953e3","name":"Juliano Passaro","image":{"@type":"ImageObject","inLanguage":"pt-BR","@id":"https:\/\/www.suno.com.br\/noticias\/#\/schema\/person\/image\/","url":"https:\/\/secure.gravatar.com\/avatar\/743d4df28eebf6dcc46b4ad03c319e92?s=96&r=g","contentUrl":"https:\/\/secure.gravatar.com\/avatar\/743d4df28eebf6dcc46b4ad03c319e92?s=96&r=g","caption":"Juliano Passaro"},"description":"Juliano Passaro escreve sobre pol\u00edtica, economia e neg\u00f3cios para o portal da Suno Research. Antes da Suno, trabalhou no Portal da Band. \u00c9 formado em jornalismo pela Universidade Presbiteriana Mackenzie.","url":"https:\/\/www.suno.com.br\/noticias\/author\/juliano\/"}]}},"default_loop_html":"<div class=\"cardsPage__listCard__boxs\"><div class=\"cardsPage__listCard__boxs__img\"><a href=\"https:\/\/www.suno.com.br\/noticias\/cade-processo-itau-rede-pratica-anticompetitiva\/\"><img class=\"mask\" src=\"https:\/\/www.suno.com.br\/noticias\/wp-content\/themes\/suno\/resources\/images\/spotlight\/spotlight1img\/bg-mask.png\" alt=\"Image Mask\"\/><img src=\"https:\/\/files.sunoresearch.com.br\/n\/uploads\/2019\/10\/9249cd61-cade-redecard-400x200.webp\" alt=\"Cade instaura processo administrativo contra Ita\u00fa e Rede por pr\u00e1tica anticompetitiva\"\/><\/a><span class=\"spotlightCategory\"><a href=\"https:\/\/www.suno.com.br\/noticias\/negocios\/\">Neg\u00f3cios<\/a><\/span><\/div><div class=\"cardsPage__listCard__boxs__content\"><a href=\"https:\/\/www.suno.com.br\/noticias\/cade-processo-itau-rede-pratica-anticompetitiva\/\"><h2 class=\"content__title\">Cade instaura processo administrativo contra Ita\u00fa e Rede por pr\u00e1tica anticompetitiva<\/h2><\/a><div class=\"newsContent__article__meta\"><div class=\"newsContent__article__meta__authorBox\"><a href=\"https:\/\/www.suno.com.br\/noticias\/author\/juliano\/\" class=\"authorBox__avatar noMobi\"><img src=\"https:\/\/files.sunoresearch.com.br\/n\/uploads\/2019\/06\/7cc3efea-whatsapp-image-2019-07-18-at-21.59.33-e1563499821209-150x150.webp\" alt=\"Juliano Passaro\"><\/a><div class=\"authorBox__name\"><span>por\n\t\t\t<a href=\"https:\/\/www.suno.com.br\/noticias\/author\/juliano\/\"><span itemprop=\"author\">Juliano Passaro<\/span><\/a><\/span><time datetime=\"2019-10-25T15:06:17-03:00\" itemprop=\"datePublished\">25\/10\/2019 15:06<\/time><\/div><\/div><\/div><\/div><\/div>","single_layout":"posts","amp_enabled":true,"_links":{"self":[{"href":"https:\/\/www.suno.com.br\/noticias\/wp-json\/wp\/v2\/posts\/42457"}],"collection":[{"href":"https:\/\/www.suno.com.br\/noticias\/wp-json\/wp\/v2\/posts"}],"about":[{"href":"https:\/\/www.suno.com.br\/noticias\/wp-json\/wp\/v2\/types\/post"}],"author":[{"embeddable":true,"href":"https:\/\/www.suno.com.br\/noticias\/wp-json\/wp\/v2\/users\/19"}],"replies":[{"embeddable":true,"href":"https:\/\/www.suno.com.br\/noticias\/wp-json\/wp\/v2\/comments?post=42457"}],"version-history":[{"count":0,"href":"https:\/\/www.suno.com.br\/noticias\/wp-json\/wp\/v2\/posts\/42457\/revisions"}],"wp:featuredmedia":[{"embeddable":true,"href":"https:\/\/www.suno.com.br\/noticias\/wp-json\/wp\/v2\/media\/42465"}],"wp:attachment":[{"href":"https:\/\/www.suno.com.br\/noticias\/wp-json\/wp\/v2\/media?parent=42457"}],"wp:term":[{"taxonomy":"category","embeddable":true,"href":"https:\/\/www.suno.com.br\/noticias\/wp-json\/wp\/v2\/categories?post=42457"},{"taxonomy":"post_tag","embeddable":true,"href":"https:\/\/www.suno.com.br\/noticias\/wp-json\/wp\/v2\/tags?post=42457"},{"taxonomy":"suno_strategy","embeddable":true,"href":"https:\/\/www.suno.com.br\/noticias\/wp-json\/wp\/v2\/suno_strategy?post=42457"}],"curies":[{"name":"wp","href":"https:\/\/api.w.org\/{rel}","templated":true}]}}