{"id":424365,"date":"2023-07-03T15:30:49","date_gmt":"2023-07-03T18:30:49","guid":{"rendered":"https:\/\/www.suno.com.br\/noticias\/?p=424365"},"modified":"2023-07-03T15:30:54","modified_gmt":"2023-07-03T18:30:54","slug":"vale-liberacao-barragem-torto-cpf","status":"publish","type":"post","link":"https:\/\/www.suno.com.br\/noticias\/vale-liberacao-barragem-torto-cpf\/","title":{"rendered":"Vale (VALE3) \u00e9 liberada para operar na Barragem Torto de Brucutu, em MG; a\u00e7\u00f5es sobem mais de 3%"},"content":{"rendered":"<p>A <strong>Vale <\/strong>S.A. (VALE3) recebeu a aprova\u00e7\u00e3o da Licen\u00e7a de Opera\u00e7\u00e3o na Barragem Torto pelo Conselho Estadual de Pol\u00edtica Ambiental da Semad de Minas Gerais. A mineradora informou sobre a libera\u00e7\u00e3o nesta segunda-feira (3), em informe \u00e0 Comunica\u00e7\u00e3o de Valores Mobili\u00e1rios (CVM).<\/p>\t<div class=\"wrapper-featured-image\">\n\t\t<figure class=\"spotlightImg\">\n\n\t\t\t<picture>\n\t\t\t\t<source media=\"(max-width: 768px)\" srcset=\"https:\/\/files.sunoresearch.com.br\/n\/uploads\/2023\/07\/vale-liberacao-barragem-torto-mg-1-400x200.jpg\">\n\t\t\t\t<img loading=\"lazy\" decoding=\"async\" class=\"newsContent__article__imgCapa lazyloadDisabled \" src=\"https:\/\/files.sunoresearch.com.br\/n\/uploads\/2023\/07\/vale-liberacao-barragem-torto-mg-1-800x450.jpg\" width=\"800\" height=\"450\" alt=\"Vale (VALE3) \u00e9 liberada para operar na Barragem Torto de Brucutu, em MG; a\u00e7\u00f5es sobem mais de 3%\" fetchpriority=high \/>\n\t\t\t<\/picture>\n\n\t\t\t<figcaption class=\"wp-caption-text wp-caption-text--show\"> A mineradora Vale S.A. (VALE3) recebeu o aval de opera\u00e7\u00f5es na barragem Torto, Brucutu (MG) - Foto: Reprodu\u00e7\u00e3o\/ Vale<\/figcaption>\n\t\t<\/figure>\n\t<\/div>\n\n\n\n\n\n\t<p>\n\t\t<a href=\"https:\/\/lp.suno.com.br\/planilha-da-vida-financeira\/\" target=\"_blank\" data-element=\"shortcode-suno-banner\" title=\"Banner SUNO, clique e saiba mais\">\n\t\t\t<picture>\n\t\t\t\t<source media=\"(max-width: 500px)\" srcset=\"https:\/\/files.sunoresearch.com.br\/n\/uploads\/2023\/04\/400x300-Planilha-vida-financeira-true.png\">\n\t\t\t\t<img class=\"newsContent__article__imgCapa newsContent__article__imgCapa--banner\"\n\t\t\t\t\tsrc=\"https:\/\/files.sunoresearch.com.br\/n\/uploads\/2023\/04\/1420x240-Planilha-vida-financeira-true.png\"\n\t\t\t\t\tdata-promo-id=\"106682\"\t\t\t\t\t\t\t\t\t\twidth='1420' height='240'\t\t\t\t\talt=\"https:\/\/files.sunoresearch.com.br\/n\/uploads\/2023\/04\/1420x240-Planilha-vida-financeira-true.png\"\n\t\t\t\t>\n\t\t\t<\/picture>\n\t\t<\/a>\n\t<\/p>\n\n\n\n\n\n<p>A <strong>barragem Torto<\/strong> fica localizada no complexo de Brucutu, em Bar\u00e3o de Cocais e S\u00e3o Gon\u00e7alo do Rio Abaixo \u00e9 uma estrutura autenticada com a Declara\u00e7\u00e3o de Condi\u00e7\u00e3o de Estabilidade (DCE) desde junho de 2022.<\/p>\n\n\n\n<p>Os <strong>planos da Vale <\/strong>para o terreno \u00e9 de depositar rejeitos provenientes da <strong>usina de Brucutu<\/strong>, contando com sua planta de filtragem, para o processamento da maior parte do rejeito gerado. \u00c9 poss\u00edvel ainda fazer o empilhamento em estado s\u00f3lido, al\u00e9m de efetivar a produ\u00e7\u00e3o de areia como coproduto, reduzindo-se, portanto, a depend\u00eancia de barragens.<\/p>\n\n\n\n<p>&#8220;O in\u00edcio gradual das <strong>opera\u00e7\u00f5es da Barragem Torto<\/strong> permite a melhora substancial da qualidade m\u00e9dia<br>do portf\u00f3lio de <strong>produtos da Vale <\/strong>e maior produ\u00e7\u00e3o de aglomerados, como pelotas e briquetes de<br>min\u00e9rio de ferro, atrav\u00e9s da substitui\u00e7\u00e3o da produtos de alta s\u00edlica por produtos de alta qualidade,<br>como o pellet feed&#8221;, informou o comunicado assinado pelo Vice-Presidente Executivo de Finan\u00e7as e <a class=\"suno-keyword\" data-force=\"no\" data-priority=\"1\" href=\"https:\/\/www.suno.com.br\/artigos\/relacoes-com-investidores\/\" target=\"_blank\" rel=\"noopener\">Rela\u00e7\u00f5es com Investidores<\/a> da Vale, Gustavo Duarte Pimenta. <\/p>\n\n\n\n\t<div data-element=\"shortcode-read-more\" class=\"readToo\">\n\t\t\t\t<span class=\"readToo__title\">Leia mais<\/span>\n\t\t\t\t<ul class=\"readToo__list\">\n\t\t\t<li><a href=\"https:\/\/www.suno.com.br\/noticias\/corte-petroleo-arabia-saudita-estender-producao\/\">Corte no petr\u00f3leo: Ar\u00e1bia Saudita vai estender redu\u00e7\u00e3o de produ\u00e7\u00e3o por mais um m\u00eas<\/a><\/li><li><a href=\"https:\/\/www.suno.com.br\/noticias\/ibovespa-hoje-03072023-vale3-petr4-bancos-sobem\/\">Ibovespa fecha em alta, aos 119 mil pontos, em dia de ganhos da Vale (VALE3) e da Petrobras (PETR4)<\/a><\/li><li><a href=\"https:\/\/www.suno.com.br\/noticias\/carrefour-crfb3-transacao-barzel-cpf\/\">Carrefour (CRFB3) finaliza transa\u00e7\u00e3o de &#8216;sale e leaseback&#8217; com Barzel por R$ 1,2 bi<\/a><\/li>\t\t<\/ul>\n\t<\/div>\n\n\n\n\n<p>Com um <a class=\"suno-keyword\" data-force=\"no\" data-priority=\"1\" href=\"https:\/\/www.suno.com.br\/artigos\/mix-de-produtos\/\" target=\"_blank\" rel=\"noopener\">mix de produtos<\/a> aprimorado, a mineradora deve conseguir um valor mais alto sobre os pre\u00e7os com uma curadoria maior. Consequentemente, espera-se que isso reflita nos resultados da companhia mais para frente. <\/p>\n\n\n\n<p>A <strong>expectativa da Vale <\/strong>\u00e9 de conseguir alavancar sua produ\u00e7\u00e3o de aglomerados de <strong>min\u00e9rio de ferro <\/strong>para  36 a 40 milh\u00f5es de toneladas em 2023. Para 2026, a previs\u00e3o \u00e9 de bater as 50 a 55 milh\u00f5es de toneladas.<\/p>\n\n\n\n<p>Por volta das 15h30, em Bras\u00edlia, os pap\u00e9is da <a class=\"suno-keyword\" data-force=\"yes\" data-priority=\"2\" href=\"https:\/\/www.suno.com.br\/acoes\/VALE3\/\" target=\"_blank\" rel=\"noopener\">Vale (VALE3)<\/a> subiam 3,18%, com o t\u00edquete de R$ 66,26 por a\u00e7\u00e3o negociado no Ibovespa. <\/p>\n\n\n\n<div class=\"pluginQuotation\">\n  <p class=\"ticker\">\n    Cota\u00e7\u00e3o <span>VALE3<\/span>\n  <\/p>\n  <div class=\"info\">\n    <div class=\"leftSide\">\n      Gr\u00e1fico gerado em: 03\/07\/2023    <\/div>\n\t\t\t\t\t<div class=\"rightSide\">\n\t\t\t\t\t<span class=\"period\">\n\t\t\t\t\t\t1 Dia\t\t\t\t\t<\/span>\n\t\t\t<\/div>\n\t\t  <\/div>\n\n  <div id=\"chart-70825218c3664a739cae9605e1a7b7ee\" data-block-hash=\"70825218c3664a739cae9605e1a7b7ee\"  class=\"chart\" style=\"width:100%;height:400px;\"><\/div>\n\n  <div class=\"pluginQuotation__footer\">\n    <div class=\"dataChart\">\n\n      <div class=\"dataChart__div1 variation\">\n        <div class=\"value-positive\">\n          2,14 (+1,39%)        <\/div>\n        <div class=\"text\">\n          Varia\u00e7\u00e3o do per\u00edodo\n        <\/div>\n      <\/div>\n\n      <div class=\"dataChart__div2 minMax\">\n        <div class=\"value\">\n          R$\u00a064,72        <\/div>\n        <div class=\"text\">\n          M\u00ednima\n        <\/div>\n      <\/div>\n\n      <div class=\"dataChart__div3 minMax\">\n        <div class=\"value\">\n          R$\u00a066,50        <\/div>\n        <div class=\"text\">\n          M\u00e1xima\n        <\/div>\n      <\/div>\n\n\t\t\t<div class=\"dataChart__div4 rightSide\">\n\t\t\t\t<div class=\"analiticaSource\">\n\t\t\t\t\t<span>\n\t\t\t\t\t\tFonte:\n\t\t\t\t\t<\/span>\n\t\t\t\t\t<img decoding=\"async\" class=\"analiticaLogo\" src=\"https:\/\/www.suno.com.br\/noticias\/wp-content\/plugins\/suno-block-ticker-quotation\/src\/suno-analitica-logo.png\" alt=\"Logo Suno Anal\u00edtica\" \/>\n\t\t\t\t<\/div>\n\n\t\t\t\t<a href=\"https:\/\/www.suno.com.br\/analitica\/acoes\/VALE3\" target=\"_blank\">\n\t\t\t\t\t<span>\n\t\t\t\t\t\tVer mais cota\u00e7\u00f5es\n\t\t\t\t\t<\/span>\n\t\t\t\t\t<svg xmlns=\"http:\/\/www.w3.org\/2000\/svg\" width=\"9\" height=\"8\" viewBox=\"0 0 9 8\" fill=\"none\">\n\t\t\t\t\t\t<path d=\"M4.20996 0L3.50496 0.705L6.29496 3.5H0.209961V4.5H6.29496L3.50496 7.295L4.20996 8L8.20996 4L4.20996 0Z\" fill=\"#D42126\" \/>\n\t\t\t\t\t<\/svg>\n\t\t\t\t<\/a>\n    <\/div>\n\n    <\/div>\n  <\/div>\n<\/div>\n\n\n<script type=\"text\/javascript\">\n  let chart_70825218c3664a739cae9605e1a7b7ee = document.getElementById('chart-70825218c3664a739cae9605e1a7b7ee');\n  let data_json_70825218c3664a739cae9605e1a7b7ee = \"[{\\\"date\\\":\\\"03\\\\\\\/07\\\\\\\/23 10:02\\\",\\\"value\\\":64.89},{\\\"date\\\":\\\"03\\\\\\\/07\\\\\\\/23 10:04\\\",\\\"value\\\":64.82},{\\\"date\\\":\\\"03\\\\\\\/07\\\\\\\/23 10:06\\\",\\\"value\\\":64.87},{\\\"date\\\":\\\"03\\\\\\\/07\\\\\\\/23 10:08\\\",\\\"value\\\":64.72},{\\\"date\\\":\\\"03\\\\\\\/07\\\\\\\/23 10:10\\\",\\\"value\\\":64.92},{\\\"date\\\":\\\"03\\\\\\\/07\\\\\\\/23 10:12\\\",\\\"value\\\":64.83},{\\\"date\\\":\\\"03\\\\\\\/07\\\\\\\/23 10:14\\\",\\\"value\\\":64.84},{\\\"date\\\":\\\"03\\\\\\\/07\\\\\\\/23 10:16\\\",\\\"value\\\":65.08},{\\\"date\\\":\\\"03\\\\\\\/07\\\\\\\/23 10:18\\\",\\\"value\\\":65.23},{\\\"date\\\":\\\"03\\\\\\\/07\\\\\\\/23 10:20\\\",\\\"value\\\":65.35},{\\\"date\\\":\\\"03\\\\\\\/07\\\\\\\/23 10:22\\\",\\\"value\\\":65.47},{\\\"date\\\":\\\"03\\\\\\\/07\\\\\\\/23 10:24\\\",\\\"value\\\":65.45},{\\\"date\\\":\\\"03\\\\\\\/07\\\\\\\/23 10:26\\\",\\\"value\\\":65.45},{\\\"date\\\":\\\"03\\\\\\\/07\\\\\\\/23 10:28\\\",\\\"value\\\":65.54},{\\\"date\\\":\\\"03\\\\\\\/07\\\\\\\/23 10:30\\\",\\\"value\\\":65.69},{\\\"date\\\":\\\"03\\\\\\\/07\\\\\\\/23 10:32\\\",\\\"value\\\":65.9},{\\\"date\\\":\\\"03\\\\\\\/07\\\\\\\/23 10:34\\\",\\\"value\\\":65.82},{\\\"date\\\":\\\"03\\\\\\\/07\\\\\\\/23 10:36\\\",\\\"value\\\":65.91},{\\\"date\\\":\\\"03\\\\\\\/07\\\\\\\/23 10:38\\\",\\\"value\\\":66.16},{\\\"date\\\":\\\"03\\\\\\\/07\\\\\\\/23 10:40\\\",\\\"value\\\":66},{\\\"date\\\":\\\"03\\\\\\\/07\\\\\\\/23 10:42\\\",\\\"value\\\":66},{\\\"date\\\":\\\"03\\\\\\\/07\\\\\\\/23 10:44\\\",\\\"value\\\":66.06},{\\\"date\\\":\\\"03\\\\\\\/07\\\\\\\/23 10:46\\\",\\\"value\\\":66.15},{\\\"date\\\":\\\"03\\\\\\\/07\\\\\\\/23 10:48\\\",\\\"value\\\":66.15},{\\\"date\\\":\\\"03\\\\\\\/07\\\\\\\/23 12:18\\\",\\\"value\\\":66.25},{\\\"date\\\":\\\"03\\\\\\\/07\\\\\\\/23 12:20\\\",\\\"value\\\":66.25},{\\\"date\\\":\\\"03\\\\\\\/07\\\\\\\/23 12:22\\\",\\\"value\\\":66.33},{\\\"date\\\":\\\"03\\\\\\\/07\\\\\\\/23 12:24\\\",\\\"value\\\":66.34},{\\\"date\\\":\\\"03\\\\\\\/07\\\\\\\/23 12:26\\\",\\\"value\\\":66.31},{\\\"date\\\":\\\"03\\\\\\\/07\\\\\\\/23 12:28\\\",\\\"value\\\":66.32},{\\\"date\\\":\\\"03\\\\\\\/07\\\\\\\/23 12:30\\\",\\\"value\\\":66.29},{\\\"date\\\":\\\"03\\\\\\\/07\\\\\\\/23 12:32\\\",\\\"value\\\":66.3},{\\\"date\\\":\\\"03\\\\\\\/07\\\\\\\/23 12:34\\\",\\\"value\\\":66.29},{\\\"date\\\":\\\"03\\\\\\\/07\\\\\\\/23 12:36\\\",\\\"value\\\":66.34},{\\\"date\\\":\\\"03\\\\\\\/07\\\\\\\/23 12:38\\\",\\\"value\\\":66.3},{\\\"date\\\":\\\"03\\\\\\\/07\\\\\\\/23 12:40\\\",\\\"value\\\":66.3},{\\\"date\\\":\\\"03\\\\\\\/07\\\\\\\/23 12:42\\\",\\\"value\\\":66.34},{\\\"date\\\":\\\"03\\\\\\\/07\\\\\\\/23 12:44\\\",\\\"value\\\":66.36},{\\\"date\\\":\\\"03\\\\\\\/07\\\\\\\/23 12:46\\\",\\\"value\\\":66.37},{\\\"date\\\":\\\"03\\\\\\\/07\\\\\\\/23 12:48\\\",\\\"value\\\":66.37},{\\\"date\\\":\\\"03\\\\\\\/07\\\\\\\/23 12:50\\\",\\\"value\\\":66.36},{\\\"date\\\":\\\"03\\\\\\\/07\\\\\\\/23 12:52\\\",\\\"value\\\":66.34},{\\\"date\\\":\\\"03\\\\\\\/07\\\\\\\/23 12:54\\\",\\\"value\\\":66.41},{\\\"date\\\":\\\"03\\\\\\\/07\\\\\\\/23 12:56\\\",\\\"value\\\":66.42},{\\\"date\\\":\\\"03\\\\\\\/07\\\\\\\/23 12:58\\\",\\\"value\\\":66.5},{\\\"date\\\":\\\"03\\\\\\\/07\\\\\\\/23 13:00\\\",\\\"value\\\":66.28},{\\\"date\\\":\\\"03\\\\\\\/07\\\\\\\/23 13:02\\\",\\\"value\\\":66.28}]\";\n  let isPositive_70825218c3664a739cae9605e1a7b7ee = true;\n\n  let color_70825218c3664a739cae9605e1a7b7ee = isPositive_70825218c3664a739cae9605e1a7b7ee ? '#3AB53A' : '#D92C2D';\n\n  let data_70825218c3664a739cae9605e1a7b7ee = JSON.parse(data_json_70825218c3664a739cae9605e1a7b7ee);\n\n  const result_70825218c3664a739cae9605e1a7b7ee = {\n    date: [],\n    value: [],\n  };\n\n  data_70825218c3664a739cae9605e1a7b7ee.forEach((item) => {\n    result_70825218c3664a739cae9605e1a7b7ee.date.push(item.date);\n    result_70825218c3664a739cae9605e1a7b7ee.value.push(Number(item.value));\n  });\n\n  let option_70825218c3664a739cae9605e1a7b7ee = {\n    \/\/ variavel de cor global\n    color: [color_70825218c3664a739cae9605e1a7b7ee],\n    title: {\n      text: '',\n    },\n    tooltip: {\n      trigger: 'axis',\n      axisPointer: {\n        type: 'cross',\n        label: {\n          \/\/ cor dos valores em X e Y\n          backgroundColor: color_70825218c3664a739cae9605e1a7b7ee,\n          formatter: (value) => {\n            if (typeof value.value === 'number') {\n              return Number(value.value).toLocaleString('pt-br', {\n                style: 'currency',\n                currency: 'BRL'\n              });\n            }\n            return value.value;\n          },\n        },\n      },\n      valueFormatter: (value) => Number(value).toLocaleString('pt-br', {\n        style: 'currency',\n        currency: 'BRL'\n      }),\n    },\n    legend: {\n      \/\/ data: ['Valor de Fechamento'],\n      show: false,\n    },\n    toolbox: {\n      feature: {\n        saveAsImage: {\n          show: false,\n        },\n      },\n    },\n    grid: {\n      left: '0px',\n      right: '0px',\n      bottom: '0px',\n      containLabel: true,\n    },\n    xAxis: [{\n      type: 'category',\n      data: result_70825218c3664a739cae9605e1a7b7ee.date,\n      boundaryGap: true,\n    }],\n    yAxis: [{\n      type: 'value',\n      min: Math.min(...result_70825218c3664a739cae9605e1a7b7ee.value),\n      max: Math.max(...result_70825218c3664a739cae9605e1a7b7ee.value),\n      axisLabel: {\n        formatter: (value) => value.toLocaleString('pt-br', {\n          style: 'currency',\n          currency: 'BRL'\n        }),\n      },\n    }],\n    series: [{\n      name: 'Valor de Fechamento',\n      type: 'line',\n      stack: 'Total',\n      \/\/ cor do grafico\n      areaStyle: {},\n      emphasis: {\n        focus: 'series',\n      },\n      data: result_70825218c3664a739cae9605e1a7b7ee.value,\n      \/\/ cor da linha\n      lineStyle: {\n        color: color_70825218c3664a739cae9605e1a7b7ee,\n      },\n    }, ],\n  };\n\n\twindow.chart_70825218c3664a739cae9605e1a7b7ee = {\n\t\tel: chart_70825218c3664a739cae9605e1a7b7ee,\n\t\toption: option_70825218c3664a739cae9605e1a7b7ee\t};\n\n\n<\/script>\n\n\n\t<p>\n\t\t<a href=\"https:\/\/lp.suno.com.br\/suno-one\/?utm_campaign=_SNC6964518A_\" target=\"_blank\" data-element=\"shortcode-suno-banner\" title=\"Banner SUNO, clique e saiba mais\">\n\t\t\t<picture>\n\t\t\t\t<source media=\"(max-width: 500px)\" srcset=\"https:\/\/files.sunoresearch.com.br\/n\/uploads\/2025\/09\/400x300-Suno-One-png.webp\">\n\t\t\t\t<img class=\"newsContent__article__imgCapa newsContent__article__imgCapa--banner\"\n\t\t\t\t\tsrc=\"https:\/\/files.sunoresearch.com.br\/n\/uploads\/2025\/09\/1420x240-Suno-One-png.webp\"\n\t\t\t\t\tdata-promo-id=\"383121\"\t\t\t\t\t\t\t\t\t\twidth='1420' height='240'\t\t\t\t\talt=\"https:\/\/files.sunoresearch.com.br\/n\/uploads\/2025\/09\/1420x240-Suno-One-png.webp\"\n\t\t\t\t>\n\t\t\t<\/picture>\n\t\t<\/a>\n\t<\/p>\n\n\n","protected":false},"excerpt":{"rendered":"<p>A Vale S.A. (VALE3) recebeu a aprova\u00e7\u00e3o da Licen\u00e7a de Opera\u00e7\u00e3o na Barragem Torto pelo Conselho Estadual de Pol\u00edtica Ambiental da Semad de Minas Gerais. A mineradora informou sobre a libera\u00e7\u00e3o nesta segunda-feira (3), em informe \u00e0 Comunica\u00e7\u00e3o de Valores Mobili\u00e1rios (CVM). A mineradora Vale S.A. (VALE3) recebeu o aval de opera\u00e7\u00f5es na barragem Torto, [&hellip;]<\/p>\n","protected":false},"author":283,"featured_media":424395,"comment_status":"closed","ping_status":"closed","sticky":false,"template":"","format":"standard","meta":[],"categories":[64],"tags":[921,676],"suno_strategy":[],"class_list":["post-424365","post","type-post","status-publish","format-standard","has-post-thumbnail","hentry","category-negocios","tag-minas-gerais","tag-vale-vale3"],"yoast_head":"<!-- This site is optimized with the Yoast SEO plugin v24.4 - https:\/\/yoast.com\/wordpress\/plugins\/seo\/ -->\n<title>Vale (VALE3) tem sinal verde para operar na Barragem Torto<\/title>\n<meta name=\"description\" content=\"Na segunda (3), a mineradora Vale recebeu o aval de opera\u00e7\u00f5es na barragem Torto, Brucutu (MG), para aumento da produ\u00e7\u00e3o.\" \/>\n<meta name=\"robots\" content=\"index, follow, max-snippet:-1, max-image-preview:large, max-video-preview:-1\" \/>\n<link rel=\"canonical\" href=\"https:\/\/www.suno.com.br\/noticias\/vale-liberacao-barragem-torto-cpf\/\" \/>\n<meta property=\"og:locale\" content=\"pt_BR\" \/>\n<meta property=\"og:type\" content=\"article\" \/>\n<meta property=\"og:title\" content=\"Vale (VALE3) tem sinal verde para operar na Barragem Torto\" \/>\n<meta property=\"og:description\" content=\"Na segunda (3), a mineradora Vale recebeu o aval de opera\u00e7\u00f5es na barragem Torto, Brucutu (MG), para aumento da produ\u00e7\u00e3o.\" \/>\n<meta property=\"og:url\" content=\"https:\/\/www.suno.com.br\/noticias\/vale-liberacao-barragem-torto-cpf\/\" \/>\n<meta property=\"og:site_name\" content=\"Suno Not\u00edcias\" \/>\n<meta property=\"article:publisher\" content=\"https:\/\/facebook.com\/sunoresearch\" \/>\n<meta property=\"og:image\" content=\"https:\/\/files.sunoresearch.com.br\/n\/uploads\/2023\/07\/vale-liberacao-barragem-torto-mg-1.jpg\" \/>\n\t<meta property=\"og:image:width\" content=\"1200\" \/>\n\t<meta property=\"og:image:height\" content=\"800\" \/>\n\t<meta property=\"og:image:type\" content=\"image\/jpeg\" \/>\n<meta name=\"author\" content=\"Camila Paim\" \/>\n<meta name=\"twitter:card\" content=\"summary_large_image\" \/>\n<meta name=\"twitter:creator\" content=\"@sunoresearch\" \/>\n<meta name=\"twitter:site\" content=\"@sunoresearch\" \/>\n<meta name=\"twitter:label1\" content=\"Escrito por\" \/>\n\t<meta name=\"twitter:data1\" content=\"Camila Paim\" \/>\n\t<meta name=\"twitter:label2\" content=\"Est. tempo de leitura\" \/>\n\t<meta name=\"twitter:data2\" content=\"2 minutos\" \/>\n<script type=\"application\/ld+json\" class=\"yoast-schema-graph\">{\"@context\":\"https:\/\/schema.org\",\"@graph\":[{\"@type\":\"NewsArticle\",\"@id\":\"https:\/\/www.suno.com.br\/noticias\/vale-liberacao-barragem-torto-cpf\/#article\",\"isPartOf\":{\"@id\":\"https:\/\/www.suno.com.br\/noticias\/vale-liberacao-barragem-torto-cpf\/\"},\"author\":{\"name\":\"Camila Paim\",\"@id\":\"https:\/\/www.suno.com.br\/noticias\/#\/schema\/person\/f341d3ae5d1cc685176c9a5327cdfdbb\"},\"headline\":\"Vale (VALE3) \u00e9 liberada para operar na Barragem Torto de Brucutu, em MG; a\u00e7\u00f5es sobem mais de 3%\",\"datePublished\":\"2023-07-03T18:30:49+00:00\",\"dateModified\":\"2023-07-03T18:30:54+00:00\",\"mainEntityOfPage\":{\"@id\":\"https:\/\/www.suno.com.br\/noticias\/vale-liberacao-barragem-torto-cpf\/\"},\"wordCount\":341,\"publisher\":{\"@id\":\"https:\/\/www.suno.com.br\/noticias\/#organization\"},\"image\":{\"@id\":\"https:\/\/www.suno.com.br\/noticias\/vale-liberacao-barragem-torto-cpf\/#primaryimage\"},\"thumbnailUrl\":\"https:\/\/files.sunoresearch.com.br\/n\/uploads\/2023\/07\/vale-liberacao-barragem-torto-mg-1.jpg\",\"keywords\":[\"Minas Gerais\",\"Vale (VALE3)\"],\"articleSection\":[\"Neg\u00f3cios\"],\"inLanguage\":\"pt-BR\"},{\"@type\":\"WebPage\",\"@id\":\"https:\/\/www.suno.com.br\/noticias\/vale-liberacao-barragem-torto-cpf\/\",\"url\":\"https:\/\/www.suno.com.br\/noticias\/vale-liberacao-barragem-torto-cpf\/\",\"name\":\"Vale (VALE3) tem sinal verde para operar na Barragem Torto\",\"isPartOf\":{\"@id\":\"https:\/\/www.suno.com.br\/noticias\/#website\"},\"primaryImageOfPage\":{\"@id\":\"https:\/\/www.suno.com.br\/noticias\/vale-liberacao-barragem-torto-cpf\/#primaryimage\"},\"image\":{\"@id\":\"https:\/\/www.suno.com.br\/noticias\/vale-liberacao-barragem-torto-cpf\/#primaryimage\"},\"thumbnailUrl\":\"https:\/\/files.sunoresearch.com.br\/n\/uploads\/2023\/07\/vale-liberacao-barragem-torto-mg-1.jpg\",\"datePublished\":\"2023-07-03T18:30:49+00:00\",\"dateModified\":\"2023-07-03T18:30:54+00:00\",\"description\":\"Na segunda (3), a mineradora Vale recebeu o aval de opera\u00e7\u00f5es na barragem Torto, Brucutu (MG), para aumento da produ\u00e7\u00e3o.\",\"breadcrumb\":{\"@id\":\"https:\/\/www.suno.com.br\/noticias\/vale-liberacao-barragem-torto-cpf\/#breadcrumb\"},\"inLanguage\":\"pt-BR\",\"potentialAction\":[{\"@type\":\"ReadAction\",\"target\":[\"https:\/\/www.suno.com.br\/noticias\/vale-liberacao-barragem-torto-cpf\/\"]}]},{\"@type\":\"ImageObject\",\"inLanguage\":\"pt-BR\",\"@id\":\"https:\/\/www.suno.com.br\/noticias\/vale-liberacao-barragem-torto-cpf\/#primaryimage\",\"url\":\"https:\/\/files.sunoresearch.com.br\/n\/uploads\/2023\/07\/vale-liberacao-barragem-torto-mg-1.jpg\",\"contentUrl\":\"https:\/\/files.sunoresearch.com.br\/n\/uploads\/2023\/07\/vale-liberacao-barragem-torto-mg-1.jpg\",\"width\":1200,\"height\":800,\"caption\":\"A mineradora Vale S.A. (VALE3) recebeu o aval de opera\u00e7\u00f5es na barragem Torto, Brucutu (MG) - Foto: Reprodu\u00e7\u00e3o\/ Vale\"},{\"@type\":\"BreadcrumbList\",\"@id\":\"https:\/\/www.suno.com.br\/noticias\/vale-liberacao-barragem-torto-cpf\/#breadcrumb\",\"itemListElement\":[{\"@type\":\"ListItem\",\"position\":1,\"name\":\"Not\u00edcias\",\"item\":\"https:\/\/www.suno.com.br\/noticias\/\"},{\"@type\":\"ListItem\",\"position\":2,\"name\":\"Neg\u00f3cios\",\"item\":\"https:\/\/www.suno.com.br\/noticias\/negocios\/\"},{\"@type\":\"ListItem\",\"position\":3,\"name\":\"Vale (VALE3) \u00e9 liberada para operar na Barragem Torto de Brucutu, em MG; a\u00e7\u00f5es sobem mais de 3%\"}]},{\"@type\":\"WebSite\",\"@id\":\"https:\/\/www.suno.com.br\/noticias\/#website\",\"url\":\"https:\/\/www.suno.com.br\/noticias\/\",\"name\":\"Suno Not\u00edcias\",\"description\":\"Seu portal de informa\u00e7\u00e3o sobre o mundo dos investimentos\",\"publisher\":{\"@id\":\"https:\/\/www.suno.com.br\/noticias\/#organization\"},\"potentialAction\":[{\"@type\":\"SearchAction\",\"target\":{\"@type\":\"EntryPoint\",\"urlTemplate\":\"https:\/\/www.suno.com.br\/noticias\/?s={search_term_string}\"},\"query-input\":{\"@type\":\"PropertyValueSpecification\",\"valueRequired\":true,\"valueName\":\"search_term_string\"}}],\"inLanguage\":\"pt-BR\"},{\"@type\":\"Organization\",\"@id\":\"https:\/\/www.suno.com.br\/noticias\/#organization\",\"name\":\"Suno Not\u00edcias\",\"url\":\"https:\/\/www.suno.com.br\/noticias\/\",\"logo\":{\"@type\":\"ImageObject\",\"inLanguage\":\"pt-BR\",\"@id\":\"https:\/\/www.suno.com.br\/noticias\/#\/schema\/logo\/image\/\",\"url\":\"https:\/\/files.sunoresearch.com.br\/n\/uploads\/2021\/09\/suno-logo.png\",\"contentUrl\":\"https:\/\/files.sunoresearch.com.br\/n\/uploads\/2021\/09\/suno-logo.png\",\"width\":180,\"height\":180,\"caption\":\"Suno Not\u00edcias\"},\"image\":{\"@id\":\"https:\/\/www.suno.com.br\/noticias\/#\/schema\/logo\/image\/\"},\"sameAs\":[\"https:\/\/facebook.com\/sunoresearch\",\"https:\/\/x.com\/sunoresearch\",\"https:\/\/www.instagram.com\/suno\",\"https:\/\/www.linkedin.com\/company\/suno-research\/\",\"https:\/\/www.youtube.com\/c\/sunoresearch\"]},{\"@type\":\"Person\",\"@id\":\"https:\/\/www.suno.com.br\/noticias\/#\/schema\/person\/f341d3ae5d1cc685176c9a5327cdfdbb\",\"name\":\"Camila Paim\",\"image\":{\"@type\":\"ImageObject\",\"inLanguage\":\"pt-BR\",\"@id\":\"https:\/\/www.suno.com.br\/noticias\/#\/schema\/person\/image\/\",\"url\":\"https:\/\/secure.gravatar.com\/avatar\/f33728e65febb1aa7ecf6792956f9b20?s=96&r=g\",\"contentUrl\":\"https:\/\/secure.gravatar.com\/avatar\/f33728e65febb1aa7ecf6792956f9b20?s=96&r=g\",\"caption\":\"Camila Paim\"},\"description\":\"Jornalista formada pela USP, tem experi\u00eancia em reda\u00e7\u00f5es, SEO, Branded Content e Webdesign. Com passagem pelo Jornal da USP, Empiricus e C6 Bank, hoje \u00e9 rep\u00f3rter no Suno Not\u00edcias cobrindo macroeconomia, finan\u00e7as pessoais e startups.\",\"url\":\"https:\/\/www.suno.com.br\/noticias\/author\/camila-figueiredosuno-com-br\/\"}]}<\/script>\n<!-- \/ Yoast SEO plugin. -->","yoast_head_json":{"title":"Vale (VALE3) tem sinal verde para operar na Barragem Torto","description":"Na segunda (3), a mineradora Vale recebeu o aval de opera\u00e7\u00f5es na barragem Torto, Brucutu (MG), para aumento da produ\u00e7\u00e3o.","robots":{"index":"index","follow":"follow","max-snippet":"max-snippet:-1","max-image-preview":"max-image-preview:large","max-video-preview":"max-video-preview:-1"},"canonical":"https:\/\/www.suno.com.br\/noticias\/vale-liberacao-barragem-torto-cpf\/","og_locale":"pt_BR","og_type":"article","og_title":"Vale (VALE3) tem sinal verde para operar na Barragem Torto","og_description":"Na segunda (3), a mineradora Vale recebeu o aval de opera\u00e7\u00f5es na barragem Torto, Brucutu (MG), para aumento da produ\u00e7\u00e3o.","og_url":"https:\/\/www.suno.com.br\/noticias\/vale-liberacao-barragem-torto-cpf\/","og_site_name":"Suno Not\u00edcias","article_publisher":"https:\/\/facebook.com\/sunoresearch","og_image":[{"width":1200,"height":800,"url":"https:\/\/files.sunoresearch.com.br\/n\/uploads\/2023\/07\/vale-liberacao-barragem-torto-mg-1.jpg","type":"image\/jpeg"}],"author":"Camila Paim","twitter_card":"summary_large_image","twitter_creator":"@sunoresearch","twitter_site":"@sunoresearch","twitter_misc":{"Escrito por":"Camila Paim","Est. tempo de leitura":"2 minutos"},"schema":{"@context":"https:\/\/schema.org","@graph":[{"@type":"NewsArticle","@id":"https:\/\/www.suno.com.br\/noticias\/vale-liberacao-barragem-torto-cpf\/#article","isPartOf":{"@id":"https:\/\/www.suno.com.br\/noticias\/vale-liberacao-barragem-torto-cpf\/"},"author":{"name":"Camila Paim","@id":"https:\/\/www.suno.com.br\/noticias\/#\/schema\/person\/f341d3ae5d1cc685176c9a5327cdfdbb"},"headline":"Vale (VALE3) \u00e9 liberada para operar na Barragem Torto de Brucutu, em MG; a\u00e7\u00f5es sobem mais de 3%","datePublished":"2023-07-03T18:30:49+00:00","dateModified":"2023-07-03T18:30:54+00:00","mainEntityOfPage":{"@id":"https:\/\/www.suno.com.br\/noticias\/vale-liberacao-barragem-torto-cpf\/"},"wordCount":341,"publisher":{"@id":"https:\/\/www.suno.com.br\/noticias\/#organization"},"image":{"@id":"https:\/\/www.suno.com.br\/noticias\/vale-liberacao-barragem-torto-cpf\/#primaryimage"},"thumbnailUrl":"https:\/\/files.sunoresearch.com.br\/n\/uploads\/2023\/07\/vale-liberacao-barragem-torto-mg-1.jpg","keywords":["Minas Gerais","Vale (VALE3)"],"articleSection":["Neg\u00f3cios"],"inLanguage":"pt-BR"},{"@type":"WebPage","@id":"https:\/\/www.suno.com.br\/noticias\/vale-liberacao-barragem-torto-cpf\/","url":"https:\/\/www.suno.com.br\/noticias\/vale-liberacao-barragem-torto-cpf\/","name":"Vale (VALE3) tem sinal verde para operar na Barragem Torto","isPartOf":{"@id":"https:\/\/www.suno.com.br\/noticias\/#website"},"primaryImageOfPage":{"@id":"https:\/\/www.suno.com.br\/noticias\/vale-liberacao-barragem-torto-cpf\/#primaryimage"},"image":{"@id":"https:\/\/www.suno.com.br\/noticias\/vale-liberacao-barragem-torto-cpf\/#primaryimage"},"thumbnailUrl":"https:\/\/files.sunoresearch.com.br\/n\/uploads\/2023\/07\/vale-liberacao-barragem-torto-mg-1.jpg","datePublished":"2023-07-03T18:30:49+00:00","dateModified":"2023-07-03T18:30:54+00:00","description":"Na segunda (3), a mineradora Vale recebeu o aval de opera\u00e7\u00f5es na barragem Torto, Brucutu (MG), para aumento da produ\u00e7\u00e3o.","breadcrumb":{"@id":"https:\/\/www.suno.com.br\/noticias\/vale-liberacao-barragem-torto-cpf\/#breadcrumb"},"inLanguage":"pt-BR","potentialAction":[{"@type":"ReadAction","target":["https:\/\/www.suno.com.br\/noticias\/vale-liberacao-barragem-torto-cpf\/"]}]},{"@type":"ImageObject","inLanguage":"pt-BR","@id":"https:\/\/www.suno.com.br\/noticias\/vale-liberacao-barragem-torto-cpf\/#primaryimage","url":"https:\/\/files.sunoresearch.com.br\/n\/uploads\/2023\/07\/vale-liberacao-barragem-torto-mg-1.jpg","contentUrl":"https:\/\/files.sunoresearch.com.br\/n\/uploads\/2023\/07\/vale-liberacao-barragem-torto-mg-1.jpg","width":1200,"height":800,"caption":"A mineradora Vale S.A. (VALE3) recebeu o aval de opera\u00e7\u00f5es na barragem Torto, Brucutu (MG) - Foto: Reprodu\u00e7\u00e3o\/ Vale"},{"@type":"BreadcrumbList","@id":"https:\/\/www.suno.com.br\/noticias\/vale-liberacao-barragem-torto-cpf\/#breadcrumb","itemListElement":[{"@type":"ListItem","position":1,"name":"Not\u00edcias","item":"https:\/\/www.suno.com.br\/noticias\/"},{"@type":"ListItem","position":2,"name":"Neg\u00f3cios","item":"https:\/\/www.suno.com.br\/noticias\/negocios\/"},{"@type":"ListItem","position":3,"name":"Vale (VALE3) \u00e9 liberada para operar na Barragem Torto de Brucutu, em MG; a\u00e7\u00f5es sobem mais de 3%"}]},{"@type":"WebSite","@id":"https:\/\/www.suno.com.br\/noticias\/#website","url":"https:\/\/www.suno.com.br\/noticias\/","name":"Suno Not\u00edcias","description":"Seu portal de informa\u00e7\u00e3o sobre o mundo dos investimentos","publisher":{"@id":"https:\/\/www.suno.com.br\/noticias\/#organization"},"potentialAction":[{"@type":"SearchAction","target":{"@type":"EntryPoint","urlTemplate":"https:\/\/www.suno.com.br\/noticias\/?s={search_term_string}"},"query-input":{"@type":"PropertyValueSpecification","valueRequired":true,"valueName":"search_term_string"}}],"inLanguage":"pt-BR"},{"@type":"Organization","@id":"https:\/\/www.suno.com.br\/noticias\/#organization","name":"Suno Not\u00edcias","url":"https:\/\/www.suno.com.br\/noticias\/","logo":{"@type":"ImageObject","inLanguage":"pt-BR","@id":"https:\/\/www.suno.com.br\/noticias\/#\/schema\/logo\/image\/","url":"https:\/\/files.sunoresearch.com.br\/n\/uploads\/2021\/09\/suno-logo.png","contentUrl":"https:\/\/files.sunoresearch.com.br\/n\/uploads\/2021\/09\/suno-logo.png","width":180,"height":180,"caption":"Suno Not\u00edcias"},"image":{"@id":"https:\/\/www.suno.com.br\/noticias\/#\/schema\/logo\/image\/"},"sameAs":["https:\/\/facebook.com\/sunoresearch","https:\/\/x.com\/sunoresearch","https:\/\/www.instagram.com\/suno","https:\/\/www.linkedin.com\/company\/suno-research\/","https:\/\/www.youtube.com\/c\/sunoresearch"]},{"@type":"Person","@id":"https:\/\/www.suno.com.br\/noticias\/#\/schema\/person\/f341d3ae5d1cc685176c9a5327cdfdbb","name":"Camila Paim","image":{"@type":"ImageObject","inLanguage":"pt-BR","@id":"https:\/\/www.suno.com.br\/noticias\/#\/schema\/person\/image\/","url":"https:\/\/secure.gravatar.com\/avatar\/f33728e65febb1aa7ecf6792956f9b20?s=96&r=g","contentUrl":"https:\/\/secure.gravatar.com\/avatar\/f33728e65febb1aa7ecf6792956f9b20?s=96&r=g","caption":"Camila Paim"},"description":"Jornalista formada pela USP, tem experi\u00eancia em reda\u00e7\u00f5es, SEO, Branded Content e Webdesign. Com passagem pelo Jornal da USP, Empiricus e C6 Bank, hoje \u00e9 rep\u00f3rter no Suno Not\u00edcias cobrindo macroeconomia, finan\u00e7as pessoais e startups.","url":"https:\/\/www.suno.com.br\/noticias\/author\/camila-figueiredosuno-com-br\/"}]}},"default_loop_html":"<div class=\"cardsPage__listCard__boxs\"><div class=\"cardsPage__listCard__boxs__img\"><a href=\"https:\/\/www.suno.com.br\/noticias\/vale-liberacao-barragem-torto-cpf\/\"><img class=\"mask\" src=\"https:\/\/www.suno.com.br\/noticias\/wp-content\/themes\/suno\/resources\/images\/spotlight\/spotlight1img\/bg-mask.png\" alt=\"Image Mask\"\/><img src=\"https:\/\/files.sunoresearch.com.br\/n\/uploads\/2023\/07\/vale-liberacao-barragem-torto-mg-1-400x200.jpg\" alt=\"Vale (VALE3) \u00e9 liberada para operar na Barragem Torto de Brucutu, em MG; a\u00e7\u00f5es sobem mais de 3%\"\/><\/a><span class=\"spotlightCategory\"><a href=\"https:\/\/www.suno.com.br\/noticias\/negocios\/\">Neg\u00f3cios<\/a><\/span><\/div><div class=\"cardsPage__listCard__boxs__content\"><a href=\"https:\/\/www.suno.com.br\/noticias\/vale-liberacao-barragem-torto-cpf\/\"><h2 class=\"content__title\">Vale (VALE3) \u00e9 liberada para operar na Barragem Torto de Brucutu, em MG; a\u00e7\u00f5es sobem mais de 3%<\/h2><\/a><div class=\"newsContent__article__meta\"><div class=\"newsContent__article__meta__authorBox\"><a href=\"https:\/\/www.suno.com.br\/noticias\/author\/camila-figueiredosuno-com-br\/\" class=\"authorBox__avatar noMobi\"><img src=\"https:\/\/files.sunoresearch.com.br\/n\/uploads\/2024\/05\/camila-paim-square-150x150.jpg\" alt=\"Camila Paim\"><\/a><div class=\"authorBox__name\"><span>por\n\t\t\t<a href=\"https:\/\/www.suno.com.br\/noticias\/author\/camila-figueiredosuno-com-br\/\"><span itemprop=\"author\">Camila Paim<\/span><\/a><\/span><time datetime=\"2023-07-03T15:30:49-03:00\" itemprop=\"datePublished\">03\/07\/2023 15:30<\/time><\/div><\/div><\/div><\/div><\/div>","single_layout":"posts","amp_enabled":true,"_links":{"self":[{"href":"https:\/\/www.suno.com.br\/noticias\/wp-json\/wp\/v2\/posts\/424365"}],"collection":[{"href":"https:\/\/www.suno.com.br\/noticias\/wp-json\/wp\/v2\/posts"}],"about":[{"href":"https:\/\/www.suno.com.br\/noticias\/wp-json\/wp\/v2\/types\/post"}],"author":[{"embeddable":true,"href":"https:\/\/www.suno.com.br\/noticias\/wp-json\/wp\/v2\/users\/283"}],"replies":[{"embeddable":true,"href":"https:\/\/www.suno.com.br\/noticias\/wp-json\/wp\/v2\/comments?post=424365"}],"version-history":[{"count":2,"href":"https:\/\/www.suno.com.br\/noticias\/wp-json\/wp\/v2\/posts\/424365\/revisions"}],"predecessor-version":[{"id":424438,"href":"https:\/\/www.suno.com.br\/noticias\/wp-json\/wp\/v2\/posts\/424365\/revisions\/424438"}],"wp:featuredmedia":[{"embeddable":true,"href":"https:\/\/www.suno.com.br\/noticias\/wp-json\/wp\/v2\/media\/424395"}],"wp:attachment":[{"href":"https:\/\/www.suno.com.br\/noticias\/wp-json\/wp\/v2\/media?parent=424365"}],"wp:term":[{"taxonomy":"category","embeddable":true,"href":"https:\/\/www.suno.com.br\/noticias\/wp-json\/wp\/v2\/categories?post=424365"},{"taxonomy":"post_tag","embeddable":true,"href":"https:\/\/www.suno.com.br\/noticias\/wp-json\/wp\/v2\/tags?post=424365"},{"taxonomy":"suno_strategy","embeddable":true,"href":"https:\/\/www.suno.com.br\/noticias\/wp-json\/wp\/v2\/suno_strategy?post=424365"}],"curies":[{"name":"wp","href":"https:\/\/api.w.org\/{rel}","templated":true}]}}