{"id":42434,"date":"2019-10-27T19:30:30","date_gmt":"2019-10-27T21:30:30","guid":{"rendered":"https:\/\/www.suno.com.br\/noticias\/?p=42434"},"modified":"2019-10-28T09:51:33","modified_gmt":"2019-10-28T11:51:33","slug":"agenda-da-semana-bmg-copom-fed","status":"publish","type":"post","link":"https:\/\/www.suno.com.br\/noticias\/agenda-da-semana-bmg-copom-fed\/","title":{"rendered":"Agenda da Semana: BMG e C&#038;A, Copom e Fed"},"content":{"rendered":"<p>A \u00faltima Agenda da Semana de outubro, que se inicia na pr\u00f3xima segunda-feira (28), ser\u00e1 agitada no cen\u00e1rio dom\u00e9stico e externo.<\/p>\t<div class=\"wrapper-featured-image\">\n\t\t<figure class=\"spotlightImg\">\n\n\t\t\t<picture>\n\t\t\t\t<source media=\"(max-width: 768px)\" srcset=\"https:\/\/files.sunoresearch.com.br\/n\/uploads\/2019\/10\/c67793c5-calendario-400x200.webp\">\n\t\t\t\t<img loading=\"lazy\" decoding=\"async\" class=\"newsContent__article__imgCapa lazyloadDisabled newsContent__article__imgCapa--noCaption\" src=\"https:\/\/files.sunoresearch.com.br\/n\/uploads\/2019\/10\/c67793c5-calendario-800x450.webp\" width=\"800\" height=\"450\" alt=\"Agenda da Semana: BMG e C&#038;A, Copom e Fed\" fetchpriority=high \/>\n\t\t\t<\/picture>\n\n\t\t\t<figcaption class=\"wp-caption-text wp-caption-text--hide\">Agenda da Semana: Marisa, Odebrecht, pris\u00e3o de 2\u00b0 inst\u00e2ncia e Selic<\/figcaption>\n\t\t<\/figure>\n\t<\/div>\n\n\n\n<p>Entre os destaques da <strong>Agenda da Semana<\/strong> est\u00e3o a estreia do <strong>BMG<\/strong> e da <strong>C&amp;A<\/strong> na Bolsa de valores de S\u00e3o Paulo (B3), a nova reuni\u00e3o do <a href=\"https:\/\/www.suno.com.br\/artigos\/copom\/\"><strong>Copom<\/strong> <\/a>e dados macroecon\u00f4micos dos Estados Unidos, ap\u00f3s o novo encontro do <a href=\"https:\/\/www.suno.com.br\/artigos\/fomc\/\"><strong>Comit\u00ea Federal de Pol\u00edtica Monet\u00e1ria dos EUA (FOMC)<\/strong><\/a>.<\/p>\n<p>Al\u00e9m disso, ser\u00e1 a primeira semana cheia de divulga\u00e7\u00f5es dos balan\u00e7os trimestrais das companhias listadas na <strong>B3<\/strong>.<\/p>\n<p>Saiba mais sobre os principais acontecimentos de cada um dos dias:<\/p>\n<h2>Agenda da Semana<\/h2>\n<h3>Segunda-feira (28)<\/h3>\n<p>No in\u00edcio da semana, o <strong>Banco BMG<\/strong> e a varejista de moda <strong>C&amp;A<\/strong> ir\u00e3o estrear na <a href=\"https:\/\/www.suno.com.br\/artigos\/b3\/\">Bolsa de Valores de S\u00e3o Paulo (B3)<\/a>. Na \u00faltima quinta-feira (24), o pre\u00e7o das a\u00e7\u00f5es das <a href=\"https:\/\/www.suno.com.br\/artigos\/vale-pena-investir-em-um-ipo\/\">ofertas p\u00fablicas iniciais (IPO)<\/a> das empresas foram definidas em R$ 11,60 e R$ 16,50, respectivamente.<\/p>\n\t<p>\n\t\t<a href=\"https:\/\/lp.suno.com.br\/asset\/suno-fundo-infra-estrutura-snid11\/\" target=\"_blank\" data-element=\"shortcode-suno-banner\" title=\"Banner SUNO, clique e saiba mais\">\n\t\t\t<picture>\n\t\t\t\t<source media=\"(max-width: 500px)\" srcset=\"https:\/\/files.sunoresearch.com.br\/n\/uploads\/2024\/01\/400x300-Banner-Home-1-SNID-AO.png\">\n\t\t\t\t<img class=\"newsContent__article__imgCapa newsContent__article__imgCapa--banner\"\n\t\t\t\t\tsrc=\"https:\/\/files.sunoresearch.com.br\/n\/uploads\/2024\/01\/1420x240-Banner-Home-1-SNID-AO.png\"\n\t\t\t\t\tdata-promo-id=\"364419\"\t\t\t\t\t\t\t\t\t\twidth='1420' height='240'\t\t\t\t\talt=\"https:\/\/files.sunoresearch.com.br\/n\/uploads\/2024\/01\/1420x240-Banner-Home-1-SNID-AO.png\"\n\t\t\t\t>\n\t\t\t<\/picture>\n\t\t<\/a>\n\t<\/p>\n\n\n<p>Neste mesmo dia, a <strong>Cyrela Commercial Properties (CCPR3)<\/strong> ir\u00e1 precificar a sua <a href=\"https:\/\/www.suno.com.br\/artigos\/follow-on\/\">oferta subsequente (follow-on)<\/a>.<\/p>\n<p>Al\u00e9m disso, \u00e0s 8h25 ser\u00e1 divulgado pelo <a href=\"https:\/\/www.suno.com.br\/artigos\/bacen\/\">Banco Central (BC)<\/a> o <a href=\"https:\/\/www.suno.com.br\/artigos\/relatorio-focus\/\">Boletim Focus<\/a>. Na \u00faltima segunda-feira (21), os economistas ouvidos pelo BC diminu\u00edram a previs\u00e3o do <a href=\"https:\/\/www.suno.com.br\/artigos\/ipca\/\">\u00cdndice de Pre\u00e7os ao Consumidor Amplo (IPCA)<\/a>, chegando a 3,26% ante os 3,28% previstos anteriormente.<\/p>\n<p>Ser\u00e3o divulgados os resultados trimestrais das seguintes companhias:<\/p>\n<ul>\n<li>Hypera (HYPE3)<\/li>\n<li>Klabin (KLBN3\/KLBN4\/KLBN11)<\/li>\n<\/ul>\n<h3>Ter\u00e7a-feira (29)<\/h3>\n<p>Na ter\u00e7a, ser\u00e1 iniciada a reuni\u00e3o do <a href=\"https:\/\/www.suno.com.br\/artigos\/copom\/\">Comit\u00ea de Pol\u00edtica Monet\u00e1ria (Copom)<\/a>.\u00a0 Segundo o <strong><a href=\"https:\/\/www.suno.com.br\/artigos\/bacen\/\">Banco Central (BC)<\/a><\/strong>, os economistas das 100 principais institui\u00e7\u00f5es financeiras do Pa\u00eds esperam que a\u00a0<strong><a href=\"https:\/\/www.suno.com.br\/artigos\/taxa-selic\/\">Selic<\/a><\/strong>, no final do ano, chegue a 4,50%. H\u00e1 quatro semanas, a previs\u00e3o era de 5,0%.<\/p>\n<p><a href=\"https:\/\/www.suno.com.br\/noticias\/banco-central-divulga-estatisticas-monetarias\/\">Confira: Banco Central divulga estat\u00edsticas monet\u00e1rias e de cr\u00e9dito do 3\u00b0 trimestre<\/a><\/p>\n<p>Tamb\u00e9m na ter\u00e7a-feira, a <strong>Funda\u00e7\u00e3o Get\u00falio Vargas (FGV)<\/strong> ir\u00e1 divulgar a Sondagem da Ind\u00fastria de outubro. O indicador representa a opini\u00e3o empresarial mensal com o intuito de mensurar a tend\u00eancia da atividade industrial e as expectativas dos empres\u00e1rios.<\/p>\n<p>Al\u00e9m disso, algumas empresas divulgar\u00e3o seus balan\u00e7os na ter\u00e7a-feira:<\/p>\n<ul>\n<li>Cielo (CIEL3)<\/li>\n<li>Duratex (DTEX3)<\/li>\n<li>EcoRodovias (ECOR3)<\/li>\n<li>Eletropaulo (ELPL3)<\/li>\n<li>Magazine Luiza (MGLU3)<\/li>\n<li>Multiplan (MULT3)<\/li>\n<li>Raia Drogasil (RADL3)<\/li>\n<li>Smiles (SMLS3)<\/li>\n<li>Tupy (TUPY3)<\/li>\n<\/ul>\n<h3>Quarta-feira (30)<\/h3>\n<p>Al\u00e9m da continuidade da reuni\u00e3o do Copom, a quarta-feira tamb\u00e9m reserva a conclus\u00e3o de mais um encontro do <a href=\"https:\/\/www.suno.com.br\/artigos\/fomc\/\">Comit\u00ea Federal de Mercado Aberto (FOMC<\/a>, na sigla em ingl\u00eas), iniciado no dia anterior.<\/p>\n<p>Considerado o \u00f3rg\u00e3o de <a href=\"https:\/\/www.suno.com.br\/artigos\/politica-monetaria\/\">pol\u00edtica monet\u00e1ria<\/a> mais importante do <strong>Federal Reserve (Fed)<\/strong>, o FOMC poder\u00e1 influenciar de forma indireta mais uma queda da taxa de juros norte-americana.<\/p>\n<p>Al\u00e9m disso, a FGV ir\u00e1 divulgar o \u00cdndice Geral de Pre\u00e7os do Mercado (<strong>IGP-M<\/strong>) referente ao m\u00eas de outubro. O indicador registra a <a href=\"https:\/\/www.suno.com.br\/artigos\/inflacao\/\">infla\u00e7\u00e3o<\/a> de pre\u00e7os de mat\u00e9rias-primas industriais e agr\u00edcolas, al\u00e9m de bens e servi\u00e7os finais.<\/p>\n<p>Ser\u00e3o divulgados os balan\u00e7os trimestrais das seguintes empresas:<\/p>\n<ul>\n<li>Arezzo (ARZZ3)<\/li>\n<li>B2W Digital (BTOW3)<\/li>\n<li>Cesp (CESP3\/CESP5\/CESP6)<\/li>\n<li>Gerdau (GGBR3\/GGBR4)<\/li>\n<li>Gerdau Metal\u00fargica (GOAU3\/GOAU4)<\/li>\n<li>Log (LOGG3)<\/li>\n<li>Lojas Americanas (LAME3\/LAME4)<\/li>\n<li>Movida (MOVI3)<\/li>\n<li>P\u00e3o de A\u00e7\u00facar (PCAR4)<\/li>\n<li>Santander (SANB4\/SANB4\/SANB11)<\/li>\n<\/ul>\n<h3>Quinta-feira (31)<\/h3>\n<p>No dia 31, a FGV vai anunciar o <strong>Indicador de Incerteza de Economia<\/strong> de outubro. O indicador \u00e9 baseado em tr\u00eas etapas: a frequ\u00eancia de not\u00edcias acerca da incerteza da desenvolvimento econ\u00f4mico, a segunda \u00e9 constru\u00edda a expectativa com fundamento na <a href=\"https:\/\/www.suno.com.br\/artigos\/taxa-de-cambio-real\/\">taxa de c\u00e2mbio<\/a> e IPCA, e a terceira baseada na <a href=\"https:\/\/www.suno.com.br\/artigos\/volatilidade\/\">volatilidade<\/a> do mercado financeiro.<\/p>\n\t<p>\n\t\t<a href=\"https:\/\/lp.suno.com.br\/asset\/fundos\/suno-fic-fia\/\" target=\"_blank\" data-element=\"shortcode-suno-banner\" title=\"Banner SUNO, clique e saiba mais\">\n\t\t\t<picture>\n\t\t\t\t<source media=\"(max-width: 500px)\" srcset=\"https:\/\/files.sunoresearch.com.br\/n\/uploads\/2023\/10\/SUNO-FIC-FIA-400x300-Mobile-Artigos-5-v3.png\">\n\t\t\t\t<img class=\"newsContent__article__imgCapa newsContent__article__imgCapa--banner\"\n\t\t\t\t\tsrc=\"https:\/\/files.sunoresearch.com.br\/n\/uploads\/2023\/10\/SUNO-FIC-FIA-1420x240-Banner-Artigos-1-_-Banner-Materias-4-v3-png.webp\"\n\t\t\t\t\tdata-promo-id=\"478744\"\t\t\t\t\t\t\t\t\t\twidth='2560' height='433'\t\t\t\t\talt=\"https:\/\/files.sunoresearch.com.br\/n\/uploads\/2023\/10\/SUNO-FIC-FIA-1420x240-Banner-Artigos-1-_-Banner-Materias-4-v3-png.webp\"\n\t\t\t\t>\n\t\t\t<\/picture>\n\t\t<\/a>\n\t<\/p>\n\n\n<p>Companhias que divulgar\u00e3o seus resultados:<\/p>\n<ul>\n<li>Bradesco (BBDC3\/BBDC4)<\/li>\n<li>Cia Hering (HGTX3)<\/li>\n<li>Direcional (DIRR3)<\/li>\n<li>Gol (GOLL4)<\/li>\n<li>Odontoprev (ODPV3)<\/li>\n<li>Paranapanema (PMAM3)<\/li>\n<li>Suzano Papel (SUZB3)<\/li>\n<li>Valid (VLID3)<\/li>\n<\/ul>\n<h3>Sexta-feira (1)<\/h3>\n<p>No final da semana, j\u00e1 no in\u00edcio do m\u00eas de novembro, ser\u00e1 divulgada a <a href=\"https:\/\/www.suno.com.br\/artigos\/balanca-comercial\/\">balan\u00e7a comercial<\/a> de outubro. Na terceira semana do m\u00eas, foi reportado um d\u00e9ficit de US$ 218 milh\u00f5es.<\/p>\n<p>Em outubro, o valor m\u00e9dio de exporta\u00e7\u00f5es por dia caiu 8,9% na terceira semana, em compara\u00e7\u00e3o ao montante registrado at\u00e9 a segunda semana. A baixa foi motivada pelos resultados negativos de produtos semimanufaturados, manufaturados e b\u00e1sicos.<\/p>\n<p><a href=\"https:\/\/www.suno.com.br\/noticias\/crise-de-1929-90-anos\/\">Saiba mais: Crise de 1929: Quebra da Bolsa de Nova York completa 90 anos<\/a><\/p>\n<p>Al\u00e9m disso, \u00e0s 9h30 do hor\u00e1rio de Bras\u00edlia, ser\u00e1 divulgada a <strong>taxa de desemprego<\/strong> dos <strong>Estados Unidos<\/strong>, junto ao Relat\u00f3rio de Emprego Privado e Relat\u00f3rio de Emprego n\u00e3o-agr\u00edcola. Resultados positivos podem pressionar as taxas de juros futuras.<\/p>\n<p>A <strong>Agenda da Semana<\/strong> apresenta os principais eventos que v\u00e3o movimentar o <a href=\"https:\/\/www.youtube.com\/channel\/UCWDeEIDAIi_oYKDiqwfGyRg\">mercado<\/a> durante a semana.<\/p>\n","protected":false},"excerpt":{"rendered":"<p>A \u00faltima Agenda da Semana de outubro, que se inicia na pr\u00f3xima segunda-feira (28), ser\u00e1 agitada no cen\u00e1rio dom\u00e9stico e externo. Agenda da Semana: Marisa, Odebrecht, pris\u00e3o de 2\u00b0 inst\u00e2ncia e Selic Entre os destaques da Agenda da Semana est\u00e3o a estreia do BMG e da C&amp;A na Bolsa de valores de S\u00e3o Paulo (B3), [&hellip;]<\/p>\n","protected":false},"author":24,"featured_media":42458,"comment_status":"closed","ping_status":"closed","sticky":false,"template":"","format":"standard","meta":[],"categories":[64],"tags":[2108,1937,1104,776],"suno_strategy":[],"class_list":["post-42434","post","type-post","status-publish","format-standard","has-post-thumbnail","hentry","category-negocios","tag-agenda-da-semana","tag-bolsa-de-valores-de-sao-paulo-b3","tag-copom","tag-federal-reseve-fed"],"yoast_head":"<!-- This site is optimized with the Yoast SEO plugin v24.4 - https:\/\/yoast.com\/wordpress\/plugins\/seo\/ -->\n<title>Agenda da Semana: BMG e C&amp;A, reuni\u00e3o do Copom e Fed<\/title>\n<meta name=\"description\" content=\"BMG e C&amp;A na bolsa, reuni\u00e3o do Copom e novo encontro do Federal Reserve agitam a \u00faltima agenda da semana. Clique aqui e saiba mais.\" \/>\n<meta name=\"robots\" content=\"index, follow, max-snippet:-1, max-image-preview:large, max-video-preview:-1\" \/>\n<link rel=\"canonical\" href=\"https:\/\/www.suno.com.br\/noticias\/agenda-da-semana-bmg-copom-fed\/\" \/>\n<meta property=\"og:locale\" content=\"pt_BR\" \/>\n<meta property=\"og:type\" content=\"article\" \/>\n<meta property=\"og:title\" content=\"Agenda da Semana: BMG e C&amp;A, reuni\u00e3o do Copom e Fed\" \/>\n<meta property=\"og:description\" content=\"BMG e C&amp;A na bolsa, reuni\u00e3o do Copom e novo encontro do Federal Reserve agitam a \u00faltima agenda da semana. Clique aqui e saiba mais.\" \/>\n<meta property=\"og:url\" content=\"https:\/\/www.suno.com.br\/noticias\/agenda-da-semana-bmg-copom-fed\/\" \/>\n<meta property=\"og:site_name\" content=\"Suno Not\u00edcias\" \/>\n<meta property=\"article:publisher\" content=\"https:\/\/facebook.com\/sunoresearch\" \/>\n<meta property=\"og:image\" content=\"https:\/\/files.sunoresearch.com.br\/n\/uploads\/2019\/10\/c67793c5-calendario.png\" \/>\n\t<meta property=\"og:image:width\" content=\"1280\" \/>\n\t<meta property=\"og:image:height\" content=\"720\" \/>\n\t<meta property=\"og:image:type\" content=\"image\/png\" \/>\n<meta name=\"author\" content=\"Jader Lazarini\" \/>\n<meta name=\"twitter:card\" content=\"summary_large_image\" \/>\n<meta name=\"twitter:creator\" content=\"@sunoresearch\" \/>\n<meta name=\"twitter:site\" content=\"@sunoresearch\" \/>\n<meta name=\"twitter:label1\" content=\"Escrito por\" \/>\n\t<meta name=\"twitter:data1\" content=\"Jader Lazarini\" \/>\n\t<meta name=\"twitter:label2\" content=\"Est. tempo de leitura\" \/>\n\t<meta name=\"twitter:data2\" content=\"4 minutos\" \/>\n<script type=\"application\/ld+json\" class=\"yoast-schema-graph\">{\"@context\":\"https:\/\/schema.org\",\"@graph\":[{\"@type\":\"NewsArticle\",\"@id\":\"https:\/\/www.suno.com.br\/noticias\/agenda-da-semana-bmg-copom-fed\/#article\",\"isPartOf\":{\"@id\":\"https:\/\/www.suno.com.br\/noticias\/agenda-da-semana-bmg-copom-fed\/\"},\"author\":{\"name\":\"Jader Lazarini\",\"@id\":\"https:\/\/www.suno.com.br\/noticias\/#\/schema\/person\/918d79de1f0281f01599b93f9ea6e23f\"},\"headline\":\"Agenda da Semana: BMG e C&#038;A, Copom e Fed\",\"datePublished\":\"2019-10-27T21:30:30+00:00\",\"dateModified\":\"2019-10-28T11:51:33+00:00\",\"mainEntityOfPage\":{\"@id\":\"https:\/\/www.suno.com.br\/noticias\/agenda-da-semana-bmg-copom-fed\/\"},\"wordCount\":793,\"publisher\":{\"@id\":\"https:\/\/www.suno.com.br\/noticias\/#organization\"},\"image\":{\"@id\":\"https:\/\/www.suno.com.br\/noticias\/agenda-da-semana-bmg-copom-fed\/#primaryimage\"},\"thumbnailUrl\":\"https:\/\/files.sunoresearch.com.br\/n\/uploads\/2019\/10\/c67793c5-calendario-png.webp\",\"keywords\":[\"agenda da semana\",\"Bolsa de Valores de S\u00e3o Paulo (B3)\",\"Copom\",\"Federal Reserve (FED)\"],\"articleSection\":[\"Neg\u00f3cios\"],\"inLanguage\":\"pt-BR\"},{\"@type\":\"WebPage\",\"@id\":\"https:\/\/www.suno.com.br\/noticias\/agenda-da-semana-bmg-copom-fed\/\",\"url\":\"https:\/\/www.suno.com.br\/noticias\/agenda-da-semana-bmg-copom-fed\/\",\"name\":\"Agenda da Semana: BMG e C&A, reuni\u00e3o do Copom e Fed\",\"isPartOf\":{\"@id\":\"https:\/\/www.suno.com.br\/noticias\/#website\"},\"primaryImageOfPage\":{\"@id\":\"https:\/\/www.suno.com.br\/noticias\/agenda-da-semana-bmg-copom-fed\/#primaryimage\"},\"image\":{\"@id\":\"https:\/\/www.suno.com.br\/noticias\/agenda-da-semana-bmg-copom-fed\/#primaryimage\"},\"thumbnailUrl\":\"https:\/\/files.sunoresearch.com.br\/n\/uploads\/2019\/10\/c67793c5-calendario-png.webp\",\"datePublished\":\"2019-10-27T21:30:30+00:00\",\"dateModified\":\"2019-10-28T11:51:33+00:00\",\"description\":\"BMG e C&A na bolsa, reuni\u00e3o do Copom e novo encontro do Federal Reserve agitam a \u00faltima agenda da semana. Clique aqui e saiba mais.\",\"breadcrumb\":{\"@id\":\"https:\/\/www.suno.com.br\/noticias\/agenda-da-semana-bmg-copom-fed\/#breadcrumb\"},\"inLanguage\":\"pt-BR\",\"potentialAction\":[{\"@type\":\"ReadAction\",\"target\":[\"https:\/\/www.suno.com.br\/noticias\/agenda-da-semana-bmg-copom-fed\/\"]}]},{\"@type\":\"ImageObject\",\"inLanguage\":\"pt-BR\",\"@id\":\"https:\/\/www.suno.com.br\/noticias\/agenda-da-semana-bmg-copom-fed\/#primaryimage\",\"url\":\"https:\/\/files.sunoresearch.com.br\/n\/uploads\/2019\/10\/c67793c5-calendario-png.webp\",\"contentUrl\":\"https:\/\/files.sunoresearch.com.br\/n\/uploads\/2019\/10\/c67793c5-calendario-png.webp\",\"width\":1280,\"height\":720,\"caption\":\"Agenda da Semana: Marisa, Odebrecht, pris\u00e3o de 2\u00b0 inst\u00e2ncia e Selic\"},{\"@type\":\"BreadcrumbList\",\"@id\":\"https:\/\/www.suno.com.br\/noticias\/agenda-da-semana-bmg-copom-fed\/#breadcrumb\",\"itemListElement\":[{\"@type\":\"ListItem\",\"position\":1,\"name\":\"Not\u00edcias\",\"item\":\"https:\/\/www.suno.com.br\/noticias\/\"},{\"@type\":\"ListItem\",\"position\":2,\"name\":\"Neg\u00f3cios\",\"item\":\"https:\/\/www.suno.com.br\/noticias\/negocios\/\"},{\"@type\":\"ListItem\",\"position\":3,\"name\":\"Agenda da Semana: BMG e C&#038;A, Copom e Fed\"}]},{\"@type\":\"WebSite\",\"@id\":\"https:\/\/www.suno.com.br\/noticias\/#website\",\"url\":\"https:\/\/www.suno.com.br\/noticias\/\",\"name\":\"Suno Not\u00edcias\",\"description\":\"Seu portal de informa\u00e7\u00e3o sobre o mundo dos investimentos\",\"publisher\":{\"@id\":\"https:\/\/www.suno.com.br\/noticias\/#organization\"},\"potentialAction\":[{\"@type\":\"SearchAction\",\"target\":{\"@type\":\"EntryPoint\",\"urlTemplate\":\"https:\/\/www.suno.com.br\/noticias\/?s={search_term_string}\"},\"query-input\":{\"@type\":\"PropertyValueSpecification\",\"valueRequired\":true,\"valueName\":\"search_term_string\"}}],\"inLanguage\":\"pt-BR\"},{\"@type\":\"Organization\",\"@id\":\"https:\/\/www.suno.com.br\/noticias\/#organization\",\"name\":\"Suno Not\u00edcias\",\"url\":\"https:\/\/www.suno.com.br\/noticias\/\",\"logo\":{\"@type\":\"ImageObject\",\"inLanguage\":\"pt-BR\",\"@id\":\"https:\/\/www.suno.com.br\/noticias\/#\/schema\/logo\/image\/\",\"url\":\"https:\/\/files.sunoresearch.com.br\/n\/uploads\/2021\/09\/suno-logo.png\",\"contentUrl\":\"https:\/\/files.sunoresearch.com.br\/n\/uploads\/2021\/09\/suno-logo.png\",\"width\":180,\"height\":180,\"caption\":\"Suno Not\u00edcias\"},\"image\":{\"@id\":\"https:\/\/www.suno.com.br\/noticias\/#\/schema\/logo\/image\/\"},\"sameAs\":[\"https:\/\/facebook.com\/sunoresearch\",\"https:\/\/x.com\/sunoresearch\",\"https:\/\/www.instagram.com\/suno\",\"https:\/\/www.linkedin.com\/company\/suno-research\/\",\"https:\/\/www.youtube.com\/c\/sunoresearch\"]},{\"@type\":\"Person\",\"@id\":\"https:\/\/www.suno.com.br\/noticias\/#\/schema\/person\/918d79de1f0281f01599b93f9ea6e23f\",\"name\":\"Jader Lazarini\",\"image\":{\"@type\":\"ImageObject\",\"inLanguage\":\"pt-BR\",\"@id\":\"https:\/\/www.suno.com.br\/noticias\/#\/schema\/person\/image\/\",\"url\":\"https:\/\/secure.gravatar.com\/avatar\/3c1ad8caa51589841baeb923fcddea97?s=96&r=g\",\"contentUrl\":\"https:\/\/secure.gravatar.com\/avatar\/3c1ad8caa51589841baeb923fcddea97?s=96&r=g\",\"caption\":\"Jader Lazarini\"},\"description\":\"Jader Lazarini escreve sobre investimentos, finan\u00e7as, economia e neg\u00f3cios. \u00c9 bacharel em Rela\u00e7\u00f5es Internacionais e analista CNPI (2619).\",\"url\":\"https:\/\/www.suno.com.br\/noticias\/author\/jader-lazarini\/\"}]}<\/script>\n<!-- \/ Yoast SEO plugin. -->","yoast_head_json":{"title":"Agenda da Semana: BMG e C&A, reuni\u00e3o do Copom e Fed","description":"BMG e C&A na bolsa, reuni\u00e3o do Copom e novo encontro do Federal Reserve agitam a \u00faltima agenda da semana. Clique aqui e saiba mais.","robots":{"index":"index","follow":"follow","max-snippet":"max-snippet:-1","max-image-preview":"max-image-preview:large","max-video-preview":"max-video-preview:-1"},"canonical":"https:\/\/www.suno.com.br\/noticias\/agenda-da-semana-bmg-copom-fed\/","og_locale":"pt_BR","og_type":"article","og_title":"Agenda da Semana: BMG e C&A, reuni\u00e3o do Copom e Fed","og_description":"BMG e C&A na bolsa, reuni\u00e3o do Copom e novo encontro do Federal Reserve agitam a \u00faltima agenda da semana. Clique aqui e saiba mais.","og_url":"https:\/\/www.suno.com.br\/noticias\/agenda-da-semana-bmg-copom-fed\/","og_site_name":"Suno Not\u00edcias","article_publisher":"https:\/\/facebook.com\/sunoresearch","og_image":[{"width":1280,"height":720,"url":"https:\/\/files.sunoresearch.com.br\/n\/uploads\/2019\/10\/c67793c5-calendario.png","type":"image\/png"}],"author":"Jader Lazarini","twitter_card":"summary_large_image","twitter_creator":"@sunoresearch","twitter_site":"@sunoresearch","twitter_misc":{"Escrito por":"Jader Lazarini","Est. tempo de leitura":"4 minutos"},"schema":{"@context":"https:\/\/schema.org","@graph":[{"@type":"NewsArticle","@id":"https:\/\/www.suno.com.br\/noticias\/agenda-da-semana-bmg-copom-fed\/#article","isPartOf":{"@id":"https:\/\/www.suno.com.br\/noticias\/agenda-da-semana-bmg-copom-fed\/"},"author":{"name":"Jader Lazarini","@id":"https:\/\/www.suno.com.br\/noticias\/#\/schema\/person\/918d79de1f0281f01599b93f9ea6e23f"},"headline":"Agenda da Semana: BMG e C&#038;A, Copom e Fed","datePublished":"2019-10-27T21:30:30+00:00","dateModified":"2019-10-28T11:51:33+00:00","mainEntityOfPage":{"@id":"https:\/\/www.suno.com.br\/noticias\/agenda-da-semana-bmg-copom-fed\/"},"wordCount":793,"publisher":{"@id":"https:\/\/www.suno.com.br\/noticias\/#organization"},"image":{"@id":"https:\/\/www.suno.com.br\/noticias\/agenda-da-semana-bmg-copom-fed\/#primaryimage"},"thumbnailUrl":"https:\/\/files.sunoresearch.com.br\/n\/uploads\/2019\/10\/c67793c5-calendario-png.webp","keywords":["agenda da semana","Bolsa de Valores de S\u00e3o Paulo (B3)","Copom","Federal Reserve (FED)"],"articleSection":["Neg\u00f3cios"],"inLanguage":"pt-BR"},{"@type":"WebPage","@id":"https:\/\/www.suno.com.br\/noticias\/agenda-da-semana-bmg-copom-fed\/","url":"https:\/\/www.suno.com.br\/noticias\/agenda-da-semana-bmg-copom-fed\/","name":"Agenda da Semana: BMG e C&A, reuni\u00e3o do Copom e Fed","isPartOf":{"@id":"https:\/\/www.suno.com.br\/noticias\/#website"},"primaryImageOfPage":{"@id":"https:\/\/www.suno.com.br\/noticias\/agenda-da-semana-bmg-copom-fed\/#primaryimage"},"image":{"@id":"https:\/\/www.suno.com.br\/noticias\/agenda-da-semana-bmg-copom-fed\/#primaryimage"},"thumbnailUrl":"https:\/\/files.sunoresearch.com.br\/n\/uploads\/2019\/10\/c67793c5-calendario-png.webp","datePublished":"2019-10-27T21:30:30+00:00","dateModified":"2019-10-28T11:51:33+00:00","description":"BMG e C&A na bolsa, reuni\u00e3o do Copom e novo encontro do Federal Reserve agitam a \u00faltima agenda da semana. Clique aqui e saiba mais.","breadcrumb":{"@id":"https:\/\/www.suno.com.br\/noticias\/agenda-da-semana-bmg-copom-fed\/#breadcrumb"},"inLanguage":"pt-BR","potentialAction":[{"@type":"ReadAction","target":["https:\/\/www.suno.com.br\/noticias\/agenda-da-semana-bmg-copom-fed\/"]}]},{"@type":"ImageObject","inLanguage":"pt-BR","@id":"https:\/\/www.suno.com.br\/noticias\/agenda-da-semana-bmg-copom-fed\/#primaryimage","url":"https:\/\/files.sunoresearch.com.br\/n\/uploads\/2019\/10\/c67793c5-calendario-png.webp","contentUrl":"https:\/\/files.sunoresearch.com.br\/n\/uploads\/2019\/10\/c67793c5-calendario-png.webp","width":1280,"height":720,"caption":"Agenda da Semana: Marisa, Odebrecht, pris\u00e3o de 2\u00b0 inst\u00e2ncia e Selic"},{"@type":"BreadcrumbList","@id":"https:\/\/www.suno.com.br\/noticias\/agenda-da-semana-bmg-copom-fed\/#breadcrumb","itemListElement":[{"@type":"ListItem","position":1,"name":"Not\u00edcias","item":"https:\/\/www.suno.com.br\/noticias\/"},{"@type":"ListItem","position":2,"name":"Neg\u00f3cios","item":"https:\/\/www.suno.com.br\/noticias\/negocios\/"},{"@type":"ListItem","position":3,"name":"Agenda da Semana: BMG e C&#038;A, Copom e Fed"}]},{"@type":"WebSite","@id":"https:\/\/www.suno.com.br\/noticias\/#website","url":"https:\/\/www.suno.com.br\/noticias\/","name":"Suno Not\u00edcias","description":"Seu portal de informa\u00e7\u00e3o sobre o mundo dos investimentos","publisher":{"@id":"https:\/\/www.suno.com.br\/noticias\/#organization"},"potentialAction":[{"@type":"SearchAction","target":{"@type":"EntryPoint","urlTemplate":"https:\/\/www.suno.com.br\/noticias\/?s={search_term_string}"},"query-input":{"@type":"PropertyValueSpecification","valueRequired":true,"valueName":"search_term_string"}}],"inLanguage":"pt-BR"},{"@type":"Organization","@id":"https:\/\/www.suno.com.br\/noticias\/#organization","name":"Suno Not\u00edcias","url":"https:\/\/www.suno.com.br\/noticias\/","logo":{"@type":"ImageObject","inLanguage":"pt-BR","@id":"https:\/\/www.suno.com.br\/noticias\/#\/schema\/logo\/image\/","url":"https:\/\/files.sunoresearch.com.br\/n\/uploads\/2021\/09\/suno-logo.png","contentUrl":"https:\/\/files.sunoresearch.com.br\/n\/uploads\/2021\/09\/suno-logo.png","width":180,"height":180,"caption":"Suno Not\u00edcias"},"image":{"@id":"https:\/\/www.suno.com.br\/noticias\/#\/schema\/logo\/image\/"},"sameAs":["https:\/\/facebook.com\/sunoresearch","https:\/\/x.com\/sunoresearch","https:\/\/www.instagram.com\/suno","https:\/\/www.linkedin.com\/company\/suno-research\/","https:\/\/www.youtube.com\/c\/sunoresearch"]},{"@type":"Person","@id":"https:\/\/www.suno.com.br\/noticias\/#\/schema\/person\/918d79de1f0281f01599b93f9ea6e23f","name":"Jader Lazarini","image":{"@type":"ImageObject","inLanguage":"pt-BR","@id":"https:\/\/www.suno.com.br\/noticias\/#\/schema\/person\/image\/","url":"https:\/\/secure.gravatar.com\/avatar\/3c1ad8caa51589841baeb923fcddea97?s=96&r=g","contentUrl":"https:\/\/secure.gravatar.com\/avatar\/3c1ad8caa51589841baeb923fcddea97?s=96&r=g","caption":"Jader Lazarini"},"description":"Jader Lazarini escreve sobre investimentos, finan\u00e7as, economia e neg\u00f3cios. \u00c9 bacharel em Rela\u00e7\u00f5es Internacionais e analista CNPI (2619).","url":"https:\/\/www.suno.com.br\/noticias\/author\/jader-lazarini\/"}]}},"default_loop_html":"<div class=\"cardsPage__listCard__boxs\"><div class=\"cardsPage__listCard__boxs__img\"><a href=\"https:\/\/www.suno.com.br\/noticias\/agenda-da-semana-bmg-copom-fed\/\"><img class=\"mask\" src=\"https:\/\/www.suno.com.br\/noticias\/wp-content\/themes\/suno\/resources\/images\/spotlight\/spotlight1img\/bg-mask.png\" alt=\"Image Mask\"\/><img src=\"https:\/\/files.sunoresearch.com.br\/n\/uploads\/2019\/10\/c67793c5-calendario-400x200.webp\" alt=\"Agenda da Semana: BMG e C&#038;A, Copom e Fed\"\/><\/a><span class=\"spotlightCategory\"><a href=\"https:\/\/www.suno.com.br\/noticias\/negocios\/\">Neg\u00f3cios<\/a><\/span><\/div><div class=\"cardsPage__listCard__boxs__content\"><a href=\"https:\/\/www.suno.com.br\/noticias\/agenda-da-semana-bmg-copom-fed\/\"><h2 class=\"content__title\">Agenda da Semana: BMG e C&#038;A, Copom e Fed<\/h2><\/a><div class=\"newsContent__article__meta\"><div class=\"newsContent__article__meta__authorBox\"><a href=\"https:\/\/www.suno.com.br\/noticias\/author\/jader-lazarini\/\" class=\"authorBox__avatar noMobi\"><img src=\"https:\/\/files.sunoresearch.com.br\/n\/uploads\/2021\/01\/178e6598-foto-perfil-2-150x150.jpg\" alt=\"Jader Lazarini\"><\/a><div class=\"authorBox__name\"><span>por\n\t\t\t<a href=\"https:\/\/www.suno.com.br\/noticias\/author\/jader-lazarini\/\"><span itemprop=\"author\">Jader Lazarini<\/span><\/a><\/span><time datetime=\"2019-10-27T19:30:30-03:00\" itemprop=\"datePublished\">27\/10\/2019 19:30<\/time><\/div><\/div><\/div><\/div><\/div>","single_layout":"posts","amp_enabled":true,"_links":{"self":[{"href":"https:\/\/www.suno.com.br\/noticias\/wp-json\/wp\/v2\/posts\/42434"}],"collection":[{"href":"https:\/\/www.suno.com.br\/noticias\/wp-json\/wp\/v2\/posts"}],"about":[{"href":"https:\/\/www.suno.com.br\/noticias\/wp-json\/wp\/v2\/types\/post"}],"author":[{"embeddable":true,"href":"https:\/\/www.suno.com.br\/noticias\/wp-json\/wp\/v2\/users\/24"}],"replies":[{"embeddable":true,"href":"https:\/\/www.suno.com.br\/noticias\/wp-json\/wp\/v2\/comments?post=42434"}],"version-history":[{"count":0,"href":"https:\/\/www.suno.com.br\/noticias\/wp-json\/wp\/v2\/posts\/42434\/revisions"}],"wp:featuredmedia":[{"embeddable":true,"href":"https:\/\/www.suno.com.br\/noticias\/wp-json\/wp\/v2\/media\/42458"}],"wp:attachment":[{"href":"https:\/\/www.suno.com.br\/noticias\/wp-json\/wp\/v2\/media?parent=42434"}],"wp:term":[{"taxonomy":"category","embeddable":true,"href":"https:\/\/www.suno.com.br\/noticias\/wp-json\/wp\/v2\/categories?post=42434"},{"taxonomy":"post_tag","embeddable":true,"href":"https:\/\/www.suno.com.br\/noticias\/wp-json\/wp\/v2\/tags?post=42434"},{"taxonomy":"suno_strategy","embeddable":true,"href":"https:\/\/www.suno.com.br\/noticias\/wp-json\/wp\/v2\/suno_strategy?post=42434"}],"curies":[{"name":"wp","href":"https:\/\/api.w.org\/{rel}","templated":true}]}}