{"id":424251,"date":"2023-07-03T11:22:35","date_gmt":"2023-07-03T14:22:35","guid":{"rendered":"https:\/\/www.suno.com.br\/noticias\/?p=424251"},"modified":"2023-07-03T11:22:42","modified_gmt":"2023-07-03T14:22:42","slug":"destaques-vale-petrobras-americanas-gpj","status":"publish","type":"post","link":"https:\/\/www.suno.com.br\/noticias\/destaques-vale-petrobras-americanas-gpj\/","title":{"rendered":"Vale (VALE3), Petrobras (PETR4) e Americanas (AMER3) est\u00e3o no radar do mercado financeiro; veja destaques"},"content":{"rendered":"<p>A not\u00edcia de que a <strong>Vale<\/strong> (VALE3) recebeu autoriza\u00e7\u00e3o para operar a barragem Torto, em Minas Gerais, est\u00e1 entre os destaques do mercado financeiro desta segunda-feira (3).<\/p>\t<div class=\"wrapper-featured-image\">\n\t\t<figure class=\"spotlightImg\">\n\n\t\t\t<picture>\n\t\t\t\t<source media=\"(max-width: 768px)\" srcset=\"https:\/\/files.sunoresearch.com.br\/n\/uploads\/2023\/05\/pregao-bolsa-b3-400x200.jpg\">\n\t\t\t\t<img loading=\"lazy\" decoding=\"async\" class=\"newsContent__article__imgCapa lazyloadDisabled \" src=\"https:\/\/files.sunoresearch.com.br\/n\/uploads\/2023\/05\/pregao-bolsa-b3-800x450.jpg\" width=\"800\" height=\"450\" alt=\"Vale (VALE3), Petrobras (PETR4) e Americanas (AMER3) est\u00e3o no radar do mercado financeiro; veja destaques\" fetchpriority=high \/>\n\t\t\t<\/picture>\n\n\t\t\t<figcaption class=\"wp-caption-text wp-caption-text--show\">Mercado. Foto: iStock<\/figcaption>\n\t\t<\/figure>\n\t<\/div>\n\n\n\n\n\n\t<p>\n\t\t<a href=\"\" target=\"_blank\" data-element=\"shortcode-suno-banner\" title=\"Banner SUNO, clique e saiba mais\">\n\t\t\t<picture>\n\t\t\t\t<source media=\"(max-width: 500px)\" srcset=\"\">\n\t\t\t\t<img class=\"newsContent__article__imgCapa newsContent__article__imgCapa--banner\"\n\t\t\t\t\tsrc=\"\"\n\t\t\t\t\tdata-promo-id=\"254218\"\t\t\t\t\t\t\t\t\t\t\t\t\t\t\talt=\"\"\n\t\t\t\t>\n\t\t\t<\/picture>\n\t\t<\/a>\n\t<\/p>\n\n\n\n\n\n\n\n<p>Tamb\u00e9m \u00e9 destaque do mercado financeiro a <strong>Petrobras (PETR4)<\/strong>, que anunciou um novo contrato de compra e venda de g\u00e1s natural com a Coperg\u00e1s, assim como a <strong>Americanas (AMER3)<\/strong>, ap\u00f3s a not\u00edcia de que os diretores da varejista venderam milh\u00f5es em a\u00e7\u00f5es da companhia ao longo do segundo semestre de 2022, meses antes da revela\u00e7\u00e3o do esc\u00e2ndalo cont\u00e1bil.<\/p>\n\n\n\n<p>O <strong>Carrefour (CRFB3)<\/strong> tamb\u00e9m \u00e9 <strong>destaque hoje<\/strong>, depois da conclus\u00e3o da opera\u00e7\u00e3o de venda e arrendamento de ativos com Barzel por R$ 1,2 bilh\u00e3o, assim como a <strong>Enauta (ENAT3)<\/strong>, ap\u00f3s informar dados da produ\u00e7\u00e3o de junho de 2023.<\/p>\n\n\n\n<p>Veja os <strong>destaques do <a href=\"https:\/\/www.suno.com.br\/guias\/mercado-financeiro\/\">mercado financeiro<\/a><\/strong>:<\/p>\n\n\n\n<h2 class=\"wp-block-heading\">Vale<\/h2>\n\n\n\n<p>A <a href=\"https:\/\/www.suno.com.br\/acoes\/vale3\/\">Vale (<strong>VALE3<\/strong>)<\/a> recebeu autoriza\u00e7\u00e3o do Conselho Estadual de Pol\u00edtica Ambiental da Secretaria de Estado de Meio Ambiente de Minas Gerais para operar a barragem Torto, no complexo de Brucutu, em Bar\u00e3o de Cocais e S\u00e3o Gon\u00e7alo do Rio Abaixo.<\/p>\n\n\n\n<p>Em comunicado, a mineradora informou que a estrutura receber\u00e1 parte dos rejeitos provenientes da usina de Brucutu.&nbsp;<\/p>\n\n\n\n<p>Segundo a Vale, o complexo conta com uma planta de filtragem, que processa a maior parte do rejeito gerado e permite o empilhamento em estado s\u00f3lido, al\u00e9m da produ\u00e7\u00e3o de areia como coproduto, reduzindo-se, portanto, a depend\u00eancia de barragens.<\/p>\n\n\n\n<p>Conforme divulgado anteriormente, a mineradora espera produzir de 36 a 40 milh\u00f5es de toneladas de aglomerados de min\u00e9rio de ferro em 2023 e 50 a 55 milh\u00f5es de toneladas em 2026.<\/p>\n\n\n\n<h2 class=\"wp-block-heading\">Petrobras<\/h2>\n\n\n\n<p>A <a href=\"https:\/\/www.suno.com.br\/acoes\/PETR4\/\">Petrobras (PETR4)<\/a> anunciou um novo contrato de compra e venda de g\u00e1s natural com a Companhia de G\u00e1s de Pernambuco (<strong>Coperg\u00e1s<\/strong>), com vig\u00eancia a partir de janeiro de 2024 at\u00e9 dezembro de 2034, no valor estimado de R$ 6,7 bilh\u00f5es.<\/p>\n\n\n\n<p>O contrato \u00e9 resultado de uma chamada p\u00fablica realizada pela distribuidora de g\u00e1s, que visa o suprimento de g\u00e1s natural para atendimento ao mercado regulado, cuja \u00e1rea de concess\u00e3o est\u00e1 situada no estado de Pernambuco.<\/p>\n\n\n\n<p>\u201cO novo contrato refor\u00e7a a parceria comercial entre as empresas, mantendo a seguran\u00e7a e confiabilidade em condi\u00e7\u00f5es comerciais competitivas em um cen\u00e1rio de <a class=\"suno-keyword\" target=\"_blank\" data-force=\"no\" data-priority=\"1\" href=\"https:\/\/www.suno.com.br\/artigos\/abertura-do-mercado\/\" rel=\"noopener\">abertura do mercado<\/a> e diversifica\u00e7\u00e3o do suprimento de g\u00e1s natural\u201d, disse a estatal.<\/p>\n\n\n\n<p>Na semana passada, a Petrobras firmou dois novos contratos com a companhia de g\u00e1s de Santa Catarina (SCG\u00e1s), avaliados em R$ 7,6 bilh\u00f5es.<\/p>\n\n\n\t<div data-element=\"shortcode-read-more\" class=\"knowMore\">\n\t\t\t\t<span class=\"knowMore__title\">Leia mais<\/span>\n\t\t\t\t<a class=\"knowMore__link\" href=\"https:\/\/www.suno.com.br\/noticias\/petrobras-petr4-contrato-bilhoes-copergas-evm\/\">\n\t\t\tPetrobras (PETR4) fecha contrato de R$ 6,7 bilh\u00f5es com a Coperg\u00e1s\t\t<\/a>\n\t<\/div>\n\n\n\n\n<h2 class=\"wp-block-heading\">Americanas<\/h2>\n\n\n\n<p>Foi revelado que os diretores da <a href=\"https:\/\/www.suno.com.br\/acoes\/amer3\/\">Americanas (AMER3)<\/a> venderam R$ 244 milh\u00f5es em a\u00e7\u00f5es varejista ao longo do segundo semestre de 2022, meses antes da revela\u00e7\u00e3o do esc\u00e2ndalo cont\u00e1bil em janeiro deste ano. As informa\u00e7\u00f5es s\u00e3o da Coluna do Lauro Jardim, do jornal O Globo.<\/p>\n\n\n\n<p>Os detalhes sobre a cifra vieram \u00e0 tona pela primeira vez desde a revela\u00e7\u00e3o do rombo na Americanas, j\u00e1 que at\u00e9 ent\u00e3o s\u00f3 se sabia que os diretores haviam vendido os pap\u00e9is, mas n\u00e3o quanto.<\/p>\n\n\n\n\t<div data-element=\"shortcode-read-more\" class=\"readToo\">\n\t\t\t\t<span class=\"readToo__title\">Leia mais<\/span>\n\t\t\t\t<ul class=\"readToo__list\">\n\t\t\t<li><a href=\"https:\/\/www.suno.com.br\/noticias\/americanas-amer3-venda-acoes-diretores-fraude\/\">Americanas (AMER3): Revelados os detalhes de venda milion\u00e1ria de diretores antes da fraude<\/a><\/li><li><a href=\"https:\/\/www.suno.com.br\/noticias\/americanas-amer3-transferencia-milhoes-bens-filho\/\">Americanas (AMER3): ex-diretora transferiu R$ 13 milh\u00f5es em bens para o filho antes do esc\u00e2ndalo<\/a><\/li>\t\t<\/ul>\n\t<\/div>\n\n\n\n\t<p>\n\t\t<a href=\"https:\/\/lp.suno.com.br\/suno-one\/?utm_campaign=_SNC6964518A_\" target=\"_blank\" data-element=\"shortcode-suno-banner\" title=\"Banner SUNO, clique e saiba mais\">\n\t\t\t<picture>\n\t\t\t\t<source media=\"(max-width: 500px)\" srcset=\"https:\/\/files.sunoresearch.com.br\/n\/uploads\/2025\/09\/400x300-Suno-One-png.webp\">\n\t\t\t\t<img class=\"newsContent__article__imgCapa newsContent__article__imgCapa--banner\"\n\t\t\t\t\tsrc=\"https:\/\/files.sunoresearch.com.br\/n\/uploads\/2025\/09\/1420x240-Suno-One-png.webp\"\n\t\t\t\t\tdata-promo-id=\"383121\"\t\t\t\t\t\t\t\t\t\twidth='1420' height='240'\t\t\t\t\talt=\"https:\/\/files.sunoresearch.com.br\/n\/uploads\/2025\/09\/1420x240-Suno-One-png.webp\"\n\t\t\t\t>\n\t\t\t<\/picture>\n\t\t<\/a>\n\t<\/p>\n\n\n\n\n\n<h2 class=\"wp-block-heading\">Carrefour<\/h2>\n\n\n\n<p>O <a href=\"https:\/\/www.suno.com.br\/acoes\/CRFB3\/\">Carrefour Brasil (CRFB3)<\/a> concluiu a transa\u00e7\u00e3o de <strong>sale e leaseback<\/strong> (compra e venda de ativos atrelada \u00e0 loca\u00e7\u00e3o) de 4 centros de distribui\u00e7\u00e3o e 5 lojas de propriedade da companhia e suas subsidi\u00e1rias com Barzel Properties, pelo montante total aproximado de R$ 1,2 bilh\u00e3o (ou quase R$ 1 bilh\u00e3o l\u00edquido de impostos sobre <a class=\"suno-keyword\" target=\"_blank\" data-force=\"no\" data-priority=\"1\" href=\"https:\/\/www.suno.com.br\/artigos\/ganho-de-capital\/\" rel=\"noopener\">ganho de capital<\/a> e outras taxas.&nbsp;&nbsp;<\/p>\n\n\n\n<p>Os ativos que fazem parte da transa\u00e7\u00e3o foram arrendados de volta ao Grupo Carrefour com prazos de 20 anos, renov\u00e1veis por mais cinco anos, visando garantir a continuidade das opera\u00e7\u00f5es.<\/p>\n\n\n\n<p>Na \u00faltima sexta-feira (30), o Carrefour anunciou que concluiu a convers\u00e3o de 129 lojas do Grupo BIG, um ano ap\u00f3s o fechamento da aquisi\u00e7\u00e3o do grupo e seis meses antes do planejado inicialmente.<\/p>\n\n\n\t<div data-element=\"shortcode-read-more\" class=\"knowMore\">\n\t\t\t\t<span class=\"knowMore__title\">Leia mais<\/span>\n\t\t\t\t<a class=\"knowMore__link\" href=\"https:\/\/www.suno.com.br\/noticias\/carrefour-crfb3-transacao-barzel-cpf\/\">\n\t\t\tCarrefour (CRFB3) finaliza transa\u00e7\u00e3o de &#039;sale e leaseback&#039; com Barzel por R$ 1,2 bi\t\t<\/a>\n\t<\/div>\n\n\n\n\n<h2 class=\"wp-block-heading\">Enauta<\/h2>\n\n\n\n<p>No m\u00eas de junho, a produ\u00e7\u00e3o total da <a href=\"https:\/\/www.suno.com.br\/acoes\/ENAT3\/\">Enauta (ENAT3)<\/a> atingiu 281,8 mil barris de \u00f3leo equivalente (boe), ou produ\u00e7\u00e3o m\u00e9dia di\u00e1ria de 9,4 mil boe. No ano, a m\u00e9dia di\u00e1ria atingiu 15,3 mil boe, incluindo \u00f3leo e g\u00e1s.<\/p>\n\n\n\n<p>A Enauta informou, ainda, que a produ\u00e7\u00e3o no <strong>Campo de Atlanta<\/strong> foi retomada no final de junho, ap\u00f3s a conclus\u00e3o bem-sucedida da antecipa\u00e7\u00e3o de parada programada para manuten\u00e7\u00e3o preventiva do FPSO Petrojarl I, iniciada em 7 de maio de 2023.<\/p>\n\n\n\n<p>Ainda sobre a empresa, a Enauta informou que o Campo de Manati, localizado na Bahia, apresentou aumento de produ\u00e7\u00e3o no segundo trimestre, seguindo melhor balan\u00e7o de <a class=\"suno-keyword\" target=\"_blank\" data-force=\"no\" data-priority=\"1\" href=\"https:\/\/www.suno.com.br\/artigos\/oferta-demanda\/\" rel=\"noopener\">oferta e demanda<\/a>. No dia 1 de julho, o campo apresentou produ\u00e7\u00e3o superior a 2,4 milh\u00f5es de metros c\u00fabicos por dia, cerca de 20% superior \u00e0 m\u00e9dia do trimestre.<\/p>\n\n\n\n<p>Os destaques do mercado financeiro do Suno Not\u00edcias mostram os principais acontecimentos que prometem movimentar o mercado durante o dia, como a <strong>Vale<\/strong> (VALE3), que deve estar no foco dos investidores ao longo do dia.<\/p>\n\n\n\t<p>\n\t\t<a href=\"https:\/\/lp.suno.com.br\/plataforma-de-controle-de-investimentos\/\" target=\"_blank\" data-element=\"shortcode-suno-banner\" title=\"Banner SUNO, clique e saiba mais\">\n\t\t\t<picture>\n\t\t\t\t<source media=\"(max-width: 500px)\" srcset=\"https:\/\/files.sunoresearch.com.br\/n\/uploads\/2023\/03\/400x300-Controle-de-Investimentos.png\">\n\t\t\t\t<img class=\"newsContent__article__imgCapa newsContent__article__imgCapa--banner\"\n\t\t\t\t\tsrc=\"https:\/\/files.sunoresearch.com.br\/n\/uploads\/2023\/03\/1420x240-Controle-de-Investimentos.png\"\n\t\t\t\t\tdata-promo-id=\"383162\"\t\t\t\t\t\t\t\t\t\twidth='1420' height='240'\t\t\t\t\talt=\"https:\/\/files.sunoresearch.com.br\/n\/uploads\/2023\/03\/1420x240-Controle-de-Investimentos.png\"\n\t\t\t\t>\n\t\t\t<\/picture>\n\t\t<\/a>\n\t<\/p>\n\n\n","protected":false},"excerpt":{"rendered":"<p>A not\u00edcia de que a Vale (VALE3) recebeu autoriza\u00e7\u00e3o para operar a barragem Torto, em Minas Gerais, est\u00e1 entre os destaques do mercado financeiro desta segunda-feira (3). Mercado. Foto: iStock Tamb\u00e9m \u00e9 destaque do mercado financeiro a Petrobras (PETR4), que anunciou um novo contrato de compra e venda de g\u00e1s natural com a Coperg\u00e1s, assim [&hellip;]<\/p>\n","protected":false},"author":295,"featured_media":406479,"comment_status":"closed","ping_status":"closed","sticky":false,"template":"","format":"standard","meta":[],"categories":[60],"tags":[106605,405,86780,595,676],"suno_strategy":[],"class_list":["post-424251","post","type-post","status-publish","format-standard","has-post-thumbnail","hentry","category-mercado","tag-americanas-s-a-amer3","tag-carrefour-crfb3","tag-enauta-enat3","tag-petrobras-petr4","tag-vale-vale3"],"yoast_head":"<!-- This site is optimized with the Yoast SEO plugin v24.4 - https:\/\/yoast.com\/wordpress\/plugins\/seo\/ -->\n<title>Vale (VALE3), Petrobras (PETR4) e Americanas (AMER3): veja destaques<\/title>\n<meta name=\"description\" content=\"A not\u00edcia de que a Vale (VALE3) recebeu autoriza\u00e7\u00e3o para operar a barragem Torto, em Minas Gerais, est\u00e1 entre os destaques desta segunda-feira\" \/>\n<meta name=\"robots\" content=\"index, follow, max-snippet:-1, max-image-preview:large, max-video-preview:-1\" \/>\n<link rel=\"canonical\" href=\"https:\/\/www.suno.com.br\/noticias\/destaques-vale-petrobras-americanas-gpj\/\" \/>\n<meta property=\"og:locale\" content=\"pt_BR\" \/>\n<meta property=\"og:type\" content=\"article\" \/>\n<meta property=\"og:title\" content=\"Vale (VALE3), Petrobras (PETR4) e Americanas (AMER3): veja destaques\" \/>\n<meta property=\"og:description\" content=\"A not\u00edcia de que a Vale (VALE3) recebeu autoriza\u00e7\u00e3o para operar a barragem Torto, em Minas Gerais, est\u00e1 entre os destaques desta segunda-feira\" \/>\n<meta property=\"og:url\" content=\"https:\/\/www.suno.com.br\/noticias\/destaques-vale-petrobras-americanas-gpj\/\" \/>\n<meta property=\"og:site_name\" content=\"Suno Not\u00edcias\" \/>\n<meta property=\"article:publisher\" content=\"https:\/\/facebook.com\/sunoresearch\" \/>\n<meta property=\"og:image\" content=\"https:\/\/files.sunoresearch.com.br\/n\/uploads\/2023\/05\/pregao-bolsa-b3.jpg\" \/>\n\t<meta property=\"og:image:width\" content=\"1200\" \/>\n\t<meta property=\"og:image:height\" content=\"801\" \/>\n\t<meta property=\"og:image:type\" content=\"image\/jpeg\" \/>\n<meta name=\"author\" content=\"Giovanni Porf\u00edrio Jacomino\" \/>\n<meta name=\"twitter:card\" content=\"summary_large_image\" \/>\n<meta name=\"twitter:creator\" content=\"@sunoresearch\" \/>\n<meta name=\"twitter:site\" content=\"@sunoresearch\" \/>\n<meta name=\"twitter:label1\" content=\"Escrito por\" \/>\n\t<meta name=\"twitter:data1\" content=\"Giovanni Porf\u00edrio Jacomino\" \/>\n\t<meta name=\"twitter:label2\" content=\"Est. tempo de leitura\" \/>\n\t<meta name=\"twitter:data2\" content=\"5 minutos\" \/>\n<script type=\"application\/ld+json\" class=\"yoast-schema-graph\">{\"@context\":\"https:\/\/schema.org\",\"@graph\":[{\"@type\":\"NewsArticle\",\"@id\":\"https:\/\/www.suno.com.br\/noticias\/destaques-vale-petrobras-americanas-gpj\/#article\",\"isPartOf\":{\"@id\":\"https:\/\/www.suno.com.br\/noticias\/destaques-vale-petrobras-americanas-gpj\/\"},\"author\":{\"name\":\"Giovanni Porf\u00edrio Jacomino\",\"@id\":\"https:\/\/www.suno.com.br\/noticias\/#\/schema\/person\/217058341e4dbe1f68f3b898b09ca015\"},\"headline\":\"Vale (VALE3), Petrobras (PETR4) e Americanas (AMER3) est\u00e3o no radar do mercado financeiro; veja destaques\",\"datePublished\":\"2023-07-03T14:22:35+00:00\",\"dateModified\":\"2023-07-03T14:22:42+00:00\",\"mainEntityOfPage\":{\"@id\":\"https:\/\/www.suno.com.br\/noticias\/destaques-vale-petrobras-americanas-gpj\/\"},\"wordCount\":851,\"publisher\":{\"@id\":\"https:\/\/www.suno.com.br\/noticias\/#organization\"},\"image\":{\"@id\":\"https:\/\/www.suno.com.br\/noticias\/destaques-vale-petrobras-americanas-gpj\/#primaryimage\"},\"thumbnailUrl\":\"https:\/\/files.sunoresearch.com.br\/n\/uploads\/2023\/05\/pregao-bolsa-b3.jpg\",\"keywords\":[\"Americanas (AMER3)\",\"Carrefour (CRFB3)\",\"Enauta (ENAT3)\",\"Petrobras (PETR4)\",\"Vale (VALE3)\"],\"articleSection\":[\"Mercado\"],\"inLanguage\":\"pt-BR\"},{\"@type\":\"WebPage\",\"@id\":\"https:\/\/www.suno.com.br\/noticias\/destaques-vale-petrobras-americanas-gpj\/\",\"url\":\"https:\/\/www.suno.com.br\/noticias\/destaques-vale-petrobras-americanas-gpj\/\",\"name\":\"Vale (VALE3), Petrobras (PETR4) e Americanas (AMER3): veja destaques\",\"isPartOf\":{\"@id\":\"https:\/\/www.suno.com.br\/noticias\/#website\"},\"primaryImageOfPage\":{\"@id\":\"https:\/\/www.suno.com.br\/noticias\/destaques-vale-petrobras-americanas-gpj\/#primaryimage\"},\"image\":{\"@id\":\"https:\/\/www.suno.com.br\/noticias\/destaques-vale-petrobras-americanas-gpj\/#primaryimage\"},\"thumbnailUrl\":\"https:\/\/files.sunoresearch.com.br\/n\/uploads\/2023\/05\/pregao-bolsa-b3.jpg\",\"datePublished\":\"2023-07-03T14:22:35+00:00\",\"dateModified\":\"2023-07-03T14:22:42+00:00\",\"description\":\"A not\u00edcia de que a Vale (VALE3) recebeu autoriza\u00e7\u00e3o para operar a barragem Torto, em Minas Gerais, est\u00e1 entre os destaques desta segunda-feira\",\"breadcrumb\":{\"@id\":\"https:\/\/www.suno.com.br\/noticias\/destaques-vale-petrobras-americanas-gpj\/#breadcrumb\"},\"inLanguage\":\"pt-BR\",\"potentialAction\":[{\"@type\":\"ReadAction\",\"target\":[\"https:\/\/www.suno.com.br\/noticias\/destaques-vale-petrobras-americanas-gpj\/\"]}]},{\"@type\":\"ImageObject\",\"inLanguage\":\"pt-BR\",\"@id\":\"https:\/\/www.suno.com.br\/noticias\/destaques-vale-petrobras-americanas-gpj\/#primaryimage\",\"url\":\"https:\/\/files.sunoresearch.com.br\/n\/uploads\/2023\/05\/pregao-bolsa-b3.jpg\",\"contentUrl\":\"https:\/\/files.sunoresearch.com.br\/n\/uploads\/2023\/05\/pregao-bolsa-b3.jpg\",\"width\":1200,\"height\":801,\"caption\":\"Mercado. Foto: iStock\"},{\"@type\":\"BreadcrumbList\",\"@id\":\"https:\/\/www.suno.com.br\/noticias\/destaques-vale-petrobras-americanas-gpj\/#breadcrumb\",\"itemListElement\":[{\"@type\":\"ListItem\",\"position\":1,\"name\":\"Not\u00edcias\",\"item\":\"https:\/\/www.suno.com.br\/noticias\/\"},{\"@type\":\"ListItem\",\"position\":2,\"name\":\"Mercado\",\"item\":\"https:\/\/www.suno.com.br\/noticias\/mercado\/\"},{\"@type\":\"ListItem\",\"position\":3,\"name\":\"Vale (VALE3), Petrobras (PETR4) e Americanas (AMER3) est\u00e3o no radar do mercado financeiro; veja destaques\"}]},{\"@type\":\"WebSite\",\"@id\":\"https:\/\/www.suno.com.br\/noticias\/#website\",\"url\":\"https:\/\/www.suno.com.br\/noticias\/\",\"name\":\"Suno Not\u00edcias\",\"description\":\"Seu portal de informa\u00e7\u00e3o sobre o mundo dos investimentos\",\"publisher\":{\"@id\":\"https:\/\/www.suno.com.br\/noticias\/#organization\"},\"potentialAction\":[{\"@type\":\"SearchAction\",\"target\":{\"@type\":\"EntryPoint\",\"urlTemplate\":\"https:\/\/www.suno.com.br\/noticias\/?s={search_term_string}\"},\"query-input\":{\"@type\":\"PropertyValueSpecification\",\"valueRequired\":true,\"valueName\":\"search_term_string\"}}],\"inLanguage\":\"pt-BR\"},{\"@type\":\"Organization\",\"@id\":\"https:\/\/www.suno.com.br\/noticias\/#organization\",\"name\":\"Suno Not\u00edcias\",\"url\":\"https:\/\/www.suno.com.br\/noticias\/\",\"logo\":{\"@type\":\"ImageObject\",\"inLanguage\":\"pt-BR\",\"@id\":\"https:\/\/www.suno.com.br\/noticias\/#\/schema\/logo\/image\/\",\"url\":\"https:\/\/files.sunoresearch.com.br\/n\/uploads\/2021\/09\/suno-logo.png\",\"contentUrl\":\"https:\/\/files.sunoresearch.com.br\/n\/uploads\/2021\/09\/suno-logo.png\",\"width\":180,\"height\":180,\"caption\":\"Suno Not\u00edcias\"},\"image\":{\"@id\":\"https:\/\/www.suno.com.br\/noticias\/#\/schema\/logo\/image\/\"},\"sameAs\":[\"https:\/\/facebook.com\/sunoresearch\",\"https:\/\/x.com\/sunoresearch\",\"https:\/\/www.instagram.com\/suno\",\"https:\/\/www.linkedin.com\/company\/suno-research\/\",\"https:\/\/www.youtube.com\/c\/sunoresearch\"]},{\"@type\":\"Person\",\"@id\":\"https:\/\/www.suno.com.br\/noticias\/#\/schema\/person\/217058341e4dbe1f68f3b898b09ca015\",\"name\":\"Giovanni Porf\u00edrio Jacomino\",\"image\":{\"@type\":\"ImageObject\",\"inLanguage\":\"pt-BR\",\"@id\":\"https:\/\/www.suno.com.br\/noticias\/#\/schema\/person\/image\/\",\"url\":\"https:\/\/secure.gravatar.com\/avatar\/bc678fc5559a55f79ada398443281309?s=96&r=g\",\"contentUrl\":\"https:\/\/secure.gravatar.com\/avatar\/bc678fc5559a55f79ada398443281309?s=96&r=g\",\"caption\":\"Giovanni Porf\u00edrio Jacomino\"},\"description\":\"Giovanni Porf\u00edrio Jacomino \u00e9 jornalista formado pela Universidade Estadual de Londrina (UEL) e p\u00f3s-graduado em Produ\u00e7\u00e3o e Pr\u00e1ticas Jornal\u00edsticas na Contemporaneidade na Faculdade C\u00e1sper L\u00edbero (FCL). Foi editor web no Startupi e no Finsiders, atuando ainda como editor no TC Mover, portal de not\u00edcias da TradersClub, fazendo a cobertura de assuntos relacionados ao mercado financeiro interno e externo. Atualmente, \u00e9 Rep\u00f3rter do Suno Not\u00edcias.\",\"url\":\"https:\/\/www.suno.com.br\/noticias\/author\/giovanniporfirio01gmail-com\/\"}]}<\/script>\n<!-- \/ Yoast SEO plugin. -->","yoast_head_json":{"title":"Vale (VALE3), Petrobras (PETR4) e Americanas (AMER3): veja destaques","description":"A not\u00edcia de que a Vale (VALE3) recebeu autoriza\u00e7\u00e3o para operar a barragem Torto, em Minas Gerais, est\u00e1 entre os destaques desta segunda-feira","robots":{"index":"index","follow":"follow","max-snippet":"max-snippet:-1","max-image-preview":"max-image-preview:large","max-video-preview":"max-video-preview:-1"},"canonical":"https:\/\/www.suno.com.br\/noticias\/destaques-vale-petrobras-americanas-gpj\/","og_locale":"pt_BR","og_type":"article","og_title":"Vale (VALE3), Petrobras (PETR4) e Americanas (AMER3): veja destaques","og_description":"A not\u00edcia de que a Vale (VALE3) recebeu autoriza\u00e7\u00e3o para operar a barragem Torto, em Minas Gerais, est\u00e1 entre os destaques desta segunda-feira","og_url":"https:\/\/www.suno.com.br\/noticias\/destaques-vale-petrobras-americanas-gpj\/","og_site_name":"Suno Not\u00edcias","article_publisher":"https:\/\/facebook.com\/sunoresearch","og_image":[{"width":1200,"height":801,"url":"https:\/\/files.sunoresearch.com.br\/n\/uploads\/2023\/05\/pregao-bolsa-b3.jpg","type":"image\/jpeg"}],"author":"Giovanni Porf\u00edrio Jacomino","twitter_card":"summary_large_image","twitter_creator":"@sunoresearch","twitter_site":"@sunoresearch","twitter_misc":{"Escrito por":"Giovanni Porf\u00edrio Jacomino","Est. tempo de leitura":"5 minutos"},"schema":{"@context":"https:\/\/schema.org","@graph":[{"@type":"NewsArticle","@id":"https:\/\/www.suno.com.br\/noticias\/destaques-vale-petrobras-americanas-gpj\/#article","isPartOf":{"@id":"https:\/\/www.suno.com.br\/noticias\/destaques-vale-petrobras-americanas-gpj\/"},"author":{"name":"Giovanni Porf\u00edrio Jacomino","@id":"https:\/\/www.suno.com.br\/noticias\/#\/schema\/person\/217058341e4dbe1f68f3b898b09ca015"},"headline":"Vale (VALE3), Petrobras (PETR4) e Americanas (AMER3) est\u00e3o no radar do mercado financeiro; veja destaques","datePublished":"2023-07-03T14:22:35+00:00","dateModified":"2023-07-03T14:22:42+00:00","mainEntityOfPage":{"@id":"https:\/\/www.suno.com.br\/noticias\/destaques-vale-petrobras-americanas-gpj\/"},"wordCount":851,"publisher":{"@id":"https:\/\/www.suno.com.br\/noticias\/#organization"},"image":{"@id":"https:\/\/www.suno.com.br\/noticias\/destaques-vale-petrobras-americanas-gpj\/#primaryimage"},"thumbnailUrl":"https:\/\/files.sunoresearch.com.br\/n\/uploads\/2023\/05\/pregao-bolsa-b3.jpg","keywords":["Americanas (AMER3)","Carrefour (CRFB3)","Enauta (ENAT3)","Petrobras (PETR4)","Vale (VALE3)"],"articleSection":["Mercado"],"inLanguage":"pt-BR"},{"@type":"WebPage","@id":"https:\/\/www.suno.com.br\/noticias\/destaques-vale-petrobras-americanas-gpj\/","url":"https:\/\/www.suno.com.br\/noticias\/destaques-vale-petrobras-americanas-gpj\/","name":"Vale (VALE3), Petrobras (PETR4) e Americanas (AMER3): veja destaques","isPartOf":{"@id":"https:\/\/www.suno.com.br\/noticias\/#website"},"primaryImageOfPage":{"@id":"https:\/\/www.suno.com.br\/noticias\/destaques-vale-petrobras-americanas-gpj\/#primaryimage"},"image":{"@id":"https:\/\/www.suno.com.br\/noticias\/destaques-vale-petrobras-americanas-gpj\/#primaryimage"},"thumbnailUrl":"https:\/\/files.sunoresearch.com.br\/n\/uploads\/2023\/05\/pregao-bolsa-b3.jpg","datePublished":"2023-07-03T14:22:35+00:00","dateModified":"2023-07-03T14:22:42+00:00","description":"A not\u00edcia de que a Vale (VALE3) recebeu autoriza\u00e7\u00e3o para operar a barragem Torto, em Minas Gerais, est\u00e1 entre os destaques desta segunda-feira","breadcrumb":{"@id":"https:\/\/www.suno.com.br\/noticias\/destaques-vale-petrobras-americanas-gpj\/#breadcrumb"},"inLanguage":"pt-BR","potentialAction":[{"@type":"ReadAction","target":["https:\/\/www.suno.com.br\/noticias\/destaques-vale-petrobras-americanas-gpj\/"]}]},{"@type":"ImageObject","inLanguage":"pt-BR","@id":"https:\/\/www.suno.com.br\/noticias\/destaques-vale-petrobras-americanas-gpj\/#primaryimage","url":"https:\/\/files.sunoresearch.com.br\/n\/uploads\/2023\/05\/pregao-bolsa-b3.jpg","contentUrl":"https:\/\/files.sunoresearch.com.br\/n\/uploads\/2023\/05\/pregao-bolsa-b3.jpg","width":1200,"height":801,"caption":"Mercado. Foto: iStock"},{"@type":"BreadcrumbList","@id":"https:\/\/www.suno.com.br\/noticias\/destaques-vale-petrobras-americanas-gpj\/#breadcrumb","itemListElement":[{"@type":"ListItem","position":1,"name":"Not\u00edcias","item":"https:\/\/www.suno.com.br\/noticias\/"},{"@type":"ListItem","position":2,"name":"Mercado","item":"https:\/\/www.suno.com.br\/noticias\/mercado\/"},{"@type":"ListItem","position":3,"name":"Vale (VALE3), Petrobras (PETR4) e Americanas (AMER3) est\u00e3o no radar do mercado financeiro; veja destaques"}]},{"@type":"WebSite","@id":"https:\/\/www.suno.com.br\/noticias\/#website","url":"https:\/\/www.suno.com.br\/noticias\/","name":"Suno Not\u00edcias","description":"Seu portal de informa\u00e7\u00e3o sobre o mundo dos investimentos","publisher":{"@id":"https:\/\/www.suno.com.br\/noticias\/#organization"},"potentialAction":[{"@type":"SearchAction","target":{"@type":"EntryPoint","urlTemplate":"https:\/\/www.suno.com.br\/noticias\/?s={search_term_string}"},"query-input":{"@type":"PropertyValueSpecification","valueRequired":true,"valueName":"search_term_string"}}],"inLanguage":"pt-BR"},{"@type":"Organization","@id":"https:\/\/www.suno.com.br\/noticias\/#organization","name":"Suno Not\u00edcias","url":"https:\/\/www.suno.com.br\/noticias\/","logo":{"@type":"ImageObject","inLanguage":"pt-BR","@id":"https:\/\/www.suno.com.br\/noticias\/#\/schema\/logo\/image\/","url":"https:\/\/files.sunoresearch.com.br\/n\/uploads\/2021\/09\/suno-logo.png","contentUrl":"https:\/\/files.sunoresearch.com.br\/n\/uploads\/2021\/09\/suno-logo.png","width":180,"height":180,"caption":"Suno Not\u00edcias"},"image":{"@id":"https:\/\/www.suno.com.br\/noticias\/#\/schema\/logo\/image\/"},"sameAs":["https:\/\/facebook.com\/sunoresearch","https:\/\/x.com\/sunoresearch","https:\/\/www.instagram.com\/suno","https:\/\/www.linkedin.com\/company\/suno-research\/","https:\/\/www.youtube.com\/c\/sunoresearch"]},{"@type":"Person","@id":"https:\/\/www.suno.com.br\/noticias\/#\/schema\/person\/217058341e4dbe1f68f3b898b09ca015","name":"Giovanni Porf\u00edrio Jacomino","image":{"@type":"ImageObject","inLanguage":"pt-BR","@id":"https:\/\/www.suno.com.br\/noticias\/#\/schema\/person\/image\/","url":"https:\/\/secure.gravatar.com\/avatar\/bc678fc5559a55f79ada398443281309?s=96&r=g","contentUrl":"https:\/\/secure.gravatar.com\/avatar\/bc678fc5559a55f79ada398443281309?s=96&r=g","caption":"Giovanni Porf\u00edrio Jacomino"},"description":"Giovanni Porf\u00edrio Jacomino \u00e9 jornalista formado pela Universidade Estadual de Londrina (UEL) e p\u00f3s-graduado em Produ\u00e7\u00e3o e Pr\u00e1ticas Jornal\u00edsticas na Contemporaneidade na Faculdade C\u00e1sper L\u00edbero (FCL). Foi editor web no Startupi e no Finsiders, atuando ainda como editor no TC Mover, portal de not\u00edcias da TradersClub, fazendo a cobertura de assuntos relacionados ao mercado financeiro interno e externo. Atualmente, \u00e9 Rep\u00f3rter do Suno Not\u00edcias.","url":"https:\/\/www.suno.com.br\/noticias\/author\/giovanniporfirio01gmail-com\/"}]}},"default_loop_html":"<div class=\"cardsPage__listCard__boxs\"><div class=\"cardsPage__listCard__boxs__img\"><a href=\"https:\/\/www.suno.com.br\/noticias\/destaques-vale-petrobras-americanas-gpj\/\"><img class=\"mask\" src=\"https:\/\/www.suno.com.br\/noticias\/wp-content\/themes\/suno\/resources\/images\/spotlight\/spotlight1img\/bg-mask.png\" alt=\"Image Mask\"\/><img src=\"https:\/\/files.sunoresearch.com.br\/n\/uploads\/2023\/05\/pregao-bolsa-b3-400x200.jpg\" alt=\"Vale (VALE3), Petrobras (PETR4) e Americanas (AMER3) est\u00e3o no radar do mercado financeiro; veja destaques\"\/><\/a><span class=\"spotlightCategory\"><a href=\"https:\/\/www.suno.com.br\/noticias\/mercado\/\">Mercado<\/a><\/span><\/div><div class=\"cardsPage__listCard__boxs__content\"><a href=\"https:\/\/www.suno.com.br\/noticias\/destaques-vale-petrobras-americanas-gpj\/\"><h2 class=\"content__title\">Vale (VALE3), Petrobras (PETR4) e Americanas (AMER3) est\u00e3o no radar do mercado financeiro; veja destaques<\/h2><\/a><div class=\"newsContent__article__meta\"><div class=\"newsContent__article__meta__authorBox\"><a href=\"https:\/\/www.suno.com.br\/noticias\/author\/marco-lopes\/\" class=\"authorBox__avatar noMobi\"><img src=\"https:\/\/secure.gravatar.com\/avatar\/385167b012fbc1cde32c5446ee253313?s=96&#038;r=g\" alt=\"Marco Ant\u00f4nio Lopes\"><\/a><div class=\"authorBox__name\"><span>por\n\t\t\t<a href=\"https:\/\/www.suno.com.br\/noticias\/author\/marco-lopes\/\"><span itemprop=\"author\">Marco Ant\u00f4nio Lopes<\/span><\/a><\/span><time datetime=\"2023-07-03T11:22:35-03:00\" itemprop=\"datePublished\">03\/07\/2023 11:22<\/time><\/div><\/div><\/div><\/div><\/div>","single_layout":"posts","amp_enabled":true,"_links":{"self":[{"href":"https:\/\/www.suno.com.br\/noticias\/wp-json\/wp\/v2\/posts\/424251"}],"collection":[{"href":"https:\/\/www.suno.com.br\/noticias\/wp-json\/wp\/v2\/posts"}],"about":[{"href":"https:\/\/www.suno.com.br\/noticias\/wp-json\/wp\/v2\/types\/post"}],"author":[{"embeddable":true,"href":"https:\/\/www.suno.com.br\/noticias\/wp-json\/wp\/v2\/users\/295"}],"replies":[{"embeddable":true,"href":"https:\/\/www.suno.com.br\/noticias\/wp-json\/wp\/v2\/comments?post=424251"}],"version-history":[{"count":3,"href":"https:\/\/www.suno.com.br\/noticias\/wp-json\/wp\/v2\/posts\/424251\/revisions"}],"predecessor-version":[{"id":424281,"href":"https:\/\/www.suno.com.br\/noticias\/wp-json\/wp\/v2\/posts\/424251\/revisions\/424281"}],"wp:featuredmedia":[{"embeddable":true,"href":"https:\/\/www.suno.com.br\/noticias\/wp-json\/wp\/v2\/media\/406479"}],"wp:attachment":[{"href":"https:\/\/www.suno.com.br\/noticias\/wp-json\/wp\/v2\/media?parent=424251"}],"wp:term":[{"taxonomy":"category","embeddable":true,"href":"https:\/\/www.suno.com.br\/noticias\/wp-json\/wp\/v2\/categories?post=424251"},{"taxonomy":"post_tag","embeddable":true,"href":"https:\/\/www.suno.com.br\/noticias\/wp-json\/wp\/v2\/tags?post=424251"},{"taxonomy":"suno_strategy","embeddable":true,"href":"https:\/\/www.suno.com.br\/noticias\/wp-json\/wp\/v2\/suno_strategy?post=424251"}],"curies":[{"name":"wp","href":"https:\/\/api.w.org\/{rel}","templated":true}]}}