{"id":42425,"date":"2019-10-25T12:27:37","date_gmt":"2019-10-25T14:27:37","guid":{"rendered":"https:\/\/www.suno.com.br\/noticias\/?p=42425"},"modified":"2019-10-25T18:12:05","modified_gmt":"2019-10-25T20:12:05","slug":"ambev-lidera-as-baixas-da-b3-apos-divulgacao-do-balanco-trimestral-petrobras-sobe","status":"publish","type":"post","link":"https:\/\/www.suno.com.br\/noticias\/ambev-lidera-as-baixas-da-b3-apos-divulgacao-do-balanco-trimestral-petrobras-sobe\/","title":{"rendered":"Ambev lidera as baixas da B3 ap\u00f3s divulga\u00e7\u00e3o do balan\u00e7o trimestral; Petrobras sobe"},"content":{"rendered":"<p>Ap\u00f3s a divulga\u00e7\u00e3o de seu resultado trimestral, na manh\u00e3 desta sexta-feira (25), a Ambev (<strong>ABEV3<\/strong>) lidera as baixas na <a href=\"https:\/\/www.suno.com.br\/artigos\/b3\/\">B3<\/a>.<\/p>\t<div class=\"wrapper-featured-image\">\n\t\t<figure class=\"spotlightImg\">\n\n\t\t\t<picture>\n\t\t\t\t<source media=\"(max-width: 768px)\" srcset=\"https:\/\/files.sunoresearch.com.br\/n\/uploads\/2019\/10\/ca0d3c9d-ambev-400x200.webp\">\n\t\t\t\t<img loading=\"lazy\" decoding=\"async\" class=\"newsContent__article__imgCapa lazyloadDisabled newsContent__article__imgCapa--noCaption\" src=\"https:\/\/files.sunoresearch.com.br\/n\/uploads\/2019\/10\/ca0d3c9d-ambev-800x450.webp\" width=\"800\" height=\"450\" alt=\"Ambev lidera as baixas da B3 ap\u00f3s divulga\u00e7\u00e3o do balan\u00e7o trimestral; Petrobras sobe\" fetchpriority=high \/>\n\t\t\t<\/picture>\n\n\t\t\t<figcaption class=\"wp-caption-text wp-caption-text--hide\">A Ambev (ABEV3) abriu a semana em forte alta. Por volta das 10h55 desta segunda-feira, os pap\u00e9is da companhia avan\u00e7avam 2,56%.<\/figcaption>\n\t\t<\/figure>\n\t<\/div>\n\n\n\n<p>Pr\u00f3ximo das 10h48 desta sexta, as <a href=\"https:\/\/www.suno.com.br\/artigos\/tipos-de-acoes\/\">a\u00e7\u00f5es ordin\u00e1rias<\/a> da <strong>Ambev<\/strong> estavam desvalorizando cerca de 5,99%. A fabricante de bebidas registrou queda de 9,7% no <a href=\"https:\/\/www.suno.com.br\/artigos\/lucro-liquido\/\">lucro l\u00edquido<\/a> em compara\u00e7\u00e3o ao mesmo per\u00edodo de 2018.<\/p>\n<p>As despesas financeiras da companhia tiveram queda de 53,7% no trimestre compreendido entre julho e setembro, entretanto os gastos gerais aumentaram 6,8%.<\/p>\n<p><a href=\"https:\/\/www.suno.com.br\/noticias\/ca-bmg-precificam-acoes-no-menor-preco\/\">Confira: C&amp;A e BMG precificam a\u00e7\u00f5es no menor pre\u00e7o para os IPOs<\/a><\/p>\n<p>O custo total de produtos chegou a R$ 5,23 bilh\u00f5es, um avan\u00e7o de 19,8% em compara\u00e7\u00e3o ao terceiro trimestre do ano passado. O valor foi influenciado, principalmente, por press\u00f5es inflacion\u00e1rias na Argentina, taxa de c\u00e2mbio e pre\u00e7os mais altos de <a href=\"https:\/\/www.suno.com.br\/artigos\/o-que-commodities\/\">commodities<\/a>.<\/p>\n<h2>Petrobras sobe na B3 ap\u00f3s divulga\u00e7\u00e3o de lucro l\u00edquido<\/h2>\n<p>A <strong>Petrobras<\/strong> (PETR3; PETR4) encerrou o terceiro trimestre de 2019 com R$ 9,087 bilh\u00f5es de <a href=\"https:\/\/www.suno.com.br\/artigos\/lucro-liquido\/\">lucro l\u00edquido<\/a>. O montante representa uma alta de 36,8% em rela\u00e7\u00e3o ao mesmo per\u00edodo do ano passado.<\/p>\n<p>Por volta das 10h50, as a\u00e7\u00f5es preferenciais da Petrobras estavam subindo 4,03% na <strong>B3<\/strong>.<\/p>\n\t<p>\n\t\t<a href=\"https:\/\/lp.suno.com.br\/ebook-como-analisar-uma-acao\/\" target=\"_blank\" data-element=\"shortcode-suno-banner\" title=\"Banner SUNO, clique e saiba mais\">\n\t\t\t<picture>\n\t\t\t\t<source media=\"(max-width: 500px)\" srcset=\"https:\/\/files.sunoresearch.com.br\/n\/uploads\/2023\/03\/Ebook-Acoes-Mobile-1.jpg\">\n\t\t\t\t<img class=\"newsContent__article__imgCapa newsContent__article__imgCapa--banner\"\n\t\t\t\t\tsrc=\"https:\/\/files.sunoresearch.com.br\/n\/uploads\/2023\/03\/Ebook-Acoes-Desktop-1.jpg\"\n\t\t\t\t\tdata-promo-id=\"171998\"\t\t\t\t\t\t\t\t\t\twidth='1420' height='286'\t\t\t\t\talt=\"https:\/\/files.sunoresearch.com.br\/n\/uploads\/2023\/03\/Ebook-Acoes-Desktop-1.jpg\"\n\t\t\t\t>\n\t\t\t<\/picture>\n\t\t<\/a>\n\t<\/p>\n\n\n<p>O resultado da estatal foi influenciado pelo aumento da produ\u00e7\u00e3o em suas atividades e pela conclus\u00e3o do <a href=\"https:\/\/www.suno.com.br\/artigos\/follow-on\/\">follow-on<\/a> das a\u00e7\u00f5es da <strong>BR Distribuidora<\/strong>.<\/p>\n<p>Dessa forma, a petroleira anunciou que ir\u00e1 distribuir, na forma de <a href=\"https:\/\/www.suno.com.br\/artigos\/entenda-o-jcp\/\">juros sobre o capital pr\u00f3prio (JCP)<\/a> o valor de <a href=\"https:\/\/www.suno.com.br\/noticias\/petrobras-juros-sobre-capital-proprio-2-6-bilhoes\/\">R$ 2,6 bilh\u00f5es aos seus acionistas.<\/a><\/p>\n<p>A <a href=\"https:\/\/www.suno.com.br\/artigos\/divida-bruta\/\">d\u00edvida bruta<\/a> da empresa retraiu 11%. Ao fim do segundo trimestre deste ano, era de US$ 101 bilh\u00f5es, chegando agora a US$ 89,9 bilh\u00f5es, com os efeitos do <a href=\"https:\/\/www.suno.com.br\/artigos\/ifrs\/\">IFRS16<\/a>. Utilizando o mesmo par\u00e2metro comparativo, a <a href=\"https:\/\/www.suno.com.br\/artigos\/divida-liquida\/\">d\u00edvida l\u00edquida<\/a> passou de US$ 83,7 bilh\u00f5es para US$ 75,4 bilh\u00f5es, caindo 10%.<\/p>\n<p><a href=\"https:\/\/www.suno.com.br\/noticias\/arezzo-tem-compra-da-vans-aprovada-pelo-cade\/\">Saiba mais: Arezzo tem compra da Vans aprovada pelo Cade<\/a><\/p>\n<p>Segundo <a href=\"https:\/\/www.suno.com.br\/autor\/rodrigo-wainberg\/\"><strong>Rodrigo Wainberg<\/strong><\/a>, analista de renda vari\u00e1vel da <a href=\"https:\/\/www.suno.com.br\/\"><strong>Suno Research<\/strong><\/a>, o resultado da Petrobras tamb\u00e9m tem influ\u00eancia de efeitos n\u00e3o recorrentes, como a venda das a\u00e7\u00f5es da TAG distribuidora e da BR Distribuidora.<\/p>\n<p>&#8220;Isso est\u00e1 de acordo com a estrat\u00e9gia da companhia, que \u00e9 o desinvestimentos em setores que n\u00e3o sejam de explora\u00e7\u00e3o e produ\u00e7\u00e3o em \u00e1guas profundas, como o pr\u00e9-sal&#8221;, afirmou o analista.<\/p>\n<h2>Vale reverte preju\u00edzo e volta a lucrar<\/h2>\n<p>A <strong>Vale<\/strong> (VALE3) registrou um lucro l\u00edquido de R$ 6,461 bilh\u00f5es no terceiro trimestre deste ano. O resultado reverteu o preju\u00edzo de R$ 519 milh\u00f5es dos tr\u00eas meses anteriores. Em rela\u00e7\u00e3o ao mesmo per\u00edodo de 2018, a alta no lucro foi de 17,47%.<\/p>\n<p>A <strong>mineradora<\/strong> atribuiu a revers\u00e3o de preju\u00edzo para lucro ao efeito da contabiliza\u00e7\u00e3o das despesas com Brumadinho no segundo trimestre, al\u00e9m de medidas preventivas tomadas em outras barragens. Por volta das 11h10 desta sexta, as a\u00e7\u00f5es da Vale estavam subindo 2,42% na bolsa paulista.<\/p>\n<p><a href=\"https:\/\/www.suno.com.br\/noticias\/banco-central-divulga-estatisticas-monetarias\/\">Confira: Banco Central divulga estat\u00edsticas monet\u00e1rias e de cr\u00e9dito do 3\u00b0 trimestre<\/a><\/p>\n<p>&#8220;O aumento foi devido, principalmente, \u00e0s provis\u00f5es no valor de US$ 1,9 bilh\u00e3o relacionadas \u00e0 ruptura da barragem de Brumadinho, \u00e0 descaracteriza\u00e7\u00e3o da barragem de Germano e \u00e0 Funda\u00e7\u00e3o Renova, todas reconhecidas no 2T19&#8221; informou a mineradora no relat\u00f3rio que acompanhou a divulga\u00e7\u00e3o de seus resultados.<\/p>\n<p>J\u00e1 a <strong>Usiminas<\/strong> (USIM5), mesmo reportando um <a href=\"https:\/\/www.suno.com.br\/noticias\/usiminas-reporta-prejuizo-183-milhoes-no-terceiro-trimestre\/\">preju\u00edzo de R$ 183,9 milh\u00f5es<\/a> atribu\u00eddo aos acionistas no \u00faltimo trimestre, \u00e0s 11h06, estava subindo 2,34%, sendo negociada por R$ 7,42 na <strong>B3<\/strong>.<\/p>\n","protected":false},"excerpt":{"rendered":"<p>Ap\u00f3s a divulga\u00e7\u00e3o de seu resultado trimestral, na manh\u00e3 desta sexta-feira (25), a Ambev (ABEV3) lidera as baixas na B3. A Ambev (ABEV3) abriu a semana em forte alta. Por volta das 10h55 desta segunda-feira, os pap\u00e9is da companhia avan\u00e7avam 2,56%. Pr\u00f3ximo das 10h48 desta sexta, as a\u00e7\u00f5es ordin\u00e1rias da Ambev estavam desvalorizando cerca de [&hellip;]<\/p>\n","protected":false},"author":24,"featured_media":42432,"comment_status":"closed","ping_status":"closed","sticky":false,"template":"","format":"standard","meta":[],"categories":[60],"tags":[359,1937,595,676],"suno_strategy":[],"class_list":["post-42425","post","type-post","status-publish","format-standard","has-post-thumbnail","hentry","category-mercado","tag-ambev-abev3","tag-bolsa-de-valores-de-sao-paulo-b3","tag-petrobras-petr4","tag-vale-vale3"],"yoast_head":"<!-- This site is optimized with the Yoast SEO plugin v24.4 - https:\/\/yoast.com\/wordpress\/plugins\/seo\/ -->\n<title>Ambev lidera as baixas da B3 ap\u00f3s divulga\u00e7\u00e3o do balan\u00e7o trimestral<\/title>\n<meta name=\"description\" content=\"Ap\u00f3s a divulga\u00e7\u00e3o de seu resultado trimestral, na manh\u00e3 desta sexta, a Ambev lidera as baixas na B3.\u00a0Clique aqui e saiba mais.\" \/>\n<meta name=\"robots\" content=\"index, follow, max-snippet:-1, max-image-preview:large, max-video-preview:-1\" \/>\n<link rel=\"canonical\" href=\"https:\/\/www.suno.com.br\/noticias\/ambev-lidera-as-baixas-da-b3-apos-divulgacao-do-balanco-trimestral-petrobras-sobe\/\" \/>\n<meta property=\"og:locale\" content=\"pt_BR\" \/>\n<meta property=\"og:type\" content=\"article\" \/>\n<meta property=\"og:title\" content=\"Ambev lidera as baixas da B3 ap\u00f3s divulga\u00e7\u00e3o do balan\u00e7o trimestral\" \/>\n<meta property=\"og:description\" content=\"Ap\u00f3s a divulga\u00e7\u00e3o de seu resultado trimestral, na manh\u00e3 desta sexta, a Ambev lidera as baixas na B3.\u00a0Clique aqui e saiba mais.\" \/>\n<meta property=\"og:url\" content=\"https:\/\/www.suno.com.br\/noticias\/ambev-lidera-as-baixas-da-b3-apos-divulgacao-do-balanco-trimestral-petrobras-sobe\/\" \/>\n<meta property=\"og:site_name\" content=\"Suno Not\u00edcias\" \/>\n<meta property=\"article:publisher\" content=\"https:\/\/facebook.com\/sunoresearch\" \/>\n<meta property=\"og:image\" content=\"https:\/\/files.sunoresearch.com.br\/n\/uploads\/2019\/10\/ca0d3c9d-ambev.jpg\" \/>\n\t<meta property=\"og:image:width\" content=\"1920\" \/>\n\t<meta property=\"og:image:height\" content=\"1080\" \/>\n\t<meta property=\"og:image:type\" content=\"image\/jpeg\" \/>\n<meta name=\"author\" content=\"Jader Lazarini\" \/>\n<meta name=\"twitter:card\" content=\"summary_large_image\" \/>\n<meta name=\"twitter:creator\" content=\"@sunoresearch\" \/>\n<meta name=\"twitter:site\" content=\"@sunoresearch\" \/>\n<meta name=\"twitter:label1\" content=\"Escrito por\" \/>\n\t<meta name=\"twitter:data1\" content=\"Jader Lazarini\" \/>\n\t<meta name=\"twitter:label2\" content=\"Est. tempo de leitura\" \/>\n\t<meta name=\"twitter:data2\" content=\"3 minutos\" \/>\n<script type=\"application\/ld+json\" class=\"yoast-schema-graph\">{\"@context\":\"https:\/\/schema.org\",\"@graph\":[{\"@type\":\"NewsArticle\",\"@id\":\"https:\/\/www.suno.com.br\/noticias\/ambev-lidera-as-baixas-da-b3-apos-divulgacao-do-balanco-trimestral-petrobras-sobe\/#article\",\"isPartOf\":{\"@id\":\"https:\/\/www.suno.com.br\/noticias\/ambev-lidera-as-baixas-da-b3-apos-divulgacao-do-balanco-trimestral-petrobras-sobe\/\"},\"author\":{\"name\":\"Jader Lazarini\",\"@id\":\"https:\/\/www.suno.com.br\/noticias\/#\/schema\/person\/918d79de1f0281f01599b93f9ea6e23f\"},\"headline\":\"Ambev lidera as baixas da B3 ap\u00f3s divulga\u00e7\u00e3o do balan\u00e7o trimestral; Petrobras sobe\",\"datePublished\":\"2019-10-25T14:27:37+00:00\",\"dateModified\":\"2019-10-25T20:12:05+00:00\",\"mainEntityOfPage\":{\"@id\":\"https:\/\/www.suno.com.br\/noticias\/ambev-lidera-as-baixas-da-b3-apos-divulgacao-do-balanco-trimestral-petrobras-sobe\/\"},\"wordCount\":600,\"publisher\":{\"@id\":\"https:\/\/www.suno.com.br\/noticias\/#organization\"},\"image\":{\"@id\":\"https:\/\/www.suno.com.br\/noticias\/ambev-lidera-as-baixas-da-b3-apos-divulgacao-do-balanco-trimestral-petrobras-sobe\/#primaryimage\"},\"thumbnailUrl\":\"https:\/\/files.sunoresearch.com.br\/n\/uploads\/2019\/10\/ca0d3c9d-ambev-jpg.webp\",\"keywords\":[\"AMBEV (ABEV3)\",\"Bolsa de Valores de S\u00e3o Paulo (B3)\",\"Petrobras (PETR4)\",\"Vale (VALE3)\"],\"articleSection\":[\"Mercado\"],\"inLanguage\":\"pt-BR\"},{\"@type\":\"WebPage\",\"@id\":\"https:\/\/www.suno.com.br\/noticias\/ambev-lidera-as-baixas-da-b3-apos-divulgacao-do-balanco-trimestral-petrobras-sobe\/\",\"url\":\"https:\/\/www.suno.com.br\/noticias\/ambev-lidera-as-baixas-da-b3-apos-divulgacao-do-balanco-trimestral-petrobras-sobe\/\",\"name\":\"Ambev lidera as baixas da B3 ap\u00f3s divulga\u00e7\u00e3o do balan\u00e7o trimestral\",\"isPartOf\":{\"@id\":\"https:\/\/www.suno.com.br\/noticias\/#website\"},\"primaryImageOfPage\":{\"@id\":\"https:\/\/www.suno.com.br\/noticias\/ambev-lidera-as-baixas-da-b3-apos-divulgacao-do-balanco-trimestral-petrobras-sobe\/#primaryimage\"},\"image\":{\"@id\":\"https:\/\/www.suno.com.br\/noticias\/ambev-lidera-as-baixas-da-b3-apos-divulgacao-do-balanco-trimestral-petrobras-sobe\/#primaryimage\"},\"thumbnailUrl\":\"https:\/\/files.sunoresearch.com.br\/n\/uploads\/2019\/10\/ca0d3c9d-ambev-jpg.webp\",\"datePublished\":\"2019-10-25T14:27:37+00:00\",\"dateModified\":\"2019-10-25T20:12:05+00:00\",\"description\":\"Ap\u00f3s a divulga\u00e7\u00e3o de seu resultado trimestral, na manh\u00e3 desta sexta, a Ambev lidera as baixas na B3.\u00a0Clique aqui e saiba mais.\",\"breadcrumb\":{\"@id\":\"https:\/\/www.suno.com.br\/noticias\/ambev-lidera-as-baixas-da-b3-apos-divulgacao-do-balanco-trimestral-petrobras-sobe\/#breadcrumb\"},\"inLanguage\":\"pt-BR\",\"potentialAction\":[{\"@type\":\"ReadAction\",\"target\":[\"https:\/\/www.suno.com.br\/noticias\/ambev-lidera-as-baixas-da-b3-apos-divulgacao-do-balanco-trimestral-petrobras-sobe\/\"]}]},{\"@type\":\"ImageObject\",\"inLanguage\":\"pt-BR\",\"@id\":\"https:\/\/www.suno.com.br\/noticias\/ambev-lidera-as-baixas-da-b3-apos-divulgacao-do-balanco-trimestral-petrobras-sobe\/#primaryimage\",\"url\":\"https:\/\/files.sunoresearch.com.br\/n\/uploads\/2019\/10\/ca0d3c9d-ambev-jpg.webp\",\"contentUrl\":\"https:\/\/files.sunoresearch.com.br\/n\/uploads\/2019\/10\/ca0d3c9d-ambev-jpg.webp\",\"width\":1920,\"height\":1080,\"caption\":\"A Ambev (ABEV3) abriu a semana em forte alta. Por volta das 10h55 desta segunda-feira, os pap\u00e9is da companhia avan\u00e7avam 2,56%.\"},{\"@type\":\"BreadcrumbList\",\"@id\":\"https:\/\/www.suno.com.br\/noticias\/ambev-lidera-as-baixas-da-b3-apos-divulgacao-do-balanco-trimestral-petrobras-sobe\/#breadcrumb\",\"itemListElement\":[{\"@type\":\"ListItem\",\"position\":1,\"name\":\"Not\u00edcias\",\"item\":\"https:\/\/www.suno.com.br\/noticias\/\"},{\"@type\":\"ListItem\",\"position\":2,\"name\":\"Mercado\",\"item\":\"https:\/\/www.suno.com.br\/noticias\/mercado\/\"},{\"@type\":\"ListItem\",\"position\":3,\"name\":\"Ambev lidera as baixas da B3 ap\u00f3s divulga\u00e7\u00e3o do balan\u00e7o trimestral; Petrobras sobe\"}]},{\"@type\":\"WebSite\",\"@id\":\"https:\/\/www.suno.com.br\/noticias\/#website\",\"url\":\"https:\/\/www.suno.com.br\/noticias\/\",\"name\":\"Suno Not\u00edcias\",\"description\":\"Seu portal de informa\u00e7\u00e3o sobre o mundo dos investimentos\",\"publisher\":{\"@id\":\"https:\/\/www.suno.com.br\/noticias\/#organization\"},\"potentialAction\":[{\"@type\":\"SearchAction\",\"target\":{\"@type\":\"EntryPoint\",\"urlTemplate\":\"https:\/\/www.suno.com.br\/noticias\/?s={search_term_string}\"},\"query-input\":{\"@type\":\"PropertyValueSpecification\",\"valueRequired\":true,\"valueName\":\"search_term_string\"}}],\"inLanguage\":\"pt-BR\"},{\"@type\":\"Organization\",\"@id\":\"https:\/\/www.suno.com.br\/noticias\/#organization\",\"name\":\"Suno Not\u00edcias\",\"url\":\"https:\/\/www.suno.com.br\/noticias\/\",\"logo\":{\"@type\":\"ImageObject\",\"inLanguage\":\"pt-BR\",\"@id\":\"https:\/\/www.suno.com.br\/noticias\/#\/schema\/logo\/image\/\",\"url\":\"https:\/\/files.sunoresearch.com.br\/n\/uploads\/2021\/09\/suno-logo.png\",\"contentUrl\":\"https:\/\/files.sunoresearch.com.br\/n\/uploads\/2021\/09\/suno-logo.png\",\"width\":180,\"height\":180,\"caption\":\"Suno Not\u00edcias\"},\"image\":{\"@id\":\"https:\/\/www.suno.com.br\/noticias\/#\/schema\/logo\/image\/\"},\"sameAs\":[\"https:\/\/facebook.com\/sunoresearch\",\"https:\/\/x.com\/sunoresearch\",\"https:\/\/www.instagram.com\/suno\",\"https:\/\/www.linkedin.com\/company\/suno-research\/\",\"https:\/\/www.youtube.com\/c\/sunoresearch\"]},{\"@type\":\"Person\",\"@id\":\"https:\/\/www.suno.com.br\/noticias\/#\/schema\/person\/918d79de1f0281f01599b93f9ea6e23f\",\"name\":\"Jader Lazarini\",\"image\":{\"@type\":\"ImageObject\",\"inLanguage\":\"pt-BR\",\"@id\":\"https:\/\/www.suno.com.br\/noticias\/#\/schema\/person\/image\/\",\"url\":\"https:\/\/secure.gravatar.com\/avatar\/3c1ad8caa51589841baeb923fcddea97?s=96&r=g\",\"contentUrl\":\"https:\/\/secure.gravatar.com\/avatar\/3c1ad8caa51589841baeb923fcddea97?s=96&r=g\",\"caption\":\"Jader Lazarini\"},\"description\":\"Jader Lazarini escreve sobre investimentos, finan\u00e7as, economia e neg\u00f3cios. \u00c9 bacharel em Rela\u00e7\u00f5es Internacionais e analista CNPI (2619).\",\"url\":\"https:\/\/www.suno.com.br\/noticias\/author\/jader-lazarini\/\"}]}<\/script>\n<!-- \/ Yoast SEO plugin. -->","yoast_head_json":{"title":"Ambev lidera as baixas da B3 ap\u00f3s divulga\u00e7\u00e3o do balan\u00e7o trimestral","description":"Ap\u00f3s a divulga\u00e7\u00e3o de seu resultado trimestral, na manh\u00e3 desta sexta, a Ambev lidera as baixas na B3.\u00a0Clique aqui e saiba mais.","robots":{"index":"index","follow":"follow","max-snippet":"max-snippet:-1","max-image-preview":"max-image-preview:large","max-video-preview":"max-video-preview:-1"},"canonical":"https:\/\/www.suno.com.br\/noticias\/ambev-lidera-as-baixas-da-b3-apos-divulgacao-do-balanco-trimestral-petrobras-sobe\/","og_locale":"pt_BR","og_type":"article","og_title":"Ambev lidera as baixas da B3 ap\u00f3s divulga\u00e7\u00e3o do balan\u00e7o trimestral","og_description":"Ap\u00f3s a divulga\u00e7\u00e3o de seu resultado trimestral, na manh\u00e3 desta sexta, a Ambev lidera as baixas na B3.\u00a0Clique aqui e saiba mais.","og_url":"https:\/\/www.suno.com.br\/noticias\/ambev-lidera-as-baixas-da-b3-apos-divulgacao-do-balanco-trimestral-petrobras-sobe\/","og_site_name":"Suno Not\u00edcias","article_publisher":"https:\/\/facebook.com\/sunoresearch","og_image":[{"width":1920,"height":1080,"url":"https:\/\/files.sunoresearch.com.br\/n\/uploads\/2019\/10\/ca0d3c9d-ambev.jpg","type":"image\/jpeg"}],"author":"Jader Lazarini","twitter_card":"summary_large_image","twitter_creator":"@sunoresearch","twitter_site":"@sunoresearch","twitter_misc":{"Escrito por":"Jader Lazarini","Est. tempo de leitura":"3 minutos"},"schema":{"@context":"https:\/\/schema.org","@graph":[{"@type":"NewsArticle","@id":"https:\/\/www.suno.com.br\/noticias\/ambev-lidera-as-baixas-da-b3-apos-divulgacao-do-balanco-trimestral-petrobras-sobe\/#article","isPartOf":{"@id":"https:\/\/www.suno.com.br\/noticias\/ambev-lidera-as-baixas-da-b3-apos-divulgacao-do-balanco-trimestral-petrobras-sobe\/"},"author":{"name":"Jader Lazarini","@id":"https:\/\/www.suno.com.br\/noticias\/#\/schema\/person\/918d79de1f0281f01599b93f9ea6e23f"},"headline":"Ambev lidera as baixas da B3 ap\u00f3s divulga\u00e7\u00e3o do balan\u00e7o trimestral; Petrobras sobe","datePublished":"2019-10-25T14:27:37+00:00","dateModified":"2019-10-25T20:12:05+00:00","mainEntityOfPage":{"@id":"https:\/\/www.suno.com.br\/noticias\/ambev-lidera-as-baixas-da-b3-apos-divulgacao-do-balanco-trimestral-petrobras-sobe\/"},"wordCount":600,"publisher":{"@id":"https:\/\/www.suno.com.br\/noticias\/#organization"},"image":{"@id":"https:\/\/www.suno.com.br\/noticias\/ambev-lidera-as-baixas-da-b3-apos-divulgacao-do-balanco-trimestral-petrobras-sobe\/#primaryimage"},"thumbnailUrl":"https:\/\/files.sunoresearch.com.br\/n\/uploads\/2019\/10\/ca0d3c9d-ambev-jpg.webp","keywords":["AMBEV (ABEV3)","Bolsa de Valores de S\u00e3o Paulo (B3)","Petrobras (PETR4)","Vale (VALE3)"],"articleSection":["Mercado"],"inLanguage":"pt-BR"},{"@type":"WebPage","@id":"https:\/\/www.suno.com.br\/noticias\/ambev-lidera-as-baixas-da-b3-apos-divulgacao-do-balanco-trimestral-petrobras-sobe\/","url":"https:\/\/www.suno.com.br\/noticias\/ambev-lidera-as-baixas-da-b3-apos-divulgacao-do-balanco-trimestral-petrobras-sobe\/","name":"Ambev lidera as baixas da B3 ap\u00f3s divulga\u00e7\u00e3o do balan\u00e7o trimestral","isPartOf":{"@id":"https:\/\/www.suno.com.br\/noticias\/#website"},"primaryImageOfPage":{"@id":"https:\/\/www.suno.com.br\/noticias\/ambev-lidera-as-baixas-da-b3-apos-divulgacao-do-balanco-trimestral-petrobras-sobe\/#primaryimage"},"image":{"@id":"https:\/\/www.suno.com.br\/noticias\/ambev-lidera-as-baixas-da-b3-apos-divulgacao-do-balanco-trimestral-petrobras-sobe\/#primaryimage"},"thumbnailUrl":"https:\/\/files.sunoresearch.com.br\/n\/uploads\/2019\/10\/ca0d3c9d-ambev-jpg.webp","datePublished":"2019-10-25T14:27:37+00:00","dateModified":"2019-10-25T20:12:05+00:00","description":"Ap\u00f3s a divulga\u00e7\u00e3o de seu resultado trimestral, na manh\u00e3 desta sexta, a Ambev lidera as baixas na B3.\u00a0Clique aqui e saiba mais.","breadcrumb":{"@id":"https:\/\/www.suno.com.br\/noticias\/ambev-lidera-as-baixas-da-b3-apos-divulgacao-do-balanco-trimestral-petrobras-sobe\/#breadcrumb"},"inLanguage":"pt-BR","potentialAction":[{"@type":"ReadAction","target":["https:\/\/www.suno.com.br\/noticias\/ambev-lidera-as-baixas-da-b3-apos-divulgacao-do-balanco-trimestral-petrobras-sobe\/"]}]},{"@type":"ImageObject","inLanguage":"pt-BR","@id":"https:\/\/www.suno.com.br\/noticias\/ambev-lidera-as-baixas-da-b3-apos-divulgacao-do-balanco-trimestral-petrobras-sobe\/#primaryimage","url":"https:\/\/files.sunoresearch.com.br\/n\/uploads\/2019\/10\/ca0d3c9d-ambev-jpg.webp","contentUrl":"https:\/\/files.sunoresearch.com.br\/n\/uploads\/2019\/10\/ca0d3c9d-ambev-jpg.webp","width":1920,"height":1080,"caption":"A Ambev (ABEV3) abriu a semana em forte alta. Por volta das 10h55 desta segunda-feira, os pap\u00e9is da companhia avan\u00e7avam 2,56%."},{"@type":"BreadcrumbList","@id":"https:\/\/www.suno.com.br\/noticias\/ambev-lidera-as-baixas-da-b3-apos-divulgacao-do-balanco-trimestral-petrobras-sobe\/#breadcrumb","itemListElement":[{"@type":"ListItem","position":1,"name":"Not\u00edcias","item":"https:\/\/www.suno.com.br\/noticias\/"},{"@type":"ListItem","position":2,"name":"Mercado","item":"https:\/\/www.suno.com.br\/noticias\/mercado\/"},{"@type":"ListItem","position":3,"name":"Ambev lidera as baixas da B3 ap\u00f3s divulga\u00e7\u00e3o do balan\u00e7o trimestral; Petrobras sobe"}]},{"@type":"WebSite","@id":"https:\/\/www.suno.com.br\/noticias\/#website","url":"https:\/\/www.suno.com.br\/noticias\/","name":"Suno Not\u00edcias","description":"Seu portal de informa\u00e7\u00e3o sobre o mundo dos investimentos","publisher":{"@id":"https:\/\/www.suno.com.br\/noticias\/#organization"},"potentialAction":[{"@type":"SearchAction","target":{"@type":"EntryPoint","urlTemplate":"https:\/\/www.suno.com.br\/noticias\/?s={search_term_string}"},"query-input":{"@type":"PropertyValueSpecification","valueRequired":true,"valueName":"search_term_string"}}],"inLanguage":"pt-BR"},{"@type":"Organization","@id":"https:\/\/www.suno.com.br\/noticias\/#organization","name":"Suno Not\u00edcias","url":"https:\/\/www.suno.com.br\/noticias\/","logo":{"@type":"ImageObject","inLanguage":"pt-BR","@id":"https:\/\/www.suno.com.br\/noticias\/#\/schema\/logo\/image\/","url":"https:\/\/files.sunoresearch.com.br\/n\/uploads\/2021\/09\/suno-logo.png","contentUrl":"https:\/\/files.sunoresearch.com.br\/n\/uploads\/2021\/09\/suno-logo.png","width":180,"height":180,"caption":"Suno Not\u00edcias"},"image":{"@id":"https:\/\/www.suno.com.br\/noticias\/#\/schema\/logo\/image\/"},"sameAs":["https:\/\/facebook.com\/sunoresearch","https:\/\/x.com\/sunoresearch","https:\/\/www.instagram.com\/suno","https:\/\/www.linkedin.com\/company\/suno-research\/","https:\/\/www.youtube.com\/c\/sunoresearch"]},{"@type":"Person","@id":"https:\/\/www.suno.com.br\/noticias\/#\/schema\/person\/918d79de1f0281f01599b93f9ea6e23f","name":"Jader Lazarini","image":{"@type":"ImageObject","inLanguage":"pt-BR","@id":"https:\/\/www.suno.com.br\/noticias\/#\/schema\/person\/image\/","url":"https:\/\/secure.gravatar.com\/avatar\/3c1ad8caa51589841baeb923fcddea97?s=96&r=g","contentUrl":"https:\/\/secure.gravatar.com\/avatar\/3c1ad8caa51589841baeb923fcddea97?s=96&r=g","caption":"Jader Lazarini"},"description":"Jader Lazarini escreve sobre investimentos, finan\u00e7as, economia e neg\u00f3cios. \u00c9 bacharel em Rela\u00e7\u00f5es Internacionais e analista CNPI (2619).","url":"https:\/\/www.suno.com.br\/noticias\/author\/jader-lazarini\/"}]}},"default_loop_html":"<div class=\"cardsPage__listCard__boxs\"><div class=\"cardsPage__listCard__boxs__img\"><a href=\"https:\/\/www.suno.com.br\/noticias\/ambev-lidera-as-baixas-da-b3-apos-divulgacao-do-balanco-trimestral-petrobras-sobe\/\"><img class=\"mask\" src=\"https:\/\/www.suno.com.br\/noticias\/wp-content\/themes\/suno\/resources\/images\/spotlight\/spotlight1img\/bg-mask.png\" alt=\"Image Mask\"\/><img src=\"https:\/\/files.sunoresearch.com.br\/n\/uploads\/2019\/10\/ca0d3c9d-ambev-400x200.webp\" alt=\"Ambev lidera as baixas da B3 ap\u00f3s divulga\u00e7\u00e3o do balan\u00e7o trimestral; Petrobras sobe\"\/><\/a><span class=\"spotlightCategory\"><a href=\"https:\/\/www.suno.com.br\/noticias\/mercado\/\">Mercado<\/a><\/span><\/div><div class=\"cardsPage__listCard__boxs__content\"><a href=\"https:\/\/www.suno.com.br\/noticias\/ambev-lidera-as-baixas-da-b3-apos-divulgacao-do-balanco-trimestral-petrobras-sobe\/\"><h2 class=\"content__title\">Ambev lidera as baixas da B3 ap\u00f3s divulga\u00e7\u00e3o do balan\u00e7o trimestral; Petrobras sobe<\/h2><\/a><div class=\"newsContent__article__meta\"><div class=\"newsContent__article__meta__authorBox\"><a href=\"https:\/\/www.suno.com.br\/noticias\/author\/jader-lazarini\/\" class=\"authorBox__avatar noMobi\"><img src=\"https:\/\/files.sunoresearch.com.br\/n\/uploads\/2021\/01\/178e6598-foto-perfil-2-150x150.jpg\" alt=\"Jader Lazarini\"><\/a><div class=\"authorBox__name\"><span>por\n\t\t\t<a href=\"https:\/\/www.suno.com.br\/noticias\/author\/jader-lazarini\/\"><span itemprop=\"author\">Jader Lazarini<\/span><\/a><\/span><time datetime=\"2019-10-25T12:27:37-03:00\" itemprop=\"datePublished\">25\/10\/2019 12:27<\/time><\/div><\/div><\/div><\/div><\/div>","single_layout":"posts","amp_enabled":true,"_links":{"self":[{"href":"https:\/\/www.suno.com.br\/noticias\/wp-json\/wp\/v2\/posts\/42425"}],"collection":[{"href":"https:\/\/www.suno.com.br\/noticias\/wp-json\/wp\/v2\/posts"}],"about":[{"href":"https:\/\/www.suno.com.br\/noticias\/wp-json\/wp\/v2\/types\/post"}],"author":[{"embeddable":true,"href":"https:\/\/www.suno.com.br\/noticias\/wp-json\/wp\/v2\/users\/24"}],"replies":[{"embeddable":true,"href":"https:\/\/www.suno.com.br\/noticias\/wp-json\/wp\/v2\/comments?post=42425"}],"version-history":[{"count":0,"href":"https:\/\/www.suno.com.br\/noticias\/wp-json\/wp\/v2\/posts\/42425\/revisions"}],"wp:featuredmedia":[{"embeddable":true,"href":"https:\/\/www.suno.com.br\/noticias\/wp-json\/wp\/v2\/media\/42432"}],"wp:attachment":[{"href":"https:\/\/www.suno.com.br\/noticias\/wp-json\/wp\/v2\/media?parent=42425"}],"wp:term":[{"taxonomy":"category","embeddable":true,"href":"https:\/\/www.suno.com.br\/noticias\/wp-json\/wp\/v2\/categories?post=42425"},{"taxonomy":"post_tag","embeddable":true,"href":"https:\/\/www.suno.com.br\/noticias\/wp-json\/wp\/v2\/tags?post=42425"},{"taxonomy":"suno_strategy","embeddable":true,"href":"https:\/\/www.suno.com.br\/noticias\/wp-json\/wp\/v2\/suno_strategy?post=42425"}],"curies":[{"name":"wp","href":"https:\/\/api.w.org\/{rel}","templated":true}]}}