{"id":42408,"date":"2019-10-25T11:00:47","date_gmt":"2019-10-25T13:00:47","guid":{"rendered":"https:\/\/www.suno.com.br\/noticias\/?p=42408"},"modified":"2019-10-25T11:00:47","modified_gmt":"2019-10-25T13:00:47","slug":"usiminas-reporta-prejuizo-183-milhoes-no-terceiro-trimestre","status":"publish","type":"post","link":"https:\/\/www.suno.com.br\/noticias\/usiminas-reporta-prejuizo-183-milhoes-no-terceiro-trimestre\/","title":{"rendered":"Usiminas reporta preju\u00edzo de R$ 183,9 milh\u00f5es no terceiro trimestre"},"content":{"rendered":"<p>Revertendo o <a href=\"https:\/\/www.suno.com.br\/artigos\/lucro-liquido\/\">lucro l\u00edquido<\/a> de R$ 263,9 no terceiro trimestre do ano passado, a Usiminas (<strong>USIM5<\/strong>) apresentou um preju\u00edzo de R$ 183,9 milh\u00f5es atribu\u00eddo aos acionistas nos \u00faltimos tr\u00eas meses.<\/p>\t<div class=\"wrapper-featured-image\">\n\t\t<figure class=\"spotlightImg\">\n\n\t\t\t<picture>\n\t\t\t\t<source media=\"(max-width: 768px)\" srcset=\"https:\/\/files.sunoresearch.com.br\/n\/uploads\/2019\/09\/d209a49e-usiminas-400x200.webp\">\n\t\t\t\t<img loading=\"lazy\" decoding=\"async\" class=\"newsContent__article__imgCapa lazyloadDisabled newsContent__article__imgCapa--noCaption\" src=\"https:\/\/files.sunoresearch.com.br\/n\/uploads\/2019\/09\/d209a49e-usiminas-800x450.webp\" width=\"800\" height=\"450\" alt=\"Usiminas reporta preju\u00edzo de R$ 183,9 milh\u00f5es no terceiro trimestre\" fetchpriority=high \/>\n\t\t\t<\/picture>\n\n\t\t\t<figcaption class=\"wp-caption-text wp-caption-text--hide\">Usiminas (USIM5). Foto: divulga\u00e7\u00e3o<\/figcaption>\n\t\t<\/figure>\n\t<\/div>\n\n\n\n<p>O <a href=\"https:\/\/www.suno.com.br\/artigos\/o-que-e-ebitda\/\">Ebitda (lucro antes de juros, impostos, deprecia\u00e7\u00e3o e amortiza\u00e7\u00e3o)<\/a> da <strong>Usiminas<\/strong> caiu 34% no per\u00edodo, chegando a R$ 452,9 milh\u00f5es. Al\u00e9m disso, a <a href=\"https:\/\/www.suno.com.br\/artigos\/o-que-receita-liquida\/\">receita l\u00edquida<\/a> de R$ 3,85 bilh\u00f5es foi 0,3% acima do apresentado um anos atr\u00e1s.<\/p>\n<p>De acordo com a companhia, a leve alta nas receitas pode ser explicada pelas vendas elevadas na minera\u00e7\u00e3o, na unidade de transforma\u00e7\u00e3o do a\u00e7o e na unidade de bens de capital. Dessa forma, o desempenho ruim da siderurgia foi mitigado.<\/p>\n<p>J\u00e1 a <a href=\"https:\/\/www.suno.com.br\/artigos\/margem-bruta\/\">margem bruta<\/a>, no intervalo de julho-setembro, recuou 4,3 pontos percentuais, atingindo 12,4%. A <a href=\"https:\/\/www.suno.com.br\/artigos\/margem-operacional\/\">margem operacional<\/a> passou de 9,2% para 3,8%.<\/p>\n<h2>Usiminas investir\u00e1 R$ 219 mi em minera\u00e7\u00e3o e siderurgia<\/h2>\n<p>A Usiminas anunciou que ir\u00e1 investir R$ 219 milh\u00f5es entre o final deste ano e 2020. O montante ser\u00e1 aportado em obras de manuten\u00e7\u00e3o do alto-forno 2 e tamb\u00e9m ser\u00e1 utilizado para melhorar o sistema operacional da usina de Ipatinga, localizada em Minas Gerais.<\/p>\n\t<p>\n\t\t<a href=\"https:\/\/lps.suno.com.br\/asset\/newsletter\/\" target=\"_blank\" data-element=\"shortcode-suno-banner\" title=\"Banner SUNO, clique e saiba mais\">\n\t\t\t<picture>\n\t\t\t\t<source media=\"(max-width: 500px)\" srcset=\"https:\/\/files.sunoresearch.com.br\/n\/uploads\/2023\/04\/400x300-Mobile-Artigos-4.jpg\">\n\t\t\t\t<img class=\"newsContent__article__imgCapa newsContent__article__imgCapa--banner\"\n\t\t\t\t\tsrc=\"https:\/\/files.sunoresearch.com.br\/n\/uploads\/2023\/04\/1420x240-Banner-Artigos-1-_-Banner-Materias-1.jpg\"\n\t\t\t\t\tdata-promo-id=\"386700\"\t\t\t\t\t\t\t\t\t\twidth='1420' height='240'\t\t\t\t\talt=\"https:\/\/files.sunoresearch.com.br\/n\/uploads\/2023\/04\/1420x240-Banner-Artigos-1-_-Banner-Materias-1.jpg\"\n\t\t\t\t>\n\t\t\t<\/picture>\n\t\t<\/a>\n\t<\/p>\n\n\n<p>O remanejamento do alto-forno 2 da companhia ir\u00e1 gerar 330 empregos na obra e deve prolongar a vida \u00fatil do reator qu\u00edmico em 20 anos. O \u00faltimo ajuste feito no equipamento foi h\u00e1 20 anos.<\/p>\n<p>De acordo com o governo de Minas Gerais, o dinheiro tamb\u00e9m ser\u00e1 utilizado para a aquisi\u00e7\u00e3o de m\u00e1quinas e equipamentos para a restaura\u00e7\u00e3o do sistema de tubula\u00e7\u00e3o e coifa. Al\u00e9m disso, os recursos da Usiminas tamb\u00e9m servir\u00e3o para o rebalanceamento do sistema de despoeiramento das \u00e1reas de corrida do equipamento.<\/p>\n<p><a href=\"https:\/\/www.suno.com.br\/noticias\/arezzo-tem-compra-da-vans-aprovada-pelo-cade\/\">Veja tamb\u00e9m: Arezzo tem compra da Vans aprovada pelo Cade<\/a><\/p>\n<p>Em 2018, a empresa investiu R$ 80 milh\u00f5es na reforma do alto-forno 1. Juntos, os alto-fornos 1 e 2 produzem 4 mil toneladas de ferro-gusa por dia.<\/p>\n<p>Ao fechamento do preg\u00e3o da \u00faltima quinta-feira (24), as a\u00e7\u00f5es da <strong>Usiminas<\/strong> apresentaram queda de 3,07%, sendo cotadas a R$ 7,25 na <a href=\"https:\/\/www.suno.com.br\/artigos\/b3\/\">Bolsa de Valores de S\u00e3o Paulo<\/a>. Os \u00faltimos 12 meses, os pap\u00e9is da companhia desvalorizaram 24,08%.<\/p>\n","protected":false},"excerpt":{"rendered":"<p>Revertendo o lucro l\u00edquido de R$ 263,9 no terceiro trimestre do ano passado, a Usiminas (USIM5) apresentou um preju\u00edzo de R$ 183,9 milh\u00f5es atribu\u00eddo aos acionistas nos \u00faltimos tr\u00eas meses. Usiminas (USIM5). Foto: divulga\u00e7\u00e3o O Ebitda (lucro antes de juros, impostos, deprecia\u00e7\u00e3o e amortiza\u00e7\u00e3o) da Usiminas caiu 34% no per\u00edodo, chegando a R$ 452,9 milh\u00f5es. [&hellip;]<\/p>\n","protected":false},"author":24,"featured_media":38161,"comment_status":"closed","ping_status":"closed","sticky":false,"template":"","format":"standard","meta":[],"categories":[64],"tags":[1937,675],"suno_strategy":[],"class_list":["post-42408","post","type-post","status-publish","format-standard","has-post-thumbnail","hentry","category-negocios","tag-bolsa-de-valores-de-sao-paulo-b3","tag-usiminas"],"yoast_head":"<!-- This site is optimized with the Yoast SEO plugin v24.4 - https:\/\/yoast.com\/wordpress\/plugins\/seo\/ -->\n<title>Usiminas reporta preju\u00edzo de R$ 183,9 milh\u00f5es no terceiro trimestre<\/title>\n<meta name=\"description\" content=\"Revertendo o lucro do terceiro trimestre de 2018, a Usiminas apresentou um preju\u00edzo de R$ 183,9 mi nos \u00faltimos tr\u00eas meses. Saiba mais.\" \/>\n<meta name=\"robots\" content=\"index, follow, max-snippet:-1, max-image-preview:large, max-video-preview:-1\" \/>\n<link rel=\"canonical\" href=\"https:\/\/www.suno.com.br\/noticias\/usiminas-reporta-prejuizo-183-milhoes-no-terceiro-trimestre\/\" \/>\n<meta property=\"og:locale\" content=\"pt_BR\" \/>\n<meta property=\"og:type\" content=\"article\" \/>\n<meta property=\"og:title\" content=\"Usiminas reporta preju\u00edzo de R$ 183,9 milh\u00f5es no terceiro trimestre\" \/>\n<meta property=\"og:description\" content=\"Revertendo o lucro do terceiro trimestre de 2018, a Usiminas apresentou um preju\u00edzo de R$ 183,9 mi nos \u00faltimos tr\u00eas meses. Saiba mais.\" \/>\n<meta property=\"og:url\" content=\"https:\/\/www.suno.com.br\/noticias\/usiminas-reporta-prejuizo-183-milhoes-no-terceiro-trimestre\/\" \/>\n<meta property=\"og:site_name\" content=\"Suno Not\u00edcias\" \/>\n<meta property=\"article:publisher\" content=\"https:\/\/facebook.com\/sunoresearch\" \/>\n<meta property=\"og:image\" content=\"https:\/\/files.sunoresearch.com.br\/n\/uploads\/2019\/09\/d209a49e-usiminas.jpg\" \/>\n\t<meta property=\"og:image:width\" content=\"2362\" \/>\n\t<meta property=\"og:image:height\" content=\"1575\" \/>\n\t<meta property=\"og:image:type\" content=\"image\/jpeg\" \/>\n<meta name=\"author\" content=\"Jader Lazarini\" \/>\n<meta name=\"twitter:card\" content=\"summary_large_image\" \/>\n<meta name=\"twitter:creator\" content=\"@sunoresearch\" \/>\n<meta name=\"twitter:site\" content=\"@sunoresearch\" \/>\n<meta name=\"twitter:label1\" content=\"Escrito por\" \/>\n\t<meta name=\"twitter:data1\" content=\"Jader Lazarini\" \/>\n\t<meta name=\"twitter:label2\" content=\"Est. tempo de leitura\" \/>\n\t<meta name=\"twitter:data2\" content=\"2 minutos\" \/>\n<script type=\"application\/ld+json\" class=\"yoast-schema-graph\">{\"@context\":\"https:\/\/schema.org\",\"@graph\":[{\"@type\":\"NewsArticle\",\"@id\":\"https:\/\/www.suno.com.br\/noticias\/usiminas-reporta-prejuizo-183-milhoes-no-terceiro-trimestre\/#article\",\"isPartOf\":{\"@id\":\"https:\/\/www.suno.com.br\/noticias\/usiminas-reporta-prejuizo-183-milhoes-no-terceiro-trimestre\/\"},\"author\":{\"name\":\"Jader Lazarini\",\"@id\":\"https:\/\/www.suno.com.br\/noticias\/#\/schema\/person\/918d79de1f0281f01599b93f9ea6e23f\"},\"headline\":\"Usiminas reporta preju\u00edzo de R$ 183,9 milh\u00f5es no terceiro trimestre\",\"datePublished\":\"2019-10-25T13:00:47+00:00\",\"mainEntityOfPage\":{\"@id\":\"https:\/\/www.suno.com.br\/noticias\/usiminas-reporta-prejuizo-183-milhoes-no-terceiro-trimestre\/\"},\"wordCount\":365,\"publisher\":{\"@id\":\"https:\/\/www.suno.com.br\/noticias\/#organization\"},\"image\":{\"@id\":\"https:\/\/www.suno.com.br\/noticias\/usiminas-reporta-prejuizo-183-milhoes-no-terceiro-trimestre\/#primaryimage\"},\"thumbnailUrl\":\"https:\/\/files.sunoresearch.com.br\/n\/uploads\/2019\/09\/d209a49e-usiminas-jpg.webp\",\"keywords\":[\"Bolsa de Valores de S\u00e3o Paulo (B3)\",\"Usiminas\"],\"articleSection\":[\"Neg\u00f3cios\"],\"inLanguage\":\"pt-BR\"},{\"@type\":\"WebPage\",\"@id\":\"https:\/\/www.suno.com.br\/noticias\/usiminas-reporta-prejuizo-183-milhoes-no-terceiro-trimestre\/\",\"url\":\"https:\/\/www.suno.com.br\/noticias\/usiminas-reporta-prejuizo-183-milhoes-no-terceiro-trimestre\/\",\"name\":\"Usiminas reporta preju\u00edzo de R$ 183,9 milh\u00f5es no terceiro trimestre\",\"isPartOf\":{\"@id\":\"https:\/\/www.suno.com.br\/noticias\/#website\"},\"primaryImageOfPage\":{\"@id\":\"https:\/\/www.suno.com.br\/noticias\/usiminas-reporta-prejuizo-183-milhoes-no-terceiro-trimestre\/#primaryimage\"},\"image\":{\"@id\":\"https:\/\/www.suno.com.br\/noticias\/usiminas-reporta-prejuizo-183-milhoes-no-terceiro-trimestre\/#primaryimage\"},\"thumbnailUrl\":\"https:\/\/files.sunoresearch.com.br\/n\/uploads\/2019\/09\/d209a49e-usiminas-jpg.webp\",\"datePublished\":\"2019-10-25T13:00:47+00:00\",\"description\":\"Revertendo o lucro do terceiro trimestre de 2018, a Usiminas apresentou um preju\u00edzo de R$ 183,9 mi nos \u00faltimos tr\u00eas meses. Saiba mais.\",\"breadcrumb\":{\"@id\":\"https:\/\/www.suno.com.br\/noticias\/usiminas-reporta-prejuizo-183-milhoes-no-terceiro-trimestre\/#breadcrumb\"},\"inLanguage\":\"pt-BR\",\"potentialAction\":[{\"@type\":\"ReadAction\",\"target\":[\"https:\/\/www.suno.com.br\/noticias\/usiminas-reporta-prejuizo-183-milhoes-no-terceiro-trimestre\/\"]}]},{\"@type\":\"ImageObject\",\"inLanguage\":\"pt-BR\",\"@id\":\"https:\/\/www.suno.com.br\/noticias\/usiminas-reporta-prejuizo-183-milhoes-no-terceiro-trimestre\/#primaryimage\",\"url\":\"https:\/\/files.sunoresearch.com.br\/n\/uploads\/2019\/09\/d209a49e-usiminas-jpg.webp\",\"contentUrl\":\"https:\/\/files.sunoresearch.com.br\/n\/uploads\/2019\/09\/d209a49e-usiminas-jpg.webp\",\"width\":2362,\"height\":1575,\"caption\":\"Usiminas (USIM5). Foto: divulga\u00e7\u00e3o\"},{\"@type\":\"BreadcrumbList\",\"@id\":\"https:\/\/www.suno.com.br\/noticias\/usiminas-reporta-prejuizo-183-milhoes-no-terceiro-trimestre\/#breadcrumb\",\"itemListElement\":[{\"@type\":\"ListItem\",\"position\":1,\"name\":\"Not\u00edcias\",\"item\":\"https:\/\/www.suno.com.br\/noticias\/\"},{\"@type\":\"ListItem\",\"position\":2,\"name\":\"Neg\u00f3cios\",\"item\":\"https:\/\/www.suno.com.br\/noticias\/negocios\/\"},{\"@type\":\"ListItem\",\"position\":3,\"name\":\"Usiminas reporta preju\u00edzo de R$ 183,9 milh\u00f5es no terceiro trimestre\"}]},{\"@type\":\"WebSite\",\"@id\":\"https:\/\/www.suno.com.br\/noticias\/#website\",\"url\":\"https:\/\/www.suno.com.br\/noticias\/\",\"name\":\"Suno Not\u00edcias\",\"description\":\"Seu portal de informa\u00e7\u00e3o sobre o mundo dos investimentos\",\"publisher\":{\"@id\":\"https:\/\/www.suno.com.br\/noticias\/#organization\"},\"potentialAction\":[{\"@type\":\"SearchAction\",\"target\":{\"@type\":\"EntryPoint\",\"urlTemplate\":\"https:\/\/www.suno.com.br\/noticias\/?s={search_term_string}\"},\"query-input\":{\"@type\":\"PropertyValueSpecification\",\"valueRequired\":true,\"valueName\":\"search_term_string\"}}],\"inLanguage\":\"pt-BR\"},{\"@type\":\"Organization\",\"@id\":\"https:\/\/www.suno.com.br\/noticias\/#organization\",\"name\":\"Suno Not\u00edcias\",\"url\":\"https:\/\/www.suno.com.br\/noticias\/\",\"logo\":{\"@type\":\"ImageObject\",\"inLanguage\":\"pt-BR\",\"@id\":\"https:\/\/www.suno.com.br\/noticias\/#\/schema\/logo\/image\/\",\"url\":\"https:\/\/files.sunoresearch.com.br\/n\/uploads\/2021\/09\/suno-logo.png\",\"contentUrl\":\"https:\/\/files.sunoresearch.com.br\/n\/uploads\/2021\/09\/suno-logo.png\",\"width\":180,\"height\":180,\"caption\":\"Suno Not\u00edcias\"},\"image\":{\"@id\":\"https:\/\/www.suno.com.br\/noticias\/#\/schema\/logo\/image\/\"},\"sameAs\":[\"https:\/\/facebook.com\/sunoresearch\",\"https:\/\/x.com\/sunoresearch\",\"https:\/\/www.instagram.com\/suno\",\"https:\/\/www.linkedin.com\/company\/suno-research\/\",\"https:\/\/www.youtube.com\/c\/sunoresearch\"]},{\"@type\":\"Person\",\"@id\":\"https:\/\/www.suno.com.br\/noticias\/#\/schema\/person\/918d79de1f0281f01599b93f9ea6e23f\",\"name\":\"Jader Lazarini\",\"image\":{\"@type\":\"ImageObject\",\"inLanguage\":\"pt-BR\",\"@id\":\"https:\/\/www.suno.com.br\/noticias\/#\/schema\/person\/image\/\",\"url\":\"https:\/\/secure.gravatar.com\/avatar\/3c1ad8caa51589841baeb923fcddea97?s=96&r=g\",\"contentUrl\":\"https:\/\/secure.gravatar.com\/avatar\/3c1ad8caa51589841baeb923fcddea97?s=96&r=g\",\"caption\":\"Jader Lazarini\"},\"description\":\"Jader Lazarini escreve sobre investimentos, finan\u00e7as, economia e neg\u00f3cios. \u00c9 bacharel em Rela\u00e7\u00f5es Internacionais e analista CNPI (2619).\",\"url\":\"https:\/\/www.suno.com.br\/noticias\/author\/jader-lazarini\/\"}]}<\/script>\n<!-- \/ Yoast SEO plugin. -->","yoast_head_json":{"title":"Usiminas reporta preju\u00edzo de R$ 183,9 milh\u00f5es no terceiro trimestre","description":"Revertendo o lucro do terceiro trimestre de 2018, a Usiminas apresentou um preju\u00edzo de R$ 183,9 mi nos \u00faltimos tr\u00eas meses. Saiba mais.","robots":{"index":"index","follow":"follow","max-snippet":"max-snippet:-1","max-image-preview":"max-image-preview:large","max-video-preview":"max-video-preview:-1"},"canonical":"https:\/\/www.suno.com.br\/noticias\/usiminas-reporta-prejuizo-183-milhoes-no-terceiro-trimestre\/","og_locale":"pt_BR","og_type":"article","og_title":"Usiminas reporta preju\u00edzo de R$ 183,9 milh\u00f5es no terceiro trimestre","og_description":"Revertendo o lucro do terceiro trimestre de 2018, a Usiminas apresentou um preju\u00edzo de R$ 183,9 mi nos \u00faltimos tr\u00eas meses. Saiba mais.","og_url":"https:\/\/www.suno.com.br\/noticias\/usiminas-reporta-prejuizo-183-milhoes-no-terceiro-trimestre\/","og_site_name":"Suno Not\u00edcias","article_publisher":"https:\/\/facebook.com\/sunoresearch","og_image":[{"width":2362,"height":1575,"url":"https:\/\/files.sunoresearch.com.br\/n\/uploads\/2019\/09\/d209a49e-usiminas.jpg","type":"image\/jpeg"}],"author":"Jader Lazarini","twitter_card":"summary_large_image","twitter_creator":"@sunoresearch","twitter_site":"@sunoresearch","twitter_misc":{"Escrito por":"Jader Lazarini","Est. tempo de leitura":"2 minutos"},"schema":{"@context":"https:\/\/schema.org","@graph":[{"@type":"NewsArticle","@id":"https:\/\/www.suno.com.br\/noticias\/usiminas-reporta-prejuizo-183-milhoes-no-terceiro-trimestre\/#article","isPartOf":{"@id":"https:\/\/www.suno.com.br\/noticias\/usiminas-reporta-prejuizo-183-milhoes-no-terceiro-trimestre\/"},"author":{"name":"Jader Lazarini","@id":"https:\/\/www.suno.com.br\/noticias\/#\/schema\/person\/918d79de1f0281f01599b93f9ea6e23f"},"headline":"Usiminas reporta preju\u00edzo de R$ 183,9 milh\u00f5es no terceiro trimestre","datePublished":"2019-10-25T13:00:47+00:00","mainEntityOfPage":{"@id":"https:\/\/www.suno.com.br\/noticias\/usiminas-reporta-prejuizo-183-milhoes-no-terceiro-trimestre\/"},"wordCount":365,"publisher":{"@id":"https:\/\/www.suno.com.br\/noticias\/#organization"},"image":{"@id":"https:\/\/www.suno.com.br\/noticias\/usiminas-reporta-prejuizo-183-milhoes-no-terceiro-trimestre\/#primaryimage"},"thumbnailUrl":"https:\/\/files.sunoresearch.com.br\/n\/uploads\/2019\/09\/d209a49e-usiminas-jpg.webp","keywords":["Bolsa de Valores de S\u00e3o Paulo (B3)","Usiminas"],"articleSection":["Neg\u00f3cios"],"inLanguage":"pt-BR"},{"@type":"WebPage","@id":"https:\/\/www.suno.com.br\/noticias\/usiminas-reporta-prejuizo-183-milhoes-no-terceiro-trimestre\/","url":"https:\/\/www.suno.com.br\/noticias\/usiminas-reporta-prejuizo-183-milhoes-no-terceiro-trimestre\/","name":"Usiminas reporta preju\u00edzo de R$ 183,9 milh\u00f5es no terceiro trimestre","isPartOf":{"@id":"https:\/\/www.suno.com.br\/noticias\/#website"},"primaryImageOfPage":{"@id":"https:\/\/www.suno.com.br\/noticias\/usiminas-reporta-prejuizo-183-milhoes-no-terceiro-trimestre\/#primaryimage"},"image":{"@id":"https:\/\/www.suno.com.br\/noticias\/usiminas-reporta-prejuizo-183-milhoes-no-terceiro-trimestre\/#primaryimage"},"thumbnailUrl":"https:\/\/files.sunoresearch.com.br\/n\/uploads\/2019\/09\/d209a49e-usiminas-jpg.webp","datePublished":"2019-10-25T13:00:47+00:00","description":"Revertendo o lucro do terceiro trimestre de 2018, a Usiminas apresentou um preju\u00edzo de R$ 183,9 mi nos \u00faltimos tr\u00eas meses. Saiba mais.","breadcrumb":{"@id":"https:\/\/www.suno.com.br\/noticias\/usiminas-reporta-prejuizo-183-milhoes-no-terceiro-trimestre\/#breadcrumb"},"inLanguage":"pt-BR","potentialAction":[{"@type":"ReadAction","target":["https:\/\/www.suno.com.br\/noticias\/usiminas-reporta-prejuizo-183-milhoes-no-terceiro-trimestre\/"]}]},{"@type":"ImageObject","inLanguage":"pt-BR","@id":"https:\/\/www.suno.com.br\/noticias\/usiminas-reporta-prejuizo-183-milhoes-no-terceiro-trimestre\/#primaryimage","url":"https:\/\/files.sunoresearch.com.br\/n\/uploads\/2019\/09\/d209a49e-usiminas-jpg.webp","contentUrl":"https:\/\/files.sunoresearch.com.br\/n\/uploads\/2019\/09\/d209a49e-usiminas-jpg.webp","width":2362,"height":1575,"caption":"Usiminas (USIM5). Foto: divulga\u00e7\u00e3o"},{"@type":"BreadcrumbList","@id":"https:\/\/www.suno.com.br\/noticias\/usiminas-reporta-prejuizo-183-milhoes-no-terceiro-trimestre\/#breadcrumb","itemListElement":[{"@type":"ListItem","position":1,"name":"Not\u00edcias","item":"https:\/\/www.suno.com.br\/noticias\/"},{"@type":"ListItem","position":2,"name":"Neg\u00f3cios","item":"https:\/\/www.suno.com.br\/noticias\/negocios\/"},{"@type":"ListItem","position":3,"name":"Usiminas reporta preju\u00edzo de R$ 183,9 milh\u00f5es no terceiro trimestre"}]},{"@type":"WebSite","@id":"https:\/\/www.suno.com.br\/noticias\/#website","url":"https:\/\/www.suno.com.br\/noticias\/","name":"Suno Not\u00edcias","description":"Seu portal de informa\u00e7\u00e3o sobre o mundo dos investimentos","publisher":{"@id":"https:\/\/www.suno.com.br\/noticias\/#organization"},"potentialAction":[{"@type":"SearchAction","target":{"@type":"EntryPoint","urlTemplate":"https:\/\/www.suno.com.br\/noticias\/?s={search_term_string}"},"query-input":{"@type":"PropertyValueSpecification","valueRequired":true,"valueName":"search_term_string"}}],"inLanguage":"pt-BR"},{"@type":"Organization","@id":"https:\/\/www.suno.com.br\/noticias\/#organization","name":"Suno Not\u00edcias","url":"https:\/\/www.suno.com.br\/noticias\/","logo":{"@type":"ImageObject","inLanguage":"pt-BR","@id":"https:\/\/www.suno.com.br\/noticias\/#\/schema\/logo\/image\/","url":"https:\/\/files.sunoresearch.com.br\/n\/uploads\/2021\/09\/suno-logo.png","contentUrl":"https:\/\/files.sunoresearch.com.br\/n\/uploads\/2021\/09\/suno-logo.png","width":180,"height":180,"caption":"Suno Not\u00edcias"},"image":{"@id":"https:\/\/www.suno.com.br\/noticias\/#\/schema\/logo\/image\/"},"sameAs":["https:\/\/facebook.com\/sunoresearch","https:\/\/x.com\/sunoresearch","https:\/\/www.instagram.com\/suno","https:\/\/www.linkedin.com\/company\/suno-research\/","https:\/\/www.youtube.com\/c\/sunoresearch"]},{"@type":"Person","@id":"https:\/\/www.suno.com.br\/noticias\/#\/schema\/person\/918d79de1f0281f01599b93f9ea6e23f","name":"Jader Lazarini","image":{"@type":"ImageObject","inLanguage":"pt-BR","@id":"https:\/\/www.suno.com.br\/noticias\/#\/schema\/person\/image\/","url":"https:\/\/secure.gravatar.com\/avatar\/3c1ad8caa51589841baeb923fcddea97?s=96&r=g","contentUrl":"https:\/\/secure.gravatar.com\/avatar\/3c1ad8caa51589841baeb923fcddea97?s=96&r=g","caption":"Jader Lazarini"},"description":"Jader Lazarini escreve sobre investimentos, finan\u00e7as, economia e neg\u00f3cios. \u00c9 bacharel em Rela\u00e7\u00f5es Internacionais e analista CNPI (2619).","url":"https:\/\/www.suno.com.br\/noticias\/author\/jader-lazarini\/"}]}},"default_loop_html":"<div class=\"cardsPage__listCard__boxs\"><div class=\"cardsPage__listCard__boxs__img\"><a href=\"https:\/\/www.suno.com.br\/noticias\/usiminas-reporta-prejuizo-183-milhoes-no-terceiro-trimestre\/\"><img class=\"mask\" src=\"https:\/\/www.suno.com.br\/noticias\/wp-content\/themes\/suno\/resources\/images\/spotlight\/spotlight1img\/bg-mask.png\" alt=\"Image Mask\"\/><img src=\"https:\/\/files.sunoresearch.com.br\/n\/uploads\/2019\/09\/d209a49e-usiminas-400x200.webp\" alt=\"Usiminas reporta preju\u00edzo de R$ 183,9 milh\u00f5es no terceiro trimestre\"\/><\/a><span class=\"spotlightCategory\"><a href=\"https:\/\/www.suno.com.br\/noticias\/negocios\/\">Neg\u00f3cios<\/a><\/span><\/div><div class=\"cardsPage__listCard__boxs__content\"><a href=\"https:\/\/www.suno.com.br\/noticias\/usiminas-reporta-prejuizo-183-milhoes-no-terceiro-trimestre\/\"><h2 class=\"content__title\">Usiminas reporta preju\u00edzo de R$ 183,9 milh\u00f5es no terceiro trimestre<\/h2><\/a><div class=\"newsContent__article__meta\"><div class=\"newsContent__article__meta__authorBox\"><a href=\"https:\/\/www.suno.com.br\/noticias\/author\/jader-lazarini\/\" class=\"authorBox__avatar noMobi\"><img src=\"https:\/\/files.sunoresearch.com.br\/n\/uploads\/2021\/01\/178e6598-foto-perfil-2-150x150.jpg\" alt=\"Jader Lazarini\"><\/a><div class=\"authorBox__name\"><span>por\n\t\t\t<a href=\"https:\/\/www.suno.com.br\/noticias\/author\/jader-lazarini\/\"><span itemprop=\"author\">Jader Lazarini<\/span><\/a><\/span><time datetime=\"2019-10-25T11:00:47-03:00\" itemprop=\"datePublished\">25\/10\/2019 11:00<\/time><\/div><\/div><\/div><\/div><\/div>","single_layout":"posts","amp_enabled":true,"_links":{"self":[{"href":"https:\/\/www.suno.com.br\/noticias\/wp-json\/wp\/v2\/posts\/42408"}],"collection":[{"href":"https:\/\/www.suno.com.br\/noticias\/wp-json\/wp\/v2\/posts"}],"about":[{"href":"https:\/\/www.suno.com.br\/noticias\/wp-json\/wp\/v2\/types\/post"}],"author":[{"embeddable":true,"href":"https:\/\/www.suno.com.br\/noticias\/wp-json\/wp\/v2\/users\/24"}],"replies":[{"embeddable":true,"href":"https:\/\/www.suno.com.br\/noticias\/wp-json\/wp\/v2\/comments?post=42408"}],"version-history":[{"count":0,"href":"https:\/\/www.suno.com.br\/noticias\/wp-json\/wp\/v2\/posts\/42408\/revisions"}],"wp:featuredmedia":[{"embeddable":true,"href":"https:\/\/www.suno.com.br\/noticias\/wp-json\/wp\/v2\/media\/38161"}],"wp:attachment":[{"href":"https:\/\/www.suno.com.br\/noticias\/wp-json\/wp\/v2\/media?parent=42408"}],"wp:term":[{"taxonomy":"category","embeddable":true,"href":"https:\/\/www.suno.com.br\/noticias\/wp-json\/wp\/v2\/categories?post=42408"},{"taxonomy":"post_tag","embeddable":true,"href":"https:\/\/www.suno.com.br\/noticias\/wp-json\/wp\/v2\/tags?post=42408"},{"taxonomy":"suno_strategy","embeddable":true,"href":"https:\/\/www.suno.com.br\/noticias\/wp-json\/wp\/v2\/suno_strategy?post=42408"}],"curies":[{"name":"wp","href":"https:\/\/api.w.org\/{rel}","templated":true}]}}