{"id":423970,"date":"2023-07-01T16:38:56","date_gmt":"2023-07-01T19:38:56","guid":{"rendered":"https:\/\/www.suno.com.br\/noticias\/?p=423970"},"modified":"2023-07-01T16:45:54","modified_gmt":"2023-07-01T19:45:54","slug":"piso-enfermagem-stf-voto-favoravel","status":"publish","type":"post","link":"https:\/\/www.suno.com.br\/noticias\/piso-enfermagem-stf-voto-favoravel\/","title":{"rendered":"Piso de enfermagem: STF conclui julgamento e d\u00e1 parecer favor\u00e1vel ao pagamento; veja o valor"},"content":{"rendered":"<p>O Supremo Tribunal Federal (STF) concluiu, na noite desta sexta-feira (30), o julgamento sobre a validade do pagamento do <strong>piso de enfermagem<\/strong>, que vale para esses profissionais em todo o pa\u00eds. A maioria dos ministros votou a favor do pagamento conforme a lei para os profissionais que s\u00e3o servidores p\u00fablicos da Uni\u00e3o, de autarquias e de funda\u00e7\u00f5es p\u00fablicas federais.<\/p>\t<div class=\"wrapper-featured-image\">\n\t\t<figure class=\"spotlightImg\">\n\n\t\t\t<picture>\n\t\t\t\t<source media=\"(max-width: 768px)\" srcset=\"https:\/\/files.sunoresearch.com.br\/n\/uploads\/2023\/05\/brasilia-stf-400x200.jpg\">\n\t\t\t\t<img loading=\"lazy\" decoding=\"async\" class=\"newsContent__article__imgCapa lazyloadDisabled \" src=\"https:\/\/files.sunoresearch.com.br\/n\/uploads\/2023\/05\/brasilia-stf-800x450.jpg\" width=\"800\" height=\"450\" alt=\"Piso de enfermagem: STF conclui julgamento e d\u00e1 parecer favor\u00e1vel ao pagamento; veja o valor\" fetchpriority=high \/>\n\t\t\t<\/picture>\n\n\t\t\t<figcaption class=\"wp-caption-text wp-caption-text--show\">Bras\u00edlia - Foto: iStock<\/figcaption>\n\t\t<\/figure>\n\t<\/div>\n\n\n\n\n\n\t<p>\n\t\t<a href=\"\" target=\"_blank\" data-element=\"shortcode-suno-banner\" title=\"Banner SUNO, clique e saiba mais\">\n\t\t\t<picture>\n\t\t\t\t<source media=\"(max-width: 500px)\" srcset=\"\">\n\t\t\t\t<img class=\"newsContent__article__imgCapa newsContent__article__imgCapa--banner\"\n\t\t\t\t\tsrc=\"\"\n\t\t\t\t\tdata-promo-id=\"240038\"\t\t\t\t\t\t\t\t\t\t\t\t\t\t\talt=\"\"\n\t\t\t\t>\n\t\t\t<\/picture>\n\t\t<\/a>\n\t<\/p>\n\n\n\n\n\n\n\n<p>O <strong>piso salarial<\/strong> dos<strong> <\/strong>enfermeiros e enfermeiras<strong> <\/strong>tamb\u00e9m fica valendo para servidores p\u00fablicos dos estados e munic\u00edpios e do Distrito Federal, al\u00e9m dos enfermeiros contratados por entidades privadas que atendam 60% de pacientes oriundos do Sistema \u00danico de Sa\u00fade (<strong>SUS<\/strong>). Ser\u00e1 admitido o pagamento do piso proporcional \u00e0 jornada.<\/p>\n\n\n\n<p>Houve o impasse na vota\u00e7\u00e3o para o<strong> pagamento aos profissionais celetistas<\/strong>, que trabalham em hospitais privados.<\/p>\n\n\n\n<p>Venceu a proposta do relator do processo, ministro <strong>Lu\u00eds Roberto Barroso<\/strong>, que determina que haja uma negocia\u00e7\u00e3o coletiva pr\u00e9via entre patr\u00f5es e empregados como crit\u00e9rio para o<strong> pagamento do piso<\/strong>. O argumento do ministro \u00e9 evitar demiss\u00f5es em massa ou comprometimento dos servi\u00e7os de sa\u00fade. Nesse caso, podem ser aplicados outros valores.<\/p>\n\n\n\n<p>O voto de Barroso foi acompanhado pelos ministros Gilmar Mendes, Carmen L\u00facia e Andr\u00e9 Mendon\u00e7a, o \u00faltimo a depositar o voto no plen\u00e1rio virtual da Corte na noite de ontem.<\/p>\n\n\n\n<p>O ministro Dias Toffoli divergiu do relator. Para ele, o <strong>pagamento do piso aos enfermeiros privados <\/strong>deveria ocorrer de forma regionalizada, conforme negocia\u00e7\u00e3o coletiva da categoria em cada estado, devendo prevalecer o \u201cnegociado sobre o legislado\u201d. Tamb\u00e9m votaram nesse sentido os ministros Alexandre de Moraes, Luiz Fux e Nunes Marques.<\/p>\n\n\n\n<p>Para os ministros Edson Fachin e Rosa Weber, o piso deveria ser garantido para todas as categorias de enfermeiros p\u00fablicos e privados.<\/p>\n\n\n\t<p>\n\t\t<a href=\"https:\/\/lp.suno.com.br\/ebook-gratuito-investindo-no-exterior\/\" target=\"_blank\" data-element=\"shortcode-suno-banner\" title=\"Banner SUNO, clique e saiba mais\">\n\t\t\t<picture>\n\t\t\t\t<source media=\"(max-width: 500px)\" srcset=\"https:\/\/files.sunoresearch.com.br\/n\/uploads\/2023\/03\/400x300-Investindo-no-exterior.png\">\n\t\t\t\t<img class=\"newsContent__article__imgCapa newsContent__article__imgCapa--banner\"\n\t\t\t\t\tsrc=\"https:\/\/files.sunoresearch.com.br\/n\/uploads\/2023\/03\/1420x240-Investindo-no-exterior.png\"\n\t\t\t\t\tdata-promo-id=\"383161\"\t\t\t\t\t\t\t\t\t\twidth='1420' height='240'\t\t\t\t\talt=\"https:\/\/files.sunoresearch.com.br\/n\/uploads\/2023\/03\/1420x240-Investindo-no-exterior.png\"\n\t\t\t\t>\n\t\t\t<\/picture>\n\t\t<\/a>\n\t<\/p>\n\n\n\n\n\n<h2 class=\"wp-block-heading\">Piso de enfermagem: validade em todo o territ\u00f3rio nacional<\/h2>\n\n\n\n<p>O novo <strong>piso para enfermeiros<\/strong> contratados sob o regime da Consolida\u00e7\u00e3o das Leis do Trabalho (CLT) \u00e9 de R$ 4.750, conforme definido pela Lei n\u00ba 14.434. T\u00e9cnicos de enfermagem recebem, no m\u00ednimo, 70% desse valor (R$ 3.325) e auxiliares de enfermagem e parteiras, 50% (R$ 2.375). Pela lei, o <strong>piso vale para trabalhadores<\/strong> dos setores p\u00fablico e privado.<\/p>\n\n\n\n<p>No ano passado, o pagamento do piso foi suspenso pelo STF devido \u00e0 falta de previs\u00e3o de recursos para garantir o pagamento dos profissionais, mas foi liberado ap\u00f3s o presidente Luiz In\u00e1cio Lula da Silva abrir cr\u00e9dito especial para o repasse de R$ 7,3 bilh\u00f5es para estados e munic\u00edpios pagarem o piso.<\/p>\n\n\n\n<p>Em maio, o relator, ministro Lu\u00eds Roberto Barroso, estabeleceu regras para o pagamento do piso aos profissionais que trabalham no sistema de sa\u00fade de estados e munic\u00edpios nos limites dos valores recebidos pelo governo federal. Na semana passada, o caso do <strong>piso de enfermagem<\/strong> voltou a ser julgado ap\u00f3s dois pedidos de vista diante de diverg\u00eancias apresentadas pelos ministros em rela\u00e7\u00e3o \u00e0 operacionaliza\u00e7\u00e3o do pagamento.<\/p>\n\n\n\t<p>\n\t\t<a href=\"https:\/\/lp.suno.com.br\/suno-one\/?utm_campaign=_SNC6964518A_\" target=\"_blank\" data-element=\"shortcode-suno-banner\" title=\"Banner SUNO, clique e saiba mais\">\n\t\t\t<picture>\n\t\t\t\t<source media=\"(max-width: 500px)\" srcset=\"https:\/\/files.sunoresearch.com.br\/n\/uploads\/2025\/09\/400x300-Suno-One-png.webp\">\n\t\t\t\t<img class=\"newsContent__article__imgCapa newsContent__article__imgCapa--banner\"\n\t\t\t\t\tsrc=\"https:\/\/files.sunoresearch.com.br\/n\/uploads\/2025\/09\/1420x240-Suno-One-png.webp\"\n\t\t\t\t\tdata-promo-id=\"383121\"\t\t\t\t\t\t\t\t\t\twidth='1420' height='240'\t\t\t\t\talt=\"https:\/\/files.sunoresearch.com.br\/n\/uploads\/2025\/09\/1420x240-Suno-One-png.webp\"\n\t\t\t\t>\n\t\t\t<\/picture>\n\t\t<\/a>\n\t<\/p>\n\n\n","protected":false},"excerpt":{"rendered":"<p>O Supremo Tribunal Federal (STF) concluiu, na noite desta sexta-feira (30), o julgamento sobre a validade do pagamento do piso de enfermagem, que vale para esses profissionais em todo o pa\u00eds. A maioria dos ministros votou a favor do pagamento conforme a lei para os profissionais que s\u00e3o servidores p\u00fablicos da Uni\u00e3o, de autarquias e [&hellip;]<\/p>\n","protected":false},"author":98,"featured_media":408565,"comment_status":"closed","ping_status":"closed","sticky":false,"template":"","format":"standard","meta":[],"categories":[62],"tags":[785],"suno_strategy":[],"class_list":["post-423970","post","type-post","status-publish","format-standard","has-post-thumbnail","hentry","category-economia","tag-supremo-tribunal-federal-stf"],"yoast_head":"<!-- This site is optimized with the Yoast SEO plugin v24.4 - https:\/\/yoast.com\/wordpress\/plugins\/seo\/ -->\n<title>Piso de enfermagem: STF vota a favor do pagamento; veja o valor<\/title>\n<meta name=\"description\" content=\"O STF concluiu o julgamento sobre a validade do pagamento do piso de enfermagem, que vale para esses profissionais em todo o pa\u00eds\" \/>\n<meta name=\"robots\" content=\"index, follow, max-snippet:-1, max-image-preview:large, max-video-preview:-1\" \/>\n<link rel=\"canonical\" href=\"https:\/\/www.suno.com.br\/noticias\/piso-enfermagem-stf-voto-favoravel\/\" \/>\n<meta property=\"og:locale\" content=\"pt_BR\" \/>\n<meta property=\"og:type\" content=\"article\" \/>\n<meta property=\"og:title\" content=\"Piso de enfermagem: STF vota a favor do pagamento; veja o valor\" \/>\n<meta property=\"og:description\" content=\"O STF concluiu o julgamento sobre a validade do pagamento do piso de enfermagem, que vale para esses profissionais em todo o pa\u00eds\" \/>\n<meta property=\"og:url\" content=\"https:\/\/www.suno.com.br\/noticias\/piso-enfermagem-stf-voto-favoravel\/\" \/>\n<meta property=\"og:site_name\" content=\"Suno Not\u00edcias\" \/>\n<meta property=\"article:publisher\" content=\"https:\/\/facebook.com\/sunoresearch\" \/>\n<meta property=\"og:image\" content=\"https:\/\/files.sunoresearch.com.br\/n\/uploads\/2023\/05\/brasilia-stf.jpg\" \/>\n\t<meta property=\"og:image:width\" content=\"1200\" \/>\n\t<meta property=\"og:image:height\" content=\"800\" \/>\n\t<meta property=\"og:image:type\" content=\"image\/jpeg\" \/>\n<meta name=\"author\" content=\"Marco Ant\u00f4nio Lopes\" \/>\n<meta name=\"twitter:card\" content=\"summary_large_image\" \/>\n<meta name=\"twitter:creator\" content=\"@sunoresearch\" \/>\n<meta name=\"twitter:site\" content=\"@sunoresearch\" \/>\n<meta name=\"twitter:label1\" content=\"Escrito por\" \/>\n\t<meta name=\"twitter:data1\" content=\"Marco Ant\u00f4nio Lopes\" \/>\n\t<meta name=\"twitter:label2\" content=\"Est. tempo de leitura\" \/>\n\t<meta name=\"twitter:data2\" content=\"3 minutos\" \/>\n<script type=\"application\/ld+json\" class=\"yoast-schema-graph\">{\"@context\":\"https:\/\/schema.org\",\"@graph\":[{\"@type\":\"NewsArticle\",\"@id\":\"https:\/\/www.suno.com.br\/noticias\/piso-enfermagem-stf-voto-favoravel\/#article\",\"isPartOf\":{\"@id\":\"https:\/\/www.suno.com.br\/noticias\/piso-enfermagem-stf-voto-favoravel\/\"},\"author\":{\"name\":\"Marco Ant\u00f4nio Lopes\",\"@id\":\"https:\/\/www.suno.com.br\/noticias\/#\/schema\/person\/829bbe8d57f84333b966b96229c6bf5f\"},\"headline\":\"Piso de enfermagem: STF conclui julgamento e d\u00e1 parecer favor\u00e1vel ao pagamento; veja o valor\",\"datePublished\":\"2023-07-01T19:38:56+00:00\",\"dateModified\":\"2023-07-01T19:45:54+00:00\",\"mainEntityOfPage\":{\"@id\":\"https:\/\/www.suno.com.br\/noticias\/piso-enfermagem-stf-voto-favoravel\/\"},\"wordCount\":517,\"publisher\":{\"@id\":\"https:\/\/www.suno.com.br\/noticias\/#organization\"},\"image\":{\"@id\":\"https:\/\/www.suno.com.br\/noticias\/piso-enfermagem-stf-voto-favoravel\/#primaryimage\"},\"thumbnailUrl\":\"https:\/\/files.sunoresearch.com.br\/n\/uploads\/2023\/05\/brasilia-stf.jpg\",\"keywords\":[\"Supremo Tribunal Federal (STF)\"],\"articleSection\":[\"Economia\"],\"inLanguage\":\"pt-BR\"},{\"@type\":\"WebPage\",\"@id\":\"https:\/\/www.suno.com.br\/noticias\/piso-enfermagem-stf-voto-favoravel\/\",\"url\":\"https:\/\/www.suno.com.br\/noticias\/piso-enfermagem-stf-voto-favoravel\/\",\"name\":\"Piso de enfermagem: STF vota a favor do pagamento; veja o valor\",\"isPartOf\":{\"@id\":\"https:\/\/www.suno.com.br\/noticias\/#website\"},\"primaryImageOfPage\":{\"@id\":\"https:\/\/www.suno.com.br\/noticias\/piso-enfermagem-stf-voto-favoravel\/#primaryimage\"},\"image\":{\"@id\":\"https:\/\/www.suno.com.br\/noticias\/piso-enfermagem-stf-voto-favoravel\/#primaryimage\"},\"thumbnailUrl\":\"https:\/\/files.sunoresearch.com.br\/n\/uploads\/2023\/05\/brasilia-stf.jpg\",\"datePublished\":\"2023-07-01T19:38:56+00:00\",\"dateModified\":\"2023-07-01T19:45:54+00:00\",\"description\":\"O STF concluiu o julgamento sobre a validade do pagamento do piso de enfermagem, que vale para esses profissionais em todo o pa\u00eds\",\"breadcrumb\":{\"@id\":\"https:\/\/www.suno.com.br\/noticias\/piso-enfermagem-stf-voto-favoravel\/#breadcrumb\"},\"inLanguage\":\"pt-BR\",\"potentialAction\":[{\"@type\":\"ReadAction\",\"target\":[\"https:\/\/www.suno.com.br\/noticias\/piso-enfermagem-stf-voto-favoravel\/\"]}]},{\"@type\":\"ImageObject\",\"inLanguage\":\"pt-BR\",\"@id\":\"https:\/\/www.suno.com.br\/noticias\/piso-enfermagem-stf-voto-favoravel\/#primaryimage\",\"url\":\"https:\/\/files.sunoresearch.com.br\/n\/uploads\/2023\/05\/brasilia-stf.jpg\",\"contentUrl\":\"https:\/\/files.sunoresearch.com.br\/n\/uploads\/2023\/05\/brasilia-stf.jpg\",\"width\":1200,\"height\":800,\"caption\":\"Bras\u00edlia - Foto: iStock\"},{\"@type\":\"BreadcrumbList\",\"@id\":\"https:\/\/www.suno.com.br\/noticias\/piso-enfermagem-stf-voto-favoravel\/#breadcrumb\",\"itemListElement\":[{\"@type\":\"ListItem\",\"position\":1,\"name\":\"Not\u00edcias\",\"item\":\"https:\/\/www.suno.com.br\/noticias\/\"},{\"@type\":\"ListItem\",\"position\":2,\"name\":\"Economia\",\"item\":\"https:\/\/www.suno.com.br\/noticias\/economia\/\"},{\"@type\":\"ListItem\",\"position\":3,\"name\":\"Piso de enfermagem: STF conclui julgamento e d\u00e1 parecer favor\u00e1vel ao pagamento; veja o valor\"}]},{\"@type\":\"WebSite\",\"@id\":\"https:\/\/www.suno.com.br\/noticias\/#website\",\"url\":\"https:\/\/www.suno.com.br\/noticias\/\",\"name\":\"Suno Not\u00edcias\",\"description\":\"Seu portal de informa\u00e7\u00e3o sobre o mundo dos investimentos\",\"publisher\":{\"@id\":\"https:\/\/www.suno.com.br\/noticias\/#organization\"},\"potentialAction\":[{\"@type\":\"SearchAction\",\"target\":{\"@type\":\"EntryPoint\",\"urlTemplate\":\"https:\/\/www.suno.com.br\/noticias\/?s={search_term_string}\"},\"query-input\":{\"@type\":\"PropertyValueSpecification\",\"valueRequired\":true,\"valueName\":\"search_term_string\"}}],\"inLanguage\":\"pt-BR\"},{\"@type\":\"Organization\",\"@id\":\"https:\/\/www.suno.com.br\/noticias\/#organization\",\"name\":\"Suno Not\u00edcias\",\"url\":\"https:\/\/www.suno.com.br\/noticias\/\",\"logo\":{\"@type\":\"ImageObject\",\"inLanguage\":\"pt-BR\",\"@id\":\"https:\/\/www.suno.com.br\/noticias\/#\/schema\/logo\/image\/\",\"url\":\"https:\/\/files.sunoresearch.com.br\/n\/uploads\/2021\/09\/suno-logo.png\",\"contentUrl\":\"https:\/\/files.sunoresearch.com.br\/n\/uploads\/2021\/09\/suno-logo.png\",\"width\":180,\"height\":180,\"caption\":\"Suno Not\u00edcias\"},\"image\":{\"@id\":\"https:\/\/www.suno.com.br\/noticias\/#\/schema\/logo\/image\/\"},\"sameAs\":[\"https:\/\/facebook.com\/sunoresearch\",\"https:\/\/x.com\/sunoresearch\",\"https:\/\/www.instagram.com\/suno\",\"https:\/\/www.linkedin.com\/company\/suno-research\/\",\"https:\/\/www.youtube.com\/c\/sunoresearch\"]},{\"@type\":\"Person\",\"@id\":\"https:\/\/www.suno.com.br\/noticias\/#\/schema\/person\/829bbe8d57f84333b966b96229c6bf5f\",\"name\":\"Marco Ant\u00f4nio Lopes\",\"image\":{\"@type\":\"ImageObject\",\"inLanguage\":\"pt-BR\",\"@id\":\"https:\/\/www.suno.com.br\/noticias\/#\/schema\/person\/image\/\",\"url\":\"https:\/\/secure.gravatar.com\/avatar\/385167b012fbc1cde32c5446ee253313?s=96&r=g\",\"contentUrl\":\"https:\/\/secure.gravatar.com\/avatar\/385167b012fbc1cde32c5446ee253313?s=96&r=g\",\"caption\":\"Marco Ant\u00f4nio Lopes\"},\"description\":\"Jornalista, \u00e9 editor no Suno Not\u00edcias. Trabalhou nas revistas Playboy, Super, Veja Comer &amp; Beber, Homem Vogue e Universo Masculino, al\u00e9m dos portais Abril.com, R7, nas editorias de Home, Esportes, Hora 7, Entretenimento e Geral, e Eu Quero Investir. Autor do livro Bruce Lee: Definitivo (Editora Conrad). Colaborou nas revistas Nova, Veja SP, Grandes Guerras, Placar, Bizz, Casa Claudia e Quatro Rodas.\",\"url\":\"https:\/\/www.suno.com.br\/noticias\/author\/marco-lopes\/\"}]}<\/script>\n<!-- \/ Yoast SEO plugin. -->","yoast_head_json":{"title":"Piso de enfermagem: STF vota a favor do pagamento; veja o valor","description":"O STF concluiu o julgamento sobre a validade do pagamento do piso de enfermagem, que vale para esses profissionais em todo o pa\u00eds","robots":{"index":"index","follow":"follow","max-snippet":"max-snippet:-1","max-image-preview":"max-image-preview:large","max-video-preview":"max-video-preview:-1"},"canonical":"https:\/\/www.suno.com.br\/noticias\/piso-enfermagem-stf-voto-favoravel\/","og_locale":"pt_BR","og_type":"article","og_title":"Piso de enfermagem: STF vota a favor do pagamento; veja o valor","og_description":"O STF concluiu o julgamento sobre a validade do pagamento do piso de enfermagem, que vale para esses profissionais em todo o pa\u00eds","og_url":"https:\/\/www.suno.com.br\/noticias\/piso-enfermagem-stf-voto-favoravel\/","og_site_name":"Suno Not\u00edcias","article_publisher":"https:\/\/facebook.com\/sunoresearch","og_image":[{"width":1200,"height":800,"url":"https:\/\/files.sunoresearch.com.br\/n\/uploads\/2023\/05\/brasilia-stf.jpg","type":"image\/jpeg"}],"author":"Marco Ant\u00f4nio Lopes","twitter_card":"summary_large_image","twitter_creator":"@sunoresearch","twitter_site":"@sunoresearch","twitter_misc":{"Escrito por":"Marco Ant\u00f4nio Lopes","Est. tempo de leitura":"3 minutos"},"schema":{"@context":"https:\/\/schema.org","@graph":[{"@type":"NewsArticle","@id":"https:\/\/www.suno.com.br\/noticias\/piso-enfermagem-stf-voto-favoravel\/#article","isPartOf":{"@id":"https:\/\/www.suno.com.br\/noticias\/piso-enfermagem-stf-voto-favoravel\/"},"author":{"name":"Marco Ant\u00f4nio Lopes","@id":"https:\/\/www.suno.com.br\/noticias\/#\/schema\/person\/829bbe8d57f84333b966b96229c6bf5f"},"headline":"Piso de enfermagem: STF conclui julgamento e d\u00e1 parecer favor\u00e1vel ao pagamento; veja o valor","datePublished":"2023-07-01T19:38:56+00:00","dateModified":"2023-07-01T19:45:54+00:00","mainEntityOfPage":{"@id":"https:\/\/www.suno.com.br\/noticias\/piso-enfermagem-stf-voto-favoravel\/"},"wordCount":517,"publisher":{"@id":"https:\/\/www.suno.com.br\/noticias\/#organization"},"image":{"@id":"https:\/\/www.suno.com.br\/noticias\/piso-enfermagem-stf-voto-favoravel\/#primaryimage"},"thumbnailUrl":"https:\/\/files.sunoresearch.com.br\/n\/uploads\/2023\/05\/brasilia-stf.jpg","keywords":["Supremo Tribunal Federal (STF)"],"articleSection":["Economia"],"inLanguage":"pt-BR"},{"@type":"WebPage","@id":"https:\/\/www.suno.com.br\/noticias\/piso-enfermagem-stf-voto-favoravel\/","url":"https:\/\/www.suno.com.br\/noticias\/piso-enfermagem-stf-voto-favoravel\/","name":"Piso de enfermagem: STF vota a favor do pagamento; veja o valor","isPartOf":{"@id":"https:\/\/www.suno.com.br\/noticias\/#website"},"primaryImageOfPage":{"@id":"https:\/\/www.suno.com.br\/noticias\/piso-enfermagem-stf-voto-favoravel\/#primaryimage"},"image":{"@id":"https:\/\/www.suno.com.br\/noticias\/piso-enfermagem-stf-voto-favoravel\/#primaryimage"},"thumbnailUrl":"https:\/\/files.sunoresearch.com.br\/n\/uploads\/2023\/05\/brasilia-stf.jpg","datePublished":"2023-07-01T19:38:56+00:00","dateModified":"2023-07-01T19:45:54+00:00","description":"O STF concluiu o julgamento sobre a validade do pagamento do piso de enfermagem, que vale para esses profissionais em todo o pa\u00eds","breadcrumb":{"@id":"https:\/\/www.suno.com.br\/noticias\/piso-enfermagem-stf-voto-favoravel\/#breadcrumb"},"inLanguage":"pt-BR","potentialAction":[{"@type":"ReadAction","target":["https:\/\/www.suno.com.br\/noticias\/piso-enfermagem-stf-voto-favoravel\/"]}]},{"@type":"ImageObject","inLanguage":"pt-BR","@id":"https:\/\/www.suno.com.br\/noticias\/piso-enfermagem-stf-voto-favoravel\/#primaryimage","url":"https:\/\/files.sunoresearch.com.br\/n\/uploads\/2023\/05\/brasilia-stf.jpg","contentUrl":"https:\/\/files.sunoresearch.com.br\/n\/uploads\/2023\/05\/brasilia-stf.jpg","width":1200,"height":800,"caption":"Bras\u00edlia - Foto: iStock"},{"@type":"BreadcrumbList","@id":"https:\/\/www.suno.com.br\/noticias\/piso-enfermagem-stf-voto-favoravel\/#breadcrumb","itemListElement":[{"@type":"ListItem","position":1,"name":"Not\u00edcias","item":"https:\/\/www.suno.com.br\/noticias\/"},{"@type":"ListItem","position":2,"name":"Economia","item":"https:\/\/www.suno.com.br\/noticias\/economia\/"},{"@type":"ListItem","position":3,"name":"Piso de enfermagem: STF conclui julgamento e d\u00e1 parecer favor\u00e1vel ao pagamento; veja o valor"}]},{"@type":"WebSite","@id":"https:\/\/www.suno.com.br\/noticias\/#website","url":"https:\/\/www.suno.com.br\/noticias\/","name":"Suno Not\u00edcias","description":"Seu portal de informa\u00e7\u00e3o sobre o mundo dos investimentos","publisher":{"@id":"https:\/\/www.suno.com.br\/noticias\/#organization"},"potentialAction":[{"@type":"SearchAction","target":{"@type":"EntryPoint","urlTemplate":"https:\/\/www.suno.com.br\/noticias\/?s={search_term_string}"},"query-input":{"@type":"PropertyValueSpecification","valueRequired":true,"valueName":"search_term_string"}}],"inLanguage":"pt-BR"},{"@type":"Organization","@id":"https:\/\/www.suno.com.br\/noticias\/#organization","name":"Suno Not\u00edcias","url":"https:\/\/www.suno.com.br\/noticias\/","logo":{"@type":"ImageObject","inLanguage":"pt-BR","@id":"https:\/\/www.suno.com.br\/noticias\/#\/schema\/logo\/image\/","url":"https:\/\/files.sunoresearch.com.br\/n\/uploads\/2021\/09\/suno-logo.png","contentUrl":"https:\/\/files.sunoresearch.com.br\/n\/uploads\/2021\/09\/suno-logo.png","width":180,"height":180,"caption":"Suno Not\u00edcias"},"image":{"@id":"https:\/\/www.suno.com.br\/noticias\/#\/schema\/logo\/image\/"},"sameAs":["https:\/\/facebook.com\/sunoresearch","https:\/\/x.com\/sunoresearch","https:\/\/www.instagram.com\/suno","https:\/\/www.linkedin.com\/company\/suno-research\/","https:\/\/www.youtube.com\/c\/sunoresearch"]},{"@type":"Person","@id":"https:\/\/www.suno.com.br\/noticias\/#\/schema\/person\/829bbe8d57f84333b966b96229c6bf5f","name":"Marco Ant\u00f4nio Lopes","image":{"@type":"ImageObject","inLanguage":"pt-BR","@id":"https:\/\/www.suno.com.br\/noticias\/#\/schema\/person\/image\/","url":"https:\/\/secure.gravatar.com\/avatar\/385167b012fbc1cde32c5446ee253313?s=96&r=g","contentUrl":"https:\/\/secure.gravatar.com\/avatar\/385167b012fbc1cde32c5446ee253313?s=96&r=g","caption":"Marco Ant\u00f4nio Lopes"},"description":"Jornalista, \u00e9 editor no Suno Not\u00edcias. Trabalhou nas revistas Playboy, Super, Veja Comer &amp; Beber, Homem Vogue e Universo Masculino, al\u00e9m dos portais Abril.com, R7, nas editorias de Home, Esportes, Hora 7, Entretenimento e Geral, e Eu Quero Investir. Autor do livro Bruce Lee: Definitivo (Editora Conrad). Colaborou nas revistas Nova, Veja SP, Grandes Guerras, Placar, Bizz, Casa Claudia e Quatro Rodas.","url":"https:\/\/www.suno.com.br\/noticias\/author\/marco-lopes\/"}]}},"default_loop_html":"<div class=\"cardsPage__listCard__boxs\"><div class=\"cardsPage__listCard__boxs__img\"><a href=\"https:\/\/www.suno.com.br\/noticias\/piso-enfermagem-stf-voto-favoravel\/\"><img class=\"mask\" src=\"https:\/\/www.suno.com.br\/noticias\/wp-content\/themes\/suno\/resources\/images\/spotlight\/spotlight1img\/bg-mask.png\" alt=\"Image Mask\"\/><img src=\"https:\/\/files.sunoresearch.com.br\/n\/uploads\/2023\/05\/brasilia-stf-400x200.jpg\" alt=\"Piso de enfermagem: STF conclui julgamento e d\u00e1 parecer favor\u00e1vel ao pagamento; veja o valor\"\/><\/a><span class=\"spotlightCategory\"><a href=\"https:\/\/www.suno.com.br\/noticias\/economia\/\">Economia<\/a><\/span><\/div><div class=\"cardsPage__listCard__boxs__content\"><a href=\"https:\/\/www.suno.com.br\/noticias\/piso-enfermagem-stf-voto-favoravel\/\"><h2 class=\"content__title\">Piso de enfermagem: STF conclui julgamento e d\u00e1 parecer favor\u00e1vel ao pagamento; veja o valor<\/h2><\/a><div class=\"newsContent__article__meta\"><div class=\"newsContent__article__meta__authorBox\"><a href=\"https:\/\/www.suno.com.br\/noticias\/author\/marco-lopes\/\" class=\"authorBox__avatar noMobi\"><img src=\"https:\/\/secure.gravatar.com\/avatar\/385167b012fbc1cde32c5446ee253313?s=96&#038;r=g\" alt=\"Marco Ant\u00f4nio Lopes\"><\/a><div class=\"authorBox__name\"><span>por\n\t\t\t<a href=\"https:\/\/www.suno.com.br\/noticias\/author\/marco-lopes\/\"><span itemprop=\"author\">Marco Ant\u00f4nio Lopes<\/span><\/a><\/span><time datetime=\"2023-07-01T16:38:56-03:00\" itemprop=\"datePublished\">01\/07\/2023 16:38<\/time><\/div><\/div><\/div><\/div><\/div>","single_layout":"posts","amp_enabled":true,"_links":{"self":[{"href":"https:\/\/www.suno.com.br\/noticias\/wp-json\/wp\/v2\/posts\/423970"}],"collection":[{"href":"https:\/\/www.suno.com.br\/noticias\/wp-json\/wp\/v2\/posts"}],"about":[{"href":"https:\/\/www.suno.com.br\/noticias\/wp-json\/wp\/v2\/types\/post"}],"author":[{"embeddable":true,"href":"https:\/\/www.suno.com.br\/noticias\/wp-json\/wp\/v2\/users\/98"}],"replies":[{"embeddable":true,"href":"https:\/\/www.suno.com.br\/noticias\/wp-json\/wp\/v2\/comments?post=423970"}],"version-history":[{"count":3,"href":"https:\/\/www.suno.com.br\/noticias\/wp-json\/wp\/v2\/posts\/423970\/revisions"}],"predecessor-version":[{"id":423977,"href":"https:\/\/www.suno.com.br\/noticias\/wp-json\/wp\/v2\/posts\/423970\/revisions\/423977"}],"wp:featuredmedia":[{"embeddable":true,"href":"https:\/\/www.suno.com.br\/noticias\/wp-json\/wp\/v2\/media\/408565"}],"wp:attachment":[{"href":"https:\/\/www.suno.com.br\/noticias\/wp-json\/wp\/v2\/media?parent=423970"}],"wp:term":[{"taxonomy":"category","embeddable":true,"href":"https:\/\/www.suno.com.br\/noticias\/wp-json\/wp\/v2\/categories?post=423970"},{"taxonomy":"post_tag","embeddable":true,"href":"https:\/\/www.suno.com.br\/noticias\/wp-json\/wp\/v2\/tags?post=423970"},{"taxonomy":"suno_strategy","embeddable":true,"href":"https:\/\/www.suno.com.br\/noticias\/wp-json\/wp\/v2\/suno_strategy?post=423970"}],"curies":[{"name":"wp","href":"https:\/\/api.w.org\/{rel}","templated":true}]}}