{"id":42356,"date":"2019-10-24T21:52:20","date_gmt":"2019-10-24T23:52:20","guid":{"rendered":"https:\/\/www.suno.com.br\/noticias\/?p=42356"},"modified":"2019-10-24T21:52:20","modified_gmt":"2019-10-24T23:52:20","slug":"crise-de-1929-90-anos","status":"publish","type":"post","link":"https:\/\/www.suno.com.br\/noticias\/crise-de-1929-90-anos\/","title":{"rendered":"Crise de 1929: Quebra da Bolsa de Nova York completa 90 anos"},"content":{"rendered":"<p>Nesta quinta-feira (24), completam-se 90 anos da quebra da <a href=\"https:\/\/www.suno.com.br\/artigos\/nyse\/\"><strong>Bolsa de Valores<\/strong> <\/a><strong><a href=\"https:\/\/www.suno.com.br\/artigos\/nyse\/\">de Nova York<\/a>.<\/strong> Em 24 de outubro de 1929 a maioria das a\u00e7\u00f5es de empresas americanas registraram uma forte queda, gerando o p\u00e2nico no mercado financeiro.<\/p>\t<div class=\"wrapper-featured-image\">\n\t\t<figure class=\"spotlightImg\">\n\n\t\t\t<picture>\n\t\t\t\t<source media=\"(max-width: 768px)\" srcset=\"https:\/\/files.sunoresearch.com.br\/n\/uploads\/2019\/10\/6e184bc0-1929-400x200.webp\">\n\t\t\t\t<img loading=\"lazy\" decoding=\"async\" class=\"newsContent__article__imgCapa lazyloadDisabled newsContent__article__imgCapa--noCaption\" src=\"https:\/\/files.sunoresearch.com.br\/n\/uploads\/2019\/10\/6e184bc0-1929.jpg\" width=\"800\" height=\"450\" alt=\"Crise de 1929: Quebra da Bolsa de Nova York completa 90 anos\" fetchpriority=high \/>\n\t\t\t<\/picture>\n\n\t\t\t<figcaption class=\"wp-caption-text wp-caption-text--hide\">Crise de 1929: Quebra da Bolsa de Nova York completa 90 anos<\/figcaption>\n\t\t<\/figure>\n\t<\/div>\n\n\n\n<p>O epis\u00f3dio, que ficou conhecido como a <strong><a href=\"https:\/\/www.suno.com.br\/artigos\/a-grande-depressao\/\">crise de 1929<\/a><\/strong> provocou um enorme impacto na <strong>economia norte-americana<\/strong> e do resto do mundo. Iniciando uma d\u00e9cada de depress\u00e3o econ\u00f4mica.<\/p>\n<p>Para entender a <strong>crise de 1929,<\/strong> \u00e9 preciso compreender o contexto em que se encontravam os <strong>Estados Unidos<\/strong> e a economia mundial naquele per\u00edodo. Ap\u00f3s o fim da <strong>Primeira Guerra Mundial<\/strong> (1914-1919), v\u00e1rios pa\u00edses da Europa viviam uma situa\u00e7\u00e3o delicada. Suas economias sa\u00edram do conflito enfraquecidas, os consumos se contra\u00edam, a infla\u00e7\u00e3o disparava e as contas p\u00fablicas estavam fora de controle.<\/p>\n<p>Os <strong>Estados Unidos,<\/strong> por outro lado, passavam por um crescimento industrial e urbano acelerado no <strong>p\u00f3s<\/strong>&#8211;<strong>guerra.<\/strong> O pa\u00eds se beneficiou com a exporta\u00e7\u00e3o de bens industriais e de consumo para os pa\u00edses europeus no per\u00edodo entre guerras. Al\u00e9m disso, os grandes bancos privados norte-americanos financiaram boa parte da economia europeia.<\/p>\n<p>Era a \u00e9poca dos <strong>&#8220;Gloriosos anos vinte&#8221;.<\/strong> O desemprego nos Estados Unidos era baixo, a produ\u00e7\u00e3o agricultura avan\u00e7ava, as industrias produziam a todo vapor, os pre\u00e7os dos produtos diminu\u00edam e o consumo era incentivado pela expans\u00e3o do cr\u00e9dito e pelo parcelamento do pagamento de mercadorias.<\/p>\n\t<p>\n\t\t<a href=\"https:\/\/lp2.suno.com.br\/pv\/eu-invisto-2026\/?utm_source=suno-noticias&#038;utm_medium=banner&#038;utm_campaign=_SNC4CCF8112_\" target=\"_blank\" data-element=\"shortcode-suno-banner\" title=\"Banner SUNO, clique e saiba mais\">\n\t\t\t<picture>\n\t\t\t\t<source media=\"(max-width: 500px)\" srcset=\"https:\/\/files.sunoresearch.com.br\/n\/uploads\/2025\/12\/Banner-Materias-01-Mbl_-400x300-1-png.webp\">\n\t\t\t\t<img class=\"newsContent__article__imgCapa newsContent__article__imgCapa--banner\"\n\t\t\t\t\tsrc=\"https:\/\/files.sunoresearch.com.br\/n\/uploads\/2025\/12\/Banner-Materias-01-Dkp_-1420x240-1-png.webp\"\n\t\t\t\t\tdata-promo-id=\"635514\"\t\t\t\t\t\t\t\t\t\twidth='1420' height='240'\t\t\t\t\talt=\"https:\/\/files.sunoresearch.com.br\/n\/uploads\/2025\/12\/Banner-Materias-01-Dkp_-1420x240-1-png.webp\"\n\t\t\t\t>\n\t\t\t<\/picture>\n\t\t<\/a>\n\t<\/p>\n\n\n<p>Com esse cen\u00e1rio de bonan\u00e7a, muitas pessoas acabaram se endividando para comprar a\u00e7\u00f5es na <strong>Bolsa de Valores de Nova York.<\/strong> A procura por empr\u00e9stimos era t\u00e3o grande que a soma das d\u00edvidas existentes era maior do que todo o dinheiro que circulava nos Estados Unidos \u00e0 \u00e9poca.<\/p>\n<p>Mas, com o passar do tempo, a <strong>economia europeia<\/strong> se restabeleceu e esses pa\u00edses passaram a importar cada vez menos produtos dos <strong>EUA.<\/strong> Al\u00e9m disso, inova\u00e7\u00f5es tecnol\u00f3gicas, como a inven\u00e7\u00e3o dos tratores mecanizados, fizeram com que a produ\u00e7\u00e3o agr\u00edcola mudasse. Dessa forma, apesar de aumentar a produ\u00e7\u00e3o de alimentos, o desemprego come\u00e7ou a crescer nos campos.<\/p>\n<p><a href=\"https:\/\/www.suno.com.br\/noticias\/dolar-alta-adiamento-brexit-24102019\/\">Confira tamb\u00e9m: D\u00f3lar encerra em alta de 0,3% com poss\u00edvel adiamento do Brexit<\/a><\/p>\n<p>O excesso de endividamento, junto com as mudan\u00e7as na economia e no com\u00e9rcio internacional, levaram a fal\u00eancia de muitos bancos. Especialmente aqueles que concediam empr\u00e9stimos rurais, j\u00e1 que a agricultura n\u00e3o era mais t\u00e3o lucrativa.<\/p>\n<p>Mas foi a decis\u00e3o do <strong><a href=\"https:\/\/www.suno.com.br\/artigos\/fed\/\">Federal Reserve (Fed), o Banco Central norte-americano<\/a><\/strong> em agosto de 1929, de aumentar as taxas de juros entre 5% e 6% ao ano que agravou a crise.<\/p>\n<p>A alta acabou pressionando o mercado de a\u00e7\u00f5es, que come\u00e7a a entrar em queda a partir de setembro do mesmo ano. Baixas sucessivas geraram um &#8220;efeito domin\u00f3&#8221;, que culminou na grande queda no dia 24 de outubro de 2019. A data ficou conhecida como &#8220;<strong>quinta-feira negra<\/strong>&#8220;. J\u00e1 na abertura dos neg\u00f3cios do dia, o \u00edndice <strong>Dow Jones<\/strong> recuou 11%.<\/p>\n\t<p>\n\t\t<a href=\"https:\/\/lp.suno.com.br\/minicurso-contabilidade\/\" target=\"_blank\" data-element=\"shortcode-suno-banner\" title=\"Banner SUNO, clique e saiba mais\">\n\t\t\t<picture>\n\t\t\t\t<source media=\"(max-width: 500px)\" srcset=\"https:\/\/files.sunoresearch.com.br\/n\/uploads\/2023\/03\/400x300-Minicurso-Contabilidade.png\">\n\t\t\t\t<img class=\"newsContent__article__imgCapa newsContent__article__imgCapa--banner\"\n\t\t\t\t\tsrc=\"https:\/\/files.sunoresearch.com.br\/n\/uploads\/2023\/03\/1420x240-Minicurso-Contabilidade.png\"\n\t\t\t\t\tdata-promo-id=\"383158\"\t\t\t\t\t\t\t\t\t\twidth='1420' height='240'\t\t\t\t\talt=\"https:\/\/files.sunoresearch.com.br\/n\/uploads\/2023\/03\/1420x240-Minicurso-Contabilidade.png\"\n\t\t\t\t>\n\t\t\t<\/picture>\n\t\t<\/a>\n\t<\/p>\n\n\n<p>Apesar dos esfor\u00e7os de bancos e empresas de investimentos para acalmar o mercado, o \u00edndice de a\u00e7\u00f5es continuou registrando fortes quedas nos dias seguintes. O <strong>Dow Jones<\/strong> recuou 12% na segunda-feira e 12,8% na ter\u00e7a-feira. O \u00edndice seguiu no vermelho durante quatro anos consecutivos, anulando ganhos de quase uma d\u00e9cada na bolsa.<\/p>\n<p>Nos anos seguintes ao <strong>crash<\/strong> <strong>da bolsa,<\/strong> os <strong>Estados Unidos<\/strong> entraram em um per\u00edodo de grande dificuldade econ\u00f4mica que ficou conhecido como a <strong>\u201cGrande Depress\u00e3o\u201d<\/strong>. A desacelera\u00e7\u00e3o da atividade causou um enorme aumento no desemprego, que acabou se estendendo ao longo de todos os anos 1930.<\/p>\n<p>Especialistas divergem sobre se a <strong>crise de 1929<\/strong> contribuiu para <strong>Grande Depress\u00e3o.<\/strong> De acordo com o historiador financeiro <strong>Richard Sylla,<\/strong> &#8220;As pessoas ignoram o fato de que o mercado de a\u00e7\u00f5es teve uma forte recupera\u00e7\u00e3o ap\u00f3s o acidente, porque \u00e9 inconveniente para a hist\u00f3ria. O grande mito \u00e9 que o colapso da bolsa causou a Grande Depress\u00e3o. Isso faz parte do aprendizado de todos os alunos nas escolas, mas os historiadores financeiros n\u00e3o acham que a evid\u00eancia \u00e9 muito forte para isso.&#8221;, disse o especialista em entrevista \u00e0 revista americana &#8220;Time&#8221;.<\/p>\n","protected":false},"excerpt":{"rendered":"<p>Nesta quinta-feira (24), completam-se 90 anos da quebra da Bolsa de Valores de Nova York. Em 24 de outubro de 1929 a maioria das a\u00e7\u00f5es de empresas americanas registraram uma forte queda, gerando o p\u00e2nico no mercado financeiro. Crise de 1929: Quebra da Bolsa de Nova York completa 90 anos O epis\u00f3dio, que ficou conhecido [&hellip;]<\/p>\n","protected":false},"author":23,"featured_media":42362,"comment_status":"closed","ping_status":"closed","sticky":false,"template":"","format":"standard","meta":[],"categories":[63],"tags":[1271,309,900],"suno_strategy":[],"class_list":["post-42356","post","type-post","status-publish","format-standard","has-post-thumbnail","hentry","category-internacional","tag-bolsa-de-nova-york-nyse","tag-bolsa-de-valores","tag-wall-street"],"yoast_head":"<!-- This site is optimized with the Yoast SEO plugin v24.4 - https:\/\/yoast.com\/wordpress\/plugins\/seo\/ -->\n<title>Crise de 1929: Quebra da Bolsa de Nova York completa 90 anos<\/title>\n<meta name=\"description\" content=\"Nesta quinta-feira (24), completam-se 90 anos do epis\u00f3dio, que ficou conhecido como a crise de 1929. Clique aqui para saber mais.\" \/>\n<meta name=\"robots\" content=\"index, follow, max-snippet:-1, max-image-preview:large, max-video-preview:-1\" \/>\n<link rel=\"canonical\" href=\"https:\/\/www.suno.com.br\/noticias\/crise-de-1929-90-anos\/\" \/>\n<meta property=\"og:locale\" content=\"pt_BR\" \/>\n<meta property=\"og:type\" content=\"article\" \/>\n<meta property=\"og:title\" content=\"Crise de 1929: Quebra da Bolsa de Nova York completa 90 anos\" \/>\n<meta property=\"og:description\" content=\"Nesta quinta-feira (24), completam-se 90 anos do epis\u00f3dio, que ficou conhecido como a crise de 1929. Clique aqui para saber mais.\" \/>\n<meta property=\"og:url\" content=\"https:\/\/www.suno.com.br\/noticias\/crise-de-1929-90-anos\/\" \/>\n<meta property=\"og:site_name\" content=\"Suno Not\u00edcias\" \/>\n<meta property=\"article:publisher\" content=\"https:\/\/facebook.com\/sunoresearch\" \/>\n<meta property=\"og:image\" content=\"https:\/\/files.sunoresearch.com.br\/n\/uploads\/2019\/10\/6e184bc0-1929.jpg\" \/>\n\t<meta property=\"og:image:width\" content=\"629\" \/>\n\t<meta property=\"og:image:height\" content=\"487\" \/>\n\t<meta property=\"og:image:type\" content=\"image\/jpeg\" \/>\n<meta name=\"author\" content=\"Rafael Lara\" \/>\n<meta name=\"twitter:card\" content=\"summary_large_image\" \/>\n<meta name=\"twitter:creator\" content=\"@sunoresearch\" \/>\n<meta name=\"twitter:site\" content=\"@sunoresearch\" \/>\n<meta name=\"twitter:label1\" content=\"Escrito por\" \/>\n\t<meta name=\"twitter:data1\" content=\"Rafael Lara\" \/>\n\t<meta name=\"twitter:label2\" content=\"Est. tempo de leitura\" \/>\n\t<meta name=\"twitter:data2\" content=\"4 minutos\" \/>\n<script type=\"application\/ld+json\" class=\"yoast-schema-graph\">{\"@context\":\"https:\/\/schema.org\",\"@graph\":[{\"@type\":\"NewsArticle\",\"@id\":\"https:\/\/www.suno.com.br\/noticias\/crise-de-1929-90-anos\/#article\",\"isPartOf\":{\"@id\":\"https:\/\/www.suno.com.br\/noticias\/crise-de-1929-90-anos\/\"},\"author\":{\"name\":\"Rafael Lara\",\"@id\":\"https:\/\/www.suno.com.br\/noticias\/#\/schema\/person\/098743caeed97b37f51315c9576c4078\"},\"headline\":\"Crise de 1929: Quebra da Bolsa de Nova York completa 90 anos\",\"datePublished\":\"2019-10-24T23:52:20+00:00\",\"mainEntityOfPage\":{\"@id\":\"https:\/\/www.suno.com.br\/noticias\/crise-de-1929-90-anos\/\"},\"wordCount\":719,\"publisher\":{\"@id\":\"https:\/\/www.suno.com.br\/noticias\/#organization\"},\"image\":{\"@id\":\"https:\/\/www.suno.com.br\/noticias\/crise-de-1929-90-anos\/#primaryimage\"},\"thumbnailUrl\":\"https:\/\/files.sunoresearch.com.br\/n\/uploads\/2019\/10\/6e184bc0-1929.jpg\",\"keywords\":[\"Bolsa de Nova York (NYSE)\",\"Bolsa de Valores\",\"Wall Street\"],\"articleSection\":[\"Internacional\"],\"inLanguage\":\"pt-BR\"},{\"@type\":\"WebPage\",\"@id\":\"https:\/\/www.suno.com.br\/noticias\/crise-de-1929-90-anos\/\",\"url\":\"https:\/\/www.suno.com.br\/noticias\/crise-de-1929-90-anos\/\",\"name\":\"Crise de 1929: Quebra da Bolsa de Nova York completa 90 anos\",\"isPartOf\":{\"@id\":\"https:\/\/www.suno.com.br\/noticias\/#website\"},\"primaryImageOfPage\":{\"@id\":\"https:\/\/www.suno.com.br\/noticias\/crise-de-1929-90-anos\/#primaryimage\"},\"image\":{\"@id\":\"https:\/\/www.suno.com.br\/noticias\/crise-de-1929-90-anos\/#primaryimage\"},\"thumbnailUrl\":\"https:\/\/files.sunoresearch.com.br\/n\/uploads\/2019\/10\/6e184bc0-1929.jpg\",\"datePublished\":\"2019-10-24T23:52:20+00:00\",\"description\":\"Nesta quinta-feira (24), completam-se 90 anos do epis\u00f3dio, que ficou conhecido como a crise de 1929. Clique aqui para saber mais.\",\"breadcrumb\":{\"@id\":\"https:\/\/www.suno.com.br\/noticias\/crise-de-1929-90-anos\/#breadcrumb\"},\"inLanguage\":\"pt-BR\",\"potentialAction\":[{\"@type\":\"ReadAction\",\"target\":[\"https:\/\/www.suno.com.br\/noticias\/crise-de-1929-90-anos\/\"]}]},{\"@type\":\"ImageObject\",\"inLanguage\":\"pt-BR\",\"@id\":\"https:\/\/www.suno.com.br\/noticias\/crise-de-1929-90-anos\/#primaryimage\",\"url\":\"https:\/\/files.sunoresearch.com.br\/n\/uploads\/2019\/10\/6e184bc0-1929.jpg\",\"contentUrl\":\"https:\/\/files.sunoresearch.com.br\/n\/uploads\/2019\/10\/6e184bc0-1929.jpg\",\"width\":629,\"height\":487,\"caption\":\"Crise de 1929: Quebra da Bolsa de Nova York completa 90 anos\"},{\"@type\":\"BreadcrumbList\",\"@id\":\"https:\/\/www.suno.com.br\/noticias\/crise-de-1929-90-anos\/#breadcrumb\",\"itemListElement\":[{\"@type\":\"ListItem\",\"position\":1,\"name\":\"Not\u00edcias\",\"item\":\"https:\/\/www.suno.com.br\/noticias\/\"},{\"@type\":\"ListItem\",\"position\":2,\"name\":\"Internacional\",\"item\":\"https:\/\/www.suno.com.br\/noticias\/internacional\/\"},{\"@type\":\"ListItem\",\"position\":3,\"name\":\"Crise de 1929: Quebra da Bolsa de Nova York completa 90 anos\"}]},{\"@type\":\"WebSite\",\"@id\":\"https:\/\/www.suno.com.br\/noticias\/#website\",\"url\":\"https:\/\/www.suno.com.br\/noticias\/\",\"name\":\"Suno Not\u00edcias\",\"description\":\"Seu portal de informa\u00e7\u00e3o sobre o mundo dos investimentos\",\"publisher\":{\"@id\":\"https:\/\/www.suno.com.br\/noticias\/#organization\"},\"potentialAction\":[{\"@type\":\"SearchAction\",\"target\":{\"@type\":\"EntryPoint\",\"urlTemplate\":\"https:\/\/www.suno.com.br\/noticias\/?s={search_term_string}\"},\"query-input\":{\"@type\":\"PropertyValueSpecification\",\"valueRequired\":true,\"valueName\":\"search_term_string\"}}],\"inLanguage\":\"pt-BR\"},{\"@type\":\"Organization\",\"@id\":\"https:\/\/www.suno.com.br\/noticias\/#organization\",\"name\":\"Suno Not\u00edcias\",\"url\":\"https:\/\/www.suno.com.br\/noticias\/\",\"logo\":{\"@type\":\"ImageObject\",\"inLanguage\":\"pt-BR\",\"@id\":\"https:\/\/www.suno.com.br\/noticias\/#\/schema\/logo\/image\/\",\"url\":\"https:\/\/files.sunoresearch.com.br\/n\/uploads\/2021\/09\/suno-logo.png\",\"contentUrl\":\"https:\/\/files.sunoresearch.com.br\/n\/uploads\/2021\/09\/suno-logo.png\",\"width\":180,\"height\":180,\"caption\":\"Suno Not\u00edcias\"},\"image\":{\"@id\":\"https:\/\/www.suno.com.br\/noticias\/#\/schema\/logo\/image\/\"},\"sameAs\":[\"https:\/\/facebook.com\/sunoresearch\",\"https:\/\/x.com\/sunoresearch\",\"https:\/\/www.instagram.com\/suno\",\"https:\/\/www.linkedin.com\/company\/suno-research\/\",\"https:\/\/www.youtube.com\/c\/sunoresearch\"]},{\"@type\":\"Person\",\"@id\":\"https:\/\/www.suno.com.br\/noticias\/#\/schema\/person\/098743caeed97b37f51315c9576c4078\",\"name\":\"Rafael Lara\",\"image\":{\"@type\":\"ImageObject\",\"inLanguage\":\"pt-BR\",\"@id\":\"https:\/\/www.suno.com.br\/noticias\/#\/schema\/person\/image\/\",\"url\":\"https:\/\/secure.gravatar.com\/avatar\/dfc254ab9bb2ea1895d98b9e9dae4bdd?s=96&r=g\",\"contentUrl\":\"https:\/\/secure.gravatar.com\/avatar\/dfc254ab9bb2ea1895d98b9e9dae4bdd?s=96&r=g\",\"caption\":\"Rafael Lara\"},\"description\":\"Rafael Lara cursa jornalismo na Faculdade C\u00e1sper L\u00edbero. Escreve sobre pol\u00edtica, economia e neg\u00f3cios para o portal Suno Not\u00edcias. Antes, colaborou na TV Gazeta na produ\u00e7\u00e3o do programa Edi\u00e7\u00e3o Extra.\",\"url\":\"https:\/\/www.suno.com.br\/noticias\/author\/rafael\/\"}]}<\/script>\n<!-- \/ Yoast SEO plugin. -->","yoast_head_json":{"title":"Crise de 1929: Quebra da Bolsa de Nova York completa 90 anos","description":"Nesta quinta-feira (24), completam-se 90 anos do epis\u00f3dio, que ficou conhecido como a crise de 1929. Clique aqui para saber mais.","robots":{"index":"index","follow":"follow","max-snippet":"max-snippet:-1","max-image-preview":"max-image-preview:large","max-video-preview":"max-video-preview:-1"},"canonical":"https:\/\/www.suno.com.br\/noticias\/crise-de-1929-90-anos\/","og_locale":"pt_BR","og_type":"article","og_title":"Crise de 1929: Quebra da Bolsa de Nova York completa 90 anos","og_description":"Nesta quinta-feira (24), completam-se 90 anos do epis\u00f3dio, que ficou conhecido como a crise de 1929. Clique aqui para saber mais.","og_url":"https:\/\/www.suno.com.br\/noticias\/crise-de-1929-90-anos\/","og_site_name":"Suno Not\u00edcias","article_publisher":"https:\/\/facebook.com\/sunoresearch","og_image":[{"width":629,"height":487,"url":"https:\/\/files.sunoresearch.com.br\/n\/uploads\/2019\/10\/6e184bc0-1929.jpg","type":"image\/jpeg"}],"author":"Rafael Lara","twitter_card":"summary_large_image","twitter_creator":"@sunoresearch","twitter_site":"@sunoresearch","twitter_misc":{"Escrito por":"Rafael Lara","Est. tempo de leitura":"4 minutos"},"schema":{"@context":"https:\/\/schema.org","@graph":[{"@type":"NewsArticle","@id":"https:\/\/www.suno.com.br\/noticias\/crise-de-1929-90-anos\/#article","isPartOf":{"@id":"https:\/\/www.suno.com.br\/noticias\/crise-de-1929-90-anos\/"},"author":{"name":"Rafael Lara","@id":"https:\/\/www.suno.com.br\/noticias\/#\/schema\/person\/098743caeed97b37f51315c9576c4078"},"headline":"Crise de 1929: Quebra da Bolsa de Nova York completa 90 anos","datePublished":"2019-10-24T23:52:20+00:00","mainEntityOfPage":{"@id":"https:\/\/www.suno.com.br\/noticias\/crise-de-1929-90-anos\/"},"wordCount":719,"publisher":{"@id":"https:\/\/www.suno.com.br\/noticias\/#organization"},"image":{"@id":"https:\/\/www.suno.com.br\/noticias\/crise-de-1929-90-anos\/#primaryimage"},"thumbnailUrl":"https:\/\/files.sunoresearch.com.br\/n\/uploads\/2019\/10\/6e184bc0-1929.jpg","keywords":["Bolsa de Nova York (NYSE)","Bolsa de Valores","Wall Street"],"articleSection":["Internacional"],"inLanguage":"pt-BR"},{"@type":"WebPage","@id":"https:\/\/www.suno.com.br\/noticias\/crise-de-1929-90-anos\/","url":"https:\/\/www.suno.com.br\/noticias\/crise-de-1929-90-anos\/","name":"Crise de 1929: Quebra da Bolsa de Nova York completa 90 anos","isPartOf":{"@id":"https:\/\/www.suno.com.br\/noticias\/#website"},"primaryImageOfPage":{"@id":"https:\/\/www.suno.com.br\/noticias\/crise-de-1929-90-anos\/#primaryimage"},"image":{"@id":"https:\/\/www.suno.com.br\/noticias\/crise-de-1929-90-anos\/#primaryimage"},"thumbnailUrl":"https:\/\/files.sunoresearch.com.br\/n\/uploads\/2019\/10\/6e184bc0-1929.jpg","datePublished":"2019-10-24T23:52:20+00:00","description":"Nesta quinta-feira (24), completam-se 90 anos do epis\u00f3dio, que ficou conhecido como a crise de 1929. Clique aqui para saber mais.","breadcrumb":{"@id":"https:\/\/www.suno.com.br\/noticias\/crise-de-1929-90-anos\/#breadcrumb"},"inLanguage":"pt-BR","potentialAction":[{"@type":"ReadAction","target":["https:\/\/www.suno.com.br\/noticias\/crise-de-1929-90-anos\/"]}]},{"@type":"ImageObject","inLanguage":"pt-BR","@id":"https:\/\/www.suno.com.br\/noticias\/crise-de-1929-90-anos\/#primaryimage","url":"https:\/\/files.sunoresearch.com.br\/n\/uploads\/2019\/10\/6e184bc0-1929.jpg","contentUrl":"https:\/\/files.sunoresearch.com.br\/n\/uploads\/2019\/10\/6e184bc0-1929.jpg","width":629,"height":487,"caption":"Crise de 1929: Quebra da Bolsa de Nova York completa 90 anos"},{"@type":"BreadcrumbList","@id":"https:\/\/www.suno.com.br\/noticias\/crise-de-1929-90-anos\/#breadcrumb","itemListElement":[{"@type":"ListItem","position":1,"name":"Not\u00edcias","item":"https:\/\/www.suno.com.br\/noticias\/"},{"@type":"ListItem","position":2,"name":"Internacional","item":"https:\/\/www.suno.com.br\/noticias\/internacional\/"},{"@type":"ListItem","position":3,"name":"Crise de 1929: Quebra da Bolsa de Nova York completa 90 anos"}]},{"@type":"WebSite","@id":"https:\/\/www.suno.com.br\/noticias\/#website","url":"https:\/\/www.suno.com.br\/noticias\/","name":"Suno Not\u00edcias","description":"Seu portal de informa\u00e7\u00e3o sobre o mundo dos investimentos","publisher":{"@id":"https:\/\/www.suno.com.br\/noticias\/#organization"},"potentialAction":[{"@type":"SearchAction","target":{"@type":"EntryPoint","urlTemplate":"https:\/\/www.suno.com.br\/noticias\/?s={search_term_string}"},"query-input":{"@type":"PropertyValueSpecification","valueRequired":true,"valueName":"search_term_string"}}],"inLanguage":"pt-BR"},{"@type":"Organization","@id":"https:\/\/www.suno.com.br\/noticias\/#organization","name":"Suno Not\u00edcias","url":"https:\/\/www.suno.com.br\/noticias\/","logo":{"@type":"ImageObject","inLanguage":"pt-BR","@id":"https:\/\/www.suno.com.br\/noticias\/#\/schema\/logo\/image\/","url":"https:\/\/files.sunoresearch.com.br\/n\/uploads\/2021\/09\/suno-logo.png","contentUrl":"https:\/\/files.sunoresearch.com.br\/n\/uploads\/2021\/09\/suno-logo.png","width":180,"height":180,"caption":"Suno Not\u00edcias"},"image":{"@id":"https:\/\/www.suno.com.br\/noticias\/#\/schema\/logo\/image\/"},"sameAs":["https:\/\/facebook.com\/sunoresearch","https:\/\/x.com\/sunoresearch","https:\/\/www.instagram.com\/suno","https:\/\/www.linkedin.com\/company\/suno-research\/","https:\/\/www.youtube.com\/c\/sunoresearch"]},{"@type":"Person","@id":"https:\/\/www.suno.com.br\/noticias\/#\/schema\/person\/098743caeed97b37f51315c9576c4078","name":"Rafael Lara","image":{"@type":"ImageObject","inLanguage":"pt-BR","@id":"https:\/\/www.suno.com.br\/noticias\/#\/schema\/person\/image\/","url":"https:\/\/secure.gravatar.com\/avatar\/dfc254ab9bb2ea1895d98b9e9dae4bdd?s=96&r=g","contentUrl":"https:\/\/secure.gravatar.com\/avatar\/dfc254ab9bb2ea1895d98b9e9dae4bdd?s=96&r=g","caption":"Rafael Lara"},"description":"Rafael Lara cursa jornalismo na Faculdade C\u00e1sper L\u00edbero. Escreve sobre pol\u00edtica, economia e neg\u00f3cios para o portal Suno Not\u00edcias. Antes, colaborou na TV Gazeta na produ\u00e7\u00e3o do programa Edi\u00e7\u00e3o Extra.","url":"https:\/\/www.suno.com.br\/noticias\/author\/rafael\/"}]}},"default_loop_html":"<div class=\"cardsPage__listCard__boxs\"><div class=\"cardsPage__listCard__boxs__img\"><a href=\"https:\/\/www.suno.com.br\/noticias\/crise-de-1929-90-anos\/\"><img class=\"mask\" src=\"https:\/\/www.suno.com.br\/noticias\/wp-content\/themes\/suno\/resources\/images\/spotlight\/spotlight1img\/bg-mask.png\" alt=\"Image Mask\"\/><img src=\"https:\/\/files.sunoresearch.com.br\/n\/uploads\/2019\/10\/6e184bc0-1929-400x200.webp\" alt=\"Crise de 1929: Quebra da Bolsa de Nova York completa 90 anos\"\/><\/a><span class=\"spotlightCategory\"><a href=\"https:\/\/www.suno.com.br\/noticias\/internacional\/\">Internacional<\/a><\/span><\/div><div class=\"cardsPage__listCard__boxs__content\"><a href=\"https:\/\/www.suno.com.br\/noticias\/crise-de-1929-90-anos\/\"><h2 class=\"content__title\">Crise de 1929: Quebra da Bolsa de Nova York completa 90 anos<\/h2><\/a><div class=\"newsContent__article__meta\"><div class=\"newsContent__article__meta__authorBox\"><a href=\"https:\/\/www.suno.com.br\/noticias\/author\/rafael\/\" class=\"authorBox__avatar noMobi\"><img src=\"https:\/\/secure.gravatar.com\/avatar\/dfc254ab9bb2ea1895d98b9e9dae4bdd?s=96&#038;r=g\" alt=\"Rafael Lara\"><\/a><div class=\"authorBox__name\"><span>por\n\t\t\t<a href=\"https:\/\/www.suno.com.br\/noticias\/author\/rafael\/\"><span itemprop=\"author\">Rafael Lara<\/span><\/a><\/span><time datetime=\"2019-10-24T21:52:20-03:00\" itemprop=\"datePublished\">24\/10\/2019 21:52<\/time><\/div><\/div><\/div><\/div><\/div>","single_layout":"posts","amp_enabled":true,"_links":{"self":[{"href":"https:\/\/www.suno.com.br\/noticias\/wp-json\/wp\/v2\/posts\/42356"}],"collection":[{"href":"https:\/\/www.suno.com.br\/noticias\/wp-json\/wp\/v2\/posts"}],"about":[{"href":"https:\/\/www.suno.com.br\/noticias\/wp-json\/wp\/v2\/types\/post"}],"author":[{"embeddable":true,"href":"https:\/\/www.suno.com.br\/noticias\/wp-json\/wp\/v2\/users\/23"}],"replies":[{"embeddable":true,"href":"https:\/\/www.suno.com.br\/noticias\/wp-json\/wp\/v2\/comments?post=42356"}],"version-history":[{"count":0,"href":"https:\/\/www.suno.com.br\/noticias\/wp-json\/wp\/v2\/posts\/42356\/revisions"}],"wp:featuredmedia":[{"embeddable":true,"href":"https:\/\/www.suno.com.br\/noticias\/wp-json\/wp\/v2\/media\/42362"}],"wp:attachment":[{"href":"https:\/\/www.suno.com.br\/noticias\/wp-json\/wp\/v2\/media?parent=42356"}],"wp:term":[{"taxonomy":"category","embeddable":true,"href":"https:\/\/www.suno.com.br\/noticias\/wp-json\/wp\/v2\/categories?post=42356"},{"taxonomy":"post_tag","embeddable":true,"href":"https:\/\/www.suno.com.br\/noticias\/wp-json\/wp\/v2\/tags?post=42356"},{"taxonomy":"suno_strategy","embeddable":true,"href":"https:\/\/www.suno.com.br\/noticias\/wp-json\/wp\/v2\/suno_strategy?post=42356"}],"curies":[{"name":"wp","href":"https:\/\/api.w.org\/{rel}","templated":true}]}}