{"id":423373,"date":"2023-06-30T12:02:28","date_gmt":"2023-06-30T15:02:28","guid":{"rendered":"https:\/\/www.suno.com.br\/noticias\/?p=423373"},"modified":"2023-06-30T12:02:31","modified_gmt":"2023-06-30T15:02:31","slug":"shein-precas-produzidas-conteminas","status":"publish","type":"post","link":"https:\/\/www.suno.com.br\/noticias\/shein-precas-produzidas-conteminas\/","title":{"rendered":"Pe\u00e7as da Shein no Brasil ser\u00e3o feitas pela Coteminas (CTNM4), no Rio Grande do Norte"},"content":{"rendered":"<p>Com a chegada da <strong>Shein <\/strong>no Brasil, o <a class=\"suno-keyword\" data-force=\"no\" data-priority=\"2\" href=\"https:\/\/www.suno.com.br\/artigos\/ceo\/\" target=\"_blank\" rel=\"noopener\">diretor-presidente<\/a> da Coteminas, Josu\u00e9 Gomes, revelou que a t\u00eaxtil respons\u00e1vel pelas roupas e pe\u00e7as para a e-commerce chinesa alocar\u00e1 sua produ\u00e7\u00e3o na cidade de Maca\u00edba, no Rio Grande do Norte (RN). A produ\u00e7\u00e3o est\u00e1 prevista para iniciar em julho.<\/p>\t<div class=\"wrapper-featured-image\">\n\t\t<figure class=\"spotlightImg\">\n\n\t\t\t<picture>\n\t\t\t\t<source media=\"(max-width: 768px)\" srcset=\"https:\/\/files.sunoresearch.com.br\/n\/uploads\/2023\/05\/comprar-lojas-varejo-400x200.jpg\">\n\t\t\t\t<img loading=\"lazy\" decoding=\"async\" class=\"newsContent__article__imgCapa lazyloadDisabled \" src=\"https:\/\/files.sunoresearch.com.br\/n\/uploads\/2023\/05\/comprar-lojas-varejo-800x450.jpg\" width=\"800\" height=\"450\" alt=\"Pe\u00e7as da Shein no Brasil ser\u00e3o feitas pela Coteminas (CTNM4), no Rio Grande do Norte\" fetchpriority=high \/>\n\t\t\t<\/picture>\n\n\t\t\t<figcaption class=\"wp-caption-text wp-caption-text--show\">Varejo: SmartFit (SMFT3), Vivara (VIVA3) e Mercado Livre (MELI 34) s\u00e3o exce\u00e7\u00f5es em 2T23 fraco, diz Santander; veja por qu\u00ea - Foto: iStock<\/figcaption>\n\t\t<\/figure>\n\t<\/div>\n\n\n\n\n\n\t<p>\n\t\t<a href=\"\" target=\"_blank\" data-element=\"shortcode-suno-banner\" title=\"Banner SUNO, clique e saiba mais\">\n\t\t\t<picture>\n\t\t\t\t<source media=\"(max-width: 500px)\" srcset=\"\">\n\t\t\t\t<img class=\"newsContent__article__imgCapa newsContent__article__imgCapa--banner\"\n\t\t\t\t\tsrc=\"\"\n\t\t\t\t\tdata-promo-id=\"240038\"\t\t\t\t\t\t\t\t\t\t\t\t\t\t\talt=\"\"\n\t\t\t\t>\n\t\t\t<\/picture>\n\t\t<\/a>\n\t<\/p>\n\n\n\n\n\n<p>Em abril deste ano, a Shein e a Companhia de Tecidos Norte de Minas \u2013 <a class=\"suno-keyword\" data-force=\"yes\" data-priority=\"2\" href=\"https:\/\/www.suno.com.br\/acoes\/CTNM4\/\" target=\"_blank\" rel=\"noopener\"><strong>Coteminas (CTNM4)<\/strong><\/a> anunciou a <a href=\"https:\/\/www.suno.com.br\/noticias\/shein-coteminas-ctnm3-fecham-acordo\/\" target=\"_blank\" rel=\"noreferrer noopener\">assinatura de um memorando<\/a> de entendimentos. <\/p>\n\n\n\n<p>Na \u00faltima quinta-feira (29), o representante da t\u00eaxtil se reuniu com o presidente Lu\u00eds In\u00e1cio <strong>Lula <\/strong>da Silva,  a governadora do RN, F\u00e1tima Bezerra, e o atual chairman da Shein no Brasil, <strong>Marcelo Alure<\/strong>, no Planalto, para deliberar sobre as vendas no mercado dom\u00e9stico. <\/p>\n\n\n\n<p>Gomes, que tamb\u00e9m \u00e9 o atual presidente da Federa\u00e7\u00e3o das Ind\u00fastrias do Estado de S\u00e3o Paulo (Fiesp), fez o an\u00fancio ap\u00f3s o encontro: \u201cViemos aqui com a governadora F\u00e1tima porque estaremos come\u00e7ando agora em no m\u00eas de julho a produ\u00e7\u00e3o de pe\u00e7as do vestu\u00e1rio para o mercado dom\u00e9stico nacional e para toda a regi\u00e3o atrav\u00e9s do Rio Grande do Norte\u201d, informou.<\/p>\n\n\n\n<p>O l\u00edder da <strong>Coteminas <\/strong>tamb\u00e9m comentou que os primeiros passos da produ\u00e7\u00e3o ser\u00e3o jeans produtos de brim em geral, e malhas de algod\u00e3o. <\/p>\n\n\n\t<p>\n\t\t<a href=\"https:\/\/lp.suno.com.br\/ebook-gratuito-investindo-no-exterior\/\" target=\"_blank\" data-element=\"shortcode-suno-banner\" title=\"Banner SUNO, clique e saiba mais\">\n\t\t\t<picture>\n\t\t\t\t<source media=\"(max-width: 500px)\" srcset=\"https:\/\/files.sunoresearch.com.br\/n\/uploads\/2023\/03\/400x300-Investindo-no-exterior.png\">\n\t\t\t\t<img class=\"newsContent__article__imgCapa newsContent__article__imgCapa--banner\"\n\t\t\t\t\tsrc=\"https:\/\/files.sunoresearch.com.br\/n\/uploads\/2023\/03\/1420x240-Investindo-no-exterior.png\"\n\t\t\t\t\tdata-promo-id=\"383161\"\t\t\t\t\t\t\t\t\t\twidth='1420' height='240'\t\t\t\t\talt=\"https:\/\/files.sunoresearch.com.br\/n\/uploads\/2023\/03\/1420x240-Investindo-no-exterior.png\"\n\t\t\t\t>\n\t\t\t<\/picture>\n\t\t<\/a>\n\t<\/p>\n\n\n\n\n\n<h2 class=\"wp-block-heading\">Aproxima\u00e7\u00e3o da Shein com o governo <\/h2>\n\n\n\n<p>O estreitamento das rela\u00e7\u00f5es entre a gigante chinesa do <strong>com\u00e9rcio eletr\u00f4nico<\/strong> e o governo federal brasileiro tem o prop\u00f3sito de fomentar o consumo e produ\u00e7\u00e3o nacional. A trazida da marca que concentrava uma grande massa das compras nacionais, entretanto, n\u00e3o agradou as lojas brasileiras. <\/p>\n\n\n\n<p>Ap\u00f3s uma intrincada pol\u00eamica em torno do refor\u00e7o da fiscaliza\u00e7\u00e3o sobre produtos importados de lojas como a Shein, <strong>AliExpress<\/strong> e <strong>Shopee<\/strong>, os diretores da primeira foram atr\u00e1s de uma conversa com o ministro da Fazenda, Fernand Haddad. Em abril, os representantes afirmaram que a Shein pretendia investir R$ 750 milh\u00f5es no Brasil, al\u00e9m de criar empregos, nos pr\u00f3ximos tr\u00eas anos.  <\/p>\n\n\n\n<p>\u201cTemos visto grande sucesso no Brasil desde nosso lan\u00e7amento em 2020 e, com a crescente demanda dos consumidores, vimos a oportunidade de localizar mais a nossa cadeia de fornecimento para beneficiar os consumidores, as pequenas empresas e a economia em geral\u201d, disse&nbsp;<a href=\"https:\/\/www.suno.com.br\/tudo-sobre\/marcelo-claure\/\" target=\"_blank\" rel=\"noreferrer noopener\">Marcelo Claure<\/a>,  em comunicado \u00e0 imprensa na ocasi\u00e3o.<\/p>\n\n\n\n<p>Com a produ\u00e7\u00e3o local, a <strong>Shein<\/strong> j\u00e1 vem ocupando o <em>marketplace<\/em>\u00a0de vendedores brasileiros e sua expectativa \u00e9 de que, at\u00e9 o final de 2026, cerca de 85% das vendas sejam locais.<\/p>\n\n\n\t<p>\n\t\t<a href=\"https:\/\/lp.suno.com.br\/suno-one\/?utm_campaign=_SNC6964518A_\" target=\"_blank\" data-element=\"shortcode-suno-banner\" title=\"Banner SUNO, clique e saiba mais\">\n\t\t\t<picture>\n\t\t\t\t<source media=\"(max-width: 500px)\" srcset=\"https:\/\/files.sunoresearch.com.br\/n\/uploads\/2025\/09\/400x300-Suno-One-png.webp\">\n\t\t\t\t<img class=\"newsContent__article__imgCapa newsContent__article__imgCapa--banner\"\n\t\t\t\t\tsrc=\"https:\/\/files.sunoresearch.com.br\/n\/uploads\/2025\/09\/1420x240-Suno-One-png.webp\"\n\t\t\t\t\tdata-promo-id=\"383121\"\t\t\t\t\t\t\t\t\t\twidth='1420' height='240'\t\t\t\t\talt=\"https:\/\/files.sunoresearch.com.br\/n\/uploads\/2025\/09\/1420x240-Suno-One-png.webp\"\n\t\t\t\t>\n\t\t\t<\/picture>\n\t\t<\/a>\n\t<\/p>\n\n\n","protected":false},"excerpt":{"rendered":"<p>Com a chegada da Shein no Brasil, o diretor-presidente da Coteminas, Josu\u00e9 Gomes, revelou que a t\u00eaxtil respons\u00e1vel pelas roupas e pe\u00e7as para a e-commerce chinesa alocar\u00e1 sua produ\u00e7\u00e3o na cidade de Maca\u00edba, no Rio Grande do Norte (RN). A produ\u00e7\u00e3o est\u00e1 prevista para iniciar em julho. Varejo: SmartFit (SMFT3), Vivara (VIVA3) e Mercado Livre [&hellip;]<\/p>\n","protected":false},"author":283,"featured_media":401426,"comment_status":"closed","ping_status":"closed","sticky":false,"template":"","format":"standard","meta":[],"categories":[64],"tags":[803],"suno_strategy":[],"class_list":["post-423373","post","type-post","status-publish","format-standard","has-post-thumbnail","hentry","category-negocios","tag-varejo"],"yoast_head":"<!-- This site is optimized with the Yoast SEO plugin v24.4 - https:\/\/yoast.com\/wordpress\/plugins\/seo\/ -->\n<title>Pe\u00e7as da Shein no Brasil ser\u00e3o feitas pela Coteminas (CTNM4)<\/title>\n<meta name=\"description\" content=\"Com a chegada da Shein no Brasil, a Coteminas (CTNM4) deve produzir roupas e pe\u00e7as para a e-commerce chinesa\" \/>\n<meta name=\"robots\" content=\"index, follow, max-snippet:-1, max-image-preview:large, max-video-preview:-1\" \/>\n<link rel=\"canonical\" href=\"https:\/\/www.suno.com.br\/noticias\/shein-precas-produzidas-conteminas\/\" \/>\n<meta property=\"og:locale\" content=\"pt_BR\" \/>\n<meta property=\"og:type\" content=\"article\" \/>\n<meta property=\"og:title\" content=\"Pe\u00e7as da Shein no Brasil ser\u00e3o feitas pela Coteminas (CTNM4)\" \/>\n<meta property=\"og:description\" content=\"Com a chegada da Shein no Brasil, a Coteminas (CTNM4) deve produzir roupas e pe\u00e7as para a e-commerce chinesa\" \/>\n<meta property=\"og:url\" content=\"https:\/\/www.suno.com.br\/noticias\/shein-precas-produzidas-conteminas\/\" \/>\n<meta property=\"og:site_name\" content=\"Suno Not\u00edcias\" \/>\n<meta property=\"article:publisher\" content=\"https:\/\/facebook.com\/sunoresearch\" \/>\n<meta property=\"og:image\" content=\"https:\/\/files.sunoresearch.com.br\/n\/uploads\/2023\/05\/comprar-lojas-varejo.jpg\" \/>\n\t<meta property=\"og:image:width\" content=\"1200\" \/>\n\t<meta property=\"og:image:height\" content=\"800\" \/>\n\t<meta property=\"og:image:type\" content=\"image\/jpeg\" \/>\n<meta name=\"author\" content=\"Camila Paim\" \/>\n<meta name=\"twitter:card\" content=\"summary_large_image\" \/>\n<meta name=\"twitter:creator\" content=\"@sunoresearch\" \/>\n<meta name=\"twitter:site\" content=\"@sunoresearch\" \/>\n<meta name=\"twitter:label1\" content=\"Escrito por\" \/>\n\t<meta name=\"twitter:data1\" content=\"Camila Paim\" \/>\n\t<meta name=\"twitter:label2\" content=\"Est. tempo de leitura\" \/>\n\t<meta name=\"twitter:data2\" content=\"3 minutos\" \/>\n<script type=\"application\/ld+json\" class=\"yoast-schema-graph\">{\"@context\":\"https:\/\/schema.org\",\"@graph\":[{\"@type\":\"NewsArticle\",\"@id\":\"https:\/\/www.suno.com.br\/noticias\/shein-precas-produzidas-conteminas\/#article\",\"isPartOf\":{\"@id\":\"https:\/\/www.suno.com.br\/noticias\/shein-precas-produzidas-conteminas\/\"},\"author\":{\"name\":\"Camila Paim\",\"@id\":\"https:\/\/www.suno.com.br\/noticias\/#\/schema\/person\/f341d3ae5d1cc685176c9a5327cdfdbb\"},\"headline\":\"Pe\u00e7as da Shein no Brasil ser\u00e3o feitas pela Coteminas (CTNM4), no Rio Grande do Norte\",\"datePublished\":\"2023-06-30T15:02:28+00:00\",\"dateModified\":\"2023-06-30T15:02:31+00:00\",\"mainEntityOfPage\":{\"@id\":\"https:\/\/www.suno.com.br\/noticias\/shein-precas-produzidas-conteminas\/\"},\"wordCount\":460,\"publisher\":{\"@id\":\"https:\/\/www.suno.com.br\/noticias\/#organization\"},\"image\":{\"@id\":\"https:\/\/www.suno.com.br\/noticias\/shein-precas-produzidas-conteminas\/#primaryimage\"},\"thumbnailUrl\":\"https:\/\/files.sunoresearch.com.br\/n\/uploads\/2023\/05\/comprar-lojas-varejo.jpg\",\"keywords\":[\"varejo\"],\"articleSection\":[\"Neg\u00f3cios\"],\"inLanguage\":\"pt-BR\"},{\"@type\":\"WebPage\",\"@id\":\"https:\/\/www.suno.com.br\/noticias\/shein-precas-produzidas-conteminas\/\",\"url\":\"https:\/\/www.suno.com.br\/noticias\/shein-precas-produzidas-conteminas\/\",\"name\":\"Pe\u00e7as da Shein no Brasil ser\u00e3o feitas pela Coteminas (CTNM4)\",\"isPartOf\":{\"@id\":\"https:\/\/www.suno.com.br\/noticias\/#website\"},\"primaryImageOfPage\":{\"@id\":\"https:\/\/www.suno.com.br\/noticias\/shein-precas-produzidas-conteminas\/#primaryimage\"},\"image\":{\"@id\":\"https:\/\/www.suno.com.br\/noticias\/shein-precas-produzidas-conteminas\/#primaryimage\"},\"thumbnailUrl\":\"https:\/\/files.sunoresearch.com.br\/n\/uploads\/2023\/05\/comprar-lojas-varejo.jpg\",\"datePublished\":\"2023-06-30T15:02:28+00:00\",\"dateModified\":\"2023-06-30T15:02:31+00:00\",\"description\":\"Com a chegada da Shein no Brasil, a Coteminas (CTNM4) deve produzir roupas e pe\u00e7as para a e-commerce chinesa\",\"breadcrumb\":{\"@id\":\"https:\/\/www.suno.com.br\/noticias\/shein-precas-produzidas-conteminas\/#breadcrumb\"},\"inLanguage\":\"pt-BR\",\"potentialAction\":[{\"@type\":\"ReadAction\",\"target\":[\"https:\/\/www.suno.com.br\/noticias\/shein-precas-produzidas-conteminas\/\"]}]},{\"@type\":\"ImageObject\",\"inLanguage\":\"pt-BR\",\"@id\":\"https:\/\/www.suno.com.br\/noticias\/shein-precas-produzidas-conteminas\/#primaryimage\",\"url\":\"https:\/\/files.sunoresearch.com.br\/n\/uploads\/2023\/05\/comprar-lojas-varejo.jpg\",\"contentUrl\":\"https:\/\/files.sunoresearch.com.br\/n\/uploads\/2023\/05\/comprar-lojas-varejo.jpg\",\"width\":1200,\"height\":800,\"caption\":\"Varejo: SmartFit (SMFT3), Vivara (VIVA3) e Mercado Livre (MELI 34) s\u00e3o exce\u00e7\u00f5es em 2T23 fraco, diz Santander; veja por qu\u00ea - Foto: iStock\"},{\"@type\":\"BreadcrumbList\",\"@id\":\"https:\/\/www.suno.com.br\/noticias\/shein-precas-produzidas-conteminas\/#breadcrumb\",\"itemListElement\":[{\"@type\":\"ListItem\",\"position\":1,\"name\":\"Not\u00edcias\",\"item\":\"https:\/\/www.suno.com.br\/noticias\/\"},{\"@type\":\"ListItem\",\"position\":2,\"name\":\"Neg\u00f3cios\",\"item\":\"https:\/\/www.suno.com.br\/noticias\/negocios\/\"},{\"@type\":\"ListItem\",\"position\":3,\"name\":\"Pe\u00e7as da Shein no Brasil ser\u00e3o feitas pela Coteminas (CTNM4), no Rio Grande do Norte\"}]},{\"@type\":\"WebSite\",\"@id\":\"https:\/\/www.suno.com.br\/noticias\/#website\",\"url\":\"https:\/\/www.suno.com.br\/noticias\/\",\"name\":\"Suno Not\u00edcias\",\"description\":\"Seu portal de informa\u00e7\u00e3o sobre o mundo dos investimentos\",\"publisher\":{\"@id\":\"https:\/\/www.suno.com.br\/noticias\/#organization\"},\"potentialAction\":[{\"@type\":\"SearchAction\",\"target\":{\"@type\":\"EntryPoint\",\"urlTemplate\":\"https:\/\/www.suno.com.br\/noticias\/?s={search_term_string}\"},\"query-input\":{\"@type\":\"PropertyValueSpecification\",\"valueRequired\":true,\"valueName\":\"search_term_string\"}}],\"inLanguage\":\"pt-BR\"},{\"@type\":\"Organization\",\"@id\":\"https:\/\/www.suno.com.br\/noticias\/#organization\",\"name\":\"Suno Not\u00edcias\",\"url\":\"https:\/\/www.suno.com.br\/noticias\/\",\"logo\":{\"@type\":\"ImageObject\",\"inLanguage\":\"pt-BR\",\"@id\":\"https:\/\/www.suno.com.br\/noticias\/#\/schema\/logo\/image\/\",\"url\":\"https:\/\/files.sunoresearch.com.br\/n\/uploads\/2021\/09\/suno-logo.png\",\"contentUrl\":\"https:\/\/files.sunoresearch.com.br\/n\/uploads\/2021\/09\/suno-logo.png\",\"width\":180,\"height\":180,\"caption\":\"Suno Not\u00edcias\"},\"image\":{\"@id\":\"https:\/\/www.suno.com.br\/noticias\/#\/schema\/logo\/image\/\"},\"sameAs\":[\"https:\/\/facebook.com\/sunoresearch\",\"https:\/\/x.com\/sunoresearch\",\"https:\/\/www.instagram.com\/suno\",\"https:\/\/www.linkedin.com\/company\/suno-research\/\",\"https:\/\/www.youtube.com\/c\/sunoresearch\"]},{\"@type\":\"Person\",\"@id\":\"https:\/\/www.suno.com.br\/noticias\/#\/schema\/person\/f341d3ae5d1cc685176c9a5327cdfdbb\",\"name\":\"Camila Paim\",\"image\":{\"@type\":\"ImageObject\",\"inLanguage\":\"pt-BR\",\"@id\":\"https:\/\/www.suno.com.br\/noticias\/#\/schema\/person\/image\/\",\"url\":\"https:\/\/secure.gravatar.com\/avatar\/f33728e65febb1aa7ecf6792956f9b20?s=96&r=g\",\"contentUrl\":\"https:\/\/secure.gravatar.com\/avatar\/f33728e65febb1aa7ecf6792956f9b20?s=96&r=g\",\"caption\":\"Camila Paim\"},\"description\":\"Jornalista formada pela USP, tem experi\u00eancia em reda\u00e7\u00f5es, SEO, Branded Content e Webdesign. Com passagem pelo Jornal da USP, Empiricus e C6 Bank, hoje \u00e9 rep\u00f3rter no Suno Not\u00edcias cobrindo macroeconomia, finan\u00e7as pessoais e startups.\",\"url\":\"https:\/\/www.suno.com.br\/noticias\/author\/camila-figueiredosuno-com-br\/\"}]}<\/script>\n<!-- \/ Yoast SEO plugin. -->","yoast_head_json":{"title":"Pe\u00e7as da Shein no Brasil ser\u00e3o feitas pela Coteminas (CTNM4)","description":"Com a chegada da Shein no Brasil, a Coteminas (CTNM4) deve produzir roupas e pe\u00e7as para a e-commerce chinesa","robots":{"index":"index","follow":"follow","max-snippet":"max-snippet:-1","max-image-preview":"max-image-preview:large","max-video-preview":"max-video-preview:-1"},"canonical":"https:\/\/www.suno.com.br\/noticias\/shein-precas-produzidas-conteminas\/","og_locale":"pt_BR","og_type":"article","og_title":"Pe\u00e7as da Shein no Brasil ser\u00e3o feitas pela Coteminas (CTNM4)","og_description":"Com a chegada da Shein no Brasil, a Coteminas (CTNM4) deve produzir roupas e pe\u00e7as para a e-commerce chinesa","og_url":"https:\/\/www.suno.com.br\/noticias\/shein-precas-produzidas-conteminas\/","og_site_name":"Suno Not\u00edcias","article_publisher":"https:\/\/facebook.com\/sunoresearch","og_image":[{"width":1200,"height":800,"url":"https:\/\/files.sunoresearch.com.br\/n\/uploads\/2023\/05\/comprar-lojas-varejo.jpg","type":"image\/jpeg"}],"author":"Camila Paim","twitter_card":"summary_large_image","twitter_creator":"@sunoresearch","twitter_site":"@sunoresearch","twitter_misc":{"Escrito por":"Camila Paim","Est. tempo de leitura":"3 minutos"},"schema":{"@context":"https:\/\/schema.org","@graph":[{"@type":"NewsArticle","@id":"https:\/\/www.suno.com.br\/noticias\/shein-precas-produzidas-conteminas\/#article","isPartOf":{"@id":"https:\/\/www.suno.com.br\/noticias\/shein-precas-produzidas-conteminas\/"},"author":{"name":"Camila Paim","@id":"https:\/\/www.suno.com.br\/noticias\/#\/schema\/person\/f341d3ae5d1cc685176c9a5327cdfdbb"},"headline":"Pe\u00e7as da Shein no Brasil ser\u00e3o feitas pela Coteminas (CTNM4), no Rio Grande do Norte","datePublished":"2023-06-30T15:02:28+00:00","dateModified":"2023-06-30T15:02:31+00:00","mainEntityOfPage":{"@id":"https:\/\/www.suno.com.br\/noticias\/shein-precas-produzidas-conteminas\/"},"wordCount":460,"publisher":{"@id":"https:\/\/www.suno.com.br\/noticias\/#organization"},"image":{"@id":"https:\/\/www.suno.com.br\/noticias\/shein-precas-produzidas-conteminas\/#primaryimage"},"thumbnailUrl":"https:\/\/files.sunoresearch.com.br\/n\/uploads\/2023\/05\/comprar-lojas-varejo.jpg","keywords":["varejo"],"articleSection":["Neg\u00f3cios"],"inLanguage":"pt-BR"},{"@type":"WebPage","@id":"https:\/\/www.suno.com.br\/noticias\/shein-precas-produzidas-conteminas\/","url":"https:\/\/www.suno.com.br\/noticias\/shein-precas-produzidas-conteminas\/","name":"Pe\u00e7as da Shein no Brasil ser\u00e3o feitas pela Coteminas (CTNM4)","isPartOf":{"@id":"https:\/\/www.suno.com.br\/noticias\/#website"},"primaryImageOfPage":{"@id":"https:\/\/www.suno.com.br\/noticias\/shein-precas-produzidas-conteminas\/#primaryimage"},"image":{"@id":"https:\/\/www.suno.com.br\/noticias\/shein-precas-produzidas-conteminas\/#primaryimage"},"thumbnailUrl":"https:\/\/files.sunoresearch.com.br\/n\/uploads\/2023\/05\/comprar-lojas-varejo.jpg","datePublished":"2023-06-30T15:02:28+00:00","dateModified":"2023-06-30T15:02:31+00:00","description":"Com a chegada da Shein no Brasil, a Coteminas (CTNM4) deve produzir roupas e pe\u00e7as para a e-commerce chinesa","breadcrumb":{"@id":"https:\/\/www.suno.com.br\/noticias\/shein-precas-produzidas-conteminas\/#breadcrumb"},"inLanguage":"pt-BR","potentialAction":[{"@type":"ReadAction","target":["https:\/\/www.suno.com.br\/noticias\/shein-precas-produzidas-conteminas\/"]}]},{"@type":"ImageObject","inLanguage":"pt-BR","@id":"https:\/\/www.suno.com.br\/noticias\/shein-precas-produzidas-conteminas\/#primaryimage","url":"https:\/\/files.sunoresearch.com.br\/n\/uploads\/2023\/05\/comprar-lojas-varejo.jpg","contentUrl":"https:\/\/files.sunoresearch.com.br\/n\/uploads\/2023\/05\/comprar-lojas-varejo.jpg","width":1200,"height":800,"caption":"Varejo: SmartFit (SMFT3), Vivara (VIVA3) e Mercado Livre (MELI 34) s\u00e3o exce\u00e7\u00f5es em 2T23 fraco, diz Santander; veja por qu\u00ea - Foto: iStock"},{"@type":"BreadcrumbList","@id":"https:\/\/www.suno.com.br\/noticias\/shein-precas-produzidas-conteminas\/#breadcrumb","itemListElement":[{"@type":"ListItem","position":1,"name":"Not\u00edcias","item":"https:\/\/www.suno.com.br\/noticias\/"},{"@type":"ListItem","position":2,"name":"Neg\u00f3cios","item":"https:\/\/www.suno.com.br\/noticias\/negocios\/"},{"@type":"ListItem","position":3,"name":"Pe\u00e7as da Shein no Brasil ser\u00e3o feitas pela Coteminas (CTNM4), no Rio Grande do Norte"}]},{"@type":"WebSite","@id":"https:\/\/www.suno.com.br\/noticias\/#website","url":"https:\/\/www.suno.com.br\/noticias\/","name":"Suno Not\u00edcias","description":"Seu portal de informa\u00e7\u00e3o sobre o mundo dos investimentos","publisher":{"@id":"https:\/\/www.suno.com.br\/noticias\/#organization"},"potentialAction":[{"@type":"SearchAction","target":{"@type":"EntryPoint","urlTemplate":"https:\/\/www.suno.com.br\/noticias\/?s={search_term_string}"},"query-input":{"@type":"PropertyValueSpecification","valueRequired":true,"valueName":"search_term_string"}}],"inLanguage":"pt-BR"},{"@type":"Organization","@id":"https:\/\/www.suno.com.br\/noticias\/#organization","name":"Suno Not\u00edcias","url":"https:\/\/www.suno.com.br\/noticias\/","logo":{"@type":"ImageObject","inLanguage":"pt-BR","@id":"https:\/\/www.suno.com.br\/noticias\/#\/schema\/logo\/image\/","url":"https:\/\/files.sunoresearch.com.br\/n\/uploads\/2021\/09\/suno-logo.png","contentUrl":"https:\/\/files.sunoresearch.com.br\/n\/uploads\/2021\/09\/suno-logo.png","width":180,"height":180,"caption":"Suno Not\u00edcias"},"image":{"@id":"https:\/\/www.suno.com.br\/noticias\/#\/schema\/logo\/image\/"},"sameAs":["https:\/\/facebook.com\/sunoresearch","https:\/\/x.com\/sunoresearch","https:\/\/www.instagram.com\/suno","https:\/\/www.linkedin.com\/company\/suno-research\/","https:\/\/www.youtube.com\/c\/sunoresearch"]},{"@type":"Person","@id":"https:\/\/www.suno.com.br\/noticias\/#\/schema\/person\/f341d3ae5d1cc685176c9a5327cdfdbb","name":"Camila Paim","image":{"@type":"ImageObject","inLanguage":"pt-BR","@id":"https:\/\/www.suno.com.br\/noticias\/#\/schema\/person\/image\/","url":"https:\/\/secure.gravatar.com\/avatar\/f33728e65febb1aa7ecf6792956f9b20?s=96&r=g","contentUrl":"https:\/\/secure.gravatar.com\/avatar\/f33728e65febb1aa7ecf6792956f9b20?s=96&r=g","caption":"Camila Paim"},"description":"Jornalista formada pela USP, tem experi\u00eancia em reda\u00e7\u00f5es, SEO, Branded Content e Webdesign. Com passagem pelo Jornal da USP, Empiricus e C6 Bank, hoje \u00e9 rep\u00f3rter no Suno Not\u00edcias cobrindo macroeconomia, finan\u00e7as pessoais e startups.","url":"https:\/\/www.suno.com.br\/noticias\/author\/camila-figueiredosuno-com-br\/"}]}},"default_loop_html":"<div class=\"cardsPage__listCard__boxs\"><div class=\"cardsPage__listCard__boxs__img\"><a href=\"https:\/\/www.suno.com.br\/noticias\/shein-precas-produzidas-conteminas\/\"><img class=\"mask\" src=\"https:\/\/www.suno.com.br\/noticias\/wp-content\/themes\/suno\/resources\/images\/spotlight\/spotlight1img\/bg-mask.png\" alt=\"Image Mask\"\/><img src=\"https:\/\/files.sunoresearch.com.br\/n\/uploads\/2023\/05\/comprar-lojas-varejo-400x200.jpg\" alt=\"Pe\u00e7as da Shein no Brasil ser\u00e3o feitas pela Coteminas (CTNM4), no Rio Grande do Norte\"\/><\/a><span class=\"spotlightCategory\"><a href=\"https:\/\/www.suno.com.br\/noticias\/negocios\/\">Neg\u00f3cios<\/a><\/span><\/div><div class=\"cardsPage__listCard__boxs__content\"><a href=\"https:\/\/www.suno.com.br\/noticias\/shein-precas-produzidas-conteminas\/\"><h2 class=\"content__title\">Pe\u00e7as da Shein no Brasil ser\u00e3o feitas pela Coteminas (CTNM4), no Rio Grande do Norte<\/h2><\/a><div class=\"newsContent__article__meta\"><div class=\"newsContent__article__meta__authorBox\"><a href=\"https:\/\/www.suno.com.br\/noticias\/author\/camila-figueiredosuno-com-br\/\" class=\"authorBox__avatar noMobi\"><img src=\"https:\/\/files.sunoresearch.com.br\/n\/uploads\/2024\/05\/camila-paim-square-150x150.jpg\" alt=\"Camila Paim\"><\/a><div class=\"authorBox__name\"><span>por\n\t\t\t<a href=\"https:\/\/www.suno.com.br\/noticias\/author\/camila-figueiredosuno-com-br\/\"><span itemprop=\"author\">Camila Paim<\/span><\/a><\/span><time datetime=\"2023-06-30T12:02:28-03:00\" itemprop=\"datePublished\">30\/06\/2023 12:02<\/time><\/div><\/div><\/div><\/div><\/div>","single_layout":"posts","amp_enabled":true,"_links":{"self":[{"href":"https:\/\/www.suno.com.br\/noticias\/wp-json\/wp\/v2\/posts\/423373"}],"collection":[{"href":"https:\/\/www.suno.com.br\/noticias\/wp-json\/wp\/v2\/posts"}],"about":[{"href":"https:\/\/www.suno.com.br\/noticias\/wp-json\/wp\/v2\/types\/post"}],"author":[{"embeddable":true,"href":"https:\/\/www.suno.com.br\/noticias\/wp-json\/wp\/v2\/users\/283"}],"replies":[{"embeddable":true,"href":"https:\/\/www.suno.com.br\/noticias\/wp-json\/wp\/v2\/comments?post=423373"}],"version-history":[{"count":3,"href":"https:\/\/www.suno.com.br\/noticias\/wp-json\/wp\/v2\/posts\/423373\/revisions"}],"predecessor-version":[{"id":423438,"href":"https:\/\/www.suno.com.br\/noticias\/wp-json\/wp\/v2\/posts\/423373\/revisions\/423438"}],"wp:featuredmedia":[{"embeddable":true,"href":"https:\/\/www.suno.com.br\/noticias\/wp-json\/wp\/v2\/media\/401426"}],"wp:attachment":[{"href":"https:\/\/www.suno.com.br\/noticias\/wp-json\/wp\/v2\/media?parent=423373"}],"wp:term":[{"taxonomy":"category","embeddable":true,"href":"https:\/\/www.suno.com.br\/noticias\/wp-json\/wp\/v2\/categories?post=423373"},{"taxonomy":"post_tag","embeddable":true,"href":"https:\/\/www.suno.com.br\/noticias\/wp-json\/wp\/v2\/tags?post=423373"},{"taxonomy":"suno_strategy","embeddable":true,"href":"https:\/\/www.suno.com.br\/noticias\/wp-json\/wp\/v2\/suno_strategy?post=423373"}],"curies":[{"name":"wp","href":"https:\/\/api.w.org\/{rel}","templated":true}]}}