{"id":423262,"date":"2023-06-30T07:47:00","date_gmt":"2023-06-30T10:47:00","guid":{"rendered":"https:\/\/www.suno.com.br\/noticias\/?p=423262"},"modified":"2023-06-30T17:19:52","modified_gmt":"2023-06-30T20:19:52","slug":"unipar-unip6-braskem-brkm5-segunda-chance","status":"publish","type":"post","link":"https:\/\/www.suno.com.br\/noticias\/unipar-unip6-braskem-brkm5-segunda-chance\/","title":{"rendered":"Unipar (UNIP6) n\u00e3o quer dar &#8216;segunda chance&#8217; \u00e0 Braskem (BRKM5)"},"content":{"rendered":"<p>A <a class=\"suno-keyword\" data-force=\"yes\" data-priority=\"2\" href=\"https:\/\/www.suno.com.br\/acoes\/UNIP6\/\" target=\"_blank\" rel=\"noopener\">Unipar (UNIP6)<\/a>, que fez uma oferta pela fatia da <a class=\"suno-keyword\" data-force=\"yes\" data-priority=\"2\" href=\"https:\/\/www.suno.com.br\/acoes\/BRKM5\/\" target=\"_blank\" rel=\"noopener\"><strong>Braskem<\/strong> (BRKM5)<\/a> h\u00e1 algumas semanas, n\u00e3o deve renovar sua proposta, que por sua vez vence em dez dias.<\/p>\t<div class=\"wrapper-featured-image\">\n\t\t<figure class=\"spotlightImg\">\n\n\t\t\t<picture>\n\t\t\t\t<source media=\"(max-width: 768px)\" srcset=\"https:\/\/files.sunoresearch.com.br\/n\/uploads\/2023\/06\/petrobras-petr4-compra-braskem-brkm5-acionista-400x200.jpg\">\n\t\t\t\t<img loading=\"lazy\" decoding=\"async\" class=\"newsContent__article__imgCapa lazyloadDisabled \" src=\"https:\/\/files.sunoresearch.com.br\/n\/uploads\/2023\/06\/petrobras-petr4-compra-braskem-brkm5-acionista-800x450.jpg\" width=\"800\" height=\"450\" alt=\"Unipar (UNIP6) n\u00e3o quer dar &#8216;segunda chance&#8217; \u00e0 Braskem (BRKM5)\" fetchpriority=high \/>\n\t\t\t<\/picture>\n\n\t\t\t<figcaption class=\"wp-caption-text wp-caption-text--show\">Braskem (BRKM5) - Foto: Divulga\u00e7\u00e3o.<\/figcaption>\n\t\t<\/figure>\n\t<\/div>\n\n\n\n\n\n\t<p>\n\t\t<a href=\"https:\/\/lp.suno.com.br\/planilha-da-vida-financeira\/\" target=\"_blank\" data-element=\"shortcode-suno-banner\" title=\"Banner SUNO, clique e saiba mais\">\n\t\t\t<picture>\n\t\t\t\t<source media=\"(max-width: 500px)\" srcset=\"https:\/\/files.sunoresearch.com.br\/n\/uploads\/2023\/04\/400x300-Planilha-vida-financeira-true.png\">\n\t\t\t\t<img class=\"newsContent__article__imgCapa newsContent__article__imgCapa--banner\"\n\t\t\t\t\tsrc=\"https:\/\/files.sunoresearch.com.br\/n\/uploads\/2023\/04\/1420x240-Planilha-vida-financeira-true.png\"\n\t\t\t\t\tdata-promo-id=\"106682\"\t\t\t\t\t\t\t\t\t\twidth='1420' height='240'\t\t\t\t\talt=\"https:\/\/files.sunoresearch.com.br\/n\/uploads\/2023\/04\/1420x240-Planilha-vida-financeira-true.png\"\n\t\t\t\t>\n\t\t\t<\/picture>\n\t\t<\/a>\n\t<\/p>\n\n\n\n\n\n\n\n<p>As informa\u00e7\u00f5es s\u00e3o de pessoas que participaram das negocia\u00e7\u00f5es entre a <strong>Unipar<\/strong> e a Braskem, dadas ao jornal Valor Econ\u00f4mico.<\/p>\n\n\n\n<p>A Braskem j\u00e1 vem sendo disputada desde o ano passado, com diversas ofertas sendo feitas por grandes players do setor, incluindo uma oferta de compra de 100% das a\u00e7\u00f5es da empresa da gestora americana Apollo em conjunto com a Empresa Nacional de Petr\u00f3leo de Abu Dhabi (ADNOC).<\/p>\n\n\n\n<p>Contudo, a Oderbrecht, fam\u00edlia dona da Novonor &#8211; controladora da Braskem &#8211; quer seguir como minorit\u00e1ria da petroqu\u00edmica.<\/p>\n\n\n\n<p>Apesar de a Unipar aceitar ser s\u00f3cia da ADNOC e da Apollo, com at\u00e9 4% de participa\u00e7\u00e3o societ\u00e1ria, a Novonor deu <strong>a\u00e7\u00f5es da Braskem<\/strong> como garantia a credores. Ou seja, os bancos podem decidir o futuro da companhia.<\/p>\n\n\n\n<p>Dentre os bancos est\u00e3o o <a class=\"suno-keyword\" data-force=\"yes\" data-priority=\"2\" href=\"https:\/\/www.suno.com.br\/acoes\/ITUB4\/\" target=\"_blank\" rel=\"noopener\">Ita\u00fa (ITUB4)<\/a>, o BNDES, o <a class=\"suno-keyword\" data-force=\"yes\" data-priority=\"2\" href=\"https:\/\/www.suno.com.br\/acoes\/SANB11\/\" target=\"_blank\" rel=\"noopener\">Santander (SANB11)<\/a>, o <a class=\"suno-keyword\" data-force=\"yes\" data-priority=\"2\" href=\"https:\/\/www.suno.com.br\/acoes\/BBAS3\/\" target=\"_blank\" rel=\"noopener\">Banco do Brasil (BBAS3)<\/a> e o <a class=\"suno-keyword\" data-force=\"yes\" data-priority=\"2\" href=\"https:\/\/www.suno.com.br\/acoes\/BBDC4\/\" target=\"_blank\" rel=\"noopener\">Bradesco (BBDC4)<\/a> &#8211; com quais, no total, a Novonor soma uma d\u00edvida de R$ 15 bilh\u00f5es.<\/p>\n\n\n\t<p>\n\t\t<a href=\"https:\/\/lp.suno.com.br\/ebook-como-analisar-uma-acao\/\" target=\"_blank\" data-element=\"shortcode-suno-banner\" title=\"Banner SUNO, clique e saiba mais\">\n\t\t\t<picture>\n\t\t\t\t<source media=\"(max-width: 500px)\" srcset=\"https:\/\/files.sunoresearch.com.br\/n\/uploads\/2023\/03\/Ebook-Acoes-Mobile.jpg\">\n\t\t\t\t<img class=\"newsContent__article__imgCapa newsContent__article__imgCapa--banner\"\n\t\t\t\t\tsrc=\"https:\/\/files.sunoresearch.com.br\/n\/uploads\/2023\/03\/Ebook-Acoes-Desktop.jpg\"\n\t\t\t\t\tdata-promo-id=\"378302\"\t\t\t\t\t\t\t\t\t\twidth='1420' height='286'\t\t\t\t\talt=\"https:\/\/files.sunoresearch.com.br\/n\/uploads\/2023\/03\/Ebook-Acoes-Desktop.jpg\"\n\t\t\t\t>\n\t\t\t<\/picture>\n\t\t<\/a>\n\t<\/p>\n\n\n\n\n\n<p>Segundo fontes a par da negocia\u00e7\u00e3o, o Ita\u00fa \u00e9 o credor que resiste mais a uma eventual perman\u00eancia da Novonor como s\u00f3cia da empresa, sendo mais favor\u00e1vel \u00e0s vendas.<\/p>\n\n\n\n<p>Os esfor\u00e7os da antiga Oderbrecht s\u00e3o no sentido de reduzir substancialmente o <a class=\"suno-keyword\" target=\"_blank\" data-force=\"no\" data-priority=\"1\" href=\"https:\/\/www.suno.com.br\/artigos\/passivo-financeiro\/\" rel=\"noopener\">passivo financeiro<\/a> de seu balan\u00e7o cont\u00e1bil dando um &#8216;passo largo&#8217; para sair da sua recupera\u00e7\u00e3o judicial, dada a <strong>d\u00edvida bilion\u00e1ria da Braskem<\/strong>.<\/p>\n\n\n\n<h2 class=\"wp-block-heading\">Desempenho das a\u00e7\u00f5es da Braskem ap\u00f3s oferta da Unipar<\/h2>\n\n\n\n<p>Por volta do dia 11 de junho, iniciaram-se os rumores sobre a oferta da Unipar pela fatia da petroqu\u00edmica. Logo em seguida, a oferta foi conformada oficialmente.<\/p>\n\n\n\n<p>De l\u00e1 para c\u00e1, as a\u00e7\u00f5es <strong><a href=\"https:\/\/statusinvest.com.br\/acoes\/brkm5\" target=\"_blank\" rel=\"noreferrer noopener\">BRKM5<\/a><\/strong> subiram cerca de 13%, acumulando um rali de 25% desde o in\u00edcio de 2023.<\/p>\n\n\n\n<p>Vale lembrar que a alta arrefeceu com a queda registrada nos pap\u00e9is da <strong>Braskem<\/strong> desde o dia 19 de junho at\u00e9 ent\u00e3o.<\/p>\n\n\n\t<p>\n\t\t<a href=\"https:\/\/lp.suno.com.br\/suno-one\/?utm_campaign=_SNC6964518A_\" target=\"_blank\" data-element=\"shortcode-suno-banner\" title=\"Banner SUNO, clique e saiba mais\">\n\t\t\t<picture>\n\t\t\t\t<source media=\"(max-width: 500px)\" srcset=\"https:\/\/files.sunoresearch.com.br\/n\/uploads\/2025\/09\/400x300-Suno-One-png.webp\">\n\t\t\t\t<img class=\"newsContent__article__imgCapa newsContent__article__imgCapa--banner\"\n\t\t\t\t\tsrc=\"https:\/\/files.sunoresearch.com.br\/n\/uploads\/2025\/09\/1420x240-Suno-One-png.webp\"\n\t\t\t\t\tdata-promo-id=\"383121\"\t\t\t\t\t\t\t\t\t\twidth='1420' height='240'\t\t\t\t\talt=\"https:\/\/files.sunoresearch.com.br\/n\/uploads\/2025\/09\/1420x240-Suno-One-png.webp\"\n\t\t\t\t>\n\t\t\t<\/picture>\n\t\t<\/a>\n\t<\/p>\n\n\n","protected":false},"excerpt":{"rendered":"<p>A Unipar (UNIP6), que fez uma oferta pela fatia da Braskem (BRKM5) h\u00e1 algumas semanas, n\u00e3o deve renovar sua proposta, que por sua vez vence em dez dias. Braskem (BRKM5) &#8211; Foto: Divulga\u00e7\u00e3o. As informa\u00e7\u00f5es s\u00e3o de pessoas que participaram das negocia\u00e7\u00f5es entre a Unipar e a Braskem, dadas ao jornal Valor Econ\u00f4mico. A Braskem [&hellip;]<\/p>\n","protected":false},"author":73,"featured_media":417316,"comment_status":"closed","ping_status":"closed","sticky":false,"template":"","format":"standard","meta":[],"categories":[64],"tags":[395,673],"suno_strategy":[],"class_list":["post-423262","post","type-post","status-publish","format-standard","has-post-thumbnail","hentry","category-negocios","tag-braskem-brkm3-brkm5-brkm6","tag-unipar-unip3-unip5-unip6"],"yoast_head":"<!-- This site is optimized with the Yoast SEO plugin v24.4 - https:\/\/yoast.com\/wordpress\/plugins\/seo\/ -->\n<title>Unipar (UNIP6) n\u00e3o quer dar &#039;segunda chance&#039; \u00e0 Braskem (BRKM5)<\/title>\n<meta name=\"description\" content=\"Segundo fontes a par da negocia\u00e7\u00e3o, a Unipar n\u00e3o deve renovar a proposta que vence em dez dias sobre compra de fatia da Braskem\" \/>\n<meta name=\"robots\" content=\"index, follow, max-snippet:-1, max-image-preview:large, max-video-preview:-1\" \/>\n<link rel=\"canonical\" href=\"https:\/\/www.suno.com.br\/noticias\/unipar-unip6-braskem-brkm5-segunda-chance\/\" \/>\n<meta property=\"og:locale\" content=\"pt_BR\" \/>\n<meta property=\"og:type\" content=\"article\" \/>\n<meta property=\"og:title\" content=\"Unipar (UNIP6) n\u00e3o quer dar &#039;segunda chance&#039; \u00e0 Braskem (BRKM5)\" \/>\n<meta property=\"og:description\" content=\"Segundo fontes a par da negocia\u00e7\u00e3o, a Unipar n\u00e3o deve renovar a proposta que vence em dez dias sobre compra de fatia da Braskem\" \/>\n<meta property=\"og:url\" content=\"https:\/\/www.suno.com.br\/noticias\/unipar-unip6-braskem-brkm5-segunda-chance\/\" \/>\n<meta property=\"og:site_name\" content=\"Suno Not\u00edcias\" \/>\n<meta property=\"article:publisher\" content=\"https:\/\/facebook.com\/sunoresearch\" \/>\n<meta property=\"og:image\" content=\"https:\/\/files.sunoresearch.com.br\/n\/uploads\/2023\/06\/petrobras-petr4-compra-braskem-brkm5-acionista.jpg\" \/>\n\t<meta property=\"og:image:width\" content=\"1200\" \/>\n\t<meta property=\"og:image:height\" content=\"800\" \/>\n\t<meta property=\"og:image:type\" content=\"image\/jpeg\" \/>\n<meta name=\"author\" content=\"Eduardo Vargas\" \/>\n<meta name=\"twitter:card\" content=\"summary_large_image\" \/>\n<meta name=\"twitter:creator\" content=\"@sunoresearch\" \/>\n<meta name=\"twitter:site\" content=\"@sunoresearch\" \/>\n<meta name=\"twitter:label1\" content=\"Escrito por\" \/>\n\t<meta name=\"twitter:data1\" content=\"Eduardo Vargas\" \/>\n\t<meta name=\"twitter:label2\" content=\"Est. tempo de leitura\" \/>\n\t<meta name=\"twitter:data2\" content=\"2 minutos\" \/>\n<script type=\"application\/ld+json\" class=\"yoast-schema-graph\">{\"@context\":\"https:\/\/schema.org\",\"@graph\":[{\"@type\":\"NewsArticle\",\"@id\":\"https:\/\/www.suno.com.br\/noticias\/unipar-unip6-braskem-brkm5-segunda-chance\/#article\",\"isPartOf\":{\"@id\":\"https:\/\/www.suno.com.br\/noticias\/unipar-unip6-braskem-brkm5-segunda-chance\/\"},\"author\":{\"name\":\"Eduardo Vargas\",\"@id\":\"https:\/\/www.suno.com.br\/noticias\/#\/schema\/person\/7f4d362bf3518e76090143ae77bb49a5\"},\"headline\":\"Unipar (UNIP6) n\u00e3o quer dar &#8216;segunda chance&#8217; \u00e0 Braskem (BRKM5)\",\"datePublished\":\"2023-06-30T10:47:00+00:00\",\"dateModified\":\"2023-06-30T20:19:52+00:00\",\"mainEntityOfPage\":{\"@id\":\"https:\/\/www.suno.com.br\/noticias\/unipar-unip6-braskem-brkm5-segunda-chance\/\"},\"wordCount\":373,\"publisher\":{\"@id\":\"https:\/\/www.suno.com.br\/noticias\/#organization\"},\"image\":{\"@id\":\"https:\/\/www.suno.com.br\/noticias\/unipar-unip6-braskem-brkm5-segunda-chance\/#primaryimage\"},\"thumbnailUrl\":\"https:\/\/files.sunoresearch.com.br\/n\/uploads\/2023\/06\/petrobras-petr4-compra-braskem-brkm5-acionista.jpg\",\"keywords\":[\"Braskem (BRKM3\/BRKM5\/BRKM6)\",\"Unipar (UNIP3\/UNIP5\/UNIP6)\"],\"articleSection\":[\"Neg\u00f3cios\"],\"inLanguage\":\"pt-BR\"},{\"@type\":\"WebPage\",\"@id\":\"https:\/\/www.suno.com.br\/noticias\/unipar-unip6-braskem-brkm5-segunda-chance\/\",\"url\":\"https:\/\/www.suno.com.br\/noticias\/unipar-unip6-braskem-brkm5-segunda-chance\/\",\"name\":\"Unipar (UNIP6) n\u00e3o quer dar 'segunda chance' \u00e0 Braskem (BRKM5)\",\"isPartOf\":{\"@id\":\"https:\/\/www.suno.com.br\/noticias\/#website\"},\"primaryImageOfPage\":{\"@id\":\"https:\/\/www.suno.com.br\/noticias\/unipar-unip6-braskem-brkm5-segunda-chance\/#primaryimage\"},\"image\":{\"@id\":\"https:\/\/www.suno.com.br\/noticias\/unipar-unip6-braskem-brkm5-segunda-chance\/#primaryimage\"},\"thumbnailUrl\":\"https:\/\/files.sunoresearch.com.br\/n\/uploads\/2023\/06\/petrobras-petr4-compra-braskem-brkm5-acionista.jpg\",\"datePublished\":\"2023-06-30T10:47:00+00:00\",\"dateModified\":\"2023-06-30T20:19:52+00:00\",\"description\":\"Segundo fontes a par da negocia\u00e7\u00e3o, a Unipar n\u00e3o deve renovar a proposta que vence em dez dias sobre compra de fatia da Braskem\",\"breadcrumb\":{\"@id\":\"https:\/\/www.suno.com.br\/noticias\/unipar-unip6-braskem-brkm5-segunda-chance\/#breadcrumb\"},\"inLanguage\":\"pt-BR\",\"potentialAction\":[{\"@type\":\"ReadAction\",\"target\":[\"https:\/\/www.suno.com.br\/noticias\/unipar-unip6-braskem-brkm5-segunda-chance\/\"]}]},{\"@type\":\"ImageObject\",\"inLanguage\":\"pt-BR\",\"@id\":\"https:\/\/www.suno.com.br\/noticias\/unipar-unip6-braskem-brkm5-segunda-chance\/#primaryimage\",\"url\":\"https:\/\/files.sunoresearch.com.br\/n\/uploads\/2023\/06\/petrobras-petr4-compra-braskem-brkm5-acionista.jpg\",\"contentUrl\":\"https:\/\/files.sunoresearch.com.br\/n\/uploads\/2023\/06\/petrobras-petr4-compra-braskem-brkm5-acionista.jpg\",\"width\":1200,\"height\":800,\"caption\":\"Braskem (BRKM5) - Foto: Divulga\u00e7\u00e3o.\"},{\"@type\":\"BreadcrumbList\",\"@id\":\"https:\/\/www.suno.com.br\/noticias\/unipar-unip6-braskem-brkm5-segunda-chance\/#breadcrumb\",\"itemListElement\":[{\"@type\":\"ListItem\",\"position\":1,\"name\":\"Not\u00edcias\",\"item\":\"https:\/\/www.suno.com.br\/noticias\/\"},{\"@type\":\"ListItem\",\"position\":2,\"name\":\"Neg\u00f3cios\",\"item\":\"https:\/\/www.suno.com.br\/noticias\/negocios\/\"},{\"@type\":\"ListItem\",\"position\":3,\"name\":\"Unipar (UNIP6) n\u00e3o quer dar &#8216;segunda chance&#8217; \u00e0 Braskem (BRKM5)\"}]},{\"@type\":\"WebSite\",\"@id\":\"https:\/\/www.suno.com.br\/noticias\/#website\",\"url\":\"https:\/\/www.suno.com.br\/noticias\/\",\"name\":\"Suno Not\u00edcias\",\"description\":\"Seu portal de informa\u00e7\u00e3o sobre o mundo dos investimentos\",\"publisher\":{\"@id\":\"https:\/\/www.suno.com.br\/noticias\/#organization\"},\"potentialAction\":[{\"@type\":\"SearchAction\",\"target\":{\"@type\":\"EntryPoint\",\"urlTemplate\":\"https:\/\/www.suno.com.br\/noticias\/?s={search_term_string}\"},\"query-input\":{\"@type\":\"PropertyValueSpecification\",\"valueRequired\":true,\"valueName\":\"search_term_string\"}}],\"inLanguage\":\"pt-BR\"},{\"@type\":\"Organization\",\"@id\":\"https:\/\/www.suno.com.br\/noticias\/#organization\",\"name\":\"Suno Not\u00edcias\",\"url\":\"https:\/\/www.suno.com.br\/noticias\/\",\"logo\":{\"@type\":\"ImageObject\",\"inLanguage\":\"pt-BR\",\"@id\":\"https:\/\/www.suno.com.br\/noticias\/#\/schema\/logo\/image\/\",\"url\":\"https:\/\/files.sunoresearch.com.br\/n\/uploads\/2021\/09\/suno-logo.png\",\"contentUrl\":\"https:\/\/files.sunoresearch.com.br\/n\/uploads\/2021\/09\/suno-logo.png\",\"width\":180,\"height\":180,\"caption\":\"Suno Not\u00edcias\"},\"image\":{\"@id\":\"https:\/\/www.suno.com.br\/noticias\/#\/schema\/logo\/image\/\"},\"sameAs\":[\"https:\/\/facebook.com\/sunoresearch\",\"https:\/\/x.com\/sunoresearch\",\"https:\/\/www.instagram.com\/suno\",\"https:\/\/www.linkedin.com\/company\/suno-research\/\",\"https:\/\/www.youtube.com\/c\/sunoresearch\"]},{\"@type\":\"Person\",\"@id\":\"https:\/\/www.suno.com.br\/noticias\/#\/schema\/person\/7f4d362bf3518e76090143ae77bb49a5\",\"name\":\"Eduardo Vargas\",\"image\":{\"@type\":\"ImageObject\",\"inLanguage\":\"pt-BR\",\"@id\":\"https:\/\/www.suno.com.br\/noticias\/#\/schema\/person\/image\/\",\"url\":\"https:\/\/secure.gravatar.com\/avatar\/dac340933427a22924c9f99d1eb2e3f2?s=96&r=g\",\"contentUrl\":\"https:\/\/secure.gravatar.com\/avatar\/dac340933427a22924c9f99d1eb2e3f2?s=96&r=g\",\"caption\":\"Eduardo Vargas\"},\"description\":\"Jornalista formado pela UFSC, cobre macroeconomia, neg\u00f3cios e startups para o Suno Not\u00edcias, escrevendo principalmente not\u00edcias sobre o mercado financeiro e a bolsa de valores. No YouTube e no Instagram, \u00e9 respons\u00e1vel pela produ\u00e7\u00e3o de Reels e Shorts do Suno Not\u00edcias. Anteriormente, trabalhou cobrindo economia e cotidiano no ND+ e para o ND, maior jornal impresso de Santa Catarina. Cursou um semestre letivo de Estudos de M\u00eddia na Universidad de Buenos Aires.\",\"url\":\"https:\/\/www.suno.com.br\/noticias\/author\/eduardo-vargas\/\"}]}<\/script>\n<!-- \/ Yoast SEO plugin. -->","yoast_head_json":{"title":"Unipar (UNIP6) n\u00e3o quer dar 'segunda chance' \u00e0 Braskem (BRKM5)","description":"Segundo fontes a par da negocia\u00e7\u00e3o, a Unipar n\u00e3o deve renovar a proposta que vence em dez dias sobre compra de fatia da Braskem","robots":{"index":"index","follow":"follow","max-snippet":"max-snippet:-1","max-image-preview":"max-image-preview:large","max-video-preview":"max-video-preview:-1"},"canonical":"https:\/\/www.suno.com.br\/noticias\/unipar-unip6-braskem-brkm5-segunda-chance\/","og_locale":"pt_BR","og_type":"article","og_title":"Unipar (UNIP6) n\u00e3o quer dar 'segunda chance' \u00e0 Braskem (BRKM5)","og_description":"Segundo fontes a par da negocia\u00e7\u00e3o, a Unipar n\u00e3o deve renovar a proposta que vence em dez dias sobre compra de fatia da Braskem","og_url":"https:\/\/www.suno.com.br\/noticias\/unipar-unip6-braskem-brkm5-segunda-chance\/","og_site_name":"Suno Not\u00edcias","article_publisher":"https:\/\/facebook.com\/sunoresearch","og_image":[{"width":1200,"height":800,"url":"https:\/\/files.sunoresearch.com.br\/n\/uploads\/2023\/06\/petrobras-petr4-compra-braskem-brkm5-acionista.jpg","type":"image\/jpeg"}],"author":"Eduardo Vargas","twitter_card":"summary_large_image","twitter_creator":"@sunoresearch","twitter_site":"@sunoresearch","twitter_misc":{"Escrito por":"Eduardo Vargas","Est. tempo de leitura":"2 minutos"},"schema":{"@context":"https:\/\/schema.org","@graph":[{"@type":"NewsArticle","@id":"https:\/\/www.suno.com.br\/noticias\/unipar-unip6-braskem-brkm5-segunda-chance\/#article","isPartOf":{"@id":"https:\/\/www.suno.com.br\/noticias\/unipar-unip6-braskem-brkm5-segunda-chance\/"},"author":{"name":"Eduardo Vargas","@id":"https:\/\/www.suno.com.br\/noticias\/#\/schema\/person\/7f4d362bf3518e76090143ae77bb49a5"},"headline":"Unipar (UNIP6) n\u00e3o quer dar &#8216;segunda chance&#8217; \u00e0 Braskem (BRKM5)","datePublished":"2023-06-30T10:47:00+00:00","dateModified":"2023-06-30T20:19:52+00:00","mainEntityOfPage":{"@id":"https:\/\/www.suno.com.br\/noticias\/unipar-unip6-braskem-brkm5-segunda-chance\/"},"wordCount":373,"publisher":{"@id":"https:\/\/www.suno.com.br\/noticias\/#organization"},"image":{"@id":"https:\/\/www.suno.com.br\/noticias\/unipar-unip6-braskem-brkm5-segunda-chance\/#primaryimage"},"thumbnailUrl":"https:\/\/files.sunoresearch.com.br\/n\/uploads\/2023\/06\/petrobras-petr4-compra-braskem-brkm5-acionista.jpg","keywords":["Braskem (BRKM3\/BRKM5\/BRKM6)","Unipar (UNIP3\/UNIP5\/UNIP6)"],"articleSection":["Neg\u00f3cios"],"inLanguage":"pt-BR"},{"@type":"WebPage","@id":"https:\/\/www.suno.com.br\/noticias\/unipar-unip6-braskem-brkm5-segunda-chance\/","url":"https:\/\/www.suno.com.br\/noticias\/unipar-unip6-braskem-brkm5-segunda-chance\/","name":"Unipar (UNIP6) n\u00e3o quer dar 'segunda chance' \u00e0 Braskem (BRKM5)","isPartOf":{"@id":"https:\/\/www.suno.com.br\/noticias\/#website"},"primaryImageOfPage":{"@id":"https:\/\/www.suno.com.br\/noticias\/unipar-unip6-braskem-brkm5-segunda-chance\/#primaryimage"},"image":{"@id":"https:\/\/www.suno.com.br\/noticias\/unipar-unip6-braskem-brkm5-segunda-chance\/#primaryimage"},"thumbnailUrl":"https:\/\/files.sunoresearch.com.br\/n\/uploads\/2023\/06\/petrobras-petr4-compra-braskem-brkm5-acionista.jpg","datePublished":"2023-06-30T10:47:00+00:00","dateModified":"2023-06-30T20:19:52+00:00","description":"Segundo fontes a par da negocia\u00e7\u00e3o, a Unipar n\u00e3o deve renovar a proposta que vence em dez dias sobre compra de fatia da Braskem","breadcrumb":{"@id":"https:\/\/www.suno.com.br\/noticias\/unipar-unip6-braskem-brkm5-segunda-chance\/#breadcrumb"},"inLanguage":"pt-BR","potentialAction":[{"@type":"ReadAction","target":["https:\/\/www.suno.com.br\/noticias\/unipar-unip6-braskem-brkm5-segunda-chance\/"]}]},{"@type":"ImageObject","inLanguage":"pt-BR","@id":"https:\/\/www.suno.com.br\/noticias\/unipar-unip6-braskem-brkm5-segunda-chance\/#primaryimage","url":"https:\/\/files.sunoresearch.com.br\/n\/uploads\/2023\/06\/petrobras-petr4-compra-braskem-brkm5-acionista.jpg","contentUrl":"https:\/\/files.sunoresearch.com.br\/n\/uploads\/2023\/06\/petrobras-petr4-compra-braskem-brkm5-acionista.jpg","width":1200,"height":800,"caption":"Braskem (BRKM5) - Foto: Divulga\u00e7\u00e3o."},{"@type":"BreadcrumbList","@id":"https:\/\/www.suno.com.br\/noticias\/unipar-unip6-braskem-brkm5-segunda-chance\/#breadcrumb","itemListElement":[{"@type":"ListItem","position":1,"name":"Not\u00edcias","item":"https:\/\/www.suno.com.br\/noticias\/"},{"@type":"ListItem","position":2,"name":"Neg\u00f3cios","item":"https:\/\/www.suno.com.br\/noticias\/negocios\/"},{"@type":"ListItem","position":3,"name":"Unipar (UNIP6) n\u00e3o quer dar &#8216;segunda chance&#8217; \u00e0 Braskem (BRKM5)"}]},{"@type":"WebSite","@id":"https:\/\/www.suno.com.br\/noticias\/#website","url":"https:\/\/www.suno.com.br\/noticias\/","name":"Suno Not\u00edcias","description":"Seu portal de informa\u00e7\u00e3o sobre o mundo dos investimentos","publisher":{"@id":"https:\/\/www.suno.com.br\/noticias\/#organization"},"potentialAction":[{"@type":"SearchAction","target":{"@type":"EntryPoint","urlTemplate":"https:\/\/www.suno.com.br\/noticias\/?s={search_term_string}"},"query-input":{"@type":"PropertyValueSpecification","valueRequired":true,"valueName":"search_term_string"}}],"inLanguage":"pt-BR"},{"@type":"Organization","@id":"https:\/\/www.suno.com.br\/noticias\/#organization","name":"Suno Not\u00edcias","url":"https:\/\/www.suno.com.br\/noticias\/","logo":{"@type":"ImageObject","inLanguage":"pt-BR","@id":"https:\/\/www.suno.com.br\/noticias\/#\/schema\/logo\/image\/","url":"https:\/\/files.sunoresearch.com.br\/n\/uploads\/2021\/09\/suno-logo.png","contentUrl":"https:\/\/files.sunoresearch.com.br\/n\/uploads\/2021\/09\/suno-logo.png","width":180,"height":180,"caption":"Suno Not\u00edcias"},"image":{"@id":"https:\/\/www.suno.com.br\/noticias\/#\/schema\/logo\/image\/"},"sameAs":["https:\/\/facebook.com\/sunoresearch","https:\/\/x.com\/sunoresearch","https:\/\/www.instagram.com\/suno","https:\/\/www.linkedin.com\/company\/suno-research\/","https:\/\/www.youtube.com\/c\/sunoresearch"]},{"@type":"Person","@id":"https:\/\/www.suno.com.br\/noticias\/#\/schema\/person\/7f4d362bf3518e76090143ae77bb49a5","name":"Eduardo Vargas","image":{"@type":"ImageObject","inLanguage":"pt-BR","@id":"https:\/\/www.suno.com.br\/noticias\/#\/schema\/person\/image\/","url":"https:\/\/secure.gravatar.com\/avatar\/dac340933427a22924c9f99d1eb2e3f2?s=96&r=g","contentUrl":"https:\/\/secure.gravatar.com\/avatar\/dac340933427a22924c9f99d1eb2e3f2?s=96&r=g","caption":"Eduardo Vargas"},"description":"Jornalista formado pela UFSC, cobre macroeconomia, neg\u00f3cios e startups para o Suno Not\u00edcias, escrevendo principalmente not\u00edcias sobre o mercado financeiro e a bolsa de valores. No YouTube e no Instagram, \u00e9 respons\u00e1vel pela produ\u00e7\u00e3o de Reels e Shorts do Suno Not\u00edcias. Anteriormente, trabalhou cobrindo economia e cotidiano no ND+ e para o ND, maior jornal impresso de Santa Catarina. Cursou um semestre letivo de Estudos de M\u00eddia na Universidad de Buenos Aires.","url":"https:\/\/www.suno.com.br\/noticias\/author\/eduardo-vargas\/"}]}},"default_loop_html":"<div class=\"cardsPage__listCard__boxs\"><div class=\"cardsPage__listCard__boxs__img\"><a href=\"https:\/\/www.suno.com.br\/noticias\/unipar-unip6-braskem-brkm5-segunda-chance\/\"><img class=\"mask\" src=\"https:\/\/www.suno.com.br\/noticias\/wp-content\/themes\/suno\/resources\/images\/spotlight\/spotlight1img\/bg-mask.png\" alt=\"Image Mask\"\/><img src=\"https:\/\/files.sunoresearch.com.br\/n\/uploads\/2023\/06\/petrobras-petr4-compra-braskem-brkm5-acionista-400x200.jpg\" alt=\"Unipar (UNIP6) n\u00e3o quer dar &#8216;segunda chance&#8217; \u00e0 Braskem (BRKM5)\"\/><\/a><span class=\"spotlightCategory\"><a href=\"https:\/\/www.suno.com.br\/noticias\/negocios\/\">Neg\u00f3cios<\/a><\/span><\/div><div class=\"cardsPage__listCard__boxs__content\"><a href=\"https:\/\/www.suno.com.br\/noticias\/unipar-unip6-braskem-brkm5-segunda-chance\/\"><h2 class=\"content__title\">Unipar (UNIP6) n\u00e3o quer dar &#8216;segunda chance&#8217; \u00e0 Braskem (BRKM5)<\/h2><\/a><div class=\"newsContent__article__meta\"><div class=\"newsContent__article__meta__authorBox\"><a href=\"https:\/\/www.suno.com.br\/noticias\/author\/eduardo-vargas\/\" class=\"authorBox__avatar noMobi\"><img src=\"https:\/\/secure.gravatar.com\/avatar\/dac340933427a22924c9f99d1eb2e3f2?s=96&#038;r=g\" alt=\"Eduardo Vargas\"><\/a><div class=\"authorBox__name\"><span>por\n\t\t\t<a href=\"https:\/\/www.suno.com.br\/noticias\/author\/eduardo-vargas\/\"><span itemprop=\"author\">Eduardo Vargas<\/span><\/a><\/span><time datetime=\"2023-06-30T07:47:00-03:00\" itemprop=\"datePublished\">30\/06\/2023 07:47<\/time><\/div><\/div><\/div><\/div><\/div>","single_layout":"posts","amp_enabled":true,"_links":{"self":[{"href":"https:\/\/www.suno.com.br\/noticias\/wp-json\/wp\/v2\/posts\/423262"}],"collection":[{"href":"https:\/\/www.suno.com.br\/noticias\/wp-json\/wp\/v2\/posts"}],"about":[{"href":"https:\/\/www.suno.com.br\/noticias\/wp-json\/wp\/v2\/types\/post"}],"author":[{"embeddable":true,"href":"https:\/\/www.suno.com.br\/noticias\/wp-json\/wp\/v2\/users\/73"}],"replies":[{"embeddable":true,"href":"https:\/\/www.suno.com.br\/noticias\/wp-json\/wp\/v2\/comments?post=423262"}],"version-history":[{"count":2,"href":"https:\/\/www.suno.com.br\/noticias\/wp-json\/wp\/v2\/posts\/423262\/revisions"}],"predecessor-version":[{"id":423646,"href":"https:\/\/www.suno.com.br\/noticias\/wp-json\/wp\/v2\/posts\/423262\/revisions\/423646"}],"wp:featuredmedia":[{"embeddable":true,"href":"https:\/\/www.suno.com.br\/noticias\/wp-json\/wp\/v2\/media\/417316"}],"wp:attachment":[{"href":"https:\/\/www.suno.com.br\/noticias\/wp-json\/wp\/v2\/media?parent=423262"}],"wp:term":[{"taxonomy":"category","embeddable":true,"href":"https:\/\/www.suno.com.br\/noticias\/wp-json\/wp\/v2\/categories?post=423262"},{"taxonomy":"post_tag","embeddable":true,"href":"https:\/\/www.suno.com.br\/noticias\/wp-json\/wp\/v2\/tags?post=423262"},{"taxonomy":"suno_strategy","embeddable":true,"href":"https:\/\/www.suno.com.br\/noticias\/wp-json\/wp\/v2\/suno_strategy?post=423262"}],"curies":[{"name":"wp","href":"https:\/\/api.w.org\/{rel}","templated":true}]}}