{"id":423189,"date":"2023-06-29T22:14:20","date_gmt":"2023-06-30T01:14:20","guid":{"rendered":"https:\/\/www.suno.com.br\/noticias\/?p=423189"},"modified":"2023-06-29T22:14:34","modified_gmt":"2023-06-30T01:14:34","slug":"radar-gpa-pcar3-b3-b3sa3-jbs-jbss3","status":"publish","type":"post","link":"https:\/\/www.suno.com.br\/noticias\/radar-gpa-pcar3-b3-b3sa3-jbs-jbss3\/","title":{"rendered":"Radar: GPA (PCAR3) recusa proposta de bilion\u00e1rio, B3 (B3SA3) dispara ap\u00f3s previs\u00e3o de alta das a\u00e7\u00f5es e banco eleva pre\u00e7o-alvo de JBS (JBSS3)"},"content":{"rendered":"<p>A Companhia Brasileira de Distribui\u00e7\u00e3o (<strong>GPA<\/strong>), dona do Grupo&nbsp;<a href=\"https:\/\/www.suno.com.br\/acoes\/PCAR3\/\" target=\"_blank\" rel=\"noreferrer noopener\">P\u00e3o de A\u00e7\u00facar (PCAR3)<\/a>, recusou a proposta do bilion\u00e1rio colombiano Jaime Gilinski para a compra de 96,52% das a\u00e7\u00f5es do \u00c9xito, pelo valor de US$ 836 milh\u00f5es, equivalente a cerca de R$ 4,06 bilh\u00f5es.<\/p>\t<div class=\"wrapper-featured-image\">\n\t\t<figure class=\"spotlightImg\">\n\n\t\t\t<picture>\n\t\t\t\t<source media=\"(max-width: 768px)\" srcset=\"https:\/\/files.sunoresearch.com.br\/n\/uploads\/2021\/03\/916b7c1a-gpa_-400x200.webp\">\n\t\t\t\t<img loading=\"lazy\" decoding=\"async\" class=\"newsContent__article__imgCapa lazyloadDisabled \" src=\"https:\/\/files.sunoresearch.com.br\/n\/uploads\/2021\/03\/916b7c1a-gpa_-800x450.webp\" width=\"800\" height=\"450\" alt=\"Radar: GPA (PCAR3) recusa proposta de bilion\u00e1rio, B3 (B3SA3) dispara ap\u00f3s previs\u00e3o de alta das a\u00e7\u00f5es e banco eleva pre\u00e7o-alvo de JBS (JBSS3)\" fetchpriority=high \/>\n\t\t\t<\/picture>\n\n\t\t\t<figcaption class=\"wp-caption-text wp-caption-text--show\">P\u00e3o de A\u00e7\u00facar (PCAR3). Foto: Divulga\u00e7\u00e3o<\/figcaption>\n\t\t<\/figure>\n\t<\/div>\n\n\n\n\n\n\t<p>\n\t\t<a href=\"https:\/\/lp.suno.com.br\/planilha-da-vida-financeira\/\" target=\"_blank\" data-element=\"shortcode-suno-banner\" title=\"Banner SUNO, clique e saiba mais\">\n\t\t\t<picture>\n\t\t\t\t<source media=\"(max-width: 500px)\" srcset=\"https:\/\/files.sunoresearch.com.br\/n\/uploads\/2023\/04\/400x300-Planilha-vida-financeira-true.png\">\n\t\t\t\t<img class=\"newsContent__article__imgCapa newsContent__article__imgCapa--banner\"\n\t\t\t\t\tsrc=\"https:\/\/files.sunoresearch.com.br\/n\/uploads\/2023\/04\/1420x240-Planilha-vida-financeira-true.png\"\n\t\t\t\t\tdata-promo-id=\"106682\"\t\t\t\t\t\t\t\t\t\twidth='1420' height='240'\t\t\t\t\talt=\"https:\/\/files.sunoresearch.com.br\/n\/uploads\/2023\/04\/1420x240-Planilha-vida-financeira-true.png\"\n\t\t\t\t>\n\t\t\t<\/picture>\n\t\t<\/a>\n\t<\/p>\n\n\n\n\n\n\n\n<p>A proposta feita ao GPA se referia a uma oferta n\u00e3o solicitada e n\u00e3o havia sido negociada previamente com a administra\u00e7\u00e3o, cujo objetivo era a aquisi\u00e7\u00e3o de 100% da participa\u00e7\u00e3o do grupo no&nbsp;<strong>\u00c9xito<\/strong>, que faz parte do guarda-chuva do grupo.<\/p>\n\n\n\n<p>A decis\u00e3o de recusar a oferta do&nbsp;<strong>bilion\u00e1rio Jaime Gilinski&nbsp;<\/strong>foi tomada pelo&nbsp;<a href=\"https:\/\/www.suno.com.br\/artigos\/conselho-administracao\/\" target=\"_blank\" rel=\"noreferrer noopener\">conselho de administra\u00e7\u00e3o<\/a>&nbsp;do GPA, em reuni\u00e3o realizada hoje (29).<\/p>\n\n\n\n<p>O conselho se reuniu e analisou a oferta juntamente com seus assessores financeiros e legais, decidindo por unanimidade pela recusa.<\/p>\n\n\n\n<p>Al\u00e9m de GPA, confira outros destaques desta quinta-feira:<\/p>\n\n\n\n<h2 class=\"wp-block-heading\">B3 (B3SA3) dispara quase 5% ap\u00f3s previs\u00e3o de alta das a\u00e7\u00f5es feita por banco. Veja o que anima os analistas<\/h2>\n\n\n\n<ul class=\"wp-block-list\">\n<li>O&nbsp;<a href=\"https:\/\/www.suno.com.br\/acoes\/bpac11\/\" target=\"_blank\" rel=\"noreferrer noopener\">BTG Pactual (BPAC11)<\/a>&nbsp;reiterou sua recomenda\u00e7\u00e3o de compra para as a\u00e7\u00f5es da&nbsp;<strong><a href=\"https:\/\/www.suno.com.br\/acoes\/B3SA3\/\" target=\"_blank\" rel=\"noreferrer noopener\"><strong>B3<\/strong>&nbsp;<\/a><\/strong><a href=\"https:\/\/www.suno.com.br\/acoes\/B3SA3\/\" target=\"_blank\" rel=\"noreferrer noopener\">(B3SA3)<\/a>, ap\u00f3s conversas com o diretor financeiro da companhia, Andre Milanez, e o analista de rela\u00e7\u00f5es com investidores, Yusuke Kira. Os executivos deram atualiza\u00e7\u00f5es sobre a empresa em rela\u00e7\u00e3o \u00e0 concorr\u00eancia, fus\u00f5es e aquisi\u00e7\u00f5es, diversifica\u00e7\u00e3o de neg\u00f3cios, expectativas para mercados de capitais e tend\u00eancias operacionais, dentre outras. O relat\u00f3rio animou investidores: as a\u00e7\u00f5es sumiram quase 5% e ficaram na lista das maiores alta no Ibovespa.<\/li>\n<\/ul>\n\n\n\n<ul class=\"wp-block-list\">\n<li>Segundo o BTG, a B3 est\u00e1 monitorando a concorr\u00eancia na negocia\u00e7\u00e3o e p\u00f3s-negocia\u00e7\u00e3o, mas que o foco est\u00e1 na amplia\u00e7\u00e3o dos&nbsp;<strong>fluxos de receita<\/strong>.<\/li>\n<\/ul>\n\n\n\n<ul class=\"wp-block-list\">\n<li>Para o banco, o&nbsp;<strong>mercado de capitais<\/strong>&nbsp;est\u00e1 melhorando e a queda da Selic em breve deve continuar apoiando o crescimento de&nbsp;<strong>receita da B3<\/strong>, que est\u00e1 otimista quanto \u00e0s suas perspectivas de crescimento.<\/li>\n<\/ul>\n\n\n\n<ul class=\"wp-block-list\">\n<li>No relat\u00f3rio, o BTG destacou os grandes avan\u00e7os estruturais observados pela B3 no mercado de capitais local, incluindo gama maior de produtos de investimento, maior acesso por parte das empresas, al\u00e9m de um ambiente macroecon\u00f4mico favor\u00e1vel.<\/li>\n<\/ul>\n\n\n\n<ul class=\"wp-block-list\">\n<li>Ainda assim, o banco enxerga um potencial para mais desenvolvimento e, com mercados mais maduros, a recupera\u00e7\u00e3o do volume desencadeada pelo in\u00edcio da flexibiliza\u00e7\u00e3o monet\u00e1ria deve superar a recupera\u00e7\u00e3o anterior. O BTG avalia o pre\u00e7o justo das a\u00e7\u00f5es em R$ 17.<\/li>\n<\/ul>\n\n\n\n<h2 class=\"wp-block-heading\">O pior j\u00e1 passou para a JBS (JBSS3), diz Bradesco, que projeta alta de 83% nas a\u00e7\u00f5es<\/h2>\n\n\n\n<ul class=\"wp-block-list\">\n<li>Em novo parecer, o Bradesco BBI elevou sua recomenda\u00e7\u00e3o para as a\u00e7\u00f5es da&nbsp;<a href=\"https:\/\/www.suno.com.br\/acoes\/JBSS3\/\" target=\"_blank\" rel=\"noreferrer noopener\"><strong>JBS&nbsp;<\/strong>(JBSS3)<\/a>, passando agora a recomendar compra para os pap\u00e9is.<\/li>\n<\/ul>\n\n\n\n<ul class=\"wp-block-list\">\n<li>Segundo a casa, o \u2018pior j\u00e1 passou\u2019, e o&nbsp;<a href=\"https:\/\/www.suno.com.br\/artigos\/preco-alvo\/\" target=\"_blank\" rel=\"noreferrer noopener\">pre\u00e7o alvo<\/a>&nbsp;para as&nbsp;<strong>a\u00e7\u00f5es da JBS<\/strong>&nbsp;\u00e9 de R$ 30, representando uma alta de cerca de 83% ante o pre\u00e7o de fechamento da v\u00e9spera.<\/li>\n<\/ul>\n\n\n\n<ul class=\"wp-block-list\">\n<li>Em seu relat\u00f3rio, os analistas destacam como pontos positivos para tese:<\/li>\n<\/ul>\n\n\n\n<ul class=\"wp-block-list\">\n<li>Chuvas causadas pelo El Ni\u00f1o em junho, melhorando a oferta de pastagens\/gr\u00e3os e reduzindo custos<\/li>\n\n\n\n<li>Oferta de carne nos EUA deve cair em 2024, ap\u00f3s anos de expans\u00e3o que causou um excesso de oferta no mercado<\/li>\n\n\n\n<li>Mudan\u00e7as na gest\u00e3o ajudando a reduzir a diferen\u00e7a de desempenho\/margem em rela\u00e7\u00e3o aos pares<\/li>\n<\/ul>\n\n\n\n<ul class=\"wp-block-list\">\n<li>A estimativa da casa \u00e9 de que o Ebitda do frigor\u00edfico fique acima do consenso do mercado, e as margens subam para 7,5% no ano que vem e para 8,2% no subsequente.<\/li>\n<\/ul>\n\n\n\n<ul class=\"wp-block-list\">\n<li>\u201cSabemos que os neg\u00f3cios da JBS s\u00e3o c\u00edclicos, mas o mercado ainda n\u00e3o enxerga a prov\u00e1vel recupera\u00e7\u00e3o de margem que se materializar\u00e1 at\u00e9 2025\u201d, diz a casa.<\/li>\n<\/ul>\n\n\n\n<ul class=\"wp-block-list\">\n<li>Al\u00e9m disso, os analistas destacaram que a janela de compra atual n\u00e3o foi vista nos \u00faltimos dez anos.<\/li>\n<\/ul>\n\n\n\n<ul class=\"wp-block-list\">\n<li>Falando sobre m\u00faltiplos, os especialistas destacaram que as a\u00e7\u00f5es&nbsp;<strong><a href=\"https:\/\/statusinvest.com.br\/acoes\/jbss3?__hstc=189907700.57003753d8805be60d3d8f1693f0228c.1666093829288.1687992367020.1688080549755.172&amp;__hssc=189907700.20.1688080549755&amp;__hsfp=4004565108\" target=\"_blank\" rel=\"noreferrer noopener\">JBSS3<\/a><\/strong>&nbsp;est\u00e3o sendo negociadas a 4,9x o valor de firma sobre Ebitda para a proje\u00e7\u00e3o de 2024, abaixo da m\u00e9dia hist\u00f3rica de 5,5x.<\/li>\n<\/ul>\n\n\n\n<h2 class=\"wp-block-heading\">BrasilAgro (AGRO3): empresa do agroneg\u00f3cio bate o martelo e vende peda\u00e7o de Fazenda por R$ 121,9 milh\u00f5es<\/h2>\n\n\n\n<ul class=\"wp-block-list\">\n<li>A&nbsp;<strong>BrasilAgro<\/strong>&nbsp;(AGRO3) vendeu uma \u00e1rea com milhares de hectares na Fazenda Jatob\u00e1, pelo valor equivalente a R$ 121,9 milh\u00f5es, que corresponde a 298 sacas de soja por hectare \u00fatil, ou seja, R$ 38.069\/ha \u00fatil.<\/li>\n<\/ul>\n\n\n\n<ul class=\"wp-block-list\">\n<li>A&nbsp;<strong>\u00e1rea vendida pela BrasilAgro<\/strong>&nbsp;tem 4.408 hectares, ou 3.202 hectares \u00fateis. Ela faz parte da&nbsp;<strong>Fazenda Jatob\u00e1<\/strong>, propriedade rural localizada no munic\u00edpio de Jaborandi\/BA.<\/li>\n<\/ul>\n\n\n\n<ul class=\"wp-block-list\">\n<li>O comprador j\u00e1 efetuou o pagamento inicial de 20% do valor total. O tempo m\u00e9dio de recebimento da venda (duration) \u00e9 de 2,79 anos.<\/li>\n<\/ul>\n\n\n\n<ul class=\"wp-block-list\">\n<li>Contabilmente, o valor da \u00e1rea da Fazenda nos livros da empresa \u00e9 de R$ 15,1 milh\u00f5es, considerando o pre\u00e7o de compra somado aos investimentos l\u00edquidos de deprecia\u00e7\u00e3o. A&nbsp;<a href=\"https:\/\/www.suno.com.br\/artigos\/taxa-interna-de-retorno\/\" target=\"_blank\" rel=\"noreferrer noopener\">Taxa Interna de Retorno<\/a>&nbsp;(TIR) esperada na transa\u00e7\u00e3o \u00e9 de 16,0% ao ano.<\/li>\n<\/ul>\n\n\n\n<ul class=\"wp-block-list\">\n<li>A Fazenda Jatob\u00e1 foi comprada pela&nbsp;<strong>Companhia Brasileira de Propriedades Agr\u00edcolas<\/strong>&nbsp;no ano de 2007. O investimento no neg\u00f3cio foi de R$ 70,4 milh\u00f5es, considerando o valor da aquisi\u00e7\u00e3o e dos recursos usados no desenvolvimento da propriedade at\u00e9 o momento.<\/li>\n<\/ul>\n\n\n\n<ul class=\"wp-block-list\">\n<li>A fazenda tinha uma \u00e1rea total de 31.606 hectares, sendo que 22.738 hectares j\u00e1 foram vendidos pela BrasilAgro, por um montante total de R$ 497,9 milh\u00f5es. Assim, restam 8.868 hectares no portf\u00f3lio depois de todas as vendas.<\/li>\n<\/ul>\n\n\n\n<ul class=\"wp-block-list\">\n<li>Em comunicado divulgado ao mercado hoje (29), a empresa se mostrou otimista com o uso de sua estrat\u00e9gia atual.<\/li>\n<\/ul>\n\n\n\n<ul class=\"wp-block-list\">\n<li>\u201cContinuamos confiantes em nossa estrat\u00e9gia e na nossa capacidade de entregar resultados e encontrar solu\u00e7\u00f5es inovadoras e eficientes para continuar crescendo de forma consistente, agregando valor para nossos acionistas\u201d, conclui.<\/li>\n<\/ul>\n\n\n\t<p>\n\t\t<a href=\"https:\/\/lp.suno.com.br\/ebook-como-analisar-uma-acao\/\" target=\"_blank\" data-element=\"shortcode-suno-banner\" title=\"Banner SUNO, clique e saiba mais\">\n\t\t\t<picture>\n\t\t\t\t<source media=\"(max-width: 500px)\" srcset=\"https:\/\/files.sunoresearch.com.br\/n\/uploads\/2023\/03\/Ebook-Acoes-Mobile.jpg\">\n\t\t\t\t<img class=\"newsContent__article__imgCapa newsContent__article__imgCapa--banner\"\n\t\t\t\t\tsrc=\"https:\/\/files.sunoresearch.com.br\/n\/uploads\/2023\/03\/Ebook-Acoes-Desktop.jpg\"\n\t\t\t\t\tdata-promo-id=\"378302\"\t\t\t\t\t\t\t\t\t\twidth='1420' height='286'\t\t\t\t\talt=\"https:\/\/files.sunoresearch.com.br\/n\/uploads\/2023\/03\/Ebook-Acoes-Desktop.jpg\"\n\t\t\t\t>\n\t\t\t<\/picture>\n\t\t<\/a>\n\t<\/p>\n\n\n\n\n\n<h2 class=\"wp-block-heading\">Copel (CPLE11) pode subir 25%? Banco gringo lista motivos para comprar as a\u00e7\u00f5es; veja quais<\/h2>\n\n\n\n<ul class=\"wp-block-list\">\n<li>O Bank of America (BofA) passou a recomendar a compra das a\u00e7\u00f5es da&nbsp;<strong>Copel<\/strong>&nbsp;(<a href=\"https:\/\/www.suno.com.br\/acoes\/cple6\/\" target=\"_blank\" rel=\"noreferrer noopener\">CPLE6<\/a>), com pre\u00e7o-alvo de R$ 51 para as Units, ou seja, as a\u00e7\u00f5es negociadas sob o ticker&nbsp;<a href=\"https:\/\/www.suno.com.br\/acoes\/cple11\/\" target=\"_blank\" rel=\"noreferrer noopener\"><strong>CPLE11<\/strong><\/a>. O relat\u00f3rio do BofA foi anunciado ao mercado nesta quinta-feira (29).<\/li>\n<\/ul>\n\n\n\n<ul class=\"wp-block-list\">\n<li>Considerando o pre\u00e7o-alvo de R$ 51, e a sua cota\u00e7\u00e3o atual de R$ 40,73 ao final da sess\u00e3o de hoje na&nbsp;<a href=\"https:\/\/www.suno.com.br\/guias\/bolsa-de-valores\/\" target=\"_blank\" rel=\"noreferrer noopener\">Bolsa de Valores<\/a>&nbsp;brasileira, o potencial de&nbsp;<strong>alta da Copel<\/strong>&nbsp;seria de 25,2%.<\/li>\n<\/ul>\n\n\n\n<ul class=\"wp-block-list\">\n<li>Levando em conta o fechamento anterior, esse potencial de valoriza\u00e7\u00e3o das&nbsp;<strong>a\u00e7\u00f5es da Copel<\/strong>&nbsp;seria de 31,3%, visto que os&nbsp;<strong>pap\u00e9is da Copel<\/strong>&nbsp;subiram 4,89% hoje (29).<\/li>\n<\/ul>\n\n\n\n<ul class=\"wp-block-list\">\n<li>Entre os fatores destacados pelo banco dos EUA em meio \u00e0 recomenda\u00e7\u00e3o de compra das&nbsp;<strong>Units da Copel<\/strong>&nbsp;est\u00e3o:<\/li>\n<\/ul>\n\n\n\n<ul class=\"wp-block-list\">\n<li>Valuation atrativo;<\/li>\n\n\n\n<li>Melhora no cen\u00e1rio diante dos \u00faltimos balan\u00e7os trimestrais divulgados;<\/li>\n\n\n\n<li>Possibilidade de privatiza\u00e7\u00e3o.<\/li>\n<\/ul>\n\n\n\n<ul class=\"wp-block-list\">\n<li>O banco considera o valuation atrativo com&nbsp;<a href=\"https:\/\/www.suno.com.br\/artigos\/taxa-interna-de-retorno\/\" target=\"_blank\" rel=\"noreferrer noopener\">taxa interna de retorno<\/a>&nbsp;real equivalente a 11,5%. Al\u00e9m disso, esse valution estaria descontado na compara\u00e7\u00e3o com seus concorrentes do setor.<\/li>\n<\/ul>\n\n\n\n<ul class=\"wp-block-list\">\n<li>Diante da perspectiva de privatiza\u00e7\u00e3o, existiria um potencial de valoriza\u00e7\u00e3o na cota\u00e7\u00e3o das a\u00e7\u00f5es da Copel. Do mesmo modo, observando seus pares, o&nbsp;<strong>BofA&nbsp;<\/strong>destaca a atrativa rela\u00e7\u00e3o risco-retorno dos pap\u00e9is.<\/li>\n<\/ul>\n\n\n\n<h2 class=\"wp-block-heading\">A\u00e7\u00f5es da Via (VIIA3), Magazine Luiza (MGLU3) e varejistas fecham em alta nesta quinta no Ibovespa; saiba por qu\u00ea<\/h2>\n\n\n\n<ul class=\"wp-block-list\">\n<li>As a\u00e7\u00f5es de&nbsp;<strong><a href=\"https:\/\/www.suno.com.br\/acoes\/viia3\/\">Via<\/a><\/strong><a href=\"https:\/\/www.suno.com.br\/acoes\/viia3\/\">&nbsp;(VIIA3)<\/a>&nbsp;e&nbsp;<a href=\"https:\/\/www.suno.com.br\/acoes\/MGLU3\/\" target=\"_blank\" rel=\"noreferrer noopener\">Magazine Luiza (MGLU3)<\/a>&nbsp;figuraram no campo positivo do Ibovespa nesta quinta-feira (29) no Ibovespa, com os investidores repercutindo uma nova queda do IGP-M em junho e na espera da reuni\u00e3o do Conselho Monet\u00e1rio Nacional (CMN), que trar\u00e1 suas novas metas de infla\u00e7\u00e3o.<\/li>\n<\/ul>\n\n\n\n<ul class=\"wp-block-list\">\n<li>No fechamento os&nbsp;<strong>pap\u00e9is da Via<\/strong>&nbsp;avan\u00e7aram 3,24%, cotados a R$ 2,23, enquanto os&nbsp;<strong>ativos do Magazine Luiza<\/strong>&nbsp;tamb\u00e9m subiram 2,99%, a R$ 3,45. As a\u00e7\u00f5es ordin\u00e1rias de&nbsp;<a href=\"https:\/\/www.suno.com.br\/acoes\/lren3\/\">Lojas Renner (LREN3)<\/a>&nbsp;avan\u00e7aram 2,20%, a R$ 21,39, assim como as da&nbsp;<a href=\"https:\/\/www.suno.com.br\/acoes\/petz3\/\">Petz (PETZ3)<\/a>, que avan\u00e7avam 6,28%, cotadas a R$ 6,60.<\/li>\n<\/ul>\n\n\n\n<ul class=\"wp-block-list\">\n<li>\u201cBasicamente, essas empresas sobem hoje com a expectativa de manuten\u00e7\u00e3o da meta de infla\u00e7\u00e3o pelo CMN, al\u00e9m do dado de infla\u00e7\u00e3o do IGP-M, o que melhoram os juros, fazendo eles ca\u00edrem e a Bolsa subir\u201d, aponta Cristiane Fensterseifer, analista de investimentos do site Investe10.<\/li>\n<\/ul>\n\n\n\n<ul class=\"wp-block-list\">\n<li>O \u00cdndice Geral de Pre\u00e7os \u2013 Mercado (IGP-M), tamb\u00e9m \u201capelidado\u201d de infla\u00e7\u00e3o do aluguel, registrou queda de 1,93% em junho, segundo informa\u00e7\u00f5es passadas pelo Instituto Brasileiro de Economia da Funda\u00e7\u00e3o Getulio Vargas (FGV-Ibre) nesta quinta-feira (29).<\/li>\n<\/ul>\n\n\n\n<ul class=\"wp-block-list\">\n<li>Assim, o&nbsp;<strong>IGP-M<\/strong>&nbsp;acumula o 3\u00ba m\u00eas seguido de defla\u00e7\u00e3o, ou seja, de queda do \u00edndice. Foram registradas baixas de 1,84% em maio e de 0,95% em abril. No ano de 2023, o \u00edndice caiu 4,46% at\u00e9 agora.<\/li>\n<\/ul>\n\n\n\n<ul class=\"wp-block-list\">\n<li>Em meio a essas novas baixas do IGP-M, o \u00edndice alcan\u00e7ou o menor valor da s\u00e9rie hist\u00f3rica no acumulado de 1 ano, ap\u00f3s recuar 6,86% em 12 meses. Considerando o acumulado de 12 meses, o IGP-M vem registrando defla\u00e7\u00e3o desde o m\u00eas de abril, algo que n\u00e3o ocorria desde 2018.<\/li>\n<\/ul>\n\n\n\n<ul class=\"wp-block-list\">\n<li>Nesta quinta-feira, o&nbsp;<a href=\"https:\/\/www.suno.com.br\/artigos\/cmn-conselho-monetario-nacional\/\" target=\"_blank\" rel=\"noreferrer noopener\">Conselho Monet\u00e1rio Nacional (CMN)<\/a>&nbsp;se re\u00fane para definir qual ser\u00e1 a meta de infla\u00e7\u00e3o para 2026, al\u00e9m da confirma\u00e7\u00e3o dos alvos para 2024 e 2025, e se essa meta a ser perseguida ser\u00e1 via regime de ano-calend\u00e1rio (janeiro a dezembro) ou cont\u00ednuo.<\/li>\n<\/ul>\n\n\n\n<ul class=\"wp-block-list\">\n<li>Segundo Gustavo Cruz, analista da RB Investimentos, o CMN n\u00e3o deve mexer nas metas de infla\u00e7\u00e3o, como indicado pela ministra do Planejamento e Or\u00e7amento, Simone Tebet, em entrevista.<\/li>\n<\/ul>\n\n\n\n<ul class=\"wp-block-list\">\n<li>\u201cCom isso, volta aquela busca por ativos de maior risco, que trabalham com a curva de juros menor. Se voc\u00ea n\u00e3o tem o CMN cedendo a alguma press\u00e3o do presidente Lula para que se suba a meta de infla\u00e7\u00e3o, voc\u00ea tem uma credibilidade maior, d\u00e1 uma sensa\u00e7\u00e3o de maior seguran\u00e7a para o Banco Central, e com isso, o mercado incorpora bem as perspectivas de juros futuros\u201d, apontou.<\/li>\n<\/ul>\n\n\n\n<h2 class=\"wp-block-heading\">Shein vai abrir capital nos EUA, diz ag\u00eancia. Quando deve ser o IPO da varejista chinesa?<\/h2>\n\n\n\n<ul class=\"wp-block-list\">\n<li>A<strong>&nbsp;Shein<\/strong>, varejista chinesa de moda avaliada em mais de US$ 60 bilh\u00f5es e que est\u00e1 sob investiga\u00e7\u00e3o de legisladores dos Estados Unidos por causa de suas pr\u00e1ticas trabalhistas, registrou-se para uma oferta p\u00fablica inicial em Nova York, segundo fontes disseram \u00e0 ag\u00eancia Reuters.<\/li>\n<\/ul>\n\n\n\n<ul class=\"wp-block-list\">\n<li>Segundo a publica\u00e7\u00e3o, a&nbsp;<strong>estreia da Shein<\/strong>&nbsp;no mercado de a\u00e7\u00f5es pode tornar a<strong>&nbsp;<\/strong>empresa chinesa a mais valiosa a abrir capital nos Estados Unidos desde a listagem da Didi Global, em 2021, avaliada em US$ 68 bilh\u00f5es \u2013 a companhia, inclusive, foi deslistada um ano depois, em meio \u00e0s press\u00f5es de Pequim por causa das regras antitruste e de seguran\u00e7a de dados aos gigantes da tecnologia no pa\u00eds.<\/li>\n<\/ul>\n\n\n\n<ul class=\"wp-block-list\">\n<li>Ainda de acordo com as fontes da Reuters, a&nbsp;<strong>varejista chinesa&nbsp;<\/strong>submeteu confidencialmente seu registro de abertura de capital \u00e0 Securities and Exchange Comission (<strong>SEC<\/strong>) dos Estados Unidos, e pode estrear no&nbsp;<strong>mercado de a\u00e7\u00f5es<\/strong>&nbsp;antes do final deste ano.<\/li>\n<\/ul>\n\n\n\n<ul class=\"wp-block-list\">\n<li>Em resposta \u00e0 Reuters, a empresa negou os rumores. A SEC tamb\u00e9m n\u00e3o quis comentar sobre o assunto.<\/li>\n<\/ul>\n\n\n\n<ul class=\"wp-block-list\">\n<li>Segundo a ag\u00eancia de noticias, o&nbsp;<strong>IPO da Shein&nbsp;<\/strong>\u00e9 contestado por um grupo bipartid\u00e1rio de representantes dos Estados Unidos, que pediram \u00e0 SEC para verificar se a empresa n\u00e3o usa trabalho for\u00e7ado antes de permitir que ela prossiga com uma listagem em Nova York.<\/li>\n<\/ul>\n\n\n\n<h2 class=\"wp-block-heading\">Oi (OIBR3) deve individualizar detentores de t\u00edtulos de d\u00edvida externa, recomendam gestores judiciais; entenda<\/h2>\n\n\n\n<ul class=\"wp-block-list\">\n<li>A&nbsp;<strong>Oi (OIBR3)<\/strong>&nbsp;recebeu a recomenda\u00e7\u00e3o de seus administradores judiciais para a publica\u00e7\u00e3o de um edital espec\u00edfico autorizando a individualiza\u00e7\u00e3o dos detentores de t\u00edtulos de d\u00edvida externa (bondholders) da companhia.<\/li>\n<\/ul>\n\n\n\n<ul class=\"wp-block-list\">\n<li>Os dois&nbsp;<strong>gestores judiciais da Oi<\/strong>&nbsp;s\u00e3o o escrit\u00f3rio Wald Advogados e K2 Consultoria Econ\u00f4mica. Na segunda-feira (26), em uma manifesta\u00e7\u00e3o protocolada, eles aconselharam a elabora\u00e7\u00e3o de um edital para que os&nbsp;<strong>bondholders<\/strong>&nbsp;da empresa fossem individualizados.<\/li>\n<\/ul>\n\n\n\n<ul class=\"wp-block-list\">\n<li>O documento afirma que, no cen\u00e1rio de uma futura&nbsp;<strong>assembleia geral de credores<\/strong>&nbsp;(AGC), \u201cseja garantido o direito de participa\u00e7\u00e3o individualizada dos bondholders\u201d. E acrescenta: \u201cRecomenda-se a publica\u00e7\u00e3o de edital espec\u00edfico para essa finalidade, contendo a rela\u00e7\u00e3o dos documentos necess\u00e1rios \u00e0 comprova\u00e7\u00e3o da titularidade e do valor dos cr\u00e9ditos, na linha do que a pr\u00e1tica judici\u00e1ria vem realizando em processos de&nbsp;<a href=\"https:\/\/www.suno.com.br\/artigos\/recuperacao-judicial\/\" target=\"_blank\" rel=\"noreferrer noopener\">recupera\u00e7\u00e3o judicial<\/a>.\u201d<\/li>\n<\/ul>\n\n\n\n<p>Do GPA \u00e0 Oi, essas foram as empresas que se destacaram hoje. Para ler todas as mat\u00e9rias\u00a0<strong><a href=\"https:\/\/www.suno.com.br\/noticias\/todos\/?utm_content=XYOE2ItQuUY.20201113&amp;utm_campaign=Track%2B&amp;utm_medium=video&amp;utm_source=telegram.sunoresearch\" target=\"_blank\" rel=\"noreferrer noopener\">clique aqui<\/a><\/strong>.<a href=\"https:\/\/lp.suno.com.br\/pv\/sr-fiis\/oferta-relampago-40off\/\" target=\"_blank\" rel=\"noreferrer noopener\"><\/a><a href=\"https:\/\/lp.suno.com.br\/suno-one\/\" target=\"_blank\" rel=\"noreferrer noopener\"><\/a><a href=\"https:\/\/lp.suno.com.br\/pv\/sr-start\/aniversario-2023\/\" target=\"_blank\" rel=\"noreferrer noopener\"><\/a><a href=\"https:\/\/lp.suno.com.br\/suno-one\/\" target=\"_blank\" rel=\"noreferrer noopener\"><\/a><a href=\"https:\/\/lp.suno.com.br\/suno-one\/\" target=\"_blank\" rel=\"noreferrer noopener\"><\/a><a href=\"https:\/\/lp.suno.com.br\/suno-one\/\" target=\"_blank\" rel=\"noreferrer noopener\"><\/a><\/p>\n\n\n\t<p>\n\t\t<a href=\"https:\/\/lp.suno.com.br\/suno-one\/?utm_campaign=_SNC6964518A_\" target=\"_blank\" data-element=\"shortcode-suno-banner\" title=\"Banner SUNO, clique e saiba mais\">\n\t\t\t<picture>\n\t\t\t\t<source media=\"(max-width: 500px)\" srcset=\"https:\/\/files.sunoresearch.com.br\/n\/uploads\/2025\/09\/400x300-Suno-One-png.webp\">\n\t\t\t\t<img class=\"newsContent__article__imgCapa newsContent__article__imgCapa--banner\"\n\t\t\t\t\tsrc=\"https:\/\/files.sunoresearch.com.br\/n\/uploads\/2025\/09\/1420x240-Suno-One-png.webp\"\n\t\t\t\t\tdata-promo-id=\"383121\"\t\t\t\t\t\t\t\t\t\twidth='1420' height='240'\t\t\t\t\talt=\"https:\/\/files.sunoresearch.com.br\/n\/uploads\/2025\/09\/1420x240-Suno-One-png.webp\"\n\t\t\t\t>\n\t\t\t<\/picture>\n\t\t<\/a>\n\t<\/p>\n\n\n","protected":false},"excerpt":{"rendered":"<p>A Companhia Brasileira de Distribui\u00e7\u00e3o (GPA), dona do Grupo&nbsp;P\u00e3o de A\u00e7\u00facar (PCAR3), recusou a proposta do bilion\u00e1rio colombiano Jaime Gilinski para a compra de 96,52% das a\u00e7\u00f5es do \u00c9xito, pelo valor de US$ 836 milh\u00f5es, equivalente a cerca de R$ 4,06 bilh\u00f5es. P\u00e3o de A\u00e7\u00facar (PCAR3). Foto: Divulga\u00e7\u00e3o A proposta feita ao GPA se referia [&hellip;]<\/p>\n","protected":false},"author":227,"featured_media":130336,"comment_status":"closed","ping_status":"closed","sticky":false,"template":"","format":"standard","meta":[],"categories":[64],"tags":[367,105738,431,521,548,584,106935],"suno_strategy":[],"class_list":["post-423189","post","type-post","status-publish","format-standard","has-post-thumbnail","hentry","category-negocios","tag-b3-b3sa3","tag-brasilagro-agro3","tag-copel-cple3-cple5-cple6","tag-jbs-jbss3","tag-magazine-luiza-mglu3","tag-oi-oibr3-oibr4","tag-via-viia3"],"yoast_head":"<!-- This site is optimized with the Yoast SEO plugin v24.4 - https:\/\/yoast.com\/wordpress\/plugins\/seo\/ -->\n<title>Radar: GPA (PCAR3) recusa proposta de bilion\u00e1rio, B3 (B3SA3) dispara ap\u00f3s previs\u00e3o de alta das a\u00e7\u00f5es e banco eleva pre\u00e7o-alvo da JBS (JBSS3)<\/title>\n<meta name=\"description\" content=\"GPA (PCAR3) recusa proposta de bilion\u00e1rio, B3 (B3SA3) dispara ap\u00f3s previs\u00e3o de alta das a\u00e7\u00f5es e banco eleva pre\u00e7o-alvo de JBS (JBSS3)\" \/>\n<meta name=\"robots\" content=\"index, follow, max-snippet:-1, max-image-preview:large, max-video-preview:-1\" \/>\n<link rel=\"canonical\" href=\"https:\/\/www.suno.com.br\/noticias\/radar-gpa-pcar3-b3-b3sa3-jbs-jbss3\/\" \/>\n<meta property=\"og:locale\" content=\"pt_BR\" \/>\n<meta property=\"og:type\" content=\"article\" \/>\n<meta property=\"og:title\" content=\"Radar: GPA (PCAR3) recusa proposta de bilion\u00e1rio, B3 (B3SA3) dispara ap\u00f3s previs\u00e3o de alta das a\u00e7\u00f5es e banco eleva pre\u00e7o-alvo da JBS (JBSS3)\" \/>\n<meta property=\"og:description\" content=\"GPA (PCAR3) recusa proposta de bilion\u00e1rio, B3 (B3SA3) dispara ap\u00f3s previs\u00e3o de alta das a\u00e7\u00f5es e banco eleva pre\u00e7o-alvo de JBS (JBSS3)\" \/>\n<meta property=\"og:url\" content=\"https:\/\/www.suno.com.br\/noticias\/radar-gpa-pcar3-b3-b3sa3-jbs-jbss3\/\" \/>\n<meta property=\"og:site_name\" content=\"Suno Not\u00edcias\" \/>\n<meta property=\"article:publisher\" content=\"https:\/\/facebook.com\/sunoresearch\" \/>\n<meta property=\"og:image\" content=\"https:\/\/files.sunoresearch.com.br\/n\/uploads\/2021\/03\/916b7c1a-gpa_.jpg\" \/>\n\t<meta property=\"og:image:width\" content=\"1200\" \/>\n\t<meta property=\"og:image:height\" content=\"800\" \/>\n\t<meta property=\"og:image:type\" content=\"image\/jpeg\" \/>\n<meta name=\"author\" content=\"Vanessa Loiola\" \/>\n<meta name=\"twitter:card\" content=\"summary_large_image\" \/>\n<meta name=\"twitter:creator\" content=\"@sunoresearch\" \/>\n<meta name=\"twitter:site\" content=\"@sunoresearch\" \/>\n<meta name=\"twitter:label1\" content=\"Escrito por\" \/>\n\t<meta name=\"twitter:data1\" content=\"Vanessa Loiola\" \/>\n\t<meta name=\"twitter:label2\" content=\"Est. tempo de leitura\" \/>\n\t<meta name=\"twitter:data2\" content=\"11 minutos\" \/>\n<script type=\"application\/ld+json\" class=\"yoast-schema-graph\">{\"@context\":\"https:\/\/schema.org\",\"@graph\":[{\"@type\":\"NewsArticle\",\"@id\":\"https:\/\/www.suno.com.br\/noticias\/radar-gpa-pcar3-b3-b3sa3-jbs-jbss3\/#article\",\"isPartOf\":{\"@id\":\"https:\/\/www.suno.com.br\/noticias\/radar-gpa-pcar3-b3-b3sa3-jbs-jbss3\/\"},\"author\":{\"name\":\"Vanessa Loiola\",\"@id\":\"https:\/\/www.suno.com.br\/noticias\/#\/schema\/person\/450c455ecff319bab1f1a0e643451479\"},\"headline\":\"Radar: GPA (PCAR3) recusa proposta de bilion\u00e1rio, B3 (B3SA3) dispara ap\u00f3s previs\u00e3o de alta das a\u00e7\u00f5es e banco eleva pre\u00e7o-alvo de JBS (JBSS3)\",\"datePublished\":\"2023-06-30T01:14:20+00:00\",\"dateModified\":\"2023-06-30T01:14:34+00:00\",\"mainEntityOfPage\":{\"@id\":\"https:\/\/www.suno.com.br\/noticias\/radar-gpa-pcar3-b3-b3sa3-jbs-jbss3\/\"},\"wordCount\":2168,\"publisher\":{\"@id\":\"https:\/\/www.suno.com.br\/noticias\/#organization\"},\"image\":{\"@id\":\"https:\/\/www.suno.com.br\/noticias\/radar-gpa-pcar3-b3-b3sa3-jbs-jbss3\/#primaryimage\"},\"thumbnailUrl\":\"https:\/\/files.sunoresearch.com.br\/n\/uploads\/2021\/03\/916b7c1a-gpa_-jpg.webp\",\"keywords\":[\"B3 (B3SA3)\",\"BrasilAgro (AGRO3)\",\"Copel (CPLE3\/CPLE5\/CPLE6)\",\"JBS (JBSS3)\",\"Magazine Luiza (MGLU3)\",\"Oi (OIBR3\/OIBR4)\",\"Via (VIIA3)\"],\"articleSection\":[\"Neg\u00f3cios\"],\"inLanguage\":\"pt-BR\"},{\"@type\":\"WebPage\",\"@id\":\"https:\/\/www.suno.com.br\/noticias\/radar-gpa-pcar3-b3-b3sa3-jbs-jbss3\/\",\"url\":\"https:\/\/www.suno.com.br\/noticias\/radar-gpa-pcar3-b3-b3sa3-jbs-jbss3\/\",\"name\":\"Radar: GPA (PCAR3) recusa proposta de bilion\u00e1rio, B3 (B3SA3) dispara ap\u00f3s previs\u00e3o de alta das a\u00e7\u00f5es e banco eleva pre\u00e7o-alvo da JBS (JBSS3)\",\"isPartOf\":{\"@id\":\"https:\/\/www.suno.com.br\/noticias\/#website\"},\"primaryImageOfPage\":{\"@id\":\"https:\/\/www.suno.com.br\/noticias\/radar-gpa-pcar3-b3-b3sa3-jbs-jbss3\/#primaryimage\"},\"image\":{\"@id\":\"https:\/\/www.suno.com.br\/noticias\/radar-gpa-pcar3-b3-b3sa3-jbs-jbss3\/#primaryimage\"},\"thumbnailUrl\":\"https:\/\/files.sunoresearch.com.br\/n\/uploads\/2021\/03\/916b7c1a-gpa_-jpg.webp\",\"datePublished\":\"2023-06-30T01:14:20+00:00\",\"dateModified\":\"2023-06-30T01:14:34+00:00\",\"description\":\"GPA (PCAR3) recusa proposta de bilion\u00e1rio, B3 (B3SA3) dispara ap\u00f3s previs\u00e3o de alta das a\u00e7\u00f5es e banco eleva pre\u00e7o-alvo de JBS (JBSS3)\",\"breadcrumb\":{\"@id\":\"https:\/\/www.suno.com.br\/noticias\/radar-gpa-pcar3-b3-b3sa3-jbs-jbss3\/#breadcrumb\"},\"inLanguage\":\"pt-BR\",\"potentialAction\":[{\"@type\":\"ReadAction\",\"target\":[\"https:\/\/www.suno.com.br\/noticias\/radar-gpa-pcar3-b3-b3sa3-jbs-jbss3\/\"]}]},{\"@type\":\"ImageObject\",\"inLanguage\":\"pt-BR\",\"@id\":\"https:\/\/www.suno.com.br\/noticias\/radar-gpa-pcar3-b3-b3sa3-jbs-jbss3\/#primaryimage\",\"url\":\"https:\/\/files.sunoresearch.com.br\/n\/uploads\/2021\/03\/916b7c1a-gpa_-jpg.webp\",\"contentUrl\":\"https:\/\/files.sunoresearch.com.br\/n\/uploads\/2021\/03\/916b7c1a-gpa_-jpg.webp\",\"width\":1200,\"height\":800,\"caption\":\"P\u00e3o de A\u00e7\u00facar (PCAR3). Foto: Divulga\u00e7\u00e3o\"},{\"@type\":\"BreadcrumbList\",\"@id\":\"https:\/\/www.suno.com.br\/noticias\/radar-gpa-pcar3-b3-b3sa3-jbs-jbss3\/#breadcrumb\",\"itemListElement\":[{\"@type\":\"ListItem\",\"position\":1,\"name\":\"Not\u00edcias\",\"item\":\"https:\/\/www.suno.com.br\/noticias\/\"},{\"@type\":\"ListItem\",\"position\":2,\"name\":\"Neg\u00f3cios\",\"item\":\"https:\/\/www.suno.com.br\/noticias\/negocios\/\"},{\"@type\":\"ListItem\",\"position\":3,\"name\":\"Radar: GPA (PCAR3) recusa proposta de bilion\u00e1rio, B3 (B3SA3) dispara ap\u00f3s previs\u00e3o de alta das a\u00e7\u00f5es e banco eleva pre\u00e7o-alvo de JBS (JBSS3)\"}]},{\"@type\":\"WebSite\",\"@id\":\"https:\/\/www.suno.com.br\/noticias\/#website\",\"url\":\"https:\/\/www.suno.com.br\/noticias\/\",\"name\":\"Suno Not\u00edcias\",\"description\":\"Seu portal de informa\u00e7\u00e3o sobre o mundo dos investimentos\",\"publisher\":{\"@id\":\"https:\/\/www.suno.com.br\/noticias\/#organization\"},\"potentialAction\":[{\"@type\":\"SearchAction\",\"target\":{\"@type\":\"EntryPoint\",\"urlTemplate\":\"https:\/\/www.suno.com.br\/noticias\/?s={search_term_string}\"},\"query-input\":{\"@type\":\"PropertyValueSpecification\",\"valueRequired\":true,\"valueName\":\"search_term_string\"}}],\"inLanguage\":\"pt-BR\"},{\"@type\":\"Organization\",\"@id\":\"https:\/\/www.suno.com.br\/noticias\/#organization\",\"name\":\"Suno Not\u00edcias\",\"url\":\"https:\/\/www.suno.com.br\/noticias\/\",\"logo\":{\"@type\":\"ImageObject\",\"inLanguage\":\"pt-BR\",\"@id\":\"https:\/\/www.suno.com.br\/noticias\/#\/schema\/logo\/image\/\",\"url\":\"https:\/\/files.sunoresearch.com.br\/n\/uploads\/2021\/09\/suno-logo.png\",\"contentUrl\":\"https:\/\/files.sunoresearch.com.br\/n\/uploads\/2021\/09\/suno-logo.png\",\"width\":180,\"height\":180,\"caption\":\"Suno Not\u00edcias\"},\"image\":{\"@id\":\"https:\/\/www.suno.com.br\/noticias\/#\/schema\/logo\/image\/\"},\"sameAs\":[\"https:\/\/facebook.com\/sunoresearch\",\"https:\/\/x.com\/sunoresearch\",\"https:\/\/www.instagram.com\/suno\",\"https:\/\/www.linkedin.com\/company\/suno-research\/\",\"https:\/\/www.youtube.com\/c\/sunoresearch\"]},{\"@type\":\"Person\",\"@id\":\"https:\/\/www.suno.com.br\/noticias\/#\/schema\/person\/450c455ecff319bab1f1a0e643451479\",\"name\":\"Vanessa Loiola\",\"image\":{\"@type\":\"ImageObject\",\"inLanguage\":\"pt-BR\",\"@id\":\"https:\/\/www.suno.com.br\/noticias\/#\/schema\/person\/image\/\",\"url\":\"https:\/\/secure.gravatar.com\/avatar\/8b41117f9780831919eb38da349c3f20?s=96&r=g\",\"contentUrl\":\"https:\/\/secure.gravatar.com\/avatar\/8b41117f9780831919eb38da349c3f20?s=96&r=g\",\"caption\":\"Vanessa Loiola\"},\"description\":\"Jornalista formada pela PUC-SP, com experi\u00eancia na cobertura das editorias de economia, finan\u00e7as, bolsa de valores, pol\u00edtica, energia solar e entretenimento. Com passagem pela BM&amp;C News e RedeTV!\",\"url\":\"https:\/\/www.suno.com.br\/noticias\/author\/vanessal-loiolagmail-com\/\"}]}<\/script>\n<!-- \/ Yoast SEO plugin. -->","yoast_head_json":{"title":"Radar: GPA (PCAR3) recusa proposta de bilion\u00e1rio, B3 (B3SA3) dispara ap\u00f3s previs\u00e3o de alta das a\u00e7\u00f5es e banco eleva pre\u00e7o-alvo da JBS (JBSS3)","description":"GPA (PCAR3) recusa proposta de bilion\u00e1rio, B3 (B3SA3) dispara ap\u00f3s previs\u00e3o de alta das a\u00e7\u00f5es e banco eleva pre\u00e7o-alvo de JBS (JBSS3)","robots":{"index":"index","follow":"follow","max-snippet":"max-snippet:-1","max-image-preview":"max-image-preview:large","max-video-preview":"max-video-preview:-1"},"canonical":"https:\/\/www.suno.com.br\/noticias\/radar-gpa-pcar3-b3-b3sa3-jbs-jbss3\/","og_locale":"pt_BR","og_type":"article","og_title":"Radar: GPA (PCAR3) recusa proposta de bilion\u00e1rio, B3 (B3SA3) dispara ap\u00f3s previs\u00e3o de alta das a\u00e7\u00f5es e banco eleva pre\u00e7o-alvo da JBS (JBSS3)","og_description":"GPA (PCAR3) recusa proposta de bilion\u00e1rio, B3 (B3SA3) dispara ap\u00f3s previs\u00e3o de alta das a\u00e7\u00f5es e banco eleva pre\u00e7o-alvo de JBS (JBSS3)","og_url":"https:\/\/www.suno.com.br\/noticias\/radar-gpa-pcar3-b3-b3sa3-jbs-jbss3\/","og_site_name":"Suno Not\u00edcias","article_publisher":"https:\/\/facebook.com\/sunoresearch","og_image":[{"width":1200,"height":800,"url":"https:\/\/files.sunoresearch.com.br\/n\/uploads\/2021\/03\/916b7c1a-gpa_.jpg","type":"image\/jpeg"}],"author":"Vanessa Loiola","twitter_card":"summary_large_image","twitter_creator":"@sunoresearch","twitter_site":"@sunoresearch","twitter_misc":{"Escrito por":"Vanessa Loiola","Est. tempo de leitura":"11 minutos"},"schema":{"@context":"https:\/\/schema.org","@graph":[{"@type":"NewsArticle","@id":"https:\/\/www.suno.com.br\/noticias\/radar-gpa-pcar3-b3-b3sa3-jbs-jbss3\/#article","isPartOf":{"@id":"https:\/\/www.suno.com.br\/noticias\/radar-gpa-pcar3-b3-b3sa3-jbs-jbss3\/"},"author":{"name":"Vanessa Loiola","@id":"https:\/\/www.suno.com.br\/noticias\/#\/schema\/person\/450c455ecff319bab1f1a0e643451479"},"headline":"Radar: GPA (PCAR3) recusa proposta de bilion\u00e1rio, B3 (B3SA3) dispara ap\u00f3s previs\u00e3o de alta das a\u00e7\u00f5es e banco eleva pre\u00e7o-alvo de JBS (JBSS3)","datePublished":"2023-06-30T01:14:20+00:00","dateModified":"2023-06-30T01:14:34+00:00","mainEntityOfPage":{"@id":"https:\/\/www.suno.com.br\/noticias\/radar-gpa-pcar3-b3-b3sa3-jbs-jbss3\/"},"wordCount":2168,"publisher":{"@id":"https:\/\/www.suno.com.br\/noticias\/#organization"},"image":{"@id":"https:\/\/www.suno.com.br\/noticias\/radar-gpa-pcar3-b3-b3sa3-jbs-jbss3\/#primaryimage"},"thumbnailUrl":"https:\/\/files.sunoresearch.com.br\/n\/uploads\/2021\/03\/916b7c1a-gpa_-jpg.webp","keywords":["B3 (B3SA3)","BrasilAgro (AGRO3)","Copel (CPLE3\/CPLE5\/CPLE6)","JBS (JBSS3)","Magazine Luiza (MGLU3)","Oi (OIBR3\/OIBR4)","Via (VIIA3)"],"articleSection":["Neg\u00f3cios"],"inLanguage":"pt-BR"},{"@type":"WebPage","@id":"https:\/\/www.suno.com.br\/noticias\/radar-gpa-pcar3-b3-b3sa3-jbs-jbss3\/","url":"https:\/\/www.suno.com.br\/noticias\/radar-gpa-pcar3-b3-b3sa3-jbs-jbss3\/","name":"Radar: GPA (PCAR3) recusa proposta de bilion\u00e1rio, B3 (B3SA3) dispara ap\u00f3s previs\u00e3o de alta das a\u00e7\u00f5es e banco eleva pre\u00e7o-alvo da JBS (JBSS3)","isPartOf":{"@id":"https:\/\/www.suno.com.br\/noticias\/#website"},"primaryImageOfPage":{"@id":"https:\/\/www.suno.com.br\/noticias\/radar-gpa-pcar3-b3-b3sa3-jbs-jbss3\/#primaryimage"},"image":{"@id":"https:\/\/www.suno.com.br\/noticias\/radar-gpa-pcar3-b3-b3sa3-jbs-jbss3\/#primaryimage"},"thumbnailUrl":"https:\/\/files.sunoresearch.com.br\/n\/uploads\/2021\/03\/916b7c1a-gpa_-jpg.webp","datePublished":"2023-06-30T01:14:20+00:00","dateModified":"2023-06-30T01:14:34+00:00","description":"GPA (PCAR3) recusa proposta de bilion\u00e1rio, B3 (B3SA3) dispara ap\u00f3s previs\u00e3o de alta das a\u00e7\u00f5es e banco eleva pre\u00e7o-alvo de JBS (JBSS3)","breadcrumb":{"@id":"https:\/\/www.suno.com.br\/noticias\/radar-gpa-pcar3-b3-b3sa3-jbs-jbss3\/#breadcrumb"},"inLanguage":"pt-BR","potentialAction":[{"@type":"ReadAction","target":["https:\/\/www.suno.com.br\/noticias\/radar-gpa-pcar3-b3-b3sa3-jbs-jbss3\/"]}]},{"@type":"ImageObject","inLanguage":"pt-BR","@id":"https:\/\/www.suno.com.br\/noticias\/radar-gpa-pcar3-b3-b3sa3-jbs-jbss3\/#primaryimage","url":"https:\/\/files.sunoresearch.com.br\/n\/uploads\/2021\/03\/916b7c1a-gpa_-jpg.webp","contentUrl":"https:\/\/files.sunoresearch.com.br\/n\/uploads\/2021\/03\/916b7c1a-gpa_-jpg.webp","width":1200,"height":800,"caption":"P\u00e3o de A\u00e7\u00facar (PCAR3). Foto: Divulga\u00e7\u00e3o"},{"@type":"BreadcrumbList","@id":"https:\/\/www.suno.com.br\/noticias\/radar-gpa-pcar3-b3-b3sa3-jbs-jbss3\/#breadcrumb","itemListElement":[{"@type":"ListItem","position":1,"name":"Not\u00edcias","item":"https:\/\/www.suno.com.br\/noticias\/"},{"@type":"ListItem","position":2,"name":"Neg\u00f3cios","item":"https:\/\/www.suno.com.br\/noticias\/negocios\/"},{"@type":"ListItem","position":3,"name":"Radar: GPA (PCAR3) recusa proposta de bilion\u00e1rio, B3 (B3SA3) dispara ap\u00f3s previs\u00e3o de alta das a\u00e7\u00f5es e banco eleva pre\u00e7o-alvo de JBS (JBSS3)"}]},{"@type":"WebSite","@id":"https:\/\/www.suno.com.br\/noticias\/#website","url":"https:\/\/www.suno.com.br\/noticias\/","name":"Suno Not\u00edcias","description":"Seu portal de informa\u00e7\u00e3o sobre o mundo dos investimentos","publisher":{"@id":"https:\/\/www.suno.com.br\/noticias\/#organization"},"potentialAction":[{"@type":"SearchAction","target":{"@type":"EntryPoint","urlTemplate":"https:\/\/www.suno.com.br\/noticias\/?s={search_term_string}"},"query-input":{"@type":"PropertyValueSpecification","valueRequired":true,"valueName":"search_term_string"}}],"inLanguage":"pt-BR"},{"@type":"Organization","@id":"https:\/\/www.suno.com.br\/noticias\/#organization","name":"Suno Not\u00edcias","url":"https:\/\/www.suno.com.br\/noticias\/","logo":{"@type":"ImageObject","inLanguage":"pt-BR","@id":"https:\/\/www.suno.com.br\/noticias\/#\/schema\/logo\/image\/","url":"https:\/\/files.sunoresearch.com.br\/n\/uploads\/2021\/09\/suno-logo.png","contentUrl":"https:\/\/files.sunoresearch.com.br\/n\/uploads\/2021\/09\/suno-logo.png","width":180,"height":180,"caption":"Suno Not\u00edcias"},"image":{"@id":"https:\/\/www.suno.com.br\/noticias\/#\/schema\/logo\/image\/"},"sameAs":["https:\/\/facebook.com\/sunoresearch","https:\/\/x.com\/sunoresearch","https:\/\/www.instagram.com\/suno","https:\/\/www.linkedin.com\/company\/suno-research\/","https:\/\/www.youtube.com\/c\/sunoresearch"]},{"@type":"Person","@id":"https:\/\/www.suno.com.br\/noticias\/#\/schema\/person\/450c455ecff319bab1f1a0e643451479","name":"Vanessa Loiola","image":{"@type":"ImageObject","inLanguage":"pt-BR","@id":"https:\/\/www.suno.com.br\/noticias\/#\/schema\/person\/image\/","url":"https:\/\/secure.gravatar.com\/avatar\/8b41117f9780831919eb38da349c3f20?s=96&r=g","contentUrl":"https:\/\/secure.gravatar.com\/avatar\/8b41117f9780831919eb38da349c3f20?s=96&r=g","caption":"Vanessa Loiola"},"description":"Jornalista formada pela PUC-SP, com experi\u00eancia na cobertura das editorias de economia, finan\u00e7as, bolsa de valores, pol\u00edtica, energia solar e entretenimento. Com passagem pela BM&amp;C News e RedeTV!","url":"https:\/\/www.suno.com.br\/noticias\/author\/vanessal-loiolagmail-com\/"}]}},"default_loop_html":"<div class=\"cardsPage__listCard__boxs\"><div class=\"cardsPage__listCard__boxs__img\"><a href=\"https:\/\/www.suno.com.br\/noticias\/radar-gpa-pcar3-b3-b3sa3-jbs-jbss3\/\"><img class=\"mask\" src=\"https:\/\/www.suno.com.br\/noticias\/wp-content\/themes\/suno\/resources\/images\/spotlight\/spotlight1img\/bg-mask.png\" alt=\"Image Mask\"\/><img src=\"https:\/\/files.sunoresearch.com.br\/n\/uploads\/2021\/03\/916b7c1a-gpa_-400x200.webp\" alt=\"Radar: GPA (PCAR3) recusa proposta de bilion\u00e1rio, B3 (B3SA3) dispara ap\u00f3s previs\u00e3o de alta das a\u00e7\u00f5es e banco eleva pre\u00e7o-alvo de JBS (JBSS3)\"\/><\/a><span class=\"spotlightCategory\"><a href=\"https:\/\/www.suno.com.br\/noticias\/negocios\/\">Neg\u00f3cios<\/a><\/span><\/div><div class=\"cardsPage__listCard__boxs__content\"><a href=\"https:\/\/www.suno.com.br\/noticias\/radar-gpa-pcar3-b3-b3sa3-jbs-jbss3\/\"><h2 class=\"content__title\">Radar: GPA (PCAR3) recusa proposta de bilion\u00e1rio, B3 (B3SA3) dispara ap\u00f3s previs\u00e3o de alta das a\u00e7\u00f5es e banco eleva pre\u00e7o-alvo de JBS (JBSS3)<\/h2><\/a><div class=\"newsContent__article__meta\"><div class=\"newsContent__article__meta__authorBox\"><a href=\"https:\/\/www.suno.com.br\/noticias\/author\/vanessal-loiolagmail-com\/\" class=\"authorBox__avatar noMobi\"><img src=\"https:\/\/secure.gravatar.com\/avatar\/8b41117f9780831919eb38da349c3f20?s=96&#038;r=g\" alt=\"Vanessa Loiola\"><\/a><div class=\"authorBox__name\"><span>por\n\t\t\t<a href=\"https:\/\/www.suno.com.br\/noticias\/author\/vanessal-loiolagmail-com\/\"><span itemprop=\"author\">Vanessa Loiola<\/span><\/a><\/span><time datetime=\"2023-06-29T22:14:20-03:00\" itemprop=\"datePublished\">29\/06\/2023 22:14<\/time><\/div><\/div><\/div><\/div><\/div>","single_layout":"posts","amp_enabled":true,"_links":{"self":[{"href":"https:\/\/www.suno.com.br\/noticias\/wp-json\/wp\/v2\/posts\/423189"}],"collection":[{"href":"https:\/\/www.suno.com.br\/noticias\/wp-json\/wp\/v2\/posts"}],"about":[{"href":"https:\/\/www.suno.com.br\/noticias\/wp-json\/wp\/v2\/types\/post"}],"author":[{"embeddable":true,"href":"https:\/\/www.suno.com.br\/noticias\/wp-json\/wp\/v2\/users\/227"}],"replies":[{"embeddable":true,"href":"https:\/\/www.suno.com.br\/noticias\/wp-json\/wp\/v2\/comments?post=423189"}],"version-history":[{"count":2,"href":"https:\/\/www.suno.com.br\/noticias\/wp-json\/wp\/v2\/posts\/423189\/revisions"}],"predecessor-version":[{"id":423252,"href":"https:\/\/www.suno.com.br\/noticias\/wp-json\/wp\/v2\/posts\/423189\/revisions\/423252"}],"wp:featuredmedia":[{"embeddable":true,"href":"https:\/\/www.suno.com.br\/noticias\/wp-json\/wp\/v2\/media\/130336"}],"wp:attachment":[{"href":"https:\/\/www.suno.com.br\/noticias\/wp-json\/wp\/v2\/media?parent=423189"}],"wp:term":[{"taxonomy":"category","embeddable":true,"href":"https:\/\/www.suno.com.br\/noticias\/wp-json\/wp\/v2\/categories?post=423189"},{"taxonomy":"post_tag","embeddable":true,"href":"https:\/\/www.suno.com.br\/noticias\/wp-json\/wp\/v2\/tags?post=423189"},{"taxonomy":"suno_strategy","embeddable":true,"href":"https:\/\/www.suno.com.br\/noticias\/wp-json\/wp\/v2\/suno_strategy?post=423189"}],"curies":[{"name":"wp","href":"https:\/\/api.w.org\/{rel}","templated":true}]}}