{"id":42274,"date":"2019-10-24T14:41:54","date_gmt":"2019-10-24T16:41:54","guid":{"rendered":"https:\/\/www.suno.com.br\/noticias\/?p=42274"},"modified":"2019-10-25T15:38:26","modified_gmt":"2019-10-25T17:38:26","slug":"boris-johnson-pede-eleicoes-dezembro","status":"publish","type":"post","link":"https:\/\/www.suno.com.br\/noticias\/boris-johnson-pede-eleicoes-dezembro\/","title":{"rendered":"Boris Johnson pede elei\u00e7\u00f5es gerais em dezembro"},"content":{"rendered":"<p>O primeiro ministro brit\u00e2nico, Boris Johnson, requisitou, nesta quinta-feira (24), elei\u00e7\u00f5es gerais no dia 12 de dezembro para dar mais tempo aos legisladores para que eles possam estudar o acordo sobre o <strong>Brexit<\/strong>. Segundo Johnson, o parlamento votou para atrasar a sa\u00edda do <strong>Reino<\/strong> <strong>Unido<\/strong> da <a href=\"https:\/\/www.suno.com.br\/artigos\/uniao-europeia\/\">Uni\u00e3o Europeia<\/a> e &#8220;esse atraso pode durar muito tempo&#8221;.<\/p>\t<div class=\"wrapper-featured-image\">\n\t\t<figure class=\"spotlightImg\">\n\n\t\t\t<picture>\n\t\t\t\t<source media=\"(max-width: 768px)\" srcset=\"https:\/\/files.sunoresearch.com.br\/n\/uploads\/2019\/10\/2233c712-boris-johnson-400x200.webp\">\n\t\t\t\t<img loading=\"lazy\" decoding=\"async\" class=\"newsContent__article__imgCapa lazyloadDisabled newsContent__article__imgCapa--noCaption\" src=\"https:\/\/files.sunoresearch.com.br\/n\/uploads\/2019\/10\/2233c712-boris-johnson-800x450.webp\" width=\"800\" height=\"450\" alt=\"Boris Johnson pede elei\u00e7\u00f5es gerais em dezembro\" fetchpriority=high \/>\n\t\t\t<\/picture>\n\n\t\t\t<figcaption class=\"wp-caption-text wp-caption-text--hide\">O primeiro-ministro afirmou que o Reino Unido deixaria o bloco europeu no dia 1\u00ba de janeiro sem um acordo comercial<\/figcaption>\n\t\t<\/figure>\n\t<\/div>\n\n\n\n<p><strong>Boris<\/strong> <strong>Johnson<\/strong> reiterou dizendo que est\u00e1 mais do que na hora da oposi\u00e7\u00e3o tomar coragem de se submeter &#8220;ao julgamento do chefe coletivo, que \u00e9 o povo do Reino Unido&#8221;.<\/p>\n<p>Johnson fez quest\u00e3o de destacar seu rep\u00fadio por uma extens\u00e3o ainda maior do Brexit. &#8220;Acho que a maneira de conseguir o Brexit \u00e9 ser razo\u00e1vel com o parlamento e dizer que, se eles realmente querem mais tempo para estudar este excelente acordo, eles podem obt\u00ea-lo, mas precisam concordar com uma elei\u00e7\u00e3o geral em 12 de dezembro&#8221;, relatou o premi\u00ea.<\/p>\n<p><iframe loading=\"lazy\" title=\"? Vale volta ao lucro; turbul\u00eancias do Brexit e protestos contra pir\u00e2mide\" width=\"200\" height=\"113\" src=\"https:\/\/www.youtube.com\/embed\/-ULYHDaOaLI?feature=oembed\" frameborder=\"0\" allow=\"accelerometer; autoplay; encrypted-media; gyroscope; picture-in-picture\" allowfullscreen><\/iframe><\/p>\n<p>O primeiro-ministro anunciou em seu Twitter que escreveu um comunicado a Jeremy Corbyn, l\u00edder do partido trabalhista do Reino Unido, dizendo que dar\u00e1 ao Parlamento uma \u00faltima chance de examinar seu projeto de lei de retirada.<\/p>\n<p><a href=\"https:\/\/www.suno.com.br\/noticias\/ue-adiamento-brexit-3-meses\/\">Veja tamb\u00e9m: UE avalia proposta de adiamento do Brexit por mais 3 meses<\/a><\/p>\n<p>O pedido de uma elei\u00e7\u00e3o geral antecipada deve acontecer na pr\u00f3xima segunda-feira (28). &#8220;Se eu ganhar a maioria nessas elei\u00e7\u00f5es, ratificaremos o grande novo acordo que negociei, conclu\u00edmos o Brexit em janeiro e o pa\u00eds seguir\u00e1 em frente&#8221;, disse Johnson.<\/p>\n<p>Vale ressaltar que Johnson n\u00e3o possui maioria de seu partido na C\u00e2mara dos Comuns do Reino Unido, o que o impede de desencadear unilateralmente uma nova elei\u00e7\u00e3o. Nesta sexta-feira (25), l\u00edderes da UE devem dar o ultimato sobre o adiamento do Brexit por at\u00e9 tr\u00eas meses.<\/p>\n<p>Em entrevista a &#8220;BBC&#8221;, <strong>Boris<\/strong> <strong>Johnson<\/strong> afirmou que espera que a UE prorrogue o prazo de 31 de outubro, mesmo contra sua vontade.<\/p>\n","protected":false},"excerpt":{"rendered":"<p>O primeiro ministro brit\u00e2nico, Boris Johnson, requisitou, nesta quinta-feira (24), elei\u00e7\u00f5es gerais no dia 12 de dezembro para dar mais tempo aos legisladores para que eles possam estudar o acordo sobre o Brexit. Segundo Johnson, o parlamento votou para atrasar a sa\u00edda do Reino Unido da Uni\u00e3o Europeia e &#8220;esse atraso pode durar muito tempo&#8221;. [&hellip;]<\/p>\n","protected":false},"author":19,"featured_media":39640,"comment_status":"closed","ping_status":"closed","sticky":false,"template":"","format":"standard","meta":[],"categories":[63],"tags":[1648,753,730],"suno_strategy":[],"class_list":["post-42274","post","type-post","status-publish","format-standard","has-post-thumbnail","hentry","category-internacional","tag-boris-johnson","tag-brexit","tag-reino-unido"],"yoast_head":"<!-- This site is optimized with the Yoast SEO plugin v24.4 - https:\/\/yoast.com\/wordpress\/plugins\/seo\/ -->\n<title>Boris Johnson pede elei\u00e7\u00f5es gerais no dia 12 de dezembro<\/title>\n<meta name=\"description\" content=\"Boris Johnson, requisitou, nesta quinta-feira (24), elei\u00e7\u00f5es gerais no dia 12 de dezembro para acelerar o Brexit no Parlamento. Saiba mais.\" \/>\n<meta name=\"robots\" content=\"index, follow, max-snippet:-1, max-image-preview:large, max-video-preview:-1\" \/>\n<link rel=\"canonical\" href=\"https:\/\/www.suno.com.br\/noticias\/boris-johnson-pede-eleicoes-dezembro\/\" \/>\n<meta property=\"og:locale\" content=\"pt_BR\" \/>\n<meta property=\"og:type\" content=\"article\" \/>\n<meta property=\"og:title\" content=\"Boris Johnson pede elei\u00e7\u00f5es gerais no dia 12 de dezembro\" \/>\n<meta property=\"og:description\" content=\"Boris Johnson, requisitou, nesta quinta-feira (24), elei\u00e7\u00f5es gerais no dia 12 de dezembro para acelerar o Brexit no Parlamento. Saiba mais.\" \/>\n<meta property=\"og:url\" content=\"https:\/\/www.suno.com.br\/noticias\/boris-johnson-pede-eleicoes-dezembro\/\" \/>\n<meta property=\"og:site_name\" content=\"Suno Not\u00edcias\" \/>\n<meta property=\"article:publisher\" content=\"https:\/\/facebook.com\/sunoresearch\" \/>\n<meta property=\"og:image\" content=\"https:\/\/files.sunoresearch.com.br\/n\/uploads\/2019\/10\/2233c712-boris-johnson.jpg\" \/>\n\t<meta property=\"og:image:width\" content=\"1536\" \/>\n\t<meta property=\"og:image:height\" content=\"1024\" \/>\n\t<meta property=\"og:image:type\" content=\"image\/jpeg\" \/>\n<meta name=\"author\" content=\"Juliano Passaro\" \/>\n<meta name=\"twitter:card\" content=\"summary_large_image\" \/>\n<meta name=\"twitter:creator\" content=\"@sunoresearch\" \/>\n<meta name=\"twitter:site\" content=\"@sunoresearch\" \/>\n<meta name=\"twitter:label1\" content=\"Escrito por\" \/>\n\t<meta name=\"twitter:data1\" content=\"Juliano Passaro\" \/>\n\t<meta name=\"twitter:label2\" content=\"Est. tempo de leitura\" \/>\n\t<meta name=\"twitter:data2\" content=\"2 minutos\" \/>\n<script type=\"application\/ld+json\" class=\"yoast-schema-graph\">{\"@context\":\"https:\/\/schema.org\",\"@graph\":[{\"@type\":\"NewsArticle\",\"@id\":\"https:\/\/www.suno.com.br\/noticias\/boris-johnson-pede-eleicoes-dezembro\/#article\",\"isPartOf\":{\"@id\":\"https:\/\/www.suno.com.br\/noticias\/boris-johnson-pede-eleicoes-dezembro\/\"},\"author\":{\"name\":\"Juliano Passaro\",\"@id\":\"https:\/\/www.suno.com.br\/noticias\/#\/schema\/person\/1db762f78ffd8919a648a63e425953e3\"},\"headline\":\"Boris Johnson pede elei\u00e7\u00f5es gerais em dezembro\",\"datePublished\":\"2019-10-24T16:41:54+00:00\",\"dateModified\":\"2019-10-25T17:38:26+00:00\",\"mainEntityOfPage\":{\"@id\":\"https:\/\/www.suno.com.br\/noticias\/boris-johnson-pede-eleicoes-dezembro\/\"},\"wordCount\":336,\"publisher\":{\"@id\":\"https:\/\/www.suno.com.br\/noticias\/#organization\"},\"image\":{\"@id\":\"https:\/\/www.suno.com.br\/noticias\/boris-johnson-pede-eleicoes-dezembro\/#primaryimage\"},\"thumbnailUrl\":\"https:\/\/files.sunoresearch.com.br\/n\/uploads\/2019\/10\/2233c712-boris-johnson-jpg.webp\",\"keywords\":[\"Boris Johnson\",\"Brexit\",\"Reino Unido\"],\"articleSection\":[\"Internacional\"],\"inLanguage\":\"pt-BR\"},{\"@type\":\"WebPage\",\"@id\":\"https:\/\/www.suno.com.br\/noticias\/boris-johnson-pede-eleicoes-dezembro\/\",\"url\":\"https:\/\/www.suno.com.br\/noticias\/boris-johnson-pede-eleicoes-dezembro\/\",\"name\":\"Boris Johnson pede elei\u00e7\u00f5es gerais no dia 12 de dezembro\",\"isPartOf\":{\"@id\":\"https:\/\/www.suno.com.br\/noticias\/#website\"},\"primaryImageOfPage\":{\"@id\":\"https:\/\/www.suno.com.br\/noticias\/boris-johnson-pede-eleicoes-dezembro\/#primaryimage\"},\"image\":{\"@id\":\"https:\/\/www.suno.com.br\/noticias\/boris-johnson-pede-eleicoes-dezembro\/#primaryimage\"},\"thumbnailUrl\":\"https:\/\/files.sunoresearch.com.br\/n\/uploads\/2019\/10\/2233c712-boris-johnson-jpg.webp\",\"datePublished\":\"2019-10-24T16:41:54+00:00\",\"dateModified\":\"2019-10-25T17:38:26+00:00\",\"description\":\"Boris Johnson, requisitou, nesta quinta-feira (24), elei\u00e7\u00f5es gerais no dia 12 de dezembro para acelerar o Brexit no Parlamento. Saiba mais.\",\"breadcrumb\":{\"@id\":\"https:\/\/www.suno.com.br\/noticias\/boris-johnson-pede-eleicoes-dezembro\/#breadcrumb\"},\"inLanguage\":\"pt-BR\",\"potentialAction\":[{\"@type\":\"ReadAction\",\"target\":[\"https:\/\/www.suno.com.br\/noticias\/boris-johnson-pede-eleicoes-dezembro\/\"]}]},{\"@type\":\"ImageObject\",\"inLanguage\":\"pt-BR\",\"@id\":\"https:\/\/www.suno.com.br\/noticias\/boris-johnson-pede-eleicoes-dezembro\/#primaryimage\",\"url\":\"https:\/\/files.sunoresearch.com.br\/n\/uploads\/2019\/10\/2233c712-boris-johnson-jpg.webp\",\"contentUrl\":\"https:\/\/files.sunoresearch.com.br\/n\/uploads\/2019\/10\/2233c712-boris-johnson-jpg.webp\",\"width\":1536,\"height\":1024,\"caption\":\"O primeiro-ministro afirmou que o Reino Unido deixaria o bloco europeu no dia 1\u00ba de janeiro sem um acordo comercial\"},{\"@type\":\"BreadcrumbList\",\"@id\":\"https:\/\/www.suno.com.br\/noticias\/boris-johnson-pede-eleicoes-dezembro\/#breadcrumb\",\"itemListElement\":[{\"@type\":\"ListItem\",\"position\":1,\"name\":\"Not\u00edcias\",\"item\":\"https:\/\/www.suno.com.br\/noticias\/\"},{\"@type\":\"ListItem\",\"position\":2,\"name\":\"Internacional\",\"item\":\"https:\/\/www.suno.com.br\/noticias\/internacional\/\"},{\"@type\":\"ListItem\",\"position\":3,\"name\":\"Boris Johnson pede elei\u00e7\u00f5es gerais em dezembro\"}]},{\"@type\":\"WebSite\",\"@id\":\"https:\/\/www.suno.com.br\/noticias\/#website\",\"url\":\"https:\/\/www.suno.com.br\/noticias\/\",\"name\":\"Suno Not\u00edcias\",\"description\":\"Seu portal de informa\u00e7\u00e3o sobre o mundo dos investimentos\",\"publisher\":{\"@id\":\"https:\/\/www.suno.com.br\/noticias\/#organization\"},\"potentialAction\":[{\"@type\":\"SearchAction\",\"target\":{\"@type\":\"EntryPoint\",\"urlTemplate\":\"https:\/\/www.suno.com.br\/noticias\/?s={search_term_string}\"},\"query-input\":{\"@type\":\"PropertyValueSpecification\",\"valueRequired\":true,\"valueName\":\"search_term_string\"}}],\"inLanguage\":\"pt-BR\"},{\"@type\":\"Organization\",\"@id\":\"https:\/\/www.suno.com.br\/noticias\/#organization\",\"name\":\"Suno Not\u00edcias\",\"url\":\"https:\/\/www.suno.com.br\/noticias\/\",\"logo\":{\"@type\":\"ImageObject\",\"inLanguage\":\"pt-BR\",\"@id\":\"https:\/\/www.suno.com.br\/noticias\/#\/schema\/logo\/image\/\",\"url\":\"https:\/\/files.sunoresearch.com.br\/n\/uploads\/2021\/09\/suno-logo.png\",\"contentUrl\":\"https:\/\/files.sunoresearch.com.br\/n\/uploads\/2021\/09\/suno-logo.png\",\"width\":180,\"height\":180,\"caption\":\"Suno Not\u00edcias\"},\"image\":{\"@id\":\"https:\/\/www.suno.com.br\/noticias\/#\/schema\/logo\/image\/\"},\"sameAs\":[\"https:\/\/facebook.com\/sunoresearch\",\"https:\/\/x.com\/sunoresearch\",\"https:\/\/www.instagram.com\/suno\",\"https:\/\/www.linkedin.com\/company\/suno-research\/\",\"https:\/\/www.youtube.com\/c\/sunoresearch\"]},{\"@type\":\"Person\",\"@id\":\"https:\/\/www.suno.com.br\/noticias\/#\/schema\/person\/1db762f78ffd8919a648a63e425953e3\",\"name\":\"Juliano Passaro\",\"image\":{\"@type\":\"ImageObject\",\"inLanguage\":\"pt-BR\",\"@id\":\"https:\/\/www.suno.com.br\/noticias\/#\/schema\/person\/image\/\",\"url\":\"https:\/\/secure.gravatar.com\/avatar\/743d4df28eebf6dcc46b4ad03c319e92?s=96&r=g\",\"contentUrl\":\"https:\/\/secure.gravatar.com\/avatar\/743d4df28eebf6dcc46b4ad03c319e92?s=96&r=g\",\"caption\":\"Juliano Passaro\"},\"description\":\"Juliano Passaro escreve sobre pol\u00edtica, economia e neg\u00f3cios para o portal da Suno Research. Antes da Suno, trabalhou no Portal da Band. \u00c9 formado em jornalismo pela Universidade Presbiteriana Mackenzie.\",\"url\":\"https:\/\/www.suno.com.br\/noticias\/author\/juliano\/\"}]}<\/script>\n<!-- \/ Yoast SEO plugin. -->","yoast_head_json":{"title":"Boris Johnson pede elei\u00e7\u00f5es gerais no dia 12 de dezembro","description":"Boris Johnson, requisitou, nesta quinta-feira (24), elei\u00e7\u00f5es gerais no dia 12 de dezembro para acelerar o Brexit no Parlamento. Saiba mais.","robots":{"index":"index","follow":"follow","max-snippet":"max-snippet:-1","max-image-preview":"max-image-preview:large","max-video-preview":"max-video-preview:-1"},"canonical":"https:\/\/www.suno.com.br\/noticias\/boris-johnson-pede-eleicoes-dezembro\/","og_locale":"pt_BR","og_type":"article","og_title":"Boris Johnson pede elei\u00e7\u00f5es gerais no dia 12 de dezembro","og_description":"Boris Johnson, requisitou, nesta quinta-feira (24), elei\u00e7\u00f5es gerais no dia 12 de dezembro para acelerar o Brexit no Parlamento. Saiba mais.","og_url":"https:\/\/www.suno.com.br\/noticias\/boris-johnson-pede-eleicoes-dezembro\/","og_site_name":"Suno Not\u00edcias","article_publisher":"https:\/\/facebook.com\/sunoresearch","og_image":[{"width":1536,"height":1024,"url":"https:\/\/files.sunoresearch.com.br\/n\/uploads\/2019\/10\/2233c712-boris-johnson.jpg","type":"image\/jpeg"}],"author":"Juliano Passaro","twitter_card":"summary_large_image","twitter_creator":"@sunoresearch","twitter_site":"@sunoresearch","twitter_misc":{"Escrito por":"Juliano Passaro","Est. tempo de leitura":"2 minutos"},"schema":{"@context":"https:\/\/schema.org","@graph":[{"@type":"NewsArticle","@id":"https:\/\/www.suno.com.br\/noticias\/boris-johnson-pede-eleicoes-dezembro\/#article","isPartOf":{"@id":"https:\/\/www.suno.com.br\/noticias\/boris-johnson-pede-eleicoes-dezembro\/"},"author":{"name":"Juliano Passaro","@id":"https:\/\/www.suno.com.br\/noticias\/#\/schema\/person\/1db762f78ffd8919a648a63e425953e3"},"headline":"Boris Johnson pede elei\u00e7\u00f5es gerais em dezembro","datePublished":"2019-10-24T16:41:54+00:00","dateModified":"2019-10-25T17:38:26+00:00","mainEntityOfPage":{"@id":"https:\/\/www.suno.com.br\/noticias\/boris-johnson-pede-eleicoes-dezembro\/"},"wordCount":336,"publisher":{"@id":"https:\/\/www.suno.com.br\/noticias\/#organization"},"image":{"@id":"https:\/\/www.suno.com.br\/noticias\/boris-johnson-pede-eleicoes-dezembro\/#primaryimage"},"thumbnailUrl":"https:\/\/files.sunoresearch.com.br\/n\/uploads\/2019\/10\/2233c712-boris-johnson-jpg.webp","keywords":["Boris Johnson","Brexit","Reino Unido"],"articleSection":["Internacional"],"inLanguage":"pt-BR"},{"@type":"WebPage","@id":"https:\/\/www.suno.com.br\/noticias\/boris-johnson-pede-eleicoes-dezembro\/","url":"https:\/\/www.suno.com.br\/noticias\/boris-johnson-pede-eleicoes-dezembro\/","name":"Boris Johnson pede elei\u00e7\u00f5es gerais no dia 12 de dezembro","isPartOf":{"@id":"https:\/\/www.suno.com.br\/noticias\/#website"},"primaryImageOfPage":{"@id":"https:\/\/www.suno.com.br\/noticias\/boris-johnson-pede-eleicoes-dezembro\/#primaryimage"},"image":{"@id":"https:\/\/www.suno.com.br\/noticias\/boris-johnson-pede-eleicoes-dezembro\/#primaryimage"},"thumbnailUrl":"https:\/\/files.sunoresearch.com.br\/n\/uploads\/2019\/10\/2233c712-boris-johnson-jpg.webp","datePublished":"2019-10-24T16:41:54+00:00","dateModified":"2019-10-25T17:38:26+00:00","description":"Boris Johnson, requisitou, nesta quinta-feira (24), elei\u00e7\u00f5es gerais no dia 12 de dezembro para acelerar o Brexit no Parlamento. Saiba mais.","breadcrumb":{"@id":"https:\/\/www.suno.com.br\/noticias\/boris-johnson-pede-eleicoes-dezembro\/#breadcrumb"},"inLanguage":"pt-BR","potentialAction":[{"@type":"ReadAction","target":["https:\/\/www.suno.com.br\/noticias\/boris-johnson-pede-eleicoes-dezembro\/"]}]},{"@type":"ImageObject","inLanguage":"pt-BR","@id":"https:\/\/www.suno.com.br\/noticias\/boris-johnson-pede-eleicoes-dezembro\/#primaryimage","url":"https:\/\/files.sunoresearch.com.br\/n\/uploads\/2019\/10\/2233c712-boris-johnson-jpg.webp","contentUrl":"https:\/\/files.sunoresearch.com.br\/n\/uploads\/2019\/10\/2233c712-boris-johnson-jpg.webp","width":1536,"height":1024,"caption":"O primeiro-ministro afirmou que o Reino Unido deixaria o bloco europeu no dia 1\u00ba de janeiro sem um acordo comercial"},{"@type":"BreadcrumbList","@id":"https:\/\/www.suno.com.br\/noticias\/boris-johnson-pede-eleicoes-dezembro\/#breadcrumb","itemListElement":[{"@type":"ListItem","position":1,"name":"Not\u00edcias","item":"https:\/\/www.suno.com.br\/noticias\/"},{"@type":"ListItem","position":2,"name":"Internacional","item":"https:\/\/www.suno.com.br\/noticias\/internacional\/"},{"@type":"ListItem","position":3,"name":"Boris Johnson pede elei\u00e7\u00f5es gerais em dezembro"}]},{"@type":"WebSite","@id":"https:\/\/www.suno.com.br\/noticias\/#website","url":"https:\/\/www.suno.com.br\/noticias\/","name":"Suno Not\u00edcias","description":"Seu portal de informa\u00e7\u00e3o sobre o mundo dos investimentos","publisher":{"@id":"https:\/\/www.suno.com.br\/noticias\/#organization"},"potentialAction":[{"@type":"SearchAction","target":{"@type":"EntryPoint","urlTemplate":"https:\/\/www.suno.com.br\/noticias\/?s={search_term_string}"},"query-input":{"@type":"PropertyValueSpecification","valueRequired":true,"valueName":"search_term_string"}}],"inLanguage":"pt-BR"},{"@type":"Organization","@id":"https:\/\/www.suno.com.br\/noticias\/#organization","name":"Suno Not\u00edcias","url":"https:\/\/www.suno.com.br\/noticias\/","logo":{"@type":"ImageObject","inLanguage":"pt-BR","@id":"https:\/\/www.suno.com.br\/noticias\/#\/schema\/logo\/image\/","url":"https:\/\/files.sunoresearch.com.br\/n\/uploads\/2021\/09\/suno-logo.png","contentUrl":"https:\/\/files.sunoresearch.com.br\/n\/uploads\/2021\/09\/suno-logo.png","width":180,"height":180,"caption":"Suno Not\u00edcias"},"image":{"@id":"https:\/\/www.suno.com.br\/noticias\/#\/schema\/logo\/image\/"},"sameAs":["https:\/\/facebook.com\/sunoresearch","https:\/\/x.com\/sunoresearch","https:\/\/www.instagram.com\/suno","https:\/\/www.linkedin.com\/company\/suno-research\/","https:\/\/www.youtube.com\/c\/sunoresearch"]},{"@type":"Person","@id":"https:\/\/www.suno.com.br\/noticias\/#\/schema\/person\/1db762f78ffd8919a648a63e425953e3","name":"Juliano Passaro","image":{"@type":"ImageObject","inLanguage":"pt-BR","@id":"https:\/\/www.suno.com.br\/noticias\/#\/schema\/person\/image\/","url":"https:\/\/secure.gravatar.com\/avatar\/743d4df28eebf6dcc46b4ad03c319e92?s=96&r=g","contentUrl":"https:\/\/secure.gravatar.com\/avatar\/743d4df28eebf6dcc46b4ad03c319e92?s=96&r=g","caption":"Juliano Passaro"},"description":"Juliano Passaro escreve sobre pol\u00edtica, economia e neg\u00f3cios para o portal da Suno Research. Antes da Suno, trabalhou no Portal da Band. \u00c9 formado em jornalismo pela Universidade Presbiteriana Mackenzie.","url":"https:\/\/www.suno.com.br\/noticias\/author\/juliano\/"}]}},"default_loop_html":"<div class=\"cardsPage__listCard__boxs\"><div class=\"cardsPage__listCard__boxs__img\"><a href=\"https:\/\/www.suno.com.br\/noticias\/boris-johnson-pede-eleicoes-dezembro\/\"><img class=\"mask\" src=\"https:\/\/www.suno.com.br\/noticias\/wp-content\/themes\/suno\/resources\/images\/spotlight\/spotlight1img\/bg-mask.png\" alt=\"Image Mask\"\/><img src=\"https:\/\/files.sunoresearch.com.br\/n\/uploads\/2019\/10\/2233c712-boris-johnson-400x200.webp\" alt=\"Boris Johnson pede elei\u00e7\u00f5es gerais em dezembro\"\/><\/a><span class=\"spotlightCategory\"><a href=\"https:\/\/www.suno.com.br\/noticias\/internacional\/\">Internacional<\/a><\/span><\/div><div class=\"cardsPage__listCard__boxs__content\"><a href=\"https:\/\/www.suno.com.br\/noticias\/boris-johnson-pede-eleicoes-dezembro\/\"><h2 class=\"content__title\">Boris Johnson pede elei\u00e7\u00f5es gerais em dezembro<\/h2><\/a><div class=\"newsContent__article__meta\"><div class=\"newsContent__article__meta__authorBox\"><a href=\"https:\/\/www.suno.com.br\/noticias\/author\/juliano\/\" class=\"authorBox__avatar noMobi\"><img src=\"https:\/\/files.sunoresearch.com.br\/n\/uploads\/2019\/06\/7cc3efea-whatsapp-image-2019-07-18-at-21.59.33-e1563499821209-150x150.webp\" alt=\"Juliano Passaro\"><\/a><div class=\"authorBox__name\"><span>por\n\t\t\t<a href=\"https:\/\/www.suno.com.br\/noticias\/author\/juliano\/\"><span itemprop=\"author\">Juliano Passaro<\/span><\/a><\/span><time datetime=\"2019-10-24T14:41:54-03:00\" itemprop=\"datePublished\">24\/10\/2019 14:41<\/time><\/div><\/div><\/div><\/div><\/div>","single_layout":"posts","amp_enabled":true,"_links":{"self":[{"href":"https:\/\/www.suno.com.br\/noticias\/wp-json\/wp\/v2\/posts\/42274"}],"collection":[{"href":"https:\/\/www.suno.com.br\/noticias\/wp-json\/wp\/v2\/posts"}],"about":[{"href":"https:\/\/www.suno.com.br\/noticias\/wp-json\/wp\/v2\/types\/post"}],"author":[{"embeddable":true,"href":"https:\/\/www.suno.com.br\/noticias\/wp-json\/wp\/v2\/users\/19"}],"replies":[{"embeddable":true,"href":"https:\/\/www.suno.com.br\/noticias\/wp-json\/wp\/v2\/comments?post=42274"}],"version-history":[{"count":0,"href":"https:\/\/www.suno.com.br\/noticias\/wp-json\/wp\/v2\/posts\/42274\/revisions"}],"wp:featuredmedia":[{"embeddable":true,"href":"https:\/\/www.suno.com.br\/noticias\/wp-json\/wp\/v2\/media\/39640"}],"wp:attachment":[{"href":"https:\/\/www.suno.com.br\/noticias\/wp-json\/wp\/v2\/media?parent=42274"}],"wp:term":[{"taxonomy":"category","embeddable":true,"href":"https:\/\/www.suno.com.br\/noticias\/wp-json\/wp\/v2\/categories?post=42274"},{"taxonomy":"post_tag","embeddable":true,"href":"https:\/\/www.suno.com.br\/noticias\/wp-json\/wp\/v2\/tags?post=42274"},{"taxonomy":"suno_strategy","embeddable":true,"href":"https:\/\/www.suno.com.br\/noticias\/wp-json\/wp\/v2\/suno_strategy?post=42274"}],"curies":[{"name":"wp","href":"https:\/\/api.w.org\/{rel}","templated":true}]}}