{"id":422688,"date":"2023-06-28T20:03:02","date_gmt":"2023-06-28T23:03:02","guid":{"rendered":"https:\/\/www.suno.com.br\/noticias\/?p=422688"},"modified":"2023-06-28T21:26:25","modified_gmt":"2023-06-29T00:26:25","slug":"nubank-nubr33-cvm-fechar-capital-brasil","status":"publish","type":"post","link":"https:\/\/www.suno.com.br\/noticias\/nubank-nubr33-cvm-fechar-capital-brasil\/","title":{"rendered":"Nubank (NUBR33) recebe aval da CVM para fechar capital no Brasil; o que o investidor pode fazer agora?"},"content":{"rendered":"<p>A Nu Holdings, controladora do <strong>Nubank<\/strong> (<a class=\"suno-keyword\" data-force=\"yes\" data-priority=\"2\" href=\"https:\/\/www.suno.com.br\/bdrs\/nubr33\/\" target=\"_blank\" rel=\"noopener\">NUBR33<\/a>), comunicou hoje (28) que o colegiado da <a href=\"https:\/\/www.suno.com.br\/artigos\/cvm\/\" target=\"_blank\" rel=\"noreferrer noopener\">Comiss\u00e3o de Valores Mobili\u00e1rios (CVM)<\/a> aprovou o novo plano de descontinuidade do programa de <a class=\"suno-keyword\" data-force=\"yes\" data-priority=\"2\" href=\"https:\/\/www.suno.com.br\/bdrs\/\" target=\"_blank\" rel=\"noopener\">BDRs<\/a> N\u00edvel III da companhia.<\/p>\t<div class=\"wrapper-featured-image\">\n\t\t<figure class=\"spotlightImg\">\n\n\t\t\t<picture>\n\t\t\t\t<source media=\"(max-width: 768px)\" srcset=\"https:\/\/files.sunoresearch.com.br\/n\/uploads\/2022\/09\/nubank-400x200.jpg\">\n\t\t\t\t<img loading=\"lazy\" decoding=\"async\" class=\"newsContent__article__imgCapa lazyloadDisabled \" src=\"https:\/\/files.sunoresearch.com.br\/n\/uploads\/2022\/09\/nubank-800x450.jpg\" width=\"800\" height=\"450\" alt=\"Nubank (NUBR33) recebe aval da CVM para fechar capital no Brasil; o que o investidor pode fazer agora?\" fetchpriority=high \/>\n\t\t\t<\/picture>\n\n\t\t\t<figcaption class=\"wp-caption-text wp-caption-text--show\">Nubank. Foto: Divulga\u00e7\u00e3o<\/figcaption>\n\t\t<\/figure>\n\t<\/div>\n\n\n\n\n\n\t<p>\n\t\t<a href=\"https:\/\/lp2.suno.com.br\/cl\/black-friday-2025\/?utm_campaign=_SNCDF0E4858_\" target=\"_blank\" data-element=\"shortcode-suno-banner\" title=\"Banner SUNO, clique e saiba mais\">\n\t\t\t<picture>\n\t\t\t\t<source media=\"(max-width: 500px)\" srcset=\"https:\/\/files.sunoresearch.com.br\/n\/uploads\/2025\/10\/Artigos-e-Noticias-Banner-Home-artigos-01-Mobile_-400x300-1-png.webp\">\n\t\t\t\t<img class=\"newsContent__article__imgCapa newsContent__article__imgCapa--banner\"\n\t\t\t\t\tsrc=\"https:\/\/files.sunoresearch.com.br\/n\/uploads\/2025\/10\/Artigos-e-Noticias-Banner-Home-artigos-01-Desktop_-1420x240-1-png.webp\"\n\t\t\t\t\tdata-promo-id=\"311259\"\t\t\t\t\t\t\t\t\t\twidth='1420' height='240'\t\t\t\t\talt=\"https:\/\/files.sunoresearch.com.br\/n\/uploads\/2025\/10\/Artigos-e-Noticias-Banner-Home-artigos-01-Desktop_-1420x240-1-png.webp\"\n\t\t\t\t>\n\t\t\t<\/picture>\n\t\t<\/a>\n\t<\/p>\n\n\n\n\n\n<p>Assim, a CVM d\u00e1 o aval para que o Nubank possa fechar seu capital no Brasil, conforme inten\u00e7\u00e3o j\u00e1 declarada pelo <a href=\"https:\/\/www.suno.com.br\/artigos\/banco-digital\/\" target=\"_blank\" rel=\"noreferrer noopener\">banco digital<\/a>, que precisava ainda desta aprova\u00e7\u00e3o para que pudesse descontinuar na Bolsa brasileira.<\/p>\n\n\n\n<p>A <strong>aprova\u00e7\u00e3o da CVM<\/strong> conforme decis\u00e3o tomada nesta quarta-feira (28), em reuni\u00e3o realizada pelo colegiado, permite que os <strong>BDRs do Nubank <\/strong>deixem de ser negociados na Bolsa de Valores brasileira no n\u00edvel III, passando para o I. Vale destacar que a empresa continua com suas a\u00e7\u00f5es sendo negociadas na <a href=\"https:\/\/www.suno.com.br\/artigos\/nyse\/\" target=\"_blank\" rel=\"noreferrer noopener\">bolsa de Nova York<\/a>.<\/p>\n\n\n\n<p>Em nota o Nubank refor\u00e7a: &#8220;O plano de reestrutura\u00e7\u00e3o foi concebido para garantir que os BDRs continuem a ser listados e negociados na Bolsa de Valores Brasileira (B3), mas mudem seu N\u00edvel de III para I, o que proporciona uma maior efici\u00eancia de custos.&#8221;<\/p>\n\n\n\n<p>Acrescenta: &#8220;O Nubank anunciou em setembro de 2022 planos para reestruturar seu programa de Brazilian Depositary Receipt (BDR) no Brasil, a fim de buscar maior efici\u00eancia e continuar a construir valor de longo prazo para investidores e clientes.&#8221;<\/p>\n\n\n\n<p>O <strong>programa BDR do Nubank<\/strong> foi lan\u00e7ado durante o IPO do Nubank no final de 2021 &#8220;para permitir que os brasileiros se tornassem investidores no mercado local. Tamb\u00e9m possibilitou a cria\u00e7\u00e3o do NuS\u00f3cios, iniciativa de inclus\u00e3o financeira pela qual o Nubank concedeu aos clientes um &#8216;pedacinho&#8217; (um BDR) gratuito e ofereceu um programa tamb\u00e9m gratuito de educa\u00e7\u00e3o financeira, democratizando o acesso a investimentos na Bolsa de Valores no Brasil e fomentando conhecimento sobre o tema.&#8221;<\/p>\n\n\n\t<div data-element=\"shortcode-read-more\" class=\"knowMore\">\n\t\t\t\t<span class=\"knowMore__title\">Leia mais<\/span>\n\t\t\t\t<a class=\"knowMore__link\" href=\"https:\/\/www.suno.com.br\/noticias\/ibovespa-hoje-28062023-vale3-tomba-petr4-sobe\/\">\n\t\t\tIbovespa cai pela 3\u00aa vez seguida, abaixo dos 117 mil pontos; Vale (VALE3) tomba forte e Petrobras (PETR4) sobe quase 1%\t\t<\/a>\n\t<\/div>\n\n\n\n\n<p>Continuar\u00e3o sendo negociadas apenas as BDRs do Nubank de n\u00edvel I, o que tira a necessidade de a companhia estar submetida \u00e0s regras da Comiss\u00e3o de Valores Mobili\u00e1rios.<\/p>\n\n\n\n<h2 class=\"wp-block-heading\"><a><\/a>E agora? Quais s\u00e3o as op\u00e7\u00f5es dos investidores brasileiros do Nubank?<\/h2>\n\n\n\n<p>Em comunicado, o Nubank aponta que o fechamento de capital na <a href=\"https:\/\/www.suno.com.br\/guias\/bolsa-de-valores\/\" target=\"_blank\" rel=\"noreferrer noopener\">Bolsa de Valores brasileira<\/a> visa trazer otimiza\u00e7\u00e3o nos custos e nos processos. A partir disso, as op\u00e7\u00f5es dos investidores brasileiros da empresa no Brasil s\u00e3o:<\/p>\n\n\n\n<ul class=\"wp-block-list\">\n<li>Converter esses BDRs em <strong>a\u00e7\u00f5es ordin\u00e1rias de classe A do Nubank<\/strong> na Bolsa de Valores de Nova York;<\/li>\n\n\n\n<li>Receber BDRs de N\u00edvel I;<\/li>\n\n\n\n<li>Vender as BDRs de N\u00edvel III de maneira coordenada pela empresa.<\/li>\n<\/ul>\n\n\n\n<p>Na primeira op\u00e7\u00e3o, o investidor das <strong>BDRs N\u00edvel III do Nubank<\/strong> teria o recebimento de a\u00e7\u00f5es da empresa nos EUA com propor\u00e7\u00e3o de 6 para 1, ou seja, a cada 6 BDRs detidos por ele, ter\u00e1 o recebimento de 1 a\u00e7\u00e3o ordin\u00e1ria classe A da companhia na NYSE.<\/p>\n\n\n\n<p>Al\u00e9m disso, para ter essas a\u00e7\u00f5es no exterior, o investidor precisaria ter uma conta ativa em alguma corretora dos EUA. Por causa da propor\u00e7\u00e3o citada anteriormente, para aderir a essa op\u00e7\u00e3o, tamb\u00e9m \u00e9 necess\u00e1rio ter pelo 6 BDRs N\u00edvel III do Nubank.<\/p>\n\n\n\n<p>Caso o investidor prefira a segunda op\u00e7\u00e3o, ele receberia um n\u00famero de BDRs N\u00edvel I conforme a quantidade de BDRs N\u00edvel III detidos na Bolsa de Valores brasileira, ou seja, na propor\u00e7\u00e3o de 1 para 1.<\/p>\n\n\n\n<p>Diz o banco: &#8220;A companhia informar\u00e1 o mercado e acionistas sobre os pr\u00f3ximos passos do processo, incluindo o in\u00edcio da janela de 30 dias para optar entre a convers\u00e3o, venda ou troca dos BDRs. As notifica\u00e7\u00f5es ser\u00e3o enviadas por email, e tamb\u00e9m pelo aplicativo do Nubank.&#8221;<\/p>\n\n\n\n<p>Vale destacar que isso tamb\u00e9m deve ser decidido por aqueles que participaram do programa NuS\u00f3cios em dezembro de 2021, ou seja, aqueles que receberam de presente um BDR, que ficou conhecida pelos clientes como \u201c<strong>pedacinho do Nubank<\/strong>\u201d.<\/p>\n\n\n\n<p>Se nenhuma decis\u00e3o for tomada pelo investidor do <strong>Nubank<\/strong>, os BDRs ser\u00e3o vendidos, ou seja, a terceira op\u00e7\u00e3o ser\u00e1 automaticamente realizada pela empresa. Assim, ser\u00e1 recebido pelos investidores o valor equivalente \u00e0 sua participa\u00e7\u00e3o nesses recibos, ap\u00f3s convers\u00e3o de d\u00f3lar para real, calculado o <a class=\"suno-keyword\" data-force=\"no\" data-priority=\"1\" href=\"https:\/\/www.suno.com.br\/artigos\/preco-medio\/\" target=\"_blank\" rel=\"noopener\">pre\u00e7o m\u00e9dio<\/a> e deduzido os impostos.<\/p>\n\n\n\n<h2 class=\"wp-block-heading\">Banco tira d\u00favidas aos investidores<\/h2>\n\n\n\n<p>O Nubank enviou uma nota com outras d\u00favidas frequentes e respostas sobre o programa de BDRs:<br><br>&#8220;<strong>O que s\u00e3o BDRs N\u00edvel I n\u00e3o patrocinados?<\/strong><\/p>\n\n\n\n<p>O BDR N\u00edvel I n\u00e3o patrocinado foi criado pela CVM e pela B3 para disponibilizar ao mercado um instrumento que possibilite aos brasileiros investirem em companhias estrangeiras no mercado local, permitindo que institui\u00e7\u00f5es terceiras estabele\u00e7am um programa de BDR, sem a obrigatoriedade de envolvimento direto do emissor. S\u00e3o mais de 800 programas BDR I n\u00e3o patrocinados listados na B3, entre eles de empresas como Google, Apple e Disney.<\/p>\n\n\n\n<p><strong>Por que os BDRs do Nubank v\u00e3o ser institu\u00eddos por outra institui\u00e7\u00e3o financeira?<\/strong><\/p>\n\n\n\n<p>Ap\u00f3s o Nubank ter manifestado a inten\u00e7\u00e3o de reestruturar o <strong>programa de BDRs<\/strong>, o Banco Bradesco S.A., atual deposit\u00e1rio dos BDRs N\u00edvel III, manifestou interesse em se tornar o instituidor do programa de BDR N\u00edvel I n\u00e3o patrocinado e \u200b\u200bem realizar os procedimentos para sua listagem no mercado local. Essa altera\u00e7\u00e3o do n\u00edvel do programa de BDRs n\u00e3o causa nenhuma mudan\u00e7a significativa para os investidores em compara\u00e7\u00e3o com o programa de BDR N\u00edvel III. O Bradesco \u00e9 a maior institui\u00e7\u00e3o deposit\u00e1ria do Brasil, de acordo com a Anbima.<\/p>\n\n\n\n<p><strong>Os investidores precisam tomar alguma atitude neste momento?<\/strong><\/p>\n\n\n\n<p>O Nubank notificar\u00e1 todos os investidores para que fa\u00e7am sua escolha em breve e n\u00e3o h\u00e1 necessidade de a\u00e7\u00e3o imediata neste momento.<\/p>\n\n\n\n<p><strong>Qual a propor\u00e7\u00e3o de BDRs sobre o total de a\u00e7\u00f5es emitidas, e como esse programa vai impactar o Nubank?&#8221;<\/strong><\/p>\n\n\n\n<p>&#8220;A maioria das a\u00e7\u00f5es do Nu s\u00e3o negociadas na NYSE, o que garante acesso ao maior mercado de capitais do mundo. A propor\u00e7\u00e3o atual de BDRs sobre o total de a\u00e7\u00f5es emitidas \u00e9 inferior a 0,5%. Embora a flutua\u00e7\u00e3o do BDR seja relativamente pequena em compara\u00e7\u00e3o com o capital total, estamos confiantes de que h\u00e1 um crescente interesse do mercado local em investir em BDRs do Nu, conforme indicado recentemente por analistas de pesquisa independentes.&#8221;<\/p>\n\n\n\t<p>\n\t\t<a href=\"https:\/\/lp.suno.com.br\/ebook-como-analisar-uma-acao\/\" target=\"_blank\" data-element=\"shortcode-suno-banner\" title=\"Banner SUNO, clique e saiba mais\">\n\t\t\t<picture>\n\t\t\t\t<source media=\"(max-width: 500px)\" srcset=\"https:\/\/files.sunoresearch.com.br\/n\/uploads\/2023\/12\/Ebook-Acoes-Mobile.jpg\">\n\t\t\t\t<img class=\"newsContent__article__imgCapa newsContent__article__imgCapa--banner\"\n\t\t\t\t\tsrc=\"https:\/\/files.sunoresearch.com.br\/n\/uploads\/2023\/12\/Ebook-Acoes-Desktop.webp\"\n\t\t\t\t\tdata-promo-id=\"311260\"\t\t\t\t\t\t\t\t\t\twidth='1420' height='286'\t\t\t\t\talt=\"https:\/\/files.sunoresearch.com.br\/n\/uploads\/2023\/12\/Ebook-Acoes-Desktop.webp\"\n\t\t\t\t>\n\t\t\t<\/picture>\n\t\t<\/a>\n\t<\/p>\n\n\n","protected":false},"excerpt":{"rendered":"<p>A Nu Holdings, controladora do Nubank (NUBR33), comunicou hoje (28) que o colegiado da Comiss\u00e3o de Valores Mobili\u00e1rios (CVM) aprovou o novo plano de descontinuidade do programa de BDRs N\u00edvel III da companhia. Nubank. Foto: Divulga\u00e7\u00e3o Assim, a CVM d\u00e1 o aval para que o Nubank possa fechar seu capital no Brasil, conforme inten\u00e7\u00e3o j\u00e1 [&hellip;]<\/p>\n","protected":false},"author":173,"featured_media":301381,"comment_status":"closed","ping_status":"closed","sticky":false,"template":"","format":"standard","meta":[],"categories":[64],"tags":[317,848],"suno_strategy":[],"class_list":["post-422688","post","type-post","status-publish","format-standard","has-post-thumbnail","hentry","category-negocios","tag-bdrs","tag-nubank"],"yoast_head":"<!-- This site is optimized with the Yoast SEO plugin v24.4 - https:\/\/yoast.com\/wordpress\/plugins\/seo\/ -->\n<title>Nubank (NUBR33) recebe aval para fechar capital no Brasil; o que fazer?<\/title>\n<meta name=\"description\" content=\"O Nubank (NUBR33) recebeu o aval da CVM para fechar seu capital no Brasil. O que o investidor do Nubank pode fazer agora?\" \/>\n<meta name=\"robots\" content=\"index, follow, max-snippet:-1, max-image-preview:large, max-video-preview:-1\" \/>\n<link rel=\"canonical\" href=\"https:\/\/www.suno.com.br\/noticias\/nubank-nubr33-cvm-fechar-capital-brasil\/\" \/>\n<meta property=\"og:locale\" content=\"pt_BR\" \/>\n<meta property=\"og:type\" content=\"article\" \/>\n<meta property=\"og:title\" content=\"Nubank (NUBR33) recebe aval para fechar capital no Brasil; o que fazer?\" \/>\n<meta property=\"og:description\" content=\"O Nubank (NUBR33) recebeu o aval da CVM para fechar seu capital no Brasil. O que o investidor do Nubank pode fazer agora?\" \/>\n<meta property=\"og:url\" content=\"https:\/\/www.suno.com.br\/noticias\/nubank-nubr33-cvm-fechar-capital-brasil\/\" \/>\n<meta property=\"og:site_name\" content=\"Suno Not\u00edcias\" \/>\n<meta property=\"article:publisher\" content=\"https:\/\/facebook.com\/sunoresearch\" \/>\n<meta property=\"og:image\" content=\"https:\/\/files.sunoresearch.com.br\/n\/uploads\/2022\/09\/nubank.jpg\" \/>\n\t<meta property=\"og:image:width\" content=\"1200\" \/>\n\t<meta property=\"og:image:height\" content=\"800\" \/>\n\t<meta property=\"og:image:type\" content=\"image\/jpeg\" \/>\n<meta name=\"author\" content=\"Jo\u00e3o Vitor\" \/>\n<meta name=\"twitter:card\" content=\"summary_large_image\" \/>\n<meta name=\"twitter:creator\" content=\"@sunoresearch\" \/>\n<meta name=\"twitter:site\" content=\"@sunoresearch\" \/>\n<meta name=\"twitter:label1\" content=\"Escrito por\" \/>\n\t<meta name=\"twitter:data1\" content=\"Jo\u00e3o Vitor\" \/>\n\t<meta name=\"twitter:label2\" content=\"Est. tempo de leitura\" \/>\n\t<meta name=\"twitter:data2\" content=\"6 minutos\" \/>\n<script type=\"application\/ld+json\" class=\"yoast-schema-graph\">{\"@context\":\"https:\/\/schema.org\",\"@graph\":[{\"@type\":\"NewsArticle\",\"@id\":\"https:\/\/www.suno.com.br\/noticias\/nubank-nubr33-cvm-fechar-capital-brasil\/#article\",\"isPartOf\":{\"@id\":\"https:\/\/www.suno.com.br\/noticias\/nubank-nubr33-cvm-fechar-capital-brasil\/\"},\"author\":{\"name\":\"Jo\u00e3o Vitor\",\"@id\":\"https:\/\/www.suno.com.br\/noticias\/#\/schema\/person\/87fc6973867c52dd884811905c43afba\"},\"headline\":\"Nubank (NUBR33) recebe aval da CVM para fechar capital no Brasil; o que o investidor pode fazer agora?\",\"datePublished\":\"2023-06-28T23:03:02+00:00\",\"dateModified\":\"2023-06-29T00:26:25+00:00\",\"mainEntityOfPage\":{\"@id\":\"https:\/\/www.suno.com.br\/noticias\/nubank-nubr33-cvm-fechar-capital-brasil\/\"},\"wordCount\":1083,\"publisher\":{\"@id\":\"https:\/\/www.suno.com.br\/noticias\/#organization\"},\"image\":{\"@id\":\"https:\/\/www.suno.com.br\/noticias\/nubank-nubr33-cvm-fechar-capital-brasil\/#primaryimage\"},\"thumbnailUrl\":\"https:\/\/files.sunoresearch.com.br\/n\/uploads\/2022\/09\/nubank.jpg\",\"keywords\":[\"BDRs\",\"Nubank (NUBR33)\"],\"articleSection\":[\"Neg\u00f3cios\"],\"inLanguage\":\"pt-BR\"},{\"@type\":\"WebPage\",\"@id\":\"https:\/\/www.suno.com.br\/noticias\/nubank-nubr33-cvm-fechar-capital-brasil\/\",\"url\":\"https:\/\/www.suno.com.br\/noticias\/nubank-nubr33-cvm-fechar-capital-brasil\/\",\"name\":\"Nubank (NUBR33) recebe aval para fechar capital no Brasil; o que fazer?\",\"isPartOf\":{\"@id\":\"https:\/\/www.suno.com.br\/noticias\/#website\"},\"primaryImageOfPage\":{\"@id\":\"https:\/\/www.suno.com.br\/noticias\/nubank-nubr33-cvm-fechar-capital-brasil\/#primaryimage\"},\"image\":{\"@id\":\"https:\/\/www.suno.com.br\/noticias\/nubank-nubr33-cvm-fechar-capital-brasil\/#primaryimage\"},\"thumbnailUrl\":\"https:\/\/files.sunoresearch.com.br\/n\/uploads\/2022\/09\/nubank.jpg\",\"datePublished\":\"2023-06-28T23:03:02+00:00\",\"dateModified\":\"2023-06-29T00:26:25+00:00\",\"description\":\"O Nubank (NUBR33) recebeu o aval da CVM para fechar seu capital no Brasil. O que o investidor do Nubank pode fazer agora?\",\"breadcrumb\":{\"@id\":\"https:\/\/www.suno.com.br\/noticias\/nubank-nubr33-cvm-fechar-capital-brasil\/#breadcrumb\"},\"inLanguage\":\"pt-BR\",\"potentialAction\":[{\"@type\":\"ReadAction\",\"target\":[\"https:\/\/www.suno.com.br\/noticias\/nubank-nubr33-cvm-fechar-capital-brasil\/\"]}]},{\"@type\":\"ImageObject\",\"inLanguage\":\"pt-BR\",\"@id\":\"https:\/\/www.suno.com.br\/noticias\/nubank-nubr33-cvm-fechar-capital-brasil\/#primaryimage\",\"url\":\"https:\/\/files.sunoresearch.com.br\/n\/uploads\/2022\/09\/nubank.jpg\",\"contentUrl\":\"https:\/\/files.sunoresearch.com.br\/n\/uploads\/2022\/09\/nubank.jpg\",\"width\":1200,\"height\":800,\"caption\":\"Nubank. Foto: Divulga\u00e7\u00e3o\"},{\"@type\":\"BreadcrumbList\",\"@id\":\"https:\/\/www.suno.com.br\/noticias\/nubank-nubr33-cvm-fechar-capital-brasil\/#breadcrumb\",\"itemListElement\":[{\"@type\":\"ListItem\",\"position\":1,\"name\":\"Not\u00edcias\",\"item\":\"https:\/\/www.suno.com.br\/noticias\/\"},{\"@type\":\"ListItem\",\"position\":2,\"name\":\"Neg\u00f3cios\",\"item\":\"https:\/\/www.suno.com.br\/noticias\/negocios\/\"},{\"@type\":\"ListItem\",\"position\":3,\"name\":\"Nubank (NUBR33) recebe aval da CVM para fechar capital no Brasil; o que o investidor pode fazer agora?\"}]},{\"@type\":\"WebSite\",\"@id\":\"https:\/\/www.suno.com.br\/noticias\/#website\",\"url\":\"https:\/\/www.suno.com.br\/noticias\/\",\"name\":\"Suno Not\u00edcias\",\"description\":\"Seu portal de informa\u00e7\u00e3o sobre o mundo dos investimentos\",\"publisher\":{\"@id\":\"https:\/\/www.suno.com.br\/noticias\/#organization\"},\"potentialAction\":[{\"@type\":\"SearchAction\",\"target\":{\"@type\":\"EntryPoint\",\"urlTemplate\":\"https:\/\/www.suno.com.br\/noticias\/?s={search_term_string}\"},\"query-input\":{\"@type\":\"PropertyValueSpecification\",\"valueRequired\":true,\"valueName\":\"search_term_string\"}}],\"inLanguage\":\"pt-BR\"},{\"@type\":\"Organization\",\"@id\":\"https:\/\/www.suno.com.br\/noticias\/#organization\",\"name\":\"Suno Not\u00edcias\",\"url\":\"https:\/\/www.suno.com.br\/noticias\/\",\"logo\":{\"@type\":\"ImageObject\",\"inLanguage\":\"pt-BR\",\"@id\":\"https:\/\/www.suno.com.br\/noticias\/#\/schema\/logo\/image\/\",\"url\":\"https:\/\/files.sunoresearch.com.br\/n\/uploads\/2021\/09\/suno-logo.png\",\"contentUrl\":\"https:\/\/files.sunoresearch.com.br\/n\/uploads\/2021\/09\/suno-logo.png\",\"width\":180,\"height\":180,\"caption\":\"Suno Not\u00edcias\"},\"image\":{\"@id\":\"https:\/\/www.suno.com.br\/noticias\/#\/schema\/logo\/image\/\"},\"sameAs\":[\"https:\/\/facebook.com\/sunoresearch\",\"https:\/\/x.com\/sunoresearch\",\"https:\/\/www.instagram.com\/suno\",\"https:\/\/www.linkedin.com\/company\/suno-research\/\",\"https:\/\/www.youtube.com\/c\/sunoresearch\"]},{\"@type\":\"Person\",\"@id\":\"https:\/\/www.suno.com.br\/noticias\/#\/schema\/person\/87fc6973867c52dd884811905c43afba\",\"name\":\"Jo\u00e3o Vitor\",\"image\":{\"@type\":\"ImageObject\",\"inLanguage\":\"pt-BR\",\"@id\":\"https:\/\/www.suno.com.br\/noticias\/#\/schema\/person\/image\/\",\"url\":\"https:\/\/secure.gravatar.com\/avatar\/2843227ca03ccf8cc7ccca45204c127e?s=96&r=g\",\"contentUrl\":\"https:\/\/secure.gravatar.com\/avatar\/2843227ca03ccf8cc7ccca45204c127e?s=96&r=g\",\"caption\":\"Jo\u00e3o Vitor\"},\"description\":\"Redator profissional, com atua\u00e7\u00e3o no mercado editorial na produ\u00e7\u00e3o de not\u00edcias e conte\u00fados sobre o mercado de a\u00e7\u00f5es, fundos imobili\u00e1rios e economia popular. Graduando em Engenharia Qu\u00edmica pela Unesp, tamb\u00e9m j\u00e1 atuou como consultor financeiro.\",\"url\":\"https:\/\/www.suno.com.br\/noticias\/author\/joao-vitor-jacintho\/\"}]}<\/script>\n<!-- \/ Yoast SEO plugin. -->","yoast_head_json":{"title":"Nubank (NUBR33) recebe aval para fechar capital no Brasil; o que fazer?","description":"O Nubank (NUBR33) recebeu o aval da CVM para fechar seu capital no Brasil. O que o investidor do Nubank pode fazer agora?","robots":{"index":"index","follow":"follow","max-snippet":"max-snippet:-1","max-image-preview":"max-image-preview:large","max-video-preview":"max-video-preview:-1"},"canonical":"https:\/\/www.suno.com.br\/noticias\/nubank-nubr33-cvm-fechar-capital-brasil\/","og_locale":"pt_BR","og_type":"article","og_title":"Nubank (NUBR33) recebe aval para fechar capital no Brasil; o que fazer?","og_description":"O Nubank (NUBR33) recebeu o aval da CVM para fechar seu capital no Brasil. O que o investidor do Nubank pode fazer agora?","og_url":"https:\/\/www.suno.com.br\/noticias\/nubank-nubr33-cvm-fechar-capital-brasil\/","og_site_name":"Suno Not\u00edcias","article_publisher":"https:\/\/facebook.com\/sunoresearch","og_image":[{"width":1200,"height":800,"url":"https:\/\/files.sunoresearch.com.br\/n\/uploads\/2022\/09\/nubank.jpg","type":"image\/jpeg"}],"author":"Jo\u00e3o Vitor","twitter_card":"summary_large_image","twitter_creator":"@sunoresearch","twitter_site":"@sunoresearch","twitter_misc":{"Escrito por":"Jo\u00e3o Vitor","Est. tempo de leitura":"6 minutos"},"schema":{"@context":"https:\/\/schema.org","@graph":[{"@type":"NewsArticle","@id":"https:\/\/www.suno.com.br\/noticias\/nubank-nubr33-cvm-fechar-capital-brasil\/#article","isPartOf":{"@id":"https:\/\/www.suno.com.br\/noticias\/nubank-nubr33-cvm-fechar-capital-brasil\/"},"author":{"name":"Jo\u00e3o Vitor","@id":"https:\/\/www.suno.com.br\/noticias\/#\/schema\/person\/87fc6973867c52dd884811905c43afba"},"headline":"Nubank (NUBR33) recebe aval da CVM para fechar capital no Brasil; o que o investidor pode fazer agora?","datePublished":"2023-06-28T23:03:02+00:00","dateModified":"2023-06-29T00:26:25+00:00","mainEntityOfPage":{"@id":"https:\/\/www.suno.com.br\/noticias\/nubank-nubr33-cvm-fechar-capital-brasil\/"},"wordCount":1083,"publisher":{"@id":"https:\/\/www.suno.com.br\/noticias\/#organization"},"image":{"@id":"https:\/\/www.suno.com.br\/noticias\/nubank-nubr33-cvm-fechar-capital-brasil\/#primaryimage"},"thumbnailUrl":"https:\/\/files.sunoresearch.com.br\/n\/uploads\/2022\/09\/nubank.jpg","keywords":["BDRs","Nubank (NUBR33)"],"articleSection":["Neg\u00f3cios"],"inLanguage":"pt-BR"},{"@type":"WebPage","@id":"https:\/\/www.suno.com.br\/noticias\/nubank-nubr33-cvm-fechar-capital-brasil\/","url":"https:\/\/www.suno.com.br\/noticias\/nubank-nubr33-cvm-fechar-capital-brasil\/","name":"Nubank (NUBR33) recebe aval para fechar capital no Brasil; o que fazer?","isPartOf":{"@id":"https:\/\/www.suno.com.br\/noticias\/#website"},"primaryImageOfPage":{"@id":"https:\/\/www.suno.com.br\/noticias\/nubank-nubr33-cvm-fechar-capital-brasil\/#primaryimage"},"image":{"@id":"https:\/\/www.suno.com.br\/noticias\/nubank-nubr33-cvm-fechar-capital-brasil\/#primaryimage"},"thumbnailUrl":"https:\/\/files.sunoresearch.com.br\/n\/uploads\/2022\/09\/nubank.jpg","datePublished":"2023-06-28T23:03:02+00:00","dateModified":"2023-06-29T00:26:25+00:00","description":"O Nubank (NUBR33) recebeu o aval da CVM para fechar seu capital no Brasil. O que o investidor do Nubank pode fazer agora?","breadcrumb":{"@id":"https:\/\/www.suno.com.br\/noticias\/nubank-nubr33-cvm-fechar-capital-brasil\/#breadcrumb"},"inLanguage":"pt-BR","potentialAction":[{"@type":"ReadAction","target":["https:\/\/www.suno.com.br\/noticias\/nubank-nubr33-cvm-fechar-capital-brasil\/"]}]},{"@type":"ImageObject","inLanguage":"pt-BR","@id":"https:\/\/www.suno.com.br\/noticias\/nubank-nubr33-cvm-fechar-capital-brasil\/#primaryimage","url":"https:\/\/files.sunoresearch.com.br\/n\/uploads\/2022\/09\/nubank.jpg","contentUrl":"https:\/\/files.sunoresearch.com.br\/n\/uploads\/2022\/09\/nubank.jpg","width":1200,"height":800,"caption":"Nubank. Foto: Divulga\u00e7\u00e3o"},{"@type":"BreadcrumbList","@id":"https:\/\/www.suno.com.br\/noticias\/nubank-nubr33-cvm-fechar-capital-brasil\/#breadcrumb","itemListElement":[{"@type":"ListItem","position":1,"name":"Not\u00edcias","item":"https:\/\/www.suno.com.br\/noticias\/"},{"@type":"ListItem","position":2,"name":"Neg\u00f3cios","item":"https:\/\/www.suno.com.br\/noticias\/negocios\/"},{"@type":"ListItem","position":3,"name":"Nubank (NUBR33) recebe aval da CVM para fechar capital no Brasil; o que o investidor pode fazer agora?"}]},{"@type":"WebSite","@id":"https:\/\/www.suno.com.br\/noticias\/#website","url":"https:\/\/www.suno.com.br\/noticias\/","name":"Suno Not\u00edcias","description":"Seu portal de informa\u00e7\u00e3o sobre o mundo dos investimentos","publisher":{"@id":"https:\/\/www.suno.com.br\/noticias\/#organization"},"potentialAction":[{"@type":"SearchAction","target":{"@type":"EntryPoint","urlTemplate":"https:\/\/www.suno.com.br\/noticias\/?s={search_term_string}"},"query-input":{"@type":"PropertyValueSpecification","valueRequired":true,"valueName":"search_term_string"}}],"inLanguage":"pt-BR"},{"@type":"Organization","@id":"https:\/\/www.suno.com.br\/noticias\/#organization","name":"Suno Not\u00edcias","url":"https:\/\/www.suno.com.br\/noticias\/","logo":{"@type":"ImageObject","inLanguage":"pt-BR","@id":"https:\/\/www.suno.com.br\/noticias\/#\/schema\/logo\/image\/","url":"https:\/\/files.sunoresearch.com.br\/n\/uploads\/2021\/09\/suno-logo.png","contentUrl":"https:\/\/files.sunoresearch.com.br\/n\/uploads\/2021\/09\/suno-logo.png","width":180,"height":180,"caption":"Suno Not\u00edcias"},"image":{"@id":"https:\/\/www.suno.com.br\/noticias\/#\/schema\/logo\/image\/"},"sameAs":["https:\/\/facebook.com\/sunoresearch","https:\/\/x.com\/sunoresearch","https:\/\/www.instagram.com\/suno","https:\/\/www.linkedin.com\/company\/suno-research\/","https:\/\/www.youtube.com\/c\/sunoresearch"]},{"@type":"Person","@id":"https:\/\/www.suno.com.br\/noticias\/#\/schema\/person\/87fc6973867c52dd884811905c43afba","name":"Jo\u00e3o Vitor","image":{"@type":"ImageObject","inLanguage":"pt-BR","@id":"https:\/\/www.suno.com.br\/noticias\/#\/schema\/person\/image\/","url":"https:\/\/secure.gravatar.com\/avatar\/2843227ca03ccf8cc7ccca45204c127e?s=96&r=g","contentUrl":"https:\/\/secure.gravatar.com\/avatar\/2843227ca03ccf8cc7ccca45204c127e?s=96&r=g","caption":"Jo\u00e3o Vitor"},"description":"Redator profissional, com atua\u00e7\u00e3o no mercado editorial na produ\u00e7\u00e3o de not\u00edcias e conte\u00fados sobre o mercado de a\u00e7\u00f5es, fundos imobili\u00e1rios e economia popular. Graduando em Engenharia Qu\u00edmica pela Unesp, tamb\u00e9m j\u00e1 atuou como consultor financeiro.","url":"https:\/\/www.suno.com.br\/noticias\/author\/joao-vitor-jacintho\/"}]}},"default_loop_html":"<div class=\"cardsPage__listCard__boxs\"><div class=\"cardsPage__listCard__boxs__img\"><a href=\"https:\/\/www.suno.com.br\/noticias\/nubank-nubr33-cvm-fechar-capital-brasil\/\"><img class=\"mask\" src=\"https:\/\/www.suno.com.br\/noticias\/wp-content\/themes\/suno\/resources\/images\/spotlight\/spotlight1img\/bg-mask.png\" alt=\"Image Mask\"\/><img src=\"https:\/\/files.sunoresearch.com.br\/n\/uploads\/2022\/09\/nubank-400x200.jpg\" alt=\"Nubank (NUBR33) recebe aval da CVM para fechar capital no Brasil; o que o investidor pode fazer agora?\"\/><\/a><span class=\"spotlightCategory\"><a href=\"https:\/\/www.suno.com.br\/noticias\/negocios\/\">Neg\u00f3cios<\/a><\/span><\/div><div class=\"cardsPage__listCard__boxs__content\"><a href=\"https:\/\/www.suno.com.br\/noticias\/nubank-nubr33-cvm-fechar-capital-brasil\/\"><h2 class=\"content__title\">Nubank (NUBR33) recebe aval da CVM para fechar capital no Brasil; o que o investidor pode fazer agora?<\/h2><\/a><div class=\"newsContent__article__meta\"><div class=\"newsContent__article__meta__authorBox\"><a href=\"https:\/\/www.suno.com.br\/noticias\/author\/joao-vitor-jacintho\/\" class=\"authorBox__avatar noMobi\"><img src=\"https:\/\/secure.gravatar.com\/avatar\/2843227ca03ccf8cc7ccca45204c127e?s=96&#038;r=g\" alt=\"Jo\u00e3o Vitor Jacintho\"><\/a><div class=\"authorBox__name\"><span>por\n\t\t\t<a href=\"https:\/\/www.suno.com.br\/noticias\/author\/joao-vitor-jacintho\/\"><span itemprop=\"author\">Jo\u00e3o Vitor Jacintho<\/span><\/a><\/span><time datetime=\"2023-06-28T20:03:02-03:00\" itemprop=\"datePublished\">28\/06\/2023 20:03<\/time><\/div><\/div><\/div><\/div><\/div>","single_layout":"posts","amp_enabled":true,"_links":{"self":[{"href":"https:\/\/www.suno.com.br\/noticias\/wp-json\/wp\/v2\/posts\/422688"}],"collection":[{"href":"https:\/\/www.suno.com.br\/noticias\/wp-json\/wp\/v2\/posts"}],"about":[{"href":"https:\/\/www.suno.com.br\/noticias\/wp-json\/wp\/v2\/types\/post"}],"author":[{"embeddable":true,"href":"https:\/\/www.suno.com.br\/noticias\/wp-json\/wp\/v2\/users\/173"}],"replies":[{"embeddable":true,"href":"https:\/\/www.suno.com.br\/noticias\/wp-json\/wp\/v2\/comments?post=422688"}],"version-history":[{"count":2,"href":"https:\/\/www.suno.com.br\/noticias\/wp-json\/wp\/v2\/posts\/422688\/revisions"}],"predecessor-version":[{"id":422730,"href":"https:\/\/www.suno.com.br\/noticias\/wp-json\/wp\/v2\/posts\/422688\/revisions\/422730"}],"wp:featuredmedia":[{"embeddable":true,"href":"https:\/\/www.suno.com.br\/noticias\/wp-json\/wp\/v2\/media\/301381"}],"wp:attachment":[{"href":"https:\/\/www.suno.com.br\/noticias\/wp-json\/wp\/v2\/media?parent=422688"}],"wp:term":[{"taxonomy":"category","embeddable":true,"href":"https:\/\/www.suno.com.br\/noticias\/wp-json\/wp\/v2\/categories?post=422688"},{"taxonomy":"post_tag","embeddable":true,"href":"https:\/\/www.suno.com.br\/noticias\/wp-json\/wp\/v2\/tags?post=422688"},{"taxonomy":"suno_strategy","embeddable":true,"href":"https:\/\/www.suno.com.br\/noticias\/wp-json\/wp\/v2\/suno_strategy?post=422688"}],"curies":[{"name":"wp","href":"https:\/\/api.w.org\/{rel}","templated":true}]}}