{"id":422372,"date":"2023-06-28T14:18:08","date_gmt":"2023-06-28T17:18:08","guid":{"rendered":"https:\/\/www.suno.com.br\/noticias\/?p=422372"},"modified":"2023-06-28T14:18:13","modified_gmt":"2023-06-28T17:18:13","slug":"desenrola-fazenda-ministerio-requisitos-adesao-programa","status":"publish","type":"post","link":"https:\/\/www.suno.com.br\/noticias\/desenrola-fazenda-ministerio-requisitos-adesao-programa\/","title":{"rendered":"Desenrola: Fazenda publica requisitos e procedimentos para ades\u00e3o"},"content":{"rendered":"<p>O <a class=\"suno-keyword\" target=\"_blank\" data-force=\"no\" data-priority=\"2\" href=\"https:\/\/www.suno.com.br\/artigos\/ministerio-da-fazenda\/\" rel=\"noopener\">Minist\u00e9rio da Fazenda<\/a> definiu requisitos, condi\u00e7\u00f5es e procedimentos para ades\u00e3o ao Programa Emergencial de Renegocia\u00e7\u00e3o de D\u00edvidas de Pessoas F\u00edsicas Inadimplentes, o <strong>Desenrola <\/strong>Brasil, e para a operacionaliza\u00e7\u00e3o do programa. <\/p>\t<div class=\"wrapper-featured-image\">\n\t\t<figure class=\"spotlightImg\">\n\n\t\t\t<picture>\n\t\t\t\t<source media=\"(max-width: 768px)\" srcset=\"https:\/\/files.sunoresearch.com.br\/n\/uploads\/2023\/03\/fernando-haddad-entrevista-reforma-tributaria-foto-cnnbrasil-400x200.jpg\">\n\t\t\t\t<img loading=\"lazy\" decoding=\"async\" class=\"newsContent__article__imgCapa lazyloadDisabled \" src=\"https:\/\/files.sunoresearch.com.br\/n\/uploads\/2023\/03\/fernando-haddad-entrevista-reforma-tributaria-foto-cnnbrasil-800x450.jpg\" width=\"800\" height=\"450\" alt=\"Desenrola: Fazenda publica requisitos e procedimentos para ades\u00e3o\" fetchpriority=high \/>\n\t\t\t<\/picture>\n\n\t\t\t<figcaption class=\"wp-caption-text wp-caption-text--show\">Fernando Haddad, ministro da Fazenda. Foto: CNN Brasil<\/figcaption>\n\t\t<\/figure>\n\t<\/div>\n\n\n\n\n\n\t<p>\n\t\t<a href=\"\" target=\"_blank\" data-element=\"shortcode-suno-banner\" title=\"Banner SUNO, clique e saiba mais\">\n\t\t\t<picture>\n\t\t\t\t<source media=\"(max-width: 500px)\" srcset=\"\">\n\t\t\t\t<img class=\"newsContent__article__imgCapa newsContent__article__imgCapa--banner\"\n\t\t\t\t\tsrc=\"\"\n\t\t\t\t\tdata-promo-id=\"240038\"\t\t\t\t\t\t\t\t\t\t\t\t\t\t\talt=\"\"\n\t\t\t\t>\n\t\t\t<\/picture>\n\t\t<\/a>\n\t<\/p>\n\n\n\n\n\n\n\n<p>As regras constam de portaria publicada no Di\u00e1rio Oficial da Uni\u00e3o (DOU) desta quarta-feira (28). A portaria \u00e9 um passo importante da iniciativa, pois traz as diretrizes para o andamento formal da constru\u00e7\u00e3o da plataforma tecnol\u00f3gica do Desenrola.<\/p>\n\n\n\n<p>O programa ter\u00e1 duas faixas: a Faixa 1, com aval do Fundo de Garantia das Opera\u00e7\u00f5es (FGO) e \u00e9 dedicada a d\u00edvidas de at\u00e9 R$ 5 mil para pessoas que recebem at\u00e9 dois sal\u00e1rios m\u00ednimos ou que estejam inscritas no Cadastro \u00danico; e a Faixa 2, voltada para rendas salariais mais altas e que considera apenas d\u00edvidas banc\u00e1rias, sem garantia do <a class=\"suno-keyword\" target=\"_blank\" data-force=\"no\" data-priority=\"2\" href=\"https:\/\/www.suno.com.br\/artigos\/tesouro-nacional\/\" rel=\"noopener\">Tesouro Nacional<\/a>.<\/p>\n\n\n\n<p>Dentre outros pontos, a portaria define as condi\u00e7\u00f5es para a ades\u00e3o de credores interessados em participar do programa. Na lista de exig\u00eancias, a norma determina que <a class=\"suno-keyword\" target=\"_blank\" data-force=\"no\" data-priority=\"1\" href=\"https:\/\/www.suno.com.br\/artigos\/instituicoes-financeiras\/\" rel=\"noopener\">institui\u00e7\u00f5es financeiras<\/a>, <a class=\"suno-keyword\" target=\"_blank\" data-force=\"no\" data-priority=\"1\" href=\"https:\/\/www.suno.com.br\/artigos\/bancos-multiplos\/\" rel=\"noopener\">bancos m\u00faltiplos<\/a> ou comerciais e institui\u00e7\u00f5es n\u00e3o banc\u00e1rias de cr\u00e9dito dever\u00e3o providenciar: em at\u00e9 30 dias da publica\u00e7\u00e3o desta portaria, a baixa permanente, perante os bir\u00f4s de cr\u00e9dito, dos registros ativos cujo valor seja igual ou inferior a R$ 100; e a habilita\u00e7\u00e3o para atuar, concomitantemente, na condi\u00e7\u00e3o de agentes financeiros do Desenrola Brasil Faixa 1.<\/p>\n\n\n\n<p>Tamb\u00e9m estabelece que os agentes financeiros interessados em participar do Desenrola dever\u00e3o se habilitar no programa, solicitar habilita\u00e7\u00e3o negocial e tecnol\u00f3gica junto ao FGO e realizar a integra\u00e7\u00e3o tecnol\u00f3gica com a plataforma digital da entidade operadora.<\/p>\n\n\n\n<p>De acordo com a regulamenta\u00e7\u00e3o, as renegocia\u00e7\u00f5es de d\u00edvidas de pessoas f\u00edsicas no \u00e2mbito da Faixa 2 poder\u00e3o ser realizadas na plataforma digital ou nos canais indicados pelos agentes financeiros. Mas a contrata\u00e7\u00e3o das opera\u00e7\u00f5es na Faixa 1 ser\u00e1 realizada apenas por meio eletr\u00f4nico.<\/p>\n\n\n\n<p>Na Faixa 1, a <a class=\"suno-keyword\" target=\"_blank\" data-force=\"no\" data-priority=\"2\" href=\"https:\/\/www.suno.com.br\/artigos\/juros\/\" rel=\"noopener\">taxa de juros<\/a> dever\u00e1 ser no m\u00e1ximo de 1,99% ao m\u00eas, a car\u00eancia de no m\u00ednimo 30 dias e no m\u00e1ximo 59 dias e o prazo m\u00ednimo de 2 meses e m\u00e1ximo de 60 meses para pagamento das opera\u00e7\u00f5es, com parcela m\u00ednima de R$ 50.<\/p>\n\n\n\n<p>As opera\u00e7\u00f5es da Faixa 2 dever\u00e3o, dentre outras condi\u00e7\u00f5es, atender devedores com <a class=\"suno-keyword\" target=\"_blank\" data-force=\"no\" data-priority=\"1\" href=\"https:\/\/www.suno.com.br\/artigos\/renda-mensal\/\" rel=\"noopener\">renda mensal<\/a> igual ou inferior a R$ 20 mil e praticar prazo m\u00ednimo de 12 meses para pagamento das opera\u00e7\u00f5es.<\/p>\n\n\n\n<p>&#8220;N\u00e3o podem ser enquadradas no Desenrola Brasil Faixa 2 as d\u00edvidas que sejam relativas a <a class=\"suno-keyword\" target=\"_blank\" data-force=\"no\" data-priority=\"1\" href=\"https:\/\/www.suno.com.br\/artigos\/credito-rural\/\" rel=\"noopener\">cr\u00e9dito rural<\/a>; possuam garantia da Uni\u00e3o ou de entidade p\u00fablica; n\u00e3o tenham o <a class=\"suno-keyword\" target=\"_blank\" data-force=\"no\" data-priority=\"1\" href=\"https:\/\/www.suno.com.br\/artigos\/risco-de-credito\/\" rel=\"noopener\">risco de cr\u00e9dito<\/a> integralmente assumido pelos agentes financeiros; tenham qualquer tipo de previs\u00e3o de aporte de recursos p\u00fablicos; ou tenham qualquer equaliza\u00e7\u00e3o de <a class=\"suno-keyword\" target=\"_blank\" data-force=\"no\" data-priority=\"2\" href=\"https:\/\/www.suno.com.br\/artigos\/juros\/\" rel=\"noopener\">taxa de juros<\/a> por parte da Uni\u00e3o&#8221;, diz o ato.<\/p>\n\n\n\t<p>\n\t\t<a href=\"https:\/\/lp.suno.com.br\/ebook-gratuito-investindo-no-exterior\/\" target=\"_blank\" data-element=\"shortcode-suno-banner\" title=\"Banner SUNO, clique e saiba mais\">\n\t\t\t<picture>\n\t\t\t\t<source media=\"(max-width: 500px)\" srcset=\"https:\/\/files.sunoresearch.com.br\/n\/uploads\/2023\/03\/400x300-Investindo-no-exterior.png\">\n\t\t\t\t<img class=\"newsContent__article__imgCapa newsContent__article__imgCapa--banner\"\n\t\t\t\t\tsrc=\"https:\/\/files.sunoresearch.com.br\/n\/uploads\/2023\/03\/1420x240-Investindo-no-exterior.png\"\n\t\t\t\t\tdata-promo-id=\"383161\"\t\t\t\t\t\t\t\t\t\twidth='1420' height='240'\t\t\t\t\talt=\"https:\/\/files.sunoresearch.com.br\/n\/uploads\/2023\/03\/1420x240-Investindo-no-exterior.png\"\n\t\t\t\t>\n\t\t\t<\/picture>\n\t\t<\/a>\n\t<\/p>\n\n\n\n\n\n<h2 class=\"wp-block-heading\">Minist\u00e9rio ainda far\u00e1 outra portaria para o Desenrola<\/h2>\n\n\n\n<p>A portaria de hoje prev\u00ea que a Fazenda editar\u00e1 ainda outra portaria para regulamentar outros aspectos da opera\u00e7\u00e3o do programa, dentre eles o valor a ser cobrado dos credores pelos agentes financeiros a t\u00edtulo de ressarcimento pelos custos da presta\u00e7\u00e3o do servi\u00e7o de financiamento e o limite de garantia do FGO, por devedor, considerado o somat\u00f3rio das d\u00edvidas financiadas.<\/p>\n\n\n\n<p>Segundo o secret\u00e1rio Marcos Barbosa, ap\u00f3s esta portaria, est\u00e1 previsto para o m\u00eas que vem o cadastro dos credores e das d\u00edvidas no sistema. <\/p>\n\n\n\n<p>O leil\u00e3o de descontos entre os credores, que vai definir quais deles v\u00e3o participar de fato do programa, deve ocorrer s\u00f3 em agosto. E, em setembro, os devedores j\u00e1 devem ter acesso \u00e0 plataforma do <strong>Desenrola<\/strong> para renegociar suas d\u00edvidas.<\/p>\n\n\n\n<p>Com Estad\u00e3o Conte\u00fado<\/p>\n\n\n\t<p>\n\t\t<a href=\"https:\/\/lp.suno.com.br\/suno-one\/?utm_campaign=_SNC6964518A_\" target=\"_blank\" data-element=\"shortcode-suno-banner\" title=\"Banner SUNO, clique e saiba mais\">\n\t\t\t<picture>\n\t\t\t\t<source media=\"(max-width: 500px)\" srcset=\"https:\/\/files.sunoresearch.com.br\/n\/uploads\/2025\/09\/400x300-Suno-One-png.webp\">\n\t\t\t\t<img class=\"newsContent__article__imgCapa newsContent__article__imgCapa--banner\"\n\t\t\t\t\tsrc=\"https:\/\/files.sunoresearch.com.br\/n\/uploads\/2025\/09\/1420x240-Suno-One-png.webp\"\n\t\t\t\t\tdata-promo-id=\"383121\"\t\t\t\t\t\t\t\t\t\twidth='1420' height='240'\t\t\t\t\talt=\"https:\/\/files.sunoresearch.com.br\/n\/uploads\/2025\/09\/1420x240-Suno-One-png.webp\"\n\t\t\t\t>\n\t\t\t<\/picture>\n\t\t<\/a>\n\t<\/p>\n\n\n","protected":false},"excerpt":{"rendered":"<p>O Minist\u00e9rio da Fazenda definiu requisitos, condi\u00e7\u00f5es e procedimentos para ades\u00e3o ao Programa Emergencial de Renegocia\u00e7\u00e3o de D\u00edvidas de Pessoas F\u00edsicas Inadimplentes, o Desenrola Brasil, e para a operacionaliza\u00e7\u00e3o do programa. Fernando Haddad, ministro da Fazenda. Foto: CNN Brasil As regras constam de portaria publicada no Di\u00e1rio Oficial da Uni\u00e3o (DOU) desta quarta-feira (28). A [&hellip;]<\/p>\n","protected":false},"author":73,"featured_media":375286,"comment_status":"closed","ping_status":"closed","sticky":false,"template":"","format":"standard","meta":[],"categories":[61],"tags":[106444,824],"suno_strategy":[],"class_list":["post-422372","post","type-post","status-publish","format-standard","has-post-thumbnail","hentry","category-politica","tag-agencias","tag-ministerio-fazenda"],"yoast_head":"<!-- This site is optimized with the Yoast SEO plugin v24.4 - https:\/\/yoast.com\/wordpress\/plugins\/seo\/ -->\n<title>Desenrola: Fazenda publica requisitos e procedimentos para ades\u00e3o<\/title>\n<meta name=\"description\" content=\"A portaria \u00e9 um passo importante da iniciativa, pois traz as diretrizes para o andamento da constru\u00e7\u00e3o da plataforma tecnol\u00f3gica do Desenrola\" \/>\n<meta name=\"robots\" content=\"index, follow, max-snippet:-1, max-image-preview:large, max-video-preview:-1\" \/>\n<link rel=\"canonical\" href=\"https:\/\/www.suno.com.br\/noticias\/desenrola-fazenda-ministerio-requisitos-adesao-programa\/\" \/>\n<meta property=\"og:locale\" content=\"pt_BR\" \/>\n<meta property=\"og:type\" content=\"article\" \/>\n<meta property=\"og:title\" content=\"Desenrola: Fazenda publica requisitos e procedimentos para ades\u00e3o\" \/>\n<meta property=\"og:description\" content=\"A portaria \u00e9 um passo importante da iniciativa, pois traz as diretrizes para o andamento da constru\u00e7\u00e3o da plataforma tecnol\u00f3gica do Desenrola\" \/>\n<meta property=\"og:url\" content=\"https:\/\/www.suno.com.br\/noticias\/desenrola-fazenda-ministerio-requisitos-adesao-programa\/\" \/>\n<meta property=\"og:site_name\" content=\"Suno Not\u00edcias\" \/>\n<meta property=\"article:publisher\" content=\"https:\/\/facebook.com\/sunoresearch\" \/>\n<meta property=\"og:image\" content=\"https:\/\/files.sunoresearch.com.br\/n\/uploads\/2023\/03\/fernando-haddad-entrevista-reforma-tributaria-foto-cnnbrasil.jpg\" \/>\n\t<meta property=\"og:image:width\" content=\"1200\" \/>\n\t<meta property=\"og:image:height\" content=\"675\" \/>\n\t<meta property=\"og:image:type\" content=\"image\/jpeg\" \/>\n<meta name=\"author\" content=\"Eduardo Vargas\" \/>\n<meta name=\"twitter:card\" content=\"summary_large_image\" \/>\n<meta name=\"twitter:creator\" content=\"@sunoresearch\" \/>\n<meta name=\"twitter:site\" content=\"@sunoresearch\" \/>\n<meta name=\"twitter:label1\" content=\"Escrito por\" \/>\n\t<meta name=\"twitter:data1\" content=\"Eduardo Vargas\" \/>\n\t<meta name=\"twitter:label2\" content=\"Est. tempo de leitura\" \/>\n\t<meta name=\"twitter:data2\" content=\"4 minutos\" \/>\n<script type=\"application\/ld+json\" class=\"yoast-schema-graph\">{\"@context\":\"https:\/\/schema.org\",\"@graph\":[{\"@type\":\"NewsArticle\",\"@id\":\"https:\/\/www.suno.com.br\/noticias\/desenrola-fazenda-ministerio-requisitos-adesao-programa\/#article\",\"isPartOf\":{\"@id\":\"https:\/\/www.suno.com.br\/noticias\/desenrola-fazenda-ministerio-requisitos-adesao-programa\/\"},\"author\":{\"name\":\"Eduardo Vargas\",\"@id\":\"https:\/\/www.suno.com.br\/noticias\/#\/schema\/person\/7f4d362bf3518e76090143ae77bb49a5\"},\"headline\":\"Desenrola: Fazenda publica requisitos e procedimentos para ades\u00e3o\",\"datePublished\":\"2023-06-28T17:18:08+00:00\",\"dateModified\":\"2023-06-28T17:18:13+00:00\",\"mainEntityOfPage\":{\"@id\":\"https:\/\/www.suno.com.br\/noticias\/desenrola-fazenda-ministerio-requisitos-adesao-programa\/\"},\"wordCount\":654,\"publisher\":{\"@id\":\"https:\/\/www.suno.com.br\/noticias\/#organization\"},\"image\":{\"@id\":\"https:\/\/www.suno.com.br\/noticias\/desenrola-fazenda-ministerio-requisitos-adesao-programa\/#primaryimage\"},\"thumbnailUrl\":\"https:\/\/files.sunoresearch.com.br\/n\/uploads\/2023\/03\/fernando-haddad-entrevista-reforma-tributaria-foto-cnnbrasil.jpg\",\"keywords\":[\"Ag\u00eancias\",\"Minist\u00e9rio da Fazenda\"],\"articleSection\":[\"Pol\u00edtica\"],\"inLanguage\":\"pt-BR\"},{\"@type\":\"WebPage\",\"@id\":\"https:\/\/www.suno.com.br\/noticias\/desenrola-fazenda-ministerio-requisitos-adesao-programa\/\",\"url\":\"https:\/\/www.suno.com.br\/noticias\/desenrola-fazenda-ministerio-requisitos-adesao-programa\/\",\"name\":\"Desenrola: Fazenda publica requisitos e procedimentos para ades\u00e3o\",\"isPartOf\":{\"@id\":\"https:\/\/www.suno.com.br\/noticias\/#website\"},\"primaryImageOfPage\":{\"@id\":\"https:\/\/www.suno.com.br\/noticias\/desenrola-fazenda-ministerio-requisitos-adesao-programa\/#primaryimage\"},\"image\":{\"@id\":\"https:\/\/www.suno.com.br\/noticias\/desenrola-fazenda-ministerio-requisitos-adesao-programa\/#primaryimage\"},\"thumbnailUrl\":\"https:\/\/files.sunoresearch.com.br\/n\/uploads\/2023\/03\/fernando-haddad-entrevista-reforma-tributaria-foto-cnnbrasil.jpg\",\"datePublished\":\"2023-06-28T17:18:08+00:00\",\"dateModified\":\"2023-06-28T17:18:13+00:00\",\"description\":\"A portaria \u00e9 um passo importante da iniciativa, pois traz as diretrizes para o andamento da constru\u00e7\u00e3o da plataforma tecnol\u00f3gica do Desenrola\",\"breadcrumb\":{\"@id\":\"https:\/\/www.suno.com.br\/noticias\/desenrola-fazenda-ministerio-requisitos-adesao-programa\/#breadcrumb\"},\"inLanguage\":\"pt-BR\",\"potentialAction\":[{\"@type\":\"ReadAction\",\"target\":[\"https:\/\/www.suno.com.br\/noticias\/desenrola-fazenda-ministerio-requisitos-adesao-programa\/\"]}]},{\"@type\":\"ImageObject\",\"inLanguage\":\"pt-BR\",\"@id\":\"https:\/\/www.suno.com.br\/noticias\/desenrola-fazenda-ministerio-requisitos-adesao-programa\/#primaryimage\",\"url\":\"https:\/\/files.sunoresearch.com.br\/n\/uploads\/2023\/03\/fernando-haddad-entrevista-reforma-tributaria-foto-cnnbrasil.jpg\",\"contentUrl\":\"https:\/\/files.sunoresearch.com.br\/n\/uploads\/2023\/03\/fernando-haddad-entrevista-reforma-tributaria-foto-cnnbrasil.jpg\",\"width\":1200,\"height\":675,\"caption\":\"Fernando Haddad, ministro da Fazenda. Foto: CNN Brasil\"},{\"@type\":\"BreadcrumbList\",\"@id\":\"https:\/\/www.suno.com.br\/noticias\/desenrola-fazenda-ministerio-requisitos-adesao-programa\/#breadcrumb\",\"itemListElement\":[{\"@type\":\"ListItem\",\"position\":1,\"name\":\"Not\u00edcias\",\"item\":\"https:\/\/www.suno.com.br\/noticias\/\"},{\"@type\":\"ListItem\",\"position\":2,\"name\":\"Pol\u00edtica\",\"item\":\"https:\/\/www.suno.com.br\/noticias\/politica\/\"},{\"@type\":\"ListItem\",\"position\":3,\"name\":\"Desenrola: Fazenda publica requisitos e procedimentos para ades\u00e3o\"}]},{\"@type\":\"WebSite\",\"@id\":\"https:\/\/www.suno.com.br\/noticias\/#website\",\"url\":\"https:\/\/www.suno.com.br\/noticias\/\",\"name\":\"Suno Not\u00edcias\",\"description\":\"Seu portal de informa\u00e7\u00e3o sobre o mundo dos investimentos\",\"publisher\":{\"@id\":\"https:\/\/www.suno.com.br\/noticias\/#organization\"},\"potentialAction\":[{\"@type\":\"SearchAction\",\"target\":{\"@type\":\"EntryPoint\",\"urlTemplate\":\"https:\/\/www.suno.com.br\/noticias\/?s={search_term_string}\"},\"query-input\":{\"@type\":\"PropertyValueSpecification\",\"valueRequired\":true,\"valueName\":\"search_term_string\"}}],\"inLanguage\":\"pt-BR\"},{\"@type\":\"Organization\",\"@id\":\"https:\/\/www.suno.com.br\/noticias\/#organization\",\"name\":\"Suno Not\u00edcias\",\"url\":\"https:\/\/www.suno.com.br\/noticias\/\",\"logo\":{\"@type\":\"ImageObject\",\"inLanguage\":\"pt-BR\",\"@id\":\"https:\/\/www.suno.com.br\/noticias\/#\/schema\/logo\/image\/\",\"url\":\"https:\/\/files.sunoresearch.com.br\/n\/uploads\/2021\/09\/suno-logo.png\",\"contentUrl\":\"https:\/\/files.sunoresearch.com.br\/n\/uploads\/2021\/09\/suno-logo.png\",\"width\":180,\"height\":180,\"caption\":\"Suno Not\u00edcias\"},\"image\":{\"@id\":\"https:\/\/www.suno.com.br\/noticias\/#\/schema\/logo\/image\/\"},\"sameAs\":[\"https:\/\/facebook.com\/sunoresearch\",\"https:\/\/x.com\/sunoresearch\",\"https:\/\/www.instagram.com\/suno\",\"https:\/\/www.linkedin.com\/company\/suno-research\/\",\"https:\/\/www.youtube.com\/c\/sunoresearch\"]},{\"@type\":\"Person\",\"@id\":\"https:\/\/www.suno.com.br\/noticias\/#\/schema\/person\/7f4d362bf3518e76090143ae77bb49a5\",\"name\":\"Eduardo Vargas\",\"image\":{\"@type\":\"ImageObject\",\"inLanguage\":\"pt-BR\",\"@id\":\"https:\/\/www.suno.com.br\/noticias\/#\/schema\/person\/image\/\",\"url\":\"https:\/\/secure.gravatar.com\/avatar\/dac340933427a22924c9f99d1eb2e3f2?s=96&r=g\",\"contentUrl\":\"https:\/\/secure.gravatar.com\/avatar\/dac340933427a22924c9f99d1eb2e3f2?s=96&r=g\",\"caption\":\"Eduardo Vargas\"},\"description\":\"Jornalista formado pela UFSC, cobre macroeconomia, neg\u00f3cios e startups para o Suno Not\u00edcias, escrevendo principalmente not\u00edcias sobre o mercado financeiro e a bolsa de valores. No YouTube e no Instagram, \u00e9 respons\u00e1vel pela produ\u00e7\u00e3o de Reels e Shorts do Suno Not\u00edcias. Anteriormente, trabalhou cobrindo economia e cotidiano no ND+ e para o ND, maior jornal impresso de Santa Catarina. Cursou um semestre letivo de Estudos de M\u00eddia na Universidad de Buenos Aires.\",\"url\":\"https:\/\/www.suno.com.br\/noticias\/author\/eduardo-vargas\/\"}]}<\/script>\n<!-- \/ Yoast SEO plugin. -->","yoast_head_json":{"title":"Desenrola: Fazenda publica requisitos e procedimentos para ades\u00e3o","description":"A portaria \u00e9 um passo importante da iniciativa, pois traz as diretrizes para o andamento da constru\u00e7\u00e3o da plataforma tecnol\u00f3gica do Desenrola","robots":{"index":"index","follow":"follow","max-snippet":"max-snippet:-1","max-image-preview":"max-image-preview:large","max-video-preview":"max-video-preview:-1"},"canonical":"https:\/\/www.suno.com.br\/noticias\/desenrola-fazenda-ministerio-requisitos-adesao-programa\/","og_locale":"pt_BR","og_type":"article","og_title":"Desenrola: Fazenda publica requisitos e procedimentos para ades\u00e3o","og_description":"A portaria \u00e9 um passo importante da iniciativa, pois traz as diretrizes para o andamento da constru\u00e7\u00e3o da plataforma tecnol\u00f3gica do Desenrola","og_url":"https:\/\/www.suno.com.br\/noticias\/desenrola-fazenda-ministerio-requisitos-adesao-programa\/","og_site_name":"Suno Not\u00edcias","article_publisher":"https:\/\/facebook.com\/sunoresearch","og_image":[{"width":1200,"height":675,"url":"https:\/\/files.sunoresearch.com.br\/n\/uploads\/2023\/03\/fernando-haddad-entrevista-reforma-tributaria-foto-cnnbrasil.jpg","type":"image\/jpeg"}],"author":"Eduardo Vargas","twitter_card":"summary_large_image","twitter_creator":"@sunoresearch","twitter_site":"@sunoresearch","twitter_misc":{"Escrito por":"Eduardo Vargas","Est. tempo de leitura":"4 minutos"},"schema":{"@context":"https:\/\/schema.org","@graph":[{"@type":"NewsArticle","@id":"https:\/\/www.suno.com.br\/noticias\/desenrola-fazenda-ministerio-requisitos-adesao-programa\/#article","isPartOf":{"@id":"https:\/\/www.suno.com.br\/noticias\/desenrola-fazenda-ministerio-requisitos-adesao-programa\/"},"author":{"name":"Eduardo Vargas","@id":"https:\/\/www.suno.com.br\/noticias\/#\/schema\/person\/7f4d362bf3518e76090143ae77bb49a5"},"headline":"Desenrola: Fazenda publica requisitos e procedimentos para ades\u00e3o","datePublished":"2023-06-28T17:18:08+00:00","dateModified":"2023-06-28T17:18:13+00:00","mainEntityOfPage":{"@id":"https:\/\/www.suno.com.br\/noticias\/desenrola-fazenda-ministerio-requisitos-adesao-programa\/"},"wordCount":654,"publisher":{"@id":"https:\/\/www.suno.com.br\/noticias\/#organization"},"image":{"@id":"https:\/\/www.suno.com.br\/noticias\/desenrola-fazenda-ministerio-requisitos-adesao-programa\/#primaryimage"},"thumbnailUrl":"https:\/\/files.sunoresearch.com.br\/n\/uploads\/2023\/03\/fernando-haddad-entrevista-reforma-tributaria-foto-cnnbrasil.jpg","keywords":["Ag\u00eancias","Minist\u00e9rio da Fazenda"],"articleSection":["Pol\u00edtica"],"inLanguage":"pt-BR"},{"@type":"WebPage","@id":"https:\/\/www.suno.com.br\/noticias\/desenrola-fazenda-ministerio-requisitos-adesao-programa\/","url":"https:\/\/www.suno.com.br\/noticias\/desenrola-fazenda-ministerio-requisitos-adesao-programa\/","name":"Desenrola: Fazenda publica requisitos e procedimentos para ades\u00e3o","isPartOf":{"@id":"https:\/\/www.suno.com.br\/noticias\/#website"},"primaryImageOfPage":{"@id":"https:\/\/www.suno.com.br\/noticias\/desenrola-fazenda-ministerio-requisitos-adesao-programa\/#primaryimage"},"image":{"@id":"https:\/\/www.suno.com.br\/noticias\/desenrola-fazenda-ministerio-requisitos-adesao-programa\/#primaryimage"},"thumbnailUrl":"https:\/\/files.sunoresearch.com.br\/n\/uploads\/2023\/03\/fernando-haddad-entrevista-reforma-tributaria-foto-cnnbrasil.jpg","datePublished":"2023-06-28T17:18:08+00:00","dateModified":"2023-06-28T17:18:13+00:00","description":"A portaria \u00e9 um passo importante da iniciativa, pois traz as diretrizes para o andamento da constru\u00e7\u00e3o da plataforma tecnol\u00f3gica do Desenrola","breadcrumb":{"@id":"https:\/\/www.suno.com.br\/noticias\/desenrola-fazenda-ministerio-requisitos-adesao-programa\/#breadcrumb"},"inLanguage":"pt-BR","potentialAction":[{"@type":"ReadAction","target":["https:\/\/www.suno.com.br\/noticias\/desenrola-fazenda-ministerio-requisitos-adesao-programa\/"]}]},{"@type":"ImageObject","inLanguage":"pt-BR","@id":"https:\/\/www.suno.com.br\/noticias\/desenrola-fazenda-ministerio-requisitos-adesao-programa\/#primaryimage","url":"https:\/\/files.sunoresearch.com.br\/n\/uploads\/2023\/03\/fernando-haddad-entrevista-reforma-tributaria-foto-cnnbrasil.jpg","contentUrl":"https:\/\/files.sunoresearch.com.br\/n\/uploads\/2023\/03\/fernando-haddad-entrevista-reforma-tributaria-foto-cnnbrasil.jpg","width":1200,"height":675,"caption":"Fernando Haddad, ministro da Fazenda. Foto: CNN Brasil"},{"@type":"BreadcrumbList","@id":"https:\/\/www.suno.com.br\/noticias\/desenrola-fazenda-ministerio-requisitos-adesao-programa\/#breadcrumb","itemListElement":[{"@type":"ListItem","position":1,"name":"Not\u00edcias","item":"https:\/\/www.suno.com.br\/noticias\/"},{"@type":"ListItem","position":2,"name":"Pol\u00edtica","item":"https:\/\/www.suno.com.br\/noticias\/politica\/"},{"@type":"ListItem","position":3,"name":"Desenrola: Fazenda publica requisitos e procedimentos para ades\u00e3o"}]},{"@type":"WebSite","@id":"https:\/\/www.suno.com.br\/noticias\/#website","url":"https:\/\/www.suno.com.br\/noticias\/","name":"Suno Not\u00edcias","description":"Seu portal de informa\u00e7\u00e3o sobre o mundo dos investimentos","publisher":{"@id":"https:\/\/www.suno.com.br\/noticias\/#organization"},"potentialAction":[{"@type":"SearchAction","target":{"@type":"EntryPoint","urlTemplate":"https:\/\/www.suno.com.br\/noticias\/?s={search_term_string}"},"query-input":{"@type":"PropertyValueSpecification","valueRequired":true,"valueName":"search_term_string"}}],"inLanguage":"pt-BR"},{"@type":"Organization","@id":"https:\/\/www.suno.com.br\/noticias\/#organization","name":"Suno Not\u00edcias","url":"https:\/\/www.suno.com.br\/noticias\/","logo":{"@type":"ImageObject","inLanguage":"pt-BR","@id":"https:\/\/www.suno.com.br\/noticias\/#\/schema\/logo\/image\/","url":"https:\/\/files.sunoresearch.com.br\/n\/uploads\/2021\/09\/suno-logo.png","contentUrl":"https:\/\/files.sunoresearch.com.br\/n\/uploads\/2021\/09\/suno-logo.png","width":180,"height":180,"caption":"Suno Not\u00edcias"},"image":{"@id":"https:\/\/www.suno.com.br\/noticias\/#\/schema\/logo\/image\/"},"sameAs":["https:\/\/facebook.com\/sunoresearch","https:\/\/x.com\/sunoresearch","https:\/\/www.instagram.com\/suno","https:\/\/www.linkedin.com\/company\/suno-research\/","https:\/\/www.youtube.com\/c\/sunoresearch"]},{"@type":"Person","@id":"https:\/\/www.suno.com.br\/noticias\/#\/schema\/person\/7f4d362bf3518e76090143ae77bb49a5","name":"Eduardo Vargas","image":{"@type":"ImageObject","inLanguage":"pt-BR","@id":"https:\/\/www.suno.com.br\/noticias\/#\/schema\/person\/image\/","url":"https:\/\/secure.gravatar.com\/avatar\/dac340933427a22924c9f99d1eb2e3f2?s=96&r=g","contentUrl":"https:\/\/secure.gravatar.com\/avatar\/dac340933427a22924c9f99d1eb2e3f2?s=96&r=g","caption":"Eduardo Vargas"},"description":"Jornalista formado pela UFSC, cobre macroeconomia, neg\u00f3cios e startups para o Suno Not\u00edcias, escrevendo principalmente not\u00edcias sobre o mercado financeiro e a bolsa de valores. No YouTube e no Instagram, \u00e9 respons\u00e1vel pela produ\u00e7\u00e3o de Reels e Shorts do Suno Not\u00edcias. Anteriormente, trabalhou cobrindo economia e cotidiano no ND+ e para o ND, maior jornal impresso de Santa Catarina. Cursou um semestre letivo de Estudos de M\u00eddia na Universidad de Buenos Aires.","url":"https:\/\/www.suno.com.br\/noticias\/author\/eduardo-vargas\/"}]}},"default_loop_html":"<div class=\"cardsPage__listCard__boxs\"><div class=\"cardsPage__listCard__boxs__img\"><a href=\"https:\/\/www.suno.com.br\/noticias\/desenrola-fazenda-ministerio-requisitos-adesao-programa\/\"><img class=\"mask\" src=\"https:\/\/www.suno.com.br\/noticias\/wp-content\/themes\/suno\/resources\/images\/spotlight\/spotlight1img\/bg-mask.png\" alt=\"Image Mask\"\/><img src=\"https:\/\/files.sunoresearch.com.br\/n\/uploads\/2023\/03\/fernando-haddad-entrevista-reforma-tributaria-foto-cnnbrasil-400x200.jpg\" alt=\"Desenrola: Fazenda publica requisitos e procedimentos para ades\u00e3o\"\/><\/a><span class=\"spotlightCategory\"><a href=\"https:\/\/www.suno.com.br\/noticias\/politica\/\">Pol\u00edtica<\/a><\/span><\/div><div class=\"cardsPage__listCard__boxs__content\"><a href=\"https:\/\/www.suno.com.br\/noticias\/desenrola-fazenda-ministerio-requisitos-adesao-programa\/\"><h2 class=\"content__title\">Desenrola: Fazenda publica requisitos e procedimentos para ades\u00e3o<\/h2><\/a><div class=\"newsContent__article__meta\"><div class=\"newsContent__article__meta__authorBox\"><a href=\"https:\/\/www.suno.com.br\/noticias\/author\/eduardo-vargas\/\" class=\"authorBox__avatar noMobi\"><img src=\"https:\/\/secure.gravatar.com\/avatar\/dac340933427a22924c9f99d1eb2e3f2?s=96&#038;r=g\" alt=\"Eduardo Vargas\"><\/a><div class=\"authorBox__name\"><span>por\n\t\t\t<a href=\"https:\/\/www.suno.com.br\/noticias\/author\/eduardo-vargas\/\"><span itemprop=\"author\">Eduardo Vargas<\/span><\/a><\/span><time datetime=\"2023-06-28T14:18:08-03:00\" itemprop=\"datePublished\">28\/06\/2023 14:18<\/time><\/div><\/div><\/div><\/div><\/div>","single_layout":"posts","amp_enabled":true,"_links":{"self":[{"href":"https:\/\/www.suno.com.br\/noticias\/wp-json\/wp\/v2\/posts\/422372"}],"collection":[{"href":"https:\/\/www.suno.com.br\/noticias\/wp-json\/wp\/v2\/posts"}],"about":[{"href":"https:\/\/www.suno.com.br\/noticias\/wp-json\/wp\/v2\/types\/post"}],"author":[{"embeddable":true,"href":"https:\/\/www.suno.com.br\/noticias\/wp-json\/wp\/v2\/users\/73"}],"replies":[{"embeddable":true,"href":"https:\/\/www.suno.com.br\/noticias\/wp-json\/wp\/v2\/comments?post=422372"}],"version-history":[{"count":3,"href":"https:\/\/www.suno.com.br\/noticias\/wp-json\/wp\/v2\/posts\/422372\/revisions"}],"predecessor-version":[{"id":422496,"href":"https:\/\/www.suno.com.br\/noticias\/wp-json\/wp\/v2\/posts\/422372\/revisions\/422496"}],"wp:featuredmedia":[{"embeddable":true,"href":"https:\/\/www.suno.com.br\/noticias\/wp-json\/wp\/v2\/media\/375286"}],"wp:attachment":[{"href":"https:\/\/www.suno.com.br\/noticias\/wp-json\/wp\/v2\/media?parent=422372"}],"wp:term":[{"taxonomy":"category","embeddable":true,"href":"https:\/\/www.suno.com.br\/noticias\/wp-json\/wp\/v2\/categories?post=422372"},{"taxonomy":"post_tag","embeddable":true,"href":"https:\/\/www.suno.com.br\/noticias\/wp-json\/wp\/v2\/tags?post=422372"},{"taxonomy":"suno_strategy","embeddable":true,"href":"https:\/\/www.suno.com.br\/noticias\/wp-json\/wp\/v2\/suno_strategy?post=422372"}],"curies":[{"name":"wp","href":"https:\/\/api.w.org\/{rel}","templated":true}]}}