{"id":422287,"date":"2023-06-28T08:47:17","date_gmt":"2023-06-28T11:47:17","guid":{"rendered":"https:\/\/www.suno.com.br\/noticias\/?p=422287"},"modified":"2023-06-28T08:47:22","modified_gmt":"2023-06-28T11:47:22","slug":"meta-de-inflacao-bce-europa","status":"publish","type":"post","link":"https:\/\/www.suno.com.br\/noticias\/meta-de-inflacao-bce-europa\/","title":{"rendered":"Meta de infla\u00e7\u00e3o levar\u00e1 anos para ser atingida, diz economista-chefe do BCE"},"content":{"rendered":"<p>O economista-chefe do <a class=\"suno-keyword\" data-force=\"no\" data-priority=\"1\" href=\"https:\/\/www.suno.com.br\/artigos\/bce\/\" target=\"_blank\" rel=\"noopener\">Banco Central Europeu (BCE)<\/a>, Philip Lane, afirmou que a institui\u00e7\u00e3o levar\u00e1 alguns anos para atingir a <a class=\"suno-keyword\" data-force=\"no\" data-priority=\"1\" href=\"https:\/\/www.suno.com.br\/artigos\/meta-de-inflacao\/\" target=\"_blank\" rel=\"noopener\"><strong>meta de infla\u00e7\u00e3o<\/strong><\/a> de 2%, ainda que haja &#8220;bom progresso&#8221; em 2023. <\/p>\t<div class=\"wrapper-featured-image\">\n\t\t<figure class=\"spotlightImg\">\n\n\t\t\t<picture>\n\t\t\t\t<source media=\"(max-width: 768px)\" srcset=\"https:\/\/files.sunoresearch.com.br\/n\/uploads\/2020\/09\/73df54de-naom_5ab11cdce61c3-400x200.webp\">\n\t\t\t\t<img loading=\"lazy\" decoding=\"async\" class=\"newsContent__article__imgCapa lazyloadDisabled \" src=\"https:\/\/files.sunoresearch.com.br\/n\/uploads\/2020\/09\/73df54de-naom_5ab11cdce61c3-800x450.webp\" width=\"800\" height=\"450\" alt=\"Meta de infla\u00e7\u00e3o levar\u00e1 anos para ser atingida, diz economista-chefe do BCE\" fetchpriority=high \/>\n\t\t\t<\/picture>\n\n\t\t\t<figcaption class=\"wp-caption-text wp-caption-text--show\">O BCE concedeu mais uma rodada de al\u00edvio de capital para que as institui\u00e7\u00f5es financeiras mantenham o fluxo de cr\u00e9dito. <\/figcaption>\n\t\t<\/figure>\n\t<\/div>\n\n\n\n\n\n\t<p>\n\t\t<a href=\"https:\/\/lp.suno.com.br\/ebook-como-analisar-uma-acao\/\" target=\"_blank\" data-element=\"shortcode-suno-banner\" title=\"Banner SUNO, clique e saiba mais\">\n\t\t\t<picture>\n\t\t\t\t<source media=\"(max-width: 500px)\" srcset=\"https:\/\/files.sunoresearch.com.br\/n\/uploads\/2023\/03\/Ebook-Acoes-Mobile.jpg\">\n\t\t\t\t<img class=\"newsContent__article__imgCapa newsContent__article__imgCapa--banner\"\n\t\t\t\t\tsrc=\"https:\/\/files.sunoresearch.com.br\/n\/uploads\/2023\/03\/Ebook-Acoes-Desktop.jpg\"\n\t\t\t\t\tdata-promo-id=\"378302\"\t\t\t\t\t\t\t\t\t\twidth='1420' height='286'\t\t\t\t\talt=\"https:\/\/files.sunoresearch.com.br\/n\/uploads\/2023\/03\/Ebook-Acoes-Desktop.jpg\"\n\t\t\t\t>\n\t\t\t<\/picture>\n\t\t<\/a>\n\t<\/p>\n\n\n\n\n\n\n\n<p>&#8220;H\u00e1 um longo caminho a percorrer de onde estamos agora at\u00e9 nossas metas. Segundo nossa previs\u00e3o, levar\u00e1 alguns anos&#8221;, afirmou sobre a meta de infla\u00e7\u00e3o, em entrevista \u00e0 CNBC.<\/p>\n\n\n\n<p>Lane refor\u00e7ou que o <strong>BCE <\/strong>est\u00e1 em uma &#8220;fase de ajustes&#8221;, em um processo gradual para o controle de pre\u00e7os. <\/p>\n\n\n\n<p>&#8220;Queremos ter certeza que n\u00e3o leve tempo demais ou que [a <strong>infla\u00e7\u00e3o<\/strong>] fique incorporada indefinidamente&#8221;, disse, acrescentando ser um motivo da necessidade de manter a <a class=\"suno-keyword\" data-force=\"no\" data-priority=\"1\" href=\"https:\/\/www.suno.com.br\/artigos\/politica-monetaria\/\" target=\"_blank\" rel=\"noopener\">pol\u00edtica monet\u00e1ria<\/a> restritiva por mais tempo. <\/p>\n\n\n\n<p>&#8220;Teremos um per\u00edodo em que as taxas precisam se manter restritivas para garantir que nenhum choque novo nos afaste dos 2%.&#8221;<\/p>\n\n\n\n<p>O economista-chefe, assim como outros integrantes do BCE, participa esta semana de um f\u00f3rum da institui\u00e7\u00e3o em Sintra, Portugal.<\/p>\n\n\n\t<p>\n\t\t<a href=\"https:\/\/lp.suno.com.br\/ebook-gratuito-investindo-no-exterior\/\" target=\"_blank\" data-element=\"shortcode-suno-banner\" title=\"Banner SUNO, clique e saiba mais\">\n\t\t\t<picture>\n\t\t\t\t<source media=\"(max-width: 500px)\" srcset=\"https:\/\/files.sunoresearch.com.br\/n\/uploads\/2023\/03\/400x300-Investindo-no-exterior.png\">\n\t\t\t\t<img class=\"newsContent__article__imgCapa newsContent__article__imgCapa--banner\"\n\t\t\t\t\tsrc=\"https:\/\/files.sunoresearch.com.br\/n\/uploads\/2023\/03\/1420x240-Investindo-no-exterior.png\"\n\t\t\t\t\tdata-promo-id=\"383161\"\t\t\t\t\t\t\t\t\t\twidth='1420' height='240'\t\t\t\t\talt=\"https:\/\/files.sunoresearch.com.br\/n\/uploads\/2023\/03\/1420x240-Investindo-no-exterior.png\"\n\t\t\t\t>\n\t\t\t<\/picture>\n\t\t<\/a>\n\t<\/p>\n\n\n\n\n\n<h2 class=\"wp-block-heading\">BCE: aumento de juros em julho j\u00e1 foi decidido<\/h2>\n\n\n\n<p>O vice-presidente do BCE, Luis de Guindos, afirmou que o aumento de juros em julho j\u00e1 est\u00e1 &#8220;decidido&#8221;. &#8220;N\u00e3o \u00e9 uma indica\u00e7\u00e3o, est\u00e1 claro&#8221;, ressaltou ele, em entrevista \u00e0 <i>Bloomberg<\/i>.<\/p>\n\n\n\n<p>Guindos ainda comentou que a decis\u00e3o monet\u00e1ria de setembro est\u00e1 em aberto e &#8220;ser\u00e1 dependente de dados&#8221;. <\/p>\n\n\n\n<p>Segundo o dirigente, \u00e9 necess\u00e1rio estudar os efeitos atrasados da <strong><a class=\"suno-keyword\" data-force=\"no\" data-priority=\"1\" href=\"https:\/\/www.suno.com.br\/artigos\/politica-monetaria\/\" target=\"_blank\" rel=\"noopener\">pol\u00edtica monet\u00e1ria<\/a> <\/strong>sobre a economia, tendo em vista o aperto no cr\u00e9dito, proje\u00e7\u00f5es econ\u00f4micas e tend\u00eancia do n\u00facleo da infla\u00e7\u00e3o.<\/p>\n\n\n\n<p>&#8220;N\u00e3o me preocupo sobre estagfla\u00e7\u00e3o, mas nossas proje\u00e7\u00f5es consideram riscos de fraqueza na atividade econ\u00f4mica e dados n\u00e3o t\u00eam sido bons. Desacelera\u00e7\u00e3o econ\u00f4mica deve ganhar forma nos pr\u00f3ximos meses&#8221;, destacou <strong>Guindos<\/strong>.<\/p>\n\n\n\n<p>Contudo, ele tamb\u00e9m descartou a possibilidade de cortes nos juros b\u00e1sicos at\u00e9 que a infla\u00e7\u00e3o seja controlada no bloco. &#8220;o n\u00facleo da infla\u00e7\u00e3o pode ser mais persistente do que esperamos&#8221;, avalia o dirigente.<\/p>\n\n\n\n<p>Entre os fatores que podem pressionar os pre\u00e7os, Guindos aponta o mercado de trabalho forte e resiliente. Ele afirma que ainda n\u00e3o existe uma &#8220;espiral de alta&#8221; nos sal\u00e1rios pagos, por\u00e9m, que o bloco n\u00e3o estaria longe desta realidade.<\/p>\n\n\n\n<p>Com Estad\u00e3o Conte\u00fado<\/p>\n\n\n\t<p>\n\t\t<a href=\"https:\/\/lp.suno.com.br\/suno-one\/?utm_campaign=_SNC6964518A_\" target=\"_blank\" data-element=\"shortcode-suno-banner\" title=\"Banner SUNO, clique e saiba mais\">\n\t\t\t<picture>\n\t\t\t\t<source media=\"(max-width: 500px)\" srcset=\"https:\/\/files.sunoresearch.com.br\/n\/uploads\/2025\/09\/400x300-Suno-One-png.webp\">\n\t\t\t\t<img class=\"newsContent__article__imgCapa newsContent__article__imgCapa--banner\"\n\t\t\t\t\tsrc=\"https:\/\/files.sunoresearch.com.br\/n\/uploads\/2025\/09\/1420x240-Suno-One-png.webp\"\n\t\t\t\t\tdata-promo-id=\"383121\"\t\t\t\t\t\t\t\t\t\twidth='1420' height='240'\t\t\t\t\talt=\"https:\/\/files.sunoresearch.com.br\/n\/uploads\/2025\/09\/1420x240-Suno-One-png.webp\"\n\t\t\t\t>\n\t\t\t<\/picture>\n\t\t<\/a>\n\t<\/p>\n\n\n","protected":false},"excerpt":{"rendered":"<p>O economista-chefe do Banco Central Europeu (BCE), Philip Lane, afirmou que a institui\u00e7\u00e3o levar\u00e1 alguns anos para atingir a meta de infla\u00e7\u00e3o de 2%, ainda que haja &#8220;bom progresso&#8221; em 2023. O BCE concedeu mais uma rodada de al\u00edvio de capital para que as institui\u00e7\u00f5es financeiras mantenham o fluxo de cr\u00e9dito. &#8220;H\u00e1 um longo caminho [&hellip;]<\/p>\n","protected":false},"author":73,"featured_media":85311,"comment_status":"closed","ping_status":"closed","sticky":false,"template":"","format":"standard","meta":[],"categories":[63],"tags":[106444,863,2448],"suno_strategy":[],"class_list":["post-422287","post","type-post","status-publish","format-standard","has-post-thumbnail","hentry","category-internacional","tag-agencias","tag-banco-central-europeu-bce","tag-politica-monetaria"],"yoast_head":"<!-- This site is optimized with the Yoast SEO plugin v24.4 - https:\/\/yoast.com\/wordpress\/plugins\/seo\/ -->\n<title>Meta de infla\u00e7\u00e3o levar\u00e1 anos para ser atingida, diz economista do BCE<\/title>\n<meta name=\"description\" content=\"&quot;H\u00e1 um longo caminho a percorrer de onde estamos agora at\u00e9 nossas metas. Segundo nossa previs\u00e3o, levar\u00e1 anos&quot;, disse sobre a meta de infla\u00e7\u00e3o\" \/>\n<meta name=\"robots\" content=\"index, follow, max-snippet:-1, max-image-preview:large, max-video-preview:-1\" \/>\n<link rel=\"canonical\" href=\"https:\/\/www.suno.com.br\/noticias\/meta-de-inflacao-bce-europa\/\" \/>\n<meta property=\"og:locale\" content=\"pt_BR\" \/>\n<meta property=\"og:type\" content=\"article\" \/>\n<meta property=\"og:title\" content=\"Meta de infla\u00e7\u00e3o levar\u00e1 anos para ser atingida, diz economista do BCE\" \/>\n<meta property=\"og:description\" content=\"&quot;H\u00e1 um longo caminho a percorrer de onde estamos agora at\u00e9 nossas metas. Segundo nossa previs\u00e3o, levar\u00e1 anos&quot;, disse sobre a meta de infla\u00e7\u00e3o\" \/>\n<meta property=\"og:url\" content=\"https:\/\/www.suno.com.br\/noticias\/meta-de-inflacao-bce-europa\/\" \/>\n<meta property=\"og:site_name\" content=\"Suno Not\u00edcias\" \/>\n<meta property=\"article:publisher\" content=\"https:\/\/facebook.com\/sunoresearch\" \/>\n<meta property=\"og:image\" content=\"https:\/\/files.sunoresearch.com.br\/n\/uploads\/2020\/09\/73df54de-naom_5ab11cdce61c3.jpg\" \/>\n\t<meta property=\"og:image:width\" content=\"1920\" \/>\n\t<meta property=\"og:image:height\" content=\"1080\" \/>\n\t<meta property=\"og:image:type\" content=\"image\/jpeg\" \/>\n<meta name=\"author\" content=\"Eduardo Vargas\" \/>\n<meta name=\"twitter:card\" content=\"summary_large_image\" \/>\n<meta name=\"twitter:creator\" content=\"@sunoresearch\" \/>\n<meta name=\"twitter:site\" content=\"@sunoresearch\" \/>\n<meta name=\"twitter:label1\" content=\"Escrito por\" \/>\n\t<meta name=\"twitter:data1\" content=\"Eduardo Vargas\" \/>\n\t<meta name=\"twitter:label2\" content=\"Est. tempo de leitura\" \/>\n\t<meta name=\"twitter:data2\" content=\"2 minutos\" \/>\n<script type=\"application\/ld+json\" class=\"yoast-schema-graph\">{\"@context\":\"https:\/\/schema.org\",\"@graph\":[{\"@type\":\"NewsArticle\",\"@id\":\"https:\/\/www.suno.com.br\/noticias\/meta-de-inflacao-bce-europa\/#article\",\"isPartOf\":{\"@id\":\"https:\/\/www.suno.com.br\/noticias\/meta-de-inflacao-bce-europa\/\"},\"author\":{\"name\":\"Eduardo Vargas\",\"@id\":\"https:\/\/www.suno.com.br\/noticias\/#\/schema\/person\/7f4d362bf3518e76090143ae77bb49a5\"},\"headline\":\"Meta de infla\u00e7\u00e3o levar\u00e1 anos para ser atingida, diz economista-chefe do BCE\",\"datePublished\":\"2023-06-28T11:47:17+00:00\",\"dateModified\":\"2023-06-28T11:47:22+00:00\",\"mainEntityOfPage\":{\"@id\":\"https:\/\/www.suno.com.br\/noticias\/meta-de-inflacao-bce-europa\/\"},\"wordCount\":405,\"publisher\":{\"@id\":\"https:\/\/www.suno.com.br\/noticias\/#organization\"},\"image\":{\"@id\":\"https:\/\/www.suno.com.br\/noticias\/meta-de-inflacao-bce-europa\/#primaryimage\"},\"thumbnailUrl\":\"https:\/\/files.sunoresearch.com.br\/n\/uploads\/2020\/09\/73df54de-naom_5ab11cdce61c3.jpg\",\"keywords\":[\"Ag\u00eancias\",\"Banco Central Europeu (BCE)\",\"pol\u00edtica monet\u00e1ria\"],\"articleSection\":[\"Internacional\"],\"inLanguage\":\"pt-BR\"},{\"@type\":\"WebPage\",\"@id\":\"https:\/\/www.suno.com.br\/noticias\/meta-de-inflacao-bce-europa\/\",\"url\":\"https:\/\/www.suno.com.br\/noticias\/meta-de-inflacao-bce-europa\/\",\"name\":\"Meta de infla\u00e7\u00e3o levar\u00e1 anos para ser atingida, diz economista do BCE\",\"isPartOf\":{\"@id\":\"https:\/\/www.suno.com.br\/noticias\/#website\"},\"primaryImageOfPage\":{\"@id\":\"https:\/\/www.suno.com.br\/noticias\/meta-de-inflacao-bce-europa\/#primaryimage\"},\"image\":{\"@id\":\"https:\/\/www.suno.com.br\/noticias\/meta-de-inflacao-bce-europa\/#primaryimage\"},\"thumbnailUrl\":\"https:\/\/files.sunoresearch.com.br\/n\/uploads\/2020\/09\/73df54de-naom_5ab11cdce61c3.jpg\",\"datePublished\":\"2023-06-28T11:47:17+00:00\",\"dateModified\":\"2023-06-28T11:47:22+00:00\",\"description\":\"\\\"H\u00e1 um longo caminho a percorrer de onde estamos agora at\u00e9 nossas metas. Segundo nossa previs\u00e3o, levar\u00e1 anos\\\", disse sobre a meta de infla\u00e7\u00e3o\",\"breadcrumb\":{\"@id\":\"https:\/\/www.suno.com.br\/noticias\/meta-de-inflacao-bce-europa\/#breadcrumb\"},\"inLanguage\":\"pt-BR\",\"potentialAction\":[{\"@type\":\"ReadAction\",\"target\":[\"https:\/\/www.suno.com.br\/noticias\/meta-de-inflacao-bce-europa\/\"]}]},{\"@type\":\"ImageObject\",\"inLanguage\":\"pt-BR\",\"@id\":\"https:\/\/www.suno.com.br\/noticias\/meta-de-inflacao-bce-europa\/#primaryimage\",\"url\":\"https:\/\/files.sunoresearch.com.br\/n\/uploads\/2020\/09\/73df54de-naom_5ab11cdce61c3.jpg\",\"contentUrl\":\"https:\/\/files.sunoresearch.com.br\/n\/uploads\/2020\/09\/73df54de-naom_5ab11cdce61c3.jpg\",\"width\":1920,\"height\":1080,\"caption\":\"O BCE concedeu mais uma rodada de al\u00edvio de capital para que as institui\u00e7\u00f5es financeiras mantenham o fluxo de cr\u00e9dito.\"},{\"@type\":\"BreadcrumbList\",\"@id\":\"https:\/\/www.suno.com.br\/noticias\/meta-de-inflacao-bce-europa\/#breadcrumb\",\"itemListElement\":[{\"@type\":\"ListItem\",\"position\":1,\"name\":\"Not\u00edcias\",\"item\":\"https:\/\/www.suno.com.br\/noticias\/\"},{\"@type\":\"ListItem\",\"position\":2,\"name\":\"Internacional\",\"item\":\"https:\/\/www.suno.com.br\/noticias\/internacional\/\"},{\"@type\":\"ListItem\",\"position\":3,\"name\":\"Meta de infla\u00e7\u00e3o levar\u00e1 anos para ser atingida, diz economista-chefe do BCE\"}]},{\"@type\":\"WebSite\",\"@id\":\"https:\/\/www.suno.com.br\/noticias\/#website\",\"url\":\"https:\/\/www.suno.com.br\/noticias\/\",\"name\":\"Suno Not\u00edcias\",\"description\":\"Seu portal de informa\u00e7\u00e3o sobre o mundo dos investimentos\",\"publisher\":{\"@id\":\"https:\/\/www.suno.com.br\/noticias\/#organization\"},\"potentialAction\":[{\"@type\":\"SearchAction\",\"target\":{\"@type\":\"EntryPoint\",\"urlTemplate\":\"https:\/\/www.suno.com.br\/noticias\/?s={search_term_string}\"},\"query-input\":{\"@type\":\"PropertyValueSpecification\",\"valueRequired\":true,\"valueName\":\"search_term_string\"}}],\"inLanguage\":\"pt-BR\"},{\"@type\":\"Organization\",\"@id\":\"https:\/\/www.suno.com.br\/noticias\/#organization\",\"name\":\"Suno Not\u00edcias\",\"url\":\"https:\/\/www.suno.com.br\/noticias\/\",\"logo\":{\"@type\":\"ImageObject\",\"inLanguage\":\"pt-BR\",\"@id\":\"https:\/\/www.suno.com.br\/noticias\/#\/schema\/logo\/image\/\",\"url\":\"https:\/\/files.sunoresearch.com.br\/n\/uploads\/2021\/09\/suno-logo.png\",\"contentUrl\":\"https:\/\/files.sunoresearch.com.br\/n\/uploads\/2021\/09\/suno-logo.png\",\"width\":180,\"height\":180,\"caption\":\"Suno Not\u00edcias\"},\"image\":{\"@id\":\"https:\/\/www.suno.com.br\/noticias\/#\/schema\/logo\/image\/\"},\"sameAs\":[\"https:\/\/facebook.com\/sunoresearch\",\"https:\/\/x.com\/sunoresearch\",\"https:\/\/www.instagram.com\/suno\",\"https:\/\/www.linkedin.com\/company\/suno-research\/\",\"https:\/\/www.youtube.com\/c\/sunoresearch\"]},{\"@type\":\"Person\",\"@id\":\"https:\/\/www.suno.com.br\/noticias\/#\/schema\/person\/7f4d362bf3518e76090143ae77bb49a5\",\"name\":\"Eduardo Vargas\",\"image\":{\"@type\":\"ImageObject\",\"inLanguage\":\"pt-BR\",\"@id\":\"https:\/\/www.suno.com.br\/noticias\/#\/schema\/person\/image\/\",\"url\":\"https:\/\/secure.gravatar.com\/avatar\/dac340933427a22924c9f99d1eb2e3f2?s=96&r=g\",\"contentUrl\":\"https:\/\/secure.gravatar.com\/avatar\/dac340933427a22924c9f99d1eb2e3f2?s=96&r=g\",\"caption\":\"Eduardo Vargas\"},\"description\":\"Jornalista formado pela UFSC, cobre macroeconomia, neg\u00f3cios e startups para o Suno Not\u00edcias, escrevendo principalmente not\u00edcias sobre o mercado financeiro e a bolsa de valores. No YouTube e no Instagram, \u00e9 respons\u00e1vel pela produ\u00e7\u00e3o de Reels e Shorts do Suno Not\u00edcias. Anteriormente, trabalhou cobrindo economia e cotidiano no ND+ e para o ND, maior jornal impresso de Santa Catarina. Cursou um semestre letivo de Estudos de M\u00eddia na Universidad de Buenos Aires.\",\"url\":\"https:\/\/www.suno.com.br\/noticias\/author\/eduardo-vargas\/\"}]}<\/script>\n<!-- \/ Yoast SEO plugin. -->","yoast_head_json":{"title":"Meta de infla\u00e7\u00e3o levar\u00e1 anos para ser atingida, diz economista do BCE","description":"\"H\u00e1 um longo caminho a percorrer de onde estamos agora at\u00e9 nossas metas. Segundo nossa previs\u00e3o, levar\u00e1 anos\", disse sobre a meta de infla\u00e7\u00e3o","robots":{"index":"index","follow":"follow","max-snippet":"max-snippet:-1","max-image-preview":"max-image-preview:large","max-video-preview":"max-video-preview:-1"},"canonical":"https:\/\/www.suno.com.br\/noticias\/meta-de-inflacao-bce-europa\/","og_locale":"pt_BR","og_type":"article","og_title":"Meta de infla\u00e7\u00e3o levar\u00e1 anos para ser atingida, diz economista do BCE","og_description":"\"H\u00e1 um longo caminho a percorrer de onde estamos agora at\u00e9 nossas metas. Segundo nossa previs\u00e3o, levar\u00e1 anos\", disse sobre a meta de infla\u00e7\u00e3o","og_url":"https:\/\/www.suno.com.br\/noticias\/meta-de-inflacao-bce-europa\/","og_site_name":"Suno Not\u00edcias","article_publisher":"https:\/\/facebook.com\/sunoresearch","og_image":[{"width":1920,"height":1080,"url":"https:\/\/files.sunoresearch.com.br\/n\/uploads\/2020\/09\/73df54de-naom_5ab11cdce61c3.jpg","type":"image\/jpeg"}],"author":"Eduardo Vargas","twitter_card":"summary_large_image","twitter_creator":"@sunoresearch","twitter_site":"@sunoresearch","twitter_misc":{"Escrito por":"Eduardo Vargas","Est. tempo de leitura":"2 minutos"},"schema":{"@context":"https:\/\/schema.org","@graph":[{"@type":"NewsArticle","@id":"https:\/\/www.suno.com.br\/noticias\/meta-de-inflacao-bce-europa\/#article","isPartOf":{"@id":"https:\/\/www.suno.com.br\/noticias\/meta-de-inflacao-bce-europa\/"},"author":{"name":"Eduardo Vargas","@id":"https:\/\/www.suno.com.br\/noticias\/#\/schema\/person\/7f4d362bf3518e76090143ae77bb49a5"},"headline":"Meta de infla\u00e7\u00e3o levar\u00e1 anos para ser atingida, diz economista-chefe do BCE","datePublished":"2023-06-28T11:47:17+00:00","dateModified":"2023-06-28T11:47:22+00:00","mainEntityOfPage":{"@id":"https:\/\/www.suno.com.br\/noticias\/meta-de-inflacao-bce-europa\/"},"wordCount":405,"publisher":{"@id":"https:\/\/www.suno.com.br\/noticias\/#organization"},"image":{"@id":"https:\/\/www.suno.com.br\/noticias\/meta-de-inflacao-bce-europa\/#primaryimage"},"thumbnailUrl":"https:\/\/files.sunoresearch.com.br\/n\/uploads\/2020\/09\/73df54de-naom_5ab11cdce61c3.jpg","keywords":["Ag\u00eancias","Banco Central Europeu (BCE)","pol\u00edtica monet\u00e1ria"],"articleSection":["Internacional"],"inLanguage":"pt-BR"},{"@type":"WebPage","@id":"https:\/\/www.suno.com.br\/noticias\/meta-de-inflacao-bce-europa\/","url":"https:\/\/www.suno.com.br\/noticias\/meta-de-inflacao-bce-europa\/","name":"Meta de infla\u00e7\u00e3o levar\u00e1 anos para ser atingida, diz economista do BCE","isPartOf":{"@id":"https:\/\/www.suno.com.br\/noticias\/#website"},"primaryImageOfPage":{"@id":"https:\/\/www.suno.com.br\/noticias\/meta-de-inflacao-bce-europa\/#primaryimage"},"image":{"@id":"https:\/\/www.suno.com.br\/noticias\/meta-de-inflacao-bce-europa\/#primaryimage"},"thumbnailUrl":"https:\/\/files.sunoresearch.com.br\/n\/uploads\/2020\/09\/73df54de-naom_5ab11cdce61c3.jpg","datePublished":"2023-06-28T11:47:17+00:00","dateModified":"2023-06-28T11:47:22+00:00","description":"\"H\u00e1 um longo caminho a percorrer de onde estamos agora at\u00e9 nossas metas. Segundo nossa previs\u00e3o, levar\u00e1 anos\", disse sobre a meta de infla\u00e7\u00e3o","breadcrumb":{"@id":"https:\/\/www.suno.com.br\/noticias\/meta-de-inflacao-bce-europa\/#breadcrumb"},"inLanguage":"pt-BR","potentialAction":[{"@type":"ReadAction","target":["https:\/\/www.suno.com.br\/noticias\/meta-de-inflacao-bce-europa\/"]}]},{"@type":"ImageObject","inLanguage":"pt-BR","@id":"https:\/\/www.suno.com.br\/noticias\/meta-de-inflacao-bce-europa\/#primaryimage","url":"https:\/\/files.sunoresearch.com.br\/n\/uploads\/2020\/09\/73df54de-naom_5ab11cdce61c3.jpg","contentUrl":"https:\/\/files.sunoresearch.com.br\/n\/uploads\/2020\/09\/73df54de-naom_5ab11cdce61c3.jpg","width":1920,"height":1080,"caption":"O BCE concedeu mais uma rodada de al\u00edvio de capital para que as institui\u00e7\u00f5es financeiras mantenham o fluxo de cr\u00e9dito."},{"@type":"BreadcrumbList","@id":"https:\/\/www.suno.com.br\/noticias\/meta-de-inflacao-bce-europa\/#breadcrumb","itemListElement":[{"@type":"ListItem","position":1,"name":"Not\u00edcias","item":"https:\/\/www.suno.com.br\/noticias\/"},{"@type":"ListItem","position":2,"name":"Internacional","item":"https:\/\/www.suno.com.br\/noticias\/internacional\/"},{"@type":"ListItem","position":3,"name":"Meta de infla\u00e7\u00e3o levar\u00e1 anos para ser atingida, diz economista-chefe do BCE"}]},{"@type":"WebSite","@id":"https:\/\/www.suno.com.br\/noticias\/#website","url":"https:\/\/www.suno.com.br\/noticias\/","name":"Suno Not\u00edcias","description":"Seu portal de informa\u00e7\u00e3o sobre o mundo dos investimentos","publisher":{"@id":"https:\/\/www.suno.com.br\/noticias\/#organization"},"potentialAction":[{"@type":"SearchAction","target":{"@type":"EntryPoint","urlTemplate":"https:\/\/www.suno.com.br\/noticias\/?s={search_term_string}"},"query-input":{"@type":"PropertyValueSpecification","valueRequired":true,"valueName":"search_term_string"}}],"inLanguage":"pt-BR"},{"@type":"Organization","@id":"https:\/\/www.suno.com.br\/noticias\/#organization","name":"Suno Not\u00edcias","url":"https:\/\/www.suno.com.br\/noticias\/","logo":{"@type":"ImageObject","inLanguage":"pt-BR","@id":"https:\/\/www.suno.com.br\/noticias\/#\/schema\/logo\/image\/","url":"https:\/\/files.sunoresearch.com.br\/n\/uploads\/2021\/09\/suno-logo.png","contentUrl":"https:\/\/files.sunoresearch.com.br\/n\/uploads\/2021\/09\/suno-logo.png","width":180,"height":180,"caption":"Suno Not\u00edcias"},"image":{"@id":"https:\/\/www.suno.com.br\/noticias\/#\/schema\/logo\/image\/"},"sameAs":["https:\/\/facebook.com\/sunoresearch","https:\/\/x.com\/sunoresearch","https:\/\/www.instagram.com\/suno","https:\/\/www.linkedin.com\/company\/suno-research\/","https:\/\/www.youtube.com\/c\/sunoresearch"]},{"@type":"Person","@id":"https:\/\/www.suno.com.br\/noticias\/#\/schema\/person\/7f4d362bf3518e76090143ae77bb49a5","name":"Eduardo Vargas","image":{"@type":"ImageObject","inLanguage":"pt-BR","@id":"https:\/\/www.suno.com.br\/noticias\/#\/schema\/person\/image\/","url":"https:\/\/secure.gravatar.com\/avatar\/dac340933427a22924c9f99d1eb2e3f2?s=96&r=g","contentUrl":"https:\/\/secure.gravatar.com\/avatar\/dac340933427a22924c9f99d1eb2e3f2?s=96&r=g","caption":"Eduardo Vargas"},"description":"Jornalista formado pela UFSC, cobre macroeconomia, neg\u00f3cios e startups para o Suno Not\u00edcias, escrevendo principalmente not\u00edcias sobre o mercado financeiro e a bolsa de valores. No YouTube e no Instagram, \u00e9 respons\u00e1vel pela produ\u00e7\u00e3o de Reels e Shorts do Suno Not\u00edcias. Anteriormente, trabalhou cobrindo economia e cotidiano no ND+ e para o ND, maior jornal impresso de Santa Catarina. Cursou um semestre letivo de Estudos de M\u00eddia na Universidad de Buenos Aires.","url":"https:\/\/www.suno.com.br\/noticias\/author\/eduardo-vargas\/"}]}},"default_loop_html":"<div class=\"cardsPage__listCard__boxs\"><div class=\"cardsPage__listCard__boxs__img\"><a href=\"https:\/\/www.suno.com.br\/noticias\/meta-de-inflacao-bce-europa\/\"><img class=\"mask\" src=\"https:\/\/www.suno.com.br\/noticias\/wp-content\/themes\/suno\/resources\/images\/spotlight\/spotlight1img\/bg-mask.png\" alt=\"Image Mask\"\/><img src=\"https:\/\/files.sunoresearch.com.br\/n\/uploads\/2020\/09\/73df54de-naom_5ab11cdce61c3-400x200.webp\" alt=\"Meta de infla\u00e7\u00e3o levar\u00e1 anos para ser atingida, diz economista-chefe do BCE\"\/><\/a><span class=\"spotlightCategory\"><a href=\"https:\/\/www.suno.com.br\/noticias\/internacional\/\">Internacional<\/a><\/span><\/div><div class=\"cardsPage__listCard__boxs__content\"><a href=\"https:\/\/www.suno.com.br\/noticias\/meta-de-inflacao-bce-europa\/\"><h2 class=\"content__title\">Meta de infla\u00e7\u00e3o levar\u00e1 anos para ser atingida, diz economista-chefe do BCE<\/h2><\/a><div class=\"newsContent__article__meta\"><div class=\"newsContent__article__meta__authorBox\"><a href=\"https:\/\/www.suno.com.br\/noticias\/author\/eduardo-vargas\/\" class=\"authorBox__avatar noMobi\"><img src=\"https:\/\/secure.gravatar.com\/avatar\/dac340933427a22924c9f99d1eb2e3f2?s=96&#038;r=g\" alt=\"Eduardo Vargas\"><\/a><div class=\"authorBox__name\"><span>por\n\t\t\t<a href=\"https:\/\/www.suno.com.br\/noticias\/author\/eduardo-vargas\/\"><span itemprop=\"author\">Eduardo Vargas<\/span><\/a><\/span><time datetime=\"2023-06-28T08:47:17-03:00\" itemprop=\"datePublished\">28\/06\/2023 08:47<\/time><\/div><\/div><\/div><\/div><\/div>","single_layout":"posts","amp_enabled":true,"_links":{"self":[{"href":"https:\/\/www.suno.com.br\/noticias\/wp-json\/wp\/v2\/posts\/422287"}],"collection":[{"href":"https:\/\/www.suno.com.br\/noticias\/wp-json\/wp\/v2\/posts"}],"about":[{"href":"https:\/\/www.suno.com.br\/noticias\/wp-json\/wp\/v2\/types\/post"}],"author":[{"embeddable":true,"href":"https:\/\/www.suno.com.br\/noticias\/wp-json\/wp\/v2\/users\/73"}],"replies":[{"embeddable":true,"href":"https:\/\/www.suno.com.br\/noticias\/wp-json\/wp\/v2\/comments?post=422287"}],"version-history":[{"count":3,"href":"https:\/\/www.suno.com.br\/noticias\/wp-json\/wp\/v2\/posts\/422287\/revisions"}],"predecessor-version":[{"id":422318,"href":"https:\/\/www.suno.com.br\/noticias\/wp-json\/wp\/v2\/posts\/422287\/revisions\/422318"}],"wp:featuredmedia":[{"embeddable":true,"href":"https:\/\/www.suno.com.br\/noticias\/wp-json\/wp\/v2\/media\/85311"}],"wp:attachment":[{"href":"https:\/\/www.suno.com.br\/noticias\/wp-json\/wp\/v2\/media?parent=422287"}],"wp:term":[{"taxonomy":"category","embeddable":true,"href":"https:\/\/www.suno.com.br\/noticias\/wp-json\/wp\/v2\/categories?post=422287"},{"taxonomy":"post_tag","embeddable":true,"href":"https:\/\/www.suno.com.br\/noticias\/wp-json\/wp\/v2\/tags?post=422287"},{"taxonomy":"suno_strategy","embeddable":true,"href":"https:\/\/www.suno.com.br\/noticias\/wp-json\/wp\/v2\/suno_strategy?post=422287"}],"curies":[{"name":"wp","href":"https:\/\/api.w.org\/{rel}","templated":true}]}}