{"id":422274,"date":"2023-06-28T07:52:25","date_gmt":"2023-06-28T10:52:25","guid":{"rendered":"https:\/\/www.suno.com.br\/noticias\/?p=422274"},"modified":"2023-06-28T08:19:11","modified_gmt":"2023-06-28T11:19:11","slug":"credit-suisse-corte-demissao-massa-funcionarios-metade","status":"publish","type":"post","link":"https:\/\/www.suno.com.br\/noticias\/credit-suisse-corte-demissao-massa-funcionarios-metade\/","title":{"rendered":"Credit Suisse pode ter demiss\u00e3o em massa de metade dos funcion\u00e1rios"},"content":{"rendered":"<p>O UBS, que comprou o <strong>Credit Suisse<\/strong> h\u00e1 poucos meses, planeja cortar metade da for\u00e7a de trabalho do banco su\u00ed\u00e7o, segundo informa\u00e7\u00f5es da Bloomberg.<\/p>\t<div class=\"wrapper-featured-image\">\n\t\t<figure class=\"spotlightImg\">\n\n\t\t\t<picture>\n\t\t\t\t<source media=\"(max-width: 768px)\" srcset=\"https:\/\/files.sunoresearch.com.br\/n\/uploads\/2023\/03\/credit-suisse-c1su34-fachada-foto-bbc-400x200.jpg\">\n\t\t\t\t<img loading=\"lazy\" decoding=\"async\" class=\"newsContent__article__imgCapa lazyloadDisabled \" src=\"https:\/\/files.sunoresearch.com.br\/n\/uploads\/2023\/03\/credit-suisse-c1su34-fachada-foto-bbc-800x450.jpg\" width=\"800\" height=\"450\" alt=\"Credit Suisse pode ter demiss\u00e3o em massa de metade dos funcion\u00e1rios\" fetchpriority=high \/>\n\t\t\t<\/picture>\n\n\t\t\t<figcaption class=\"wp-caption-text wp-caption-text--show\">Credit Suisse. Foto: BBC\/YouTube<\/figcaption>\n\t\t<\/figure>\n\t<\/div>\n\n\n\n\n\n\t<p>\n\t\t<a href=\"https:\/\/lp.suno.com.br\/planilha-da-vida-financeira\/\" target=\"_blank\" data-element=\"shortcode-suno-banner\" title=\"Banner SUNO, clique e saiba mais\">\n\t\t\t<picture>\n\t\t\t\t<source media=\"(max-width: 500px)\" srcset=\"https:\/\/files.sunoresearch.com.br\/n\/uploads\/2023\/04\/400x300-Planilha-vida-financeira-true.png\">\n\t\t\t\t<img class=\"newsContent__article__imgCapa newsContent__article__imgCapa--banner\"\n\t\t\t\t\tsrc=\"https:\/\/files.sunoresearch.com.br\/n\/uploads\/2023\/04\/1420x240-Planilha-vida-financeira-true.png\"\n\t\t\t\t\tdata-promo-id=\"106682\"\t\t\t\t\t\t\t\t\t\twidth='1420' height='240'\t\t\t\t\talt=\"https:\/\/files.sunoresearch.com.br\/n\/uploads\/2023\/04\/1420x240-Planilha-vida-financeira-true.png\"\n\t\t\t\t>\n\t\t\t<\/picture>\n\t\t<\/a>\n\t<\/p>\n\n\n\n\n\n\n\n<p>Atualmente a for\u00e7a de trabalho do Credit Suisse, globalmente, \u00e9 composta por um volume de 45 mil <strong>funcion\u00e1rios<\/strong>.<\/p>\n\n\n\n<p>Os cortes devem afetar bankers, traders e equipe de suporte do banco de investimento do Credit Suisse em Londres, Nova York e em algumas partes da \u00c1sia, com quase todas as atividades em risco.<\/p>\n\n\n\n<p>Os cortes s\u00e3o por conta de um panorama que fez com que, ap\u00f3s a <strong>compra do Credit Suisse<\/strong>, a for\u00e7a de trabalho combinada do <strong>UBS<\/strong> passasse a ser de 120 mil funcion\u00e1rios.<\/p>\n\n\n\n<p>O banco, assim, pretende fazer uma economia de US$ 6 bilh\u00f5es em custos pessoais nos pr\u00f3ximos anos.<\/p>\n\n\n\n<p>A expectativa \u00e9 de que, assim, o banco fa\u00e7a um corte total de 35 mil funcion\u00e1rios.<\/p>\n\n\n\n<h2 class=\"wp-block-heading\">UBS e governo da Su\u00ed\u00e7a assinam acordo de prote\u00e7\u00e3o contra perdas na compra do Credit Suisse<\/h2>\n\n\n\n<p>O UBS afirmou em comunicado que assinou um acordo com o governo su\u00ed\u00e7o, que se tornar\u00e1 efetivo na conclus\u00e3o da compra pelo banco do seu concorrente Credit Suisse.<\/p>\n\n\n\n<p>O UBS ficar\u00e1 respons\u00e1vel pelos primeiros 5 bilh\u00f5es de <strong>francos su\u00ed\u00e7os <\/strong>em perdas potenciais no neg\u00f3cio, e o governo cobrir\u00e1 os 9 bilh\u00f5es de francos su\u00ed\u00e7os seguintes em perdas potenciais realizadas. <\/p>\n\n\n\n<p>O UBS diz que gerenciar\u00e1 os ativos de maneira &#8220;prudente e diligente&#8221;, a fim de minimizar perdas. <\/p>\n\n\n\n<p>O <strong>banco <\/strong>tamb\u00e9m informa que cobrir\u00e1 os custos iniciais e os custos externos em andamento no neg\u00f3cio.<\/p>\n\n\n\t<p>\n\t\t<a href=\"https:\/\/lp.suno.com.br\/ebook-como-analisar-uma-acao\/\" target=\"_blank\" data-element=\"shortcode-suno-banner\" title=\"Banner SUNO, clique e saiba mais\">\n\t\t\t<picture>\n\t\t\t\t<source media=\"(max-width: 500px)\" srcset=\"https:\/\/files.sunoresearch.com.br\/n\/uploads\/2023\/03\/Ebook-Acoes-Mobile.jpg\">\n\t\t\t\t<img class=\"newsContent__article__imgCapa newsContent__article__imgCapa--banner\"\n\t\t\t\t\tsrc=\"https:\/\/files.sunoresearch.com.br\/n\/uploads\/2023\/03\/Ebook-Acoes-Desktop.jpg\"\n\t\t\t\t\tdata-promo-id=\"378302\"\t\t\t\t\t\t\t\t\t\twidth='1420' height='286'\t\t\t\t\talt=\"https:\/\/files.sunoresearch.com.br\/n\/uploads\/2023\/03\/Ebook-Acoes-Desktop.jpg\"\n\t\t\t\t>\n\t\t\t<\/picture>\n\t\t<\/a>\n\t<\/p>\n\n\n\n\n\n<h2 class=\"wp-block-heading\">UBS suspende recompra de a\u00e7\u00f5es<\/h2>\n\n\n\n<p>O <strong>UBS <\/strong>decidiu suspender o seu plano de <a class=\"suno-keyword\" data-force=\"no\" data-priority=\"1\" href=\"https:\/\/www.suno.com.br\/artigos\/recompra-de-acoes\/\" target=\"_blank\" rel=\"noopener\">recompra de a\u00e7\u00f5es<\/a> ap\u00f3s o an\u00fancio da compra do rival Credit Suisse por 3 bilh\u00f5es de francos su\u00ed\u00e7os, cerca de US$ 3,25 bilh\u00f5es. <\/p>\n\n\n\n<p>A pol\u00edtica de distribui\u00e7\u00e3o de <a class=\"suno-keyword\" data-force=\"no\" data-priority=\"1\" href=\"https:\/\/www.suno.com.br\/guias\/dividendos\/\" target=\"_blank\" rel=\"noopener\">dividendos<\/a> do banco, por\u00e9m, ser\u00e1 mantida intacta, segundo o chairman do UBS, Colm Kelleher.<\/p>\n\n\n\n<p>&#8220;\u00c9 um dia hist\u00f3rico. Na <strong>Su\u00ed\u00e7a <\/strong>\u00e9 um dia que, francamente, esper\u00e1vamos que n\u00e3o viesse&#8221;, disse ele, ao iniciar teleconfer\u00eancia com analistas para comentar a compra do Credit Suisse, neste domingo.<\/p>\n\n\n\n<p>Kelleher refor\u00e7ou que, a despeito da aquisi\u00e7\u00e3o do Credit, o UBS segue &#8220;firmemente comprometido&#8221; com sua estrat\u00e9gia de crescimento org\u00e2nico. <\/p>\n\n\n\n<p>Ele afirmou que v\u00e1rios eventos nas \u00faltimas semanas instaram o UBS a considerar uma aquisi\u00e7\u00e3o do <strong>Credit Suisse<\/strong>, motivada por \u00f3rg\u00e3os reguladores da Su\u00ed\u00e7a, para preservar a <a class=\"suno-keyword\" data-force=\"no\" data-priority=\"1\" href=\"https:\/\/www.suno.com.br\/artigos\/estabilidade-financeira\/\" target=\"_blank\" rel=\"noopener\">estabilidade financeira<\/a> global.<\/p>\n\n\n\n<p>Como consequ\u00eancia \u00e0 aquisi\u00e7\u00e3o, ele anunciou que no <a class=\"suno-keyword\" data-force=\"no\" data-priority=\"1\" href=\"https:\/\/www.suno.com.br\/artigos\/curto-prazo\/\" target=\"_blank\" rel=\"noopener\">curto prazo<\/a>, resultar\u00e1 na suspens\u00e3o tempor\u00e1ria de programa de <a class=\"suno-keyword\" data-force=\"no\" data-priority=\"1\" href=\"https:\/\/www.suno.com.br\/artigos\/recompra-de-acoes\/\" target=\"_blank\" rel=\"noopener\">recompra de a\u00e7\u00f5es<\/a> do UBS. &#8220;Embora nossa pol\u00edtica progressiva de <a class=\"suno-keyword\" data-force=\"no\" data-priority=\"1\" href=\"https:\/\/www.suno.com.br\/guias\/dividendos\/\" target=\"_blank\" rel=\"noopener\">dividendos<\/a> permane\u00e7a intacta&#8221;, acrescentou o chairman do banco.<\/p>\n\n\n\n<p>Kelleher afirmou ainda que, embora o UBS n\u00e3o tenha iniciado as discuss\u00f5es com o Credit Suisse, o banco considera a transa\u00e7\u00e3o &#8220;financeiramente atraente&#8221; para os seus acionistas. <\/p>\n\n\n\t<p>\n\t\t<a href=\"https:\/\/lp.suno.com.br\/suno-one\/?utm_campaign=_SNC6964518A_\" target=\"_blank\" data-element=\"shortcode-suno-banner\" title=\"Banner SUNO, clique e saiba mais\">\n\t\t\t<picture>\n\t\t\t\t<source media=\"(max-width: 500px)\" srcset=\"https:\/\/files.sunoresearch.com.br\/n\/uploads\/2025\/09\/400x300-Suno-One-png.webp\">\n\t\t\t\t<img class=\"newsContent__article__imgCapa newsContent__article__imgCapa--banner\"\n\t\t\t\t\tsrc=\"https:\/\/files.sunoresearch.com.br\/n\/uploads\/2025\/09\/1420x240-Suno-One-png.webp\"\n\t\t\t\t\tdata-promo-id=\"383121\"\t\t\t\t\t\t\t\t\t\twidth='1420' height='240'\t\t\t\t\talt=\"https:\/\/files.sunoresearch.com.br\/n\/uploads\/2025\/09\/1420x240-Suno-One-png.webp\"\n\t\t\t\t>\n\t\t\t<\/picture>\n\t\t<\/a>\n\t<\/p>\n\n\n","protected":false},"excerpt":{"rendered":"<p>O UBS, que comprou o Credit Suisse h\u00e1 poucos meses, planeja cortar metade da for\u00e7a de trabalho do banco su\u00ed\u00e7o, segundo informa\u00e7\u00f5es da Bloomberg. Credit Suisse. Foto: BBC\/YouTube Atualmente a for\u00e7a de trabalho do Credit Suisse, globalmente, \u00e9 composta por um volume de 45 mil funcion\u00e1rios. Os cortes devem afetar bankers, traders e equipe de [&hellip;]<\/p>\n","protected":false},"author":73,"featured_media":378190,"comment_status":"closed","ping_status":"closed","sticky":false,"template":"","format":"standard","meta":[],"categories":[64],"tags":[1788,2625,747],"suno_strategy":[],"class_list":["post-422274","post","type-post","status-publish","format-standard","has-post-thumbnail","hentry","category-negocios","tag-credit-suisse-c1su34","tag-demissoes","tag-ubs-ubsg34"],"yoast_head":"<!-- This site is optimized with the Yoast SEO plugin v24.4 - https:\/\/yoast.com\/wordpress\/plugins\/seo\/ -->\n<title>Credit Suisse pode ter demiss\u00e3o em massa de metade dos funcion\u00e1rios<\/title>\n<meta name=\"description\" content=\"Atualmente a for\u00e7a de trabalho do Credit Suisse, globalmente, \u00e9 composta por um volume de 45 mil funcion\u00e1rios\" \/>\n<meta name=\"robots\" content=\"index, follow, max-snippet:-1, max-image-preview:large, max-video-preview:-1\" \/>\n<link rel=\"canonical\" href=\"https:\/\/www.suno.com.br\/noticias\/credit-suisse-corte-demissao-massa-funcionarios-metade\/\" \/>\n<meta property=\"og:locale\" content=\"pt_BR\" \/>\n<meta property=\"og:type\" content=\"article\" \/>\n<meta property=\"og:title\" content=\"Credit Suisse pode ter demiss\u00e3o em massa de metade dos funcion\u00e1rios\" \/>\n<meta property=\"og:description\" content=\"Atualmente a for\u00e7a de trabalho do Credit Suisse, globalmente, \u00e9 composta por um volume de 45 mil funcion\u00e1rios\" \/>\n<meta property=\"og:url\" content=\"https:\/\/www.suno.com.br\/noticias\/credit-suisse-corte-demissao-massa-funcionarios-metade\/\" \/>\n<meta property=\"og:site_name\" content=\"Suno Not\u00edcias\" \/>\n<meta property=\"article:publisher\" content=\"https:\/\/facebook.com\/sunoresearch\" \/>\n<meta property=\"og:image\" content=\"https:\/\/files.sunoresearch.com.br\/n\/uploads\/2023\/03\/credit-suisse-c1su34-fachada-foto-bbc.jpg\" \/>\n\t<meta property=\"og:image:width\" content=\"1200\" \/>\n\t<meta property=\"og:image:height\" content=\"675\" \/>\n\t<meta property=\"og:image:type\" content=\"image\/jpeg\" \/>\n<meta name=\"author\" content=\"Eduardo Vargas\" \/>\n<meta name=\"twitter:card\" content=\"summary_large_image\" \/>\n<meta name=\"twitter:creator\" content=\"@sunoresearch\" \/>\n<meta name=\"twitter:site\" content=\"@sunoresearch\" \/>\n<meta name=\"twitter:label1\" content=\"Escrito por\" \/>\n\t<meta name=\"twitter:data1\" content=\"Eduardo Vargas\" \/>\n\t<meta name=\"twitter:label2\" content=\"Est. tempo de leitura\" \/>\n\t<meta name=\"twitter:data2\" content=\"3 minutos\" \/>\n<script type=\"application\/ld+json\" class=\"yoast-schema-graph\">{\"@context\":\"https:\/\/schema.org\",\"@graph\":[{\"@type\":\"NewsArticle\",\"@id\":\"https:\/\/www.suno.com.br\/noticias\/credit-suisse-corte-demissao-massa-funcionarios-metade\/#article\",\"isPartOf\":{\"@id\":\"https:\/\/www.suno.com.br\/noticias\/credit-suisse-corte-demissao-massa-funcionarios-metade\/\"},\"author\":{\"name\":\"Eduardo Vargas\",\"@id\":\"https:\/\/www.suno.com.br\/noticias\/#\/schema\/person\/7f4d362bf3518e76090143ae77bb49a5\"},\"headline\":\"Credit Suisse pode ter demiss\u00e3o em massa de metade dos funcion\u00e1rios\",\"datePublished\":\"2023-06-28T10:52:25+00:00\",\"dateModified\":\"2023-06-28T11:19:11+00:00\",\"mainEntityOfPage\":{\"@id\":\"https:\/\/www.suno.com.br\/noticias\/credit-suisse-corte-demissao-massa-funcionarios-metade\/\"},\"wordCount\":515,\"publisher\":{\"@id\":\"https:\/\/www.suno.com.br\/noticias\/#organization\"},\"image\":{\"@id\":\"https:\/\/www.suno.com.br\/noticias\/credit-suisse-corte-demissao-massa-funcionarios-metade\/#primaryimage\"},\"thumbnailUrl\":\"https:\/\/files.sunoresearch.com.br\/n\/uploads\/2023\/03\/credit-suisse-c1su34-fachada-foto-bbc.jpg\",\"keywords\":[\"Credit Suisse (C1SU34)\",\"demiss\u00f5es\",\"UBS (UBSG34)\"],\"articleSection\":[\"Neg\u00f3cios\"],\"inLanguage\":\"pt-BR\"},{\"@type\":\"WebPage\",\"@id\":\"https:\/\/www.suno.com.br\/noticias\/credit-suisse-corte-demissao-massa-funcionarios-metade\/\",\"url\":\"https:\/\/www.suno.com.br\/noticias\/credit-suisse-corte-demissao-massa-funcionarios-metade\/\",\"name\":\"Credit Suisse pode ter demiss\u00e3o em massa de metade dos funcion\u00e1rios\",\"isPartOf\":{\"@id\":\"https:\/\/www.suno.com.br\/noticias\/#website\"},\"primaryImageOfPage\":{\"@id\":\"https:\/\/www.suno.com.br\/noticias\/credit-suisse-corte-demissao-massa-funcionarios-metade\/#primaryimage\"},\"image\":{\"@id\":\"https:\/\/www.suno.com.br\/noticias\/credit-suisse-corte-demissao-massa-funcionarios-metade\/#primaryimage\"},\"thumbnailUrl\":\"https:\/\/files.sunoresearch.com.br\/n\/uploads\/2023\/03\/credit-suisse-c1su34-fachada-foto-bbc.jpg\",\"datePublished\":\"2023-06-28T10:52:25+00:00\",\"dateModified\":\"2023-06-28T11:19:11+00:00\",\"description\":\"Atualmente a for\u00e7a de trabalho do Credit Suisse, globalmente, \u00e9 composta por um volume de 45 mil funcion\u00e1rios\",\"breadcrumb\":{\"@id\":\"https:\/\/www.suno.com.br\/noticias\/credit-suisse-corte-demissao-massa-funcionarios-metade\/#breadcrumb\"},\"inLanguage\":\"pt-BR\",\"potentialAction\":[{\"@type\":\"ReadAction\",\"target\":[\"https:\/\/www.suno.com.br\/noticias\/credit-suisse-corte-demissao-massa-funcionarios-metade\/\"]}]},{\"@type\":\"ImageObject\",\"inLanguage\":\"pt-BR\",\"@id\":\"https:\/\/www.suno.com.br\/noticias\/credit-suisse-corte-demissao-massa-funcionarios-metade\/#primaryimage\",\"url\":\"https:\/\/files.sunoresearch.com.br\/n\/uploads\/2023\/03\/credit-suisse-c1su34-fachada-foto-bbc.jpg\",\"contentUrl\":\"https:\/\/files.sunoresearch.com.br\/n\/uploads\/2023\/03\/credit-suisse-c1su34-fachada-foto-bbc.jpg\",\"width\":1200,\"height\":675,\"caption\":\"Credit Suisse. Foto: BBC\/YouTube\"},{\"@type\":\"BreadcrumbList\",\"@id\":\"https:\/\/www.suno.com.br\/noticias\/credit-suisse-corte-demissao-massa-funcionarios-metade\/#breadcrumb\",\"itemListElement\":[{\"@type\":\"ListItem\",\"position\":1,\"name\":\"Not\u00edcias\",\"item\":\"https:\/\/www.suno.com.br\/noticias\/\"},{\"@type\":\"ListItem\",\"position\":2,\"name\":\"Neg\u00f3cios\",\"item\":\"https:\/\/www.suno.com.br\/noticias\/negocios\/\"},{\"@type\":\"ListItem\",\"position\":3,\"name\":\"Credit Suisse pode ter demiss\u00e3o em massa de metade dos funcion\u00e1rios\"}]},{\"@type\":\"WebSite\",\"@id\":\"https:\/\/www.suno.com.br\/noticias\/#website\",\"url\":\"https:\/\/www.suno.com.br\/noticias\/\",\"name\":\"Suno Not\u00edcias\",\"description\":\"Seu portal de informa\u00e7\u00e3o sobre o mundo dos investimentos\",\"publisher\":{\"@id\":\"https:\/\/www.suno.com.br\/noticias\/#organization\"},\"potentialAction\":[{\"@type\":\"SearchAction\",\"target\":{\"@type\":\"EntryPoint\",\"urlTemplate\":\"https:\/\/www.suno.com.br\/noticias\/?s={search_term_string}\"},\"query-input\":{\"@type\":\"PropertyValueSpecification\",\"valueRequired\":true,\"valueName\":\"search_term_string\"}}],\"inLanguage\":\"pt-BR\"},{\"@type\":\"Organization\",\"@id\":\"https:\/\/www.suno.com.br\/noticias\/#organization\",\"name\":\"Suno Not\u00edcias\",\"url\":\"https:\/\/www.suno.com.br\/noticias\/\",\"logo\":{\"@type\":\"ImageObject\",\"inLanguage\":\"pt-BR\",\"@id\":\"https:\/\/www.suno.com.br\/noticias\/#\/schema\/logo\/image\/\",\"url\":\"https:\/\/files.sunoresearch.com.br\/n\/uploads\/2021\/09\/suno-logo.png\",\"contentUrl\":\"https:\/\/files.sunoresearch.com.br\/n\/uploads\/2021\/09\/suno-logo.png\",\"width\":180,\"height\":180,\"caption\":\"Suno Not\u00edcias\"},\"image\":{\"@id\":\"https:\/\/www.suno.com.br\/noticias\/#\/schema\/logo\/image\/\"},\"sameAs\":[\"https:\/\/facebook.com\/sunoresearch\",\"https:\/\/x.com\/sunoresearch\",\"https:\/\/www.instagram.com\/suno\",\"https:\/\/www.linkedin.com\/company\/suno-research\/\",\"https:\/\/www.youtube.com\/c\/sunoresearch\"]},{\"@type\":\"Person\",\"@id\":\"https:\/\/www.suno.com.br\/noticias\/#\/schema\/person\/7f4d362bf3518e76090143ae77bb49a5\",\"name\":\"Eduardo Vargas\",\"image\":{\"@type\":\"ImageObject\",\"inLanguage\":\"pt-BR\",\"@id\":\"https:\/\/www.suno.com.br\/noticias\/#\/schema\/person\/image\/\",\"url\":\"https:\/\/secure.gravatar.com\/avatar\/dac340933427a22924c9f99d1eb2e3f2?s=96&r=g\",\"contentUrl\":\"https:\/\/secure.gravatar.com\/avatar\/dac340933427a22924c9f99d1eb2e3f2?s=96&r=g\",\"caption\":\"Eduardo Vargas\"},\"description\":\"Jornalista formado pela UFSC, cobre macroeconomia, neg\u00f3cios e startups para o Suno Not\u00edcias, escrevendo principalmente not\u00edcias sobre o mercado financeiro e a bolsa de valores. No YouTube e no Instagram, \u00e9 respons\u00e1vel pela produ\u00e7\u00e3o de Reels e Shorts do Suno Not\u00edcias. Anteriormente, trabalhou cobrindo economia e cotidiano no ND+ e para o ND, maior jornal impresso de Santa Catarina. Cursou um semestre letivo de Estudos de M\u00eddia na Universidad de Buenos Aires.\",\"url\":\"https:\/\/www.suno.com.br\/noticias\/author\/eduardo-vargas\/\"}]}<\/script>\n<!-- \/ Yoast SEO plugin. -->","yoast_head_json":{"title":"Credit Suisse pode ter demiss\u00e3o em massa de metade dos funcion\u00e1rios","description":"Atualmente a for\u00e7a de trabalho do Credit Suisse, globalmente, \u00e9 composta por um volume de 45 mil funcion\u00e1rios","robots":{"index":"index","follow":"follow","max-snippet":"max-snippet:-1","max-image-preview":"max-image-preview:large","max-video-preview":"max-video-preview:-1"},"canonical":"https:\/\/www.suno.com.br\/noticias\/credit-suisse-corte-demissao-massa-funcionarios-metade\/","og_locale":"pt_BR","og_type":"article","og_title":"Credit Suisse pode ter demiss\u00e3o em massa de metade dos funcion\u00e1rios","og_description":"Atualmente a for\u00e7a de trabalho do Credit Suisse, globalmente, \u00e9 composta por um volume de 45 mil funcion\u00e1rios","og_url":"https:\/\/www.suno.com.br\/noticias\/credit-suisse-corte-demissao-massa-funcionarios-metade\/","og_site_name":"Suno Not\u00edcias","article_publisher":"https:\/\/facebook.com\/sunoresearch","og_image":[{"width":1200,"height":675,"url":"https:\/\/files.sunoresearch.com.br\/n\/uploads\/2023\/03\/credit-suisse-c1su34-fachada-foto-bbc.jpg","type":"image\/jpeg"}],"author":"Eduardo Vargas","twitter_card":"summary_large_image","twitter_creator":"@sunoresearch","twitter_site":"@sunoresearch","twitter_misc":{"Escrito por":"Eduardo Vargas","Est. tempo de leitura":"3 minutos"},"schema":{"@context":"https:\/\/schema.org","@graph":[{"@type":"NewsArticle","@id":"https:\/\/www.suno.com.br\/noticias\/credit-suisse-corte-demissao-massa-funcionarios-metade\/#article","isPartOf":{"@id":"https:\/\/www.suno.com.br\/noticias\/credit-suisse-corte-demissao-massa-funcionarios-metade\/"},"author":{"name":"Eduardo Vargas","@id":"https:\/\/www.suno.com.br\/noticias\/#\/schema\/person\/7f4d362bf3518e76090143ae77bb49a5"},"headline":"Credit Suisse pode ter demiss\u00e3o em massa de metade dos funcion\u00e1rios","datePublished":"2023-06-28T10:52:25+00:00","dateModified":"2023-06-28T11:19:11+00:00","mainEntityOfPage":{"@id":"https:\/\/www.suno.com.br\/noticias\/credit-suisse-corte-demissao-massa-funcionarios-metade\/"},"wordCount":515,"publisher":{"@id":"https:\/\/www.suno.com.br\/noticias\/#organization"},"image":{"@id":"https:\/\/www.suno.com.br\/noticias\/credit-suisse-corte-demissao-massa-funcionarios-metade\/#primaryimage"},"thumbnailUrl":"https:\/\/files.sunoresearch.com.br\/n\/uploads\/2023\/03\/credit-suisse-c1su34-fachada-foto-bbc.jpg","keywords":["Credit Suisse (C1SU34)","demiss\u00f5es","UBS (UBSG34)"],"articleSection":["Neg\u00f3cios"],"inLanguage":"pt-BR"},{"@type":"WebPage","@id":"https:\/\/www.suno.com.br\/noticias\/credit-suisse-corte-demissao-massa-funcionarios-metade\/","url":"https:\/\/www.suno.com.br\/noticias\/credit-suisse-corte-demissao-massa-funcionarios-metade\/","name":"Credit Suisse pode ter demiss\u00e3o em massa de metade dos funcion\u00e1rios","isPartOf":{"@id":"https:\/\/www.suno.com.br\/noticias\/#website"},"primaryImageOfPage":{"@id":"https:\/\/www.suno.com.br\/noticias\/credit-suisse-corte-demissao-massa-funcionarios-metade\/#primaryimage"},"image":{"@id":"https:\/\/www.suno.com.br\/noticias\/credit-suisse-corte-demissao-massa-funcionarios-metade\/#primaryimage"},"thumbnailUrl":"https:\/\/files.sunoresearch.com.br\/n\/uploads\/2023\/03\/credit-suisse-c1su34-fachada-foto-bbc.jpg","datePublished":"2023-06-28T10:52:25+00:00","dateModified":"2023-06-28T11:19:11+00:00","description":"Atualmente a for\u00e7a de trabalho do Credit Suisse, globalmente, \u00e9 composta por um volume de 45 mil funcion\u00e1rios","breadcrumb":{"@id":"https:\/\/www.suno.com.br\/noticias\/credit-suisse-corte-demissao-massa-funcionarios-metade\/#breadcrumb"},"inLanguage":"pt-BR","potentialAction":[{"@type":"ReadAction","target":["https:\/\/www.suno.com.br\/noticias\/credit-suisse-corte-demissao-massa-funcionarios-metade\/"]}]},{"@type":"ImageObject","inLanguage":"pt-BR","@id":"https:\/\/www.suno.com.br\/noticias\/credit-suisse-corte-demissao-massa-funcionarios-metade\/#primaryimage","url":"https:\/\/files.sunoresearch.com.br\/n\/uploads\/2023\/03\/credit-suisse-c1su34-fachada-foto-bbc.jpg","contentUrl":"https:\/\/files.sunoresearch.com.br\/n\/uploads\/2023\/03\/credit-suisse-c1su34-fachada-foto-bbc.jpg","width":1200,"height":675,"caption":"Credit Suisse. Foto: BBC\/YouTube"},{"@type":"BreadcrumbList","@id":"https:\/\/www.suno.com.br\/noticias\/credit-suisse-corte-demissao-massa-funcionarios-metade\/#breadcrumb","itemListElement":[{"@type":"ListItem","position":1,"name":"Not\u00edcias","item":"https:\/\/www.suno.com.br\/noticias\/"},{"@type":"ListItem","position":2,"name":"Neg\u00f3cios","item":"https:\/\/www.suno.com.br\/noticias\/negocios\/"},{"@type":"ListItem","position":3,"name":"Credit Suisse pode ter demiss\u00e3o em massa de metade dos funcion\u00e1rios"}]},{"@type":"WebSite","@id":"https:\/\/www.suno.com.br\/noticias\/#website","url":"https:\/\/www.suno.com.br\/noticias\/","name":"Suno Not\u00edcias","description":"Seu portal de informa\u00e7\u00e3o sobre o mundo dos investimentos","publisher":{"@id":"https:\/\/www.suno.com.br\/noticias\/#organization"},"potentialAction":[{"@type":"SearchAction","target":{"@type":"EntryPoint","urlTemplate":"https:\/\/www.suno.com.br\/noticias\/?s={search_term_string}"},"query-input":{"@type":"PropertyValueSpecification","valueRequired":true,"valueName":"search_term_string"}}],"inLanguage":"pt-BR"},{"@type":"Organization","@id":"https:\/\/www.suno.com.br\/noticias\/#organization","name":"Suno Not\u00edcias","url":"https:\/\/www.suno.com.br\/noticias\/","logo":{"@type":"ImageObject","inLanguage":"pt-BR","@id":"https:\/\/www.suno.com.br\/noticias\/#\/schema\/logo\/image\/","url":"https:\/\/files.sunoresearch.com.br\/n\/uploads\/2021\/09\/suno-logo.png","contentUrl":"https:\/\/files.sunoresearch.com.br\/n\/uploads\/2021\/09\/suno-logo.png","width":180,"height":180,"caption":"Suno Not\u00edcias"},"image":{"@id":"https:\/\/www.suno.com.br\/noticias\/#\/schema\/logo\/image\/"},"sameAs":["https:\/\/facebook.com\/sunoresearch","https:\/\/x.com\/sunoresearch","https:\/\/www.instagram.com\/suno","https:\/\/www.linkedin.com\/company\/suno-research\/","https:\/\/www.youtube.com\/c\/sunoresearch"]},{"@type":"Person","@id":"https:\/\/www.suno.com.br\/noticias\/#\/schema\/person\/7f4d362bf3518e76090143ae77bb49a5","name":"Eduardo Vargas","image":{"@type":"ImageObject","inLanguage":"pt-BR","@id":"https:\/\/www.suno.com.br\/noticias\/#\/schema\/person\/image\/","url":"https:\/\/secure.gravatar.com\/avatar\/dac340933427a22924c9f99d1eb2e3f2?s=96&r=g","contentUrl":"https:\/\/secure.gravatar.com\/avatar\/dac340933427a22924c9f99d1eb2e3f2?s=96&r=g","caption":"Eduardo Vargas"},"description":"Jornalista formado pela UFSC, cobre macroeconomia, neg\u00f3cios e startups para o Suno Not\u00edcias, escrevendo principalmente not\u00edcias sobre o mercado financeiro e a bolsa de valores. No YouTube e no Instagram, \u00e9 respons\u00e1vel pela produ\u00e7\u00e3o de Reels e Shorts do Suno Not\u00edcias. Anteriormente, trabalhou cobrindo economia e cotidiano no ND+ e para o ND, maior jornal impresso de Santa Catarina. Cursou um semestre letivo de Estudos de M\u00eddia na Universidad de Buenos Aires.","url":"https:\/\/www.suno.com.br\/noticias\/author\/eduardo-vargas\/"}]}},"default_loop_html":"<div class=\"cardsPage__listCard__boxs\"><div class=\"cardsPage__listCard__boxs__img\"><a href=\"https:\/\/www.suno.com.br\/noticias\/credit-suisse-corte-demissao-massa-funcionarios-metade\/\"><img class=\"mask\" src=\"https:\/\/www.suno.com.br\/noticias\/wp-content\/themes\/suno\/resources\/images\/spotlight\/spotlight1img\/bg-mask.png\" alt=\"Image Mask\"\/><img src=\"https:\/\/files.sunoresearch.com.br\/n\/uploads\/2023\/03\/credit-suisse-c1su34-fachada-foto-bbc-400x200.jpg\" alt=\"Credit Suisse pode ter demiss\u00e3o em massa de metade dos funcion\u00e1rios\"\/><\/a><span class=\"spotlightCategory\"><a href=\"https:\/\/www.suno.com.br\/noticias\/negocios\/\">Neg\u00f3cios<\/a><\/span><\/div><div class=\"cardsPage__listCard__boxs__content\"><a href=\"https:\/\/www.suno.com.br\/noticias\/credit-suisse-corte-demissao-massa-funcionarios-metade\/\"><h2 class=\"content__title\">Credit Suisse pode ter demiss\u00e3o em massa de metade dos funcion\u00e1rios<\/h2><\/a><div class=\"newsContent__article__meta\"><div class=\"newsContent__article__meta__authorBox\"><a href=\"https:\/\/www.suno.com.br\/noticias\/author\/eduardo-vargas\/\" class=\"authorBox__avatar noMobi\"><img src=\"https:\/\/secure.gravatar.com\/avatar\/dac340933427a22924c9f99d1eb2e3f2?s=96&#038;r=g\" alt=\"Eduardo Vargas\"><\/a><div class=\"authorBox__name\"><span>por\n\t\t\t<a href=\"https:\/\/www.suno.com.br\/noticias\/author\/eduardo-vargas\/\"><span itemprop=\"author\">Eduardo Vargas<\/span><\/a><\/span><time datetime=\"2023-06-28T07:52:25-03:00\" itemprop=\"datePublished\">28\/06\/2023 07:52<\/time><\/div><\/div><\/div><\/div><\/div>","single_layout":"posts","amp_enabled":true,"_links":{"self":[{"href":"https:\/\/www.suno.com.br\/noticias\/wp-json\/wp\/v2\/posts\/422274"}],"collection":[{"href":"https:\/\/www.suno.com.br\/noticias\/wp-json\/wp\/v2\/posts"}],"about":[{"href":"https:\/\/www.suno.com.br\/noticias\/wp-json\/wp\/v2\/types\/post"}],"author":[{"embeddable":true,"href":"https:\/\/www.suno.com.br\/noticias\/wp-json\/wp\/v2\/users\/73"}],"replies":[{"embeddable":true,"href":"https:\/\/www.suno.com.br\/noticias\/wp-json\/wp\/v2\/comments?post=422274"}],"version-history":[{"count":2,"href":"https:\/\/www.suno.com.br\/noticias\/wp-json\/wp\/v2\/posts\/422274\/revisions"}],"predecessor-version":[{"id":422292,"href":"https:\/\/www.suno.com.br\/noticias\/wp-json\/wp\/v2\/posts\/422274\/revisions\/422292"}],"wp:featuredmedia":[{"embeddable":true,"href":"https:\/\/www.suno.com.br\/noticias\/wp-json\/wp\/v2\/media\/378190"}],"wp:attachment":[{"href":"https:\/\/www.suno.com.br\/noticias\/wp-json\/wp\/v2\/media?parent=422274"}],"wp:term":[{"taxonomy":"category","embeddable":true,"href":"https:\/\/www.suno.com.br\/noticias\/wp-json\/wp\/v2\/categories?post=422274"},{"taxonomy":"post_tag","embeddable":true,"href":"https:\/\/www.suno.com.br\/noticias\/wp-json\/wp\/v2\/tags?post=422274"},{"taxonomy":"suno_strategy","embeddable":true,"href":"https:\/\/www.suno.com.br\/noticias\/wp-json\/wp\/v2\/suno_strategy?post=422274"}],"curies":[{"name":"wp","href":"https:\/\/api.w.org\/{rel}","templated":true}]}}