{"id":422224,"date":"2023-06-27T21:57:13","date_gmt":"2023-06-28T00:57:13","guid":{"rendered":"https:\/\/www.suno.com.br\/noticias\/?p=422224"},"modified":"2023-06-27T21:57:25","modified_gmt":"2023-06-28T00:57:25","slug":"radar-via-viia3-magazine-luiza-mglu3-telefonica-vivt3-neoenergia-neoe3","status":"publish","type":"post","link":"https:\/\/www.suno.com.br\/noticias\/radar-via-viia3-magazine-luiza-mglu3-telefonica-vivt3-neoenergia-neoe3\/","title":{"rendered":"Radar: Via (VIIA3) e Magazine Luiza (MGLU3) caem na Bolsa, banco eleva pre\u00e7o-alvo de Telef\u00f4nica (VIVT3) e Neoenergia (NEOE3) anuncia  JCP milion\u00e1rio"},"content":{"rendered":"<p>As a\u00e7\u00f5es de&nbsp;<strong><a href=\"https:\/\/www.suno.com.br\/acoes\/viia3\/\">Via<\/a><\/strong><a href=\"https:\/\/www.suno.com.br\/acoes\/viia3\/\">&nbsp;(VIIA3)<\/a>&nbsp;e&nbsp;<a href=\"https:\/\/www.suno.com.br\/acoes\/MGLU3\/\" target=\"_blank\" rel=\"noreferrer noopener\">Magazine Luiza (MGLU3)<\/a>&nbsp;figuraram no campo negativo do Ibovespa desta ter\u00e7a-feira (27), pressionadas pela divulga\u00e7\u00e3o da Ata do Comit\u00ea de&nbsp;<a href=\"https:\/\/www.suno.com.br\/artigos\/politica-monetaria\/\" target=\"_blank\" rel=\"noreferrer noopener\">Pol\u00edtica Monet\u00e1ria<\/a>&nbsp;(<strong>Copom<\/strong>). O documento do Banco Central (BC) afirmou que manter\u00e1 a taxa no patamar atual \u201cat\u00e9 que se consolide n\u00e3o apenas o processo de desinfla\u00e7\u00e3o como tamb\u00e9m a ancoragem das expectativas em torno de suas metas\u201d.<\/p>\t<div class=\"wrapper-featured-image\">\n\t\t<figure class=\"spotlightImg\">\n\n\t\t\t<picture>\n\t\t\t\t<source media=\"(max-width: 768px)\" srcset=\"https:\/\/files.sunoresearch.com.br\/n\/uploads\/2023\/05\/agenda-bradesco-bbdc4-via-viia3-payroll-eua-apple-400x200.jpg\">\n\t\t\t\t<img loading=\"lazy\" decoding=\"async\" class=\"newsContent__article__imgCapa lazyloadDisabled \" src=\"https:\/\/files.sunoresearch.com.br\/n\/uploads\/2023\/05\/agenda-bradesco-bbdc4-via-viia3-payroll-eua-apple-800x450.jpg\" width=\"800\" height=\"450\" alt=\"Radar: Via (VIIA3) e Magazine Luiza (MGLU3) caem na Bolsa, banco eleva pre\u00e7o-alvo de Telef\u00f4nica (VIVT3) e Neoenergia (NEOE3) anuncia  JCP milion\u00e1rio\" fetchpriority=high \/>\n\t\t\t<\/picture>\n\n\t\t\t<figcaption class=\"wp-caption-text wp-caption-text--show\">D\u00f3lar em queda ap\u00f3s dados do payroll: impacto nas finan\u00e7as globais e brasileiras. Foto: Unsplash<\/figcaption>\n\t\t<\/figure>\n\t<\/div>\n\n\n\n\n\n\t<p>\n\t\t<a href=\"https:\/\/lp.suno.com.br\/planilha-da-vida-financeira\/\" target=\"_blank\" data-element=\"shortcode-suno-banner\" title=\"Banner SUNO, clique e saiba mais\">\n\t\t\t<picture>\n\t\t\t\t<source media=\"(max-width: 500px)\" srcset=\"https:\/\/files.sunoresearch.com.br\/n\/uploads\/2023\/04\/400x300-Planilha-vida-financeira-true.png\">\n\t\t\t\t<img class=\"newsContent__article__imgCapa newsContent__article__imgCapa--banner\"\n\t\t\t\t\tsrc=\"https:\/\/files.sunoresearch.com.br\/n\/uploads\/2023\/04\/1420x240-Planilha-vida-financeira-true.png\"\n\t\t\t\t\tdata-promo-id=\"106682\"\t\t\t\t\t\t\t\t\t\twidth='1420' height='240'\t\t\t\t\talt=\"https:\/\/files.sunoresearch.com.br\/n\/uploads\/2023\/04\/1420x240-Planilha-vida-financeira-true.png\"\n\t\t\t\t>\n\t\t\t<\/picture>\n\t\t<\/a>\n\t<\/p>\n\n\n\n\n\n\n\n<p>No fechamento, os&nbsp;<strong>pap\u00e9is da Via<\/strong>&nbsp;recuaram 2,68%, cotados a R$ 2,18, enquanto os&nbsp;<strong>ativos do Magazine Luiza<\/strong>&nbsp;tamb\u00e9m ca\u00edram 0,58%, a R$ 3,38. As a\u00e7\u00f5es ordin\u00e1rias de&nbsp;<a href=\"https:\/\/www.suno.com.br\/acoes\/lren3\/\">Lojas Renner (LREN3)<\/a>&nbsp;cediam 2,54%, a R$ 21,09, assim como as da&nbsp;<a href=\"https:\/\/www.suno.com.br\/acoes\/petz3\/\">Petz (PETZ3)<\/a>, que sofriam baixa de 5,42%, cotadas a R$ 6,28.<\/p>\n\n\n\n<p>Em resumo, a&nbsp;<strong>Ata do Copom<\/strong>&nbsp;mostrou diverg\u00eancias sobre os pr\u00f3ximos passos da&nbsp;<strong>pol\u00edtica monet\u00e1ria<\/strong>&nbsp;do Brasil, destacando que j\u00e1 h\u00e1 consenso para \u201cum processo parcimonioso de inflex\u00e3o na pr\u00f3xima reuni\u00e3o\u201d.<\/p>\n\n\n\n<p>Contudo, ainda h\u00e1 um grupo de diretores que \u00e9 mais conservador e que enfatizou que o processo de desinfla\u00e7\u00e3o ainda \u00e9 fruto de n\u00facleos que s\u00e3o vol\u00e1teis dentro do indicador oficial. O grupo pediu, ainda, mais cautela e reancoragem das expectativas.<\/p>\n\n\n\n<p>\u201cPara as varejistas, isso \u00e9 um sinal negativo, uma vez que, em geral, os juros nos atuais patamares mant\u00eam o cen\u00e1rio desafiador. No caso de Magazine Luiza, al\u00e9m do cen\u00e1rio macroecon\u00f4mico, os donos da KaBum! falaram publicamente sobre a disputa judicial envolvendo a venda da empresa para a Magazine Luiza. Tal comunicado tamb\u00e9m pode trazer mais volatilidade para o papel\u201d, afirmou Heitor De Nicola, especialista de renda vari\u00e1vel e s\u00f3cio da Acqua Vero.<\/p>\n\n\n\n<p>A decis\u00e3o do Copom tamb\u00e9m abalou empresas de outros setores, Por volta do mesmo hor\u00e1rio, os pap\u00e9is de&nbsp;<a href=\"https:\/\/www.suno.com.br\/acoes\/eztc3\/\">Eztec (EZTC3)<\/a>&nbsp;cediam 3,91%, cotados a R$ 17,44, e&nbsp;<a href=\"https:\/\/www.suno.com.br\/acoes\/mrve3\/\">MRV (MRVE3)<\/a>&nbsp;ca\u00edam 4,91%, a R$ 10,27.<\/p>\n\n\n\n<p>Al\u00e9m de Via, confira outros destaques desta ter\u00e7a-feira:<\/p>\n\n\n\n<h2 class=\"wp-block-heading\">Telef\u00f4nica (VIVT3): banco v\u00ea grande potencial de dividendos, eleva pre\u00e7o-alvo e recomenda compra das a\u00e7\u00f5es<\/h2>\n\n\n\n<ul class=\"wp-block-list\">\n<li>De olho no potencial de&nbsp;<a href=\"https:\/\/www.suno.com.br\/guias\/dividendos\/\" target=\"_blank\" rel=\"noreferrer noopener\">distribui\u00e7\u00e3o de dividendos<\/a>, o&nbsp;<strong>UBS BB&nbsp;<\/strong>manteve nesta ter\u00e7a-feira (27) recomenda\u00e7\u00e3o de compra para a\u00e7\u00f5es da<strong>&nbsp;Telef\u00f4nica Brasil<\/strong>, dona da&nbsp;<a href=\"https:\/\/www.suno.com.br\/acoes\/VIVT3\/\" target=\"_blank\" rel=\"noreferrer noopener\"><strong>Vivo (VIVT3)<\/strong><\/a>.<\/li>\n<\/ul>\n\n\n\n<ul class=\"wp-block-list\">\n<li>Com isso, o banco aumentou o pre\u00e7o-alvo das&nbsp;<strong>a\u00e7\u00f5es da Telef\u00f4nica<\/strong>&nbsp;em 6%, de R$ 48 para R$ 51. A&nbsp;<strong>equipe do UBS BB<\/strong>&nbsp;cita uma melhora na&nbsp;<a href=\"https:\/\/www.suno.com.br\/artigos\/geracao-de-caixa\/\" target=\"_blank\" rel=\"noreferrer noopener\">gera\u00e7\u00e3o de caixa<\/a>&nbsp;devido a um menor investimento em capital (capex) em rela\u00e7\u00e3o \u00e0s vendas, resultando em um&nbsp;<a href=\"https:\/\/www.suno.com.br\/artigos\/fluxo-caixa-livre\/\" target=\"_blank\" rel=\"noreferrer noopener\">fluxo de caixa livre<\/a>&nbsp;(FCF) de 9,6% em 2024.<\/li>\n<\/ul>\n\n\n\n<ul class=\"wp-block-list\">\n<li>Al\u00e9m disso, o banco aponta que s\u00e3o esperados estimativas de lucro mais altas em fun\u00e7\u00e3o de menores despesas com&nbsp;<a href=\"https:\/\/www.suno.com.br\/artigos\/depreciacao-amortizacao\/\" target=\"_blank\" rel=\"noreferrer noopener\">deprecia\u00e7\u00e3o e amortiza\u00e7\u00e3o<\/a>&nbsp;(D&amp;A) e opera\u00e7\u00f5es s\u00f3lidas em todas as unidades de&nbsp;<strong>neg\u00f3cio da Telef\u00f4nica<\/strong>.<\/li>\n<\/ul>\n\n\n\n<ul class=\"wp-block-list\">\n<li>\u201cAcreditamos que ambos os fatores podem abrir caminho para melhores distribui\u00e7\u00f5es de&nbsp;<a href=\"https:\/\/www.suno.com.br\/guias\/dividendos\/\" target=\"_blank\" rel=\"noreferrer noopener\">dividendos<\/a>&nbsp;no futuro, com um&nbsp;<strong>dividend yield&nbsp;<\/strong>de aproximadamente 6% no&nbsp;<a href=\"https:\/\/www.suno.com.br\/artigos\/curto-prazo\/\" target=\"_blank\" rel=\"noreferrer noopener\">curto prazo<\/a>, expandindo ainda mais para 7% em 2025 e mais de 8% em 2026\u201d, projeta o UBS BB.<\/li>\n<\/ul>\n\n\n\n<h2 class=\"wp-block-heading\">Neoenergia (NEOE3) anuncia JCP de R$ 387 milh\u00f5es; veja o valor por a\u00e7\u00e3o e quando ser\u00e1 pago<\/h2>\n\n\n\n<ul class=\"wp-block-list\">\n<li>O&nbsp;<a href=\"https:\/\/www.suno.com.br\/artigos\/conselho-administracao\/\" target=\"_blank\" rel=\"noreferrer noopener\">conselho de administra\u00e7\u00e3o<\/a>&nbsp;da&nbsp;<strong>Neoenergia<\/strong>&nbsp;(<a href=\"https:\/\/www.suno.com.br\/acoes\/neoe3\/\" target=\"_blank\" rel=\"noreferrer noopener\">NEOE3<\/a>) aprovou o pagamento de&nbsp;<a href=\"https:\/\/www.suno.com.br\/artigos\/entenda-o-jcp\/\" target=\"_blank\" rel=\"noreferrer noopener\">juros sobre capital pr\u00f3prio<\/a>&nbsp;(JCP) no valor de R$ 387,059 milh\u00f5es, conforme decidido em reuni\u00e3o realizada hoje (27).<\/li>\n<\/ul>\n\n\n\n<ul class=\"wp-block-list\">\n<li>Os novos&nbsp;<strong>JCP da Neoenergia<\/strong>&nbsp;se baseiam nos resultados do primeiro semestre de 2023, apurados at\u00e9 30 de junho. O valor por a\u00e7\u00e3o ordin\u00e1ria dos proventos ser\u00e1 de R$ 0,3193.<\/li>\n<\/ul>\n\n\n\n<ul class=\"wp-block-list\">\n<li>O pagamento dos&nbsp;<strong>juros sobre capital pr\u00f3prio da Neoenergia<\/strong>&nbsp;ser\u00e1 feito em dezembro de 2023, sem atualiza\u00e7\u00e3o monet\u00e1ria.<\/li>\n<\/ul>\n\n\n\n<ul class=\"wp-block-list\">\n<li>A partir de 3 de julho de 2023, as a\u00e7\u00f5es da Neoenergia passar\u00e3o a ser negociadas como \u201cex-JCP\u201d, ou seja, sem direito aos proventos. Sendo assim, a data de corte para receber os proventos \u00e9 at\u00e9 30 de junho.<\/li>\n<\/ul>\n\n\n\n<ul class=\"wp-block-list\">\n<li>Sobre o valor bruto deliberado pelo conselho de administra\u00e7\u00e3o da empresa, ser\u00e1 deduzido o Imposto de Renda, com exce\u00e7\u00e3o dos acionistas que tenham comprovado, junto ao&nbsp;<a href=\"https:\/\/www.suno.com.br\/acoes\/ITUB4\/\" target=\"_blank\" rel=\"noreferrer noopener\">Ita\u00fa (ITUB4)<\/a>, a condi\u00e7\u00e3o de serem dispensados dessa tributa\u00e7\u00e3o.<\/li>\n<\/ul>\n\n\n\n<ul class=\"wp-block-list\">\n<li>A Neoenergia \u00e9 uma holding do grupo Iberdrola da Espanha, um dos mais relevantes grupos privados do setor el\u00e9trico do Brasil em quantidade de clientes.<\/li>\n<\/ul>\n\n\n\n<h2 class=\"wp-block-heading\"><a><\/a>JCP de Neoenergia<\/h2>\n\n\n\n<ul class=\"wp-block-list\">\n<li>Valor bruto: R$ 387.059.000,00<\/li>\n\n\n\n<li>Valor bruto por a\u00e7\u00e3o: R$ 0,3193050597<\/li>\n\n\n\n<li>Data de corte: 30 de junho de 2023<\/li>\n\n\n\n<li>Data de pagamento: dezembro de 2023<\/li>\n<\/ul>\n\n\n\t<p>\n\t\t<a href=\"https:\/\/lp.suno.com.br\/ebook-como-analisar-uma-acao\/\" target=\"_blank\" data-element=\"shortcode-suno-banner\" title=\"Banner SUNO, clique e saiba mais\">\n\t\t\t<picture>\n\t\t\t\t<source media=\"(max-width: 500px)\" srcset=\"https:\/\/files.sunoresearch.com.br\/n\/uploads\/2023\/03\/Ebook-Acoes-Mobile.jpg\">\n\t\t\t\t<img class=\"newsContent__article__imgCapa newsContent__article__imgCapa--banner\"\n\t\t\t\t\tsrc=\"https:\/\/files.sunoresearch.com.br\/n\/uploads\/2023\/03\/Ebook-Acoes-Desktop.jpg\"\n\t\t\t\t\tdata-promo-id=\"378302\"\t\t\t\t\t\t\t\t\t\twidth='1420' height='286'\t\t\t\t\talt=\"https:\/\/files.sunoresearch.com.br\/n\/uploads\/2023\/03\/Ebook-Acoes-Desktop.jpg\"\n\t\t\t\t>\n\t\t\t<\/picture>\n\t\t<\/a>\n\t<\/p>\n\n\n\n\n\n<h2 class=\"wp-block-heading\">Sanepar (SAPR11) vai distribuir R$ 268 milh\u00f5es em JCP; veja valor por a\u00e7\u00e3o<\/h2>\n\n\n\n<ul class=\"wp-block-list\">\n<li>A<strong>&nbsp;<\/strong><a href=\"https:\/\/www.suno.com.br\/noticias\/sanepar-sapr11-investimentos-apucarana\/\"><strong>Sanepar (SAPR11)<\/strong>&nbsp;<\/a>vai pagar R$ 268 milh\u00f5es em<strong>&nbsp;Juros Sobre Capital Pr\u00f3prio (JCP)<\/strong>&nbsp;aos seus acionistas, segundo fato relevante divulgado hoje.<\/li>\n<\/ul>\n\n\n\n<ul class=\"wp-block-list\">\n<li>O valor dos proventos por&nbsp;<strong>a\u00e7\u00e3o da Sanepar<\/strong>&nbsp;ser\u00e1 de R$ 0,16 por a\u00e7\u00e3o ordin\u00e1ria e R$ 0,18 por a\u00e7\u00e3o preferencial, que ser\u00e3o pagos em data a definir por assembleia.<\/li>\n<\/ul>\n\n\n\n<ul class=\"wp-block-list\">\n<li>Apenas os investidores com&nbsp;<strong>a\u00e7\u00f5es da Sanepar<\/strong>&nbsp;no dia 30 de junho ter\u00e3o direito de receber os JCP. A partir do dia 03 de julho as a\u00e7\u00f5es ser\u00e3o negociadas sem direito aos&nbsp;<strong>dividendos<\/strong>.<\/li>\n<\/ul>\n\n\n\n<ul class=\"wp-block-list\">\n<li>Segundo documento arquivado na&nbsp;<strong><a href=\"https:\/\/www.suno.com.br\/noticias\/americanas-amer3-cvm-inicia-processo-integrante\/\">Comiss\u00e3o de Valores Mobili\u00e1rios (CVM)<\/a><\/strong>, esses proventos fazem parte dos dividendos obrigat\u00f3rios do exerc\u00edcio de 2023.<\/li>\n<\/ul>\n\n\n\n<ul class=\"wp-block-list\">\n<li>O&nbsp;<strong>valor dos<\/strong>&nbsp;<strong>JCP<\/strong>&nbsp;ter\u00e1 reten\u00e7\u00e3o do<a href=\"https:\/\/www.suno.com.br\/noticias\/imposto-renda-caiu-malha-fina-dicas\/\">&nbsp;imposto de renda<\/a>&nbsp;na fonte, com al\u00edquota de 15%, resultando em aproximadamente R$ 0,13 por a\u00e7\u00e3o ordin\u00e1ria e R$ 0,15 por a\u00e7\u00e3o preferencial.<\/li>\n<\/ul>\n\n\n\n<h2 class=\"wp-block-heading\">Ibovespa vai subir mais: banco projeta 140 mil pontos para o \u00edndice em um ano; entenda<\/h2>\n\n\n\n<ul class=\"wp-block-list\">\n<li>Em relat\u00f3rio divulgado nesta ter\u00e7a-feira (27), o&nbsp;<strong>Santander<\/strong>&nbsp;projeta que o<strong>&nbsp;<\/strong>Ibovespa<strong>&nbsp;<\/strong>pode chegar entre 140 mil a 153 mil pontos em doze meses ap\u00f3s o primeiro corte de juros. Neste cen\u00e1rio, o banco acredita que a bolsa brasileira pode estar em est\u00e1gios iniciais de um Bull Market c\u00edclico<strong>&nbsp;<\/strong>com dura\u00e7\u00e3o de 18 meses.<\/li>\n<\/ul>\n\n\n\n<ul class=\"wp-block-list\">\n<li>Hoje, no entanto, o Ibovespa teve sua&nbsp;<a href=\"https:\/\/www.suno.com.br\/noticias\/ibovespa-hoje-27062023-ata-copom-vale3-sobe-alpa4-tomba\/\">segunda queda seguida<\/a>, aos 117,5 mil pontos. Mas o&nbsp;<strong>\u00edndice da B3<\/strong>&nbsp;vem de uma sequ\u00eancia de 7 altas semanais consecutivas, chegando aos 120 mil pontos.<\/li>\n<\/ul>\n\n\n\n<ul class=\"wp-block-list\">\n<li>\u201cA recente melhora nos dados macroecon\u00f4micos e de sentimento de otimismo com um poss\u00edvel corte de juros no segundo semestre deste ano sinalizam que as partes complexas do cen\u00e1rio de&nbsp;<a href=\"https:\/\/www.suno.com.br\/noticias\/copom-investimentos-manutencao-selic-analistas-respondem\/\">investimentos<\/a>&nbsp;est\u00e3o come\u00e7ando a se alinhar, criando um quadro mais coerente e promissor para as&nbsp;<strong>a\u00e7\u00f5es brasileiras no Ibovespa<\/strong>\u201d, afirma a&nbsp;<strong>equipe do Santander<\/strong>.<\/li>\n<\/ul>\n\n\n\n<ul class=\"wp-block-list\">\n<li>Entre os pontos favor\u00e1veis para consolida\u00e7\u00e3o desse&nbsp;<strong>cen\u00e1rio no Ibovespa<\/strong>, o banco cita que os<strong>&nbsp;valuations&nbsp;<\/strong>da<strong>&nbsp;bolsa brasileira<\/strong>&nbsp;est\u00e3o com um desvio padr\u00e3o abaixo da m\u00e9dia hist\u00f3rica de 15 anos, o que resultaria em uma reclassifica\u00e7\u00e3o diante de um ciclo de corte de juros. \u201cDe acordo com nosso estudo, no qual analisamos os 9 ciclos anteriores de flexibiliza\u00e7\u00e3o monet\u00e1ria, o Ibovespa subiu, em m\u00e9dia, 21% e 43%,12 meses e 24 meses ap\u00f3s o 1\u00ba corte de juros, respectivamente.\u201d<\/li>\n<\/ul>\n\n\n\n<h2 class=\"wp-block-heading\">Yduqs (YDUQ3): CVM absolve empresa e sete diretores; veja os motivos<\/h2>\n\n\n\n<ul class=\"wp-block-list\">\n<li>O Colegiado da&nbsp;<a href=\"https:\/\/www.suno.com.br\/artigos\/cvm\/\" target=\"_blank\" rel=\"noreferrer noopener\">Comiss\u00e3o de Valores Mobili\u00e1rios (CVM)<\/a>&nbsp;absolveu nesta ter\u00e7a-feira, 27, o grupo&nbsp;<a href=\"https:\/\/www.suno.com.br\/acoes\/yduq3\/\" target=\"_blank\" rel=\"noreferrer noopener\">Yduqs (YDUQ3)<\/a>&nbsp;e sete de seus diretores em um processo por suposta inobserv\u00e2ncia do dever de guardar documentos relativos \u00e0s atividades administrativas da companhia. Foram absolvidos Gilberto Teixeira de Castro, Jo\u00e3o Luis Tenreiro Barroso, Marcos de Oliveira Lemos, Miguel Filisbino Pereira de Paula, Pedro Jorge Guterres Quintans Gra\u00e7as, Rog\u00e9rio Frota Melzi e Virg\u00edlio Deloy Capobianco Gibbon.<\/li>\n<\/ul>\n\n\n\n<ul class=\"wp-block-list\">\n<li>Votaram pela&nbsp;<strong>absolvi\u00e7\u00e3o dos executivos da Yduqs<\/strong>&nbsp;o diretor relator, Jo\u00e3o Accioly, acompanhado pelo presidente Jo\u00e3o Pedro Nascimento e a diretora Flavia Perlingeiro. O diretor Otto Lobo est\u00e1 de f\u00e9rias.<\/li>\n<\/ul>\n\n\n\n<ul class=\"wp-block-list\">\n<li>O&nbsp;<strong>processo contra a Yduqs<\/strong>&nbsp;teve origem em um inqu\u00e9rito que apurava se um&nbsp;<strong>ex-membro do Conselho de Administra\u00e7\u00e3o<\/strong>&nbsp;da Est\u00e1cio Participa\u00e7\u00f5es S.A. (nome antigo da Yduqs) teria operado com informa\u00e7\u00f5es privilegiadas e se a companhia teria observado a obriga\u00e7\u00e3o legal de guardar documentos relativos \u00e0s atividades da administra\u00e7\u00e3o.<\/li>\n<\/ul>\n\n\n\n<ul class=\"wp-block-list\">\n<li>De acordo com a acusa\u00e7\u00e3o, o ex-membro do conselho teria lan\u00e7ado op\u00e7\u00f5es de venda de&nbsp;<strong>a\u00e7\u00f5es da Yduqs<\/strong>&nbsp;em nome da sua esposa em tr\u00eas preg\u00f5es anteriores \u00e0 divulga\u00e7\u00e3o de&nbsp;<a href=\"https:\/\/www.suno.com.br\/artigos\/fato-relevante\/\" target=\"_blank\" rel=\"noreferrer noopener\">fato relevante<\/a>&nbsp;que informava sobre o terceiro Programa de&nbsp;<a href=\"https:\/\/www.suno.com.br\/artigos\/recompra-de-acoes\/\" target=\"_blank\" rel=\"noreferrer noopener\">Recompra de A\u00e7\u00f5es<\/a>&nbsp;da Est\u00e1cio. A opera\u00e7\u00e3o rendeu R$ 5,538 milh\u00f5es ao executivo.<\/li>\n<\/ul>\n\n\n\n<ul class=\"wp-block-list\">\n<li>A acusa\u00e7\u00e3o sustentava que o<strong>&nbsp;executivo da Yduqs<\/strong>&nbsp;teria tido acesso \u00e0s informa\u00e7\u00f5es antes da divulga\u00e7\u00e3o do fato relevante, mas a empresa n\u00e3o foi capaz de informar a data exata em que o ex-conselheiro teria descoberto a informa\u00e7\u00e3o. Assim, a CVM decidiu pelo arquivamento da investiga\u00e7\u00e3o contra o executivo e pela responsabiliza\u00e7\u00e3o dos diretores estatut\u00e1rios e da Yduqs por inobserv\u00e2ncia da obriga\u00e7\u00e3o de guardar documentos relativos \u00e0 administra\u00e7\u00e3o da companhia, pela n\u00e3o apresenta\u00e7\u00e3o de arquivo magn\u00e9tico do Portal de Governan\u00e7a.<\/li>\n<\/ul>\n\n\n\n<h2 class=\"wp-block-heading\">B3 (B3SA3): margens de negocia\u00e7\u00e3o devem melhorar; analistas recomendam compra<\/h2>\n\n\n\n<ul class=\"wp-block-list\">\n<li>O&nbsp;<strong>Ita\u00fa BBA<\/strong>&nbsp;manteve sua recomenda\u00e7\u00e3o \u2018outperform\u2019, equivalente a compra, para as a\u00e7\u00f5es da&nbsp;<strong><a href=\"https:\/\/www.suno.com.br\/acoes\/B3SA3\/\" target=\"_blank\" rel=\"noreferrer noopener\"><strong>B3<\/strong>&nbsp;(B3SA3)<\/a><\/strong>. O banco avaliou que, al\u00e9m de maiores volumes, come\u00e7a a enxergar um crescimento do otimismo sobre o n\u00edvel m\u00e9dio das margens de negocia\u00e7\u00e3o cobradas pela bolsa brasileira.<\/li>\n<\/ul>\n\n\n\n<ul class=\"wp-block-list\">\n<li>\u201cCom a&nbsp;<strong>retomada dos volumes da B<\/strong>3, esperamos que a necessidade de&nbsp;<a href=\"https:\/\/www.suno.com.br\/artigos\/hft-high-frequency-trading\/\">HFTs [opera\u00e7\u00f5es de alta frequ\u00eancia]<\/a>&nbsp;atuarem como formadores de mercado diminua. Assim, assumimos que a B3 reduzir\u00e1 os benef\u00edcios que oferece \u00e0 medida que os volumes aumentam\u201d, afirmaram os analistas Pedro Leduc, William Barranjard e Mateus Raffaelli.<\/li>\n<\/ul>\n\n\n\n<ul class=\"wp-block-list\">\n<li>Acrescentaram ainda que, nesse cen\u00e1rio, \u201cas&nbsp;<strong>receitas da B3<\/strong>&nbsp;provavelmente receberiam um impulso adicional de pre\u00e7os maiores por meio de um mix de volumes favor\u00e1vel\u201d. O&nbsp;<strong>Ita\u00fa BBA<\/strong>&nbsp;avalia o pre\u00e7o justo das a\u00e7\u00f5es em R$ 17, com upside de 21% sobre os R$ 14 negociados no preg\u00e3o de hoje.<\/li>\n<\/ul>\n\n\n\n<h2 class=\"wp-block-heading\">Ita\u00fa (ITUB4) vende 10 milh\u00f5es de a\u00e7\u00f5es da XP<\/h2>\n\n\n\n<ul class=\"wp-block-list\">\n<li>O&nbsp;<a href=\"https:\/\/www.suno.com.br\/acoes\/ITUB4\/\" target=\"_blank\" rel=\"noreferrer noopener\"><strong>Ita\u00fa&nbsp;<\/strong>Unibanco (ITUB4)<\/a>&nbsp;se desfez de um lote de 10 milh\u00f5es de a\u00e7\u00f5es da XP (XPBR31) na Nasdaq, conforme comunicado pela corretora na Securities and Exchange Comission (SEC). A venda foi realizada na segunda (26).<\/li>\n<\/ul>\n\n\n\n<ul class=\"wp-block-list\">\n<li>Com a&nbsp;<strong>venda feita pelo Ita\u00fa<\/strong>&nbsp;as a\u00e7\u00f5es da XP caem cerca de 3,4% no preg\u00e3o desta ter\u00e7a (27), ante retra\u00e7\u00e3o de 1,2% na v\u00e9spera.<\/li>\n<\/ul>\n\n\n\n<ul class=\"wp-block-list\">\n<li>Os pap\u00e9is foram vendidos pelo Ita\u00fa a US$ 22,18 cada, totalizando US$ 221,8 milh\u00f5es na venda.<\/li>\n<\/ul>\n\n\n\n<ul class=\"wp-block-list\">\n<li>Antes da venda, no dia 9 de junho, o banco brasileiro detinha uma participa\u00e7\u00e3o societ\u00e1ria de 10,5% na corretora, conforme as informa\u00e7\u00f5es de&nbsp;<a href=\"https:\/\/www.suno.com.br\/artigos\/relacoes-com-investidores\/\" target=\"_blank\" rel=\"noreferrer noopener\">Rela\u00e7\u00f5es com Investidores<\/a>&nbsp;(RI) da&nbsp;<strong>XP<\/strong>.<\/li>\n<\/ul>\n\n\n\n<p>Da Via \u00e0 Neoenergia, essas foram as empresas que se destacaram hoje. Para ler todas as mat\u00e9rias&nbsp;<strong><a href=\"https:\/\/www.suno.com.br\/noticias\/todos\/?utm_content=XYOE2ItQuUY.20201113&amp;utm_campaign=Track%2B&amp;utm_medium=video&amp;utm_source=telegram.sunoresearch\" target=\"_blank\" rel=\"noreferrer noopener\">clique aqui<\/a><\/strong>.<a href=\"https:\/\/lp.suno.com.br\/pv\/sr-fiis\/oferta-relampago-40off\/\" target=\"_blank\" rel=\"noreferrer noopener\"><\/a><a href=\"https:\/\/lp.suno.com.br\/suno-one\/\" target=\"_blank\" rel=\"noreferrer noopener\"><\/a><a href=\"https:\/\/lp.suno.com.br\/pv\/sr-start\/aniversario-2023\/\" target=\"_blank\" rel=\"noreferrer noopener\"><\/a><a href=\"https:\/\/lp.suno.com.br\/suno-one\/\" target=\"_blank\" rel=\"noreferrer noopener\"><\/a><\/p>\n\n\n\t<p>\n\t\t<a href=\"https:\/\/lp.suno.com.br\/suno-one\/?utm_campaign=_SNC6964518A_\" target=\"_blank\" data-element=\"shortcode-suno-banner\" title=\"Banner SUNO, clique e saiba mais\">\n\t\t\t<picture>\n\t\t\t\t<source media=\"(max-width: 500px)\" srcset=\"https:\/\/files.sunoresearch.com.br\/n\/uploads\/2025\/09\/400x300-Suno-One-png.webp\">\n\t\t\t\t<img class=\"newsContent__article__imgCapa newsContent__article__imgCapa--banner\"\n\t\t\t\t\tsrc=\"https:\/\/files.sunoresearch.com.br\/n\/uploads\/2025\/09\/1420x240-Suno-One-png.webp\"\n\t\t\t\t\tdata-promo-id=\"383121\"\t\t\t\t\t\t\t\t\t\twidth='1420' height='240'\t\t\t\t\talt=\"https:\/\/files.sunoresearch.com.br\/n\/uploads\/2025\/09\/1420x240-Suno-One-png.webp\"\n\t\t\t\t>\n\t\t\t<\/picture>\n\t\t<\/a>\n\t<\/p>\n\n\n","protected":false},"excerpt":{"rendered":"<p>As a\u00e7\u00f5es de&nbsp;Via&nbsp;(VIIA3)&nbsp;e&nbsp;Magazine Luiza (MGLU3)&nbsp;figuraram no campo negativo do Ibovespa desta ter\u00e7a-feira (27), pressionadas pela divulga\u00e7\u00e3o da Ata do Comit\u00ea de&nbsp;Pol\u00edtica Monet\u00e1ria&nbsp;(Copom). O documento do Banco Central (BC) afirmou que manter\u00e1 a taxa no patamar atual \u201cat\u00e9 que se consolide n\u00e3o apenas o processo de desinfla\u00e7\u00e3o como tamb\u00e9m a ancoragem das expectativas em torno de [&hellip;]<\/p>\n","protected":false},"author":227,"featured_media":399974,"comment_status":"closed","ping_status":"closed","sticky":false,"template":"","format":"standard","meta":[],"categories":[64],"tags":[367,519,548,575,622,659,106935,2363],"suno_strategy":[],"class_list":["post-422224","post","type-post","status-publish","format-standard","has-post-thumbnail","hentry","category-negocios","tag-b3-b3sa3","tag-itau-unibanco-itub3-itub4","tag-magazine-luiza-mglu3","tag-neoenergia-neoe3","tag-sanepar-sapr11-sapr3-sapr4","tag-telefonica-vivt3","tag-via-viia3","tag-yduqs-yduq3"],"yoast_head":"<!-- This site is optimized with the Yoast SEO plugin v24.4 - https:\/\/yoast.com\/wordpress\/plugins\/seo\/ -->\n<title>Radar: Via (VIIA3) e Magazine Luiza (MGLU3) caem na Bolsa, banco eleva pre\u00e7o-alvo de Telef\u00f4nica (VIVT3) e Neoenergia (NEOE3) anuncia JCP milion\u00e1rio<\/title>\n<meta name=\"description\" content=\"Via (VIIA3) e Magazine Luiza (MGLU3) caem na Bolsa, banco eleva pre\u00e7o-alvo de Telef\u00f4nica (VIVT3) e Neoenergia (NEOE3) anuncia valor de JCP\" \/>\n<meta name=\"robots\" content=\"index, follow, max-snippet:-1, max-image-preview:large, max-video-preview:-1\" \/>\n<link rel=\"canonical\" href=\"https:\/\/www.suno.com.br\/noticias\/radar-via-viia3-magazine-luiza-mglu3-telefonica-vivt3-neoenergia-neoe3\/\" \/>\n<meta property=\"og:locale\" content=\"pt_BR\" \/>\n<meta property=\"og:type\" content=\"article\" \/>\n<meta property=\"og:title\" content=\"Radar: Via (VIIA3) e Magazine Luiza (MGLU3) caem na Bolsa, banco eleva pre\u00e7o-alvo de Telef\u00f4nica (VIVT3) e Neoenergia (NEOE3) anuncia JCP milion\u00e1rio\" \/>\n<meta property=\"og:description\" content=\"Via (VIIA3) e Magazine Luiza (MGLU3) caem na Bolsa, banco eleva pre\u00e7o-alvo de Telef\u00f4nica (VIVT3) e Neoenergia (NEOE3) anuncia valor de JCP\" \/>\n<meta property=\"og:url\" content=\"https:\/\/www.suno.com.br\/noticias\/radar-via-viia3-magazine-luiza-mglu3-telefonica-vivt3-neoenergia-neoe3\/\" \/>\n<meta property=\"og:site_name\" content=\"Suno Not\u00edcias\" \/>\n<meta property=\"article:publisher\" content=\"https:\/\/facebook.com\/sunoresearch\" \/>\n<meta property=\"og:image\" content=\"https:\/\/files.sunoresearch.com.br\/n\/uploads\/2023\/05\/agenda-bradesco-bbdc4-via-viia3-payroll-eua-apple.jpg\" \/>\n\t<meta property=\"og:image:width\" content=\"1200\" \/>\n\t<meta property=\"og:image:height\" content=\"800\" \/>\n\t<meta property=\"og:image:type\" content=\"image\/jpeg\" \/>\n<meta name=\"author\" content=\"Vanessa Loiola\" \/>\n<meta name=\"twitter:card\" content=\"summary_large_image\" \/>\n<meta name=\"twitter:creator\" content=\"@sunoresearch\" \/>\n<meta name=\"twitter:site\" content=\"@sunoresearch\" \/>\n<meta name=\"twitter:label1\" content=\"Escrito por\" \/>\n\t<meta name=\"twitter:data1\" content=\"Vanessa Loiola\" \/>\n\t<meta name=\"twitter:label2\" content=\"Est. tempo de leitura\" \/>\n\t<meta name=\"twitter:data2\" content=\"10 minutos\" \/>\n<script type=\"application\/ld+json\" class=\"yoast-schema-graph\">{\"@context\":\"https:\/\/schema.org\",\"@graph\":[{\"@type\":\"NewsArticle\",\"@id\":\"https:\/\/www.suno.com.br\/noticias\/radar-via-viia3-magazine-luiza-mglu3-telefonica-vivt3-neoenergia-neoe3\/#article\",\"isPartOf\":{\"@id\":\"https:\/\/www.suno.com.br\/noticias\/radar-via-viia3-magazine-luiza-mglu3-telefonica-vivt3-neoenergia-neoe3\/\"},\"author\":{\"name\":\"Vanessa Loiola\",\"@id\":\"https:\/\/www.suno.com.br\/noticias\/#\/schema\/person\/450c455ecff319bab1f1a0e643451479\"},\"headline\":\"Radar: Via (VIIA3) e Magazine Luiza (MGLU3) caem na Bolsa, banco eleva pre\u00e7o-alvo de Telef\u00f4nica (VIVT3) e Neoenergia (NEOE3) anuncia JCP milion\u00e1rio\",\"datePublished\":\"2023-06-28T00:57:13+00:00\",\"dateModified\":\"2023-06-28T00:57:25+00:00\",\"mainEntityOfPage\":{\"@id\":\"https:\/\/www.suno.com.br\/noticias\/radar-via-viia3-magazine-luiza-mglu3-telefonica-vivt3-neoenergia-neoe3\/\"},\"wordCount\":1940,\"publisher\":{\"@id\":\"https:\/\/www.suno.com.br\/noticias\/#organization\"},\"image\":{\"@id\":\"https:\/\/www.suno.com.br\/noticias\/radar-via-viia3-magazine-luiza-mglu3-telefonica-vivt3-neoenergia-neoe3\/#primaryimage\"},\"thumbnailUrl\":\"https:\/\/files.sunoresearch.com.br\/n\/uploads\/2023\/05\/agenda-bradesco-bbdc4-via-viia3-payroll-eua-apple.jpg\",\"keywords\":[\"B3 (B3SA3)\",\"Ita\u00fa Unibanco (ITUB3\/ITUB4)\",\"Magazine Luiza (MGLU3)\",\"Neoenergia (NEOE3)\",\"Sanepar (SAPR11\/SAPR3\/SAPR4)\",\"Telef\u00f4nica (VIVT3)\",\"Via (VIIA3)\",\"Yduqs (YDUQ3)\"],\"articleSection\":[\"Neg\u00f3cios\"],\"inLanguage\":\"pt-BR\"},{\"@type\":\"WebPage\",\"@id\":\"https:\/\/www.suno.com.br\/noticias\/radar-via-viia3-magazine-luiza-mglu3-telefonica-vivt3-neoenergia-neoe3\/\",\"url\":\"https:\/\/www.suno.com.br\/noticias\/radar-via-viia3-magazine-luiza-mglu3-telefonica-vivt3-neoenergia-neoe3\/\",\"name\":\"Radar: Via (VIIA3) e Magazine Luiza (MGLU3) caem na Bolsa, banco eleva pre\u00e7o-alvo de Telef\u00f4nica (VIVT3) e Neoenergia (NEOE3) anuncia JCP milion\u00e1rio\",\"isPartOf\":{\"@id\":\"https:\/\/www.suno.com.br\/noticias\/#website\"},\"primaryImageOfPage\":{\"@id\":\"https:\/\/www.suno.com.br\/noticias\/radar-via-viia3-magazine-luiza-mglu3-telefonica-vivt3-neoenergia-neoe3\/#primaryimage\"},\"image\":{\"@id\":\"https:\/\/www.suno.com.br\/noticias\/radar-via-viia3-magazine-luiza-mglu3-telefonica-vivt3-neoenergia-neoe3\/#primaryimage\"},\"thumbnailUrl\":\"https:\/\/files.sunoresearch.com.br\/n\/uploads\/2023\/05\/agenda-bradesco-bbdc4-via-viia3-payroll-eua-apple.jpg\",\"datePublished\":\"2023-06-28T00:57:13+00:00\",\"dateModified\":\"2023-06-28T00:57:25+00:00\",\"description\":\"Via (VIIA3) e Magazine Luiza (MGLU3) caem na Bolsa, banco eleva pre\u00e7o-alvo de Telef\u00f4nica (VIVT3) e Neoenergia (NEOE3) anuncia valor de JCP\",\"breadcrumb\":{\"@id\":\"https:\/\/www.suno.com.br\/noticias\/radar-via-viia3-magazine-luiza-mglu3-telefonica-vivt3-neoenergia-neoe3\/#breadcrumb\"},\"inLanguage\":\"pt-BR\",\"potentialAction\":[{\"@type\":\"ReadAction\",\"target\":[\"https:\/\/www.suno.com.br\/noticias\/radar-via-viia3-magazine-luiza-mglu3-telefonica-vivt3-neoenergia-neoe3\/\"]}]},{\"@type\":\"ImageObject\",\"inLanguage\":\"pt-BR\",\"@id\":\"https:\/\/www.suno.com.br\/noticias\/radar-via-viia3-magazine-luiza-mglu3-telefonica-vivt3-neoenergia-neoe3\/#primaryimage\",\"url\":\"https:\/\/files.sunoresearch.com.br\/n\/uploads\/2023\/05\/agenda-bradesco-bbdc4-via-viia3-payroll-eua-apple.jpg\",\"contentUrl\":\"https:\/\/files.sunoresearch.com.br\/n\/uploads\/2023\/05\/agenda-bradesco-bbdc4-via-viia3-payroll-eua-apple.jpg\",\"width\":1200,\"height\":800,\"caption\":\"D\u00f3lar em queda ap\u00f3s dados do payroll: impacto nas finan\u00e7as globais e brasileiras. Foto: Unsplash\"},{\"@type\":\"BreadcrumbList\",\"@id\":\"https:\/\/www.suno.com.br\/noticias\/radar-via-viia3-magazine-luiza-mglu3-telefonica-vivt3-neoenergia-neoe3\/#breadcrumb\",\"itemListElement\":[{\"@type\":\"ListItem\",\"position\":1,\"name\":\"Not\u00edcias\",\"item\":\"https:\/\/www.suno.com.br\/noticias\/\"},{\"@type\":\"ListItem\",\"position\":2,\"name\":\"Neg\u00f3cios\",\"item\":\"https:\/\/www.suno.com.br\/noticias\/negocios\/\"},{\"@type\":\"ListItem\",\"position\":3,\"name\":\"Radar: Via (VIIA3) e Magazine Luiza (MGLU3) caem na Bolsa, banco eleva pre\u00e7o-alvo de Telef\u00f4nica (VIVT3) e Neoenergia (NEOE3) anuncia JCP milion\u00e1rio\"}]},{\"@type\":\"WebSite\",\"@id\":\"https:\/\/www.suno.com.br\/noticias\/#website\",\"url\":\"https:\/\/www.suno.com.br\/noticias\/\",\"name\":\"Suno Not\u00edcias\",\"description\":\"Seu portal de informa\u00e7\u00e3o sobre o mundo dos investimentos\",\"publisher\":{\"@id\":\"https:\/\/www.suno.com.br\/noticias\/#organization\"},\"potentialAction\":[{\"@type\":\"SearchAction\",\"target\":{\"@type\":\"EntryPoint\",\"urlTemplate\":\"https:\/\/www.suno.com.br\/noticias\/?s={search_term_string}\"},\"query-input\":{\"@type\":\"PropertyValueSpecification\",\"valueRequired\":true,\"valueName\":\"search_term_string\"}}],\"inLanguage\":\"pt-BR\"},{\"@type\":\"Organization\",\"@id\":\"https:\/\/www.suno.com.br\/noticias\/#organization\",\"name\":\"Suno Not\u00edcias\",\"url\":\"https:\/\/www.suno.com.br\/noticias\/\",\"logo\":{\"@type\":\"ImageObject\",\"inLanguage\":\"pt-BR\",\"@id\":\"https:\/\/www.suno.com.br\/noticias\/#\/schema\/logo\/image\/\",\"url\":\"https:\/\/files.sunoresearch.com.br\/n\/uploads\/2021\/09\/suno-logo.png\",\"contentUrl\":\"https:\/\/files.sunoresearch.com.br\/n\/uploads\/2021\/09\/suno-logo.png\",\"width\":180,\"height\":180,\"caption\":\"Suno Not\u00edcias\"},\"image\":{\"@id\":\"https:\/\/www.suno.com.br\/noticias\/#\/schema\/logo\/image\/\"},\"sameAs\":[\"https:\/\/facebook.com\/sunoresearch\",\"https:\/\/x.com\/sunoresearch\",\"https:\/\/www.instagram.com\/suno\",\"https:\/\/www.linkedin.com\/company\/suno-research\/\",\"https:\/\/www.youtube.com\/c\/sunoresearch\"]},{\"@type\":\"Person\",\"@id\":\"https:\/\/www.suno.com.br\/noticias\/#\/schema\/person\/450c455ecff319bab1f1a0e643451479\",\"name\":\"Vanessa Loiola\",\"image\":{\"@type\":\"ImageObject\",\"inLanguage\":\"pt-BR\",\"@id\":\"https:\/\/www.suno.com.br\/noticias\/#\/schema\/person\/image\/\",\"url\":\"https:\/\/secure.gravatar.com\/avatar\/8b41117f9780831919eb38da349c3f20?s=96&r=g\",\"contentUrl\":\"https:\/\/secure.gravatar.com\/avatar\/8b41117f9780831919eb38da349c3f20?s=96&r=g\",\"caption\":\"Vanessa Loiola\"},\"description\":\"Jornalista formada pela PUC-SP, com experi\u00eancia na cobertura das editorias de economia, finan\u00e7as, bolsa de valores, pol\u00edtica, energia solar e entretenimento. Com passagem pela BM&amp;C News e RedeTV!\",\"url\":\"https:\/\/www.suno.com.br\/noticias\/author\/vanessal-loiolagmail-com\/\"}]}<\/script>\n<!-- \/ Yoast SEO plugin. -->","yoast_head_json":{"title":"Radar: Via (VIIA3) e Magazine Luiza (MGLU3) caem na Bolsa, banco eleva pre\u00e7o-alvo de Telef\u00f4nica (VIVT3) e Neoenergia (NEOE3) anuncia JCP milion\u00e1rio","description":"Via (VIIA3) e Magazine Luiza (MGLU3) caem na Bolsa, banco eleva pre\u00e7o-alvo de Telef\u00f4nica (VIVT3) e Neoenergia (NEOE3) anuncia valor de JCP","robots":{"index":"index","follow":"follow","max-snippet":"max-snippet:-1","max-image-preview":"max-image-preview:large","max-video-preview":"max-video-preview:-1"},"canonical":"https:\/\/www.suno.com.br\/noticias\/radar-via-viia3-magazine-luiza-mglu3-telefonica-vivt3-neoenergia-neoe3\/","og_locale":"pt_BR","og_type":"article","og_title":"Radar: Via (VIIA3) e Magazine Luiza (MGLU3) caem na Bolsa, banco eleva pre\u00e7o-alvo de Telef\u00f4nica (VIVT3) e Neoenergia (NEOE3) anuncia JCP milion\u00e1rio","og_description":"Via (VIIA3) e Magazine Luiza (MGLU3) caem na Bolsa, banco eleva pre\u00e7o-alvo de Telef\u00f4nica (VIVT3) e Neoenergia (NEOE3) anuncia valor de JCP","og_url":"https:\/\/www.suno.com.br\/noticias\/radar-via-viia3-magazine-luiza-mglu3-telefonica-vivt3-neoenergia-neoe3\/","og_site_name":"Suno Not\u00edcias","article_publisher":"https:\/\/facebook.com\/sunoresearch","og_image":[{"width":1200,"height":800,"url":"https:\/\/files.sunoresearch.com.br\/n\/uploads\/2023\/05\/agenda-bradesco-bbdc4-via-viia3-payroll-eua-apple.jpg","type":"image\/jpeg"}],"author":"Vanessa Loiola","twitter_card":"summary_large_image","twitter_creator":"@sunoresearch","twitter_site":"@sunoresearch","twitter_misc":{"Escrito por":"Vanessa Loiola","Est. tempo de leitura":"10 minutos"},"schema":{"@context":"https:\/\/schema.org","@graph":[{"@type":"NewsArticle","@id":"https:\/\/www.suno.com.br\/noticias\/radar-via-viia3-magazine-luiza-mglu3-telefonica-vivt3-neoenergia-neoe3\/#article","isPartOf":{"@id":"https:\/\/www.suno.com.br\/noticias\/radar-via-viia3-magazine-luiza-mglu3-telefonica-vivt3-neoenergia-neoe3\/"},"author":{"name":"Vanessa Loiola","@id":"https:\/\/www.suno.com.br\/noticias\/#\/schema\/person\/450c455ecff319bab1f1a0e643451479"},"headline":"Radar: Via (VIIA3) e Magazine Luiza (MGLU3) caem na Bolsa, banco eleva pre\u00e7o-alvo de Telef\u00f4nica (VIVT3) e Neoenergia (NEOE3) anuncia JCP milion\u00e1rio","datePublished":"2023-06-28T00:57:13+00:00","dateModified":"2023-06-28T00:57:25+00:00","mainEntityOfPage":{"@id":"https:\/\/www.suno.com.br\/noticias\/radar-via-viia3-magazine-luiza-mglu3-telefonica-vivt3-neoenergia-neoe3\/"},"wordCount":1940,"publisher":{"@id":"https:\/\/www.suno.com.br\/noticias\/#organization"},"image":{"@id":"https:\/\/www.suno.com.br\/noticias\/radar-via-viia3-magazine-luiza-mglu3-telefonica-vivt3-neoenergia-neoe3\/#primaryimage"},"thumbnailUrl":"https:\/\/files.sunoresearch.com.br\/n\/uploads\/2023\/05\/agenda-bradesco-bbdc4-via-viia3-payroll-eua-apple.jpg","keywords":["B3 (B3SA3)","Ita\u00fa Unibanco (ITUB3\/ITUB4)","Magazine Luiza (MGLU3)","Neoenergia (NEOE3)","Sanepar (SAPR11\/SAPR3\/SAPR4)","Telef\u00f4nica (VIVT3)","Via (VIIA3)","Yduqs (YDUQ3)"],"articleSection":["Neg\u00f3cios"],"inLanguage":"pt-BR"},{"@type":"WebPage","@id":"https:\/\/www.suno.com.br\/noticias\/radar-via-viia3-magazine-luiza-mglu3-telefonica-vivt3-neoenergia-neoe3\/","url":"https:\/\/www.suno.com.br\/noticias\/radar-via-viia3-magazine-luiza-mglu3-telefonica-vivt3-neoenergia-neoe3\/","name":"Radar: Via (VIIA3) e Magazine Luiza (MGLU3) caem na Bolsa, banco eleva pre\u00e7o-alvo de Telef\u00f4nica (VIVT3) e Neoenergia (NEOE3) anuncia JCP milion\u00e1rio","isPartOf":{"@id":"https:\/\/www.suno.com.br\/noticias\/#website"},"primaryImageOfPage":{"@id":"https:\/\/www.suno.com.br\/noticias\/radar-via-viia3-magazine-luiza-mglu3-telefonica-vivt3-neoenergia-neoe3\/#primaryimage"},"image":{"@id":"https:\/\/www.suno.com.br\/noticias\/radar-via-viia3-magazine-luiza-mglu3-telefonica-vivt3-neoenergia-neoe3\/#primaryimage"},"thumbnailUrl":"https:\/\/files.sunoresearch.com.br\/n\/uploads\/2023\/05\/agenda-bradesco-bbdc4-via-viia3-payroll-eua-apple.jpg","datePublished":"2023-06-28T00:57:13+00:00","dateModified":"2023-06-28T00:57:25+00:00","description":"Via (VIIA3) e Magazine Luiza (MGLU3) caem na Bolsa, banco eleva pre\u00e7o-alvo de Telef\u00f4nica (VIVT3) e Neoenergia (NEOE3) anuncia valor de JCP","breadcrumb":{"@id":"https:\/\/www.suno.com.br\/noticias\/radar-via-viia3-magazine-luiza-mglu3-telefonica-vivt3-neoenergia-neoe3\/#breadcrumb"},"inLanguage":"pt-BR","potentialAction":[{"@type":"ReadAction","target":["https:\/\/www.suno.com.br\/noticias\/radar-via-viia3-magazine-luiza-mglu3-telefonica-vivt3-neoenergia-neoe3\/"]}]},{"@type":"ImageObject","inLanguage":"pt-BR","@id":"https:\/\/www.suno.com.br\/noticias\/radar-via-viia3-magazine-luiza-mglu3-telefonica-vivt3-neoenergia-neoe3\/#primaryimage","url":"https:\/\/files.sunoresearch.com.br\/n\/uploads\/2023\/05\/agenda-bradesco-bbdc4-via-viia3-payroll-eua-apple.jpg","contentUrl":"https:\/\/files.sunoresearch.com.br\/n\/uploads\/2023\/05\/agenda-bradesco-bbdc4-via-viia3-payroll-eua-apple.jpg","width":1200,"height":800,"caption":"D\u00f3lar em queda ap\u00f3s dados do payroll: impacto nas finan\u00e7as globais e brasileiras. Foto: Unsplash"},{"@type":"BreadcrumbList","@id":"https:\/\/www.suno.com.br\/noticias\/radar-via-viia3-magazine-luiza-mglu3-telefonica-vivt3-neoenergia-neoe3\/#breadcrumb","itemListElement":[{"@type":"ListItem","position":1,"name":"Not\u00edcias","item":"https:\/\/www.suno.com.br\/noticias\/"},{"@type":"ListItem","position":2,"name":"Neg\u00f3cios","item":"https:\/\/www.suno.com.br\/noticias\/negocios\/"},{"@type":"ListItem","position":3,"name":"Radar: Via (VIIA3) e Magazine Luiza (MGLU3) caem na Bolsa, banco eleva pre\u00e7o-alvo de Telef\u00f4nica (VIVT3) e Neoenergia (NEOE3) anuncia JCP milion\u00e1rio"}]},{"@type":"WebSite","@id":"https:\/\/www.suno.com.br\/noticias\/#website","url":"https:\/\/www.suno.com.br\/noticias\/","name":"Suno Not\u00edcias","description":"Seu portal de informa\u00e7\u00e3o sobre o mundo dos investimentos","publisher":{"@id":"https:\/\/www.suno.com.br\/noticias\/#organization"},"potentialAction":[{"@type":"SearchAction","target":{"@type":"EntryPoint","urlTemplate":"https:\/\/www.suno.com.br\/noticias\/?s={search_term_string}"},"query-input":{"@type":"PropertyValueSpecification","valueRequired":true,"valueName":"search_term_string"}}],"inLanguage":"pt-BR"},{"@type":"Organization","@id":"https:\/\/www.suno.com.br\/noticias\/#organization","name":"Suno Not\u00edcias","url":"https:\/\/www.suno.com.br\/noticias\/","logo":{"@type":"ImageObject","inLanguage":"pt-BR","@id":"https:\/\/www.suno.com.br\/noticias\/#\/schema\/logo\/image\/","url":"https:\/\/files.sunoresearch.com.br\/n\/uploads\/2021\/09\/suno-logo.png","contentUrl":"https:\/\/files.sunoresearch.com.br\/n\/uploads\/2021\/09\/suno-logo.png","width":180,"height":180,"caption":"Suno Not\u00edcias"},"image":{"@id":"https:\/\/www.suno.com.br\/noticias\/#\/schema\/logo\/image\/"},"sameAs":["https:\/\/facebook.com\/sunoresearch","https:\/\/x.com\/sunoresearch","https:\/\/www.instagram.com\/suno","https:\/\/www.linkedin.com\/company\/suno-research\/","https:\/\/www.youtube.com\/c\/sunoresearch"]},{"@type":"Person","@id":"https:\/\/www.suno.com.br\/noticias\/#\/schema\/person\/450c455ecff319bab1f1a0e643451479","name":"Vanessa Loiola","image":{"@type":"ImageObject","inLanguage":"pt-BR","@id":"https:\/\/www.suno.com.br\/noticias\/#\/schema\/person\/image\/","url":"https:\/\/secure.gravatar.com\/avatar\/8b41117f9780831919eb38da349c3f20?s=96&r=g","contentUrl":"https:\/\/secure.gravatar.com\/avatar\/8b41117f9780831919eb38da349c3f20?s=96&r=g","caption":"Vanessa Loiola"},"description":"Jornalista formada pela PUC-SP, com experi\u00eancia na cobertura das editorias de economia, finan\u00e7as, bolsa de valores, pol\u00edtica, energia solar e entretenimento. Com passagem pela BM&amp;C News e RedeTV!","url":"https:\/\/www.suno.com.br\/noticias\/author\/vanessal-loiolagmail-com\/"}]}},"default_loop_html":"<div class=\"cardsPage__listCard__boxs\"><div class=\"cardsPage__listCard__boxs__img\"><a href=\"https:\/\/www.suno.com.br\/noticias\/radar-via-viia3-magazine-luiza-mglu3-telefonica-vivt3-neoenergia-neoe3\/\"><img class=\"mask\" src=\"https:\/\/www.suno.com.br\/noticias\/wp-content\/themes\/suno\/resources\/images\/spotlight\/spotlight1img\/bg-mask.png\" alt=\"Image Mask\"\/><img src=\"https:\/\/files.sunoresearch.com.br\/n\/uploads\/2023\/05\/agenda-bradesco-bbdc4-via-viia3-payroll-eua-apple-400x200.jpg\" alt=\"Radar: Via (VIIA3) e Magazine Luiza (MGLU3) caem na Bolsa, banco eleva pre\u00e7o-alvo de Telef\u00f4nica (VIVT3) e Neoenergia (NEOE3) anuncia  JCP milion\u00e1rio\"\/><\/a><span class=\"spotlightCategory\"><a href=\"https:\/\/www.suno.com.br\/noticias\/negocios\/\">Neg\u00f3cios<\/a><\/span><\/div><div class=\"cardsPage__listCard__boxs__content\"><a href=\"https:\/\/www.suno.com.br\/noticias\/radar-via-viia3-magazine-luiza-mglu3-telefonica-vivt3-neoenergia-neoe3\/\"><h2 class=\"content__title\">Radar: Via (VIIA3) e Magazine Luiza (MGLU3) caem na Bolsa, banco eleva pre\u00e7o-alvo de Telef\u00f4nica (VIVT3) e Neoenergia (NEOE3) anuncia  JCP milion\u00e1rio<\/h2><\/a><div class=\"newsContent__article__meta\"><div class=\"newsContent__article__meta__authorBox\"><a href=\"https:\/\/www.suno.com.br\/noticias\/author\/vanessal-loiolagmail-com\/\" class=\"authorBox__avatar noMobi\"><img src=\"https:\/\/secure.gravatar.com\/avatar\/8b41117f9780831919eb38da349c3f20?s=96&#038;r=g\" alt=\"Vanessa Loiola\"><\/a><div class=\"authorBox__name\"><span>por\n\t\t\t<a href=\"https:\/\/www.suno.com.br\/noticias\/author\/vanessal-loiolagmail-com\/\"><span itemprop=\"author\">Vanessa Loiola<\/span><\/a><\/span><time datetime=\"2023-06-27T21:57:13-03:00\" itemprop=\"datePublished\">27\/06\/2023 21:57<\/time><\/div><\/div><\/div><\/div><\/div>","single_layout":"posts","amp_enabled":true,"_links":{"self":[{"href":"https:\/\/www.suno.com.br\/noticias\/wp-json\/wp\/v2\/posts\/422224"}],"collection":[{"href":"https:\/\/www.suno.com.br\/noticias\/wp-json\/wp\/v2\/posts"}],"about":[{"href":"https:\/\/www.suno.com.br\/noticias\/wp-json\/wp\/v2\/types\/post"}],"author":[{"embeddable":true,"href":"https:\/\/www.suno.com.br\/noticias\/wp-json\/wp\/v2\/users\/227"}],"replies":[{"embeddable":true,"href":"https:\/\/www.suno.com.br\/noticias\/wp-json\/wp\/v2\/comments?post=422224"}],"version-history":[{"count":2,"href":"https:\/\/www.suno.com.br\/noticias\/wp-json\/wp\/v2\/posts\/422224\/revisions"}],"predecessor-version":[{"id":422256,"href":"https:\/\/www.suno.com.br\/noticias\/wp-json\/wp\/v2\/posts\/422224\/revisions\/422256"}],"wp:featuredmedia":[{"embeddable":true,"href":"https:\/\/www.suno.com.br\/noticias\/wp-json\/wp\/v2\/media\/399974"}],"wp:attachment":[{"href":"https:\/\/www.suno.com.br\/noticias\/wp-json\/wp\/v2\/media?parent=422224"}],"wp:term":[{"taxonomy":"category","embeddable":true,"href":"https:\/\/www.suno.com.br\/noticias\/wp-json\/wp\/v2\/categories?post=422224"},{"taxonomy":"post_tag","embeddable":true,"href":"https:\/\/www.suno.com.br\/noticias\/wp-json\/wp\/v2\/tags?post=422224"},{"taxonomy":"suno_strategy","embeddable":true,"href":"https:\/\/www.suno.com.br\/noticias\/wp-json\/wp\/v2\/suno_strategy?post=422224"}],"curies":[{"name":"wp","href":"https:\/\/api.w.org\/{rel}","templated":true}]}}