{"id":422128,"date":"2023-06-27T19:26:12","date_gmt":"2023-06-27T22:26:12","guid":{"rendered":"https:\/\/www.suno.com.br\/noticias\/?p=422128"},"modified":"2023-06-27T19:26:16","modified_gmt":"2023-06-27T22:26:16","slug":"yduqs-yduq3-cvm-absolve-empresa-ex-diretores","status":"publish","type":"post","link":"https:\/\/www.suno.com.br\/noticias\/yduqs-yduq3-cvm-absolve-empresa-ex-diretores\/","title":{"rendered":"Yduqs (YDUQ3): CVM absolve empresa e sete diretores; veja os motivos"},"content":{"rendered":"<p>O Colegiado da <a class=\"suno-keyword\" target=\"_blank\" data-force=\"no\" data-priority=\"2\" href=\"https:\/\/www.suno.com.br\/artigos\/cvm\/\" rel=\"noopener\">Comiss\u00e3o de Valores Mobili\u00e1rios (CVM)<\/a> absolveu nesta ter\u00e7a-feira, 27, o grupo <a class=\"suno-keyword\" target=\"_blank\" data-force=\"yes\" data-priority=\"2\" href=\"https:\/\/www.suno.com.br\/acoes\/yduq3\/\" rel=\"noopener\">Yduqs (YDUQ3)<\/a> e sete de seus diretores em um processo por suposta inobserv\u00e2ncia do dever de guardar documentos relativos \u00e0s atividades administrativas da companhia. Foram absolvidos Gilberto Teixeira de Castro, Jo\u00e3o Luis Tenreiro Barroso, Marcos de Oliveira Lemos, Miguel Filisbino Pereira de Paula, Pedro Jorge Guterres Quintans Gra\u00e7as, Rog\u00e9rio Frota Melzi e Virg\u00edlio Deloy Capobianco Gibbon.<\/p>\t<div class=\"wrapper-featured-image\">\n\t\t<figure class=\"spotlightImg\">\n\n\t\t\t<picture>\n\t\t\t\t<source media=\"(max-width: 768px)\" srcset=\"https:\/\/files.sunoresearch.com.br\/n\/uploads\/2021\/06\/8b03e9c0-estaciofachada19-400x200.webp\">\n\t\t\t\t<img loading=\"lazy\" decoding=\"async\" class=\"newsContent__article__imgCapa lazyloadDisabled \" src=\"https:\/\/files.sunoresearch.com.br\/n\/uploads\/2021\/06\/8b03e9c0-estaciofachada19-800x450.webp\" width=\"800\" height=\"450\" alt=\"Yduqs (YDUQ3): CVM absolve empresa e sete diretores; veja os motivos\" fetchpriority=high \/>\n\t\t\t<\/picture>\n\n\t\t\t<figcaption class=\"wp-caption-text wp-caption-text--show\">Yduqs (YDUQ3). Foto: Divulga\u00e7\u00e3o <\/figcaption>\n\t\t<\/figure>\n\t<\/div>\n\n\n\n\n\n\t<p>\n\t\t<a href=\"https:\/\/lp.suno.com.br\/planilha-da-vida-financeira\/\" target=\"_blank\" data-element=\"shortcode-suno-banner\" title=\"Banner SUNO, clique e saiba mais\">\n\t\t\t<picture>\n\t\t\t\t<source media=\"(max-width: 500px)\" srcset=\"https:\/\/files.sunoresearch.com.br\/n\/uploads\/2023\/04\/400x300-Planilha-vida-financeira-true.png\">\n\t\t\t\t<img class=\"newsContent__article__imgCapa newsContent__article__imgCapa--banner\"\n\t\t\t\t\tsrc=\"https:\/\/files.sunoresearch.com.br\/n\/uploads\/2023\/04\/1420x240-Planilha-vida-financeira-true.png\"\n\t\t\t\t\tdata-promo-id=\"106682\"\t\t\t\t\t\t\t\t\t\twidth='1420' height='240'\t\t\t\t\talt=\"https:\/\/files.sunoresearch.com.br\/n\/uploads\/2023\/04\/1420x240-Planilha-vida-financeira-true.png\"\n\t\t\t\t>\n\t\t\t<\/picture>\n\t\t<\/a>\n\t<\/p>\n\n\n\n\n\n\n\n<p>Votaram pela <strong>absolvi\u00e7\u00e3o dos executivos da Yduqs<\/strong> o diretor relator, Jo\u00e3o Accioly, acompanhado pelo presidente Jo\u00e3o Pedro Nascimento e a diretora Flavia Perlingeiro. O diretor Otto Lobo est\u00e1 de f\u00e9rias.<\/p>\n\n\n\n<p>O <strong>processo contra a Yduqs<\/strong> teve origem em um inqu\u00e9rito que apurava se um <strong>ex-membro do Conselho de Administra\u00e7\u00e3o<\/strong> da Est\u00e1cio Participa\u00e7\u00f5es S.A. (nome antigo da Yduqs) teria operado com informa\u00e7\u00f5es privilegiadas e se a companhia teria observado a obriga\u00e7\u00e3o legal de guardar documentos relativos \u00e0s atividades da administra\u00e7\u00e3o.<\/p>\n\n\n\n<p>De acordo com a acusa\u00e7\u00e3o, o ex-membro do conselho teria lan\u00e7ado op\u00e7\u00f5es de venda de <strong>a\u00e7\u00f5es da Yduqs<\/strong> em nome da sua esposa em tr\u00eas preg\u00f5es anteriores \u00e0 divulga\u00e7\u00e3o de <a class=\"suno-keyword\" target=\"_blank\" data-force=\"no\" data-priority=\"1\" href=\"https:\/\/www.suno.com.br\/artigos\/fato-relevante\/\" rel=\"noopener\">fato relevante<\/a> que informava sobre o terceiro Programa de <a class=\"suno-keyword\" target=\"_blank\" data-force=\"no\" data-priority=\"1\" href=\"https:\/\/www.suno.com.br\/artigos\/recompra-de-acoes\/\" rel=\"noopener\">Recompra de A\u00e7\u00f5es<\/a> da Est\u00e1cio. A opera\u00e7\u00e3o rendeu R$ 5,538 milh\u00f5es ao executivo.<\/p>\n\n\n\n<p>A acusa\u00e7\u00e3o sustentava que o<strong> executivo da Yduqs<\/strong> teria tido acesso \u00e0s informa\u00e7\u00f5es antes da divulga\u00e7\u00e3o do fato relevante, mas a empresa n\u00e3o foi capaz de informar a data exata em que o ex-conselheiro teria descoberto a informa\u00e7\u00e3o. Assim, a CVM decidiu pelo arquivamento da investiga\u00e7\u00e3o contra o executivo e pela responsabiliza\u00e7\u00e3o dos diretores estatut\u00e1rios e da Yduqs por inobserv\u00e2ncia da obriga\u00e7\u00e3o de guardar documentos relativos \u00e0 administra\u00e7\u00e3o da companhia, pela n\u00e3o apresenta\u00e7\u00e3o de arquivo magn\u00e9tico do Portal de Governan\u00e7a.<\/p>\n\n\n\t<p>\n\t\t<a href=\"https:\/\/lp.suno.com.br\/ebook-como-analisar-uma-acao\/\" target=\"_blank\" data-element=\"shortcode-suno-banner\" title=\"Banner SUNO, clique e saiba mais\">\n\t\t\t<picture>\n\t\t\t\t<source media=\"(max-width: 500px)\" srcset=\"https:\/\/files.sunoresearch.com.br\/n\/uploads\/2023\/03\/Ebook-Acoes-Mobile.jpg\">\n\t\t\t\t<img class=\"newsContent__article__imgCapa newsContent__article__imgCapa--banner\"\n\t\t\t\t\tsrc=\"https:\/\/files.sunoresearch.com.br\/n\/uploads\/2023\/03\/Ebook-Acoes-Desktop.jpg\"\n\t\t\t\t\tdata-promo-id=\"378302\"\t\t\t\t\t\t\t\t\t\twidth='1420' height='286'\t\t\t\t\talt=\"https:\/\/files.sunoresearch.com.br\/n\/uploads\/2023\/03\/Ebook-Acoes-Desktop.jpg\"\n\t\t\t\t>\n\t\t\t<\/picture>\n\t\t<\/a>\n\t<\/p>\n\n\n\n\n\n<h2 class=\"wp-block-heading\">Yduqs: informa\u00e7\u00e3o sobre programa de recompra de a\u00e7\u00f5es<\/h2>\n\n\n\n<p>O Portal de Governan\u00e7a era um sistema eletr\u00f4nico da companhia que disponibilizava internamente os documentos de interesse da administra\u00e7\u00e3o, incluindo aqueles relativos \u00e0s reuni\u00f5es. Cada acesso a documentos por ele mantido teria um registro incluindo usu\u00e1rio, data e hor\u00e1rio de acesso, o que permitiria identificar se o ent\u00e3o conselheiro teria tido acesso \u00e0 informa\u00e7\u00e3o sobre o programa de recompra.<\/p>\n\n\n\n<p>Contudo, no final de 2015, houve troca do fornecedor do Portal. Devido a essa mudan\u00e7a, n\u00e3o havia registro acerca do momento em que o conselheiro soube do Programa de Recompra.<\/p>\n\n\n\n<p>A <strong>Yduqs <\/strong>sustenta que a informa\u00e7\u00e3o acerca da data exata em que C.Z. tomou conhecimento do Programa de Recompra seria desnecess\u00e1ria, por se tratar de insider prim\u00e1rio, hip\u00f3tese em que o Colegiado da CVM vem aplicando a presun\u00e7\u00e3o de conhecimento da informa\u00e7\u00e3o relevante.<\/p>\n\n\n\n<p><em>Com Estad\u00e3o Conte\u00fado<\/em><\/p>\n\n\n\t<p>\n\t\t<a href=\"https:\/\/lp.suno.com.br\/suno-one\/?utm_campaign=_SNC6964518A_\" target=\"_blank\" data-element=\"shortcode-suno-banner\" title=\"Banner SUNO, clique e saiba mais\">\n\t\t\t<picture>\n\t\t\t\t<source media=\"(max-width: 500px)\" srcset=\"https:\/\/files.sunoresearch.com.br\/n\/uploads\/2025\/09\/400x300-Suno-One-png.webp\">\n\t\t\t\t<img class=\"newsContent__article__imgCapa newsContent__article__imgCapa--banner\"\n\t\t\t\t\tsrc=\"https:\/\/files.sunoresearch.com.br\/n\/uploads\/2025\/09\/1420x240-Suno-One-png.webp\"\n\t\t\t\t\tdata-promo-id=\"383121\"\t\t\t\t\t\t\t\t\t\twidth='1420' height='240'\t\t\t\t\talt=\"https:\/\/files.sunoresearch.com.br\/n\/uploads\/2025\/09\/1420x240-Suno-One-png.webp\"\n\t\t\t\t>\n\t\t\t<\/picture>\n\t\t<\/a>\n\t<\/p>\n\n\n","protected":false},"excerpt":{"rendered":"<p>O Colegiado da Comiss\u00e3o de Valores Mobili\u00e1rios (CVM) absolveu nesta ter\u00e7a-feira, 27, o grupo Yduqs (YDUQ3) e sete de seus diretores em um processo por suposta inobserv\u00e2ncia do dever de guardar documentos relativos \u00e0s atividades administrativas da companhia. Foram absolvidos Gilberto Teixeira de Castro, Jo\u00e3o Luis Tenreiro Barroso, Marcos de Oliveira Lemos, Miguel Filisbino Pereira [&hellip;]<\/p>\n","protected":false},"author":43,"featured_media":159272,"comment_status":"closed","ping_status":"closed","sticky":false,"template":"","format":"standard","meta":[],"categories":[60],"tags":[286,2363],"suno_strategy":[],"class_list":["post-422128","post","type-post","status-publish","format-standard","has-post-thumbnail","hentry","category-mercado","tag-acoes","tag-yduqs-yduq3"],"yoast_head":"<!-- This site is optimized with the Yoast SEO plugin v24.4 - https:\/\/yoast.com\/wordpress\/plugins\/seo\/ -->\n<title>Yduqs (YDUQ3): CVM absolve empresa e sete diretores; veja os motivos<\/title>\n<meta name=\"description\" content=\"O Colegiado da CVM absolveu nesta ter\u00e7a o grupo Yduqs e sete de seus diretores em um processo por suposta inobserv\u00e2ncia de guardar documentos\" \/>\n<meta name=\"robots\" content=\"index, follow, max-snippet:-1, max-image-preview:large, max-video-preview:-1\" \/>\n<link rel=\"canonical\" href=\"https:\/\/www.suno.com.br\/noticias\/yduqs-yduq3-cvm-absolve-empresa-ex-diretores\/\" \/>\n<meta property=\"og:locale\" content=\"pt_BR\" \/>\n<meta property=\"og:type\" content=\"article\" \/>\n<meta property=\"og:title\" content=\"Yduqs (YDUQ3): CVM absolve empresa e sete diretores; veja os motivos\" \/>\n<meta property=\"og:description\" content=\"O Colegiado da CVM absolveu nesta ter\u00e7a o grupo Yduqs e sete de seus diretores em um processo por suposta inobserv\u00e2ncia de guardar documentos\" \/>\n<meta property=\"og:url\" content=\"https:\/\/www.suno.com.br\/noticias\/yduqs-yduq3-cvm-absolve-empresa-ex-diretores\/\" \/>\n<meta property=\"og:site_name\" content=\"Suno Not\u00edcias\" \/>\n<meta property=\"article:publisher\" content=\"https:\/\/facebook.com\/sunoresearch\" \/>\n<meta property=\"article:author\" content=\"https:\/\/www.facebook.com\/sunonoticias\/\" \/>\n<meta property=\"og:image\" content=\"https:\/\/files.sunoresearch.com.br\/n\/uploads\/2021\/06\/8b03e9c0-estaciofachada19.jpg\" \/>\n\t<meta property=\"og:image:width\" content=\"1280\" \/>\n\t<meta property=\"og:image:height\" content=\"847\" \/>\n\t<meta property=\"og:image:type\" content=\"image\/jpeg\" \/>\n<meta name=\"author\" content=\"Reda\u00e7\u00e3o Suno Not\u00edcias\" \/>\n<meta name=\"twitter:card\" content=\"summary_large_image\" \/>\n<meta name=\"twitter:creator\" content=\"@https:\/\/twitter.com\/sunoresearch\" \/>\n<meta name=\"twitter:site\" content=\"@sunoresearch\" \/>\n<meta name=\"twitter:label1\" content=\"Escrito por\" \/>\n\t<meta name=\"twitter:data1\" content=\"Reda\u00e7\u00e3o Suno Not\u00edcias\" \/>\n\t<meta name=\"twitter:label2\" content=\"Est. tempo de leitura\" \/>\n\t<meta name=\"twitter:data2\" content=\"3 minutos\" \/>\n<script type=\"application\/ld+json\" class=\"yoast-schema-graph\">{\"@context\":\"https:\/\/schema.org\",\"@graph\":[{\"@type\":\"NewsArticle\",\"@id\":\"https:\/\/www.suno.com.br\/noticias\/yduqs-yduq3-cvm-absolve-empresa-ex-diretores\/#article\",\"isPartOf\":{\"@id\":\"https:\/\/www.suno.com.br\/noticias\/yduqs-yduq3-cvm-absolve-empresa-ex-diretores\/\"},\"author\":{\"name\":\"Reda\u00e7\u00e3o Suno Not\u00edcias\",\"@id\":\"https:\/\/www.suno.com.br\/noticias\/#\/schema\/person\/c1b1bd3727fa852bd045e9dbff3673ea\"},\"headline\":\"Yduqs (YDUQ3): CVM absolve empresa e sete diretores; veja os motivos\",\"datePublished\":\"2023-06-27T22:26:12+00:00\",\"dateModified\":\"2023-06-27T22:26:16+00:00\",\"mainEntityOfPage\":{\"@id\":\"https:\/\/www.suno.com.br\/noticias\/yduqs-yduq3-cvm-absolve-empresa-ex-diretores\/\"},\"wordCount\":505,\"publisher\":{\"@id\":\"https:\/\/www.suno.com.br\/noticias\/#organization\"},\"image\":{\"@id\":\"https:\/\/www.suno.com.br\/noticias\/yduqs-yduq3-cvm-absolve-empresa-ex-diretores\/#primaryimage\"},\"thumbnailUrl\":\"https:\/\/files.sunoresearch.com.br\/n\/uploads\/2021\/06\/8b03e9c0-estaciofachada19-jpg.webp\",\"keywords\":[\"A\u00e7\u00f5es\",\"Yduqs (YDUQ3)\"],\"articleSection\":[\"Mercado\"],\"inLanguage\":\"pt-BR\"},{\"@type\":\"WebPage\",\"@id\":\"https:\/\/www.suno.com.br\/noticias\/yduqs-yduq3-cvm-absolve-empresa-ex-diretores\/\",\"url\":\"https:\/\/www.suno.com.br\/noticias\/yduqs-yduq3-cvm-absolve-empresa-ex-diretores\/\",\"name\":\"Yduqs (YDUQ3): CVM absolve empresa e sete diretores; veja os motivos\",\"isPartOf\":{\"@id\":\"https:\/\/www.suno.com.br\/noticias\/#website\"},\"primaryImageOfPage\":{\"@id\":\"https:\/\/www.suno.com.br\/noticias\/yduqs-yduq3-cvm-absolve-empresa-ex-diretores\/#primaryimage\"},\"image\":{\"@id\":\"https:\/\/www.suno.com.br\/noticias\/yduqs-yduq3-cvm-absolve-empresa-ex-diretores\/#primaryimage\"},\"thumbnailUrl\":\"https:\/\/files.sunoresearch.com.br\/n\/uploads\/2021\/06\/8b03e9c0-estaciofachada19-jpg.webp\",\"datePublished\":\"2023-06-27T22:26:12+00:00\",\"dateModified\":\"2023-06-27T22:26:16+00:00\",\"description\":\"O Colegiado da CVM absolveu nesta ter\u00e7a o grupo Yduqs e sete de seus diretores em um processo por suposta inobserv\u00e2ncia de guardar documentos\",\"breadcrumb\":{\"@id\":\"https:\/\/www.suno.com.br\/noticias\/yduqs-yduq3-cvm-absolve-empresa-ex-diretores\/#breadcrumb\"},\"inLanguage\":\"pt-BR\",\"potentialAction\":[{\"@type\":\"ReadAction\",\"target\":[\"https:\/\/www.suno.com.br\/noticias\/yduqs-yduq3-cvm-absolve-empresa-ex-diretores\/\"]}]},{\"@type\":\"ImageObject\",\"inLanguage\":\"pt-BR\",\"@id\":\"https:\/\/www.suno.com.br\/noticias\/yduqs-yduq3-cvm-absolve-empresa-ex-diretores\/#primaryimage\",\"url\":\"https:\/\/files.sunoresearch.com.br\/n\/uploads\/2021\/06\/8b03e9c0-estaciofachada19-jpg.webp\",\"contentUrl\":\"https:\/\/files.sunoresearch.com.br\/n\/uploads\/2021\/06\/8b03e9c0-estaciofachada19-jpg.webp\",\"width\":1280,\"height\":847,\"caption\":\"Yduqs (YDUQ3). Foto: Divulga\u00e7\u00e3o\"},{\"@type\":\"BreadcrumbList\",\"@id\":\"https:\/\/www.suno.com.br\/noticias\/yduqs-yduq3-cvm-absolve-empresa-ex-diretores\/#breadcrumb\",\"itemListElement\":[{\"@type\":\"ListItem\",\"position\":1,\"name\":\"Not\u00edcias\",\"item\":\"https:\/\/www.suno.com.br\/noticias\/\"},{\"@type\":\"ListItem\",\"position\":2,\"name\":\"Mercado\",\"item\":\"https:\/\/www.suno.com.br\/noticias\/mercado\/\"},{\"@type\":\"ListItem\",\"position\":3,\"name\":\"Yduqs (YDUQ3): CVM absolve empresa e sete diretores; veja os motivos\"}]},{\"@type\":\"WebSite\",\"@id\":\"https:\/\/www.suno.com.br\/noticias\/#website\",\"url\":\"https:\/\/www.suno.com.br\/noticias\/\",\"name\":\"Suno Not\u00edcias\",\"description\":\"Seu portal de informa\u00e7\u00e3o sobre o mundo dos investimentos\",\"publisher\":{\"@id\":\"https:\/\/www.suno.com.br\/noticias\/#organization\"},\"potentialAction\":[{\"@type\":\"SearchAction\",\"target\":{\"@type\":\"EntryPoint\",\"urlTemplate\":\"https:\/\/www.suno.com.br\/noticias\/?s={search_term_string}\"},\"query-input\":{\"@type\":\"PropertyValueSpecification\",\"valueRequired\":true,\"valueName\":\"search_term_string\"}}],\"inLanguage\":\"pt-BR\"},{\"@type\":\"Organization\",\"@id\":\"https:\/\/www.suno.com.br\/noticias\/#organization\",\"name\":\"Suno Not\u00edcias\",\"url\":\"https:\/\/www.suno.com.br\/noticias\/\",\"logo\":{\"@type\":\"ImageObject\",\"inLanguage\":\"pt-BR\",\"@id\":\"https:\/\/www.suno.com.br\/noticias\/#\/schema\/logo\/image\/\",\"url\":\"https:\/\/files.sunoresearch.com.br\/n\/uploads\/2021\/09\/suno-logo.png\",\"contentUrl\":\"https:\/\/files.sunoresearch.com.br\/n\/uploads\/2021\/09\/suno-logo.png\",\"width\":180,\"height\":180,\"caption\":\"Suno Not\u00edcias\"},\"image\":{\"@id\":\"https:\/\/www.suno.com.br\/noticias\/#\/schema\/logo\/image\/\"},\"sameAs\":[\"https:\/\/facebook.com\/sunoresearch\",\"https:\/\/x.com\/sunoresearch\",\"https:\/\/www.instagram.com\/suno\",\"https:\/\/www.linkedin.com\/company\/suno-research\/\",\"https:\/\/www.youtube.com\/c\/sunoresearch\"]},{\"@type\":\"Person\",\"@id\":\"https:\/\/www.suno.com.br\/noticias\/#\/schema\/person\/c1b1bd3727fa852bd045e9dbff3673ea\",\"name\":\"Reda\u00e7\u00e3o Suno Not\u00edcias\",\"image\":{\"@type\":\"ImageObject\",\"inLanguage\":\"pt-BR\",\"@id\":\"https:\/\/www.suno.com.br\/noticias\/#\/schema\/person\/image\/\",\"url\":\"https:\/\/secure.gravatar.com\/avatar\/b8104b9b5a71985d5238ee59fbe418af?s=96&r=g\",\"contentUrl\":\"https:\/\/secure.gravatar.com\/avatar\/b8104b9b5a71985d5238ee59fbe418af?s=96&r=g\",\"caption\":\"Reda\u00e7\u00e3o Suno Not\u00edcias\"},\"description\":\"O Suno Not\u00edcias \u00e9 um portal de informa\u00e7\u00f5es sobre Mercado Financeiro, Pol\u00edtica, Neg\u00f3cios, Economia e Finan\u00e7as Pessoais.\",\"sameAs\":[\"https:\/\/www.suno.com.br\/noticias\",\"https:\/\/www.facebook.com\/sunonoticias\/\",\"https:\/\/www.instagram.com\/sunonoticias\/\",\"https:\/\/x.com\/https:\/\/twitter.com\/sunoresearch\",\"https:\/\/www.youtube.com\/sunonoticias\"],\"url\":\"https:\/\/www.suno.com.br\/noticias\/author\/redacao-suno\/\"}]}<\/script>\n<!-- \/ Yoast SEO plugin. -->","yoast_head_json":{"title":"Yduqs (YDUQ3): CVM absolve empresa e sete diretores; veja os motivos","description":"O Colegiado da CVM absolveu nesta ter\u00e7a o grupo Yduqs e sete de seus diretores em um processo por suposta inobserv\u00e2ncia de guardar documentos","robots":{"index":"index","follow":"follow","max-snippet":"max-snippet:-1","max-image-preview":"max-image-preview:large","max-video-preview":"max-video-preview:-1"},"canonical":"https:\/\/www.suno.com.br\/noticias\/yduqs-yduq3-cvm-absolve-empresa-ex-diretores\/","og_locale":"pt_BR","og_type":"article","og_title":"Yduqs (YDUQ3): CVM absolve empresa e sete diretores; veja os motivos","og_description":"O Colegiado da CVM absolveu nesta ter\u00e7a o grupo Yduqs e sete de seus diretores em um processo por suposta inobserv\u00e2ncia de guardar documentos","og_url":"https:\/\/www.suno.com.br\/noticias\/yduqs-yduq3-cvm-absolve-empresa-ex-diretores\/","og_site_name":"Suno Not\u00edcias","article_publisher":"https:\/\/facebook.com\/sunoresearch","article_author":"https:\/\/www.facebook.com\/sunonoticias\/","og_image":[{"width":1280,"height":847,"url":"https:\/\/files.sunoresearch.com.br\/n\/uploads\/2021\/06\/8b03e9c0-estaciofachada19.jpg","type":"image\/jpeg"}],"author":"Reda\u00e7\u00e3o Suno Not\u00edcias","twitter_card":"summary_large_image","twitter_creator":"@https:\/\/twitter.com\/sunoresearch","twitter_site":"@sunoresearch","twitter_misc":{"Escrito por":"Reda\u00e7\u00e3o Suno Not\u00edcias","Est. tempo de leitura":"3 minutos"},"schema":{"@context":"https:\/\/schema.org","@graph":[{"@type":"NewsArticle","@id":"https:\/\/www.suno.com.br\/noticias\/yduqs-yduq3-cvm-absolve-empresa-ex-diretores\/#article","isPartOf":{"@id":"https:\/\/www.suno.com.br\/noticias\/yduqs-yduq3-cvm-absolve-empresa-ex-diretores\/"},"author":{"name":"Reda\u00e7\u00e3o Suno Not\u00edcias","@id":"https:\/\/www.suno.com.br\/noticias\/#\/schema\/person\/c1b1bd3727fa852bd045e9dbff3673ea"},"headline":"Yduqs (YDUQ3): CVM absolve empresa e sete diretores; veja os motivos","datePublished":"2023-06-27T22:26:12+00:00","dateModified":"2023-06-27T22:26:16+00:00","mainEntityOfPage":{"@id":"https:\/\/www.suno.com.br\/noticias\/yduqs-yduq3-cvm-absolve-empresa-ex-diretores\/"},"wordCount":505,"publisher":{"@id":"https:\/\/www.suno.com.br\/noticias\/#organization"},"image":{"@id":"https:\/\/www.suno.com.br\/noticias\/yduqs-yduq3-cvm-absolve-empresa-ex-diretores\/#primaryimage"},"thumbnailUrl":"https:\/\/files.sunoresearch.com.br\/n\/uploads\/2021\/06\/8b03e9c0-estaciofachada19-jpg.webp","keywords":["A\u00e7\u00f5es","Yduqs (YDUQ3)"],"articleSection":["Mercado"],"inLanguage":"pt-BR"},{"@type":"WebPage","@id":"https:\/\/www.suno.com.br\/noticias\/yduqs-yduq3-cvm-absolve-empresa-ex-diretores\/","url":"https:\/\/www.suno.com.br\/noticias\/yduqs-yduq3-cvm-absolve-empresa-ex-diretores\/","name":"Yduqs (YDUQ3): CVM absolve empresa e sete diretores; veja os motivos","isPartOf":{"@id":"https:\/\/www.suno.com.br\/noticias\/#website"},"primaryImageOfPage":{"@id":"https:\/\/www.suno.com.br\/noticias\/yduqs-yduq3-cvm-absolve-empresa-ex-diretores\/#primaryimage"},"image":{"@id":"https:\/\/www.suno.com.br\/noticias\/yduqs-yduq3-cvm-absolve-empresa-ex-diretores\/#primaryimage"},"thumbnailUrl":"https:\/\/files.sunoresearch.com.br\/n\/uploads\/2021\/06\/8b03e9c0-estaciofachada19-jpg.webp","datePublished":"2023-06-27T22:26:12+00:00","dateModified":"2023-06-27T22:26:16+00:00","description":"O Colegiado da CVM absolveu nesta ter\u00e7a o grupo Yduqs e sete de seus diretores em um processo por suposta inobserv\u00e2ncia de guardar documentos","breadcrumb":{"@id":"https:\/\/www.suno.com.br\/noticias\/yduqs-yduq3-cvm-absolve-empresa-ex-diretores\/#breadcrumb"},"inLanguage":"pt-BR","potentialAction":[{"@type":"ReadAction","target":["https:\/\/www.suno.com.br\/noticias\/yduqs-yduq3-cvm-absolve-empresa-ex-diretores\/"]}]},{"@type":"ImageObject","inLanguage":"pt-BR","@id":"https:\/\/www.suno.com.br\/noticias\/yduqs-yduq3-cvm-absolve-empresa-ex-diretores\/#primaryimage","url":"https:\/\/files.sunoresearch.com.br\/n\/uploads\/2021\/06\/8b03e9c0-estaciofachada19-jpg.webp","contentUrl":"https:\/\/files.sunoresearch.com.br\/n\/uploads\/2021\/06\/8b03e9c0-estaciofachada19-jpg.webp","width":1280,"height":847,"caption":"Yduqs (YDUQ3). Foto: Divulga\u00e7\u00e3o"},{"@type":"BreadcrumbList","@id":"https:\/\/www.suno.com.br\/noticias\/yduqs-yduq3-cvm-absolve-empresa-ex-diretores\/#breadcrumb","itemListElement":[{"@type":"ListItem","position":1,"name":"Not\u00edcias","item":"https:\/\/www.suno.com.br\/noticias\/"},{"@type":"ListItem","position":2,"name":"Mercado","item":"https:\/\/www.suno.com.br\/noticias\/mercado\/"},{"@type":"ListItem","position":3,"name":"Yduqs (YDUQ3): CVM absolve empresa e sete diretores; veja os motivos"}]},{"@type":"WebSite","@id":"https:\/\/www.suno.com.br\/noticias\/#website","url":"https:\/\/www.suno.com.br\/noticias\/","name":"Suno Not\u00edcias","description":"Seu portal de informa\u00e7\u00e3o sobre o mundo dos investimentos","publisher":{"@id":"https:\/\/www.suno.com.br\/noticias\/#organization"},"potentialAction":[{"@type":"SearchAction","target":{"@type":"EntryPoint","urlTemplate":"https:\/\/www.suno.com.br\/noticias\/?s={search_term_string}"},"query-input":{"@type":"PropertyValueSpecification","valueRequired":true,"valueName":"search_term_string"}}],"inLanguage":"pt-BR"},{"@type":"Organization","@id":"https:\/\/www.suno.com.br\/noticias\/#organization","name":"Suno Not\u00edcias","url":"https:\/\/www.suno.com.br\/noticias\/","logo":{"@type":"ImageObject","inLanguage":"pt-BR","@id":"https:\/\/www.suno.com.br\/noticias\/#\/schema\/logo\/image\/","url":"https:\/\/files.sunoresearch.com.br\/n\/uploads\/2021\/09\/suno-logo.png","contentUrl":"https:\/\/files.sunoresearch.com.br\/n\/uploads\/2021\/09\/suno-logo.png","width":180,"height":180,"caption":"Suno Not\u00edcias"},"image":{"@id":"https:\/\/www.suno.com.br\/noticias\/#\/schema\/logo\/image\/"},"sameAs":["https:\/\/facebook.com\/sunoresearch","https:\/\/x.com\/sunoresearch","https:\/\/www.instagram.com\/suno","https:\/\/www.linkedin.com\/company\/suno-research\/","https:\/\/www.youtube.com\/c\/sunoresearch"]},{"@type":"Person","@id":"https:\/\/www.suno.com.br\/noticias\/#\/schema\/person\/c1b1bd3727fa852bd045e9dbff3673ea","name":"Reda\u00e7\u00e3o Suno Not\u00edcias","image":{"@type":"ImageObject","inLanguage":"pt-BR","@id":"https:\/\/www.suno.com.br\/noticias\/#\/schema\/person\/image\/","url":"https:\/\/secure.gravatar.com\/avatar\/b8104b9b5a71985d5238ee59fbe418af?s=96&r=g","contentUrl":"https:\/\/secure.gravatar.com\/avatar\/b8104b9b5a71985d5238ee59fbe418af?s=96&r=g","caption":"Reda\u00e7\u00e3o Suno Not\u00edcias"},"description":"O Suno Not\u00edcias \u00e9 um portal de informa\u00e7\u00f5es sobre Mercado Financeiro, Pol\u00edtica, Neg\u00f3cios, Economia e Finan\u00e7as Pessoais.","sameAs":["https:\/\/www.suno.com.br\/noticias","https:\/\/www.facebook.com\/sunonoticias\/","https:\/\/www.instagram.com\/sunonoticias\/","https:\/\/x.com\/https:\/\/twitter.com\/sunoresearch","https:\/\/www.youtube.com\/sunonoticias"],"url":"https:\/\/www.suno.com.br\/noticias\/author\/redacao-suno\/"}]}},"default_loop_html":"<div class=\"cardsPage__listCard__boxs\"><div class=\"cardsPage__listCard__boxs__img\"><a href=\"https:\/\/www.suno.com.br\/noticias\/yduqs-yduq3-cvm-absolve-empresa-ex-diretores\/\"><img class=\"mask\" src=\"https:\/\/www.suno.com.br\/noticias\/wp-content\/themes\/suno\/resources\/images\/spotlight\/spotlight1img\/bg-mask.png\" alt=\"Image Mask\"\/><img src=\"https:\/\/files.sunoresearch.com.br\/n\/uploads\/2021\/06\/8b03e9c0-estaciofachada19-400x200.webp\" alt=\"Yduqs (YDUQ3): CVM absolve empresa e sete diretores; veja os motivos\"\/><\/a><span class=\"spotlightCategory\"><a href=\"https:\/\/www.suno.com.br\/noticias\/mercado\/\">Mercado<\/a><\/span><\/div><div class=\"cardsPage__listCard__boxs__content\"><a href=\"https:\/\/www.suno.com.br\/noticias\/yduqs-yduq3-cvm-absolve-empresa-ex-diretores\/\"><h2 class=\"content__title\">Yduqs (YDUQ3): CVM absolve empresa e sete diretores; veja os motivos<\/h2><\/a><div class=\"newsContent__article__meta\"><div class=\"newsContent__article__meta__authorBox\"><a href=\"https:\/\/www.suno.com.br\/noticias\/author\/redacao-suno\/\" class=\"authorBox__avatar noMobi\"><img src=\"https:\/\/files.sunoresearch.com.br\/n\/uploads\/2020\/08\/0ace682d-redacao-1-150x150.webp\" alt=\"Reda\u00e7\u00e3o Suno Not\u00edcias\"><\/a><div class=\"authorBox__name\"><span>por\n\t\t\t<a href=\"https:\/\/www.suno.com.br\/noticias\/author\/redacao-suno\/\"><span itemprop=\"author\">Reda\u00e7\u00e3o Suno Not\u00edcias<\/span><\/a><\/span><time datetime=\"2023-06-27T19:26:12-03:00\" itemprop=\"datePublished\">27\/06\/2023 19:26<\/time><\/div><\/div><\/div><\/div><\/div>","single_layout":"posts","amp_enabled":true,"_links":{"self":[{"href":"https:\/\/www.suno.com.br\/noticias\/wp-json\/wp\/v2\/posts\/422128"}],"collection":[{"href":"https:\/\/www.suno.com.br\/noticias\/wp-json\/wp\/v2\/posts"}],"about":[{"href":"https:\/\/www.suno.com.br\/noticias\/wp-json\/wp\/v2\/types\/post"}],"author":[{"embeddable":true,"href":"https:\/\/www.suno.com.br\/noticias\/wp-json\/wp\/v2\/users\/43"}],"replies":[{"embeddable":true,"href":"https:\/\/www.suno.com.br\/noticias\/wp-json\/wp\/v2\/comments?post=422128"}],"version-history":[{"count":2,"href":"https:\/\/www.suno.com.br\/noticias\/wp-json\/wp\/v2\/posts\/422128\/revisions"}],"predecessor-version":[{"id":422177,"href":"https:\/\/www.suno.com.br\/noticias\/wp-json\/wp\/v2\/posts\/422128\/revisions\/422177"}],"wp:featuredmedia":[{"embeddable":true,"href":"https:\/\/www.suno.com.br\/noticias\/wp-json\/wp\/v2\/media\/159272"}],"wp:attachment":[{"href":"https:\/\/www.suno.com.br\/noticias\/wp-json\/wp\/v2\/media?parent=422128"}],"wp:term":[{"taxonomy":"category","embeddable":true,"href":"https:\/\/www.suno.com.br\/noticias\/wp-json\/wp\/v2\/categories?post=422128"},{"taxonomy":"post_tag","embeddable":true,"href":"https:\/\/www.suno.com.br\/noticias\/wp-json\/wp\/v2\/tags?post=422128"},{"taxonomy":"suno_strategy","embeddable":true,"href":"https:\/\/www.suno.com.br\/noticias\/wp-json\/wp\/v2\/suno_strategy?post=422128"}],"curies":[{"name":"wp","href":"https:\/\/api.w.org\/{rel}","templated":true}]}}