{"id":421971,"date":"2023-06-27T15:35:43","date_gmt":"2023-06-27T18:35:43","guid":{"rendered":"https:\/\/www.suno.com.br\/noticias\/?p=421971"},"modified":"2023-06-27T17:38:04","modified_gmt":"2023-06-27T20:38:04","slug":"via-viia3-magazine-luiza-mglu3-caem-ibovespa-terca","status":"publish","type":"post","link":"https:\/\/www.suno.com.br\/noticias\/via-viia3-magazine-luiza-mglu3-caem-ibovespa-terca\/","title":{"rendered":"Via (VIIA3), Magazine Luiza (MGLU3) e mais varejistas tombam no Ibovespa nesta ter\u00e7a. Quais os motivos?"},"content":{"rendered":"<p>As a\u00e7\u00f5es de\u00a0<strong><a href=\"https:\/\/www.suno.com.br\/acoes\/viia3\/\">Via<\/a><\/strong><a href=\"https:\/\/www.suno.com.br\/acoes\/viia3\/\">\u00a0(VIIA3)<\/a>\u00a0e\u00a0<a href=\"https:\/\/www.suno.com.br\/acoes\/MGLU3\/\" target=\"_blank\" rel=\"noreferrer noopener\">Magazine Luiza (MGLU3)<\/a>\u00a0figuraram no campo negativo do Ibovespa desta ter\u00e7a-feira (27), pressionadas pela divulga\u00e7\u00e3o da Ata do Comit\u00ea de\u00a0<a href=\"https:\/\/www.suno.com.br\/artigos\/politica-monetaria\/\" target=\"_blank\" rel=\"noreferrer noopener\">Pol\u00edtica Monet\u00e1ria<\/a>\u00a0(<strong>Copom<\/strong>). O documento do Banco Central (BC) afirmou que manter\u00e1 a taxa no patamar atual &#8220;at\u00e9 que se consolide n\u00e3o apenas o processo de desinfla\u00e7\u00e3o como tamb\u00e9m a ancoragem das expectativas em torno de suas metas\u201d.<\/p>\t<div class=\"wrapper-featured-image\">\n\t\t<figure class=\"spotlightImg\">\n\n\t\t\t<picture>\n\t\t\t\t<source media=\"(max-width: 768px)\" srcset=\"https:\/\/files.sunoresearch.com.br\/n\/uploads\/2023\/03\/via-viia3-magalu-mglu3-avatares-fotos-divulgacao-400x200.jpg\">\n\t\t\t\t<img loading=\"lazy\" decoding=\"async\" class=\"newsContent__article__imgCapa lazyloadDisabled \" src=\"https:\/\/files.sunoresearch.com.br\/n\/uploads\/2023\/03\/via-viia3-magalu-mglu3-avatares-fotos-divulgacao-800x450.jpg\" width=\"800\" height=\"450\" alt=\"Via (VIIA3), Magazine Luiza (MGLU3) e mais varejistas tombam no Ibovespa nesta ter\u00e7a. Quais os motivos?\" fetchpriority=high \/>\n\t\t\t<\/picture>\n\n\t\t\t<figcaption class=\"wp-caption-text wp-caption-text--show\">Magazine Luiza (MGLU3) e Casas Bahia (BHIA3). Foto: Divulga\u00e7\u00e3o<\/figcaption>\n\t\t<\/figure>\n\t<\/div>\n\n\n\n\n\n\t<p>\n\t\t<a href=\"\" target=\"_blank\" data-element=\"shortcode-suno-banner\" title=\"Banner SUNO, clique e saiba mais\">\n\t\t\t<picture>\n\t\t\t\t<source media=\"(max-width: 500px)\" srcset=\"\">\n\t\t\t\t<img class=\"newsContent__article__imgCapa newsContent__article__imgCapa--banner\"\n\t\t\t\t\tsrc=\"\"\n\t\t\t\t\tdata-promo-id=\"250707\"\t\t\t\t\t\t\t\t\t\t\t\t\t\t\talt=\"\"\n\t\t\t\t>\n\t\t\t<\/picture>\n\t\t<\/a>\n\t<\/p>\n\n\n\n\n\n<p>No fechamento, os\u00a0<strong>pap\u00e9is da Via<\/strong>\u00a0recuaram 2,68%, cotados a R$ 2,18, enquanto os\u00a0<strong>ativos do Magazine Luiza<\/strong>\u00a0tamb\u00e9m ca\u00edram 0,58%, a R$ 3,38. As a\u00e7\u00f5es ordin\u00e1rias de\u00a0<a href=\"https:\/\/www.suno.com.br\/acoes\/lren3\/\">Lojas Renner (LREN3)<\/a>\u00a0cediam 2,54%, a R$ 21,09, assim como as da <a href=\"https:\/\/www.suno.com.br\/acoes\/petz3\/\">Petz (PETZ3)<\/a>, que sofriam baixa de 5,42%, cotadas a R$ 6,28.<\/p>\n\n\n\n<div class=\"pluginQuotation\">\n  <p class=\"ticker\">\n    Cota\u00e7\u00e3o <span>VIIA3<\/span>\n  <\/p>\n  <div class=\"info\">\n    <div class=\"leftSide\">\n      Gr\u00e1fico gerado em: 27\/06\/2023    <\/div>\n\t\t\t\t\t<div class=\"rightSide\">\n\t\t\t\t\t<span class=\"period\">\n\t\t\t\t\t\t5 Dias\t\t\t\t\t<\/span>\n\t\t\t<\/div>\n\t\t  <\/div>\n\n  <div id=\"chart-ea2594e8652217595844d499c4f93b45\" data-block-hash=\"ea2594e8652217595844d499c4f93b45\"  class=\"chart\" style=\"width:100%;height:400px;\"><\/div>\n\n  <div class=\"pluginQuotation__footer\">\n    <div class=\"dataChart\">\n\n      <div class=\"dataChart__div1 variation\">\n        <div class=\"value-negative\">\n          -16,79 (-0,44%)        <\/div>\n        <div class=\"text\">\n          Varia\u00e7\u00e3o do per\u00edodo\n        <\/div>\n      <\/div>\n\n      <div class=\"dataChart__div2 minMax\">\n        <div class=\"value\">\n          R$\u00a02,16        <\/div>\n        <div class=\"text\">\n          M\u00ednima\n        <\/div>\n      <\/div>\n\n      <div class=\"dataChart__div3 minMax\">\n        <div class=\"value\">\n          R$\u00a02,64        <\/div>\n        <div class=\"text\">\n          M\u00e1xima\n        <\/div>\n      <\/div>\n\n\t\t\t<div class=\"dataChart__div4 rightSide\">\n\t\t\t\t<div class=\"analiticaSource\">\n\t\t\t\t\t<span>\n\t\t\t\t\t\tFonte:\n\t\t\t\t\t<\/span>\n\t\t\t\t\t<img decoding=\"async\" class=\"analiticaLogo\" src=\"https:\/\/www.suno.com.br\/noticias\/wp-content\/plugins\/suno-block-ticker-quotation\/src\/suno-analitica-logo.png\" alt=\"Logo Suno Anal\u00edtica\" \/>\n\t\t\t\t<\/div>\n\n\t\t\t\t<a href=\"https:\/\/www.suno.com.br\/analitica\/acoes\/VIIA3\" target=\"_blank\">\n\t\t\t\t\t<span>\n\t\t\t\t\t\tVer mais cota\u00e7\u00f5es\n\t\t\t\t\t<\/span>\n\t\t\t\t\t<svg xmlns=\"http:\/\/www.w3.org\/2000\/svg\" width=\"9\" height=\"8\" viewBox=\"0 0 9 8\" fill=\"none\">\n\t\t\t\t\t\t<path d=\"M4.20996 0L3.50496 0.705L6.29496 3.5H0.209961V4.5H6.29496L3.50496 7.295L4.20996 8L8.20996 4L4.20996 0Z\" fill=\"#D42126\" \/>\n\t\t\t\t\t<\/svg>\n\t\t\t\t<\/a>\n    <\/div>\n\n    <\/div>\n  <\/div>\n<\/div>\n\n\n<script type=\"text\/javascript\">\n  let chart_ea2594e8652217595844d499c4f93b45 = document.getElementById('chart-ea2594e8652217595844d499c4f93b45');\n  let data_json_ea2594e8652217595844d499c4f93b45 = \"[{\\\"date\\\":\\\"21\\\\\\\/06\\\\\\\/23 10:10\\\",\\\"value\\\":2.62},{\\\"date\\\":\\\"21\\\\\\\/06\\\\\\\/23 10:20\\\",\\\"value\\\":2.62},{\\\"date\\\":\\\"21\\\\\\\/06\\\\\\\/23 10:30\\\",\\\"value\\\":2.62},{\\\"date\\\":\\\"21\\\\\\\/06\\\\\\\/23 15:00\\\",\\\"value\\\":2.62},{\\\"date\\\":\\\"21\\\\\\\/06\\\\\\\/23 15:10\\\",\\\"value\\\":2.64},{\\\"date\\\":\\\"21\\\\\\\/06\\\\\\\/23 15:20\\\",\\\"value\\\":2.64},{\\\"date\\\":\\\"21\\\\\\\/06\\\\\\\/23 15:30\\\",\\\"value\\\":2.63},{\\\"date\\\":\\\"21\\\\\\\/06\\\\\\\/23 15:40\\\",\\\"value\\\":2.63},{\\\"date\\\":\\\"21\\\\\\\/06\\\\\\\/23 15:50\\\",\\\"value\\\":2.61},{\\\"date\\\":\\\"21\\\\\\\/06\\\\\\\/23 16:00\\\",\\\"value\\\":2.61},{\\\"date\\\":\\\"21\\\\\\\/06\\\\\\\/23 16:10\\\",\\\"value\\\":2.62},{\\\"date\\\":\\\"21\\\\\\\/06\\\\\\\/23 16:20\\\",\\\"value\\\":2.62},{\\\"date\\\":\\\"21\\\\\\\/06\\\\\\\/23 16:30\\\",\\\"value\\\":2.61},{\\\"date\\\":\\\"21\\\\\\\/06\\\\\\\/23 16:40\\\",\\\"value\\\":2.61},{\\\"date\\\":\\\"21\\\\\\\/06\\\\\\\/23 16:50\\\",\\\"value\\\":2.6},{\\\"date\\\":\\\"21\\\\\\\/06\\\\\\\/23 17:30\\\",\\\"value\\\":2.6},{\\\"date\\\":\\\"21\\\\\\\/06\\\\\\\/23 17:40\\\",\\\"value\\\":2.6},{\\\"date\\\":\\\"22\\\\\\\/06\\\\\\\/23 10:20\\\",\\\"value\\\":2.46},{\\\"date\\\":\\\"22\\\\\\\/06\\\\\\\/23 10:30\\\",\\\"value\\\":2.43},{\\\"date\\\":\\\"22\\\\\\\/06\\\\\\\/23 10:40\\\",\\\"value\\\":2.46},{\\\"date\\\":\\\"22\\\\\\\/06\\\\\\\/23 10:50\\\",\\\"value\\\":2.46},{\\\"date\\\":\\\"22\\\\\\\/06\\\\\\\/23 11:00\\\",\\\"value\\\":2.46},{\\\"date\\\":\\\"22\\\\\\\/06\\\\\\\/23 11:10\\\",\\\"value\\\":2.45},{\\\"date\\\":\\\"22\\\\\\\/06\\\\\\\/23 12:20\\\",\\\"value\\\":2.44},{\\\"date\\\":\\\"22\\\\\\\/06\\\\\\\/23 12:30\\\",\\\"value\\\":2.44},{\\\"date\\\":\\\"22\\\\\\\/06\\\\\\\/23 12:40\\\",\\\"value\\\":2.44},{\\\"date\\\":\\\"22\\\\\\\/06\\\\\\\/23 12:50\\\",\\\"value\\\":2.46},{\\\"date\\\":\\\"22\\\\\\\/06\\\\\\\/23 13:00\\\",\\\"value\\\":2.45},{\\\"date\\\":\\\"22\\\\\\\/06\\\\\\\/23 13:10\\\",\\\"value\\\":2.45},{\\\"date\\\":\\\"22\\\\\\\/06\\\\\\\/23 13:20\\\",\\\"value\\\":2.45},{\\\"date\\\":\\\"22\\\\\\\/06\\\\\\\/23 13:30\\\",\\\"value\\\":2.45},{\\\"date\\\":\\\"22\\\\\\\/06\\\\\\\/23 13:40\\\",\\\"value\\\":2.44},{\\\"date\\\":\\\"22\\\\\\\/06\\\\\\\/23 13:50\\\",\\\"value\\\":2.45},{\\\"date\\\":\\\"22\\\\\\\/06\\\\\\\/23 14:00\\\",\\\"value\\\":2.45},{\\\"date\\\":\\\"22\\\\\\\/06\\\\\\\/23 14:10\\\",\\\"value\\\":2.45},{\\\"date\\\":\\\"22\\\\\\\/06\\\\\\\/23 14:20\\\",\\\"value\\\":2.45},{\\\"date\\\":\\\"22\\\\\\\/06\\\\\\\/23 14:40\\\",\\\"value\\\":2.46},{\\\"date\\\":\\\"22\\\\\\\/06\\\\\\\/23 14:50\\\",\\\"value\\\":2.46},{\\\"date\\\":\\\"22\\\\\\\/06\\\\\\\/23 15:00\\\",\\\"value\\\":2.46},{\\\"date\\\":\\\"22\\\\\\\/06\\\\\\\/23 15:10\\\",\\\"value\\\":2.46},{\\\"date\\\":\\\"22\\\\\\\/06\\\\\\\/23 15:20\\\",\\\"value\\\":2.45},{\\\"date\\\":\\\"22\\\\\\\/06\\\\\\\/23 15:30\\\",\\\"value\\\":2.46},{\\\"date\\\":\\\"22\\\\\\\/06\\\\\\\/23 15:40\\\",\\\"value\\\":2.47},{\\\"date\\\":\\\"22\\\\\\\/06\\\\\\\/23 15:50\\\",\\\"value\\\":2.47},{\\\"date\\\":\\\"23\\\\\\\/06\\\\\\\/23 10:10\\\",\\\"value\\\":2.46},{\\\"date\\\":\\\"23\\\\\\\/06\\\\\\\/23 10:20\\\",\\\"value\\\":2.46},{\\\"date\\\":\\\"23\\\\\\\/06\\\\\\\/23 10:30\\\",\\\"value\\\":2.48},{\\\"date\\\":\\\"23\\\\\\\/06\\\\\\\/23 10:40\\\",\\\"value\\\":2.44},{\\\"date\\\":\\\"23\\\\\\\/06\\\\\\\/23 10:50\\\",\\\"value\\\":2.36},{\\\"date\\\":\\\"23\\\\\\\/06\\\\\\\/23 11:00\\\",\\\"value\\\":2.36},{\\\"date\\\":\\\"23\\\\\\\/06\\\\\\\/23 11:10\\\",\\\"value\\\":2.34},{\\\"date\\\":\\\"23\\\\\\\/06\\\\\\\/23 14:50\\\",\\\"value\\\":2.38},{\\\"date\\\":\\\"23\\\\\\\/06\\\\\\\/23 15:00\\\",\\\"value\\\":2.38},{\\\"date\\\":\\\"23\\\\\\\/06\\\\\\\/23 15:10\\\",\\\"value\\\":2.4},{\\\"date\\\":\\\"23\\\\\\\/06\\\\\\\/23 15:20\\\",\\\"value\\\":2.4},{\\\"date\\\":\\\"23\\\\\\\/06\\\\\\\/23 15:30\\\",\\\"value\\\":2.4},{\\\"date\\\":\\\"23\\\\\\\/06\\\\\\\/23 16:10\\\",\\\"value\\\":2.39},{\\\"date\\\":\\\"23\\\\\\\/06\\\\\\\/23 16:20\\\",\\\"value\\\":2.4},{\\\"date\\\":\\\"23\\\\\\\/06\\\\\\\/23 16:30\\\",\\\"value\\\":2.4},{\\\"date\\\":\\\"23\\\\\\\/06\\\\\\\/23 16:40\\\",\\\"value\\\":2.39},{\\\"date\\\":\\\"26\\\\\\\/06\\\\\\\/23 10:10\\\",\\\"value\\\":2.36},{\\\"date\\\":\\\"26\\\\\\\/06\\\\\\\/23 10:20\\\",\\\"value\\\":2.33},{\\\"date\\\":\\\"26\\\\\\\/06\\\\\\\/23 10:30\\\",\\\"value\\\":2.33},{\\\"date\\\":\\\"27\\\\\\\/06\\\\\\\/23 10:10\\\",\\\"value\\\":2.28},{\\\"date\\\":\\\"27\\\\\\\/06\\\\\\\/23 10:20\\\",\\\"value\\\":2.29},{\\\"date\\\":\\\"27\\\\\\\/06\\\\\\\/23 10:30\\\",\\\"value\\\":2.27},{\\\"date\\\":\\\"27\\\\\\\/06\\\\\\\/23 10:40\\\",\\\"value\\\":2.27},{\\\"date\\\":\\\"27\\\\\\\/06\\\\\\\/23 10:50\\\",\\\"value\\\":2.23},{\\\"date\\\":\\\"27\\\\\\\/06\\\\\\\/23 11:00\\\",\\\"value\\\":2.22},{\\\"date\\\":\\\"27\\\\\\\/06\\\\\\\/23 12:00\\\",\\\"value\\\":2.19},{\\\"date\\\":\\\"27\\\\\\\/06\\\\\\\/23 12:10\\\",\\\"value\\\":2.17},{\\\"date\\\":\\\"27\\\\\\\/06\\\\\\\/23 12:20\\\",\\\"value\\\":2.16},{\\\"date\\\":\\\"27\\\\\\\/06\\\\\\\/23 12:30\\\",\\\"value\\\":2.18}]\";\n  let isPositive_ea2594e8652217595844d499c4f93b45 = \"\";\n\n  let color_ea2594e8652217595844d499c4f93b45 = isPositive_ea2594e8652217595844d499c4f93b45 ? '#3AB53A' : '#D92C2D';\n\n  let data_ea2594e8652217595844d499c4f93b45 = JSON.parse(data_json_ea2594e8652217595844d499c4f93b45);\n\n  const result_ea2594e8652217595844d499c4f93b45 = {\n    date: [],\n    value: [],\n  };\n\n  data_ea2594e8652217595844d499c4f93b45.forEach((item) => {\n    result_ea2594e8652217595844d499c4f93b45.date.push(item.date);\n    result_ea2594e8652217595844d499c4f93b45.value.push(Number(item.value));\n  });\n\n  let option_ea2594e8652217595844d499c4f93b45 = {\n    \/\/ variavel de cor global\n    color: [color_ea2594e8652217595844d499c4f93b45],\n    title: {\n      text: '',\n    },\n    tooltip: {\n      trigger: 'axis',\n      axisPointer: {\n        type: 'cross',\n        label: {\n          \/\/ cor dos valores em X e Y\n          backgroundColor: color_ea2594e8652217595844d499c4f93b45,\n          formatter: (value) => {\n            if (typeof value.value === 'number') {\n              return Number(value.value).toLocaleString('pt-br', {\n                style: 'currency',\n                currency: 'BRL'\n              });\n            }\n            return value.value;\n          },\n        },\n      },\n      valueFormatter: (value) => Number(value).toLocaleString('pt-br', {\n        style: 'currency',\n        currency: 'BRL'\n      }),\n    },\n    legend: {\n      \/\/ data: ['Valor de Fechamento'],\n      show: false,\n    },\n    toolbox: {\n      feature: {\n        saveAsImage: {\n          show: false,\n        },\n      },\n    },\n    grid: {\n      left: '0px',\n      right: '0px',\n      bottom: '0px',\n      containLabel: true,\n    },\n    xAxis: [{\n      type: 'category',\n      data: result_ea2594e8652217595844d499c4f93b45.date,\n      boundaryGap: true,\n    }],\n    yAxis: [{\n      type: 'value',\n      min: Math.min(...result_ea2594e8652217595844d499c4f93b45.value),\n      max: Math.max(...result_ea2594e8652217595844d499c4f93b45.value),\n      axisLabel: {\n        formatter: (value) => value.toLocaleString('pt-br', {\n          style: 'currency',\n          currency: 'BRL'\n        }),\n      },\n    }],\n    series: [{\n      name: 'Valor de Fechamento',\n      type: 'line',\n      stack: 'Total',\n      \/\/ cor do grafico\n      areaStyle: {},\n      emphasis: {\n        focus: 'series',\n      },\n      data: result_ea2594e8652217595844d499c4f93b45.value,\n      \/\/ cor da linha\n      lineStyle: {\n        color: color_ea2594e8652217595844d499c4f93b45,\n      },\n    }, ],\n  };\n\n\twindow.chart_ea2594e8652217595844d499c4f93b45 = {\n\t\tel: chart_ea2594e8652217595844d499c4f93b45,\n\t\toption: option_ea2594e8652217595844d499c4f93b45\t};\n\n\n<\/script>\n\n\n\n<p>Em resumo, a <strong>Ata do Copom<\/strong> mostrou diverg\u00eancias sobre os pr\u00f3ximos passos da <strong>pol\u00edtica monet\u00e1ria<\/strong> do Brasil, destacando que j\u00e1 h\u00e1 consenso para \u201cum processo parcimonioso de inflex\u00e3o na pr\u00f3xima reuni\u00e3o\u201d.<\/p>\n\n\n\n<p>Contudo, ainda h\u00e1 um grupo de diretores que \u00e9 mais conservador e que enfatizou que o processo de desinfla\u00e7\u00e3o ainda \u00e9 fruto de n\u00facleos que s\u00e3o vol\u00e1teis dentro do indicador oficial. O grupo pediu, ainda, mais cautela e reancoragem das expectativas.<\/p>\n\n\n\n<p>&#8220;Para as varejistas, isso \u00e9 um sinal negativo, uma vez que, em geral, os juros nos atuais patamares mant\u00eam o cen\u00e1rio desafiador. No caso de Magazine Luiza, al\u00e9m do cen\u00e1rio macroecon\u00f4mico, os donos da KaBum! falaram publicamente sobre a disputa judicial envolvendo a venda da empresa para a Magazine Luiza. Tal comunicado tamb\u00e9m pode trazer mais volatilidade para o papel&#8221;, afirmou Heitor De Nicola, especialista de renda vari\u00e1vel e s\u00f3cio da Acqua Vero.<\/p>\n\n\n\n<p>A decis\u00e3o do Copom tamb\u00e9m abalou empresas de outros setores, Por volta do mesmo hor\u00e1rio, os pap\u00e9is de&nbsp;<a href=\"https:\/\/www.suno.com.br\/acoes\/eztc3\/\">Eztec (EZTC3)<\/a>&nbsp;cediam 3,91%, cotados a R$ 17,44, e&nbsp;<a href=\"https:\/\/www.suno.com.br\/acoes\/mrve3\/\">MRV (MRVE3)<\/a>&nbsp;ca\u00edam 4,91%, a R$ 10,27.<\/p>\n\n\n\n\t<div data-element=\"shortcode-read-more\" class=\"readToo\">\n\t\t\t\t<span class=\"readToo__title\">Leia mais<\/span>\n\t\t\t\t<ul class=\"readToo__list\">\n\t\t\t<li><a href=\"https:\/\/www.suno.com.br\/noticias\/ata-do-copom-haddad-risco-fiscal\/\">Haddad: Ata do Copom sinaliza que risco fiscal est\u00e1 afastado<\/a><\/li><li><a href=\"https:\/\/www.suno.com.br\/noticias\/copom-calendario-reuniao-2024\/\">Banco Central publica calend\u00e1rio de reuni\u00f5es do Copom em 2024<\/a><\/li><li><a href=\"https:\/\/www.suno.com.br\/noticias\/ata-do-copom-junho-2023-queda-juros-selic\/\">Ata do Copom: diverg\u00eancias no comit\u00ea e pr\u00f3ximos passos cautelosos marcam decis\u00e3o sobre taxa Selic<\/a><\/li>\t\t<\/ul>\n\t<\/div>\n\n\n\n\n<h2 class=\"wp-block-heading\">IPCA-15 de junho: desacelera\u00e7\u00e3o<\/h2>\n\n\n\n<p>Tamb\u00e9m nesta ter\u00e7a-feira (27), o <a href=\"https:\/\/www.suno.com.br\/artigos\/ibge\/\" target=\"_blank\" rel=\"noreferrer noopener\">Instituto Brasileiro de Geografia e Estat\u00edstica (IBGE)<\/a>&nbsp;divulgou o \u00cdndice Nacional de Pre\u00e7os ao Consumidor Amplo 15 (<strong>IPCA-15<\/strong>) relativo a junho. O indicador, que \u00e9 uma pr\u00e9via da infla\u00e7\u00e3o, teve uma alta pouco expressiva de 0,04% no m\u00eas, sendo considerada a eleva\u00e7\u00e3o mais fraca desde setembro de 2022, quando houve queda de 0,37%.<\/p>\n\n\n\n<p>Olhando separadamente para os meses de junho, o&nbsp;<strong>resultado mensal do indicador de pre\u00e7os<\/strong>&nbsp;foi o mais baixo desde 2020, quando houve eleva\u00e7\u00e3o de 0,02%. O percentual registrado no m\u00eas regrediu a taxa acumulada em 12 meses para 3,40%, o seu menor patamar desde setembro de 2020, quando era de 2,65%. O valor da taxa em&nbsp;<strong>12 meses do IPCA-15<\/strong>&nbsp;agora marca 13 meses seguidos de redu\u00e7\u00e3o.<\/p>\n\n\n\n<p>Com o resultado anunciado nesta ter\u00e7a, o IPCA-15 registrou um aumento de 3,16% no acumulado do ano.<\/p>\n\n\n\n<p>Segundo Andre Fernandes, head de renda vari\u00e1vel e s\u00f3cio da A7 Capital, entre os destaques positivos, houve uma desacelera\u00e7\u00e3o importante nos combust\u00edveis, principalmente a gasolina, com uma varia\u00e7\u00e3o negativa de 3,4%, o que j\u00e1 era esperado pelo mercado. <\/p>\n\n\n\n<p>&#8220;A surpresa negativa foi o transporte p\u00fablico &#8211; no caso, passagens \u00e1reas &#8211; que teve uma varia\u00e7\u00e3o de +10,7% influenciada pelos pre\u00e7os do querosene de avia\u00e7\u00e3o, que n\u00e3o teve queda. Outro item que impactou o \u00edndice foi energia el\u00e9trica residencial, que tem um bom peso no \u00edndice, variando +1,4% em junho, juntamente com aluguel, que variou +1,6%&#8221;, destacou.<\/p>\n\n\n\t<div data-element=\"shortcode-read-more\" class=\"knowMore\">\n\t\t\t\t<span class=\"knowMore__title\">Leia mais<\/span>\n\t\t\t\t<a class=\"knowMore__link\" href=\"https:\/\/www.suno.com.br\/noticias\/ipca15-recorde-desaceleracao\/\">\n\t\t\tIPCA-15 de junho \u00e9 o mais &quot;desacelerado&quot; desde setembro de 2022; saiba mais\t\t<\/a>\n\t<\/div>\n\n\n\n\n<h2 class=\"wp-block-heading\">Poss\u00edvel follow-on da Via<\/h2>\n\n\n\n<p>Segundo informa\u00e7\u00f5es do Estad\u00e3o\/Broadcast divulgadas na \u00faltima sexta-feira (23), com a mudan\u00e7a recente de <strong>comando na Via<\/strong> e a sa\u00edda de executivos no alto escal\u00e3o, a nova gest\u00e3o agora volta o foco para o corte de despesas, o esfor\u00e7o para <strong>gerar caixa<\/strong> e resultados. <\/p>\n\n\n\n<p>\u00c9 dentro dessa equa\u00e7\u00e3o que entrou no radar da companhia a possibilidade de ir ao mercado com uma <strong>oferta subsequente da Via<\/strong>, como uma forma de ajudar a reequilibrar as contas do neg\u00f3cio at\u00e9 o fim do ano.<\/p>\n\n\n\n\t<div data-element=\"shortcode-read-more\" class=\"readToo\">\n\t\t\t\t<span class=\"readToo__title\">Leia mais<\/span>\n\t\t\t\t<ul class=\"readToo__list\">\n\t\t\t<li><a href=\"https:\/\/www.suno.com.br\/noticias\/via-viia3-mudancas-gestao-troca-cfo\/\">Via (VIIA3) faz mudan\u00e7as na gest\u00e3o e troca CFO<\/a><\/li><li><a href=\"https:\/\/www.suno.com.br\/noticias\/via-viia3-demissoes-alto-escalao-reestruturacao\/\">Via (VIIA3) faz demiss\u00f5es no alto escal\u00e3o em meio a processo de reestrutura\u00e7\u00e3o<\/a><\/li>\t\t<\/ul>\n\t<\/div>\n\n\n\n\n<p>Em maio, segundo a reportagem, a Via concluiu a rolagem de R$ 1,1 bilh\u00e3o em deb\u00eantures por dois anos, ou seja, junho de 2025. \u201cTirou a press\u00e3o de curto prazo\u201d, disse uma fonte pr\u00f3xima \u00e0s negocia\u00e7\u00f5es. As novas deb\u00eantures pagam juro de 4,1% somado \u00e0 remunera\u00e7\u00e3o do CDI. No fim do ano passado, a companhia j\u00e1 recebeu uma \u201cajuda\u201d (termo usado por partes envolvidas na negocia\u00e7\u00e3o) do Bradesco para equilibrar o or\u00e7amento.<\/p>\n\n\n\n<p>Com uma renova\u00e7\u00e3o de parceria com o banco por mais 15 anos para os cart\u00f5es co-branded na&nbsp;<strong>Casas Bahia<\/strong>, a companhia recebeu, em novembro de 2022, R$ 1,75 bilh\u00e3o de \u201csigning b\u00f4nus\u201d e antecipa\u00e7\u00e3o de parte das comiss\u00f5es. Todos os movimentos acontecem em meio \u00e0 revela\u00e7\u00e3o de uma fraude cont\u00e1bil na&nbsp;<a href=\"https:\/\/www.suno.com.br\/acoes\/amer3\/\">Americanas (AMER3)<\/a>, que deixou um buraco de cerca de R$ 15 bilh\u00f5es nos cinco maiores bancos do Pa\u00eds e todas as varejistas fragilizadas.<\/p>\n\n\n\n<p>A Via, como um dos maiores nomes do setor de bens dur\u00e1veis brasileiras, seria, portanto, grande demais para entrar em uma lista de problemas para essas institui\u00e7\u00f5es. Ao contr\u00e1rio de alguns dos concorrentes, a Via n\u00e3o tem problemas operacionais, mas sim de endividamento \u2013 por isso a necessidade de reequilibrar as contas, argumenta uma fonte.<\/p>\n\n\n\n<p>Nessa&nbsp;<strong>estrat\u00e9gia da Via<\/strong>, a prioridade \u00e9 reduzir gastos, incluindo investimentos, e focar na melhorar a efici\u00eancia e em neg\u00f3cios que d\u00e3o dinheiro. Desde fevereiro, a empresa passa por uma reformula\u00e7\u00e3o completa de sua diretoria, substituindo executivos com foco em crescimento por nomes que o novo chefe do Conselho de Administra\u00e7\u00e3o, Renato Carvalho, v\u00ea como profissionais com foco em conten\u00e7\u00e3o de despesas.<\/p>\n\n\n\n<p>Ao todo, seis altos executivos deixaram seus&nbsp;<strong>cargos na Via<\/strong>: o CEO, Roberto Fulcherberguer; o CFO, Orivaldo Padilha; Helisson Lemos, respons\u00e1vel pela \u00e1rea de marketplace; Andre Calabro, chefe do banQi; Helio Muniz, chefe de comunica\u00e7\u00e3o e ESG; e Ilca Sierra, chefe de marketing.<\/p>\n\n\n\n<p>Ainda dentro da perspectiva de cortes, a companhia tem feito outras demiss\u00f5es \u2013 as mais recentes envolveram diretores do banQi, que nessa reformula\u00e7\u00e3o devem perder relev\u00e2ncia na estrat\u00e9gia da varejista. A \u00e1rea, que j\u00e1 havia perdido seu CEO, Calabro, agora deve deixar de fornecer empr\u00e9stimo pessoal. <\/p>\n\n\n\t<p>\n\t\t<a href=\"\" target=\"_blank\" data-element=\"shortcode-suno-banner\" title=\"Banner SUNO, clique e saiba mais\">\n\t\t\t<picture>\n\t\t\t\t<source media=\"(max-width: 500px)\" srcset=\"\">\n\t\t\t\t<img class=\"newsContent__article__imgCapa newsContent__article__imgCapa--banner\"\n\t\t\t\t\tsrc=\"\"\n\t\t\t\t\tdata-promo-id=\"250707\"\t\t\t\t\t\t\t\t\t\t\t\t\t\t\talt=\"\"\n\t\t\t\t>\n\t\t\t<\/picture>\n\t\t<\/a>\n\t<\/p>\n\n\n\n\n\n<h2 class=\"wp-block-heading\">Via fechou o 1T23 com preju\u00edzo de R$ 297 milh\u00f5es<\/h2>\n\n\n\n<p>A&nbsp;<strong>Via<\/strong>&nbsp;fechou mais um trimestre com um preju\u00edzo milion\u00e1rio nas m\u00e3os. A opera\u00e7\u00e3o da \u201cm\u00e3e\u201d da Casas Bahia come\u00e7ou o ano com um n\u00famero negativo de R$ 297 milh\u00f5es. Na 1T22, a varejista tinha anotado lucro de R$ 18 milh\u00f5es.<\/p>\n\n\n\n<p>De acordo com o&nbsp;<strong>balan\u00e7o da Via<\/strong>&nbsp;do 1T23, os principais n\u00fameros desse per\u00edodo foram:<\/p>\n\n\n\n<ul class=\"wp-block-list\">\n<li><strong>Receita l\u00edquida da Via<\/strong>: R$ 7,354 bilh\u00f5es, queda de 0,6% ante 1T22;<\/li>\n\n\n\n<li>Ebitda (Lucros antes de juros, impostos, deprecia\u00e7\u00e3o e amortiza\u00e7\u00e3o) ajustado: R$ 675 milh\u00f5es, alta de 0,2% ante 1T22;<\/li>\n\n\n\n<li>Resultado l\u00edquido: preju\u00edzo de R$ 297 milh\u00f5es; no 1T22, empresa registrou lucro l\u00edquido de 18 milh\u00f5es.<\/li>\n<\/ul>\n\n\n\n<p>\u201cO preju\u00edzo l\u00edquido foi de R$ 297 milh\u00f5es e&nbsp;<a href=\"https:\/\/www.suno.com.br\/artigos\/margem-liquida\/\" target=\"_blank\" rel=\"noreferrer noopener\">margem l\u00edquida<\/a>&nbsp;de \u2013 4,0% no trimestre, com recuo de<br>4,2 p.p frente ao 1T22. Os ajustes n\u00e3o recorrentes relacionados \u00e0 atualiza\u00e7\u00e3o dos processos trabalhistas<br>(legado) foram de R$ 80 milh\u00f5es no trimestre refletindo num preju\u00edzo l\u00edquido operacional de R$ 217<br>milh\u00f5es\u201d, ressaltou a companhia no informe ao mercado.<\/p>\n\n\n\n<p>O&nbsp;<strong>resultado financeiro da Via&nbsp;<\/strong>foi negativo em R$ 827 milh\u00f5es, 5,4 pontos porcentuais maior como porcentual da receita l\u00edquida, em raz\u00e3o, principalmente, do aumento da taxa Selic e maior desconto de receb\u00edveis de cart\u00e3o de cr\u00e9dito.<\/p>\n\n\n\n<p>A margem bruta foi de 32,1%, com alta de 1,4 p.p. e a margem Ebitda ficou em 9,2%, alta de 0,1p.p. A empresa credita os ganhos de rentabilidade, entre outros fatores, ao aumento da participa\u00e7\u00e3o do carn\u00ea na venda da loja e \u00e0 maior produtividade de vendas por vendedor.<\/p>\n\n\n\n<p>A&nbsp;<strong>Via<\/strong>&nbsp;apresentou d\u00edvida l\u00edquida ajustada de R$ 500 milh\u00f5es e patrim\u00f4nio l\u00edquido de R$ 5 bilh\u00f5es, com \u00edndices de alavancagem em patamares inferiores aos covenants financeiros. A Via terminou o trimestre com posi\u00e7\u00e3o de caixa, incluindo receb\u00edveis de cart\u00e3o, de R$ 3,5 bilh\u00f5es.<\/p>\n\n\n\n<p><em>Com informa\u00e7\u00f5es de Estad\u00e3o Conte\u00fado<\/em><\/p>\n\n\n\t<p>\n\t\t<a href=\"\" target=\"_blank\" data-element=\"shortcode-suno-banner\" title=\"Banner SUNO, clique e saiba mais\">\n\t\t\t<picture>\n\t\t\t\t<source media=\"(max-width: 500px)\" srcset=\"\">\n\t\t\t\t<img class=\"newsContent__article__imgCapa newsContent__article__imgCapa--banner\"\n\t\t\t\t\tsrc=\"\"\n\t\t\t\t\tdata-promo-id=\"250707\"\t\t\t\t\t\t\t\t\t\t\t\t\t\t\talt=\"\"\n\t\t\t\t>\n\t\t\t<\/picture>\n\t\t<\/a>\n\t<\/p>\n\n\n","protected":false},"excerpt":{"rendered":"<p>As a\u00e7\u00f5es de\u00a0Via\u00a0(VIIA3)\u00a0e\u00a0Magazine Luiza (MGLU3)\u00a0figuraram no campo negativo do Ibovespa desta ter\u00e7a-feira (27), pressionadas pela divulga\u00e7\u00e3o da Ata do Comit\u00ea de\u00a0Pol\u00edtica Monet\u00e1ria\u00a0(Copom). O documento do Banco Central (BC) afirmou que manter\u00e1 a taxa no patamar atual &#8220;at\u00e9 que se consolide n\u00e3o apenas o processo de desinfla\u00e7\u00e3o como tamb\u00e9m a ancoragem das expectativas em torno de [&hellip;]<\/p>\n","protected":false},"author":295,"featured_media":371076,"comment_status":"closed","ping_status":"closed","sticky":false,"template":"","format":"standard","meta":[],"categories":[60],"tags":[286,106605,548,106935],"suno_strategy":[],"class_list":["post-421971","post","type-post","status-publish","format-standard","has-post-thumbnail","hentry","category-mercado","tag-acoes","tag-americanas-s-a-amer3","tag-magazine-luiza-mglu3","tag-via-viia3"],"yoast_head":"<!-- This site is optimized with the Yoast SEO plugin v24.4 - https:\/\/yoast.com\/wordpress\/plugins\/seo\/ -->\n<title>Via (VIIA3) e Magazine Luiza (MGLU3) caem no Ibovespa nesta ter\u00e7a<\/title>\n<meta name=\"description\" content=\"As a\u00e7\u00f5es de\u00a0Via\u00a0e\u00a0Magazine Luiza est\u00e3o entre os destaques negativos do Ibovespa desta ter\u00e7a, pressionadas pela divulga\u00e7\u00e3o da Ata do Copom.\" \/>\n<meta name=\"robots\" content=\"index, follow, max-snippet:-1, max-image-preview:large, max-video-preview:-1\" \/>\n<link rel=\"canonical\" href=\"https:\/\/www.suno.com.br\/noticias\/via-viia3-magazine-luiza-mglu3-caem-ibovespa-terca\/\" \/>\n<meta property=\"og:locale\" content=\"pt_BR\" \/>\n<meta property=\"og:type\" content=\"article\" \/>\n<meta property=\"og:title\" content=\"Via (VIIA3) e Magazine Luiza (MGLU3) caem no Ibovespa nesta ter\u00e7a\" \/>\n<meta property=\"og:description\" content=\"As a\u00e7\u00f5es de\u00a0Via\u00a0e\u00a0Magazine Luiza est\u00e3o entre os destaques negativos do Ibovespa desta ter\u00e7a, pressionadas pela divulga\u00e7\u00e3o da Ata do Copom.\" \/>\n<meta property=\"og:url\" content=\"https:\/\/www.suno.com.br\/noticias\/via-viia3-magazine-luiza-mglu3-caem-ibovespa-terca\/\" \/>\n<meta property=\"og:site_name\" content=\"Suno Not\u00edcias\" \/>\n<meta property=\"article:publisher\" content=\"https:\/\/facebook.com\/sunoresearch\" \/>\n<meta property=\"og:image\" content=\"https:\/\/files.sunoresearch.com.br\/n\/uploads\/2023\/03\/via-viia3-magalu-mglu3-avatares-fotos-divulgacao.jpg\" \/>\n\t<meta property=\"og:image:width\" content=\"1200\" \/>\n\t<meta property=\"og:image:height\" content=\"675\" \/>\n\t<meta property=\"og:image:type\" content=\"image\/jpeg\" \/>\n<meta name=\"author\" content=\"Giovanni Porf\u00edrio Jacomino\" \/>\n<meta name=\"twitter:card\" content=\"summary_large_image\" \/>\n<meta name=\"twitter:creator\" content=\"@sunoresearch\" \/>\n<meta name=\"twitter:site\" content=\"@sunoresearch\" \/>\n<meta name=\"twitter:label1\" content=\"Escrito por\" \/>\n\t<meta name=\"twitter:data1\" content=\"Giovanni Porf\u00edrio Jacomino\" \/>\n\t<meta name=\"twitter:label2\" content=\"Est. tempo de leitura\" \/>\n\t<meta name=\"twitter:data2\" content=\"8 minutos\" \/>\n<script type=\"application\/ld+json\" class=\"yoast-schema-graph\">{\"@context\":\"https:\/\/schema.org\",\"@graph\":[{\"@type\":\"NewsArticle\",\"@id\":\"https:\/\/www.suno.com.br\/noticias\/via-viia3-magazine-luiza-mglu3-caem-ibovespa-terca\/#article\",\"isPartOf\":{\"@id\":\"https:\/\/www.suno.com.br\/noticias\/via-viia3-magazine-luiza-mglu3-caem-ibovespa-terca\/\"},\"author\":{\"name\":\"Giovanni Porf\u00edrio Jacomino\",\"@id\":\"https:\/\/www.suno.com.br\/noticias\/#\/schema\/person\/217058341e4dbe1f68f3b898b09ca015\"},\"headline\":\"Via (VIIA3), Magazine Luiza (MGLU3) e mais varejistas tombam no Ibovespa nesta ter\u00e7a. Quais os motivos?\",\"datePublished\":\"2023-06-27T18:35:43+00:00\",\"dateModified\":\"2023-06-27T20:38:04+00:00\",\"mainEntityOfPage\":{\"@id\":\"https:\/\/www.suno.com.br\/noticias\/via-viia3-magazine-luiza-mglu3-caem-ibovespa-terca\/\"},\"wordCount\":1421,\"publisher\":{\"@id\":\"https:\/\/www.suno.com.br\/noticias\/#organization\"},\"image\":{\"@id\":\"https:\/\/www.suno.com.br\/noticias\/via-viia3-magazine-luiza-mglu3-caem-ibovespa-terca\/#primaryimage\"},\"thumbnailUrl\":\"https:\/\/files.sunoresearch.com.br\/n\/uploads\/2023\/03\/via-viia3-magalu-mglu3-avatares-fotos-divulgacao.jpg\",\"keywords\":[\"A\u00e7\u00f5es\",\"Americanas (AMER3)\",\"Magazine Luiza (MGLU3)\",\"Via (VIIA3)\"],\"articleSection\":[\"Mercado\"],\"inLanguage\":\"pt-BR\"},{\"@type\":\"WebPage\",\"@id\":\"https:\/\/www.suno.com.br\/noticias\/via-viia3-magazine-luiza-mglu3-caem-ibovespa-terca\/\",\"url\":\"https:\/\/www.suno.com.br\/noticias\/via-viia3-magazine-luiza-mglu3-caem-ibovespa-terca\/\",\"name\":\"Via (VIIA3) e Magazine Luiza (MGLU3) caem no Ibovespa nesta ter\u00e7a\",\"isPartOf\":{\"@id\":\"https:\/\/www.suno.com.br\/noticias\/#website\"},\"primaryImageOfPage\":{\"@id\":\"https:\/\/www.suno.com.br\/noticias\/via-viia3-magazine-luiza-mglu3-caem-ibovespa-terca\/#primaryimage\"},\"image\":{\"@id\":\"https:\/\/www.suno.com.br\/noticias\/via-viia3-magazine-luiza-mglu3-caem-ibovespa-terca\/#primaryimage\"},\"thumbnailUrl\":\"https:\/\/files.sunoresearch.com.br\/n\/uploads\/2023\/03\/via-viia3-magalu-mglu3-avatares-fotos-divulgacao.jpg\",\"datePublished\":\"2023-06-27T18:35:43+00:00\",\"dateModified\":\"2023-06-27T20:38:04+00:00\",\"description\":\"As a\u00e7\u00f5es de\u00a0Via\u00a0e\u00a0Magazine Luiza est\u00e3o entre os destaques negativos do Ibovespa desta ter\u00e7a, pressionadas pela divulga\u00e7\u00e3o da Ata do Copom.\",\"breadcrumb\":{\"@id\":\"https:\/\/www.suno.com.br\/noticias\/via-viia3-magazine-luiza-mglu3-caem-ibovespa-terca\/#breadcrumb\"},\"inLanguage\":\"pt-BR\",\"potentialAction\":[{\"@type\":\"ReadAction\",\"target\":[\"https:\/\/www.suno.com.br\/noticias\/via-viia3-magazine-luiza-mglu3-caem-ibovespa-terca\/\"]}]},{\"@type\":\"ImageObject\",\"inLanguage\":\"pt-BR\",\"@id\":\"https:\/\/www.suno.com.br\/noticias\/via-viia3-magazine-luiza-mglu3-caem-ibovespa-terca\/#primaryimage\",\"url\":\"https:\/\/files.sunoresearch.com.br\/n\/uploads\/2023\/03\/via-viia3-magalu-mglu3-avatares-fotos-divulgacao.jpg\",\"contentUrl\":\"https:\/\/files.sunoresearch.com.br\/n\/uploads\/2023\/03\/via-viia3-magalu-mglu3-avatares-fotos-divulgacao.jpg\",\"width\":1200,\"height\":675,\"caption\":\"Magazine Luiza (MGLU3) e Casas Bahia (BHIA3). Foto: Divulga\u00e7\u00e3o\"},{\"@type\":\"BreadcrumbList\",\"@id\":\"https:\/\/www.suno.com.br\/noticias\/via-viia3-magazine-luiza-mglu3-caem-ibovespa-terca\/#breadcrumb\",\"itemListElement\":[{\"@type\":\"ListItem\",\"position\":1,\"name\":\"Not\u00edcias\",\"item\":\"https:\/\/www.suno.com.br\/noticias\/\"},{\"@type\":\"ListItem\",\"position\":2,\"name\":\"Mercado\",\"item\":\"https:\/\/www.suno.com.br\/noticias\/mercado\/\"},{\"@type\":\"ListItem\",\"position\":3,\"name\":\"Via (VIIA3), Magazine Luiza (MGLU3) e mais varejistas tombam no Ibovespa nesta ter\u00e7a. Quais os motivos?\"}]},{\"@type\":\"WebSite\",\"@id\":\"https:\/\/www.suno.com.br\/noticias\/#website\",\"url\":\"https:\/\/www.suno.com.br\/noticias\/\",\"name\":\"Suno Not\u00edcias\",\"description\":\"Seu portal de informa\u00e7\u00e3o sobre o mundo dos investimentos\",\"publisher\":{\"@id\":\"https:\/\/www.suno.com.br\/noticias\/#organization\"},\"potentialAction\":[{\"@type\":\"SearchAction\",\"target\":{\"@type\":\"EntryPoint\",\"urlTemplate\":\"https:\/\/www.suno.com.br\/noticias\/?s={search_term_string}\"},\"query-input\":{\"@type\":\"PropertyValueSpecification\",\"valueRequired\":true,\"valueName\":\"search_term_string\"}}],\"inLanguage\":\"pt-BR\"},{\"@type\":\"Organization\",\"@id\":\"https:\/\/www.suno.com.br\/noticias\/#organization\",\"name\":\"Suno Not\u00edcias\",\"url\":\"https:\/\/www.suno.com.br\/noticias\/\",\"logo\":{\"@type\":\"ImageObject\",\"inLanguage\":\"pt-BR\",\"@id\":\"https:\/\/www.suno.com.br\/noticias\/#\/schema\/logo\/image\/\",\"url\":\"https:\/\/files.sunoresearch.com.br\/n\/uploads\/2021\/09\/suno-logo.png\",\"contentUrl\":\"https:\/\/files.sunoresearch.com.br\/n\/uploads\/2021\/09\/suno-logo.png\",\"width\":180,\"height\":180,\"caption\":\"Suno Not\u00edcias\"},\"image\":{\"@id\":\"https:\/\/www.suno.com.br\/noticias\/#\/schema\/logo\/image\/\"},\"sameAs\":[\"https:\/\/facebook.com\/sunoresearch\",\"https:\/\/x.com\/sunoresearch\",\"https:\/\/www.instagram.com\/suno\",\"https:\/\/www.linkedin.com\/company\/suno-research\/\",\"https:\/\/www.youtube.com\/c\/sunoresearch\"]},{\"@type\":\"Person\",\"@id\":\"https:\/\/www.suno.com.br\/noticias\/#\/schema\/person\/217058341e4dbe1f68f3b898b09ca015\",\"name\":\"Giovanni Porf\u00edrio Jacomino\",\"image\":{\"@type\":\"ImageObject\",\"inLanguage\":\"pt-BR\",\"@id\":\"https:\/\/www.suno.com.br\/noticias\/#\/schema\/person\/image\/\",\"url\":\"https:\/\/secure.gravatar.com\/avatar\/bc678fc5559a55f79ada398443281309?s=96&r=g\",\"contentUrl\":\"https:\/\/secure.gravatar.com\/avatar\/bc678fc5559a55f79ada398443281309?s=96&r=g\",\"caption\":\"Giovanni Porf\u00edrio Jacomino\"},\"description\":\"Giovanni Porf\u00edrio Jacomino \u00e9 jornalista formado pela Universidade Estadual de Londrina (UEL) e p\u00f3s-graduado em Produ\u00e7\u00e3o e Pr\u00e1ticas Jornal\u00edsticas na Contemporaneidade na Faculdade C\u00e1sper L\u00edbero (FCL). Foi editor web no Startupi e no Finsiders, atuando ainda como editor no TC Mover, portal de not\u00edcias da TradersClub, fazendo a cobertura de assuntos relacionados ao mercado financeiro interno e externo. Atualmente, \u00e9 Rep\u00f3rter do Suno Not\u00edcias.\",\"url\":\"https:\/\/www.suno.com.br\/noticias\/author\/giovanniporfirio01gmail-com\/\"}]}<\/script>\n<!-- \/ Yoast SEO plugin. -->","yoast_head_json":{"title":"Via (VIIA3) e Magazine Luiza (MGLU3) caem no Ibovespa nesta ter\u00e7a","description":"As a\u00e7\u00f5es de\u00a0Via\u00a0e\u00a0Magazine Luiza est\u00e3o entre os destaques negativos do Ibovespa desta ter\u00e7a, pressionadas pela divulga\u00e7\u00e3o da Ata do Copom.","robots":{"index":"index","follow":"follow","max-snippet":"max-snippet:-1","max-image-preview":"max-image-preview:large","max-video-preview":"max-video-preview:-1"},"canonical":"https:\/\/www.suno.com.br\/noticias\/via-viia3-magazine-luiza-mglu3-caem-ibovespa-terca\/","og_locale":"pt_BR","og_type":"article","og_title":"Via (VIIA3) e Magazine Luiza (MGLU3) caem no Ibovespa nesta ter\u00e7a","og_description":"As a\u00e7\u00f5es de\u00a0Via\u00a0e\u00a0Magazine Luiza est\u00e3o entre os destaques negativos do Ibovespa desta ter\u00e7a, pressionadas pela divulga\u00e7\u00e3o da Ata do Copom.","og_url":"https:\/\/www.suno.com.br\/noticias\/via-viia3-magazine-luiza-mglu3-caem-ibovespa-terca\/","og_site_name":"Suno Not\u00edcias","article_publisher":"https:\/\/facebook.com\/sunoresearch","og_image":[{"width":1200,"height":675,"url":"https:\/\/files.sunoresearch.com.br\/n\/uploads\/2023\/03\/via-viia3-magalu-mglu3-avatares-fotos-divulgacao.jpg","type":"image\/jpeg"}],"author":"Giovanni Porf\u00edrio Jacomino","twitter_card":"summary_large_image","twitter_creator":"@sunoresearch","twitter_site":"@sunoresearch","twitter_misc":{"Escrito por":"Giovanni Porf\u00edrio Jacomino","Est. tempo de leitura":"8 minutos"},"schema":{"@context":"https:\/\/schema.org","@graph":[{"@type":"NewsArticle","@id":"https:\/\/www.suno.com.br\/noticias\/via-viia3-magazine-luiza-mglu3-caem-ibovespa-terca\/#article","isPartOf":{"@id":"https:\/\/www.suno.com.br\/noticias\/via-viia3-magazine-luiza-mglu3-caem-ibovespa-terca\/"},"author":{"name":"Giovanni Porf\u00edrio Jacomino","@id":"https:\/\/www.suno.com.br\/noticias\/#\/schema\/person\/217058341e4dbe1f68f3b898b09ca015"},"headline":"Via (VIIA3), Magazine Luiza (MGLU3) e mais varejistas tombam no Ibovespa nesta ter\u00e7a. Quais os motivos?","datePublished":"2023-06-27T18:35:43+00:00","dateModified":"2023-06-27T20:38:04+00:00","mainEntityOfPage":{"@id":"https:\/\/www.suno.com.br\/noticias\/via-viia3-magazine-luiza-mglu3-caem-ibovespa-terca\/"},"wordCount":1421,"publisher":{"@id":"https:\/\/www.suno.com.br\/noticias\/#organization"},"image":{"@id":"https:\/\/www.suno.com.br\/noticias\/via-viia3-magazine-luiza-mglu3-caem-ibovespa-terca\/#primaryimage"},"thumbnailUrl":"https:\/\/files.sunoresearch.com.br\/n\/uploads\/2023\/03\/via-viia3-magalu-mglu3-avatares-fotos-divulgacao.jpg","keywords":["A\u00e7\u00f5es","Americanas (AMER3)","Magazine Luiza (MGLU3)","Via (VIIA3)"],"articleSection":["Mercado"],"inLanguage":"pt-BR"},{"@type":"WebPage","@id":"https:\/\/www.suno.com.br\/noticias\/via-viia3-magazine-luiza-mglu3-caem-ibovespa-terca\/","url":"https:\/\/www.suno.com.br\/noticias\/via-viia3-magazine-luiza-mglu3-caem-ibovespa-terca\/","name":"Via (VIIA3) e Magazine Luiza (MGLU3) caem no Ibovespa nesta ter\u00e7a","isPartOf":{"@id":"https:\/\/www.suno.com.br\/noticias\/#website"},"primaryImageOfPage":{"@id":"https:\/\/www.suno.com.br\/noticias\/via-viia3-magazine-luiza-mglu3-caem-ibovespa-terca\/#primaryimage"},"image":{"@id":"https:\/\/www.suno.com.br\/noticias\/via-viia3-magazine-luiza-mglu3-caem-ibovespa-terca\/#primaryimage"},"thumbnailUrl":"https:\/\/files.sunoresearch.com.br\/n\/uploads\/2023\/03\/via-viia3-magalu-mglu3-avatares-fotos-divulgacao.jpg","datePublished":"2023-06-27T18:35:43+00:00","dateModified":"2023-06-27T20:38:04+00:00","description":"As a\u00e7\u00f5es de\u00a0Via\u00a0e\u00a0Magazine Luiza est\u00e3o entre os destaques negativos do Ibovespa desta ter\u00e7a, pressionadas pela divulga\u00e7\u00e3o da Ata do Copom.","breadcrumb":{"@id":"https:\/\/www.suno.com.br\/noticias\/via-viia3-magazine-luiza-mglu3-caem-ibovespa-terca\/#breadcrumb"},"inLanguage":"pt-BR","potentialAction":[{"@type":"ReadAction","target":["https:\/\/www.suno.com.br\/noticias\/via-viia3-magazine-luiza-mglu3-caem-ibovespa-terca\/"]}]},{"@type":"ImageObject","inLanguage":"pt-BR","@id":"https:\/\/www.suno.com.br\/noticias\/via-viia3-magazine-luiza-mglu3-caem-ibovespa-terca\/#primaryimage","url":"https:\/\/files.sunoresearch.com.br\/n\/uploads\/2023\/03\/via-viia3-magalu-mglu3-avatares-fotos-divulgacao.jpg","contentUrl":"https:\/\/files.sunoresearch.com.br\/n\/uploads\/2023\/03\/via-viia3-magalu-mglu3-avatares-fotos-divulgacao.jpg","width":1200,"height":675,"caption":"Magazine Luiza (MGLU3) e Casas Bahia (BHIA3). Foto: Divulga\u00e7\u00e3o"},{"@type":"BreadcrumbList","@id":"https:\/\/www.suno.com.br\/noticias\/via-viia3-magazine-luiza-mglu3-caem-ibovespa-terca\/#breadcrumb","itemListElement":[{"@type":"ListItem","position":1,"name":"Not\u00edcias","item":"https:\/\/www.suno.com.br\/noticias\/"},{"@type":"ListItem","position":2,"name":"Mercado","item":"https:\/\/www.suno.com.br\/noticias\/mercado\/"},{"@type":"ListItem","position":3,"name":"Via (VIIA3), Magazine Luiza (MGLU3) e mais varejistas tombam no Ibovespa nesta ter\u00e7a. Quais os motivos?"}]},{"@type":"WebSite","@id":"https:\/\/www.suno.com.br\/noticias\/#website","url":"https:\/\/www.suno.com.br\/noticias\/","name":"Suno Not\u00edcias","description":"Seu portal de informa\u00e7\u00e3o sobre o mundo dos investimentos","publisher":{"@id":"https:\/\/www.suno.com.br\/noticias\/#organization"},"potentialAction":[{"@type":"SearchAction","target":{"@type":"EntryPoint","urlTemplate":"https:\/\/www.suno.com.br\/noticias\/?s={search_term_string}"},"query-input":{"@type":"PropertyValueSpecification","valueRequired":true,"valueName":"search_term_string"}}],"inLanguage":"pt-BR"},{"@type":"Organization","@id":"https:\/\/www.suno.com.br\/noticias\/#organization","name":"Suno Not\u00edcias","url":"https:\/\/www.suno.com.br\/noticias\/","logo":{"@type":"ImageObject","inLanguage":"pt-BR","@id":"https:\/\/www.suno.com.br\/noticias\/#\/schema\/logo\/image\/","url":"https:\/\/files.sunoresearch.com.br\/n\/uploads\/2021\/09\/suno-logo.png","contentUrl":"https:\/\/files.sunoresearch.com.br\/n\/uploads\/2021\/09\/suno-logo.png","width":180,"height":180,"caption":"Suno Not\u00edcias"},"image":{"@id":"https:\/\/www.suno.com.br\/noticias\/#\/schema\/logo\/image\/"},"sameAs":["https:\/\/facebook.com\/sunoresearch","https:\/\/x.com\/sunoresearch","https:\/\/www.instagram.com\/suno","https:\/\/www.linkedin.com\/company\/suno-research\/","https:\/\/www.youtube.com\/c\/sunoresearch"]},{"@type":"Person","@id":"https:\/\/www.suno.com.br\/noticias\/#\/schema\/person\/217058341e4dbe1f68f3b898b09ca015","name":"Giovanni Porf\u00edrio Jacomino","image":{"@type":"ImageObject","inLanguage":"pt-BR","@id":"https:\/\/www.suno.com.br\/noticias\/#\/schema\/person\/image\/","url":"https:\/\/secure.gravatar.com\/avatar\/bc678fc5559a55f79ada398443281309?s=96&r=g","contentUrl":"https:\/\/secure.gravatar.com\/avatar\/bc678fc5559a55f79ada398443281309?s=96&r=g","caption":"Giovanni Porf\u00edrio Jacomino"},"description":"Giovanni Porf\u00edrio Jacomino \u00e9 jornalista formado pela Universidade Estadual de Londrina (UEL) e p\u00f3s-graduado em Produ\u00e7\u00e3o e Pr\u00e1ticas Jornal\u00edsticas na Contemporaneidade na Faculdade C\u00e1sper L\u00edbero (FCL). Foi editor web no Startupi e no Finsiders, atuando ainda como editor no TC Mover, portal de not\u00edcias da TradersClub, fazendo a cobertura de assuntos relacionados ao mercado financeiro interno e externo. Atualmente, \u00e9 Rep\u00f3rter do Suno Not\u00edcias.","url":"https:\/\/www.suno.com.br\/noticias\/author\/giovanniporfirio01gmail-com\/"}]}},"default_loop_html":"<div class=\"cardsPage__listCard__boxs\"><div class=\"cardsPage__listCard__boxs__img\"><a href=\"https:\/\/www.suno.com.br\/noticias\/via-viia3-magazine-luiza-mglu3-caem-ibovespa-terca\/\"><img class=\"mask\" src=\"https:\/\/www.suno.com.br\/noticias\/wp-content\/themes\/suno\/resources\/images\/spotlight\/spotlight1img\/bg-mask.png\" alt=\"Image Mask\"\/><img src=\"https:\/\/files.sunoresearch.com.br\/n\/uploads\/2023\/03\/via-viia3-magalu-mglu3-avatares-fotos-divulgacao-400x200.jpg\" alt=\"Via (VIIA3), Magazine Luiza (MGLU3) e mais varejistas tombam no Ibovespa nesta ter\u00e7a. Quais os motivos?\"\/><\/a><span class=\"spotlightCategory\"><a href=\"https:\/\/www.suno.com.br\/noticias\/mercado\/\">Mercado<\/a><\/span><\/div><div class=\"cardsPage__listCard__boxs__content\"><a href=\"https:\/\/www.suno.com.br\/noticias\/via-viia3-magazine-luiza-mglu3-caem-ibovespa-terca\/\"><h2 class=\"content__title\">Via (VIIA3), Magazine Luiza (MGLU3) e mais varejistas tombam no Ibovespa nesta ter\u00e7a. Quais os motivos?<\/h2><\/a><div class=\"newsContent__article__meta\"><div class=\"newsContent__article__meta__authorBox\"><a href=\"https:\/\/www.suno.com.br\/noticias\/author\/eduardo-vargas\/\" class=\"authorBox__avatar noMobi\"><img src=\"https:\/\/secure.gravatar.com\/avatar\/dac340933427a22924c9f99d1eb2e3f2?s=96&#038;r=g\" alt=\"Eduardo Vargas\"><\/a><div class=\"authorBox__name\"><span>por\n\t\t\t<a href=\"https:\/\/www.suno.com.br\/noticias\/author\/eduardo-vargas\/\"><span itemprop=\"author\">Eduardo Vargas<\/span><\/a><\/span><time datetime=\"2023-06-27T15:35:43-03:00\" itemprop=\"datePublished\">27\/06\/2023 15:35<\/time><\/div><\/div><\/div><\/div><\/div>","single_layout":"posts","amp_enabled":true,"_links":{"self":[{"href":"https:\/\/www.suno.com.br\/noticias\/wp-json\/wp\/v2\/posts\/421971"}],"collection":[{"href":"https:\/\/www.suno.com.br\/noticias\/wp-json\/wp\/v2\/posts"}],"about":[{"href":"https:\/\/www.suno.com.br\/noticias\/wp-json\/wp\/v2\/types\/post"}],"author":[{"embeddable":true,"href":"https:\/\/www.suno.com.br\/noticias\/wp-json\/wp\/v2\/users\/295"}],"replies":[{"embeddable":true,"href":"https:\/\/www.suno.com.br\/noticias\/wp-json\/wp\/v2\/comments?post=421971"}],"version-history":[{"count":2,"href":"https:\/\/www.suno.com.br\/noticias\/wp-json\/wp\/v2\/posts\/421971\/revisions"}],"predecessor-version":[{"id":422114,"href":"https:\/\/www.suno.com.br\/noticias\/wp-json\/wp\/v2\/posts\/421971\/revisions\/422114"}],"wp:featuredmedia":[{"embeddable":true,"href":"https:\/\/www.suno.com.br\/noticias\/wp-json\/wp\/v2\/media\/371076"}],"wp:attachment":[{"href":"https:\/\/www.suno.com.br\/noticias\/wp-json\/wp\/v2\/media?parent=421971"}],"wp:term":[{"taxonomy":"category","embeddable":true,"href":"https:\/\/www.suno.com.br\/noticias\/wp-json\/wp\/v2\/categories?post=421971"},{"taxonomy":"post_tag","embeddable":true,"href":"https:\/\/www.suno.com.br\/noticias\/wp-json\/wp\/v2\/tags?post=421971"},{"taxonomy":"suno_strategy","embeddable":true,"href":"https:\/\/www.suno.com.br\/noticias\/wp-json\/wp\/v2\/suno_strategy?post=421971"}],"curies":[{"name":"wp","href":"https:\/\/api.w.org\/{rel}","templated":true}]}}