{"id":421792,"date":"2023-06-27T12:38:46","date_gmt":"2023-06-27T15:38:46","guid":{"rendered":"https:\/\/www.suno.com.br\/noticias\/?p=421792"},"modified":"2023-06-27T12:38:50","modified_gmt":"2023-06-27T15:38:50","slug":"ipca15-recorde-desaceleracao","status":"publish","type":"post","link":"https:\/\/www.suno.com.br\/noticias\/ipca15-recorde-desaceleracao\/","title":{"rendered":"IPCA-15 de junho \u00e9 o mais &#8220;desacelerado&#8221; desde setembro de 2022; saiba mais"},"content":{"rendered":"<p>O \u00cdndice Nacional de Pre\u00e7os ao Consumidor Amplo 15 (<strong>IPCA-15<\/strong>) teve uma alta pouco expressiva de 0,04% no m\u00eas de junho. Com isso, a pr\u00e9via da infla\u00e7\u00e3o registrou a eleva\u00e7\u00e3o mais fraca desde setembro de 2022, quando houve queda de 0,37%. Os dados foram divulgados pelo <a class=\"suno-keyword\" data-force=\"no\" data-priority=\"3\" href=\"https:\/\/www.suno.com.br\/artigos\/ibge\/\" target=\"_blank\" rel=\"noopener\">Instituto Brasileiro de Geografia e Estat\u00edstica (IBGE)<\/a> nesta ter\u00e7a-feira (27). <\/p>\t<div class=\"wrapper-featured-image\">\n\t\t<figure class=\"spotlightImg\">\n\n\t\t\t<picture>\n\t\t\t\t<source media=\"(max-width: 768px)\" srcset=\"https:\/\/files.sunoresearch.com.br\/n\/uploads\/2023\/05\/inflacao-ipca-abril-2023-preco-alimentacao-400x200.jpg\">\n\t\t\t\t<img loading=\"lazy\" decoding=\"async\" class=\"newsContent__article__imgCapa lazyloadDisabled \" src=\"https:\/\/files.sunoresearch.com.br\/n\/uploads\/2023\/05\/inflacao-ipca-abril-2023-preco-alimentacao-800x450.jpg\" width=\"800\" height=\"450\" alt=\"IPCA-15 de junho \u00e9 o mais &#8220;desacelerado&#8221; desde setembro de 2022; saiba mais\" fetchpriority=high \/>\n\t\t\t<\/picture>\n\n\t\t\t<figcaption class=\"wp-caption-text wp-caption-text--show\">IGP-DI Foto: iStock<\/figcaption>\n\t\t<\/figure>\n\t<\/div>\n\n\n\n\n\n\t<p>\n\t\t<a href=\"\" target=\"_blank\" data-element=\"shortcode-suno-banner\" title=\"Banner SUNO, clique e saiba mais\">\n\t\t\t<picture>\n\t\t\t\t<source media=\"(max-width: 500px)\" srcset=\"\">\n\t\t\t\t<img class=\"newsContent__article__imgCapa newsContent__article__imgCapa--banner\"\n\t\t\t\t\tsrc=\"\"\n\t\t\t\t\tdata-promo-id=\"240038\"\t\t\t\t\t\t\t\t\t\t\t\t\t\t\talt=\"\"\n\t\t\t\t>\n\t\t\t<\/picture>\n\t\t<\/a>\n\t<\/p>\n\n\n\n\n\n<p>Olhando separadamente para os meses de junho, o <strong>resultado mensal do indicador de pre\u00e7os<\/strong> foi o mais baixo desde 2020, quando houve eleva\u00e7\u00e3o de 0,02%. O percentual registrado no m\u00eas regrediu a taxa acumulada em 12 meses para 3,40%, o seu menor patamar desde setembro de 2020, quando era de 2,65%. O valor da taxa em <strong>12 meses do IPCA-15<\/strong> agora marca 13 meses seguidos de redu\u00e7\u00e3o.<\/p>\n\n\n\n<p>Com o resultado anunciado nesta ter\u00e7a, o IPCA-15 registrou um aumento de 3,16% no acumulado do ano.<\/p>\n\n\n\n<p>A leve defla\u00e7\u00e3o na margem, de acordo com os <strong>analistas do Ita\u00fa BBA<\/strong>, ocorre devido \u00e0 &#8220;<strong>queda nos pre\u00e7os da gasolina<\/strong> ajudada pelos cortes da <a class=\"suno-keyword\" data-force=\"yes\" data-priority=\"2\" href=\"https:\/\/www.suno.com.br\/acoes\/PETR4\/\" target=\"_blank\" rel=\"noopener\"><strong>Petrobras (PETR4)<\/strong><\/a>; queda dos alimentos com a <strong>safra recorde<\/strong> por aqui; e a redu\u00e7\u00e3o no pre\u00e7o dos ve\u00edculos, com a medida recente do governo para reduzir o <strong>pre\u00e7o dos autom\u00f3veis<\/strong>.&#8221;<\/p>\n\n\n\n<p>Com isso, a economista Lorena Dourado comentou que a o <strong>IPCA-15<\/strong> de 12 meses deve registrar uma queda em rela\u00e7\u00e3o ao que era visto no ano passado. <\/p>\n\n\n\n<p><em>Com informa\u00e7\u00f5es de Estad\u00e3o Conte\u00fado.<\/em><\/p>\n\n\n\t<p>\n\t\t<a href=\"https:\/\/lp.suno.com.br\/suno-one\/?utm_campaign=_SNC6964518A_\" target=\"_blank\" data-element=\"shortcode-suno-banner\" title=\"Banner SUNO, clique e saiba mais\">\n\t\t\t<picture>\n\t\t\t\t<source media=\"(max-width: 500px)\" srcset=\"https:\/\/files.sunoresearch.com.br\/n\/uploads\/2025\/09\/400x300-Suno-One-png.webp\">\n\t\t\t\t<img class=\"newsContent__article__imgCapa newsContent__article__imgCapa--banner\"\n\t\t\t\t\tsrc=\"https:\/\/files.sunoresearch.com.br\/n\/uploads\/2025\/09\/1420x240-Suno-One-png.webp\"\n\t\t\t\t\tdata-promo-id=\"383121\"\t\t\t\t\t\t\t\t\t\twidth='1420' height='240'\t\t\t\t\talt=\"https:\/\/files.sunoresearch.com.br\/n\/uploads\/2025\/09\/1420x240-Suno-One-png.webp\"\n\t\t\t\t>\n\t\t\t<\/picture>\n\t\t<\/a>\n\t<\/p>\n\n\n","protected":false},"excerpt":{"rendered":"<p>O \u00cdndice Nacional de Pre\u00e7os ao Consumidor Amplo 15 (IPCA-15) teve uma alta pouco expressiva de 0,04% no m\u00eas de junho. Com isso, a pr\u00e9via da infla\u00e7\u00e3o registrou a eleva\u00e7\u00e3o mais fraca desde setembro de 2022, quando houve queda de 0,37%. Os dados foram divulgados pelo Instituto Brasileiro de Geografia e Estat\u00edstica (IBGE) nesta ter\u00e7a-feira [&hellip;]<\/p>\n","protected":false},"author":283,"featured_media":403621,"comment_status":"closed","ping_status":"closed","sticky":false,"template":"","format":"standard","meta":[],"categories":[62],"tags":[966,1361],"suno_strategy":[],"class_list":["post-421792","post","type-post","status-publish","format-standard","has-post-thumbnail","hentry","category-economia","tag-ipca","tag-ipca-15"],"yoast_head":"<!-- This site is optimized with the Yoast SEO plugin v24.4 - https:\/\/yoast.com\/wordpress\/plugins\/seo\/ -->\n<title>IPCA-15 de junho \u00e9 o mais &quot;desacelerado&quot; desde setembro de 2022<\/title>\n<meta name=\"description\" content=\"O IPCA-15, divulgado esta manh\u00e3 (27) pelo IBGE, teve alta de 0,04% no m\u00eas de junho. A eleva\u00e7\u00e3o foi a mais fraca desde setembro de 2022.\" \/>\n<meta name=\"robots\" content=\"index, follow, max-snippet:-1, max-image-preview:large, max-video-preview:-1\" \/>\n<link rel=\"canonical\" href=\"https:\/\/www.suno.com.br\/noticias\/ipca15-recorde-desaceleracao\/\" \/>\n<meta property=\"og:locale\" content=\"pt_BR\" \/>\n<meta property=\"og:type\" content=\"article\" \/>\n<meta property=\"og:title\" content=\"IPCA-15 de junho \u00e9 o mais &quot;desacelerado&quot; desde setembro de 2022\" \/>\n<meta property=\"og:description\" content=\"O IPCA-15, divulgado esta manh\u00e3 (27) pelo IBGE, teve alta de 0,04% no m\u00eas de junho. A eleva\u00e7\u00e3o foi a mais fraca desde setembro de 2022.\" \/>\n<meta property=\"og:url\" content=\"https:\/\/www.suno.com.br\/noticias\/ipca15-recorde-desaceleracao\/\" \/>\n<meta property=\"og:site_name\" content=\"Suno Not\u00edcias\" \/>\n<meta property=\"article:publisher\" content=\"https:\/\/facebook.com\/sunoresearch\" \/>\n<meta property=\"og:image\" content=\"https:\/\/files.sunoresearch.com.br\/n\/uploads\/2023\/05\/inflacao-ipca-abril-2023-preco-alimentacao.jpg\" \/>\n\t<meta property=\"og:image:width\" content=\"1200\" \/>\n\t<meta property=\"og:image:height\" content=\"800\" \/>\n\t<meta property=\"og:image:type\" content=\"image\/jpeg\" \/>\n<meta name=\"author\" content=\"Camila Paim\" \/>\n<meta name=\"twitter:card\" content=\"summary_large_image\" \/>\n<meta name=\"twitter:creator\" content=\"@sunoresearch\" \/>\n<meta name=\"twitter:site\" content=\"@sunoresearch\" \/>\n<meta name=\"twitter:label1\" content=\"Escrito por\" \/>\n\t<meta name=\"twitter:data1\" content=\"Camila Paim\" \/>\n\t<meta name=\"twitter:label2\" content=\"Est. tempo de leitura\" \/>\n\t<meta name=\"twitter:data2\" content=\"2 minutos\" \/>\n<script type=\"application\/ld+json\" class=\"yoast-schema-graph\">{\"@context\":\"https:\/\/schema.org\",\"@graph\":[{\"@type\":\"NewsArticle\",\"@id\":\"https:\/\/www.suno.com.br\/noticias\/ipca15-recorde-desaceleracao\/#article\",\"isPartOf\":{\"@id\":\"https:\/\/www.suno.com.br\/noticias\/ipca15-recorde-desaceleracao\/\"},\"author\":{\"name\":\"Camila Paim\",\"@id\":\"https:\/\/www.suno.com.br\/noticias\/#\/schema\/person\/f341d3ae5d1cc685176c9a5327cdfdbb\"},\"headline\":\"IPCA-15 de junho \u00e9 o mais &#8220;desacelerado&#8221; desde setembro de 2022; saiba mais\",\"datePublished\":\"2023-06-27T15:38:46+00:00\",\"dateModified\":\"2023-06-27T15:38:50+00:00\",\"mainEntityOfPage\":{\"@id\":\"https:\/\/www.suno.com.br\/noticias\/ipca15-recorde-desaceleracao\/\"},\"wordCount\":251,\"publisher\":{\"@id\":\"https:\/\/www.suno.com.br\/noticias\/#organization\"},\"image\":{\"@id\":\"https:\/\/www.suno.com.br\/noticias\/ipca15-recorde-desaceleracao\/#primaryimage\"},\"thumbnailUrl\":\"https:\/\/files.sunoresearch.com.br\/n\/uploads\/2023\/05\/inflacao-ipca-abril-2023-preco-alimentacao.jpg\",\"keywords\":[\"IPCA\",\"IPCA-15\"],\"articleSection\":[\"Economia\"],\"inLanguage\":\"pt-BR\"},{\"@type\":\"WebPage\",\"@id\":\"https:\/\/www.suno.com.br\/noticias\/ipca15-recorde-desaceleracao\/\",\"url\":\"https:\/\/www.suno.com.br\/noticias\/ipca15-recorde-desaceleracao\/\",\"name\":\"IPCA-15 de junho \u00e9 o mais \\\"desacelerado\\\" desde setembro de 2022\",\"isPartOf\":{\"@id\":\"https:\/\/www.suno.com.br\/noticias\/#website\"},\"primaryImageOfPage\":{\"@id\":\"https:\/\/www.suno.com.br\/noticias\/ipca15-recorde-desaceleracao\/#primaryimage\"},\"image\":{\"@id\":\"https:\/\/www.suno.com.br\/noticias\/ipca15-recorde-desaceleracao\/#primaryimage\"},\"thumbnailUrl\":\"https:\/\/files.sunoresearch.com.br\/n\/uploads\/2023\/05\/inflacao-ipca-abril-2023-preco-alimentacao.jpg\",\"datePublished\":\"2023-06-27T15:38:46+00:00\",\"dateModified\":\"2023-06-27T15:38:50+00:00\",\"description\":\"O IPCA-15, divulgado esta manh\u00e3 (27) pelo IBGE, teve alta de 0,04% no m\u00eas de junho. A eleva\u00e7\u00e3o foi a mais fraca desde setembro de 2022.\",\"breadcrumb\":{\"@id\":\"https:\/\/www.suno.com.br\/noticias\/ipca15-recorde-desaceleracao\/#breadcrumb\"},\"inLanguage\":\"pt-BR\",\"potentialAction\":[{\"@type\":\"ReadAction\",\"target\":[\"https:\/\/www.suno.com.br\/noticias\/ipca15-recorde-desaceleracao\/\"]}]},{\"@type\":\"ImageObject\",\"inLanguage\":\"pt-BR\",\"@id\":\"https:\/\/www.suno.com.br\/noticias\/ipca15-recorde-desaceleracao\/#primaryimage\",\"url\":\"https:\/\/files.sunoresearch.com.br\/n\/uploads\/2023\/05\/inflacao-ipca-abril-2023-preco-alimentacao.jpg\",\"contentUrl\":\"https:\/\/files.sunoresearch.com.br\/n\/uploads\/2023\/05\/inflacao-ipca-abril-2023-preco-alimentacao.jpg\",\"width\":1200,\"height\":800,\"caption\":\"IGP-DI Foto: iStock\"},{\"@type\":\"BreadcrumbList\",\"@id\":\"https:\/\/www.suno.com.br\/noticias\/ipca15-recorde-desaceleracao\/#breadcrumb\",\"itemListElement\":[{\"@type\":\"ListItem\",\"position\":1,\"name\":\"Not\u00edcias\",\"item\":\"https:\/\/www.suno.com.br\/noticias\/\"},{\"@type\":\"ListItem\",\"position\":2,\"name\":\"Economia\",\"item\":\"https:\/\/www.suno.com.br\/noticias\/economia\/\"},{\"@type\":\"ListItem\",\"position\":3,\"name\":\"IPCA-15 de junho \u00e9 o mais &#8220;desacelerado&#8221; desde setembro de 2022; saiba mais\"}]},{\"@type\":\"WebSite\",\"@id\":\"https:\/\/www.suno.com.br\/noticias\/#website\",\"url\":\"https:\/\/www.suno.com.br\/noticias\/\",\"name\":\"Suno Not\u00edcias\",\"description\":\"Seu portal de informa\u00e7\u00e3o sobre o mundo dos investimentos\",\"publisher\":{\"@id\":\"https:\/\/www.suno.com.br\/noticias\/#organization\"},\"potentialAction\":[{\"@type\":\"SearchAction\",\"target\":{\"@type\":\"EntryPoint\",\"urlTemplate\":\"https:\/\/www.suno.com.br\/noticias\/?s={search_term_string}\"},\"query-input\":{\"@type\":\"PropertyValueSpecification\",\"valueRequired\":true,\"valueName\":\"search_term_string\"}}],\"inLanguage\":\"pt-BR\"},{\"@type\":\"Organization\",\"@id\":\"https:\/\/www.suno.com.br\/noticias\/#organization\",\"name\":\"Suno Not\u00edcias\",\"url\":\"https:\/\/www.suno.com.br\/noticias\/\",\"logo\":{\"@type\":\"ImageObject\",\"inLanguage\":\"pt-BR\",\"@id\":\"https:\/\/www.suno.com.br\/noticias\/#\/schema\/logo\/image\/\",\"url\":\"https:\/\/files.sunoresearch.com.br\/n\/uploads\/2021\/09\/suno-logo.png\",\"contentUrl\":\"https:\/\/files.sunoresearch.com.br\/n\/uploads\/2021\/09\/suno-logo.png\",\"width\":180,\"height\":180,\"caption\":\"Suno Not\u00edcias\"},\"image\":{\"@id\":\"https:\/\/www.suno.com.br\/noticias\/#\/schema\/logo\/image\/\"},\"sameAs\":[\"https:\/\/facebook.com\/sunoresearch\",\"https:\/\/x.com\/sunoresearch\",\"https:\/\/www.instagram.com\/suno\",\"https:\/\/www.linkedin.com\/company\/suno-research\/\",\"https:\/\/www.youtube.com\/c\/sunoresearch\"]},{\"@type\":\"Person\",\"@id\":\"https:\/\/www.suno.com.br\/noticias\/#\/schema\/person\/f341d3ae5d1cc685176c9a5327cdfdbb\",\"name\":\"Camila Paim\",\"image\":{\"@type\":\"ImageObject\",\"inLanguage\":\"pt-BR\",\"@id\":\"https:\/\/www.suno.com.br\/noticias\/#\/schema\/person\/image\/\",\"url\":\"https:\/\/secure.gravatar.com\/avatar\/f33728e65febb1aa7ecf6792956f9b20?s=96&r=g\",\"contentUrl\":\"https:\/\/secure.gravatar.com\/avatar\/f33728e65febb1aa7ecf6792956f9b20?s=96&r=g\",\"caption\":\"Camila Paim\"},\"description\":\"Jornalista formada pela USP, tem experi\u00eancia em reda\u00e7\u00f5es, SEO, Branded Content e Webdesign. Com passagem pelo Jornal da USP, Empiricus e C6 Bank, hoje \u00e9 rep\u00f3rter no Suno Not\u00edcias cobrindo macroeconomia, finan\u00e7as pessoais e startups.\",\"url\":\"https:\/\/www.suno.com.br\/noticias\/author\/camila-figueiredosuno-com-br\/\"}]}<\/script>\n<!-- \/ Yoast SEO plugin. -->","yoast_head_json":{"title":"IPCA-15 de junho \u00e9 o mais \"desacelerado\" desde setembro de 2022","description":"O IPCA-15, divulgado esta manh\u00e3 (27) pelo IBGE, teve alta de 0,04% no m\u00eas de junho. A eleva\u00e7\u00e3o foi a mais fraca desde setembro de 2022.","robots":{"index":"index","follow":"follow","max-snippet":"max-snippet:-1","max-image-preview":"max-image-preview:large","max-video-preview":"max-video-preview:-1"},"canonical":"https:\/\/www.suno.com.br\/noticias\/ipca15-recorde-desaceleracao\/","og_locale":"pt_BR","og_type":"article","og_title":"IPCA-15 de junho \u00e9 o mais \"desacelerado\" desde setembro de 2022","og_description":"O IPCA-15, divulgado esta manh\u00e3 (27) pelo IBGE, teve alta de 0,04% no m\u00eas de junho. A eleva\u00e7\u00e3o foi a mais fraca desde setembro de 2022.","og_url":"https:\/\/www.suno.com.br\/noticias\/ipca15-recorde-desaceleracao\/","og_site_name":"Suno Not\u00edcias","article_publisher":"https:\/\/facebook.com\/sunoresearch","og_image":[{"width":1200,"height":800,"url":"https:\/\/files.sunoresearch.com.br\/n\/uploads\/2023\/05\/inflacao-ipca-abril-2023-preco-alimentacao.jpg","type":"image\/jpeg"}],"author":"Camila Paim","twitter_card":"summary_large_image","twitter_creator":"@sunoresearch","twitter_site":"@sunoresearch","twitter_misc":{"Escrito por":"Camila Paim","Est. tempo de leitura":"2 minutos"},"schema":{"@context":"https:\/\/schema.org","@graph":[{"@type":"NewsArticle","@id":"https:\/\/www.suno.com.br\/noticias\/ipca15-recorde-desaceleracao\/#article","isPartOf":{"@id":"https:\/\/www.suno.com.br\/noticias\/ipca15-recorde-desaceleracao\/"},"author":{"name":"Camila Paim","@id":"https:\/\/www.suno.com.br\/noticias\/#\/schema\/person\/f341d3ae5d1cc685176c9a5327cdfdbb"},"headline":"IPCA-15 de junho \u00e9 o mais &#8220;desacelerado&#8221; desde setembro de 2022; saiba mais","datePublished":"2023-06-27T15:38:46+00:00","dateModified":"2023-06-27T15:38:50+00:00","mainEntityOfPage":{"@id":"https:\/\/www.suno.com.br\/noticias\/ipca15-recorde-desaceleracao\/"},"wordCount":251,"publisher":{"@id":"https:\/\/www.suno.com.br\/noticias\/#organization"},"image":{"@id":"https:\/\/www.suno.com.br\/noticias\/ipca15-recorde-desaceleracao\/#primaryimage"},"thumbnailUrl":"https:\/\/files.sunoresearch.com.br\/n\/uploads\/2023\/05\/inflacao-ipca-abril-2023-preco-alimentacao.jpg","keywords":["IPCA","IPCA-15"],"articleSection":["Economia"],"inLanguage":"pt-BR"},{"@type":"WebPage","@id":"https:\/\/www.suno.com.br\/noticias\/ipca15-recorde-desaceleracao\/","url":"https:\/\/www.suno.com.br\/noticias\/ipca15-recorde-desaceleracao\/","name":"IPCA-15 de junho \u00e9 o mais \"desacelerado\" desde setembro de 2022","isPartOf":{"@id":"https:\/\/www.suno.com.br\/noticias\/#website"},"primaryImageOfPage":{"@id":"https:\/\/www.suno.com.br\/noticias\/ipca15-recorde-desaceleracao\/#primaryimage"},"image":{"@id":"https:\/\/www.suno.com.br\/noticias\/ipca15-recorde-desaceleracao\/#primaryimage"},"thumbnailUrl":"https:\/\/files.sunoresearch.com.br\/n\/uploads\/2023\/05\/inflacao-ipca-abril-2023-preco-alimentacao.jpg","datePublished":"2023-06-27T15:38:46+00:00","dateModified":"2023-06-27T15:38:50+00:00","description":"O IPCA-15, divulgado esta manh\u00e3 (27) pelo IBGE, teve alta de 0,04% no m\u00eas de junho. A eleva\u00e7\u00e3o foi a mais fraca desde setembro de 2022.","breadcrumb":{"@id":"https:\/\/www.suno.com.br\/noticias\/ipca15-recorde-desaceleracao\/#breadcrumb"},"inLanguage":"pt-BR","potentialAction":[{"@type":"ReadAction","target":["https:\/\/www.suno.com.br\/noticias\/ipca15-recorde-desaceleracao\/"]}]},{"@type":"ImageObject","inLanguage":"pt-BR","@id":"https:\/\/www.suno.com.br\/noticias\/ipca15-recorde-desaceleracao\/#primaryimage","url":"https:\/\/files.sunoresearch.com.br\/n\/uploads\/2023\/05\/inflacao-ipca-abril-2023-preco-alimentacao.jpg","contentUrl":"https:\/\/files.sunoresearch.com.br\/n\/uploads\/2023\/05\/inflacao-ipca-abril-2023-preco-alimentacao.jpg","width":1200,"height":800,"caption":"IGP-DI Foto: iStock"},{"@type":"BreadcrumbList","@id":"https:\/\/www.suno.com.br\/noticias\/ipca15-recorde-desaceleracao\/#breadcrumb","itemListElement":[{"@type":"ListItem","position":1,"name":"Not\u00edcias","item":"https:\/\/www.suno.com.br\/noticias\/"},{"@type":"ListItem","position":2,"name":"Economia","item":"https:\/\/www.suno.com.br\/noticias\/economia\/"},{"@type":"ListItem","position":3,"name":"IPCA-15 de junho \u00e9 o mais &#8220;desacelerado&#8221; desde setembro de 2022; saiba mais"}]},{"@type":"WebSite","@id":"https:\/\/www.suno.com.br\/noticias\/#website","url":"https:\/\/www.suno.com.br\/noticias\/","name":"Suno Not\u00edcias","description":"Seu portal de informa\u00e7\u00e3o sobre o mundo dos investimentos","publisher":{"@id":"https:\/\/www.suno.com.br\/noticias\/#organization"},"potentialAction":[{"@type":"SearchAction","target":{"@type":"EntryPoint","urlTemplate":"https:\/\/www.suno.com.br\/noticias\/?s={search_term_string}"},"query-input":{"@type":"PropertyValueSpecification","valueRequired":true,"valueName":"search_term_string"}}],"inLanguage":"pt-BR"},{"@type":"Organization","@id":"https:\/\/www.suno.com.br\/noticias\/#organization","name":"Suno Not\u00edcias","url":"https:\/\/www.suno.com.br\/noticias\/","logo":{"@type":"ImageObject","inLanguage":"pt-BR","@id":"https:\/\/www.suno.com.br\/noticias\/#\/schema\/logo\/image\/","url":"https:\/\/files.sunoresearch.com.br\/n\/uploads\/2021\/09\/suno-logo.png","contentUrl":"https:\/\/files.sunoresearch.com.br\/n\/uploads\/2021\/09\/suno-logo.png","width":180,"height":180,"caption":"Suno Not\u00edcias"},"image":{"@id":"https:\/\/www.suno.com.br\/noticias\/#\/schema\/logo\/image\/"},"sameAs":["https:\/\/facebook.com\/sunoresearch","https:\/\/x.com\/sunoresearch","https:\/\/www.instagram.com\/suno","https:\/\/www.linkedin.com\/company\/suno-research\/","https:\/\/www.youtube.com\/c\/sunoresearch"]},{"@type":"Person","@id":"https:\/\/www.suno.com.br\/noticias\/#\/schema\/person\/f341d3ae5d1cc685176c9a5327cdfdbb","name":"Camila Paim","image":{"@type":"ImageObject","inLanguage":"pt-BR","@id":"https:\/\/www.suno.com.br\/noticias\/#\/schema\/person\/image\/","url":"https:\/\/secure.gravatar.com\/avatar\/f33728e65febb1aa7ecf6792956f9b20?s=96&r=g","contentUrl":"https:\/\/secure.gravatar.com\/avatar\/f33728e65febb1aa7ecf6792956f9b20?s=96&r=g","caption":"Camila Paim"},"description":"Jornalista formada pela USP, tem experi\u00eancia em reda\u00e7\u00f5es, SEO, Branded Content e Webdesign. Com passagem pelo Jornal da USP, Empiricus e C6 Bank, hoje \u00e9 rep\u00f3rter no Suno Not\u00edcias cobrindo macroeconomia, finan\u00e7as pessoais e startups.","url":"https:\/\/www.suno.com.br\/noticias\/author\/camila-figueiredosuno-com-br\/"}]}},"default_loop_html":"<div class=\"cardsPage__listCard__boxs\"><div class=\"cardsPage__listCard__boxs__img\"><a href=\"https:\/\/www.suno.com.br\/noticias\/ipca15-recorde-desaceleracao\/\"><img class=\"mask\" src=\"https:\/\/www.suno.com.br\/noticias\/wp-content\/themes\/suno\/resources\/images\/spotlight\/spotlight1img\/bg-mask.png\" alt=\"Image Mask\"\/><img src=\"https:\/\/files.sunoresearch.com.br\/n\/uploads\/2023\/05\/inflacao-ipca-abril-2023-preco-alimentacao-400x200.jpg\" alt=\"IPCA-15 de junho \u00e9 o mais &#8220;desacelerado&#8221; desde setembro de 2022; saiba mais\"\/><\/a><span class=\"spotlightCategory\"><a href=\"https:\/\/www.suno.com.br\/noticias\/economia\/\">Economia<\/a><\/span><\/div><div class=\"cardsPage__listCard__boxs__content\"><a href=\"https:\/\/www.suno.com.br\/noticias\/ipca15-recorde-desaceleracao\/\"><h2 class=\"content__title\">IPCA-15 de junho \u00e9 o mais &#8220;desacelerado&#8221; desde setembro de 2022; saiba mais<\/h2><\/a><div class=\"newsContent__article__meta\"><div class=\"newsContent__article__meta__authorBox\"><a href=\"https:\/\/www.suno.com.br\/noticias\/author\/camila-figueiredosuno-com-br\/\" class=\"authorBox__avatar noMobi\"><img src=\"https:\/\/files.sunoresearch.com.br\/n\/uploads\/2024\/05\/camila-paim-square-150x150.jpg\" alt=\"Camila Paim\"><\/a><div class=\"authorBox__name\"><span>por\n\t\t\t<a href=\"https:\/\/www.suno.com.br\/noticias\/author\/camila-figueiredosuno-com-br\/\"><span itemprop=\"author\">Camila Paim<\/span><\/a><\/span><time datetime=\"2023-06-27T12:38:46-03:00\" itemprop=\"datePublished\">27\/06\/2023 12:38<\/time><\/div><\/div><\/div><\/div><\/div>","single_layout":"posts","amp_enabled":true,"_links":{"self":[{"href":"https:\/\/www.suno.com.br\/noticias\/wp-json\/wp\/v2\/posts\/421792"}],"collection":[{"href":"https:\/\/www.suno.com.br\/noticias\/wp-json\/wp\/v2\/posts"}],"about":[{"href":"https:\/\/www.suno.com.br\/noticias\/wp-json\/wp\/v2\/types\/post"}],"author":[{"embeddable":true,"href":"https:\/\/www.suno.com.br\/noticias\/wp-json\/wp\/v2\/users\/283"}],"replies":[{"embeddable":true,"href":"https:\/\/www.suno.com.br\/noticias\/wp-json\/wp\/v2\/comments?post=421792"}],"version-history":[{"count":3,"href":"https:\/\/www.suno.com.br\/noticias\/wp-json\/wp\/v2\/posts\/421792\/revisions"}],"predecessor-version":[{"id":421921,"href":"https:\/\/www.suno.com.br\/noticias\/wp-json\/wp\/v2\/posts\/421792\/revisions\/421921"}],"wp:featuredmedia":[{"embeddable":true,"href":"https:\/\/www.suno.com.br\/noticias\/wp-json\/wp\/v2\/media\/403621"}],"wp:attachment":[{"href":"https:\/\/www.suno.com.br\/noticias\/wp-json\/wp\/v2\/media?parent=421792"}],"wp:term":[{"taxonomy":"category","embeddable":true,"href":"https:\/\/www.suno.com.br\/noticias\/wp-json\/wp\/v2\/categories?post=421792"},{"taxonomy":"post_tag","embeddable":true,"href":"https:\/\/www.suno.com.br\/noticias\/wp-json\/wp\/v2\/tags?post=421792"},{"taxonomy":"suno_strategy","embeddable":true,"href":"https:\/\/www.suno.com.br\/noticias\/wp-json\/wp\/v2\/suno_strategy?post=421792"}],"curies":[{"name":"wp","href":"https:\/\/api.w.org\/{rel}","templated":true}]}}