{"id":421700,"date":"2023-06-27T11:45:54","date_gmt":"2023-06-27T14:45:54","guid":{"rendered":"https:\/\/www.suno.com.br\/noticias\/?p=421700"},"modified":"2023-06-27T11:45:58","modified_gmt":"2023-06-27T14:45:58","slug":"eletrobras-ppi-elet3-conselho-privatizacao-lula","status":"publish","type":"post","link":"https:\/\/www.suno.com.br\/noticias\/eletrobras-ppi-elet3-conselho-privatizacao-lula\/","title":{"rendered":"Eletrobras (ELET3): Conselho recomenda retirar a\u00e7\u00f5es de plano de desestatiza\u00e7\u00e3o"},"content":{"rendered":"<p>O Conselho do Programa de Parcerias de Investimentos (CPPI) recomendou a revoga\u00e7\u00e3o da qualifica\u00e7\u00e3o das participa\u00e7\u00f5es acion\u00e1rias remanescentes de emiss\u00e3o da <a class=\"suno-keyword\" data-force=\"yes\" data-priority=\"2\" href=\"https:\/\/www.suno.com.br\/acoes\/ELET3\/\" target=\"_blank\" rel=\"noopener\"><strong>Eletrobras <\/strong>(ELET3)<\/a> no PPI e a sua exclus\u00e3o do Programa Nacional de Desestatiza\u00e7\u00e3o (PND). <\/p>\t<div class=\"wrapper-featured-image\">\n\t\t<figure class=\"spotlightImg\">\n\n\t\t\t<picture>\n\t\t\t\t<source media=\"(max-width: 768px)\" srcset=\"https:\/\/files.sunoresearch.com.br\/n\/uploads\/2022\/11\/eletrobras-elet3-400x200.jpg\">\n\t\t\t\t<img loading=\"lazy\" decoding=\"async\" class=\"newsContent__article__imgCapa lazyloadDisabled \" src=\"https:\/\/files.sunoresearch.com.br\/n\/uploads\/2022\/11\/eletrobras-elet3-800x450.jpg\" width=\"800\" height=\"450\" alt=\"Eletrobras (ELET3): Conselho recomenda retirar a\u00e7\u00f5es de plano de desestatiza\u00e7\u00e3o\" fetchpriority=high \/>\n\t\t\t<\/picture>\n\n\t\t\t<figcaption class=\"wp-caption-text wp-caption-text--show\">Eletrobras (ELET3). Foto: Divulga\u00e7\u00e3o<\/figcaption>\n\t\t<\/figure>\n\t<\/div>\n\n\n\n\n\n\t<p>\n\t\t<a href=\"\" target=\"_blank\" data-element=\"shortcode-suno-banner\" title=\"Banner SUNO, clique e saiba mais\">\n\t\t\t<picture>\n\t\t\t\t<source media=\"(max-width: 500px)\" srcset=\"\">\n\t\t\t\t<img class=\"newsContent__article__imgCapa newsContent__article__imgCapa--banner\"\n\t\t\t\t\tsrc=\"\"\n\t\t\t\t\tdata-promo-id=\"265372\"\t\t\t\t\t\t\t\t\t\t\t\t\t\t\talt=\"\"\n\t\t\t\t>\n\t\t\t<\/picture>\n\t\t<\/a>\n\t<\/p>\n\n\n\n\n\n\n\n<p>A recomenda\u00e7\u00e3o sobre a Eletrobras, que depende da aprova\u00e7\u00e3o do presidente Luiz In\u00e1cio Lula da Silva (PT), foi feita por meio de Resolu\u00e7\u00e3o do CPPI, publicada em edi\u00e7\u00e3o extra do <i>Di\u00e1rio Oficial da Uni\u00e3o<\/i> que circula nesta segunda-feira, 26.<\/p>\n\n\n\n<p>A privatiza\u00e7\u00e3o da Eletrobras completou um ano em junho. <\/p>\n\n\n\n<p>O presidente Lula j\u00e1 criticou, em diferentes ocasi\u00f5es, a venda da companhia e classificou a desestatiza\u00e7\u00e3o como &#8220;irresponsabilidade&#8221;, afirmando, inclusive, que, se tivesse condi\u00e7\u00f5es, &#8220;voltaria a ser dono&#8221; da Eletrobras.<\/p>\n\n\n\n<p>No m\u00eas passado, a Advocacia Geral da Uni\u00e3o (AGU) ajuizou a\u00e7\u00e3o no Supremo Tribunal Federal (STF) para tentar rever a regra que limita o poder de voto na Eletrobras. <\/p>\n\n\n\n<p>A Uni\u00e3o quer poder proporcional \u00e0 participa\u00e7\u00e3o na empresa, que \u00e9 de 43%. Mas a lei de privatiza\u00e7\u00e3o da empresa restringe esse poder a 10%.<\/p>\n\n\n\n<p>Para a AGU, o dispositivo que pro\u00edbe acionistas de terem poder de voto maior que 10% tem o objetivo de evitar o controle da empresa por grupos econ\u00f4micos sem compromisso social. O argumento do governo \u00e9 que n\u00e3o faria sentido aplicar essa norma \u00e0 Uni\u00e3o, que representa o poder p\u00fablico.<\/p>\n\n\n\n<p>Com Estad\u00e3o Conte\u00fado<\/p>\n\n\n\t<p>\n\t\t<a href=\"https:\/\/lp.suno.com.br\/suno-one\/?utm_campaign=_SNC6964518A_\" target=\"_blank\" data-element=\"shortcode-suno-banner\" title=\"Banner SUNO, clique e saiba mais\">\n\t\t\t<picture>\n\t\t\t\t<source media=\"(max-width: 500px)\" srcset=\"https:\/\/files.sunoresearch.com.br\/n\/uploads\/2025\/09\/400x300-Suno-One-png.webp\">\n\t\t\t\t<img class=\"newsContent__article__imgCapa newsContent__article__imgCapa--banner\"\n\t\t\t\t\tsrc=\"https:\/\/files.sunoresearch.com.br\/n\/uploads\/2025\/09\/1420x240-Suno-One-png.webp\"\n\t\t\t\t\tdata-promo-id=\"383121\"\t\t\t\t\t\t\t\t\t\twidth='1420' height='240'\t\t\t\t\talt=\"https:\/\/files.sunoresearch.com.br\/n\/uploads\/2025\/09\/1420x240-Suno-One-png.webp\"\n\t\t\t\t>\n\t\t\t<\/picture>\n\t\t<\/a>\n\t<\/p>\n\n\n","protected":false},"excerpt":{"rendered":"<p>O Conselho do Programa de Parcerias de Investimentos (CPPI) recomendou a revoga\u00e7\u00e3o da qualifica\u00e7\u00e3o das participa\u00e7\u00f5es acion\u00e1rias remanescentes de emiss\u00e3o da Eletrobras (ELET3) no PPI e a sua exclus\u00e3o do Programa Nacional de Desestatiza\u00e7\u00e3o (PND). Eletrobras (ELET3). Foto: Divulga\u00e7\u00e3o A recomenda\u00e7\u00e3o sobre a Eletrobras, que depende da aprova\u00e7\u00e3o do presidente Luiz In\u00e1cio Lula da Silva [&hellip;]<\/p>\n","protected":false},"author":73,"featured_media":321736,"comment_status":"closed","ping_status":"closed","sticky":false,"template":"","format":"standard","meta":[],"categories":[64],"tags":[106444,455],"suno_strategy":[],"class_list":["post-421700","post","type-post","status-publish","format-standard","has-post-thumbnail","hentry","category-negocios","tag-agencias","tag-eletrobras-elet3-elet5-elet6"],"yoast_head":"<!-- This site is optimized with the Yoast SEO plugin v24.4 - https:\/\/yoast.com\/wordpress\/plugins\/seo\/ -->\n<title>Eletrobras (ELET3): Conselho recomenda retirar a\u00e7\u00f5es de plano de desestatiza\u00e7\u00e3o<\/title>\n<meta name=\"description\" content=\"O presidente Lula j\u00e1 criticou, em diferentes ocasi\u00f5es, a venda da Eletrobras e classificou a desestatiza\u00e7\u00e3o como &quot;irresponsabilidade&quot;\" \/>\n<meta name=\"robots\" content=\"index, follow, max-snippet:-1, max-image-preview:large, max-video-preview:-1\" \/>\n<link rel=\"canonical\" href=\"https:\/\/www.suno.com.br\/noticias\/eletrobras-ppi-elet3-conselho-privatizacao-lula\/\" \/>\n<meta property=\"og:locale\" content=\"pt_BR\" \/>\n<meta property=\"og:type\" content=\"article\" \/>\n<meta property=\"og:title\" content=\"Eletrobras (ELET3): Conselho recomenda retirar a\u00e7\u00f5es de plano de desestatiza\u00e7\u00e3o\" \/>\n<meta property=\"og:description\" content=\"O presidente Lula j\u00e1 criticou, em diferentes ocasi\u00f5es, a venda da Eletrobras e classificou a desestatiza\u00e7\u00e3o como &quot;irresponsabilidade&quot;\" \/>\n<meta property=\"og:url\" content=\"https:\/\/www.suno.com.br\/noticias\/eletrobras-ppi-elet3-conselho-privatizacao-lula\/\" \/>\n<meta property=\"og:site_name\" content=\"Suno Not\u00edcias\" \/>\n<meta property=\"article:publisher\" content=\"https:\/\/facebook.com\/sunoresearch\" \/>\n<meta property=\"og:image\" content=\"https:\/\/files.sunoresearch.com.br\/n\/uploads\/2022\/11\/eletrobras-elet3.jpg\" \/>\n\t<meta property=\"og:image:width\" content=\"1200\" \/>\n\t<meta property=\"og:image:height\" content=\"800\" \/>\n\t<meta property=\"og:image:type\" content=\"image\/jpeg\" \/>\n<meta name=\"author\" content=\"Eduardo Vargas\" \/>\n<meta name=\"twitter:card\" content=\"summary_large_image\" \/>\n<meta name=\"twitter:creator\" content=\"@sunoresearch\" \/>\n<meta name=\"twitter:site\" content=\"@sunoresearch\" \/>\n<meta name=\"twitter:label1\" content=\"Escrito por\" \/>\n\t<meta name=\"twitter:data1\" content=\"Eduardo Vargas\" \/>\n\t<meta name=\"twitter:label2\" content=\"Est. tempo de leitura\" \/>\n\t<meta name=\"twitter:data2\" content=\"2 minutos\" \/>\n<script type=\"application\/ld+json\" class=\"yoast-schema-graph\">{\"@context\":\"https:\/\/schema.org\",\"@graph\":[{\"@type\":\"NewsArticle\",\"@id\":\"https:\/\/www.suno.com.br\/noticias\/eletrobras-ppi-elet3-conselho-privatizacao-lula\/#article\",\"isPartOf\":{\"@id\":\"https:\/\/www.suno.com.br\/noticias\/eletrobras-ppi-elet3-conselho-privatizacao-lula\/\"},\"author\":{\"name\":\"Eduardo Vargas\",\"@id\":\"https:\/\/www.suno.com.br\/noticias\/#\/schema\/person\/7f4d362bf3518e76090143ae77bb49a5\"},\"headline\":\"Eletrobras (ELET3): Conselho recomenda retirar a\u00e7\u00f5es de plano de desestatiza\u00e7\u00e3o\",\"datePublished\":\"2023-06-27T14:45:54+00:00\",\"dateModified\":\"2023-06-27T14:45:58+00:00\",\"mainEntityOfPage\":{\"@id\":\"https:\/\/www.suno.com.br\/noticias\/eletrobras-ppi-elet3-conselho-privatizacao-lula\/\"},\"wordCount\":261,\"publisher\":{\"@id\":\"https:\/\/www.suno.com.br\/noticias\/#organization\"},\"image\":{\"@id\":\"https:\/\/www.suno.com.br\/noticias\/eletrobras-ppi-elet3-conselho-privatizacao-lula\/#primaryimage\"},\"thumbnailUrl\":\"https:\/\/files.sunoresearch.com.br\/n\/uploads\/2022\/11\/eletrobras-elet3.jpg\",\"keywords\":[\"Ag\u00eancias\",\"Eletrobras (ELET3\/ELET5\/ELET6)\"],\"articleSection\":[\"Neg\u00f3cios\"],\"inLanguage\":\"pt-BR\"},{\"@type\":\"WebPage\",\"@id\":\"https:\/\/www.suno.com.br\/noticias\/eletrobras-ppi-elet3-conselho-privatizacao-lula\/\",\"url\":\"https:\/\/www.suno.com.br\/noticias\/eletrobras-ppi-elet3-conselho-privatizacao-lula\/\",\"name\":\"Eletrobras (ELET3): Conselho recomenda retirar a\u00e7\u00f5es de plano de desestatiza\u00e7\u00e3o\",\"isPartOf\":{\"@id\":\"https:\/\/www.suno.com.br\/noticias\/#website\"},\"primaryImageOfPage\":{\"@id\":\"https:\/\/www.suno.com.br\/noticias\/eletrobras-ppi-elet3-conselho-privatizacao-lula\/#primaryimage\"},\"image\":{\"@id\":\"https:\/\/www.suno.com.br\/noticias\/eletrobras-ppi-elet3-conselho-privatizacao-lula\/#primaryimage\"},\"thumbnailUrl\":\"https:\/\/files.sunoresearch.com.br\/n\/uploads\/2022\/11\/eletrobras-elet3.jpg\",\"datePublished\":\"2023-06-27T14:45:54+00:00\",\"dateModified\":\"2023-06-27T14:45:58+00:00\",\"description\":\"O presidente Lula j\u00e1 criticou, em diferentes ocasi\u00f5es, a venda da Eletrobras e classificou a desestatiza\u00e7\u00e3o como \\\"irresponsabilidade\\\"\",\"breadcrumb\":{\"@id\":\"https:\/\/www.suno.com.br\/noticias\/eletrobras-ppi-elet3-conselho-privatizacao-lula\/#breadcrumb\"},\"inLanguage\":\"pt-BR\",\"potentialAction\":[{\"@type\":\"ReadAction\",\"target\":[\"https:\/\/www.suno.com.br\/noticias\/eletrobras-ppi-elet3-conselho-privatizacao-lula\/\"]}]},{\"@type\":\"ImageObject\",\"inLanguage\":\"pt-BR\",\"@id\":\"https:\/\/www.suno.com.br\/noticias\/eletrobras-ppi-elet3-conselho-privatizacao-lula\/#primaryimage\",\"url\":\"https:\/\/files.sunoresearch.com.br\/n\/uploads\/2022\/11\/eletrobras-elet3.jpg\",\"contentUrl\":\"https:\/\/files.sunoresearch.com.br\/n\/uploads\/2022\/11\/eletrobras-elet3.jpg\",\"width\":1200,\"height\":800,\"caption\":\"Eletrobras (ELET3). Foto: Divulga\u00e7\u00e3o\"},{\"@type\":\"BreadcrumbList\",\"@id\":\"https:\/\/www.suno.com.br\/noticias\/eletrobras-ppi-elet3-conselho-privatizacao-lula\/#breadcrumb\",\"itemListElement\":[{\"@type\":\"ListItem\",\"position\":1,\"name\":\"Not\u00edcias\",\"item\":\"https:\/\/www.suno.com.br\/noticias\/\"},{\"@type\":\"ListItem\",\"position\":2,\"name\":\"Neg\u00f3cios\",\"item\":\"https:\/\/www.suno.com.br\/noticias\/negocios\/\"},{\"@type\":\"ListItem\",\"position\":3,\"name\":\"Eletrobras (ELET3): Conselho recomenda retirar a\u00e7\u00f5es de plano de desestatiza\u00e7\u00e3o\"}]},{\"@type\":\"WebSite\",\"@id\":\"https:\/\/www.suno.com.br\/noticias\/#website\",\"url\":\"https:\/\/www.suno.com.br\/noticias\/\",\"name\":\"Suno Not\u00edcias\",\"description\":\"Seu portal de informa\u00e7\u00e3o sobre o mundo dos investimentos\",\"publisher\":{\"@id\":\"https:\/\/www.suno.com.br\/noticias\/#organization\"},\"potentialAction\":[{\"@type\":\"SearchAction\",\"target\":{\"@type\":\"EntryPoint\",\"urlTemplate\":\"https:\/\/www.suno.com.br\/noticias\/?s={search_term_string}\"},\"query-input\":{\"@type\":\"PropertyValueSpecification\",\"valueRequired\":true,\"valueName\":\"search_term_string\"}}],\"inLanguage\":\"pt-BR\"},{\"@type\":\"Organization\",\"@id\":\"https:\/\/www.suno.com.br\/noticias\/#organization\",\"name\":\"Suno Not\u00edcias\",\"url\":\"https:\/\/www.suno.com.br\/noticias\/\",\"logo\":{\"@type\":\"ImageObject\",\"inLanguage\":\"pt-BR\",\"@id\":\"https:\/\/www.suno.com.br\/noticias\/#\/schema\/logo\/image\/\",\"url\":\"https:\/\/files.sunoresearch.com.br\/n\/uploads\/2021\/09\/suno-logo.png\",\"contentUrl\":\"https:\/\/files.sunoresearch.com.br\/n\/uploads\/2021\/09\/suno-logo.png\",\"width\":180,\"height\":180,\"caption\":\"Suno Not\u00edcias\"},\"image\":{\"@id\":\"https:\/\/www.suno.com.br\/noticias\/#\/schema\/logo\/image\/\"},\"sameAs\":[\"https:\/\/facebook.com\/sunoresearch\",\"https:\/\/x.com\/sunoresearch\",\"https:\/\/www.instagram.com\/suno\",\"https:\/\/www.linkedin.com\/company\/suno-research\/\",\"https:\/\/www.youtube.com\/c\/sunoresearch\"]},{\"@type\":\"Person\",\"@id\":\"https:\/\/www.suno.com.br\/noticias\/#\/schema\/person\/7f4d362bf3518e76090143ae77bb49a5\",\"name\":\"Eduardo Vargas\",\"image\":{\"@type\":\"ImageObject\",\"inLanguage\":\"pt-BR\",\"@id\":\"https:\/\/www.suno.com.br\/noticias\/#\/schema\/person\/image\/\",\"url\":\"https:\/\/secure.gravatar.com\/avatar\/dac340933427a22924c9f99d1eb2e3f2?s=96&r=g\",\"contentUrl\":\"https:\/\/secure.gravatar.com\/avatar\/dac340933427a22924c9f99d1eb2e3f2?s=96&r=g\",\"caption\":\"Eduardo Vargas\"},\"description\":\"Jornalista formado pela UFSC, cobre macroeconomia, neg\u00f3cios e startups para o Suno Not\u00edcias, escrevendo principalmente not\u00edcias sobre o mercado financeiro e a bolsa de valores. No YouTube e no Instagram, \u00e9 respons\u00e1vel pela produ\u00e7\u00e3o de Reels e Shorts do Suno Not\u00edcias. Anteriormente, trabalhou cobrindo economia e cotidiano no ND+ e para o ND, maior jornal impresso de Santa Catarina. Cursou um semestre letivo de Estudos de M\u00eddia na Universidad de Buenos Aires.\",\"url\":\"https:\/\/www.suno.com.br\/noticias\/author\/eduardo-vargas\/\"}]}<\/script>\n<!-- \/ Yoast SEO plugin. -->","yoast_head_json":{"title":"Eletrobras (ELET3): Conselho recomenda retirar a\u00e7\u00f5es de plano de desestatiza\u00e7\u00e3o","description":"O presidente Lula j\u00e1 criticou, em diferentes ocasi\u00f5es, a venda da Eletrobras e classificou a desestatiza\u00e7\u00e3o como \"irresponsabilidade\"","robots":{"index":"index","follow":"follow","max-snippet":"max-snippet:-1","max-image-preview":"max-image-preview:large","max-video-preview":"max-video-preview:-1"},"canonical":"https:\/\/www.suno.com.br\/noticias\/eletrobras-ppi-elet3-conselho-privatizacao-lula\/","og_locale":"pt_BR","og_type":"article","og_title":"Eletrobras (ELET3): Conselho recomenda retirar a\u00e7\u00f5es de plano de desestatiza\u00e7\u00e3o","og_description":"O presidente Lula j\u00e1 criticou, em diferentes ocasi\u00f5es, a venda da Eletrobras e classificou a desestatiza\u00e7\u00e3o como \"irresponsabilidade\"","og_url":"https:\/\/www.suno.com.br\/noticias\/eletrobras-ppi-elet3-conselho-privatizacao-lula\/","og_site_name":"Suno Not\u00edcias","article_publisher":"https:\/\/facebook.com\/sunoresearch","og_image":[{"width":1200,"height":800,"url":"https:\/\/files.sunoresearch.com.br\/n\/uploads\/2022\/11\/eletrobras-elet3.jpg","type":"image\/jpeg"}],"author":"Eduardo Vargas","twitter_card":"summary_large_image","twitter_creator":"@sunoresearch","twitter_site":"@sunoresearch","twitter_misc":{"Escrito por":"Eduardo Vargas","Est. tempo de leitura":"2 minutos"},"schema":{"@context":"https:\/\/schema.org","@graph":[{"@type":"NewsArticle","@id":"https:\/\/www.suno.com.br\/noticias\/eletrobras-ppi-elet3-conselho-privatizacao-lula\/#article","isPartOf":{"@id":"https:\/\/www.suno.com.br\/noticias\/eletrobras-ppi-elet3-conselho-privatizacao-lula\/"},"author":{"name":"Eduardo Vargas","@id":"https:\/\/www.suno.com.br\/noticias\/#\/schema\/person\/7f4d362bf3518e76090143ae77bb49a5"},"headline":"Eletrobras (ELET3): Conselho recomenda retirar a\u00e7\u00f5es de plano de desestatiza\u00e7\u00e3o","datePublished":"2023-06-27T14:45:54+00:00","dateModified":"2023-06-27T14:45:58+00:00","mainEntityOfPage":{"@id":"https:\/\/www.suno.com.br\/noticias\/eletrobras-ppi-elet3-conselho-privatizacao-lula\/"},"wordCount":261,"publisher":{"@id":"https:\/\/www.suno.com.br\/noticias\/#organization"},"image":{"@id":"https:\/\/www.suno.com.br\/noticias\/eletrobras-ppi-elet3-conselho-privatizacao-lula\/#primaryimage"},"thumbnailUrl":"https:\/\/files.sunoresearch.com.br\/n\/uploads\/2022\/11\/eletrobras-elet3.jpg","keywords":["Ag\u00eancias","Eletrobras (ELET3\/ELET5\/ELET6)"],"articleSection":["Neg\u00f3cios"],"inLanguage":"pt-BR"},{"@type":"WebPage","@id":"https:\/\/www.suno.com.br\/noticias\/eletrobras-ppi-elet3-conselho-privatizacao-lula\/","url":"https:\/\/www.suno.com.br\/noticias\/eletrobras-ppi-elet3-conselho-privatizacao-lula\/","name":"Eletrobras (ELET3): Conselho recomenda retirar a\u00e7\u00f5es de plano de desestatiza\u00e7\u00e3o","isPartOf":{"@id":"https:\/\/www.suno.com.br\/noticias\/#website"},"primaryImageOfPage":{"@id":"https:\/\/www.suno.com.br\/noticias\/eletrobras-ppi-elet3-conselho-privatizacao-lula\/#primaryimage"},"image":{"@id":"https:\/\/www.suno.com.br\/noticias\/eletrobras-ppi-elet3-conselho-privatizacao-lula\/#primaryimage"},"thumbnailUrl":"https:\/\/files.sunoresearch.com.br\/n\/uploads\/2022\/11\/eletrobras-elet3.jpg","datePublished":"2023-06-27T14:45:54+00:00","dateModified":"2023-06-27T14:45:58+00:00","description":"O presidente Lula j\u00e1 criticou, em diferentes ocasi\u00f5es, a venda da Eletrobras e classificou a desestatiza\u00e7\u00e3o como \"irresponsabilidade\"","breadcrumb":{"@id":"https:\/\/www.suno.com.br\/noticias\/eletrobras-ppi-elet3-conselho-privatizacao-lula\/#breadcrumb"},"inLanguage":"pt-BR","potentialAction":[{"@type":"ReadAction","target":["https:\/\/www.suno.com.br\/noticias\/eletrobras-ppi-elet3-conselho-privatizacao-lula\/"]}]},{"@type":"ImageObject","inLanguage":"pt-BR","@id":"https:\/\/www.suno.com.br\/noticias\/eletrobras-ppi-elet3-conselho-privatizacao-lula\/#primaryimage","url":"https:\/\/files.sunoresearch.com.br\/n\/uploads\/2022\/11\/eletrobras-elet3.jpg","contentUrl":"https:\/\/files.sunoresearch.com.br\/n\/uploads\/2022\/11\/eletrobras-elet3.jpg","width":1200,"height":800,"caption":"Eletrobras (ELET3). Foto: Divulga\u00e7\u00e3o"},{"@type":"BreadcrumbList","@id":"https:\/\/www.suno.com.br\/noticias\/eletrobras-ppi-elet3-conselho-privatizacao-lula\/#breadcrumb","itemListElement":[{"@type":"ListItem","position":1,"name":"Not\u00edcias","item":"https:\/\/www.suno.com.br\/noticias\/"},{"@type":"ListItem","position":2,"name":"Neg\u00f3cios","item":"https:\/\/www.suno.com.br\/noticias\/negocios\/"},{"@type":"ListItem","position":3,"name":"Eletrobras (ELET3): Conselho recomenda retirar a\u00e7\u00f5es de plano de desestatiza\u00e7\u00e3o"}]},{"@type":"WebSite","@id":"https:\/\/www.suno.com.br\/noticias\/#website","url":"https:\/\/www.suno.com.br\/noticias\/","name":"Suno Not\u00edcias","description":"Seu portal de informa\u00e7\u00e3o sobre o mundo dos investimentos","publisher":{"@id":"https:\/\/www.suno.com.br\/noticias\/#organization"},"potentialAction":[{"@type":"SearchAction","target":{"@type":"EntryPoint","urlTemplate":"https:\/\/www.suno.com.br\/noticias\/?s={search_term_string}"},"query-input":{"@type":"PropertyValueSpecification","valueRequired":true,"valueName":"search_term_string"}}],"inLanguage":"pt-BR"},{"@type":"Organization","@id":"https:\/\/www.suno.com.br\/noticias\/#organization","name":"Suno Not\u00edcias","url":"https:\/\/www.suno.com.br\/noticias\/","logo":{"@type":"ImageObject","inLanguage":"pt-BR","@id":"https:\/\/www.suno.com.br\/noticias\/#\/schema\/logo\/image\/","url":"https:\/\/files.sunoresearch.com.br\/n\/uploads\/2021\/09\/suno-logo.png","contentUrl":"https:\/\/files.sunoresearch.com.br\/n\/uploads\/2021\/09\/suno-logo.png","width":180,"height":180,"caption":"Suno Not\u00edcias"},"image":{"@id":"https:\/\/www.suno.com.br\/noticias\/#\/schema\/logo\/image\/"},"sameAs":["https:\/\/facebook.com\/sunoresearch","https:\/\/x.com\/sunoresearch","https:\/\/www.instagram.com\/suno","https:\/\/www.linkedin.com\/company\/suno-research\/","https:\/\/www.youtube.com\/c\/sunoresearch"]},{"@type":"Person","@id":"https:\/\/www.suno.com.br\/noticias\/#\/schema\/person\/7f4d362bf3518e76090143ae77bb49a5","name":"Eduardo Vargas","image":{"@type":"ImageObject","inLanguage":"pt-BR","@id":"https:\/\/www.suno.com.br\/noticias\/#\/schema\/person\/image\/","url":"https:\/\/secure.gravatar.com\/avatar\/dac340933427a22924c9f99d1eb2e3f2?s=96&r=g","contentUrl":"https:\/\/secure.gravatar.com\/avatar\/dac340933427a22924c9f99d1eb2e3f2?s=96&r=g","caption":"Eduardo Vargas"},"description":"Jornalista formado pela UFSC, cobre macroeconomia, neg\u00f3cios e startups para o Suno Not\u00edcias, escrevendo principalmente not\u00edcias sobre o mercado financeiro e a bolsa de valores. No YouTube e no Instagram, \u00e9 respons\u00e1vel pela produ\u00e7\u00e3o de Reels e Shorts do Suno Not\u00edcias. Anteriormente, trabalhou cobrindo economia e cotidiano no ND+ e para o ND, maior jornal impresso de Santa Catarina. Cursou um semestre letivo de Estudos de M\u00eddia na Universidad de Buenos Aires.","url":"https:\/\/www.suno.com.br\/noticias\/author\/eduardo-vargas\/"}]}},"default_loop_html":"<div class=\"cardsPage__listCard__boxs\"><div class=\"cardsPage__listCard__boxs__img\"><a href=\"https:\/\/www.suno.com.br\/noticias\/eletrobras-ppi-elet3-conselho-privatizacao-lula\/\"><img class=\"mask\" src=\"https:\/\/www.suno.com.br\/noticias\/wp-content\/themes\/suno\/resources\/images\/spotlight\/spotlight1img\/bg-mask.png\" alt=\"Image Mask\"\/><img src=\"https:\/\/files.sunoresearch.com.br\/n\/uploads\/2022\/11\/eletrobras-elet3-400x200.jpg\" alt=\"Eletrobras (ELET3): Conselho recomenda retirar a\u00e7\u00f5es de plano de desestatiza\u00e7\u00e3o\"\/><\/a><span class=\"spotlightCategory\"><a href=\"https:\/\/www.suno.com.br\/noticias\/negocios\/\">Neg\u00f3cios<\/a><\/span><\/div><div class=\"cardsPage__listCard__boxs__content\"><a href=\"https:\/\/www.suno.com.br\/noticias\/eletrobras-ppi-elet3-conselho-privatizacao-lula\/\"><h2 class=\"content__title\">Eletrobras (ELET3): Conselho recomenda retirar a\u00e7\u00f5es de plano de desestatiza\u00e7\u00e3o<\/h2><\/a><div class=\"newsContent__article__meta\"><div class=\"newsContent__article__meta__authorBox\"><a href=\"https:\/\/www.suno.com.br\/noticias\/author\/eduardo-vargas\/\" class=\"authorBox__avatar noMobi\"><img src=\"https:\/\/secure.gravatar.com\/avatar\/dac340933427a22924c9f99d1eb2e3f2?s=96&#038;r=g\" alt=\"Eduardo Vargas\"><\/a><div class=\"authorBox__name\"><span>por\n\t\t\t<a href=\"https:\/\/www.suno.com.br\/noticias\/author\/eduardo-vargas\/\"><span itemprop=\"author\">Eduardo Vargas<\/span><\/a><\/span><time datetime=\"2023-06-27T11:45:54-03:00\" itemprop=\"datePublished\">27\/06\/2023 11:45<\/time><\/div><\/div><\/div><\/div><\/div>","single_layout":"posts","amp_enabled":true,"_links":{"self":[{"href":"https:\/\/www.suno.com.br\/noticias\/wp-json\/wp\/v2\/posts\/421700"}],"collection":[{"href":"https:\/\/www.suno.com.br\/noticias\/wp-json\/wp\/v2\/posts"}],"about":[{"href":"https:\/\/www.suno.com.br\/noticias\/wp-json\/wp\/v2\/types\/post"}],"author":[{"embeddable":true,"href":"https:\/\/www.suno.com.br\/noticias\/wp-json\/wp\/v2\/users\/73"}],"replies":[{"embeddable":true,"href":"https:\/\/www.suno.com.br\/noticias\/wp-json\/wp\/v2\/comments?post=421700"}],"version-history":[{"count":3,"href":"https:\/\/www.suno.com.br\/noticias\/wp-json\/wp\/v2\/posts\/421700\/revisions"}],"predecessor-version":[{"id":421878,"href":"https:\/\/www.suno.com.br\/noticias\/wp-json\/wp\/v2\/posts\/421700\/revisions\/421878"}],"wp:featuredmedia":[{"embeddable":true,"href":"https:\/\/www.suno.com.br\/noticias\/wp-json\/wp\/v2\/media\/321736"}],"wp:attachment":[{"href":"https:\/\/www.suno.com.br\/noticias\/wp-json\/wp\/v2\/media?parent=421700"}],"wp:term":[{"taxonomy":"category","embeddable":true,"href":"https:\/\/www.suno.com.br\/noticias\/wp-json\/wp\/v2\/categories?post=421700"},{"taxonomy":"post_tag","embeddable":true,"href":"https:\/\/www.suno.com.br\/noticias\/wp-json\/wp\/v2\/tags?post=421700"},{"taxonomy":"suno_strategy","embeddable":true,"href":"https:\/\/www.suno.com.br\/noticias\/wp-json\/wp\/v2\/suno_strategy?post=421700"}],"curies":[{"name":"wp","href":"https:\/\/api.w.org\/{rel}","templated":true}]}}