{"id":421545,"date":"2023-06-27T08:00:00","date_gmt":"2023-06-27T11:00:00","guid":{"rendered":"https:\/\/www.suno.com.br\/noticias\/?p=421545"},"modified":"2023-06-27T15:28:27","modified_gmt":"2023-06-27T18:28:27","slug":"semana-fi-infras-do-grupo-suno-tera-conversa-kiko-hirano","status":"publish","type":"post","link":"https:\/\/www.suno.com.br\/noticias\/semana-fi-infras-do-grupo-suno-tera-conversa-kiko-hirano\/","title":{"rendered":"Semana de FI-Infra do Grupo Suno ter\u00e1 conversa com Kiko Hirano, do \u201cDicion\u00e1rio do Investidor\u201d"},"content":{"rendered":"<p>Nesta ter\u00e7a-feira (27), o CIO da Suno Asset, Vitor Duarte, conversa com Kiko Hirano, apresentador do canal \u201cDicion\u00e1rio do Investidor\u201d, para falar sobre as diferen\u00e7as entre investir em fundos imobili\u00e1rios, os FIIs, e em <strong>FI-Infra<\/strong>, os Fundos de Infraestrutura.<\/p>\t<div class=\"wrapper-featured-image\">\n\t\t<figure class=\"spotlightImg\">\n\n\t\t\t<picture>\n\t\t\t\t<source media=\"(max-width: 768px)\" srcset=\"https:\/\/files.sunoresearch.com.br\/n\/uploads\/2023\/01\/fundos-de-infraestrutura-400x200.jpg\">\n\t\t\t\t<img loading=\"lazy\" decoding=\"async\" class=\"newsContent__article__imgCapa lazyloadDisabled \" src=\"https:\/\/files.sunoresearch.com.br\/n\/uploads\/2023\/01\/fundos-de-infraestrutura-800x450.jpg\" width=\"800\" height=\"450\" alt=\"Semana de FI-Infra do Grupo Suno ter\u00e1 conversa com Kiko Hirano, do \u201cDicion\u00e1rio do Investidor\u201d\" fetchpriority=high \/>\n\t\t\t<\/picture>\n\n\t\t\t<figcaption class=\"wp-caption-text wp-caption-text--show\">Infraestrutura? Confira a programa\u00e7\u00e3o da semana de FI-Infras do Grupo Suno. Foto: Unsplash<\/figcaption>\n\t\t<\/figure>\n\t<\/div>\n\n\n\n\n\n\t<p>\n\t\t<a href=\"\" target=\"_blank\" data-element=\"shortcode-suno-banner\" title=\"Banner SUNO, clique e saiba mais\">\n\t\t\t<picture>\n\t\t\t\t<source media=\"(max-width: 500px)\" srcset=\"\">\n\t\t\t\t<img class=\"newsContent__article__imgCapa newsContent__article__imgCapa--banner\"\n\t\t\t\t\tsrc=\"\"\n\t\t\t\t\tdata-promo-id=\"421274\"\t\t\t\t\t\t\t\t\t\t\t\t\t\t\talt=\"\"\n\t\t\t\t>\n\t\t\t<\/picture>\n\t\t<\/a>\n\t<\/p>\n\n\n\n\n\n<p>O encontro ser\u00e1 \u00e0s 20h, no canal do YouTube da Suno Asset <a href=\"https:\/\/www.youtube.com\/watch?v=i4sfrOX_kUM\" target=\"_blank\" rel=\"noreferrer noopener\">(clique aqui e j\u00e1 deixe sua pergunta no chat)<\/a> e faz parte da programa\u00e7\u00e3o da <strong>Semana de FI-Infra do Grupo Suno.<\/strong><\/p>\n\n\n\n<h2 class=\"wp-block-heading\">O que \u00e9 fundo de infraestrutura?<\/h2>\n\n\n\n<p>Os fundos de infraestrutura foram criados em 2019, mas somente em 2020 ficaram dispon\u00edveis para o investidor pessoa f\u00edsica na <a href=\"https:\/\/www.suno.com.br\/guias\/bolsa-de-valores\/\">bolsa de valores<\/a>.&nbsp;<\/p>\n\n\n\n<p>Trata-se de um setor regulado, com monop\u00f3lios e concess\u00f5es, trazendo previsibilidade de receitas e baixo risco. Os <strong>FIs-Infras<\/strong> investem tanto em <strong>renda fixa<\/strong> quanto na renda vari\u00e1vel. No entanto, s\u00e3o classificados como <strong>ativos de renda vari\u00e1vel.<\/strong><\/p>\n\n\n\n<p>Desde 2020, a bolsa de valores brasileira permitiu que esses fundos pudessem ser listados no &nbsp;<a href=\"https:\/\/www.suno.com.br\/artigos\/mercado-secundario\/\" target=\"_blank\" rel=\"noreferrer noopener\">mercado secund\u00e1rio<\/a>, ou seja, aquele no qual s\u00e3o negociados ativos financeiros entre si, sendo importante para o investidor que deseja comprar a\u00e7\u00f5es para receber dividendos.<\/p>\n\n\n\n<p>Ao todo, atualmente, 11 fundos de infraestrutura s\u00e3o listados, mas esse n\u00famero tende a crescer cada vez mais nos pr\u00f3ximos anos.<\/p>\n\n\n\t<div data-element=\"shortcode-read-more\" class=\"knowMore\">\n\t\t\t\t<span class=\"knowMore__title\">Leia mais<\/span>\n\t\t\t\t<a class=\"knowMore__link\" href=\"https:\/\/www.suno.com.br\/noticias\/fi-infra-5-caracteristicas-fundo-investimento\/\">\n\t\t\tFI-Infra: 5 caracter\u00edsticas que talvez voc\u00ea n\u00e3o saiba sobre o fundo de investimento\t\t<\/a>\n\t<\/div>\n\n\n\n\t<p>\n\t\t<a href=\"https:\/\/lp.suno.com.br\/suno-one\/?utm_campaign=_SNC6964518A_\" target=\"_blank\" data-element=\"shortcode-suno-banner\" title=\"Banner SUNO, clique e saiba mais\">\n\t\t\t<picture>\n\t\t\t\t<source media=\"(max-width: 500px)\" srcset=\"https:\/\/files.sunoresearch.com.br\/n\/uploads\/2025\/09\/400x300-Suno-One-png.webp\">\n\t\t\t\t<img class=\"newsContent__article__imgCapa newsContent__article__imgCapa--banner\"\n\t\t\t\t\tsrc=\"https:\/\/files.sunoresearch.com.br\/n\/uploads\/2025\/09\/1420x240-Suno-One-png.webp\"\n\t\t\t\t\tdata-promo-id=\"383121\"\t\t\t\t\t\t\t\t\t\twidth='1420' height='240'\t\t\t\t\talt=\"https:\/\/files.sunoresearch.com.br\/n\/uploads\/2025\/09\/1420x240-Suno-One-png.webp\"\n\t\t\t\t>\n\t\t\t<\/picture>\n\t\t<\/a>\n\t<\/p>\n\n\n\n\n\n<figure class=\"wp-block-embed is-type-video is-provider-youtube wp-block-embed-youtube wp-embed-aspect-16-9 wp-has-aspect-ratio\"><div class=\"wp-block-embed__wrapper\">\n<iframe loading=\"lazy\" title=\"FI-INFRAS e a import\u00e2ncia para a economia do pa\u00eds\" width=\"1080\" height=\"608\" src=\"https:\/\/www.youtube.com\/embed\/hjhYsA7zZaA?feature=oembed&#038;enablejsapi=1&#038;origin=https:\/\/www.suno.com.br\" frameborder=\"0\" allow=\"accelerometer; autoplay; clipboard-write; encrypted-media; gyroscope; picture-in-picture; web-share\" allowfullscreen><\/iframe>\n<\/div><\/figure>\n\n\n\n<h2 class=\"wp-block-heading\">SNID11: o fundo de infraestrutura da Suno Asset<\/h2>\n\n\n\n<p>Na Suno Asset, o fundo de infraestrutura, conhecido pela sigla <strong>SNID11<\/strong>, tem o objetivo, a longo prazo, de investir em ativos incentivados ligados ao desenvolvimento da infraestrutura no pa\u00eds.<\/p>\n\n\n\n<p>Esse investimento pode ser feito por meio de v\u00e1rios segmentos e companhias, sendo realizado via deb\u00eantures (cr\u00e9dito), que ajudam a financiar esses projetos.<\/p>\n\n\n\n<p>Algumas empresas brasileiras conhecidas possuem <strong>deb\u00eantures no SNID11<\/strong>, como a <strong><a href=\"https:\/\/www.suno.com.br\/acoes\/mega3\/\" target=\"_blank\" rel=\"noreferrer noopener\">Omega Energia (MEGA3)<\/a>, <a href=\"https:\/\/www.suno.com.br\/acoes\/lcam3\/\" target=\"_blank\" rel=\"noreferrer noopener\">Unidas (LCAM3)<\/a>, <a href=\"https:\/\/www.suno.com.br\/acoes\/movi3\/\" target=\"_blank\" rel=\"noreferrer noopener\">Movida (MOVI3)<\/a>, Aegea, <a href=\"https:\/\/www.suno.com.br\/acoes\/ecor3\/\" target=\"_blank\" rel=\"noreferrer noopener\">Ecorodovias (ECOR3)<\/a><\/strong> e <strong><a href=\"https:\/\/www.suno.com.br\/acoes\/rrrp3\/\" target=\"_blank\" rel=\"noreferrer noopener\">3R Petroleum (RRRP3)<\/a><\/strong>, por exemplo.<\/p>\n\n\n\n<p>Atualmente, mais de 2 mil cotistas integram o <strong>fundo de infraestrutura da Suno Asset.<\/strong><\/p>\n\n\n\n<h2 class=\"wp-block-heading\">Semana de FI-Infra do Grupo Suno&nbsp;<\/h2>\n\n\n\n<p>At\u00e9 a pr\u00f3xima sexta-feira (30), ocorre a Semana de <strong>FI-Infra<\/strong> do Grupo Suno.&nbsp;Por meio de v\u00e1rios canais (redes sociais, not\u00edcias, v\u00eddeos, lives e conte\u00fados por e-mail), voc\u00ea ter\u00e1 informa\u00e7\u00f5es sobre essa classe de investimento recente na Bolsa &#8211; muitas d\u00favidas nos investidores ser\u00e3o esclarecidas.<\/p>\n\n\n\n<p>Na quinta-feira (29), \u00e0s 20h, Vitor Duarte conversa com \u00c1lvaro Matheus, apresentador do canal \u201cO S\u00f3cio Investidor\u201d. Durante o bate-papo, eles v\u00e3o esclarecer as diferen\u00e7as entre investir em a\u00e7\u00f5es do setor de infraestrutura e em fundos de infraestrutura <a href=\"https:\/\/www.youtube.com\/watch?v=t-ctImQC4hI\" target=\"_blank\" rel=\"noreferrer noopener\">(clique aqui e j\u00e1 deixe sua pergunta no chat).<\/a><\/p>\n\n\n\n<p>Siga a p\u00e1gina do Instagram da Suno Asset <a href=\"https:\/\/www.instagram.com\/sunoasset\/\" target=\"_blank\" rel=\"noreferrer noopener\">(@sunoasset)<\/a>, que tamb\u00e9m contar\u00e1 com muitos conte\u00fados de qualidade sobre <strong>FI-Infra<\/strong>, entre outros assuntos. N\u00e3o perca!<\/p>\n\n\n\t<p>\n\t\t<a href=\"https:\/\/lp.suno.com.br\/minicurso-investindo-fiis\/\" target=\"_blank\" data-element=\"shortcode-suno-banner\" title=\"Banner SUNO, clique e saiba mais\">\n\t\t\t<picture>\n\t\t\t\t<source media=\"(max-width: 500px)\" srcset=\"https:\/\/files.sunoresearch.com.br\/n\/uploads\/2023\/03\/400x300-Minicurso-FIIS.png\">\n\t\t\t\t<img class=\"newsContent__article__imgCapa newsContent__article__imgCapa--banner\"\n\t\t\t\t\tsrc=\"https:\/\/files.sunoresearch.com.br\/n\/uploads\/2023\/03\/1420x240-Minicurso-FIIS.png\"\n\t\t\t\t\tdata-promo-id=\"383125\"\t\t\t\t\t\t\t\t\t\twidth='1420' height='240'\t\t\t\t\talt=\"https:\/\/files.sunoresearch.com.br\/n\/uploads\/2023\/03\/1420x240-Minicurso-FIIS.png\"\n\t\t\t\t>\n\t\t\t<\/picture>\n\t\t<\/a>\n\t<\/p>\n\n\n","protected":false},"excerpt":{"rendered":"<p>Nesta ter\u00e7a-feira (27), o CIO da Suno Asset, Vitor Duarte, conversa com Kiko Hirano, apresentador do canal \u201cDicion\u00e1rio do Investidor\u201d, para falar sobre as diferen\u00e7as entre investir em fundos imobili\u00e1rios, os FIIs, e em FI-Infra, os Fundos de Infraestrutura. Infraestrutura? Confira a programa\u00e7\u00e3o da semana de FI-Infras do Grupo Suno. Foto: Unsplash O encontro ser\u00e1 [&hellip;]<\/p>\n","protected":false},"author":295,"featured_media":353244,"comment_status":"closed","ping_status":"closed","sticky":false,"template":"","format":"standard","meta":[],"categories":[64],"tags":[1560,313,106968],"suno_strategy":[],"class_list":["post-421545","post","type-post","status-publish","format-standard","has-post-thumbnail","hentry","category-negocios","tag-debentures-incentivadas","tag-fundos-de-investimento","tag-snid11"],"yoast_head":"<!-- This site is optimized with the Yoast SEO plugin v24.4 - https:\/\/yoast.com\/wordpress\/plugins\/seo\/ -->\n<title>Semana de FI-Infra do Grupo Suno ter\u00e1 conversa com Kiko Hirano<\/title>\n<meta name=\"description\" content=\"O bate-papo com Kiko Hirano, apresentador do canal \u201cDicion\u00e1rio do Investidor\u201d, vai abordar as diferen\u00e7as entre investir em FIIs e FI-Infra.\" \/>\n<meta name=\"robots\" content=\"index, follow, max-snippet:-1, max-image-preview:large, max-video-preview:-1\" \/>\n<link rel=\"canonical\" href=\"https:\/\/www.suno.com.br\/noticias\/semana-fi-infras-do-grupo-suno-tera-conversa-kiko-hirano\/\" \/>\n<meta property=\"og:locale\" content=\"pt_BR\" \/>\n<meta property=\"og:type\" content=\"article\" \/>\n<meta property=\"og:title\" content=\"Semana de FI-Infra do Grupo Suno ter\u00e1 conversa com Kiko Hirano\" \/>\n<meta property=\"og:description\" content=\"O bate-papo com Kiko Hirano, apresentador do canal \u201cDicion\u00e1rio do Investidor\u201d, vai abordar as diferen\u00e7as entre investir em FIIs e FI-Infra.\" \/>\n<meta property=\"og:url\" content=\"https:\/\/www.suno.com.br\/noticias\/semana-fi-infras-do-grupo-suno-tera-conversa-kiko-hirano\/\" \/>\n<meta property=\"og:site_name\" content=\"Suno Not\u00edcias\" \/>\n<meta property=\"article:publisher\" content=\"https:\/\/facebook.com\/sunoresearch\" \/>\n<meta property=\"og:image\" content=\"https:\/\/files.sunoresearch.com.br\/n\/uploads\/2023\/01\/fundos-de-infraestrutura-scaled.jpg\" \/>\n\t<meta property=\"og:image:width\" content=\"2048\" \/>\n\t<meta property=\"og:image:height\" content=\"2560\" \/>\n\t<meta property=\"og:image:type\" content=\"image\/jpeg\" \/>\n<meta name=\"author\" content=\"Giovanni Porf\u00edrio Jacomino\" \/>\n<meta name=\"twitter:card\" content=\"summary_large_image\" \/>\n<meta name=\"twitter:creator\" content=\"@sunoresearch\" \/>\n<meta name=\"twitter:site\" content=\"@sunoresearch\" \/>\n<meta name=\"twitter:label1\" content=\"Escrito por\" \/>\n\t<meta name=\"twitter:data1\" content=\"Giovanni Porf\u00edrio Jacomino\" \/>\n\t<meta name=\"twitter:label2\" content=\"Est. tempo de leitura\" \/>\n\t<meta name=\"twitter:data2\" content=\"3 minutos\" \/>\n<script type=\"application\/ld+json\" class=\"yoast-schema-graph\">{\"@context\":\"https:\/\/schema.org\",\"@graph\":[{\"@type\":\"NewsArticle\",\"@id\":\"https:\/\/www.suno.com.br\/noticias\/semana-fi-infras-do-grupo-suno-tera-conversa-kiko-hirano\/#article\",\"isPartOf\":{\"@id\":\"https:\/\/www.suno.com.br\/noticias\/semana-fi-infras-do-grupo-suno-tera-conversa-kiko-hirano\/\"},\"author\":{\"name\":\"Giovanni Porf\u00edrio Jacomino\",\"@id\":\"https:\/\/www.suno.com.br\/noticias\/#\/schema\/person\/217058341e4dbe1f68f3b898b09ca015\"},\"headline\":\"Semana de FI-Infra do Grupo Suno ter\u00e1 conversa com Kiko Hirano, do \u201cDicion\u00e1rio do Investidor\u201d\",\"datePublished\":\"2023-06-27T11:00:00+00:00\",\"dateModified\":\"2023-06-27T18:28:27+00:00\",\"mainEntityOfPage\":{\"@id\":\"https:\/\/www.suno.com.br\/noticias\/semana-fi-infras-do-grupo-suno-tera-conversa-kiko-hirano\/\"},\"wordCount\":487,\"publisher\":{\"@id\":\"https:\/\/www.suno.com.br\/noticias\/#organization\"},\"image\":{\"@id\":\"https:\/\/www.suno.com.br\/noticias\/semana-fi-infras-do-grupo-suno-tera-conversa-kiko-hirano\/#primaryimage\"},\"thumbnailUrl\":\"https:\/\/files.sunoresearch.com.br\/n\/uploads\/2023\/01\/fundos-de-infraestrutura-scaled.jpg\",\"keywords\":[\"deb\u00eantures incentivadas\",\"Fundos de investimento\",\"SNID11\"],\"articleSection\":[\"Neg\u00f3cios\"],\"inLanguage\":\"pt-BR\"},{\"@type\":\"WebPage\",\"@id\":\"https:\/\/www.suno.com.br\/noticias\/semana-fi-infras-do-grupo-suno-tera-conversa-kiko-hirano\/\",\"url\":\"https:\/\/www.suno.com.br\/noticias\/semana-fi-infras-do-grupo-suno-tera-conversa-kiko-hirano\/\",\"name\":\"Semana de FI-Infra do Grupo Suno ter\u00e1 conversa com Kiko Hirano\",\"isPartOf\":{\"@id\":\"https:\/\/www.suno.com.br\/noticias\/#website\"},\"primaryImageOfPage\":{\"@id\":\"https:\/\/www.suno.com.br\/noticias\/semana-fi-infras-do-grupo-suno-tera-conversa-kiko-hirano\/#primaryimage\"},\"image\":{\"@id\":\"https:\/\/www.suno.com.br\/noticias\/semana-fi-infras-do-grupo-suno-tera-conversa-kiko-hirano\/#primaryimage\"},\"thumbnailUrl\":\"https:\/\/files.sunoresearch.com.br\/n\/uploads\/2023\/01\/fundos-de-infraestrutura-scaled.jpg\",\"datePublished\":\"2023-06-27T11:00:00+00:00\",\"dateModified\":\"2023-06-27T18:28:27+00:00\",\"description\":\"O bate-papo com Kiko Hirano, apresentador do canal \u201cDicion\u00e1rio do Investidor\u201d, vai abordar as diferen\u00e7as entre investir em FIIs e FI-Infra.\",\"breadcrumb\":{\"@id\":\"https:\/\/www.suno.com.br\/noticias\/semana-fi-infras-do-grupo-suno-tera-conversa-kiko-hirano\/#breadcrumb\"},\"inLanguage\":\"pt-BR\",\"potentialAction\":[{\"@type\":\"ReadAction\",\"target\":[\"https:\/\/www.suno.com.br\/noticias\/semana-fi-infras-do-grupo-suno-tera-conversa-kiko-hirano\/\"]}]},{\"@type\":\"ImageObject\",\"inLanguage\":\"pt-BR\",\"@id\":\"https:\/\/www.suno.com.br\/noticias\/semana-fi-infras-do-grupo-suno-tera-conversa-kiko-hirano\/#primaryimage\",\"url\":\"https:\/\/files.sunoresearch.com.br\/n\/uploads\/2023\/01\/fundos-de-infraestrutura-scaled.jpg\",\"contentUrl\":\"https:\/\/files.sunoresearch.com.br\/n\/uploads\/2023\/01\/fundos-de-infraestrutura-scaled.jpg\",\"width\":2048,\"height\":2560,\"caption\":\"Infraestrutura? Confira a programa\u00e7\u00e3o da semana de FI-Infras do Grupo Suno. Foto: Unsplash\"},{\"@type\":\"BreadcrumbList\",\"@id\":\"https:\/\/www.suno.com.br\/noticias\/semana-fi-infras-do-grupo-suno-tera-conversa-kiko-hirano\/#breadcrumb\",\"itemListElement\":[{\"@type\":\"ListItem\",\"position\":1,\"name\":\"Not\u00edcias\",\"item\":\"https:\/\/www.suno.com.br\/noticias\/\"},{\"@type\":\"ListItem\",\"position\":2,\"name\":\"Neg\u00f3cios\",\"item\":\"https:\/\/www.suno.com.br\/noticias\/negocios\/\"},{\"@type\":\"ListItem\",\"position\":3,\"name\":\"Semana de FI-Infra do Grupo Suno ter\u00e1 conversa com Kiko Hirano, do \u201cDicion\u00e1rio do Investidor\u201d\"}]},{\"@type\":\"WebSite\",\"@id\":\"https:\/\/www.suno.com.br\/noticias\/#website\",\"url\":\"https:\/\/www.suno.com.br\/noticias\/\",\"name\":\"Suno Not\u00edcias\",\"description\":\"Seu portal de informa\u00e7\u00e3o sobre o mundo dos investimentos\",\"publisher\":{\"@id\":\"https:\/\/www.suno.com.br\/noticias\/#organization\"},\"potentialAction\":[{\"@type\":\"SearchAction\",\"target\":{\"@type\":\"EntryPoint\",\"urlTemplate\":\"https:\/\/www.suno.com.br\/noticias\/?s={search_term_string}\"},\"query-input\":{\"@type\":\"PropertyValueSpecification\",\"valueRequired\":true,\"valueName\":\"search_term_string\"}}],\"inLanguage\":\"pt-BR\"},{\"@type\":\"Organization\",\"@id\":\"https:\/\/www.suno.com.br\/noticias\/#organization\",\"name\":\"Suno Not\u00edcias\",\"url\":\"https:\/\/www.suno.com.br\/noticias\/\",\"logo\":{\"@type\":\"ImageObject\",\"inLanguage\":\"pt-BR\",\"@id\":\"https:\/\/www.suno.com.br\/noticias\/#\/schema\/logo\/image\/\",\"url\":\"https:\/\/files.sunoresearch.com.br\/n\/uploads\/2021\/09\/suno-logo.png\",\"contentUrl\":\"https:\/\/files.sunoresearch.com.br\/n\/uploads\/2021\/09\/suno-logo.png\",\"width\":180,\"height\":180,\"caption\":\"Suno Not\u00edcias\"},\"image\":{\"@id\":\"https:\/\/www.suno.com.br\/noticias\/#\/schema\/logo\/image\/\"},\"sameAs\":[\"https:\/\/facebook.com\/sunoresearch\",\"https:\/\/x.com\/sunoresearch\",\"https:\/\/www.instagram.com\/suno\",\"https:\/\/www.linkedin.com\/company\/suno-research\/\",\"https:\/\/www.youtube.com\/c\/sunoresearch\"]},{\"@type\":\"Person\",\"@id\":\"https:\/\/www.suno.com.br\/noticias\/#\/schema\/person\/217058341e4dbe1f68f3b898b09ca015\",\"name\":\"Giovanni Porf\u00edrio Jacomino\",\"image\":{\"@type\":\"ImageObject\",\"inLanguage\":\"pt-BR\",\"@id\":\"https:\/\/www.suno.com.br\/noticias\/#\/schema\/person\/image\/\",\"url\":\"https:\/\/secure.gravatar.com\/avatar\/bc678fc5559a55f79ada398443281309?s=96&r=g\",\"contentUrl\":\"https:\/\/secure.gravatar.com\/avatar\/bc678fc5559a55f79ada398443281309?s=96&r=g\",\"caption\":\"Giovanni Porf\u00edrio Jacomino\"},\"description\":\"Giovanni Porf\u00edrio Jacomino \u00e9 jornalista formado pela Universidade Estadual de Londrina (UEL) e p\u00f3s-graduado em Produ\u00e7\u00e3o e Pr\u00e1ticas Jornal\u00edsticas na Contemporaneidade na Faculdade C\u00e1sper L\u00edbero (FCL). Foi editor web no Startupi e no Finsiders, atuando ainda como editor no TC Mover, portal de not\u00edcias da TradersClub, fazendo a cobertura de assuntos relacionados ao mercado financeiro interno e externo. Atualmente, \u00e9 Rep\u00f3rter do Suno Not\u00edcias.\",\"url\":\"https:\/\/www.suno.com.br\/noticias\/author\/giovanniporfirio01gmail-com\/\"}]}<\/script>\n<!-- \/ Yoast SEO plugin. -->","yoast_head_json":{"title":"Semana de FI-Infra do Grupo Suno ter\u00e1 conversa com Kiko Hirano","description":"O bate-papo com Kiko Hirano, apresentador do canal \u201cDicion\u00e1rio do Investidor\u201d, vai abordar as diferen\u00e7as entre investir em FIIs e FI-Infra.","robots":{"index":"index","follow":"follow","max-snippet":"max-snippet:-1","max-image-preview":"max-image-preview:large","max-video-preview":"max-video-preview:-1"},"canonical":"https:\/\/www.suno.com.br\/noticias\/semana-fi-infras-do-grupo-suno-tera-conversa-kiko-hirano\/","og_locale":"pt_BR","og_type":"article","og_title":"Semana de FI-Infra do Grupo Suno ter\u00e1 conversa com Kiko Hirano","og_description":"O bate-papo com Kiko Hirano, apresentador do canal \u201cDicion\u00e1rio do Investidor\u201d, vai abordar as diferen\u00e7as entre investir em FIIs e FI-Infra.","og_url":"https:\/\/www.suno.com.br\/noticias\/semana-fi-infras-do-grupo-suno-tera-conversa-kiko-hirano\/","og_site_name":"Suno Not\u00edcias","article_publisher":"https:\/\/facebook.com\/sunoresearch","og_image":[{"width":2048,"height":2560,"url":"https:\/\/files.sunoresearch.com.br\/n\/uploads\/2023\/01\/fundos-de-infraestrutura-scaled.jpg","type":"image\/jpeg"}],"author":"Giovanni Porf\u00edrio Jacomino","twitter_card":"summary_large_image","twitter_creator":"@sunoresearch","twitter_site":"@sunoresearch","twitter_misc":{"Escrito por":"Giovanni Porf\u00edrio Jacomino","Est. tempo de leitura":"3 minutos"},"schema":{"@context":"https:\/\/schema.org","@graph":[{"@type":"NewsArticle","@id":"https:\/\/www.suno.com.br\/noticias\/semana-fi-infras-do-grupo-suno-tera-conversa-kiko-hirano\/#article","isPartOf":{"@id":"https:\/\/www.suno.com.br\/noticias\/semana-fi-infras-do-grupo-suno-tera-conversa-kiko-hirano\/"},"author":{"name":"Giovanni Porf\u00edrio Jacomino","@id":"https:\/\/www.suno.com.br\/noticias\/#\/schema\/person\/217058341e4dbe1f68f3b898b09ca015"},"headline":"Semana de FI-Infra do Grupo Suno ter\u00e1 conversa com Kiko Hirano, do \u201cDicion\u00e1rio do Investidor\u201d","datePublished":"2023-06-27T11:00:00+00:00","dateModified":"2023-06-27T18:28:27+00:00","mainEntityOfPage":{"@id":"https:\/\/www.suno.com.br\/noticias\/semana-fi-infras-do-grupo-suno-tera-conversa-kiko-hirano\/"},"wordCount":487,"publisher":{"@id":"https:\/\/www.suno.com.br\/noticias\/#organization"},"image":{"@id":"https:\/\/www.suno.com.br\/noticias\/semana-fi-infras-do-grupo-suno-tera-conversa-kiko-hirano\/#primaryimage"},"thumbnailUrl":"https:\/\/files.sunoresearch.com.br\/n\/uploads\/2023\/01\/fundos-de-infraestrutura-scaled.jpg","keywords":["deb\u00eantures incentivadas","Fundos de investimento","SNID11"],"articleSection":["Neg\u00f3cios"],"inLanguage":"pt-BR"},{"@type":"WebPage","@id":"https:\/\/www.suno.com.br\/noticias\/semana-fi-infras-do-grupo-suno-tera-conversa-kiko-hirano\/","url":"https:\/\/www.suno.com.br\/noticias\/semana-fi-infras-do-grupo-suno-tera-conversa-kiko-hirano\/","name":"Semana de FI-Infra do Grupo Suno ter\u00e1 conversa com Kiko Hirano","isPartOf":{"@id":"https:\/\/www.suno.com.br\/noticias\/#website"},"primaryImageOfPage":{"@id":"https:\/\/www.suno.com.br\/noticias\/semana-fi-infras-do-grupo-suno-tera-conversa-kiko-hirano\/#primaryimage"},"image":{"@id":"https:\/\/www.suno.com.br\/noticias\/semana-fi-infras-do-grupo-suno-tera-conversa-kiko-hirano\/#primaryimage"},"thumbnailUrl":"https:\/\/files.sunoresearch.com.br\/n\/uploads\/2023\/01\/fundos-de-infraestrutura-scaled.jpg","datePublished":"2023-06-27T11:00:00+00:00","dateModified":"2023-06-27T18:28:27+00:00","description":"O bate-papo com Kiko Hirano, apresentador do canal \u201cDicion\u00e1rio do Investidor\u201d, vai abordar as diferen\u00e7as entre investir em FIIs e FI-Infra.","breadcrumb":{"@id":"https:\/\/www.suno.com.br\/noticias\/semana-fi-infras-do-grupo-suno-tera-conversa-kiko-hirano\/#breadcrumb"},"inLanguage":"pt-BR","potentialAction":[{"@type":"ReadAction","target":["https:\/\/www.suno.com.br\/noticias\/semana-fi-infras-do-grupo-suno-tera-conversa-kiko-hirano\/"]}]},{"@type":"ImageObject","inLanguage":"pt-BR","@id":"https:\/\/www.suno.com.br\/noticias\/semana-fi-infras-do-grupo-suno-tera-conversa-kiko-hirano\/#primaryimage","url":"https:\/\/files.sunoresearch.com.br\/n\/uploads\/2023\/01\/fundos-de-infraestrutura-scaled.jpg","contentUrl":"https:\/\/files.sunoresearch.com.br\/n\/uploads\/2023\/01\/fundos-de-infraestrutura-scaled.jpg","width":2048,"height":2560,"caption":"Infraestrutura? Confira a programa\u00e7\u00e3o da semana de FI-Infras do Grupo Suno. Foto: Unsplash"},{"@type":"BreadcrumbList","@id":"https:\/\/www.suno.com.br\/noticias\/semana-fi-infras-do-grupo-suno-tera-conversa-kiko-hirano\/#breadcrumb","itemListElement":[{"@type":"ListItem","position":1,"name":"Not\u00edcias","item":"https:\/\/www.suno.com.br\/noticias\/"},{"@type":"ListItem","position":2,"name":"Neg\u00f3cios","item":"https:\/\/www.suno.com.br\/noticias\/negocios\/"},{"@type":"ListItem","position":3,"name":"Semana de FI-Infra do Grupo Suno ter\u00e1 conversa com Kiko Hirano, do \u201cDicion\u00e1rio do Investidor\u201d"}]},{"@type":"WebSite","@id":"https:\/\/www.suno.com.br\/noticias\/#website","url":"https:\/\/www.suno.com.br\/noticias\/","name":"Suno Not\u00edcias","description":"Seu portal de informa\u00e7\u00e3o sobre o mundo dos investimentos","publisher":{"@id":"https:\/\/www.suno.com.br\/noticias\/#organization"},"potentialAction":[{"@type":"SearchAction","target":{"@type":"EntryPoint","urlTemplate":"https:\/\/www.suno.com.br\/noticias\/?s={search_term_string}"},"query-input":{"@type":"PropertyValueSpecification","valueRequired":true,"valueName":"search_term_string"}}],"inLanguage":"pt-BR"},{"@type":"Organization","@id":"https:\/\/www.suno.com.br\/noticias\/#organization","name":"Suno Not\u00edcias","url":"https:\/\/www.suno.com.br\/noticias\/","logo":{"@type":"ImageObject","inLanguage":"pt-BR","@id":"https:\/\/www.suno.com.br\/noticias\/#\/schema\/logo\/image\/","url":"https:\/\/files.sunoresearch.com.br\/n\/uploads\/2021\/09\/suno-logo.png","contentUrl":"https:\/\/files.sunoresearch.com.br\/n\/uploads\/2021\/09\/suno-logo.png","width":180,"height":180,"caption":"Suno Not\u00edcias"},"image":{"@id":"https:\/\/www.suno.com.br\/noticias\/#\/schema\/logo\/image\/"},"sameAs":["https:\/\/facebook.com\/sunoresearch","https:\/\/x.com\/sunoresearch","https:\/\/www.instagram.com\/suno","https:\/\/www.linkedin.com\/company\/suno-research\/","https:\/\/www.youtube.com\/c\/sunoresearch"]},{"@type":"Person","@id":"https:\/\/www.suno.com.br\/noticias\/#\/schema\/person\/217058341e4dbe1f68f3b898b09ca015","name":"Giovanni Porf\u00edrio Jacomino","image":{"@type":"ImageObject","inLanguage":"pt-BR","@id":"https:\/\/www.suno.com.br\/noticias\/#\/schema\/person\/image\/","url":"https:\/\/secure.gravatar.com\/avatar\/bc678fc5559a55f79ada398443281309?s=96&r=g","contentUrl":"https:\/\/secure.gravatar.com\/avatar\/bc678fc5559a55f79ada398443281309?s=96&r=g","caption":"Giovanni Porf\u00edrio Jacomino"},"description":"Giovanni Porf\u00edrio Jacomino \u00e9 jornalista formado pela Universidade Estadual de Londrina (UEL) e p\u00f3s-graduado em Produ\u00e7\u00e3o e Pr\u00e1ticas Jornal\u00edsticas na Contemporaneidade na Faculdade C\u00e1sper L\u00edbero (FCL). Foi editor web no Startupi e no Finsiders, atuando ainda como editor no TC Mover, portal de not\u00edcias da TradersClub, fazendo a cobertura de assuntos relacionados ao mercado financeiro interno e externo. Atualmente, \u00e9 Rep\u00f3rter do Suno Not\u00edcias.","url":"https:\/\/www.suno.com.br\/noticias\/author\/giovanniporfirio01gmail-com\/"}]}},"default_loop_html":"<div class=\"cardsPage__listCard__boxs\"><div class=\"cardsPage__listCard__boxs__img\"><a href=\"https:\/\/www.suno.com.br\/noticias\/semana-fi-infras-do-grupo-suno-tera-conversa-kiko-hirano\/\"><img class=\"mask\" src=\"https:\/\/www.suno.com.br\/noticias\/wp-content\/themes\/suno\/resources\/images\/spotlight\/spotlight1img\/bg-mask.png\" alt=\"Image Mask\"\/><img src=\"https:\/\/files.sunoresearch.com.br\/n\/uploads\/2023\/01\/fundos-de-infraestrutura-400x200.jpg\" alt=\"Semana de FI-Infra do Grupo Suno ter\u00e1 conversa com Kiko Hirano, do \u201cDicion\u00e1rio do Investidor\u201d\"\/><\/a><span class=\"spotlightCategory\"><a href=\"https:\/\/www.suno.com.br\/noticias\/negocios\/\">Neg\u00f3cios<\/a><\/span><\/div><div class=\"cardsPage__listCard__boxs__content\"><a href=\"https:\/\/www.suno.com.br\/noticias\/semana-fi-infras-do-grupo-suno-tera-conversa-kiko-hirano\/\"><h2 class=\"content__title\">Semana de FI-Infra do Grupo Suno ter\u00e1 conversa com Kiko Hirano, do \u201cDicion\u00e1rio do Investidor\u201d<\/h2><\/a><div class=\"newsContent__article__meta\"><div class=\"newsContent__article__meta__authorBox\"><a href=\"https:\/\/www.suno.com.br\/noticias\/author\/giovanniporfirio01gmail-com\/\" class=\"authorBox__avatar noMobi\"><img src=\"https:\/\/files.sunoresearch.com.br\/n\/uploads\/2023\/07\/WhatsApp-Image-2023-07-10-at-14.08.39-150x150.jpeg\" alt=\"Giovanni Porf\u00edrio Jacomino\"><\/a><div class=\"authorBox__name\"><span>por\n\t\t\t<a href=\"https:\/\/www.suno.com.br\/noticias\/author\/giovanniporfirio01gmail-com\/\"><span itemprop=\"author\">Giovanni Porf\u00edrio Jacomino<\/span><\/a><\/span><time datetime=\"2023-06-27T08:00:00-03:00\" itemprop=\"datePublished\">27\/06\/2023 08:00<\/time><\/div><\/div><\/div><\/div><\/div>","single_layout":"posts","amp_enabled":true,"_links":{"self":[{"href":"https:\/\/www.suno.com.br\/noticias\/wp-json\/wp\/v2\/posts\/421545"}],"collection":[{"href":"https:\/\/www.suno.com.br\/noticias\/wp-json\/wp\/v2\/posts"}],"about":[{"href":"https:\/\/www.suno.com.br\/noticias\/wp-json\/wp\/v2\/types\/post"}],"author":[{"embeddable":true,"href":"https:\/\/www.suno.com.br\/noticias\/wp-json\/wp\/v2\/users\/295"}],"replies":[{"embeddable":true,"href":"https:\/\/www.suno.com.br\/noticias\/wp-json\/wp\/v2\/comments?post=421545"}],"version-history":[{"count":3,"href":"https:\/\/www.suno.com.br\/noticias\/wp-json\/wp\/v2\/posts\/421545\/revisions"}],"predecessor-version":[{"id":422030,"href":"https:\/\/www.suno.com.br\/noticias\/wp-json\/wp\/v2\/posts\/421545\/revisions\/422030"}],"wp:featuredmedia":[{"embeddable":true,"href":"https:\/\/www.suno.com.br\/noticias\/wp-json\/wp\/v2\/media\/353244"}],"wp:attachment":[{"href":"https:\/\/www.suno.com.br\/noticias\/wp-json\/wp\/v2\/media?parent=421545"}],"wp:term":[{"taxonomy":"category","embeddable":true,"href":"https:\/\/www.suno.com.br\/noticias\/wp-json\/wp\/v2\/categories?post=421545"},{"taxonomy":"post_tag","embeddable":true,"href":"https:\/\/www.suno.com.br\/noticias\/wp-json\/wp\/v2\/tags?post=421545"},{"taxonomy":"suno_strategy","embeddable":true,"href":"https:\/\/www.suno.com.br\/noticias\/wp-json\/wp\/v2\/suno_strategy?post=421545"}],"curies":[{"name":"wp","href":"https:\/\/api.w.org\/{rel}","templated":true}]}}