{"id":42151,"date":"2019-10-23T18:56:58","date_gmt":"2019-10-23T20:56:58","guid":{"rendered":"https:\/\/www.suno.com.br\/noticias\/?p=42151"},"modified":"2019-10-23T19:49:59","modified_gmt":"2019-10-23T21:49:59","slug":"dolar-queda-brasil-ameacar-mercosul-23102019","status":"publish","type":"post","link":"https:\/\/www.suno.com.br\/noticias\/dolar-queda-brasil-ameacar-mercosul-23102019\/","title":{"rendered":"D\u00f3lar fecha em queda de -1,05% ap\u00f3s aprova\u00e7\u00e3o da Previd\u00eancia"},"content":{"rendered":"<p>O <a href=\"https:\/\/www.suno.com.br\/artigos\/investir-em-dolar\/\">d\u00f3lar<\/a> fechou em queda nesta quarta-feira (23) ap\u00f3s o Brasil amea\u00e7ar deixar o <strong>Mercosul<\/strong> caso a <strong>Argentina<\/strong> n\u00e3o concorde em reduzir as al\u00edquotas de importa\u00e7\u00e3o a serem praticadas pelo bloco dentro de um per\u00edodo de quatro anos.<\/p>\t<div class=\"wrapper-featured-image\">\n\t\t<figure class=\"spotlightImg\">\n\n\t\t\t<picture>\n\t\t\t\t<source media=\"(max-width: 768px)\" srcset=\"https:\/\/files.sunoresearch.com.br\/n\/uploads\/2019\/06\/5da068bf-dolarr-400x200.webp\">\n\t\t\t\t<img loading=\"lazy\" decoding=\"async\" class=\"newsContent__article__imgCapa lazyloadDisabled newsContent__article__imgCapa--noCaption\" src=\"https:\/\/files.sunoresearch.com.br\/n\/uploads\/2019\/06\/5da068bf-dolarr-jpg.webp\" width=\"800\" height=\"450\" alt=\"D\u00f3lar fecha em queda de -1,05% ap\u00f3s aprova\u00e7\u00e3o da Previd\u00eancia\" fetchpriority=high \/>\n\t\t\t<\/picture>\n\n\t\t\t<figcaption class=\"wp-caption-text wp-caption-text--hide\">No dia anterior, o d\u00f3lar encerrou em alta de 1,43%, a R$ 5,7630<\/figcaption>\n\t\t<\/figure>\n\t<\/div>\n\n\n\n<p>O <strong>d\u00f3lar<\/strong> fechou em queda de -1,05% sendo vendido a R$ 4,0329.<\/p>\n<p>Al\u00e9m disso, contribu\u00edram para a <strong>queda<\/strong>:<\/p>\n<ul>\n<li><strong>Olist<\/strong>, <strong>startup brasileira<\/strong>, recebe aporte do fundo de investimento do <strong>Softbank;<\/strong><\/li>\n<li><strong>Guedes<\/strong> diz que ap\u00f3s reforma da Previd\u00eancia pr\u00f3ximo passo \u00e9 o pacto federativo;<\/li>\n<li>Vota\u00e7\u00e3o da <strong>reforma da Previd\u00eancia<\/strong> \u00e9 conclu\u00edda pelo <strong>Senado<\/strong>; <strong>PEC<\/strong> vai \u00e0 promulga\u00e7\u00e3o.<\/li>\n<\/ul>\n<h2>Mercosul<\/h2>\n<p>O Brasil estuda a possibilidade de deixar o Mercosul caso a <strong>Argentina<\/strong> n\u00e3o aceite reduzir as <strong>al\u00edquotas<\/strong> <strong>de importa\u00e7\u00e3o<\/strong> a serem praticadas pelo bloco dentro de um per\u00edodo de quatro anos. Em contrapartida, Uruguai e Paraguai j\u00e1 concordaram em reduzir al\u00edquotas em quase o total dos mais de 10 mil itens negociados.<\/p>\n<p><a href=\"https:\/\/www.suno.com.br\/noticias\/brasil-deixar-mercosul-aliquotas-importacao\/\">Saiba mais: Brasil amea\u00e7a deixar Mercosul por conta de al\u00edquotas de importa\u00e7\u00e3o<\/a><\/p>\n<p>A sa\u00edda do <strong>Mercosul<\/strong> iria fazer com que o Brasil se complicasse em rela\u00e7\u00e3o ao acordo de livre-com\u00e9rcio com a <a href=\"https:\/\/www.suno.com.br\/artigos\/uniao-europeia\/\">Uni\u00e3o Europeia<\/a>. Sendo assim, representantes do governo j\u00e1 est\u00e3o se movendo em rela\u00e7\u00e3o ao assunto para saber se o tratado valeria para o Pa\u00eds mesmo sem fazer parte do bloco sul-americano.<\/p>\n<p>A estrat\u00e9gia brasileira pode ser uma medida extrema para seguir com o plano do ministro da Economia, Paulo Guedes, de impulsionar a abertura da economia e o aumento da produtividade.<\/p>\n<p>Na \u00faltima proposta tarif\u00e1ria discutida entre os pa\u00edses do Mercosul, noticiada pelo &#8220;Valor Econ\u00f4mico&#8221;, a ind\u00fastria seria o setor mais afetado, com uma diminui\u00e7\u00e3o do imposto de importa\u00e7\u00e3o para o setor de 13,6% para 6,4%.<\/p>\n<h2>SoftBank<\/h2>\n<p>O Olist captou um investimento de U$47 milh\u00f5es (R$ 191,73) do Softbank. O <strong>Latin America Fundo<\/strong>, fundo criado para investir em <a href=\"https:\/\/www.suno.com.br\/artigos\/aceleradoras\/\"><strong>startups<\/strong> <\/a>da Am\u00e9rica Latina liderou o aporte.<\/p>\n<p><a href=\"https:\/\/www.suno.com.br\/noticias\/softbank-startup-olist-brasileira-investimento\/\">Saiba mais: Olist, startup brasileira, recebe aporte do fundo de investimento do Softbank<\/a><\/p>\n<p>&#8220;Estamos em um bom momento e o mercado tamb\u00e9m, ent\u00e3o decidimos abrir uma nova rodada. Falamos com 40 fundos e entendemos que o <strong>Softbank <\/strong>seria a melhor op\u00e7\u00e3o para escalar o Olist&#8221;, salientou o fundador Tiago Dalvi.<\/p>\n<p>A startup brasileira conecta lojistas \u00e0 plataformas de marketplace. De acordo com o fundador, os recursos captado ser\u00e3o usados para expandir sua equipe e aumentar a base de lojistas.<\/p>\n<p>Dalvi ressaltou que espera elevar de 7 mil vendedores, atualmente, para mais de 100 mil nos pr\u00f3ximos anos.<\/p>\n<h2>Paulo Guedes<\/h2>\n<p>O ministro da Economia, <a href=\"https:\/\/www.suno.com.br\/tudo-sobre\/paulo-guedes\/\"><strong>Paulo Guedes<\/strong>,<\/a> informou que depois da aprova\u00e7\u00e3o da reforma da Previd\u00eancia o foco do governo ser\u00e1 na reforma do pacto federativo.<\/p>\n<p><a href=\"https:\/\/www.suno.com.br\/noticias\/guedes-paulo-pacto-federativo-reforma-da-previdencia\/\">Saiba mais: Guedes diz que ap\u00f3s reforma da Previd\u00eancia pr\u00f3ximo passo \u00e9 o pacto federativo<\/a><\/p>\n<p>De acordo com <strong>Guedes<\/strong>, o governo enviar\u00e1 o texto do<strong> pacto federativo<\/strong> ao Congresso na pr\u00f3xima semana. O ministro salientou que essa proposta tem como objetivo repassar um valor maior de or\u00e7amento aos <strong>estados<\/strong> e <strong>munic\u00edpios<\/strong>.<\/p>\n<p>&#8220;Agora vamos para o pacto federativo, com v\u00e1rias dimens\u00f5es&#8221;, ressaltou Guedes aos jornalistas ao deixar o Senado ap\u00f3s vota\u00e7\u00e3o da reforma na \u00faltima ter\u00e7a-feira (22).<\/p>\n<h2>Reforma da Previd\u00eancia<\/h2>\n<p>O <strong>Senado<\/strong> concluiu, no in\u00edcio da tarde desta quarta, a vota\u00e7\u00e3o da reforma da Previd\u00eancia. O texto, dessa forma, seguir\u00e1 para a promulga\u00e7\u00e3o do Congresso.<\/p>\n<p><a href=\"https:\/\/www.suno.com.br\/noticias\/senado-votacao-reforma-da-previdencia-vai-a-promulgacao\/\">Saiba mais: Vota\u00e7\u00e3o da reforma da Previd\u00eancia \u00e9 conclu\u00edda pelo Senado; PEC vai \u00e0 promulga\u00e7\u00e3o<\/a><\/p>\n<p>A promulga\u00e7\u00e3o trata-se de uma formalidade para a <strong>reforma da Previd\u00eancia<\/strong>. O Congresso estabelece um dia para ser realizada a cerim\u00f4nia para colocar em vigor a <strong>Proposta de Emenda a Constitui\u00e7\u00e3o (PEC)<\/strong>. Ao contr\u00e1rio de um projeto de lei, a PEC n\u00e3o necessita da san\u00e7\u00e3o do Presidente da Rep\u00fablica.<\/p>\n<p>As novas regras estabelecidas entram em vigor a partir da data da promulga\u00e7\u00e3o, com exce\u00e7\u00e3o das al\u00edquotas de contribui\u00e7\u00e3o, que passar\u00e3o a valer ap\u00f3s 90 dias.<\/p>\n<h2>\u00daltima cota\u00e7\u00e3o do d\u00f3lar<\/h2>\n<p>Na \u00faltima sess\u00e3o, ter\u00e7a-feira, o<strong><a href=\"https:\/\/www.youtube.com\/watch?v=fy5ZA9NBPFo\"> d\u00f3lar<\/a><\/strong> encerrou em queda de 1,327%, sendo vendido a R$ 4,0757.<\/p>\n","protected":false},"excerpt":{"rendered":"<p>O d\u00f3lar fechou em queda nesta quarta-feira (23) ap\u00f3s o Brasil amea\u00e7ar deixar o Mercosul caso a Argentina n\u00e3o concorde em reduzir as al\u00edquotas de importa\u00e7\u00e3o a serem praticadas pelo bloco dentro de um per\u00edodo de quatro anos. No dia anterior, o d\u00f3lar encerrou em alta de 1,43%, a R$ 5,7630 O d\u00f3lar fechou em [&hellip;]<\/p>\n","protected":false},"author":23,"featured_media":28097,"comment_status":"closed","ping_status":"closed","sticky":false,"template":"","format":"standard","meta":[],"categories":[60],"tags":[326,868,796,322],"suno_strategy":[],"class_list":["post-42151","post","type-post","status-publish","format-standard","has-post-thumbnail","hentry","category-mercado","tag-dolar","tag-mercosul","tag-paulo-guedes","tag-previdencia-social"],"yoast_head":"<!-- This site is optimized with the Yoast SEO plugin v24.4 - https:\/\/yoast.com\/wordpress\/plugins\/seo\/ -->\n<title>D\u00f3lar fecha em queda de -1,05% ap\u00f3s Brasil amea\u00e7ar deixar Mercosul<\/title>\n<meta name=\"description\" content=\"O d\u00f3lar fechou em queda de -1,05% sendo vendido a R$ 4,0329 ap\u00f3s o Brasil amea\u00e7ar deixar o Mercosul. Clique aqui para saber mais.\" \/>\n<meta name=\"robots\" content=\"index, follow, max-snippet:-1, max-image-preview:large, max-video-preview:-1\" \/>\n<link rel=\"canonical\" href=\"https:\/\/www.suno.com.br\/noticias\/dolar-queda-brasil-ameacar-mercosul-23102019\/\" \/>\n<meta property=\"og:locale\" content=\"pt_BR\" \/>\n<meta property=\"og:type\" content=\"article\" \/>\n<meta property=\"og:title\" content=\"D\u00f3lar fecha em queda de -1,05% ap\u00f3s Brasil amea\u00e7ar deixar Mercosul\" \/>\n<meta property=\"og:description\" content=\"O d\u00f3lar fechou em queda de -1,05% sendo vendido a R$ 4,0329 ap\u00f3s o Brasil amea\u00e7ar deixar o Mercosul. Clique aqui para saber mais.\" \/>\n<meta property=\"og:url\" content=\"https:\/\/www.suno.com.br\/noticias\/dolar-queda-brasil-ameacar-mercosul-23102019\/\" \/>\n<meta property=\"og:site_name\" content=\"Suno Not\u00edcias\" \/>\n<meta property=\"article:publisher\" content=\"https:\/\/facebook.com\/sunoresearch\" \/>\n<meta property=\"og:image\" content=\"https:\/\/files.sunoresearch.com.br\/n\/uploads\/2019\/06\/5da068bf-dolarr.jpg\" \/>\n\t<meta property=\"og:image:width\" content=\"640\" \/>\n\t<meta property=\"og:image:height\" content=\"370\" \/>\n\t<meta property=\"og:image:type\" content=\"image\/jpeg\" \/>\n<meta name=\"author\" content=\"Rafael Lara\" \/>\n<meta name=\"twitter:card\" content=\"summary_large_image\" \/>\n<meta name=\"twitter:creator\" content=\"@sunoresearch\" \/>\n<meta name=\"twitter:site\" content=\"@sunoresearch\" \/>\n<meta name=\"twitter:label1\" content=\"Escrito por\" \/>\n\t<meta name=\"twitter:data1\" content=\"Rafael Lara\" \/>\n\t<meta name=\"twitter:label2\" content=\"Est. tempo de leitura\" \/>\n\t<meta name=\"twitter:data2\" content=\"4 minutos\" \/>\n<script type=\"application\/ld+json\" class=\"yoast-schema-graph\">{\"@context\":\"https:\/\/schema.org\",\"@graph\":[{\"@type\":\"NewsArticle\",\"@id\":\"https:\/\/www.suno.com.br\/noticias\/dolar-queda-brasil-ameacar-mercosul-23102019\/#article\",\"isPartOf\":{\"@id\":\"https:\/\/www.suno.com.br\/noticias\/dolar-queda-brasil-ameacar-mercosul-23102019\/\"},\"author\":{\"name\":\"Rafael Lara\",\"@id\":\"https:\/\/www.suno.com.br\/noticias\/#\/schema\/person\/098743caeed97b37f51315c9576c4078\"},\"headline\":\"D\u00f3lar fecha em queda de -1,05% ap\u00f3s aprova\u00e7\u00e3o da Previd\u00eancia\",\"datePublished\":\"2019-10-23T20:56:58+00:00\",\"dateModified\":\"2019-10-23T21:49:59+00:00\",\"mainEntityOfPage\":{\"@id\":\"https:\/\/www.suno.com.br\/noticias\/dolar-queda-brasil-ameacar-mercosul-23102019\/\"},\"wordCount\":724,\"publisher\":{\"@id\":\"https:\/\/www.suno.com.br\/noticias\/#organization\"},\"image\":{\"@id\":\"https:\/\/www.suno.com.br\/noticias\/dolar-queda-brasil-ameacar-mercosul-23102019\/#primaryimage\"},\"thumbnailUrl\":\"https:\/\/files.sunoresearch.com.br\/n\/uploads\/2019\/06\/5da068bf-dolarr-jpg.webp\",\"keywords\":[\"d\u00f3lar\",\"Mercosul\",\"Paulo Guedes\",\"Previd\u00eancia Social\"],\"articleSection\":[\"Mercado\"],\"inLanguage\":\"pt-BR\"},{\"@type\":\"WebPage\",\"@id\":\"https:\/\/www.suno.com.br\/noticias\/dolar-queda-brasil-ameacar-mercosul-23102019\/\",\"url\":\"https:\/\/www.suno.com.br\/noticias\/dolar-queda-brasil-ameacar-mercosul-23102019\/\",\"name\":\"D\u00f3lar fecha em queda de -1,05% ap\u00f3s Brasil amea\u00e7ar deixar Mercosul\",\"isPartOf\":{\"@id\":\"https:\/\/www.suno.com.br\/noticias\/#website\"},\"primaryImageOfPage\":{\"@id\":\"https:\/\/www.suno.com.br\/noticias\/dolar-queda-brasil-ameacar-mercosul-23102019\/#primaryimage\"},\"image\":{\"@id\":\"https:\/\/www.suno.com.br\/noticias\/dolar-queda-brasil-ameacar-mercosul-23102019\/#primaryimage\"},\"thumbnailUrl\":\"https:\/\/files.sunoresearch.com.br\/n\/uploads\/2019\/06\/5da068bf-dolarr-jpg.webp\",\"datePublished\":\"2019-10-23T20:56:58+00:00\",\"dateModified\":\"2019-10-23T21:49:59+00:00\",\"description\":\"O d\u00f3lar fechou em queda de -1,05% sendo vendido a R$ 4,0329 ap\u00f3s o Brasil amea\u00e7ar deixar o Mercosul. Clique aqui para saber mais.\",\"breadcrumb\":{\"@id\":\"https:\/\/www.suno.com.br\/noticias\/dolar-queda-brasil-ameacar-mercosul-23102019\/#breadcrumb\"},\"inLanguage\":\"pt-BR\",\"potentialAction\":[{\"@type\":\"ReadAction\",\"target\":[\"https:\/\/www.suno.com.br\/noticias\/dolar-queda-brasil-ameacar-mercosul-23102019\/\"]}]},{\"@type\":\"ImageObject\",\"inLanguage\":\"pt-BR\",\"@id\":\"https:\/\/www.suno.com.br\/noticias\/dolar-queda-brasil-ameacar-mercosul-23102019\/#primaryimage\",\"url\":\"https:\/\/files.sunoresearch.com.br\/n\/uploads\/2019\/06\/5da068bf-dolarr-jpg.webp\",\"contentUrl\":\"https:\/\/files.sunoresearch.com.br\/n\/uploads\/2019\/06\/5da068bf-dolarr-jpg.webp\",\"width\":640,\"height\":370,\"caption\":\"No dia anterior, o d\u00f3lar encerrou em alta de 1,43%, a R$ 5,7630\"},{\"@type\":\"BreadcrumbList\",\"@id\":\"https:\/\/www.suno.com.br\/noticias\/dolar-queda-brasil-ameacar-mercosul-23102019\/#breadcrumb\",\"itemListElement\":[{\"@type\":\"ListItem\",\"position\":1,\"name\":\"Not\u00edcias\",\"item\":\"https:\/\/www.suno.com.br\/noticias\/\"},{\"@type\":\"ListItem\",\"position\":2,\"name\":\"Mercado\",\"item\":\"https:\/\/www.suno.com.br\/noticias\/mercado\/\"},{\"@type\":\"ListItem\",\"position\":3,\"name\":\"D\u00f3lar fecha em queda de -1,05% ap\u00f3s aprova\u00e7\u00e3o da Previd\u00eancia\"}]},{\"@type\":\"WebSite\",\"@id\":\"https:\/\/www.suno.com.br\/noticias\/#website\",\"url\":\"https:\/\/www.suno.com.br\/noticias\/\",\"name\":\"Suno Not\u00edcias\",\"description\":\"Seu portal de informa\u00e7\u00e3o sobre o mundo dos investimentos\",\"publisher\":{\"@id\":\"https:\/\/www.suno.com.br\/noticias\/#organization\"},\"potentialAction\":[{\"@type\":\"SearchAction\",\"target\":{\"@type\":\"EntryPoint\",\"urlTemplate\":\"https:\/\/www.suno.com.br\/noticias\/?s={search_term_string}\"},\"query-input\":{\"@type\":\"PropertyValueSpecification\",\"valueRequired\":true,\"valueName\":\"search_term_string\"}}],\"inLanguage\":\"pt-BR\"},{\"@type\":\"Organization\",\"@id\":\"https:\/\/www.suno.com.br\/noticias\/#organization\",\"name\":\"Suno Not\u00edcias\",\"url\":\"https:\/\/www.suno.com.br\/noticias\/\",\"logo\":{\"@type\":\"ImageObject\",\"inLanguage\":\"pt-BR\",\"@id\":\"https:\/\/www.suno.com.br\/noticias\/#\/schema\/logo\/image\/\",\"url\":\"https:\/\/files.sunoresearch.com.br\/n\/uploads\/2021\/09\/suno-logo.png\",\"contentUrl\":\"https:\/\/files.sunoresearch.com.br\/n\/uploads\/2021\/09\/suno-logo.png\",\"width\":180,\"height\":180,\"caption\":\"Suno Not\u00edcias\"},\"image\":{\"@id\":\"https:\/\/www.suno.com.br\/noticias\/#\/schema\/logo\/image\/\"},\"sameAs\":[\"https:\/\/facebook.com\/sunoresearch\",\"https:\/\/x.com\/sunoresearch\",\"https:\/\/www.instagram.com\/suno\",\"https:\/\/www.linkedin.com\/company\/suno-research\/\",\"https:\/\/www.youtube.com\/c\/sunoresearch\"]},{\"@type\":\"Person\",\"@id\":\"https:\/\/www.suno.com.br\/noticias\/#\/schema\/person\/098743caeed97b37f51315c9576c4078\",\"name\":\"Rafael Lara\",\"image\":{\"@type\":\"ImageObject\",\"inLanguage\":\"pt-BR\",\"@id\":\"https:\/\/www.suno.com.br\/noticias\/#\/schema\/person\/image\/\",\"url\":\"https:\/\/secure.gravatar.com\/avatar\/dfc254ab9bb2ea1895d98b9e9dae4bdd?s=96&r=g\",\"contentUrl\":\"https:\/\/secure.gravatar.com\/avatar\/dfc254ab9bb2ea1895d98b9e9dae4bdd?s=96&r=g\",\"caption\":\"Rafael Lara\"},\"description\":\"Rafael Lara cursa jornalismo na Faculdade C\u00e1sper L\u00edbero. Escreve sobre pol\u00edtica, economia e neg\u00f3cios para o portal Suno Not\u00edcias. Antes, colaborou na TV Gazeta na produ\u00e7\u00e3o do programa Edi\u00e7\u00e3o Extra.\",\"url\":\"https:\/\/www.suno.com.br\/noticias\/author\/rafael\/\"}]}<\/script>\n<!-- \/ Yoast SEO plugin. -->","yoast_head_json":{"title":"D\u00f3lar fecha em queda de -1,05% ap\u00f3s Brasil amea\u00e7ar deixar Mercosul","description":"O d\u00f3lar fechou em queda de -1,05% sendo vendido a R$ 4,0329 ap\u00f3s o Brasil amea\u00e7ar deixar o Mercosul. Clique aqui para saber mais.","robots":{"index":"index","follow":"follow","max-snippet":"max-snippet:-1","max-image-preview":"max-image-preview:large","max-video-preview":"max-video-preview:-1"},"canonical":"https:\/\/www.suno.com.br\/noticias\/dolar-queda-brasil-ameacar-mercosul-23102019\/","og_locale":"pt_BR","og_type":"article","og_title":"D\u00f3lar fecha em queda de -1,05% ap\u00f3s Brasil amea\u00e7ar deixar Mercosul","og_description":"O d\u00f3lar fechou em queda de -1,05% sendo vendido a R$ 4,0329 ap\u00f3s o Brasil amea\u00e7ar deixar o Mercosul. Clique aqui para saber mais.","og_url":"https:\/\/www.suno.com.br\/noticias\/dolar-queda-brasil-ameacar-mercosul-23102019\/","og_site_name":"Suno Not\u00edcias","article_publisher":"https:\/\/facebook.com\/sunoresearch","og_image":[{"width":640,"height":370,"url":"https:\/\/files.sunoresearch.com.br\/n\/uploads\/2019\/06\/5da068bf-dolarr.jpg","type":"image\/jpeg"}],"author":"Rafael Lara","twitter_card":"summary_large_image","twitter_creator":"@sunoresearch","twitter_site":"@sunoresearch","twitter_misc":{"Escrito por":"Rafael Lara","Est. tempo de leitura":"4 minutos"},"schema":{"@context":"https:\/\/schema.org","@graph":[{"@type":"NewsArticle","@id":"https:\/\/www.suno.com.br\/noticias\/dolar-queda-brasil-ameacar-mercosul-23102019\/#article","isPartOf":{"@id":"https:\/\/www.suno.com.br\/noticias\/dolar-queda-brasil-ameacar-mercosul-23102019\/"},"author":{"name":"Rafael Lara","@id":"https:\/\/www.suno.com.br\/noticias\/#\/schema\/person\/098743caeed97b37f51315c9576c4078"},"headline":"D\u00f3lar fecha em queda de -1,05% ap\u00f3s aprova\u00e7\u00e3o da Previd\u00eancia","datePublished":"2019-10-23T20:56:58+00:00","dateModified":"2019-10-23T21:49:59+00:00","mainEntityOfPage":{"@id":"https:\/\/www.suno.com.br\/noticias\/dolar-queda-brasil-ameacar-mercosul-23102019\/"},"wordCount":724,"publisher":{"@id":"https:\/\/www.suno.com.br\/noticias\/#organization"},"image":{"@id":"https:\/\/www.suno.com.br\/noticias\/dolar-queda-brasil-ameacar-mercosul-23102019\/#primaryimage"},"thumbnailUrl":"https:\/\/files.sunoresearch.com.br\/n\/uploads\/2019\/06\/5da068bf-dolarr-jpg.webp","keywords":["d\u00f3lar","Mercosul","Paulo Guedes","Previd\u00eancia Social"],"articleSection":["Mercado"],"inLanguage":"pt-BR"},{"@type":"WebPage","@id":"https:\/\/www.suno.com.br\/noticias\/dolar-queda-brasil-ameacar-mercosul-23102019\/","url":"https:\/\/www.suno.com.br\/noticias\/dolar-queda-brasil-ameacar-mercosul-23102019\/","name":"D\u00f3lar fecha em queda de -1,05% ap\u00f3s Brasil amea\u00e7ar deixar Mercosul","isPartOf":{"@id":"https:\/\/www.suno.com.br\/noticias\/#website"},"primaryImageOfPage":{"@id":"https:\/\/www.suno.com.br\/noticias\/dolar-queda-brasil-ameacar-mercosul-23102019\/#primaryimage"},"image":{"@id":"https:\/\/www.suno.com.br\/noticias\/dolar-queda-brasil-ameacar-mercosul-23102019\/#primaryimage"},"thumbnailUrl":"https:\/\/files.sunoresearch.com.br\/n\/uploads\/2019\/06\/5da068bf-dolarr-jpg.webp","datePublished":"2019-10-23T20:56:58+00:00","dateModified":"2019-10-23T21:49:59+00:00","description":"O d\u00f3lar fechou em queda de -1,05% sendo vendido a R$ 4,0329 ap\u00f3s o Brasil amea\u00e7ar deixar o Mercosul. Clique aqui para saber mais.","breadcrumb":{"@id":"https:\/\/www.suno.com.br\/noticias\/dolar-queda-brasil-ameacar-mercosul-23102019\/#breadcrumb"},"inLanguage":"pt-BR","potentialAction":[{"@type":"ReadAction","target":["https:\/\/www.suno.com.br\/noticias\/dolar-queda-brasil-ameacar-mercosul-23102019\/"]}]},{"@type":"ImageObject","inLanguage":"pt-BR","@id":"https:\/\/www.suno.com.br\/noticias\/dolar-queda-brasil-ameacar-mercosul-23102019\/#primaryimage","url":"https:\/\/files.sunoresearch.com.br\/n\/uploads\/2019\/06\/5da068bf-dolarr-jpg.webp","contentUrl":"https:\/\/files.sunoresearch.com.br\/n\/uploads\/2019\/06\/5da068bf-dolarr-jpg.webp","width":640,"height":370,"caption":"No dia anterior, o d\u00f3lar encerrou em alta de 1,43%, a R$ 5,7630"},{"@type":"BreadcrumbList","@id":"https:\/\/www.suno.com.br\/noticias\/dolar-queda-brasil-ameacar-mercosul-23102019\/#breadcrumb","itemListElement":[{"@type":"ListItem","position":1,"name":"Not\u00edcias","item":"https:\/\/www.suno.com.br\/noticias\/"},{"@type":"ListItem","position":2,"name":"Mercado","item":"https:\/\/www.suno.com.br\/noticias\/mercado\/"},{"@type":"ListItem","position":3,"name":"D\u00f3lar fecha em queda de -1,05% ap\u00f3s aprova\u00e7\u00e3o da Previd\u00eancia"}]},{"@type":"WebSite","@id":"https:\/\/www.suno.com.br\/noticias\/#website","url":"https:\/\/www.suno.com.br\/noticias\/","name":"Suno Not\u00edcias","description":"Seu portal de informa\u00e7\u00e3o sobre o mundo dos investimentos","publisher":{"@id":"https:\/\/www.suno.com.br\/noticias\/#organization"},"potentialAction":[{"@type":"SearchAction","target":{"@type":"EntryPoint","urlTemplate":"https:\/\/www.suno.com.br\/noticias\/?s={search_term_string}"},"query-input":{"@type":"PropertyValueSpecification","valueRequired":true,"valueName":"search_term_string"}}],"inLanguage":"pt-BR"},{"@type":"Organization","@id":"https:\/\/www.suno.com.br\/noticias\/#organization","name":"Suno Not\u00edcias","url":"https:\/\/www.suno.com.br\/noticias\/","logo":{"@type":"ImageObject","inLanguage":"pt-BR","@id":"https:\/\/www.suno.com.br\/noticias\/#\/schema\/logo\/image\/","url":"https:\/\/files.sunoresearch.com.br\/n\/uploads\/2021\/09\/suno-logo.png","contentUrl":"https:\/\/files.sunoresearch.com.br\/n\/uploads\/2021\/09\/suno-logo.png","width":180,"height":180,"caption":"Suno Not\u00edcias"},"image":{"@id":"https:\/\/www.suno.com.br\/noticias\/#\/schema\/logo\/image\/"},"sameAs":["https:\/\/facebook.com\/sunoresearch","https:\/\/x.com\/sunoresearch","https:\/\/www.instagram.com\/suno","https:\/\/www.linkedin.com\/company\/suno-research\/","https:\/\/www.youtube.com\/c\/sunoresearch"]},{"@type":"Person","@id":"https:\/\/www.suno.com.br\/noticias\/#\/schema\/person\/098743caeed97b37f51315c9576c4078","name":"Rafael Lara","image":{"@type":"ImageObject","inLanguage":"pt-BR","@id":"https:\/\/www.suno.com.br\/noticias\/#\/schema\/person\/image\/","url":"https:\/\/secure.gravatar.com\/avatar\/dfc254ab9bb2ea1895d98b9e9dae4bdd?s=96&r=g","contentUrl":"https:\/\/secure.gravatar.com\/avatar\/dfc254ab9bb2ea1895d98b9e9dae4bdd?s=96&r=g","caption":"Rafael Lara"},"description":"Rafael Lara cursa jornalismo na Faculdade C\u00e1sper L\u00edbero. Escreve sobre pol\u00edtica, economia e neg\u00f3cios para o portal Suno Not\u00edcias. Antes, colaborou na TV Gazeta na produ\u00e7\u00e3o do programa Edi\u00e7\u00e3o Extra.","url":"https:\/\/www.suno.com.br\/noticias\/author\/rafael\/"}]}},"default_loop_html":"<div class=\"cardsPage__listCard__boxs\"><div class=\"cardsPage__listCard__boxs__img\"><a href=\"https:\/\/www.suno.com.br\/noticias\/dolar-queda-brasil-ameacar-mercosul-23102019\/\"><img class=\"mask\" src=\"https:\/\/www.suno.com.br\/noticias\/wp-content\/themes\/suno\/resources\/images\/spotlight\/spotlight1img\/bg-mask.png\" alt=\"Image Mask\"\/><img src=\"https:\/\/files.sunoresearch.com.br\/n\/uploads\/2019\/06\/5da068bf-dolarr-400x200.webp\" alt=\"D\u00f3lar fecha em queda de -1,05% ap\u00f3s aprova\u00e7\u00e3o da Previd\u00eancia\"\/><\/a><span class=\"spotlightCategory\"><a href=\"https:\/\/www.suno.com.br\/noticias\/mercado\/\">Mercado<\/a><\/span><\/div><div class=\"cardsPage__listCard__boxs__content\"><a href=\"https:\/\/www.suno.com.br\/noticias\/dolar-queda-brasil-ameacar-mercosul-23102019\/\"><h2 class=\"content__title\">D\u00f3lar fecha em queda de -1,05% ap\u00f3s aprova\u00e7\u00e3o da Previd\u00eancia<\/h2><\/a><div class=\"newsContent__article__meta\"><div class=\"newsContent__article__meta__authorBox\"><a href=\"https:\/\/www.suno.com.br\/noticias\/author\/rafael\/\" class=\"authorBox__avatar noMobi\"><img src=\"https:\/\/secure.gravatar.com\/avatar\/dfc254ab9bb2ea1895d98b9e9dae4bdd?s=96&#038;r=g\" alt=\"Rafael Lara\"><\/a><div class=\"authorBox__name\"><span>por\n\t\t\t<a href=\"https:\/\/www.suno.com.br\/noticias\/author\/rafael\/\"><span itemprop=\"author\">Rafael Lara<\/span><\/a><\/span><time datetime=\"2019-10-23T18:56:58-03:00\" itemprop=\"datePublished\">23\/10\/2019 18:56<\/time><\/div><\/div><\/div><\/div><\/div>","single_layout":"posts","amp_enabled":true,"_links":{"self":[{"href":"https:\/\/www.suno.com.br\/noticias\/wp-json\/wp\/v2\/posts\/42151"}],"collection":[{"href":"https:\/\/www.suno.com.br\/noticias\/wp-json\/wp\/v2\/posts"}],"about":[{"href":"https:\/\/www.suno.com.br\/noticias\/wp-json\/wp\/v2\/types\/post"}],"author":[{"embeddable":true,"href":"https:\/\/www.suno.com.br\/noticias\/wp-json\/wp\/v2\/users\/23"}],"replies":[{"embeddable":true,"href":"https:\/\/www.suno.com.br\/noticias\/wp-json\/wp\/v2\/comments?post=42151"}],"version-history":[{"count":0,"href":"https:\/\/www.suno.com.br\/noticias\/wp-json\/wp\/v2\/posts\/42151\/revisions"}],"wp:featuredmedia":[{"embeddable":true,"href":"https:\/\/www.suno.com.br\/noticias\/wp-json\/wp\/v2\/media\/28097"}],"wp:attachment":[{"href":"https:\/\/www.suno.com.br\/noticias\/wp-json\/wp\/v2\/media?parent=42151"}],"wp:term":[{"taxonomy":"category","embeddable":true,"href":"https:\/\/www.suno.com.br\/noticias\/wp-json\/wp\/v2\/categories?post=42151"},{"taxonomy":"post_tag","embeddable":true,"href":"https:\/\/www.suno.com.br\/noticias\/wp-json\/wp\/v2\/tags?post=42151"},{"taxonomy":"suno_strategy","embeddable":true,"href":"https:\/\/www.suno.com.br\/noticias\/wp-json\/wp\/v2\/suno_strategy?post=42151"}],"curies":[{"name":"wp","href":"https:\/\/api.w.org\/{rel}","templated":true}]}}