{"id":42141,"date":"2019-10-23T18:34:48","date_gmt":"2019-10-23T20:34:48","guid":{"rendered":"https:\/\/www.suno.com.br\/noticias\/?p=42141"},"modified":"2021-06-24T16:19:05","modified_gmt":"2021-06-24T19:19:05","slug":"banco-digital-n26-lancado-brasil-2020","status":"publish","type":"post","link":"https:\/\/www.suno.com.br\/noticias\/banco-digital-n26-lancado-brasil-2020\/","title":{"rendered":"Banco digital N26 pretende ser lan\u00e7ado no Brasil at\u00e9 2020, diz jornal"},"content":{"rendered":"<p>O banco digital alem\u00e3o <a href=\"https:\/\/www.suno.com.br\/noticias\/tags\/n26\/\">N26<\/a> pretende ser lan\u00e7ado no <strong>Brasil<\/strong> a partir de 2020, o modelo de oferta juntaria conta digital e produtos pr\u00f3prios ou de parceiros. A not\u00edcia foi divulgada, nesta quarta-feira (23), pelo jornal &#8220;Valor Econ\u00f4mico&#8221; em entrevista com <strong>Eduardo Prota<\/strong>, o respons\u00e1vel pelas opera\u00e7\u00f5es do banco no pa\u00eds.<\/p>\t<div class=\"wrapper-featured-image\">\n\t\t<figure class=\"spotlightImg\">\n\n\t\t\t<picture>\n\t\t\t\t<source media=\"(max-width: 768px)\" srcset=\"https:\/\/files.sunoresearch.com.br\/n\/uploads\/2019\/10\/c070f2ab-n26-400x200.webp\">\n\t\t\t\t<img loading=\"lazy\" decoding=\"async\" class=\"newsContent__article__imgCapa lazyloadDisabled newsContent__article__imgCapa--noCaption\" src=\"https:\/\/files.sunoresearch.com.br\/n\/uploads\/2019\/10\/c070f2ab-n26-jpg.webp\" width=\"800\" height=\"450\" alt=\"Banco digital N26 pretende ser lan\u00e7ado no Brasil at\u00e9 2020, diz jornal\" fetchpriority=high \/>\n\t\t\t<\/picture>\n\n\t\t\t<figcaption class=\"wp-caption-text wp-caption-text--hide\">Banco digital N26 pretende ser lan\u00e7ado no Brasil at\u00e9 2020, diz jornal<\/figcaption>\n\t\t<\/figure>\n\t<\/div>\n\n\n\n<p>De acordo com o jornal, o executivo da <strong>N26<\/strong> disse que: \u201cO mais importante hoje \u00e9 como fazer a vida financeira do cliente ser melhor e, onde fizer sentido, eu fa\u00e7o isso diretamente; onde n\u00e3o fizer sentido, eu fecho parcerias&#8221;.<\/p>\n<p>O respons\u00e1vel pelas opera\u00e7\u00f5es do banco <strong>N26<\/strong> no <strong>Brasil<\/strong> tamb\u00e9m afirmou que, no in\u00edcio, a institui\u00e7\u00e3o financeira oferecer\u00e1 uma conta digital com diferentes tipos de assinatura somente para consumidores pessoas f\u00edsicas. No aplicativo, haver\u00e3o formas f\u00e1ceis de abrir subcontas, os &#8220;<strong>spaces<\/strong>&#8220;<strong>.<\/strong> Al\u00e9m disso, com o decorrer do tempo, oferecer\u00e3o cr\u00e9dito e investimentos aos clientes.<\/p>\n\t<p>\n\t\t<a href=\"https:\/\/www.seculus.com.br\/blackfriday\" target=\"_blank\" data-element=\"shortcode-suno-banner\" title=\"Banner SUNO, clique e saiba mais\">\n\t\t\t<picture>\n\t\t\t\t<source media=\"(max-width: 500px)\" srcset=\"https:\/\/files.sunoresearch.com.br\/n\/uploads\/2023\/11\/seculus_suno_mobile_2.jpg\">\n\t\t\t\t<img class=\"newsContent__article__imgCapa newsContent__article__imgCapa--banner\"\n\t\t\t\t\tsrc=\"https:\/\/files.sunoresearch.com.br\/n\/uploads\/2023\/11\/seculus_suno_desktop_2.jpg\"\n\t\t\t\t\tdata-promo-id=\"474123\"\t\t\t\t\t\t\t\t\t\twidth='1420' height='240'\t\t\t\t\talt=\"https:\/\/files.sunoresearch.com.br\/n\/uploads\/2023\/11\/seculus_suno_desktop_2.jpg\"\n\t\t\t\t>\n\t\t\t<\/picture>\n\t\t<\/a>\n\t<\/p>\n\n\n<p>\u201cQueremos melhorar a rela\u00e7\u00e3o do brasileiro com o dinheiro e, para isso, n\u00e3o precisamos necessariamente ser um banco completo. Os n\u00e3o completos s\u00e3o mais amados aqui no Brasil, porque os bancos completos t\u00eam briga para for\u00e7ar que um produto seja lan\u00e7ado, vendo o cliente muito mais como comprador de produto do que como algu\u00e9m que cria valor ao neg\u00f3cio&#8221;, afirmou <strong>Prota<\/strong> ao jornal.<\/p>\n<h2>Hist\u00f3rico do N26<\/h2>\n<p>O banco <strong>N26<\/strong> operava inicialmente como uma plataforma da <strong>Wirecard<\/strong> e recebeu licen\u00e7a do <a href=\"https:\/\/www.suno.com.br\/artigos\/bce\/\"><strong>Banco Central Europeu <\/strong>(<strong>BCE<\/strong>)<\/a> e do <strong>BC alem\u00e3o<\/strong> em julho de 2016. Ap\u00f3s isso, realizou tr\u00eas rodadas de investimentos que chegaram a, aproximadamente, US$ 500 milh\u00f5es. Os investimentos inclu\u00edram fundos como:<\/p>\n<ul>\n<li><strong>Valar Ventures<\/strong> (um dos cofundadores \u00e9 <strong>Peter Thiel,<\/strong> criador do <strong>PayPal<\/strong>);<\/li>\n<li><strong>Tencent;<\/strong><\/li>\n<li><strong>Allianz;<\/strong><\/li>\n<li><strong>Insight Venture Partners;<\/strong><\/li>\n<li>Fundo soberano de <strong>Cingapura.<\/strong><\/li>\n<\/ul>\n<p>No Brasil, o banco <strong>N26<\/strong> j\u00e1 organizou um time de 15 pessoas, globalmente, esse n\u00famero passa de 1 mil. A institui\u00e7\u00e3o j\u00e1 chegou a 4,5 milh\u00f5es de clientes em 25 mercados desde seu lan\u00e7amento em 2015.<\/p>\n","protected":false},"excerpt":{"rendered":"<p>O banco digital alem\u00e3o N26 pretende ser lan\u00e7ado no Brasil a partir de 2020, o modelo de oferta juntaria conta digital e produtos pr\u00f3prios ou de parceiros. A not\u00edcia foi divulgada, nesta quarta-feira (23), pelo jornal &#8220;Valor Econ\u00f4mico&#8221; em entrevista com Eduardo Prota, o respons\u00e1vel pelas opera\u00e7\u00f5es do banco no pa\u00eds. Banco digital N26 pretende [&hellip;]<\/p>\n","protected":false},"author":23,"featured_media":42147,"comment_status":"closed","ping_status":"closed","sticky":false,"template":"","format":"standard","meta":[],"categories":[64],"tags":[1840,1201],"suno_strategy":[],"class_list":["post-42141","post","type-post","status-publish","format-standard","has-post-thumbnail","hentry","category-negocios","tag-bancos-digitais","tag-n26"],"yoast_head":"<!-- This site is optimized with the Yoast SEO plugin v24.4 - https:\/\/yoast.com\/wordpress\/plugins\/seo\/ -->\n<title>Banco digital N26 pretende ser lan\u00e7ado no Brasil at\u00e9 2020, diz jornal<\/title>\n<meta name=\"description\" content=\"O N26 pretende ser lan\u00e7ado no Brasil a partir de 2020, juntando conta digital e produtos pr\u00f3prios ou de parceiros. Clique para mais.\" \/>\n<meta name=\"robots\" content=\"index, follow, max-snippet:-1, max-image-preview:large, max-video-preview:-1\" \/>\n<link rel=\"canonical\" href=\"https:\/\/www.suno.com.br\/noticias\/banco-digital-n26-lancado-brasil-2020\/\" \/>\n<meta property=\"og:locale\" content=\"pt_BR\" \/>\n<meta property=\"og:type\" content=\"article\" \/>\n<meta property=\"og:title\" content=\"Banco digital N26 pretende ser lan\u00e7ado no Brasil at\u00e9 2020, diz jornal\" \/>\n<meta property=\"og:description\" content=\"O N26 pretende ser lan\u00e7ado no Brasil a partir de 2020, juntando conta digital e produtos pr\u00f3prios ou de parceiros. Clique para mais.\" \/>\n<meta property=\"og:url\" content=\"https:\/\/www.suno.com.br\/noticias\/banco-digital-n26-lancado-brasil-2020\/\" \/>\n<meta property=\"og:site_name\" content=\"Suno Not\u00edcias\" \/>\n<meta property=\"article:publisher\" content=\"https:\/\/facebook.com\/sunoresearch\" \/>\n<meta property=\"og:image\" content=\"https:\/\/files.sunoresearch.com.br\/n\/uploads\/2019\/10\/c070f2ab-n26.jpg\" \/>\n\t<meta property=\"og:image:width\" content=\"739\" \/>\n\t<meta property=\"og:image:height\" content=\"415\" \/>\n\t<meta property=\"og:image:type\" content=\"image\/jpeg\" \/>\n<meta name=\"author\" content=\"Rafael Lara\" \/>\n<meta name=\"twitter:card\" content=\"summary_large_image\" \/>\n<meta name=\"twitter:creator\" content=\"@sunoresearch\" \/>\n<meta name=\"twitter:site\" content=\"@sunoresearch\" \/>\n<meta name=\"twitter:label1\" content=\"Escrito por\" \/>\n\t<meta name=\"twitter:data1\" content=\"Rafael Lara\" \/>\n\t<meta name=\"twitter:label2\" content=\"Est. tempo de leitura\" \/>\n\t<meta name=\"twitter:data2\" content=\"2 minutos\" \/>\n<script type=\"application\/ld+json\" class=\"yoast-schema-graph\">{\"@context\":\"https:\/\/schema.org\",\"@graph\":[{\"@type\":\"NewsArticle\",\"@id\":\"https:\/\/www.suno.com.br\/noticias\/banco-digital-n26-lancado-brasil-2020\/#article\",\"isPartOf\":{\"@id\":\"https:\/\/www.suno.com.br\/noticias\/banco-digital-n26-lancado-brasil-2020\/\"},\"author\":{\"name\":\"Rafael Lara\",\"@id\":\"https:\/\/www.suno.com.br\/noticias\/#\/schema\/person\/098743caeed97b37f51315c9576c4078\"},\"headline\":\"Banco digital N26 pretende ser lan\u00e7ado no Brasil at\u00e9 2020, diz jornal\",\"datePublished\":\"2019-10-23T20:34:48+00:00\",\"dateModified\":\"2021-06-24T19:19:05+00:00\",\"mainEntityOfPage\":{\"@id\":\"https:\/\/www.suno.com.br\/noticias\/banco-digital-n26-lancado-brasil-2020\/\"},\"wordCount\":359,\"publisher\":{\"@id\":\"https:\/\/www.suno.com.br\/noticias\/#organization\"},\"image\":{\"@id\":\"https:\/\/www.suno.com.br\/noticias\/banco-digital-n26-lancado-brasil-2020\/#primaryimage\"},\"thumbnailUrl\":\"https:\/\/files.sunoresearch.com.br\/n\/uploads\/2019\/10\/c070f2ab-n26-jpg.webp\",\"keywords\":[\"bancos digitais\",\"N26\"],\"articleSection\":[\"Neg\u00f3cios\"],\"inLanguage\":\"pt-BR\"},{\"@type\":\"WebPage\",\"@id\":\"https:\/\/www.suno.com.br\/noticias\/banco-digital-n26-lancado-brasil-2020\/\",\"url\":\"https:\/\/www.suno.com.br\/noticias\/banco-digital-n26-lancado-brasil-2020\/\",\"name\":\"Banco digital N26 pretende ser lan\u00e7ado no Brasil at\u00e9 2020, diz jornal\",\"isPartOf\":{\"@id\":\"https:\/\/www.suno.com.br\/noticias\/#website\"},\"primaryImageOfPage\":{\"@id\":\"https:\/\/www.suno.com.br\/noticias\/banco-digital-n26-lancado-brasil-2020\/#primaryimage\"},\"image\":{\"@id\":\"https:\/\/www.suno.com.br\/noticias\/banco-digital-n26-lancado-brasil-2020\/#primaryimage\"},\"thumbnailUrl\":\"https:\/\/files.sunoresearch.com.br\/n\/uploads\/2019\/10\/c070f2ab-n26-jpg.webp\",\"datePublished\":\"2019-10-23T20:34:48+00:00\",\"dateModified\":\"2021-06-24T19:19:05+00:00\",\"description\":\"O N26 pretende ser lan\u00e7ado no Brasil a partir de 2020, juntando conta digital e produtos pr\u00f3prios ou de parceiros. Clique para mais.\",\"breadcrumb\":{\"@id\":\"https:\/\/www.suno.com.br\/noticias\/banco-digital-n26-lancado-brasil-2020\/#breadcrumb\"},\"inLanguage\":\"pt-BR\",\"potentialAction\":[{\"@type\":\"ReadAction\",\"target\":[\"https:\/\/www.suno.com.br\/noticias\/banco-digital-n26-lancado-brasil-2020\/\"]}]},{\"@type\":\"ImageObject\",\"inLanguage\":\"pt-BR\",\"@id\":\"https:\/\/www.suno.com.br\/noticias\/banco-digital-n26-lancado-brasil-2020\/#primaryimage\",\"url\":\"https:\/\/files.sunoresearch.com.br\/n\/uploads\/2019\/10\/c070f2ab-n26-jpg.webp\",\"contentUrl\":\"https:\/\/files.sunoresearch.com.br\/n\/uploads\/2019\/10\/c070f2ab-n26-jpg.webp\",\"width\":739,\"height\":415,\"caption\":\"Banco digital N26 pretende ser lan\u00e7ado no Brasil at\u00e9 2020, diz jornal\"},{\"@type\":\"BreadcrumbList\",\"@id\":\"https:\/\/www.suno.com.br\/noticias\/banco-digital-n26-lancado-brasil-2020\/#breadcrumb\",\"itemListElement\":[{\"@type\":\"ListItem\",\"position\":1,\"name\":\"Not\u00edcias\",\"item\":\"https:\/\/www.suno.com.br\/noticias\/\"},{\"@type\":\"ListItem\",\"position\":2,\"name\":\"Neg\u00f3cios\",\"item\":\"https:\/\/www.suno.com.br\/noticias\/negocios\/\"},{\"@type\":\"ListItem\",\"position\":3,\"name\":\"Banco digital N26 pretende ser lan\u00e7ado no Brasil at\u00e9 2020, diz jornal\"}]},{\"@type\":\"WebSite\",\"@id\":\"https:\/\/www.suno.com.br\/noticias\/#website\",\"url\":\"https:\/\/www.suno.com.br\/noticias\/\",\"name\":\"Suno Not\u00edcias\",\"description\":\"Seu portal de informa\u00e7\u00e3o sobre o mundo dos investimentos\",\"publisher\":{\"@id\":\"https:\/\/www.suno.com.br\/noticias\/#organization\"},\"potentialAction\":[{\"@type\":\"SearchAction\",\"target\":{\"@type\":\"EntryPoint\",\"urlTemplate\":\"https:\/\/www.suno.com.br\/noticias\/?s={search_term_string}\"},\"query-input\":{\"@type\":\"PropertyValueSpecification\",\"valueRequired\":true,\"valueName\":\"search_term_string\"}}],\"inLanguage\":\"pt-BR\"},{\"@type\":\"Organization\",\"@id\":\"https:\/\/www.suno.com.br\/noticias\/#organization\",\"name\":\"Suno Not\u00edcias\",\"url\":\"https:\/\/www.suno.com.br\/noticias\/\",\"logo\":{\"@type\":\"ImageObject\",\"inLanguage\":\"pt-BR\",\"@id\":\"https:\/\/www.suno.com.br\/noticias\/#\/schema\/logo\/image\/\",\"url\":\"https:\/\/files.sunoresearch.com.br\/n\/uploads\/2021\/09\/suno-logo.png\",\"contentUrl\":\"https:\/\/files.sunoresearch.com.br\/n\/uploads\/2021\/09\/suno-logo.png\",\"width\":180,\"height\":180,\"caption\":\"Suno Not\u00edcias\"},\"image\":{\"@id\":\"https:\/\/www.suno.com.br\/noticias\/#\/schema\/logo\/image\/\"},\"sameAs\":[\"https:\/\/facebook.com\/sunoresearch\",\"https:\/\/x.com\/sunoresearch\",\"https:\/\/www.instagram.com\/suno\",\"https:\/\/www.linkedin.com\/company\/suno-research\/\",\"https:\/\/www.youtube.com\/c\/sunoresearch\"]},{\"@type\":\"Person\",\"@id\":\"https:\/\/www.suno.com.br\/noticias\/#\/schema\/person\/098743caeed97b37f51315c9576c4078\",\"name\":\"Rafael Lara\",\"image\":{\"@type\":\"ImageObject\",\"inLanguage\":\"pt-BR\",\"@id\":\"https:\/\/www.suno.com.br\/noticias\/#\/schema\/person\/image\/\",\"url\":\"https:\/\/secure.gravatar.com\/avatar\/dfc254ab9bb2ea1895d98b9e9dae4bdd?s=96&r=g\",\"contentUrl\":\"https:\/\/secure.gravatar.com\/avatar\/dfc254ab9bb2ea1895d98b9e9dae4bdd?s=96&r=g\",\"caption\":\"Rafael Lara\"},\"description\":\"Rafael Lara cursa jornalismo na Faculdade C\u00e1sper L\u00edbero. Escreve sobre pol\u00edtica, economia e neg\u00f3cios para o portal Suno Not\u00edcias. Antes, colaborou na TV Gazeta na produ\u00e7\u00e3o do programa Edi\u00e7\u00e3o Extra.\",\"url\":\"https:\/\/www.suno.com.br\/noticias\/author\/rafael\/\"}]}<\/script>\n<!-- \/ Yoast SEO plugin. -->","yoast_head_json":{"title":"Banco digital N26 pretende ser lan\u00e7ado no Brasil at\u00e9 2020, diz jornal","description":"O N26 pretende ser lan\u00e7ado no Brasil a partir de 2020, juntando conta digital e produtos pr\u00f3prios ou de parceiros. Clique para mais.","robots":{"index":"index","follow":"follow","max-snippet":"max-snippet:-1","max-image-preview":"max-image-preview:large","max-video-preview":"max-video-preview:-1"},"canonical":"https:\/\/www.suno.com.br\/noticias\/banco-digital-n26-lancado-brasil-2020\/","og_locale":"pt_BR","og_type":"article","og_title":"Banco digital N26 pretende ser lan\u00e7ado no Brasil at\u00e9 2020, diz jornal","og_description":"O N26 pretende ser lan\u00e7ado no Brasil a partir de 2020, juntando conta digital e produtos pr\u00f3prios ou de parceiros. Clique para mais.","og_url":"https:\/\/www.suno.com.br\/noticias\/banco-digital-n26-lancado-brasil-2020\/","og_site_name":"Suno Not\u00edcias","article_publisher":"https:\/\/facebook.com\/sunoresearch","og_image":[{"width":739,"height":415,"url":"https:\/\/files.sunoresearch.com.br\/n\/uploads\/2019\/10\/c070f2ab-n26.jpg","type":"image\/jpeg"}],"author":"Rafael Lara","twitter_card":"summary_large_image","twitter_creator":"@sunoresearch","twitter_site":"@sunoresearch","twitter_misc":{"Escrito por":"Rafael Lara","Est. tempo de leitura":"2 minutos"},"schema":{"@context":"https:\/\/schema.org","@graph":[{"@type":"NewsArticle","@id":"https:\/\/www.suno.com.br\/noticias\/banco-digital-n26-lancado-brasil-2020\/#article","isPartOf":{"@id":"https:\/\/www.suno.com.br\/noticias\/banco-digital-n26-lancado-brasil-2020\/"},"author":{"name":"Rafael Lara","@id":"https:\/\/www.suno.com.br\/noticias\/#\/schema\/person\/098743caeed97b37f51315c9576c4078"},"headline":"Banco digital N26 pretende ser lan\u00e7ado no Brasil at\u00e9 2020, diz jornal","datePublished":"2019-10-23T20:34:48+00:00","dateModified":"2021-06-24T19:19:05+00:00","mainEntityOfPage":{"@id":"https:\/\/www.suno.com.br\/noticias\/banco-digital-n26-lancado-brasil-2020\/"},"wordCount":359,"publisher":{"@id":"https:\/\/www.suno.com.br\/noticias\/#organization"},"image":{"@id":"https:\/\/www.suno.com.br\/noticias\/banco-digital-n26-lancado-brasil-2020\/#primaryimage"},"thumbnailUrl":"https:\/\/files.sunoresearch.com.br\/n\/uploads\/2019\/10\/c070f2ab-n26-jpg.webp","keywords":["bancos digitais","N26"],"articleSection":["Neg\u00f3cios"],"inLanguage":"pt-BR"},{"@type":"WebPage","@id":"https:\/\/www.suno.com.br\/noticias\/banco-digital-n26-lancado-brasil-2020\/","url":"https:\/\/www.suno.com.br\/noticias\/banco-digital-n26-lancado-brasil-2020\/","name":"Banco digital N26 pretende ser lan\u00e7ado no Brasil at\u00e9 2020, diz jornal","isPartOf":{"@id":"https:\/\/www.suno.com.br\/noticias\/#website"},"primaryImageOfPage":{"@id":"https:\/\/www.suno.com.br\/noticias\/banco-digital-n26-lancado-brasil-2020\/#primaryimage"},"image":{"@id":"https:\/\/www.suno.com.br\/noticias\/banco-digital-n26-lancado-brasil-2020\/#primaryimage"},"thumbnailUrl":"https:\/\/files.sunoresearch.com.br\/n\/uploads\/2019\/10\/c070f2ab-n26-jpg.webp","datePublished":"2019-10-23T20:34:48+00:00","dateModified":"2021-06-24T19:19:05+00:00","description":"O N26 pretende ser lan\u00e7ado no Brasil a partir de 2020, juntando conta digital e produtos pr\u00f3prios ou de parceiros. Clique para mais.","breadcrumb":{"@id":"https:\/\/www.suno.com.br\/noticias\/banco-digital-n26-lancado-brasil-2020\/#breadcrumb"},"inLanguage":"pt-BR","potentialAction":[{"@type":"ReadAction","target":["https:\/\/www.suno.com.br\/noticias\/banco-digital-n26-lancado-brasil-2020\/"]}]},{"@type":"ImageObject","inLanguage":"pt-BR","@id":"https:\/\/www.suno.com.br\/noticias\/banco-digital-n26-lancado-brasil-2020\/#primaryimage","url":"https:\/\/files.sunoresearch.com.br\/n\/uploads\/2019\/10\/c070f2ab-n26-jpg.webp","contentUrl":"https:\/\/files.sunoresearch.com.br\/n\/uploads\/2019\/10\/c070f2ab-n26-jpg.webp","width":739,"height":415,"caption":"Banco digital N26 pretende ser lan\u00e7ado no Brasil at\u00e9 2020, diz jornal"},{"@type":"BreadcrumbList","@id":"https:\/\/www.suno.com.br\/noticias\/banco-digital-n26-lancado-brasil-2020\/#breadcrumb","itemListElement":[{"@type":"ListItem","position":1,"name":"Not\u00edcias","item":"https:\/\/www.suno.com.br\/noticias\/"},{"@type":"ListItem","position":2,"name":"Neg\u00f3cios","item":"https:\/\/www.suno.com.br\/noticias\/negocios\/"},{"@type":"ListItem","position":3,"name":"Banco digital N26 pretende ser lan\u00e7ado no Brasil at\u00e9 2020, diz jornal"}]},{"@type":"WebSite","@id":"https:\/\/www.suno.com.br\/noticias\/#website","url":"https:\/\/www.suno.com.br\/noticias\/","name":"Suno Not\u00edcias","description":"Seu portal de informa\u00e7\u00e3o sobre o mundo dos investimentos","publisher":{"@id":"https:\/\/www.suno.com.br\/noticias\/#organization"},"potentialAction":[{"@type":"SearchAction","target":{"@type":"EntryPoint","urlTemplate":"https:\/\/www.suno.com.br\/noticias\/?s={search_term_string}"},"query-input":{"@type":"PropertyValueSpecification","valueRequired":true,"valueName":"search_term_string"}}],"inLanguage":"pt-BR"},{"@type":"Organization","@id":"https:\/\/www.suno.com.br\/noticias\/#organization","name":"Suno Not\u00edcias","url":"https:\/\/www.suno.com.br\/noticias\/","logo":{"@type":"ImageObject","inLanguage":"pt-BR","@id":"https:\/\/www.suno.com.br\/noticias\/#\/schema\/logo\/image\/","url":"https:\/\/files.sunoresearch.com.br\/n\/uploads\/2021\/09\/suno-logo.png","contentUrl":"https:\/\/files.sunoresearch.com.br\/n\/uploads\/2021\/09\/suno-logo.png","width":180,"height":180,"caption":"Suno Not\u00edcias"},"image":{"@id":"https:\/\/www.suno.com.br\/noticias\/#\/schema\/logo\/image\/"},"sameAs":["https:\/\/facebook.com\/sunoresearch","https:\/\/x.com\/sunoresearch","https:\/\/www.instagram.com\/suno","https:\/\/www.linkedin.com\/company\/suno-research\/","https:\/\/www.youtube.com\/c\/sunoresearch"]},{"@type":"Person","@id":"https:\/\/www.suno.com.br\/noticias\/#\/schema\/person\/098743caeed97b37f51315c9576c4078","name":"Rafael Lara","image":{"@type":"ImageObject","inLanguage":"pt-BR","@id":"https:\/\/www.suno.com.br\/noticias\/#\/schema\/person\/image\/","url":"https:\/\/secure.gravatar.com\/avatar\/dfc254ab9bb2ea1895d98b9e9dae4bdd?s=96&r=g","contentUrl":"https:\/\/secure.gravatar.com\/avatar\/dfc254ab9bb2ea1895d98b9e9dae4bdd?s=96&r=g","caption":"Rafael Lara"},"description":"Rafael Lara cursa jornalismo na Faculdade C\u00e1sper L\u00edbero. Escreve sobre pol\u00edtica, economia e neg\u00f3cios para o portal Suno Not\u00edcias. Antes, colaborou na TV Gazeta na produ\u00e7\u00e3o do programa Edi\u00e7\u00e3o Extra.","url":"https:\/\/www.suno.com.br\/noticias\/author\/rafael\/"}]}},"default_loop_html":"<div class=\"cardsPage__listCard__boxs\"><div class=\"cardsPage__listCard__boxs__img\"><a href=\"https:\/\/www.suno.com.br\/noticias\/banco-digital-n26-lancado-brasil-2020\/\"><img class=\"mask\" src=\"https:\/\/www.suno.com.br\/noticias\/wp-content\/themes\/suno\/resources\/images\/spotlight\/spotlight1img\/bg-mask.png\" alt=\"Image Mask\"\/><img src=\"https:\/\/files.sunoresearch.com.br\/n\/uploads\/2019\/10\/c070f2ab-n26-400x200.webp\" alt=\"Banco digital N26 pretende ser lan\u00e7ado no Brasil at\u00e9 2020, diz jornal\"\/><\/a><span class=\"spotlightCategory\"><a href=\"https:\/\/www.suno.com.br\/noticias\/negocios\/\">Neg\u00f3cios<\/a><\/span><\/div><div class=\"cardsPage__listCard__boxs__content\"><a href=\"https:\/\/www.suno.com.br\/noticias\/banco-digital-n26-lancado-brasil-2020\/\"><h2 class=\"content__title\">Banco digital N26 pretende ser lan\u00e7ado no Brasil at\u00e9 2020, diz jornal<\/h2><\/a><div class=\"newsContent__article__meta\"><div class=\"newsContent__article__meta__authorBox\"><a href=\"https:\/\/www.suno.com.br\/noticias\/author\/rafael\/\" class=\"authorBox__avatar noMobi\"><img src=\"https:\/\/secure.gravatar.com\/avatar\/dfc254ab9bb2ea1895d98b9e9dae4bdd?s=96&#038;r=g\" alt=\"Rafael Lara\"><\/a><div class=\"authorBox__name\"><span>por\n\t\t\t<a href=\"https:\/\/www.suno.com.br\/noticias\/author\/rafael\/\"><span itemprop=\"author\">Rafael Lara<\/span><\/a><\/span><time datetime=\"2019-10-23T18:34:48-03:00\" itemprop=\"datePublished\">23\/10\/2019 18:34<\/time><\/div><\/div><\/div><\/div><\/div>","single_layout":"posts","amp_enabled":true,"_links":{"self":[{"href":"https:\/\/www.suno.com.br\/noticias\/wp-json\/wp\/v2\/posts\/42141"}],"collection":[{"href":"https:\/\/www.suno.com.br\/noticias\/wp-json\/wp\/v2\/posts"}],"about":[{"href":"https:\/\/www.suno.com.br\/noticias\/wp-json\/wp\/v2\/types\/post"}],"author":[{"embeddable":true,"href":"https:\/\/www.suno.com.br\/noticias\/wp-json\/wp\/v2\/users\/23"}],"replies":[{"embeddable":true,"href":"https:\/\/www.suno.com.br\/noticias\/wp-json\/wp\/v2\/comments?post=42141"}],"version-history":[{"count":1,"href":"https:\/\/www.suno.com.br\/noticias\/wp-json\/wp\/v2\/posts\/42141\/revisions"}],"predecessor-version":[{"id":161029,"href":"https:\/\/www.suno.com.br\/noticias\/wp-json\/wp\/v2\/posts\/42141\/revisions\/161029"}],"wp:featuredmedia":[{"embeddable":true,"href":"https:\/\/www.suno.com.br\/noticias\/wp-json\/wp\/v2\/media\/42147"}],"wp:attachment":[{"href":"https:\/\/www.suno.com.br\/noticias\/wp-json\/wp\/v2\/media?parent=42141"}],"wp:term":[{"taxonomy":"category","embeddable":true,"href":"https:\/\/www.suno.com.br\/noticias\/wp-json\/wp\/v2\/categories?post=42141"},{"taxonomy":"post_tag","embeddable":true,"href":"https:\/\/www.suno.com.br\/noticias\/wp-json\/wp\/v2\/tags?post=42141"},{"taxonomy":"suno_strategy","embeddable":true,"href":"https:\/\/www.suno.com.br\/noticias\/wp-json\/wp\/v2\/suno_strategy?post=42141"}],"curies":[{"name":"wp","href":"https:\/\/api.w.org\/{rel}","templated":true}]}}