{"id":42134,"date":"2019-10-23T17:18:57","date_gmt":"2019-10-23T19:18:57","guid":{"rendered":"https:\/\/www.suno.com.br\/noticias\/?p=42134"},"modified":"2019-10-23T19:32:02","modified_gmt":"2019-10-23T21:32:02","slug":"petrobras-governo-cessao-onerosa-pagamento","status":"publish","type":"post","link":"https:\/\/www.suno.com.br\/noticias\/petrobras-governo-cessao-onerosa-pagamento\/","title":{"rendered":"Petrobras: Governo afirma que leil\u00e3o da cess\u00e3o onerosa possibilitar\u00e1 o pagamento \u00e0 estatal"},"content":{"rendered":"<p>O <strong>Minist\u00e9rio da Economia<\/strong> e o <strong>Minist\u00e9rio da Minas<\/strong> <strong>e Energia<\/strong> informaram em nota, nesta quarta-feira (23), que : &#8220;a realiza\u00e7\u00e3o do leil\u00e3o dos volumes excedentes possibilitar\u00e1 prontamente o pagamento \u00e0 <a href=\"https:\/\/www.suno.com.br\/artigos\/tag\/petrobras\/\">Petrobras<\/a> (PETR4)&#8221;.<\/p>\t<div class=\"wrapper-featured-image\">\n\t\t<figure class=\"spotlightImg\">\n\n\t\t\t<picture>\n\t\t\t\t<source media=\"(max-width: 768px)\" srcset=\"https:\/\/files.sunoresearch.com.br\/n\/uploads\/2019\/06\/8ceca161-petrobrass-400x200.webp\">\n\t\t\t\t<img loading=\"lazy\" decoding=\"async\" class=\"newsContent__article__imgCapa lazyloadDisabled newsContent__article__imgCapa--noCaption\" src=\"https:\/\/files.sunoresearch.com.br\/n\/uploads\/2019\/06\/8ceca161-petrobrass-jpg.webp\" width=\"800\" height=\"450\" alt=\"Petrobras: Governo afirma que leil\u00e3o da cess\u00e3o onerosa possibilitar\u00e1 o pagamento \u00e0 estatal\" fetchpriority=high \/>\n\t\t\t<\/picture>\n\n\t\t\t<figcaption class=\"wp-caption-text wp-caption-text--hide\">O presidente da Petrobras (PETR4) afirmou que 11 mil empregados v\u00e3o deixar a companhia at\u00e9 o final de 2021<\/figcaption>\n\t\t<\/figure>\n\t<\/div>\n\n\n\n<p>Nesta quarta, o <strong>Tribunal<\/strong>\u00a0<strong>de Contas da Uni\u00e3o <\/strong>(<strong>TCU<\/strong>) analisa o <strong>aditivo<\/strong> firmado entre a <strong>Uni\u00e3o<\/strong> e a <strong>estatal<\/strong> relacionado \u00e0 revis\u00e3o do contrato de cess\u00e3o onerosa, que estabelece o <strong>pagamento<\/strong> de US$ 9,058 bilh\u00f5es \u00e0 <strong>Petrobras.<\/strong><\/p>\n<p>Os recursos destinados \u00e0 <strong>Petrobras<\/strong> ser\u00e3o utilizados pela estatal para participar do leil\u00e3o dos excedentes da <strong>cess\u00e3o onerosa.<\/strong> O b\u00f4nus de assinatura por quatro \u00e1reas \u00e9 acima de R$ 106 bilh\u00f5es.<\/p>\n<p><iframe loading=\"lazy\" title=\"?LOG precifica a\u00e7\u00f5es; cess\u00e3o onerosa pagar\u00e1 Petrobras e balan\u00e7o da WEG\" width=\"200\" height=\"113\" src=\"https:\/\/www.youtube.com\/embed\/SnCIaooE5aw?feature=oembed\" frameborder=\"0\" allow=\"accelerometer; autoplay; encrypted-media; gyroscope; picture-in-picture\" allowfullscreen><\/iframe><\/p>\n<h2>Pagamento de US$ 9,05 bi \u00e0 Petrobras<\/h2>\n<p>O <strong>governo Federal<\/strong> anunciou, na \u00faltima ter\u00e7a-feira (22), que ir\u00e1 adiar o pagamento de US$ 9,05 bilh\u00f5es \u00e0 <a href=\"https:\/\/www.suno.com.br\/artigos\/tag\/petrobras\/\">Petrobras (PETR3; PETR4)<\/a>. O valor \u00e9 referente \u00e0 revis\u00e3o do contrato de <strong>cess\u00e3o onerosa<\/strong> do <strong>pr\u00e9-sal.<\/strong> A informa\u00e7\u00e3o foi publicada em edi\u00e7\u00e3o extra do &#8220;Di\u00e1rio Oficial da Uni\u00e3o&#8221; (DOU) no dia.<\/p>\n<p>A medida que, afeta a <strong>Petrobras,<\/strong> segue a um alerta feito pelo <strong>Tribunal<\/strong>\u00a0<strong>de Contas da Uni\u00e3o<\/strong>\u00a0 (<strong>TCU<\/strong>)<strong>,<\/strong> em relat\u00f3rio t\u00e9cnico que trata do novo contrato e que foi enviado, nesta quarta (23), ao <strong>plen\u00e1rio<\/strong> do <strong>\u00f3rg\u00e3o de controle.<\/strong><\/p>\n<p>Na previs\u00e3o, a estatal receberia os US$ 9,05 bilh\u00f5es (R$ 34 bilh\u00f5es) no dia 27 de dezembro, quando era esperado o pagamento dos b\u00f4nus de assinatura do leil\u00e3o no valor de, aproximadamente, R$ 106 bilh\u00f5es.<\/p>\n\t<p>\n\t\t<a href=\"https:\/\/lp.suno.com.br\/cl\/webinario-suno-black-2024\/\" target=\"_blank\" data-element=\"shortcode-suno-banner\" title=\"Banner SUNO, clique e saiba mais\">\n\t\t\t<picture>\n\t\t\t\t<source media=\"(max-width: 500px)\" srcset=\"https:\/\/files.sunoresearch.com.br\/n\/uploads\/2024\/04\/400x300-Banner-Home-1.png\">\n\t\t\t\t<img class=\"newsContent__article__imgCapa newsContent__article__imgCapa--banner\"\n\t\t\t\t\tsrc=\"https:\/\/files.sunoresearch.com.br\/n\/uploads\/2024\/04\/400x300-Banner-Home-1.png\"\n\t\t\t\t\tdata-promo-id=\"102411\"\t\t\t\t\t\t\t\t\t\twidth='401' height='300'\t\t\t\t\talt=\"https:\/\/files.sunoresearch.com.br\/n\/uploads\/2024\/04\/400x300-Banner-Home-1.png\"\n\t\t\t\t>\n\t\t\t<\/picture>\n\t\t<\/a>\n\t<\/p>\n\n\n<p>Contudo, o TCU alertou que um poss\u00edvel fracasso no leil\u00e3o poderia trazer um risco fiscal para o governo Federal, o que resultaria em falta de recursos dispon\u00edveis para pagar a <strong>Petrobras.<\/strong> Al\u00e9m disso, a nova data de pagamento ser\u00e1 divulgada no DOU.<\/p>\n<p>Na \u00faltima ter\u00e7a, o <strong>ministro da Economia, Paulo Guedes,<\/strong> visitou alguns ministros do TCU. Na sa\u00edda, afirmou que a visita foi para esclarecer as \u00faltimas d\u00favidas em rela\u00e7\u00e3o ao novo contrato da cess\u00e3o onerosa relacionada \u00e0 <strong>Petrobras.<\/strong> Al\u00e9m disso, Guedes salientou que seguiria para o Congresso a fim de acompanhar a vota\u00e7\u00e3o da reforma da Previd\u00eancia.<\/p>\n","protected":false},"excerpt":{"rendered":"<p>O Minist\u00e9rio da Economia e o Minist\u00e9rio da Minas e Energia informaram em nota, nesta quarta-feira (23), que : &#8220;a realiza\u00e7\u00e3o do leil\u00e3o dos volumes excedentes possibilitar\u00e1 prontamente o pagamento \u00e0 Petrobras (PETR4)&#8221;. O presidente da Petrobras (PETR4) afirmou que 11 mil empregados v\u00e3o deixar a companhia at\u00e9 o final de 2021 Nesta quarta, o [&hellip;]<\/p>\n","protected":false},"author":23,"featured_media":29154,"comment_status":"closed","ping_status":"closed","sticky":false,"template":"","format":"standard","meta":[],"categories":[62],"tags":[1309,595,1287],"suno_strategy":[],"class_list":["post-42134","post","type-post","status-publish","format-standard","has-post-thumbnail","hentry","category-economia","tag-cessao-onerosa","tag-petrobras-petr4","tag-tcu"],"yoast_head":"<!-- This site is optimized with the Yoast SEO plugin v24.4 - https:\/\/yoast.com\/wordpress\/plugins\/seo\/ -->\n<title>Petrobras: Governo diz que leil\u00e3o da cess\u00e3o onerosa facilitar\u00e1 pagamento<\/title>\n<meta name=\"description\" content=\"Minist\u00e9rios afirmaram: &quot;a realiza\u00e7\u00e3o do leil\u00e3o dos volumes excedentes possibilitar\u00e1 prontamente o pagamento \u00e0 Petrobras&quot;. Clique para mais.\" \/>\n<meta name=\"robots\" content=\"index, follow, max-snippet:-1, max-image-preview:large, max-video-preview:-1\" \/>\n<link rel=\"canonical\" href=\"https:\/\/www.suno.com.br\/noticias\/petrobras-governo-cessao-onerosa-pagamento\/\" \/>\n<meta property=\"og:locale\" content=\"pt_BR\" \/>\n<meta property=\"og:type\" content=\"article\" \/>\n<meta property=\"og:title\" content=\"Petrobras: Governo diz que leil\u00e3o da cess\u00e3o onerosa facilitar\u00e1 pagamento\" \/>\n<meta property=\"og:description\" content=\"Minist\u00e9rios afirmaram: &quot;a realiza\u00e7\u00e3o do leil\u00e3o dos volumes excedentes possibilitar\u00e1 prontamente o pagamento \u00e0 Petrobras&quot;. Clique para mais.\" \/>\n<meta property=\"og:url\" content=\"https:\/\/www.suno.com.br\/noticias\/petrobras-governo-cessao-onerosa-pagamento\/\" \/>\n<meta property=\"og:site_name\" content=\"Suno Not\u00edcias\" \/>\n<meta property=\"article:publisher\" content=\"https:\/\/facebook.com\/sunoresearch\" \/>\n<meta property=\"og:image\" content=\"https:\/\/files.sunoresearch.com.br\/n\/uploads\/2019\/06\/8ceca161-petrobrass.jpg\" \/>\n\t<meta property=\"og:image:width\" content=\"660\" \/>\n\t<meta property=\"og:image:height\" content=\"371\" \/>\n\t<meta property=\"og:image:type\" content=\"image\/jpeg\" \/>\n<meta name=\"author\" content=\"Rafael Lara\" \/>\n<meta name=\"twitter:card\" content=\"summary_large_image\" \/>\n<meta name=\"twitter:creator\" content=\"@sunoresearch\" \/>\n<meta name=\"twitter:site\" content=\"@sunoresearch\" \/>\n<meta name=\"twitter:label1\" content=\"Escrito por\" \/>\n\t<meta name=\"twitter:data1\" content=\"Rafael Lara\" \/>\n\t<meta name=\"twitter:label2\" content=\"Est. tempo de leitura\" \/>\n\t<meta name=\"twitter:data2\" content=\"2 minutos\" \/>\n<script type=\"application\/ld+json\" class=\"yoast-schema-graph\">{\"@context\":\"https:\/\/schema.org\",\"@graph\":[{\"@type\":\"NewsArticle\",\"@id\":\"https:\/\/www.suno.com.br\/noticias\/petrobras-governo-cessao-onerosa-pagamento\/#article\",\"isPartOf\":{\"@id\":\"https:\/\/www.suno.com.br\/noticias\/petrobras-governo-cessao-onerosa-pagamento\/\"},\"author\":{\"name\":\"Rafael Lara\",\"@id\":\"https:\/\/www.suno.com.br\/noticias\/#\/schema\/person\/098743caeed97b37f51315c9576c4078\"},\"headline\":\"Petrobras: Governo afirma que leil\u00e3o da cess\u00e3o onerosa possibilitar\u00e1 o pagamento \u00e0 estatal\",\"datePublished\":\"2019-10-23T19:18:57+00:00\",\"dateModified\":\"2019-10-23T21:32:02+00:00\",\"mainEntityOfPage\":{\"@id\":\"https:\/\/www.suno.com.br\/noticias\/petrobras-governo-cessao-onerosa-pagamento\/\"},\"wordCount\":387,\"publisher\":{\"@id\":\"https:\/\/www.suno.com.br\/noticias\/#organization\"},\"image\":{\"@id\":\"https:\/\/www.suno.com.br\/noticias\/petrobras-governo-cessao-onerosa-pagamento\/#primaryimage\"},\"thumbnailUrl\":\"https:\/\/files.sunoresearch.com.br\/n\/uploads\/2019\/06\/8ceca161-petrobrass-jpg.webp\",\"keywords\":[\"cess\u00e3o onerosa\",\"Petrobras (PETR4)\",\"TCU\"],\"articleSection\":[\"Economia\"],\"inLanguage\":\"pt-BR\"},{\"@type\":\"WebPage\",\"@id\":\"https:\/\/www.suno.com.br\/noticias\/petrobras-governo-cessao-onerosa-pagamento\/\",\"url\":\"https:\/\/www.suno.com.br\/noticias\/petrobras-governo-cessao-onerosa-pagamento\/\",\"name\":\"Petrobras: Governo diz que leil\u00e3o da cess\u00e3o onerosa facilitar\u00e1 pagamento\",\"isPartOf\":{\"@id\":\"https:\/\/www.suno.com.br\/noticias\/#website\"},\"primaryImageOfPage\":{\"@id\":\"https:\/\/www.suno.com.br\/noticias\/petrobras-governo-cessao-onerosa-pagamento\/#primaryimage\"},\"image\":{\"@id\":\"https:\/\/www.suno.com.br\/noticias\/petrobras-governo-cessao-onerosa-pagamento\/#primaryimage\"},\"thumbnailUrl\":\"https:\/\/files.sunoresearch.com.br\/n\/uploads\/2019\/06\/8ceca161-petrobrass-jpg.webp\",\"datePublished\":\"2019-10-23T19:18:57+00:00\",\"dateModified\":\"2019-10-23T21:32:02+00:00\",\"description\":\"Minist\u00e9rios afirmaram: \\\"a realiza\u00e7\u00e3o do leil\u00e3o dos volumes excedentes possibilitar\u00e1 prontamente o pagamento \u00e0 Petrobras\\\". Clique para mais.\",\"breadcrumb\":{\"@id\":\"https:\/\/www.suno.com.br\/noticias\/petrobras-governo-cessao-onerosa-pagamento\/#breadcrumb\"},\"inLanguage\":\"pt-BR\",\"potentialAction\":[{\"@type\":\"ReadAction\",\"target\":[\"https:\/\/www.suno.com.br\/noticias\/petrobras-governo-cessao-onerosa-pagamento\/\"]}]},{\"@type\":\"ImageObject\",\"inLanguage\":\"pt-BR\",\"@id\":\"https:\/\/www.suno.com.br\/noticias\/petrobras-governo-cessao-onerosa-pagamento\/#primaryimage\",\"url\":\"https:\/\/files.sunoresearch.com.br\/n\/uploads\/2019\/06\/8ceca161-petrobrass-jpg.webp\",\"contentUrl\":\"https:\/\/files.sunoresearch.com.br\/n\/uploads\/2019\/06\/8ceca161-petrobrass-jpg.webp\",\"width\":660,\"height\":371,\"caption\":\"O presidente da Petrobras (PETR4) afirmou que 11 mil empregados v\u00e3o deixar a companhia at\u00e9 o final de 2021\"},{\"@type\":\"BreadcrumbList\",\"@id\":\"https:\/\/www.suno.com.br\/noticias\/petrobras-governo-cessao-onerosa-pagamento\/#breadcrumb\",\"itemListElement\":[{\"@type\":\"ListItem\",\"position\":1,\"name\":\"Not\u00edcias\",\"item\":\"https:\/\/www.suno.com.br\/noticias\/\"},{\"@type\":\"ListItem\",\"position\":2,\"name\":\"Economia\",\"item\":\"https:\/\/www.suno.com.br\/noticias\/economia\/\"},{\"@type\":\"ListItem\",\"position\":3,\"name\":\"Petrobras: Governo afirma que leil\u00e3o da cess\u00e3o onerosa possibilitar\u00e1 o pagamento \u00e0 estatal\"}]},{\"@type\":\"WebSite\",\"@id\":\"https:\/\/www.suno.com.br\/noticias\/#website\",\"url\":\"https:\/\/www.suno.com.br\/noticias\/\",\"name\":\"Suno Not\u00edcias\",\"description\":\"Seu portal de informa\u00e7\u00e3o sobre o mundo dos investimentos\",\"publisher\":{\"@id\":\"https:\/\/www.suno.com.br\/noticias\/#organization\"},\"potentialAction\":[{\"@type\":\"SearchAction\",\"target\":{\"@type\":\"EntryPoint\",\"urlTemplate\":\"https:\/\/www.suno.com.br\/noticias\/?s={search_term_string}\"},\"query-input\":{\"@type\":\"PropertyValueSpecification\",\"valueRequired\":true,\"valueName\":\"search_term_string\"}}],\"inLanguage\":\"pt-BR\"},{\"@type\":\"Organization\",\"@id\":\"https:\/\/www.suno.com.br\/noticias\/#organization\",\"name\":\"Suno Not\u00edcias\",\"url\":\"https:\/\/www.suno.com.br\/noticias\/\",\"logo\":{\"@type\":\"ImageObject\",\"inLanguage\":\"pt-BR\",\"@id\":\"https:\/\/www.suno.com.br\/noticias\/#\/schema\/logo\/image\/\",\"url\":\"https:\/\/files.sunoresearch.com.br\/n\/uploads\/2021\/09\/suno-logo.png\",\"contentUrl\":\"https:\/\/files.sunoresearch.com.br\/n\/uploads\/2021\/09\/suno-logo.png\",\"width\":180,\"height\":180,\"caption\":\"Suno Not\u00edcias\"},\"image\":{\"@id\":\"https:\/\/www.suno.com.br\/noticias\/#\/schema\/logo\/image\/\"},\"sameAs\":[\"https:\/\/facebook.com\/sunoresearch\",\"https:\/\/x.com\/sunoresearch\",\"https:\/\/www.instagram.com\/suno\",\"https:\/\/www.linkedin.com\/company\/suno-research\/\",\"https:\/\/www.youtube.com\/c\/sunoresearch\"]},{\"@type\":\"Person\",\"@id\":\"https:\/\/www.suno.com.br\/noticias\/#\/schema\/person\/098743caeed97b37f51315c9576c4078\",\"name\":\"Rafael Lara\",\"image\":{\"@type\":\"ImageObject\",\"inLanguage\":\"pt-BR\",\"@id\":\"https:\/\/www.suno.com.br\/noticias\/#\/schema\/person\/image\/\",\"url\":\"https:\/\/secure.gravatar.com\/avatar\/dfc254ab9bb2ea1895d98b9e9dae4bdd?s=96&r=g\",\"contentUrl\":\"https:\/\/secure.gravatar.com\/avatar\/dfc254ab9bb2ea1895d98b9e9dae4bdd?s=96&r=g\",\"caption\":\"Rafael Lara\"},\"description\":\"Rafael Lara cursa jornalismo na Faculdade C\u00e1sper L\u00edbero. Escreve sobre pol\u00edtica, economia e neg\u00f3cios para o portal Suno Not\u00edcias. Antes, colaborou na TV Gazeta na produ\u00e7\u00e3o do programa Edi\u00e7\u00e3o Extra.\",\"url\":\"https:\/\/www.suno.com.br\/noticias\/author\/rafael\/\"}]}<\/script>\n<!-- \/ Yoast SEO plugin. -->","yoast_head_json":{"title":"Petrobras: Governo diz que leil\u00e3o da cess\u00e3o onerosa facilitar\u00e1 pagamento","description":"Minist\u00e9rios afirmaram: \"a realiza\u00e7\u00e3o do leil\u00e3o dos volumes excedentes possibilitar\u00e1 prontamente o pagamento \u00e0 Petrobras\". Clique para mais.","robots":{"index":"index","follow":"follow","max-snippet":"max-snippet:-1","max-image-preview":"max-image-preview:large","max-video-preview":"max-video-preview:-1"},"canonical":"https:\/\/www.suno.com.br\/noticias\/petrobras-governo-cessao-onerosa-pagamento\/","og_locale":"pt_BR","og_type":"article","og_title":"Petrobras: Governo diz que leil\u00e3o da cess\u00e3o onerosa facilitar\u00e1 pagamento","og_description":"Minist\u00e9rios afirmaram: \"a realiza\u00e7\u00e3o do leil\u00e3o dos volumes excedentes possibilitar\u00e1 prontamente o pagamento \u00e0 Petrobras\". Clique para mais.","og_url":"https:\/\/www.suno.com.br\/noticias\/petrobras-governo-cessao-onerosa-pagamento\/","og_site_name":"Suno Not\u00edcias","article_publisher":"https:\/\/facebook.com\/sunoresearch","og_image":[{"width":660,"height":371,"url":"https:\/\/files.sunoresearch.com.br\/n\/uploads\/2019\/06\/8ceca161-petrobrass.jpg","type":"image\/jpeg"}],"author":"Rafael Lara","twitter_card":"summary_large_image","twitter_creator":"@sunoresearch","twitter_site":"@sunoresearch","twitter_misc":{"Escrito por":"Rafael Lara","Est. tempo de leitura":"2 minutos"},"schema":{"@context":"https:\/\/schema.org","@graph":[{"@type":"NewsArticle","@id":"https:\/\/www.suno.com.br\/noticias\/petrobras-governo-cessao-onerosa-pagamento\/#article","isPartOf":{"@id":"https:\/\/www.suno.com.br\/noticias\/petrobras-governo-cessao-onerosa-pagamento\/"},"author":{"name":"Rafael Lara","@id":"https:\/\/www.suno.com.br\/noticias\/#\/schema\/person\/098743caeed97b37f51315c9576c4078"},"headline":"Petrobras: Governo afirma que leil\u00e3o da cess\u00e3o onerosa possibilitar\u00e1 o pagamento \u00e0 estatal","datePublished":"2019-10-23T19:18:57+00:00","dateModified":"2019-10-23T21:32:02+00:00","mainEntityOfPage":{"@id":"https:\/\/www.suno.com.br\/noticias\/petrobras-governo-cessao-onerosa-pagamento\/"},"wordCount":387,"publisher":{"@id":"https:\/\/www.suno.com.br\/noticias\/#organization"},"image":{"@id":"https:\/\/www.suno.com.br\/noticias\/petrobras-governo-cessao-onerosa-pagamento\/#primaryimage"},"thumbnailUrl":"https:\/\/files.sunoresearch.com.br\/n\/uploads\/2019\/06\/8ceca161-petrobrass-jpg.webp","keywords":["cess\u00e3o onerosa","Petrobras (PETR4)","TCU"],"articleSection":["Economia"],"inLanguage":"pt-BR"},{"@type":"WebPage","@id":"https:\/\/www.suno.com.br\/noticias\/petrobras-governo-cessao-onerosa-pagamento\/","url":"https:\/\/www.suno.com.br\/noticias\/petrobras-governo-cessao-onerosa-pagamento\/","name":"Petrobras: Governo diz que leil\u00e3o da cess\u00e3o onerosa facilitar\u00e1 pagamento","isPartOf":{"@id":"https:\/\/www.suno.com.br\/noticias\/#website"},"primaryImageOfPage":{"@id":"https:\/\/www.suno.com.br\/noticias\/petrobras-governo-cessao-onerosa-pagamento\/#primaryimage"},"image":{"@id":"https:\/\/www.suno.com.br\/noticias\/petrobras-governo-cessao-onerosa-pagamento\/#primaryimage"},"thumbnailUrl":"https:\/\/files.sunoresearch.com.br\/n\/uploads\/2019\/06\/8ceca161-petrobrass-jpg.webp","datePublished":"2019-10-23T19:18:57+00:00","dateModified":"2019-10-23T21:32:02+00:00","description":"Minist\u00e9rios afirmaram: \"a realiza\u00e7\u00e3o do leil\u00e3o dos volumes excedentes possibilitar\u00e1 prontamente o pagamento \u00e0 Petrobras\". Clique para mais.","breadcrumb":{"@id":"https:\/\/www.suno.com.br\/noticias\/petrobras-governo-cessao-onerosa-pagamento\/#breadcrumb"},"inLanguage":"pt-BR","potentialAction":[{"@type":"ReadAction","target":["https:\/\/www.suno.com.br\/noticias\/petrobras-governo-cessao-onerosa-pagamento\/"]}]},{"@type":"ImageObject","inLanguage":"pt-BR","@id":"https:\/\/www.suno.com.br\/noticias\/petrobras-governo-cessao-onerosa-pagamento\/#primaryimage","url":"https:\/\/files.sunoresearch.com.br\/n\/uploads\/2019\/06\/8ceca161-petrobrass-jpg.webp","contentUrl":"https:\/\/files.sunoresearch.com.br\/n\/uploads\/2019\/06\/8ceca161-petrobrass-jpg.webp","width":660,"height":371,"caption":"O presidente da Petrobras (PETR4) afirmou que 11 mil empregados v\u00e3o deixar a companhia at\u00e9 o final de 2021"},{"@type":"BreadcrumbList","@id":"https:\/\/www.suno.com.br\/noticias\/petrobras-governo-cessao-onerosa-pagamento\/#breadcrumb","itemListElement":[{"@type":"ListItem","position":1,"name":"Not\u00edcias","item":"https:\/\/www.suno.com.br\/noticias\/"},{"@type":"ListItem","position":2,"name":"Economia","item":"https:\/\/www.suno.com.br\/noticias\/economia\/"},{"@type":"ListItem","position":3,"name":"Petrobras: Governo afirma que leil\u00e3o da cess\u00e3o onerosa possibilitar\u00e1 o pagamento \u00e0 estatal"}]},{"@type":"WebSite","@id":"https:\/\/www.suno.com.br\/noticias\/#website","url":"https:\/\/www.suno.com.br\/noticias\/","name":"Suno Not\u00edcias","description":"Seu portal de informa\u00e7\u00e3o sobre o mundo dos investimentos","publisher":{"@id":"https:\/\/www.suno.com.br\/noticias\/#organization"},"potentialAction":[{"@type":"SearchAction","target":{"@type":"EntryPoint","urlTemplate":"https:\/\/www.suno.com.br\/noticias\/?s={search_term_string}"},"query-input":{"@type":"PropertyValueSpecification","valueRequired":true,"valueName":"search_term_string"}}],"inLanguage":"pt-BR"},{"@type":"Organization","@id":"https:\/\/www.suno.com.br\/noticias\/#organization","name":"Suno Not\u00edcias","url":"https:\/\/www.suno.com.br\/noticias\/","logo":{"@type":"ImageObject","inLanguage":"pt-BR","@id":"https:\/\/www.suno.com.br\/noticias\/#\/schema\/logo\/image\/","url":"https:\/\/files.sunoresearch.com.br\/n\/uploads\/2021\/09\/suno-logo.png","contentUrl":"https:\/\/files.sunoresearch.com.br\/n\/uploads\/2021\/09\/suno-logo.png","width":180,"height":180,"caption":"Suno Not\u00edcias"},"image":{"@id":"https:\/\/www.suno.com.br\/noticias\/#\/schema\/logo\/image\/"},"sameAs":["https:\/\/facebook.com\/sunoresearch","https:\/\/x.com\/sunoresearch","https:\/\/www.instagram.com\/suno","https:\/\/www.linkedin.com\/company\/suno-research\/","https:\/\/www.youtube.com\/c\/sunoresearch"]},{"@type":"Person","@id":"https:\/\/www.suno.com.br\/noticias\/#\/schema\/person\/098743caeed97b37f51315c9576c4078","name":"Rafael Lara","image":{"@type":"ImageObject","inLanguage":"pt-BR","@id":"https:\/\/www.suno.com.br\/noticias\/#\/schema\/person\/image\/","url":"https:\/\/secure.gravatar.com\/avatar\/dfc254ab9bb2ea1895d98b9e9dae4bdd?s=96&r=g","contentUrl":"https:\/\/secure.gravatar.com\/avatar\/dfc254ab9bb2ea1895d98b9e9dae4bdd?s=96&r=g","caption":"Rafael Lara"},"description":"Rafael Lara cursa jornalismo na Faculdade C\u00e1sper L\u00edbero. Escreve sobre pol\u00edtica, economia e neg\u00f3cios para o portal Suno Not\u00edcias. Antes, colaborou na TV Gazeta na produ\u00e7\u00e3o do programa Edi\u00e7\u00e3o Extra.","url":"https:\/\/www.suno.com.br\/noticias\/author\/rafael\/"}]}},"default_loop_html":"<div class=\"cardsPage__listCard__boxs\"><div class=\"cardsPage__listCard__boxs__img\"><a href=\"https:\/\/www.suno.com.br\/noticias\/petrobras-governo-cessao-onerosa-pagamento\/\"><img class=\"mask\" src=\"https:\/\/www.suno.com.br\/noticias\/wp-content\/themes\/suno\/resources\/images\/spotlight\/spotlight1img\/bg-mask.png\" alt=\"Image Mask\"\/><img src=\"https:\/\/files.sunoresearch.com.br\/n\/uploads\/2019\/06\/8ceca161-petrobrass-400x200.webp\" alt=\"Petrobras: Governo afirma que leil\u00e3o da cess\u00e3o onerosa possibilitar\u00e1 o pagamento \u00e0 estatal\"\/><\/a><span class=\"spotlightCategory\"><a href=\"https:\/\/www.suno.com.br\/noticias\/economia\/\">Economia<\/a><\/span><\/div><div class=\"cardsPage__listCard__boxs__content\"><a href=\"https:\/\/www.suno.com.br\/noticias\/petrobras-governo-cessao-onerosa-pagamento\/\"><h2 class=\"content__title\">Petrobras: Governo afirma que leil\u00e3o da cess\u00e3o onerosa possibilitar\u00e1 o pagamento \u00e0 estatal<\/h2><\/a><div class=\"newsContent__article__meta\"><div class=\"newsContent__article__meta__authorBox\"><a href=\"https:\/\/www.suno.com.br\/noticias\/author\/rafael\/\" class=\"authorBox__avatar noMobi\"><img src=\"https:\/\/secure.gravatar.com\/avatar\/dfc254ab9bb2ea1895d98b9e9dae4bdd?s=96&#038;r=g\" alt=\"Rafael Lara\"><\/a><div class=\"authorBox__name\"><span>por\n\t\t\t<a href=\"https:\/\/www.suno.com.br\/noticias\/author\/rafael\/\"><span itemprop=\"author\">Rafael Lara<\/span><\/a><\/span><time datetime=\"2019-10-23T17:18:57-03:00\" itemprop=\"datePublished\">23\/10\/2019 17:18<\/time><\/div><\/div><\/div><\/div><\/div>","single_layout":"posts","amp_enabled":true,"_links":{"self":[{"href":"https:\/\/www.suno.com.br\/noticias\/wp-json\/wp\/v2\/posts\/42134"}],"collection":[{"href":"https:\/\/www.suno.com.br\/noticias\/wp-json\/wp\/v2\/posts"}],"about":[{"href":"https:\/\/www.suno.com.br\/noticias\/wp-json\/wp\/v2\/types\/post"}],"author":[{"embeddable":true,"href":"https:\/\/www.suno.com.br\/noticias\/wp-json\/wp\/v2\/users\/23"}],"replies":[{"embeddable":true,"href":"https:\/\/www.suno.com.br\/noticias\/wp-json\/wp\/v2\/comments?post=42134"}],"version-history":[{"count":0,"href":"https:\/\/www.suno.com.br\/noticias\/wp-json\/wp\/v2\/posts\/42134\/revisions"}],"wp:featuredmedia":[{"embeddable":true,"href":"https:\/\/www.suno.com.br\/noticias\/wp-json\/wp\/v2\/media\/29154"}],"wp:attachment":[{"href":"https:\/\/www.suno.com.br\/noticias\/wp-json\/wp\/v2\/media?parent=42134"}],"wp:term":[{"taxonomy":"category","embeddable":true,"href":"https:\/\/www.suno.com.br\/noticias\/wp-json\/wp\/v2\/categories?post=42134"},{"taxonomy":"post_tag","embeddable":true,"href":"https:\/\/www.suno.com.br\/noticias\/wp-json\/wp\/v2\/tags?post=42134"},{"taxonomy":"suno_strategy","embeddable":true,"href":"https:\/\/www.suno.com.br\/noticias\/wp-json\/wp\/v2\/suno_strategy?post=42134"}],"curies":[{"name":"wp","href":"https:\/\/api.w.org\/{rel}","templated":true}]}}