{"id":421320,"date":"2023-06-26T13:12:04","date_gmt":"2023-06-26T16:12:04","guid":{"rendered":"https:\/\/www.suno.com.br\/noticias\/?p=421320"},"modified":"2023-06-26T13:13:26","modified_gmt":"2023-06-26T16:13:26","slug":"mei-nota-fiscal-taxa-reduzida-salario","status":"publish","type":"post","link":"https:\/\/www.suno.com.br\/noticias\/mei-nota-fiscal-taxa-reduzida-salario\/","title":{"rendered":"Emiss\u00e3o de nota fiscal de MEIs tem taxas reduzidas para algumas categorias"},"content":{"rendered":"<p>As taxas de emiss\u00e3o das notas fiscais para o Microempreendedor Individual (<strong>MEI<\/strong>) ter\u00e3o reajuste. A atualiza\u00e7\u00e3o nos valores acontece ap\u00f3s o aumento do valor do sal\u00e1rio m\u00ednimo para R$ 1.320, em vigor desde 1\u00ba de maio de 2023. <\/p>\t<div class=\"wrapper-featured-image\">\n\t\t<figure class=\"spotlightImg\">\n\n\t\t\t<picture>\n\t\t\t\t<source media=\"(max-width: 768px)\" srcset=\"https:\/\/files.sunoresearch.com.br\/n\/uploads\/2023\/06\/mei-nota-fiscal-taxa-reduzida-salario-400x200.jpg\">\n\t\t\t\t<img loading=\"lazy\" decoding=\"async\" class=\"newsContent__article__imgCapa lazyloadDisabled \" src=\"https:\/\/files.sunoresearch.com.br\/n\/uploads\/2023\/06\/mei-nota-fiscal-taxa-reduzida-salario-800x450.jpg\" width=\"800\" height=\"450\" alt=\"Emiss\u00e3o de nota fiscal de MEIs tem taxas reduzidas para algumas categorias\" fetchpriority=high \/>\n\t\t\t<\/picture>\n\n\t\t\t<figcaption class=\"wp-caption-text wp-caption-text--show\">Nova emiss\u00e3o de nota fiscal para MEIs tem taxas reduzidas;confira as categorias - Foto: Unsplash<\/figcaption>\n\t\t<\/figure>\n\t<\/div>\n\n\n\n\n\n\t<p>\n\t\t<a href=\"https:\/\/lp.suno.com.br\/planilha-da-vida-financeira\/\" target=\"_blank\" data-element=\"shortcode-suno-banner\" title=\"Banner SUNO, clique e saiba mais\">\n\t\t\t<picture>\n\t\t\t\t<source media=\"(max-width: 500px)\" srcset=\"https:\/\/files.sunoresearch.com.br\/n\/uploads\/2023\/04\/400x300-Planilha-vida-financeira-true.png\">\n\t\t\t\t<img class=\"newsContent__article__imgCapa newsContent__article__imgCapa--banner\"\n\t\t\t\t\tsrc=\"https:\/\/files.sunoresearch.com.br\/n\/uploads\/2023\/04\/1420x240-Planilha-vida-financeira-true.png\"\n\t\t\t\t\tdata-promo-id=\"383123\"\t\t\t\t\t\t\t\t\t\twidth='1420' height='240'\t\t\t\t\talt=\"https:\/\/files.sunoresearch.com.br\/n\/uploads\/2023\/04\/1420x240-Planilha-vida-financeira-true.png\"\n\t\t\t\t>\n\t\t\t<\/picture>\n\t\t<\/a>\n\t<\/p>\n\n\n\n\n\n<p>De acordo com a Resolu\u00e7\u00e3o do Comit\u00ea Gestor do Simples Nacional (CGSN) n\u00ba 140\/2018, os valores que comp\u00f5em o recolhimento mensal do MEI incluem dois tributos principais: Imposto Sobre Servi\u00e7os (ISS) e Imposto sobre Circula\u00e7\u00e3o de Mercadorias e Servi\u00e7os (ICMS), al\u00e9m de uma contribui\u00e7\u00e3o vari\u00e1vel de 5% do <a class=\"suno-keyword\" data-force=\"no\" data-priority=\"3\" href=\"https:\/\/www.suno.com.br\/artigos\/salario-minimo\/\" target=\"_blank\" rel=\"noopener\">sal\u00e1rio m\u00ednimo<\/a> destinada \u00e0 <strong>seguridade social<\/strong>.<\/p>\n\n\n\n<h2 class=\"wp-block-heading\">Novas tributa\u00e7\u00f5es de MEIs <\/h2>\n\n\n\n<p>Com o novo valor fixado em R$ 1.320, as<strong> contribui\u00e7\u00f5es do MEI<\/strong> foram reduzidas em algumas das categorias. Veja os valores:<\/p>\n\n\n\n<ul class=\"wp-block-list\">\n<li>R$ 66 para a seguridade social;<\/li>\n\n\n\n<li>R$ 67 para a contribui\u00e7\u00e3o do ICMS;<\/li>\n\n\n\n<li>R$ 71 para a contribui\u00e7\u00e3o do ISS;<\/li>\n\n\n\n<li>R$ 72 para a contribui\u00e7\u00e3o conjunta do <strong>ICMS e ISS.<\/strong><\/li>\n<\/ul>\n\n\n\n<p>No caso espec\u00edfico do MEI Transportador Aut\u00f4nomo de Cargas, a contribui\u00e7\u00e3o para a seguridade social de 12% do sal\u00e1rio m\u00ednimo foi ajustada para R$ 158,40. O valor \u00e9 pago ao Instituto Nacional do Seguro Social (INSS), al\u00e9m das demais contribui\u00e7\u00f5es equivalentes ao ISS e ao ICMS.<\/p>\n\n\n\n<p>Anteriormente, as <strong>tributa\u00e7\u00f5es de MEIs<\/strong> eram separadas da seguinte forma, de acordo com a atividade exercida e o sal\u00e1rio m\u00ednimo anterior:<\/p>\n\n\n\n<ul class=\"wp-block-list\">\n<li>R$ 65,40 para atividades de com\u00e9rcio e ind\u00fastria;<\/li>\n\n\n\n<li>R$ 69,40 para atividades de presta\u00e7\u00e3o de servi\u00e7os;<\/li>\n\n\n\n<li>R$ 74,40 para atividades mistas (com\u00e9rcio, ind\u00fastria e servi\u00e7os).<\/li>\n<\/ul>\n\n\n\n<p>\u00c9 importante ressaltar que o per\u00edodo de apura\u00e7\u00e3o segue o <a class=\"suno-keyword\" data-force=\"no\" data-priority=\"1\" href=\"https:\/\/www.suno.com.br\/artigos\/regime-competencia\/\" target=\"_blank\" rel=\"noopener\">regime de compet\u00eancia<\/a>. Dessa forma, os novos valores de contribui\u00e7\u00e3o do MEI come\u00e7ar\u00e3o a ser recolhidos a partir de junho, e ser\u00e1 poss\u00edvel emitir os <strong>Documentos de Arrecada\u00e7\u00e3o Simplificada (DAS) <\/strong>correspondentes aos per\u00edodos de apura\u00e7\u00e3o de maio a dezembro.<\/p>\n\n\n\t<p>\n\t\t<a href=\"https:\/\/lp.suno.com.br\/ebook-10-livros\/\" target=\"_blank\" data-element=\"shortcode-suno-banner\" title=\"Banner SUNO, clique e saiba mais\">\n\t\t\t<picture>\n\t\t\t\t<source media=\"(max-width: 500px)\" srcset=\"https:\/\/files.sunoresearch.com.br\/n\/uploads\/2023\/03\/400x300-10-livros.png\">\n\t\t\t\t<img class=\"newsContent__article__imgCapa newsContent__article__imgCapa--banner\"\n\t\t\t\t\tsrc=\"https:\/\/files.sunoresearch.com.br\/n\/uploads\/2023\/03\/1420x240-10-livros.png\"\n\t\t\t\t\tdata-promo-id=\"383159\"\t\t\t\t\t\t\t\t\t\twidth='1420' height='240'\t\t\t\t\talt=\"https:\/\/files.sunoresearch.com.br\/n\/uploads\/2023\/03\/1420x240-10-livros.png\"\n\t\t\t\t>\n\t\t\t<\/picture>\n\t\t<\/a>\n\t<\/p>\n\n\n\n\n\n<h2 class=\"wp-block-heading\">Como emitir a nota fiscal MEI com novos valores<\/h2>\n\n\n\n<p>O<strong> Governo Federal<\/strong> prorrogou o prazo para a emiss\u00e3o da nota fiscal do MEI pelo portal <a href=\"http:\/\/gov.br\" target=\"_blank\" rel=\"noreferrer noopener\">gov.br<\/a> para 1\u00ba de setembro. Anteriormente, esse processo era realizado em uma p\u00e1gina municipal. A partir de setembro, o microempreendedor individual ter\u00e1 duas op\u00e7\u00f5es para emitir a<strong> nota fiscal MEI<\/strong>:<\/p>\n\n\n\n<ul class=\"wp-block-list\">\n<li>Plataforma: <a href=\"http:\/\/www.gov.br\/nfse\/pt-br\" target=\"_blank\" rel=\"noreferrer noopener\">www.gov.br\/nfse\/pt-br<\/a>;<\/li>\n\n\n\n<li>Aplicativo: NFS-e Mobile (dispon\u00edvel para Android e iOS).<\/li>\n<\/ul>\n\n\n\n<p>A mudan\u00e7a est\u00e1 relacionada \u00e0 implementa\u00e7\u00e3o da Resolu\u00e7\u00e3o do Comit\u00ea Gestor do Simples Nacional n\u00ba 171\/2022, que padroniza o processo de emiss\u00e3o da nota fiscal do<strong> MEI <\/strong>em todo o pa\u00eds. Vale ressaltar que a Nota Fiscal de Servi\u00e7o Nacional (NFSN) \u00e9 v\u00e1lida em todo o territ\u00f3rio brasileiro.<\/p>\n\n\n\t<p>\n\t\t<a href=\"https:\/\/lp.suno.com.br\/suno-one\/?utm_campaign=_SNC6964518A_\" target=\"_blank\" data-element=\"shortcode-suno-banner\" title=\"Banner SUNO, clique e saiba mais\">\n\t\t\t<picture>\n\t\t\t\t<source media=\"(max-width: 500px)\" srcset=\"https:\/\/files.sunoresearch.com.br\/n\/uploads\/2025\/09\/400x300-Suno-One-png.webp\">\n\t\t\t\t<img class=\"newsContent__article__imgCapa newsContent__article__imgCapa--banner\"\n\t\t\t\t\tsrc=\"https:\/\/files.sunoresearch.com.br\/n\/uploads\/2025\/09\/1420x240-Suno-One-png.webp\"\n\t\t\t\t\tdata-promo-id=\"383121\"\t\t\t\t\t\t\t\t\t\twidth='1420' height='240'\t\t\t\t\talt=\"https:\/\/files.sunoresearch.com.br\/n\/uploads\/2025\/09\/1420x240-Suno-One-png.webp\"\n\t\t\t\t>\n\t\t\t<\/picture>\n\t\t<\/a>\n\t<\/p>\n\n\n","protected":false},"excerpt":{"rendered":"<p>As taxas de emiss\u00e3o das notas fiscais para o Microempreendedor Individual (MEI) ter\u00e3o reajuste. A atualiza\u00e7\u00e3o nos valores acontece ap\u00f3s o aumento do valor do sal\u00e1rio m\u00ednimo para R$ 1.320, em vigor desde 1\u00ba de maio de 2023. Nova emiss\u00e3o de nota fiscal para MEIs tem taxas reduzidas;confira as categorias &#8211; Foto: Unsplash De acordo [&hellip;]<\/p>\n","protected":false},"author":283,"featured_media":421331,"comment_status":"closed","ping_status":"closed","sticky":false,"template":"","format":"standard","meta":[],"categories":[65],"tags":[704,1824],"suno_strategy":[],"class_list":["post-421320","post","type-post","status-publish","format-standard","has-post-thumbnail","hentry","category-financas-pessoais","tag-impostos","tag-salario-minimo"],"yoast_head":"<!-- This site is optimized with the Yoast SEO plugin v24.4 - https:\/\/yoast.com\/wordpress\/plugins\/seo\/ -->\n<title>Emiss\u00e3o de nota fiscal de MEIs tem taxas reduzidas<\/title>\n<meta name=\"description\" content=\"O profissional MEI passar\u00e1 a emitir notas fiscais mensalmente pagando uma taxa menor para algumas categorias de servi\u00e7o; confira quais\" \/>\n<meta name=\"robots\" content=\"index, follow, max-snippet:-1, max-image-preview:large, max-video-preview:-1\" \/>\n<link rel=\"canonical\" href=\"https:\/\/www.suno.com.br\/noticias\/mei-nota-fiscal-taxa-reduzida-salario\/\" \/>\n<meta property=\"og:locale\" content=\"pt_BR\" \/>\n<meta property=\"og:type\" content=\"article\" \/>\n<meta property=\"og:title\" content=\"Emiss\u00e3o de nota fiscal de MEIs tem taxas reduzidas\" \/>\n<meta property=\"og:description\" content=\"O profissional MEI passar\u00e1 a emitir notas fiscais mensalmente pagando uma taxa menor para algumas categorias de servi\u00e7o; confira quais\" \/>\n<meta property=\"og:url\" content=\"https:\/\/www.suno.com.br\/noticias\/mei-nota-fiscal-taxa-reduzida-salario\/\" \/>\n<meta property=\"og:site_name\" content=\"Suno Not\u00edcias\" \/>\n<meta property=\"article:publisher\" content=\"https:\/\/facebook.com\/sunoresearch\" \/>\n<meta property=\"og:image\" content=\"https:\/\/files.sunoresearch.com.br\/n\/uploads\/2023\/06\/mei-nota-fiscal-taxa-reduzida-salario.jpg\" \/>\n\t<meta property=\"og:image:width\" content=\"1200\" \/>\n\t<meta property=\"og:image:height\" content=\"800\" \/>\n\t<meta property=\"og:image:type\" content=\"image\/jpeg\" \/>\n<meta name=\"author\" content=\"Camila Paim\" \/>\n<meta name=\"twitter:card\" content=\"summary_large_image\" \/>\n<meta name=\"twitter:creator\" content=\"@sunoresearch\" \/>\n<meta name=\"twitter:site\" content=\"@sunoresearch\" \/>\n<meta name=\"twitter:label1\" content=\"Escrito por\" \/>\n\t<meta name=\"twitter:data1\" content=\"Camila Paim\" \/>\n\t<meta name=\"twitter:label2\" content=\"Est. tempo de leitura\" \/>\n\t<meta name=\"twitter:data2\" content=\"3 minutos\" \/>\n<script type=\"application\/ld+json\" class=\"yoast-schema-graph\">{\"@context\":\"https:\/\/schema.org\",\"@graph\":[{\"@type\":\"NewsArticle\",\"@id\":\"https:\/\/www.suno.com.br\/noticias\/mei-nota-fiscal-taxa-reduzida-salario\/#article\",\"isPartOf\":{\"@id\":\"https:\/\/www.suno.com.br\/noticias\/mei-nota-fiscal-taxa-reduzida-salario\/\"},\"author\":{\"name\":\"Camila Paim\",\"@id\":\"https:\/\/www.suno.com.br\/noticias\/#\/schema\/person\/f341d3ae5d1cc685176c9a5327cdfdbb\"},\"headline\":\"Emiss\u00e3o de nota fiscal de MEIs tem taxas reduzidas para algumas categorias\",\"datePublished\":\"2023-06-26T16:12:04+00:00\",\"dateModified\":\"2023-06-26T16:13:26+00:00\",\"mainEntityOfPage\":{\"@id\":\"https:\/\/www.suno.com.br\/noticias\/mei-nota-fiscal-taxa-reduzida-salario\/\"},\"wordCount\":466,\"publisher\":{\"@id\":\"https:\/\/www.suno.com.br\/noticias\/#organization\"},\"image\":{\"@id\":\"https:\/\/www.suno.com.br\/noticias\/mei-nota-fiscal-taxa-reduzida-salario\/#primaryimage\"},\"thumbnailUrl\":\"https:\/\/files.sunoresearch.com.br\/n\/uploads\/2023\/06\/mei-nota-fiscal-taxa-reduzida-salario.jpg\",\"keywords\":[\"impostos\",\"sal\u00e1rio m\u00ednimo\"],\"articleSection\":[\"Finan\u00e7as Pessoais\"],\"inLanguage\":\"pt-BR\"},{\"@type\":\"WebPage\",\"@id\":\"https:\/\/www.suno.com.br\/noticias\/mei-nota-fiscal-taxa-reduzida-salario\/\",\"url\":\"https:\/\/www.suno.com.br\/noticias\/mei-nota-fiscal-taxa-reduzida-salario\/\",\"name\":\"Emiss\u00e3o de nota fiscal de MEIs tem taxas reduzidas\",\"isPartOf\":{\"@id\":\"https:\/\/www.suno.com.br\/noticias\/#website\"},\"primaryImageOfPage\":{\"@id\":\"https:\/\/www.suno.com.br\/noticias\/mei-nota-fiscal-taxa-reduzida-salario\/#primaryimage\"},\"image\":{\"@id\":\"https:\/\/www.suno.com.br\/noticias\/mei-nota-fiscal-taxa-reduzida-salario\/#primaryimage\"},\"thumbnailUrl\":\"https:\/\/files.sunoresearch.com.br\/n\/uploads\/2023\/06\/mei-nota-fiscal-taxa-reduzida-salario.jpg\",\"datePublished\":\"2023-06-26T16:12:04+00:00\",\"dateModified\":\"2023-06-26T16:13:26+00:00\",\"description\":\"O profissional MEI passar\u00e1 a emitir notas fiscais mensalmente pagando uma taxa menor para algumas categorias de servi\u00e7o; confira quais\",\"breadcrumb\":{\"@id\":\"https:\/\/www.suno.com.br\/noticias\/mei-nota-fiscal-taxa-reduzida-salario\/#breadcrumb\"},\"inLanguage\":\"pt-BR\",\"potentialAction\":[{\"@type\":\"ReadAction\",\"target\":[\"https:\/\/www.suno.com.br\/noticias\/mei-nota-fiscal-taxa-reduzida-salario\/\"]}]},{\"@type\":\"ImageObject\",\"inLanguage\":\"pt-BR\",\"@id\":\"https:\/\/www.suno.com.br\/noticias\/mei-nota-fiscal-taxa-reduzida-salario\/#primaryimage\",\"url\":\"https:\/\/files.sunoresearch.com.br\/n\/uploads\/2023\/06\/mei-nota-fiscal-taxa-reduzida-salario.jpg\",\"contentUrl\":\"https:\/\/files.sunoresearch.com.br\/n\/uploads\/2023\/06\/mei-nota-fiscal-taxa-reduzida-salario.jpg\",\"width\":1200,\"height\":800,\"caption\":\"Nova emiss\u00e3o de nota fiscal para MEIs tem taxas reduzidas;confira as categorias - Foto: Unsplash\"},{\"@type\":\"BreadcrumbList\",\"@id\":\"https:\/\/www.suno.com.br\/noticias\/mei-nota-fiscal-taxa-reduzida-salario\/#breadcrumb\",\"itemListElement\":[{\"@type\":\"ListItem\",\"position\":1,\"name\":\"Not\u00edcias\",\"item\":\"https:\/\/www.suno.com.br\/noticias\/\"},{\"@type\":\"ListItem\",\"position\":2,\"name\":\"Finan\u00e7as Pessoais\",\"item\":\"https:\/\/www.suno.com.br\/noticias\/financas-pessoais\/\"},{\"@type\":\"ListItem\",\"position\":3,\"name\":\"Emiss\u00e3o de nota fiscal de MEIs tem taxas reduzidas para algumas categorias\"}]},{\"@type\":\"WebSite\",\"@id\":\"https:\/\/www.suno.com.br\/noticias\/#website\",\"url\":\"https:\/\/www.suno.com.br\/noticias\/\",\"name\":\"Suno Not\u00edcias\",\"description\":\"Seu portal de informa\u00e7\u00e3o sobre o mundo dos investimentos\",\"publisher\":{\"@id\":\"https:\/\/www.suno.com.br\/noticias\/#organization\"},\"potentialAction\":[{\"@type\":\"SearchAction\",\"target\":{\"@type\":\"EntryPoint\",\"urlTemplate\":\"https:\/\/www.suno.com.br\/noticias\/?s={search_term_string}\"},\"query-input\":{\"@type\":\"PropertyValueSpecification\",\"valueRequired\":true,\"valueName\":\"search_term_string\"}}],\"inLanguage\":\"pt-BR\"},{\"@type\":\"Organization\",\"@id\":\"https:\/\/www.suno.com.br\/noticias\/#organization\",\"name\":\"Suno Not\u00edcias\",\"url\":\"https:\/\/www.suno.com.br\/noticias\/\",\"logo\":{\"@type\":\"ImageObject\",\"inLanguage\":\"pt-BR\",\"@id\":\"https:\/\/www.suno.com.br\/noticias\/#\/schema\/logo\/image\/\",\"url\":\"https:\/\/files.sunoresearch.com.br\/n\/uploads\/2021\/09\/suno-logo.png\",\"contentUrl\":\"https:\/\/files.sunoresearch.com.br\/n\/uploads\/2021\/09\/suno-logo.png\",\"width\":180,\"height\":180,\"caption\":\"Suno Not\u00edcias\"},\"image\":{\"@id\":\"https:\/\/www.suno.com.br\/noticias\/#\/schema\/logo\/image\/\"},\"sameAs\":[\"https:\/\/facebook.com\/sunoresearch\",\"https:\/\/x.com\/sunoresearch\",\"https:\/\/www.instagram.com\/suno\",\"https:\/\/www.linkedin.com\/company\/suno-research\/\",\"https:\/\/www.youtube.com\/c\/sunoresearch\"]},{\"@type\":\"Person\",\"@id\":\"https:\/\/www.suno.com.br\/noticias\/#\/schema\/person\/f341d3ae5d1cc685176c9a5327cdfdbb\",\"name\":\"Camila Paim\",\"image\":{\"@type\":\"ImageObject\",\"inLanguage\":\"pt-BR\",\"@id\":\"https:\/\/www.suno.com.br\/noticias\/#\/schema\/person\/image\/\",\"url\":\"https:\/\/secure.gravatar.com\/avatar\/f33728e65febb1aa7ecf6792956f9b20?s=96&r=g\",\"contentUrl\":\"https:\/\/secure.gravatar.com\/avatar\/f33728e65febb1aa7ecf6792956f9b20?s=96&r=g\",\"caption\":\"Camila Paim\"},\"description\":\"Jornalista formada pela USP, tem experi\u00eancia em reda\u00e7\u00f5es, SEO, Branded Content e Webdesign. Com passagem pelo Jornal da USP, Empiricus e C6 Bank, hoje \u00e9 rep\u00f3rter no Suno Not\u00edcias cobrindo macroeconomia, finan\u00e7as pessoais e startups.\",\"url\":\"https:\/\/www.suno.com.br\/noticias\/author\/camila-figueiredosuno-com-br\/\"}]}<\/script>\n<!-- \/ Yoast SEO plugin. -->","yoast_head_json":{"title":"Emiss\u00e3o de nota fiscal de MEIs tem taxas reduzidas","description":"O profissional MEI passar\u00e1 a emitir notas fiscais mensalmente pagando uma taxa menor para algumas categorias de servi\u00e7o; confira quais","robots":{"index":"index","follow":"follow","max-snippet":"max-snippet:-1","max-image-preview":"max-image-preview:large","max-video-preview":"max-video-preview:-1"},"canonical":"https:\/\/www.suno.com.br\/noticias\/mei-nota-fiscal-taxa-reduzida-salario\/","og_locale":"pt_BR","og_type":"article","og_title":"Emiss\u00e3o de nota fiscal de MEIs tem taxas reduzidas","og_description":"O profissional MEI passar\u00e1 a emitir notas fiscais mensalmente pagando uma taxa menor para algumas categorias de servi\u00e7o; confira quais","og_url":"https:\/\/www.suno.com.br\/noticias\/mei-nota-fiscal-taxa-reduzida-salario\/","og_site_name":"Suno Not\u00edcias","article_publisher":"https:\/\/facebook.com\/sunoresearch","og_image":[{"width":1200,"height":800,"url":"https:\/\/files.sunoresearch.com.br\/n\/uploads\/2023\/06\/mei-nota-fiscal-taxa-reduzida-salario.jpg","type":"image\/jpeg"}],"author":"Camila Paim","twitter_card":"summary_large_image","twitter_creator":"@sunoresearch","twitter_site":"@sunoresearch","twitter_misc":{"Escrito por":"Camila Paim","Est. tempo de leitura":"3 minutos"},"schema":{"@context":"https:\/\/schema.org","@graph":[{"@type":"NewsArticle","@id":"https:\/\/www.suno.com.br\/noticias\/mei-nota-fiscal-taxa-reduzida-salario\/#article","isPartOf":{"@id":"https:\/\/www.suno.com.br\/noticias\/mei-nota-fiscal-taxa-reduzida-salario\/"},"author":{"name":"Camila Paim","@id":"https:\/\/www.suno.com.br\/noticias\/#\/schema\/person\/f341d3ae5d1cc685176c9a5327cdfdbb"},"headline":"Emiss\u00e3o de nota fiscal de MEIs tem taxas reduzidas para algumas categorias","datePublished":"2023-06-26T16:12:04+00:00","dateModified":"2023-06-26T16:13:26+00:00","mainEntityOfPage":{"@id":"https:\/\/www.suno.com.br\/noticias\/mei-nota-fiscal-taxa-reduzida-salario\/"},"wordCount":466,"publisher":{"@id":"https:\/\/www.suno.com.br\/noticias\/#organization"},"image":{"@id":"https:\/\/www.suno.com.br\/noticias\/mei-nota-fiscal-taxa-reduzida-salario\/#primaryimage"},"thumbnailUrl":"https:\/\/files.sunoresearch.com.br\/n\/uploads\/2023\/06\/mei-nota-fiscal-taxa-reduzida-salario.jpg","keywords":["impostos","sal\u00e1rio m\u00ednimo"],"articleSection":["Finan\u00e7as Pessoais"],"inLanguage":"pt-BR"},{"@type":"WebPage","@id":"https:\/\/www.suno.com.br\/noticias\/mei-nota-fiscal-taxa-reduzida-salario\/","url":"https:\/\/www.suno.com.br\/noticias\/mei-nota-fiscal-taxa-reduzida-salario\/","name":"Emiss\u00e3o de nota fiscal de MEIs tem taxas reduzidas","isPartOf":{"@id":"https:\/\/www.suno.com.br\/noticias\/#website"},"primaryImageOfPage":{"@id":"https:\/\/www.suno.com.br\/noticias\/mei-nota-fiscal-taxa-reduzida-salario\/#primaryimage"},"image":{"@id":"https:\/\/www.suno.com.br\/noticias\/mei-nota-fiscal-taxa-reduzida-salario\/#primaryimage"},"thumbnailUrl":"https:\/\/files.sunoresearch.com.br\/n\/uploads\/2023\/06\/mei-nota-fiscal-taxa-reduzida-salario.jpg","datePublished":"2023-06-26T16:12:04+00:00","dateModified":"2023-06-26T16:13:26+00:00","description":"O profissional MEI passar\u00e1 a emitir notas fiscais mensalmente pagando uma taxa menor para algumas categorias de servi\u00e7o; confira quais","breadcrumb":{"@id":"https:\/\/www.suno.com.br\/noticias\/mei-nota-fiscal-taxa-reduzida-salario\/#breadcrumb"},"inLanguage":"pt-BR","potentialAction":[{"@type":"ReadAction","target":["https:\/\/www.suno.com.br\/noticias\/mei-nota-fiscal-taxa-reduzida-salario\/"]}]},{"@type":"ImageObject","inLanguage":"pt-BR","@id":"https:\/\/www.suno.com.br\/noticias\/mei-nota-fiscal-taxa-reduzida-salario\/#primaryimage","url":"https:\/\/files.sunoresearch.com.br\/n\/uploads\/2023\/06\/mei-nota-fiscal-taxa-reduzida-salario.jpg","contentUrl":"https:\/\/files.sunoresearch.com.br\/n\/uploads\/2023\/06\/mei-nota-fiscal-taxa-reduzida-salario.jpg","width":1200,"height":800,"caption":"Nova emiss\u00e3o de nota fiscal para MEIs tem taxas reduzidas;confira as categorias - Foto: Unsplash"},{"@type":"BreadcrumbList","@id":"https:\/\/www.suno.com.br\/noticias\/mei-nota-fiscal-taxa-reduzida-salario\/#breadcrumb","itemListElement":[{"@type":"ListItem","position":1,"name":"Not\u00edcias","item":"https:\/\/www.suno.com.br\/noticias\/"},{"@type":"ListItem","position":2,"name":"Finan\u00e7as Pessoais","item":"https:\/\/www.suno.com.br\/noticias\/financas-pessoais\/"},{"@type":"ListItem","position":3,"name":"Emiss\u00e3o de nota fiscal de MEIs tem taxas reduzidas para algumas categorias"}]},{"@type":"WebSite","@id":"https:\/\/www.suno.com.br\/noticias\/#website","url":"https:\/\/www.suno.com.br\/noticias\/","name":"Suno Not\u00edcias","description":"Seu portal de informa\u00e7\u00e3o sobre o mundo dos investimentos","publisher":{"@id":"https:\/\/www.suno.com.br\/noticias\/#organization"},"potentialAction":[{"@type":"SearchAction","target":{"@type":"EntryPoint","urlTemplate":"https:\/\/www.suno.com.br\/noticias\/?s={search_term_string}"},"query-input":{"@type":"PropertyValueSpecification","valueRequired":true,"valueName":"search_term_string"}}],"inLanguage":"pt-BR"},{"@type":"Organization","@id":"https:\/\/www.suno.com.br\/noticias\/#organization","name":"Suno Not\u00edcias","url":"https:\/\/www.suno.com.br\/noticias\/","logo":{"@type":"ImageObject","inLanguage":"pt-BR","@id":"https:\/\/www.suno.com.br\/noticias\/#\/schema\/logo\/image\/","url":"https:\/\/files.sunoresearch.com.br\/n\/uploads\/2021\/09\/suno-logo.png","contentUrl":"https:\/\/files.sunoresearch.com.br\/n\/uploads\/2021\/09\/suno-logo.png","width":180,"height":180,"caption":"Suno Not\u00edcias"},"image":{"@id":"https:\/\/www.suno.com.br\/noticias\/#\/schema\/logo\/image\/"},"sameAs":["https:\/\/facebook.com\/sunoresearch","https:\/\/x.com\/sunoresearch","https:\/\/www.instagram.com\/suno","https:\/\/www.linkedin.com\/company\/suno-research\/","https:\/\/www.youtube.com\/c\/sunoresearch"]},{"@type":"Person","@id":"https:\/\/www.suno.com.br\/noticias\/#\/schema\/person\/f341d3ae5d1cc685176c9a5327cdfdbb","name":"Camila Paim","image":{"@type":"ImageObject","inLanguage":"pt-BR","@id":"https:\/\/www.suno.com.br\/noticias\/#\/schema\/person\/image\/","url":"https:\/\/secure.gravatar.com\/avatar\/f33728e65febb1aa7ecf6792956f9b20?s=96&r=g","contentUrl":"https:\/\/secure.gravatar.com\/avatar\/f33728e65febb1aa7ecf6792956f9b20?s=96&r=g","caption":"Camila Paim"},"description":"Jornalista formada pela USP, tem experi\u00eancia em reda\u00e7\u00f5es, SEO, Branded Content e Webdesign. Com passagem pelo Jornal da USP, Empiricus e C6 Bank, hoje \u00e9 rep\u00f3rter no Suno Not\u00edcias cobrindo macroeconomia, finan\u00e7as pessoais e startups.","url":"https:\/\/www.suno.com.br\/noticias\/author\/camila-figueiredosuno-com-br\/"}]}},"default_loop_html":"<div class=\"cardsPage__listCard__boxs\"><div class=\"cardsPage__listCard__boxs__img\"><a href=\"https:\/\/www.suno.com.br\/noticias\/mei-nota-fiscal-taxa-reduzida-salario\/\"><img class=\"mask\" src=\"https:\/\/www.suno.com.br\/noticias\/wp-content\/themes\/suno\/resources\/images\/spotlight\/spotlight1img\/bg-mask.png\" alt=\"Image Mask\"\/><img src=\"https:\/\/files.sunoresearch.com.br\/n\/uploads\/2023\/06\/mei-nota-fiscal-taxa-reduzida-salario-400x200.jpg\" alt=\"Emiss\u00e3o de nota fiscal de MEIs tem taxas reduzidas para algumas categorias\"\/><\/a><span class=\"spotlightCategory\"><a href=\"https:\/\/www.suno.com.br\/noticias\/financas-pessoais\/\">Finan\u00e7as Pessoais<\/a><\/span><\/div><div class=\"cardsPage__listCard__boxs__content\"><a href=\"https:\/\/www.suno.com.br\/noticias\/mei-nota-fiscal-taxa-reduzida-salario\/\"><h2 class=\"content__title\">Emiss\u00e3o de nota fiscal de MEIs tem taxas reduzidas para algumas categorias<\/h2><\/a><div class=\"newsContent__article__meta\"><div class=\"newsContent__article__meta__authorBox\"><a href=\"https:\/\/www.suno.com.br\/noticias\/author\/camila-figueiredosuno-com-br\/\" class=\"authorBox__avatar noMobi\"><img src=\"https:\/\/files.sunoresearch.com.br\/n\/uploads\/2024\/05\/camila-paim-square-150x150.jpg\" alt=\"Camila Paim\"><\/a><div class=\"authorBox__name\"><span>por\n\t\t\t<a href=\"https:\/\/www.suno.com.br\/noticias\/author\/camila-figueiredosuno-com-br\/\"><span itemprop=\"author\">Camila Paim<\/span><\/a><\/span><time datetime=\"2023-06-26T13:12:04-03:00\" itemprop=\"datePublished\">26\/06\/2023 13:12<\/time><\/div><\/div><\/div><\/div><\/div>","single_layout":"posts","amp_enabled":true,"_links":{"self":[{"href":"https:\/\/www.suno.com.br\/noticias\/wp-json\/wp\/v2\/posts\/421320"}],"collection":[{"href":"https:\/\/www.suno.com.br\/noticias\/wp-json\/wp\/v2\/posts"}],"about":[{"href":"https:\/\/www.suno.com.br\/noticias\/wp-json\/wp\/v2\/types\/post"}],"author":[{"embeddable":true,"href":"https:\/\/www.suno.com.br\/noticias\/wp-json\/wp\/v2\/users\/283"}],"replies":[{"embeddable":true,"href":"https:\/\/www.suno.com.br\/noticias\/wp-json\/wp\/v2\/comments?post=421320"}],"version-history":[{"count":2,"href":"https:\/\/www.suno.com.br\/noticias\/wp-json\/wp\/v2\/posts\/421320\/revisions"}],"predecessor-version":[{"id":421354,"href":"https:\/\/www.suno.com.br\/noticias\/wp-json\/wp\/v2\/posts\/421320\/revisions\/421354"}],"wp:featuredmedia":[{"embeddable":true,"href":"https:\/\/www.suno.com.br\/noticias\/wp-json\/wp\/v2\/media\/421331"}],"wp:attachment":[{"href":"https:\/\/www.suno.com.br\/noticias\/wp-json\/wp\/v2\/media?parent=421320"}],"wp:term":[{"taxonomy":"category","embeddable":true,"href":"https:\/\/www.suno.com.br\/noticias\/wp-json\/wp\/v2\/categories?post=421320"},{"taxonomy":"post_tag","embeddable":true,"href":"https:\/\/www.suno.com.br\/noticias\/wp-json\/wp\/v2\/tags?post=421320"},{"taxonomy":"suno_strategy","embeddable":true,"href":"https:\/\/www.suno.com.br\/noticias\/wp-json\/wp\/v2\/suno_strategy?post=421320"}],"curies":[{"name":"wp","href":"https:\/\/api.w.org\/{rel}","templated":true}]}}