{"id":421073,"date":"2023-06-25T17:05:44","date_gmt":"2023-06-25T20:05:44","guid":{"rendered":"https:\/\/www.suno.com.br\/noticias\/?p=421073"},"modified":"2023-07-12T19:19:37","modified_gmt":"2023-07-12T22:19:37","slug":"fundos-imobiliarios-30-anos-primeiro-fii-mudancas","status":"publish","type":"post","link":"https:\/\/www.suno.com.br\/noticias\/fundos-imobiliarios-30-anos-primeiro-fii-mudancas\/","title":{"rendered":"Fundos imobili\u00e1rios completam 30 anos; Veja qual foi o 1\u00ba FII e as grandes mudan\u00e7as do mercado"},"content":{"rendered":"<p>Os <strong>fundos imobili\u00e1rios<\/strong> completam 30 anos de exist\u00eancia no Brasil neste domingo (25). A promulga\u00e7\u00e3o da Lei n\u00ba 8.668 foi aprovada pelo presidente da \u00e9poca, Itamar Franco, no dia 25 de junho de 1993. A partir disso, os FIIs tiveram sua primeira regulamenta\u00e7\u00e3o da <a class=\"suno-keyword\" target=\"_blank\" data-force=\"no\" data-priority=\"2\" href=\"https:\/\/www.suno.com.br\/artigos\/cvm\/\" rel=\"noopener\">Comiss\u00e3o de Valores Mobili\u00e1rios (CVM)<\/a> no ano seguinte.<\/p>\t<div class=\"wrapper-featured-image\">\n\t\t<figure class=\"spotlightImg\">\n\n\t\t\t<picture>\n\t\t\t\t<source media=\"(max-width: 768px)\" srcset=\"https:\/\/files.sunoresearch.com.br\/n\/uploads\/2023\/05\/fiis-ifix-400x200.jpg\">\n\t\t\t\t<img loading=\"lazy\" decoding=\"async\" class=\"newsContent__article__imgCapa lazyloadDisabled \" src=\"https:\/\/files.sunoresearch.com.br\/n\/uploads\/2023\/05\/fiis-ifix-800x450.jpg\" width=\"800\" height=\"450\" alt=\"Fundos imobili\u00e1rios completam 30 anos; Veja qual foi o 1\u00ba FII e as grandes mudan\u00e7as do mercado\" fetchpriority=high \/>\n\t\t\t<\/picture>\n\n\t\t\t<figcaption class=\"wp-caption-text wp-caption-text--show\">Copel (CPLE6), Braskem (BRKM5) e GPA (PCAR3) agitam mercado financeiro hoje. Foto: iStock<\/figcaption>\n\t\t<\/figure>\n\t<\/div>\n\n\n\n\n\n\t<p>\n\t\t<a href=\"https:\/\/lp2.suno.com.br\/cl\/black-friday-2025\/?utm_campaign=_SNCDF0E4858_\" target=\"_blank\" data-element=\"shortcode-suno-banner\" title=\"Banner SUNO, clique e saiba mais\">\n\t\t\t<picture>\n\t\t\t\t<source media=\"(max-width: 500px)\" srcset=\"https:\/\/files.sunoresearch.com.br\/n\/uploads\/2025\/10\/Artigos-e-Noticias-Banner-Home-artigos-01-Mobile_-400x300-1-png.webp\">\n\t\t\t\t<img class=\"newsContent__article__imgCapa newsContent__article__imgCapa--banner\"\n\t\t\t\t\tsrc=\"https:\/\/files.sunoresearch.com.br\/n\/uploads\/2025\/10\/Artigos-e-Noticias-Banner-Home-artigos-01-Desktop_-1420x240-1-png.webp\"\n\t\t\t\t\tdata-promo-id=\"311259\"\t\t\t\t\t\t\t\t\t\twidth='1420' height='240'\t\t\t\t\talt=\"https:\/\/files.sunoresearch.com.br\/n\/uploads\/2025\/10\/Artigos-e-Noticias-Banner-Home-artigos-01-Desktop_-1420x240-1-png.webp\"\n\t\t\t\t>\n\t\t\t<\/picture>\n\t\t<\/a>\n\t<\/p>\n\n\n\n\n\n<p>Muitos dos primeiros fundos imobili\u00e1rios do mercado n\u00e3o existem mais atualmente, mas o <strong>primeiro FII do Brasil<\/strong>, o Memorial Office (<a class=\"suno-keyword\" target=\"_blank\" data-force=\"yes\" data-priority=\"2\" href=\"https:\/\/www.suno.com.br\/fundos-imobiliarios\/fmof11\/\" rel=\"noopener\">FMOF11<\/a>), se encontra em funcionamento at\u00e9 os dias de hoje.<\/p>\n\n\n\n<p>No ano de 1999, uma lei importante tamb\u00e9m foi aprovada para os <strong>fundos imobili\u00e1rios no Brasil<\/strong>, trazendo a isen\u00e7\u00e3o tribut\u00e1ria aos FIIs, o que permitiu fazer uma separa\u00e7\u00e3o mais definitiva desse tipo de fundo das SPEs imobili\u00e1rias.<\/p>\n\n\n\t<div data-element=\"shortcode-read-more\" class=\"knowMore\">\n\t\t\t\t<span class=\"knowMore__title\">Leia mais<\/span>\n\t\t\t\t<a class=\"knowMore__link\" href=\"https:\/\/www.suno.com.br\/noticias\/fundo-imobiliario-urpr11-8-emissao-cotas\/\">\n\t\t\tURPR11 quer captar R$ 500 milh\u00f5es em oferta de emiss\u00e3o de cotas; Veja detalhes\t\t<\/a>\n\t<\/div>\n\n\n\n\n<p>No in\u00edcio, existiam apenas os<strong> FIIs de tijolo<\/strong>, que s\u00e3o aqueles que investem principalmente em <a class=\"suno-keyword\" data-force=\"no\" data-priority=\"1\" href=\"https:\/\/www.suno.com.br\/artigos\/ativos-reais\/\" target=\"_blank\" rel=\"noopener\">ativos reais<\/a>, como os im\u00f3veis f\u00edsicos. A partir da cria\u00e7\u00e3o dos <a class=\"suno-keyword\" data-force=\"no\" data-priority=\"1\" href=\"https:\/\/www.suno.com.br\/artigos\/certificados-recebiveis-imobiliarios\/\" target=\"_blank\" rel=\"noopener\">Certificados de Receb\u00edveis Imobili\u00e1rios<\/a> (CRI) no ano de 1997, iniciou-se a expans\u00e3o desse mercado, com o surgimento dos fundos imobili\u00e1rios de papel.<\/p>\n\n\n\n<p>A cria\u00e7\u00e3o do CRI e posteriormente dos <strong>FIIs de papel<\/strong>, serviu n\u00e3o apenas para trazer maior liquidez e seguran\u00e7a ao mercado imobili\u00e1rio, mas tamb\u00e9m deu in\u00edcio a expans\u00e3o dos tipos de fundos imobili\u00e1rios presentes no mercado.<\/p>\n\n\n\n<p>Hoje, com o crescimento do <strong>mercado de FIIs<\/strong>, eles se apresentam em diversos segmentos, desde os mais conhecidos pelos investidores, at\u00e9 alguns bastante curiosos, como \u00e9 o caso do <a class=\"suno-keyword\" data-force=\"yes\" data-priority=\"2\" href=\"https:\/\/www.suno.com.br\/fundos-imobiliarios\/care11\/\" target=\"_blank\" rel=\"noopener\">CARE11<\/a>, fundo imobili\u00e1rio de cemit\u00e9rios.<\/p>\n\n\n\n<p>Assim, os investidores t\u00eam a possibilidade de construir uma carteira de FIIs bastante diversificada, conseguindo se expor aos segmentos de escrit\u00f3rio, log\u00edstica, varejo, hotel, bancos, shoppings, dentre outros.<\/p>\n\n\n\n<h2 class=\"wp-block-heading\"><a><\/a>Crescimento do mercado de fundos imobili\u00e1rios<\/h2>\n\n\n\n<p>Com a Instru\u00e7\u00e3o Normativa n\u00ba 472 de 2008, os fundos imobili\u00e1rios tiveram a regulamenta\u00e7\u00e3o vigente at\u00e9 hoje. Com ela, os FIIs passaram a ter natureza jur\u00eddica especial de condom\u00ednio fechado.<\/p>\n\n\n\n<p>Al\u00e9m disso, foi o momento em que se estabeleceu a distribui\u00e7\u00e3o m\u00ednima semestral de 95% dos rendimentos auferidos aos cotistas, na forma de <strong><a class=\"suno-keyword\" data-force=\"no\" data-priority=\"1\" href=\"https:\/\/www.suno.com.br\/guias\/dividendos\/\" target=\"_blank\" rel=\"noopener\">dividendos<\/a> de FIIs<\/strong>.<\/p>\n\n\n\n<p>Essa regulamenta\u00e7\u00e3o trouxe a possibilidade de os fundos imobili\u00e1rios investirem em diversos ativos distintos, al\u00e9m dos pr\u00f3prios im\u00f3veis e CRIs, como em a\u00e7\u00f5es, por exemplo. Al\u00e9m disso, esse foi o momento inicial para que o n\u00famero de investidores de FIIs come\u00e7asse a crescer de forma mais acelerada.<\/p>\n\n\n\n<p>At\u00e9 2008, menos de 100 <strong>FIIs <\/strong>estavam nesse mercado e hoje esse n\u00famero chega a quase 1000, dos quais 443 est\u00e3o listados na B3, para livre negocia\u00e7\u00e3o entre os investidores de forma geral.<\/p>\n\n\n\n<p>Uma curiosidade do mercado de FIIs \u00e9 que s\u00f3 a partir de 2010 as cotas passaram a ser negociadas durante todo o funcionamento da sess\u00e3o na B3. Antes disso, as ordens de compra e venda eram cruzadas em um hor\u00e1rio espec\u00edfico.<\/p>\n\n\n\n<p>Assim, o investidor deveria emitir a <a class=\"suno-keyword\" target=\"_blank\" data-force=\"no\" data-priority=\"1\" href=\"https:\/\/www.suno.com.br\/artigos\/ordem-de-compra\/\" rel=\"noopener\">ordem de compra<\/a> ou venda at\u00e9 uma determinada hora para fechar a negocia\u00e7\u00e3o no mesmo dia, se n\u00e3o, ela poderia ser feita no dia seguinte, se houvesse cruzamento com uma opera\u00e7\u00e3o oposta no sistema. O aumento da liquidez desse mercado fez com que as negocia\u00e7\u00f5es pudessem ser feitas durante todo o preg\u00e3o.<\/p>\n\n\n\n<p>O <strong>IFIX<\/strong>, por sua vez, foi o primeiro \u00edndice da B3 fora do \u00e2mbito do mercado de a\u00e7\u00f5es. Sua cria\u00e7\u00e3o se deu em 2012, servindo como um indicador de desempenho m\u00e9dio das cota\u00e7\u00f5es dos FIIs mais negociados nos mercados de bolsa e de balc\u00e3o organizado, sendo composto atualmente por 111 fundos.<\/p>\n\n\n\n<p>2012 foi um ano importante para o <strong>mercado de fundos imobili\u00e1rios<\/strong>. Al\u00e9m da cria\u00e7\u00e3o do IFIX, foi quando o n\u00famero de investidores desse mercado alcan\u00e7ou a marca de 100 mil. A partir de 2018, essa quantidade de fato deslanchou, e hoje s\u00e3o mais de 2 milh\u00f5es de cotistas de FIIs.<\/p>\n\n\n\n<p>Segundo a B3, de dezembro de 2018 a janeiro de 2022, o crescimento do n\u00famero de investidores de FIIs foi de cerca de 660%.<\/p>\n\n\n\n<h2 class=\"wp-block-heading\"><a><\/a>Maiores fundos imobili\u00e1rios do Brasil<\/h2>\n\n\n\n<p>Em patrim\u00f4nio l\u00edquido, os 15 maiores fundos imobili\u00e1rios s\u00e3o:<\/p>\n\n\n\n<ol class=\"wp-block-list\" type=\"1\" start=\"1\">\n<li>KNIP11 &#8211; R$ 7,8 bilh\u00f5es<\/li>\n\n\n\n<li>PBLV11 &#8211; R$ 5,8 bilh\u00f5es<\/li>\n\n\n\n<li>KNCR11 &#8211; R$ 5,8 bilh\u00f5es<\/li>\n\n\n\n<li>KNRI11 &#8211; R$ 3,9 bilh\u00f5es<\/li>\n\n\n\n<li>HGLG11 &#8211; R$ 3,6 bilh\u00f5es<\/li>\n\n\n\n<li>IRDM11 &#8211; R$ 3,3 bilh\u00f5es<\/li>\n\n\n\n<li>XPLG11 &#8211; R$ 3,1 bilh\u00f5es<\/li>\n\n\n\n<li>CPTS11 &#8211; R$ 2,9 bilh\u00f5es<\/li>\n\n\n\n<li>FTCE11 &#8211; R$ 2,8 bilh\u00f5es<\/li>\n\n\n\n<li>BRCR11 &#8211; R$ 2,7 bilh\u00f5es<\/li>\n\n\n\n<li>RECR11 &#8211; R$ 2,5 bilh\u00f5es<\/li>\n\n\n\n<li>HCTR11 &#8211; R$ 2,4 bilh\u00f5es<\/li>\n\n\n\n<li>JSRE11 &#8211; R$ 2,3 bilh\u00f5es<\/li>\n\n\n\n<li>HGRU11 &#8211; R$ 2,3 bilh\u00f5es<\/li>\n\n\n\n<li>MXRF11 &#8211; R$ 2,3 bilh\u00f5es<\/li>\n<\/ol>\n\n\n\n<p>J\u00e1 em n\u00famero de investidores, os 15 maiores s\u00e3o:<\/p>\n\n\n\n<ol class=\"wp-block-list\" type=\"1\" start=\"1\">\n<li>MXRF11 &#8211; 843,9 mil<\/li>\n\n\n\n<li>HGLG11 &#8211; 353,3 mil<\/li>\n\n\n\n<li>XPML11 &#8211; 317,4 mil<\/li>\n\n\n\n<li>XPLG11 &#8211; 310,9 mil<\/li>\n\n\n\n<li>BCFF11 &#8211; 302,4 mil<\/li>\n\n\n\n<li>IRDM11 &#8211; 286,1 mil<\/li>\n\n\n\n<li>VGHF11 &#8211; 249,6 mil<\/li>\n\n\n\n<li>KNRI11 &#8211; 249,1 mil<\/li>\n\n\n\n<li>VISC11 &#8211; 246,3 mil<\/li>\n\n\n\n<li>KNCR11 &#8211; 234,2 mil<\/li>\n\n\n\n<li>CPTS11 &#8211; 223,3 mil<\/li>\n\n\n\n<li>BTLG11 &#8211; 216,5 mil<\/li>\n\n\n\n<li>HCTR11 &#8211; 209,6 mil<\/li>\n\n\n\n<li>HGRU11 &#8211; 199,1 mil<\/li>\n\n\n\n<li>RECR11 &#8211; 185,8 mil<\/li>\n<\/ol>\n\n\n\n<p>Assim, ap\u00f3s 30 anos de exist\u00eancia, os <strong>fundos imobili\u00e1rios<\/strong> se mostraram resilientes, se consolidando como uma forma mais acess\u00edvel e pr\u00e1tica de investir no setor imobili\u00e1rio.<\/p>\n\n\n\t<p>\n\t\t<a href=\"https:\/\/lp.suno.com.br\/ebook-como-analisar-uma-acao\/\" target=\"_blank\" data-element=\"shortcode-suno-banner\" title=\"Banner SUNO, clique e saiba mais\">\n\t\t\t<picture>\n\t\t\t\t<source media=\"(max-width: 500px)\" srcset=\"https:\/\/files.sunoresearch.com.br\/n\/uploads\/2023\/12\/Ebook-Acoes-Mobile.jpg\">\n\t\t\t\t<img class=\"newsContent__article__imgCapa newsContent__article__imgCapa--banner\"\n\t\t\t\t\tsrc=\"https:\/\/files.sunoresearch.com.br\/n\/uploads\/2023\/12\/Ebook-Acoes-Desktop.webp\"\n\t\t\t\t\tdata-promo-id=\"311260\"\t\t\t\t\t\t\t\t\t\twidth='1420' height='286'\t\t\t\t\talt=\"https:\/\/files.sunoresearch.com.br\/n\/uploads\/2023\/12\/Ebook-Acoes-Desktop.webp\"\n\t\t\t\t>\n\t\t\t<\/picture>\n\t\t<\/a>\n\t<\/p>\n\n\n","protected":false},"excerpt":{"rendered":"<p>Os fundos imobili\u00e1rios completam 30 anos de exist\u00eancia no Brasil neste domingo (25). A promulga\u00e7\u00e3o da Lei n\u00ba 8.668 foi aprovada pelo presidente da \u00e9poca, Itamar Franco, no dia 25 de junho de 1993. A partir disso, os FIIs tiveram sua primeira regulamenta\u00e7\u00e3o da Comiss\u00e3o de Valores Mobili\u00e1rios (CVM) no ano seguinte. Copel (CPLE6), Braskem [&hellip;]<\/p>\n","protected":false},"author":173,"featured_media":408491,"comment_status":"closed","ping_status":"closed","sticky":false,"template":"","format":"standard","meta":[],"categories":[66],"tags":[107098,315],"suno_strategy":[],"class_list":["post-421073","post","type-post","status-publish","format-standard","has-post-thumbnail","hentry","category-fiis","tag-fiis-30-anos","tag-fundos-imobiliarios-fiis"],"yoast_head":"<!-- This site is optimized with the Yoast SEO plugin v24.4 - https:\/\/yoast.com\/wordpress\/plugins\/seo\/ -->\n<title>Fundos imobili\u00e1rios completam 30 anos; Veja qual foi o 1\u00ba FII e se ele existe<\/title>\n<meta name=\"description\" content=\"Os fundos imobili\u00e1rios completam 30 anos neste domingo (25). Veja qual foi o 1\u00ba FII e confira as grandes mudan\u00e7as do mercado.\" \/>\n<meta name=\"robots\" content=\"index, follow, max-snippet:-1, max-image-preview:large, max-video-preview:-1\" \/>\n<link rel=\"canonical\" href=\"https:\/\/www.suno.com.br\/noticias\/fundos-imobiliarios-30-anos-primeiro-fii-mudancas\/\" \/>\n<meta property=\"og:locale\" content=\"pt_BR\" \/>\n<meta property=\"og:type\" content=\"article\" \/>\n<meta property=\"og:title\" content=\"Fundos imobili\u00e1rios completam 30 anos; Veja qual foi o 1\u00ba FII e se ele existe\" \/>\n<meta property=\"og:description\" content=\"Os fundos imobili\u00e1rios completam 30 anos neste domingo (25). Veja qual foi o 1\u00ba FII e confira as grandes mudan\u00e7as do mercado.\" \/>\n<meta property=\"og:url\" content=\"https:\/\/www.suno.com.br\/noticias\/fundos-imobiliarios-30-anos-primeiro-fii-mudancas\/\" \/>\n<meta property=\"og:site_name\" content=\"Suno Not\u00edcias\" \/>\n<meta property=\"article:publisher\" content=\"https:\/\/facebook.com\/sunoresearch\" \/>\n<meta property=\"og:image\" content=\"https:\/\/files.sunoresearch.com.br\/n\/uploads\/2023\/05\/fiis-ifix.jpg\" \/>\n\t<meta property=\"og:image:width\" content=\"1200\" \/>\n\t<meta property=\"og:image:height\" content=\"800\" \/>\n\t<meta property=\"og:image:type\" content=\"image\/jpeg\" \/>\n<meta name=\"author\" content=\"Jo\u00e3o Vitor\" \/>\n<meta name=\"twitter:card\" content=\"summary_large_image\" \/>\n<meta name=\"twitter:creator\" content=\"@sunoresearch\" \/>\n<meta name=\"twitter:site\" content=\"@sunoresearch\" \/>\n<meta name=\"twitter:label1\" content=\"Escrito por\" \/>\n\t<meta name=\"twitter:data1\" content=\"Jo\u00e3o Vitor\" \/>\n\t<meta name=\"twitter:label2\" content=\"Est. tempo de leitura\" \/>\n\t<meta name=\"twitter:data2\" content=\"5 minutos\" \/>\n<script type=\"application\/ld+json\" class=\"yoast-schema-graph\">{\"@context\":\"https:\/\/schema.org\",\"@graph\":[{\"@type\":\"NewsArticle\",\"@id\":\"https:\/\/www.suno.com.br\/noticias\/fundos-imobiliarios-30-anos-primeiro-fii-mudancas\/#article\",\"isPartOf\":{\"@id\":\"https:\/\/www.suno.com.br\/noticias\/fundos-imobiliarios-30-anos-primeiro-fii-mudancas\/\"},\"author\":{\"name\":\"Jo\u00e3o Vitor\",\"@id\":\"https:\/\/www.suno.com.br\/noticias\/#\/schema\/person\/87fc6973867c52dd884811905c43afba\"},\"headline\":\"Fundos imobili\u00e1rios completam 30 anos; Veja qual foi o 1\u00ba FII e as grandes mudan\u00e7as do mercado\",\"datePublished\":\"2023-06-25T20:05:44+00:00\",\"dateModified\":\"2023-07-12T22:19:37+00:00\",\"mainEntityOfPage\":{\"@id\":\"https:\/\/www.suno.com.br\/noticias\/fundos-imobiliarios-30-anos-primeiro-fii-mudancas\/\"},\"wordCount\":885,\"publisher\":{\"@id\":\"https:\/\/www.suno.com.br\/noticias\/#organization\"},\"image\":{\"@id\":\"https:\/\/www.suno.com.br\/noticias\/fundos-imobiliarios-30-anos-primeiro-fii-mudancas\/#primaryimage\"},\"thumbnailUrl\":\"https:\/\/files.sunoresearch.com.br\/n\/uploads\/2023\/05\/fiis-ifix.jpg\",\"keywords\":[\"30 anos dos FIIs\",\"Fundos Imobili\u00e1rios (FIIs)\"],\"articleSection\":[\"FIIs\"],\"inLanguage\":\"pt-BR\"},{\"@type\":\"WebPage\",\"@id\":\"https:\/\/www.suno.com.br\/noticias\/fundos-imobiliarios-30-anos-primeiro-fii-mudancas\/\",\"url\":\"https:\/\/www.suno.com.br\/noticias\/fundos-imobiliarios-30-anos-primeiro-fii-mudancas\/\",\"name\":\"Fundos imobili\u00e1rios completam 30 anos; Veja qual foi o 1\u00ba FII e se ele existe\",\"isPartOf\":{\"@id\":\"https:\/\/www.suno.com.br\/noticias\/#website\"},\"primaryImageOfPage\":{\"@id\":\"https:\/\/www.suno.com.br\/noticias\/fundos-imobiliarios-30-anos-primeiro-fii-mudancas\/#primaryimage\"},\"image\":{\"@id\":\"https:\/\/www.suno.com.br\/noticias\/fundos-imobiliarios-30-anos-primeiro-fii-mudancas\/#primaryimage\"},\"thumbnailUrl\":\"https:\/\/files.sunoresearch.com.br\/n\/uploads\/2023\/05\/fiis-ifix.jpg\",\"datePublished\":\"2023-06-25T20:05:44+00:00\",\"dateModified\":\"2023-07-12T22:19:37+00:00\",\"description\":\"Os fundos imobili\u00e1rios completam 30 anos neste domingo (25). Veja qual foi o 1\u00ba FII e confira as grandes mudan\u00e7as do mercado.\",\"breadcrumb\":{\"@id\":\"https:\/\/www.suno.com.br\/noticias\/fundos-imobiliarios-30-anos-primeiro-fii-mudancas\/#breadcrumb\"},\"inLanguage\":\"pt-BR\",\"potentialAction\":[{\"@type\":\"ReadAction\",\"target\":[\"https:\/\/www.suno.com.br\/noticias\/fundos-imobiliarios-30-anos-primeiro-fii-mudancas\/\"]}]},{\"@type\":\"ImageObject\",\"inLanguage\":\"pt-BR\",\"@id\":\"https:\/\/www.suno.com.br\/noticias\/fundos-imobiliarios-30-anos-primeiro-fii-mudancas\/#primaryimage\",\"url\":\"https:\/\/files.sunoresearch.com.br\/n\/uploads\/2023\/05\/fiis-ifix.jpg\",\"contentUrl\":\"https:\/\/files.sunoresearch.com.br\/n\/uploads\/2023\/05\/fiis-ifix.jpg\",\"width\":1200,\"height\":800,\"caption\":\"Copel (CPLE6), Braskem (BRKM5) e GPA (PCAR3) agitam mercado financeiro hoje. Foto: iStock\"},{\"@type\":\"BreadcrumbList\",\"@id\":\"https:\/\/www.suno.com.br\/noticias\/fundos-imobiliarios-30-anos-primeiro-fii-mudancas\/#breadcrumb\",\"itemListElement\":[{\"@type\":\"ListItem\",\"position\":1,\"name\":\"Not\u00edcias\",\"item\":\"https:\/\/www.suno.com.br\/noticias\/\"},{\"@type\":\"ListItem\",\"position\":2,\"name\":\"FIIs\",\"item\":\"https:\/\/www.suno.com.br\/noticias\/fiis\/\"},{\"@type\":\"ListItem\",\"position\":3,\"name\":\"Fundos imobili\u00e1rios completam 30 anos; Veja qual foi o 1\u00ba FII e as grandes mudan\u00e7as do mercado\"}]},{\"@type\":\"WebSite\",\"@id\":\"https:\/\/www.suno.com.br\/noticias\/#website\",\"url\":\"https:\/\/www.suno.com.br\/noticias\/\",\"name\":\"Suno Not\u00edcias\",\"description\":\"Seu portal de informa\u00e7\u00e3o sobre o mundo dos investimentos\",\"publisher\":{\"@id\":\"https:\/\/www.suno.com.br\/noticias\/#organization\"},\"potentialAction\":[{\"@type\":\"SearchAction\",\"target\":{\"@type\":\"EntryPoint\",\"urlTemplate\":\"https:\/\/www.suno.com.br\/noticias\/?s={search_term_string}\"},\"query-input\":{\"@type\":\"PropertyValueSpecification\",\"valueRequired\":true,\"valueName\":\"search_term_string\"}}],\"inLanguage\":\"pt-BR\"},{\"@type\":\"Organization\",\"@id\":\"https:\/\/www.suno.com.br\/noticias\/#organization\",\"name\":\"Suno Not\u00edcias\",\"url\":\"https:\/\/www.suno.com.br\/noticias\/\",\"logo\":{\"@type\":\"ImageObject\",\"inLanguage\":\"pt-BR\",\"@id\":\"https:\/\/www.suno.com.br\/noticias\/#\/schema\/logo\/image\/\",\"url\":\"https:\/\/files.sunoresearch.com.br\/n\/uploads\/2021\/09\/suno-logo.png\",\"contentUrl\":\"https:\/\/files.sunoresearch.com.br\/n\/uploads\/2021\/09\/suno-logo.png\",\"width\":180,\"height\":180,\"caption\":\"Suno Not\u00edcias\"},\"image\":{\"@id\":\"https:\/\/www.suno.com.br\/noticias\/#\/schema\/logo\/image\/\"},\"sameAs\":[\"https:\/\/facebook.com\/sunoresearch\",\"https:\/\/x.com\/sunoresearch\",\"https:\/\/www.instagram.com\/suno\",\"https:\/\/www.linkedin.com\/company\/suno-research\/\",\"https:\/\/www.youtube.com\/c\/sunoresearch\"]},{\"@type\":\"Person\",\"@id\":\"https:\/\/www.suno.com.br\/noticias\/#\/schema\/person\/87fc6973867c52dd884811905c43afba\",\"name\":\"Jo\u00e3o Vitor\",\"image\":{\"@type\":\"ImageObject\",\"inLanguage\":\"pt-BR\",\"@id\":\"https:\/\/www.suno.com.br\/noticias\/#\/schema\/person\/image\/\",\"url\":\"https:\/\/secure.gravatar.com\/avatar\/2843227ca03ccf8cc7ccca45204c127e?s=96&r=g\",\"contentUrl\":\"https:\/\/secure.gravatar.com\/avatar\/2843227ca03ccf8cc7ccca45204c127e?s=96&r=g\",\"caption\":\"Jo\u00e3o Vitor\"},\"description\":\"Redator profissional, com atua\u00e7\u00e3o no mercado editorial na produ\u00e7\u00e3o de not\u00edcias e conte\u00fados sobre o mercado de a\u00e7\u00f5es, fundos imobili\u00e1rios e economia popular. Graduando em Engenharia Qu\u00edmica pela Unesp, tamb\u00e9m j\u00e1 atuou como consultor financeiro.\",\"url\":\"https:\/\/www.suno.com.br\/noticias\/author\/joao-vitor-jacintho\/\"}]}<\/script>\n<!-- \/ Yoast SEO plugin. -->","yoast_head_json":{"title":"Fundos imobili\u00e1rios completam 30 anos; Veja qual foi o 1\u00ba FII e se ele existe","description":"Os fundos imobili\u00e1rios completam 30 anos neste domingo (25). Veja qual foi o 1\u00ba FII e confira as grandes mudan\u00e7as do mercado.","robots":{"index":"index","follow":"follow","max-snippet":"max-snippet:-1","max-image-preview":"max-image-preview:large","max-video-preview":"max-video-preview:-1"},"canonical":"https:\/\/www.suno.com.br\/noticias\/fundos-imobiliarios-30-anos-primeiro-fii-mudancas\/","og_locale":"pt_BR","og_type":"article","og_title":"Fundos imobili\u00e1rios completam 30 anos; Veja qual foi o 1\u00ba FII e se ele existe","og_description":"Os fundos imobili\u00e1rios completam 30 anos neste domingo (25). Veja qual foi o 1\u00ba FII e confira as grandes mudan\u00e7as do mercado.","og_url":"https:\/\/www.suno.com.br\/noticias\/fundos-imobiliarios-30-anos-primeiro-fii-mudancas\/","og_site_name":"Suno Not\u00edcias","article_publisher":"https:\/\/facebook.com\/sunoresearch","og_image":[{"width":1200,"height":800,"url":"https:\/\/files.sunoresearch.com.br\/n\/uploads\/2023\/05\/fiis-ifix.jpg","type":"image\/jpeg"}],"author":"Jo\u00e3o Vitor","twitter_card":"summary_large_image","twitter_creator":"@sunoresearch","twitter_site":"@sunoresearch","twitter_misc":{"Escrito por":"Jo\u00e3o Vitor","Est. tempo de leitura":"5 minutos"},"schema":{"@context":"https:\/\/schema.org","@graph":[{"@type":"NewsArticle","@id":"https:\/\/www.suno.com.br\/noticias\/fundos-imobiliarios-30-anos-primeiro-fii-mudancas\/#article","isPartOf":{"@id":"https:\/\/www.suno.com.br\/noticias\/fundos-imobiliarios-30-anos-primeiro-fii-mudancas\/"},"author":{"name":"Jo\u00e3o Vitor","@id":"https:\/\/www.suno.com.br\/noticias\/#\/schema\/person\/87fc6973867c52dd884811905c43afba"},"headline":"Fundos imobili\u00e1rios completam 30 anos; Veja qual foi o 1\u00ba FII e as grandes mudan\u00e7as do mercado","datePublished":"2023-06-25T20:05:44+00:00","dateModified":"2023-07-12T22:19:37+00:00","mainEntityOfPage":{"@id":"https:\/\/www.suno.com.br\/noticias\/fundos-imobiliarios-30-anos-primeiro-fii-mudancas\/"},"wordCount":885,"publisher":{"@id":"https:\/\/www.suno.com.br\/noticias\/#organization"},"image":{"@id":"https:\/\/www.suno.com.br\/noticias\/fundos-imobiliarios-30-anos-primeiro-fii-mudancas\/#primaryimage"},"thumbnailUrl":"https:\/\/files.sunoresearch.com.br\/n\/uploads\/2023\/05\/fiis-ifix.jpg","keywords":["30 anos dos FIIs","Fundos Imobili\u00e1rios (FIIs)"],"articleSection":["FIIs"],"inLanguage":"pt-BR"},{"@type":"WebPage","@id":"https:\/\/www.suno.com.br\/noticias\/fundos-imobiliarios-30-anos-primeiro-fii-mudancas\/","url":"https:\/\/www.suno.com.br\/noticias\/fundos-imobiliarios-30-anos-primeiro-fii-mudancas\/","name":"Fundos imobili\u00e1rios completam 30 anos; Veja qual foi o 1\u00ba FII e se ele existe","isPartOf":{"@id":"https:\/\/www.suno.com.br\/noticias\/#website"},"primaryImageOfPage":{"@id":"https:\/\/www.suno.com.br\/noticias\/fundos-imobiliarios-30-anos-primeiro-fii-mudancas\/#primaryimage"},"image":{"@id":"https:\/\/www.suno.com.br\/noticias\/fundos-imobiliarios-30-anos-primeiro-fii-mudancas\/#primaryimage"},"thumbnailUrl":"https:\/\/files.sunoresearch.com.br\/n\/uploads\/2023\/05\/fiis-ifix.jpg","datePublished":"2023-06-25T20:05:44+00:00","dateModified":"2023-07-12T22:19:37+00:00","description":"Os fundos imobili\u00e1rios completam 30 anos neste domingo (25). Veja qual foi o 1\u00ba FII e confira as grandes mudan\u00e7as do mercado.","breadcrumb":{"@id":"https:\/\/www.suno.com.br\/noticias\/fundos-imobiliarios-30-anos-primeiro-fii-mudancas\/#breadcrumb"},"inLanguage":"pt-BR","potentialAction":[{"@type":"ReadAction","target":["https:\/\/www.suno.com.br\/noticias\/fundos-imobiliarios-30-anos-primeiro-fii-mudancas\/"]}]},{"@type":"ImageObject","inLanguage":"pt-BR","@id":"https:\/\/www.suno.com.br\/noticias\/fundos-imobiliarios-30-anos-primeiro-fii-mudancas\/#primaryimage","url":"https:\/\/files.sunoresearch.com.br\/n\/uploads\/2023\/05\/fiis-ifix.jpg","contentUrl":"https:\/\/files.sunoresearch.com.br\/n\/uploads\/2023\/05\/fiis-ifix.jpg","width":1200,"height":800,"caption":"Copel (CPLE6), Braskem (BRKM5) e GPA (PCAR3) agitam mercado financeiro hoje. Foto: iStock"},{"@type":"BreadcrumbList","@id":"https:\/\/www.suno.com.br\/noticias\/fundos-imobiliarios-30-anos-primeiro-fii-mudancas\/#breadcrumb","itemListElement":[{"@type":"ListItem","position":1,"name":"Not\u00edcias","item":"https:\/\/www.suno.com.br\/noticias\/"},{"@type":"ListItem","position":2,"name":"FIIs","item":"https:\/\/www.suno.com.br\/noticias\/fiis\/"},{"@type":"ListItem","position":3,"name":"Fundos imobili\u00e1rios completam 30 anos; Veja qual foi o 1\u00ba FII e as grandes mudan\u00e7as do mercado"}]},{"@type":"WebSite","@id":"https:\/\/www.suno.com.br\/noticias\/#website","url":"https:\/\/www.suno.com.br\/noticias\/","name":"Suno Not\u00edcias","description":"Seu portal de informa\u00e7\u00e3o sobre o mundo dos investimentos","publisher":{"@id":"https:\/\/www.suno.com.br\/noticias\/#organization"},"potentialAction":[{"@type":"SearchAction","target":{"@type":"EntryPoint","urlTemplate":"https:\/\/www.suno.com.br\/noticias\/?s={search_term_string}"},"query-input":{"@type":"PropertyValueSpecification","valueRequired":true,"valueName":"search_term_string"}}],"inLanguage":"pt-BR"},{"@type":"Organization","@id":"https:\/\/www.suno.com.br\/noticias\/#organization","name":"Suno Not\u00edcias","url":"https:\/\/www.suno.com.br\/noticias\/","logo":{"@type":"ImageObject","inLanguage":"pt-BR","@id":"https:\/\/www.suno.com.br\/noticias\/#\/schema\/logo\/image\/","url":"https:\/\/files.sunoresearch.com.br\/n\/uploads\/2021\/09\/suno-logo.png","contentUrl":"https:\/\/files.sunoresearch.com.br\/n\/uploads\/2021\/09\/suno-logo.png","width":180,"height":180,"caption":"Suno Not\u00edcias"},"image":{"@id":"https:\/\/www.suno.com.br\/noticias\/#\/schema\/logo\/image\/"},"sameAs":["https:\/\/facebook.com\/sunoresearch","https:\/\/x.com\/sunoresearch","https:\/\/www.instagram.com\/suno","https:\/\/www.linkedin.com\/company\/suno-research\/","https:\/\/www.youtube.com\/c\/sunoresearch"]},{"@type":"Person","@id":"https:\/\/www.suno.com.br\/noticias\/#\/schema\/person\/87fc6973867c52dd884811905c43afba","name":"Jo\u00e3o Vitor","image":{"@type":"ImageObject","inLanguage":"pt-BR","@id":"https:\/\/www.suno.com.br\/noticias\/#\/schema\/person\/image\/","url":"https:\/\/secure.gravatar.com\/avatar\/2843227ca03ccf8cc7ccca45204c127e?s=96&r=g","contentUrl":"https:\/\/secure.gravatar.com\/avatar\/2843227ca03ccf8cc7ccca45204c127e?s=96&r=g","caption":"Jo\u00e3o Vitor"},"description":"Redator profissional, com atua\u00e7\u00e3o no mercado editorial na produ\u00e7\u00e3o de not\u00edcias e conte\u00fados sobre o mercado de a\u00e7\u00f5es, fundos imobili\u00e1rios e economia popular. Graduando em Engenharia Qu\u00edmica pela Unesp, tamb\u00e9m j\u00e1 atuou como consultor financeiro.","url":"https:\/\/www.suno.com.br\/noticias\/author\/joao-vitor-jacintho\/"}]}},"default_loop_html":"<div class=\"cardsPage__listCard__boxs\"><div class=\"cardsPage__listCard__boxs__img\"><a href=\"https:\/\/www.suno.com.br\/noticias\/fundos-imobiliarios-30-anos-primeiro-fii-mudancas\/\"><img class=\"mask\" src=\"https:\/\/www.suno.com.br\/noticias\/wp-content\/themes\/suno\/resources\/images\/spotlight\/spotlight1img\/bg-mask.png\" alt=\"Image Mask\"\/><img src=\"https:\/\/files.sunoresearch.com.br\/n\/uploads\/2023\/05\/fiis-ifix-400x200.jpg\" alt=\"Fundos imobili\u00e1rios completam 30 anos; Veja qual foi o 1\u00ba FII e as grandes mudan\u00e7as do mercado\"\/><\/a><span class=\"spotlightCategory\"><a href=\"https:\/\/www.suno.com.br\/noticias\/fiis\/\">FIIs<\/a><\/span><\/div><div class=\"cardsPage__listCard__boxs__content\"><a href=\"https:\/\/www.suno.com.br\/noticias\/fundos-imobiliarios-30-anos-primeiro-fii-mudancas\/\"><h2 class=\"content__title\">Fundos imobili\u00e1rios completam 30 anos; Veja qual foi o 1\u00ba FII e as grandes mudan\u00e7as do mercado<\/h2><\/a><div class=\"newsContent__article__meta\"><div class=\"newsContent__article__meta__authorBox\"><a href=\"https:\/\/www.suno.com.br\/noticias\/author\/joao-vitor-jacintho\/\" class=\"authorBox__avatar noMobi\"><img src=\"https:\/\/secure.gravatar.com\/avatar\/2843227ca03ccf8cc7ccca45204c127e?s=96&#038;r=g\" alt=\"Jo\u00e3o Vitor Jacintho\"><\/a><div class=\"authorBox__name\"><span>por\n\t\t\t<a href=\"https:\/\/www.suno.com.br\/noticias\/author\/joao-vitor-jacintho\/\"><span itemprop=\"author\">Jo\u00e3o Vitor Jacintho<\/span><\/a><\/span><time datetime=\"2023-06-25T17:05:44-03:00\" itemprop=\"datePublished\">25\/06\/2023 17:05<\/time><\/div><\/div><\/div><\/div><\/div>","single_layout":"posts","amp_enabled":true,"_links":{"self":[{"href":"https:\/\/www.suno.com.br\/noticias\/wp-json\/wp\/v2\/posts\/421073"}],"collection":[{"href":"https:\/\/www.suno.com.br\/noticias\/wp-json\/wp\/v2\/posts"}],"about":[{"href":"https:\/\/www.suno.com.br\/noticias\/wp-json\/wp\/v2\/types\/post"}],"author":[{"embeddable":true,"href":"https:\/\/www.suno.com.br\/noticias\/wp-json\/wp\/v2\/users\/173"}],"replies":[{"embeddable":true,"href":"https:\/\/www.suno.com.br\/noticias\/wp-json\/wp\/v2\/comments?post=421073"}],"version-history":[{"count":2,"href":"https:\/\/www.suno.com.br\/noticias\/wp-json\/wp\/v2\/posts\/421073\/revisions"}],"predecessor-version":[{"id":421075,"href":"https:\/\/www.suno.com.br\/noticias\/wp-json\/wp\/v2\/posts\/421073\/revisions\/421075"}],"wp:featuredmedia":[{"embeddable":true,"href":"https:\/\/www.suno.com.br\/noticias\/wp-json\/wp\/v2\/media\/408491"}],"wp:attachment":[{"href":"https:\/\/www.suno.com.br\/noticias\/wp-json\/wp\/v2\/media?parent=421073"}],"wp:term":[{"taxonomy":"category","embeddable":true,"href":"https:\/\/www.suno.com.br\/noticias\/wp-json\/wp\/v2\/categories?post=421073"},{"taxonomy":"post_tag","embeddable":true,"href":"https:\/\/www.suno.com.br\/noticias\/wp-json\/wp\/v2\/tags?post=421073"},{"taxonomy":"suno_strategy","embeddable":true,"href":"https:\/\/www.suno.com.br\/noticias\/wp-json\/wp\/v2\/suno_strategy?post=421073"}],"curies":[{"name":"wp","href":"https:\/\/api.w.org\/{rel}","templated":true}]}}