{"id":421056,"date":"2023-06-25T15:59:45","date_gmt":"2023-06-25T18:59:45","guid":{"rendered":"https:\/\/www.suno.com.br\/noticias\/?p=421056"},"modified":"2023-06-25T15:59:47","modified_gmt":"2023-06-25T18:59:47","slug":"prates-gas-pocos-petrobras-petr4","status":"publish","type":"post","link":"https:\/\/www.suno.com.br\/noticias\/prates-gas-pocos-petrobras-petr4\/","title":{"rendered":"Prates defende reinje\u00e7\u00e3o de g\u00e1s em po\u00e7os pela Petrobras (PETR4), em meio a cr\u00edticas do MME"},"content":{"rendered":"<p>Em meio \u00e0s press\u00f5es do Minist\u00e9rio de Minas e Energia (MME) para que a <a class=\"suno-keyword\" target=\"_blank\" data-force=\"yes\" data-priority=\"2\" href=\"https:\/\/www.suno.com.br\/acoes\/PETR4\/\" rel=\"noopener\">Petrobras (PETR4)<\/a> mude sua pol\u00edtica de reinje\u00e7\u00e3o de g\u00e1s em reservat\u00f3rios de petr\u00f3leo, o presidente da petroleira, Jean Paul Prates, voltou a endossar neste s\u00e1bado, 24, o uso da tecnologia pela empresa, n\u00e3o apenas como forma de impedir a emiss\u00e3o de g\u00e1s carb\u00f4nico na atmosfera, mas tamb\u00e9m como uma ferramenta necess\u00e1ria para aumentar a produ\u00e7\u00e3o de petr\u00f3leo, elevando assim a arrecada\u00e7\u00e3o de tributos.<\/p><div class=\"videoFull \">\n\t\t\t<div class=\"videoWrapper yt-lazyload center\"\n\t\t\t\tdata-width=\"960\"\n\t\t\t\tdata-height=\"540\"\n\t\t\t\tdata-id=\"bm6kdvMUTyU\"\n\t\t\t\tdata-alt=\"V\u00eddeo do YouTube - clique para reproduzir\"\n\t\t\t\tdata-logo=\"3\"\n\t\t\t\tdata-imagequality=\"maxres\">\n\t\t\t<\/div>\n\t\t<\/div><script type=\"application\/ld+json\">{\"@context\":\"https:\/\/schema.org\",\"@type\":\"VideoObject\",\"name\":\"Petrobras (PETR4) tomba 4%: o que aconteceu? | Ibovespa chega \u00e0 9\u00aa semana de alta seguida\",\"description\":\"#petrobras #petr3 #petr4 #petr\u00f3leo #mercadofinanceiro #investimentos #bolsadevalores #ibovespa #d\u00f3lar #livedas19h O Ibovespa encerrou o preg\u00e3o de hoje (23) em ligeira alta de 0,04%, aos 118.977,10 pontos, depois de variar entre 118.178,09 e 119.386,09. O volume financeiro do dia totalizou R$ 26,2 bilh\u00f5es. O \u00edndice teve sua 9\u00aa semana consecutiva de alta, ap\u00f3s valoriza\u00e7\u00e3o semanal de\u2026\",\"duration\":\"PT23M13S\",\"embedUrl\":\"https:\/\/www.youtube.com\/embed\/bm6kdvMUTyU\",\"regionsAllowed\":\"pt-BR\",\"interactionStatistic\":{\"@type\":\"InteractionCounter\",\"interactionType\":{\"@type\":\"WatchAction\"},\"userInteractionCount\":6097},\"thumbnailUrl\":\"https:\/\/i.ytimg.com\/vi\/bm6kdvMUTyU\/default.jpg\",\"uploadDate\":\"2023-06-23T22:32:19Z\"}<\/script>\n\n\n\n\n\t<p>\n\t\t<a href=\"\" target=\"_blank\" data-element=\"shortcode-suno-banner\" title=\"Banner SUNO, clique e saiba mais\">\n\t\t\t<picture>\n\t\t\t\t<source media=\"(max-width: 500px)\" srcset=\"\">\n\t\t\t\t<img class=\"newsContent__article__imgCapa newsContent__article__imgCapa--banner\"\n\t\t\t\t\tsrc=\"\"\n\t\t\t\t\tdata-promo-id=\"254218\"\t\t\t\t\t\t\t\t\t\t\t\t\t\t\talt=\"\"\n\t\t\t\t>\n\t\t\t<\/picture>\n\t\t<\/a>\n\t<\/p>\n\n\n\n\n\n<p>Em uma rede social, Prates postou um artigo defendendo a reinje\u00e7\u00e3o de g\u00e1s carb\u00f4nico nos po\u00e7os de petr\u00f3leo, de autoria de Tiago Homem, gerente executivo de Reservat\u00f3rios da Petrobras. O texto foi publicado pelo portal <i>Metr\u00f3poles<\/i>, e respostado por Prates em sua conta no Twitter.<\/p>\n\n\n\n<p>No artigo, Tiago Homem defende que a pr\u00e1tica tem &#8220;car\u00e1ter t\u00e9cnico&#8221;, com objetivo de &#8220;garantir o melhor aproveitamento dos recursos energ\u00e9ticos brasileiros, sempre com respeito \u00e0 seguran\u00e7a e ao meio ambiente, de forma a contribuir para o desenvolvimento socioecon\u00f4mico do Brasil&#8221;. O autor explica que a maior parte do g\u00e1s natural produzido no Brasil est\u00e1 associado ao petr\u00f3leo em campos do pr\u00e9-sal, com grande teor de g\u00e1s carb\u00f4nico (CO2).<\/p>\n\n\n\n<p>&#8220;Isso significa que, para produzir o petr\u00f3leo do pr\u00e9-sal, obrigatoriamente \u00e9 extra\u00eddo g\u00e1s natural e CO2 entranhado no \u00f3leo. Esse CO2 que vem com o \u00f3leo n\u00e3o deve ser liberado na atmosfera por provocar efeito estufa. Logo, precisa ser reinjetado e o g\u00e1s natural \u00e9 justamente o ve\u00edculo que leva o CO2 de volta aos reservat\u00f3rios. Com esta opera\u00e7\u00e3o realizada continuamente nas diversas plataformas do pr\u00e9-sal, a Petrobras executa o maior processo de captura de carbono do mundo&#8221;, defendeu Tiago Homem.<\/p>\n\n\n\n<p>O gerente da petroleira diz ainda que, &#8220;devido \u00e0s condi\u00e7\u00f5es espec\u00edficas do pr\u00e9-sal brasileiro, a reinje\u00e7\u00e3o de g\u00e1s proporciona um aumento na produ\u00e7\u00e3o de petr\u00f3leo e, portanto, gera maiores receitas e, consequentemente, maior arrecada\u00e7\u00e3o de tributos aos governos nos seus diferentes n\u00edveis, sendo a melhor solu\u00e7\u00e3o para a sociedade&#8221;.<\/p>\n\n\n\n<p>&#8220;Em projetos grandes como algumas plataformas do Campo de B\u00fazios, na Bacia de Santos, a arrecada\u00e7\u00e3o de tributos poderia reduzir em at\u00e9 25% se n\u00e3o houvesse reinje\u00e7\u00e3o&#8221;, calculou o Tiago Homem.<\/p>\n\n\n\n<p>O texto lembra ainda que a reinje\u00e7\u00e3o de g\u00e1s nos reservat\u00f3rios vem sendo feita conforme projetos aprovados pela Ag\u00eancia Nacional do Petr\u00f3leo, G\u00e1s Natural e Biocombust\u00edveis (ANP) e pela governan\u00e7a das grandes empresas parceiras que operam campos em parceria com a Petrobras.<\/p>\n\n\n\n<p>&#8220;Sem inje\u00e7\u00e3o de g\u00e1s, devido a menor produ\u00e7\u00e3o de petr\u00f3leo, alguns destes projetos n\u00e3o seriam sancionados pelas empresas (Petrobras e parceiras), devido aos <a class=\"suno-keyword\" target=\"_blank\" data-force=\"no\" data-priority=\"1\" href=\"https:\/\/www.suno.com.br\/artigos\/indicadores-economicos\/\" rel=\"noopener\">indicadores econ\u00f4micos<\/a> piorarem bastante&#8221;, afirma o artigo. &#8220;Uma menor parte da produ\u00e7\u00e3o \u00e9 reinjetada por falta de mercado consumidor, um caso espec\u00edfico do sistema isolado da regi\u00e3o Norte. Outra parte pequena da reinje\u00e7\u00e3o se deve a limita\u00e7\u00f5es tempor\u00e1rias da capacidade de escoamento do pr\u00e9-sal, que ser\u00e3o sanadas com a implanta\u00e7\u00e3o do gasoduto da Rota 3 prevista para o pr\u00f3ximo ano.&#8221;<\/p>\n\n\n\n<p>O texto acrescenta ainda que o Brasil tem grandes reservas petrol\u00edferas, mas volumes n\u00e3o muito significativos de g\u00e1s, sendo a maior parte deles localizados em \u00e1guas profundas e ultraprofundas, distantes da costa, o que demanda investimentos elevados at\u00e9 que chegue ao mercado consumidor.<\/p>\n\n\n\t<p>\n\t\t<a href=\"https:\/\/lp.suno.com.br\/suno-one\/?utm_campaign=_SNC6964518A_\" target=\"_blank\" data-element=\"shortcode-suno-banner\" title=\"Banner SUNO, clique e saiba mais\">\n\t\t\t<picture>\n\t\t\t\t<source media=\"(max-width: 500px)\" srcset=\"https:\/\/files.sunoresearch.com.br\/n\/uploads\/2025\/09\/400x300-Suno-One-png.webp\">\n\t\t\t\t<img class=\"newsContent__article__imgCapa newsContent__article__imgCapa--banner\"\n\t\t\t\t\tsrc=\"https:\/\/files.sunoresearch.com.br\/n\/uploads\/2025\/09\/1420x240-Suno-One-png.webp\"\n\t\t\t\t\tdata-promo-id=\"383121\"\t\t\t\t\t\t\t\t\t\twidth='1420' height='240'\t\t\t\t\talt=\"https:\/\/files.sunoresearch.com.br\/n\/uploads\/2025\/09\/1420x240-Suno-One-png.webp\"\n\t\t\t\t>\n\t\t\t<\/picture>\n\t\t<\/a>\n\t<\/p>\n\n\n\n\n\n<h2 class=\"wp-block-heading\">Petrobras prev\u00ea aumento da oferta nacional de g\u00e1s natural<\/h2>\n\n\n\n<p>A Petrobras prev\u00ea aumentar, junto com outras empresas do setor, a oferta nacional atual de aproximadamente 40 milh\u00f5es de m3 de g\u00e1s natural por dia para o patamar de 60 milh\u00f5es de m3\/dia em 2027, conforme estimado por estudo da Empresa de Pesquisa Energ\u00e9tica (EPE).<\/p>\n\n\n\n<p>&#8220;Este aumento inclui a entrada de novos campos de petr\u00f3leo e g\u00e1s e de novos gasodutos para escoar a produ\u00e7\u00e3o, lembrando que o incremento previsto ajuda a substituir a produ\u00e7\u00e3o de campos j\u00e1 em decl\u00ednio natural. Esse volume n\u00e3o atende integralmente a demanda de g\u00e1s do pa\u00eds. Por isso, \u00e9 necess\u00e1rio importar g\u00e1s da Bol\u00edvia via gasoduto e de outros pa\u00edses por meio de navios de G\u00e1s Natural Liquefeito &#8211; GNL&#8221;, defendeu Tiago Homem.<\/p>\n\n\n\n<p>&#8220;Este \u00e9 o volume que o pa\u00eds disp\u00f5e para atender, de fato, \u00e0s necessidades reais da popula\u00e7\u00e3o e do mercado. Para viabilizar essa produ\u00e7\u00e3o a 300 km da costa e, muitas vezes, a 6 mil metros de profundidade, s\u00e3o empregadas solu\u00e7\u00f5es de alta tecnologia e an\u00e1lises de reservat\u00f3rios que consideram milhares de cen\u00e1rios para implementar o melhor projeto do ponto de vista t\u00e9cnico, de seguran\u00e7a e de maximiza\u00e7\u00e3o da oferta de recursos para o pa\u00eds. Cada projeto \u00e9 aprovado pela ANP antes de sair do papel. \u00c9 a chancela do governo federal para que a concess\u00e3o dada pelo Estado tenha o melhor aproveitamento poss\u00edvel para a sociedade brasileira.&#8221;<\/p>\n\n\n\n<p>No \u00faltimo dia 16, o ministro de Minas e Energia, Alexandre Silveira (PSD), disse lutar diariamente para reverter a pr\u00e1tica de reinje\u00e7\u00e3o de g\u00e1s pela <strong>Petrobras<\/strong>, mirando produzir mais g\u00e1s para fornecer a grandes consumidores e fomentar a &#8220;reindustrializa\u00e7\u00e3o&#8221; do Pa\u00eds. &#8220;A m\u00e9dia mundial de reinje\u00e7\u00e3o das petroleiras no mundo \u00e9 bem menor. Os Estados Unidos reinjetam 12,5% do seu g\u00e1s para impulsionar produ\u00e7\u00e3o de petr\u00f3leo. A \u00c1frica, 23,9%, e a Europa 24,7%. O Brasil reinjeta 44,6% do g\u00e1s&#8221;, argumentou Silveira, na ocasi\u00e3o.<\/p>\n\n\n\n<p>Com Estad\u00e3o Conte\u00fado<\/p>\n\n\n\t<p>\n\t\t<a href=\"https:\/\/lp.suno.com.br\/plataforma-de-controle-de-investimentos\/\" target=\"_blank\" data-element=\"shortcode-suno-banner\" title=\"Banner SUNO, clique e saiba mais\">\n\t\t\t<picture>\n\t\t\t\t<source media=\"(max-width: 500px)\" srcset=\"https:\/\/files.sunoresearch.com.br\/n\/uploads\/2023\/03\/400x300-Controle-de-Investimentos.png\">\n\t\t\t\t<img class=\"newsContent__article__imgCapa newsContent__article__imgCapa--banner\"\n\t\t\t\t\tsrc=\"https:\/\/files.sunoresearch.com.br\/n\/uploads\/2023\/03\/1420x240-Controle-de-Investimentos.png\"\n\t\t\t\t\tdata-promo-id=\"383162\"\t\t\t\t\t\t\t\t\t\twidth='1420' height='240'\t\t\t\t\talt=\"https:\/\/files.sunoresearch.com.br\/n\/uploads\/2023\/03\/1420x240-Controle-de-Investimentos.png\"\n\t\t\t\t>\n\t\t\t<\/picture>\n\t\t<\/a>\n\t<\/p>\n\n\n","protected":false},"excerpt":{"rendered":"<p>Em meio \u00e0s press\u00f5es do Minist\u00e9rio de Minas e Energia (MME) para que a Petrobras (PETR4) mude sua pol\u00edtica de reinje\u00e7\u00e3o de g\u00e1s em reservat\u00f3rios de petr\u00f3leo, o presidente da petroleira, Jean Paul Prates, voltou a endossar neste s\u00e1bado, 24, o uso da tecnologia pela empresa, n\u00e3o apenas como forma de impedir a emiss\u00e3o de [&hellip;]<\/p>\n","protected":false},"author":43,"featured_media":385139,"comment_status":"closed","ping_status":"closed","sticky":false,"template":"","format":"standard","meta":[],"categories":[64],"tags":[595],"suno_strategy":[],"class_list":["post-421056","post","type-post","status-publish","format-standard","has-post-thumbnail","hentry","category-negocios","tag-petrobras-petr4"],"yoast_head":"<!-- This site is optimized with the Yoast SEO plugin v24.4 - https:\/\/yoast.com\/wordpress\/plugins\/seo\/ -->\n<title>Prates defende reinje\u00e7\u00e3o de g\u00e1s em po\u00e7os pela Petrobras (PETR4)<\/title>\n<meta name=\"description\" content=\"Prates defende reinje\u00e7\u00e3o de g\u00e1s em po\u00e7os pela Petrobras, em meio a cr\u00edticas do Minist\u00e9rio de Minas e Energia (MME). Saiba mais.\" \/>\n<meta name=\"robots\" content=\"index, follow, max-snippet:-1, max-image-preview:large, max-video-preview:-1\" \/>\n<link rel=\"canonical\" href=\"https:\/\/www.suno.com.br\/noticias\/prates-gas-pocos-petrobras-petr4\/\" \/>\n<meta property=\"og:locale\" content=\"pt_BR\" \/>\n<meta property=\"og:type\" content=\"article\" \/>\n<meta property=\"og:title\" content=\"Prates defende reinje\u00e7\u00e3o de g\u00e1s em po\u00e7os pela Petrobras (PETR4)\" \/>\n<meta property=\"og:description\" content=\"Prates defende reinje\u00e7\u00e3o de g\u00e1s em po\u00e7os pela Petrobras, em meio a cr\u00edticas do Minist\u00e9rio de Minas e Energia (MME). Saiba mais.\" \/>\n<meta property=\"og:url\" content=\"https:\/\/www.suno.com.br\/noticias\/prates-gas-pocos-petrobras-petr4\/\" \/>\n<meta property=\"og:site_name\" content=\"Suno Not\u00edcias\" \/>\n<meta property=\"article:publisher\" content=\"https:\/\/facebook.com\/sunoresearch\" \/>\n<meta property=\"article:author\" content=\"https:\/\/www.facebook.com\/sunonoticias\/\" \/>\n<meta property=\"og:image\" content=\"https:\/\/files.sunoresearch.com.br\/n\/uploads\/2023\/04\/edificio-sede-da-Petrobras-Edise-4.jpg\" \/>\n\t<meta property=\"og:image:width\" content=\"1200\" \/>\n\t<meta property=\"og:image:height\" content=\"800\" \/>\n\t<meta property=\"og:image:type\" content=\"image\/jpeg\" \/>\n<meta name=\"author\" content=\"Reda\u00e7\u00e3o Suno Not\u00edcias\" \/>\n<meta name=\"twitter:card\" content=\"summary_large_image\" \/>\n<meta name=\"twitter:creator\" content=\"@https:\/\/twitter.com\/sunoresearch\" \/>\n<meta name=\"twitter:site\" content=\"@sunoresearch\" \/>\n<meta name=\"twitter:label1\" content=\"Escrito por\" \/>\n\t<meta name=\"twitter:data1\" content=\"Reda\u00e7\u00e3o Suno Not\u00edcias\" \/>\n\t<meta name=\"twitter:label2\" content=\"Est. tempo de leitura\" \/>\n\t<meta name=\"twitter:data2\" content=\"5 minutos\" \/>\n<script type=\"application\/ld+json\" class=\"yoast-schema-graph\">{\"@context\":\"https:\/\/schema.org\",\"@graph\":[{\"@type\":\"NewsArticle\",\"@id\":\"https:\/\/www.suno.com.br\/noticias\/prates-gas-pocos-petrobras-petr4\/#article\",\"isPartOf\":{\"@id\":\"https:\/\/www.suno.com.br\/noticias\/prates-gas-pocos-petrobras-petr4\/\"},\"author\":{\"name\":\"Reda\u00e7\u00e3o Suno Not\u00edcias\",\"@id\":\"https:\/\/www.suno.com.br\/noticias\/#\/schema\/person\/c1b1bd3727fa852bd045e9dbff3673ea\"},\"headline\":\"Prates defende reinje\u00e7\u00e3o de g\u00e1s em po\u00e7os pela Petrobras (PETR4), em meio a cr\u00edticas do MME\",\"datePublished\":\"2023-06-25T18:59:45+00:00\",\"dateModified\":\"2023-06-25T18:59:47+00:00\",\"mainEntityOfPage\":{\"@id\":\"https:\/\/www.suno.com.br\/noticias\/prates-gas-pocos-petrobras-petr4\/\"},\"wordCount\":984,\"publisher\":{\"@id\":\"https:\/\/www.suno.com.br\/noticias\/#organization\"},\"image\":{\"@id\":\"https:\/\/www.suno.com.br\/noticias\/prates-gas-pocos-petrobras-petr4\/#primaryimage\"},\"thumbnailUrl\":\"https:\/\/files.sunoresearch.com.br\/n\/uploads\/2023\/04\/edificio-sede-da-Petrobras-Edise-4.jpg\",\"keywords\":[\"Petrobras (PETR4)\"],\"articleSection\":[\"Neg\u00f3cios\"],\"inLanguage\":\"pt-BR\"},{\"@type\":\"WebPage\",\"@id\":\"https:\/\/www.suno.com.br\/noticias\/prates-gas-pocos-petrobras-petr4\/\",\"url\":\"https:\/\/www.suno.com.br\/noticias\/prates-gas-pocos-petrobras-petr4\/\",\"name\":\"Prates defende reinje\u00e7\u00e3o de g\u00e1s em po\u00e7os pela Petrobras (PETR4)\",\"isPartOf\":{\"@id\":\"https:\/\/www.suno.com.br\/noticias\/#website\"},\"primaryImageOfPage\":{\"@id\":\"https:\/\/www.suno.com.br\/noticias\/prates-gas-pocos-petrobras-petr4\/#primaryimage\"},\"image\":{\"@id\":\"https:\/\/www.suno.com.br\/noticias\/prates-gas-pocos-petrobras-petr4\/#primaryimage\"},\"thumbnailUrl\":\"https:\/\/files.sunoresearch.com.br\/n\/uploads\/2023\/04\/edificio-sede-da-Petrobras-Edise-4.jpg\",\"datePublished\":\"2023-06-25T18:59:45+00:00\",\"dateModified\":\"2023-06-25T18:59:47+00:00\",\"description\":\"Prates defende reinje\u00e7\u00e3o de g\u00e1s em po\u00e7os pela Petrobras, em meio a cr\u00edticas do Minist\u00e9rio de Minas e Energia (MME). Saiba mais.\",\"breadcrumb\":{\"@id\":\"https:\/\/www.suno.com.br\/noticias\/prates-gas-pocos-petrobras-petr4\/#breadcrumb\"},\"inLanguage\":\"pt-BR\",\"potentialAction\":[{\"@type\":\"ReadAction\",\"target\":[\"https:\/\/www.suno.com.br\/noticias\/prates-gas-pocos-petrobras-petr4\/\"]}]},{\"@type\":\"ImageObject\",\"inLanguage\":\"pt-BR\",\"@id\":\"https:\/\/www.suno.com.br\/noticias\/prates-gas-pocos-petrobras-petr4\/#primaryimage\",\"url\":\"https:\/\/files.sunoresearch.com.br\/n\/uploads\/2023\/04\/edificio-sede-da-Petrobras-Edise-4.jpg\",\"contentUrl\":\"https:\/\/files.sunoresearch.com.br\/n\/uploads\/2023\/04\/edificio-sede-da-Petrobras-Edise-4.jpg\",\"width\":1200,\"height\":800,\"caption\":\"Petrobras (PETR4) e mais nove empresas integram carteira de dividendos do BB. Foto: Ag\u00eancia Petrobras\"},{\"@type\":\"BreadcrumbList\",\"@id\":\"https:\/\/www.suno.com.br\/noticias\/prates-gas-pocos-petrobras-petr4\/#breadcrumb\",\"itemListElement\":[{\"@type\":\"ListItem\",\"position\":1,\"name\":\"Not\u00edcias\",\"item\":\"https:\/\/www.suno.com.br\/noticias\/\"},{\"@type\":\"ListItem\",\"position\":2,\"name\":\"Neg\u00f3cios\",\"item\":\"https:\/\/www.suno.com.br\/noticias\/negocios\/\"},{\"@type\":\"ListItem\",\"position\":3,\"name\":\"Prates defende reinje\u00e7\u00e3o de g\u00e1s em po\u00e7os pela Petrobras (PETR4), em meio a cr\u00edticas do MME\"}]},{\"@type\":\"WebSite\",\"@id\":\"https:\/\/www.suno.com.br\/noticias\/#website\",\"url\":\"https:\/\/www.suno.com.br\/noticias\/\",\"name\":\"Suno Not\u00edcias\",\"description\":\"Seu portal de informa\u00e7\u00e3o sobre o mundo dos investimentos\",\"publisher\":{\"@id\":\"https:\/\/www.suno.com.br\/noticias\/#organization\"},\"potentialAction\":[{\"@type\":\"SearchAction\",\"target\":{\"@type\":\"EntryPoint\",\"urlTemplate\":\"https:\/\/www.suno.com.br\/noticias\/?s={search_term_string}\"},\"query-input\":{\"@type\":\"PropertyValueSpecification\",\"valueRequired\":true,\"valueName\":\"search_term_string\"}}],\"inLanguage\":\"pt-BR\"},{\"@type\":\"Organization\",\"@id\":\"https:\/\/www.suno.com.br\/noticias\/#organization\",\"name\":\"Suno Not\u00edcias\",\"url\":\"https:\/\/www.suno.com.br\/noticias\/\",\"logo\":{\"@type\":\"ImageObject\",\"inLanguage\":\"pt-BR\",\"@id\":\"https:\/\/www.suno.com.br\/noticias\/#\/schema\/logo\/image\/\",\"url\":\"https:\/\/files.sunoresearch.com.br\/n\/uploads\/2021\/09\/suno-logo.png\",\"contentUrl\":\"https:\/\/files.sunoresearch.com.br\/n\/uploads\/2021\/09\/suno-logo.png\",\"width\":180,\"height\":180,\"caption\":\"Suno Not\u00edcias\"},\"image\":{\"@id\":\"https:\/\/www.suno.com.br\/noticias\/#\/schema\/logo\/image\/\"},\"sameAs\":[\"https:\/\/facebook.com\/sunoresearch\",\"https:\/\/x.com\/sunoresearch\",\"https:\/\/www.instagram.com\/suno\",\"https:\/\/www.linkedin.com\/company\/suno-research\/\",\"https:\/\/www.youtube.com\/c\/sunoresearch\"]},{\"@type\":\"Person\",\"@id\":\"https:\/\/www.suno.com.br\/noticias\/#\/schema\/person\/c1b1bd3727fa852bd045e9dbff3673ea\",\"name\":\"Reda\u00e7\u00e3o Suno Not\u00edcias\",\"image\":{\"@type\":\"ImageObject\",\"inLanguage\":\"pt-BR\",\"@id\":\"https:\/\/www.suno.com.br\/noticias\/#\/schema\/person\/image\/\",\"url\":\"https:\/\/secure.gravatar.com\/avatar\/b8104b9b5a71985d5238ee59fbe418af?s=96&r=g\",\"contentUrl\":\"https:\/\/secure.gravatar.com\/avatar\/b8104b9b5a71985d5238ee59fbe418af?s=96&r=g\",\"caption\":\"Reda\u00e7\u00e3o Suno Not\u00edcias\"},\"description\":\"O Suno Not\u00edcias \u00e9 um portal de informa\u00e7\u00f5es sobre Mercado Financeiro, Pol\u00edtica, Neg\u00f3cios, Economia e Finan\u00e7as Pessoais.\",\"sameAs\":[\"https:\/\/www.suno.com.br\/noticias\",\"https:\/\/www.facebook.com\/sunonoticias\/\",\"https:\/\/www.instagram.com\/sunonoticias\/\",\"https:\/\/x.com\/https:\/\/twitter.com\/sunoresearch\",\"https:\/\/www.youtube.com\/sunonoticias\"],\"url\":\"https:\/\/www.suno.com.br\/noticias\/author\/redacao-suno\/\"}]}<\/script>\n<!-- \/ Yoast SEO plugin. -->","yoast_head_json":{"title":"Prates defende reinje\u00e7\u00e3o de g\u00e1s em po\u00e7os pela Petrobras (PETR4)","description":"Prates defende reinje\u00e7\u00e3o de g\u00e1s em po\u00e7os pela Petrobras, em meio a cr\u00edticas do Minist\u00e9rio de Minas e Energia (MME). Saiba mais.","robots":{"index":"index","follow":"follow","max-snippet":"max-snippet:-1","max-image-preview":"max-image-preview:large","max-video-preview":"max-video-preview:-1"},"canonical":"https:\/\/www.suno.com.br\/noticias\/prates-gas-pocos-petrobras-petr4\/","og_locale":"pt_BR","og_type":"article","og_title":"Prates defende reinje\u00e7\u00e3o de g\u00e1s em po\u00e7os pela Petrobras (PETR4)","og_description":"Prates defende reinje\u00e7\u00e3o de g\u00e1s em po\u00e7os pela Petrobras, em meio a cr\u00edticas do Minist\u00e9rio de Minas e Energia (MME). Saiba mais.","og_url":"https:\/\/www.suno.com.br\/noticias\/prates-gas-pocos-petrobras-petr4\/","og_site_name":"Suno Not\u00edcias","article_publisher":"https:\/\/facebook.com\/sunoresearch","article_author":"https:\/\/www.facebook.com\/sunonoticias\/","og_image":[{"width":1200,"height":800,"url":"https:\/\/files.sunoresearch.com.br\/n\/uploads\/2023\/04\/edificio-sede-da-Petrobras-Edise-4.jpg","type":"image\/jpeg"}],"author":"Reda\u00e7\u00e3o Suno Not\u00edcias","twitter_card":"summary_large_image","twitter_creator":"@https:\/\/twitter.com\/sunoresearch","twitter_site":"@sunoresearch","twitter_misc":{"Escrito por":"Reda\u00e7\u00e3o Suno Not\u00edcias","Est. tempo de leitura":"5 minutos"},"schema":{"@context":"https:\/\/schema.org","@graph":[{"@type":"NewsArticle","@id":"https:\/\/www.suno.com.br\/noticias\/prates-gas-pocos-petrobras-petr4\/#article","isPartOf":{"@id":"https:\/\/www.suno.com.br\/noticias\/prates-gas-pocos-petrobras-petr4\/"},"author":{"name":"Reda\u00e7\u00e3o Suno Not\u00edcias","@id":"https:\/\/www.suno.com.br\/noticias\/#\/schema\/person\/c1b1bd3727fa852bd045e9dbff3673ea"},"headline":"Prates defende reinje\u00e7\u00e3o de g\u00e1s em po\u00e7os pela Petrobras (PETR4), em meio a cr\u00edticas do MME","datePublished":"2023-06-25T18:59:45+00:00","dateModified":"2023-06-25T18:59:47+00:00","mainEntityOfPage":{"@id":"https:\/\/www.suno.com.br\/noticias\/prates-gas-pocos-petrobras-petr4\/"},"wordCount":984,"publisher":{"@id":"https:\/\/www.suno.com.br\/noticias\/#organization"},"image":{"@id":"https:\/\/www.suno.com.br\/noticias\/prates-gas-pocos-petrobras-petr4\/#primaryimage"},"thumbnailUrl":"https:\/\/files.sunoresearch.com.br\/n\/uploads\/2023\/04\/edificio-sede-da-Petrobras-Edise-4.jpg","keywords":["Petrobras (PETR4)"],"articleSection":["Neg\u00f3cios"],"inLanguage":"pt-BR"},{"@type":"WebPage","@id":"https:\/\/www.suno.com.br\/noticias\/prates-gas-pocos-petrobras-petr4\/","url":"https:\/\/www.suno.com.br\/noticias\/prates-gas-pocos-petrobras-petr4\/","name":"Prates defende reinje\u00e7\u00e3o de g\u00e1s em po\u00e7os pela Petrobras (PETR4)","isPartOf":{"@id":"https:\/\/www.suno.com.br\/noticias\/#website"},"primaryImageOfPage":{"@id":"https:\/\/www.suno.com.br\/noticias\/prates-gas-pocos-petrobras-petr4\/#primaryimage"},"image":{"@id":"https:\/\/www.suno.com.br\/noticias\/prates-gas-pocos-petrobras-petr4\/#primaryimage"},"thumbnailUrl":"https:\/\/files.sunoresearch.com.br\/n\/uploads\/2023\/04\/edificio-sede-da-Petrobras-Edise-4.jpg","datePublished":"2023-06-25T18:59:45+00:00","dateModified":"2023-06-25T18:59:47+00:00","description":"Prates defende reinje\u00e7\u00e3o de g\u00e1s em po\u00e7os pela Petrobras, em meio a cr\u00edticas do Minist\u00e9rio de Minas e Energia (MME). Saiba mais.","breadcrumb":{"@id":"https:\/\/www.suno.com.br\/noticias\/prates-gas-pocos-petrobras-petr4\/#breadcrumb"},"inLanguage":"pt-BR","potentialAction":[{"@type":"ReadAction","target":["https:\/\/www.suno.com.br\/noticias\/prates-gas-pocos-petrobras-petr4\/"]}]},{"@type":"ImageObject","inLanguage":"pt-BR","@id":"https:\/\/www.suno.com.br\/noticias\/prates-gas-pocos-petrobras-petr4\/#primaryimage","url":"https:\/\/files.sunoresearch.com.br\/n\/uploads\/2023\/04\/edificio-sede-da-Petrobras-Edise-4.jpg","contentUrl":"https:\/\/files.sunoresearch.com.br\/n\/uploads\/2023\/04\/edificio-sede-da-Petrobras-Edise-4.jpg","width":1200,"height":800,"caption":"Petrobras (PETR4) e mais nove empresas integram carteira de dividendos do BB. Foto: Ag\u00eancia Petrobras"},{"@type":"BreadcrumbList","@id":"https:\/\/www.suno.com.br\/noticias\/prates-gas-pocos-petrobras-petr4\/#breadcrumb","itemListElement":[{"@type":"ListItem","position":1,"name":"Not\u00edcias","item":"https:\/\/www.suno.com.br\/noticias\/"},{"@type":"ListItem","position":2,"name":"Neg\u00f3cios","item":"https:\/\/www.suno.com.br\/noticias\/negocios\/"},{"@type":"ListItem","position":3,"name":"Prates defende reinje\u00e7\u00e3o de g\u00e1s em po\u00e7os pela Petrobras (PETR4), em meio a cr\u00edticas do MME"}]},{"@type":"WebSite","@id":"https:\/\/www.suno.com.br\/noticias\/#website","url":"https:\/\/www.suno.com.br\/noticias\/","name":"Suno Not\u00edcias","description":"Seu portal de informa\u00e7\u00e3o sobre o mundo dos investimentos","publisher":{"@id":"https:\/\/www.suno.com.br\/noticias\/#organization"},"potentialAction":[{"@type":"SearchAction","target":{"@type":"EntryPoint","urlTemplate":"https:\/\/www.suno.com.br\/noticias\/?s={search_term_string}"},"query-input":{"@type":"PropertyValueSpecification","valueRequired":true,"valueName":"search_term_string"}}],"inLanguage":"pt-BR"},{"@type":"Organization","@id":"https:\/\/www.suno.com.br\/noticias\/#organization","name":"Suno Not\u00edcias","url":"https:\/\/www.suno.com.br\/noticias\/","logo":{"@type":"ImageObject","inLanguage":"pt-BR","@id":"https:\/\/www.suno.com.br\/noticias\/#\/schema\/logo\/image\/","url":"https:\/\/files.sunoresearch.com.br\/n\/uploads\/2021\/09\/suno-logo.png","contentUrl":"https:\/\/files.sunoresearch.com.br\/n\/uploads\/2021\/09\/suno-logo.png","width":180,"height":180,"caption":"Suno Not\u00edcias"},"image":{"@id":"https:\/\/www.suno.com.br\/noticias\/#\/schema\/logo\/image\/"},"sameAs":["https:\/\/facebook.com\/sunoresearch","https:\/\/x.com\/sunoresearch","https:\/\/www.instagram.com\/suno","https:\/\/www.linkedin.com\/company\/suno-research\/","https:\/\/www.youtube.com\/c\/sunoresearch"]},{"@type":"Person","@id":"https:\/\/www.suno.com.br\/noticias\/#\/schema\/person\/c1b1bd3727fa852bd045e9dbff3673ea","name":"Reda\u00e7\u00e3o Suno Not\u00edcias","image":{"@type":"ImageObject","inLanguage":"pt-BR","@id":"https:\/\/www.suno.com.br\/noticias\/#\/schema\/person\/image\/","url":"https:\/\/secure.gravatar.com\/avatar\/b8104b9b5a71985d5238ee59fbe418af?s=96&r=g","contentUrl":"https:\/\/secure.gravatar.com\/avatar\/b8104b9b5a71985d5238ee59fbe418af?s=96&r=g","caption":"Reda\u00e7\u00e3o Suno Not\u00edcias"},"description":"O Suno Not\u00edcias \u00e9 um portal de informa\u00e7\u00f5es sobre Mercado Financeiro, Pol\u00edtica, Neg\u00f3cios, Economia e Finan\u00e7as Pessoais.","sameAs":["https:\/\/www.suno.com.br\/noticias","https:\/\/www.facebook.com\/sunonoticias\/","https:\/\/www.instagram.com\/sunonoticias\/","https:\/\/x.com\/https:\/\/twitter.com\/sunoresearch","https:\/\/www.youtube.com\/sunonoticias"],"url":"https:\/\/www.suno.com.br\/noticias\/author\/redacao-suno\/"}]}},"default_loop_html":"<div class=\"cardsPage__listCard__boxs\"><div class=\"cardsPage__listCard__boxs__img\"><a href=\"https:\/\/www.suno.com.br\/noticias\/prates-gas-pocos-petrobras-petr4\/\"><img class=\"mask\" src=\"https:\/\/www.suno.com.br\/noticias\/wp-content\/themes\/suno\/resources\/images\/spotlight\/spotlight1img\/bg-mask.png\" alt=\"Image Mask\"\/><img src=\"https:\/\/files.sunoresearch.com.br\/n\/uploads\/2023\/04\/edificio-sede-da-Petrobras-Edise-4-400x200.jpg\" alt=\"Prates defende reinje\u00e7\u00e3o de g\u00e1s em po\u00e7os pela Petrobras (PETR4), em meio a cr\u00edticas do MME\"\/><\/a><span class=\"spotlightCategory\"><a href=\"https:\/\/www.suno.com.br\/noticias\/negocios\/\">Neg\u00f3cios<\/a><\/span><\/div><div class=\"cardsPage__listCard__boxs__content\"><a href=\"https:\/\/www.suno.com.br\/noticias\/prates-gas-pocos-petrobras-petr4\/\"><h2 class=\"content__title\">Prates defende reinje\u00e7\u00e3o de g\u00e1s em po\u00e7os pela Petrobras (PETR4), em meio a cr\u00edticas do MME<\/h2><\/a><div class=\"newsContent__article__meta\"><div class=\"newsContent__article__meta__authorBox\"><a href=\"https:\/\/www.suno.com.br\/noticias\/author\/redacao-suno\/\" class=\"authorBox__avatar noMobi\"><img src=\"https:\/\/files.sunoresearch.com.br\/n\/uploads\/2020\/08\/0ace682d-redacao-1-150x150.webp\" alt=\"Reda\u00e7\u00e3o Suno Not\u00edcias\"><\/a><div class=\"authorBox__name\"><span>por\n\t\t\t<a href=\"https:\/\/www.suno.com.br\/noticias\/author\/redacao-suno\/\"><span itemprop=\"author\">Reda\u00e7\u00e3o Suno Not\u00edcias<\/span><\/a><\/span><time datetime=\"2023-06-25T15:59:45-03:00\" itemprop=\"datePublished\">25\/06\/2023 15:59<\/time><\/div><\/div><\/div><\/div><\/div>","single_layout":"posts","amp_enabled":true,"_links":{"self":[{"href":"https:\/\/www.suno.com.br\/noticias\/wp-json\/wp\/v2\/posts\/421056"}],"collection":[{"href":"https:\/\/www.suno.com.br\/noticias\/wp-json\/wp\/v2\/posts"}],"about":[{"href":"https:\/\/www.suno.com.br\/noticias\/wp-json\/wp\/v2\/types\/post"}],"author":[{"embeddable":true,"href":"https:\/\/www.suno.com.br\/noticias\/wp-json\/wp\/v2\/users\/43"}],"replies":[{"embeddable":true,"href":"https:\/\/www.suno.com.br\/noticias\/wp-json\/wp\/v2\/comments?post=421056"}],"version-history":[{"count":2,"href":"https:\/\/www.suno.com.br\/noticias\/wp-json\/wp\/v2\/posts\/421056\/revisions"}],"predecessor-version":[{"id":421064,"href":"https:\/\/www.suno.com.br\/noticias\/wp-json\/wp\/v2\/posts\/421056\/revisions\/421064"}],"wp:featuredmedia":[{"embeddable":true,"href":"https:\/\/www.suno.com.br\/noticias\/wp-json\/wp\/v2\/media\/385139"}],"wp:attachment":[{"href":"https:\/\/www.suno.com.br\/noticias\/wp-json\/wp\/v2\/media?parent=421056"}],"wp:term":[{"taxonomy":"category","embeddable":true,"href":"https:\/\/www.suno.com.br\/noticias\/wp-json\/wp\/v2\/categories?post=421056"},{"taxonomy":"post_tag","embeddable":true,"href":"https:\/\/www.suno.com.br\/noticias\/wp-json\/wp\/v2\/tags?post=421056"},{"taxonomy":"suno_strategy","embeddable":true,"href":"https:\/\/www.suno.com.br\/noticias\/wp-json\/wp\/v2\/suno_strategy?post=421056"}],"curies":[{"name":"wp","href":"https:\/\/api.w.org\/{rel}","templated":true}]}}