{"id":420962,"date":"2023-06-24T13:46:09","date_gmt":"2023-06-24T16:46:09","guid":{"rendered":"https:\/\/www.suno.com.br\/noticias\/?p=420962"},"modified":"2023-06-24T14:41:50","modified_gmt":"2023-06-24T17:41:50","slug":"putin-presidente-russia-moscou-grupo-wagner-kremlin","status":"publish","type":"post","link":"https:\/\/www.suno.com.br\/noticias\/putin-presidente-russia-moscou-grupo-wagner-kremlin\/","title":{"rendered":"Avi\u00e3o de Putin deixa Moscou e some do radar ap\u00f3s avan\u00e7o do grupo Wagner; Entenda o caso"},"content":{"rendered":"<p>Um avi\u00e3o presidencial de Vladimir <strong>Putin<\/strong> decolou de Moscou rumo \u00e0 regi\u00e3o norte da <a href=\"https:\/\/www.suno.com.br\/noticias\/generais-russos-acusam-lider-de-grupo-mercenario-de-articular-golpe-contra-putin-entenda\/\" target=\"_blank\" rel=\"noreferrer noopener\">R\u00fassia<\/a>, em proximidade com S\u00e3o Petersburgo, de acordo com informa\u00e7\u00f5es passadas pelo site Flightradar24h.<\/p>\t<div class=\"wrapper-featured-image\">\n\t\t<figure class=\"spotlightImg\">\n\n\t\t\t<picture>\n\t\t\t\t<source media=\"(max-width: 768px)\" srcset=\"https:\/\/files.sunoresearch.com.br\/n\/uploads\/2023\/06\/Vladimir-Putin-400x200.jpg\">\n\t\t\t\t<img loading=\"lazy\" decoding=\"async\" class=\"newsContent__article__imgCapa lazyloadDisabled \" src=\"https:\/\/files.sunoresearch.com.br\/n\/uploads\/2023\/06\/Vladimir-Putin-800x450.jpg\" width=\"800\" height=\"450\" alt=\"Avi\u00e3o de Putin deixa Moscou e some do radar ap\u00f3s avan\u00e7o do grupo Wagner; Entenda o caso\" fetchpriority=high \/>\n\t\t\t<\/picture>\n\n\t\t\t<figcaption class=\"wp-caption-text wp-caption-text--show\">Vladimir Putin. Foto: Reprodu\u00e7\u00e3o\/YouTube<\/figcaption>\n\t\t<\/figure>\n\t<\/div>\n\n\n\n\n\n\t<p>\n\t\t<a href=\"https:\/\/lp2.suno.com.br\/cl\/black-friday-2025\/?utm_campaign=_SNCDF0E4858_\" target=\"_blank\" data-element=\"shortcode-suno-banner\" title=\"Banner SUNO, clique e saiba mais\">\n\t\t\t<picture>\n\t\t\t\t<source media=\"(max-width: 500px)\" srcset=\"https:\/\/files.sunoresearch.com.br\/n\/uploads\/2025\/10\/Artigos-e-Noticias-Banner-Home-artigos-01-Mobile_-400x300-1-png.webp\">\n\t\t\t\t<img class=\"newsContent__article__imgCapa newsContent__article__imgCapa--banner\"\n\t\t\t\t\tsrc=\"https:\/\/files.sunoresearch.com.br\/n\/uploads\/2025\/10\/Artigos-e-Noticias-Banner-Home-artigos-01-Desktop_-1420x240-1-png.webp\"\n\t\t\t\t\tdata-promo-id=\"311259\"\t\t\t\t\t\t\t\t\t\twidth='1420' height='240'\t\t\t\t\talt=\"https:\/\/files.sunoresearch.com.br\/n\/uploads\/2025\/10\/Artigos-e-Noticias-Banner-Home-artigos-01-Desktop_-1420x240-1-png.webp\"\n\t\t\t\t>\n\t\t\t<\/picture>\n\t\t<\/a>\n\t<\/p>\n\n\n\n\n\n<p>O <strong>avi\u00e3o de Putin<\/strong> teria sa\u00eddo da capital da R\u00fassia por volta das 8h16 deste s\u00e1bado, conforme hor\u00e1rio de Bras\u00edlia. No entanto, ap\u00f3s se aproximar da cidade de Tver, que fica situada a aproximadamente 180 km de Moscou, a aeronave \u201csumiu do radar\u201d do Flightradar24h.<\/p>\n\n\n\n<p>Quando o avi\u00e3o de Putin estava sendo monitorado pelo site Flightradar24h, cerca de 50 mil pessoas estavam acompanhando para onde a aeronave seguia.<\/p>\n\n\n\t<div data-element=\"shortcode-read-more\" class=\"knowMore\">\n\t\t\t\t<span class=\"knowMore__title\">Leia mais<\/span>\n\t\t\t\t<a class=\"knowMore__link\" href=\"https:\/\/www.suno.com.br\/noticias\/crise-russia-grupo-wagner-prigozhin-putin\/\">\n\t\t\tRebeli\u00e3o na R\u00fassia: grupo Wagner decide recuar; Entenda tudo sobre o confronto com as tropas de Putin\t\t<\/a>\n\t<\/div>\n\n\n\n\n<p>Assim, surgiram indaga\u00e7\u00f5es se o <strong>presidente da R\u00fassia<\/strong> estava no avi\u00e3o, o que foi negado por um porta-voz do governo ao jornal Telegraph.<\/p>\n\n\n\n<p>Al\u00e9m disso, o pr\u00f3prio governo da R\u00fassia disse em nota que Putin continua \u201ctrabalhando\u201d normalmente na capital, negando qualquer fuga do presidente russo.<\/p>\n\n\n\n<h2 class=\"wp-block-heading\">Membro da Otan fala com Putin sobre situa\u00e7\u00e3o da R\u00fassia e grupo Wagner<\/h2>\n\n\n\n<p>O presidente da Turquia, Tayyip Erdogan, conversou com Vladimir Putin hoje (24) por telefone, sendo uma das primeiras lideran\u00e7as internacionais a falar com o presidente russo ap\u00f3s o in\u00edcio da <strong><a href=\"https:\/\/www.suno.com.br\/noticias\/crise-russia-grupo-wagner-prigozhin-putin\/\">rebeli\u00e3o do grupo Wagner<\/a><\/strong> na noite desta sexta-feira (23).<\/p>\n\n\n\n<p>O presidente turco afirmou que ambos discutiram a respeito da situa\u00e7\u00e3o atual entre a R\u00fassia e o grupo de mercen\u00e1rios liderados por Yevgeny <strong>Prigozhin<\/strong>.<\/p>\n\n\n\n<p>O governante da Turquia teria dito a Putin que busca por uma solu\u00e7\u00e3o pac\u00edfica para a situa\u00e7\u00e3o.<\/p>\n\n\n\n<p>Apesar disso, ele diz que enfatizou na liga\u00e7\u00e3o que \u201cningu\u00e9m deveria assumir a responsabilidade de agir diante da situa\u00e7\u00e3o na R\u00fassia\u201d.<\/p>\n\n\n\n<p>Ap\u00f3s a conversa entre os presidentes, o<strong> Kremlin<\/strong> soltou uma nota oficial dizendo que o l\u00edder turco teria apoiado o modo como a R\u00fassia est\u00e1 tratando a rebeli\u00e3o do grupo Wagner.<\/p>\n\n\n\n<p>Vale lembrar que desde o come\u00e7o da <strong>Guerra da Ucr\u00e2nia<\/strong>, Erdogan buscou manter suas rela\u00e7\u00f5es com a R\u00fassia, apesar de ser um dos membros da Otan.<\/p>\n\n\n\n<p>Nesse sentido, diferentemente de outros pa\u00edses que fazem parte da <strong>Otan<\/strong>, a Turquia optou por n\u00e3o impor san\u00e7\u00f5es econ\u00f4micas sobre a R\u00fassia, apesar de ter dado armamento para a Ucr\u00e2nia usar na guerra.<\/p>\n\n\n\n<h2 class=\"wp-block-heading\">Como come\u00e7ou o conflito entre R\u00fassia e o grupo Wagner? Entenda o caso<\/h2>\n\n\n\n<p>O l\u00edder do grupo Wagner, <strong>Yevgeny Prigozhin<\/strong>, iniciou uma campanha com seus soldados com o objetivo de destituir o ministro de Defesa da R\u00fassia nesta sexta-feira (23).<\/p>\n\n\n\n<p>O conflito se iniciou ap\u00f3s as acusa\u00e7\u00f5es de Prigozhin de que o Minist\u00e9rio de Defesa da R\u00fassia teria atacado os acampamentos de seu grupo.<\/p>\n\n\n\n<p>Al\u00e9m disso, o l\u00edder do grupo de mercen\u00e1rios alega que Putin mentiu sobre os motivos que levaram ao in\u00edcio da <strong>Guerra entre R\u00fassia e Ucr\u00e2nia<\/strong>.<\/p>\n\n\n\n<p>Apesar disso, o minist\u00e9rio russo negou as afirma\u00e7\u00f5es de Prigozhin, conforme destacado em comunicado oficial. \u201cN\u00e3o correspondem \u00e0 realidade e s\u00e3o uma provoca\u00e7\u00e3o informativa\u201d.<\/p>\n\n\n\n<p>Depois do in\u00edcio do motim do grupo Wagner, o governo da R\u00fassia levou militares \u00e0s ruas, criou bloqueios met\u00e1licos e refor\u00e7ou a seguran\u00e7a da capital, o que o prefeito de Moscou considera como medidas \u201cantiterroristas\u201d.<\/p>\n\n\n\n<p>Um confronto armado entre o <strong>ex\u00e9rcito russo <\/strong>e o grupo de mercen\u00e1rios se intensificou, ap\u00f3s Prigozhin afirmar em v\u00eddeo que as sedes militares na cidade de <strong>Rostov <\/strong>j\u00e1 estavam controladas pelo seu grupo.<\/p>\n\n\n\n<p>Al\u00e9m disso, o grupo Wagner j\u00e1 teria tomado instala\u00e7\u00f5es militares na cidade de Voronezh, segundo informa\u00e7\u00f5es da ag\u00eancia Reuters, na sua busca de avan\u00e7ar em dire\u00e7\u00e3o a Moscou.<\/p>\n\n\n\n<p>Em discurso televisionado neste s\u00e1bado (24),<strong> Putin <\/strong>negou as acusa\u00e7\u00f5es feitas por Prigozhin. Ele classificou a situa\u00e7\u00e3o como uma \u201cfacada nas costas\u201d e ressaltou que quem tra\u00edsse ou atacasse militares russos seria punido.<\/p>\n\n\n\t<p>\n\t\t<a href=\"https:\/\/lp.suno.com.br\/ebook-como-analisar-uma-acao\/\" target=\"_blank\" data-element=\"shortcode-suno-banner\" title=\"Banner SUNO, clique e saiba mais\">\n\t\t\t<picture>\n\t\t\t\t<source media=\"(max-width: 500px)\" srcset=\"https:\/\/files.sunoresearch.com.br\/n\/uploads\/2023\/12\/Ebook-Acoes-Mobile.jpg\">\n\t\t\t\t<img class=\"newsContent__article__imgCapa newsContent__article__imgCapa--banner\"\n\t\t\t\t\tsrc=\"https:\/\/files.sunoresearch.com.br\/n\/uploads\/2023\/12\/Ebook-Acoes-Desktop.webp\"\n\t\t\t\t\tdata-promo-id=\"311260\"\t\t\t\t\t\t\t\t\t\twidth='1420' height='286'\t\t\t\t\talt=\"https:\/\/files.sunoresearch.com.br\/n\/uploads\/2023\/12\/Ebook-Acoes-Desktop.webp\"\n\t\t\t\t>\n\t\t\t<\/picture>\n\t\t<\/a>\n\t<\/p>\n\n\n","protected":false},"excerpt":{"rendered":"<p>Um avi\u00e3o presidencial de Vladimir Putin decolou de Moscou rumo \u00e0 regi\u00e3o norte da R\u00fassia, em proximidade com S\u00e3o Petersburgo, de acordo com informa\u00e7\u00f5es passadas pelo site Flightradar24h. Vladimir Putin. Foto: Reprodu\u00e7\u00e3o\/YouTube O avi\u00e3o de Putin teria sa\u00eddo da capital da R\u00fassia por volta das 8h16 deste s\u00e1bado, conforme hor\u00e1rio de Bras\u00edlia. No entanto, ap\u00f3s [&hellip;]<\/p>\n","protected":false},"author":173,"featured_media":420963,"comment_status":"closed","ping_status":"closed","sticky":false,"template":"","format":"standard","meta":[],"categories":[63],"tags":[866,799],"suno_strategy":[],"class_list":["post-420962","post","type-post","status-publish","format-standard","has-post-thumbnail","hentry","category-internacional","tag-russia","tag-vladimir-putin"],"yoast_head":"<!-- This site is optimized with the Yoast SEO plugin v24.4 - https:\/\/yoast.com\/wordpress\/plugins\/seo\/ -->\n<title>Avi\u00e3o de Putin deixa Moscou e some do radar com avan\u00e7o do grupo Wagner<\/title>\n<meta name=\"description\" content=\"Um avi\u00e3o de Putin deixou Moscou e sumiu do radar em meio ao avan\u00e7o do Grupo Wagner. O presidente da R\u00fassia estava no avi\u00e3o? Saiba agora.\" \/>\n<meta name=\"robots\" content=\"index, follow, max-snippet:-1, max-image-preview:large, max-video-preview:-1\" \/>\n<link rel=\"canonical\" href=\"https:\/\/www.suno.com.br\/noticias\/putin-presidente-russia-moscou-grupo-wagner-kremlin\/\" \/>\n<meta property=\"og:locale\" content=\"pt_BR\" \/>\n<meta property=\"og:type\" content=\"article\" \/>\n<meta property=\"og:title\" content=\"Avi\u00e3o de Putin deixa Moscou e some do radar com avan\u00e7o do grupo Wagner\" \/>\n<meta property=\"og:description\" content=\"Um avi\u00e3o de Putin deixou Moscou e sumiu do radar em meio ao avan\u00e7o do Grupo Wagner. O presidente da R\u00fassia estava no avi\u00e3o? Saiba agora.\" \/>\n<meta property=\"og:url\" content=\"https:\/\/www.suno.com.br\/noticias\/putin-presidente-russia-moscou-grupo-wagner-kremlin\/\" \/>\n<meta property=\"og:site_name\" content=\"Suno Not\u00edcias\" \/>\n<meta property=\"article:publisher\" content=\"https:\/\/facebook.com\/sunoresearch\" \/>\n<meta property=\"og:image\" content=\"https:\/\/files.sunoresearch.com.br\/n\/uploads\/2023\/06\/Vladimir-Putin.jpg\" \/>\n\t<meta property=\"og:image:width\" content=\"1920\" \/>\n\t<meta property=\"og:image:height\" content=\"1080\" \/>\n\t<meta property=\"og:image:type\" content=\"image\/jpeg\" \/>\n<meta name=\"author\" content=\"Jo\u00e3o Vitor\" \/>\n<meta name=\"twitter:card\" content=\"summary_large_image\" \/>\n<meta name=\"twitter:creator\" content=\"@sunoresearch\" \/>\n<meta name=\"twitter:site\" content=\"@sunoresearch\" \/>\n<meta name=\"twitter:label1\" content=\"Escrito por\" \/>\n\t<meta name=\"twitter:data1\" content=\"Jo\u00e3o Vitor\" \/>\n\t<meta name=\"twitter:label2\" content=\"Est. tempo de leitura\" \/>\n\t<meta name=\"twitter:data2\" content=\"4 minutos\" \/>\n<script type=\"application\/ld+json\" class=\"yoast-schema-graph\">{\"@context\":\"https:\/\/schema.org\",\"@graph\":[{\"@type\":\"NewsArticle\",\"@id\":\"https:\/\/www.suno.com.br\/noticias\/putin-presidente-russia-moscou-grupo-wagner-kremlin\/#article\",\"isPartOf\":{\"@id\":\"https:\/\/www.suno.com.br\/noticias\/putin-presidente-russia-moscou-grupo-wagner-kremlin\/\"},\"author\":{\"name\":\"Jo\u00e3o Vitor\",\"@id\":\"https:\/\/www.suno.com.br\/noticias\/#\/schema\/person\/87fc6973867c52dd884811905c43afba\"},\"headline\":\"Avi\u00e3o de Putin deixa Moscou e some do radar ap\u00f3s avan\u00e7o do grupo Wagner; Entenda o caso\",\"datePublished\":\"2023-06-24T16:46:09+00:00\",\"dateModified\":\"2023-06-24T17:41:50+00:00\",\"mainEntityOfPage\":{\"@id\":\"https:\/\/www.suno.com.br\/noticias\/putin-presidente-russia-moscou-grupo-wagner-kremlin\/\"},\"wordCount\":696,\"publisher\":{\"@id\":\"https:\/\/www.suno.com.br\/noticias\/#organization\"},\"image\":{\"@id\":\"https:\/\/www.suno.com.br\/noticias\/putin-presidente-russia-moscou-grupo-wagner-kremlin\/#primaryimage\"},\"thumbnailUrl\":\"https:\/\/files.sunoresearch.com.br\/n\/uploads\/2023\/06\/Vladimir-Putin.jpg\",\"keywords\":[\"R\u00fassia\",\"Vladimir Putin\"],\"articleSection\":[\"Internacional\"],\"inLanguage\":\"pt-BR\"},{\"@type\":\"WebPage\",\"@id\":\"https:\/\/www.suno.com.br\/noticias\/putin-presidente-russia-moscou-grupo-wagner-kremlin\/\",\"url\":\"https:\/\/www.suno.com.br\/noticias\/putin-presidente-russia-moscou-grupo-wagner-kremlin\/\",\"name\":\"Avi\u00e3o de Putin deixa Moscou e some do radar com avan\u00e7o do grupo Wagner\",\"isPartOf\":{\"@id\":\"https:\/\/www.suno.com.br\/noticias\/#website\"},\"primaryImageOfPage\":{\"@id\":\"https:\/\/www.suno.com.br\/noticias\/putin-presidente-russia-moscou-grupo-wagner-kremlin\/#primaryimage\"},\"image\":{\"@id\":\"https:\/\/www.suno.com.br\/noticias\/putin-presidente-russia-moscou-grupo-wagner-kremlin\/#primaryimage\"},\"thumbnailUrl\":\"https:\/\/files.sunoresearch.com.br\/n\/uploads\/2023\/06\/Vladimir-Putin.jpg\",\"datePublished\":\"2023-06-24T16:46:09+00:00\",\"dateModified\":\"2023-06-24T17:41:50+00:00\",\"description\":\"Um avi\u00e3o de Putin deixou Moscou e sumiu do radar em meio ao avan\u00e7o do Grupo Wagner. O presidente da R\u00fassia estava no avi\u00e3o? Saiba agora.\",\"breadcrumb\":{\"@id\":\"https:\/\/www.suno.com.br\/noticias\/putin-presidente-russia-moscou-grupo-wagner-kremlin\/#breadcrumb\"},\"inLanguage\":\"pt-BR\",\"potentialAction\":[{\"@type\":\"ReadAction\",\"target\":[\"https:\/\/www.suno.com.br\/noticias\/putin-presidente-russia-moscou-grupo-wagner-kremlin\/\"]}]},{\"@type\":\"ImageObject\",\"inLanguage\":\"pt-BR\",\"@id\":\"https:\/\/www.suno.com.br\/noticias\/putin-presidente-russia-moscou-grupo-wagner-kremlin\/#primaryimage\",\"url\":\"https:\/\/files.sunoresearch.com.br\/n\/uploads\/2023\/06\/Vladimir-Putin.jpg\",\"contentUrl\":\"https:\/\/files.sunoresearch.com.br\/n\/uploads\/2023\/06\/Vladimir-Putin.jpg\",\"width\":1920,\"height\":1080,\"caption\":\"Vladimir Putin. Foto: Reprodu\u00e7\u00e3o\/YouTube\"},{\"@type\":\"BreadcrumbList\",\"@id\":\"https:\/\/www.suno.com.br\/noticias\/putin-presidente-russia-moscou-grupo-wagner-kremlin\/#breadcrumb\",\"itemListElement\":[{\"@type\":\"ListItem\",\"position\":1,\"name\":\"Not\u00edcias\",\"item\":\"https:\/\/www.suno.com.br\/noticias\/\"},{\"@type\":\"ListItem\",\"position\":2,\"name\":\"Internacional\",\"item\":\"https:\/\/www.suno.com.br\/noticias\/internacional\/\"},{\"@type\":\"ListItem\",\"position\":3,\"name\":\"Avi\u00e3o de Putin deixa Moscou e some do radar ap\u00f3s avan\u00e7o do grupo Wagner; Entenda o caso\"}]},{\"@type\":\"WebSite\",\"@id\":\"https:\/\/www.suno.com.br\/noticias\/#website\",\"url\":\"https:\/\/www.suno.com.br\/noticias\/\",\"name\":\"Suno Not\u00edcias\",\"description\":\"Seu portal de informa\u00e7\u00e3o sobre o mundo dos investimentos\",\"publisher\":{\"@id\":\"https:\/\/www.suno.com.br\/noticias\/#organization\"},\"potentialAction\":[{\"@type\":\"SearchAction\",\"target\":{\"@type\":\"EntryPoint\",\"urlTemplate\":\"https:\/\/www.suno.com.br\/noticias\/?s={search_term_string}\"},\"query-input\":{\"@type\":\"PropertyValueSpecification\",\"valueRequired\":true,\"valueName\":\"search_term_string\"}}],\"inLanguage\":\"pt-BR\"},{\"@type\":\"Organization\",\"@id\":\"https:\/\/www.suno.com.br\/noticias\/#organization\",\"name\":\"Suno Not\u00edcias\",\"url\":\"https:\/\/www.suno.com.br\/noticias\/\",\"logo\":{\"@type\":\"ImageObject\",\"inLanguage\":\"pt-BR\",\"@id\":\"https:\/\/www.suno.com.br\/noticias\/#\/schema\/logo\/image\/\",\"url\":\"https:\/\/files.sunoresearch.com.br\/n\/uploads\/2021\/09\/suno-logo.png\",\"contentUrl\":\"https:\/\/files.sunoresearch.com.br\/n\/uploads\/2021\/09\/suno-logo.png\",\"width\":180,\"height\":180,\"caption\":\"Suno Not\u00edcias\"},\"image\":{\"@id\":\"https:\/\/www.suno.com.br\/noticias\/#\/schema\/logo\/image\/\"},\"sameAs\":[\"https:\/\/facebook.com\/sunoresearch\",\"https:\/\/x.com\/sunoresearch\",\"https:\/\/www.instagram.com\/suno\",\"https:\/\/www.linkedin.com\/company\/suno-research\/\",\"https:\/\/www.youtube.com\/c\/sunoresearch\"]},{\"@type\":\"Person\",\"@id\":\"https:\/\/www.suno.com.br\/noticias\/#\/schema\/person\/87fc6973867c52dd884811905c43afba\",\"name\":\"Jo\u00e3o Vitor\",\"image\":{\"@type\":\"ImageObject\",\"inLanguage\":\"pt-BR\",\"@id\":\"https:\/\/www.suno.com.br\/noticias\/#\/schema\/person\/image\/\",\"url\":\"https:\/\/secure.gravatar.com\/avatar\/2843227ca03ccf8cc7ccca45204c127e?s=96&r=g\",\"contentUrl\":\"https:\/\/secure.gravatar.com\/avatar\/2843227ca03ccf8cc7ccca45204c127e?s=96&r=g\",\"caption\":\"Jo\u00e3o Vitor\"},\"description\":\"Redator profissional, com atua\u00e7\u00e3o no mercado editorial na produ\u00e7\u00e3o de not\u00edcias e conte\u00fados sobre o mercado de a\u00e7\u00f5es, fundos imobili\u00e1rios e economia popular. Graduando em Engenharia Qu\u00edmica pela Unesp, tamb\u00e9m j\u00e1 atuou como consultor financeiro.\",\"url\":\"https:\/\/www.suno.com.br\/noticias\/author\/joao-vitor-jacintho\/\"}]}<\/script>\n<!-- \/ Yoast SEO plugin. -->","yoast_head_json":{"title":"Avi\u00e3o de Putin deixa Moscou e some do radar com avan\u00e7o do grupo Wagner","description":"Um avi\u00e3o de Putin deixou Moscou e sumiu do radar em meio ao avan\u00e7o do Grupo Wagner. O presidente da R\u00fassia estava no avi\u00e3o? Saiba agora.","robots":{"index":"index","follow":"follow","max-snippet":"max-snippet:-1","max-image-preview":"max-image-preview:large","max-video-preview":"max-video-preview:-1"},"canonical":"https:\/\/www.suno.com.br\/noticias\/putin-presidente-russia-moscou-grupo-wagner-kremlin\/","og_locale":"pt_BR","og_type":"article","og_title":"Avi\u00e3o de Putin deixa Moscou e some do radar com avan\u00e7o do grupo Wagner","og_description":"Um avi\u00e3o de Putin deixou Moscou e sumiu do radar em meio ao avan\u00e7o do Grupo Wagner. O presidente da R\u00fassia estava no avi\u00e3o? Saiba agora.","og_url":"https:\/\/www.suno.com.br\/noticias\/putin-presidente-russia-moscou-grupo-wagner-kremlin\/","og_site_name":"Suno Not\u00edcias","article_publisher":"https:\/\/facebook.com\/sunoresearch","og_image":[{"width":1920,"height":1080,"url":"https:\/\/files.sunoresearch.com.br\/n\/uploads\/2023\/06\/Vladimir-Putin.jpg","type":"image\/jpeg"}],"author":"Jo\u00e3o Vitor","twitter_card":"summary_large_image","twitter_creator":"@sunoresearch","twitter_site":"@sunoresearch","twitter_misc":{"Escrito por":"Jo\u00e3o Vitor","Est. tempo de leitura":"4 minutos"},"schema":{"@context":"https:\/\/schema.org","@graph":[{"@type":"NewsArticle","@id":"https:\/\/www.suno.com.br\/noticias\/putin-presidente-russia-moscou-grupo-wagner-kremlin\/#article","isPartOf":{"@id":"https:\/\/www.suno.com.br\/noticias\/putin-presidente-russia-moscou-grupo-wagner-kremlin\/"},"author":{"name":"Jo\u00e3o Vitor","@id":"https:\/\/www.suno.com.br\/noticias\/#\/schema\/person\/87fc6973867c52dd884811905c43afba"},"headline":"Avi\u00e3o de Putin deixa Moscou e some do radar ap\u00f3s avan\u00e7o do grupo Wagner; Entenda o caso","datePublished":"2023-06-24T16:46:09+00:00","dateModified":"2023-06-24T17:41:50+00:00","mainEntityOfPage":{"@id":"https:\/\/www.suno.com.br\/noticias\/putin-presidente-russia-moscou-grupo-wagner-kremlin\/"},"wordCount":696,"publisher":{"@id":"https:\/\/www.suno.com.br\/noticias\/#organization"},"image":{"@id":"https:\/\/www.suno.com.br\/noticias\/putin-presidente-russia-moscou-grupo-wagner-kremlin\/#primaryimage"},"thumbnailUrl":"https:\/\/files.sunoresearch.com.br\/n\/uploads\/2023\/06\/Vladimir-Putin.jpg","keywords":["R\u00fassia","Vladimir Putin"],"articleSection":["Internacional"],"inLanguage":"pt-BR"},{"@type":"WebPage","@id":"https:\/\/www.suno.com.br\/noticias\/putin-presidente-russia-moscou-grupo-wagner-kremlin\/","url":"https:\/\/www.suno.com.br\/noticias\/putin-presidente-russia-moscou-grupo-wagner-kremlin\/","name":"Avi\u00e3o de Putin deixa Moscou e some do radar com avan\u00e7o do grupo Wagner","isPartOf":{"@id":"https:\/\/www.suno.com.br\/noticias\/#website"},"primaryImageOfPage":{"@id":"https:\/\/www.suno.com.br\/noticias\/putin-presidente-russia-moscou-grupo-wagner-kremlin\/#primaryimage"},"image":{"@id":"https:\/\/www.suno.com.br\/noticias\/putin-presidente-russia-moscou-grupo-wagner-kremlin\/#primaryimage"},"thumbnailUrl":"https:\/\/files.sunoresearch.com.br\/n\/uploads\/2023\/06\/Vladimir-Putin.jpg","datePublished":"2023-06-24T16:46:09+00:00","dateModified":"2023-06-24T17:41:50+00:00","description":"Um avi\u00e3o de Putin deixou Moscou e sumiu do radar em meio ao avan\u00e7o do Grupo Wagner. O presidente da R\u00fassia estava no avi\u00e3o? Saiba agora.","breadcrumb":{"@id":"https:\/\/www.suno.com.br\/noticias\/putin-presidente-russia-moscou-grupo-wagner-kremlin\/#breadcrumb"},"inLanguage":"pt-BR","potentialAction":[{"@type":"ReadAction","target":["https:\/\/www.suno.com.br\/noticias\/putin-presidente-russia-moscou-grupo-wagner-kremlin\/"]}]},{"@type":"ImageObject","inLanguage":"pt-BR","@id":"https:\/\/www.suno.com.br\/noticias\/putin-presidente-russia-moscou-grupo-wagner-kremlin\/#primaryimage","url":"https:\/\/files.sunoresearch.com.br\/n\/uploads\/2023\/06\/Vladimir-Putin.jpg","contentUrl":"https:\/\/files.sunoresearch.com.br\/n\/uploads\/2023\/06\/Vladimir-Putin.jpg","width":1920,"height":1080,"caption":"Vladimir Putin. Foto: Reprodu\u00e7\u00e3o\/YouTube"},{"@type":"BreadcrumbList","@id":"https:\/\/www.suno.com.br\/noticias\/putin-presidente-russia-moscou-grupo-wagner-kremlin\/#breadcrumb","itemListElement":[{"@type":"ListItem","position":1,"name":"Not\u00edcias","item":"https:\/\/www.suno.com.br\/noticias\/"},{"@type":"ListItem","position":2,"name":"Internacional","item":"https:\/\/www.suno.com.br\/noticias\/internacional\/"},{"@type":"ListItem","position":3,"name":"Avi\u00e3o de Putin deixa Moscou e some do radar ap\u00f3s avan\u00e7o do grupo Wagner; Entenda o caso"}]},{"@type":"WebSite","@id":"https:\/\/www.suno.com.br\/noticias\/#website","url":"https:\/\/www.suno.com.br\/noticias\/","name":"Suno Not\u00edcias","description":"Seu portal de informa\u00e7\u00e3o sobre o mundo dos investimentos","publisher":{"@id":"https:\/\/www.suno.com.br\/noticias\/#organization"},"potentialAction":[{"@type":"SearchAction","target":{"@type":"EntryPoint","urlTemplate":"https:\/\/www.suno.com.br\/noticias\/?s={search_term_string}"},"query-input":{"@type":"PropertyValueSpecification","valueRequired":true,"valueName":"search_term_string"}}],"inLanguage":"pt-BR"},{"@type":"Organization","@id":"https:\/\/www.suno.com.br\/noticias\/#organization","name":"Suno Not\u00edcias","url":"https:\/\/www.suno.com.br\/noticias\/","logo":{"@type":"ImageObject","inLanguage":"pt-BR","@id":"https:\/\/www.suno.com.br\/noticias\/#\/schema\/logo\/image\/","url":"https:\/\/files.sunoresearch.com.br\/n\/uploads\/2021\/09\/suno-logo.png","contentUrl":"https:\/\/files.sunoresearch.com.br\/n\/uploads\/2021\/09\/suno-logo.png","width":180,"height":180,"caption":"Suno Not\u00edcias"},"image":{"@id":"https:\/\/www.suno.com.br\/noticias\/#\/schema\/logo\/image\/"},"sameAs":["https:\/\/facebook.com\/sunoresearch","https:\/\/x.com\/sunoresearch","https:\/\/www.instagram.com\/suno","https:\/\/www.linkedin.com\/company\/suno-research\/","https:\/\/www.youtube.com\/c\/sunoresearch"]},{"@type":"Person","@id":"https:\/\/www.suno.com.br\/noticias\/#\/schema\/person\/87fc6973867c52dd884811905c43afba","name":"Jo\u00e3o Vitor","image":{"@type":"ImageObject","inLanguage":"pt-BR","@id":"https:\/\/www.suno.com.br\/noticias\/#\/schema\/person\/image\/","url":"https:\/\/secure.gravatar.com\/avatar\/2843227ca03ccf8cc7ccca45204c127e?s=96&r=g","contentUrl":"https:\/\/secure.gravatar.com\/avatar\/2843227ca03ccf8cc7ccca45204c127e?s=96&r=g","caption":"Jo\u00e3o Vitor"},"description":"Redator profissional, com atua\u00e7\u00e3o no mercado editorial na produ\u00e7\u00e3o de not\u00edcias e conte\u00fados sobre o mercado de a\u00e7\u00f5es, fundos imobili\u00e1rios e economia popular. Graduando em Engenharia Qu\u00edmica pela Unesp, tamb\u00e9m j\u00e1 atuou como consultor financeiro.","url":"https:\/\/www.suno.com.br\/noticias\/author\/joao-vitor-jacintho\/"}]}},"default_loop_html":"<div class=\"cardsPage__listCard__boxs\"><div class=\"cardsPage__listCard__boxs__img\"><a href=\"https:\/\/www.suno.com.br\/noticias\/putin-presidente-russia-moscou-grupo-wagner-kremlin\/\"><img class=\"mask\" src=\"https:\/\/www.suno.com.br\/noticias\/wp-content\/themes\/suno\/resources\/images\/spotlight\/spotlight1img\/bg-mask.png\" alt=\"Image Mask\"\/><img src=\"https:\/\/files.sunoresearch.com.br\/n\/uploads\/2023\/06\/Vladimir-Putin-400x200.jpg\" alt=\"Avi\u00e3o de Putin deixa Moscou e some do radar ap\u00f3s avan\u00e7o do grupo Wagner; Entenda o caso\"\/><\/a><span class=\"spotlightCategory\"><a href=\"https:\/\/www.suno.com.br\/noticias\/internacional\/\">Internacional<\/a><\/span><\/div><div class=\"cardsPage__listCard__boxs__content\"><a href=\"https:\/\/www.suno.com.br\/noticias\/putin-presidente-russia-moscou-grupo-wagner-kremlin\/\"><h2 class=\"content__title\">Avi\u00e3o de Putin deixa Moscou e some do radar ap\u00f3s avan\u00e7o do grupo Wagner; Entenda o caso<\/h2><\/a><div class=\"newsContent__article__meta\"><div class=\"newsContent__article__meta__authorBox\"><a href=\"https:\/\/www.suno.com.br\/noticias\/author\/joao-vitor-jacintho\/\" class=\"authorBox__avatar noMobi\"><img src=\"https:\/\/secure.gravatar.com\/avatar\/2843227ca03ccf8cc7ccca45204c127e?s=96&#038;r=g\" alt=\"Jo\u00e3o Vitor Jacintho\"><\/a><div class=\"authorBox__name\"><span>por\n\t\t\t<a href=\"https:\/\/www.suno.com.br\/noticias\/author\/joao-vitor-jacintho\/\"><span itemprop=\"author\">Jo\u00e3o Vitor Jacintho<\/span><\/a><\/span><time datetime=\"2023-06-24T13:46:09-03:00\" itemprop=\"datePublished\">24\/06\/2023 13:46<\/time><\/div><\/div><\/div><\/div><\/div>","single_layout":"posts","amp_enabled":true,"_links":{"self":[{"href":"https:\/\/www.suno.com.br\/noticias\/wp-json\/wp\/v2\/posts\/420962"}],"collection":[{"href":"https:\/\/www.suno.com.br\/noticias\/wp-json\/wp\/v2\/posts"}],"about":[{"href":"https:\/\/www.suno.com.br\/noticias\/wp-json\/wp\/v2\/types\/post"}],"author":[{"embeddable":true,"href":"https:\/\/www.suno.com.br\/noticias\/wp-json\/wp\/v2\/users\/173"}],"replies":[{"embeddable":true,"href":"https:\/\/www.suno.com.br\/noticias\/wp-json\/wp\/v2\/comments?post=420962"}],"version-history":[{"count":3,"href":"https:\/\/www.suno.com.br\/noticias\/wp-json\/wp\/v2\/posts\/420962\/revisions"}],"predecessor-version":[{"id":420987,"href":"https:\/\/www.suno.com.br\/noticias\/wp-json\/wp\/v2\/posts\/420962\/revisions\/420987"}],"wp:featuredmedia":[{"embeddable":true,"href":"https:\/\/www.suno.com.br\/noticias\/wp-json\/wp\/v2\/media\/420963"}],"wp:attachment":[{"href":"https:\/\/www.suno.com.br\/noticias\/wp-json\/wp\/v2\/media?parent=420962"}],"wp:term":[{"taxonomy":"category","embeddable":true,"href":"https:\/\/www.suno.com.br\/noticias\/wp-json\/wp\/v2\/categories?post=420962"},{"taxonomy":"post_tag","embeddable":true,"href":"https:\/\/www.suno.com.br\/noticias\/wp-json\/wp\/v2\/tags?post=420962"},{"taxonomy":"suno_strategy","embeddable":true,"href":"https:\/\/www.suno.com.br\/noticias\/wp-json\/wp\/v2\/suno_strategy?post=420962"}],"curies":[{"name":"wp","href":"https:\/\/api.w.org\/{rel}","templated":true}]}}