{"id":42090,"date":"2019-10-23T13:53:21","date_gmt":"2019-10-23T15:53:21","guid":{"rendered":"https:\/\/www.suno.com.br\/noticias\/?p=42090"},"modified":"2019-10-23T14:05:53","modified_gmt":"2019-10-23T16:05:53","slug":"ue-adiamento-brexit-3-meses","status":"publish","type":"post","link":"https:\/\/www.suno.com.br\/noticias\/ue-adiamento-brexit-3-meses\/","title":{"rendered":"UE avalia proposta de adiamento do Brexit por mais 3 meses"},"content":{"rendered":"<p>L\u00edderes da <a href=\"https:\/\/www.suno.com.br\/artigos\/uniao-europeia\/\"><strong>Uni\u00e3o<\/strong> <strong>Europeia<\/strong><\/a> debatem nesta quarta-feira (23) o pedido de adiamento do Brexit pelo governo brit\u00e2nico. O estimado \u00e9 que o prazo seja prorrogado por mais tr\u00eas meses, para o dia 31<span style=\"font-size: 1.21429rem;\">\u00a0de janeiro.<\/span><\/p>\t<div class=\"wrapper-featured-image\">\n\t\t<figure class=\"spotlightImg\">\n\n\t\t\t<picture>\n\t\t\t\t<source media=\"(max-width: 768px)\" srcset=\"https:\/\/files.sunoresearch.com.br\/n\/uploads\/2019\/09\/511e4890-boris1-400x200.webp\">\n\t\t\t\t<img loading=\"lazy\" decoding=\"async\" class=\"newsContent__article__imgCapa lazyloadDisabled newsContent__article__imgCapa--noCaption\" src=\"https:\/\/files.sunoresearch.com.br\/n\/uploads\/2019\/09\/511e4890-boris1-800x450.webp\" width=\"800\" height=\"450\" alt=\"UE avalia proposta de adiamento do Brexit por mais 3 meses\" fetchpriority=high \/>\n\t\t\t<\/picture>\n\n\t\t\t<figcaption class=\"wp-caption-text wp-caption-text--hide\">coronav\u00edrus<\/figcaption>\n\t\t<\/figure>\n\t<\/div>\n\n\n\n<p>Em seu Twitter, o presidente do Conselho Europeu, Donald Tusk, afirmou que pediu para os l\u00edderes do bloco apoiarem o adiamento do <strong>Brexit<\/strong>.<\/p>\n<p>O primeiro-ministro do <strong>Reino<\/strong> <strong>Unido<\/strong>, <strong>Boris<\/strong> <strong>Johnson<\/strong>, foi for\u00e7ado pelo parlamento brit\u00e2nico a pedir tr\u00eas meses de adiamento. Entretanto, ainda h\u00e1 chances de alguns pa\u00edses da Uni\u00e3o Europeia pedirem uma prorroga\u00e7\u00e3o menor.<\/p>\n<p>O <strong>governo irland\u00eas<\/strong> afirmou que &#8220;o Reino Unido poder\u00e1 partir antes de 31 de janeiro de 2020, se o acordo de retirada for ratificado antes dessa data&#8221;.<\/p>\n<p>Por outro lado, a <strong>Fran\u00e7a<\/strong> informou, por meio de sua secret\u00e1ria de Estado para os Assuntos Europeus, Am\u00e9lie de Montchalin, que apoiaria um &#8220;aiamento t\u00e9cnico&#8221; da data do Brexit, por\u00e9m apenas de &#8220;alguns dias&#8221;.<\/p>\n<p>A Alemanha tamb\u00e9m se manisfestou sobre o assunto e disse que n\u00e3o ir\u00e1 se opor sobre o adiamento da data do Brexit.<\/p>\n<p><a href=\"https:\/\/www.suno.com.br\/noticias\/mercosul-argentina-bolsonaro-ameca-esquerda\/\">Veja tamb\u00e9m: Retorno da esquerda na Argentina \u00e9 amea\u00e7a ao Mercosul, diz Bolsonaro<\/a><\/p>\n<p>&#8220;Se \u00e9 para adiar o Brexit at\u00e9 o final de janeiro, precisamos saber o motivo, o que acontecer\u00e1 nesse meio tempo e se haver\u00e1 elei\u00e7\u00f5es no Reino Unido&#8221;, disse Heiko Maas, ministro das Rela\u00e7\u00f5es Exteriores da <strong>Alemanha<\/strong>, em entrevista ao canal alem\u00e3o &#8220;RTL&#8221;.<\/p>\n<h2>Brexit: Parlamento aprova sa\u00edda da UE<\/h2>\n<p>O Parlamento brit\u00e2nico aprovou, na \u00faltima ter\u00e7a-feira (22), o acordo sobre o Brexit apresentado pelo primeiro-ministro, Boris Johnson.Essa \u00e9 a primeira vez que o parlamento brit\u00e2nico aprova um texto favor\u00e1vel \u00e0 sa\u00edda do Reino Unido da Uni\u00e3o Europeia (UE).<\/p>\n<p>O texto permite uma sa\u00edda brit\u00e2nica do bloco de maneira ordenada. Entretanto, logo ap\u00f3s a aprova\u00e7\u00e3o, o parlamento rejeitou uma proposta para realizar o <strong>Brexit<\/strong> at\u00e9 o dia 31 de outubro.<\/p>\n","protected":false},"excerpt":{"rendered":"<p>L\u00edderes da Uni\u00e3o Europeia debatem nesta quarta-feira (23) o pedido de adiamento do Brexit pelo governo brit\u00e2nico. O estimado \u00e9 que o prazo seja prorrogado por mais tr\u00eas meses, para o dia 31\u00a0de janeiro. coronav\u00edrus Em seu Twitter, o presidente do Conselho Europeu, Donald Tusk, afirmou que pediu para os l\u00edderes do bloco apoiarem o [&hellip;]<\/p>\n","protected":false},"author":19,"featured_media":36461,"comment_status":"closed","ping_status":"closed","sticky":false,"template":"","format":"standard","meta":[],"categories":[63],"tags":[753,730,731],"suno_strategy":[],"class_list":["post-42090","post","type-post","status-publish","format-standard","has-post-thumbnail","hentry","category-internacional","tag-brexit","tag-reino-unido","tag-uniao-europeia"],"yoast_head":"<!-- This site is optimized with the Yoast SEO plugin v24.4 - https:\/\/yoast.com\/wordpress\/plugins\/seo\/ -->\n<title>UE avalia proposta de adiamento do Brexit por 3 meses<\/title>\n<meta name=\"description\" content=\"L\u00edderes da Uni\u00e3o Europeia debatem nesta quarta-feira (23) o pedido de adiamento do Brexit pelo governo brit\u00e2nico. Clique e saiba mais.\" \/>\n<meta name=\"robots\" content=\"index, follow, max-snippet:-1, max-image-preview:large, max-video-preview:-1\" \/>\n<link rel=\"canonical\" href=\"https:\/\/www.suno.com.br\/noticias\/ue-adiamento-brexit-3-meses\/\" \/>\n<meta property=\"og:locale\" content=\"pt_BR\" \/>\n<meta property=\"og:type\" content=\"article\" \/>\n<meta property=\"og:title\" content=\"UE avalia proposta de adiamento do Brexit por 3 meses\" \/>\n<meta property=\"og:description\" content=\"L\u00edderes da Uni\u00e3o Europeia debatem nesta quarta-feira (23) o pedido de adiamento do Brexit pelo governo brit\u00e2nico. Clique e saiba mais.\" \/>\n<meta property=\"og:url\" content=\"https:\/\/www.suno.com.br\/noticias\/ue-adiamento-brexit-3-meses\/\" \/>\n<meta property=\"og:site_name\" content=\"Suno Not\u00edcias\" \/>\n<meta property=\"article:publisher\" content=\"https:\/\/facebook.com\/sunoresearch\" \/>\n<meta property=\"og:image\" content=\"https:\/\/files.sunoresearch.com.br\/n\/uploads\/2019\/09\/511e4890-boris1.jpg\" \/>\n\t<meta property=\"og:image:width\" content=\"1484\" \/>\n\t<meta property=\"og:image:height\" content=\"933\" \/>\n\t<meta property=\"og:image:type\" content=\"image\/jpeg\" \/>\n<meta name=\"author\" content=\"Juliano Passaro\" \/>\n<meta name=\"twitter:card\" content=\"summary_large_image\" \/>\n<meta name=\"twitter:creator\" content=\"@sunoresearch\" \/>\n<meta name=\"twitter:site\" content=\"@sunoresearch\" \/>\n<meta name=\"twitter:label1\" content=\"Escrito por\" \/>\n\t<meta name=\"twitter:data1\" content=\"Juliano Passaro\" \/>\n\t<meta name=\"twitter:label2\" content=\"Est. tempo de leitura\" \/>\n\t<meta name=\"twitter:data2\" content=\"2 minutos\" \/>\n<script type=\"application\/ld+json\" class=\"yoast-schema-graph\">{\"@context\":\"https:\/\/schema.org\",\"@graph\":[{\"@type\":\"NewsArticle\",\"@id\":\"https:\/\/www.suno.com.br\/noticias\/ue-adiamento-brexit-3-meses\/#article\",\"isPartOf\":{\"@id\":\"https:\/\/www.suno.com.br\/noticias\/ue-adiamento-brexit-3-meses\/\"},\"author\":{\"name\":\"Juliano Passaro\",\"@id\":\"https:\/\/www.suno.com.br\/noticias\/#\/schema\/person\/1db762f78ffd8919a648a63e425953e3\"},\"headline\":\"UE avalia proposta de adiamento do Brexit por mais 3 meses\",\"datePublished\":\"2019-10-23T15:53:21+00:00\",\"dateModified\":\"2019-10-23T16:05:53+00:00\",\"mainEntityOfPage\":{\"@id\":\"https:\/\/www.suno.com.br\/noticias\/ue-adiamento-brexit-3-meses\/\"},\"wordCount\":342,\"publisher\":{\"@id\":\"https:\/\/www.suno.com.br\/noticias\/#organization\"},\"image\":{\"@id\":\"https:\/\/www.suno.com.br\/noticias\/ue-adiamento-brexit-3-meses\/#primaryimage\"},\"thumbnailUrl\":\"https:\/\/files.sunoresearch.com.br\/n\/uploads\/2019\/09\/511e4890-boris1-jpg.webp\",\"keywords\":[\"Brexit\",\"Reino Unido\",\"Uni\u00e3o Europeia\"],\"articleSection\":[\"Internacional\"],\"inLanguage\":\"pt-BR\"},{\"@type\":\"WebPage\",\"@id\":\"https:\/\/www.suno.com.br\/noticias\/ue-adiamento-brexit-3-meses\/\",\"url\":\"https:\/\/www.suno.com.br\/noticias\/ue-adiamento-brexit-3-meses\/\",\"name\":\"UE avalia proposta de adiamento do Brexit por 3 meses\",\"isPartOf\":{\"@id\":\"https:\/\/www.suno.com.br\/noticias\/#website\"},\"primaryImageOfPage\":{\"@id\":\"https:\/\/www.suno.com.br\/noticias\/ue-adiamento-brexit-3-meses\/#primaryimage\"},\"image\":{\"@id\":\"https:\/\/www.suno.com.br\/noticias\/ue-adiamento-brexit-3-meses\/#primaryimage\"},\"thumbnailUrl\":\"https:\/\/files.sunoresearch.com.br\/n\/uploads\/2019\/09\/511e4890-boris1-jpg.webp\",\"datePublished\":\"2019-10-23T15:53:21+00:00\",\"dateModified\":\"2019-10-23T16:05:53+00:00\",\"description\":\"L\u00edderes da Uni\u00e3o Europeia debatem nesta quarta-feira (23) o pedido de adiamento do Brexit pelo governo brit\u00e2nico. Clique e saiba mais.\",\"breadcrumb\":{\"@id\":\"https:\/\/www.suno.com.br\/noticias\/ue-adiamento-brexit-3-meses\/#breadcrumb\"},\"inLanguage\":\"pt-BR\",\"potentialAction\":[{\"@type\":\"ReadAction\",\"target\":[\"https:\/\/www.suno.com.br\/noticias\/ue-adiamento-brexit-3-meses\/\"]}]},{\"@type\":\"ImageObject\",\"inLanguage\":\"pt-BR\",\"@id\":\"https:\/\/www.suno.com.br\/noticias\/ue-adiamento-brexit-3-meses\/#primaryimage\",\"url\":\"https:\/\/files.sunoresearch.com.br\/n\/uploads\/2019\/09\/511e4890-boris1-jpg.webp\",\"contentUrl\":\"https:\/\/files.sunoresearch.com.br\/n\/uploads\/2019\/09\/511e4890-boris1-jpg.webp\",\"width\":1484,\"height\":933,\"caption\":\"coronav\u00edrus\"},{\"@type\":\"BreadcrumbList\",\"@id\":\"https:\/\/www.suno.com.br\/noticias\/ue-adiamento-brexit-3-meses\/#breadcrumb\",\"itemListElement\":[{\"@type\":\"ListItem\",\"position\":1,\"name\":\"Not\u00edcias\",\"item\":\"https:\/\/www.suno.com.br\/noticias\/\"},{\"@type\":\"ListItem\",\"position\":2,\"name\":\"Internacional\",\"item\":\"https:\/\/www.suno.com.br\/noticias\/internacional\/\"},{\"@type\":\"ListItem\",\"position\":3,\"name\":\"UE avalia proposta de adiamento do Brexit por mais 3 meses\"}]},{\"@type\":\"WebSite\",\"@id\":\"https:\/\/www.suno.com.br\/noticias\/#website\",\"url\":\"https:\/\/www.suno.com.br\/noticias\/\",\"name\":\"Suno Not\u00edcias\",\"description\":\"Seu portal de informa\u00e7\u00e3o sobre o mundo dos investimentos\",\"publisher\":{\"@id\":\"https:\/\/www.suno.com.br\/noticias\/#organization\"},\"potentialAction\":[{\"@type\":\"SearchAction\",\"target\":{\"@type\":\"EntryPoint\",\"urlTemplate\":\"https:\/\/www.suno.com.br\/noticias\/?s={search_term_string}\"},\"query-input\":{\"@type\":\"PropertyValueSpecification\",\"valueRequired\":true,\"valueName\":\"search_term_string\"}}],\"inLanguage\":\"pt-BR\"},{\"@type\":\"Organization\",\"@id\":\"https:\/\/www.suno.com.br\/noticias\/#organization\",\"name\":\"Suno Not\u00edcias\",\"url\":\"https:\/\/www.suno.com.br\/noticias\/\",\"logo\":{\"@type\":\"ImageObject\",\"inLanguage\":\"pt-BR\",\"@id\":\"https:\/\/www.suno.com.br\/noticias\/#\/schema\/logo\/image\/\",\"url\":\"https:\/\/files.sunoresearch.com.br\/n\/uploads\/2021\/09\/suno-logo.png\",\"contentUrl\":\"https:\/\/files.sunoresearch.com.br\/n\/uploads\/2021\/09\/suno-logo.png\",\"width\":180,\"height\":180,\"caption\":\"Suno Not\u00edcias\"},\"image\":{\"@id\":\"https:\/\/www.suno.com.br\/noticias\/#\/schema\/logo\/image\/\"},\"sameAs\":[\"https:\/\/facebook.com\/sunoresearch\",\"https:\/\/x.com\/sunoresearch\",\"https:\/\/www.instagram.com\/suno\",\"https:\/\/www.linkedin.com\/company\/suno-research\/\",\"https:\/\/www.youtube.com\/c\/sunoresearch\"]},{\"@type\":\"Person\",\"@id\":\"https:\/\/www.suno.com.br\/noticias\/#\/schema\/person\/1db762f78ffd8919a648a63e425953e3\",\"name\":\"Juliano Passaro\",\"image\":{\"@type\":\"ImageObject\",\"inLanguage\":\"pt-BR\",\"@id\":\"https:\/\/www.suno.com.br\/noticias\/#\/schema\/person\/image\/\",\"url\":\"https:\/\/secure.gravatar.com\/avatar\/743d4df28eebf6dcc46b4ad03c319e92?s=96&r=g\",\"contentUrl\":\"https:\/\/secure.gravatar.com\/avatar\/743d4df28eebf6dcc46b4ad03c319e92?s=96&r=g\",\"caption\":\"Juliano Passaro\"},\"description\":\"Juliano Passaro escreve sobre pol\u00edtica, economia e neg\u00f3cios para o portal da Suno Research. Antes da Suno, trabalhou no Portal da Band. \u00c9 formado em jornalismo pela Universidade Presbiteriana Mackenzie.\",\"url\":\"https:\/\/www.suno.com.br\/noticias\/author\/juliano\/\"}]}<\/script>\n<!-- \/ Yoast SEO plugin. -->","yoast_head_json":{"title":"UE avalia proposta de adiamento do Brexit por 3 meses","description":"L\u00edderes da Uni\u00e3o Europeia debatem nesta quarta-feira (23) o pedido de adiamento do Brexit pelo governo brit\u00e2nico. Clique e saiba mais.","robots":{"index":"index","follow":"follow","max-snippet":"max-snippet:-1","max-image-preview":"max-image-preview:large","max-video-preview":"max-video-preview:-1"},"canonical":"https:\/\/www.suno.com.br\/noticias\/ue-adiamento-brexit-3-meses\/","og_locale":"pt_BR","og_type":"article","og_title":"UE avalia proposta de adiamento do Brexit por 3 meses","og_description":"L\u00edderes da Uni\u00e3o Europeia debatem nesta quarta-feira (23) o pedido de adiamento do Brexit pelo governo brit\u00e2nico. Clique e saiba mais.","og_url":"https:\/\/www.suno.com.br\/noticias\/ue-adiamento-brexit-3-meses\/","og_site_name":"Suno Not\u00edcias","article_publisher":"https:\/\/facebook.com\/sunoresearch","og_image":[{"width":1484,"height":933,"url":"https:\/\/files.sunoresearch.com.br\/n\/uploads\/2019\/09\/511e4890-boris1.jpg","type":"image\/jpeg"}],"author":"Juliano Passaro","twitter_card":"summary_large_image","twitter_creator":"@sunoresearch","twitter_site":"@sunoresearch","twitter_misc":{"Escrito por":"Juliano Passaro","Est. tempo de leitura":"2 minutos"},"schema":{"@context":"https:\/\/schema.org","@graph":[{"@type":"NewsArticle","@id":"https:\/\/www.suno.com.br\/noticias\/ue-adiamento-brexit-3-meses\/#article","isPartOf":{"@id":"https:\/\/www.suno.com.br\/noticias\/ue-adiamento-brexit-3-meses\/"},"author":{"name":"Juliano Passaro","@id":"https:\/\/www.suno.com.br\/noticias\/#\/schema\/person\/1db762f78ffd8919a648a63e425953e3"},"headline":"UE avalia proposta de adiamento do Brexit por mais 3 meses","datePublished":"2019-10-23T15:53:21+00:00","dateModified":"2019-10-23T16:05:53+00:00","mainEntityOfPage":{"@id":"https:\/\/www.suno.com.br\/noticias\/ue-adiamento-brexit-3-meses\/"},"wordCount":342,"publisher":{"@id":"https:\/\/www.suno.com.br\/noticias\/#organization"},"image":{"@id":"https:\/\/www.suno.com.br\/noticias\/ue-adiamento-brexit-3-meses\/#primaryimage"},"thumbnailUrl":"https:\/\/files.sunoresearch.com.br\/n\/uploads\/2019\/09\/511e4890-boris1-jpg.webp","keywords":["Brexit","Reino Unido","Uni\u00e3o Europeia"],"articleSection":["Internacional"],"inLanguage":"pt-BR"},{"@type":"WebPage","@id":"https:\/\/www.suno.com.br\/noticias\/ue-adiamento-brexit-3-meses\/","url":"https:\/\/www.suno.com.br\/noticias\/ue-adiamento-brexit-3-meses\/","name":"UE avalia proposta de adiamento do Brexit por 3 meses","isPartOf":{"@id":"https:\/\/www.suno.com.br\/noticias\/#website"},"primaryImageOfPage":{"@id":"https:\/\/www.suno.com.br\/noticias\/ue-adiamento-brexit-3-meses\/#primaryimage"},"image":{"@id":"https:\/\/www.suno.com.br\/noticias\/ue-adiamento-brexit-3-meses\/#primaryimage"},"thumbnailUrl":"https:\/\/files.sunoresearch.com.br\/n\/uploads\/2019\/09\/511e4890-boris1-jpg.webp","datePublished":"2019-10-23T15:53:21+00:00","dateModified":"2019-10-23T16:05:53+00:00","description":"L\u00edderes da Uni\u00e3o Europeia debatem nesta quarta-feira (23) o pedido de adiamento do Brexit pelo governo brit\u00e2nico. Clique e saiba mais.","breadcrumb":{"@id":"https:\/\/www.suno.com.br\/noticias\/ue-adiamento-brexit-3-meses\/#breadcrumb"},"inLanguage":"pt-BR","potentialAction":[{"@type":"ReadAction","target":["https:\/\/www.suno.com.br\/noticias\/ue-adiamento-brexit-3-meses\/"]}]},{"@type":"ImageObject","inLanguage":"pt-BR","@id":"https:\/\/www.suno.com.br\/noticias\/ue-adiamento-brexit-3-meses\/#primaryimage","url":"https:\/\/files.sunoresearch.com.br\/n\/uploads\/2019\/09\/511e4890-boris1-jpg.webp","contentUrl":"https:\/\/files.sunoresearch.com.br\/n\/uploads\/2019\/09\/511e4890-boris1-jpg.webp","width":1484,"height":933,"caption":"coronav\u00edrus"},{"@type":"BreadcrumbList","@id":"https:\/\/www.suno.com.br\/noticias\/ue-adiamento-brexit-3-meses\/#breadcrumb","itemListElement":[{"@type":"ListItem","position":1,"name":"Not\u00edcias","item":"https:\/\/www.suno.com.br\/noticias\/"},{"@type":"ListItem","position":2,"name":"Internacional","item":"https:\/\/www.suno.com.br\/noticias\/internacional\/"},{"@type":"ListItem","position":3,"name":"UE avalia proposta de adiamento do Brexit por mais 3 meses"}]},{"@type":"WebSite","@id":"https:\/\/www.suno.com.br\/noticias\/#website","url":"https:\/\/www.suno.com.br\/noticias\/","name":"Suno Not\u00edcias","description":"Seu portal de informa\u00e7\u00e3o sobre o mundo dos investimentos","publisher":{"@id":"https:\/\/www.suno.com.br\/noticias\/#organization"},"potentialAction":[{"@type":"SearchAction","target":{"@type":"EntryPoint","urlTemplate":"https:\/\/www.suno.com.br\/noticias\/?s={search_term_string}"},"query-input":{"@type":"PropertyValueSpecification","valueRequired":true,"valueName":"search_term_string"}}],"inLanguage":"pt-BR"},{"@type":"Organization","@id":"https:\/\/www.suno.com.br\/noticias\/#organization","name":"Suno Not\u00edcias","url":"https:\/\/www.suno.com.br\/noticias\/","logo":{"@type":"ImageObject","inLanguage":"pt-BR","@id":"https:\/\/www.suno.com.br\/noticias\/#\/schema\/logo\/image\/","url":"https:\/\/files.sunoresearch.com.br\/n\/uploads\/2021\/09\/suno-logo.png","contentUrl":"https:\/\/files.sunoresearch.com.br\/n\/uploads\/2021\/09\/suno-logo.png","width":180,"height":180,"caption":"Suno Not\u00edcias"},"image":{"@id":"https:\/\/www.suno.com.br\/noticias\/#\/schema\/logo\/image\/"},"sameAs":["https:\/\/facebook.com\/sunoresearch","https:\/\/x.com\/sunoresearch","https:\/\/www.instagram.com\/suno","https:\/\/www.linkedin.com\/company\/suno-research\/","https:\/\/www.youtube.com\/c\/sunoresearch"]},{"@type":"Person","@id":"https:\/\/www.suno.com.br\/noticias\/#\/schema\/person\/1db762f78ffd8919a648a63e425953e3","name":"Juliano Passaro","image":{"@type":"ImageObject","inLanguage":"pt-BR","@id":"https:\/\/www.suno.com.br\/noticias\/#\/schema\/person\/image\/","url":"https:\/\/secure.gravatar.com\/avatar\/743d4df28eebf6dcc46b4ad03c319e92?s=96&r=g","contentUrl":"https:\/\/secure.gravatar.com\/avatar\/743d4df28eebf6dcc46b4ad03c319e92?s=96&r=g","caption":"Juliano Passaro"},"description":"Juliano Passaro escreve sobre pol\u00edtica, economia e neg\u00f3cios para o portal da Suno Research. Antes da Suno, trabalhou no Portal da Band. \u00c9 formado em jornalismo pela Universidade Presbiteriana Mackenzie.","url":"https:\/\/www.suno.com.br\/noticias\/author\/juliano\/"}]}},"default_loop_html":"<div class=\"cardsPage__listCard__boxs\"><div class=\"cardsPage__listCard__boxs__img\"><a href=\"https:\/\/www.suno.com.br\/noticias\/ue-adiamento-brexit-3-meses\/\"><img class=\"mask\" src=\"https:\/\/www.suno.com.br\/noticias\/wp-content\/themes\/suno\/resources\/images\/spotlight\/spotlight1img\/bg-mask.png\" alt=\"Image Mask\"\/><img src=\"https:\/\/files.sunoresearch.com.br\/n\/uploads\/2019\/09\/511e4890-boris1-400x200.webp\" alt=\"UE avalia proposta de adiamento do Brexit por mais 3 meses\"\/><\/a><span class=\"spotlightCategory\"><a href=\"https:\/\/www.suno.com.br\/noticias\/internacional\/\">Internacional<\/a><\/span><\/div><div class=\"cardsPage__listCard__boxs__content\"><a href=\"https:\/\/www.suno.com.br\/noticias\/ue-adiamento-brexit-3-meses\/\"><h2 class=\"content__title\">UE avalia proposta de adiamento do Brexit por mais 3 meses<\/h2><\/a><div class=\"newsContent__article__meta\"><div class=\"newsContent__article__meta__authorBox\"><a href=\"https:\/\/www.suno.com.br\/noticias\/author\/juliano\/\" class=\"authorBox__avatar noMobi\"><img src=\"https:\/\/files.sunoresearch.com.br\/n\/uploads\/2019\/06\/7cc3efea-whatsapp-image-2019-07-18-at-21.59.33-e1563499821209-150x150.webp\" alt=\"Juliano Passaro\"><\/a><div class=\"authorBox__name\"><span>por\n\t\t\t<a href=\"https:\/\/www.suno.com.br\/noticias\/author\/juliano\/\"><span itemprop=\"author\">Juliano Passaro<\/span><\/a><\/span><time datetime=\"2019-10-23T13:53:21-03:00\" itemprop=\"datePublished\">23\/10\/2019 13:53<\/time><\/div><\/div><\/div><\/div><\/div>","single_layout":"posts","amp_enabled":true,"_links":{"self":[{"href":"https:\/\/www.suno.com.br\/noticias\/wp-json\/wp\/v2\/posts\/42090"}],"collection":[{"href":"https:\/\/www.suno.com.br\/noticias\/wp-json\/wp\/v2\/posts"}],"about":[{"href":"https:\/\/www.suno.com.br\/noticias\/wp-json\/wp\/v2\/types\/post"}],"author":[{"embeddable":true,"href":"https:\/\/www.suno.com.br\/noticias\/wp-json\/wp\/v2\/users\/19"}],"replies":[{"embeddable":true,"href":"https:\/\/www.suno.com.br\/noticias\/wp-json\/wp\/v2\/comments?post=42090"}],"version-history":[{"count":0,"href":"https:\/\/www.suno.com.br\/noticias\/wp-json\/wp\/v2\/posts\/42090\/revisions"}],"wp:featuredmedia":[{"embeddable":true,"href":"https:\/\/www.suno.com.br\/noticias\/wp-json\/wp\/v2\/media\/36461"}],"wp:attachment":[{"href":"https:\/\/www.suno.com.br\/noticias\/wp-json\/wp\/v2\/media?parent=42090"}],"wp:term":[{"taxonomy":"category","embeddable":true,"href":"https:\/\/www.suno.com.br\/noticias\/wp-json\/wp\/v2\/categories?post=42090"},{"taxonomy":"post_tag","embeddable":true,"href":"https:\/\/www.suno.com.br\/noticias\/wp-json\/wp\/v2\/tags?post=42090"},{"taxonomy":"suno_strategy","embeddable":true,"href":"https:\/\/www.suno.com.br\/noticias\/wp-json\/wp\/v2\/suno_strategy?post=42090"}],"curies":[{"name":"wp","href":"https:\/\/api.w.org\/{rel}","templated":true}]}}