{"id":42076,"date":"2019-10-23T13:21:41","date_gmt":"2019-10-23T15:21:41","guid":{"rendered":"https:\/\/www.suno.com.br\/noticias\/?p=42076"},"modified":"2019-10-23T13:21:41","modified_gmt":"2019-10-23T15:21:41","slug":"mercosul-argentina-bolsonaro-ameca-esquerda","status":"publish","type":"post","link":"https:\/\/www.suno.com.br\/noticias\/mercosul-argentina-bolsonaro-ameca-esquerda\/","title":{"rendered":"Retorno da esquerda na Argentina \u00e9 amea\u00e7a ao Mercosul, diz Bolsonaro"},"content":{"rendered":"<p>O presidente da Rep\u00fablica, <strong>Jair Bolsonaro<\/strong>, disse nesta quarta-feira (23) que o retorno da chapa de esquerda com <strong>Alberto Fen\u00e1ndez<\/strong>, candidato \u00e0 presid\u00eancia da<strong> Argentina,<\/strong> e sua vice,<strong> Cristina Kirchner,<\/strong> \u00e9 uma amea\u00e7a ao Mercosul.<\/p>\t<div class=\"wrapper-featured-image\">\n\t\t<figure class=\"spotlightImg\">\n\n\t\t\t<picture>\n\t\t\t\t<source media=\"(max-width: 768px)\" srcset=\"https:\/\/files.sunoresearch.com.br\/n\/uploads\/2019\/07\/027d15b6-bolsonaro-400x200.webp\">\n\t\t\t\t<img loading=\"lazy\" decoding=\"async\" class=\"newsContent__article__imgCapa lazyloadDisabled newsContent__article__imgCapa--noCaption\" src=\"https:\/\/files.sunoresearch.com.br\/n\/uploads\/2019\/07\/027d15b6-bolsonaro-800x450.webp\" width=\"800\" height=\"450\" alt=\"Retorno da esquerda na Argentina \u00e9 amea\u00e7a ao Mercosul, diz Bolsonaro\" fetchpriority=high \/>\n\t\t\t<\/picture>\n\n\t\t\t<figcaption class=\"wp-caption-text wp-caption-text--hide\">Rela\u00e7\u00e3o comercial com Argentina n\u00e3o vai mudar, diz Bolsonaro<\/figcaption>\n\t\t<\/figure>\n\t<\/div>\n\n\n\n<p>De acordo com Bolsonaro, o objetivo do<strong> Mercosul<\/strong> \u00e9 a expans\u00e3o comercial. No entanto, se a Argentina se posicionar contr\u00e1ria, ser\u00e1 necess\u00e1rio uma reuni\u00e3o com o <strong>Uruguai<\/strong> e <strong>Paraguai<\/strong>.<\/p>\n<p>&#8220;A nossa ideia \u00e9 sim, de fato, abrir o mercado e fazer com\u00e9rcio com o mundo todo. O que n\u00f3s queremos \u00e9 que a Argentina continue na quest\u00e3o comercial. Caso contr\u00e1rio, podemos nos reunir com Uruguai e o Paraguai&#8221;, ressaltou o presidente em entrevista \u00e0 imprensa em seu \u00faltimo dia de viagem no Jap\u00e3o.<\/p>\n<p>Al\u00e9m disso, Bolsonaro disse ter uma outra alternativa em uma situa\u00e7\u00e3o que o pa\u00eds vizinho atrapalhe as pol\u00edticas comerciais do grupo.<\/p>\n<p>&#8220;N\u00f3s sabemos que a volta da Cristina Kirchner para o governo argentino pode, sim, colocar em risco todo o Mercosul. E se possivelmente colocando em risco todo o Mercosul, repito, possivelmente, voc\u00ea tem de ter uma alternativa de bolso&#8221;, completou o presidente.<\/p>\n<h2>Brasil amea\u00e7a deixar Mercosul<\/h2>\n<p>O Brasil estuda a possibilidade de deixar o Mercosul caso a Argentina n\u00e3o aceite reduzir as al\u00edquotas de importa\u00e7\u00e3o a serem praticadas pelo bloco dentro de um per\u00edodo de quatro anos. Em contrapartida, Uruguai e Paraguai j\u00e1 concordaram em reduzir al\u00edquotas em quase o total dos mais de 10 mil itens negociados.<\/p>\n<p>A sa\u00edda do Mercosul iria fazer com que o Brasil se complicasse em rela\u00e7\u00e3o ao acordo de livre-com\u00e9rcio com a <a href=\"https:\/\/www.suno.com.br\/artigos\/uniao-europeia\/\">Uni\u00e3o Europeia<\/a>. Sendo assim, representantes do governo j\u00e1 est\u00e3o se movendo em rela\u00e7\u00e3o ao assunto para saber se o tratado valeria para o Pa\u00eds mesmo sem fazer parte do bloco sul-americano.<\/p>\n<p><a href=\"\/\/www.suno.com.br\/noticias\/mercosul-uniao-europeia-ue-acordo-livre-comercio-franca-acordo-nao\/\">Confira Tamb\u00e9m: Fran\u00e7a n\u00e3o assinar\u00e1 acordo do Mercosul nas \u2018atuais condi\u00e7\u00f5es\u2019, diz ministra francesa<\/a><\/p>\n<p>A estrat\u00e9gia brasileira pode ser uma medida extrema para seguir com o plano do ministro da Economia, Paulo Guedes, de impulsionar a abertura da economia e o aumento da produtividade.<\/p>\n\t<p>\n\t\t<a href=\"https:\/\/lp.suno.com.br\/ebook-como-analisar-uma-acao\/\" target=\"_blank\" data-element=\"shortcode-suno-banner\" title=\"Banner SUNO, clique e saiba mais\">\n\t\t\t<picture>\n\t\t\t\t<source media=\"(max-width: 500px)\" srcset=\"https:\/\/files.sunoresearch.com.br\/n\/uploads\/2023\/03\/Ebook-Acoes-Mobile-1.jpg\">\n\t\t\t\t<img class=\"newsContent__article__imgCapa newsContent__article__imgCapa--banner\"\n\t\t\t\t\tsrc=\"https:\/\/files.sunoresearch.com.br\/n\/uploads\/2023\/03\/Ebook-Acoes-Desktop-1.jpg\"\n\t\t\t\t\tdata-promo-id=\"171998\"\t\t\t\t\t\t\t\t\t\twidth='1420' height='286'\t\t\t\t\talt=\"https:\/\/files.sunoresearch.com.br\/n\/uploads\/2023\/03\/Ebook-Acoes-Desktop-1.jpg\"\n\t\t\t\t>\n\t\t\t<\/picture>\n\t\t<\/a>\n\t<\/p>\n\n\n<p>Na \u00faltima proposta tarif\u00e1ria discutida entre os pa\u00edses do <strong>Mercosul<\/strong> a ind\u00fastria seria o setor mais afetado, com uma diminui\u00e7\u00e3o do imposto de importa\u00e7\u00e3o para o setor de 13,6% para 6,4%.<\/p>\n","protected":false},"excerpt":{"rendered":"<p>O presidente da Rep\u00fablica, Jair Bolsonaro, disse nesta quarta-feira (23) que o retorno da chapa de esquerda com Alberto Fen\u00e1ndez, candidato \u00e0 presid\u00eancia da Argentina, e sua vice, Cristina Kirchner, \u00e9 uma amea\u00e7a ao Mercosul. Rela\u00e7\u00e3o comercial com Argentina n\u00e3o vai mudar, diz Bolsonaro De acordo com Bolsonaro, o objetivo do Mercosul \u00e9 a expans\u00e3o [&hellip;]<\/p>\n","protected":false},"author":15,"featured_media":31217,"comment_status":"closed","ping_status":"closed","sticky":false,"template":"","format":"standard","meta":[],"categories":[63],"tags":[699,868],"suno_strategy":[],"class_list":["post-42076","post","type-post","status-publish","format-standard","has-post-thumbnail","hentry","category-internacional","tag-argentina","tag-mercosul"],"yoast_head":"<!-- This site is optimized with the Yoast SEO plugin v24.4 - https:\/\/yoast.com\/wordpress\/plugins\/seo\/ -->\n<title>Retorno da esquerda na Argentina \u00e9 amea\u00e7a ao Mercosul, diz Bolsonaro<\/title>\n<meta name=\"description\" content=\"Bolsonaro disse nesta quarta (23) que o retorno da chapa de esquerda \u00e9 uma amea\u00e7a ao Mercosul. Para saber mais clique aqui\" \/>\n<meta name=\"robots\" content=\"index, follow, max-snippet:-1, max-image-preview:large, max-video-preview:-1\" \/>\n<link rel=\"canonical\" href=\"https:\/\/www.suno.com.br\/noticias\/mercosul-argentina-bolsonaro-ameca-esquerda\/\" \/>\n<meta property=\"og:locale\" content=\"pt_BR\" \/>\n<meta property=\"og:type\" content=\"article\" \/>\n<meta property=\"og:title\" content=\"Retorno da esquerda na Argentina \u00e9 amea\u00e7a ao Mercosul, diz Bolsonaro\" \/>\n<meta property=\"og:description\" content=\"Bolsonaro disse nesta quarta (23) que o retorno da chapa de esquerda \u00e9 uma amea\u00e7a ao Mercosul. Para saber mais clique aqui\" \/>\n<meta property=\"og:url\" content=\"https:\/\/www.suno.com.br\/noticias\/mercosul-argentina-bolsonaro-ameca-esquerda\/\" \/>\n<meta property=\"og:site_name\" content=\"Suno Not\u00edcias\" \/>\n<meta property=\"article:publisher\" content=\"https:\/\/facebook.com\/sunoresearch\" \/>\n<meta property=\"og:image\" content=\"https:\/\/files.sunoresearch.com.br\/n\/uploads\/2019\/07\/027d15b6-bolsonaro.jpg\" \/>\n\t<meta property=\"og:image:width\" content=\"1140\" \/>\n\t<meta property=\"og:image:height\" content=\"760\" \/>\n\t<meta property=\"og:image:type\" content=\"image\/jpeg\" \/>\n<meta name=\"author\" content=\"Poliana Santos\" \/>\n<meta name=\"twitter:card\" content=\"summary_large_image\" \/>\n<meta name=\"twitter:creator\" content=\"@sunoresearch\" \/>\n<meta name=\"twitter:site\" content=\"@sunoresearch\" \/>\n<meta name=\"twitter:label1\" content=\"Escrito por\" \/>\n\t<meta name=\"twitter:data1\" content=\"Poliana Santos\" \/>\n\t<meta name=\"twitter:label2\" content=\"Est. tempo de leitura\" \/>\n\t<meta name=\"twitter:data2\" content=\"2 minutos\" \/>\n<script type=\"application\/ld+json\" class=\"yoast-schema-graph\">{\"@context\":\"https:\/\/schema.org\",\"@graph\":[{\"@type\":\"NewsArticle\",\"@id\":\"https:\/\/www.suno.com.br\/noticias\/mercosul-argentina-bolsonaro-ameca-esquerda\/#article\",\"isPartOf\":{\"@id\":\"https:\/\/www.suno.com.br\/noticias\/mercosul-argentina-bolsonaro-ameca-esquerda\/\"},\"author\":{\"name\":\"Poliana Santos\",\"@id\":\"https:\/\/www.suno.com.br\/noticias\/#\/schema\/person\/02ec1f752758247878a2bf4abee1aeda\"},\"headline\":\"Retorno da esquerda na Argentina \u00e9 amea\u00e7a ao Mercosul, diz Bolsonaro\",\"datePublished\":\"2019-10-23T15:21:41+00:00\",\"mainEntityOfPage\":{\"@id\":\"https:\/\/www.suno.com.br\/noticias\/mercosul-argentina-bolsonaro-ameca-esquerda\/\"},\"wordCount\":410,\"publisher\":{\"@id\":\"https:\/\/www.suno.com.br\/noticias\/#organization\"},\"image\":{\"@id\":\"https:\/\/www.suno.com.br\/noticias\/mercosul-argentina-bolsonaro-ameca-esquerda\/#primaryimage\"},\"thumbnailUrl\":\"https:\/\/files.sunoresearch.com.br\/n\/uploads\/2019\/07\/027d15b6-bolsonaro-jpg.webp\",\"keywords\":[\"Argentina\",\"Mercosul\"],\"articleSection\":[\"Internacional\"],\"inLanguage\":\"pt-BR\"},{\"@type\":\"WebPage\",\"@id\":\"https:\/\/www.suno.com.br\/noticias\/mercosul-argentina-bolsonaro-ameca-esquerda\/\",\"url\":\"https:\/\/www.suno.com.br\/noticias\/mercosul-argentina-bolsonaro-ameca-esquerda\/\",\"name\":\"Retorno da esquerda na Argentina \u00e9 amea\u00e7a ao Mercosul, diz Bolsonaro\",\"isPartOf\":{\"@id\":\"https:\/\/www.suno.com.br\/noticias\/#website\"},\"primaryImageOfPage\":{\"@id\":\"https:\/\/www.suno.com.br\/noticias\/mercosul-argentina-bolsonaro-ameca-esquerda\/#primaryimage\"},\"image\":{\"@id\":\"https:\/\/www.suno.com.br\/noticias\/mercosul-argentina-bolsonaro-ameca-esquerda\/#primaryimage\"},\"thumbnailUrl\":\"https:\/\/files.sunoresearch.com.br\/n\/uploads\/2019\/07\/027d15b6-bolsonaro-jpg.webp\",\"datePublished\":\"2019-10-23T15:21:41+00:00\",\"description\":\"Bolsonaro disse nesta quarta (23) que o retorno da chapa de esquerda \u00e9 uma amea\u00e7a ao Mercosul. Para saber mais clique aqui\",\"breadcrumb\":{\"@id\":\"https:\/\/www.suno.com.br\/noticias\/mercosul-argentina-bolsonaro-ameca-esquerda\/#breadcrumb\"},\"inLanguage\":\"pt-BR\",\"potentialAction\":[{\"@type\":\"ReadAction\",\"target\":[\"https:\/\/www.suno.com.br\/noticias\/mercosul-argentina-bolsonaro-ameca-esquerda\/\"]}]},{\"@type\":\"ImageObject\",\"inLanguage\":\"pt-BR\",\"@id\":\"https:\/\/www.suno.com.br\/noticias\/mercosul-argentina-bolsonaro-ameca-esquerda\/#primaryimage\",\"url\":\"https:\/\/files.sunoresearch.com.br\/n\/uploads\/2019\/07\/027d15b6-bolsonaro-jpg.webp\",\"contentUrl\":\"https:\/\/files.sunoresearch.com.br\/n\/uploads\/2019\/07\/027d15b6-bolsonaro-jpg.webp\",\"width\":1140,\"height\":760,\"caption\":\"Rela\u00e7\u00e3o comercial com Argentina n\u00e3o vai mudar, diz Bolsonaro\"},{\"@type\":\"BreadcrumbList\",\"@id\":\"https:\/\/www.suno.com.br\/noticias\/mercosul-argentina-bolsonaro-ameca-esquerda\/#breadcrumb\",\"itemListElement\":[{\"@type\":\"ListItem\",\"position\":1,\"name\":\"Not\u00edcias\",\"item\":\"https:\/\/www.suno.com.br\/noticias\/\"},{\"@type\":\"ListItem\",\"position\":2,\"name\":\"Internacional\",\"item\":\"https:\/\/www.suno.com.br\/noticias\/internacional\/\"},{\"@type\":\"ListItem\",\"position\":3,\"name\":\"Retorno da esquerda na Argentina \u00e9 amea\u00e7a ao Mercosul, diz Bolsonaro\"}]},{\"@type\":\"WebSite\",\"@id\":\"https:\/\/www.suno.com.br\/noticias\/#website\",\"url\":\"https:\/\/www.suno.com.br\/noticias\/\",\"name\":\"Suno Not\u00edcias\",\"description\":\"Seu portal de informa\u00e7\u00e3o sobre o mundo dos investimentos\",\"publisher\":{\"@id\":\"https:\/\/www.suno.com.br\/noticias\/#organization\"},\"potentialAction\":[{\"@type\":\"SearchAction\",\"target\":{\"@type\":\"EntryPoint\",\"urlTemplate\":\"https:\/\/www.suno.com.br\/noticias\/?s={search_term_string}\"},\"query-input\":{\"@type\":\"PropertyValueSpecification\",\"valueRequired\":true,\"valueName\":\"search_term_string\"}}],\"inLanguage\":\"pt-BR\"},{\"@type\":\"Organization\",\"@id\":\"https:\/\/www.suno.com.br\/noticias\/#organization\",\"name\":\"Suno Not\u00edcias\",\"url\":\"https:\/\/www.suno.com.br\/noticias\/\",\"logo\":{\"@type\":\"ImageObject\",\"inLanguage\":\"pt-BR\",\"@id\":\"https:\/\/www.suno.com.br\/noticias\/#\/schema\/logo\/image\/\",\"url\":\"https:\/\/files.sunoresearch.com.br\/n\/uploads\/2021\/09\/suno-logo.png\",\"contentUrl\":\"https:\/\/files.sunoresearch.com.br\/n\/uploads\/2021\/09\/suno-logo.png\",\"width\":180,\"height\":180,\"caption\":\"Suno Not\u00edcias\"},\"image\":{\"@id\":\"https:\/\/www.suno.com.br\/noticias\/#\/schema\/logo\/image\/\"},\"sameAs\":[\"https:\/\/facebook.com\/sunoresearch\",\"https:\/\/x.com\/sunoresearch\",\"https:\/\/www.instagram.com\/suno\",\"https:\/\/www.linkedin.com\/company\/suno-research\/\",\"https:\/\/www.youtube.com\/c\/sunoresearch\"]},{\"@type\":\"Person\",\"@id\":\"https:\/\/www.suno.com.br\/noticias\/#\/schema\/person\/02ec1f752758247878a2bf4abee1aeda\",\"name\":\"Poliana Santos\",\"image\":{\"@type\":\"ImageObject\",\"inLanguage\":\"pt-BR\",\"@id\":\"https:\/\/www.suno.com.br\/noticias\/#\/schema\/person\/image\/\",\"url\":\"https:\/\/secure.gravatar.com\/avatar\/0645bd32f23d87b2130f2b2dff1d3f8d?s=96&r=g\",\"contentUrl\":\"https:\/\/secure.gravatar.com\/avatar\/0645bd32f23d87b2130f2b2dff1d3f8d?s=96&r=g\",\"caption\":\"Poliana Santos\"},\"description\":\"Rep\u00f3rter no Suno Not\u00edcias, com cobertura em mercado financeiro, economia, finan\u00e7as pessoais, renda fixa e varejo. Jornalista formada pela Faculdade C\u00e1sper L\u00edbero e possui passagem na R\u00e1dio Gazeta AM com a produ\u00e7\u00e3o de conte\u00fado sobre economia, pol\u00edtica, sa\u00fade, moda e m\u00fasica. Possui certificado de conclus\u00e3o do curso de An\u00e1lise de Balan\u00e7os pela Funda\u00e7\u00e3o Bradesco, Agenda Brasil pela FAAP, Educa\u00e7\u00e3o Pol\u00edtica por Alexandre Garcia e do Tesouro Direto e Mercado de A\u00e7\u00f5es pela B3.\",\"url\":\"https:\/\/www.suno.com.br\/noticias\/author\/poliana-santos\/\"}]}<\/script>\n<!-- \/ Yoast SEO plugin. -->","yoast_head_json":{"title":"Retorno da esquerda na Argentina \u00e9 amea\u00e7a ao Mercosul, diz Bolsonaro","description":"Bolsonaro disse nesta quarta (23) que o retorno da chapa de esquerda \u00e9 uma amea\u00e7a ao Mercosul. Para saber mais clique aqui","robots":{"index":"index","follow":"follow","max-snippet":"max-snippet:-1","max-image-preview":"max-image-preview:large","max-video-preview":"max-video-preview:-1"},"canonical":"https:\/\/www.suno.com.br\/noticias\/mercosul-argentina-bolsonaro-ameca-esquerda\/","og_locale":"pt_BR","og_type":"article","og_title":"Retorno da esquerda na Argentina \u00e9 amea\u00e7a ao Mercosul, diz Bolsonaro","og_description":"Bolsonaro disse nesta quarta (23) que o retorno da chapa de esquerda \u00e9 uma amea\u00e7a ao Mercosul. Para saber mais clique aqui","og_url":"https:\/\/www.suno.com.br\/noticias\/mercosul-argentina-bolsonaro-ameca-esquerda\/","og_site_name":"Suno Not\u00edcias","article_publisher":"https:\/\/facebook.com\/sunoresearch","og_image":[{"width":1140,"height":760,"url":"https:\/\/files.sunoresearch.com.br\/n\/uploads\/2019\/07\/027d15b6-bolsonaro.jpg","type":"image\/jpeg"}],"author":"Poliana Santos","twitter_card":"summary_large_image","twitter_creator":"@sunoresearch","twitter_site":"@sunoresearch","twitter_misc":{"Escrito por":"Poliana Santos","Est. tempo de leitura":"2 minutos"},"schema":{"@context":"https:\/\/schema.org","@graph":[{"@type":"NewsArticle","@id":"https:\/\/www.suno.com.br\/noticias\/mercosul-argentina-bolsonaro-ameca-esquerda\/#article","isPartOf":{"@id":"https:\/\/www.suno.com.br\/noticias\/mercosul-argentina-bolsonaro-ameca-esquerda\/"},"author":{"name":"Poliana Santos","@id":"https:\/\/www.suno.com.br\/noticias\/#\/schema\/person\/02ec1f752758247878a2bf4abee1aeda"},"headline":"Retorno da esquerda na Argentina \u00e9 amea\u00e7a ao Mercosul, diz Bolsonaro","datePublished":"2019-10-23T15:21:41+00:00","mainEntityOfPage":{"@id":"https:\/\/www.suno.com.br\/noticias\/mercosul-argentina-bolsonaro-ameca-esquerda\/"},"wordCount":410,"publisher":{"@id":"https:\/\/www.suno.com.br\/noticias\/#organization"},"image":{"@id":"https:\/\/www.suno.com.br\/noticias\/mercosul-argentina-bolsonaro-ameca-esquerda\/#primaryimage"},"thumbnailUrl":"https:\/\/files.sunoresearch.com.br\/n\/uploads\/2019\/07\/027d15b6-bolsonaro-jpg.webp","keywords":["Argentina","Mercosul"],"articleSection":["Internacional"],"inLanguage":"pt-BR"},{"@type":"WebPage","@id":"https:\/\/www.suno.com.br\/noticias\/mercosul-argentina-bolsonaro-ameca-esquerda\/","url":"https:\/\/www.suno.com.br\/noticias\/mercosul-argentina-bolsonaro-ameca-esquerda\/","name":"Retorno da esquerda na Argentina \u00e9 amea\u00e7a ao Mercosul, diz Bolsonaro","isPartOf":{"@id":"https:\/\/www.suno.com.br\/noticias\/#website"},"primaryImageOfPage":{"@id":"https:\/\/www.suno.com.br\/noticias\/mercosul-argentina-bolsonaro-ameca-esquerda\/#primaryimage"},"image":{"@id":"https:\/\/www.suno.com.br\/noticias\/mercosul-argentina-bolsonaro-ameca-esquerda\/#primaryimage"},"thumbnailUrl":"https:\/\/files.sunoresearch.com.br\/n\/uploads\/2019\/07\/027d15b6-bolsonaro-jpg.webp","datePublished":"2019-10-23T15:21:41+00:00","description":"Bolsonaro disse nesta quarta (23) que o retorno da chapa de esquerda \u00e9 uma amea\u00e7a ao Mercosul. Para saber mais clique aqui","breadcrumb":{"@id":"https:\/\/www.suno.com.br\/noticias\/mercosul-argentina-bolsonaro-ameca-esquerda\/#breadcrumb"},"inLanguage":"pt-BR","potentialAction":[{"@type":"ReadAction","target":["https:\/\/www.suno.com.br\/noticias\/mercosul-argentina-bolsonaro-ameca-esquerda\/"]}]},{"@type":"ImageObject","inLanguage":"pt-BR","@id":"https:\/\/www.suno.com.br\/noticias\/mercosul-argentina-bolsonaro-ameca-esquerda\/#primaryimage","url":"https:\/\/files.sunoresearch.com.br\/n\/uploads\/2019\/07\/027d15b6-bolsonaro-jpg.webp","contentUrl":"https:\/\/files.sunoresearch.com.br\/n\/uploads\/2019\/07\/027d15b6-bolsonaro-jpg.webp","width":1140,"height":760,"caption":"Rela\u00e7\u00e3o comercial com Argentina n\u00e3o vai mudar, diz Bolsonaro"},{"@type":"BreadcrumbList","@id":"https:\/\/www.suno.com.br\/noticias\/mercosul-argentina-bolsonaro-ameca-esquerda\/#breadcrumb","itemListElement":[{"@type":"ListItem","position":1,"name":"Not\u00edcias","item":"https:\/\/www.suno.com.br\/noticias\/"},{"@type":"ListItem","position":2,"name":"Internacional","item":"https:\/\/www.suno.com.br\/noticias\/internacional\/"},{"@type":"ListItem","position":3,"name":"Retorno da esquerda na Argentina \u00e9 amea\u00e7a ao Mercosul, diz Bolsonaro"}]},{"@type":"WebSite","@id":"https:\/\/www.suno.com.br\/noticias\/#website","url":"https:\/\/www.suno.com.br\/noticias\/","name":"Suno Not\u00edcias","description":"Seu portal de informa\u00e7\u00e3o sobre o mundo dos investimentos","publisher":{"@id":"https:\/\/www.suno.com.br\/noticias\/#organization"},"potentialAction":[{"@type":"SearchAction","target":{"@type":"EntryPoint","urlTemplate":"https:\/\/www.suno.com.br\/noticias\/?s={search_term_string}"},"query-input":{"@type":"PropertyValueSpecification","valueRequired":true,"valueName":"search_term_string"}}],"inLanguage":"pt-BR"},{"@type":"Organization","@id":"https:\/\/www.suno.com.br\/noticias\/#organization","name":"Suno Not\u00edcias","url":"https:\/\/www.suno.com.br\/noticias\/","logo":{"@type":"ImageObject","inLanguage":"pt-BR","@id":"https:\/\/www.suno.com.br\/noticias\/#\/schema\/logo\/image\/","url":"https:\/\/files.sunoresearch.com.br\/n\/uploads\/2021\/09\/suno-logo.png","contentUrl":"https:\/\/files.sunoresearch.com.br\/n\/uploads\/2021\/09\/suno-logo.png","width":180,"height":180,"caption":"Suno Not\u00edcias"},"image":{"@id":"https:\/\/www.suno.com.br\/noticias\/#\/schema\/logo\/image\/"},"sameAs":["https:\/\/facebook.com\/sunoresearch","https:\/\/x.com\/sunoresearch","https:\/\/www.instagram.com\/suno","https:\/\/www.linkedin.com\/company\/suno-research\/","https:\/\/www.youtube.com\/c\/sunoresearch"]},{"@type":"Person","@id":"https:\/\/www.suno.com.br\/noticias\/#\/schema\/person\/02ec1f752758247878a2bf4abee1aeda","name":"Poliana Santos","image":{"@type":"ImageObject","inLanguage":"pt-BR","@id":"https:\/\/www.suno.com.br\/noticias\/#\/schema\/person\/image\/","url":"https:\/\/secure.gravatar.com\/avatar\/0645bd32f23d87b2130f2b2dff1d3f8d?s=96&r=g","contentUrl":"https:\/\/secure.gravatar.com\/avatar\/0645bd32f23d87b2130f2b2dff1d3f8d?s=96&r=g","caption":"Poliana Santos"},"description":"Rep\u00f3rter no Suno Not\u00edcias, com cobertura em mercado financeiro, economia, finan\u00e7as pessoais, renda fixa e varejo. Jornalista formada pela Faculdade C\u00e1sper L\u00edbero e possui passagem na R\u00e1dio Gazeta AM com a produ\u00e7\u00e3o de conte\u00fado sobre economia, pol\u00edtica, sa\u00fade, moda e m\u00fasica. Possui certificado de conclus\u00e3o do curso de An\u00e1lise de Balan\u00e7os pela Funda\u00e7\u00e3o Bradesco, Agenda Brasil pela FAAP, Educa\u00e7\u00e3o Pol\u00edtica por Alexandre Garcia e do Tesouro Direto e Mercado de A\u00e7\u00f5es pela B3.","url":"https:\/\/www.suno.com.br\/noticias\/author\/poliana-santos\/"}]}},"default_loop_html":"<div class=\"cardsPage__listCard__boxs\"><div class=\"cardsPage__listCard__boxs__img\"><a href=\"https:\/\/www.suno.com.br\/noticias\/mercosul-argentina-bolsonaro-ameca-esquerda\/\"><img class=\"mask\" src=\"https:\/\/www.suno.com.br\/noticias\/wp-content\/themes\/suno\/resources\/images\/spotlight\/spotlight1img\/bg-mask.png\" alt=\"Image Mask\"\/><img src=\"https:\/\/files.sunoresearch.com.br\/n\/uploads\/2019\/07\/027d15b6-bolsonaro-400x200.webp\" alt=\"Retorno da esquerda na Argentina \u00e9 amea\u00e7a ao Mercosul, diz Bolsonaro\"\/><\/a><span class=\"spotlightCategory\"><a href=\"https:\/\/www.suno.com.br\/noticias\/internacional\/\">Internacional<\/a><\/span><\/div><div class=\"cardsPage__listCard__boxs__content\"><a href=\"https:\/\/www.suno.com.br\/noticias\/mercosul-argentina-bolsonaro-ameca-esquerda\/\"><h2 class=\"content__title\">Retorno da esquerda na Argentina \u00e9 amea\u00e7a ao Mercosul, diz Bolsonaro<\/h2><\/a><div class=\"newsContent__article__meta\"><div class=\"newsContent__article__meta__authorBox\"><a href=\"https:\/\/www.suno.com.br\/noticias\/author\/poliana-santos\/\" class=\"authorBox__avatar noMobi\"><img src=\"https:\/\/files.sunoresearch.com.br\/n\/uploads\/2020\/08\/7ef34026-whatsapp-image-2020-08-03-at-12.37.57-150x150.webp\" alt=\"Poliana Santos\"><\/a><div class=\"authorBox__name\"><span>por\n\t\t\t<a href=\"https:\/\/www.suno.com.br\/noticias\/author\/poliana-santos\/\"><span itemprop=\"author\">Poliana Santos<\/span><\/a><\/span><time datetime=\"2019-10-23T13:21:41-03:00\" itemprop=\"datePublished\">23\/10\/2019 13:21<\/time><\/div><\/div><\/div><\/div><\/div>","single_layout":"posts","amp_enabled":true,"_links":{"self":[{"href":"https:\/\/www.suno.com.br\/noticias\/wp-json\/wp\/v2\/posts\/42076"}],"collection":[{"href":"https:\/\/www.suno.com.br\/noticias\/wp-json\/wp\/v2\/posts"}],"about":[{"href":"https:\/\/www.suno.com.br\/noticias\/wp-json\/wp\/v2\/types\/post"}],"author":[{"embeddable":true,"href":"https:\/\/www.suno.com.br\/noticias\/wp-json\/wp\/v2\/users\/15"}],"replies":[{"embeddable":true,"href":"https:\/\/www.suno.com.br\/noticias\/wp-json\/wp\/v2\/comments?post=42076"}],"version-history":[{"count":0,"href":"https:\/\/www.suno.com.br\/noticias\/wp-json\/wp\/v2\/posts\/42076\/revisions"}],"wp:featuredmedia":[{"embeddable":true,"href":"https:\/\/www.suno.com.br\/noticias\/wp-json\/wp\/v2\/media\/31217"}],"wp:attachment":[{"href":"https:\/\/www.suno.com.br\/noticias\/wp-json\/wp\/v2\/media?parent=42076"}],"wp:term":[{"taxonomy":"category","embeddable":true,"href":"https:\/\/www.suno.com.br\/noticias\/wp-json\/wp\/v2\/categories?post=42076"},{"taxonomy":"post_tag","embeddable":true,"href":"https:\/\/www.suno.com.br\/noticias\/wp-json\/wp\/v2\/tags?post=42076"},{"taxonomy":"suno_strategy","embeddable":true,"href":"https:\/\/www.suno.com.br\/noticias\/wp-json\/wp\/v2\/suno_strategy?post=42076"}],"curies":[{"name":"wp","href":"https:\/\/api.w.org\/{rel}","templated":true}]}}