{"id":420237,"date":"2023-06-22T19:31:40","date_gmt":"2023-06-22T22:31:40","guid":{"rendered":"https:\/\/www.suno.com.br\/noticias\/?p=420237"},"modified":"2023-06-22T19:31:47","modified_gmt":"2023-06-22T22:31:47","slug":"natura-ntco3-aprova-nova-transacao-societaria-assembleia-veja","status":"publish","type":"post","link":"https:\/\/www.suno.com.br\/noticias\/natura-ntco3-aprova-nova-transacao-societaria-assembleia-veja\/","title":{"rendered":"Natura (NTCO3) aprova nova transa\u00e7\u00e3o societ\u00e1ria em assembleia; saiba mais"},"content":{"rendered":"<p>A <a href=\"https:\/\/www.suno.com.br\/acoes\/ntco3\/\"><strong>Natura <\/strong>(NTCO3)<\/a> informou ao mercado a aprova\u00e7\u00e3o, pela \u00fanica acionista Natura&amp;Co Holding, da venda de participa\u00e7\u00e3o societ\u00e1ria detida na Natura Brazil Pty Ltd para a Natura&amp;Co Luxembourg Holdings S\u00e0rl. O acordo ocorreu por meio de <a href=\"https:\/\/www.suno.com.br\/artigos\/assembleia-geral-extraordinaria\/\">assembleia geral extraordin\u00e1ria<\/a> realizada na quarta-feira (21).<\/p>\t<div class=\"wrapper-featured-image\">\n\t\t<figure class=\"spotlightImg\">\n\n\t\t\t<picture>\n\t\t\t\t<source media=\"(max-width: 768px)\" srcset=\"https:\/\/files.sunoresearch.com.br\/n\/uploads\/2022\/12\/natura-ntco3-logo-loja-foto-divulgacao-400x200.jpg\">\n\t\t\t\t<img loading=\"lazy\" decoding=\"async\" class=\"newsContent__article__imgCapa lazyloadDisabled \" src=\"https:\/\/files.sunoresearch.com.br\/n\/uploads\/2022\/12\/natura-ntco3-logo-loja-foto-divulgacao-800x450.jpg\" width=\"800\" height=\"450\" alt=\"Natura (NTCO3) aprova nova transa\u00e7\u00e3o societ\u00e1ria em assembleia; saiba mais\" fetchpriority=high \/>\n\t\t\t<\/picture>\n\n\t\t\t<figcaption class=\"wp-caption-text wp-caption-text--show\">Natura (NTCO3). Foto: Divulga\u00e7\u00e3o<\/figcaption>\n\t\t<\/figure>\n\t<\/div>\n\n\n\n\n\n\t<p>\n\t\t<a href=\"https:\/\/lp.suno.com.br\/planilha-da-vida-financeira\/\" target=\"_blank\" data-element=\"shortcode-suno-banner\" title=\"Banner SUNO, clique e saiba mais\">\n\t\t\t<picture>\n\t\t\t\t<source media=\"(max-width: 500px)\" srcset=\"https:\/\/files.sunoresearch.com.br\/n\/uploads\/2023\/04\/400x300-Planilha-vida-financeira-true.png\">\n\t\t\t\t<img class=\"newsContent__article__imgCapa newsContent__article__imgCapa--banner\"\n\t\t\t\t\tsrc=\"https:\/\/files.sunoresearch.com.br\/n\/uploads\/2023\/04\/1420x240-Planilha-vida-financeira-true.png\"\n\t\t\t\t\tdata-promo-id=\"106682\"\t\t\t\t\t\t\t\t\t\twidth='1420' height='240'\t\t\t\t\talt=\"https:\/\/files.sunoresearch.com.br\/n\/uploads\/2023\/04\/1420x240-Planilha-vida-financeira-true.png\"\n\t\t\t\t>\n\t\t\t<\/picture>\n\t\t<\/a>\n\t<\/p>\n\n\n\n\n\n<p>Em comunicado, a Natura informou que a reuni\u00e3o deliberou a transfer\u00eancia da obriga\u00e7\u00e3o de d\u00edvida externa da companhia emitida em maio de 2021 (notas com taxa fixa de 4,125% com vencimento em 2028) para a Natura&amp;Co Luxembourg Holdings S\u00e0rl.<\/p>\n\n\n\n<p>O documento foi assinado por Jo\u00e3o Paulo Ferreira, diretor-presidente e de rela\u00e7\u00f5es com investidores da companhia.<\/p>\n\n\n\n<h2 class=\"wp-block-heading\">Natura tem venda da Aesop aprovada pelo Cade<\/h2>\n\n\n\n<p>Em maio, a superintend\u00eancia do&nbsp;<a href=\"https:\/\/www.suno.com.br\/artigos\/cade\/\" target=\"_blank\" rel=\"noreferrer noopener\">Conselho Administrativo de Defesa Econ\u00f4mica (Cade)<\/a>&nbsp;aprovou, sem restri\u00e7\u00f5es, a venda da Aesop pela&nbsp;<a href=\"https:\/\/www.suno.com.br\/acoes\/NTCO3\/\" target=\"_blank\" rel=\"noreferrer noopener\"><strong>Natura<\/strong>&nbsp;(NTCO3)<\/a>&nbsp;\u00e0 L\u2019Oreal.<\/p>\n\n\n\n<p>A Aesop \u00e9 uma empresa australiana que fabrica produtos para a pele, corpo e cabelo, com um mix de ingredientes bot\u00e2nicos e desenvolvidos em laborat\u00f3rios, sendo adquirida pela Natura em meados de 2012, pela cifra de US$ 70 milh\u00f5es.<\/p>\n\n\n\n<p>A L\u2019Or\u00e9al, por sua vez, \u00e9 uma multinacional francesa de cosm\u00e9ticos presente em 130 pa\u00edses e fundada em 1909, com sede em Clichy, com especializa\u00e7\u00e3o em produtos para cabelos, protetores solares e tamb\u00e9m no ramo dermatol\u00f3gico.<\/p>\n\n\n\n<p>A L\u2019Or\u00e9al Austr\u00e1lia, integralmente detida pela L\u2019Or\u00e9al, deve adquirir a totalidade do&nbsp;<a target=\"_blank\" href=\"https:\/\/www.suno.com.br\/artigos\/capital-social\/\" rel=\"noreferrer noopener\">capital social<\/a>&nbsp;e votante da Natura Brazil Pty, holding detentora do Grupo Aesop atualmente detida pela Natura Cosm\u00e9ticos.<\/p>\n\n\n\n<p>Pretende depois fomentar e expandir o potencial de crescimento da Aesop.<\/p>\n\n\n\n<p>Na outra ponta, a Natura deve incrementar o caixa e remar na dire\u00e7\u00e3o da desalavancagem financeira, posicionando a empresa com um foco no seu&nbsp;<a target=\"_blank\" href=\"https:\/\/www.suno.com.br\/artigos\/core-business\/\" rel=\"noreferrer noopener\">core business<\/a>&nbsp;e tamb\u00e9m na integra\u00e7\u00e3o dentro da Am\u00e9rica Latina.<\/p>\n\n\n\n<p>A superintend\u00eancia do Cade afirma que a Aesop n\u00e3o \u00e9 uma marca significativa no segmento de beleza e cuidados pessoais no Brasil, independentemente da defini\u00e7\u00e3o de mercado relevante considerada.<\/p>\n\n\n\n<p>\u201cO aumento de concentra\u00e7\u00e3o de mercado resultante da opera\u00e7\u00e3o proposta \u00e9, em todos os cen\u00e1rios analisados, desprez\u00edvel e n\u00e3o desperta quaisquer preocupa\u00e7\u00f5es concorrenciais\u201d, diz o parecer.<\/p>\n\n\n\t<p>\n\t\t<a href=\"https:\/\/lp.suno.com.br\/planilha-da-vida-financeira\/\" target=\"_blank\" data-element=\"shortcode-suno-banner\" title=\"Banner SUNO, clique e saiba mais\">\n\t\t\t<picture>\n\t\t\t\t<source media=\"(max-width: 500px)\" srcset=\"https:\/\/files.sunoresearch.com.br\/n\/uploads\/2023\/04\/400x300-Planilha-vida-financeira-true.png\">\n\t\t\t\t<img class=\"newsContent__article__imgCapa newsContent__article__imgCapa--banner\"\n\t\t\t\t\tsrc=\"https:\/\/files.sunoresearch.com.br\/n\/uploads\/2023\/04\/1420x240-Planilha-vida-financeira-true.png\"\n\t\t\t\t\tdata-promo-id=\"106682\"\t\t\t\t\t\t\t\t\t\twidth='1420' height='240'\t\t\t\t\talt=\"https:\/\/files.sunoresearch.com.br\/n\/uploads\/2023\/04\/1420x240-Planilha-vida-financeira-true.png\"\n\t\t\t\t>\n\t\t\t<\/picture>\n\t\t<\/a>\n\t<\/p>\n\n\n\n\n\n<h2 class=\"wp-block-heading\">Natura ampliou preju\u00edzo para R$ 652 milh\u00f5es no 1T23<\/h2>\n\n\n\n<p>A&nbsp;<strong>Natura<\/strong>&nbsp;(<a href=\"https:\/\/www.suno.com.br\/acoes\/ntco3\" target=\"_blank\" rel=\"noreferrer noopener\">NTCO3<\/a>) anotou preju\u00edzo l\u00edquido de R$ 652,4 milh\u00f5es no primeiro trimestre de 2023. Com isso, o&nbsp;<strong>preju\u00edzo da Natura<\/strong>&nbsp;representa alta de 1,4% ante os R$ 643,1 milh\u00f5es registrados em igual etapa do ano anterior.<\/p>\n\n\n\n<p>O lucro antes dos juros, impostos,&nbsp;<a target=\"_blank\" href=\"https:\/\/www.suno.com.br\/artigos\/depreciacao-amortizacao\/\" rel=\"noreferrer noopener\">deprecia\u00e7\u00e3o e amortiza\u00e7\u00e3o<\/a>&nbsp;(Ebitda) ajustado da&nbsp;<strong>Natura no 1T23<\/strong>&nbsp;ficou em R$ 841,7 milh\u00f5es, representando alta de 41,3% em rela\u00e7\u00e3o ao mesmo per\u00edodo de 2022.<\/p>\n\n\n\n<p>A&nbsp;<a target=\"_blank\" href=\"https:\/\/www.suno.com.br\/artigos\/margem-ebitda\/\" rel=\"noreferrer noopener\">margem Ebitda<\/a>&nbsp;ajustada foi de 10,5%, representado uma alta de 3,3% pontos percentuais (p.p.) ante igual etapa do ano anterior.<\/p>\n\n\n\n<p>A&nbsp;<a href=\"https:\/\/www.suno.com.br\/artigos\/o-que-receita-liquida\/\" target=\"_blank\" rel=\"noreferrer noopener\">receita l\u00edquida<\/a>&nbsp;de&nbsp;<strong><a href=\"https:\/\/statusinvest.com.br\/acoes\/ntco3?__hstc=189907700.6539f3da5e9a30001f57de4d50fc9d8e.1682427624195.1687454080022.1687459425251.153&amp;__hssc=189907700.11.1687459425251&amp;__hsfp=3074800436\" target=\"_blank\" rel=\"noreferrer noopener\">NTCO3<\/a><\/strong>, por sua vez, caiu 2,8% no comparativo anual, para atuais R$ R$ 8,021 bilh\u00f5es. A&nbsp;<a href=\"https:\/\/www.suno.com.br\/artigos\/margem-liquida\/\" target=\"_blank\" rel=\"noreferrer noopener\">margem l\u00edquida<\/a>&nbsp;foi negativa em 8,1%, ante 7,8% negativos em igual etapa do ano anterior.<\/p>\n\n\n\n<p>No&nbsp;<strong>resultado da Natura<\/strong>&nbsp;ainda consta que a receita, em moeda constante, cresceu 3,4% \u2013 justificado pelo crescimento das opera\u00e7\u00f5es na Am\u00e9rica Latina, al\u00e9m da Aesop, cuja venda foi fechada em meados de abril.<\/p>\n\n\n\n<p>\u201cExcluindo a Aesop, o 1T23 apresentou uma forte melhoria de lucratividade, impulsionada principalmente pela expans\u00e3o da&nbsp;<a target=\"_blank\" href=\"https:\/\/www.suno.com.br\/artigos\/margem-bruta-entenda-sua-importancia\/\" rel=\"noreferrer noopener\">margem bruta<\/a>&nbsp;em todas as unidades de neg\u00f3cios, e no controle cont\u00ednuo de custos, que foram parcialmente compensados pela desalavancagem das vendas na The Body Shop, na Avon na Am\u00e9rica Latina e, em menor grau, na Avon International\u201d, diz o CEO da Natura.<\/p>\n\n\n\n<p>\u201cA expans\u00e3o da&nbsp;<a target=\"_blank\" href=\"https:\/\/www.suno.com.br\/artigos\/margem-bruta-entenda-sua-importancia\/\" rel=\"noreferrer noopener\">margem bruta<\/a>&nbsp;neste trimestre se deve \u00e0 manuten\u00e7\u00e3o do aumento de pre\u00e7os e a um mix mais favor\u00e1vel, mais do que compensando o ambiente inflacion\u00e1rio em que estamos inseridos. Pela sazonalidade normal do neg\u00f3cio, o consumo de caixa no 1T foi alto, conforme planejado, e a gest\u00e3o do capital de giro foi impactada pela forma\u00e7\u00e3o de estoques para o 2T e por mudan\u00e7as relacionadas a cont\u00ednua integra\u00e7\u00e3o das marcas Natura e Avon na Am\u00e9rica Latina\u201d, completa.<\/p>\n\n\n\n<p>Segundo o executivo, em termos de gera\u00e7\u00e3o de receita, o destaque ainda \u00e9 a marca Natura, que segue em \u201cforte impulso desde o ano passado\u201d, mostrando alta de 25% nas vendas no Brasil.<\/p>\n\n\n\n<h2 class=\"wp-block-heading\">Desempenho das a\u00e7\u00f5es da Natura<\/h2>\n\n\n\n<p>Perto das 16h40, as a\u00e7\u00f5es ordin\u00e1rias de <strong>Natura<\/strong> subiam 0,06%, a R$ 17,29.<\/p>\n\n\n\n<div class=\"pluginQuotation\">\n  <p class=\"ticker\">\n    Cota\u00e7\u00e3o <span>NTCO3<\/span>\n  <\/p>\n  <div class=\"info\">\n    <div class=\"leftSide\">\n      Gr\u00e1fico gerado em: 22\/06\/2023    <\/div>\n\t\t\t\t\t<div class=\"rightSide\">\n\t\t\t\t\t<span class=\"period\">\n\t\t\t\t\t\t5 Dias\t\t\t\t\t<\/span>\n\t\t\t<\/div>\n\t\t  <\/div>\n\n  <div id=\"chart-29e59db2f5b4bd6544f9030fd09ef283\" data-block-hash=\"29e59db2f5b4bd6544f9030fd09ef283\"  class=\"chart\" style=\"width:100%;height:400px;\"><\/div>\n\n  <div class=\"pluginQuotation__footer\">\n    <div class=\"dataChart\">\n\n      <div class=\"dataChart__div1 variation\">\n        <div class=\"value-positive\">\n          5,18 (+0,85%)        <\/div>\n        <div class=\"text\">\n          Varia\u00e7\u00e3o do per\u00edodo\n        <\/div>\n      <\/div>\n\n      <div class=\"dataChart__div2 minMax\">\n        <div class=\"value\">\n          R$\u00a015,76        <\/div>\n        <div class=\"text\">\n          M\u00ednima\n        <\/div>\n      <\/div>\n\n      <div class=\"dataChart__div3 minMax\">\n        <div class=\"value\">\n          R$\u00a017,44        <\/div>\n        <div class=\"text\">\n          M\u00e1xima\n        <\/div>\n      <\/div>\n\n\t\t\t<div class=\"dataChart__div4 rightSide\">\n\t\t\t\t<div class=\"analiticaSource\">\n\t\t\t\t\t<span>\n\t\t\t\t\t\tFonte:\n\t\t\t\t\t<\/span>\n\t\t\t\t\t<img decoding=\"async\" class=\"analiticaLogo\" src=\"https:\/\/www.suno.com.br\/noticias\/wp-content\/plugins\/suno-block-ticker-quotation\/src\/suno-analitica-logo.png\" alt=\"Logo Suno Anal\u00edtica\" \/>\n\t\t\t\t<\/div>\n\n\t\t\t\t<a href=\"https:\/\/www.suno.com.br\/analitica\/acoes\/NTCO3\" target=\"_blank\">\n\t\t\t\t\t<span>\n\t\t\t\t\t\tVer mais cota\u00e7\u00f5es\n\t\t\t\t\t<\/span>\n\t\t\t\t\t<svg xmlns=\"http:\/\/www.w3.org\/2000\/svg\" width=\"9\" height=\"8\" viewBox=\"0 0 9 8\" fill=\"none\">\n\t\t\t\t\t\t<path d=\"M4.20996 0L3.50496 0.705L6.29496 3.5H0.209961V4.5H6.29496L3.50496 7.295L4.20996 8L8.20996 4L4.20996 0Z\" fill=\"#D42126\" \/>\n\t\t\t\t\t<\/svg>\n\t\t\t\t<\/a>\n    <\/div>\n\n    <\/div>\n  <\/div>\n<\/div>\n\n\n<script type=\"text\/javascript\">\n  let chart_29e59db2f5b4bd6544f9030fd09ef283 = document.getElementById('chart-29e59db2f5b4bd6544f9030fd09ef283');\n  let data_json_29e59db2f5b4bd6544f9030fd09ef283 = \"[{\\\"date\\\":\\\"19\\\\\\\/06\\\\\\\/23 10:10\\\",\\\"value\\\":16.4},{\\\"date\\\":\\\"19\\\\\\\/06\\\\\\\/23 10:20\\\",\\\"value\\\":16.25},{\\\"date\\\":\\\"19\\\\\\\/06\\\\\\\/23 10:30\\\",\\\"value\\\":16.26},{\\\"date\\\":\\\"19\\\\\\\/06\\\\\\\/23 10:40\\\",\\\"value\\\":16.23},{\\\"date\\\":\\\"19\\\\\\\/06\\\\\\\/23 10:50\\\",\\\"value\\\":16.25},{\\\"date\\\":\\\"19\\\\\\\/06\\\\\\\/23 11:00\\\",\\\"value\\\":16.18},{\\\"date\\\":\\\"19\\\\\\\/06\\\\\\\/23 11:10\\\",\\\"value\\\":16.22},{\\\"date\\\":\\\"19\\\\\\\/06\\\\\\\/23 11:20\\\",\\\"value\\\":16.22},{\\\"date\\\":\\\"19\\\\\\\/06\\\\\\\/23 11:30\\\",\\\"value\\\":16.33},{\\\"date\\\":\\\"19\\\\\\\/06\\\\\\\/23 11:40\\\",\\\"value\\\":16.27},{\\\"date\\\":\\\"19\\\\\\\/06\\\\\\\/23 11:50\\\",\\\"value\\\":16.32},{\\\"date\\\":\\\"19\\\\\\\/06\\\\\\\/23 12:00\\\",\\\"value\\\":16.29},{\\\"date\\\":\\\"19\\\\\\\/06\\\\\\\/23 12:10\\\",\\\"value\\\":16.23},{\\\"date\\\":\\\"19\\\\\\\/06\\\\\\\/23 12:20\\\",\\\"value\\\":16.23},{\\\"date\\\":\\\"19\\\\\\\/06\\\\\\\/23 12:30\\\",\\\"value\\\":16.25},{\\\"date\\\":\\\"19\\\\\\\/06\\\\\\\/23 12:40\\\",\\\"value\\\":16.25},{\\\"date\\\":\\\"19\\\\\\\/06\\\\\\\/23 12:50\\\",\\\"value\\\":16.26},{\\\"date\\\":\\\"19\\\\\\\/06\\\\\\\/23 13:00\\\",\\\"value\\\":16.23},{\\\"date\\\":\\\"19\\\\\\\/06\\\\\\\/23 14:40\\\",\\\"value\\\":16.14},{\\\"date\\\":\\\"19\\\\\\\/06\\\\\\\/23 14:50\\\",\\\"value\\\":16.17},{\\\"date\\\":\\\"19\\\\\\\/06\\\\\\\/23 15:00\\\",\\\"value\\\":16.13},{\\\"date\\\":\\\"19\\\\\\\/06\\\\\\\/23 15:10\\\",\\\"value\\\":16.14},{\\\"date\\\":\\\"19\\\\\\\/06\\\\\\\/23 15:20\\\",\\\"value\\\":16.13},{\\\"date\\\":\\\"19\\\\\\\/06\\\\\\\/23 15:30\\\",\\\"value\\\":16.09},{\\\"date\\\":\\\"19\\\\\\\/06\\\\\\\/23 15:40\\\",\\\"value\\\":16.09},{\\\"date\\\":\\\"19\\\\\\\/06\\\\\\\/23 15:50\\\",\\\"value\\\":16.12},{\\\"date\\\":\\\"19\\\\\\\/06\\\\\\\/23 16:00\\\",\\\"value\\\":16.1},{\\\"date\\\":\\\"19\\\\\\\/06\\\\\\\/23 16:10\\\",\\\"value\\\":16.1},{\\\"date\\\":\\\"19\\\\\\\/06\\\\\\\/23 16:20\\\",\\\"value\\\":16.05},{\\\"date\\\":\\\"19\\\\\\\/06\\\\\\\/23 16:30\\\",\\\"value\\\":16.07},{\\\"date\\\":\\\"19\\\\\\\/06\\\\\\\/23 16:40\\\",\\\"value\\\":16.06},{\\\"date\\\":\\\"19\\\\\\\/06\\\\\\\/23 16:50\\\",\\\"value\\\":16.05},{\\\"date\\\":\\\"19\\\\\\\/06\\\\\\\/23 17:30\\\",\\\"value\\\":16.08},{\\\"date\\\":\\\"20\\\\\\\/06\\\\\\\/23 10:10\\\",\\\"value\\\":15.97},{\\\"date\\\":\\\"20\\\\\\\/06\\\\\\\/23 10:20\\\",\\\"value\\\":15.87},{\\\"date\\\":\\\"20\\\\\\\/06\\\\\\\/23 10:30\\\",\\\"value\\\":15.77},{\\\"date\\\":\\\"20\\\\\\\/06\\\\\\\/23 10:40\\\",\\\"value\\\":15.8},{\\\"date\\\":\\\"20\\\\\\\/06\\\\\\\/23 11:30\\\",\\\"value\\\":15.77},{\\\"date\\\":\\\"20\\\\\\\/06\\\\\\\/23 11:40\\\",\\\"value\\\":15.78},{\\\"date\\\":\\\"20\\\\\\\/06\\\\\\\/23 11:50\\\",\\\"value\\\":15.76},{\\\"date\\\":\\\"20\\\\\\\/06\\\\\\\/23 12:00\\\",\\\"value\\\":15.8},{\\\"date\\\":\\\"20\\\\\\\/06\\\\\\\/23 12:10\\\",\\\"value\\\":15.79},{\\\"date\\\":\\\"20\\\\\\\/06\\\\\\\/23 12:20\\\",\\\"value\\\":15.8},{\\\"date\\\":\\\"20\\\\\\\/06\\\\\\\/23 12:30\\\",\\\"value\\\":15.8},{\\\"date\\\":\\\"20\\\\\\\/06\\\\\\\/23 12:40\\\",\\\"value\\\":15.78},{\\\"date\\\":\\\"21\\\\\\\/06\\\\\\\/23 10:10\\\",\\\"value\\\":16.35},{\\\"date\\\":\\\"21\\\\\\\/06\\\\\\\/23 10:20\\\",\\\"value\\\":16.41},{\\\"date\\\":\\\"21\\\\\\\/06\\\\\\\/23 10:30\\\",\\\"value\\\":16.63},{\\\"date\\\":\\\"21\\\\\\\/06\\\\\\\/23 15:00\\\",\\\"value\\\":17.25},{\\\"date\\\":\\\"21\\\\\\\/06\\\\\\\/23 15:10\\\",\\\"value\\\":17.33},{\\\"date\\\":\\\"21\\\\\\\/06\\\\\\\/23 15:20\\\",\\\"value\\\":17.35},{\\\"date\\\":\\\"21\\\\\\\/06\\\\\\\/23 15:30\\\",\\\"value\\\":17.25},{\\\"date\\\":\\\"21\\\\\\\/06\\\\\\\/23 15:40\\\",\\\"value\\\":17.18},{\\\"date\\\":\\\"21\\\\\\\/06\\\\\\\/23 15:50\\\",\\\"value\\\":17.14},{\\\"date\\\":\\\"21\\\\\\\/06\\\\\\\/23 16:00\\\",\\\"value\\\":17.19},{\\\"date\\\":\\\"21\\\\\\\/06\\\\\\\/23 16:10\\\",\\\"value\\\":17.21},{\\\"date\\\":\\\"21\\\\\\\/06\\\\\\\/23 16:20\\\",\\\"value\\\":17.44},{\\\"date\\\":\\\"21\\\\\\\/06\\\\\\\/23 16:30\\\",\\\"value\\\":17.19},{\\\"date\\\":\\\"21\\\\\\\/06\\\\\\\/23 16:40\\\",\\\"value\\\":17.24},{\\\"date\\\":\\\"21\\\\\\\/06\\\\\\\/23 16:50\\\",\\\"value\\\":17.18},{\\\"date\\\":\\\"21\\\\\\\/06\\\\\\\/23 17:30\\\",\\\"value\\\":17.11},{\\\"date\\\":\\\"22\\\\\\\/06\\\\\\\/23 10:10\\\",\\\"value\\\":17.03},{\\\"date\\\":\\\"22\\\\\\\/06\\\\\\\/23 10:20\\\",\\\"value\\\":17.01},{\\\"date\\\":\\\"22\\\\\\\/06\\\\\\\/23 10:30\\\",\\\"value\\\":16.98},{\\\"date\\\":\\\"22\\\\\\\/06\\\\\\\/23 10:40\\\",\\\"value\\\":17.03},{\\\"date\\\":\\\"22\\\\\\\/06\\\\\\\/23 10:50\\\",\\\"value\\\":17.03},{\\\"date\\\":\\\"22\\\\\\\/06\\\\\\\/23 11:00\\\",\\\"value\\\":16.98},{\\\"date\\\":\\\"22\\\\\\\/06\\\\\\\/23 11:10\\\",\\\"value\\\":17},{\\\"date\\\":\\\"22\\\\\\\/06\\\\\\\/23 12:40\\\",\\\"value\\\":16.84},{\\\"date\\\":\\\"22\\\\\\\/06\\\\\\\/23 12:50\\\",\\\"value\\\":16.9},{\\\"date\\\":\\\"22\\\\\\\/06\\\\\\\/23 13:00\\\",\\\"value\\\":16.87},{\\\"date\\\":\\\"22\\\\\\\/06\\\\\\\/23 13:10\\\",\\\"value\\\":16.91},{\\\"date\\\":\\\"22\\\\\\\/06\\\\\\\/23 13:20\\\",\\\"value\\\":16.93},{\\\"date\\\":\\\"22\\\\\\\/06\\\\\\\/23 13:30\\\",\\\"value\\\":16.98},{\\\"date\\\":\\\"22\\\\\\\/06\\\\\\\/23 13:40\\\",\\\"value\\\":16.96},{\\\"date\\\":\\\"22\\\\\\\/06\\\\\\\/23 13:50\\\",\\\"value\\\":17},{\\\"date\\\":\\\"22\\\\\\\/06\\\\\\\/23 14:00\\\",\\\"value\\\":17.01},{\\\"date\\\":\\\"22\\\\\\\/06\\\\\\\/23 14:10\\\",\\\"value\\\":17},{\\\"date\\\":\\\"22\\\\\\\/06\\\\\\\/23 14:20\\\",\\\"value\\\":17.04},{\\\"date\\\":\\\"22\\\\\\\/06\\\\\\\/23 14:30\\\",\\\"value\\\":17.03},{\\\"date\\\":\\\"22\\\\\\\/06\\\\\\\/23 14:40\\\",\\\"value\\\":17.03},{\\\"date\\\":\\\"22\\\\\\\/06\\\\\\\/23 14:50\\\",\\\"value\\\":17.03},{\\\"date\\\":\\\"22\\\\\\\/06\\\\\\\/23 15:00\\\",\\\"value\\\":17},{\\\"date\\\":\\\"22\\\\\\\/06\\\\\\\/23 15:10\\\",\\\"value\\\":16.99},{\\\"date\\\":\\\"22\\\\\\\/06\\\\\\\/23 15:20\\\",\\\"value\\\":17.25}]\";\n  let isPositive_29e59db2f5b4bd6544f9030fd09ef283 = true;\n\n  let color_29e59db2f5b4bd6544f9030fd09ef283 = isPositive_29e59db2f5b4bd6544f9030fd09ef283 ? '#3AB53A' : '#D92C2D';\n\n  let data_29e59db2f5b4bd6544f9030fd09ef283 = JSON.parse(data_json_29e59db2f5b4bd6544f9030fd09ef283);\n\n  const result_29e59db2f5b4bd6544f9030fd09ef283 = {\n    date: [],\n    value: [],\n  };\n\n  data_29e59db2f5b4bd6544f9030fd09ef283.forEach((item) => {\n    result_29e59db2f5b4bd6544f9030fd09ef283.date.push(item.date);\n    result_29e59db2f5b4bd6544f9030fd09ef283.value.push(Number(item.value));\n  });\n\n  let option_29e59db2f5b4bd6544f9030fd09ef283 = {\n    \/\/ variavel de cor global\n    color: [color_29e59db2f5b4bd6544f9030fd09ef283],\n    title: {\n      text: '',\n    },\n    tooltip: {\n      trigger: 'axis',\n      axisPointer: {\n        type: 'cross',\n        label: {\n          \/\/ cor dos valores em X e Y\n          backgroundColor: color_29e59db2f5b4bd6544f9030fd09ef283,\n          formatter: (value) => {\n            if (typeof value.value === 'number') {\n              return Number(value.value).toLocaleString('pt-br', {\n                style: 'currency',\n                currency: 'BRL'\n              });\n            }\n            return value.value;\n          },\n        },\n      },\n      valueFormatter: (value) => Number(value).toLocaleString('pt-br', {\n        style: 'currency',\n        currency: 'BRL'\n      }),\n    },\n    legend: {\n      \/\/ data: ['Valor de Fechamento'],\n      show: false,\n    },\n    toolbox: {\n      feature: {\n        saveAsImage: {\n          show: false,\n        },\n      },\n    },\n    grid: {\n      left: '0px',\n      right: '0px',\n      bottom: '0px',\n      containLabel: true,\n    },\n    xAxis: [{\n      type: 'category',\n      data: result_29e59db2f5b4bd6544f9030fd09ef283.date,\n      boundaryGap: true,\n    }],\n    yAxis: [{\n      type: 'value',\n      min: Math.min(...result_29e59db2f5b4bd6544f9030fd09ef283.value),\n      max: Math.max(...result_29e59db2f5b4bd6544f9030fd09ef283.value),\n      axisLabel: {\n        formatter: (value) => value.toLocaleString('pt-br', {\n          style: 'currency',\n          currency: 'BRL'\n        }),\n      },\n    }],\n    series: [{\n      name: 'Valor de Fechamento',\n      type: 'line',\n      stack: 'Total',\n      \/\/ cor do grafico\n      areaStyle: {},\n      emphasis: {\n        focus: 'series',\n      },\n      data: result_29e59db2f5b4bd6544f9030fd09ef283.value,\n      \/\/ cor da linha\n      lineStyle: {\n        color: color_29e59db2f5b4bd6544f9030fd09ef283,\n      },\n    }, ],\n  };\n\n\twindow.chart_29e59db2f5b4bd6544f9030fd09ef283 = {\n\t\tel: chart_29e59db2f5b4bd6544f9030fd09ef283,\n\t\toption: option_29e59db2f5b4bd6544f9030fd09ef283\t};\n\n\n<\/script>\n\n\n\t<p>\n\t\t<a href=\"https:\/\/lp.suno.com.br\/suno-one\/?utm_campaign=_SNC6964518A_\" target=\"_blank\" data-element=\"shortcode-suno-banner\" title=\"Banner SUNO, clique e saiba mais\">\n\t\t\t<picture>\n\t\t\t\t<source media=\"(max-width: 500px)\" srcset=\"https:\/\/files.sunoresearch.com.br\/n\/uploads\/2025\/09\/400x300-Suno-One-png.webp\">\n\t\t\t\t<img class=\"newsContent__article__imgCapa newsContent__article__imgCapa--banner\"\n\t\t\t\t\tsrc=\"https:\/\/files.sunoresearch.com.br\/n\/uploads\/2025\/09\/1420x240-Suno-One-png.webp\"\n\t\t\t\t\tdata-promo-id=\"383121\"\t\t\t\t\t\t\t\t\t\twidth='1420' height='240'\t\t\t\t\talt=\"https:\/\/files.sunoresearch.com.br\/n\/uploads\/2025\/09\/1420x240-Suno-One-png.webp\"\n\t\t\t\t>\n\t\t\t<\/picture>\n\t\t<\/a>\n\t<\/p>\n\n\n","protected":false},"excerpt":{"rendered":"<p>A Natura (NTCO3) informou ao mercado a aprova\u00e7\u00e3o, pela \u00fanica acionista Natura&amp;Co Holding, da venda de participa\u00e7\u00e3o societ\u00e1ria detida na Natura Brazil Pty Ltd para a Natura&amp;Co Luxembourg Holdings S\u00e0rl. O acordo ocorreu por meio de assembleia geral extraordin\u00e1ria realizada na quarta-feira (21). Natura (NTCO3). Foto: Divulga\u00e7\u00e3o Em comunicado, a Natura informou que a reuni\u00e3o [&hellip;]<\/p>\n","protected":false},"author":295,"featured_media":329014,"comment_status":"closed","ping_status":"closed","sticky":false,"template":"","format":"standard","meta":[],"categories":[64],"tags":[574],"suno_strategy":[],"class_list":["post-420237","post","type-post","status-publish","format-standard","has-post-thumbnail","hentry","category-negocios","tag-natura-ntco3"],"yoast_head":"<!-- This site is optimized with the Yoast SEO plugin v24.4 - https:\/\/yoast.com\/wordpress\/plugins\/seo\/ -->\n<title>Natura (NTCO3) aprova nova transa\u00e7\u00e3o societ\u00e1ria em assembleia; veja<\/title>\n<meta name=\"description\" content=\"A Natura&amp;Co Holding informou a venda de participa\u00e7\u00e3o societ\u00e1ria detida na Natura Brazil Pty Ltd para a Natura&amp;Co Luxembourg Holdings S\u00e0rl.\" \/>\n<meta name=\"robots\" content=\"index, follow, max-snippet:-1, max-image-preview:large, max-video-preview:-1\" \/>\n<link rel=\"canonical\" href=\"https:\/\/www.suno.com.br\/noticias\/natura-ntco3-aprova-nova-transacao-societaria-assembleia-veja\/\" \/>\n<meta property=\"og:locale\" content=\"pt_BR\" \/>\n<meta property=\"og:type\" content=\"article\" \/>\n<meta property=\"og:title\" content=\"Natura (NTCO3) aprova nova transa\u00e7\u00e3o societ\u00e1ria em assembleia; veja\" \/>\n<meta property=\"og:description\" content=\"A Natura&amp;Co Holding informou a venda de participa\u00e7\u00e3o societ\u00e1ria detida na Natura Brazil Pty Ltd para a Natura&amp;Co Luxembourg Holdings S\u00e0rl.\" \/>\n<meta property=\"og:url\" content=\"https:\/\/www.suno.com.br\/noticias\/natura-ntco3-aprova-nova-transacao-societaria-assembleia-veja\/\" \/>\n<meta property=\"og:site_name\" content=\"Suno Not\u00edcias\" \/>\n<meta property=\"article:publisher\" content=\"https:\/\/facebook.com\/sunoresearch\" \/>\n<meta property=\"og:image\" content=\"https:\/\/files.sunoresearch.com.br\/n\/uploads\/2022\/12\/natura-ntco3-logo-loja-foto-divulgacao.jpg\" \/>\n\t<meta property=\"og:image:width\" content=\"1200\" \/>\n\t<meta property=\"og:image:height\" content=\"675\" \/>\n\t<meta property=\"og:image:type\" content=\"image\/jpeg\" \/>\n<meta name=\"author\" content=\"Giovanni Porf\u00edrio Jacomino\" \/>\n<meta name=\"twitter:card\" content=\"summary_large_image\" \/>\n<meta name=\"twitter:creator\" content=\"@sunoresearch\" \/>\n<meta name=\"twitter:site\" content=\"@sunoresearch\" \/>\n<meta name=\"twitter:label1\" content=\"Escrito por\" \/>\n\t<meta name=\"twitter:data1\" content=\"Giovanni Porf\u00edrio Jacomino\" \/>\n\t<meta name=\"twitter:label2\" content=\"Est. tempo de leitura\" \/>\n\t<meta name=\"twitter:data2\" content=\"4 minutos\" \/>\n<script type=\"application\/ld+json\" class=\"yoast-schema-graph\">{\"@context\":\"https:\/\/schema.org\",\"@graph\":[{\"@type\":\"NewsArticle\",\"@id\":\"https:\/\/www.suno.com.br\/noticias\/natura-ntco3-aprova-nova-transacao-societaria-assembleia-veja\/#article\",\"isPartOf\":{\"@id\":\"https:\/\/www.suno.com.br\/noticias\/natura-ntco3-aprova-nova-transacao-societaria-assembleia-veja\/\"},\"author\":{\"name\":\"Giovanni Porf\u00edrio Jacomino\",\"@id\":\"https:\/\/www.suno.com.br\/noticias\/#\/schema\/person\/217058341e4dbe1f68f3b898b09ca015\"},\"headline\":\"Natura (NTCO3) aprova nova transa\u00e7\u00e3o societ\u00e1ria em assembleia; saiba mais\",\"datePublished\":\"2023-06-22T22:31:40+00:00\",\"dateModified\":\"2023-06-22T22:31:47+00:00\",\"mainEntityOfPage\":{\"@id\":\"https:\/\/www.suno.com.br\/noticias\/natura-ntco3-aprova-nova-transacao-societaria-assembleia-veja\/\"},\"wordCount\":797,\"publisher\":{\"@id\":\"https:\/\/www.suno.com.br\/noticias\/#organization\"},\"image\":{\"@id\":\"https:\/\/www.suno.com.br\/noticias\/natura-ntco3-aprova-nova-transacao-societaria-assembleia-veja\/#primaryimage\"},\"thumbnailUrl\":\"https:\/\/files.sunoresearch.com.br\/n\/uploads\/2022\/12\/natura-ntco3-logo-loja-foto-divulgacao.jpg\",\"keywords\":[\"Natura (NTCO3)\"],\"articleSection\":[\"Neg\u00f3cios\"],\"inLanguage\":\"pt-BR\"},{\"@type\":\"WebPage\",\"@id\":\"https:\/\/www.suno.com.br\/noticias\/natura-ntco3-aprova-nova-transacao-societaria-assembleia-veja\/\",\"url\":\"https:\/\/www.suno.com.br\/noticias\/natura-ntco3-aprova-nova-transacao-societaria-assembleia-veja\/\",\"name\":\"Natura (NTCO3) aprova nova transa\u00e7\u00e3o societ\u00e1ria em assembleia; veja\",\"isPartOf\":{\"@id\":\"https:\/\/www.suno.com.br\/noticias\/#website\"},\"primaryImageOfPage\":{\"@id\":\"https:\/\/www.suno.com.br\/noticias\/natura-ntco3-aprova-nova-transacao-societaria-assembleia-veja\/#primaryimage\"},\"image\":{\"@id\":\"https:\/\/www.suno.com.br\/noticias\/natura-ntco3-aprova-nova-transacao-societaria-assembleia-veja\/#primaryimage\"},\"thumbnailUrl\":\"https:\/\/files.sunoresearch.com.br\/n\/uploads\/2022\/12\/natura-ntco3-logo-loja-foto-divulgacao.jpg\",\"datePublished\":\"2023-06-22T22:31:40+00:00\",\"dateModified\":\"2023-06-22T22:31:47+00:00\",\"description\":\"A Natura&Co Holding informou a venda de participa\u00e7\u00e3o societ\u00e1ria detida na Natura Brazil Pty Ltd para a Natura&Co Luxembourg Holdings S\u00e0rl.\",\"breadcrumb\":{\"@id\":\"https:\/\/www.suno.com.br\/noticias\/natura-ntco3-aprova-nova-transacao-societaria-assembleia-veja\/#breadcrumb\"},\"inLanguage\":\"pt-BR\",\"potentialAction\":[{\"@type\":\"ReadAction\",\"target\":[\"https:\/\/www.suno.com.br\/noticias\/natura-ntco3-aprova-nova-transacao-societaria-assembleia-veja\/\"]}]},{\"@type\":\"ImageObject\",\"inLanguage\":\"pt-BR\",\"@id\":\"https:\/\/www.suno.com.br\/noticias\/natura-ntco3-aprova-nova-transacao-societaria-assembleia-veja\/#primaryimage\",\"url\":\"https:\/\/files.sunoresearch.com.br\/n\/uploads\/2022\/12\/natura-ntco3-logo-loja-foto-divulgacao.jpg\",\"contentUrl\":\"https:\/\/files.sunoresearch.com.br\/n\/uploads\/2022\/12\/natura-ntco3-logo-loja-foto-divulgacao.jpg\",\"width\":1200,\"height\":675,\"caption\":\"Natura (NTCO3). Foto: Divulga\u00e7\u00e3o\"},{\"@type\":\"BreadcrumbList\",\"@id\":\"https:\/\/www.suno.com.br\/noticias\/natura-ntco3-aprova-nova-transacao-societaria-assembleia-veja\/#breadcrumb\",\"itemListElement\":[{\"@type\":\"ListItem\",\"position\":1,\"name\":\"Not\u00edcias\",\"item\":\"https:\/\/www.suno.com.br\/noticias\/\"},{\"@type\":\"ListItem\",\"position\":2,\"name\":\"Neg\u00f3cios\",\"item\":\"https:\/\/www.suno.com.br\/noticias\/negocios\/\"},{\"@type\":\"ListItem\",\"position\":3,\"name\":\"Natura (NTCO3) aprova nova transa\u00e7\u00e3o societ\u00e1ria em assembleia; saiba mais\"}]},{\"@type\":\"WebSite\",\"@id\":\"https:\/\/www.suno.com.br\/noticias\/#website\",\"url\":\"https:\/\/www.suno.com.br\/noticias\/\",\"name\":\"Suno Not\u00edcias\",\"description\":\"Seu portal de informa\u00e7\u00e3o sobre o mundo dos investimentos\",\"publisher\":{\"@id\":\"https:\/\/www.suno.com.br\/noticias\/#organization\"},\"potentialAction\":[{\"@type\":\"SearchAction\",\"target\":{\"@type\":\"EntryPoint\",\"urlTemplate\":\"https:\/\/www.suno.com.br\/noticias\/?s={search_term_string}\"},\"query-input\":{\"@type\":\"PropertyValueSpecification\",\"valueRequired\":true,\"valueName\":\"search_term_string\"}}],\"inLanguage\":\"pt-BR\"},{\"@type\":\"Organization\",\"@id\":\"https:\/\/www.suno.com.br\/noticias\/#organization\",\"name\":\"Suno Not\u00edcias\",\"url\":\"https:\/\/www.suno.com.br\/noticias\/\",\"logo\":{\"@type\":\"ImageObject\",\"inLanguage\":\"pt-BR\",\"@id\":\"https:\/\/www.suno.com.br\/noticias\/#\/schema\/logo\/image\/\",\"url\":\"https:\/\/files.sunoresearch.com.br\/n\/uploads\/2021\/09\/suno-logo.png\",\"contentUrl\":\"https:\/\/files.sunoresearch.com.br\/n\/uploads\/2021\/09\/suno-logo.png\",\"width\":180,\"height\":180,\"caption\":\"Suno Not\u00edcias\"},\"image\":{\"@id\":\"https:\/\/www.suno.com.br\/noticias\/#\/schema\/logo\/image\/\"},\"sameAs\":[\"https:\/\/facebook.com\/sunoresearch\",\"https:\/\/x.com\/sunoresearch\",\"https:\/\/www.instagram.com\/suno\",\"https:\/\/www.linkedin.com\/company\/suno-research\/\",\"https:\/\/www.youtube.com\/c\/sunoresearch\"]},{\"@type\":\"Person\",\"@id\":\"https:\/\/www.suno.com.br\/noticias\/#\/schema\/person\/217058341e4dbe1f68f3b898b09ca015\",\"name\":\"Giovanni Porf\u00edrio Jacomino\",\"image\":{\"@type\":\"ImageObject\",\"inLanguage\":\"pt-BR\",\"@id\":\"https:\/\/www.suno.com.br\/noticias\/#\/schema\/person\/image\/\",\"url\":\"https:\/\/secure.gravatar.com\/avatar\/bc678fc5559a55f79ada398443281309?s=96&r=g\",\"contentUrl\":\"https:\/\/secure.gravatar.com\/avatar\/bc678fc5559a55f79ada398443281309?s=96&r=g\",\"caption\":\"Giovanni Porf\u00edrio Jacomino\"},\"description\":\"Giovanni Porf\u00edrio Jacomino \u00e9 jornalista formado pela Universidade Estadual de Londrina (UEL) e p\u00f3s-graduado em Produ\u00e7\u00e3o e Pr\u00e1ticas Jornal\u00edsticas na Contemporaneidade na Faculdade C\u00e1sper L\u00edbero (FCL). Foi editor web no Startupi e no Finsiders, atuando ainda como editor no TC Mover, portal de not\u00edcias da TradersClub, fazendo a cobertura de assuntos relacionados ao mercado financeiro interno e externo. Atualmente, \u00e9 Rep\u00f3rter do Suno Not\u00edcias.\",\"url\":\"https:\/\/www.suno.com.br\/noticias\/author\/giovanniporfirio01gmail-com\/\"}]}<\/script>\n<!-- \/ Yoast SEO plugin. -->","yoast_head_json":{"title":"Natura (NTCO3) aprova nova transa\u00e7\u00e3o societ\u00e1ria em assembleia; veja","description":"A Natura&Co Holding informou a venda de participa\u00e7\u00e3o societ\u00e1ria detida na Natura Brazil Pty Ltd para a Natura&Co Luxembourg Holdings S\u00e0rl.","robots":{"index":"index","follow":"follow","max-snippet":"max-snippet:-1","max-image-preview":"max-image-preview:large","max-video-preview":"max-video-preview:-1"},"canonical":"https:\/\/www.suno.com.br\/noticias\/natura-ntco3-aprova-nova-transacao-societaria-assembleia-veja\/","og_locale":"pt_BR","og_type":"article","og_title":"Natura (NTCO3) aprova nova transa\u00e7\u00e3o societ\u00e1ria em assembleia; veja","og_description":"A Natura&Co Holding informou a venda de participa\u00e7\u00e3o societ\u00e1ria detida na Natura Brazil Pty Ltd para a Natura&Co Luxembourg Holdings S\u00e0rl.","og_url":"https:\/\/www.suno.com.br\/noticias\/natura-ntco3-aprova-nova-transacao-societaria-assembleia-veja\/","og_site_name":"Suno Not\u00edcias","article_publisher":"https:\/\/facebook.com\/sunoresearch","og_image":[{"width":1200,"height":675,"url":"https:\/\/files.sunoresearch.com.br\/n\/uploads\/2022\/12\/natura-ntco3-logo-loja-foto-divulgacao.jpg","type":"image\/jpeg"}],"author":"Giovanni Porf\u00edrio Jacomino","twitter_card":"summary_large_image","twitter_creator":"@sunoresearch","twitter_site":"@sunoresearch","twitter_misc":{"Escrito por":"Giovanni Porf\u00edrio Jacomino","Est. tempo de leitura":"4 minutos"},"schema":{"@context":"https:\/\/schema.org","@graph":[{"@type":"NewsArticle","@id":"https:\/\/www.suno.com.br\/noticias\/natura-ntco3-aprova-nova-transacao-societaria-assembleia-veja\/#article","isPartOf":{"@id":"https:\/\/www.suno.com.br\/noticias\/natura-ntco3-aprova-nova-transacao-societaria-assembleia-veja\/"},"author":{"name":"Giovanni Porf\u00edrio Jacomino","@id":"https:\/\/www.suno.com.br\/noticias\/#\/schema\/person\/217058341e4dbe1f68f3b898b09ca015"},"headline":"Natura (NTCO3) aprova nova transa\u00e7\u00e3o societ\u00e1ria em assembleia; saiba mais","datePublished":"2023-06-22T22:31:40+00:00","dateModified":"2023-06-22T22:31:47+00:00","mainEntityOfPage":{"@id":"https:\/\/www.suno.com.br\/noticias\/natura-ntco3-aprova-nova-transacao-societaria-assembleia-veja\/"},"wordCount":797,"publisher":{"@id":"https:\/\/www.suno.com.br\/noticias\/#organization"},"image":{"@id":"https:\/\/www.suno.com.br\/noticias\/natura-ntco3-aprova-nova-transacao-societaria-assembleia-veja\/#primaryimage"},"thumbnailUrl":"https:\/\/files.sunoresearch.com.br\/n\/uploads\/2022\/12\/natura-ntco3-logo-loja-foto-divulgacao.jpg","keywords":["Natura (NTCO3)"],"articleSection":["Neg\u00f3cios"],"inLanguage":"pt-BR"},{"@type":"WebPage","@id":"https:\/\/www.suno.com.br\/noticias\/natura-ntco3-aprova-nova-transacao-societaria-assembleia-veja\/","url":"https:\/\/www.suno.com.br\/noticias\/natura-ntco3-aprova-nova-transacao-societaria-assembleia-veja\/","name":"Natura (NTCO3) aprova nova transa\u00e7\u00e3o societ\u00e1ria em assembleia; veja","isPartOf":{"@id":"https:\/\/www.suno.com.br\/noticias\/#website"},"primaryImageOfPage":{"@id":"https:\/\/www.suno.com.br\/noticias\/natura-ntco3-aprova-nova-transacao-societaria-assembleia-veja\/#primaryimage"},"image":{"@id":"https:\/\/www.suno.com.br\/noticias\/natura-ntco3-aprova-nova-transacao-societaria-assembleia-veja\/#primaryimage"},"thumbnailUrl":"https:\/\/files.sunoresearch.com.br\/n\/uploads\/2022\/12\/natura-ntco3-logo-loja-foto-divulgacao.jpg","datePublished":"2023-06-22T22:31:40+00:00","dateModified":"2023-06-22T22:31:47+00:00","description":"A Natura&Co Holding informou a venda de participa\u00e7\u00e3o societ\u00e1ria detida na Natura Brazil Pty Ltd para a Natura&Co Luxembourg Holdings S\u00e0rl.","breadcrumb":{"@id":"https:\/\/www.suno.com.br\/noticias\/natura-ntco3-aprova-nova-transacao-societaria-assembleia-veja\/#breadcrumb"},"inLanguage":"pt-BR","potentialAction":[{"@type":"ReadAction","target":["https:\/\/www.suno.com.br\/noticias\/natura-ntco3-aprova-nova-transacao-societaria-assembleia-veja\/"]}]},{"@type":"ImageObject","inLanguage":"pt-BR","@id":"https:\/\/www.suno.com.br\/noticias\/natura-ntco3-aprova-nova-transacao-societaria-assembleia-veja\/#primaryimage","url":"https:\/\/files.sunoresearch.com.br\/n\/uploads\/2022\/12\/natura-ntco3-logo-loja-foto-divulgacao.jpg","contentUrl":"https:\/\/files.sunoresearch.com.br\/n\/uploads\/2022\/12\/natura-ntco3-logo-loja-foto-divulgacao.jpg","width":1200,"height":675,"caption":"Natura (NTCO3). Foto: Divulga\u00e7\u00e3o"},{"@type":"BreadcrumbList","@id":"https:\/\/www.suno.com.br\/noticias\/natura-ntco3-aprova-nova-transacao-societaria-assembleia-veja\/#breadcrumb","itemListElement":[{"@type":"ListItem","position":1,"name":"Not\u00edcias","item":"https:\/\/www.suno.com.br\/noticias\/"},{"@type":"ListItem","position":2,"name":"Neg\u00f3cios","item":"https:\/\/www.suno.com.br\/noticias\/negocios\/"},{"@type":"ListItem","position":3,"name":"Natura (NTCO3) aprova nova transa\u00e7\u00e3o societ\u00e1ria em assembleia; saiba mais"}]},{"@type":"WebSite","@id":"https:\/\/www.suno.com.br\/noticias\/#website","url":"https:\/\/www.suno.com.br\/noticias\/","name":"Suno Not\u00edcias","description":"Seu portal de informa\u00e7\u00e3o sobre o mundo dos investimentos","publisher":{"@id":"https:\/\/www.suno.com.br\/noticias\/#organization"},"potentialAction":[{"@type":"SearchAction","target":{"@type":"EntryPoint","urlTemplate":"https:\/\/www.suno.com.br\/noticias\/?s={search_term_string}"},"query-input":{"@type":"PropertyValueSpecification","valueRequired":true,"valueName":"search_term_string"}}],"inLanguage":"pt-BR"},{"@type":"Organization","@id":"https:\/\/www.suno.com.br\/noticias\/#organization","name":"Suno Not\u00edcias","url":"https:\/\/www.suno.com.br\/noticias\/","logo":{"@type":"ImageObject","inLanguage":"pt-BR","@id":"https:\/\/www.suno.com.br\/noticias\/#\/schema\/logo\/image\/","url":"https:\/\/files.sunoresearch.com.br\/n\/uploads\/2021\/09\/suno-logo.png","contentUrl":"https:\/\/files.sunoresearch.com.br\/n\/uploads\/2021\/09\/suno-logo.png","width":180,"height":180,"caption":"Suno Not\u00edcias"},"image":{"@id":"https:\/\/www.suno.com.br\/noticias\/#\/schema\/logo\/image\/"},"sameAs":["https:\/\/facebook.com\/sunoresearch","https:\/\/x.com\/sunoresearch","https:\/\/www.instagram.com\/suno","https:\/\/www.linkedin.com\/company\/suno-research\/","https:\/\/www.youtube.com\/c\/sunoresearch"]},{"@type":"Person","@id":"https:\/\/www.suno.com.br\/noticias\/#\/schema\/person\/217058341e4dbe1f68f3b898b09ca015","name":"Giovanni Porf\u00edrio Jacomino","image":{"@type":"ImageObject","inLanguage":"pt-BR","@id":"https:\/\/www.suno.com.br\/noticias\/#\/schema\/person\/image\/","url":"https:\/\/secure.gravatar.com\/avatar\/bc678fc5559a55f79ada398443281309?s=96&r=g","contentUrl":"https:\/\/secure.gravatar.com\/avatar\/bc678fc5559a55f79ada398443281309?s=96&r=g","caption":"Giovanni Porf\u00edrio Jacomino"},"description":"Giovanni Porf\u00edrio Jacomino \u00e9 jornalista formado pela Universidade Estadual de Londrina (UEL) e p\u00f3s-graduado em Produ\u00e7\u00e3o e Pr\u00e1ticas Jornal\u00edsticas na Contemporaneidade na Faculdade C\u00e1sper L\u00edbero (FCL). Foi editor web no Startupi e no Finsiders, atuando ainda como editor no TC Mover, portal de not\u00edcias da TradersClub, fazendo a cobertura de assuntos relacionados ao mercado financeiro interno e externo. Atualmente, \u00e9 Rep\u00f3rter do Suno Not\u00edcias.","url":"https:\/\/www.suno.com.br\/noticias\/author\/giovanniporfirio01gmail-com\/"}]}},"default_loop_html":"<div class=\"cardsPage__listCard__boxs\"><div class=\"cardsPage__listCard__boxs__img\"><a href=\"https:\/\/www.suno.com.br\/noticias\/natura-ntco3-aprova-nova-transacao-societaria-assembleia-veja\/\"><img class=\"mask\" src=\"https:\/\/www.suno.com.br\/noticias\/wp-content\/themes\/suno\/resources\/images\/spotlight\/spotlight1img\/bg-mask.png\" alt=\"Image Mask\"\/><img src=\"https:\/\/files.sunoresearch.com.br\/n\/uploads\/2022\/12\/natura-ntco3-logo-loja-foto-divulgacao-400x200.jpg\" alt=\"Natura (NTCO3) aprova nova transa\u00e7\u00e3o societ\u00e1ria em assembleia; saiba mais\"\/><\/a><span class=\"spotlightCategory\"><a href=\"https:\/\/www.suno.com.br\/noticias\/negocios\/\">Neg\u00f3cios<\/a><\/span><\/div><div class=\"cardsPage__listCard__boxs__content\"><a href=\"https:\/\/www.suno.com.br\/noticias\/natura-ntco3-aprova-nova-transacao-societaria-assembleia-veja\/\"><h2 class=\"content__title\">Natura (NTCO3) aprova nova transa\u00e7\u00e3o societ\u00e1ria em assembleia; saiba mais<\/h2><\/a><div class=\"newsContent__article__meta\"><div class=\"newsContent__article__meta__authorBox\"><a href=\"https:\/\/www.suno.com.br\/noticias\/author\/giovanniporfirio01gmail-com\/\" class=\"authorBox__avatar noMobi\"><img src=\"https:\/\/files.sunoresearch.com.br\/n\/uploads\/2023\/07\/WhatsApp-Image-2023-07-10-at-14.08.39-150x150.jpeg\" alt=\"Giovanni Porf\u00edrio Jacomino\"><\/a><div class=\"authorBox__name\"><span>por\n\t\t\t<a href=\"https:\/\/www.suno.com.br\/noticias\/author\/giovanniporfirio01gmail-com\/\"><span itemprop=\"author\">Giovanni Porf\u00edrio Jacomino<\/span><\/a><\/span><time datetime=\"2023-06-22T19:31:40-03:00\" itemprop=\"datePublished\">22\/06\/2023 19:31<\/time><\/div><\/div><\/div><\/div><\/div>","single_layout":"posts","amp_enabled":true,"_links":{"self":[{"href":"https:\/\/www.suno.com.br\/noticias\/wp-json\/wp\/v2\/posts\/420237"}],"collection":[{"href":"https:\/\/www.suno.com.br\/noticias\/wp-json\/wp\/v2\/posts"}],"about":[{"href":"https:\/\/www.suno.com.br\/noticias\/wp-json\/wp\/v2\/types\/post"}],"author":[{"embeddable":true,"href":"https:\/\/www.suno.com.br\/noticias\/wp-json\/wp\/v2\/users\/295"}],"replies":[{"embeddable":true,"href":"https:\/\/www.suno.com.br\/noticias\/wp-json\/wp\/v2\/comments?post=420237"}],"version-history":[{"count":2,"href":"https:\/\/www.suno.com.br\/noticias\/wp-json\/wp\/v2\/posts\/420237\/revisions"}],"predecessor-version":[{"id":420354,"href":"https:\/\/www.suno.com.br\/noticias\/wp-json\/wp\/v2\/posts\/420237\/revisions\/420354"}],"wp:featuredmedia":[{"embeddable":true,"href":"https:\/\/www.suno.com.br\/noticias\/wp-json\/wp\/v2\/media\/329014"}],"wp:attachment":[{"href":"https:\/\/www.suno.com.br\/noticias\/wp-json\/wp\/v2\/media?parent=420237"}],"wp:term":[{"taxonomy":"category","embeddable":true,"href":"https:\/\/www.suno.com.br\/noticias\/wp-json\/wp\/v2\/categories?post=420237"},{"taxonomy":"post_tag","embeddable":true,"href":"https:\/\/www.suno.com.br\/noticias\/wp-json\/wp\/v2\/tags?post=420237"},{"taxonomy":"suno_strategy","embeddable":true,"href":"https:\/\/www.suno.com.br\/noticias\/wp-json\/wp\/v2\/suno_strategy?post=420237"}],"curies":[{"name":"wp","href":"https:\/\/api.w.org\/{rel}","templated":true}]}}