{"id":42012,"date":"2019-10-22T21:32:00","date_gmt":"2019-10-22T23:32:00","guid":{"rendered":"https:\/\/www.suno.com.br\/noticias\/?p=42012"},"modified":"2019-10-22T21:32:00","modified_gmt":"2019-10-22T23:32:00","slug":"flybondi-aumenta-florianopolis-rio-de-janeiro","status":"publish","type":"post","link":"https:\/\/www.suno.com.br\/noticias\/flybondi-aumenta-florianopolis-rio-de-janeiro\/","title":{"rendered":"Flybondi aumenta n\u00famero de v\u00f4os para Florian\u00f3polis e Rio de Janeiro"},"content":{"rendered":"<p>A companhia a\u00e9rea argentina Flybondi anunciou, nesta ter\u00e7a-feira (22), que aumentou o n\u00famero de v\u00f4os conectando <strong>Buenos Aires<\/strong> a <strong>Florian\u00f3polis <\/strong>(<strong>SC<\/strong>) e <strong>Rio de Janeiro <\/strong>(<strong>RJ<\/strong>).<\/p>\t<div class=\"wrapper-featured-image\">\n\t\t<figure class=\"spotlightImg\">\n\n\t\t\t<picture>\n\t\t\t\t<source media=\"(max-width: 768px)\" srcset=\"https:\/\/files.sunoresearch.com.br\/n\/uploads\/2019\/07\/9b27142d-flybondi-400x200.webp\">\n\t\t\t\t<img loading=\"lazy\" decoding=\"async\" class=\"newsContent__article__imgCapa lazyloadDisabled newsContent__article__imgCapa--noCaption\" src=\"https:\/\/files.sunoresearch.com.br\/n\/uploads\/2019\/07\/9b27142d-flybondi-800x450.webp\" width=\"800\" height=\"450\" alt=\"Flybondi aumenta n\u00famero de v\u00f4os para Florian\u00f3polis e Rio de Janeiro\" fetchpriority=high \/>\n\t\t\t<\/picture>\n\n\t\t\t<figcaption class=\"wp-caption-text wp-caption-text--hide\">Flybondi aumenta n\u00famero de v\u00f4os para Florian\u00f3polis e Rio de Janeiro<\/figcaption>\n\t\t<\/figure>\n\t<\/div>\n\n\n<p>A <strong>Flybondi<\/strong> realizou seu voo inaugural no <strong>Brasil<\/strong> em 11 de outubro, na rota <strong>Buenos Aires-Rio.<\/strong><\/p>\n<p>A empresa, que \u00e9 adepta do modelo de neg\u00f3cios ultra low cost, aumentou o n\u00famero de voos semanais na rota, de tr\u00eas (\u00e0s quartas-feiras, sextas e domingos) para quatro (\u00e0s segundas).<\/p>\n<p>Em Florian\u00f3polis, a <strong>Flybondi<\/strong> iniciar\u00e1 seus v\u00f4os no dia 19 de dezembro e realizar\u00e1 uma nova frequ\u00eancia \u00e0s tr\u00eas que j\u00e1 estavam \u00e0 venda.<\/p>\n<p>De acordo com a companhia a\u00e9rea, os voos entre <strong>Florian\u00f3polis<\/strong> e <strong>Buenos Aires<\/strong> ser\u00e3o \u00e0s:<\/p>\n<ul>\n<li><strong>ter\u00e7as;<\/strong><\/li>\n<li><strong>quintas;<\/strong><\/li>\n<li><strong>s\u00e1bados;<\/strong><\/li>\n<li><strong>domingos.<\/strong><\/li>\n<\/ul>\n<p>A companhia a\u00e9rea mant\u00e9m uma previs\u00e3o de lan\u00e7ar, at\u00e9 o fim deste ano, mais duas ou tr\u00eas novas regionais, que operar\u00e3o a partir de mar\u00e7o e abril de 2020.<\/p>\n<h2>A Flybondi no Brasil<\/h2>\n<p>A\u00a0empresa a\u00e9rea argentina de <strong>baixo custo<\/strong> Flybondi foi autorizada a operar no Brasil no dia 2 de julho pela <strong>Ag\u00eancia Nacional de Avia\u00e7\u00e3o Civil (Anac)<\/strong>. Gra\u00e7as a essa autoriza\u00e7\u00e3o, a <strong>companhia a\u00e9rea<\/strong> pode iniciar suas opera\u00e7\u00f5es regulares internacionais no Pa\u00eds.<\/p>\n<p>Essa autoriza\u00e7\u00e3o operacional da <strong>Anac<\/strong> \u00e9 a \u00faltima etapa para que uma a\u00e9rea estrangeira possa iniciar voos regulares no Brasil. Dessa forma, a <strong>Flybondi<\/strong> poder\u00e1 fazer o registro das rotas e iniciar a venda das passagens.<\/p>\n<h2>Terceira a\u00e9rea low-cost a operar no Brasil<\/h2>\n<p>A <strong>companhia a\u00e9rea<\/strong> argentina planeja iniciar em outubro as opera\u00e7\u00f5es no Pa\u00eds. A <strong>Flybondi<\/strong> \u00e9 a quarta empresa de baixo custo que come\u00e7a a voar no <strong>Brasil.<\/strong> As tr\u00eas primeiras a\u00e9reas que obtiveram as licen\u00e7as foram a chilena <strong>Sky Airline<\/strong> e as europeias <strong>Norwegian<\/strong> e <strong>Air Europa.<\/strong><\/p>\n<p><a href=\"https:\/\/www.suno.com.br\/noticias\/norwegian-low-cost-operacao-brasil-31-marco\/\">Saiba mais:\u00a0Norwegian, companhia a\u00e9rea low-cost, inicia opera\u00e7\u00e3o no Brasil no dia 31<\/a><\/p>\n<p>Inicialmente a <strong>low-cost<\/strong> argentina realizar\u00e1 tr\u00eas voos por semana entre o <strong>Rio de Janeiro<\/strong> e <strong>Buenos Aires.<\/strong> Atualmente, a <strong>Flybondi<\/strong> tem uma frota de cinco avi\u00f5es e opera em 16 destinos, todos na <strong>Argentina.<\/strong><\/p>\n","protected":false},"excerpt":{"rendered":"<p>A companhia a\u00e9rea argentina Flybondi anunciou, nesta ter\u00e7a-feira (22), que aumentou o n\u00famero de v\u00f4os conectando Buenos Aires a Florian\u00f3polis (SC) e Rio de Janeiro (RJ). Flybondi aumenta n\u00famero de v\u00f4os para Florian\u00f3polis e Rio de Janeiro A Flybondi realizou seu voo inaugural no Brasil em 11 de outubro, na rota Buenos Aires-Rio. A empresa, [&hellip;]<\/p>\n","protected":false},"author":23,"featured_media":29886,"comment_status":"closed","ping_status":"closed","sticky":false,"template":"","format":"standard","meta":[],"categories":[64],"tags":[1167,802],"suno_strategy":[],"class_list":["post-42012","post","type-post","status-publish","format-standard","has-post-thumbnail","hentry","category-negocios","tag-flybondi","tag-rio-de-janeiro"],"yoast_head":"<!-- This site is optimized with the Yoast SEO plugin v24.4 - https:\/\/yoast.com\/wordpress\/plugins\/seo\/ -->\n<title>Flybondi aumenta n\u00famero de v\u00f4os para Florian\u00f3polis e Rio de Janeiro<\/title>\n<meta name=\"description\" content=\"A Flybondi aumentou o n\u00famero de v\u00f4os conectando Buenos Aires a Florian\u00f3polis (SC) e Rio de Janeiro (RJ). Clique aqui para saber mais.\" \/>\n<meta name=\"robots\" content=\"index, follow, max-snippet:-1, max-image-preview:large, max-video-preview:-1\" \/>\n<link rel=\"canonical\" href=\"https:\/\/www.suno.com.br\/noticias\/flybondi-aumenta-florianopolis-rio-de-janeiro\/\" \/>\n<meta property=\"og:locale\" content=\"pt_BR\" \/>\n<meta property=\"og:type\" content=\"article\" \/>\n<meta property=\"og:title\" content=\"Flybondi aumenta n\u00famero de v\u00f4os para Florian\u00f3polis e Rio de Janeiro\" \/>\n<meta property=\"og:description\" content=\"A Flybondi aumentou o n\u00famero de v\u00f4os conectando Buenos Aires a Florian\u00f3polis (SC) e Rio de Janeiro (RJ). Clique aqui para saber mais.\" \/>\n<meta property=\"og:url\" content=\"https:\/\/www.suno.com.br\/noticias\/flybondi-aumenta-florianopolis-rio-de-janeiro\/\" \/>\n<meta property=\"og:site_name\" content=\"Suno Not\u00edcias\" \/>\n<meta property=\"article:publisher\" content=\"https:\/\/facebook.com\/sunoresearch\" \/>\n<meta property=\"og:image\" content=\"https:\/\/files.sunoresearch.com.br\/n\/uploads\/2019\/07\/9b27142d-flybondi.jpg\" \/>\n\t<meta property=\"og:image:width\" content=\"1000\" \/>\n\t<meta property=\"og:image:height\" content=\"500\" \/>\n\t<meta property=\"og:image:type\" content=\"image\/jpeg\" \/>\n<meta name=\"author\" content=\"Rafael Lara\" \/>\n<meta name=\"twitter:card\" content=\"summary_large_image\" \/>\n<meta name=\"twitter:creator\" content=\"@sunoresearch\" \/>\n<meta name=\"twitter:site\" content=\"@sunoresearch\" \/>\n<meta name=\"twitter:label1\" content=\"Escrito por\" \/>\n\t<meta name=\"twitter:data1\" content=\"Rafael Lara\" \/>\n\t<meta name=\"twitter:label2\" content=\"Est. tempo de leitura\" \/>\n\t<meta name=\"twitter:data2\" content=\"2 minutos\" \/>\n<script type=\"application\/ld+json\" class=\"yoast-schema-graph\">{\"@context\":\"https:\/\/schema.org\",\"@graph\":[{\"@type\":\"NewsArticle\",\"@id\":\"https:\/\/www.suno.com.br\/noticias\/flybondi-aumenta-florianopolis-rio-de-janeiro\/#article\",\"isPartOf\":{\"@id\":\"https:\/\/www.suno.com.br\/noticias\/flybondi-aumenta-florianopolis-rio-de-janeiro\/\"},\"author\":{\"name\":\"Rafael Lara\",\"@id\":\"https:\/\/www.suno.com.br\/noticias\/#\/schema\/person\/098743caeed97b37f51315c9576c4078\"},\"headline\":\"Flybondi aumenta n\u00famero de v\u00f4os para Florian\u00f3polis e Rio de Janeiro\",\"datePublished\":\"2019-10-22T23:32:00+00:00\",\"mainEntityOfPage\":{\"@id\":\"https:\/\/www.suno.com.br\/noticias\/flybondi-aumenta-florianopolis-rio-de-janeiro\/\"},\"wordCount\":376,\"publisher\":{\"@id\":\"https:\/\/www.suno.com.br\/noticias\/#organization\"},\"image\":{\"@id\":\"https:\/\/www.suno.com.br\/noticias\/flybondi-aumenta-florianopolis-rio-de-janeiro\/#primaryimage\"},\"thumbnailUrl\":\"https:\/\/files.sunoresearch.com.br\/n\/uploads\/2019\/07\/9b27142d-flybondi-jpg.webp\",\"keywords\":[\"Flybondi\",\"Rio de Janeiro\"],\"articleSection\":[\"Neg\u00f3cios\"],\"inLanguage\":\"pt-BR\"},{\"@type\":\"WebPage\",\"@id\":\"https:\/\/www.suno.com.br\/noticias\/flybondi-aumenta-florianopolis-rio-de-janeiro\/\",\"url\":\"https:\/\/www.suno.com.br\/noticias\/flybondi-aumenta-florianopolis-rio-de-janeiro\/\",\"name\":\"Flybondi aumenta n\u00famero de v\u00f4os para Florian\u00f3polis e Rio de Janeiro\",\"isPartOf\":{\"@id\":\"https:\/\/www.suno.com.br\/noticias\/#website\"},\"primaryImageOfPage\":{\"@id\":\"https:\/\/www.suno.com.br\/noticias\/flybondi-aumenta-florianopolis-rio-de-janeiro\/#primaryimage\"},\"image\":{\"@id\":\"https:\/\/www.suno.com.br\/noticias\/flybondi-aumenta-florianopolis-rio-de-janeiro\/#primaryimage\"},\"thumbnailUrl\":\"https:\/\/files.sunoresearch.com.br\/n\/uploads\/2019\/07\/9b27142d-flybondi-jpg.webp\",\"datePublished\":\"2019-10-22T23:32:00+00:00\",\"description\":\"A Flybondi aumentou o n\u00famero de v\u00f4os conectando Buenos Aires a Florian\u00f3polis (SC) e Rio de Janeiro (RJ). Clique aqui para saber mais.\",\"breadcrumb\":{\"@id\":\"https:\/\/www.suno.com.br\/noticias\/flybondi-aumenta-florianopolis-rio-de-janeiro\/#breadcrumb\"},\"inLanguage\":\"pt-BR\",\"potentialAction\":[{\"@type\":\"ReadAction\",\"target\":[\"https:\/\/www.suno.com.br\/noticias\/flybondi-aumenta-florianopolis-rio-de-janeiro\/\"]}]},{\"@type\":\"ImageObject\",\"inLanguage\":\"pt-BR\",\"@id\":\"https:\/\/www.suno.com.br\/noticias\/flybondi-aumenta-florianopolis-rio-de-janeiro\/#primaryimage\",\"url\":\"https:\/\/files.sunoresearch.com.br\/n\/uploads\/2019\/07\/9b27142d-flybondi-jpg.webp\",\"contentUrl\":\"https:\/\/files.sunoresearch.com.br\/n\/uploads\/2019\/07\/9b27142d-flybondi-jpg.webp\",\"width\":1000,\"height\":500,\"caption\":\"Flybondi aumenta n\u00famero de v\u00f4os para Florian\u00f3polis e Rio de Janeiro\"},{\"@type\":\"BreadcrumbList\",\"@id\":\"https:\/\/www.suno.com.br\/noticias\/flybondi-aumenta-florianopolis-rio-de-janeiro\/#breadcrumb\",\"itemListElement\":[{\"@type\":\"ListItem\",\"position\":1,\"name\":\"Not\u00edcias\",\"item\":\"https:\/\/www.suno.com.br\/noticias\/\"},{\"@type\":\"ListItem\",\"position\":2,\"name\":\"Neg\u00f3cios\",\"item\":\"https:\/\/www.suno.com.br\/noticias\/negocios\/\"},{\"@type\":\"ListItem\",\"position\":3,\"name\":\"Flybondi aumenta n\u00famero de v\u00f4os para Florian\u00f3polis e Rio de Janeiro\"}]},{\"@type\":\"WebSite\",\"@id\":\"https:\/\/www.suno.com.br\/noticias\/#website\",\"url\":\"https:\/\/www.suno.com.br\/noticias\/\",\"name\":\"Suno Not\u00edcias\",\"description\":\"Seu portal de informa\u00e7\u00e3o sobre o mundo dos investimentos\",\"publisher\":{\"@id\":\"https:\/\/www.suno.com.br\/noticias\/#organization\"},\"potentialAction\":[{\"@type\":\"SearchAction\",\"target\":{\"@type\":\"EntryPoint\",\"urlTemplate\":\"https:\/\/www.suno.com.br\/noticias\/?s={search_term_string}\"},\"query-input\":{\"@type\":\"PropertyValueSpecification\",\"valueRequired\":true,\"valueName\":\"search_term_string\"}}],\"inLanguage\":\"pt-BR\"},{\"@type\":\"Organization\",\"@id\":\"https:\/\/www.suno.com.br\/noticias\/#organization\",\"name\":\"Suno Not\u00edcias\",\"url\":\"https:\/\/www.suno.com.br\/noticias\/\",\"logo\":{\"@type\":\"ImageObject\",\"inLanguage\":\"pt-BR\",\"@id\":\"https:\/\/www.suno.com.br\/noticias\/#\/schema\/logo\/image\/\",\"url\":\"https:\/\/files.sunoresearch.com.br\/n\/uploads\/2021\/09\/suno-logo.png\",\"contentUrl\":\"https:\/\/files.sunoresearch.com.br\/n\/uploads\/2021\/09\/suno-logo.png\",\"width\":180,\"height\":180,\"caption\":\"Suno Not\u00edcias\"},\"image\":{\"@id\":\"https:\/\/www.suno.com.br\/noticias\/#\/schema\/logo\/image\/\"},\"sameAs\":[\"https:\/\/facebook.com\/sunoresearch\",\"https:\/\/x.com\/sunoresearch\",\"https:\/\/www.instagram.com\/suno\",\"https:\/\/www.linkedin.com\/company\/suno-research\/\",\"https:\/\/www.youtube.com\/c\/sunoresearch\"]},{\"@type\":\"Person\",\"@id\":\"https:\/\/www.suno.com.br\/noticias\/#\/schema\/person\/098743caeed97b37f51315c9576c4078\",\"name\":\"Rafael Lara\",\"image\":{\"@type\":\"ImageObject\",\"inLanguage\":\"pt-BR\",\"@id\":\"https:\/\/www.suno.com.br\/noticias\/#\/schema\/person\/image\/\",\"url\":\"https:\/\/secure.gravatar.com\/avatar\/dfc254ab9bb2ea1895d98b9e9dae4bdd?s=96&r=g\",\"contentUrl\":\"https:\/\/secure.gravatar.com\/avatar\/dfc254ab9bb2ea1895d98b9e9dae4bdd?s=96&r=g\",\"caption\":\"Rafael Lara\"},\"description\":\"Rafael Lara cursa jornalismo na Faculdade C\u00e1sper L\u00edbero. Escreve sobre pol\u00edtica, economia e neg\u00f3cios para o portal Suno Not\u00edcias. Antes, colaborou na TV Gazeta na produ\u00e7\u00e3o do programa Edi\u00e7\u00e3o Extra.\",\"url\":\"https:\/\/www.suno.com.br\/noticias\/author\/rafael\/\"}]}<\/script>\n<!-- \/ Yoast SEO plugin. -->","yoast_head_json":{"title":"Flybondi aumenta n\u00famero de v\u00f4os para Florian\u00f3polis e Rio de Janeiro","description":"A Flybondi aumentou o n\u00famero de v\u00f4os conectando Buenos Aires a Florian\u00f3polis (SC) e Rio de Janeiro (RJ). Clique aqui para saber mais.","robots":{"index":"index","follow":"follow","max-snippet":"max-snippet:-1","max-image-preview":"max-image-preview:large","max-video-preview":"max-video-preview:-1"},"canonical":"https:\/\/www.suno.com.br\/noticias\/flybondi-aumenta-florianopolis-rio-de-janeiro\/","og_locale":"pt_BR","og_type":"article","og_title":"Flybondi aumenta n\u00famero de v\u00f4os para Florian\u00f3polis e Rio de Janeiro","og_description":"A Flybondi aumentou o n\u00famero de v\u00f4os conectando Buenos Aires a Florian\u00f3polis (SC) e Rio de Janeiro (RJ). Clique aqui para saber mais.","og_url":"https:\/\/www.suno.com.br\/noticias\/flybondi-aumenta-florianopolis-rio-de-janeiro\/","og_site_name":"Suno Not\u00edcias","article_publisher":"https:\/\/facebook.com\/sunoresearch","og_image":[{"width":1000,"height":500,"url":"https:\/\/files.sunoresearch.com.br\/n\/uploads\/2019\/07\/9b27142d-flybondi.jpg","type":"image\/jpeg"}],"author":"Rafael Lara","twitter_card":"summary_large_image","twitter_creator":"@sunoresearch","twitter_site":"@sunoresearch","twitter_misc":{"Escrito por":"Rafael Lara","Est. tempo de leitura":"2 minutos"},"schema":{"@context":"https:\/\/schema.org","@graph":[{"@type":"NewsArticle","@id":"https:\/\/www.suno.com.br\/noticias\/flybondi-aumenta-florianopolis-rio-de-janeiro\/#article","isPartOf":{"@id":"https:\/\/www.suno.com.br\/noticias\/flybondi-aumenta-florianopolis-rio-de-janeiro\/"},"author":{"name":"Rafael Lara","@id":"https:\/\/www.suno.com.br\/noticias\/#\/schema\/person\/098743caeed97b37f51315c9576c4078"},"headline":"Flybondi aumenta n\u00famero de v\u00f4os para Florian\u00f3polis e Rio de Janeiro","datePublished":"2019-10-22T23:32:00+00:00","mainEntityOfPage":{"@id":"https:\/\/www.suno.com.br\/noticias\/flybondi-aumenta-florianopolis-rio-de-janeiro\/"},"wordCount":376,"publisher":{"@id":"https:\/\/www.suno.com.br\/noticias\/#organization"},"image":{"@id":"https:\/\/www.suno.com.br\/noticias\/flybondi-aumenta-florianopolis-rio-de-janeiro\/#primaryimage"},"thumbnailUrl":"https:\/\/files.sunoresearch.com.br\/n\/uploads\/2019\/07\/9b27142d-flybondi-jpg.webp","keywords":["Flybondi","Rio de Janeiro"],"articleSection":["Neg\u00f3cios"],"inLanguage":"pt-BR"},{"@type":"WebPage","@id":"https:\/\/www.suno.com.br\/noticias\/flybondi-aumenta-florianopolis-rio-de-janeiro\/","url":"https:\/\/www.suno.com.br\/noticias\/flybondi-aumenta-florianopolis-rio-de-janeiro\/","name":"Flybondi aumenta n\u00famero de v\u00f4os para Florian\u00f3polis e Rio de Janeiro","isPartOf":{"@id":"https:\/\/www.suno.com.br\/noticias\/#website"},"primaryImageOfPage":{"@id":"https:\/\/www.suno.com.br\/noticias\/flybondi-aumenta-florianopolis-rio-de-janeiro\/#primaryimage"},"image":{"@id":"https:\/\/www.suno.com.br\/noticias\/flybondi-aumenta-florianopolis-rio-de-janeiro\/#primaryimage"},"thumbnailUrl":"https:\/\/files.sunoresearch.com.br\/n\/uploads\/2019\/07\/9b27142d-flybondi-jpg.webp","datePublished":"2019-10-22T23:32:00+00:00","description":"A Flybondi aumentou o n\u00famero de v\u00f4os conectando Buenos Aires a Florian\u00f3polis (SC) e Rio de Janeiro (RJ). Clique aqui para saber mais.","breadcrumb":{"@id":"https:\/\/www.suno.com.br\/noticias\/flybondi-aumenta-florianopolis-rio-de-janeiro\/#breadcrumb"},"inLanguage":"pt-BR","potentialAction":[{"@type":"ReadAction","target":["https:\/\/www.suno.com.br\/noticias\/flybondi-aumenta-florianopolis-rio-de-janeiro\/"]}]},{"@type":"ImageObject","inLanguage":"pt-BR","@id":"https:\/\/www.suno.com.br\/noticias\/flybondi-aumenta-florianopolis-rio-de-janeiro\/#primaryimage","url":"https:\/\/files.sunoresearch.com.br\/n\/uploads\/2019\/07\/9b27142d-flybondi-jpg.webp","contentUrl":"https:\/\/files.sunoresearch.com.br\/n\/uploads\/2019\/07\/9b27142d-flybondi-jpg.webp","width":1000,"height":500,"caption":"Flybondi aumenta n\u00famero de v\u00f4os para Florian\u00f3polis e Rio de Janeiro"},{"@type":"BreadcrumbList","@id":"https:\/\/www.suno.com.br\/noticias\/flybondi-aumenta-florianopolis-rio-de-janeiro\/#breadcrumb","itemListElement":[{"@type":"ListItem","position":1,"name":"Not\u00edcias","item":"https:\/\/www.suno.com.br\/noticias\/"},{"@type":"ListItem","position":2,"name":"Neg\u00f3cios","item":"https:\/\/www.suno.com.br\/noticias\/negocios\/"},{"@type":"ListItem","position":3,"name":"Flybondi aumenta n\u00famero de v\u00f4os para Florian\u00f3polis e Rio de Janeiro"}]},{"@type":"WebSite","@id":"https:\/\/www.suno.com.br\/noticias\/#website","url":"https:\/\/www.suno.com.br\/noticias\/","name":"Suno Not\u00edcias","description":"Seu portal de informa\u00e7\u00e3o sobre o mundo dos investimentos","publisher":{"@id":"https:\/\/www.suno.com.br\/noticias\/#organization"},"potentialAction":[{"@type":"SearchAction","target":{"@type":"EntryPoint","urlTemplate":"https:\/\/www.suno.com.br\/noticias\/?s={search_term_string}"},"query-input":{"@type":"PropertyValueSpecification","valueRequired":true,"valueName":"search_term_string"}}],"inLanguage":"pt-BR"},{"@type":"Organization","@id":"https:\/\/www.suno.com.br\/noticias\/#organization","name":"Suno Not\u00edcias","url":"https:\/\/www.suno.com.br\/noticias\/","logo":{"@type":"ImageObject","inLanguage":"pt-BR","@id":"https:\/\/www.suno.com.br\/noticias\/#\/schema\/logo\/image\/","url":"https:\/\/files.sunoresearch.com.br\/n\/uploads\/2021\/09\/suno-logo.png","contentUrl":"https:\/\/files.sunoresearch.com.br\/n\/uploads\/2021\/09\/suno-logo.png","width":180,"height":180,"caption":"Suno Not\u00edcias"},"image":{"@id":"https:\/\/www.suno.com.br\/noticias\/#\/schema\/logo\/image\/"},"sameAs":["https:\/\/facebook.com\/sunoresearch","https:\/\/x.com\/sunoresearch","https:\/\/www.instagram.com\/suno","https:\/\/www.linkedin.com\/company\/suno-research\/","https:\/\/www.youtube.com\/c\/sunoresearch"]},{"@type":"Person","@id":"https:\/\/www.suno.com.br\/noticias\/#\/schema\/person\/098743caeed97b37f51315c9576c4078","name":"Rafael Lara","image":{"@type":"ImageObject","inLanguage":"pt-BR","@id":"https:\/\/www.suno.com.br\/noticias\/#\/schema\/person\/image\/","url":"https:\/\/secure.gravatar.com\/avatar\/dfc254ab9bb2ea1895d98b9e9dae4bdd?s=96&r=g","contentUrl":"https:\/\/secure.gravatar.com\/avatar\/dfc254ab9bb2ea1895d98b9e9dae4bdd?s=96&r=g","caption":"Rafael Lara"},"description":"Rafael Lara cursa jornalismo na Faculdade C\u00e1sper L\u00edbero. Escreve sobre pol\u00edtica, economia e neg\u00f3cios para o portal Suno Not\u00edcias. Antes, colaborou na TV Gazeta na produ\u00e7\u00e3o do programa Edi\u00e7\u00e3o Extra.","url":"https:\/\/www.suno.com.br\/noticias\/author\/rafael\/"}]}},"default_loop_html":"<div class=\"cardsPage__listCard__boxs\"><div class=\"cardsPage__listCard__boxs__img\"><a href=\"https:\/\/www.suno.com.br\/noticias\/flybondi-aumenta-florianopolis-rio-de-janeiro\/\"><img class=\"mask\" src=\"https:\/\/www.suno.com.br\/noticias\/wp-content\/themes\/suno\/resources\/images\/spotlight\/spotlight1img\/bg-mask.png\" alt=\"Image Mask\"\/><img src=\"https:\/\/files.sunoresearch.com.br\/n\/uploads\/2019\/07\/9b27142d-flybondi-400x200.webp\" alt=\"Flybondi aumenta n\u00famero de v\u00f4os para Florian\u00f3polis e Rio de Janeiro\"\/><\/a><span class=\"spotlightCategory\"><a href=\"https:\/\/www.suno.com.br\/noticias\/negocios\/\">Neg\u00f3cios<\/a><\/span><\/div><div class=\"cardsPage__listCard__boxs__content\"><a href=\"https:\/\/www.suno.com.br\/noticias\/flybondi-aumenta-florianopolis-rio-de-janeiro\/\"><h2 class=\"content__title\">Flybondi aumenta n\u00famero de v\u00f4os para Florian\u00f3polis e Rio de Janeiro<\/h2><\/a><div class=\"newsContent__article__meta\"><div class=\"newsContent__article__meta__authorBox\"><a href=\"https:\/\/www.suno.com.br\/noticias\/author\/rafael\/\" class=\"authorBox__avatar noMobi\"><img src=\"https:\/\/secure.gravatar.com\/avatar\/dfc254ab9bb2ea1895d98b9e9dae4bdd?s=96&#038;r=g\" alt=\"Rafael Lara\"><\/a><div class=\"authorBox__name\"><span>por\n\t\t\t<a href=\"https:\/\/www.suno.com.br\/noticias\/author\/rafael\/\"><span itemprop=\"author\">Rafael Lara<\/span><\/a><\/span><time datetime=\"2019-10-22T21:32:00-03:00\" itemprop=\"datePublished\">22\/10\/2019 21:32<\/time><\/div><\/div><\/div><\/div><\/div>","single_layout":"posts","amp_enabled":true,"_links":{"self":[{"href":"https:\/\/www.suno.com.br\/noticias\/wp-json\/wp\/v2\/posts\/42012"}],"collection":[{"href":"https:\/\/www.suno.com.br\/noticias\/wp-json\/wp\/v2\/posts"}],"about":[{"href":"https:\/\/www.suno.com.br\/noticias\/wp-json\/wp\/v2\/types\/post"}],"author":[{"embeddable":true,"href":"https:\/\/www.suno.com.br\/noticias\/wp-json\/wp\/v2\/users\/23"}],"replies":[{"embeddable":true,"href":"https:\/\/www.suno.com.br\/noticias\/wp-json\/wp\/v2\/comments?post=42012"}],"version-history":[{"count":0,"href":"https:\/\/www.suno.com.br\/noticias\/wp-json\/wp\/v2\/posts\/42012\/revisions"}],"wp:featuredmedia":[{"embeddable":true,"href":"https:\/\/www.suno.com.br\/noticias\/wp-json\/wp\/v2\/media\/29886"}],"wp:attachment":[{"href":"https:\/\/www.suno.com.br\/noticias\/wp-json\/wp\/v2\/media?parent=42012"}],"wp:term":[{"taxonomy":"category","embeddable":true,"href":"https:\/\/www.suno.com.br\/noticias\/wp-json\/wp\/v2\/categories?post=42012"},{"taxonomy":"post_tag","embeddable":true,"href":"https:\/\/www.suno.com.br\/noticias\/wp-json\/wp\/v2\/tags?post=42012"},{"taxonomy":"suno_strategy","embeddable":true,"href":"https:\/\/www.suno.com.br\/noticias\/wp-json\/wp\/v2\/suno_strategy?post=42012"}],"curies":[{"name":"wp","href":"https:\/\/api.w.org\/{rel}","templated":true}]}}