{"id":420031,"date":"2023-06-22T11:40:43","date_gmt":"2023-06-22T14:40:43","guid":{"rendered":"https:\/\/www.suno.com.br\/noticias\/?p=420031"},"modified":"2023-06-22T15:31:07","modified_gmt":"2023-06-22T18:31:07","slug":"braskem-brkm5-explosao-polo-abc","status":"publish","type":"post","link":"https:\/\/www.suno.com.br\/noticias\/braskem-brkm5-explosao-polo-abc\/","title":{"rendered":"Polo da Braskem (BRKM5) no ABC sofre explos\u00e3o e inc\u00eandio de grandes propor\u00e7\u00f5es; fogo deixa um  morto e 5 feridos"},"content":{"rendered":"<p>O Polo Petroqu\u00edmico do ABC Paulista da <a class=\"suno-keyword\" data-force=\"yes\" data-priority=\"2\" href=\"https:\/\/www.suno.com.br\/acoes\/BRKM5\/\" target=\"_blank\" rel=\"noopener\"><strong>Braskem <\/strong>(BRKM5)<\/a> sofreu uma explos\u00e3o num tanque em manuten\u00e7\u00e3o nesta quinta-feira (22). O acidente resultou em um inc\u00eandio de grandes propor\u00e7\u00f5es, conforme informado pela Pol\u00edcia Militar do Estado de S\u00e3o Paulo. A explos\u00e3o aconteceu hoje por volta das 9h20 horas da manh\u00e3. Cinco pessoas ficaram feridas e uma v\u00edtima morreu.<\/p>\t<div class=\"wrapper-featured-image\">\n\t\t<figure class=\"spotlightImg\">\n\n\t\t\t<picture>\n\t\t\t\t<source media=\"(max-width: 768px)\" srcset=\"https:\/\/files.sunoresearch.com.br\/n\/uploads\/2023\/06\/braskem-brkm5-polo-petroquimico-abc-explosao-1-400x200.jpg\">\n\t\t\t\t<img loading=\"lazy\" decoding=\"async\" class=\"newsContent__article__imgCapa lazyloadDisabled \" src=\"https:\/\/files.sunoresearch.com.br\/n\/uploads\/2023\/06\/braskem-brkm5-polo-petroquimico-abc-explosao-1-800x450.jpg\" width=\"800\" height=\"450\" alt=\"Polo da Braskem (BRKM5) no ABC sofre explos\u00e3o e inc\u00eandio de grandes propor\u00e7\u00f5es; fogo deixa um  morto e 5 feridos\" fetchpriority=high \/>\n\t\t\t<\/picture>\n\n\t\t\t<figcaption class=\"wp-caption-text wp-caption-text--show\">Braskem - Foto: Reprodu\u00e7\u00e3o\/ Twitter<\/figcaption>\n\t\t<\/figure>\n\t<\/div>\n\n\n\n\n\n\n\t<div data-element=\"shortcode-read-more\" class=\"readToo\">\n\t\t\t\t<span class=\"readToo__title\">Leia mais<\/span>\n\t\t\t\t<ul class=\"readToo__list\">\n\t\t\t<li><a href=\"https:\/\/www.suno.com.br\/noticias\/destaques-petrobras-petr4-assai-via-viia3\/\">Petrobras (PETR4), Assa\u00ed (ASAI3) e Via (VIIA3) movimentam mercado financeiro; veja destaques<\/a><\/li><li><a href=\"https:\/\/www.suno.com.br\/noticias\/dividendos-5-acoes-pagadoras-acima-selic\/\">Dividendos: Veja 5 a\u00e7\u00f5es que pagam proventos acima da Selic<\/a><\/li>\t\t<\/ul>\n\t<\/div>\n\n\n\n\n<p>Uma das v\u00edtimas \u00e9 um funcion\u00e1rio da Braskem. Foi levado para o Hospital S\u00e3o Matheus, mas n\u00e3o resistiu.  Outras est\u00e3o sendo socorridas em hospitais da regi\u00e3o. O helic\u00f3ptero \u00c1guia foi acionado para o transporte e retirada dos feridos do <strong>polo petroqu\u00edmico<\/strong> de Santo Andr\u00e9, S\u00e3o Paulo.<\/p>\n\n\n\n<p>Entre os feridos, dois apresentaram ferimentos leves.<\/p>\n\n\n\n<p>O fogo havia sido controlado ainda no per\u00edodo da manh\u00e3 e as causas ainda estavam sendo investigadas pela Braskem.<\/p>\n\n\n\n<p>Em nota, a empresa disse que o tanque estava em manuten\u00e7\u00e3o e a brigada de emerg\u00eancia do polo industrial foi acionada assim que o inc\u00eandio come\u00e7ou, juntamente com o Corpo de Bombeiros, que seguiu fazendo o controle das chamas.<\/p>\n\n\n\n<p>Todas as pessoas que estavam na f\u00e1brica foram retiradas do local por seguran\u00e7a e a empresa est\u00e1 em contato com as fam\u00edlias das v\u00edtimas para prestar o apoio necess\u00e1rio.<\/p>\n\n\n\n<p>A Tenenge, que presta servi\u00e7o para a Braskem, explicou que ocorria uma atividade de pintura no momento do acidente. Os cinco feridos s\u00e3o integrantes da empresa. &#8220;Com imenso pesar, confirmamos que lamentavelmente um deles veio a \u00f3bito no final desta manh\u00e3, apesar de todos os esfor\u00e7os realizados pela equipe m\u00e9dica no local e na instala\u00e7\u00e3o hospitalar, para onde o funcion\u00e1rio foi encaminhado com o apoio do Corpo de Bombeiros&#8221;, informou em nota.<\/p>\n\n\n\n<p>E acrescentou: &#8220;A Tenenge, atrav\u00e9s de suas equipes especializadas, segue focada no apoio \u00e0s v\u00edtimas, seus familiares e colaborando com os agentes p\u00fablicos no local.&#8221;<\/p>\n\n\n\n<p>A Braskem informou em um comunicado que &#8220;providenciou a evacua\u00e7\u00e3o imediata do local&#8221;. <\/p>\n\n\n\n<p>&#8220;Vale ressaltar que os \u00f3rg\u00e3os t\u00e9cnicos competentes j\u00e1 foram comunicados&#8221;, adicionou a empresa sobre a <strong>explos\u00e3o<\/strong>.<\/p>\n\n\n\n<p>A <strong>Braskem <\/strong>tamb\u00e9m afirmou que ainda est\u00e1 acompanhando as v\u00edtimas e em contato com seus familiares, &#8220;para prestar todo apoio necess\u00e1rio&#8221;.<\/p>\n\n\n\n<p><em>Com informa\u00e7\u00f5es de Estad\u00e3o Conte\u00fado.<\/em><\/p>\n","protected":false},"excerpt":{"rendered":"<p>O Polo Petroqu\u00edmico do ABC Paulista da Braskem (BRKM5) sofreu uma explos\u00e3o num tanque em manuten\u00e7\u00e3o nesta quinta-feira (22). O acidente resultou em um inc\u00eandio de grandes propor\u00e7\u00f5es, conforme informado pela Pol\u00edcia Militar do Estado de S\u00e3o Paulo. A explos\u00e3o aconteceu hoje por volta das 9h20 horas da manh\u00e3. Cinco pessoas ficaram feridas e uma [&hellip;]<\/p>\n","protected":false},"author":283,"featured_media":420051,"comment_status":"closed","ping_status":"closed","sticky":false,"template":"","format":"standard","meta":[],"categories":[64],"tags":[395],"suno_strategy":[],"class_list":["post-420031","post","type-post","status-publish","format-standard","has-post-thumbnail","hentry","category-negocios","tag-braskem-brkm3-brkm5-brkm6"],"yoast_head":"<!-- This site is optimized with the Yoast SEO plugin v24.4 - https:\/\/yoast.com\/wordpress\/plugins\/seo\/ -->\n<title>Polo da Braskem (BRKM5) no ABC sofre explos\u00e3o e inc\u00eandio, com v\u00edtimas<\/title>\n<meta name=\"description\" content=\"Nesta quinta-feira (22), \u00e0s 9h, o Polo Petroqu\u00edmico da Braskem (BRKM5) sofreu uma explos\u00e3o e inc\u00eandio, com feridos.\" \/>\n<meta name=\"robots\" content=\"index, follow, max-snippet:-1, max-image-preview:large, max-video-preview:-1\" \/>\n<link rel=\"canonical\" href=\"https:\/\/www.suno.com.br\/noticias\/braskem-brkm5-explosao-polo-abc\/\" \/>\n<meta property=\"og:locale\" content=\"pt_BR\" \/>\n<meta property=\"og:type\" content=\"article\" \/>\n<meta property=\"og:title\" content=\"Polo da Braskem (BRKM5) no ABC sofre explos\u00e3o e inc\u00eandio, com v\u00edtimas\" \/>\n<meta property=\"og:description\" content=\"Nesta quinta-feira (22), \u00e0s 9h, o Polo Petroqu\u00edmico da Braskem (BRKM5) sofreu uma explos\u00e3o e inc\u00eandio, com feridos.\" \/>\n<meta property=\"og:url\" content=\"https:\/\/www.suno.com.br\/noticias\/braskem-brkm5-explosao-polo-abc\/\" \/>\n<meta property=\"og:site_name\" content=\"Suno Not\u00edcias\" \/>\n<meta property=\"article:publisher\" content=\"https:\/\/facebook.com\/sunoresearch\" \/>\n<meta property=\"og:image\" content=\"https:\/\/files.sunoresearch.com.br\/n\/uploads\/2023\/06\/braskem-brkm5-polo-petroquimico-abc-explosao-1.jpg\" \/>\n\t<meta property=\"og:image:width\" content=\"1200\" \/>\n\t<meta property=\"og:image:height\" content=\"800\" \/>\n\t<meta property=\"og:image:type\" content=\"image\/jpeg\" \/>\n<meta name=\"author\" content=\"Camila Paim\" \/>\n<meta name=\"twitter:card\" content=\"summary_large_image\" \/>\n<meta name=\"twitter:creator\" content=\"@sunoresearch\" \/>\n<meta name=\"twitter:site\" content=\"@sunoresearch\" \/>\n<meta name=\"twitter:label1\" content=\"Escrito por\" \/>\n\t<meta name=\"twitter:data1\" content=\"Camila Paim\" \/>\n\t<meta name=\"twitter:label2\" content=\"Est. tempo de leitura\" \/>\n\t<meta name=\"twitter:data2\" content=\"2 minutos\" \/>\n<script type=\"application\/ld+json\" class=\"yoast-schema-graph\">{\"@context\":\"https:\/\/schema.org\",\"@graph\":[{\"@type\":\"NewsArticle\",\"@id\":\"https:\/\/www.suno.com.br\/noticias\/braskem-brkm5-explosao-polo-abc\/#article\",\"isPartOf\":{\"@id\":\"https:\/\/www.suno.com.br\/noticias\/braskem-brkm5-explosao-polo-abc\/\"},\"author\":{\"name\":\"Camila Paim\",\"@id\":\"https:\/\/www.suno.com.br\/noticias\/#\/schema\/person\/f341d3ae5d1cc685176c9a5327cdfdbb\"},\"headline\":\"Polo da Braskem (BRKM5) no ABC sofre explos\u00e3o e inc\u00eandio de grandes propor\u00e7\u00f5es; fogo deixa um morto e 5 feridos\",\"datePublished\":\"2023-06-22T14:40:43+00:00\",\"dateModified\":\"2023-06-22T18:31:07+00:00\",\"mainEntityOfPage\":{\"@id\":\"https:\/\/www.suno.com.br\/noticias\/braskem-brkm5-explosao-polo-abc\/\"},\"wordCount\":416,\"publisher\":{\"@id\":\"https:\/\/www.suno.com.br\/noticias\/#organization\"},\"image\":{\"@id\":\"https:\/\/www.suno.com.br\/noticias\/braskem-brkm5-explosao-polo-abc\/#primaryimage\"},\"thumbnailUrl\":\"https:\/\/files.sunoresearch.com.br\/n\/uploads\/2023\/06\/braskem-brkm5-polo-petroquimico-abc-explosao-1.jpg\",\"keywords\":[\"Braskem (BRKM3\/BRKM5\/BRKM6)\"],\"articleSection\":[\"Neg\u00f3cios\"],\"inLanguage\":\"pt-BR\"},{\"@type\":\"WebPage\",\"@id\":\"https:\/\/www.suno.com.br\/noticias\/braskem-brkm5-explosao-polo-abc\/\",\"url\":\"https:\/\/www.suno.com.br\/noticias\/braskem-brkm5-explosao-polo-abc\/\",\"name\":\"Polo da Braskem (BRKM5) no ABC sofre explos\u00e3o e inc\u00eandio, com v\u00edtimas\",\"isPartOf\":{\"@id\":\"https:\/\/www.suno.com.br\/noticias\/#website\"},\"primaryImageOfPage\":{\"@id\":\"https:\/\/www.suno.com.br\/noticias\/braskem-brkm5-explosao-polo-abc\/#primaryimage\"},\"image\":{\"@id\":\"https:\/\/www.suno.com.br\/noticias\/braskem-brkm5-explosao-polo-abc\/#primaryimage\"},\"thumbnailUrl\":\"https:\/\/files.sunoresearch.com.br\/n\/uploads\/2023\/06\/braskem-brkm5-polo-petroquimico-abc-explosao-1.jpg\",\"datePublished\":\"2023-06-22T14:40:43+00:00\",\"dateModified\":\"2023-06-22T18:31:07+00:00\",\"description\":\"Nesta quinta-feira (22), \u00e0s 9h, o Polo Petroqu\u00edmico da Braskem (BRKM5) sofreu uma explos\u00e3o e inc\u00eandio, com feridos.\",\"breadcrumb\":{\"@id\":\"https:\/\/www.suno.com.br\/noticias\/braskem-brkm5-explosao-polo-abc\/#breadcrumb\"},\"inLanguage\":\"pt-BR\",\"potentialAction\":[{\"@type\":\"ReadAction\",\"target\":[\"https:\/\/www.suno.com.br\/noticias\/braskem-brkm5-explosao-polo-abc\/\"]}]},{\"@type\":\"ImageObject\",\"inLanguage\":\"pt-BR\",\"@id\":\"https:\/\/www.suno.com.br\/noticias\/braskem-brkm5-explosao-polo-abc\/#primaryimage\",\"url\":\"https:\/\/files.sunoresearch.com.br\/n\/uploads\/2023\/06\/braskem-brkm5-polo-petroquimico-abc-explosao-1.jpg\",\"contentUrl\":\"https:\/\/files.sunoresearch.com.br\/n\/uploads\/2023\/06\/braskem-brkm5-polo-petroquimico-abc-explosao-1.jpg\",\"width\":1200,\"height\":800,\"caption\":\"Braskem - Foto: Reprodu\u00e7\u00e3o\/ Twitter\"},{\"@type\":\"BreadcrumbList\",\"@id\":\"https:\/\/www.suno.com.br\/noticias\/braskem-brkm5-explosao-polo-abc\/#breadcrumb\",\"itemListElement\":[{\"@type\":\"ListItem\",\"position\":1,\"name\":\"Not\u00edcias\",\"item\":\"https:\/\/www.suno.com.br\/noticias\/\"},{\"@type\":\"ListItem\",\"position\":2,\"name\":\"Neg\u00f3cios\",\"item\":\"https:\/\/www.suno.com.br\/noticias\/negocios\/\"},{\"@type\":\"ListItem\",\"position\":3,\"name\":\"Polo da Braskem (BRKM5) no ABC sofre explos\u00e3o e inc\u00eandio de grandes propor\u00e7\u00f5es; fogo deixa um morto e 5 feridos\"}]},{\"@type\":\"WebSite\",\"@id\":\"https:\/\/www.suno.com.br\/noticias\/#website\",\"url\":\"https:\/\/www.suno.com.br\/noticias\/\",\"name\":\"Suno Not\u00edcias\",\"description\":\"Seu portal de informa\u00e7\u00e3o sobre o mundo dos investimentos\",\"publisher\":{\"@id\":\"https:\/\/www.suno.com.br\/noticias\/#organization\"},\"potentialAction\":[{\"@type\":\"SearchAction\",\"target\":{\"@type\":\"EntryPoint\",\"urlTemplate\":\"https:\/\/www.suno.com.br\/noticias\/?s={search_term_string}\"},\"query-input\":{\"@type\":\"PropertyValueSpecification\",\"valueRequired\":true,\"valueName\":\"search_term_string\"}}],\"inLanguage\":\"pt-BR\"},{\"@type\":\"Organization\",\"@id\":\"https:\/\/www.suno.com.br\/noticias\/#organization\",\"name\":\"Suno Not\u00edcias\",\"url\":\"https:\/\/www.suno.com.br\/noticias\/\",\"logo\":{\"@type\":\"ImageObject\",\"inLanguage\":\"pt-BR\",\"@id\":\"https:\/\/www.suno.com.br\/noticias\/#\/schema\/logo\/image\/\",\"url\":\"https:\/\/files.sunoresearch.com.br\/n\/uploads\/2021\/09\/suno-logo.png\",\"contentUrl\":\"https:\/\/files.sunoresearch.com.br\/n\/uploads\/2021\/09\/suno-logo.png\",\"width\":180,\"height\":180,\"caption\":\"Suno Not\u00edcias\"},\"image\":{\"@id\":\"https:\/\/www.suno.com.br\/noticias\/#\/schema\/logo\/image\/\"},\"sameAs\":[\"https:\/\/facebook.com\/sunoresearch\",\"https:\/\/x.com\/sunoresearch\",\"https:\/\/www.instagram.com\/suno\",\"https:\/\/www.linkedin.com\/company\/suno-research\/\",\"https:\/\/www.youtube.com\/c\/sunoresearch\"]},{\"@type\":\"Person\",\"@id\":\"https:\/\/www.suno.com.br\/noticias\/#\/schema\/person\/f341d3ae5d1cc685176c9a5327cdfdbb\",\"name\":\"Camila Paim\",\"image\":{\"@type\":\"ImageObject\",\"inLanguage\":\"pt-BR\",\"@id\":\"https:\/\/www.suno.com.br\/noticias\/#\/schema\/person\/image\/\",\"url\":\"https:\/\/secure.gravatar.com\/avatar\/f33728e65febb1aa7ecf6792956f9b20?s=96&r=g\",\"contentUrl\":\"https:\/\/secure.gravatar.com\/avatar\/f33728e65febb1aa7ecf6792956f9b20?s=96&r=g\",\"caption\":\"Camila Paim\"},\"description\":\"Jornalista formada pela USP, tem experi\u00eancia em reda\u00e7\u00f5es, SEO, Branded Content e Webdesign. Com passagem pelo Jornal da USP, Empiricus e C6 Bank, hoje \u00e9 rep\u00f3rter no Suno Not\u00edcias cobrindo macroeconomia, finan\u00e7as pessoais e startups.\",\"url\":\"https:\/\/www.suno.com.br\/noticias\/author\/camila-figueiredosuno-com-br\/\"}]}<\/script>\n<!-- \/ Yoast SEO plugin. -->","yoast_head_json":{"title":"Polo da Braskem (BRKM5) no ABC sofre explos\u00e3o e inc\u00eandio, com v\u00edtimas","description":"Nesta quinta-feira (22), \u00e0s 9h, o Polo Petroqu\u00edmico da Braskem (BRKM5) sofreu uma explos\u00e3o e inc\u00eandio, com feridos.","robots":{"index":"index","follow":"follow","max-snippet":"max-snippet:-1","max-image-preview":"max-image-preview:large","max-video-preview":"max-video-preview:-1"},"canonical":"https:\/\/www.suno.com.br\/noticias\/braskem-brkm5-explosao-polo-abc\/","og_locale":"pt_BR","og_type":"article","og_title":"Polo da Braskem (BRKM5) no ABC sofre explos\u00e3o e inc\u00eandio, com v\u00edtimas","og_description":"Nesta quinta-feira (22), \u00e0s 9h, o Polo Petroqu\u00edmico da Braskem (BRKM5) sofreu uma explos\u00e3o e inc\u00eandio, com feridos.","og_url":"https:\/\/www.suno.com.br\/noticias\/braskem-brkm5-explosao-polo-abc\/","og_site_name":"Suno Not\u00edcias","article_publisher":"https:\/\/facebook.com\/sunoresearch","og_image":[{"width":1200,"height":800,"url":"https:\/\/files.sunoresearch.com.br\/n\/uploads\/2023\/06\/braskem-brkm5-polo-petroquimico-abc-explosao-1.jpg","type":"image\/jpeg"}],"author":"Camila Paim","twitter_card":"summary_large_image","twitter_creator":"@sunoresearch","twitter_site":"@sunoresearch","twitter_misc":{"Escrito por":"Camila Paim","Est. tempo de leitura":"2 minutos"},"schema":{"@context":"https:\/\/schema.org","@graph":[{"@type":"NewsArticle","@id":"https:\/\/www.suno.com.br\/noticias\/braskem-brkm5-explosao-polo-abc\/#article","isPartOf":{"@id":"https:\/\/www.suno.com.br\/noticias\/braskem-brkm5-explosao-polo-abc\/"},"author":{"name":"Camila Paim","@id":"https:\/\/www.suno.com.br\/noticias\/#\/schema\/person\/f341d3ae5d1cc685176c9a5327cdfdbb"},"headline":"Polo da Braskem (BRKM5) no ABC sofre explos\u00e3o e inc\u00eandio de grandes propor\u00e7\u00f5es; fogo deixa um morto e 5 feridos","datePublished":"2023-06-22T14:40:43+00:00","dateModified":"2023-06-22T18:31:07+00:00","mainEntityOfPage":{"@id":"https:\/\/www.suno.com.br\/noticias\/braskem-brkm5-explosao-polo-abc\/"},"wordCount":416,"publisher":{"@id":"https:\/\/www.suno.com.br\/noticias\/#organization"},"image":{"@id":"https:\/\/www.suno.com.br\/noticias\/braskem-brkm5-explosao-polo-abc\/#primaryimage"},"thumbnailUrl":"https:\/\/files.sunoresearch.com.br\/n\/uploads\/2023\/06\/braskem-brkm5-polo-petroquimico-abc-explosao-1.jpg","keywords":["Braskem (BRKM3\/BRKM5\/BRKM6)"],"articleSection":["Neg\u00f3cios"],"inLanguage":"pt-BR"},{"@type":"WebPage","@id":"https:\/\/www.suno.com.br\/noticias\/braskem-brkm5-explosao-polo-abc\/","url":"https:\/\/www.suno.com.br\/noticias\/braskem-brkm5-explosao-polo-abc\/","name":"Polo da Braskem (BRKM5) no ABC sofre explos\u00e3o e inc\u00eandio, com v\u00edtimas","isPartOf":{"@id":"https:\/\/www.suno.com.br\/noticias\/#website"},"primaryImageOfPage":{"@id":"https:\/\/www.suno.com.br\/noticias\/braskem-brkm5-explosao-polo-abc\/#primaryimage"},"image":{"@id":"https:\/\/www.suno.com.br\/noticias\/braskem-brkm5-explosao-polo-abc\/#primaryimage"},"thumbnailUrl":"https:\/\/files.sunoresearch.com.br\/n\/uploads\/2023\/06\/braskem-brkm5-polo-petroquimico-abc-explosao-1.jpg","datePublished":"2023-06-22T14:40:43+00:00","dateModified":"2023-06-22T18:31:07+00:00","description":"Nesta quinta-feira (22), \u00e0s 9h, o Polo Petroqu\u00edmico da Braskem (BRKM5) sofreu uma explos\u00e3o e inc\u00eandio, com feridos.","breadcrumb":{"@id":"https:\/\/www.suno.com.br\/noticias\/braskem-brkm5-explosao-polo-abc\/#breadcrumb"},"inLanguage":"pt-BR","potentialAction":[{"@type":"ReadAction","target":["https:\/\/www.suno.com.br\/noticias\/braskem-brkm5-explosao-polo-abc\/"]}]},{"@type":"ImageObject","inLanguage":"pt-BR","@id":"https:\/\/www.suno.com.br\/noticias\/braskem-brkm5-explosao-polo-abc\/#primaryimage","url":"https:\/\/files.sunoresearch.com.br\/n\/uploads\/2023\/06\/braskem-brkm5-polo-petroquimico-abc-explosao-1.jpg","contentUrl":"https:\/\/files.sunoresearch.com.br\/n\/uploads\/2023\/06\/braskem-brkm5-polo-petroquimico-abc-explosao-1.jpg","width":1200,"height":800,"caption":"Braskem - Foto: Reprodu\u00e7\u00e3o\/ Twitter"},{"@type":"BreadcrumbList","@id":"https:\/\/www.suno.com.br\/noticias\/braskem-brkm5-explosao-polo-abc\/#breadcrumb","itemListElement":[{"@type":"ListItem","position":1,"name":"Not\u00edcias","item":"https:\/\/www.suno.com.br\/noticias\/"},{"@type":"ListItem","position":2,"name":"Neg\u00f3cios","item":"https:\/\/www.suno.com.br\/noticias\/negocios\/"},{"@type":"ListItem","position":3,"name":"Polo da Braskem (BRKM5) no ABC sofre explos\u00e3o e inc\u00eandio de grandes propor\u00e7\u00f5es; fogo deixa um morto e 5 feridos"}]},{"@type":"WebSite","@id":"https:\/\/www.suno.com.br\/noticias\/#website","url":"https:\/\/www.suno.com.br\/noticias\/","name":"Suno Not\u00edcias","description":"Seu portal de informa\u00e7\u00e3o sobre o mundo dos investimentos","publisher":{"@id":"https:\/\/www.suno.com.br\/noticias\/#organization"},"potentialAction":[{"@type":"SearchAction","target":{"@type":"EntryPoint","urlTemplate":"https:\/\/www.suno.com.br\/noticias\/?s={search_term_string}"},"query-input":{"@type":"PropertyValueSpecification","valueRequired":true,"valueName":"search_term_string"}}],"inLanguage":"pt-BR"},{"@type":"Organization","@id":"https:\/\/www.suno.com.br\/noticias\/#organization","name":"Suno Not\u00edcias","url":"https:\/\/www.suno.com.br\/noticias\/","logo":{"@type":"ImageObject","inLanguage":"pt-BR","@id":"https:\/\/www.suno.com.br\/noticias\/#\/schema\/logo\/image\/","url":"https:\/\/files.sunoresearch.com.br\/n\/uploads\/2021\/09\/suno-logo.png","contentUrl":"https:\/\/files.sunoresearch.com.br\/n\/uploads\/2021\/09\/suno-logo.png","width":180,"height":180,"caption":"Suno Not\u00edcias"},"image":{"@id":"https:\/\/www.suno.com.br\/noticias\/#\/schema\/logo\/image\/"},"sameAs":["https:\/\/facebook.com\/sunoresearch","https:\/\/x.com\/sunoresearch","https:\/\/www.instagram.com\/suno","https:\/\/www.linkedin.com\/company\/suno-research\/","https:\/\/www.youtube.com\/c\/sunoresearch"]},{"@type":"Person","@id":"https:\/\/www.suno.com.br\/noticias\/#\/schema\/person\/f341d3ae5d1cc685176c9a5327cdfdbb","name":"Camila Paim","image":{"@type":"ImageObject","inLanguage":"pt-BR","@id":"https:\/\/www.suno.com.br\/noticias\/#\/schema\/person\/image\/","url":"https:\/\/secure.gravatar.com\/avatar\/f33728e65febb1aa7ecf6792956f9b20?s=96&r=g","contentUrl":"https:\/\/secure.gravatar.com\/avatar\/f33728e65febb1aa7ecf6792956f9b20?s=96&r=g","caption":"Camila Paim"},"description":"Jornalista formada pela USP, tem experi\u00eancia em reda\u00e7\u00f5es, SEO, Branded Content e Webdesign. Com passagem pelo Jornal da USP, Empiricus e C6 Bank, hoje \u00e9 rep\u00f3rter no Suno Not\u00edcias cobrindo macroeconomia, finan\u00e7as pessoais e startups.","url":"https:\/\/www.suno.com.br\/noticias\/author\/camila-figueiredosuno-com-br\/"}]}},"default_loop_html":"<div class=\"cardsPage__listCard__boxs\"><div class=\"cardsPage__listCard__boxs__img\"><a href=\"https:\/\/www.suno.com.br\/noticias\/braskem-brkm5-explosao-polo-abc\/\"><img class=\"mask\" src=\"https:\/\/www.suno.com.br\/noticias\/wp-content\/themes\/suno\/resources\/images\/spotlight\/spotlight1img\/bg-mask.png\" alt=\"Image Mask\"\/><img src=\"https:\/\/files.sunoresearch.com.br\/n\/uploads\/2023\/06\/braskem-brkm5-polo-petroquimico-abc-explosao-1-400x200.jpg\" alt=\"Polo da Braskem (BRKM5) no ABC sofre explos\u00e3o e inc\u00eandio de grandes propor\u00e7\u00f5es; fogo deixa um  morto e 5 feridos\"\/><\/a><span class=\"spotlightCategory\"><a href=\"https:\/\/www.suno.com.br\/noticias\/negocios\/\">Neg\u00f3cios<\/a><\/span><\/div><div class=\"cardsPage__listCard__boxs__content\"><a href=\"https:\/\/www.suno.com.br\/noticias\/braskem-brkm5-explosao-polo-abc\/\"><h2 class=\"content__title\">Polo da Braskem (BRKM5) no ABC sofre explos\u00e3o e inc\u00eandio de grandes propor\u00e7\u00f5es; fogo deixa um  morto e 5 feridos<\/h2><\/a><div class=\"newsContent__article__meta\"><div class=\"newsContent__article__meta__authorBox\"><a href=\"https:\/\/www.suno.com.br\/noticias\/author\/eduardo-vargas\/\" class=\"authorBox__avatar noMobi\"><img src=\"https:\/\/secure.gravatar.com\/avatar\/dac340933427a22924c9f99d1eb2e3f2?s=96&#038;r=g\" alt=\"Eduardo Vargas\"><\/a><div class=\"authorBox__name\"><span>por\n\t\t\t<a href=\"https:\/\/www.suno.com.br\/noticias\/author\/eduardo-vargas\/\"><span itemprop=\"author\">Eduardo Vargas<\/span><\/a><\/span><time datetime=\"2023-06-22T11:40:43-03:00\" itemprop=\"datePublished\">22\/06\/2023 11:40<\/time><\/div><\/div><\/div><\/div><\/div>","single_layout":"posts","amp_enabled":true,"_links":{"self":[{"href":"https:\/\/www.suno.com.br\/noticias\/wp-json\/wp\/v2\/posts\/420031"}],"collection":[{"href":"https:\/\/www.suno.com.br\/noticias\/wp-json\/wp\/v2\/posts"}],"about":[{"href":"https:\/\/www.suno.com.br\/noticias\/wp-json\/wp\/v2\/types\/post"}],"author":[{"embeddable":true,"href":"https:\/\/www.suno.com.br\/noticias\/wp-json\/wp\/v2\/users\/283"}],"replies":[{"embeddable":true,"href":"https:\/\/www.suno.com.br\/noticias\/wp-json\/wp\/v2\/comments?post=420031"}],"version-history":[{"count":2,"href":"https:\/\/www.suno.com.br\/noticias\/wp-json\/wp\/v2\/posts\/420031\/revisions"}],"predecessor-version":[{"id":420200,"href":"https:\/\/www.suno.com.br\/noticias\/wp-json\/wp\/v2\/posts\/420031\/revisions\/420200"}],"wp:featuredmedia":[{"embeddable":true,"href":"https:\/\/www.suno.com.br\/noticias\/wp-json\/wp\/v2\/media\/420051"}],"wp:attachment":[{"href":"https:\/\/www.suno.com.br\/noticias\/wp-json\/wp\/v2\/media?parent=420031"}],"wp:term":[{"taxonomy":"category","embeddable":true,"href":"https:\/\/www.suno.com.br\/noticias\/wp-json\/wp\/v2\/categories?post=420031"},{"taxonomy":"post_tag","embeddable":true,"href":"https:\/\/www.suno.com.br\/noticias\/wp-json\/wp\/v2\/tags?post=420031"},{"taxonomy":"suno_strategy","embeddable":true,"href":"https:\/\/www.suno.com.br\/noticias\/wp-json\/wp\/v2\/suno_strategy?post=420031"}],"curies":[{"name":"wp","href":"https:\/\/api.w.org\/{rel}","templated":true}]}}