{"id":419875,"date":"2023-06-21T22:40:58","date_gmt":"2023-06-22T01:40:58","guid":{"rendered":"https:\/\/www.suno.com.br\/noticias\/?p=419875"},"modified":"2023-06-21T22:41:02","modified_gmt":"2023-06-22T01:41:02","slug":"arcabouco-fiscal-texto-aprovado-senado","status":"publish","type":"post","link":"https:\/\/www.suno.com.br\/noticias\/arcabouco-fiscal-texto-aprovado-senado\/","title":{"rendered":"Arcabou\u00e7o fiscal: Senado aprova projeto por 57 votos a 17; texto volta \u00e0 C\u00e2mara com mudan\u00e7as"},"content":{"rendered":"<p>Os senadores aprovaram nesta quarta-feira, 21, o projeto do novo <strong>arcabou\u00e7o fiscal<\/strong>, que define regras para a substitui\u00e7\u00e3o do atual <a class=\"suno-keyword\" target=\"_blank\" data-force=\"no\" data-priority=\"1\" href=\"https:\/\/www.suno.com.br\/artigos\/teto-de-gastos\/\" rel=\"noopener\">teto de gastos<\/a>, com objetivo de evitar o descontrole das contas p\u00fablicas. Foram 57 votos a favor e 17 contra, sem nenhuma absten\u00e7\u00e3o &#8211; com folga em rela\u00e7\u00e3o aos 41 que eram necess\u00e1rios para a aprova\u00e7\u00e3o.<\/p>\t<div class=\"wrapper-featured-image\">\n\t\t<figure class=\"spotlightImg\">\n\n\t\t\t<picture>\n\t\t\t\t<source media=\"(max-width: 768px)\" srcset=\"https:\/\/files.sunoresearch.com.br\/n\/uploads\/2022\/01\/15472110202_f32ba4d0d5_o-400x200.jpg\">\n\t\t\t\t<img loading=\"lazy\" decoding=\"async\" class=\"newsContent__article__imgCapa lazyloadDisabled \" src=\"https:\/\/files.sunoresearch.com.br\/n\/uploads\/2022\/01\/15472110202_f32ba4d0d5_o-800x450.jpg\" width=\"800\" height=\"450\" alt=\"Arcabou\u00e7o fiscal: Senado aprova projeto por 57 votos a 17; texto volta \u00e0 C\u00e2mara com mudan\u00e7as\" fetchpriority=high \/>\n\t\t\t<\/picture>\n\n\t\t\t<figcaption class=\"wp-caption-text wp-caption-text--show\">Senado: compras internacionais. Foto: Jefferson Rudy\/Ag\u00eancia Senado\n<\/figcaption>\n\t\t<\/figure>\n\t<\/div>\n\n\n\n\n\n\t<p>\n\t\t<a href=\"\" target=\"_blank\" data-element=\"shortcode-suno-banner\" title=\"Banner SUNO, clique e saiba mais\">\n\t\t\t<picture>\n\t\t\t\t<source media=\"(max-width: 500px)\" srcset=\"\">\n\t\t\t\t<img class=\"newsContent__article__imgCapa newsContent__article__imgCapa--banner\"\n\t\t\t\t\tsrc=\"\"\n\t\t\t\t\tdata-promo-id=\"240038\"\t\t\t\t\t\t\t\t\t\t\t\t\t\t\talt=\"\"\n\t\t\t\t>\n\t\t\t<\/picture>\n\t\t<\/a>\n\t<\/p>\n\n\n\n\n\n\n\n<p>Todos os destaques &#8211; sugest\u00f5es de mudan\u00e7as ao <strong>texto-base do arcabou\u00e7o fiscal<\/strong> &#8211; foram rejeitados. Como houve altera\u00e7\u00f5es no Senado, a proposta volta para a C\u00e2mara, que pode revert\u00ea-las. Os deputados s\u00f3 devem analisar o assunto, contudo, na primeira semana de julho.<\/p>\n\n\n\n<p>Mais cedo, o <strong>texto do arcabou\u00e7o fiscal<\/strong> j\u00e1 havia passado pelo crivo da Comiss\u00e3o de Assuntos Econ\u00f4micos (CAE). Depois, no plen\u00e1rio, em uma articula\u00e7\u00e3o de \u00faltima hora, o relator do projeto, Omar Aziz (PSD-AM), atendeu a um apelo do <strong>Minist\u00e9rio do Planejamento<\/strong> e acatou uma emenda do l\u00edder do governo no Congresso, Randolfe Rodrigues (sem partido-AP), que foi incorporada ao texto-base.<\/p>\n\n\n\n<p>O dispositivo permite incluir no<strong> Or\u00e7amento de 2024<\/strong> a previs\u00e3o de despesas chamadas de &#8220;condicionadas&#8221;, ou seja, que s\u00f3 seriam executadas ap\u00f3s aprova\u00e7\u00e3o de cr\u00e9dito extraordin\u00e1rio pelo Congresso, evitando corte de despesas no envio do Or\u00e7amento.<\/p>\n\n\n\n<h2 class=\"wp-block-heading\">Limite para despesas condicionadas<\/h2>\n\n\n\n<p>O limite para essas despesas condicionadas ser\u00e1 a diferen\u00e7a entre o \u00cdndice de Pre\u00e7os ao Consumidor Amplo (IPCA), a <a class=\"suno-keyword\" target=\"_blank\" data-force=\"no\" data-priority=\"2\" href=\"https:\/\/www.suno.com.br\/artigos\/inflacao\/\" rel=\"noopener\">infla\u00e7\u00e3o oficial<\/a> do Pa\u00eds, acumulado nos 12 meses at\u00e9 junho, e o realizado at\u00e9 dezembro do ano anterior.<\/p>\n\n\n\n<p>A ministra do Planejamento, <strong>Simone Tebet<\/strong>, defendeu ativamente a emenda, mais cedo, em reuni\u00e3o de comiss\u00f5es da C\u00e2mara dos Deputados. Ela tamb\u00e9m passou pelo <strong>plen\u00e1rio do Senado<\/strong>.<\/p>\n\n\n\n<p>&#8220;\u00c9 criar uma despesa condicionada na nossa <strong>LDO<\/strong> e, principalmente, na nossa LOA (Lei Or\u00e7ament\u00e1ria Anual), cujos valores e minist\u00e9rios ser\u00e3o de responsabilidade da C\u00e2mara, porque n\u00f3s vamos colocar como (despesa) discricion\u00e1ria (n\u00e3o obrigat\u00f3ria, como investimentos), exatamente para que todos os parlamentares tenham a liberdade para alocar no Minist\u00e9rio dos Transportes, Infraestrutura e tudo mais&#8221;, declarou Tebet.<\/p>\n\n\n\n<p>Aziz j\u00e1 havia tentado aumentar o <strong>limite de despesas do governo<\/strong> no pr\u00f3ximo ano, mas com uma mudan\u00e7a no per\u00edodo de c\u00e1lculo do IPCA que servir\u00e1 de refer\u00eancia para o aumento de gastos. Essa proposta do Senado foi rejeitada pelo presidente da C\u00e2mara, Arthur Lira (PP-AL), e pelo relator do texto na Casa, Claudio Cajado (PP-BA).<\/p>\n\n\n\n<p>O <strong>texto enviado pela Fazenda<\/strong> considerava para o c\u00e1lculo da infla\u00e7\u00e3o o valor oficial do indicador de janeiro a junho de 2023 mais a proje\u00e7\u00e3o da infla\u00e7\u00e3o de julho at\u00e9 dezembro. Como h\u00e1 tend\u00eancia de acelera\u00e7\u00e3o neste ano, isso poderia aumentar o n\u00edvel de despesas em 2024.<\/p>\n\n\n\n<p>Na C\u00e2mara, os deputados fixaram essa janela de julho do ano anterior a junho do ano vigente, retomando a atual regra e que, neste ciclo, seria menos favor\u00e1vel ao governo. No Senado, foi cogitada a possibilidade de mudar para dezembro do ano anterior a novembro do ano vigente, porque isso permitiria a atualiza\u00e7\u00e3o com valores oficiais no teto da lei fiscal.<\/p>\n\n\n\t<p>\n\t\t<a href=\"https:\/\/lp.suno.com.br\/ebook-gratuito-investindo-no-exterior\/\" target=\"_blank\" data-element=\"shortcode-suno-banner\" title=\"Banner SUNO, clique e saiba mais\">\n\t\t\t<picture>\n\t\t\t\t<source media=\"(max-width: 500px)\" srcset=\"https:\/\/files.sunoresearch.com.br\/n\/uploads\/2023\/03\/400x300-Investindo-no-exterior.png\">\n\t\t\t\t<img class=\"newsContent__article__imgCapa newsContent__article__imgCapa--banner\"\n\t\t\t\t\tsrc=\"https:\/\/files.sunoresearch.com.br\/n\/uploads\/2023\/03\/1420x240-Investindo-no-exterior.png\"\n\t\t\t\t\tdata-promo-id=\"383161\"\t\t\t\t\t\t\t\t\t\twidth='1420' height='240'\t\t\t\t\talt=\"https:\/\/files.sunoresearch.com.br\/n\/uploads\/2023\/03\/1420x240-Investindo-no-exterior.png\"\n\t\t\t\t>\n\t\t\t<\/picture>\n\t\t<\/a>\n\t<\/p>\n\n\n\n\n\n<h2 class=\"wp-block-heading\">Arcabou\u00e7o fiscal: exce\u00e7\u00f5es<\/h2>\n\n\n\n<p>Na CAE, antes de o texto ir a plen\u00e1rio, Aziz promoveu mudan\u00e7as em rela\u00e7\u00e3o ao que havia sido aprovado na C\u00e2mara. Ele j\u00e1 havia retirado do limite de gastos o Fundo de Manuten\u00e7\u00e3o e Desenvolvimento da Educa\u00e7\u00e3o B\u00e1sica e de Valoriza\u00e7\u00e3o dos Profissionais da Educa\u00e7\u00e3o (Fundeb), o Fundo Constitucional do Distrito Federal (FCDF) e despesas com ci\u00eancia, tecnologia e inova\u00e7\u00e3o. Nesta quarta-feira, tamb\u00e9m incluiu um dispositivo que torna mais natural a inclus\u00e3o de privatiza\u00e7\u00f5es e a venda de ativos em programas de <a class=\"suno-keyword\" target=\"_blank\" data-force=\"no\" data-priority=\"1\" href=\"https:\/\/www.suno.com.br\/artigos\/ajuste-fiscal\/\" rel=\"noopener\">ajuste fiscal<\/a>.<\/p>\n\n\n\n<p>Como o FCDF entrou na lista das exclus\u00f5es, Aziz manteve a sistem\u00e1tica de atualiza\u00e7\u00e3o do fundo como \u00e9 atualmente. Ele ainda acatou a sugest\u00e3o para a cria\u00e7\u00e3o de um Comit\u00ea de Moderniza\u00e7\u00e3o Fiscal, com a participa\u00e7\u00e3o dos minist\u00e9rios da Fazenda e Planejamento, Tribunal de Contas da Uni\u00e3o (TCU) e representantes da C\u00e2mara e Senado.<\/p>\n\n\n\n<p>O <strong>arcabou\u00e7o fiscal <\/strong>foi enviado pela Fazenda ao Congresso em abril, e<a href=\"https:\/\/www.suno.com.br\/noticias\/arcabouco-fiscal-camara-deputados-texto-base-aprovacao\/\"> aprovado pela C\u00e2mara<\/a> em maio. A proposta substitui o atual <a class=\"suno-keyword\" target=\"_blank\" data-force=\"no\" data-priority=\"1\" href=\"https:\/\/www.suno.com.br\/artigos\/teto-de-gastos\/\" rel=\"noopener\">teto de gastos<\/a>, com regras mais flex\u00edveis para as despesas do governo. Pelo projeto, os gastos s\u00f3 poder\u00e3o crescer em at\u00e9 70% do aumento da receita, dentro do intervalo de 0,6% a 2,5% acima da infla\u00e7\u00e3o. Ou seja, as despesas sempre crescer\u00e3o menos que as receitas, para evitar um descontrole das contas p\u00fablicas.<\/p>\n\n\n\n<p><em>Com Estad\u00e3o Conte\u00fado<\/em><\/p>\n\n\n\t<p>\n\t\t<a href=\"https:\/\/lp.suno.com.br\/suno-one\/?utm_campaign=_SNC6964518A_\" target=\"_blank\" data-element=\"shortcode-suno-banner\" title=\"Banner SUNO, clique e saiba mais\">\n\t\t\t<picture>\n\t\t\t\t<source media=\"(max-width: 500px)\" srcset=\"https:\/\/files.sunoresearch.com.br\/n\/uploads\/2025\/09\/400x300-Suno-One-png.webp\">\n\t\t\t\t<img class=\"newsContent__article__imgCapa newsContent__article__imgCapa--banner\"\n\t\t\t\t\tsrc=\"https:\/\/files.sunoresearch.com.br\/n\/uploads\/2025\/09\/1420x240-Suno-One-png.webp\"\n\t\t\t\t\tdata-promo-id=\"383121\"\t\t\t\t\t\t\t\t\t\twidth='1420' height='240'\t\t\t\t\talt=\"https:\/\/files.sunoresearch.com.br\/n\/uploads\/2025\/09\/1420x240-Suno-One-png.webp\"\n\t\t\t\t>\n\t\t\t<\/picture>\n\t\t<\/a>\n\t<\/p>\n\n\n","protected":false},"excerpt":{"rendered":"<p>Os senadores aprovaram nesta quarta-feira, 21, o projeto do novo arcabou\u00e7o fiscal, que define regras para a substitui\u00e7\u00e3o do atual teto de gastos, com objetivo de evitar o descontrole das contas p\u00fablicas. Foram 57 votos a favor e 17 contra, sem nenhuma absten\u00e7\u00e3o &#8211; com folga em rela\u00e7\u00e3o aos 41 que eram necess\u00e1rios para a [&hellip;]<\/p>\n","protected":false},"author":43,"featured_media":223460,"comment_status":"closed","ping_status":"closed","sticky":false,"template":"","format":"standard","meta":[],"categories":[64],"tags":[1068,83329],"suno_strategy":[],"class_list":["post-419875","post","type-post","status-publish","format-standard","has-post-thumbnail","hentry","category-negocios","tag-senado-federal","tag-teto-de-gastos"],"yoast_head":"<!-- This site is optimized with the Yoast SEO plugin v24.4 - https:\/\/yoast.com\/wordpress\/plugins\/seo\/ -->\n<title>Arcabou\u00e7o fiscal: Senado aprova projeto por 57 votos a 17<\/title>\n<meta name=\"description\" content=\"Os senadores aprovaram nesta quarta o projeto do novo arcabou\u00e7o fiscal, que define regras para a substitui\u00e7\u00e3o do atual teto de gastos\" \/>\n<meta name=\"robots\" content=\"index, follow, max-snippet:-1, max-image-preview:large, max-video-preview:-1\" \/>\n<link rel=\"canonical\" href=\"https:\/\/www.suno.com.br\/noticias\/arcabouco-fiscal-texto-aprovado-senado\/\" \/>\n<meta property=\"og:locale\" content=\"pt_BR\" \/>\n<meta property=\"og:type\" content=\"article\" \/>\n<meta property=\"og:title\" content=\"Arcabou\u00e7o fiscal: Senado aprova projeto por 57 votos a 17\" \/>\n<meta property=\"og:description\" content=\"Os senadores aprovaram nesta quarta o projeto do novo arcabou\u00e7o fiscal, que define regras para a substitui\u00e7\u00e3o do atual teto de gastos\" \/>\n<meta property=\"og:url\" content=\"https:\/\/www.suno.com.br\/noticias\/arcabouco-fiscal-texto-aprovado-senado\/\" \/>\n<meta property=\"og:site_name\" content=\"Suno Not\u00edcias\" \/>\n<meta property=\"article:publisher\" content=\"https:\/\/facebook.com\/sunoresearch\" \/>\n<meta property=\"article:author\" content=\"https:\/\/www.facebook.com\/sunonoticias\/\" \/>\n<meta property=\"og:image\" content=\"https:\/\/files.sunoresearch.com.br\/n\/uploads\/2022\/01\/15472110202_f32ba4d0d5_o-scaled.jpg\" \/>\n\t<meta property=\"og:image:width\" content=\"2560\" \/>\n\t<meta property=\"og:image:height\" content=\"1705\" \/>\n\t<meta property=\"og:image:type\" content=\"image\/jpeg\" \/>\n<meta name=\"author\" content=\"Reda\u00e7\u00e3o Suno Not\u00edcias\" \/>\n<meta name=\"twitter:card\" content=\"summary_large_image\" \/>\n<meta name=\"twitter:creator\" content=\"@https:\/\/twitter.com\/sunoresearch\" \/>\n<meta name=\"twitter:site\" content=\"@sunoresearch\" \/>\n<meta name=\"twitter:label1\" content=\"Escrito por\" \/>\n\t<meta name=\"twitter:data1\" content=\"Reda\u00e7\u00e3o Suno Not\u00edcias\" \/>\n\t<meta name=\"twitter:label2\" content=\"Est. tempo de leitura\" \/>\n\t<meta name=\"twitter:data2\" content=\"4 minutos\" \/>\n<script type=\"application\/ld+json\" class=\"yoast-schema-graph\">{\"@context\":\"https:\/\/schema.org\",\"@graph\":[{\"@type\":\"NewsArticle\",\"@id\":\"https:\/\/www.suno.com.br\/noticias\/arcabouco-fiscal-texto-aprovado-senado\/#article\",\"isPartOf\":{\"@id\":\"https:\/\/www.suno.com.br\/noticias\/arcabouco-fiscal-texto-aprovado-senado\/\"},\"author\":{\"name\":\"Reda\u00e7\u00e3o Suno Not\u00edcias\",\"@id\":\"https:\/\/www.suno.com.br\/noticias\/#\/schema\/person\/c1b1bd3727fa852bd045e9dbff3673ea\"},\"headline\":\"Arcabou\u00e7o fiscal: Senado aprova projeto por 57 votos a 17; texto volta \u00e0 C\u00e2mara com mudan\u00e7as\",\"datePublished\":\"2023-06-22T01:40:58+00:00\",\"dateModified\":\"2023-06-22T01:41:02+00:00\",\"mainEntityOfPage\":{\"@id\":\"https:\/\/www.suno.com.br\/noticias\/arcabouco-fiscal-texto-aprovado-senado\/\"},\"wordCount\":812,\"publisher\":{\"@id\":\"https:\/\/www.suno.com.br\/noticias\/#organization\"},\"image\":{\"@id\":\"https:\/\/www.suno.com.br\/noticias\/arcabouco-fiscal-texto-aprovado-senado\/#primaryimage\"},\"thumbnailUrl\":\"https:\/\/files.sunoresearch.com.br\/n\/uploads\/2022\/01\/15472110202_f32ba4d0d5_o-scaled.jpg\",\"keywords\":[\"Senado Federal\",\"teto de gastos\"],\"articleSection\":[\"Neg\u00f3cios\"],\"inLanguage\":\"pt-BR\"},{\"@type\":\"WebPage\",\"@id\":\"https:\/\/www.suno.com.br\/noticias\/arcabouco-fiscal-texto-aprovado-senado\/\",\"url\":\"https:\/\/www.suno.com.br\/noticias\/arcabouco-fiscal-texto-aprovado-senado\/\",\"name\":\"Arcabou\u00e7o fiscal: Senado aprova projeto por 57 votos a 17\",\"isPartOf\":{\"@id\":\"https:\/\/www.suno.com.br\/noticias\/#website\"},\"primaryImageOfPage\":{\"@id\":\"https:\/\/www.suno.com.br\/noticias\/arcabouco-fiscal-texto-aprovado-senado\/#primaryimage\"},\"image\":{\"@id\":\"https:\/\/www.suno.com.br\/noticias\/arcabouco-fiscal-texto-aprovado-senado\/#primaryimage\"},\"thumbnailUrl\":\"https:\/\/files.sunoresearch.com.br\/n\/uploads\/2022\/01\/15472110202_f32ba4d0d5_o-scaled.jpg\",\"datePublished\":\"2023-06-22T01:40:58+00:00\",\"dateModified\":\"2023-06-22T01:41:02+00:00\",\"description\":\"Os senadores aprovaram nesta quarta o projeto do novo arcabou\u00e7o fiscal, que define regras para a substitui\u00e7\u00e3o do atual teto de gastos\",\"breadcrumb\":{\"@id\":\"https:\/\/www.suno.com.br\/noticias\/arcabouco-fiscal-texto-aprovado-senado\/#breadcrumb\"},\"inLanguage\":\"pt-BR\",\"potentialAction\":[{\"@type\":\"ReadAction\",\"target\":[\"https:\/\/www.suno.com.br\/noticias\/arcabouco-fiscal-texto-aprovado-senado\/\"]}]},{\"@type\":\"ImageObject\",\"inLanguage\":\"pt-BR\",\"@id\":\"https:\/\/www.suno.com.br\/noticias\/arcabouco-fiscal-texto-aprovado-senado\/#primaryimage\",\"url\":\"https:\/\/files.sunoresearch.com.br\/n\/uploads\/2022\/01\/15472110202_f32ba4d0d5_o-scaled.jpg\",\"contentUrl\":\"https:\/\/files.sunoresearch.com.br\/n\/uploads\/2022\/01\/15472110202_f32ba4d0d5_o-scaled.jpg\",\"width\":2560,\"height\":1705,\"caption\":\"Senado: compras internacionais. Foto: Jefferson Rudy\/Ag\u00eancia Senado\"},{\"@type\":\"BreadcrumbList\",\"@id\":\"https:\/\/www.suno.com.br\/noticias\/arcabouco-fiscal-texto-aprovado-senado\/#breadcrumb\",\"itemListElement\":[{\"@type\":\"ListItem\",\"position\":1,\"name\":\"Not\u00edcias\",\"item\":\"https:\/\/www.suno.com.br\/noticias\/\"},{\"@type\":\"ListItem\",\"position\":2,\"name\":\"Neg\u00f3cios\",\"item\":\"https:\/\/www.suno.com.br\/noticias\/negocios\/\"},{\"@type\":\"ListItem\",\"position\":3,\"name\":\"Arcabou\u00e7o fiscal: Senado aprova projeto por 57 votos a 17; texto volta \u00e0 C\u00e2mara com mudan\u00e7as\"}]},{\"@type\":\"WebSite\",\"@id\":\"https:\/\/www.suno.com.br\/noticias\/#website\",\"url\":\"https:\/\/www.suno.com.br\/noticias\/\",\"name\":\"Suno Not\u00edcias\",\"description\":\"Seu portal de informa\u00e7\u00e3o sobre o mundo dos investimentos\",\"publisher\":{\"@id\":\"https:\/\/www.suno.com.br\/noticias\/#organization\"},\"potentialAction\":[{\"@type\":\"SearchAction\",\"target\":{\"@type\":\"EntryPoint\",\"urlTemplate\":\"https:\/\/www.suno.com.br\/noticias\/?s={search_term_string}\"},\"query-input\":{\"@type\":\"PropertyValueSpecification\",\"valueRequired\":true,\"valueName\":\"search_term_string\"}}],\"inLanguage\":\"pt-BR\"},{\"@type\":\"Organization\",\"@id\":\"https:\/\/www.suno.com.br\/noticias\/#organization\",\"name\":\"Suno Not\u00edcias\",\"url\":\"https:\/\/www.suno.com.br\/noticias\/\",\"logo\":{\"@type\":\"ImageObject\",\"inLanguage\":\"pt-BR\",\"@id\":\"https:\/\/www.suno.com.br\/noticias\/#\/schema\/logo\/image\/\",\"url\":\"https:\/\/files.sunoresearch.com.br\/n\/uploads\/2021\/09\/suno-logo.png\",\"contentUrl\":\"https:\/\/files.sunoresearch.com.br\/n\/uploads\/2021\/09\/suno-logo.png\",\"width\":180,\"height\":180,\"caption\":\"Suno Not\u00edcias\"},\"image\":{\"@id\":\"https:\/\/www.suno.com.br\/noticias\/#\/schema\/logo\/image\/\"},\"sameAs\":[\"https:\/\/facebook.com\/sunoresearch\",\"https:\/\/x.com\/sunoresearch\",\"https:\/\/www.instagram.com\/suno\",\"https:\/\/www.linkedin.com\/company\/suno-research\/\",\"https:\/\/www.youtube.com\/c\/sunoresearch\"]},{\"@type\":\"Person\",\"@id\":\"https:\/\/www.suno.com.br\/noticias\/#\/schema\/person\/c1b1bd3727fa852bd045e9dbff3673ea\",\"name\":\"Reda\u00e7\u00e3o Suno Not\u00edcias\",\"image\":{\"@type\":\"ImageObject\",\"inLanguage\":\"pt-BR\",\"@id\":\"https:\/\/www.suno.com.br\/noticias\/#\/schema\/person\/image\/\",\"url\":\"https:\/\/secure.gravatar.com\/avatar\/b8104b9b5a71985d5238ee59fbe418af?s=96&r=g\",\"contentUrl\":\"https:\/\/secure.gravatar.com\/avatar\/b8104b9b5a71985d5238ee59fbe418af?s=96&r=g\",\"caption\":\"Reda\u00e7\u00e3o Suno Not\u00edcias\"},\"description\":\"O Suno Not\u00edcias \u00e9 um portal de informa\u00e7\u00f5es sobre Mercado Financeiro, Pol\u00edtica, Neg\u00f3cios, Economia e Finan\u00e7as Pessoais.\",\"sameAs\":[\"https:\/\/www.suno.com.br\/noticias\",\"https:\/\/www.facebook.com\/sunonoticias\/\",\"https:\/\/www.instagram.com\/sunonoticias\/\",\"https:\/\/x.com\/https:\/\/twitter.com\/sunoresearch\",\"https:\/\/www.youtube.com\/sunonoticias\"],\"url\":\"https:\/\/www.suno.com.br\/noticias\/author\/redacao-suno\/\"}]}<\/script>\n<!-- \/ Yoast SEO plugin. -->","yoast_head_json":{"title":"Arcabou\u00e7o fiscal: Senado aprova projeto por 57 votos a 17","description":"Os senadores aprovaram nesta quarta o projeto do novo arcabou\u00e7o fiscal, que define regras para a substitui\u00e7\u00e3o do atual teto de gastos","robots":{"index":"index","follow":"follow","max-snippet":"max-snippet:-1","max-image-preview":"max-image-preview:large","max-video-preview":"max-video-preview:-1"},"canonical":"https:\/\/www.suno.com.br\/noticias\/arcabouco-fiscal-texto-aprovado-senado\/","og_locale":"pt_BR","og_type":"article","og_title":"Arcabou\u00e7o fiscal: Senado aprova projeto por 57 votos a 17","og_description":"Os senadores aprovaram nesta quarta o projeto do novo arcabou\u00e7o fiscal, que define regras para a substitui\u00e7\u00e3o do atual teto de gastos","og_url":"https:\/\/www.suno.com.br\/noticias\/arcabouco-fiscal-texto-aprovado-senado\/","og_site_name":"Suno Not\u00edcias","article_publisher":"https:\/\/facebook.com\/sunoresearch","article_author":"https:\/\/www.facebook.com\/sunonoticias\/","og_image":[{"width":2560,"height":1705,"url":"https:\/\/files.sunoresearch.com.br\/n\/uploads\/2022\/01\/15472110202_f32ba4d0d5_o-scaled.jpg","type":"image\/jpeg"}],"author":"Reda\u00e7\u00e3o Suno Not\u00edcias","twitter_card":"summary_large_image","twitter_creator":"@https:\/\/twitter.com\/sunoresearch","twitter_site":"@sunoresearch","twitter_misc":{"Escrito por":"Reda\u00e7\u00e3o Suno Not\u00edcias","Est. tempo de leitura":"4 minutos"},"schema":{"@context":"https:\/\/schema.org","@graph":[{"@type":"NewsArticle","@id":"https:\/\/www.suno.com.br\/noticias\/arcabouco-fiscal-texto-aprovado-senado\/#article","isPartOf":{"@id":"https:\/\/www.suno.com.br\/noticias\/arcabouco-fiscal-texto-aprovado-senado\/"},"author":{"name":"Reda\u00e7\u00e3o Suno Not\u00edcias","@id":"https:\/\/www.suno.com.br\/noticias\/#\/schema\/person\/c1b1bd3727fa852bd045e9dbff3673ea"},"headline":"Arcabou\u00e7o fiscal: Senado aprova projeto por 57 votos a 17; texto volta \u00e0 C\u00e2mara com mudan\u00e7as","datePublished":"2023-06-22T01:40:58+00:00","dateModified":"2023-06-22T01:41:02+00:00","mainEntityOfPage":{"@id":"https:\/\/www.suno.com.br\/noticias\/arcabouco-fiscal-texto-aprovado-senado\/"},"wordCount":812,"publisher":{"@id":"https:\/\/www.suno.com.br\/noticias\/#organization"},"image":{"@id":"https:\/\/www.suno.com.br\/noticias\/arcabouco-fiscal-texto-aprovado-senado\/#primaryimage"},"thumbnailUrl":"https:\/\/files.sunoresearch.com.br\/n\/uploads\/2022\/01\/15472110202_f32ba4d0d5_o-scaled.jpg","keywords":["Senado Federal","teto de gastos"],"articleSection":["Neg\u00f3cios"],"inLanguage":"pt-BR"},{"@type":"WebPage","@id":"https:\/\/www.suno.com.br\/noticias\/arcabouco-fiscal-texto-aprovado-senado\/","url":"https:\/\/www.suno.com.br\/noticias\/arcabouco-fiscal-texto-aprovado-senado\/","name":"Arcabou\u00e7o fiscal: Senado aprova projeto por 57 votos a 17","isPartOf":{"@id":"https:\/\/www.suno.com.br\/noticias\/#website"},"primaryImageOfPage":{"@id":"https:\/\/www.suno.com.br\/noticias\/arcabouco-fiscal-texto-aprovado-senado\/#primaryimage"},"image":{"@id":"https:\/\/www.suno.com.br\/noticias\/arcabouco-fiscal-texto-aprovado-senado\/#primaryimage"},"thumbnailUrl":"https:\/\/files.sunoresearch.com.br\/n\/uploads\/2022\/01\/15472110202_f32ba4d0d5_o-scaled.jpg","datePublished":"2023-06-22T01:40:58+00:00","dateModified":"2023-06-22T01:41:02+00:00","description":"Os senadores aprovaram nesta quarta o projeto do novo arcabou\u00e7o fiscal, que define regras para a substitui\u00e7\u00e3o do atual teto de gastos","breadcrumb":{"@id":"https:\/\/www.suno.com.br\/noticias\/arcabouco-fiscal-texto-aprovado-senado\/#breadcrumb"},"inLanguage":"pt-BR","potentialAction":[{"@type":"ReadAction","target":["https:\/\/www.suno.com.br\/noticias\/arcabouco-fiscal-texto-aprovado-senado\/"]}]},{"@type":"ImageObject","inLanguage":"pt-BR","@id":"https:\/\/www.suno.com.br\/noticias\/arcabouco-fiscal-texto-aprovado-senado\/#primaryimage","url":"https:\/\/files.sunoresearch.com.br\/n\/uploads\/2022\/01\/15472110202_f32ba4d0d5_o-scaled.jpg","contentUrl":"https:\/\/files.sunoresearch.com.br\/n\/uploads\/2022\/01\/15472110202_f32ba4d0d5_o-scaled.jpg","width":2560,"height":1705,"caption":"Senado: compras internacionais. Foto: Jefferson Rudy\/Ag\u00eancia Senado"},{"@type":"BreadcrumbList","@id":"https:\/\/www.suno.com.br\/noticias\/arcabouco-fiscal-texto-aprovado-senado\/#breadcrumb","itemListElement":[{"@type":"ListItem","position":1,"name":"Not\u00edcias","item":"https:\/\/www.suno.com.br\/noticias\/"},{"@type":"ListItem","position":2,"name":"Neg\u00f3cios","item":"https:\/\/www.suno.com.br\/noticias\/negocios\/"},{"@type":"ListItem","position":3,"name":"Arcabou\u00e7o fiscal: Senado aprova projeto por 57 votos a 17; texto volta \u00e0 C\u00e2mara com mudan\u00e7as"}]},{"@type":"WebSite","@id":"https:\/\/www.suno.com.br\/noticias\/#website","url":"https:\/\/www.suno.com.br\/noticias\/","name":"Suno Not\u00edcias","description":"Seu portal de informa\u00e7\u00e3o sobre o mundo dos investimentos","publisher":{"@id":"https:\/\/www.suno.com.br\/noticias\/#organization"},"potentialAction":[{"@type":"SearchAction","target":{"@type":"EntryPoint","urlTemplate":"https:\/\/www.suno.com.br\/noticias\/?s={search_term_string}"},"query-input":{"@type":"PropertyValueSpecification","valueRequired":true,"valueName":"search_term_string"}}],"inLanguage":"pt-BR"},{"@type":"Organization","@id":"https:\/\/www.suno.com.br\/noticias\/#organization","name":"Suno Not\u00edcias","url":"https:\/\/www.suno.com.br\/noticias\/","logo":{"@type":"ImageObject","inLanguage":"pt-BR","@id":"https:\/\/www.suno.com.br\/noticias\/#\/schema\/logo\/image\/","url":"https:\/\/files.sunoresearch.com.br\/n\/uploads\/2021\/09\/suno-logo.png","contentUrl":"https:\/\/files.sunoresearch.com.br\/n\/uploads\/2021\/09\/suno-logo.png","width":180,"height":180,"caption":"Suno Not\u00edcias"},"image":{"@id":"https:\/\/www.suno.com.br\/noticias\/#\/schema\/logo\/image\/"},"sameAs":["https:\/\/facebook.com\/sunoresearch","https:\/\/x.com\/sunoresearch","https:\/\/www.instagram.com\/suno","https:\/\/www.linkedin.com\/company\/suno-research\/","https:\/\/www.youtube.com\/c\/sunoresearch"]},{"@type":"Person","@id":"https:\/\/www.suno.com.br\/noticias\/#\/schema\/person\/c1b1bd3727fa852bd045e9dbff3673ea","name":"Reda\u00e7\u00e3o Suno Not\u00edcias","image":{"@type":"ImageObject","inLanguage":"pt-BR","@id":"https:\/\/www.suno.com.br\/noticias\/#\/schema\/person\/image\/","url":"https:\/\/secure.gravatar.com\/avatar\/b8104b9b5a71985d5238ee59fbe418af?s=96&r=g","contentUrl":"https:\/\/secure.gravatar.com\/avatar\/b8104b9b5a71985d5238ee59fbe418af?s=96&r=g","caption":"Reda\u00e7\u00e3o Suno Not\u00edcias"},"description":"O Suno Not\u00edcias \u00e9 um portal de informa\u00e7\u00f5es sobre Mercado Financeiro, Pol\u00edtica, Neg\u00f3cios, Economia e Finan\u00e7as Pessoais.","sameAs":["https:\/\/www.suno.com.br\/noticias","https:\/\/www.facebook.com\/sunonoticias\/","https:\/\/www.instagram.com\/sunonoticias\/","https:\/\/x.com\/https:\/\/twitter.com\/sunoresearch","https:\/\/www.youtube.com\/sunonoticias"],"url":"https:\/\/www.suno.com.br\/noticias\/author\/redacao-suno\/"}]}},"default_loop_html":"<div class=\"cardsPage__listCard__boxs\"><div class=\"cardsPage__listCard__boxs__img\"><a href=\"https:\/\/www.suno.com.br\/noticias\/arcabouco-fiscal-texto-aprovado-senado\/\"><img class=\"mask\" src=\"https:\/\/www.suno.com.br\/noticias\/wp-content\/themes\/suno\/resources\/images\/spotlight\/spotlight1img\/bg-mask.png\" alt=\"Image Mask\"\/><img src=\"https:\/\/files.sunoresearch.com.br\/n\/uploads\/2022\/01\/15472110202_f32ba4d0d5_o-400x200.jpg\" alt=\"Arcabou\u00e7o fiscal: Senado aprova projeto por 57 votos a 17; texto volta \u00e0 C\u00e2mara com mudan\u00e7as\"\/><\/a><span class=\"spotlightCategory\"><a href=\"https:\/\/www.suno.com.br\/noticias\/negocios\/\">Neg\u00f3cios<\/a><\/span><\/div><div class=\"cardsPage__listCard__boxs__content\"><a href=\"https:\/\/www.suno.com.br\/noticias\/arcabouco-fiscal-texto-aprovado-senado\/\"><h2 class=\"content__title\">Arcabou\u00e7o fiscal: Senado aprova projeto por 57 votos a 17; texto volta \u00e0 C\u00e2mara com mudan\u00e7as<\/h2><\/a><div class=\"newsContent__article__meta\"><div class=\"newsContent__article__meta__authorBox\"><a href=\"https:\/\/www.suno.com.br\/noticias\/author\/redacao-suno\/\" class=\"authorBox__avatar noMobi\"><img src=\"https:\/\/files.sunoresearch.com.br\/n\/uploads\/2020\/08\/0ace682d-redacao-1-150x150.webp\" alt=\"Reda\u00e7\u00e3o Suno Not\u00edcias\"><\/a><div class=\"authorBox__name\"><span>por\n\t\t\t<a href=\"https:\/\/www.suno.com.br\/noticias\/author\/redacao-suno\/\"><span itemprop=\"author\">Reda\u00e7\u00e3o Suno Not\u00edcias<\/span><\/a><\/span><time datetime=\"2023-06-21T22:40:58-03:00\" itemprop=\"datePublished\">21\/06\/2023 22:40<\/time><\/div><\/div><\/div><\/div><\/div>","single_layout":"posts","amp_enabled":true,"_links":{"self":[{"href":"https:\/\/www.suno.com.br\/noticias\/wp-json\/wp\/v2\/posts\/419875"}],"collection":[{"href":"https:\/\/www.suno.com.br\/noticias\/wp-json\/wp\/v2\/posts"}],"about":[{"href":"https:\/\/www.suno.com.br\/noticias\/wp-json\/wp\/v2\/types\/post"}],"author":[{"embeddable":true,"href":"https:\/\/www.suno.com.br\/noticias\/wp-json\/wp\/v2\/users\/43"}],"replies":[{"embeddable":true,"href":"https:\/\/www.suno.com.br\/noticias\/wp-json\/wp\/v2\/comments?post=419875"}],"version-history":[{"count":2,"href":"https:\/\/www.suno.com.br\/noticias\/wp-json\/wp\/v2\/posts\/419875\/revisions"}],"predecessor-version":[{"id":419887,"href":"https:\/\/www.suno.com.br\/noticias\/wp-json\/wp\/v2\/posts\/419875\/revisions\/419887"}],"wp:featuredmedia":[{"embeddable":true,"href":"https:\/\/www.suno.com.br\/noticias\/wp-json\/wp\/v2\/media\/223460"}],"wp:attachment":[{"href":"https:\/\/www.suno.com.br\/noticias\/wp-json\/wp\/v2\/media?parent=419875"}],"wp:term":[{"taxonomy":"category","embeddable":true,"href":"https:\/\/www.suno.com.br\/noticias\/wp-json\/wp\/v2\/categories?post=419875"},{"taxonomy":"post_tag","embeddable":true,"href":"https:\/\/www.suno.com.br\/noticias\/wp-json\/wp\/v2\/tags?post=419875"},{"taxonomy":"suno_strategy","embeddable":true,"href":"https:\/\/www.suno.com.br\/noticias\/wp-json\/wp\/v2\/suno_strategy?post=419875"}],"curies":[{"name":"wp","href":"https:\/\/api.w.org\/{rel}","templated":true}]}}