{"id":41987,"date":"2019-10-22T18:35:25","date_gmt":"2019-10-22T20:35:25","guid":{"rendered":"https:\/\/www.suno.com.br\/noticias\/?p=41987"},"modified":"2019-10-22T21:09:30","modified_gmt":"2019-10-22T23:09:30","slug":"brexit-parlamento-saida-ue-nega-acelerar-processo","status":"publish","type":"post","link":"https:\/\/www.suno.com.br\/noticias\/brexit-parlamento-saida-ue-nega-acelerar-processo\/","title":{"rendered":"Brexit: Parlamento aprova sa\u00edda da UE, mas nega acelerar processo"},"content":{"rendered":"<p>O Parlamento brit\u00e2nico aprovou, nesta ter\u00e7a-feira (22), o acordo sobre o <a href=\"https:\/\/www.suno.com.br\/noticias\/brexit-o-que-acontece-agora\/\">Brexit<\/a> apresentado pelo primeiro-ministro, <strong>Boris Johnson. <\/strong>O documento \u00e9 o entendimento entre Johnson e as autoridades europeias na \u00faltima semana.<\/p>\t<div class=\"wrapper-featured-image\">\n\t\t<figure class=\"spotlightImg\">\n\n\t\t\t<picture>\n\t\t\t\t<source media=\"(max-width: 768px)\" srcset=\"https:\/\/files.sunoresearch.com.br\/n\/uploads\/2019\/10\/2233c712-boris-johnson-400x200.webp\">\n\t\t\t\t<img loading=\"lazy\" decoding=\"async\" class=\"newsContent__article__imgCapa lazyloadDisabled newsContent__article__imgCapa--noCaption\" src=\"https:\/\/files.sunoresearch.com.br\/n\/uploads\/2019\/10\/2233c712-boris-johnson-800x450.webp\" width=\"800\" height=\"450\" alt=\"Brexit: Parlamento aprova sa\u00edda da UE, mas nega acelerar processo\" fetchpriority=high \/>\n\t\t\t<\/picture>\n\n\t\t\t<figcaption class=\"wp-caption-text wp-caption-text--hide\">O primeiro-ministro afirmou que o Reino Unido deixaria o bloco europeu no dia 1\u00ba de janeiro sem um acordo comercial<\/figcaption>\n\t\t<\/figure>\n\t<\/div>\n\n\n<p>Essa \u00e9 a primeira vez que o parlamento brit\u00e2nico aprova um texto favor\u00e1vel \u00e0 sa\u00edda do Reino Unido da <strong>Uni\u00e3o Europeia<\/strong> (<a href=\"https:\/\/www.suno.com.br\/artigos\/uniao-europeia\/\"><strong>UE<\/strong><\/a>). O texto permite uma <strong>sa\u00edda brit\u00e2nica<\/strong> do bloco de maneira ordenada. Entretanto, logo ap\u00f3s a aprova\u00e7\u00e3o, o parlamento rejeitou uma mo\u00e7\u00e3o para realizar o <strong>Brexit<\/strong> at\u00e9 o dia 31 de outubro.<\/p>\n<p>O Parlamento decidiu que necessita de mais tempo para analisar o acordo de separa\u00e7\u00e3o, que tem 110 p\u00e1ginas. Com esse voto, o &#8220;div\u00f3rcio&#8221; da UE, volta \u00e0 encruzilhada: n\u00e3o deveria ocorrer at\u00e9 dia 31 de outubro, mas ser postergado.<\/p>\n<h2>Vota\u00e7\u00e3o sobre Brexit representa reviravolta para Johnson<\/h2>\n<p>A princ\u00edpio, a vota\u00e7\u00e3o representa uma reviravolta para o primeiro-ministro que, em tr\u00eas meses, renegociou um acordo com a <strong>UE<\/strong> e convenceu a <strong>C\u00e2mara<\/strong> <strong>dos Comuns,<\/strong> que estava amplamente dividida.<\/p>\n<p><strong>Johnson<\/strong> conseguiu que seu acordo fosse aprovado por 329 parlamentares e rejeitado por 299. J\u00e1 a mo\u00e7\u00e3o obteve apoio de 308 parlamentares, mas foi rejeitada por 322. O que explica a aprova\u00e7\u00e3o na primeira vota\u00e7\u00e3o \u00e9 a estrat\u00e9gia dos parlamentares em propor emendas ao texto original.<\/p>\n<p><a href=\"https:\/\/www.suno.com.br\/noticias\/brexit-boris-johnson-podera-convocar-eleicoes-gerais-parlamento\/\">Confira tamb\u00e9m: Brexit: Boris Johnson diz que poder\u00e1 convocar elei\u00e7\u00f5es gerais no Parlamento<\/a><\/p>\n<p>O <strong>primeiro-ministro<\/strong> comemorou a aprova\u00e7\u00e3o do texto, contudo, repudiou a decis\u00e3o dos parlamentares em adiar, mais ainda, o debate sobre o conte\u00fado da proposta.<\/p>\n\t<p>\n\t\t<a href=\"https:\/\/lp.suno.com.br\/lm\/simulador-de-renda-passiva\/\" target=\"_blank\" data-element=\"shortcode-suno-banner\" title=\"Banner SUNO, clique e saiba mais\">\n\t\t\t<picture>\n\t\t\t\t<source media=\"(max-width: 500px)\" srcset=\"https:\/\/files.sunoresearch.com.br\/n\/uploads\/2024\/04\/Lead-Magnet-400x300-1.png\">\n\t\t\t\t<img class=\"newsContent__article__imgCapa newsContent__article__imgCapa--banner\"\n\t\t\t\t\tsrc=\"https:\/\/files.sunoresearch.com.br\/n\/uploads\/2024\/04\/Lead-Magnet-1420x240-1.png\"\n\t\t\t\t\tdata-promo-id=\"543552\"\t\t\t\t\t\t\t\t\t\twidth='1420' height='240'\t\t\t\t\talt=\"https:\/\/files.sunoresearch.com.br\/n\/uploads\/2024\/04\/Lead-Magnet-1420x240-1.png\"\n\t\t\t\t>\n\t\t\t<\/picture>\n\t\t<\/a>\n\t<\/p>\n\n\n<p>\u201cA Uni\u00e3o Europeia deve, agora, resolver o que far\u00e1 sobre o pedido de prorroga\u00e7\u00e3o. Conversarei com membros da UE para conhecer suas inten\u00e7\u00f5es. At\u00e9 que eles cheguem a uma conclus\u00e3o, suspenderemos esta legisla\u00e7\u00e3o. Serei claro, nossa posi\u00e7\u00e3o segue sendo de que n\u00e3o devemos adiar (o Brexit)\u201d, disse Johnson.<\/p>\n<h2>Johnson sinaliza poss\u00edveis novas elei\u00e7\u00f5es gerais<\/h2>\n<p>Al\u00e9m disso, <strong>Johnson<\/strong> declarou, no come\u00e7o do dia, que pretende convocar novas elei\u00e7\u00f5es gerais se a <strong>UE<\/strong> aprovar a prorroga\u00e7\u00e3o do <strong>Brexit.<\/strong> Entretanto, a medida do primeiro-ministro precisar\u00e1 ser aprovada pelo Parlamento, j\u00e1 que a pr\u00f3xima elei\u00e7\u00e3o ser\u00e1 apenas em 2022, teoricamente.<\/p>\n","protected":false},"excerpt":{"rendered":"<p>O Parlamento brit\u00e2nico aprovou, nesta ter\u00e7a-feira (22), o acordo sobre o Brexit apresentado pelo primeiro-ministro, Boris Johnson. O documento \u00e9 o entendimento entre Johnson e as autoridades europeias na \u00faltima semana. O primeiro-ministro afirmou que o Reino Unido deixaria o bloco europeu no dia 1\u00ba de janeiro sem um acordo comercial Essa \u00e9 a primeira [&hellip;]<\/p>\n","protected":false},"author":23,"featured_media":39640,"comment_status":"closed","ping_status":"closed","sticky":false,"template":"","format":"standard","meta":[],"categories":[63],"tags":[1648,753],"suno_strategy":[],"class_list":["post-41987","post","type-post","status-publish","format-standard","has-post-thumbnail","hentry","category-internacional","tag-boris-johnson","tag-brexit"],"yoast_head":"<!-- This site is optimized with the Yoast SEO plugin v24.4 - https:\/\/yoast.com\/wordpress\/plugins\/seo\/ -->\n<title>Brexit: Parlamento aprova sa\u00edda da UE, mas nega acelerar processo<\/title>\n<meta name=\"description\" content=\"O Parlamento brit\u00e2nico aprovou o acordo de Brexit de Johnson. Logo ap\u00f3s a aprova\u00e7\u00e3o, a acelera\u00e7\u00e3o do acordo foi rejeitada. Clique para mais.\" \/>\n<meta name=\"robots\" content=\"index, follow, max-snippet:-1, max-image-preview:large, max-video-preview:-1\" \/>\n<link rel=\"canonical\" href=\"https:\/\/www.suno.com.br\/noticias\/brexit-parlamento-saida-ue-nega-acelerar-processo\/\" \/>\n<meta property=\"og:locale\" content=\"pt_BR\" \/>\n<meta property=\"og:type\" content=\"article\" \/>\n<meta property=\"og:title\" content=\"Brexit: Parlamento aprova sa\u00edda da UE, mas nega acelerar processo\" \/>\n<meta property=\"og:description\" content=\"O Parlamento brit\u00e2nico aprovou o acordo de Brexit de Johnson. Logo ap\u00f3s a aprova\u00e7\u00e3o, a acelera\u00e7\u00e3o do acordo foi rejeitada. Clique para mais.\" \/>\n<meta property=\"og:url\" content=\"https:\/\/www.suno.com.br\/noticias\/brexit-parlamento-saida-ue-nega-acelerar-processo\/\" \/>\n<meta property=\"og:site_name\" content=\"Suno Not\u00edcias\" \/>\n<meta property=\"article:publisher\" content=\"https:\/\/facebook.com\/sunoresearch\" \/>\n<meta property=\"og:image\" content=\"https:\/\/files.sunoresearch.com.br\/n\/uploads\/2019\/10\/2233c712-boris-johnson.jpg\" \/>\n\t<meta property=\"og:image:width\" content=\"1536\" \/>\n\t<meta property=\"og:image:height\" content=\"1024\" \/>\n\t<meta property=\"og:image:type\" content=\"image\/jpeg\" \/>\n<meta name=\"author\" content=\"Rafael Lara\" \/>\n<meta name=\"twitter:card\" content=\"summary_large_image\" \/>\n<meta name=\"twitter:creator\" content=\"@sunoresearch\" \/>\n<meta name=\"twitter:site\" content=\"@sunoresearch\" \/>\n<meta name=\"twitter:label1\" content=\"Escrito por\" \/>\n\t<meta name=\"twitter:data1\" content=\"Rafael Lara\" \/>\n\t<meta name=\"twitter:label2\" content=\"Est. tempo de leitura\" \/>\n\t<meta name=\"twitter:data2\" content=\"2 minutos\" \/>\n<script type=\"application\/ld+json\" class=\"yoast-schema-graph\">{\"@context\":\"https:\/\/schema.org\",\"@graph\":[{\"@type\":\"NewsArticle\",\"@id\":\"https:\/\/www.suno.com.br\/noticias\/brexit-parlamento-saida-ue-nega-acelerar-processo\/#article\",\"isPartOf\":{\"@id\":\"https:\/\/www.suno.com.br\/noticias\/brexit-parlamento-saida-ue-nega-acelerar-processo\/\"},\"author\":{\"name\":\"Rafael Lara\",\"@id\":\"https:\/\/www.suno.com.br\/noticias\/#\/schema\/person\/098743caeed97b37f51315c9576c4078\"},\"headline\":\"Brexit: Parlamento aprova sa\u00edda da UE, mas nega acelerar processo\",\"datePublished\":\"2019-10-22T20:35:25+00:00\",\"dateModified\":\"2019-10-22T23:09:30+00:00\",\"mainEntityOfPage\":{\"@id\":\"https:\/\/www.suno.com.br\/noticias\/brexit-parlamento-saida-ue-nega-acelerar-processo\/\"},\"wordCount\":383,\"publisher\":{\"@id\":\"https:\/\/www.suno.com.br\/noticias\/#organization\"},\"image\":{\"@id\":\"https:\/\/www.suno.com.br\/noticias\/brexit-parlamento-saida-ue-nega-acelerar-processo\/#primaryimage\"},\"thumbnailUrl\":\"https:\/\/files.sunoresearch.com.br\/n\/uploads\/2019\/10\/2233c712-boris-johnson-jpg.webp\",\"keywords\":[\"Boris Johnson\",\"Brexit\"],\"articleSection\":[\"Internacional\"],\"inLanguage\":\"pt-BR\"},{\"@type\":\"WebPage\",\"@id\":\"https:\/\/www.suno.com.br\/noticias\/brexit-parlamento-saida-ue-nega-acelerar-processo\/\",\"url\":\"https:\/\/www.suno.com.br\/noticias\/brexit-parlamento-saida-ue-nega-acelerar-processo\/\",\"name\":\"Brexit: Parlamento aprova sa\u00edda da UE, mas nega acelerar processo\",\"isPartOf\":{\"@id\":\"https:\/\/www.suno.com.br\/noticias\/#website\"},\"primaryImageOfPage\":{\"@id\":\"https:\/\/www.suno.com.br\/noticias\/brexit-parlamento-saida-ue-nega-acelerar-processo\/#primaryimage\"},\"image\":{\"@id\":\"https:\/\/www.suno.com.br\/noticias\/brexit-parlamento-saida-ue-nega-acelerar-processo\/#primaryimage\"},\"thumbnailUrl\":\"https:\/\/files.sunoresearch.com.br\/n\/uploads\/2019\/10\/2233c712-boris-johnson-jpg.webp\",\"datePublished\":\"2019-10-22T20:35:25+00:00\",\"dateModified\":\"2019-10-22T23:09:30+00:00\",\"description\":\"O Parlamento brit\u00e2nico aprovou o acordo de Brexit de Johnson. Logo ap\u00f3s a aprova\u00e7\u00e3o, a acelera\u00e7\u00e3o do acordo foi rejeitada. Clique para mais.\",\"breadcrumb\":{\"@id\":\"https:\/\/www.suno.com.br\/noticias\/brexit-parlamento-saida-ue-nega-acelerar-processo\/#breadcrumb\"},\"inLanguage\":\"pt-BR\",\"potentialAction\":[{\"@type\":\"ReadAction\",\"target\":[\"https:\/\/www.suno.com.br\/noticias\/brexit-parlamento-saida-ue-nega-acelerar-processo\/\"]}]},{\"@type\":\"ImageObject\",\"inLanguage\":\"pt-BR\",\"@id\":\"https:\/\/www.suno.com.br\/noticias\/brexit-parlamento-saida-ue-nega-acelerar-processo\/#primaryimage\",\"url\":\"https:\/\/files.sunoresearch.com.br\/n\/uploads\/2019\/10\/2233c712-boris-johnson-jpg.webp\",\"contentUrl\":\"https:\/\/files.sunoresearch.com.br\/n\/uploads\/2019\/10\/2233c712-boris-johnson-jpg.webp\",\"width\":1536,\"height\":1024,\"caption\":\"O primeiro-ministro afirmou que o Reino Unido deixaria o bloco europeu no dia 1\u00ba de janeiro sem um acordo comercial\"},{\"@type\":\"BreadcrumbList\",\"@id\":\"https:\/\/www.suno.com.br\/noticias\/brexit-parlamento-saida-ue-nega-acelerar-processo\/#breadcrumb\",\"itemListElement\":[{\"@type\":\"ListItem\",\"position\":1,\"name\":\"Not\u00edcias\",\"item\":\"https:\/\/www.suno.com.br\/noticias\/\"},{\"@type\":\"ListItem\",\"position\":2,\"name\":\"Internacional\",\"item\":\"https:\/\/www.suno.com.br\/noticias\/internacional\/\"},{\"@type\":\"ListItem\",\"position\":3,\"name\":\"Brexit: Parlamento aprova sa\u00edda da UE, mas nega acelerar processo\"}]},{\"@type\":\"WebSite\",\"@id\":\"https:\/\/www.suno.com.br\/noticias\/#website\",\"url\":\"https:\/\/www.suno.com.br\/noticias\/\",\"name\":\"Suno Not\u00edcias\",\"description\":\"Seu portal de informa\u00e7\u00e3o sobre o mundo dos investimentos\",\"publisher\":{\"@id\":\"https:\/\/www.suno.com.br\/noticias\/#organization\"},\"potentialAction\":[{\"@type\":\"SearchAction\",\"target\":{\"@type\":\"EntryPoint\",\"urlTemplate\":\"https:\/\/www.suno.com.br\/noticias\/?s={search_term_string}\"},\"query-input\":{\"@type\":\"PropertyValueSpecification\",\"valueRequired\":true,\"valueName\":\"search_term_string\"}}],\"inLanguage\":\"pt-BR\"},{\"@type\":\"Organization\",\"@id\":\"https:\/\/www.suno.com.br\/noticias\/#organization\",\"name\":\"Suno Not\u00edcias\",\"url\":\"https:\/\/www.suno.com.br\/noticias\/\",\"logo\":{\"@type\":\"ImageObject\",\"inLanguage\":\"pt-BR\",\"@id\":\"https:\/\/www.suno.com.br\/noticias\/#\/schema\/logo\/image\/\",\"url\":\"https:\/\/files.sunoresearch.com.br\/n\/uploads\/2021\/09\/suno-logo.png\",\"contentUrl\":\"https:\/\/files.sunoresearch.com.br\/n\/uploads\/2021\/09\/suno-logo.png\",\"width\":180,\"height\":180,\"caption\":\"Suno Not\u00edcias\"},\"image\":{\"@id\":\"https:\/\/www.suno.com.br\/noticias\/#\/schema\/logo\/image\/\"},\"sameAs\":[\"https:\/\/facebook.com\/sunoresearch\",\"https:\/\/x.com\/sunoresearch\",\"https:\/\/www.instagram.com\/suno\",\"https:\/\/www.linkedin.com\/company\/suno-research\/\",\"https:\/\/www.youtube.com\/c\/sunoresearch\"]},{\"@type\":\"Person\",\"@id\":\"https:\/\/www.suno.com.br\/noticias\/#\/schema\/person\/098743caeed97b37f51315c9576c4078\",\"name\":\"Rafael Lara\",\"image\":{\"@type\":\"ImageObject\",\"inLanguage\":\"pt-BR\",\"@id\":\"https:\/\/www.suno.com.br\/noticias\/#\/schema\/person\/image\/\",\"url\":\"https:\/\/secure.gravatar.com\/avatar\/dfc254ab9bb2ea1895d98b9e9dae4bdd?s=96&r=g\",\"contentUrl\":\"https:\/\/secure.gravatar.com\/avatar\/dfc254ab9bb2ea1895d98b9e9dae4bdd?s=96&r=g\",\"caption\":\"Rafael Lara\"},\"description\":\"Rafael Lara cursa jornalismo na Faculdade C\u00e1sper L\u00edbero. Escreve sobre pol\u00edtica, economia e neg\u00f3cios para o portal Suno Not\u00edcias. Antes, colaborou na TV Gazeta na produ\u00e7\u00e3o do programa Edi\u00e7\u00e3o Extra.\",\"url\":\"https:\/\/www.suno.com.br\/noticias\/author\/rafael\/\"}]}<\/script>\n<!-- \/ Yoast SEO plugin. -->","yoast_head_json":{"title":"Brexit: Parlamento aprova sa\u00edda da UE, mas nega acelerar processo","description":"O Parlamento brit\u00e2nico aprovou o acordo de Brexit de Johnson. Logo ap\u00f3s a aprova\u00e7\u00e3o, a acelera\u00e7\u00e3o do acordo foi rejeitada. Clique para mais.","robots":{"index":"index","follow":"follow","max-snippet":"max-snippet:-1","max-image-preview":"max-image-preview:large","max-video-preview":"max-video-preview:-1"},"canonical":"https:\/\/www.suno.com.br\/noticias\/brexit-parlamento-saida-ue-nega-acelerar-processo\/","og_locale":"pt_BR","og_type":"article","og_title":"Brexit: Parlamento aprova sa\u00edda da UE, mas nega acelerar processo","og_description":"O Parlamento brit\u00e2nico aprovou o acordo de Brexit de Johnson. Logo ap\u00f3s a aprova\u00e7\u00e3o, a acelera\u00e7\u00e3o do acordo foi rejeitada. Clique para mais.","og_url":"https:\/\/www.suno.com.br\/noticias\/brexit-parlamento-saida-ue-nega-acelerar-processo\/","og_site_name":"Suno Not\u00edcias","article_publisher":"https:\/\/facebook.com\/sunoresearch","og_image":[{"width":1536,"height":1024,"url":"https:\/\/files.sunoresearch.com.br\/n\/uploads\/2019\/10\/2233c712-boris-johnson.jpg","type":"image\/jpeg"}],"author":"Rafael Lara","twitter_card":"summary_large_image","twitter_creator":"@sunoresearch","twitter_site":"@sunoresearch","twitter_misc":{"Escrito por":"Rafael Lara","Est. tempo de leitura":"2 minutos"},"schema":{"@context":"https:\/\/schema.org","@graph":[{"@type":"NewsArticle","@id":"https:\/\/www.suno.com.br\/noticias\/brexit-parlamento-saida-ue-nega-acelerar-processo\/#article","isPartOf":{"@id":"https:\/\/www.suno.com.br\/noticias\/brexit-parlamento-saida-ue-nega-acelerar-processo\/"},"author":{"name":"Rafael Lara","@id":"https:\/\/www.suno.com.br\/noticias\/#\/schema\/person\/098743caeed97b37f51315c9576c4078"},"headline":"Brexit: Parlamento aprova sa\u00edda da UE, mas nega acelerar processo","datePublished":"2019-10-22T20:35:25+00:00","dateModified":"2019-10-22T23:09:30+00:00","mainEntityOfPage":{"@id":"https:\/\/www.suno.com.br\/noticias\/brexit-parlamento-saida-ue-nega-acelerar-processo\/"},"wordCount":383,"publisher":{"@id":"https:\/\/www.suno.com.br\/noticias\/#organization"},"image":{"@id":"https:\/\/www.suno.com.br\/noticias\/brexit-parlamento-saida-ue-nega-acelerar-processo\/#primaryimage"},"thumbnailUrl":"https:\/\/files.sunoresearch.com.br\/n\/uploads\/2019\/10\/2233c712-boris-johnson-jpg.webp","keywords":["Boris Johnson","Brexit"],"articleSection":["Internacional"],"inLanguage":"pt-BR"},{"@type":"WebPage","@id":"https:\/\/www.suno.com.br\/noticias\/brexit-parlamento-saida-ue-nega-acelerar-processo\/","url":"https:\/\/www.suno.com.br\/noticias\/brexit-parlamento-saida-ue-nega-acelerar-processo\/","name":"Brexit: Parlamento aprova sa\u00edda da UE, mas nega acelerar processo","isPartOf":{"@id":"https:\/\/www.suno.com.br\/noticias\/#website"},"primaryImageOfPage":{"@id":"https:\/\/www.suno.com.br\/noticias\/brexit-parlamento-saida-ue-nega-acelerar-processo\/#primaryimage"},"image":{"@id":"https:\/\/www.suno.com.br\/noticias\/brexit-parlamento-saida-ue-nega-acelerar-processo\/#primaryimage"},"thumbnailUrl":"https:\/\/files.sunoresearch.com.br\/n\/uploads\/2019\/10\/2233c712-boris-johnson-jpg.webp","datePublished":"2019-10-22T20:35:25+00:00","dateModified":"2019-10-22T23:09:30+00:00","description":"O Parlamento brit\u00e2nico aprovou o acordo de Brexit de Johnson. Logo ap\u00f3s a aprova\u00e7\u00e3o, a acelera\u00e7\u00e3o do acordo foi rejeitada. Clique para mais.","breadcrumb":{"@id":"https:\/\/www.suno.com.br\/noticias\/brexit-parlamento-saida-ue-nega-acelerar-processo\/#breadcrumb"},"inLanguage":"pt-BR","potentialAction":[{"@type":"ReadAction","target":["https:\/\/www.suno.com.br\/noticias\/brexit-parlamento-saida-ue-nega-acelerar-processo\/"]}]},{"@type":"ImageObject","inLanguage":"pt-BR","@id":"https:\/\/www.suno.com.br\/noticias\/brexit-parlamento-saida-ue-nega-acelerar-processo\/#primaryimage","url":"https:\/\/files.sunoresearch.com.br\/n\/uploads\/2019\/10\/2233c712-boris-johnson-jpg.webp","contentUrl":"https:\/\/files.sunoresearch.com.br\/n\/uploads\/2019\/10\/2233c712-boris-johnson-jpg.webp","width":1536,"height":1024,"caption":"O primeiro-ministro afirmou que o Reino Unido deixaria o bloco europeu no dia 1\u00ba de janeiro sem um acordo comercial"},{"@type":"BreadcrumbList","@id":"https:\/\/www.suno.com.br\/noticias\/brexit-parlamento-saida-ue-nega-acelerar-processo\/#breadcrumb","itemListElement":[{"@type":"ListItem","position":1,"name":"Not\u00edcias","item":"https:\/\/www.suno.com.br\/noticias\/"},{"@type":"ListItem","position":2,"name":"Internacional","item":"https:\/\/www.suno.com.br\/noticias\/internacional\/"},{"@type":"ListItem","position":3,"name":"Brexit: Parlamento aprova sa\u00edda da UE, mas nega acelerar processo"}]},{"@type":"WebSite","@id":"https:\/\/www.suno.com.br\/noticias\/#website","url":"https:\/\/www.suno.com.br\/noticias\/","name":"Suno Not\u00edcias","description":"Seu portal de informa\u00e7\u00e3o sobre o mundo dos investimentos","publisher":{"@id":"https:\/\/www.suno.com.br\/noticias\/#organization"},"potentialAction":[{"@type":"SearchAction","target":{"@type":"EntryPoint","urlTemplate":"https:\/\/www.suno.com.br\/noticias\/?s={search_term_string}"},"query-input":{"@type":"PropertyValueSpecification","valueRequired":true,"valueName":"search_term_string"}}],"inLanguage":"pt-BR"},{"@type":"Organization","@id":"https:\/\/www.suno.com.br\/noticias\/#organization","name":"Suno Not\u00edcias","url":"https:\/\/www.suno.com.br\/noticias\/","logo":{"@type":"ImageObject","inLanguage":"pt-BR","@id":"https:\/\/www.suno.com.br\/noticias\/#\/schema\/logo\/image\/","url":"https:\/\/files.sunoresearch.com.br\/n\/uploads\/2021\/09\/suno-logo.png","contentUrl":"https:\/\/files.sunoresearch.com.br\/n\/uploads\/2021\/09\/suno-logo.png","width":180,"height":180,"caption":"Suno Not\u00edcias"},"image":{"@id":"https:\/\/www.suno.com.br\/noticias\/#\/schema\/logo\/image\/"},"sameAs":["https:\/\/facebook.com\/sunoresearch","https:\/\/x.com\/sunoresearch","https:\/\/www.instagram.com\/suno","https:\/\/www.linkedin.com\/company\/suno-research\/","https:\/\/www.youtube.com\/c\/sunoresearch"]},{"@type":"Person","@id":"https:\/\/www.suno.com.br\/noticias\/#\/schema\/person\/098743caeed97b37f51315c9576c4078","name":"Rafael Lara","image":{"@type":"ImageObject","inLanguage":"pt-BR","@id":"https:\/\/www.suno.com.br\/noticias\/#\/schema\/person\/image\/","url":"https:\/\/secure.gravatar.com\/avatar\/dfc254ab9bb2ea1895d98b9e9dae4bdd?s=96&r=g","contentUrl":"https:\/\/secure.gravatar.com\/avatar\/dfc254ab9bb2ea1895d98b9e9dae4bdd?s=96&r=g","caption":"Rafael Lara"},"description":"Rafael Lara cursa jornalismo na Faculdade C\u00e1sper L\u00edbero. Escreve sobre pol\u00edtica, economia e neg\u00f3cios para o portal Suno Not\u00edcias. Antes, colaborou na TV Gazeta na produ\u00e7\u00e3o do programa Edi\u00e7\u00e3o Extra.","url":"https:\/\/www.suno.com.br\/noticias\/author\/rafael\/"}]}},"default_loop_html":"<div class=\"cardsPage__listCard__boxs\"><div class=\"cardsPage__listCard__boxs__img\"><a href=\"https:\/\/www.suno.com.br\/noticias\/brexit-parlamento-saida-ue-nega-acelerar-processo\/\"><img class=\"mask\" src=\"https:\/\/www.suno.com.br\/noticias\/wp-content\/themes\/suno\/resources\/images\/spotlight\/spotlight1img\/bg-mask.png\" alt=\"Image Mask\"\/><img src=\"https:\/\/files.sunoresearch.com.br\/n\/uploads\/2019\/10\/2233c712-boris-johnson-400x200.webp\" alt=\"Brexit: Parlamento aprova sa\u00edda da UE, mas nega acelerar processo\"\/><\/a><span class=\"spotlightCategory\"><a href=\"https:\/\/www.suno.com.br\/noticias\/internacional\/\">Internacional<\/a><\/span><\/div><div class=\"cardsPage__listCard__boxs__content\"><a href=\"https:\/\/www.suno.com.br\/noticias\/brexit-parlamento-saida-ue-nega-acelerar-processo\/\"><h2 class=\"content__title\">Brexit: Parlamento aprova sa\u00edda da UE, mas nega acelerar processo<\/h2><\/a><div class=\"newsContent__article__meta\"><div class=\"newsContent__article__meta__authorBox\"><a href=\"https:\/\/www.suno.com.br\/noticias\/author\/rafael\/\" class=\"authorBox__avatar noMobi\"><img src=\"https:\/\/secure.gravatar.com\/avatar\/dfc254ab9bb2ea1895d98b9e9dae4bdd?s=96&#038;r=g\" alt=\"Rafael Lara\"><\/a><div class=\"authorBox__name\"><span>por\n\t\t\t<a href=\"https:\/\/www.suno.com.br\/noticias\/author\/rafael\/\"><span itemprop=\"author\">Rafael Lara<\/span><\/a><\/span><time datetime=\"2019-10-22T18:35:25-03:00\" itemprop=\"datePublished\">22\/10\/2019 18:35<\/time><\/div><\/div><\/div><\/div><\/div>","single_layout":"posts","amp_enabled":true,"_links":{"self":[{"href":"https:\/\/www.suno.com.br\/noticias\/wp-json\/wp\/v2\/posts\/41987"}],"collection":[{"href":"https:\/\/www.suno.com.br\/noticias\/wp-json\/wp\/v2\/posts"}],"about":[{"href":"https:\/\/www.suno.com.br\/noticias\/wp-json\/wp\/v2\/types\/post"}],"author":[{"embeddable":true,"href":"https:\/\/www.suno.com.br\/noticias\/wp-json\/wp\/v2\/users\/23"}],"replies":[{"embeddable":true,"href":"https:\/\/www.suno.com.br\/noticias\/wp-json\/wp\/v2\/comments?post=41987"}],"version-history":[{"count":0,"href":"https:\/\/www.suno.com.br\/noticias\/wp-json\/wp\/v2\/posts\/41987\/revisions"}],"wp:featuredmedia":[{"embeddable":true,"href":"https:\/\/www.suno.com.br\/noticias\/wp-json\/wp\/v2\/media\/39640"}],"wp:attachment":[{"href":"https:\/\/www.suno.com.br\/noticias\/wp-json\/wp\/v2\/media?parent=41987"}],"wp:term":[{"taxonomy":"category","embeddable":true,"href":"https:\/\/www.suno.com.br\/noticias\/wp-json\/wp\/v2\/categories?post=41987"},{"taxonomy":"post_tag","embeddable":true,"href":"https:\/\/www.suno.com.br\/noticias\/wp-json\/wp\/v2\/tags?post=41987"},{"taxonomy":"suno_strategy","embeddable":true,"href":"https:\/\/www.suno.com.br\/noticias\/wp-json\/wp\/v2\/suno_strategy?post=41987"}],"curies":[{"name":"wp","href":"https:\/\/api.w.org\/{rel}","templated":true}]}}