{"id":41986,"date":"2019-10-22T18:56:43","date_gmt":"2019-10-22T20:56:43","guid":{"rendered":"https:\/\/www.suno.com.br\/noticias\/?p=41986"},"modified":"2019-10-22T19:43:47","modified_gmt":"2019-10-22T21:43:47","slug":"dolar-queda-reforma-previdencia-22102019","status":"publish","type":"post","link":"https:\/\/www.suno.com.br\/noticias\/dolar-queda-reforma-previdencia-22102019\/","title":{"rendered":"D\u00f3lar cai mais de 1% com reforma da Previd\u00eancia no Senado"},"content":{"rendered":"<p>O d\u00f3lar encerrou esta ter\u00e7a-feira (22) em sua maior queda em quase sete semanas, desde 4 de setembro, quando a moeda norte-americana registrou varia\u00e7\u00e3o negativa de 1,79%. A vota\u00e7\u00e3o da <strong>reforma da Previd\u00eancia\u00a0<\/strong>no Senado contribuiu para o otimismo do mercado.<\/p>\t<div class=\"wrapper-featured-image\">\n\t\t<figure class=\"spotlightImg\">\n\n\t\t\t<picture>\n\t\t\t\t<source media=\"(max-width: 768px)\" srcset=\"https:\/\/files.sunoresearch.com.br\/n\/uploads\/2019\/04\/74ae7d56-d\u00f3lar-400x200.webp\">\n\t\t\t\t<img loading=\"lazy\" decoding=\"async\" class=\"newsContent__article__imgCapa lazyloadDisabled newsContent__article__imgCapa--noCaption\" src=\"https:\/\/files.sunoresearch.com.br\/n\/uploads\/2019\/04\/74ae7d56-d\u00f3lar-800x450.webp\" width=\"800\" height=\"450\" alt=\"D\u00f3lar cai mais de 1% com reforma da Previd\u00eancia no Senado\" fetchpriority=high \/>\n\t\t\t<\/picture>\n\n\t\t\t<figcaption class=\"wp-caption-text wp-caption-text--hide\">Na \u00faltima sess\u00e3o, ter\u00e7a-feira (1), o d\u00f3lar encerrou o primeiro dia do m\u00eas de setembro com queda de 1,75%, negociado a R$ 5,3845.<\/figcaption>\n\t\t<\/figure>\n\t<\/div>\n\n\n\n<p>Com varia\u00e7\u00e3o negativa de 1,327%, o <strong>d\u00f3lar<\/strong> fechou vendido a R$ 4,0757. A cota\u00e7\u00e3o m\u00e1xima foi de R$ 4,1245, por volta das 9h10. A m\u00ednima foi de R$ 4,0639, \u00e0s 15h.<\/p>\n<p>No cen\u00e1rio externo, o mercado acompanhou a sa\u00edda do <strong>Reino Unido<\/strong> da <strong>Uni\u00e3o Europeia<\/strong> e a importa\u00e7\u00e3o de soja entre <strong>Estados Unidos<\/strong> e <strong>China<\/strong>.<\/p>\n<p>Al\u00e9m disso, um poss\u00edvel centro de distribui\u00e7\u00e3o da <strong>AliExpress<\/strong> no Brasil trar\u00e1 investimento direto ao Pa\u00eds, portanto, contribuir\u00e1 para a entrada de d\u00f3lares.<\/p>\n<h2>Reforma da Previd\u00eancia no Senado<\/h2>\n<p>Nesta ter\u00e7a-feira, o texto de Tasso Jereissati (PSDB-CE), relator da proposta da <strong>reforma da Previd\u00eancia<\/strong>, foi aprovado e seguir\u00e1 para a \u00faltima vota\u00e7\u00e3o no plen\u00e1rio. A sess\u00e3o come\u00e7ou \u00e0s 14h e ainda n\u00e3o terminou.<\/p>\n<p><a href=\"https:\/\/www.suno.com.br\/noticias\/relatorio-reforma-da-previdencia-aprovado-na-ccj-proposta-segue-plenario\/\">Saiba mais: Relat\u00f3rio da reforma da Previd\u00eancia \u00e9 aprovado na CCJ; proposta vai ao plen\u00e1rio<\/a><\/p>\n<p>O texto foi aprovado em primeiro turno no dia 1\u00b0 de outubro. A vota\u00e7\u00e3o foi conclu\u00edda com 56 votos favor\u00e1veis e 19 contr\u00e1rios.<\/p>\n<p>Entre as propostas de altera\u00e7\u00e3o, tr\u00eas foram rejeitadas. Sendo elas sobre a aposentadoria especial, a pens\u00e3o por morte e a idade m\u00ednima das mulheres. As outras tr\u00eas propostas, que foram retiradas, eram sobre a aposentadoria de anistiados, altera\u00e7\u00f5es no c\u00e1lculo de benef\u00edcios e nas regras de transi\u00e7\u00e3o.<\/p>\n<h2>Sa\u00edda do Reino Unido da Uni\u00e3o Europeia<\/h2>\n<p>O Parlamento brit\u00e2nico aprovou o acordo de <a href=\"https:\/\/www.suno.com.br\/noticias\/brexit-o-que-acontece-agora\/\">Brexit<\/a> apresentado pelo primeiro-ministro, <strong>Boris Johnson,<\/strong> o que sinalizaria a sa\u00edda do Reino Unido da <strong>UE<\/strong> de maneira ordenada.<\/p>\n<p><a href=\"https:\/\/www.suno.com.br\/noticias\/brexit-parlamento-saida-ue-nega-acelerar-processo\/\">Saiba mais: Brexit: Parlamento aprova sa\u00edda da UE, mas nega acelerar processo<\/a><\/p>\n<p>Entretanto, logo ap\u00f3s a aprova\u00e7\u00e3o, a mo\u00e7\u00e3o apresentada pelo governo para acelera\u00e7\u00e3o do escrut\u00ednio do acordo foi derrotada.<\/p>\n<p>O Parlamento decidiu que necessita de mais tempo para analisar o acordo de separa\u00e7\u00e3o de 110 p\u00e1ginas (na mo\u00e7\u00e3o, o prazo seria de tr\u00eas dias). A decis\u00e3o \u00e9 um rev\u00e9s aos planos do primeiro-ministro, que previa retirar o pa\u00eds da <strong>UE<\/strong> at\u00e9 o dia 31 de outubro.<\/p>\n<h2>Com\u00e9rcio entre China e Estados Unidos<\/h2>\n<p>A ag\u00eancia de not\u00edcia &#8220;Reuters&#8221; informou que a <strong>China<\/strong> teria oferecido cotas livres de tarifa para a importa\u00e7\u00e3o de 10 milh\u00f5es de toneladas de soja dos Estados Unidos.<\/p>\n<p><a href=\"https:\/\/www.suno.com.br\/noticias\/china-cotas-toneladas-soja-eua\/\">Saiba mais: China teria ofertado cotas por 10 mi de toneladas de soja dos EUA<\/a><\/p>\n<p>De acordo com fontes da ag\u00eancia, a concess\u00e3o para importa\u00e7\u00f5es de soja dos EUA foi dada a processadores estatais, privados e grandes &#8220;tradings&#8221; internacionais com plantas de processamento na China em uma reuni\u00e3o com a ag\u00eancia de planejamento do gigante asi\u00e1tico.<\/p>\n<p>De acordo com uma das fontes da ag\u00eancia: \u201cOs compradores chineses est\u00e3o comprando muita soja brasileira. O governo estava enviando uma mensagem aos importadores para que fiquem atentos ao cen\u00e1rio geral\u201d.<\/p>\n\t<p>\n\t\t<a href=\"https:\/\/lp2.suno.com.br\/pv\/bolsa-para-iniciantes?utm_campaign=_SNC757A2733_rs.mpr26---meu-primeiro-rendimento---venda---not\u00edcias&#038;utm_source=suno-not\u00edcias&#038;utm_medium=banner.noticias\" target=\"_blank\" data-element=\"shortcode-suno-banner\" title=\"Banner SUNO, clique e saiba mais\">\n\t\t\t<picture>\n\t\t\t\t<source media=\"(max-width: 500px)\" srcset=\"https:\/\/files.sunoresearch.com.br\/n\/uploads\/2026\/04\/400x300-Banner-Materias-01-png.webp\">\n\t\t\t\t<img class=\"newsContent__article__imgCapa newsContent__article__imgCapa--banner\"\n\t\t\t\t\tsrc=\"https:\/\/files.sunoresearch.com.br\/n\/uploads\/2026\/04\/1420x240-Banner-Materias-01-png.webp\"\n\t\t\t\t\tdata-promo-id=\"647482\"\t\t\t\t\t\t\t\t\t\twidth='1420' height='240'\t\t\t\t\talt=\"https:\/\/files.sunoresearch.com.br\/n\/uploads\/2026\/04\/1420x240-Banner-Materias-01-png.webp\"\n\t\t\t\t>\n\t\t\t<\/picture>\n\t\t<\/a>\n\t<\/p>\n\n\n<h2>AliExpress no Brasil<\/h2>\n<p>Em busca da redu\u00e7\u00e3o de tempo de entrega de produtos no Brasil, Ken Huang, l\u00edder da <strong>AliExpress<\/strong>, est\u00e1 estudando a possibilidade de abrir um centro de distribui\u00e7\u00e3o no Brasil.<\/p>\n<p><a href=\"https:\/\/www.suno.com.br\/noticias\/aliexpress-abrir-centro-distribuicao-brasil\/\">Saiba mais: AliExpress avalia abrir centro de distribui\u00e7\u00e3o no Brasil<\/a><\/p>\n<p>Atualmente, para um produto comprado pelo site chin\u00eas chegar ao Pa\u00eds demora em m\u00e9dia de 30 a 40 dias. Vale ressaltar que o Brasil \u00e9 um dos cinco pa\u00edses que mais consomem produtos do site.<\/p>\n<p>Neste ano, o site chin\u00eas ficou em primeiro em prefer\u00eancia de compras de sites internacionais pelos brasileiros. Dessa forma, a plataforma deixou para tr\u00e1s sites como: Alibaba, Amazon e eBay.<\/p>\n<h2>\u00daltima cota\u00e7\u00e3o do d\u00f3lar<\/h2>\n<p>Na \u00faltima sess\u00e3o, segunda-feira, o <a href=\"https:\/\/www.suno.com.br\/artigos\/dolar\/\"><strong>d\u00f3lar<\/strong><\/a> encerrou em alta de 0,272% sendo vendido a R$ 4,1305.<\/p>\n","protected":false},"excerpt":{"rendered":"<p>O d\u00f3lar encerrou esta ter\u00e7a-feira (22) em sua maior queda em quase sete semanas, desde 4 de setembro, quando a moeda norte-americana registrou varia\u00e7\u00e3o negativa de 1,79%. A vota\u00e7\u00e3o da reforma da Previd\u00eancia\u00a0no Senado contribuiu para o otimismo do mercado. Na \u00faltima sess\u00e3o, ter\u00e7a-feira (1), o d\u00f3lar encerrou o primeiro dia do m\u00eas de setembro [&hellip;]<\/p>\n","protected":false},"author":18,"featured_media":21796,"comment_status":"closed","ping_status":"closed","sticky":false,"template":"","format":"standard","meta":[],"categories":[60],"tags":[326,940],"suno_strategy":[],"class_list":["post-41986","post","type-post","status-publish","format-standard","has-post-thumbnail","hentry","category-mercado","tag-dolar","tag-reforma-da-previdencia"],"yoast_head":"<!-- This site is optimized with the Yoast SEO plugin v24.4 - https:\/\/yoast.com\/wordpress\/plugins\/seo\/ -->\n<title>D\u00f3lar cai mais de 1% com reforma da Previd\u00eancia no Senado<\/title>\n<meta name=\"description\" content=\"O d\u00f3lar encerrou esta ter\u00e7a-feira (22) em sua maior queda em quase sete semanas, desde 4 de setembro. Clique para saber mais.\" \/>\n<meta name=\"robots\" content=\"index, follow, max-snippet:-1, max-image-preview:large, max-video-preview:-1\" \/>\n<link rel=\"canonical\" href=\"https:\/\/www.suno.com.br\/noticias\/dolar-queda-reforma-previdencia-22102019\/\" \/>\n<meta property=\"og:locale\" content=\"pt_BR\" \/>\n<meta property=\"og:type\" content=\"article\" \/>\n<meta property=\"og:title\" content=\"D\u00f3lar cai mais de 1% com reforma da Previd\u00eancia no Senado\" \/>\n<meta property=\"og:description\" content=\"O d\u00f3lar encerrou esta ter\u00e7a-feira (22) em sua maior queda em quase sete semanas, desde 4 de setembro. Clique para saber mais.\" \/>\n<meta property=\"og:url\" content=\"https:\/\/www.suno.com.br\/noticias\/dolar-queda-reforma-previdencia-22102019\/\" \/>\n<meta property=\"og:site_name\" content=\"Suno Not\u00edcias\" \/>\n<meta property=\"article:publisher\" content=\"https:\/\/facebook.com\/sunoresearch\" \/>\n<meta property=\"og:image\" content=\"https:\/\/files.sunoresearch.com.br\/n\/uploads\/2019\/04\/74ae7d56-d\u00f3lar.jpg\" \/>\n\t<meta property=\"og:image:width\" content=\"3000\" \/>\n\t<meta property=\"og:image:height\" content=\"2000\" \/>\n\t<meta property=\"og:image:type\" content=\"image\/jpeg\" \/>\n<meta name=\"author\" content=\"Giovanna Oliveira\" \/>\n<meta name=\"twitter:card\" content=\"summary_large_image\" \/>\n<meta name=\"twitter:creator\" content=\"@sunoresearch\" \/>\n<meta name=\"twitter:site\" content=\"@sunoresearch\" \/>\n<meta name=\"twitter:label1\" content=\"Escrito por\" \/>\n\t<meta name=\"twitter:data1\" content=\"Giovanna Oliveira\" \/>\n\t<meta name=\"twitter:label2\" content=\"Est. tempo de leitura\" \/>\n\t<meta name=\"twitter:data2\" content=\"3 minutos\" \/>\n<script type=\"application\/ld+json\" class=\"yoast-schema-graph\">{\"@context\":\"https:\/\/schema.org\",\"@graph\":[{\"@type\":\"NewsArticle\",\"@id\":\"https:\/\/www.suno.com.br\/noticias\/dolar-queda-reforma-previdencia-22102019\/#article\",\"isPartOf\":{\"@id\":\"https:\/\/www.suno.com.br\/noticias\/dolar-queda-reforma-previdencia-22102019\/\"},\"author\":{\"name\":\"Giovanna Oliveira\",\"@id\":\"https:\/\/www.suno.com.br\/noticias\/#\/schema\/person\/4e19e3d2575736e5283d58eb3199d120\"},\"headline\":\"D\u00f3lar cai mais de 1% com reforma da Previd\u00eancia no Senado\",\"datePublished\":\"2019-10-22T20:56:43+00:00\",\"dateModified\":\"2019-10-22T21:43:47+00:00\",\"mainEntityOfPage\":{\"@id\":\"https:\/\/www.suno.com.br\/noticias\/dolar-queda-reforma-previdencia-22102019\/\"},\"wordCount\":686,\"publisher\":{\"@id\":\"https:\/\/www.suno.com.br\/noticias\/#organization\"},\"image\":{\"@id\":\"https:\/\/www.suno.com.br\/noticias\/dolar-queda-reforma-previdencia-22102019\/#primaryimage\"},\"thumbnailUrl\":\"https:\/\/files.sunoresearch.com.br\/n\/uploads\/2019\/04\/74ae7d56-d\u00f3lar-scaled.webp\",\"keywords\":[\"d\u00f3lar\",\"Reforma da Previd\u00eancia\"],\"articleSection\":[\"Mercado\"],\"inLanguage\":\"pt-BR\"},{\"@type\":\"WebPage\",\"@id\":\"https:\/\/www.suno.com.br\/noticias\/dolar-queda-reforma-previdencia-22102019\/\",\"url\":\"https:\/\/www.suno.com.br\/noticias\/dolar-queda-reforma-previdencia-22102019\/\",\"name\":\"D\u00f3lar cai mais de 1% com reforma da Previd\u00eancia no Senado\",\"isPartOf\":{\"@id\":\"https:\/\/www.suno.com.br\/noticias\/#website\"},\"primaryImageOfPage\":{\"@id\":\"https:\/\/www.suno.com.br\/noticias\/dolar-queda-reforma-previdencia-22102019\/#primaryimage\"},\"image\":{\"@id\":\"https:\/\/www.suno.com.br\/noticias\/dolar-queda-reforma-previdencia-22102019\/#primaryimage\"},\"thumbnailUrl\":\"https:\/\/files.sunoresearch.com.br\/n\/uploads\/2019\/04\/74ae7d56-d\u00f3lar-scaled.webp\",\"datePublished\":\"2019-10-22T20:56:43+00:00\",\"dateModified\":\"2019-10-22T21:43:47+00:00\",\"description\":\"O d\u00f3lar encerrou esta ter\u00e7a-feira (22) em sua maior queda em quase sete semanas, desde 4 de setembro. Clique para saber mais.\",\"breadcrumb\":{\"@id\":\"https:\/\/www.suno.com.br\/noticias\/dolar-queda-reforma-previdencia-22102019\/#breadcrumb\"},\"inLanguage\":\"pt-BR\",\"potentialAction\":[{\"@type\":\"ReadAction\",\"target\":[\"https:\/\/www.suno.com.br\/noticias\/dolar-queda-reforma-previdencia-22102019\/\"]}]},{\"@type\":\"ImageObject\",\"inLanguage\":\"pt-BR\",\"@id\":\"https:\/\/www.suno.com.br\/noticias\/dolar-queda-reforma-previdencia-22102019\/#primaryimage\",\"url\":\"https:\/\/files.sunoresearch.com.br\/n\/uploads\/2019\/04\/74ae7d56-d\u00f3lar-scaled.webp\",\"contentUrl\":\"https:\/\/files.sunoresearch.com.br\/n\/uploads\/2019\/04\/74ae7d56-d\u00f3lar-scaled.webp\",\"width\":2560,\"height\":1707,\"caption\":\"Na \u00faltima sess\u00e3o, ter\u00e7a-feira (1), o d\u00f3lar encerrou o primeiro dia do m\u00eas de setembro com queda de 1,75%, negociado a R$ 5,3845.\"},{\"@type\":\"BreadcrumbList\",\"@id\":\"https:\/\/www.suno.com.br\/noticias\/dolar-queda-reforma-previdencia-22102019\/#breadcrumb\",\"itemListElement\":[{\"@type\":\"ListItem\",\"position\":1,\"name\":\"Not\u00edcias\",\"item\":\"https:\/\/www.suno.com.br\/noticias\/\"},{\"@type\":\"ListItem\",\"position\":2,\"name\":\"Mercado\",\"item\":\"https:\/\/www.suno.com.br\/noticias\/mercado\/\"},{\"@type\":\"ListItem\",\"position\":3,\"name\":\"D\u00f3lar cai mais de 1% com reforma da Previd\u00eancia no Senado\"}]},{\"@type\":\"WebSite\",\"@id\":\"https:\/\/www.suno.com.br\/noticias\/#website\",\"url\":\"https:\/\/www.suno.com.br\/noticias\/\",\"name\":\"Suno Not\u00edcias\",\"description\":\"Seu portal de informa\u00e7\u00e3o sobre o mundo dos investimentos\",\"publisher\":{\"@id\":\"https:\/\/www.suno.com.br\/noticias\/#organization\"},\"potentialAction\":[{\"@type\":\"SearchAction\",\"target\":{\"@type\":\"EntryPoint\",\"urlTemplate\":\"https:\/\/www.suno.com.br\/noticias\/?s={search_term_string}\"},\"query-input\":{\"@type\":\"PropertyValueSpecification\",\"valueRequired\":true,\"valueName\":\"search_term_string\"}}],\"inLanguage\":\"pt-BR\"},{\"@type\":\"Organization\",\"@id\":\"https:\/\/www.suno.com.br\/noticias\/#organization\",\"name\":\"Suno Not\u00edcias\",\"url\":\"https:\/\/www.suno.com.br\/noticias\/\",\"logo\":{\"@type\":\"ImageObject\",\"inLanguage\":\"pt-BR\",\"@id\":\"https:\/\/www.suno.com.br\/noticias\/#\/schema\/logo\/image\/\",\"url\":\"https:\/\/files.sunoresearch.com.br\/n\/uploads\/2021\/09\/suno-logo.png\",\"contentUrl\":\"https:\/\/files.sunoresearch.com.br\/n\/uploads\/2021\/09\/suno-logo.png\",\"width\":180,\"height\":180,\"caption\":\"Suno Not\u00edcias\"},\"image\":{\"@id\":\"https:\/\/www.suno.com.br\/noticias\/#\/schema\/logo\/image\/\"},\"sameAs\":[\"https:\/\/facebook.com\/sunoresearch\",\"https:\/\/x.com\/sunoresearch\",\"https:\/\/www.instagram.com\/suno\",\"https:\/\/www.linkedin.com\/company\/suno-research\/\",\"https:\/\/www.youtube.com\/c\/sunoresearch\"]},{\"@type\":\"Person\",\"@id\":\"https:\/\/www.suno.com.br\/noticias\/#\/schema\/person\/4e19e3d2575736e5283d58eb3199d120\",\"name\":\"Giovanna Oliveira\",\"image\":{\"@type\":\"ImageObject\",\"inLanguage\":\"pt-BR\",\"@id\":\"https:\/\/www.suno.com.br\/noticias\/#\/schema\/person\/image\/\",\"url\":\"https:\/\/secure.gravatar.com\/avatar\/9a37b3ae208962ac568992d0ffdbc2eb?s=96&r=g\",\"contentUrl\":\"https:\/\/secure.gravatar.com\/avatar\/9a37b3ae208962ac568992d0ffdbc2eb?s=96&r=g\",\"caption\":\"Giovanna Oliveira\"},\"description\":\"Giovanna Oliveira escreve sobre economia e pol\u00edtica. Foi rep\u00f3rter do portal de jornalismo da ESPM-SP e produziu conte\u00fado para a Corinthians TV. \u00c9 estudante da ESPM.\",\"url\":\"https:\/\/www.suno.com.br\/noticias\/author\/giovanna\/\"}]}<\/script>\n<!-- \/ Yoast SEO plugin. -->","yoast_head_json":{"title":"D\u00f3lar cai mais de 1% com reforma da Previd\u00eancia no Senado","description":"O d\u00f3lar encerrou esta ter\u00e7a-feira (22) em sua maior queda em quase sete semanas, desde 4 de setembro. Clique para saber mais.","robots":{"index":"index","follow":"follow","max-snippet":"max-snippet:-1","max-image-preview":"max-image-preview:large","max-video-preview":"max-video-preview:-1"},"canonical":"https:\/\/www.suno.com.br\/noticias\/dolar-queda-reforma-previdencia-22102019\/","og_locale":"pt_BR","og_type":"article","og_title":"D\u00f3lar cai mais de 1% com reforma da Previd\u00eancia no Senado","og_description":"O d\u00f3lar encerrou esta ter\u00e7a-feira (22) em sua maior queda em quase sete semanas, desde 4 de setembro. Clique para saber mais.","og_url":"https:\/\/www.suno.com.br\/noticias\/dolar-queda-reforma-previdencia-22102019\/","og_site_name":"Suno Not\u00edcias","article_publisher":"https:\/\/facebook.com\/sunoresearch","og_image":[{"width":3000,"height":2000,"url":"https:\/\/files.sunoresearch.com.br\/n\/uploads\/2019\/04\/74ae7d56-d\u00f3lar.jpg","type":"image\/jpeg"}],"author":"Giovanna Oliveira","twitter_card":"summary_large_image","twitter_creator":"@sunoresearch","twitter_site":"@sunoresearch","twitter_misc":{"Escrito por":"Giovanna Oliveira","Est. tempo de leitura":"3 minutos"},"schema":{"@context":"https:\/\/schema.org","@graph":[{"@type":"NewsArticle","@id":"https:\/\/www.suno.com.br\/noticias\/dolar-queda-reforma-previdencia-22102019\/#article","isPartOf":{"@id":"https:\/\/www.suno.com.br\/noticias\/dolar-queda-reforma-previdencia-22102019\/"},"author":{"name":"Giovanna Oliveira","@id":"https:\/\/www.suno.com.br\/noticias\/#\/schema\/person\/4e19e3d2575736e5283d58eb3199d120"},"headline":"D\u00f3lar cai mais de 1% com reforma da Previd\u00eancia no Senado","datePublished":"2019-10-22T20:56:43+00:00","dateModified":"2019-10-22T21:43:47+00:00","mainEntityOfPage":{"@id":"https:\/\/www.suno.com.br\/noticias\/dolar-queda-reforma-previdencia-22102019\/"},"wordCount":686,"publisher":{"@id":"https:\/\/www.suno.com.br\/noticias\/#organization"},"image":{"@id":"https:\/\/www.suno.com.br\/noticias\/dolar-queda-reforma-previdencia-22102019\/#primaryimage"},"thumbnailUrl":"https:\/\/files.sunoresearch.com.br\/n\/uploads\/2019\/04\/74ae7d56-d\u00f3lar-scaled.webp","keywords":["d\u00f3lar","Reforma da Previd\u00eancia"],"articleSection":["Mercado"],"inLanguage":"pt-BR"},{"@type":"WebPage","@id":"https:\/\/www.suno.com.br\/noticias\/dolar-queda-reforma-previdencia-22102019\/","url":"https:\/\/www.suno.com.br\/noticias\/dolar-queda-reforma-previdencia-22102019\/","name":"D\u00f3lar cai mais de 1% com reforma da Previd\u00eancia no Senado","isPartOf":{"@id":"https:\/\/www.suno.com.br\/noticias\/#website"},"primaryImageOfPage":{"@id":"https:\/\/www.suno.com.br\/noticias\/dolar-queda-reforma-previdencia-22102019\/#primaryimage"},"image":{"@id":"https:\/\/www.suno.com.br\/noticias\/dolar-queda-reforma-previdencia-22102019\/#primaryimage"},"thumbnailUrl":"https:\/\/files.sunoresearch.com.br\/n\/uploads\/2019\/04\/74ae7d56-d\u00f3lar-scaled.webp","datePublished":"2019-10-22T20:56:43+00:00","dateModified":"2019-10-22T21:43:47+00:00","description":"O d\u00f3lar encerrou esta ter\u00e7a-feira (22) em sua maior queda em quase sete semanas, desde 4 de setembro. Clique para saber mais.","breadcrumb":{"@id":"https:\/\/www.suno.com.br\/noticias\/dolar-queda-reforma-previdencia-22102019\/#breadcrumb"},"inLanguage":"pt-BR","potentialAction":[{"@type":"ReadAction","target":["https:\/\/www.suno.com.br\/noticias\/dolar-queda-reforma-previdencia-22102019\/"]}]},{"@type":"ImageObject","inLanguage":"pt-BR","@id":"https:\/\/www.suno.com.br\/noticias\/dolar-queda-reforma-previdencia-22102019\/#primaryimage","url":"https:\/\/files.sunoresearch.com.br\/n\/uploads\/2019\/04\/74ae7d56-d\u00f3lar-scaled.webp","contentUrl":"https:\/\/files.sunoresearch.com.br\/n\/uploads\/2019\/04\/74ae7d56-d\u00f3lar-scaled.webp","width":2560,"height":1707,"caption":"Na \u00faltima sess\u00e3o, ter\u00e7a-feira (1), o d\u00f3lar encerrou o primeiro dia do m\u00eas de setembro com queda de 1,75%, negociado a R$ 5,3845."},{"@type":"BreadcrumbList","@id":"https:\/\/www.suno.com.br\/noticias\/dolar-queda-reforma-previdencia-22102019\/#breadcrumb","itemListElement":[{"@type":"ListItem","position":1,"name":"Not\u00edcias","item":"https:\/\/www.suno.com.br\/noticias\/"},{"@type":"ListItem","position":2,"name":"Mercado","item":"https:\/\/www.suno.com.br\/noticias\/mercado\/"},{"@type":"ListItem","position":3,"name":"D\u00f3lar cai mais de 1% com reforma da Previd\u00eancia no Senado"}]},{"@type":"WebSite","@id":"https:\/\/www.suno.com.br\/noticias\/#website","url":"https:\/\/www.suno.com.br\/noticias\/","name":"Suno Not\u00edcias","description":"Seu portal de informa\u00e7\u00e3o sobre o mundo dos investimentos","publisher":{"@id":"https:\/\/www.suno.com.br\/noticias\/#organization"},"potentialAction":[{"@type":"SearchAction","target":{"@type":"EntryPoint","urlTemplate":"https:\/\/www.suno.com.br\/noticias\/?s={search_term_string}"},"query-input":{"@type":"PropertyValueSpecification","valueRequired":true,"valueName":"search_term_string"}}],"inLanguage":"pt-BR"},{"@type":"Organization","@id":"https:\/\/www.suno.com.br\/noticias\/#organization","name":"Suno Not\u00edcias","url":"https:\/\/www.suno.com.br\/noticias\/","logo":{"@type":"ImageObject","inLanguage":"pt-BR","@id":"https:\/\/www.suno.com.br\/noticias\/#\/schema\/logo\/image\/","url":"https:\/\/files.sunoresearch.com.br\/n\/uploads\/2021\/09\/suno-logo.png","contentUrl":"https:\/\/files.sunoresearch.com.br\/n\/uploads\/2021\/09\/suno-logo.png","width":180,"height":180,"caption":"Suno Not\u00edcias"},"image":{"@id":"https:\/\/www.suno.com.br\/noticias\/#\/schema\/logo\/image\/"},"sameAs":["https:\/\/facebook.com\/sunoresearch","https:\/\/x.com\/sunoresearch","https:\/\/www.instagram.com\/suno","https:\/\/www.linkedin.com\/company\/suno-research\/","https:\/\/www.youtube.com\/c\/sunoresearch"]},{"@type":"Person","@id":"https:\/\/www.suno.com.br\/noticias\/#\/schema\/person\/4e19e3d2575736e5283d58eb3199d120","name":"Giovanna Oliveira","image":{"@type":"ImageObject","inLanguage":"pt-BR","@id":"https:\/\/www.suno.com.br\/noticias\/#\/schema\/person\/image\/","url":"https:\/\/secure.gravatar.com\/avatar\/9a37b3ae208962ac568992d0ffdbc2eb?s=96&r=g","contentUrl":"https:\/\/secure.gravatar.com\/avatar\/9a37b3ae208962ac568992d0ffdbc2eb?s=96&r=g","caption":"Giovanna Oliveira"},"description":"Giovanna Oliveira escreve sobre economia e pol\u00edtica. Foi rep\u00f3rter do portal de jornalismo da ESPM-SP e produziu conte\u00fado para a Corinthians TV. \u00c9 estudante da ESPM.","url":"https:\/\/www.suno.com.br\/noticias\/author\/giovanna\/"}]}},"default_loop_html":"<div class=\"cardsPage__listCard__boxs\"><div class=\"cardsPage__listCard__boxs__img\"><a href=\"https:\/\/www.suno.com.br\/noticias\/dolar-queda-reforma-previdencia-22102019\/\"><img class=\"mask\" src=\"https:\/\/www.suno.com.br\/noticias\/wp-content\/themes\/suno\/resources\/images\/spotlight\/spotlight1img\/bg-mask.png\" alt=\"Image Mask\"\/><img src=\"https:\/\/files.sunoresearch.com.br\/n\/uploads\/2019\/04\/74ae7d56-d\u00f3lar-400x200.webp\" alt=\"D\u00f3lar cai mais de 1% com reforma da Previd\u00eancia no Senado\"\/><\/a><span class=\"spotlightCategory\"><a href=\"https:\/\/www.suno.com.br\/noticias\/mercado\/\">Mercado<\/a><\/span><\/div><div class=\"cardsPage__listCard__boxs__content\"><a href=\"https:\/\/www.suno.com.br\/noticias\/dolar-queda-reforma-previdencia-22102019\/\"><h2 class=\"content__title\">D\u00f3lar cai mais de 1% com reforma da Previd\u00eancia no Senado<\/h2><\/a><div class=\"newsContent__article__meta\"><div class=\"newsContent__article__meta__authorBox\"><a href=\"https:\/\/www.suno.com.br\/noticias\/author\/giovanna\/\" class=\"authorBox__avatar noMobi\"><img src=\"https:\/\/files.sunoresearch.com.br\/n\/uploads\/2019\/06\/952a89ca-screenshot_20190608-171507-150x150.webp\" alt=\"Giovanna Oliveira\"><\/a><div class=\"authorBox__name\"><span>por\n\t\t\t<a href=\"https:\/\/www.suno.com.br\/noticias\/author\/giovanna\/\"><span itemprop=\"author\">Giovanna Oliveira<\/span><\/a><\/span><time datetime=\"2019-10-22T18:56:43-03:00\" itemprop=\"datePublished\">22\/10\/2019 18:56<\/time><\/div><\/div><\/div><\/div><\/div>","single_layout":"posts","amp_enabled":true,"_links":{"self":[{"href":"https:\/\/www.suno.com.br\/noticias\/wp-json\/wp\/v2\/posts\/41986"}],"collection":[{"href":"https:\/\/www.suno.com.br\/noticias\/wp-json\/wp\/v2\/posts"}],"about":[{"href":"https:\/\/www.suno.com.br\/noticias\/wp-json\/wp\/v2\/types\/post"}],"author":[{"embeddable":true,"href":"https:\/\/www.suno.com.br\/noticias\/wp-json\/wp\/v2\/users\/18"}],"replies":[{"embeddable":true,"href":"https:\/\/www.suno.com.br\/noticias\/wp-json\/wp\/v2\/comments?post=41986"}],"version-history":[{"count":0,"href":"https:\/\/www.suno.com.br\/noticias\/wp-json\/wp\/v2\/posts\/41986\/revisions"}],"wp:featuredmedia":[{"embeddable":true,"href":"https:\/\/www.suno.com.br\/noticias\/wp-json\/wp\/v2\/media\/21796"}],"wp:attachment":[{"href":"https:\/\/www.suno.com.br\/noticias\/wp-json\/wp\/v2\/media?parent=41986"}],"wp:term":[{"taxonomy":"category","embeddable":true,"href":"https:\/\/www.suno.com.br\/noticias\/wp-json\/wp\/v2\/categories?post=41986"},{"taxonomy":"post_tag","embeddable":true,"href":"https:\/\/www.suno.com.br\/noticias\/wp-json\/wp\/v2\/tags?post=41986"},{"taxonomy":"suno_strategy","embeddable":true,"href":"https:\/\/www.suno.com.br\/noticias\/wp-json\/wp\/v2\/suno_strategy?post=41986"}],"curies":[{"name":"wp","href":"https:\/\/api.w.org\/{rel}","templated":true}]}}